{"id":84812,"date":"2019-05-07T16:52:28","date_gmt":"2019-05-07T14:52:28","guid":{"rendered":"http:\/\/www.radiopiu.net\/wordpress\/?p=84812"},"modified":"2019-05-08T19:17:01","modified_gmt":"2019-05-08T17:17:01","slug":"84812-2","status":"publish","type":"post","link":"https:\/\/www.radiopiu.net\/wordpress\/84812-2\/","title":{"rendered":"LE NAZIONALI CANTANTI, SINDACI E POSTE ITALIANE IL PROSSIMO 18 MAGGIO IN CAMPO A BELLUNO"},"content":{"rendered":"<blockquote>\n<h3><em>\u00a0PER AIUTARE LE POPOLAZIONI COLPITE DALLA TEMPESTA VAIA<\/em><\/h3>\n<\/blockquote>\n<p><strong><a class=\"dt-pswp-item\" href=\"http:\/\/www.radiopiu.net\/wordpress\/wp-content\/uploads\/2019\/05\/0714-2019-presentaz.-triangolare-calcio-Belluno-tavolo-2.jpg\" data-dt-img-description=\"\" data-large_image_width=\"1568\" data-large_image_height=\"1176\"><img loading=\"lazy\" decoding=\"async\" class=\"alignleft size-medium wp-image-84811\" src=\"http:\/\/www.radiopiu.net\/wordpress\/wp-content\/uploads\/2019\/05\/0714-2019-presentaz.-triangolare-calcio-Belluno-tavolo-2-300x225.jpg\" alt=\"\" width=\"300\" height=\"225\" srcset=\"https:\/\/www.radiopiu.net\/wordpress\/wp-content\/uploads\/2019\/05\/0714-2019-presentaz.-triangolare-calcio-Belluno-tavolo-2-300x225.jpg 300w, https:\/\/www.radiopiu.net\/wordpress\/wp-content\/uploads\/2019\/05\/0714-2019-presentaz.-triangolare-calcio-Belluno-tavolo-2-768x576.jpg 768w, https:\/\/www.radiopiu.net\/wordpress\/wp-content\/uploads\/2019\/05\/0714-2019-presentaz.-triangolare-calcio-Belluno-tavolo-2-1024x768.jpg 1024w, https:\/\/www.radiopiu.net\/wordpress\/wp-content\/uploads\/2019\/05\/0714-2019-presentaz.-triangolare-calcio-Belluno-tavolo-2.jpg 1568w\" sizes=\"auto, (max-width: 300px) 100vw, 300px\" \/><\/a>VENEZIA<\/strong> \u201cIn Campo per Ripartire\u201d: cos\u00ec \u00e8 stato denominato l\u2019evento calcistico a scopo benefico, presentato oggi a Palazzo Ferro Fini, sede del Consiglio regionale del Veneto, a Venezia, promosso e organizzato dal Comitato \u201cGocce di Sole\u201d onlus, i cui proventi andranno a favore delle popolazioni bellunesi colpite nell\u2019ottobre e novembre scorsi dalla \u2018Tempesta Vaia\u2019. A sfidarsi in un triangolare che si preannuncia avvincente, sabato 18 maggio 2019, con inizio alle ore 14:45, allo Stadio Polisportivo di Belluno, saranno la Nazionale Italiana Cantanti, la Nazionale Italiana Sindaci e la Nazionale Poste Italiane.<\/p>\n<p>Le risorse raccolte andranno concretamente al Fondo Welfare e Identit\u00e0 territoriale, nato originariamente per far fronte allo spopolamento, uno dei pi\u00f9 gravi problemi della montagna, ma che da subito si \u00e8 attivato per dare aiuto e sostegno alle persone che hanno subito e stanno subendo le drammatiche conseguenze della tempesta \u2018Vaia\u2019. Come ha spiegato la presidente del Fondo, Francesca De Biasi, i contributi sono destinati a chi ha perso la casa, l\u2019attivit\u00e0 lavorativa, ai soggetti pi\u00f9 deboli come gli invalidi e gli anziani. Dal punto di vista pi\u00f9 strettamente sportivo, \u00e8 la Nazionale Poste Italiane, allenata dall\u2019ex azzurro Angelo Di Livio, a partire con i favori del pronostico. Anche se \u00e8 nata soltanto quest\u2019anno, pu\u00f2 pescare su un serbatoio vastissimo di dipendenti in tutta Italia, tanto da dover effettuare delle selezioni tra ben 700 candidati calciatori. Ma sia i Sindaci sia i Cantanti appaiono tutt\u2019altro che arrendevoli: i primi hanno gi\u00e0 dimostrato in altre occasioni la loro competitivit\u00e0, i secondi potranno contare sull\u2019entusiasmo dei tanti tifosi che ormai da decenni seguono questa straordinaria esperienza di sport e umanit\u00e0. Nella formazione cantanti che scender\u00e0 in campo a Belluno ci saranno sicuramente Ermal Meta, Niccol\u00f2 Fabi, Enrico Ruggeri, Marco Masini, Briga, Moreno e lo stesso Paolo Vallesi.<\/p>\n","protected":false},"excerpt":{"rendered":"<p>\u00a0PER AIUTARE LE POPOLAZIONI COLPITE DALLA TEMPESTA VAIA VENEZIA \u201cIn Campo per Ripartire\u201d: cos\u00ec \u00e8 stato denominato l\u2019evento calcistico a scopo benefico, presentato oggi a Palazzo Ferro Fini, sede del Consiglio regionale del Veneto, a Venezia, promosso e organizzato dal Comitato \u201cGocce di Sole\u201d onlus, i cui proventi andranno a favore delle popolazioni bellunesi colpite&hellip;<\/p>\n","protected":false},"author":1,"featured_media":84810,"comment_status":"closed","ping_status":"closed","sticky":false,"template":"","format":"standard","meta":{"_monsterinsights_skip_tracking":false,"_monsterinsights_sitenote_active":false,"_monsterinsights_sitenote_note":"","_monsterinsights_sitenote_category":0,"footnotes":""},"categories":[51,49],"tags":[],"class_list":["post-84812","post","type-post","status-publish","format-standard","has-post-thumbnail","hentry","category-evidenza-top","category-news-18","category-51","category-49","description-off"],"img_url":"https:\/\/www.radiopiu.net\/wordpress\/wp-content\/uploads\/2019\/05\/0714-2019-presentaz.-triangolare-calcio-Belluno-maglie-1.jpg","_links":{"self":[{"href":"https:\/\/www.radiopiu.net\/wordpress\/wp-json\/wp\/v2\/posts\/84812","targetHints":{"allow":["GET"]}}],"collection":[{"href":"https:\/\/www.radiopiu.net\/wordpress\/wp-json\/wp\/v2\/posts"}],"about":[{"href":"https:\/\/www.radiopiu.net\/wordpress\/wp-json\/wp\/v2\/types\/post"}],"author":[{"embeddable":true,"href":"https:\/\/www.radiopiu.net\/wordpress\/wp-json\/wp\/v2\/users\/1"}],"replies":[{"embeddable":true,"href":"https:\/\/www.radiopiu.net\/wordpress\/wp-json\/wp\/v2\/comments?post=84812"}],"version-history":[{"count":0,"href":"https:\/\/www.radiopiu.net\/wordpress\/wp-json\/wp\/v2\/posts\/84812\/revisions"}],"wp:featuredmedia":[{"embeddable":true,"href":"https:\/\/www.radiopiu.net\/wordpress\/wp-json\/wp\/v2\/media\/84810"}],"wp:attachment":[{"href":"https:\/\/www.radiopiu.net\/wordpress\/wp-json\/wp\/v2\/media?parent=84812"}],"wp:term":[{"taxonomy":"category","embeddable":true,"href":"https:\/\/www.radiopiu.net\/wordpress\/wp-json\/wp\/v2\/categories?post=84812"},{"taxonomy":"post_tag","embeddable":true,"href":"https:\/\/www.radiopiu.net\/wordpress\/wp-json\/wp\/v2\/tags?post=84812"}],"curies":[{"name":"wp","href":"https:\/\/api.w.org\/{rel}","templated":true}]}}