{"id":84855,"date":"2019-05-08T05:36:57","date_gmt":"2019-05-08T03:36:57","guid":{"rendered":"http:\/\/www.radiopiu.net\/wordpress\/?p=84855"},"modified":"2019-05-09T06:03:45","modified_gmt":"2019-05-09T04:03:45","slug":"bim-gsp-si-chiude-il-secondo-mandato-vignato","status":"publish","type":"post","link":"https:\/\/www.radiopiu.net\/wordpress\/bim-gsp-si-chiude-il-secondo-mandato-vignato\/","title":{"rendered":"BIM GSP: si chiude il secondo mandato-Vignato."},"content":{"rendered":"<h2><\/h2>\n<blockquote><p><em>In sei anni realizzati investimenti per 40 milioni di euro, ridotti i costi per 4,6 milioni, <\/em><br \/>\n<em>debiti scesi di 52 milioni.<\/em><\/p><\/blockquote>\n<p><em>\u201cLa societ\u00e0 dimostra di essere sana e solida \u2013 afferma l\u2019amministratore della societ\u00e0 Bruno Zanolla &#8211; di essere costantemente attiva nello sviluppo energetico rinnovabile della provincia ed orientata verso una crescita sostenibile del territorio a beneficio dell\u2019ambiente\u201d. E per quanto riguarda le prospettive future \u201cin questi e nei prossimi mesi \u2013 conclude Zanolla \u2013 continueremo, con i soci, nel percorso di analisi delle prospettive da dare alla societ\u00e0 Bim Infrastrutture.<\/em><\/p>\n<p><strong>DI DAMIANO TORMEN<\/strong><\/p>\n<audio class=\"wp-audio-shortcode\" id=\"audio-84855-1\" preload=\"none\" style=\"width: 100%;\" controls=\"controls\"><source type=\"audio\/mpeg\" src=\"http:\/\/www.radiopiu.net\/wordpress\/wp-content\/uploads\/2019\/05\/GSP-DAMIANO.mp3?_=1\" \/><a href=\"http:\/\/www.radiopiu.net\/wordpress\/wp-content\/uploads\/2019\/05\/GSP-DAMIANO.mp3\">http:\/\/www.radiopiu.net\/wordpress\/wp-content\/uploads\/2019\/05\/GSP-DAMIANO.mp3<\/a><\/audio>\n<blockquote><p>Tempesta Vaia. La calamit\u00e0 che ha colpito la provincia di Belluno a fine ottobre 2018 ha portato rilevanti danni agli impianti idroelettrici gestiti, in alcuni casi anche piuttosto seri. Grazie alla tempestivit\u00e0 di intervento della societ\u00e0 e dei soggetti interessati, il riavvio della funzionalit\u00e0 \u00e8 avvenuto in soli due mesi in gran parte degli impianti coinvolti. Particolare impatto ha subito l\u2019impianto Valmontina a Perarolo di Cadore, fortemente compromesso: l\u2019impianto, tuttora bloccato in quanto completamente coperto dai detriti portati a valle dalla piena alluvionale, verr\u00e0 riavviato nel corso del 2019. Al momento sono in corso perizie assicurative per l\u2019ottenimento del risarcimento del danno e per la mancata produzione causata dai fermi macchina.<\/p><\/blockquote>\n","protected":false},"excerpt":{"rendered":"<p>In sei anni realizzati investimenti per 40 milioni di euro, ridotti i costi per 4,6 milioni, debiti scesi di 52 milioni. \u201cLa societ\u00e0 dimostra di essere sana e solida \u2013 afferma l\u2019amministratore della societ\u00e0 Bruno Zanolla &#8211; di essere costantemente attiva nello sviluppo energetico rinnovabile della provincia ed orientata verso una crescita sostenibile del territorio&hellip;<\/p>\n","protected":false},"author":1,"featured_media":0,"comment_status":"closed","ping_status":"closed","sticky":false,"template":"","format":"standard","meta":{"_monsterinsights_skip_tracking":false,"_monsterinsights_sitenote_active":false,"_monsterinsights_sitenote_note":"","_monsterinsights_sitenote_category":0,"footnotes":""},"categories":[51,49],"tags":[],"class_list":["post-84855","post","type-post","status-publish","format-standard","hentry","category-evidenza-top","category-news-18","category-51","category-49","description-off"],"img_url":false,"_links":{"self":[{"href":"https:\/\/www.radiopiu.net\/wordpress\/wp-json\/wp\/v2\/posts\/84855","targetHints":{"allow":["GET"]}}],"collection":[{"href":"https:\/\/www.radiopiu.net\/wordpress\/wp-json\/wp\/v2\/posts"}],"about":[{"href":"https:\/\/www.radiopiu.net\/wordpress\/wp-json\/wp\/v2\/types\/post"}],"author":[{"embeddable":true,"href":"https:\/\/www.radiopiu.net\/wordpress\/wp-json\/wp\/v2\/users\/1"}],"replies":[{"embeddable":true,"href":"https:\/\/www.radiopiu.net\/wordpress\/wp-json\/wp\/v2\/comments?post=84855"}],"version-history":[{"count":0,"href":"https:\/\/www.radiopiu.net\/wordpress\/wp-json\/wp\/v2\/posts\/84855\/revisions"}],"wp:attachment":[{"href":"https:\/\/www.radiopiu.net\/wordpress\/wp-json\/wp\/v2\/media?parent=84855"}],"wp:term":[{"taxonomy":"category","embeddable":true,"href":"https:\/\/www.radiopiu.net\/wordpress\/wp-json\/wp\/v2\/categories?post=84855"},{"taxonomy":"post_tag","embeddable":true,"href":"https:\/\/www.radiopiu.net\/wordpress\/wp-json\/wp\/v2\/tags?post=84855"}],"curies":[{"name":"wp","href":"https:\/\/api.w.org\/{rel}","templated":true}]}}