{"id":84874,"date":"2019-05-08T20:00:49","date_gmt":"2019-05-08T18:00:49","guid":{"rendered":"http:\/\/www.radiopiu.net\/wordpress\/?p=84874"},"modified":"2019-05-13T10:17:50","modified_gmt":"2019-05-13T08:17:50","slug":"gosaldo-viabilita-a-rischio-tanto-da-una-parte-che-dallaltra","status":"publish","type":"post","link":"https:\/\/www.radiopiu.net\/wordpress\/gosaldo-viabilita-a-rischio-tanto-da-una-parte-che-dallaltra\/","title":{"rendered":"GOSALDO, VIABILITA&#8217; A RISCHIO TANTO DA UNA PARTE CHE DALL&#8217;ALTRA"},"content":{"rendered":"<p><strong><a class=\"dt-pswp-item\" href=\"http:\/\/www.radiopiu.net\/wordpress\/wp-content\/uploads\/2019\/05\/28bd2797-3fe6-4213-b936-2e68af51b30d.jpg\" data-dt-img-description=\"\" data-large_image_width=\"1440\" data-large_image_height=\"720\"><img loading=\"lazy\" decoding=\"async\" class=\"alignleft size-medium wp-image-84878\" src=\"http:\/\/www.radiopiu.net\/wordpress\/wp-content\/uploads\/2019\/05\/28bd2797-3fe6-4213-b936-2e68af51b30d-300x150.jpg\" alt=\"\" width=\"300\" height=\"150\" srcset=\"https:\/\/www.radiopiu.net\/wordpress\/wp-content\/uploads\/2019\/05\/28bd2797-3fe6-4213-b936-2e68af51b30d-300x150.jpg 300w, https:\/\/www.radiopiu.net\/wordpress\/wp-content\/uploads\/2019\/05\/28bd2797-3fe6-4213-b936-2e68af51b30d-768x384.jpg 768w, https:\/\/www.radiopiu.net\/wordpress\/wp-content\/uploads\/2019\/05\/28bd2797-3fe6-4213-b936-2e68af51b30d-1024x512.jpg 1024w, https:\/\/www.radiopiu.net\/wordpress\/wp-content\/uploads\/2019\/05\/28bd2797-3fe6-4213-b936-2e68af51b30d.jpg 1440w\" sizes=\"auto, (max-width: 300px) 100vw, 300px\" \/><\/a>GOSALDO (mm) <\/strong>\u00a0E&#8217; di\u00a0 oggi l&#8217;ordinanza di Veneto Strade che impone il senso unico alternato a vista lungo la strada provinciale 3 della Valle Imperina tra Rivamonte e Gosaldo, poco oltre il bivio per Tiser e la Valle del Mis. Qui mezza carreggiata stra franando a valle, abbassamento dai 20 ai 30 centimetri, degli ultimi giorni, dai giorni di Vaia, dagli eventi precedenti.<\/p>\n<blockquote><p><em>&#8220;Ci passo tutti i giorni &#8211; ci ha detto un abitante del luogo &#8211; e ogni giorno noto l&#8217;abbassamento della strada&#8221;.<\/em><\/p><\/blockquote>\n<p>Il versante in frana interessa anche le sottostanti strade comunali per Selle, per Laveder. Anche qui la viabilit\u00e0 \u00e8 a rischio.<\/p>\n<p>E&#8217; sempre di questa mattina un messaggio in posta certificata che il sindaco di Gosaldo ha inviato al Prefetto ed a Veneto Strade per il problema lungo la provinciale 347 del Duran e Cereda, strada che da Gosaldo sale a Forcella Aurine e quindi a Voltago. In localit\u00e0 Sant&#8217;Andrea manca un pezzo di strada, anche qui franata a valle. Veneto Strade ne \u00e8 a conoscenza dai giorni dell&#8217;uragano Vaia e ha chiesto informazioni circa i\u00a0 proprietari dei fondi a valle della rotabile<\/p>\n<blockquote><p><em><a class=\"dt-pswp-item\" href=\"http:\/\/www.radiopiu.net\/wordpress\/wp-content\/uploads\/2019\/05\/fc33da06-ead0-456b-9a6b-f34fec164a2f.jpg\" data-dt-img-description=\"\" data-large_image_width=\"1440\" data-large_image_height=\"720\"><img loading=\"lazy\" decoding=\"async\" class=\"size-medium wp-image-84877 alignright\" src=\"http:\/\/www.radiopiu.net\/wordpress\/wp-content\/uploads\/2019\/05\/fc33da06-ead0-456b-9a6b-f34fec164a2f-300x150.jpg\" alt=\"\" width=\"300\" height=\"150\" srcset=\"https:\/\/www.radiopiu.net\/wordpress\/wp-content\/uploads\/2019\/05\/fc33da06-ead0-456b-9a6b-f34fec164a2f-300x150.jpg 300w, https:\/\/www.radiopiu.net\/wordpress\/wp-content\/uploads\/2019\/05\/fc33da06-ead0-456b-9a6b-f34fec164a2f-768x384.jpg 768w, https:\/\/www.radiopiu.net\/wordpress\/wp-content\/uploads\/2019\/05\/fc33da06-ead0-456b-9a6b-f34fec164a2f-1024x512.jpg 1024w, https:\/\/www.radiopiu.net\/wordpress\/wp-content\/uploads\/2019\/05\/fc33da06-ead0-456b-9a6b-f34fec164a2f.jpg 1440w\" sizes=\"auto, (max-width: 300px) 100vw, 300px\" \/><\/a>&#8220;Ho reso noto a Veneto Strade chi sono i proprietari &#8211; dice il sindaco Giocondo Dalle Feste &#8211; ma ancora nessuno \u00e8 intervenuto&#8221;<\/em>.<\/p><\/blockquote>\n<p>Per questo il sindaco \u00e8 preoccupato, perch\u00e9 la strada sta franando e l\u00ec ogni mattina, pomeriggio e sera,\u00a0 transitano i pullman per portare gli operai al lavoro e i ragazzi a scuola ad Agordo e Belluno.<\/p>\n<p>&nbsp;<\/p>\n<p><strong>IL SINDACO GIOCONDO DALLE FESTE<\/strong><\/p>\n<audio class=\"wp-audio-shortcode\" id=\"audio-84874-1\" preload=\"none\" style=\"width: 100%;\" controls=\"controls\"><source type=\"audio\/mpeg\" src=\"http:\/\/www.radiopiu.net\/wordpress\/wp-content\/uploads\/2019\/05\/GIOCONDO-1.mp3?_=1\" \/><a href=\"http:\/\/www.radiopiu.net\/wordpress\/wp-content\/uploads\/2019\/05\/GIOCONDO-1.mp3\">http:\/\/www.radiopiu.net\/wordpress\/wp-content\/uploads\/2019\/05\/GIOCONDO-1.mp3<\/a><\/audio>\n<p>&nbsp;<\/p>\n<p>IL VIDEO, DIRETTA FACEBOOK_RADIOPIU<\/p>\n<div id=\"fb-root\"><\/div>\n<p><script async=\"1\" defer=\"1\" crossorigin=\"anonymous\" src=\"https:\/\/connect.facebook.net\/it_IT\/sdk.js#xfbml=1&amp;version=v6.0\"><\/script><\/p>\n<div class=\"fb-video\" data-href=\"https:\/\/www.facebook.com\/mirko.mezzacasa\/videos\/10219655938775854\/\" data-width=\"1200\">\n<blockquote cite=\"https:\/\/www.facebook.com\/mirko.mezzacasa\/videos\/10219655938775854\/\" class=\"fb-xfbml-parse-ignore\"><p><a href=\"https:\/\/www.facebook.com\/mirko.mezzacasa\/videos\/10219655938775854\/\"><\/a><\/p>\n<p>PROVINCIALE 3, TRA RIVAMONTE E GOSALDO, POCO OLTRE IL BIVIO PER TISER E VALLE DEL MIS.LA TESTIMONIANZA DI UN ABITANTE DEL LUOGO &quot;Questa strada si abbassa di settimana in settimana&#8230;&quot;<\/p>\n<p>Pubblicato da <a href=\"https:\/\/www.facebook.com\/mirko.mezzacasa\">Mirko Mezzacasa<\/a> su Mercoled\u00ec 8 maggio 2019<\/p><\/blockquote>\n<\/div>\n<p>&nbsp;<\/p>\n<p><strong>di MANUEL CONEDERA\u00a0 Strada per la frazione di Selle e strada Rivamonte Gosaldo<\/strong><\/p>\n<p><a class=\"dt-pswp-item\" href=\"http:\/\/www.radiopiu.net\/wordpress\/wp-content\/uploads\/2019\/05\/743841ce-23c5-4be2-a178-b4b934faae9a.jpg\" data-dt-img-description=\"\" data-large_image_width=\"1600\" data-large_image_height=\"1069\"><img loading=\"lazy\" decoding=\"async\" class=\"alignleft wp-image-84924\" src=\"http:\/\/www.radiopiu.net\/wordpress\/wp-content\/uploads\/2019\/05\/743841ce-23c5-4be2-a178-b4b934faae9a-300x200.jpg\" alt=\"\" width=\"155\" height=\"103\" srcset=\"https:\/\/www.radiopiu.net\/wordpress\/wp-content\/uploads\/2019\/05\/743841ce-23c5-4be2-a178-b4b934faae9a-300x200.jpg 300w, https:\/\/www.radiopiu.net\/wordpress\/wp-content\/uploads\/2019\/05\/743841ce-23c5-4be2-a178-b4b934faae9a-768x513.jpg 768w, https:\/\/www.radiopiu.net\/wordpress\/wp-content\/uploads\/2019\/05\/743841ce-23c5-4be2-a178-b4b934faae9a-1024x684.jpg 1024w, https:\/\/www.radiopiu.net\/wordpress\/wp-content\/uploads\/2019\/05\/743841ce-23c5-4be2-a178-b4b934faae9a.jpg 1600w\" sizes=\"auto, (max-width: 155px) 100vw, 155px\" \/><\/a><a class=\"dt-pswp-item\" href=\"http:\/\/www.radiopiu.net\/wordpress\/wp-content\/uploads\/2019\/05\/a4e6d1db-e706-4cc1-bc21-081d42c73b2c.jpg\" data-dt-img-description=\"\" data-large_image_width=\"1600\" data-large_image_height=\"1069\"><img loading=\"lazy\" decoding=\"async\" class=\"alignleft wp-image-84922\" src=\"http:\/\/www.radiopiu.net\/wordpress\/wp-content\/uploads\/2019\/05\/a4e6d1db-e706-4cc1-bc21-081d42c73b2c-300x200.jpg\" alt=\"\" width=\"156\" height=\"104\" srcset=\"https:\/\/www.radiopiu.net\/wordpress\/wp-content\/uploads\/2019\/05\/a4e6d1db-e706-4cc1-bc21-081d42c73b2c-300x200.jpg 300w, https:\/\/www.radiopiu.net\/wordpress\/wp-content\/uploads\/2019\/05\/a4e6d1db-e706-4cc1-bc21-081d42c73b2c-768x513.jpg 768w, https:\/\/www.radiopiu.net\/wordpress\/wp-content\/uploads\/2019\/05\/a4e6d1db-e706-4cc1-bc21-081d42c73b2c-1024x684.jpg 1024w, https:\/\/www.radiopiu.net\/wordpress\/wp-content\/uploads\/2019\/05\/a4e6d1db-e706-4cc1-bc21-081d42c73b2c.jpg 1600w\" sizes=\"auto, (max-width: 156px) 100vw, 156px\" \/><\/a><a class=\"dt-pswp-item\" href=\"http:\/\/www.radiopiu.net\/wordpress\/wp-content\/uploads\/2019\/05\/766b5272-087f-48d2-876e-1709bb38ee56.jpg\" data-dt-img-description=\"\" data-large_image_width=\"1600\" data-large_image_height=\"1069\"><img loading=\"lazy\" decoding=\"async\" class=\"alignleft wp-image-84921\" src=\"http:\/\/www.radiopiu.net\/wordpress\/wp-content\/uploads\/2019\/05\/766b5272-087f-48d2-876e-1709bb38ee56-300x200.jpg\" alt=\"\" width=\"161\" height=\"107\" srcset=\"https:\/\/www.radiopiu.net\/wordpress\/wp-content\/uploads\/2019\/05\/766b5272-087f-48d2-876e-1709bb38ee56-300x200.jpg 300w, https:\/\/www.radiopiu.net\/wordpress\/wp-content\/uploads\/2019\/05\/766b5272-087f-48d2-876e-1709bb38ee56-768x513.jpg 768w, https:\/\/www.radiopiu.net\/wordpress\/wp-content\/uploads\/2019\/05\/766b5272-087f-48d2-876e-1709bb38ee56-1024x684.jpg 1024w, https:\/\/www.radiopiu.net\/wordpress\/wp-content\/uploads\/2019\/05\/766b5272-087f-48d2-876e-1709bb38ee56.jpg 1600w\" sizes=\"auto, (max-width: 161px) 100vw, 161px\" \/><\/a><a class=\"dt-pswp-item\" href=\"http:\/\/www.radiopiu.net\/wordpress\/wp-content\/uploads\/2019\/05\/cd481c12-463f-4ce3-85f4-285e32463086.jpg\" data-dt-img-description=\"\" data-large_image_width=\"1600\" data-large_image_height=\"1069\"><img loading=\"lazy\" decoding=\"async\" class=\"alignleft wp-image-84925\" src=\"http:\/\/www.radiopiu.net\/wordpress\/wp-content\/uploads\/2019\/05\/cd481c12-463f-4ce3-85f4-285e32463086-300x200.jpg\" alt=\"\" width=\"154\" height=\"103\" srcset=\"https:\/\/www.radiopiu.net\/wordpress\/wp-content\/uploads\/2019\/05\/cd481c12-463f-4ce3-85f4-285e32463086-300x200.jpg 300w, https:\/\/www.radiopiu.net\/wordpress\/wp-content\/uploads\/2019\/05\/cd481c12-463f-4ce3-85f4-285e32463086-768x513.jpg 768w, https:\/\/www.radiopiu.net\/wordpress\/wp-content\/uploads\/2019\/05\/cd481c12-463f-4ce3-85f4-285e32463086-1024x684.jpg 1024w, https:\/\/www.radiopiu.net\/wordpress\/wp-content\/uploads\/2019\/05\/cd481c12-463f-4ce3-85f4-285e32463086.jpg 1600w\" sizes=\"auto, (max-width: 154px) 100vw, 154px\" \/><\/a><\/p>\n<p>&nbsp;<\/p>\n<p>&nbsp;<\/p>\n<p>&nbsp;<\/p>\n<p>&nbsp;<\/p>\n<p>&nbsp;<\/p>\n<p><strong>di GIANNI SANTOMASO CORDE MOLE<\/strong><\/p>\n<h2><a class=\"dt-pswp-item\" href=\"http:\/\/www.radiopiu.net\/wordpress\/wp-content\/uploads\/2019\/05\/8838ed03-5f7d-455f-a58d-e37c7854cd37.jpg\" data-dt-img-description=\"\" data-large_image_width=\"1600\" data-large_image_height=\"901\"><img loading=\"lazy\" decoding=\"async\" class=\"alignleft wp-image-84951\" src=\"http:\/\/www.radiopiu.net\/wordpress\/wp-content\/uploads\/2019\/05\/8838ed03-5f7d-455f-a58d-e37c7854cd37-300x169.jpg\" alt=\"\" width=\"153\" height=\"86\" srcset=\"https:\/\/www.radiopiu.net\/wordpress\/wp-content\/uploads\/2019\/05\/8838ed03-5f7d-455f-a58d-e37c7854cd37-300x169.jpg 300w, https:\/\/www.radiopiu.net\/wordpress\/wp-content\/uploads\/2019\/05\/8838ed03-5f7d-455f-a58d-e37c7854cd37-768x432.jpg 768w, https:\/\/www.radiopiu.net\/wordpress\/wp-content\/uploads\/2019\/05\/8838ed03-5f7d-455f-a58d-e37c7854cd37-1024x577.jpg 1024w, https:\/\/www.radiopiu.net\/wordpress\/wp-content\/uploads\/2019\/05\/8838ed03-5f7d-455f-a58d-e37c7854cd37.jpg 1600w\" sizes=\"auto, (max-width: 153px) 100vw, 153px\" \/><\/a><a class=\"dt-pswp-item\" href=\"http:\/\/www.radiopiu.net\/wordpress\/wp-content\/uploads\/2019\/05\/34fa0a3e-13eb-4053-93f7-51fb8f7321d8.jpg\" data-dt-img-description=\"\" data-large_image_width=\"1600\" data-large_image_height=\"901\"><img loading=\"lazy\" decoding=\"async\" class=\"alignleft wp-image-84950\" src=\"http:\/\/www.radiopiu.net\/wordpress\/wp-content\/uploads\/2019\/05\/34fa0a3e-13eb-4053-93f7-51fb8f7321d8-300x169.jpg\" alt=\"\" width=\"153\" height=\"86\" srcset=\"https:\/\/www.radiopiu.net\/wordpress\/wp-content\/uploads\/2019\/05\/34fa0a3e-13eb-4053-93f7-51fb8f7321d8-300x169.jpg 300w, https:\/\/www.radiopiu.net\/wordpress\/wp-content\/uploads\/2019\/05\/34fa0a3e-13eb-4053-93f7-51fb8f7321d8-768x432.jpg 768w, https:\/\/www.radiopiu.net\/wordpress\/wp-content\/uploads\/2019\/05\/34fa0a3e-13eb-4053-93f7-51fb8f7321d8-1024x577.jpg 1024w, https:\/\/www.radiopiu.net\/wordpress\/wp-content\/uploads\/2019\/05\/34fa0a3e-13eb-4053-93f7-51fb8f7321d8.jpg 1600w\" sizes=\"auto, (max-width: 153px) 100vw, 153px\" \/><\/a><a class=\"dt-pswp-item\" href=\"http:\/\/www.radiopiu.net\/wordpress\/wp-content\/uploads\/2019\/05\/0befa143-712f-46ed-9d95-56c52b5e4462.jpg\" data-dt-img-description=\"\" data-large_image_width=\"1600\" data-large_image_height=\"901\"><img loading=\"lazy\" decoding=\"async\" class=\"alignleft wp-image-84949\" src=\"http:\/\/www.radiopiu.net\/wordpress\/wp-content\/uploads\/2019\/05\/0befa143-712f-46ed-9d95-56c52b5e4462-300x169.jpg\" alt=\"\" width=\"156\" height=\"88\" srcset=\"https:\/\/www.radiopiu.net\/wordpress\/wp-content\/uploads\/2019\/05\/0befa143-712f-46ed-9d95-56c52b5e4462-300x169.jpg 300w, https:\/\/www.radiopiu.net\/wordpress\/wp-content\/uploads\/2019\/05\/0befa143-712f-46ed-9d95-56c52b5e4462-768x432.jpg 768w, https:\/\/www.radiopiu.net\/wordpress\/wp-content\/uploads\/2019\/05\/0befa143-712f-46ed-9d95-56c52b5e4462-1024x577.jpg 1024w, https:\/\/www.radiopiu.net\/wordpress\/wp-content\/uploads\/2019\/05\/0befa143-712f-46ed-9d95-56c52b5e4462.jpg 1600w\" sizes=\"auto, (max-width: 156px) 100vw, 156px\" \/><\/a><a class=\"dt-pswp-item\" href=\"http:\/\/www.radiopiu.net\/wordpress\/wp-content\/uploads\/2019\/05\/e8cf1d27-2868-4912-8435-37a73dd411ca.jpg\" data-dt-img-description=\"\" data-large_image_width=\"1600\" data-large_image_height=\"901\"><img loading=\"lazy\" decoding=\"async\" class=\"alignleft wp-image-84948\" src=\"http:\/\/www.radiopiu.net\/wordpress\/wp-content\/uploads\/2019\/05\/e8cf1d27-2868-4912-8435-37a73dd411ca-300x169.jpg\" alt=\"\" width=\"146\" height=\"82\" srcset=\"https:\/\/www.radiopiu.net\/wordpress\/wp-content\/uploads\/2019\/05\/e8cf1d27-2868-4912-8435-37a73dd411ca-300x169.jpg 300w, https:\/\/www.radiopiu.net\/wordpress\/wp-content\/uploads\/2019\/05\/e8cf1d27-2868-4912-8435-37a73dd411ca-768x432.jpg 768w, https:\/\/www.radiopiu.net\/wordpress\/wp-content\/uploads\/2019\/05\/e8cf1d27-2868-4912-8435-37a73dd411ca-1024x577.jpg 1024w, https:\/\/www.radiopiu.net\/wordpress\/wp-content\/uploads\/2019\/05\/e8cf1d27-2868-4912-8435-37a73dd411ca.jpg 1600w\" sizes=\"auto, (max-width: 146px) 100vw, 146px\" \/><\/a><\/h2>\n<h2><\/h2>\n<h2><\/h2>\n<p>&nbsp;<\/p>\n<p>&nbsp;<\/p>\n<p>&nbsp;<\/p>\n<p><strong>DI GIANNI SANTOMASO, STRADA A SANT&#8217;ANDREA<\/strong><\/p>\n<h2><a class=\"dt-pswp-item\" href=\"http:\/\/www.radiopiu.net\/wordpress\/wp-content\/uploads\/2019\/05\/7dd0b310-90eb-4af0-b730-932933f29c20.jpg\" data-dt-img-description=\"\" data-large_image_width=\"1600\" data-large_image_height=\"1200\"><img loading=\"lazy\" decoding=\"async\" class=\"alignleft wp-image-84952\" src=\"http:\/\/www.radiopiu.net\/wordpress\/wp-content\/uploads\/2019\/05\/7dd0b310-90eb-4af0-b730-932933f29c20-300x225.jpg\" alt=\"\" width=\"151\" height=\"113\" srcset=\"https:\/\/www.radiopiu.net\/wordpress\/wp-content\/uploads\/2019\/05\/7dd0b310-90eb-4af0-b730-932933f29c20-300x225.jpg 300w, https:\/\/www.radiopiu.net\/wordpress\/wp-content\/uploads\/2019\/05\/7dd0b310-90eb-4af0-b730-932933f29c20-768x576.jpg 768w, https:\/\/www.radiopiu.net\/wordpress\/wp-content\/uploads\/2019\/05\/7dd0b310-90eb-4af0-b730-932933f29c20-1024x768.jpg 1024w, https:\/\/www.radiopiu.net\/wordpress\/wp-content\/uploads\/2019\/05\/7dd0b310-90eb-4af0-b730-932933f29c20.jpg 1600w\" sizes=\"auto, (max-width: 151px) 100vw, 151px\" \/><\/a><a class=\"dt-pswp-item\" href=\"http:\/\/www.radiopiu.net\/wordpress\/wp-content\/uploads\/2019\/05\/3e5c9d21-cc09-44d8-a71c-7a3975644b47.jpg\" data-dt-img-description=\"\" data-large_image_width=\"1600\" data-large_image_height=\"1200\"><img loading=\"lazy\" decoding=\"async\" class=\"alignleft wp-image-84953\" src=\"http:\/\/www.radiopiu.net\/wordpress\/wp-content\/uploads\/2019\/05\/3e5c9d21-cc09-44d8-a71c-7a3975644b47-300x225.jpg\" alt=\"\" width=\"148\" height=\"111\" srcset=\"https:\/\/www.radiopiu.net\/wordpress\/wp-content\/uploads\/2019\/05\/3e5c9d21-cc09-44d8-a71c-7a3975644b47-300x225.jpg 300w, https:\/\/www.radiopiu.net\/wordpress\/wp-content\/uploads\/2019\/05\/3e5c9d21-cc09-44d8-a71c-7a3975644b47-768x576.jpg 768w, https:\/\/www.radiopiu.net\/wordpress\/wp-content\/uploads\/2019\/05\/3e5c9d21-cc09-44d8-a71c-7a3975644b47-1024x768.jpg 1024w, https:\/\/www.radiopiu.net\/wordpress\/wp-content\/uploads\/2019\/05\/3e5c9d21-cc09-44d8-a71c-7a3975644b47.jpg 1600w\" sizes=\"auto, (max-width: 148px) 100vw, 148px\" \/><\/a><a class=\"dt-pswp-item\" href=\"http:\/\/www.radiopiu.net\/wordpress\/wp-content\/uploads\/2019\/05\/7ba31ebc-187f-4481-8450-cc054810443e.jpg\" data-dt-img-description=\"\" data-large_image_width=\"1200\" data-large_image_height=\"1600\"><img loading=\"lazy\" decoding=\"async\" class=\"alignleft wp-image-84954\" src=\"http:\/\/www.radiopiu.net\/wordpress\/wp-content\/uploads\/2019\/05\/7ba31ebc-187f-4481-8450-cc054810443e-225x300.jpg\" alt=\"\" width=\"81\" height=\"107\" srcset=\"https:\/\/www.radiopiu.net\/wordpress\/wp-content\/uploads\/2019\/05\/7ba31ebc-187f-4481-8450-cc054810443e-225x300.jpg 225w, https:\/\/www.radiopiu.net\/wordpress\/wp-content\/uploads\/2019\/05\/7ba31ebc-187f-4481-8450-cc054810443e-768x1024.jpg 768w, https:\/\/www.radiopiu.net\/wordpress\/wp-content\/uploads\/2019\/05\/7ba31ebc-187f-4481-8450-cc054810443e.jpg 1200w\" sizes=\"auto, (max-width: 81px) 100vw, 81px\" \/><\/a><\/h2>\n<p>&nbsp;<\/p>\n<p>&nbsp;<\/p>\n<p>&nbsp;<\/p>\n<p>&nbsp;<\/p>\n<p>&nbsp;<\/p>\n<p>&nbsp;<\/p>\n<h2><\/h2>\n<h2><\/h2>\n","protected":false},"excerpt":{"rendered":"<p>GOSALDO (mm) \u00a0E&#8217; di\u00a0 oggi l&#8217;ordinanza di Veneto Strade che impone il senso unico alternato a vista lungo la strada provinciale 3 della Valle Imperina tra Rivamonte e Gosaldo, poco oltre il bivio per Tiser e la Valle del Mis. Qui mezza carreggiata stra franando a valle, abbassamento dai 20 ai 30 centimetri, degli ultimi&hellip;<\/p>\n","protected":false},"author":1,"featured_media":84878,"comment_status":"closed","ping_status":"closed","sticky":false,"template":"","format":"standard","meta":{"_monsterinsights_skip_tracking":false,"_monsterinsights_sitenote_active":false,"_monsterinsights_sitenote_note":"","_monsterinsights_sitenote_category":0,"footnotes":""},"categories":[104,49],"tags":[],"class_list":["post-84874","post","type-post","status-publish","format-standard","has-post-thumbnail","hentry","category-evidenza_3","category-news-18","category-104","category-49","description-off"],"img_url":"https:\/\/www.radiopiu.net\/wordpress\/wp-content\/uploads\/2019\/05\/28bd2797-3fe6-4213-b936-2e68af51b30d.jpg","_links":{"self":[{"href":"https:\/\/www.radiopiu.net\/wordpress\/wp-json\/wp\/v2\/posts\/84874","targetHints":{"allow":["GET"]}}],"collection":[{"href":"https:\/\/www.radiopiu.net\/wordpress\/wp-json\/wp\/v2\/posts"}],"about":[{"href":"https:\/\/www.radiopiu.net\/wordpress\/wp-json\/wp\/v2\/types\/post"}],"author":[{"embeddable":true,"href":"https:\/\/www.radiopiu.net\/wordpress\/wp-json\/wp\/v2\/users\/1"}],"replies":[{"embeddable":true,"href":"https:\/\/www.radiopiu.net\/wordpress\/wp-json\/wp\/v2\/comments?post=84874"}],"version-history":[{"count":0,"href":"https:\/\/www.radiopiu.net\/wordpress\/wp-json\/wp\/v2\/posts\/84874\/revisions"}],"wp:featuredmedia":[{"embeddable":true,"href":"https:\/\/www.radiopiu.net\/wordpress\/wp-json\/wp\/v2\/media\/84878"}],"wp:attachment":[{"href":"https:\/\/www.radiopiu.net\/wordpress\/wp-json\/wp\/v2\/media?parent=84874"}],"wp:term":[{"taxonomy":"category","embeddable":true,"href":"https:\/\/www.radiopiu.net\/wordpress\/wp-json\/wp\/v2\/categories?post=84874"},{"taxonomy":"post_tag","embeddable":true,"href":"https:\/\/www.radiopiu.net\/wordpress\/wp-json\/wp\/v2\/tags?post=84874"}],"curies":[{"name":"wp","href":"https:\/\/api.w.org\/{rel}","templated":true}]}}