{"id":85012,"date":"2019-05-10T05:48:17","date_gmt":"2019-05-10T03:48:17","guid":{"rendered":"http:\/\/www.radiopiu.net\/wordpress\/?p=85012"},"modified":"2019-05-10T16:35:32","modified_gmt":"2019-05-10T14:35:32","slug":"giornale-radiopiu-10-maggio-2019-direttore-mirko-mezzacasa","status":"publish","type":"post","link":"https:\/\/www.radiopiu.net\/wordpress\/giornale-radiopiu-10-maggio-2019-direttore-mirko-mezzacasa\/","title":{"rendered":"GIORNALE RADIOPIU 10 MAGGIO 2019 DIRETTORE MIRKO MEZZACASA"},"content":{"rendered":"<p><strong>Per ore la voce diffusa<\/strong> ed alimentata: &#8220;Ronaldo in arrivo ad Agordo&#8221; e alle 13 in localit\u00e0 Valcozzena \u00e8 arrivato l&#8217;uomo facebook Mark Zuckenberg, ieri in visita in Luxottica con il Presidente Leonardo Del Vecchio. <strong>Grande commozione<\/strong> ieri ai funerali del giudice Mario Fabbri, tanta gente con l&#8217;Anpi e &#8220;Bella Ciao&#8221; cantata in coro. <strong>Proteste comeliane<\/strong> ieri a Venezia contro la Soprintendenza, una cinquantina di attivisti del comitato pro collegamento con la Pusteria hanno illustrato a un funzionario le ragioni del SI e ora attendono la decisione che sar\u00e0 presa a Roma. <strong>A San Lucano<\/strong> gli alberi saranno spostati dall&#8217;area delle feste, prima del 20 luglio giorno di San Lucano, l&#8217;Arpav in sopralluogo modifica i confini della pericolosita&#8217; valanghe dalle Pale di San Lucano. <strong>A Rocca Pietore ed Auronzo<\/strong> aprono i cantieri per il ripristino del territorio, saranno coordinati da Genio Civile e assessorato regionale alla protezione civile. <strong>Ancora disagi in Valbelluna, <\/strong>ieri una cabina Enel a fuoco e gli operai della zona artigianale hanno concluso in anticipo la giornata lavorativa, mercoledi era toccato a centinaia di lavoratori della Costan di Limana in seguito al blocco dell&#8217;attivit\u00e0 produttiva per un virus informatico. <strong>Prosegue l&#8217;iniziativa<\/strong> del Corriere delle Alpi di scrivere le storie dei negozianti che hanno fatto vivere i paesi, come la famiglia\u00a0 Fa\u00e8 di Cencenighe oggi sul quotidiano: Il negozio dei &#8220;Guere&#8221; da un secolo in prima linea. FOTO COPERTINA: ASPETTANDO&#8230; RONALDO.<\/p>\n<p>&nbsp;<\/p>\n<p>&nbsp;<\/p>\n<blockquote><p><strong>Gestione Servizi Pubblici informa che, per lavori alla rete idrica comunale, <span style=\"color: #ff0000;\">lunedi<\/span> dalle 9 e fino al termine dei lavori, verr\u00e0 sospesa l\u2019erogazione dell\u2019acqua a LA VALLE AGORDINA in LOC. CUGNAGO. <\/strong><strong><span style=\"color: #ff0000;\">\u00a0Martedi<\/span> dalle 9 a fine lavori, verr\u00e0 sospesa l\u2019erogazione dell\u2019acqua a SELVA DI CADORE nelle LOC. PESCUL e S.FOSCA.<\/strong><\/p><\/blockquote>\n<p>&nbsp;<\/p>\n<p>&nbsp;<\/p>\n<h2>LUXOTTICA IN CADORE PER IL SOLE 24 ORE<\/h2>\n<p><a class=\"dt-pswp-item\" href=\"http:\/\/www.radiopiu.net\/wordpress\/wp-content\/uploads\/2019\/05\/WhatsApp-Image-2019-05-09-at-18.53.11.jpeg\" data-dt-img-description=\"\" data-large_image_width=\"1200\" data-large_image_height=\"1600\"><img loading=\"lazy\" decoding=\"async\" class=\"alignnone wp-image-85068\" src=\"http:\/\/www.radiopiu.net\/wordpress\/wp-content\/uploads\/2019\/05\/WhatsApp-Image-2019-05-09-at-18.53.11-768x1024.jpeg\" alt=\"\" width=\"452\" height=\"602\" srcset=\"https:\/\/www.radiopiu.net\/wordpress\/wp-content\/uploads\/2019\/05\/WhatsApp-Image-2019-05-09-at-18.53.11-768x1024.jpeg 768w, https:\/\/www.radiopiu.net\/wordpress\/wp-content\/uploads\/2019\/05\/WhatsApp-Image-2019-05-09-at-18.53.11-225x300.jpeg 225w, https:\/\/www.radiopiu.net\/wordpress\/wp-content\/uploads\/2019\/05\/WhatsApp-Image-2019-05-09-at-18.53.11.jpeg 1200w\" sizes=\"auto, (max-width: 452px) 100vw, 452px\" \/><\/a><\/p>\n<p>&nbsp;<\/p>\n<p>&nbsp;<\/p>\n<p>&nbsp;<\/p>\n<p>&nbsp;<\/p>\n<h2>LE FOTO DEL GIORNO: VAL FIORENTINA QUANDO RIAPRE?<\/h2>\n<p><a class=\"dt-pswp-item\" href=\"http:\/\/www.radiopiu.net\/wordpress\/wp-content\/uploads\/2019\/05\/a523228d-6c40-42ae-b017-bfb86959130e.jpg\" data-dt-img-description=\"\" data-large_image_width=\"1600\" data-large_image_height=\"901\"><img loading=\"lazy\" decoding=\"async\" class=\"alignnone wp-image-85030\" src=\"http:\/\/www.radiopiu.net\/wordpress\/wp-content\/uploads\/2019\/05\/a523228d-6c40-42ae-b017-bfb86959130e-300x169.jpg\" alt=\"\" width=\"284\" height=\"160\" srcset=\"https:\/\/www.radiopiu.net\/wordpress\/wp-content\/uploads\/2019\/05\/a523228d-6c40-42ae-b017-bfb86959130e-300x169.jpg 300w, https:\/\/www.radiopiu.net\/wordpress\/wp-content\/uploads\/2019\/05\/a523228d-6c40-42ae-b017-bfb86959130e-768x432.jpg 768w, https:\/\/www.radiopiu.net\/wordpress\/wp-content\/uploads\/2019\/05\/a523228d-6c40-42ae-b017-bfb86959130e-1024x577.jpg 1024w, https:\/\/www.radiopiu.net\/wordpress\/wp-content\/uploads\/2019\/05\/a523228d-6c40-42ae-b017-bfb86959130e.jpg 1600w\" sizes=\"auto, (max-width: 284px) 100vw, 284px\" \/><\/a><a class=\"dt-pswp-item\" href=\"http:\/\/www.radiopiu.net\/wordpress\/wp-content\/uploads\/2019\/05\/6f478d90-bbc7-4d65-a130-f750aa4f0b89.jpg\" data-dt-img-description=\"\" data-large_image_width=\"1600\" data-large_image_height=\"901\"><img loading=\"lazy\" decoding=\"async\" class=\"alignnone wp-image-85029\" src=\"http:\/\/www.radiopiu.net\/wordpress\/wp-content\/uploads\/2019\/05\/6f478d90-bbc7-4d65-a130-f750aa4f0b89-300x169.jpg\" alt=\"\" width=\"284\" height=\"160\" srcset=\"https:\/\/www.radiopiu.net\/wordpress\/wp-content\/uploads\/2019\/05\/6f478d90-bbc7-4d65-a130-f750aa4f0b89-300x169.jpg 300w, https:\/\/www.radiopiu.net\/wordpress\/wp-content\/uploads\/2019\/05\/6f478d90-bbc7-4d65-a130-f750aa4f0b89-768x432.jpg 768w, https:\/\/www.radiopiu.net\/wordpress\/wp-content\/uploads\/2019\/05\/6f478d90-bbc7-4d65-a130-f750aa4f0b89-1024x577.jpg 1024w, https:\/\/www.radiopiu.net\/wordpress\/wp-content\/uploads\/2019\/05\/6f478d90-bbc7-4d65-a130-f750aa4f0b89.jpg 1600w\" sizes=\"auto, (max-width: 284px) 100vw, 284px\" \/><\/a><\/p>\n<p><a class=\"dt-pswp-item\" href=\"http:\/\/www.radiopiu.net\/wordpress\/wp-content\/uploads\/2019\/05\/98e5c361-0d0f-4a7e-847e-fafd59378e6a.jpg\" data-dt-img-description=\"\" data-large_image_width=\"1600\" data-large_image_height=\"901\"><img loading=\"lazy\" decoding=\"async\" class=\"alignnone wp-image-85032\" src=\"http:\/\/www.radiopiu.net\/wordpress\/wp-content\/uploads\/2019\/05\/98e5c361-0d0f-4a7e-847e-fafd59378e6a-300x169.jpg\" alt=\"\" width=\"284\" height=\"160\" srcset=\"https:\/\/www.radiopiu.net\/wordpress\/wp-content\/uploads\/2019\/05\/98e5c361-0d0f-4a7e-847e-fafd59378e6a-300x169.jpg 300w, https:\/\/www.radiopiu.net\/wordpress\/wp-content\/uploads\/2019\/05\/98e5c361-0d0f-4a7e-847e-fafd59378e6a-768x432.jpg 768w, https:\/\/www.radiopiu.net\/wordpress\/wp-content\/uploads\/2019\/05\/98e5c361-0d0f-4a7e-847e-fafd59378e6a-1024x577.jpg 1024w, https:\/\/www.radiopiu.net\/wordpress\/wp-content\/uploads\/2019\/05\/98e5c361-0d0f-4a7e-847e-fafd59378e6a.jpg 1600w\" sizes=\"auto, (max-width: 284px) 100vw, 284px\" \/><\/a><a class=\"dt-pswp-item\" href=\"http:\/\/www.radiopiu.net\/wordpress\/wp-content\/uploads\/2019\/05\/a523228d-6c40-42ae-b017-bfb86959130e-1.jpg\" data-dt-img-description=\"\" data-large_image_width=\"1600\" data-large_image_height=\"901\"><img loading=\"lazy\" decoding=\"async\" class=\"alignnone wp-image-85033\" src=\"http:\/\/www.radiopiu.net\/wordpress\/wp-content\/uploads\/2019\/05\/a523228d-6c40-42ae-b017-bfb86959130e-1-300x169.jpg\" alt=\"\" width=\"284\" height=\"160\" srcset=\"https:\/\/www.radiopiu.net\/wordpress\/wp-content\/uploads\/2019\/05\/a523228d-6c40-42ae-b017-bfb86959130e-1-300x169.jpg 300w, https:\/\/www.radiopiu.net\/wordpress\/wp-content\/uploads\/2019\/05\/a523228d-6c40-42ae-b017-bfb86959130e-1-768x432.jpg 768w, https:\/\/www.radiopiu.net\/wordpress\/wp-content\/uploads\/2019\/05\/a523228d-6c40-42ae-b017-bfb86959130e-1-1024x577.jpg 1024w, https:\/\/www.radiopiu.net\/wordpress\/wp-content\/uploads\/2019\/05\/a523228d-6c40-42ae-b017-bfb86959130e-1.jpg 1600w\" sizes=\"auto, (max-width: 284px) 100vw, 284px\" \/><\/a><\/p>\n<p>&nbsp;<\/p>\n<p>&nbsp;<\/p>\n<p>&nbsp;<\/p>\n<p>&nbsp;<\/p>\n<h2>IERI ALLA RADIO, I 101 ANNI DI GIULIA<\/h2>\n<blockquote class=\"wp-embedded-content\" data-secret=\"k7XAedp6nv\"><p><a href=\"http:\/\/www.radiopiu.net\/wordpress\/101-volte-giulia-auguri-a-giulia-di-canale-dagordo-auguri-piu\/\">101 VOLTE GIULIA!!! AUGURI A GIULIA, DI CANALE D&#8217;AGORDO. AUGURI PIU&#8217;<\/a><\/p><\/blockquote>\n<p><iframe loading=\"lazy\" class=\"wp-embedded-content\" sandbox=\"allow-scripts\" security=\"restricted\" style=\"position: absolute; clip: rect(1px, 1px, 1px, 1px);\" src=\"http:\/\/www.radiopiu.net\/wordpress\/101-volte-giulia-auguri-a-giulia-di-canale-dagordo-auguri-piu\/embed\/#?secret=k7XAedp6nv\" data-secret=\"k7XAedp6nv\" width=\"600\" height=\"338\" title=\"&#8220;101 VOLTE GIULIA!!! AUGURI A GIULIA, DI CANALE D&#8217;AGORDO. AUGURI PIU&#8217;&#8221; &#8212; Radio Pi\u00f9\" frameborder=\"0\" marginwidth=\"0\" marginheight=\"0\" scrolling=\"no\"><\/iframe><\/p>\n<p>&nbsp;<\/p>\n<p>&nbsp;<\/p>\n<p>&nbsp;<\/p>\n<p>&nbsp;<\/p>\n<p>&nbsp;<\/p>\n<p>&nbsp;<\/p>\n<h2>CRISTIANO RONALDO IN CASA DI UN INTERISTA? NO, AD AGORDO ARRIVA ZUCKERBERG, IL FONDATORE E AMMINISTRATORE DI FACEBOOK<\/h2>\n<p><strong><a class=\"dt-pswp-item\" href=\"http:\/\/www.radiopiu.net\/wordpress\/wp-content\/uploads\/2019\/05\/LUX-ELI-9.jpg\" data-dt-img-description=\"\" data-large_image_width=\"1280\" data-large_image_height=\"853\"><img loading=\"lazy\" decoding=\"async\" class=\"alignnone size-full wp-image-85086\" src=\"http:\/\/www.radiopiu.net\/wordpress\/wp-content\/uploads\/2019\/05\/LUX-ELI-9.jpg\" alt=\"\" width=\"1280\" height=\"853\" srcset=\"https:\/\/www.radiopiu.net\/wordpress\/wp-content\/uploads\/2019\/05\/LUX-ELI-9.jpg 1280w, https:\/\/www.radiopiu.net\/wordpress\/wp-content\/uploads\/2019\/05\/LUX-ELI-9-300x200.jpg 300w, https:\/\/www.radiopiu.net\/wordpress\/wp-content\/uploads\/2019\/05\/LUX-ELI-9-768x512.jpg 768w, https:\/\/www.radiopiu.net\/wordpress\/wp-content\/uploads\/2019\/05\/LUX-ELI-9-1024x682.jpg 1024w\" sizes=\"auto, (max-width: 1280px) 100vw, 1280px\" \/><\/a>AGORDO<\/strong> La notizia dell&#8217;arrivo di Cristiano Ronaldo ad Agordo ha iniziato a girare tra i banchi di Luxottica ancora nella serata di mercoledi, ieri mattina \u00e8 stata ulteriormente alimentata e in molti avevano sperato di poter abbracciare il campione del calcio. A met\u00e0 mattinata la smentita di Luxottica, peraltro l&#8217;azienda aveva timore di una ressa davanti ai cancelli. Alle 13 dall&#8217;elicottero con il Cavalier Leonardo Del Vecchio \u00e8 sceso l&#8217;uomo facebook, Mark \u00a0Zuckerberg, ad attenderlo il Cavalier Luigi Francavilla con il figlio Claudio. Oltre un&#8217;ora e mezza \u00e8 durata la visita nello stabilimento di via Valcozzena anche con il vice di \u00a0Zuckerberg, poi la comitiva \u00e8 risalita sull&#8217;elicottero con direzione Milano.<\/p>\n<p>&nbsp;<\/p>\n<p>&nbsp;<\/p>\n<p>&nbsp;<\/p>\n<p>&nbsp;<\/p>\n<h2>CABINA ENEL IN FIAMME<\/h2>\n<p>I vigili del fuoco di Feltre sono intervenuti in via Baragni a Mel per un principio d&#8217;incendio all&#8217;interno di una cabina di trasformazione dell&#8217;Enel, nessun danno a persone o cose, sul posto i tecnici dell&#8217;Enel per la riparazione dei guasti. Chiusa l&#8217;area artigianale e totale blocco dell&#8217;attivit\u00e0 lavorativa.<\/p>\n<p><a class=\"dt-pswp-item\" href=\"http:\/\/www.radiopiu.net\/wordpress\/wp-content\/uploads\/2019\/05\/Incendio-cabina-ENEL-Mel.jpg\" data-dt-img-description=\"\" data-large_image_width=\"750\" data-large_image_height=\"1000\"><img loading=\"lazy\" decoding=\"async\" class=\"wp-image-85038 aligncenter\" src=\"http:\/\/www.radiopiu.net\/wordpress\/wp-content\/uploads\/2019\/05\/Incendio-cabina-ENEL-Mel.jpg\" alt=\"\" width=\"382\" height=\"509\" srcset=\"https:\/\/www.radiopiu.net\/wordpress\/wp-content\/uploads\/2019\/05\/Incendio-cabina-ENEL-Mel.jpg 750w, https:\/\/www.radiopiu.net\/wordpress\/wp-content\/uploads\/2019\/05\/Incendio-cabina-ENEL-Mel-225x300.jpg 225w\" sizes=\"auto, (max-width: 382px) 100vw, 382px\" \/><\/a><\/p>\n<p>&nbsp;<\/p>\n<p>&nbsp;<\/p>\n<p>&nbsp;<\/p>\n<p>&nbsp;<\/p>\n<p><span style=\"color: #ff0000;\"><strong>LA BELLA NOTIZIA<\/strong><\/span><\/p>\n<h2>VAL CORPASSA, ASFALTO RIFATTO E VIA LIBERA FINO AL RIFUGIO CAPANNA TRIESTE. VIDEO SERVIZIO.<\/h2>\n<div style=\"width: 640px;\" class=\"wp-video\"><video class=\"wp-video-shortcode\" id=\"video-85012-1\" width=\"640\" height=\"352\" preload=\"metadata\" controls=\"controls\"><source type=\"video\/mp4\" src=\"http:\/\/www.radiopiu.net\/wordpress\/wp-content\/uploads\/2019\/05\/WhatsApp-Video-2019-05-09-at-17.14.41.mp4?_=1\" \/><a href=\"http:\/\/www.radiopiu.net\/wordpress\/wp-content\/uploads\/2019\/05\/WhatsApp-Video-2019-05-09-at-17.14.41.mp4\">http:\/\/www.radiopiu.net\/wordpress\/wp-content\/uploads\/2019\/05\/WhatsApp-Video-2019-05-09-at-17.14.41.mp4<\/a><\/video><\/div>\n<p>&nbsp;<\/p>\n<p>&nbsp;<\/p>\n<p>&nbsp;<\/p>\n<p>&nbsp;<\/p>\n<h3><span style=\"color: #ff0000;\">L&#8217;ESERCITAZIONE<\/span><\/h3>\n<h2>SCUOLA SICURA, ALLA PRIMARIA DI TAIBON<\/h2>\n<p><strong>TAIBON<\/strong> Nella settimana che va dal 20 al 25 maggio, nell&#8217;ambito del progetto &#8220;Scuola sicura Veneto&#8221; si svolger\u00e0 alle primarie di Taibon l&#8217;esercitazione che coinvolger\u00e0 l&#8217;intera struttura, soprattutto gli studenti che non sanno quando sar\u00e0 il giorno e l&#8217;ora x, sar\u00e0 tutta una sorpresa anche per loro. Parteciperanno, secondo i rispettivi ruoli, tutte le istituzioni preposte: assessorato e direzione Protezione Civile della Regione, Provincia, Comuni di Agordo e Taibon. A livello operativo saranno presenti Polizia Locale, Vigili del Fuoco, Suem 118 e Pronto Soccorso. <strong>Trattandosi di un&#8217;esercitazione la popolazione \u00e8 invitata a non allarmarsi.<\/strong><\/p>\n<p><strong>IL SERVIZIO PRECEDENTE DI PRESENTAZIONE DELL&#8217;EVENTO<\/strong><\/p>\n<p>giornale radiopiu 09 aprile 2019<\/p>\n<div class=\"page-title-head hgroup\">\n<h1 class=\"entry-title\">A TAIBON E AGORDO L\u2019INIZIATIVA REGIONALE \u201cSCUOLA SICURA\u201d<\/h1>\n<\/div>\n<div class=\"page-title-breadcrumbs\"><strong><em>Alle scuole elementari di Taibon e Agordo: NELLA SECONDA META\u2019 DI MAGGIO, DATA DA DEFINIRE.<\/em><\/strong><\/div>\n<div><\/div>\n<blockquote class=\"wp-embedded-content\" data-secret=\"2iRdoKifgs\"><p><a href=\"http:\/\/www.radiopiu.net\/wordpress\/a-taibon-e-agordo-liniziativa-regionale-scuola-sicura\/\">A TAIBON E AGORDO L&#8217;INIZIATIVA REGIONALE &#8220;SCUOLA SICURA&#8221;<\/a><\/p><\/blockquote>\n<p><iframe loading=\"lazy\" class=\"wp-embedded-content\" sandbox=\"allow-scripts\" security=\"restricted\" style=\"position: absolute; clip: rect(1px, 1px, 1px, 1px);\" src=\"http:\/\/www.radiopiu.net\/wordpress\/a-taibon-e-agordo-liniziativa-regionale-scuola-sicura\/embed\/#?secret=2iRdoKifgs\" data-secret=\"2iRdoKifgs\" width=\"600\" height=\"338\" title=\"&#8220;A TAIBON E AGORDO L&#8217;INIZIATIVA REGIONALE &#8220;SCUOLA SICURA&#8221;&#8221; &#8212; Radio Pi\u00f9\" frameborder=\"0\" marginwidth=\"0\" marginheight=\"0\" scrolling=\"no\"><\/iframe><\/p>\n<p>&nbsp;<\/p>\n<p>&nbsp;<\/p>\n<p>&nbsp;<\/p>\n<p>&nbsp;<\/p>\n<h2>SOLIDARIETA&#8217; MUSICALE PER CANALE D&#8217;AGORDO<\/h2>\n<p><strong><a class=\"dt-pswp-item\" href=\"http:\/\/www.radiopiu.net\/wordpress\/wp-content\/uploads\/2019\/05\/8b10b08f-ee1d-42c2-9579-70c207cf211a.jpg\" data-dt-img-description=\"\" data-large_image_width=\"1131\" data-large_image_height=\"1600\"><img loading=\"lazy\" decoding=\"async\" class=\"wp-image-85036 alignleft\" src=\"http:\/\/www.radiopiu.net\/wordpress\/wp-content\/uploads\/2019\/05\/8b10b08f-ee1d-42c2-9579-70c207cf211a-724x1024.jpg\" alt=\"\" width=\"179\" height=\"253\" srcset=\"https:\/\/www.radiopiu.net\/wordpress\/wp-content\/uploads\/2019\/05\/8b10b08f-ee1d-42c2-9579-70c207cf211a-724x1024.jpg 724w, https:\/\/www.radiopiu.net\/wordpress\/wp-content\/uploads\/2019\/05\/8b10b08f-ee1d-42c2-9579-70c207cf211a-212x300.jpg 212w, https:\/\/www.radiopiu.net\/wordpress\/wp-content\/uploads\/2019\/05\/8b10b08f-ee1d-42c2-9579-70c207cf211a-768x1086.jpg 768w, https:\/\/www.radiopiu.net\/wordpress\/wp-content\/uploads\/2019\/05\/8b10b08f-ee1d-42c2-9579-70c207cf211a.jpg 1131w\" sizes=\"auto, (max-width: 179px) 100vw, 179px\" \/><\/a>Sabato al Conservatorio Pollini di Padova<\/strong> \u00e8 in programma una serata a favore del Comune di Canale d&#8217;Agordo per la ricostruzione della &#8220;Cavallera&#8221; distrutta da Vaia, \u00e8 il\u00a0 concerto di fine anno accademico. La &#8220;Cavallera&#8221;\u00a0 \u00e8 un percorso pedonale e ciclabile dove \u00e8 stata realizzata la via Crucis di Papa Luciani inaugurata poco pi\u00f9 di 10 anni fa e realizzata da Franco Murer. ll concerto\u00a0 Suoni per la montagna \u00e8 ad ingresso libero con offerta e il ricavato dell&#8217;iniziativa sar\u00e0 interamente devoluto proprio per la sistemazione della via Crucis<\/p>\n<p><strong>Assessore-Consigliere Maria Elisabetta Luchetta<\/strong><\/p>\n<audio class=\"wp-audio-shortcode\" id=\"audio-85012-1\" preload=\"none\" style=\"width: 100%;\" controls=\"controls\"><source type=\"audio\/mpeg\" src=\"http:\/\/www.radiopiu.net\/wordpress\/wp-content\/uploads\/2019\/05\/MARILISA.mp3?_=1\" \/><a href=\"http:\/\/www.radiopiu.net\/wordpress\/wp-content\/uploads\/2019\/05\/MARILISA.mp3\">http:\/\/www.radiopiu.net\/wordpress\/wp-content\/uploads\/2019\/05\/MARILISA.mp3<\/a><\/audio>\n<p>&nbsp;<\/p>\n<p>&nbsp;<\/p>\n<p>&nbsp;<\/p>\n<p>&nbsp;<\/p>\n<p>&nbsp;<\/p>\n<h2>DIFESA DEL SUOLO. NUOVI CANTIERI AL VIA A ROCCA PIETORE E AURONZO.<\/h2>\n<p><strong><a class=\"dt-pswp-item\" href=\"http:\/\/www.radiopiu.net\/wordpress\/wp-content\/uploads\/2019\/05\/728-2019-area-soggetto-di-intervento-Rocca-Pietore-1.jpg\" data-dt-img-description=\"\" data-large_image_width=\"1600\" data-large_image_height=\"1200\"><img loading=\"lazy\" decoding=\"async\" class=\"wp-image-85013 alignleft\" src=\"http:\/\/www.radiopiu.net\/wordpress\/wp-content\/uploads\/2019\/05\/728-2019-area-soggetto-di-intervento-Rocca-Pietore-1-1024x768.jpg\" alt=\"\" width=\"254\" height=\"191\" srcset=\"https:\/\/www.radiopiu.net\/wordpress\/wp-content\/uploads\/2019\/05\/728-2019-area-soggetto-di-intervento-Rocca-Pietore-1-1024x768.jpg 1024w, https:\/\/www.radiopiu.net\/wordpress\/wp-content\/uploads\/2019\/05\/728-2019-area-soggetto-di-intervento-Rocca-Pietore-1-300x225.jpg 300w, https:\/\/www.radiopiu.net\/wordpress\/wp-content\/uploads\/2019\/05\/728-2019-area-soggetto-di-intervento-Rocca-Pietore-1-768x576.jpg 768w, https:\/\/www.radiopiu.net\/wordpress\/wp-content\/uploads\/2019\/05\/728-2019-area-soggetto-di-intervento-Rocca-Pietore-1.jpg 1600w\" sizes=\"auto, (max-width: 254px) 100vw, 254px\" \/><\/a>VENEZIA<\/strong> Sono stati consegnati in questi giorni i lavori di due cantieri a Rocca Pietore in Agordino e ad Auronzo di Cadore nell&#8217;ambito degli interventi di ripristino del territorio a seguito del maltempo di fine autunno 2018. \u201cSono lavori che stiamo seguendo con il Genio Civile &#8211; spiega l\u2019Assessore regionale alla Difesa del Suolo &#8211; il primo, avviato oggi e del valore di 650mila euro, riguarda opere di difesa spndale a Sottoguda in Comune di Rocca Pietore, attraverso cui si proceder\u00e0 al consolidamento di un argine esistente in sinistra idrografica del torrente Pettorina, immediatamente a valle del ponte di Sottoguda, e alla realizzazione di un tratto di scogliera in sponda destra in un tratto pi\u00f9 a valle del torrente\u201d. I lavori si sono resi necessari al fine di garantire adeguate condizioni di tutela della pubblica e privata incolumit\u00e0, anche in previsione del prevedibile aumento di portata del torrente a seguito del prossimo scioglimento della neve. \u201cCon il secondo cantiere, che avvieremo nei prossimi giorni, &#8211; evidenzia l&#8217;assessore &#8211; provvederemo invece al ripristino della sezione idraulica e della sicurezza delle sponde del torrente Ansiei, a valle della confluenza del rio Muri fino all&#8217;imbocco del Lago di Auronzo. L\u2019importo dei lavori in questo caso \u00e8 di 500mila euro\u201d. Nello specifico sar\u00e0 sistemato un tratto di scogliera in destra idrografica del torrente Ansiei, appena a valle del Ponte Malon, che \u00e8 stata erosa nel corso degli eventi alluvionali e ha subito ulteriori danni nel corso dei recentissimi intensi eventi atmosferici. Prevista anche l\u2019asportazione di materiale ghiaioso dall&#8217;alveo del torrente al fine di evitare minacce alla sicurezza delle zone abitate circostanti. \u201cStiamo parlando di un importante intervento \u2013 precisa, in conclusione, l\u2019assessore &#8211; che tutela anche la stabilit\u00e0 dei fabbricati industriali sovrastanti. Con questi e con il resto dei cantieri attivati proseguiamo rapidamente il percorso di ricostruzione dopo Vaia, garantendo altres\u00ec sempre maggior sicurezza al territorio attraverso opere che prevedono l&#8217;aumento della resilienza\u201d.<\/p>\n<p>&nbsp;<\/p>\n<p>&nbsp;<\/p>\n<p>&nbsp;<\/p>\n<p>&nbsp;<\/p>\n<h2>OLIMPIADI 2026,\u00a0 AGORDINO PROTAGONISTA CON LE SUE STRUTTURE<\/h2>\n<p>Partecipati incontri con gli operatori turistici e la Regione ieri ad Alleghe e Arabba, operazione di raccolta delle garanzie in materia di a<em>ccomodation<\/em>\u00a0da consegnare al Comitato Olimpico Internazionale. In particolare l&#8217;assessore Federico Caner ha proposto alcuni tavoli tecnici territoriali allo scopo di assicurare un completo coinvolgimento dei portatori di interesse, soprattutto una capillare informazione e assistenza. Dalla partecipazione l&#8217;entusiasmo per la possibile candidatura Olimpica Milano-Cortina 2026 \u00e8 notevole. Uno degli aspetti pi\u00f9 rilevanti del processo di candidatura \u00e8 riuscire a presentare un <em>accomodation plan<\/em> secondo gli standard e fabbisogni evidenziati dal Comitato Olimpico Internazionale.<\/p>\n<blockquote><p><span class=\"text_exposed_show\">\u00a0<em> &#8220;Fondamentale la partecipazione degli operatori -dice Lucia Farenzena presidente del Consorzio Turistico Rocca Pietore-Marmolada &#8211; \u00e8 stata spiegata la modalit\u00e0 operativa. L\u2019occasione rende necessario avere sin da ora la disponibilit\u00e0 di camere.\u00a0 Il 2026 non sar\u00e0 una data importante solo per Cortina ma anche per le aree limitrofe come la nostra. L\u2019arco temporale non deve spaventarci, ma va visto come il tempo nel quale riuscire a fare tutti gli interventi che si renderanno necessari.\u00a0 Non possiamo perdere questa occasione&#8221;\u00a0<\/em><\/span><\/p><\/blockquote>\n<p>&nbsp;<\/p>\n<p><a class=\"dt-pswp-item\" href=\"http:\/\/www.radiopiu.net\/wordpress\/wp-content\/uploads\/2019\/05\/174ab4e6-dd4b-4307-a40a-9cfb5def511d.jpg\" data-dt-img-description=\"\" data-large_image_width=\"1600\" data-large_image_height=\"1200\"><img loading=\"lazy\" decoding=\"async\" class=\"alignnone wp-image-85024\" src=\"http:\/\/www.radiopiu.net\/wordpress\/wp-content\/uploads\/2019\/05\/174ab4e6-dd4b-4307-a40a-9cfb5def511d-300x225.jpg\" alt=\"\" width=\"282\" height=\"211\" srcset=\"https:\/\/www.radiopiu.net\/wordpress\/wp-content\/uploads\/2019\/05\/174ab4e6-dd4b-4307-a40a-9cfb5def511d-300x225.jpg 300w, https:\/\/www.radiopiu.net\/wordpress\/wp-content\/uploads\/2019\/05\/174ab4e6-dd4b-4307-a40a-9cfb5def511d-768x576.jpg 768w, https:\/\/www.radiopiu.net\/wordpress\/wp-content\/uploads\/2019\/05\/174ab4e6-dd4b-4307-a40a-9cfb5def511d-1024x768.jpg 1024w, https:\/\/www.radiopiu.net\/wordpress\/wp-content\/uploads\/2019\/05\/174ab4e6-dd4b-4307-a40a-9cfb5def511d.jpg 1600w\" sizes=\"auto, (max-width: 282px) 100vw, 282px\" \/><\/a><a class=\"dt-pswp-item\" href=\"http:\/\/www.radiopiu.net\/wordpress\/wp-content\/uploads\/2019\/05\/1722584d-39fe-4b42-8261-f4464dedbfe1.jpg\" data-dt-img-description=\"\" data-large_image_width=\"1600\" data-large_image_height=\"1200\"><img loading=\"lazy\" decoding=\"async\" class=\"alignnone wp-image-85025\" src=\"http:\/\/www.radiopiu.net\/wordpress\/wp-content\/uploads\/2019\/05\/1722584d-39fe-4b42-8261-f4464dedbfe1-1024x768.jpg\" alt=\"\" width=\"280\" height=\"210\" srcset=\"https:\/\/www.radiopiu.net\/wordpress\/wp-content\/uploads\/2019\/05\/1722584d-39fe-4b42-8261-f4464dedbfe1-1024x768.jpg 1024w, https:\/\/www.radiopiu.net\/wordpress\/wp-content\/uploads\/2019\/05\/1722584d-39fe-4b42-8261-f4464dedbfe1-300x225.jpg 300w, https:\/\/www.radiopiu.net\/wordpress\/wp-content\/uploads\/2019\/05\/1722584d-39fe-4b42-8261-f4464dedbfe1-768x576.jpg 768w, https:\/\/www.radiopiu.net\/wordpress\/wp-content\/uploads\/2019\/05\/1722584d-39fe-4b42-8261-f4464dedbfe1.jpg 1600w\" sizes=\"auto, (max-width: 280px) 100vw, 280px\" \/><\/a><a class=\"dt-pswp-item\" href=\"http:\/\/www.radiopiu.net\/wordpress\/wp-content\/uploads\/2019\/05\/453a77f6-8a2b-4194-b871-6824088ffb26.jpg\" data-dt-img-description=\"\" data-large_image_width=\"1600\" data-large_image_height=\"1200\"><img loading=\"lazy\" decoding=\"async\" class=\"alignnone size-large wp-image-85026\" src=\"http:\/\/www.radiopiu.net\/wordpress\/wp-content\/uploads\/2019\/05\/453a77f6-8a2b-4194-b871-6824088ffb26-1024x768.jpg\" alt=\"\" width=\"1024\" height=\"768\" srcset=\"https:\/\/www.radiopiu.net\/wordpress\/wp-content\/uploads\/2019\/05\/453a77f6-8a2b-4194-b871-6824088ffb26-1024x768.jpg 1024w, https:\/\/www.radiopiu.net\/wordpress\/wp-content\/uploads\/2019\/05\/453a77f6-8a2b-4194-b871-6824088ffb26-300x225.jpg 300w, https:\/\/www.radiopiu.net\/wordpress\/wp-content\/uploads\/2019\/05\/453a77f6-8a2b-4194-b871-6824088ffb26-768x576.jpg 768w, https:\/\/www.radiopiu.net\/wordpress\/wp-content\/uploads\/2019\/05\/453a77f6-8a2b-4194-b871-6824088ffb26.jpg 1600w\" sizes=\"auto, (max-width: 1024px) 100vw, 1024px\" \/><\/a><\/p>\n<p>&nbsp;<\/p>\n<p>&nbsp;<\/p>\n<p>&nbsp;<\/p>\n<p>&nbsp;<\/p>\n<h2>NESSUNA TASSA VENETA PER IL MOSE, L&#8217;OPERA VA FINITA<\/h2>\n<p>AUDIO<\/p>\n<audio class=\"wp-audio-shortcode\" id=\"audio-85012-2\" preload=\"none\" style=\"width: 100%;\" controls=\"controls\"><source type=\"audio\/mpeg\" src=\"http:\/\/www.radiopiu.net\/wordpress\/wp-content\/uploads\/2019\/05\/MOSE-INCA.mp3?_=2\" \/><a href=\"http:\/\/www.radiopiu.net\/wordpress\/wp-content\/uploads\/2019\/05\/MOSE-INCA.mp3\">http:\/\/www.radiopiu.net\/wordpress\/wp-content\/uploads\/2019\/05\/MOSE-INCA.mp3<\/a><\/audio>\n<p>&nbsp;<\/p>\n<p><strong><a class=\"dt-pswp-item\" href=\"http:\/\/www.radiopiu.net\/wordpress\/wp-content\/uploads\/2019\/05\/download-4.jpg\" data-dt-img-description=\"\" data-large_image_width=\"300\" data-large_image_height=\"168\"><img loading=\"lazy\" decoding=\"async\" class=\" wp-image-85041 alignleft\" src=\"http:\/\/www.radiopiu.net\/wordpress\/wp-content\/uploads\/2019\/05\/download-4.jpg\" alt=\"\" width=\"221\" height=\"124\" \/><\/a>ROMA<\/strong>\u201cAbbiamo trovato le macerie dopo il terremoto Mose che ha colpito il Veneto con tutti i fatti di corruzione che hanno portato alle condanne di Galan e soci. Ora dobbiamo portare a termine il Mose e pensare alla fase di manutenzione futura. Per questo guardiamo con fiducia alla futura nomina di un commissario che, agendo a un livello superiore rispetto ai due amministratori straordinari, porter\u00e0 finalmente a termine un\u2019opera simbolo, a livello nazionale, dell\u2019inerzia, dello spreco e del malaffare\u201d. Lo afferma il parlamentare bellunese Federico D\u2019Inc\u00e0 (M5S) in merito alle considerazioni espresse dalla Lega sulla proposta avanzata dal ministero delle Infrastrutture e dei Trasporti. \u201cChe sia chiaro \u2013 prosegue D\u2019Inc\u00e0 -: parliamo di una figura commissariale molto forte, con ampi poteri sostitutivi che, peraltro, dovrebbe essere nominata d\u2019intesa con la Regione stessa nel rispetto della volont\u00e0 dei cittadini veneti\u201d. Il deputato del Movimento 5 Stelle ringrazia il Governo che \u201csta intervenendo per trovare una soluzione a un unicum gestionale attraverso un nuovo modello di societ\u00e0 di gestione e manutenzione del Mose che, ricordo a tutti, di sola manutenzione costa 100 milioni di euro all\u2019anno! Si tratta di una cifra elevatissima che si aggiunge ai 5,5 miliardi di euro gi\u00e0 stanziati negli ultimi 20 anni per realizzare l\u2019opera\u201d. D\u2019Inc\u00e0 \u00e8 chiaro: \u201cStrano che chi parla oggi e in passato era al governo in Veneto con Galan, non abbia gridato allo scandalo sul costo delle manutenzioni e bloccato la realizzazione dell\u2019opera quando ancora era possibile\u201d. \u201cL\u2019emendamento, una proposta per ora solo sul tavolo del Governo, non graver\u00e0 come tassa di scopo sui veneti, ma peser\u00e0 sulla fiscalit\u00e0 generale: abbiamo avuto rassicurazioni dirette da parte del ministro che ringraziamo per aver affrontato di petto il futuro del Mose, per troppo tempo dimenticato da chi oggi fa polemica \u2013 conclude il deputato del M5S -.\u201d.<\/p>\n<p>&nbsp;<\/p>\n<p>&nbsp;<\/p>\n<p>&nbsp;<\/p>\n<p>&nbsp;<\/p>\n<p><strong>LA REGIONE DICE NO A ULTERIORI VINCOLI NELL\u2019AREA ALPINA TRA COMELICO E VAL D\u2019ANSIEI\u00a0<\/strong><\/p>\n<p><strong>VENEZIA\u00a0 <\/strong>La Giunta regionale del Veneto ha espresso parere non favorevole alla proposta di dichiarazione di notevole interesse pubblico dell\u2019Area alpina compresa tra il Comelico e la Val d\u2019Ansiei, approvando un provvedimento con il quale ha fatto propria la Valutazione Tecnica Regionale (VTR) espressa dal Direttore della Direzione Pianificazione Territoriale. La Giunta considera immotivata tale ipotesi \u201cin considerazione della stratificazione delle tutele paesaggistiche vigenti ed estese ad una superficie pari al 96,6% del totale\u201d, considerandola inoltre \u201cpriva di un adeguato apparato conoscitivo, in grado di giustificare la disciplina d\u2019uso proposta\u201d. \u201cSiamo contrari a tale proposta \u2013 spiegano l\u2019assessore al territorio e il suo collega all\u2019ambiente \u2013 perch\u00e9 penalizzerebbe pesantemente un\u2019area gi\u00e0 ampiamente pianificata e vincolata e gi\u00e0 dotata di norme di pianificazione in grado di garantire la conservazione e dare le giuste opportunit\u00e0 per lo sviluppo socio economico dell\u2019area\u201d. \u201cCome promesso ai sindaci \u2013 sottolinea il bellunese assessore all\u2019ambiente \u2013, dopo averli incontrati per condividere il percorso, abbiamo immediatamente deliberato le nostre osservazioni da inviare al Ministero. Ovviamente la Regione Veneto \u00e8 al loro fianco e sosterr\u00e0 tutte le iniziative utili al territorio\u201d.<\/p>\n<p>&nbsp;<\/p>\n<p>&nbsp;<\/p>\n<p>&nbsp;<\/p>\n<p>&nbsp;<\/p>\n<h2>SALVIAMO IL PARCO DEL PIAVE<\/h2>\n<blockquote><p><em>Lavori in corso per ricostruire il Parco del Piave di Fener. Raccolti gi\u00e0 16mila euro dal Comitato \u201cSalviamo il Parco del Piave\u201d per rimettere in sesto il sito distrutto dal ciclone Vaia a ottobre dello scorso anno.<\/em><\/p><\/blockquote>\n<p><strong>ALANO DI PIAVE<\/strong> \u201cUn grazie a chi ha gi\u00e0 donato, dal mondo delle istituzioni alle realt\u00e0 imprenditoriali, ai semplici cittadini\u201d. Prossimi appuntamenti con la raccolta fondi: domenica 12 maggio a Pedavena; marted\u00ec 14 maggio a Scorz\u00e8. Sedicimila euro segna il contatore di Save the Park. Sono i fondi raccolti dal Comitato Salviamo il Parco del Piave che ha come mission quella di rimettere in sesto il sito di Fener, ad Alano di Piave, polmone verde e di aggregazione sociale per una intera comunit\u00e0, purtroppo distrutto dal ciclone Vaia lo scorso ottobre. \u201cSiamo felici dell\u2019attenzione e della grande generosit\u00e0 che tanti cittadini, aziende, e le istituzioni, stanno riservando alla questione \u2013 spiega Lorenza Segato della Pro Loco di Fener, promotrice della campagna di sensibilizzazione assieme al comitato Genitori School Festival, Associazione Libero Pensiero, Pista verde Asd Prealpi Rc, Unpli \u2013 Abbiamo gi\u00e0 iniziato alcuni lavori di ripulitura del sito e della casa. \u00c8 stata tirata su una parete all&#8217;interno della struttura per ricavare un magazzino, stiamo organizzando gli interventi per gli impianti elettrici e idraulici. Nelle priorit\u00e0 che stiamo portando avanti anche quella di ripristinare i bagni e tinteggiare la struttura ricettiva, acquistare la cucina, i frigoriferi e le friggitrici\u201d.<br \/>\n\u201cInoltre \u2013 spiega marco Bollotto, rappresentante del Comitato Salviamo il Parco del Piave \u2013 abbiamo gi\u00e0 chiesto il preventivo per realizzare delle griglie di canalizzazione: sar\u00e0 questa la prima opera strutturale permanente del parco rinnovato\u201d. Il tutto in attesa anche dei lavori sull&#8217;argine del fiume, che per\u00f2 spettano alle amministrazioni pubbliche.<br \/>\nUn movimento di solidariet\u00e0 che continua a muoversi, nell&#8217;obiettivo di arrivare al traguardo dei ventimila euro (somma minima per realizzare i lavori essenziali per potere ripartire con le attivit\u00e0 nel Parco) ma nell&#8217;ottica di una spesa complessiva verificata da una perizia dello studio Da Corte che stima in quasi centomila il danno da ricostruire. \u201cE&#8217; chiaro che non ci fermeremo \u2013 ancora Bollotto \u2013 e per tutte le attivit\u00e0 che abbiamo programmato devolveremo una parte degli incassi alla ricostruzione. A cominciare dallo School Festival, che possiamo ufficialmente annunciare che si far\u00e0, a Segusino, nel week end del 7, 8 e 9 giugno prossimi. E a tal proposito vogliamo ringraziare il sindaco di Segusino per la sua ospitalit\u00e0 e per il contributo che ci ha voluto dare in termini organizzativi\u201d. Ma prima dello School Festival le altre tappe della solidariet\u00e0 sono: Domenica 12 maggio \u201cCammina per il parco\u201d, Pedavena ore 9.30 (camminata Nordic Walking e a passo libero di circa 10 chilometri con il patrocinio del Comune di Pedavena e l&#8217;organizzazione dell&#8217;associazione Aquile Bianche Nordic Walking Group). Marted\u00ec 14 maggio \u201cCena di solidariet\u00e0\u201d a Scorz\u00e8 con l&#8217;associazione \u201cAmici della Fragola\u201d nell&#8217;ambito della Festa dell&#8217;Asparago in collaborazione con la Pro Loco.<\/p>\n<p>&nbsp;<\/p>\n<p>&nbsp;<\/p>\n<h3><em>\u00a0<\/em><\/h3>\n<p>&nbsp;<\/p>\n<h2>CIMITERI, VERSO LA RISOLUZIONE DEL CONTRATTO<\/h2>\n<h3>\u00a0<em>All&#8217;Unione Montana le manutenzioni<\/em><\/h3>\n<p><strong>BELLUNO<\/strong> La Giunta Comunale ha deliberato l&#8217;accordo che porter\u00e0 alla risoluzione consensuale del contratto tra il Comune di Belluno e la cooperativa Barbara B, di Torino, che dal 2017 gestisce i servizi cimiteriali e manutentivi dei dodici cimiteri del capoluogo: \u00abGiungiamo cos\u00ec alla conclusione di una vicenda complicata, che ha visto numerosi richiami da parte nostra alla societ\u00e0 per i ripetuti disagi ai cittadini, per i quali ci scusiamo. &#8211; commenta il Sindaco \u2013 \u00c8 una conclusione che non ci fa piacere, ma grazie alla quale possiamo migliorare la situazione manutentiva dei nostri cimiteri\u00bb. Nel frattempo, infatti, la manutenzione, la cura del verde e la tenuta dei viali sono state affidate all&#8217;Unione Montana Belluno-Ponte: costo dell&#8217;accordo, 36mila euro. \u00abQuesta procedura \u2013 continua il primo cittadino \u2013 ci consentir\u00e0 di intervenire rapidamente sulla questione\u00bb. Arriva cos\u00ec a termine (la data delle rescissione contrattuale \u00e8 fissata al 30 giugno) una vicenda che ha fatto molto discutere: \u00abRingrazio l&#8217;assessore Maurizio Busatta per tutto il lavoro fatto, che ha portato alla conclusione di questa fase critica di pessima gestione dei nostri cimiteri. A Busatta, a tutta la giunta e agli uffici vanno i complimenti per aver chiuso questa pagina\u00bb. Nel frattempo, proseguono gli interventi strutturali ai cimiteri cittadini: 228mila gli euro stanziati nel bilancio 2019 per sistemazioni delle coperture (100mila euro) e manutenzioni straordinarie (128mila euro), a fronte di un \u201cmasterplan\u201d pluriennale da 1,5 milioni. Si sono chiusi in questi giorni i lavori al cimitero di Cusighe (47mila euro) con la rimozione completa delle tegole,la posa di un telo guaina impermeabilizzante,l&#8217;installazione degli &#8220;antipassero&#8221; e la sigillatura e impermeabilizzante delle gronde; identico intervento sar\u00e0 effettuato sulla falda del cimitero di Castion. Sempre a Castion, si provveder\u00e0 al rifacimento della copertura in lamiera del blocco dei vecchi colombari con la rimozione delle lamiere e la sistemazione del solaio del tetto con la posa di una particolare guaina traspirante. Ultimo intervento sulle coperture, infine, al cimitero di Prade, dove si interverr\u00e0 sul manto di copertura in coppi dei colombari posto a sud-ovest del complesso, per il rifacimento della parte danneggiata dal passaggio della tempesta Vaia. Deliberati anche i lavori anche al cimitero di San Fermo (28mila euro): qui saranno eliminati gli arbusti lungo i muri e ricostruite le porzioni di muro instabili, con la sistemazione della rimanente parte dei muri. I lavori saranno affidati all&#8217;Unione Montana. \u00abSi apre una nuova fase: &#8211; conclude il Sindaco \u2013 in questi anni, ci siamo occupati del recupero e messa in sicurezza delle strade, delle scuole e degli impianti sportivi. Ora, grazie a questi nuovi accordi, possiamo concentrarci sui cimiteri\u00bb.<\/p>\n<p>&nbsp;<\/p>\n<p>&nbsp;<\/p>\n<p>&nbsp;<\/p>\n<p>&nbsp;<\/p>\n<h2>IL 15 MAGGIO 2019 LA TERZA EDIZIONE DI INCONTRALAVORO: A BELLUNO APPUNTAMENTO PRESSO IL CENTRO PER L\u2019IMPIEGO<\/h2>\n<p><strong>VENEZIA<\/strong> Mercoled\u00ec 15 maggio, in tutto il territorio regionale, si svolger\u00e0 la terza edizione di IncontraLavoro, l\u2019iniziativa di recruiting promossa da Regione del Veneto e Veneto Lavoro in collaborazione con i Centri per l\u2019Impiego e con la partnership di AlmaLaurea. L\u2019obiettivo \u00e8 quello di offrire un\u2019occasione di incontro tra le imprese del territorio e i candidati alla ricerca di lavoro. Durante la giornata i candidati, preselezionati dagli operatori dei servizi pubblici per l\u2019impiego sulla base dei curricula e delle esigenze professionali espresse dalle imprese, potranno incontrare aziende e agenzie per il lavoro e svolgere colloqui conoscitivi per le posizioni di lavoro disponibili. L\u2019evento si svolger\u00e0 in contemporanea in 15 diverse sedi in tutto il Veneto. I disoccupati interessati a partecipare alle selezioni possono candidarsi online sul portale ClicLavoro Veneto tramite il servizio \u201cCentro per l\u2019Impiego Online\u201d. Per poter visualizzare tutte le offerte disponibili per ciascuna sede \u00e8 necessario aver rilasciato il proprio CV a un Centro per l\u2019Impiego o pubblicarlo online al momento della candidatura. Tranne che per alcune offerte di lavoro appositamente etichettate, la candidatura online non d\u00e0 diritto ad accedere a IncontraLavoro. I candidati selezionati saranno ricontattati dal Centro per l\u2019Impiego soltanto se il loro profilo professionale sar\u00e0 considerato idoneo per la posizione richiesta. A Belluno IncontraLavoro si svolger\u00e0 presso il Centro per l\u2019Impiego di Via Feltre 109. Per informazioni \u00e8 possibile contattare i numeri 043762047 o 04371874311. La partecipazione all\u2019evento \u00e8 gratuita.<\/p>\n<p>&nbsp;<\/p>\n<p>&nbsp;<\/p>\n<p>&nbsp;<\/p>\n<h2>FELTRE START LAB<\/h2>\n<p><strong>FELTRE<\/strong> Sono 30 i partecipanti \u2013 e le iscrizioni sono ancora aperte \u2013 per Feltre Start Lab, il percorso del Comune di Feltre che intende promuovere l\u2019imprenditorialit\u00e0, facendo emergere idee d\u2019impresa da parte dei giovani del territorio cittadino. Liberi professionisti e aziende si sono messe in gioco per sostenere giovani con idee e hanno messo a disposizione il loro tempo per portare la propria testimonianza. Venerd\u00ec un nuovo incontro con la Cooperativa \u201cFuoco\u201d.\u00a0 Gli iscritti al percorso, con una prevalenza di donne imprenditrici rispetto agli uomini,\u00a0 l&#8217;et\u00e0 varia dai 20 ai 55 anni. La formazione \u00e8 aperta a tutti ed \u00e8 gratuita. Il concorso andr\u00e0 a premiare le 3 migliori proposte e vincitori potranno usufruire di una dotazione economica del valore di 7.000 euro in beni e servizi per sostenere i costi d\u2019avviamento, e di un percorso di accompagnamento per implementare e sviluppare l&#8217;idea d\u2019impresa.<\/p>\n<p>&nbsp;<\/p>\n<p>&nbsp;<\/p>\n<p>&nbsp;<\/p>\n<p>&nbsp;<\/p>\n<p>&nbsp;<\/p>\n<h2>SCADE IL 26 MAGGIO IL QUESTIONARIO SUL TERZO SETTORE<\/h2>\n<blockquote>\n<h3><em>La finalit\u00e0 \u00e8 tracciare un quadro sull&#8217;associazionismo bellunese<\/em><\/h3>\n<\/blockquote>\n<p><strong><a class=\"dt-pswp-item\" href=\"http:\/\/www.radiopiu.net\/wordpress\/wp-content\/uploads\/2018\/08\/CSV.png\" data-dt-img-description=\"\" data-large_image_width=\"296\" data-large_image_height=\"170\"><img loading=\"lazy\" decoding=\"async\" class=\" wp-image-57221 alignleft\" src=\"http:\/\/www.radiopiu.net\/wordpress\/wp-content\/uploads\/2018\/08\/CSV.png\" alt=\"\" width=\"221\" height=\"127\" \/><\/a>BELLUNO<\/strong> C&#8217;\u00e8 tempo fino a domenica 26 maggio per rispondere al questionario per gli enti del terzo settore bellunesi, raggiungibile a partire dalla home page del sito del Csv Belluno (www.csvbelluno.it). Esso si rivolge alle associazioni e agli enti senza scopo di lucro della provincia con l&#8217;obiettivo di tracciare un quadro generale dell&#8217;associazionismo bellunese. Avvalendosi della consulenza del sociologo Diego Cason, il questionario \u00e8 stato costruito sulla base dell&#8217;esperienza del Csv di Verona adattandolo alle esigenze del territorio.\u00a0L&#8217;invito \u00e8 rivolto a a tutti gli enti del Terzo settore (organizzazioni di volontariato, associazioni di promozione sociale, enti filantropici, imprese sociali, reti associative, societ\u00e0 di mutuo soccorso, associazioni riconosciute e non, enti religiosi, fondazioni e altri enti di carattere privato), anche a coloro che non hanno ricevuto una comunicazione diretta da parte del Csv Belluno. Tra le associazioni partecipanti verr\u00e0 sorteggiato un vincitore che ricever\u00e0 come premio un notebook. Per ogni necessit\u00e0 o dubbio \u00e8 possibile contattare il Centro Documentazione del Csv al numero 0437 950374 chiedendo di Nicola De Toffol.<\/p>\n<p>&nbsp;<\/p>\n<p>&nbsp;<\/p>\n<p>&nbsp;<\/p>\n<h2>POLIZIA: 19 POSTI PER PSICOLOGO<\/h2>\n<p><strong><a class=\"dt-pswp-item\" href=\"http:\/\/www.radiopiu.net\/wordpress\/wp-content\/uploads\/2016\/11\/bandi-e-concorsi.jpg\" data-dt-img-description=\"\" data-large_image_width=\"285\" data-large_image_height=\"270\"><img loading=\"lazy\" decoding=\"async\" class=\"wp-image-25479 alignleft\" src=\"http:\/\/www.radiopiu.net\/wordpress\/wp-content\/uploads\/2016\/11\/bandi-e-concorsi.jpg\" alt=\"\" width=\"81\" height=\"77\" \/><\/a>BELLUNO<\/strong> Nella Gazzetta Ufficiale \u00e8 stato pubblicato il concorso pubblico, per titoli ed esami, per il conferimento di 19 posti di commissario tecnico psicologo. La domanda deve essere trasmessa entro 30 giorni, ulteriori informazioni sul portale: https\/\/:concorsionline.poliziadistato.it<\/p>\n<p>&nbsp;<\/p>\n<p>&nbsp;<\/p>\n<p>&nbsp;<\/p>\n<h2>IL TRENO DELLA SALUTE IN ARRIVO A BELLUNO<\/h2>\n<p><strong><a class=\"dt-pswp-item\" href=\"http:\/\/www.radiopiu.net\/wordpress\/wp-content\/uploads\/2018\/06\/logo_Ulss1-Belluno.jpg\" data-dt-img-description=\"\" data-large_image_width=\"190\" data-large_image_height=\"190\"><img loading=\"lazy\" decoding=\"async\" class=\"size-full wp-image-50742 alignleft\" src=\"http:\/\/www.radiopiu.net\/wordpress\/wp-content\/uploads\/2018\/06\/logo_Ulss1-Belluno.jpg\" alt=\"\" width=\"190\" height=\"190\" srcset=\"https:\/\/www.radiopiu.net\/wordpress\/wp-content\/uploads\/2018\/06\/logo_Ulss1-Belluno.jpg 190w, https:\/\/www.radiopiu.net\/wordpress\/wp-content\/uploads\/2018\/06\/logo_Ulss1-Belluno-150x150.jpg 150w\" sizes=\"auto, (max-width: 190px) 100vw, 190px\" \/><\/a>BELLUNO\u00a0<\/strong> Il Treno della Salute \u00e8 un\u2019iniziativa di Medici con l\u2019Africa Cuamm &#8211; in collaborazione con Regione Veneto, Ferrovieri con l\u2019Africa e Trenitalia \u2013 finalizzata a sensibilizzare i cittadini sulla situazione dell\u2019Africa rispetto alle condizioni di vita e di salute e offrire informazione, prevenzione e orientamento ai cittadini del Veneto. L\u2019iniziativa \u00e8 rivolta in particolar modo alle famiglie e ai bambini delle scuole e ai frequentatori della stazione che possono ricevere informazioni, screening e orientamento sulle principali malattie croniche e i relativi fattori di rischio. Infatti nei vagoni della treno della Salute vengono diffuse informazioni sugli stili di vita salutari e per promuovere e sostenere i valori universali di equit\u00e0 in salute e salute globale, attraverso la conoscenza delle differenze economiche, sociali e culturali tra il Veneto e le zone povere dell\u2019Africa. Il Treno della salute, che ha gi\u00e0 toccato diverse citt\u00e0 del Veneto a partire dal 2 maggio, sar\u00e0 presente a Belluno luned\u00ec 13 e marted\u00ec 14 maggio dalle 9 alle 19. L\u2019 Azienda ULSS 1 Dolomiti parteciper\u00e0 all\u2019iniziativa con le postazioni riservate nei vagoni con il:\u00a0 \u00a0personale del SerD, per quanto riguarda il tabagismo; \u00a0personale del Dipartimento di Prevenzione e del Servizio di Dietetica per i temi dell\u2019alimentazione e della nutrizione, della promozione dell\u2019attivit\u00e0 motoria e degli screening oncologici.<\/p>\n<p>&nbsp;<\/p>\n<p>&nbsp;<\/p>\n<p>&nbsp;<\/p>\n<h2 class=\"articlePlainTitle\">CONSIGLIO COMUNALE<\/h2>\n<div class=\"articlePlainText\"><a class=\"dt-pswp-item\" href=\"http:\/\/www.radiopiu.net\/wordpress\/wp-content\/uploads\/2019\/05\/59934467_2175367602570240_8602346136952373248_o.jpg\" data-dt-img-description=\"\" data-large_image_width=\"1152\" data-large_image_height=\"2048\"><img loading=\"lazy\" decoding=\"async\" class=\"wp-image-84889 alignleft\" src=\"http:\/\/www.radiopiu.net\/wordpress\/wp-content\/uploads\/2019\/05\/59934467_2175367602570240_8602346136952373248_o-576x1024.jpg\" alt=\"\" width=\"155\" height=\"276\" srcset=\"https:\/\/www.radiopiu.net\/wordpress\/wp-content\/uploads\/2019\/05\/59934467_2175367602570240_8602346136952373248_o-576x1024.jpg 576w, https:\/\/www.radiopiu.net\/wordpress\/wp-content\/uploads\/2019\/05\/59934467_2175367602570240_8602346136952373248_o-169x300.jpg 169w, https:\/\/www.radiopiu.net\/wordpress\/wp-content\/uploads\/2019\/05\/59934467_2175367602570240_8602346136952373248_o-768x1365.jpg 768w, https:\/\/www.radiopiu.net\/wordpress\/wp-content\/uploads\/2019\/05\/59934467_2175367602570240_8602346136952373248_o.jpg 1152w\" sizes=\"auto, (max-width: 155px) 100vw, 155px\" \/><\/a> MERCOLEDI AD ALLEGHE<\/div>\n<p><strong>ALLEGHE<\/strong> Ultima seduta della legislatura ad Alleghe, convocata dal sindaco uscente Siro De Biasio che non si ricandida, unico candidato a sindaco Danilo De Toni. Nel consiglio di mercoledi 15 maggio alle 18.30: approvazione seconda variazione al bilancio con caratteristiche di urgenza e improrogabilit\u00e0. (foto Siro De Biasio ritira l&#8217;assegno de l&#8217;Associazione Bellunesi nel Mondo per la ricostruzione post Vaia.<\/p>\n<p>&nbsp;<\/p>\n<p>&nbsp;<\/p>\n<p>&nbsp;<\/p>\n<p>&nbsp;<\/p>\n<h3>CONFEDILIZIA: CONCLUSO IL 5\u00b0 CORSO DI AGGIORNAMENTO PER GLI AMMINISTRATORI DI CONDOMINIO<\/h3>\n<p><strong>BELLUNO<\/strong> Si \u00e8 concluso, con il superamento dell\u2019esame finale, il 5\u00b0 corso annuale di aggiornamento degli amministratori di condominio, previsto dalla legge 11 dicembre 2012 e dal relativo regolamento del Ministero della Giustizia emanato con D.M. n. 140\/2014 assicurando cos\u00ec i condomini che il proprio amministratore abbia frequentato positivamente i corsi obbligatori di formazione periodica annuale di aggiornamento di durata di almeno 15 ore. Per facilitare gli amministratori dislocati in provincia, anche quest\u2019anno si sono tenute due sessioni: una a Cortina d\u2019Ampezzo, il 6 maggio, presso la Cassa Rurale ed Artigiana ed una a Belluno, il 7 maggio e quella conclusiva, con gli esami finali l\u20198 maggio, sempre a Belluno.<\/p>\n<blockquote><p><strong>Gli amministratori che hanno frequentato il corso con il superamento della prova finale:<\/strong> Amormino Eugenio, Andreotta Aldo, Andreotta Roberto, Benni Valeria, Canal Marco, Ciprian Andrea, Constantini Massimo, Da Pian Andrea, Dal Molin Roberto, Dalla Favera Monica, D\u2019Arrigo Angelo, De Boni Marco, De Martin Topranin Silvia, De Paris Gilberto, De Vecchi Marcello, De Zaiacomo Alessio, Forlin Mauro, Gallina Lara, Garaffa Alberto, Gaspari Michela, Giacin Denis, Levis Renata, Lozza Agostino, Maioni Roberto, Montanari Sergio, Montini Wanda, Pampanin Luca, Piccolin Mauro, Savaris Ruggero, Scotti Filippo, Scotti Gian Paolo, Soraru Marika, Toffoli Gianna, Tormen Nicola, Zampieri Tonino, Zanghellini Michel, Zardini Elisabetta, Zardini Lacedelli Nicola, Zardini Nicoletta.<\/p><\/blockquote>\n<p>&nbsp;<\/p>\n<p>&nbsp;<\/p>\n<p>&nbsp;<\/p>\n<p>&nbsp;<\/p>\n<h2><a class=\"dt-pswp-item\" href=\"http:\/\/www.radiopiu.net\/wordpress\/wp-content\/uploads\/2018\/09\/appuntamenti.jpeg\" data-dt-img-description=\"\" data-large_image_width=\"800\" data-large_image_height=\"100\"><img loading=\"lazy\" decoding=\"async\" class=\"alignnone wp-image-61958 size-full\" src=\"http:\/\/www.radiopiu.net\/wordpress\/wp-content\/uploads\/2018\/09\/appuntamenti.jpeg\" alt=\"\" width=\"800\" height=\"100\" srcset=\"https:\/\/www.radiopiu.net\/wordpress\/wp-content\/uploads\/2018\/09\/appuntamenti.jpeg 800w, https:\/\/www.radiopiu.net\/wordpress\/wp-content\/uploads\/2018\/09\/appuntamenti-300x38.jpeg 300w, https:\/\/www.radiopiu.net\/wordpress\/wp-content\/uploads\/2018\/09\/appuntamenti-768x96.jpeg 768w\" sizes=\"auto, (max-width: 800px) 100vw, 800px\" \/><\/a><\/h2>\n<h2><\/h2>\n<h2>QUESTA SERA, MONACHESIMO IN EUROPA, SE NE PARLA IN BIBLIOTECA<\/h2>\n<p><strong>GOSALDO.<\/strong> Una serata di approfondimento storico-culturale sul monachesimo in Europa. Viene proposta dalla biblioteca di Gosaldo in collaborazione con la parrocchia, per offrire un affascinante sguardo d\u2019insieme sull\u2019esperienza del monachesimo in Europa, fondamento dell\u2019attuale civilt\u00e0 sotto molteplici punti di vista. \u00abOra et labora. Il monachesimo e la civilt\u00e0 europea\u00bb \u00e8 il titolo della conferenza che sar\u00e0 tenuta questa sera\u00a0 alle 20.30 nella sede della biblioteca alle ex scuole medie da don Claudio Centa, laureato in Storia della Chiesa, archivistica e parroco a Pez, docente in varie realt\u00e0 del Veneto. Sar\u00e0 un\u2019occasione per conoscere e riflettere su un capitolo fondamentale della civilt\u00e0 europea sia dal punto di vista socio-economico che da quello culturale oltre che religioso. L\u2019ingresso \u00e8 libero.<\/p>\n<p>&nbsp;<\/p>\n<p>&nbsp;<\/p>\n<p>&nbsp;<\/p>\n<h2>QUESTA SERA DAGLI EDDINI C&#8217;E&#8217; MOLESINI<\/h2>\n<p><strong>BELLUNO<\/strong> Gioved\u00ec 16 maggio alle\u00a0 18.30 sar\u00e0 ospitato presso la libreria degli Eddini di via Mezzaterra,\u00a0 lo scrittore Andrea Molesini, gi\u00e0 vincitore del Premio Campiello 2011 con \u201cNon tutti i bastardi sono di Vienna\u201d, presenter\u00e0 il suo ultimo lavoro uscito per i tipi di Sellerio dal titolo \u201cDove un\u2019ombra sconsolata mi cerca\u201d. Introdurr\u00e0 Michela Fregona.<\/p>\n<p>&nbsp;<\/p>\n<p>&nbsp;<\/p>\n<p>&nbsp;<\/p>\n<h2><a class=\"dt-pswp-item\" href=\"http:\/\/www.radiopiu.net\/wordpress\/wp-content\/uploads\/2019\/05\/locandina-caggio-agordino-1.jpg\" data-dt-img-description=\"\" data-large_image_width=\"1654\" data-large_image_height=\"2339\"><img loading=\"lazy\" decoding=\"async\" class=\"alignleft wp-image-84901\" src=\"http:\/\/www.radiopiu.net\/wordpress\/wp-content\/uploads\/2019\/05\/locandina-caggio-agordino-1-212x300.jpg\" alt=\"\" width=\"139\" height=\"197\" srcset=\"https:\/\/www.radiopiu.net\/wordpress\/wp-content\/uploads\/2019\/05\/locandina-caggio-agordino-1-212x300.jpg 212w, https:\/\/www.radiopiu.net\/wordpress\/wp-content\/uploads\/2019\/05\/locandina-caggio-agordino-1-768x1086.jpg 768w, https:\/\/www.radiopiu.net\/wordpress\/wp-content\/uploads\/2019\/05\/locandina-caggio-agordino-1-724x1024.jpg 724w, https:\/\/www.radiopiu.net\/wordpress\/wp-content\/uploads\/2019\/05\/locandina-caggio-agordino-1.jpg 1654w\" sizes=\"auto, (max-width: 139px) 100vw, 139px\" \/><\/a>PRENDIAMOCI CURA, DOMANI AL NOF FILO&#8217;<\/h2>\n<p><strong>CENCENIGHE<\/strong> Migliaia di euro nell&#8217;Agordino per il post vaia su un territorio duramente colpito, ma i problemi idrogeologici c&#8217;erano anche prima del 29 ottobre. Domani\u00a0 al Nof Filo&#8217; di Cencenighe conferenza dal titolo &#8220;Prendiamoci cura, la relazione di cura negli interventi educativi per la prima infanzia&#8221;.<\/p>\n<p><strong>di GIANNI SANTOMASO<\/strong><\/p>\n<audio class=\"wp-audio-shortcode\" id=\"audio-85012-3\" preload=\"none\" style=\"width: 100%;\" controls=\"controls\"><source type=\"audio\/mpeg\" src=\"http:\/\/www.radiopiu.net\/wordpress\/wp-content\/uploads\/2019\/05\/GIANNI-CENCE.mp3?_=3\" \/><a href=\"http:\/\/www.radiopiu.net\/wordpress\/wp-content\/uploads\/2019\/05\/GIANNI-CENCE.mp3\">http:\/\/www.radiopiu.net\/wordpress\/wp-content\/uploads\/2019\/05\/GIANNI-CENCE.mp3<\/a><\/audio>\n<h2><\/h2>\n<p>&nbsp;<\/p>\n<p>&nbsp;<\/p>\n<h2>LE PIETRE RACCONTANO: LETTURE E MUSICA TRA I CIPPI DELL&#8217;AUDITORIUM<\/h2>\n<blockquote>\n<h3><em>Spettacolo di presentazione del lavoro di documentazione degli studenti del Liceo Lollino di Belluno sui cippi esposti all&#8217;ingresso del Palazzo dell&#8217;Auditorium<\/em><\/h3>\n<\/blockquote>\n<p>Alle ore 17 di DOMANI\u00a0 davanti al Palazzo dell&#8217;Auditorium in Piazza Duomo a Belluno, la Filarmonica &#8211; diretta dal maestro Andrea Gasperin &#8211; si esibir\u00e0 in un concerto intervallato dalle letture dei giovani ricercatori che esporranno al pubblico i risultati del loro lavoro. Lo spettacolo sar\u00e0 introdotto da un intervento del dottor Marco Perale. Il pomeriggio sar\u00e0 ulteriormente impreziosito dal contributo del FAI Giovani Belluno<\/p>\n<p>&nbsp;<\/p>\n<p>&nbsp;<\/p>\n<p>&nbsp;<\/p>\n<h2>UN CUORE PER LA MONTAGNA, DOMANI\u00a0 PER TUTTO IL GIORNO<\/h2>\n<p><strong>SELVA DI CADORE <\/strong>Domani al Museo Cazzetta di Selva di Cadore l&#8217;Associazione Amici del Cuore Terraferma Veneziana in segno di solidariet\u00e0 con la popolazione colpita dall&#8217;uragano Vaia ha organizzato una giornata di prevenzione delle malattie cardiovascolari offrendo il controllo della pressioni arteriosa, peso, colesterolo, glicemia, trigliceridi, si potr\u00e0 eseguire anche l&#8217;elettrocardiogramma e ricevere consiglio cardiologici. A tutti sar\u00e0 consegnato l&#8217;esito degli esami tracciati su supporto elettronico. Si consiglia la pre iscrizione negli ambulatori di Selva di Cadore.<\/p>\n<p>&nbsp;<\/p>\n<p>&nbsp;<\/p>\n<p>&nbsp;<\/p>\n<h2>FONDAZIONE BANCA DEGLI OCCHI RINGRAZIA BELLUNO PER LA DONAZIONE DI CORNEE:<\/h2>\n<blockquote>\n<h4><em>DOMENICA 12 MAGGIO CONCERTO GRATUITO D\u2019ECCEZIONE CON I VOCAL SKYLINE<\/em><\/h4>\n<\/blockquote>\n<p><strong><a class=\"dt-pswp-item\" href=\"http:\/\/www.radiopiu.net\/wordpress\/wp-content\/uploads\/2019\/05\/Vocal-Skyline.jpg\" data-dt-img-description=\"\" data-large_image_width=\"1449\" data-large_image_height=\"868\"><img loading=\"lazy\" decoding=\"async\" class=\"alignleft wp-image-84444\" src=\"http:\/\/www.radiopiu.net\/wordpress\/wp-content\/uploads\/2019\/05\/Vocal-Skyline-1024x613.jpg\" alt=\"\" width=\"190\" height=\"114\" srcset=\"https:\/\/www.radiopiu.net\/wordpress\/wp-content\/uploads\/2019\/05\/Vocal-Skyline-1024x613.jpg 1024w, https:\/\/www.radiopiu.net\/wordpress\/wp-content\/uploads\/2019\/05\/Vocal-Skyline-300x180.jpg 300w, https:\/\/www.radiopiu.net\/wordpress\/wp-content\/uploads\/2019\/05\/Vocal-Skyline-768x460.jpg 768w, https:\/\/www.radiopiu.net\/wordpress\/wp-content\/uploads\/2019\/05\/Vocal-Skyline.jpg 1449w\" sizes=\"auto, (max-width: 190px) 100vw, 190px\" \/><\/a>BELLUNO <\/strong>Domenica 12 maggio Fondazione Banca degli Occhi del Veneto Onlus invita la cittadinanza di Belluno ad un pomeriggio sorprendente di musica e spettacolo con il noto gruppo veneto dei Vocal Skyline, per sensibilizzare al dono delle cornee e per ringraziare il territorio del Bellunese.<\/p>\n<h2><\/h2>\n<p>&nbsp;<\/p>\n<p>&nbsp;<\/p>\n<p>&nbsp;<\/p>\n<p>&nbsp;<\/p>\n<h1><a class=\"dt-pswp-item\" href=\"http:\/\/www.radiopiu.net\/wordpress\/wp-content\/uploads\/2019\/05\/WhatsApp-Image-2019-05-07-at-08.53.42.jpeg\" data-dt-img-description=\"\" data-large_image_width=\"720\" data-large_image_height=\"1005\"><img loading=\"lazy\" decoding=\"async\" class=\"alignleft wp-image-84807\" src=\"http:\/\/www.radiopiu.net\/wordpress\/wp-content\/uploads\/2019\/05\/WhatsApp-Image-2019-05-07-at-08.53.42-215x300.jpeg\" alt=\"\" width=\"133\" height=\"186\" srcset=\"https:\/\/www.radiopiu.net\/wordpress\/wp-content\/uploads\/2019\/05\/WhatsApp-Image-2019-05-07-at-08.53.42-215x300.jpeg 215w, https:\/\/www.radiopiu.net\/wordpress\/wp-content\/uploads\/2019\/05\/WhatsApp-Image-2019-05-07-at-08.53.42.jpeg 720w\" sizes=\"auto, (max-width: 133px) 100vw, 133px\" \/><\/a>CICLOMELANDO 2019<\/h1>\n<p>RITORNA CICLOMELANDO. DOMENICA 19 MAGGIO A MEL. PERCORSO CICLOTURISTICO DI 32 CHILOMETRI. ETA&#8217; MINIMA 14 ANNI. RITROVO E PARTENZA ALLE 8.30 PRESSO IL CAPANNONE DELLA PRO LOCO ZUMELLESE. L&#8217;ISCRIZIONE, 25 EURO, ENTRO IL 18 MAGGIO, COMPRENDE PRANZO, ASSICURAZIONE, RISTORO E GUIDE. DISPONIBILE SERVIZIO NOLEGGIO E-BIKE O MOUNTAIN BIKE.<\/p>\n<p>&nbsp;<\/p>\n<p>&nbsp;<\/p>\n<p>&nbsp;<\/p>\n<p>&nbsp;<\/p>\n<p>&nbsp;<\/p>\n<p>&nbsp;<\/p>\n<h2>FIBROSI CISTICA: UN AIUTO PER LA RICERCA<\/h2>\n<p><strong>AGORDO<\/strong> Raccolta fondi a favore della ricerca per la fibrosi cistica <strong>SABATO 11 E DOMENICA 12 MAGGIO<\/strong> AL MATTINO a CAVIOLA presso la parrocchia, RIVAMONTE, TISER, GOSALDO E FRASSEN\u00c8 presso le parrocchie\u00a0 \u00a0 \u00a0 ROCCA PIETORE con gli Alpini.<\/p>\n<p>&nbsp;<\/p>\n<p>&nbsp;<\/p>\n<p>&nbsp;<\/p>\n<p>&nbsp;<\/p>\n<p>&nbsp;<\/p>\n<blockquote><p><strong>COSCRITTI DEL 1955<\/strong> Cena annuale, sabato 25 maggio alle 20 al Ristorante Alla Stanga con musica ed animazione. Iscrizioni al Bar Schenot in localit\u00e0 Pragrande entro il 20 maggio. info 348 85.24.340<\/p>\n<p><strong>I PRIMI OTTANTA<\/strong> Cena per i coscritti del 1939 dei 16 Comuni dell&#8217;Agordino. I neo ottantenni festeggeranno il 25 maggio con una messa nell&#8217;Arcidiaconale di Agordo, la visita al museo dell&#8217;occhiale di Luxottica, e il pranzo&#8230;. a tutti gli ottantenni tanti auguri!<\/p>\n<p>&nbsp;<\/p><\/blockquote>\n<p>&nbsp;<\/p>\n<p>&nbsp;<\/p>\n<p>&nbsp;<\/p>\n<h2 align=\"JUSTIFY\">GALZERANO TRIO A CAVARZANO, 18 MAGGIO DA MUSICA LATINOAMERICANA<\/h2>\n<p><a class=\"dt-pswp-item\" href=\"http:\/\/www.radiopiu.net\/wordpress\/wp-content\/uploads\/2019\/05\/57674170_2675875542428896_3418759573517893632_n.jpg\" data-dt-img-description=\"\" data-large_image_width=\"678\" data-large_image_height=\"960\"><img loading=\"lazy\" decoding=\"async\" class=\"size-medium wp-image-84298 alignleft\" src=\"http:\/\/www.radiopiu.net\/wordpress\/wp-content\/uploads\/2019\/05\/57674170_2675875542428896_3418759573517893632_n-212x300.jpg\" alt=\"\" width=\"212\" height=\"300\" srcset=\"https:\/\/www.radiopiu.net\/wordpress\/wp-content\/uploads\/2019\/05\/57674170_2675875542428896_3418759573517893632_n-212x300.jpg 212w, https:\/\/www.radiopiu.net\/wordpress\/wp-content\/uploads\/2019\/05\/57674170_2675875542428896_3418759573517893632_n.jpg 678w\" sizes=\"auto, (max-width: 212px) 100vw, 212px\" \/><\/a><\/p>\n<p>&nbsp;<\/p>\n<p>Sabato 18 maggio Belluno ospita Angel Galzerano Trio in concerto &#8220;Un camino en el mar&#8221;. SABATO 18 MAGGIO alle 20.30 nel salone parrocchiale di Cavarzano di via Castellani. Info 328 0885987<\/p>\n<blockquote><p>La musica d&#8217;autore latinoamericana delle canzoni del cantautore italo uruguayo Angel Galzerano accompagnato dal polistrumentista Giorgio Guindani e le suggestioni delle Tabla indiane suonate da Maurizio Murdocca rivelano un nuovo territorio musicale dove i suoni dimenticano le frontiere.<\/p><\/blockquote>\n<p>&nbsp;<\/p>\n<p>&nbsp;<\/p>\n<p>&nbsp;<\/p>\n<p>&nbsp;<\/p>\n<p>&nbsp;<\/p>\n<p>&nbsp;<\/p>\n<p>&nbsp;<\/p>\n<p><strong>TAIBON<\/strong> Sabato 25 maggio alle 20.30 nella sala dell&#8217;ex Municipio di Taibon focus sulla Valle di San Lucano con l&#8217;Associazione Amici dei Minerari &#8220;Il paradiso pu\u00f2 attendere, per la rinascita e per il guinnes world record&#8221;.<\/p>\n<p>&nbsp;<\/p>\n<p>&nbsp;<\/p>\n<blockquote><p><strong>Domenica 12 maggio, in occasione della Festa della Mamma, ventimila volontari della Fondazione AIRCsaranno impegnati in tutta Italia per distribuire L\u2019Azalea della Ricerca: non un semplice fiore ma una preziosa alleata della salute al femminile che, dal 1984 ad oggi, ha contribuito a migliorare la qualit\u00e0 di vita delle donne grazie ai risultati raggiunti nell\u2019ambito della prevenzione, diagnosi e cura del cancro al seno e agli organi riproduttivi.<\/strong><\/p><\/blockquote>\n<p>&nbsp;<\/p>\n<p>&nbsp;<\/p>\n<p>&nbsp;<\/p>\n<p>&nbsp;<\/p>\n<p><a class=\"dt-pswp-item\" href=\"http:\/\/www.radiopiu.net\/wordpress\/wp-content\/uploads\/2018\/09\/viabilita.jpeg\" data-dt-img-description=\"\" data-large_image_width=\"800\" data-large_image_height=\"100\"><img loading=\"lazy\" decoding=\"async\" class=\"alignnone size-full wp-image-61954\" src=\"http:\/\/www.radiopiu.net\/wordpress\/wp-content\/uploads\/2018\/09\/viabilita.jpeg\" alt=\"\" width=\"800\" height=\"100\" srcset=\"https:\/\/www.radiopiu.net\/wordpress\/wp-content\/uploads\/2018\/09\/viabilita.jpeg 800w, https:\/\/www.radiopiu.net\/wordpress\/wp-content\/uploads\/2018\/09\/viabilita-300x38.jpeg 300w, https:\/\/www.radiopiu.net\/wordpress\/wp-content\/uploads\/2018\/09\/viabilita-768x96.jpeg 768w\" sizes=\"auto, (max-width: 800px) 100vw, 800px\" \/><\/a><\/p>\n<p><strong>PROVINCIALE 3 VALLE IMPERINA<\/strong> Fino a revoca senso unico a vista\u00a0 in localit\u00e0 Corde Mole per cedimento della careggiata. Dal 13 maggio e\u00a0 fino al 28 giugno tra Rivamonte e Forcella Franche senso unico alternato per la posa di tubazione per conto di Enel.<\/p>\n<p><strong>PROVINCIALE 347 DEL DURAN <\/strong>Fino al 31 maggio in localit\u00e0 Fornesighe senso unico alternato regolato da semaforo o movieri, possibili temporanee interdizioni totali al traffico fino a un masssimo di 20 minuti<\/p>\n<p><strong>REGIONALE 203 AGORDINA<\/strong> Dal 6 al 31 maggio esclusi festivi e prefestivi, senso unico alternato in localit\u00e0 Rucava, possibili brevi interruzioni fino a 15 minuti.<\/p>\n<p><strong>PROVINCIALE 8 DI SAN TOMASO<\/strong> Dal 29 aprile al 28 giugno (esclusi festivi e prefestivi) senso unico alternato tra Pian Molin e Roi<\/p>\n<p><strong>PROVINCIALE 563 DI SALESEI<\/strong> Dal 6 maggio AL 14 giugno\u00a0 In localit\u00e0 Sopracordevole in Comune di Rocca Pietore senso unico alternato con semaforo o movieri e divieto di transito ai mezzi con massa superiore a 7,5 tonellate.<\/p>\n<p>&nbsp;<\/p>\n<p>&nbsp;<\/p>\n<p>&nbsp;<\/p>\n<p>&nbsp;<\/p>\n<h2><img loading=\"lazy\" decoding=\"async\" class=\"alignleft wp-image-60761 \" src=\"http:\/\/www.radiopiu.net\/wordpress\/wp-content\/uploads\/2018\/09\/sport.jpg\" alt=\"\" width=\"992\" height=\"124\" srcset=\"https:\/\/www.radiopiu.net\/wordpress\/wp-content\/uploads\/2018\/09\/sport.jpg 800w, https:\/\/www.radiopiu.net\/wordpress\/wp-content\/uploads\/2018\/09\/sport-300x38.jpg 300w, https:\/\/www.radiopiu.net\/wordpress\/wp-content\/uploads\/2018\/09\/sport-768x96.jpg 768w\" sizes=\"auto, (max-width: 992px) 100vw, 992px\" \/><\/h2>\n<p>&nbsp;<\/p>\n<p>&nbsp;<\/p>\n<p>&nbsp;<\/p>\n<h2><\/h2>\n<h2><\/h2>\n<h2>LINO E NICOLA PRONTI PER IL PIANCAVALLO<\/h2>\n<p>&nbsp;<\/p>\n<blockquote>\n<h3>\u00a0Dopo circa 9 mesi di assenza, Lino Lena sar\u00e0 di nuovo fra gli iscritti a un rally, partecipante al 33\u00b0 Rally Piancavallo, valido per il campionato IRC 2019. Con il fido Nicola Decima al suo fianco e su Peugeot 106 Prod E6<\/h3>\n<\/blockquote>\n<p>&nbsp;<\/p>\n<blockquote class=\"wp-embedded-content\" data-secret=\"YvvXMoSQCP\"><p><a href=\"https:\/\/www.sportecomunicazione.it\/news\/lino-lena-e-nicola-decima-al-rally-piancavallo\/\">LINO LENA E NICOLA DECIMA AL RALLY PIANCAVALLO<\/a><\/p><\/blockquote>\n<p><iframe loading=\"lazy\" class=\"wp-embedded-content\" sandbox=\"allow-scripts\" security=\"restricted\" style=\"position: absolute; clip: rect(1px, 1px, 1px, 1px);\" src=\"https:\/\/www.sportecomunicazione.it\/news\/lino-lena-e-nicola-decima-al-rally-piancavallo\/embed\/#?secret=YvvXMoSQCP\" data-secret=\"YvvXMoSQCP\" width=\"600\" height=\"338\" title=\"&#8220;LINO LENA E NICOLA DECIMA AL RALLY PIANCAVALLO&#8221; &#8212; Sport &amp; Comunicazione S.r.l.\" frameborder=\"0\" marginwidth=\"0\" marginheight=\"0\" scrolling=\"no\"><\/iframe><\/p>\n<p>&nbsp;<\/p>\n<p>&nbsp;<\/p>\n<p>&nbsp;<\/p>\n<h2><\/h2>\n<h2><\/h2>\n<h2><\/h2>\n<h2>SPORTIVAMENTE BELLUNO TERZA AL TROFEO DELLE REGIONI<\/h2>\n<p><em>Poker di podi per Ceolin e Brida<\/em><\/p>\n<p><a class=\"dt-pswp-item\" href=\"http:\/\/www.radiopiu.net\/wordpress\/wp-content\/uploads\/2019\/05\/Sportivamente_a_Riccione.jpg\" data-dt-img-description=\"\" data-large_image_width=\"753\" data-large_image_height=\"565\"><img loading=\"lazy\" decoding=\"async\" class=\"alignnone size-full wp-image-85020\" src=\"http:\/\/www.radiopiu.net\/wordpress\/wp-content\/uploads\/2019\/05\/Sportivamente_a_Riccione.jpg\" alt=\"\" width=\"753\" height=\"565\" srcset=\"https:\/\/www.radiopiu.net\/wordpress\/wp-content\/uploads\/2019\/05\/Sportivamente_a_Riccione.jpg 753w, https:\/\/www.radiopiu.net\/wordpress\/wp-content\/uploads\/2019\/05\/Sportivamente_a_Riccione-300x225.jpg 300w\" sizes=\"auto, (max-width: 753px) 100vw, 753px\" \/><\/a><\/p>\n<blockquote><p>Sportivamente Belluno protagonista al campionato nazionale Aics di Riccione. Splendido terzo posto nel Trofeo delle Regioni, ottenuto dai pi\u00f9 piccoli (la categoria Esordienti), oltre a 29 medaglie. I bellunesi si sono presentati con una settantina di nuotatori, accompagnati dai tecnici Daniela Piermarini, Giulia Bortot, Enrico Bogo, Maria Elena Canova e dal delegato provinciale Aics, Marco Sommacal.<\/p><\/blockquote>\n<p><strong>Esordienti C<\/strong> Federico Nerviani primo nei 50 stile e terzo nei 50 rana. Sempre nei 50 rana, Mattia Don\u00e0\u00a0 primo e Niccol\u00f2 Longi terzo. Due i bronzi nelle staffette maschili 4&#215;50 stile libero (Federico Nerviani, Alex Brinati, Niccol\u00f2 Longi e Samuele Sommacal) e 4&#215;50 misti (Federico Nerviani, Mattia Don\u00e0, Alex Brinti e Niccol\u00f2 Longi). Niccol\u00f2 Longi e Margherita Mazzoli, insieme a Tommaso Brida, Sara Sommacal,\u00a0 Francesco Ceolin e Anna Simon hanno preso parte allo staffettone misto 6&#215;50 stile, ottenendo il terzo posto.<\/p>\n<p><strong><a class=\"dt-pswp-item\" href=\"http:\/\/www.radiopiu.net\/wordpress\/wp-content\/uploads\/2019\/05\/Ceolin_medaglie.jpg\" data-dt-img-description=\"\" data-large_image_width=\"480\" data-large_image_height=\"640\"><img loading=\"lazy\" decoding=\"async\" class=\"wp-image-85019 alignleft\" src=\"http:\/\/www.radiopiu.net\/wordpress\/wp-content\/uploads\/2019\/05\/Ceolin_medaglie.jpg\" alt=\"\" width=\"166\" height=\"222\" srcset=\"https:\/\/www.radiopiu.net\/wordpress\/wp-content\/uploads\/2019\/05\/Ceolin_medaglie.jpg 480w, https:\/\/www.radiopiu.net\/wordpress\/wp-content\/uploads\/2019\/05\/Ceolin_medaglie-225x300.jpg 225w\" sizes=\"auto, (max-width: 166px) 100vw, 166px\" \/><\/a>Esordienti B\u00a0 <\/strong>Poker di Francesco Ceolin (foto) neo campione italiano Aics in quattro specialit\u00e0 diverse: 50 dorso, 50 delfino, 50 e 100 stile libero.\u00a0 Medaglia d\u2019argento di Alessandro Nerviani nei 50 rana nella staffetta 4&#215;50 stile composta da Carlotta Brida, Anna Simon, Matteo Longi e Francesco Ceolin<\/p>\n<p><strong>Esordienti A.<\/strong> Elisa Petten\u00f2, prima nei 50 delfino, seconda nei 50 rana.\u00a0 Per Tommaso Lorenzo Brida giornata memorabile: argento nei 200 misti , bronzo nei 50 stile libero, argento nei 50 delfino e argento nei 100 stile libero. Secondi posti di Luca Odolo e Ivan Sommacal, nei 200 misti,\u00a0 medaglie di bronzo di Alessandro Salton e Andrea Frisaldi nei 50 dorso e 50 delfino. <a class=\"dt-pswp-item\" href=\"http:\/\/www.radiopiu.net\/wordpress\/wp-content\/uploads\/2019\/05\/Trofeo_delle_Regioni.jpg\" data-dt-img-description=\"\" data-large_image_width=\"640\" data-large_image_height=\"480\"><img loading=\"lazy\" decoding=\"async\" class=\"wp-image-85021 alignright\" src=\"http:\/\/www.radiopiu.net\/wordpress\/wp-content\/uploads\/2019\/05\/Trofeo_delle_Regioni.jpg\" alt=\"\" width=\"290\" height=\"218\" srcset=\"https:\/\/www.radiopiu.net\/wordpress\/wp-content\/uploads\/2019\/05\/Trofeo_delle_Regioni.jpg 640w, https:\/\/www.radiopiu.net\/wordpress\/wp-content\/uploads\/2019\/05\/Trofeo_delle_Regioni-300x225.jpg 300w\" sizes=\"auto, (max-width: 290px) 100vw, 290px\" \/><\/a>Terze le staffette, la mista 4&#215;50 stile libero con Tommaso Brida, Davide Zambito, Elisa Petten\u00f2 e Sara Sommacal; e la maschile 4&#215;50 stile con Brida, Odolo, Sponga e Zambito.<\/p>\n<p><strong>24 gli atleti nella Razazzi e Junior<\/strong> cinque medaglie conquistate:\u00a0doppietta nei 100 farfalla di Gabriele Porta (primo) e Alessandro Salatin (terzo), terzo posto di Vittoria Schincariol nei<br \/>\n50 stile; staffette: la femminile 4&#215;50 Juniores (Schincariol, Barattin, De Min, Rossi) \u00e8 d\u2019argento, mentre sono di bronzo la maschile 4&#215;50 stile Ragazzi (Salatin, Zambito, Casagrande, Porta) e la femminile 4&#215;50 misti Juniores (Barattin, Burigo, Rossi, Schincariol).<\/p>\n<h2><\/h2>\n<h2><\/h2>\n<p>&nbsp;<\/p>\n<p>&nbsp;<\/p>\n<p>&nbsp;<\/p>\n<blockquote><p>&nbsp;<\/p><\/blockquote>\n<h2>La Camignada poi si\u00e8 refuge apre le iscrizioni. E celebra Paul Grohmann<\/h2>\n<blockquote><p><em>L&#8217;evento proposto dal Cai di Auronzo si svolger\u00e0 domenica 4 agosto, nel ricordo dell&#8217; alpinista austriaco che nel 1869 apr\u00ec la via normale sulla Grande di Lavaredo<\/em><\/p><\/blockquote>\n<p><strong>AURONZO<\/strong> Si aprono le iscrizioni alle Camignada poi si\u00e8 refuge, storica corsa in montagna proposta dalla Sezione Cadorina di Auronzo del Club alpino italiano che quest&#8217;anno si volger\u00e0 domenica 4 agosto. Le iscrizioni si apriranno domani e si chiuderanno l&#8217;1 agosto. La quota di adesione dall&#8217;11 maggio al 20 giugno sar\u00e0 di 28 euro mentre dal 21 giugno al 20 luglio di 32 euro e dal 21 luglio all&#8217;1 agosto di 38 euro. Per i ragazzi fino ai 14 anni la quota \u00e8 fissata a 20 euro. Le iscrizioni saranno riaperte sabato 3 agosto, allo stadio del ghiaccio di Auronzo, e la domenica mattina in zona partenza, a\u00a0 Misurina, solamente nel caso di mancato raggiungimento dei 1.500 iscritti, quota massima fissata\u00a0 all&#8217;organizzazione. In queste due giornate la quota di iscrizione sar\u00e0 di 40 euro.<br \/>\nCome tradizione, la Camignada si svolger\u00e0 sul tracciato di 32 chilometri da Misurina ad Auronzo. Si sta lavorando per il ripristino del tracciato originario, quello che comprende la Val Giralba, ma le conseguenze della tempesta Vaia di fine ottobre e il maltempo che sta caratterizzando le ultime settimane hanno complicato non poco il progetto per il ripristino dei sentieri. Una decisione definitiva sul percorso verr\u00e0 presa entro fine giugno.<\/p>\n<blockquote><p><em> La Camignada 2019 celebrer\u00e0 Paul Grohmann, il viennese che riveste un&#8217;importanza notevolissima per quanto riguarda la storia dell&#8217;alpinismo sulle Dolomiti. L&#8217;estate prossima, infatti, ricorrono i 150 anni dalla prima ascensione per la via normale alla Cima Grande di Lavaredo, conquistata da Grohmann il 21 agosto del 1869.\u00a0 www.caiauronzo.it<\/em><\/p><\/blockquote>\n<p>&nbsp;<\/p>\n<p>&nbsp;<\/p>\n<p><b><a class=\"dt-pswp-item\" href=\"http:\/\/www.radiopiu.net\/wordpress\/wp-content\/uploads\/2018\/09\/WhatsApp-Image-2018-09-20-at-16.04.06.jpeg\" data-dt-img-description=\"\" data-large_image_width=\"800\" data-large_image_height=\"100\"><img loading=\"lazy\" decoding=\"async\" class=\"alignleft wp-image-61378 \" src=\"http:\/\/www.radiopiu.net\/wordpress\/wp-content\/uploads\/2018\/09\/WhatsApp-Image-2018-09-20-at-16.04.06.jpeg\" alt=\"\" width=\"1008\" height=\"126\" srcset=\"https:\/\/www.radiopiu.net\/wordpress\/wp-content\/uploads\/2018\/09\/WhatsApp-Image-2018-09-20-at-16.04.06.jpeg 800w, https:\/\/www.radiopiu.net\/wordpress\/wp-content\/uploads\/2018\/09\/WhatsApp-Image-2018-09-20-at-16.04.06-300x38.jpeg 300w, https:\/\/www.radiopiu.net\/wordpress\/wp-content\/uploads\/2018\/09\/WhatsApp-Image-2018-09-20-at-16.04.06-768x96.jpeg 768w\" sizes=\"auto, (max-width: 1008px) 100vw, 1008px\" \/><\/a><\/b><\/p>\n<p>&nbsp;<\/p>\n<p>&nbsp;<\/p>\n<p>&nbsp;<\/p>\n<p>&nbsp;<\/p>\n<p><center><\/center><center><b>Venerdi 10<\/b><\/center><b>Tempo atteso: <\/b>Tempo abbastanza soleggiato, anche se al mattino potranno localmente insistere nubi basse, specie sui settori prealpini, e nelle ore centrali e al pomeriggio si formeranno cumuli anche a moderato sviluppo, che potranno portare qualche locale fenomeno, specie sulle Prealpi. Clima diurno pi\u00f9 mite.<br \/>\n<b>Precipitazioni: <\/b>Al mattino generalmente assenti (0\/10%); tra le ore centrali e il pomeriggio possibili rovesci sparsi, pi\u00f9 probabili sulle Prealpi (40\/60%), sporadici o del tutto assenti sulle Dolomiti (20\/30%), eventualmente nevosi oltre i 2200\/2400 m.<br \/>\n<b>Temperature: <\/b>In aumento in quota; nelle valli minime in locale abbassamento in caso di schiarite notturne, massime in aumento. Su Prealpi a 1500 m min 6\u00b0C max 9\u00b0C, a 2000 m min 3\u00b0C max 6\u00b0C. Su Dolomiti a 2000 m min 1\u00b0C max 6\u00b0C, a 3000 m min -5\u00b0C max -2\u00b0C.<br \/>\n<b>Venti: <\/b>Nelle valli deboli\/moderati a regime di brezza; in quota perlopi\u00f9 deboli occidentali, a 5-15 km\/h a 2000 m, 10-25 km\/h a 3000 m.<\/p>\n<hr \/>\n<p><center><b>Sabato 11<\/b><\/center><b>Tempo atteso: <\/b>Nuvolosit\u00e0 in intensificazione gi\u00e0 al mattino fino a cielo molto nuvoloso, con primi locali fenomeni. Al pomeriggio molto nuvoloso o coperto con fenomeni diffusi, con tendenza ad attenuazione della nuvolosit\u00e0 alla sera a partire dai settori di confine con il Trentino Alto Adige. Clima pi\u00f9 fresco con sensibile calo termico alla sera in quota, quando il clima diverr\u00e0 anche ventoso.<br \/>\n<b>Precipitazioni: <\/b>Dalla tarda mattinata possibili rovesci sparsi (50\/60%); al pomeriggio rovesci diffusi, anche temporaleschi, soprattutto sulle Prealpi (80%), dove potrebbero risultare anche intensi e accompagnati da grandine, e dove potranno insistere maggiormente in serata, specie ad Est, mentre sulle Dolomiti dal tardo pomeriggio diverranno pi\u00f9 sporadici. Limite della neve in calo da 2200\/2400 m fino alle ore centrali a 1700\/1900 m alla sera, anche a quote prossime ai 1500 m, specie nelle valli dolomitiche, in caso di persistenza serale dei fenomeni.<br \/>\n<b>Temperature: <\/b>Nelle valli minime in aumento e massime in lieve calo; in quota in calo con minime registrate in serata. Su Prealpi a 1500 m min 4\u00b0C max 8\u00b0C, a 2000 m min 2\u00b0C max 4\u00b0C. Su Dolomiti a 2000 m min 0\u00b0C max 4\u00b0C, a 3000 m min -7\u00b0C max -2\u00b0C.<br \/>\n<b>Venti: <\/b>Nelle valli deboli meridionali fino al mattino, poi possibili rinforzi di Foehn verso sera; in quota da deboli\/moderati sud-occidentali al mattino a tesi\/forti e in rotazione a Nord al pomeriggio\/sera, a 10-40 km\/h a 2000 m, 25-60 km\/h a 3000 m.<\/p>\n<hr \/>\n<p><center><b>Domenica 12<\/b><\/center>Tempo solo in parte soleggiato per nuvolosit\u00e0 alta e medio-alta a tratti estesa, ma senza fenomeni se non qualche possibile burrasca sulle vette dolomitiche o qualche residuo rovescio nelle prime ore, eventualmente nevoso a 1600\/1900 m. Clima molto ventoso in quota, dove sar\u00e0 anche freddo per la stagione, con significativi rinforzi di Foehn sulle dorsali prealpine e in molte valli, con conseguente mitigazione del clima nei fondovalle interessati.<\/p>\n<hr \/>\n<p><center><b>Lunedi 13<\/b><\/center>Possibile nuova intensificazione della nuvolosit\u00e0 fino a cielo molto nuvoloso o coperto, con associate precipitazioni a tratti anche diffuse, eventualmente nevose a 1500\/1800 m, in calo fino a 1300\/1400 m in caso di maggiore intensit\u00e0 e persistenza dei fenomeni, specie sulle Dolomiti. Clima fresco per la stagione, ventoso per venti da Nord o Nord-Est in quota, anche in molte valli per Foehn, nel qual caso le precipitazioni potranno risultare inibite nei fondovalle. L&#8217;evoluzione resta da confermare. Previsore: G.M.<\/p>\n<p>&nbsp;<\/p>\n<p>&nbsp;<\/p>\n","protected":false},"excerpt":{"rendered":"<p>Per ore la voce diffusa ed alimentata: &#8220;Ronaldo in arrivo ad Agordo&#8221; e alle 13 in localit\u00e0 Valcozzena \u00e8 arrivato l&#8217;uomo facebook Mark Zuckenberg, ieri in visita in Luxottica con il Presidente Leonardo Del Vecchio. Grande commozione ieri ai funerali del giudice Mario Fabbri, tanta gente con l&#8217;Anpi e &#8220;Bella Ciao&#8221; cantata in coro. Proteste&hellip;<\/p>\n","protected":false},"author":1,"featured_media":85086,"comment_status":"closed","ping_status":"closed","sticky":false,"template":"","format":"standard","meta":{"_monsterinsights_skip_tracking":false,"_monsterinsights_sitenote_active":false,"_monsterinsights_sitenote_note":"","_monsterinsights_sitenote_category":0,"footnotes":""},"categories":[1,86],"tags":[],"class_list":["post-85012","post","type-post","status-publish","format-standard","has-post-thumbnail","hentry","category-senza-categoria","category-gr","category-1","category-86","description-off"],"img_url":"https:\/\/www.radiopiu.net\/wordpress\/wp-content\/uploads\/2019\/05\/LUX-ELI-9.jpg","_links":{"self":[{"href":"https:\/\/www.radiopiu.net\/wordpress\/wp-json\/wp\/v2\/posts\/85012","targetHints":{"allow":["GET"]}}],"collection":[{"href":"https:\/\/www.radiopiu.net\/wordpress\/wp-json\/wp\/v2\/posts"}],"about":[{"href":"https:\/\/www.radiopiu.net\/wordpress\/wp-json\/wp\/v2\/types\/post"}],"author":[{"embeddable":true,"href":"https:\/\/www.radiopiu.net\/wordpress\/wp-json\/wp\/v2\/users\/1"}],"replies":[{"embeddable":true,"href":"https:\/\/www.radiopiu.net\/wordpress\/wp-json\/wp\/v2\/comments?post=85012"}],"version-history":[{"count":0,"href":"https:\/\/www.radiopiu.net\/wordpress\/wp-json\/wp\/v2\/posts\/85012\/revisions"}],"wp:featuredmedia":[{"embeddable":true,"href":"https:\/\/www.radiopiu.net\/wordpress\/wp-json\/wp\/v2\/media\/85086"}],"wp:attachment":[{"href":"https:\/\/www.radiopiu.net\/wordpress\/wp-json\/wp\/v2\/media?parent=85012"}],"wp:term":[{"taxonomy":"category","embeddable":true,"href":"https:\/\/www.radiopiu.net\/wordpress\/wp-json\/wp\/v2\/categories?post=85012"},{"taxonomy":"post_tag","embeddable":true,"href":"https:\/\/www.radiopiu.net\/wordpress\/wp-json\/wp\/v2\/tags?post=85012"}],"curies":[{"name":"wp","href":"https:\/\/api.w.org\/{rel}","templated":true}]}}