{"id":85027,"date":"2019-05-09T17:31:09","date_gmt":"2019-05-09T15:31:09","guid":{"rendered":"http:\/\/www.radiopiu.net\/wordpress\/?p=85027"},"modified":"2019-05-11T06:03:47","modified_gmt":"2019-05-11T04:03:47","slug":"olimpiadi-2026-agordino-protagonista-con-le-sue-strutture","status":"publish","type":"post","link":"https:\/\/www.radiopiu.net\/wordpress\/olimpiadi-2026-agordino-protagonista-con-le-sue-strutture\/","title":{"rendered":"OLIMPIADI 2026,\u00a0 AGORDINO PROTAGONISTA CON LE SUE STRUTTURE"},"content":{"rendered":"<h2><\/h2>\n<p><strong>LIVINALLONGO_ALLEGHE<\/strong> Partecipati incontri con gli operatori turistici e la Regione ad Alleghe e Arabba, operazione di raccolta delle garanzie in materia di\u00a0 <em>accomodation<\/em> da consegnare al Comitato Olimpico Internazionale. L&#8217;assessore Federico Caner ha proposto alcuni tavoli tecnici territoriali allo scopo di assicurare un completo coinvolgimento dei portatori di interesse, soprattutto una capillare informazione e assistenza. Dalla partecipazione l&#8217;entusiasmo per la possibile candidatura Olimpica Milano-Cortina 2026 \u00e8 notevole. Uno degli aspetti pi\u00f9 rilevanti del processo di candidatura \u00e8 riuscire a presentare un<em> accomodaion plan<\/em> secondo gli standard e fabbisogni evidenziati dal Comitato Olimpico Internazionale.<\/p>\n<blockquote><p><span class=\"text_exposed_show\">\u00a0<em> &#8220;Fondamentale la partecipazione degli operatori -dice Lucia Farenzena presidente del Consorzio Turistico Rocca Pietore-Marmolada &#8211; \u00e8 stata spiegata la modalit\u00e0 operativa. L\u2019occasione rende necessario avere sin da ora la disponibilit\u00e0 di camere.\u00a0 Il 2026 non sar\u00e0 una data importante solo per Cortina ma anche per le aree limitrofe come la nostra. L\u2019arco temporale non deve spaventarci, ma va visto come il tempo nel quale riuscire a fare tutti gli interventi che si renderanno necessari.\u00a0 Non possiamo perdere questa occasione&#8221;\u00a0<\/em><\/span><\/p><\/blockquote>\n<p>&nbsp;<\/p>\n<p><a class=\"dt-pswp-item\" href=\"http:\/\/www.radiopiu.net\/wordpress\/wp-content\/uploads\/2019\/05\/174ab4e6-dd4b-4307-a40a-9cfb5def511d.jpg\" data-dt-img-description=\"\" data-large_image_width=\"1600\" data-large_image_height=\"1200\"><img loading=\"lazy\" decoding=\"async\" class=\"alignnone  wp-image-85024\" src=\"http:\/\/www.radiopiu.net\/wordpress\/wp-content\/uploads\/2019\/05\/174ab4e6-dd4b-4307-a40a-9cfb5def511d-300x225.jpg\" alt=\"\" width=\"282\" height=\"211\" srcset=\"https:\/\/www.radiopiu.net\/wordpress\/wp-content\/uploads\/2019\/05\/174ab4e6-dd4b-4307-a40a-9cfb5def511d-300x225.jpg 300w, https:\/\/www.radiopiu.net\/wordpress\/wp-content\/uploads\/2019\/05\/174ab4e6-dd4b-4307-a40a-9cfb5def511d-768x576.jpg 768w, https:\/\/www.radiopiu.net\/wordpress\/wp-content\/uploads\/2019\/05\/174ab4e6-dd4b-4307-a40a-9cfb5def511d-1024x768.jpg 1024w, https:\/\/www.radiopiu.net\/wordpress\/wp-content\/uploads\/2019\/05\/174ab4e6-dd4b-4307-a40a-9cfb5def511d.jpg 1600w\" sizes=\"auto, (max-width: 282px) 100vw, 282px\" \/><\/a><a class=\"dt-pswp-item\" href=\"http:\/\/www.radiopiu.net\/wordpress\/wp-content\/uploads\/2019\/05\/1722584d-39fe-4b42-8261-f4464dedbfe1.jpg\" data-dt-img-description=\"\" data-large_image_width=\"1600\" data-large_image_height=\"1200\"><img loading=\"lazy\" decoding=\"async\" class=\"alignnone  wp-image-85025\" src=\"http:\/\/www.radiopiu.net\/wordpress\/wp-content\/uploads\/2019\/05\/1722584d-39fe-4b42-8261-f4464dedbfe1-1024x768.jpg\" alt=\"\" width=\"280\" height=\"210\" srcset=\"https:\/\/www.radiopiu.net\/wordpress\/wp-content\/uploads\/2019\/05\/1722584d-39fe-4b42-8261-f4464dedbfe1-1024x768.jpg 1024w, https:\/\/www.radiopiu.net\/wordpress\/wp-content\/uploads\/2019\/05\/1722584d-39fe-4b42-8261-f4464dedbfe1-300x225.jpg 300w, https:\/\/www.radiopiu.net\/wordpress\/wp-content\/uploads\/2019\/05\/1722584d-39fe-4b42-8261-f4464dedbfe1-768x576.jpg 768w, https:\/\/www.radiopiu.net\/wordpress\/wp-content\/uploads\/2019\/05\/1722584d-39fe-4b42-8261-f4464dedbfe1.jpg 1600w\" sizes=\"auto, (max-width: 280px) 100vw, 280px\" \/><\/a><a class=\"dt-pswp-item\" href=\"http:\/\/www.radiopiu.net\/wordpress\/wp-content\/uploads\/2019\/05\/453a77f6-8a2b-4194-b871-6824088ffb26.jpg\" data-dt-img-description=\"\" data-large_image_width=\"1600\" data-large_image_height=\"1200\"><img loading=\"lazy\" decoding=\"async\" class=\"alignnone size-large wp-image-85026\" src=\"http:\/\/www.radiopiu.net\/wordpress\/wp-content\/uploads\/2019\/05\/453a77f6-8a2b-4194-b871-6824088ffb26-1024x768.jpg\" alt=\"\" width=\"1024\" height=\"768\" srcset=\"https:\/\/www.radiopiu.net\/wordpress\/wp-content\/uploads\/2019\/05\/453a77f6-8a2b-4194-b871-6824088ffb26-1024x768.jpg 1024w, https:\/\/www.radiopiu.net\/wordpress\/wp-content\/uploads\/2019\/05\/453a77f6-8a2b-4194-b871-6824088ffb26-300x225.jpg 300w, https:\/\/www.radiopiu.net\/wordpress\/wp-content\/uploads\/2019\/05\/453a77f6-8a2b-4194-b871-6824088ffb26-768x576.jpg 768w, https:\/\/www.radiopiu.net\/wordpress\/wp-content\/uploads\/2019\/05\/453a77f6-8a2b-4194-b871-6824088ffb26.jpg 1600w\" sizes=\"auto, (max-width: 1024px) 100vw, 1024px\" \/><\/a><\/p>\n<p>&nbsp;<\/p>\n<p>&nbsp;<\/p>\n","protected":false},"excerpt":{"rendered":"<p>LIVINALLONGO_ALLEGHE Partecipati incontri con gli operatori turistici e la Regione ad Alleghe e Arabba, operazione di raccolta delle garanzie in materia di\u00a0 accomodation da consegnare al Comitato Olimpico Internazionale. L&#8217;assessore Federico Caner ha proposto alcuni tavoli tecnici territoriali allo scopo di assicurare un completo coinvolgimento dei portatori di interesse, soprattutto una capillare informazione e assistenza.&hellip;<\/p>\n","protected":false},"author":1,"featured_media":85024,"comment_status":"closed","ping_status":"closed","sticky":false,"template":"","format":"standard","meta":{"_monsterinsights_skip_tracking":false,"_monsterinsights_sitenote_active":false,"_monsterinsights_sitenote_note":"","_monsterinsights_sitenote_category":0,"footnotes":""},"categories":[51,49],"tags":[],"class_list":["post-85027","post","type-post","status-publish","format-standard","has-post-thumbnail","hentry","category-evidenza-top","category-news-18","category-51","category-49","description-off"],"img_url":"https:\/\/www.radiopiu.net\/wordpress\/wp-content\/uploads\/2019\/05\/174ab4e6-dd4b-4307-a40a-9cfb5def511d.jpg","_links":{"self":[{"href":"https:\/\/www.radiopiu.net\/wordpress\/wp-json\/wp\/v2\/posts\/85027","targetHints":{"allow":["GET"]}}],"collection":[{"href":"https:\/\/www.radiopiu.net\/wordpress\/wp-json\/wp\/v2\/posts"}],"about":[{"href":"https:\/\/www.radiopiu.net\/wordpress\/wp-json\/wp\/v2\/types\/post"}],"author":[{"embeddable":true,"href":"https:\/\/www.radiopiu.net\/wordpress\/wp-json\/wp\/v2\/users\/1"}],"replies":[{"embeddable":true,"href":"https:\/\/www.radiopiu.net\/wordpress\/wp-json\/wp\/v2\/comments?post=85027"}],"version-history":[{"count":0,"href":"https:\/\/www.radiopiu.net\/wordpress\/wp-json\/wp\/v2\/posts\/85027\/revisions"}],"wp:featuredmedia":[{"embeddable":true,"href":"https:\/\/www.radiopiu.net\/wordpress\/wp-json\/wp\/v2\/media\/85024"}],"wp:attachment":[{"href":"https:\/\/www.radiopiu.net\/wordpress\/wp-json\/wp\/v2\/media?parent=85027"}],"wp:term":[{"taxonomy":"category","embeddable":true,"href":"https:\/\/www.radiopiu.net\/wordpress\/wp-json\/wp\/v2\/categories?post=85027"},{"taxonomy":"post_tag","embeddable":true,"href":"https:\/\/www.radiopiu.net\/wordpress\/wp-json\/wp\/v2\/tags?post=85027"}],"curies":[{"name":"wp","href":"https:\/\/api.w.org\/{rel}","templated":true}]}}