{"id":85053,"date":"2019-05-12T06:11:38","date_gmt":"2019-05-12T04:11:38","guid":{"rendered":"http:\/\/www.radiopiu.net\/wordpress\/?p=85053"},"modified":"2019-05-13T10:14:06","modified_gmt":"2019-05-13T08:14:06","slug":"scuola-sicura-alla-primaria-di-taibon","status":"publish","type":"post","link":"https:\/\/www.radiopiu.net\/wordpress\/scuola-sicura-alla-primaria-di-taibon\/","title":{"rendered":"SCUOLA SICURA, ALLA PRIMARIA DI TAIBON"},"content":{"rendered":"<h3><span style=\"color: #ff0000;\">L&#8217;ESERCITAZIONE<\/span><\/h3>\n<h2><\/h2>\n<p><strong>TAIBON<\/strong> Nella settimana che va dal 20 al 25 maggio, nell&#8217;ambito del progetto &#8220;Scuola sicura Veneto&#8221; si svolger\u00e0 alle primarie di Taibon l&#8217;esercitazione che coinvolger\u00e0 l&#8217;intera struttura, soprattutto gli studenti che non sanno quando sar\u00e0 il giorno e l&#8217;ora x, sar\u00e0 tutta una sorpresa anche per loro. Parteciperanno, secondo i rispettivi ruoli, tutte le istituzioni preposte: assessorato e direzione Protezione Civile della Regione, Provincia, Comuni di Agordo e Taibon. A livello operativo saranno presenti Polizia Locale, Vigili del Fuoco, Suem 118 e Pronto Soccorso. <strong>Trattandosi di un&#8217;esercitazione la popolazione \u00e8 invitata a non allarmarsi.<\/strong><\/p>\n<p><strong>IL SERVIZIO PRECEDENTE DI PRESENTAZIONE DELL&#8217;EVENTO<\/strong><\/p>\n<p>giornale radiopiu 09 aprile 2019<\/p>\n<div class=\"page-title-head hgroup\">\n<h1 class=\"entry-title\">A TAIBON E AGORDO L\u2019INIZIATIVA REGIONALE \u201cSCUOLA SICURA\u201d<\/h1>\n<\/div>\n<div class=\"page-title-breadcrumbs\"><strong><em>Alle scuole elementari di Taibon e Agordo: NELLA SECONDA META\u2019 DI MAGGIO, DATA DA DEFINIRE.<\/em><\/strong><\/div>\n<div><\/div>\n<blockquote class=\"wp-embedded-content\" data-secret=\"yOwUSlpqGD\"><p><a href=\"https:\/\/www.radiopiu.net\/wordpress\/a-taibon-e-agordo-liniziativa-regionale-scuola-sicura\/\">A TAIBON E AGORDO L&#8217;INIZIATIVA REGIONALE &#8220;SCUOLA SICURA&#8221;<\/a><\/p><\/blockquote>\n<p><iframe loading=\"lazy\" class=\"wp-embedded-content\" sandbox=\"allow-scripts\" security=\"restricted\" style=\"position: absolute; clip: rect(1px, 1px, 1px, 1px);\" src=\"https:\/\/www.radiopiu.net\/wordpress\/a-taibon-e-agordo-liniziativa-regionale-scuola-sicura\/embed\/#?secret=yOwUSlpqGD\" data-secret=\"yOwUSlpqGD\" width=\"600\" height=\"338\" title=\"&#8220;A TAIBON E AGORDO L&#8217;INIZIATIVA REGIONALE &#8220;SCUOLA SICURA&#8221;&#8221; &#8212; Radio Pi\u00f9\" frameborder=\"0\" marginwidth=\"0\" marginheight=\"0\" scrolling=\"no\"><\/iframe><\/p>\n<p>&nbsp;<\/p>\n<p>&nbsp;<\/p>\n","protected":false},"excerpt":{"rendered":"<p>L&#8217;ESERCITAZIONE TAIBON Nella settimana che va dal 20 al 25 maggio, nell&#8217;ambito del progetto &#8220;Scuola sicura Veneto&#8221; si svolger\u00e0 alle primarie di Taibon l&#8217;esercitazione che coinvolger\u00e0 l&#8217;intera struttura, soprattutto gli studenti che non sanno quando sar\u00e0 il giorno e l&#8217;ora x, sar\u00e0 tutta una sorpresa anche per loro. Parteciperanno, secondo i rispettivi ruoli, tutte le&hellip;<\/p>\n","protected":false},"author":1,"featured_media":82153,"comment_status":"closed","ping_status":"closed","sticky":false,"template":"","format":"standard","meta":{"_monsterinsights_skip_tracking":false,"_monsterinsights_sitenote_active":false,"_monsterinsights_sitenote_note":"","_monsterinsights_sitenote_category":0,"footnotes":""},"categories":[49],"tags":[],"class_list":["post-85053","post","type-post","status-publish","format-standard","has-post-thumbnail","hentry","category-news-18","category-49","description-off"],"img_url":"https:\/\/www.radiopiu.net\/wordpress\/wp-content\/uploads\/2019\/04\/TAIBON.jpg","_links":{"self":[{"href":"https:\/\/www.radiopiu.net\/wordpress\/wp-json\/wp\/v2\/posts\/85053","targetHints":{"allow":["GET"]}}],"collection":[{"href":"https:\/\/www.radiopiu.net\/wordpress\/wp-json\/wp\/v2\/posts"}],"about":[{"href":"https:\/\/www.radiopiu.net\/wordpress\/wp-json\/wp\/v2\/types\/post"}],"author":[{"embeddable":true,"href":"https:\/\/www.radiopiu.net\/wordpress\/wp-json\/wp\/v2\/users\/1"}],"replies":[{"embeddable":true,"href":"https:\/\/www.radiopiu.net\/wordpress\/wp-json\/wp\/v2\/comments?post=85053"}],"version-history":[{"count":0,"href":"https:\/\/www.radiopiu.net\/wordpress\/wp-json\/wp\/v2\/posts\/85053\/revisions"}],"wp:featuredmedia":[{"embeddable":true,"href":"https:\/\/www.radiopiu.net\/wordpress\/wp-json\/wp\/v2\/media\/82153"}],"wp:attachment":[{"href":"https:\/\/www.radiopiu.net\/wordpress\/wp-json\/wp\/v2\/media?parent=85053"}],"wp:term":[{"taxonomy":"category","embeddable":true,"href":"https:\/\/www.radiopiu.net\/wordpress\/wp-json\/wp\/v2\/categories?post=85053"},{"taxonomy":"post_tag","embeddable":true,"href":"https:\/\/www.radiopiu.net\/wordpress\/wp-json\/wp\/v2\/tags?post=85053"}],"curies":[{"name":"wp","href":"https:\/\/api.w.org\/{rel}","templated":true}]}}