{"id":85056,"date":"2019-05-10T06:13:54","date_gmt":"2019-05-10T04:13:54","guid":{"rendered":"http:\/\/www.radiopiu.net\/wordpress\/?p=85056"},"modified":"2019-05-11T06:04:09","modified_gmt":"2019-05-11T04:04:09","slug":"solidarieta-musicale-per-canale-dagordo","status":"publish","type":"post","link":"https:\/\/www.radiopiu.net\/wordpress\/solidarieta-musicale-per-canale-dagordo\/","title":{"rendered":"SOLIDARIETA&#8217; MUSICALE PER CANALE D&#8217;AGORDO"},"content":{"rendered":"<h2><\/h2>\n<p><strong><a class=\"dt-pswp-item\" href=\"http:\/\/www.radiopiu.net\/wordpress\/wp-content\/uploads\/2019\/05\/8b10b08f-ee1d-42c2-9579-70c207cf211a.jpg\" data-dt-img-description=\"\" data-large_image_width=\"1131\" data-large_image_height=\"1600\"><img loading=\"lazy\" decoding=\"async\" class=\"wp-image-85036 alignleft\" src=\"http:\/\/www.radiopiu.net\/wordpress\/wp-content\/uploads\/2019\/05\/8b10b08f-ee1d-42c2-9579-70c207cf211a-724x1024.jpg\" alt=\"\" width=\"179\" height=\"253\" srcset=\"https:\/\/www.radiopiu.net\/wordpress\/wp-content\/uploads\/2019\/05\/8b10b08f-ee1d-42c2-9579-70c207cf211a-724x1024.jpg 724w, https:\/\/www.radiopiu.net\/wordpress\/wp-content\/uploads\/2019\/05\/8b10b08f-ee1d-42c2-9579-70c207cf211a-212x300.jpg 212w, https:\/\/www.radiopiu.net\/wordpress\/wp-content\/uploads\/2019\/05\/8b10b08f-ee1d-42c2-9579-70c207cf211a-768x1086.jpg 768w, https:\/\/www.radiopiu.net\/wordpress\/wp-content\/uploads\/2019\/05\/8b10b08f-ee1d-42c2-9579-70c207cf211a.jpg 1131w\" sizes=\"auto, (max-width: 179px) 100vw, 179px\" \/><\/a>Sabato al Conservatorio Pollini di Padova<\/strong> \u00e8 in programma una serata a favore del Comune di Canale d&#8217;Agordo per la ricostruzione della &#8220;Cavallera&#8221; distrutta da Vaia, \u00e8 il\u00a0 concerto di fine anno accademico. La &#8220;Cavallera&#8221;\u00a0 \u00e8 un percorso pedonale e ciclabile dove \u00e8 stata realizzata la via Crucis di Papa Luciani inaugurata poco pi\u00f9 di 10 anni fa e realizzata da Franco Murer. ll concerto\u00a0 Suoni per la montagna \u00e8 ad ingresso libero con offerta e il ricavato dell&#8217;iniziativa sar\u00e0 interamente devoluto proprio per la sistemazione della via Crucis<\/p>\n<p><strong>Assessore-Consigliere Maria Elisabetta Luchetta<\/strong><\/p>\n<audio class=\"wp-audio-shortcode\" id=\"audio-85056-1\" preload=\"none\" style=\"width: 100%;\" controls=\"controls\"><source type=\"audio\/mpeg\" src=\"http:\/\/www.radiopiu.net\/wordpress\/wp-content\/uploads\/2019\/05\/MARILISA.mp3?_=1\" \/><a href=\"http:\/\/www.radiopiu.net\/wordpress\/wp-content\/uploads\/2019\/05\/MARILISA.mp3\">http:\/\/www.radiopiu.net\/wordpress\/wp-content\/uploads\/2019\/05\/MARILISA.mp3<\/a><\/audio>\n<p>&nbsp;<\/p>\n<p>&nbsp;<\/p>\n","protected":false},"excerpt":{"rendered":"<p>Sabato al Conservatorio Pollini di Padova \u00e8 in programma una serata a favore del Comune di Canale d&#8217;Agordo per la ricostruzione della &#8220;Cavallera&#8221; distrutta da Vaia, \u00e8 il\u00a0 concerto di fine anno accademico. La &#8220;Cavallera&#8221;\u00a0 \u00e8 un percorso pedonale e ciclabile dove \u00e8 stata realizzata la via Crucis di Papa Luciani inaugurata poco pi\u00f9 di&hellip;<\/p>\n","protected":false},"author":1,"featured_media":85036,"comment_status":"closed","ping_status":"closed","sticky":false,"template":"","format":"standard","meta":{"_monsterinsights_skip_tracking":false,"_monsterinsights_sitenote_active":false,"_monsterinsights_sitenote_note":"","_monsterinsights_sitenote_category":0,"footnotes":""},"categories":[51,49],"tags":[],"class_list":["post-85056","post","type-post","status-publish","format-standard","has-post-thumbnail","hentry","category-evidenza-top","category-news-18","category-51","category-49","description-off"],"img_url":"https:\/\/www.radiopiu.net\/wordpress\/wp-content\/uploads\/2019\/05\/8b10b08f-ee1d-42c2-9579-70c207cf211a.jpg","_links":{"self":[{"href":"https:\/\/www.radiopiu.net\/wordpress\/wp-json\/wp\/v2\/posts\/85056","targetHints":{"allow":["GET"]}}],"collection":[{"href":"https:\/\/www.radiopiu.net\/wordpress\/wp-json\/wp\/v2\/posts"}],"about":[{"href":"https:\/\/www.radiopiu.net\/wordpress\/wp-json\/wp\/v2\/types\/post"}],"author":[{"embeddable":true,"href":"https:\/\/www.radiopiu.net\/wordpress\/wp-json\/wp\/v2\/users\/1"}],"replies":[{"embeddable":true,"href":"https:\/\/www.radiopiu.net\/wordpress\/wp-json\/wp\/v2\/comments?post=85056"}],"version-history":[{"count":0,"href":"https:\/\/www.radiopiu.net\/wordpress\/wp-json\/wp\/v2\/posts\/85056\/revisions"}],"wp:featuredmedia":[{"embeddable":true,"href":"https:\/\/www.radiopiu.net\/wordpress\/wp-json\/wp\/v2\/media\/85036"}],"wp:attachment":[{"href":"https:\/\/www.radiopiu.net\/wordpress\/wp-json\/wp\/v2\/media?parent=85056"}],"wp:term":[{"taxonomy":"category","embeddable":true,"href":"https:\/\/www.radiopiu.net\/wordpress\/wp-json\/wp\/v2\/categories?post=85056"},{"taxonomy":"post_tag","embeddable":true,"href":"https:\/\/www.radiopiu.net\/wordpress\/wp-json\/wp\/v2\/tags?post=85056"}],"curies":[{"name":"wp","href":"https:\/\/api.w.org\/{rel}","templated":true}]}}