{"id":85080,"date":"2019-05-10T18:01:09","date_gmt":"2019-05-10T16:01:09","guid":{"rendered":"http:\/\/www.radiopiu.net\/wordpress\/?p=85080"},"modified":"2019-05-11T09:59:01","modified_gmt":"2019-05-11T07:59:01","slug":"giornale-radiopiu-11-maggio-2019-direttore-mirko-mezzacasa","status":"publish","type":"post","link":"https:\/\/www.radiopiu.net\/wordpress\/giornale-radiopiu-11-maggio-2019-direttore-mirko-mezzacasa\/","title":{"rendered":"GIORNALE RADIOPIU 11 MAGGIO 2019 DIRETTORE MIRKO MEZZACASA"},"content":{"rendered":"<p><strong>Nessuna tregua<\/strong>, il maltempo \u00e8 di nuovo all&#8217;orizzonte, peggioramento previsto per oggi e domani e dalla Regione l&#8217;ormai nota dichiarazione di stato di attenzione per criticit\u00e0 idrogeologica. <strong>Sul Corriere delle Alpi<\/strong> Le mani dei cinesi sul legname schiantato da Vaia, la tempesta ha scosso il mercato del legno e alle aste ecco i cinesi, intermediari che hanno raddoppiato il prezzo dei lotti da 13 a 26 euro, la Cina necessita di materie prime.<strong> La Regione ha approvato il piano di difesa<\/strong> idrogeologica da 21 milioni di euro, per Bottacin operazione importante che mette in primo piano le esigenze del territorio.<strong>Fine settimana in anticipo<\/strong> per i lavoratori della Epta\u00a0 (Costan), da giorni infatti sono a casa dopo che un hacker ha infettato la rete informatica dell&#8217;azienda, forse lunedi tutto ritorner\u00e0 nella normalit\u00e0. <strong>Caso eredit\u00e0 Ricci<\/strong> Maurizio Guglielmo il medico che le cronache hanno reso &#8220;famoso&#8221; \u00e8 scomparso e non si trova da nessuna parte, deve scontare 5 anni di carcere e la condanna \u00e8 definitiva avendo superato i tre gradi di giudizio. <strong>Un camionista Ceko ubriaco <\/strong>\u00a0guidava il Tir per le strade del Cadore ai 100 all&#8217;ora, fermato dalla Polizia e sanzionato a dovere, patente ritirata. <strong>Novit\u00e0 nel feltrino<\/strong>, ecco i nuovi 70 cassonetti per la raccolta dei rifiuti, si apriranno con la tessera. <strong>Oggi in questo notiziario<\/strong> Renato Bona cura lo speciale &#8220;De Marchi, 10 anni dopo&#8221; gli eventi per ricordare il medico alpinista scomparso in un incidente in montagna il 5 giugno del 2009.<strong> Il sindaco di Taibon Silvia Tormen<\/strong> ha comunicato ieri sera che Fabio Tom\u00e8 candidato a consigliere comunale \u00e8 in lista per le elezioni di fine maggio, il candidato a consigliere\u00a0 era stato escluso dalla commissione, ma la sentenza del Consiglio di Stato lo ha riammesso in lista, sentenza che far\u00e0 da precedente (Corriere del Veneto). <strong>Ieri sera sala gremita<\/strong> ad Agordo per la presentazione della lista &#8220;Per Agordo&#8221; del candidato a sindaco Roberto Chissal\u00e8 che ha insistito su due parole &#8220;passione&#8221; e &#8220;dialogo&#8221;, Radio Pi\u00f9 ha trasmesso la presentazione della lista in diretta facebook che riproponiamo in questo notiziario. La prossima settimana sar\u00e0 il candidato a primo cittadino Paolo Selva Moretti a presentare squadra e programmi.<\/p>\n<p>&nbsp;<\/p>\n<p>&nbsp;<\/p>\n<p>Gestione Servizi Pubblici informa che, per lavori alla rete idrica comunale, <span style=\"color: #ff0000;\">lunedi<\/span> dalle 9 e fino al termine dei lavori, verr\u00e0 sospesa l\u2019erogazione dell\u2019acqua a LA VALLE AGORDINA in LOC. CUGNAGO. <span style=\"color: #ff0000;\">\u00a0Martedi<\/span> dalle 9 a fine lavori, verr\u00e0 sospesa l\u2019erogazione dell\u2019acqua a SELVA DI CADORE nelle LOC. PESCUL e S.FOSCA.<\/p>\n<blockquote>\n<h4 style=\"text-align: left;\">OGGI UN CUORE\u00a0 PER LA MONTAGNA, OGGI PER TUTTO IL GIORNO<\/h4>\n<p><strong>SELVA DI CADORE <\/strong>Oggi\u00a0al Museo Cazzetta di Selva di Cadore l&#8217;Associazione Amici del Cuore Terraferma Veneziana in segno di solidariet\u00e0 con la popolazione colpita dall&#8217;uragano Vaia ha organizzato una giornata di prevenzione delle malattie cardiovascolari offrendo il controllo della pressioni arteriosa, peso, colesterolo, glicemia, trigliceridi, si potr\u00e0 eseguire anche l&#8217;elettrocardiogramma e ricevere consiglio cardiologici. A tutti sar\u00e0 consegnato l&#8217;esito degli esami tracciati su supporto elettronico. Si consiglia la pre iscrizione negli ambulatori di Selva di Cadore.<\/p><\/blockquote>\n<h4 style=\"text-align: center;\">FIBROSI CISTICA: UN AIUTO PER LA RICERCA<\/h4>\n<p><strong>AGORDO<\/strong> Raccolta fondi a favore della ricerca per la fibrosi cistica\u00a0<b> OGGI E DOMANI <\/b>\u00a0AL MATTINO a CAVIOLA presso la parrocchia, RIVAMONTE, TISER, GOSALDO E FRASSEN\u00c8 presso le parrocchie\u00a0 \u00a0 \u00a0 ROCCA PIETORE con gli Alpini.<\/p>\n<h4 style=\"text-align: center;\">AIRC IN PIAZZA CON L&#8217;AZALEA<\/h4>\n<blockquote><p>Domani, in occasione della Festa della Mamma, ventimila volontari della Fondazione AIRCsaranno impegnati in tutta Italia per distribuire L\u2019Azalea della Ricerca: non un semplice fiore ma una preziosa alleata della salute al femminile che, dal 1984 ad oggi, ha contribuito a migliorare la qualit\u00e0 di vita delle donne grazie ai risultati raggiunti nell\u2019ambito della prevenzione, diagnosi e cura del cancro al seno e agli organi riproduttivi.<\/p><\/blockquote>\n<p>&nbsp;<\/p>\n<p>&nbsp;<\/p>\n<p>&nbsp;<\/p>\n<p>&nbsp;<\/p>\n<div class=\"\" data-block=\"true\" data-editor=\"a883m\" data-offset-key=\"3rlf-0-0\">\n<h3 class=\"_1mf _1mj\" data-offset-key=\"3rlf-0-0\"><span data-offset-key=\"3rlf-0-0\">MALTEMPO IN ARRIVO IN VENETO. PROTEZIONE CIVILE REGIONE DICHIARA STATO DI ATTENZIONE PER CRITICITA\u2019 IDROGEOLOGICA E VENTO FORTE<\/span><\/h3>\n<\/div>\n<div class=\"\" data-block=\"true\" data-editor=\"a883m\" data-offset-key=\"8eu8g-0-0\">\n<div class=\"_1mf _1mj\" data-offset-key=\"8eu8g-0-0\"><strong>VENEZIA<\/strong> Una nuova fase di maltempo sta per interessare il Veneto, con previsioni elaborate da Arpav che indicano precipitazioni da sparse a diffuse, anche a carattere di rovescio o temporale, anche intenso, soprattutto tra le ore centrali di oggi e il pomeriggio di domani. Il tutto sar\u00e0 anche accompagnato da fenomeni di vento forte. Lo Stato di Attenzione per criticit\u00e0 Idrogeologica \u00e8 dichiarato dalle ore 12.00 di domani, sabato 11 maggio, alle ore 14.00 di domenica 12 maggio. Lo Stato di Attenzione per Vento forte \u00e8 dichiarato dalle ore 18.00 di domani, alle ore 14 di luned\u00ec 13 maggio.<\/div>\n<\/div>\n<p>&nbsp;<\/p>\n<p>&nbsp;<\/p>\n<p>&nbsp;<\/p>\n<p>&nbsp;<\/p>\n<h2>AUTISTA CECO ANNEBBIATO DALL&#8217;ALCOOL<\/h2>\n<blockquote><p><em>&#8220;Il conducente del complesso veicolare, sottoposto ad accertamento alcolemico, risultava positivo alla prova effettuata con l\u2019etilometro presentando un tasso alcolico superiore a 2,50 g\/l.&#8221;<\/em><\/p><\/blockquote>\n<p><a class=\"dt-pswp-item\" href=\"http:\/\/www.radiopiu.net\/wordpress\/wp-content\/uploads\/2018\/09\/POLIZIA-1.jpg\" data-dt-img-description=\"\" data-large_image_width=\"1600\" data-large_image_height=\"1200\"><img loading=\"lazy\" decoding=\"async\" class=\"wp-image-60258 alignleft\" src=\"http:\/\/www.radiopiu.net\/wordpress\/wp-content\/uploads\/2018\/09\/POLIZIA-1.jpg\" alt=\"\" width=\"189\" height=\"142\" srcset=\"https:\/\/www.radiopiu.net\/wordpress\/wp-content\/uploads\/2018\/09\/POLIZIA-1.jpg 1600w, https:\/\/www.radiopiu.net\/wordpress\/wp-content\/uploads\/2018\/09\/POLIZIA-1-300x225.jpg 300w, https:\/\/www.radiopiu.net\/wordpress\/wp-content\/uploads\/2018\/09\/POLIZIA-1-768x576.jpg 768w, https:\/\/www.radiopiu.net\/wordpress\/wp-content\/uploads\/2018\/09\/POLIZIA-1-1024x768.jpg 1024w\" sizes=\"auto, (max-width: 189px) 100vw, 189px\" \/><\/a>Un camionista di 57 anni Ceko diretto in Croazia guidava sulle strade bellunesi da oltre 2 ore ad una velocit\u00e0 di 100 chilometri orari (confermato dal tachigrafo), non solo V.J. era pure alterato per l&#8217;assunzione di alcol ed \u00e8 scattata l&#8217;altra sanzione di 567 euro con una decurtazione di 15 punti sulla patente, la denuncia a piede libero, il ritiro della patente. L&#8217;uomo a bordo dell&#8217;autoarticolato \u00e8 stato fermato dalla Polstrada (distaccamento di Valle di Cadore) l&#8217;altra sera attorno alle 22.30 lungo la regionale 48. La pattuglia rilevava inoltre il superamento della durata dei periodi di guida giornalieri prescritti dal regolamento CE.<\/p>\n<p>&nbsp;<\/p>\n<p>&nbsp;<\/p>\n<p>&nbsp;<\/p>\n<p>&nbsp;<\/p>\n<p>&nbsp;<\/p>\n<p>&nbsp;<\/p>\n<h2>CICLABILI PER FARE TURISMO? BASTEREBBERO STRADE PERCORRIBILI E SICURE.<\/h2>\n<p><strong><a class=\"dt-pswp-item\" href=\"http:\/\/www.radiopiu.net\/wordpress\/wp-content\/uploads\/2019\/05\/download-6.jpg\" data-dt-img-description=\"\" data-large_image_width=\"260\" data-large_image_height=\"194\"><img loading=\"lazy\" decoding=\"async\" class=\" wp-image-85098 alignleft\" src=\"http:\/\/www.radiopiu.net\/wordpress\/wp-content\/uploads\/2019\/05\/download-6.jpg\" alt=\"\" width=\"232\" height=\"173\" \/><\/a>TAIBON<\/strong> Parte delle piste ciclabili dell&#8217;Agordino sono solo un ricordo dopo il 29 ottobre e ci vorranno parecchi giorni di lavoro per creare quel reticolo di strade e stradine che tanto piace a turisti e valligiani. Quello che rimane di problemi ne presenta comunque, prendiamo ad esempio due delle tre lunghe gallerie della vallata, terribili da fare in bicicletta per il fumo di scarico, l&#8217;illuminazione, il traffico soprattutto nei giorni di festa e nei turni di Luxottica. La galleria dei Castei, buia, spesso grigia ma soprattutto annacquata quando piove un po&#8217; di pi\u00f9 del normale la pioggia esterna si trasforma in ruscelli interni, improvvise venute d&#8217;acqua che mettono\u00a0 a rischio chi \u00e8 alla guida dei mezzi e perde la concentrazione. Il ciclista ha un&#8217;unica possibilit\u00e0: pedalare in galleria, la strada accanto \u00e8 un terreno minato pieno di sassi caduti dal Monte Celo e la sbarra invita a non proseguire. Tra Taibon e Cencenighe c&#8217;era la vecchia regionale 203 agordina fino ad ottobre, che non \u00e8 mai stata una pista ciclabile, ma una strada dismessa da Veneto Strade che i Comuni di Taibon e Cencenighe non si sono mai presi in &#8220;ditta&#8221; e di conseguenza \u00e8 sempre stata una strada chiusa a qualsiasi mezzo, cio\u00e8 aperta solo a pedoni ed animali. Ma tant&#8217;\u00e8 parte di quella strada \u00e8 crollata, inghiottita dal torrente Cordevole. Il ciclista ha un&#8217;unica possibilit\u00e0: pedalare nel lungo, buio e freddo tunnel che da Listolade porta a Morbiach, per\u00f2 anche in questo caso esiste una strada laterale, la vecchia strada, ma come ai Castei il pericolo sassi \u00e8 in agguato (non a caso \u00e8 rimasta chiusa per anni) e una sbarra blocca i ciclisti anche se i pi\u00f9 temerari come ai Castei pur di non infilarsi in galleria oltrepassano la sbarra e sfidano i sassi.<\/p>\n<p><strong>VIDEO SERVIZIO<\/strong><\/p>\n<div style=\"width: 640px;\" class=\"wp-video\"><video class=\"wp-video-shortcode\" id=\"video-85080-1\" width=\"640\" height=\"352\" preload=\"metadata\" controls=\"controls\"><source type=\"video\/mp4\" src=\"http:\/\/www.radiopiu.net\/wordpress\/wp-content\/uploads\/2019\/05\/WhatsApp-Video-2019-05-10-at-15.25.15.mp4?_=1\" \/><a href=\"http:\/\/www.radiopiu.net\/wordpress\/wp-content\/uploads\/2019\/05\/WhatsApp-Video-2019-05-10-at-15.25.15.mp4\">http:\/\/www.radiopiu.net\/wordpress\/wp-content\/uploads\/2019\/05\/WhatsApp-Video-2019-05-10-at-15.25.15.mp4<\/a><\/video><\/div>\n<p>&nbsp;<\/p>\n<p>&nbsp;<\/p>\n<p>&nbsp;<\/p>\n<p>&nbsp;<\/p>\n<h2>PER DE CARLO IN VISITA AL CARCERE DI BALDENICH LA PSICHIATRIA E&#8217; INADEGUATA.<\/h2>\n<p><strong>DALLA RASSEGNA STAMPA DI RADIO PIU<\/strong><\/p>\n<audio class=\"wp-audio-shortcode\" id=\"audio-85080-1\" preload=\"none\" style=\"width: 100%;\" controls=\"controls\"><source type=\"audio\/mpeg\" src=\"http:\/\/www.radiopiu.net\/wordpress\/wp-content\/uploads\/2019\/05\/DE-CARLO.mp3?_=1\" \/><a href=\"http:\/\/www.radiopiu.net\/wordpress\/wp-content\/uploads\/2019\/05\/DE-CARLO.mp3\">http:\/\/www.radiopiu.net\/wordpress\/wp-content\/uploads\/2019\/05\/DE-CARLO.mp3<\/a><\/audio>\n<p>&nbsp;<\/p>\n<p><strong><a class=\"dt-pswp-item\" href=\"http:\/\/www.radiopiu.net\/wordpress\/wp-content\/uploads\/2019\/05\/De-Carlo-Visita-carcere-Baldenich.jpg\" data-dt-img-description=\"\" data-large_image_width=\"4032\" data-large_image_height=\"3024\"><img loading=\"lazy\" decoding=\"async\" class=\" wp-image-85082 alignleft\" src=\"http:\/\/www.radiopiu.net\/wordpress\/wp-content\/uploads\/2019\/05\/De-Carlo-Visita-carcere-Baldenich-300x225.jpg\" alt=\"\" width=\"220\" height=\"165\" srcset=\"https:\/\/www.radiopiu.net\/wordpress\/wp-content\/uploads\/2019\/05\/De-Carlo-Visita-carcere-Baldenich-300x225.jpg 300w, https:\/\/www.radiopiu.net\/wordpress\/wp-content\/uploads\/2019\/05\/De-Carlo-Visita-carcere-Baldenich-768x576.jpg 768w, https:\/\/www.radiopiu.net\/wordpress\/wp-content\/uploads\/2019\/05\/De-Carlo-Visita-carcere-Baldenich-1024x768.jpg 1024w\" sizes=\"auto, (max-width: 220px) 100vw, 220px\" \/><\/a>BELLUNO<\/strong> Visita alla sezione di salute mentale del carcere di Baldenich, a Belluno, questa mattina per l&#8217;onorevole e commissario veneto di Fratelli d&#8217;Italia, Luca De Carlo. Un sopralluogo che ha confermato le preoccupazioni di De Carlo: \u201cQuesta struttura non consente di assistere opportunamente i pazienti detenuti e non garantisce la sicurezza degli agenti che vi lavorano\u201d, spiega De Carlo. \u201cLe condizioni di lavoro sono molto difficili, si contano 15 unit\u00e0 in meno sulla carta, anche se ne mancano molte di pi\u00f9, e il percorso di supporto ai pazienti non \u00e8 adeguato\u201d. De Carlo annuncia quindi le prossime mosse: \u201cContatter\u00f2 nuovamente il capo dipartimento dell&#8217;amministrazione penitenziaria, Enrico Sbriglia, ribadendo la necessit\u00e0 di chiudere al pi\u00f9 presto la sezione di salute mentale del carcere di Baldenich. Inoltre, incontrer\u00f2 il magistrato del Tribunale di sorveglianza a Venezia, per capire se nel frattempo \u00e8 possibile trasferire in un luogo pi\u00f9 idoneo i pazienti attualmente detenuti, in attesa del trasferimento definitivo al carcere di Padova, annunciato ormai un anno fa e del quale non sappiamo pi\u00f9 nulla\u201d. \u201cNon importa che si mettano prima i diritti dei carcerati o dei lavoratori\u201d, conclude De Carlo \u201cQuesta struttura non serve allo scopo per cui \u00e8 nata, quella di migliorare le condizioni psichiche dei detenuti anche in vista del fine pena, e mette a rischio la salute degli agenti, come ha dimostrato il caso di un paio di giorni fa. Bisogna chiuderla al pi\u00f9 presto, per il bene di tutti\u201d.<\/p>\n<p>&nbsp;<\/p>\n<p>&nbsp;<\/p>\n<p>&nbsp;<\/p>\n<h3>AMBIENTE. DALLA GIUNTA REGIONALE VIA LIBERA AL PIANO DI INTERVENTI DI SISTEMAZIONE IDRAULICO-FORESTALE<\/h3>\n<p><strong>VENEZIA<\/strong>\u00a0 La Giunta regionale del Veneto ha approvato in via definitiva il programma di interventi di sistemazione idraulico-forestale per l\u2019anno 2019 che prevede opere in tutto il territorio regionale per un importo pari a 21 milioni di euro. <em>\u201cIl criterio di definizione delle opere previste nel piano annuale, \u2013 spiega l\u2019Assessore regionale all\u2019Ambiente e alla Difesa del Suolo &#8211; oltre a tenere conto di quanto previsto dalla Legge Forestale Regionale, tiene in considerazione le esigenze riscontrate nel territorio in ottica di tutela e conservazione mediante la realizzazione di opere ed interventi pubblici che hanno carattere di urgenza e indifferibilit\u00e0. In particolare, visto quanto accaduto con Vaia, il piano prevede numerosi interventi di ripristino della viabilit\u00e0 silvo-pastorale finalizzati alla pulizia delle aree schiantate\u201d. <\/em>Gli interventi previsti per l\u2019area compresa nell\u2019Unit\u00e0 Organizzativa Forestale Est, prevedono complessivamente progetti per 11.800.000 euro, 5.630.000 euro per la provincia di Belluno, 3.030.000 euro per la provincia di Treviso e 640.000 euro per interventi nell\u2019area litoranea della provincia di Venezia.<\/p>\n<p>&nbsp;<\/p>\n<p>&nbsp;<\/p>\n<p>&nbsp;<\/p>\n<h3>&#8220;PASSIONE E DIALOGO&#8221; I PUNTI DI FORZA DI ROBERTO CHISSALE&#8217;. IERI SERA LA PRESENTAZIONE DELLA SQUADRA PER LE PROSSIME ELEZIONI<\/h3>\n<div id=\"fb-root\"><\/div>\n<p><script async=\"1\" defer=\"1\" crossorigin=\"anonymous\" src=\"https:\/\/connect.facebook.net\/it_IT\/sdk.js#xfbml=1&amp;version=v6.0\"><\/script><\/p>\n<div class=\"fb-video\" data-href=\"https:\/\/www.facebook.com\/mirko.mezzacasa\/videos\/10219673204847495\/\" data-width=\"1200\">\n<blockquote cite=\"https:\/\/www.facebook.com\/mirko.mezzacasa\/videos\/10219673204847495\/\" class=\"fb-xfbml-parse-ignore\"><p><a href=\"https:\/\/www.facebook.com\/mirko.mezzacasa\/videos\/10219673204847495\/\"><\/a><\/p>\n<p>Sala Don Tamis. PRESENTAZIONE LISTA CIVICA &#039;&#039; PER AGORDO &#039;&#039; candidato sindaco Chissal\u00e9 Chissal\u00e9<\/p>\n<p>Pubblicato da <a href=\"https:\/\/www.facebook.com\/mirko.mezzacasa\">Mirko Mezzacasa<\/a> su Venerd\u00ec 10 maggio 2019<\/p><\/blockquote>\n<\/div>\n<p>&nbsp;<\/p>\n<p>&nbsp;<\/p>\n<p>&nbsp;<\/p>\n<h2>L&#8217;ASSESSORE REGIONALE ALLE MINORANZE LINGUISTICHE DI TRENTO A COLLE SANTA LUCIA<\/h2>\n<p><strong><a class=\"dt-pswp-item\" href=\"http:\/\/www.radiopiu.net\/wordpress\/wp-content\/uploads\/2019\/05\/9009463f-f03a-4e3f-bc92-46520ef3096d.jpg\" data-dt-img-description=\"\" data-large_image_width=\"1600\" data-large_image_height=\"1200\"><img loading=\"lazy\" decoding=\"async\" class=\"alignnone size-full wp-image-85126\" src=\"http:\/\/www.radiopiu.net\/wordpress\/wp-content\/uploads\/2019\/05\/9009463f-f03a-4e3f-bc92-46520ef3096d.jpg\" alt=\"\" width=\"1600\" height=\"1200\" srcset=\"https:\/\/www.radiopiu.net\/wordpress\/wp-content\/uploads\/2019\/05\/9009463f-f03a-4e3f-bc92-46520ef3096d.jpg 1600w, https:\/\/www.radiopiu.net\/wordpress\/wp-content\/uploads\/2019\/05\/9009463f-f03a-4e3f-bc92-46520ef3096d-300x225.jpg 300w, https:\/\/www.radiopiu.net\/wordpress\/wp-content\/uploads\/2019\/05\/9009463f-f03a-4e3f-bc92-46520ef3096d-768x576.jpg 768w, https:\/\/www.radiopiu.net\/wordpress\/wp-content\/uploads\/2019\/05\/9009463f-f03a-4e3f-bc92-46520ef3096d-1024x768.jpg 1024w\" sizes=\"auto, (max-width: 1600px) 100vw, 1600px\" \/><\/a>COLLE SANTA LUCIA<\/strong> L\u2019Istitut Cultural Ladin Cesa de Jan ha incontrato \u00a0il nuovo Assessore Regionale alle Minoranze Linguistiche Manfred Vallazza nella seicentesca \u201cCesa de Jan\u201d, ha partecipato anche G\u00fcnther Hofer, dirigente responsabile della 3\u00b0 Ripartizione della Regione Trentino-S\u00fcdtirol,\u00a0 la Presidente dell\u2019Istituto Elsa Zardini, i Vice Presidenti Paolo Frena e Isabella Marchione e il Direttore Denni Dorigo che\u00a0 hanno illustrato alla delegazione regionale le principali attivit\u00e0 e i progetti dell\u2019Istituto, soffermandosi sulla difficolt\u00e0 che ogni giorno vivono i \u201cLadins de Souramont\u201d ovvero le comunit\u00e0 ladine di Livinallongo, Colle Santa Lucia e Cortina d\u2019Ampezzo, a cui non \u00e8 concessa alcuna forma di tutela spettante alle minoranze linguistiche. L\u2019Assessore Vallazza ha potuto constatare la precaria situazione in cui si trovano i Ladini il cui territorio ricade in Regione Veneto, rispetto ai Ladini della Val di Fassa, Val Badia e Val Gardena, i quali vedono riconosciuti i propri diritti nei rispettivi statuti provinciali. Tuttavia, l\u2019intera delegazione \u00e8 rimasta piacevolmente colpita da quanto viene fatto per la valorizzazione della lingua, della storia e della cultura ladina e da come emerge in modo chiaro quanto la popolazione di queste terre si senta culturalmente legata alla Ladinia \u201cbrissinotirolese.<\/p>\n<p>&nbsp;<\/p>\n<p>&nbsp;<\/p>\n<p>&nbsp;<\/p>\n<p>&nbsp;<\/p>\n<h2>SOLIDARIETA&#8217; AL FOLLADOR &#8211; DE ROSSI<\/h2>\n<p><strong><a class=\"dt-pswp-item\" href=\"http:\/\/www.radiopiu.net\/wordpress\/wp-content\/uploads\/2019\/05\/download.png\" data-dt-img-description=\"\" data-large_image_width=\"318\" data-large_image_height=\"159\"><img loading=\"lazy\" decoding=\"async\" class=\" wp-image-85097 alignleft\" src=\"http:\/\/www.radiopiu.net\/wordpress\/wp-content\/uploads\/2019\/05\/download-300x150.png\" alt=\"\" width=\"248\" height=\"124\" srcset=\"https:\/\/www.radiopiu.net\/wordpress\/wp-content\/uploads\/2019\/05\/download-300x150.png 300w, https:\/\/www.radiopiu.net\/wordpress\/wp-content\/uploads\/2019\/05\/download.png 318w\" sizes=\"auto, (max-width: 248px) 100vw, 248px\" \/><\/a>AGORDO<\/strong> Prender\u00e0 il via presso l\u2019Istituto Follador l\u2019iniziativa \u201cEnglish in Italy\u201d. L&#8217;iniziativa si svolger\u00e0 presso la nostra scuola, grazie alla sensibilit\u00e0 dimostrata dal tour-operator VIVIMONDO SRL di Treviso che, a seguito del drammatico evento atmosferico straordinario che ha colpito l\u2019Agordino lo scorso autunno, ha voluto manifestare la propria vicinanza agli studenti agordini. Verranno cos\u00ec attivati tre corsi di General English di 20 ore di lezione ciascuno, tenuti da docenti madrelingua qualificati TEFL, presso la sede di Agordo dal 2 al 6 settembre 2019 con consegna di relativo certificato al termine delle lezioni. Il corso offrir\u00e0 la possibilit\u00e0 di imparare, rafforzare e perfezionare la lingua inglese in modo semplice e diretto, dando l\u2019opportunit\u00e0 di consolidare nel periodo estivo le competenze acquisite dagli allievi in prospettiva della frequenza all\u2019anno scolastico successivo.\u00a0 L\u2019iniziativa \u00e8 stata apprezzata ed accolta con interesse dagli studenti e dalle loro famiglie e tutte le domande pervenute sono state accolte.<\/p>\n<p>&nbsp;<\/p>\n<p>&nbsp;<\/p>\n<p>&nbsp;<\/p>\n<p>&nbsp;<\/p>\n<h2>ELICOTTERO E DIVISA AFFASCINANO GLI STUDENTI DELLA PRIMARIA<\/h2>\n<p><strong><a class=\"dt-pswp-item\" href=\"http:\/\/www.radiopiu.net\/wordpress\/wp-content\/uploads\/2019\/05\/f4028191-b99d-4b5f-9851-d486de624647.jpg\" data-dt-img-description=\"\" data-large_image_width=\"320\" data-large_image_height=\"213\"><img loading=\"lazy\" decoding=\"async\" class=\"wp-image-85117 alignleft\" src=\"http:\/\/www.radiopiu.net\/wordpress\/wp-content\/uploads\/2019\/05\/f4028191-b99d-4b5f-9851-d486de624647.jpg\" alt=\"\" width=\"257\" height=\"171\" srcset=\"https:\/\/www.radiopiu.net\/wordpress\/wp-content\/uploads\/2019\/05\/f4028191-b99d-4b5f-9851-d486de624647.jpg 320w, https:\/\/www.radiopiu.net\/wordpress\/wp-content\/uploads\/2019\/05\/f4028191-b99d-4b5f-9851-d486de624647-300x200.jpg 300w\" sizes=\"auto, (max-width: 257px) 100vw, 257px\" \/><\/a>BELLUNO<\/strong>Visita istruttiva nella sede del 14esimo Nucleo Elicotteri di Belluno per gli studenti della prima e seconda classe della primaria del Comprensivo Belluno 3. Con il coordinamento della professoressa Lucia Savina i ragazzi hanno avuto un\u00a0 incontro con il comandante del Nucleo Maggiore Luca Dalla Gasperina che ha illustrato i compiti istituzionali dell&#8217;Arma. Poi gli studenti sono stati accompagnati nel piazzale di volo per osservare da vicino l&#8217;elicottero AB412EP FIAMMA 37 in dotazione al reparto. Gli alunni hanno incontrato inoltre una pattuglia della sezione Radiomobile dei Carabinieri comandata dal Sotto Tenente Giorgio Bergamo arrivata a bordo dell&#8217;Alfa Romeo Giulietta dotata di radio di ultima generazione. Al termine per tutti, prima della &#8220;merenda&#8221; la possibilit\u00e0 di assistere al decollo dell&#8217;elicottero chiamato per un&#8217;attivit\u00e0 addestrativa.<\/p>\n<p>&nbsp;<\/p>\n<p>&nbsp;<\/p>\n<p>&nbsp;<\/p>\n<p>&nbsp;<\/p>\n<h2>FONDO WELFARE, INFORMAZIONI DALLA PROVINCIA<\/h2>\n<blockquote><p><em>tipologia del contributo erogato dal Fondo Welfare e identit\u00e0 territoriale, inserito anche nell&#8217;aggiornamento delle FAQ del sito della Provincia<\/em><\/p><\/blockquote>\n<p><strong><a class=\"dt-pswp-item\" href=\"http:\/\/www.radiopiu.net\/wordpress\/wp-content\/uploads\/2019\/04\/BIASI.jpg\" data-dt-img-description=\"\" data-large_image_width=\"640\" data-large_image_height=\"640\"><img loading=\"lazy\" decoding=\"async\" class=\"wp-image-83471 alignleft\" src=\"http:\/\/www.radiopiu.net\/wordpress\/wp-content\/uploads\/2019\/04\/BIASI-300x300.jpg\" alt=\"\" width=\"73\" height=\"73\" srcset=\"https:\/\/www.radiopiu.net\/wordpress\/wp-content\/uploads\/2019\/04\/BIASI-300x300.jpg 300w, https:\/\/www.radiopiu.net\/wordpress\/wp-content\/uploads\/2019\/04\/BIASI-150x150.jpg 150w, https:\/\/www.radiopiu.net\/wordpress\/wp-content\/uploads\/2019\/04\/BIASI.jpg 640w\" sizes=\"auto, (max-width: 73px) 100vw, 73px\" \/><\/a><\/strong><\/p>\n<p>&nbsp;<\/p>\n<p><strong>DALLA RASSEGNA STAMPA LA PRESIDENTE, FRANCESCA DE BIASI<\/strong><\/p>\n<audio class=\"wp-audio-shortcode\" id=\"audio-85080-2\" preload=\"none\" style=\"width: 100%;\" controls=\"controls\"><source type=\"audio\/mpeg\" src=\"http:\/\/www.radiopiu.net\/wordpress\/wp-content\/uploads\/2019\/05\/ranceca.mp3?_=2\" \/><a href=\"http:\/\/www.radiopiu.net\/wordpress\/wp-content\/uploads\/2019\/05\/ranceca.mp3\">http:\/\/www.radiopiu.net\/wordpress\/wp-content\/uploads\/2019\/05\/ranceca.mp3<\/a><\/audio>\n<p><strong>BELLUNO <\/strong>Il contributo del Fondo Welfare non \u00e8 da considerarsi un contributo pubblico. Il Fondo Welfare infatti: non si costituisce come ente pubblico, erogher\u00e0 un contributo a carattere &#8220;sociale&#8221;, e non puntuale secondo danno subito. Il fondo in questo contesto si occuper\u00e0 di distribuire nel modo pi\u00f9 possibile equo donazioni libere, non pubbliche. Il danno dichiarato dall&#8217;utente servir\u00e0 solo come parametro per cogliere &#8211; insieme a quello socio economico e allo stato di famiglia &#8211; la situazione di fragilit\u00e0 della persona e del nucleo richiedente. Per questi motivi non dovr\u00e0 essere n\u00e9 alternativo, n\u00e9 da computare nel totale dei contributi pubblici ricevuti dal cittadino per Vaia.<\/p>\n<p>&nbsp;<\/p>\n<p>&nbsp;<\/p>\n<p>&nbsp;<\/p>\n<h2>SOLIDARIETA&#8217; MUSICALE PER CANALE D&#8217;AGORDO<\/h2>\n<p><strong><a class=\"dt-pswp-item\" href=\"http:\/\/www.radiopiu.net\/wordpress\/wp-content\/uploads\/2019\/05\/8b10b08f-ee1d-42c2-9579-70c207cf211a.jpg\" data-dt-img-description=\"\" data-large_image_width=\"1131\" data-large_image_height=\"1600\"><img loading=\"lazy\" decoding=\"async\" class=\"wp-image-85036 alignleft\" src=\"http:\/\/www.radiopiu.net\/wordpress\/wp-content\/uploads\/2019\/05\/8b10b08f-ee1d-42c2-9579-70c207cf211a-724x1024.jpg\" alt=\"\" width=\"179\" height=\"253\" srcset=\"https:\/\/www.radiopiu.net\/wordpress\/wp-content\/uploads\/2019\/05\/8b10b08f-ee1d-42c2-9579-70c207cf211a-724x1024.jpg 724w, https:\/\/www.radiopiu.net\/wordpress\/wp-content\/uploads\/2019\/05\/8b10b08f-ee1d-42c2-9579-70c207cf211a-212x300.jpg 212w, https:\/\/www.radiopiu.net\/wordpress\/wp-content\/uploads\/2019\/05\/8b10b08f-ee1d-42c2-9579-70c207cf211a-768x1086.jpg 768w, https:\/\/www.radiopiu.net\/wordpress\/wp-content\/uploads\/2019\/05\/8b10b08f-ee1d-42c2-9579-70c207cf211a.jpg 1131w\" sizes=\"auto, (max-width: 179px) 100vw, 179px\" \/><\/a>Oggi al Conservatorio Pollini di Padova<\/strong> \u00e8 in programma una serata a favore del Comune di Canale d&#8217;Agordo per la ricostruzione della &#8220;Cavallera&#8221; distrutta da Vaia, \u00e8 il\u00a0 concerto di fine anno accademico. La &#8220;Cavallera&#8221;\u00a0 \u00e8 un percorso pedonale e ciclabile dove \u00e8 stata realizzata la via Crucis di Papa Luciani inaugurata poco pi\u00f9 di 10 anni fa e realizzata da Franco Murer. ll concerto\u00a0 Suoni per la montagna \u00e8 ad ingresso libero con offerta e il ricavato dell&#8217;iniziativa sar\u00e0 interamente devoluto proprio per la sistemazione della via Crucis<\/p>\n<p><strong>Assessore-Consigliere Maria Elisabetta Luchetta<\/strong><\/p>\n<audio class=\"wp-audio-shortcode\" id=\"audio-85080-3\" preload=\"none\" style=\"width: 100%;\" controls=\"controls\"><source type=\"audio\/mpeg\" src=\"http:\/\/www.radiopiu.net\/wordpress\/wp-content\/uploads\/2019\/05\/MARILISA.mp3?_=3\" \/><a href=\"http:\/\/www.radiopiu.net\/wordpress\/wp-content\/uploads\/2019\/05\/MARILISA.mp3\">http:\/\/www.radiopiu.net\/wordpress\/wp-content\/uploads\/2019\/05\/MARILISA.mp3<\/a><\/audio>\n<p>&nbsp;<\/p>\n<p>&nbsp;<\/p>\n<p><span style=\"color: #ff0000;\">LAGO DI SANTA CROCE<\/span><\/p>\n<h2>POSIZIONATE LE BOE ESTIVE NEL CORRIDOIO RISERVATO AI CANADAIR<\/h2>\n<p><a class=\"dt-pswp-item\" href=\"http:\/\/www.radiopiu.net\/wordpress\/wp-content\/uploads\/2019\/05\/IMG_20190509_170752.jpg\" data-dt-img-description=\"\" data-large_image_width=\"5312\" data-large_image_height=\"2988\"><img loading=\"lazy\" decoding=\"async\" class=\"size-medium wp-image-85157 alignleft\" src=\"http:\/\/www.radiopiu.net\/wordpress\/wp-content\/uploads\/2019\/05\/IMG_20190509_170752-300x169.jpg\" alt=\"\" width=\"300\" height=\"169\" srcset=\"https:\/\/www.radiopiu.net\/wordpress\/wp-content\/uploads\/2019\/05\/IMG_20190509_170752-300x169.jpg 300w, https:\/\/www.radiopiu.net\/wordpress\/wp-content\/uploads\/2019\/05\/IMG_20190509_170752-768x432.jpg 768w, https:\/\/www.radiopiu.net\/wordpress\/wp-content\/uploads\/2019\/05\/IMG_20190509_170752-1024x576.jpg 1024w\" sizes=\"auto, (max-width: 300px) 100vw, 300px\" \/><\/a>Sono state collocate nei giorni scorsi nel bacino lacustre di Santa Croce le nuove boe fisse che indicano il corridoio, cosiddetto di pescaggio, utilizzato dai velivoli Canadair per lo spegnimento degli incendi boschivi. Come noto, il lago di Santa Croce rappresenta, per posizionamento geografico e caratteristiche morfologiche, uno dei serbatoi naturali maggiormente utilizzati dal Dipartimento di Protezione Civile nel rifornire d\u2019acqua gli aerei antincendio in caso di emergenze su larga scala. Le nuove boe, del diametro di 150 cm e di colore giallo, sono state messe a dimora stabile dai volontari di Protezione Civile del nucleo sommozzatori dell\u2019ANA della sezione di Belluno. Il corridoio individuato per le operazioni di rifornimento dell\u2019acqua \u00e8 lungo circa 4200 metri e largo 500. Nel caso si verifichi un\u2019emergenza, la sala operativa antincendi boschivi della Regione del Veneto contatta il Comune di Alpago che emetter\u00e0 un\u2019ordinanza di divieto di attivit\u00e0 sul lago che, nel periodo estivo quando sono collocate le boe fisse \u2013 come ora \u2013 sar\u00e0 limitato alla sola area del corridoio di pescaggio. Le attivit\u00e0 natatorie, di pesca o sportive potranno cos\u00ec continuare ad essere svolte, ma esclusivamente all\u2019esterno del corridoio di pescaggio e con il divieto assoluto di attraversarlo, sino a revoca dell\u2019emergenza.<\/p>\n<blockquote><p><em>\u201cIl Lago di Santa Croce rappresenta per la nostra offerta turistica uno dei punti di maggior forza, soprattutto durante la stagione estiva, ma \u00e8 necessario che le numerose attivit\u00e0 che vi si svolgono godano della massima sicurezza. Le procedure \u2013 come quelle attivate in questo caso \u2013 sono importanti; invitiamo in ogni caso \u2013 come sempre \u2013 operatori, cittadini, visitatori e turisti ad adottare tutti quei comportamenti responsabili ed attenti che possono aiutarci a ridurre al minimo ogni rischio\u201d, commenta l\u2019assessore al turismo del Comune di Alpago Federico Costa.<\/em><\/p><\/blockquote>\n<p>&nbsp;<\/p>\n<p>&nbsp;<\/p>\n<h2>POLIZIA: 19 POSTI PER PSICOLOGO<\/h2>\n<p><strong><a class=\"dt-pswp-item\" href=\"http:\/\/www.radiopiu.net\/wordpress\/wp-content\/uploads\/2016\/11\/bandi-e-concorsi.jpg\" data-dt-img-description=\"\" data-large_image_width=\"285\" data-large_image_height=\"270\"><img loading=\"lazy\" decoding=\"async\" class=\"wp-image-25479 alignleft\" src=\"http:\/\/www.radiopiu.net\/wordpress\/wp-content\/uploads\/2016\/11\/bandi-e-concorsi.jpg\" alt=\"\" width=\"81\" height=\"77\" \/><\/a>BELLUNO<\/strong> Nella Gazzetta Ufficiale \u00e8 stato pubblicato il concorso pubblico, per titoli ed esami, per il conferimento di 19 posti di commissario tecnico psicologo. La domanda deve essere trasmessa entro 30 giorni, ulteriori informazioni sul portale: https\/\/:concorsionline.poliziadistato.it<\/p>\n<p>&nbsp;<\/p>\n<p>&nbsp;<\/p>\n<p>&nbsp;<\/p>\n<h3 class=\"entry-title\">\u201cDIECI ANNI CON L\u2019ASSOCIAZIONE GIULIANO DE MARCHI PER IL NEPAL DI RENATO BONA<\/h3>\n<blockquote class=\"wp-embedded-content\" data-secret=\"uFKEY3dC7b\"><p><a href=\"https:\/\/www.radiopiu.net\/wordpress\/dieci-anni-con-lassociazione-giuliano-de-marchi-per-il-nepal-di-renato-bona\/\">\u201cDIECI ANNI CON L\u2019ASSOCIAZIONE GIULIANO DE MARCHI PER IL NEPAL di RENATO BONA<\/a><\/p><\/blockquote>\n<p><iframe loading=\"lazy\" class=\"wp-embedded-content\" sandbox=\"allow-scripts\" security=\"restricted\" style=\"position: absolute; clip: rect(1px, 1px, 1px, 1px);\" src=\"https:\/\/www.radiopiu.net\/wordpress\/dieci-anni-con-lassociazione-giuliano-de-marchi-per-il-nepal-di-renato-bona\/embed\/#?secret=uFKEY3dC7b\" data-secret=\"uFKEY3dC7b\" width=\"600\" height=\"338\" title=\"&#8220;\u201cDIECI ANNI CON L\u2019ASSOCIAZIONE GIULIANO DE MARCHI PER IL NEPAL di RENATO BONA&#8221; &#8212; Radio Pi\u00f9\" frameborder=\"0\" marginwidth=\"0\" marginheight=\"0\" scrolling=\"no\"><\/iframe><\/p>\n<p>&nbsp;<\/p>\n<p>&nbsp;<\/p>\n<p>&nbsp;<\/p>\n<h2>70 CASSONETTI AD APERTURA ELETTRONICA, SMART CARD IN DISTRIBUZIONE<\/h2>\n<p><strong>DALLA RASSEGNA STAMPA L&#8217;ASSESSORE ADIS ZATTA<\/strong><\/p>\n<audio class=\"wp-audio-shortcode\" id=\"audio-85080-4\" preload=\"none\" style=\"width: 100%;\" controls=\"controls\"><source type=\"audio\/mpeg\" src=\"http:\/\/www.radiopiu.net\/wordpress\/wp-content\/uploads\/2019\/05\/ZATTA.mp3?_=4\" \/><a href=\"http:\/\/www.radiopiu.net\/wordpress\/wp-content\/uploads\/2019\/05\/ZATTA.mp3\">http:\/\/www.radiopiu.net\/wordpress\/wp-content\/uploads\/2019\/05\/ZATTA.mp3<\/a><\/audio>\n<p>&nbsp;<\/p>\n<p><strong><a class=\"dt-pswp-item\" href=\"http:\/\/www.radiopiu.net\/wordpress\/wp-content\/uploads\/2019\/05\/IMG_20190510_113046.jpg\" data-dt-img-description=\"\" data-large_image_width=\"5312\" data-large_image_height=\"2988\"><img loading=\"lazy\" decoding=\"async\" class=\"wp-image-85130 alignleft\" src=\"http:\/\/www.radiopiu.net\/wordpress\/wp-content\/uploads\/2019\/05\/IMG_20190510_113046.jpg\" alt=\"\" width=\"277\" height=\"156\" srcset=\"https:\/\/www.radiopiu.net\/wordpress\/wp-content\/uploads\/2019\/05\/IMG_20190510_113046.jpg 5312w, https:\/\/www.radiopiu.net\/wordpress\/wp-content\/uploads\/2019\/05\/IMG_20190510_113046-300x169.jpg 300w, https:\/\/www.radiopiu.net\/wordpress\/wp-content\/uploads\/2019\/05\/IMG_20190510_113046-768x432.jpg 768w, https:\/\/www.radiopiu.net\/wordpress\/wp-content\/uploads\/2019\/05\/IMG_20190510_113046-1024x576.jpg 1024w\" sizes=\"auto, (max-width: 277px) 100vw, 277px\" \/><\/a>FELTRE<\/strong> Come noto, allo scopo di diminuire la frazione estranea presente nel rifiuto raccolto in maniera differenziata e, conseguentemente, migliorare la qualit\u00e0 dello stesso garantendo maggiori introiti dalla vendita di tali frazioni di rifiuti, dal 2018 \u00e8 iniziata la sostituzione delle campane a libero accesso per la raccolta differenziata delle frazioni IPL (imballaggi in plastica e lattine) e carta\/cartone, con campane dotate di apertura degli utenti attraverso una tessera identificativa (smart-card).\u00a0 Le prime 100 campane, gi\u00e0 posizionate nei mesi scorsi nelle isole ecologiche, sono dotate di doppio sistema di apertura, ovvero chiavetta (quella utilizzata anche per l\u2019apertura delle calotte del \u201csecco\u201d) e tessera magnetica (smart-card), che rappresenta la tecnologia pi\u00f9 innovativa (\u00e8, tra l\u2019altro, molto meno costosa della chiavetta e non necessita della sostituzione di batterie di funzionamento). Nelle prossime settimane saranno consegnate al Comune altre 70 campane per la raccolta di carta e cartone (colore azzurro) e plastica e lattine (colore giallo); in questo caso, per\u00f2, e nell\u2019ottica di favorire il processo di innovazione sopra citato, saranno dotate solamente di meccanismo per l\u2019apertura con tessera magnetica.\u00a0 Al fine di garantire a tutti i cittadini la massima possibilit\u00e0 di conferimento, \u00e8 stato dunque predisposto un piano di distribuzione delle nuove tessere magnetiche presso i Magazzini Comunali, in via Vignigole 21 (loc. ponte di Tomo). Per ottenerle sar\u00e0 sufficiente presentarsi in orario di ufficio ai Magazzini con il nome a cui \u00e8 intestata l\u2019utenza. Le smart-card saranno rilasciate immediatamente e saranno attive nell\u2019arco di un paio di giorni.<\/p>\n<blockquote><p>Questi i costi di rilascio per utenza: \u00a0prima e seconda tessera: GRATUITE\u00a0 \u00a0sostituzione tessera smarrita (con disabilitazione): 5,00 \u20ac \u00a0ulteriori tessere oltre la seconda: 5,00 \u20ac Numero massimo di tessere attive contemporaneamente per utenza: utenze domestiche: pari al numero di componenti nucleo familiare; \u00a0utenze non domestiche: n\u00b0 3 tessere. Appositi cartelli affissi sulle campane oggetto di prossima sostituzione informeranno a partire da questi giorni i cittadini\/utenti.<\/p><\/blockquote>\n<p>&nbsp;<\/p>\n<p>&nbsp;<\/p>\n<p>&nbsp;<\/p>\n<h2 class=\"articlePlainTitle\">CONSIGLIO COMUNALE<\/h2>\n<div class=\"articlePlainText\"><a class=\"dt-pswp-item\" href=\"http:\/\/www.radiopiu.net\/wordpress\/wp-content\/uploads\/2019\/05\/59934467_2175367602570240_8602346136952373248_o.jpg\" data-dt-img-description=\"\" data-large_image_width=\"1152\" data-large_image_height=\"2048\"><img loading=\"lazy\" decoding=\"async\" class=\"wp-image-84889 alignleft\" src=\"http:\/\/www.radiopiu.net\/wordpress\/wp-content\/uploads\/2019\/05\/59934467_2175367602570240_8602346136952373248_o-576x1024.jpg\" alt=\"\" width=\"84\" height=\"150\" srcset=\"https:\/\/www.radiopiu.net\/wordpress\/wp-content\/uploads\/2019\/05\/59934467_2175367602570240_8602346136952373248_o-576x1024.jpg 576w, https:\/\/www.radiopiu.net\/wordpress\/wp-content\/uploads\/2019\/05\/59934467_2175367602570240_8602346136952373248_o-169x300.jpg 169w, https:\/\/www.radiopiu.net\/wordpress\/wp-content\/uploads\/2019\/05\/59934467_2175367602570240_8602346136952373248_o-768x1365.jpg 768w, https:\/\/www.radiopiu.net\/wordpress\/wp-content\/uploads\/2019\/05\/59934467_2175367602570240_8602346136952373248_o.jpg 1152w\" sizes=\"auto, (max-width: 84px) 100vw, 84px\" \/><\/a> MERCOLEDI AD ALLEGHE<\/div>\n<p><strong>ALLEGHE<\/strong> Ultima seduta della legislatura ad Alleghe, convocata dal sindaco uscente Siro De Biasio che non si ricandida, unico candidato a sindaco Danilo De Toni. Nel consiglio di mercoledi 15 maggio alle 18.30: approvazione seconda variazione al bilancio con caratteristiche di urgenza e improrogabilit\u00e0. (foto Siro De Biasio ritira l&#8217;assegno de l&#8217;Associazione Bellunesi nel Mondo per la ricostruzione post Vaia.<\/p>\n<p>&nbsp;<\/p>\n<p>&nbsp;<\/p>\n<p>&nbsp;<\/p>\n<p>&nbsp;<\/p>\n<h2>CONSEGNATO IL PREMIO AL 25\u00b0 CONCORSO DI GELATERIA &#8220;POZZI&#8221;<\/h2>\n<p><strong><a class=\"dt-pswp-item\" href=\"http:\/\/www.radiopiu.net\/wordpress\/wp-content\/uploads\/2019\/05\/20190507-Consegna-mantecatore-a-Erice.jpg\" data-dt-img-description=\"\" data-large_image_width=\"2500\" data-large_image_height=\"1475\"><img loading=\"lazy\" decoding=\"async\" class=\" wp-image-85081 alignleft\" src=\"http:\/\/www.radiopiu.net\/wordpress\/wp-content\/uploads\/2019\/05\/20190507-Consegna-mantecatore-a-Erice-300x177.jpg\" alt=\"\" width=\"253\" height=\"149\" srcset=\"https:\/\/www.radiopiu.net\/wordpress\/wp-content\/uploads\/2019\/05\/20190507-Consegna-mantecatore-a-Erice-300x177.jpg 300w, https:\/\/www.radiopiu.net\/wordpress\/wp-content\/uploads\/2019\/05\/20190507-Consegna-mantecatore-a-Erice-768x453.jpg 768w, https:\/\/www.radiopiu.net\/wordpress\/wp-content\/uploads\/2019\/05\/20190507-Consegna-mantecatore-a-Erice-1024x604.jpg 1024w\" sizes=\"auto, (max-width: 253px) 100vw, 253px\" \/><\/a>LONGARONE\u00a0 <\/strong>L\u2019Istituto alberghiero \u201cIgnazio e Vincenzo Florio\u201d di Erice (TP), vince con le alunne Stella Silvestro e Marta Savona il 25. Concorso nazionale di gelateria \u201cCarlo Pozzi\u201d \u2013 il gelato in passerella. Il loro piatto, espressione del tema del concorso \u201cle eccellenze del territorio\u201d, dal titolo \u201cI Giardini delle Egadi\u201d si era affermato infatti alla finale disputata in occasione della 59a MIG \u2013 Mostra Internazionale del Gelato Artigianale a Longarone nel dicembre scorso. Anche in questa occasione l\u2019Istituto si \u00e8 distinto per l\u2019ospitalit\u00e0 riservata alla delegazione intervenuta, capitanata dal Presidente della MIG, Fausto Bortolot che\u00a0 ha sottolineato come <em>\u201cil gelato artigianale sia una eccellenza del Made in Italy nel quale un grande ruolo lo svolge proprio la Sicilia, sicuramente per la straordinaria qualit\u00e0 degli ingredienti che offre. Ma da soli gli ingredienti non bastano. A fare la differenza c\u2019\u00e8 la bravura dei nostri maestri gelatieri, qui degnamente rappresentati da Antonio Cappadonia\u201d.<\/em><\/p>\n<p>&nbsp;<\/p>\n<p>&nbsp;<\/p>\n<p>&nbsp;<\/p>\n<p>&nbsp;<\/p>\n<h3>OPEN DAY SABATO 18 MAGGIO CERTOTTICA SVELA I SEGRETI DELL\u2019ACEDEMY DEDICATA ALL\u2019OCCHIALE<\/h3>\n<p style=\"text-align: left;\"><strong>LONG<a class=\"dt-pswp-item\" href=\"http:\/\/www.radiopiu.net\/wordpress\/wp-content\/uploads\/2019\/05\/ITS-2019-5964.jpg\" data-dt-img-description=\"\" data-large_image_width=\"1000\" data-large_image_height=\"1500\"><img loading=\"lazy\" decoding=\"async\" class=\"size-medium wp-image-85085 alignleft\" src=\"http:\/\/www.radiopiu.net\/wordpress\/wp-content\/uploads\/2019\/05\/ITS-2019-5964-200x300.jpg\" alt=\"\" width=\"200\" height=\"300\" srcset=\"https:\/\/www.radiopiu.net\/wordpress\/wp-content\/uploads\/2019\/05\/ITS-2019-5964-200x300.jpg 200w, https:\/\/www.radiopiu.net\/wordpress\/wp-content\/uploads\/2019\/05\/ITS-2019-5964-768x1152.jpg 768w, https:\/\/www.radiopiu.net\/wordpress\/wp-content\/uploads\/2019\/05\/ITS-2019-5964-683x1024.jpg 683w, https:\/\/www.radiopiu.net\/wordpress\/wp-content\/uploads\/2019\/05\/ITS-2019-5964.jpg 1000w\" sizes=\"auto, (max-width: 200px) 100vw, 200px\" \/><\/a>ARONE<\/strong> Partir\u00e0 a ottobre la sesta edizione dell\u2019ITS-Academy in Design e Tecnica dell\u2019Occhiale, biennio di formazione post diploma promosso grazie alla sinergia con la Fondazione COSMO, che ogni anno ribadisce e rafforza il legame sinergico con il Distretto in cui si inserisce: sabato 18 maggio alle 15.00 l\u2019Area Formazione di Certottica aspetta tutti gli interessati all\u2019OPEN DAY che avr\u00e0 luogo nella sede di Longarone (Z.I. Villanova, 7).<br \/>\n1200 le ore di formazione in aula che caratterizzano l\u2019Academy, completate da 800 ore di tirocinio suddivise nei due anni: ad illustrare il percorso saranno i diretti protagonisti, a cominciare dagli stessi allievi ed ex allievi, ma anche i docenti e le aziende dell&#8217;occhialeria, prima fonte alla quale Certottica attinge per un confronto puntuale e per soddisfare le esigenze del mercato. Gli ITS rappresentano -per durata e articolazione- una sorta di \u2018politecnico\u2019 con un\u2019offerta formativa specializzata: questo percorso getta, infatti, solide basi per diventare un Product Manager Junior per il mondo dell\u2019eyewear, figura che pu\u00f2 inserirsi con competenza nelle aree aziendali che si occupano della gestione di un occhiale o di una linea di occhiali, coordinandone tutte le fasi, dalla progettazione alla vendita. Il Product Manager \u00e8 oggi la figura a cui un numero sempre maggiore di aziende manifatturiere si affida per il successo di un prodotto specifico: oltre l\u201980% dei diplomati delle passate edizioni hanno trovato un\u2019occupazione stabile. Chiaramente, l&#8217;Academy non \u00e8 riservata solo ai ragazzi freschi di diploma, ma pu\u00f2 fornire una marcia in pi\u00f9 a chi ha gi\u00e0 conseguito una laurea o a chi opera gi\u00e0 nel settore. Per saperne di pi\u00f9, Certottica vi aspetta sabato 18 a Longarone: le selezioni, invece sono fissate al 24 settembre 2019.<\/p>\n<p>&nbsp;<\/p>\n<p>&nbsp;<\/p>\n<p>&nbsp;<\/p>\n<p>&nbsp;<\/p>\n<h2>SANTI VITTORE E CORONA NEL CUORE DEL PALIO<\/h2>\n<p lang=\"it-IT\"><span style=\"color: #000000;\"><span style=\"font-family: Calibri, sans-serif;\"><span style=\"font-size: small;\"><span style=\"font-family: Arial, sans-serif;\"><span style=\"font-size: medium;\"><strong>FELTRE<\/strong> Si rinnova\u00a0 come ormai per tradizione fin dal 2006, l&#8217;omaggio del Palio di F<a class=\"dt-pswp-item\" href=\"http:\/\/www.radiopiu.net\/wordpress\/wp-content\/uploads\/2019\/05\/FB_IMG_1557489601143.jpg\" data-dt-img-description=\"\" data-large_image_width=\"972\" data-large_image_height=\"729\"><img loading=\"lazy\" decoding=\"async\" class=\" wp-image-85103 alignleft\" src=\"http:\/\/www.radiopiu.net\/wordpress\/wp-content\/uploads\/2019\/05\/FB_IMG_1557489601143-300x225.jpg\" alt=\"\" width=\"209\" height=\"157\" srcset=\"https:\/\/www.radiopiu.net\/wordpress\/wp-content\/uploads\/2019\/05\/FB_IMG_1557489601143-300x225.jpg 300w, https:\/\/www.radiopiu.net\/wordpress\/wp-content\/uploads\/2019\/05\/FB_IMG_1557489601143-768x576.jpg 768w, https:\/\/www.radiopiu.net\/wordpress\/wp-content\/uploads\/2019\/05\/FB_IMG_1557489601143.jpg 972w\" sizes=\"auto, (max-width: 209px) 100vw, 209px\" \/><\/a>eltre ai Santi Vittore e Corona, patroni della citt\u00e0. Consacrata dall&#8217;allora cerimoniere Michele Balen, la cerimonia si svolge la seconda domenica di maggio e vedr\u00e0 partecipi al rito religioso, con i loro costumi storici, i cinque gruppi di Sbandieratori e Musici cittadini (i Quartieri di Castello, Duomo, Port&#8217; Oria e Santo Stefano e il Gruppo Sbandieratori Citt\u00e0 di Feltre). Si tratta del vero e proprio inizio della \u201cstagione\u201d del Palio che, all\u2019interno della chiesa del Santuario, vedr\u00e0 il lancio di una bandiera e successivamente, nel chiostro, un suggestivo spettacolo a cui seguir\u00e0, come novit\u00e0 di quest\u2019anno, la riconsegna del drappo dei 15 ducati d&#8217;oro da parte del quartiere vincitore dell&#8217;anno precedente, rimesso simbolicamente tra le mani dei contendenti del Palio 2019. <\/span><\/span><\/span><\/span><\/span><\/p>\n<blockquote>\n<p lang=\"it-IT\"><span style=\"color: #000000;\"><span style=\"font-family: Arial, sans-serif;\"><span style=\"font-size: medium;\">Altra novit\u00e0 significativa sar\u00e0 l\u2019annuncio, in questa occasione, del nome dell\u2019autore del drappo, ambito premio del quartiere che si qualificher\u00e0 come vincitore nel prossimo appuntamento di agosto.<\/span><\/span><\/span><\/p>\n<\/blockquote>\n<p lang=\"it-IT\"><em><span style=\"color: #000000;\"><span style=\"font-family: Calibri, sans-serif;\"><span style=\"font-size: small;\"><span style=\"font-family: Arial, sans-serif;\"><span style=\"font-size: medium;\"><a class=\"dt-pswp-item\" href=\"http:\/\/www.radiopiu.net\/wordpress\/wp-content\/uploads\/2019\/05\/FB_IMG_1557486579628.jpg\" data-dt-img-description=\"\" data-large_image_width=\"1280\" data-large_image_height=\"960\"><img loading=\"lazy\" decoding=\"async\" class=\"wp-image-85102 alignright\" src=\"http:\/\/www.radiopiu.net\/wordpress\/wp-content\/uploads\/2019\/05\/FB_IMG_1557486579628-300x225.jpg\" alt=\"\" width=\"160\" height=\"120\" srcset=\"https:\/\/www.radiopiu.net\/wordpress\/wp-content\/uploads\/2019\/05\/FB_IMG_1557486579628-300x225.jpg 300w, https:\/\/www.radiopiu.net\/wordpress\/wp-content\/uploads\/2019\/05\/FB_IMG_1557486579628-768x576.jpg 768w, https:\/\/www.radiopiu.net\/wordpress\/wp-content\/uploads\/2019\/05\/FB_IMG_1557486579628-1024x768.jpg 1024w, https:\/\/www.radiopiu.net\/wordpress\/wp-content\/uploads\/2019\/05\/FB_IMG_1557486579628.jpg 1280w\" sizes=\"auto, (max-width: 160px) 100vw, 160px\" \/><\/a>&#8220;La messa di San Vittore, sottolinea il presidente Eugenio Tamburrino, \u00e8 ogni anno di pi\u00f9 un momento fondamentale nel Palio. Quest&#8217;anno, si arricchisce di due momenti importanti, che vogliono sottolineare quanto teniamo a questa occasione. In particolare, abbiamo scelto di dare l&#8217;annuncio del nome dell&#8217;artista che realizzer\u00e0 il drappo al termine della messa, per fare in modo che i primi a saperlo siano i ragazzi dei gruppi sbandieratori e musici e i contradaioli che durante tutto l&#8217;anno animano la vita dei Quartieri. Sono loro, insieme con il Gruppo Sbandieratori Citt\u00e0 di Feltre, il vero motore del Palio e sono centrali per il suo futuro. Aspettiamo, quindi, la cittadinanza e gli organi di informazione per condividere con noi questo momento&#8221;. <\/span><\/span><\/span><\/span><\/span><\/em><span style=\"color: #000000;\"><span style=\"font-family: Calibri, sans-serif;\"><span style=\"font-size: small;\"><span style=\"font-family: Arial, sans-serif;\"><span style=\"font-size: medium;\">(<\/span><\/span><\/span><\/span><\/span><span style=\"color: #000000;\"><span style=\"font-family: Calibri, sans-serif;\"><span style=\"font-size: small;\"><span style=\"font-family: Arial, sans-serif;\"><span style=\"font-size: medium;\">foto GIUSEPPE D&#8217;ALIA)<\/span><\/span><\/span><\/span><\/span><\/p>\n<p><strong><span style=\"font-family: Arial, sans-serif;\"><span style=\"font-size: medium;\">ORARI: ore 9.00 ritrovo presso la chiesa di Anz\u00fa, ore 9.30 partenza della sfilata verso il Santuario dei Santi Vittore e Corona, ore 10.30 messa<\/span><\/span><\/strong><\/p>\n<p>&nbsp;<\/p>\n<p>&nbsp;<\/p>\n<p>&nbsp;<\/p>\n<p>&nbsp;<\/p>\n<h2>FONDAZIONE BANCA DEGLI OCCHI: CONCERTO GRATUITO PER BELLUNO<\/h2>\n<p><strong><a class=\"dt-pswp-item\" href=\"http:\/\/www.radiopiu.net\/wordpress\/wp-content\/uploads\/2019\/05\/Vocal-Skyline-1.jpg\" data-dt-img-description=\"\" data-large_image_width=\"1449\" data-large_image_height=\"868\"><img loading=\"lazy\" decoding=\"async\" class=\" wp-image-85083 alignleft\" src=\"http:\/\/www.radiopiu.net\/wordpress\/wp-content\/uploads\/2019\/05\/Vocal-Skyline-1-300x180.jpg\" alt=\"\" width=\"263\" height=\"158\" srcset=\"https:\/\/www.radiopiu.net\/wordpress\/wp-content\/uploads\/2019\/05\/Vocal-Skyline-1-300x180.jpg 300w, https:\/\/www.radiopiu.net\/wordpress\/wp-content\/uploads\/2019\/05\/Vocal-Skyline-1-768x460.jpg 768w, https:\/\/www.radiopiu.net\/wordpress\/wp-content\/uploads\/2019\/05\/Vocal-Skyline-1-1024x613.jpg 1024w, https:\/\/www.radiopiu.net\/wordpress\/wp-content\/uploads\/2019\/05\/Vocal-Skyline-1.jpg 1449w\" sizes=\"auto, (max-width: 263px) 100vw, 263px\" \/><\/a>BELLUNO<\/strong> &#8211;\u00a0 Domani\u00a0alle 16,30 sul palco del Teatro Comunale di Belluno andranno in scena i Vocal Skyline nel concerto gratuito e aperto al pubblico organizzato da Fondazione Banca degli Occhi del Veneto Onlus per ringraziare il territorio di Belluno. Sul palco 40 voci e grande impatto scenico con immagini e coreografie per un repertorio che spazia dagli spirituals al contemporary gospel, a celebri brani di musical fino ai capolavori rock e pop di gruppi come i Coldplay e i Queen, passando per Michael Jackson e i Tears for Fears dal pop al rock al musical allo spiritual, per due ore di spettacolo coinvolgente ed emozionante.<\/p>\n<p>&nbsp;<\/p>\n<p>&nbsp;<\/p>\n<p>&nbsp;<\/p>\n<h2><a class=\"dt-pswp-item\" href=\"http:\/\/www.radiopiu.net\/wordpress\/wp-content\/uploads\/2018\/09\/appuntamenti.jpeg\" data-dt-img-description=\"\" data-large_image_width=\"800\" data-large_image_height=\"100\"><img loading=\"lazy\" decoding=\"async\" class=\"alignnone wp-image-61958 size-full\" src=\"http:\/\/www.radiopiu.net\/wordpress\/wp-content\/uploads\/2018\/09\/appuntamenti.jpeg\" alt=\"\" width=\"800\" height=\"100\" srcset=\"https:\/\/www.radiopiu.net\/wordpress\/wp-content\/uploads\/2018\/09\/appuntamenti.jpeg 800w, https:\/\/www.radiopiu.net\/wordpress\/wp-content\/uploads\/2018\/09\/appuntamenti-300x38.jpeg 300w, https:\/\/www.radiopiu.net\/wordpress\/wp-content\/uploads\/2018\/09\/appuntamenti-768x96.jpeg 768w\" sizes=\"auto, (max-width: 800px) 100vw, 800px\" \/><\/a><\/h2>\n<p>&nbsp;<\/p>\n<p>&nbsp;<\/p>\n<h2><a class=\"dt-pswp-item\" href=\"http:\/\/www.radiopiu.net\/wordpress\/wp-content\/uploads\/2019\/05\/locandina-caggio-agordino-1.jpg\" data-dt-img-description=\"\" data-large_image_width=\"1654\" data-large_image_height=\"2339\"><img loading=\"lazy\" decoding=\"async\" class=\"alignleft wp-image-84901\" src=\"http:\/\/www.radiopiu.net\/wordpress\/wp-content\/uploads\/2019\/05\/locandina-caggio-agordino-1-212x300.jpg\" alt=\"\" width=\"139\" height=\"197\" srcset=\"https:\/\/www.radiopiu.net\/wordpress\/wp-content\/uploads\/2019\/05\/locandina-caggio-agordino-1-212x300.jpg 212w, https:\/\/www.radiopiu.net\/wordpress\/wp-content\/uploads\/2019\/05\/locandina-caggio-agordino-1-768x1086.jpg 768w, https:\/\/www.radiopiu.net\/wordpress\/wp-content\/uploads\/2019\/05\/locandina-caggio-agordino-1-724x1024.jpg 724w, https:\/\/www.radiopiu.net\/wordpress\/wp-content\/uploads\/2019\/05\/locandina-caggio-agordino-1.jpg 1654w\" sizes=\"auto, (max-width: 139px) 100vw, 139px\" \/><\/a>PRENDIAMOCI CURA, OGGI AL NOF FILO&#8217;<\/h2>\n<p><strong>CENCENIGHE<\/strong> Migliaia di euro nell&#8217;Agordino per il post vaia su un territorio duramente colpito, ma i problemi idrogeologici c&#8217;erano anche prima del 29 ottobre. Domani\u00a0 al Nof Filo&#8217; di Cencenighe conferenza dal titolo &#8220;Prendiamoci cura, la relazione di cura negli interventi educativi per la prima infanzia&#8221;.<\/p>\n<p><strong>di GIANNI SANTOMASO<\/strong><\/p>\n<audio class=\"wp-audio-shortcode\" id=\"audio-85080-5\" preload=\"none\" style=\"width: 100%;\" controls=\"controls\"><source type=\"audio\/mpeg\" src=\"http:\/\/www.radiopiu.net\/wordpress\/wp-content\/uploads\/2019\/05\/GIANNI-CENCE.mp3?_=5\" \/><a href=\"http:\/\/www.radiopiu.net\/wordpress\/wp-content\/uploads\/2019\/05\/GIANNI-CENCE.mp3\">http:\/\/www.radiopiu.net\/wordpress\/wp-content\/uploads\/2019\/05\/GIANNI-CENCE.mp3<\/a><\/audio>\n<h2><\/h2>\n<p>&nbsp;<\/p>\n<p>&nbsp;<\/p>\n<h2>OGGI E DOMANI LE PIETRE RACCONTANO<\/h2>\n<p><strong>BELLUNO<\/strong> A causa delle avverse condizioni meteo previste, il concerto delle ore 17 in Piazza Duomo \u00e8 rimandato a data da destinarsi.\u00a0 Dalle ore 16, i ragazzi del Liceo Lollino saranno comunque presenti nell&#8217;androne del Palazzo dell&#8217;Auditorium per illustrare al pubblico i risultati delle loro ricerche. La visita alla Torre Civica a cura del FAI Giovani &#8211; Belluno si svolger\u00e0 regolarmente secondo gli orari previsti (dalle ore 15 alle 16.30).<\/p>\n<p>&nbsp;<\/p>\n<p>&nbsp;<\/p>\n<h2>DOMANI, UNA GIORNATA CON I GIOVANI DELLA FILARMONICA<\/h2>\n<p><strong>BELLUNO\u00a0<\/strong> Domani alle \u00a011, Parco Comunale Citt\u00e0 di Bologna a Belluno: intervento della Prima Banda alla manifestazione &#8220;Bimbimbici&#8221;. Al termine dell&#8217;esibizione, i giovani musicisti saranno a disposizione per far conoscere e provare gli strumenti ai bambini che lo desidereranno. Alle \u00a018, Teatro San Gaetano a Castion,\u00a0 saggio di fine anno dei bambini della propedeutica musicale accompagnati dalla Primissima Banda.<\/p>\n<p>&nbsp;<\/p>\n<p>&nbsp;<\/p>\n<p><strong>COSCRITTI DEL 1955<\/strong> Cena annuale, sabato 25 maggio alle 20 al Ristorante Alla Stanga con musica ed animazione. Iscrizioni al Bar Schenot in localit\u00e0 Pragrande entro il 20 maggio. info 348 85.24.340<\/p>\n<p><strong>I PRIMI OTTANTA<\/strong> Cena per i coscritti del 1939 dei 16 Comuni dell&#8217;Agordino. I neo ottantenni festeggeranno il 25 maggio con una messa nell&#8217;Arcidiaconale di Agordo, la visita al museo dell&#8217;occhiale di Luxottica, e il pranzo&#8230;. a tutti gli ottantenni tanti auguri!<\/p>\n<p>&nbsp;<\/p>\n<p>&nbsp;<\/p>\n<h2 align=\"JUSTIFY\">GALZERANO TRIO A CAVARZANO, 18 MAGGIO DA MUSICA LATINOAMERICANA<\/h2>\n<p><a class=\"dt-pswp-item\" href=\"http:\/\/www.radiopiu.net\/wordpress\/wp-content\/uploads\/2019\/05\/57674170_2675875542428896_3418759573517893632_n.jpg\" data-dt-img-description=\"\" data-large_image_width=\"678\" data-large_image_height=\"960\"><img loading=\"lazy\" decoding=\"async\" class=\"size-medium wp-image-84298 alignleft\" src=\"http:\/\/www.radiopiu.net\/wordpress\/wp-content\/uploads\/2019\/05\/57674170_2675875542428896_3418759573517893632_n-212x300.jpg\" alt=\"\" width=\"212\" height=\"300\" srcset=\"https:\/\/www.radiopiu.net\/wordpress\/wp-content\/uploads\/2019\/05\/57674170_2675875542428896_3418759573517893632_n-212x300.jpg 212w, https:\/\/www.radiopiu.net\/wordpress\/wp-content\/uploads\/2019\/05\/57674170_2675875542428896_3418759573517893632_n.jpg 678w\" sizes=\"auto, (max-width: 212px) 100vw, 212px\" \/><\/a><\/p>\n<p>&nbsp;<\/p>\n<p>Sabato 18 maggio Belluno ospita Angel Galzerano Trio in concerto &#8220;Un camino en el mar&#8221;. SABATO 18 MAGGIO alle 20.30 nel salone parrocchiale di Cavarzano di via Castellani. Info 328 0885987<\/p>\n<blockquote><p>La musica d&#8217;autore latinoamericana delle canzoni del cantautore italo uruguayo Angel Galzerano accompagnato dal polistrumentista Giorgio Guindani e le suggestioni delle Tabla indiane suonate da Maurizio Murdocca rivelano un nuovo territorio musicale dove i suoni dimenticano le frontiere.<\/p><\/blockquote>\n<p>&nbsp;<\/p>\n<p>&nbsp;<\/p>\n<p>&nbsp;<\/p>\n<p>&nbsp;<\/p>\n<p>&nbsp;<\/p>\n<p>&nbsp;<\/p>\n<p><strong>TAIBON<\/strong> Sabato 25 maggio alle 20.30 nella sala dell&#8217;ex Municipio di Taibon focus sulla Valle di San Lucano con l&#8217;Associazione Amici dei Minerari &#8220;Il paradiso pu\u00f2 attendere, per la rinascita e per il guinnes world record&#8221;.<\/p>\n<p>&nbsp;<\/p>\n<p>&nbsp;<\/p>\n<p>&nbsp;<\/p>\n<p>&nbsp;<\/p>\n<p>&nbsp;<\/p>\n<p><a class=\"dt-pswp-item\" href=\"http:\/\/www.radiopiu.net\/wordpress\/wp-content\/uploads\/2018\/09\/viabilita.jpeg\" data-dt-img-description=\"\" data-large_image_width=\"800\" data-large_image_height=\"100\"><img loading=\"lazy\" decoding=\"async\" class=\"alignnone size-full wp-image-61954\" src=\"http:\/\/www.radiopiu.net\/wordpress\/wp-content\/uploads\/2018\/09\/viabilita.jpeg\" alt=\"\" width=\"800\" height=\"100\" srcset=\"https:\/\/www.radiopiu.net\/wordpress\/wp-content\/uploads\/2018\/09\/viabilita.jpeg 800w, https:\/\/www.radiopiu.net\/wordpress\/wp-content\/uploads\/2018\/09\/viabilita-300x38.jpeg 300w, https:\/\/www.radiopiu.net\/wordpress\/wp-content\/uploads\/2018\/09\/viabilita-768x96.jpeg 768w\" sizes=\"auto, (max-width: 800px) 100vw, 800px\" \/><\/a><\/p>\n<p>&nbsp;<\/p>\n<p><strong>PROVINCIALE 3 VALLE IMPERINA<\/strong> Fino a revoca senso unico a vista\u00a0 in localit\u00e0 Corde Mole per cedimento della careggiata. Dal 13 maggio e\u00a0 fino al 28 giugno tra Rivamonte e Forcella Franche senso unico alternato per la posa di tubazione per conto di Enel.<\/p>\n<p><strong>PROVINCIALE 347 DEL DURAN <\/strong>Fino al 31 maggio in localit\u00e0 Fornesighe senso unico alternato regolato da semaforo o movieri, possibili temporanee interdizioni totali al traffico fino a un masssimo di 20 minuti<\/p>\n<p><strong>REGIONALE 203 AGORDINA<\/strong> Dal 6 al 31 maggio esclusi festivi e prefestivi, senso unico alternato in localit\u00e0 Rucava, possibili brevi interruzioni fino a 15 minuti.<\/p>\n<p><strong>PROVINCIALE 8 DI SAN TOMASO<\/strong> Dal 29 aprile al 28 giugno (esclusi festivi e prefestivi) senso unico alternato tra Pian Molin e Roi<\/p>\n<p><strong>PROVINCIALE 563 DI SALESEI<\/strong> Dal 6 maggio AL 14 giugno\u00a0 In localit\u00e0 Sopracordevole in Comune di Rocca Pietore senso unico alternato con semaforo o movieri e divieto di transito ai mezzi con massa superiore a 7,5 tonellate.<\/p>\n<p>&nbsp;<\/p>\n<p>&nbsp;<\/p>\n<h2><img loading=\"lazy\" decoding=\"async\" class=\"alignleft wp-image-60761 \" src=\"http:\/\/www.radiopiu.net\/wordpress\/wp-content\/uploads\/2018\/09\/sport.jpg\" alt=\"\" width=\"992\" height=\"124\" srcset=\"https:\/\/www.radiopiu.net\/wordpress\/wp-content\/uploads\/2018\/09\/sport.jpg 800w, https:\/\/www.radiopiu.net\/wordpress\/wp-content\/uploads\/2018\/09\/sport-300x38.jpg 300w, https:\/\/www.radiopiu.net\/wordpress\/wp-content\/uploads\/2018\/09\/sport-768x96.jpg 768w\" sizes=\"auto, (max-width: 992px) 100vw, 992px\" \/><\/h2>\n<p>&nbsp;<\/p>\n<p>&nbsp;<\/p>\n<p>&nbsp;<\/p>\n<p>&nbsp;<\/p>\n<p>&nbsp;<\/p>\n<h2>CALCIO E VOLLEY NEL FINE SETTIMANA<\/h2>\n<p><span style=\"color: #ff0000;\"><strong>CALCIO<\/strong><\/span><br \/>\nL&#8217;Agordina di Marco Lorenzi \u00e8 chiamata all&#8217;andata dei playout di Seconda Categoria. Domani all&#8217;Ivano Dorigo di Agordo si gioca la prima delle due partite che decreteranno il futuro della squadra del presidente Cosmo Forcella. Di fronte la Fulgor Farra. Match che inizier\u00e0 alle 16:30 e che Radio Pi\u00f9 seguir\u00e0 in diretta con collegamenti dal campo.<br \/>\nIn campo anche le giovanili dell&#8217;Agordina. Juniores che rispetteranno il turno di riposo questo fine settimana. Gli Allievi di Orzetti scenderanno in campo domani mattina alle 10 per scontrarsi con la Dynamo nel match post campionato. Giovanissimi di De Lazzer che giocheranno a Vellai di Feltre oggi pomeriggio alle 15:30<\/p>\n<p><span style=\"color: #ff0000;\"><strong>VOLLEY<\/strong><\/span><br \/>\nIn campo l&#8217;Under 14 del Volley Club Agordino che domani alle 17 scender\u00e0 in terra trevigiana per giocare gli ottavi di finale del campionato contro il Giorgione.<br \/>\n[19:54, 10\/5\/2019] Marco baghi: Vettorello ha detto che ti manda un preventivo della app. Gli ho detto per una cosa semplice<\/p>\n<p>&nbsp;<\/p>\n<p>&nbsp;<\/p>\n<p>&nbsp;<\/p>\n<h2>LINO E NICOLA PRONTI PER IL PIANCAVALLO<\/h2>\n<p><a class=\"dt-pswp-item\" href=\"http:\/\/www.radiopiu.net\/wordpress\/wp-content\/uploads\/2019\/05\/f4e94837-6c26-4813-9675-42c3732206a1.jpg\" data-dt-img-description=\"\" data-large_image_width=\"1200\" data-large_image_height=\"1600\"><img loading=\"lazy\" decoding=\"async\" class=\"size-medium wp-image-85160 aligncenter\" src=\"http:\/\/www.radiopiu.net\/wordpress\/wp-content\/uploads\/2019\/05\/f4e94837-6c26-4813-9675-42c3732206a1-225x300.jpg\" alt=\"\" width=\"225\" height=\"300\" srcset=\"https:\/\/www.radiopiu.net\/wordpress\/wp-content\/uploads\/2019\/05\/f4e94837-6c26-4813-9675-42c3732206a1-225x300.jpg 225w, https:\/\/www.radiopiu.net\/wordpress\/wp-content\/uploads\/2019\/05\/f4e94837-6c26-4813-9675-42c3732206a1-768x1024.jpg 768w, https:\/\/www.radiopiu.net\/wordpress\/wp-content\/uploads\/2019\/05\/f4e94837-6c26-4813-9675-42c3732206a1.jpg 1200w\" sizes=\"auto, (max-width: 225px) 100vw, 225px\" \/><\/a><\/p>\n<blockquote>\n<h3>\u00a0Dopo circa 9 mesi di assenza, Lino Lena sar\u00e0 di nuovo fra gli iscritti a un rally, partecipante al 33\u00b0 Rally Piancavallo, valido per il campionato IRC 2019. Con il fido Nicola Decima al suo fianco e su Peugeot 106 Prod E6<\/h3>\n<\/blockquote>\n<p>&nbsp;<\/p>\n<p>&nbsp;<\/p>\n<p>&nbsp;<\/p>\n<p>&nbsp;<\/p>\n<p><b><a class=\"dt-pswp-item\" href=\"http:\/\/www.radiopiu.net\/wordpress\/wp-content\/uploads\/2018\/09\/WhatsApp-Image-2018-09-20-at-16.04.06.jpeg\" data-dt-img-description=\"\" data-large_image_width=\"800\" data-large_image_height=\"100\"><img loading=\"lazy\" decoding=\"async\" class=\"alignleft wp-image-61378 \" src=\"http:\/\/www.radiopiu.net\/wordpress\/wp-content\/uploads\/2018\/09\/WhatsApp-Image-2018-09-20-at-16.04.06.jpeg\" alt=\"\" width=\"1008\" height=\"126\" srcset=\"https:\/\/www.radiopiu.net\/wordpress\/wp-content\/uploads\/2018\/09\/WhatsApp-Image-2018-09-20-at-16.04.06.jpeg 800w, https:\/\/www.radiopiu.net\/wordpress\/wp-content\/uploads\/2018\/09\/WhatsApp-Image-2018-09-20-at-16.04.06-300x38.jpeg 300w, https:\/\/www.radiopiu.net\/wordpress\/wp-content\/uploads\/2018\/09\/WhatsApp-Image-2018-09-20-at-16.04.06-768x96.jpeg 768w\" sizes=\"auto, (max-width: 1008px) 100vw, 1008px\" \/><\/a><\/b><\/p>\n<p>&nbsp;<\/p>\n<p>&nbsp;<\/p>\n<p>&nbsp;<\/p>\n<p>&nbsp;<\/p>\n<p>&nbsp;<\/p>\n<p><b>Sabato 11<\/b> <b>Tempo atteso: <\/b>Nuvolosit\u00e0 in intensificazione, gi\u00e0 al mattino, fino a cielo molto nuvoloso, con primi locali fenomeni. Al pomeriggio cielo coperto con diffusi fenomeni; in serata attenuazione dell&#8217;instabilit\u00e0 a partire dalle Dolomiti. Clima pi\u00f9 fresco in giornata e atmosfera ventosa alla sera.<br \/>\n<b>Precipitazioni: <\/b>In mattinata probabilit\u00e0 medio-bassa di locali rovesci (40\/50%); al pomeriggio precipitazioni diffuse, anche temporalesche (80\/90%). Non esclusi fenomeni grandinigeni tra Prealpi e pedemontana. Alla sera sulle Dolomiti tendenza ad attenuazione dell&#8217;instabilit\u00e0. Limite della neve in calo da 2200\/2300 m a 1800\/1900 m alla sera, anche a quote leggermente pi\u00f9 basse nei momenti di massima intensit\u00e0 dei fenomeni nelle valli dolomitiche.<br \/>\n<b>Temperature: <\/b>Nelle valli minime in aumento, mentre saranno in calo in quota ed osservate alla sera. Massime in lieve flessione, con punte di 14\/16\u00b0C nei fondovalle prealpini e di 12\/13\u00b0C a 1000\/1200 m. Su Prealpi a 1500 m min 4\u00b0C max 8\u00b0C, a 2000 m min 1\u00b0C max 5\u00b0C. Su Dolomiti a 2000 m min 0\u00b0C max 4\u00b0C, a 3000 m min -6\u00b0C max -2\u00b0C.<br \/>\n<b>Venti: <\/b>Nelle valli deboli di direzione variabile in giornata,con probabili forti raffiche durante il passaggio del fronte, specie in caso di temporale. Alla sera locali rinforzi per primi episodi di Foehn sulle Dolomiti. In quota deboli\/moderati sud-occidentali in giornata, tesi\/forti da Nord in serata, a 10-40 km\/h a 2000 m, 25-60 km\/h a 3000 m.<\/p>\n<hr \/>\n<p><b>Domenica 12<\/b> <b>Tempo atteso: <\/b>Brevi schiarite in un cielo perlopi\u00f9 coperto da nuvolosit\u00e0 alta e medio-alta, spesso estesa, ma con pochi o senza fenomeni, eccetto qualche burrasca di neve sulle cime. Atmosfera molto ventosa a tutte le quote con sensazione di freddo in alta quota, mentre il Foehn mitigher\u00e0 leggermente il clima nelle valli.<br \/>\n<b>Precipitazioni: <\/b>Nella notte residui fenomeni con un po&#8217; di neve oltre i 1600\/1700 m. In giornata quasi del tutto assenti nelle valli (10%), mentre qualche burrasca di neve cadr\u00e0 sulle cime (20\/30%), specie nella prima parte del giorno. Al pomeriggio le burrasche saranno sempre pi\u00f9 sporadiche. Tra sabato e domenica notte sono previsti apporti medi di 20\/30 mm sulle Dolomiti e 30\/40 mm sulle Prealpi, localmente anche 50\/60 mm su quest&#8217;ultime, con altrettanti cm di neve fresca oltre i 2200\/2400 m.<br \/>\n<b>Temperature: <\/b>Netto calo termico in quota, mentre il Foehn determiner\u00e0 un contenuto rialzo termico nelle valli, specie le minime. Su Prealpi a 1500 m min 2\u00b0C max 5\u00b0C, a 2000 m min -1\u00b0C max 1\u00b0C. Su Dolomiti a 2000 m min -2\u00b0C max 0\u00b0C, a 3000 m min -8\u00b0C max -6\u00b0C.<br \/>\n<b>Venti: <\/b>Nelle valli perlopi\u00f9 moderati con improvvisi rinforzi per Foehn; in quota tesi\/forti dai quadranti settentrionali, a 20-50 km\/h a 2000 m, 60-80 km\/h a 3000 m. (Eventuali raffiche fino sui 100 km\/h sulle dorsali prealpine e le cime dolomitiche pi\u00f9 alte).<\/p>\n<hr \/>\n<p><b>Lunedi 13<\/b>Cielo perlopi\u00f9 molto nuvoloso, ma senza fenomeni. Da met\u00e0 pomeriggio rasserenamenti via via pi\u00f9 ampi a partire dai settori settentrionali. Il rischio di precipitazioni sar\u00e0 basso, eccetto qualche fiocco in alta quota al mattino, specie sulle cime dolomitiche. Clima assai fresco e ventoso in quota per venti da Nord Nord-Est, in attenuazione al pomeriggio; Nelle valli clima in parte mitigato dalla persistenza del Foehn e da qualche raggio di sole al pomeriggio.<\/p>\n<hr \/>\n<p><b>Martedi 14<\/b>Al mattino sole e annuvolamenti stratiformi. Con il passare delle ore nuova intensificazione della nuvolosit\u00e0 con qualche precipitazione pomeridiana, nevosa oltre i 1500\/1600 m. Temperature in leggero calo, eccetto qualche aumento diurno nelle valli per maggiore possibilit\u00e0 d&#8217;iniziali momenti soleggiati. Venti da moderati\/tesi da Est in quota. Previsore: R.L.Th.<\/p>\n","protected":false},"excerpt":{"rendered":"<p>Nessuna tregua, il maltempo \u00e8 di nuovo all&#8217;orizzonte, peggioramento previsto per oggi e domani e dalla Regione l&#8217;ormai nota dichiarazione di stato di attenzione per criticit\u00e0 idrogeologica. Sul Corriere delle Alpi Le mani dei cinesi sul legname schiantato da Vaia, la tempesta ha scosso il mercato del legno e alle aste ecco i cinesi, intermediari&hellip;<\/p>\n","protected":false},"author":1,"featured_media":85171,"comment_status":"closed","ping_status":"closed","sticky":false,"template":"","format":"standard","meta":{"_monsterinsights_skip_tracking":false,"_monsterinsights_sitenote_active":false,"_monsterinsights_sitenote_note":"","_monsterinsights_sitenote_category":0,"footnotes":""},"categories":[86],"tags":[],"class_list":["post-85080","post","type-post","status-publish","format-standard","has-post-thumbnail","hentry","category-gr","category-86","description-off"],"img_url":"https:\/\/www.radiopiu.net\/wordpress\/wp-content\/uploads\/2019\/05\/e35e27b5-3669-4a23-b4a7-7cebcab354d8.jpg","_links":{"self":[{"href":"https:\/\/www.radiopiu.net\/wordpress\/wp-json\/wp\/v2\/posts\/85080","targetHints":{"allow":["GET"]}}],"collection":[{"href":"https:\/\/www.radiopiu.net\/wordpress\/wp-json\/wp\/v2\/posts"}],"about":[{"href":"https:\/\/www.radiopiu.net\/wordpress\/wp-json\/wp\/v2\/types\/post"}],"author":[{"embeddable":true,"href":"https:\/\/www.radiopiu.net\/wordpress\/wp-json\/wp\/v2\/users\/1"}],"replies":[{"embeddable":true,"href":"https:\/\/www.radiopiu.net\/wordpress\/wp-json\/wp\/v2\/comments?post=85080"}],"version-history":[{"count":0,"href":"https:\/\/www.radiopiu.net\/wordpress\/wp-json\/wp\/v2\/posts\/85080\/revisions"}],"wp:featuredmedia":[{"embeddable":true,"href":"https:\/\/www.radiopiu.net\/wordpress\/wp-json\/wp\/v2\/media\/85171"}],"wp:attachment":[{"href":"https:\/\/www.radiopiu.net\/wordpress\/wp-json\/wp\/v2\/media?parent=85080"}],"wp:term":[{"taxonomy":"category","embeddable":true,"href":"https:\/\/www.radiopiu.net\/wordpress\/wp-json\/wp\/v2\/categories?post=85080"},{"taxonomy":"post_tag","embeddable":true,"href":"https:\/\/www.radiopiu.net\/wordpress\/wp-json\/wp\/v2\/tags?post=85080"}],"curies":[{"name":"wp","href":"https:\/\/api.w.org\/{rel}","templated":true}]}}