{"id":85101,"date":"2019-05-10T15:21:51","date_gmt":"2019-05-10T13:21:51","guid":{"rendered":"http:\/\/www.radiopiu.net\/wordpress\/?p=85101"},"modified":"2019-05-13T10:19:08","modified_gmt":"2019-05-13T08:19:08","slug":"santi-vittore-e-corona-nel-cuore-del-palio","status":"publish","type":"post","link":"https:\/\/www.radiopiu.net\/wordpress\/santi-vittore-e-corona-nel-cuore-del-palio\/","title":{"rendered":"SANTI VITTORE E CORONA NEL CUORE DEL PALIO"},"content":{"rendered":"<p lang=\"it-IT\"><span style=\"color: #000000;\"><span style=\"font-family: Calibri, sans-serif;\"><span style=\"font-size: small;\"><span style=\"font-family: Arial, sans-serif;\"><span style=\"font-size: medium;\"><strong>FELTRE<\/strong> Si rinnova\u00a0 come ormai per tradizione fin dal 2006, l&#8217;omaggio del Palio di F<a class=\"dt-pswp-item\" href=\"http:\/\/www.radiopiu.net\/wordpress\/wp-content\/uploads\/2019\/05\/FB_IMG_1557489601143.jpg\" data-dt-img-description=\"\" data-large_image_width=\"972\" data-large_image_height=\"729\"><img loading=\"lazy\" decoding=\"async\" class=\" wp-image-85103 alignleft\" src=\"http:\/\/www.radiopiu.net\/wordpress\/wp-content\/uploads\/2019\/05\/FB_IMG_1557489601143-300x225.jpg\" alt=\"\" width=\"209\" height=\"157\" srcset=\"https:\/\/www.radiopiu.net\/wordpress\/wp-content\/uploads\/2019\/05\/FB_IMG_1557489601143-300x225.jpg 300w, https:\/\/www.radiopiu.net\/wordpress\/wp-content\/uploads\/2019\/05\/FB_IMG_1557489601143-768x576.jpg 768w, https:\/\/www.radiopiu.net\/wordpress\/wp-content\/uploads\/2019\/05\/FB_IMG_1557489601143.jpg 972w\" sizes=\"auto, (max-width: 209px) 100vw, 209px\" \/><\/a>eltre ai Santi Vittore e Corona, patroni della citt\u00e0. Consacrata dall&#8217;allora cerimoniere Michele Balen, la cerimonia si svolge la seconda domenica di maggio e vedr\u00e0 partecipi al rito religioso, con i loro costumi storici, i cinque gruppi di Sbandieratori e Musici cittadini (i Quartieri di Castello, Duomo, Port&#8217; Oria e Santo Stefano e il Gruppo Sbandieratori Citt\u00e0 di Feltre). Si tratta del vero e proprio inizio della \u201cstagione\u201d del Palio che, all\u2019interno della chiesa del Santuario, vedr\u00e0 il lancio di una bandiera e successivamente, nel chiostro, un suggestivo spettacolo a cui seguir\u00e0, come novit\u00e0 di quest\u2019anno, la riconsegna del drappo dei 15 ducati d&#8217;oro da parte del quartiere vincitore dell&#8217;anno precedente, rimesso simbolicamente tra le mani dei contendenti del Palio 2019. <\/span><\/span><\/span><\/span><\/span><\/p>\n<blockquote>\n<p lang=\"it-IT\"><span style=\"color: #000000;\"><span style=\"font-family: Arial, sans-serif;\"><span style=\"font-size: medium;\">Altra novit\u00e0 significativa sar\u00e0 l\u2019annuncio, in questa occasione, del nome dell\u2019autore del drappo, ambito premio del quartiere che si qualificher\u00e0 come vincitore nel prossimo appuntamento di agosto.<\/span><\/span><\/span><\/p>\n<\/blockquote>\n<p lang=\"it-IT\"><em><span style=\"color: #000000;\"><span style=\"font-family: Calibri, sans-serif;\"><span style=\"font-size: small;\"><span style=\"font-family: Arial, sans-serif;\"><span style=\"font-size: medium;\"><a class=\"dt-pswp-item\" href=\"http:\/\/www.radiopiu.net\/wordpress\/wp-content\/uploads\/2019\/05\/FB_IMG_1557486579628.jpg\" data-dt-img-description=\"\" data-large_image_width=\"1280\" data-large_image_height=\"960\"><img loading=\"lazy\" decoding=\"async\" class=\"wp-image-85102 alignright\" src=\"http:\/\/www.radiopiu.net\/wordpress\/wp-content\/uploads\/2019\/05\/FB_IMG_1557486579628-300x225.jpg\" alt=\"\" width=\"160\" height=\"120\" srcset=\"https:\/\/www.radiopiu.net\/wordpress\/wp-content\/uploads\/2019\/05\/FB_IMG_1557486579628-300x225.jpg 300w, https:\/\/www.radiopiu.net\/wordpress\/wp-content\/uploads\/2019\/05\/FB_IMG_1557486579628-768x576.jpg 768w, https:\/\/www.radiopiu.net\/wordpress\/wp-content\/uploads\/2019\/05\/FB_IMG_1557486579628-1024x768.jpg 1024w, https:\/\/www.radiopiu.net\/wordpress\/wp-content\/uploads\/2019\/05\/FB_IMG_1557486579628.jpg 1280w\" sizes=\"auto, (max-width: 160px) 100vw, 160px\" \/><\/a>&#8220;La messa di San Vittore, sottolinea il presidente Eugenio Tamburrino, \u00e8 ogni anno di pi\u00f9 un momento fondamentale nel Palio. Quest&#8217;anno, si arricchisce di due momenti importanti, che vogliono sottolineare quanto teniamo a questa occasione. In particolare, abbiamo scelto di dare l&#8217;annuncio del nome dell&#8217;artista che realizzer\u00e0 il drappo al termine della messa, per fare in modo che i primi a saperlo siano i ragazzi dei gruppi sbandieratori e musici e i contradaioli che durante tutto l&#8217;anno animano la vita dei Quartieri. Sono loro, insieme con il Gruppo Sbandieratori Citt\u00e0 di Feltre, il vero motore del Palio e sono centrali per il suo futuro. Aspettiamo, quindi, la cittadinanza e gli organi di informazione per condividere con noi questo momento&#8221;.<\/span><\/span><\/span><\/span><\/span><\/em><\/p>\n<p><strong><span style=\"font-family: Arial, sans-serif;\"><span style=\"font-size: medium;\">ORARI: ore 9.00 ritrovo presso la chiesa di Anz\u00fa, ore 9.30 partenza della sfilata verso il Santuario dei Santi Vittore e Corona, ore 10.30 messa<\/span><\/span><\/strong><\/p>\n<p>foto GIUSEPPE D&#8217;ALIA<\/p>\n","protected":false},"excerpt":{"rendered":"<p>FELTRE Si rinnova\u00a0 come ormai per tradizione fin dal 2006, l&#8217;omaggio del Palio di Feltre ai Santi Vittore e Corona, patroni della citt\u00e0. Consacrata dall&#8217;allora cerimoniere Michele Balen, la cerimonia si svolge la seconda domenica di maggio e vedr\u00e0 partecipi al rito religioso, con i loro costumi storici, i cinque gruppi di Sbandieratori e Musici&hellip;<\/p>\n","protected":false},"author":1,"featured_media":85104,"comment_status":"closed","ping_status":"closed","sticky":false,"template":"","format":"standard","meta":{"_monsterinsights_skip_tracking":false,"_monsterinsights_sitenote_active":false,"_monsterinsights_sitenote_note":"","_monsterinsights_sitenote_category":0,"footnotes":""},"categories":[103,49],"tags":[],"class_list":["post-85101","post","type-post","status-publish","format-standard","has-post-thumbnail","hentry","category-evidenza_2","category-news-18","category-103","category-49","description-off"],"img_url":"https:\/\/www.radiopiu.net\/wordpress\/wp-content\/uploads\/2019\/05\/FB_IMG_1557489622816-2.jpg","_links":{"self":[{"href":"https:\/\/www.radiopiu.net\/wordpress\/wp-json\/wp\/v2\/posts\/85101","targetHints":{"allow":["GET"]}}],"collection":[{"href":"https:\/\/www.radiopiu.net\/wordpress\/wp-json\/wp\/v2\/posts"}],"about":[{"href":"https:\/\/www.radiopiu.net\/wordpress\/wp-json\/wp\/v2\/types\/post"}],"author":[{"embeddable":true,"href":"https:\/\/www.radiopiu.net\/wordpress\/wp-json\/wp\/v2\/users\/1"}],"replies":[{"embeddable":true,"href":"https:\/\/www.radiopiu.net\/wordpress\/wp-json\/wp\/v2\/comments?post=85101"}],"version-history":[{"count":0,"href":"https:\/\/www.radiopiu.net\/wordpress\/wp-json\/wp\/v2\/posts\/85101\/revisions"}],"wp:featuredmedia":[{"embeddable":true,"href":"https:\/\/www.radiopiu.net\/wordpress\/wp-json\/wp\/v2\/media\/85104"}],"wp:attachment":[{"href":"https:\/\/www.radiopiu.net\/wordpress\/wp-json\/wp\/v2\/media?parent=85101"}],"wp:term":[{"taxonomy":"category","embeddable":true,"href":"https:\/\/www.radiopiu.net\/wordpress\/wp-json\/wp\/v2\/categories?post=85101"},{"taxonomy":"post_tag","embeddable":true,"href":"https:\/\/www.radiopiu.net\/wordpress\/wp-json\/wp\/v2\/tags?post=85101"}],"curies":[{"name":"wp","href":"https:\/\/api.w.org\/{rel}","templated":true}]}}