{"id":85150,"date":"2019-05-10T18:13:29","date_gmt":"2019-05-10T16:13:29","guid":{"rendered":"http:\/\/www.radiopiu.net\/wordpress\/?p=85150"},"modified":"2019-05-10T18:13:29","modified_gmt":"2019-05-10T16:13:29","slug":"due-medaglie-doro-bellunesiper-eroismi-in-eritrea-e-croazia-di-renato-bona","status":"publish","type":"post","link":"https:\/\/www.radiopiu.net\/wordpress\/due-medaglie-doro-bellunesiper-eroismi-in-eritrea-e-croazia-di-renato-bona\/","title":{"rendered":"DUE MEDAGLIE D\u2019ORO BELLUNESIPER EROISMI IN ERITREA E CROAZIA di RENATO BONA"},"content":{"rendered":"<p>Famiglia paterna originaria di Lorenzago di Cadore (la madre, Matilde De Sandre, era di San Vito di Cadore), sempre in provincia di Belluno, LUIGI CADORIN era nato nel 1895 a Vazzola di Treviso ma ugualmente figura tra \u201cLe medaglia d\u2019oro bellunesi al valor militare\u201d che \u00e8 il titolo del quaderno storico numero 5 che Emanuele D\u2019Andrea ha dato alle stampe nel 1993 per i tipi della tipografia \u201cTiziano\u201d di Pieve di Cadore.<br \/>\nQuesta la motivazione dell\u2019alto riconoscimento ottenuto dal maggiore di fanteria del 3. Battaglione coloniale \u201cGalliano\u201d: \u201cCombattente di tre guerre, simbolo del pi\u00f9 puro eroismo, offr\u00ec la sua vita in olocausto alla Patria. Ogni suo atto fu un atto di valore. In un aspro sanguinoso combattimento, crivellato di ferite non desisteva dalla lotta. Alla fine, esausto e circondato ordinava ai pochi superstiti che lo abbandonassero per porre in salvo il gagliardetto del Glorioso battaglione, chiudendo in un gesto epico, gi\u00e0 divenuto leggendario tra le truppe coloniali, la sua nobile esistenza. Fagutta 13 marzo-Saha Bangia 1 giugno 1940\u201d.<br \/>\nIl tragico episodio avvenne nei pressi di Engiabara, a sud del lago Tana, dove Cadorin, volontario in Eritrea sin dal 1931, comandante del Battaglione, cadde in un agguato assieme a tutta la scorta. Emanuele D\u2019Andrea aggiunge che \u201cE\u2019 testimonianza che il corpo venne rinvenuto composto sull\u2019erba, circondato da fiori, quale tributo dei nemici al suo valore\u201d.<br \/>\nLuigi Cadorin (dopo la Grande Guerra si iscrisse all&#8217;Istituto Nazionale per la Guardia d&#8217;Onore delle Reali Tombe del Pantheon nella delegazione di Treviso. Al suo nome \u00e8 intitolata la caserma del 33\u00ba Reggimento Artiglieria di Treviso) ottenne anche cinque medaglie d\u2019argento: Monte Vodice (1917), Monte Grappa (1918), e, tutte in Etiopia: Costi Agher (1938), Goggetti, e Gagast\u00e0 Chergis (1937), Urorab\u00e0 (1937): tre medaglie di bronzo: Monte Coston (1918),Bal\u00e9 Tacch\u00e9 (1 937), Urobab\u00e0 (1937 tutte in Etiopia;e due croci di guerra: Koblich Zabio (1917), Daro Tackli in Eritrea (1935). Ancora D\u2019Andrea a ricordare che Cadorin \u201cEntr\u00f2 per primo in Adua\u201d.<br \/>\n<b>*<\/b><br \/>\nChiamato alle armi nell\u2019aprile 1936, ANGELO AMPEZZAN, nato nel 1916 nella bellunese Zoldo Alto, fu assegnato al 12. Reggimento alpini e promosso caporale; a fine anno frequent\u00f2 il corso sciatori reggimentale ottenendo la nomina ad esploratore con la classifica di ottimo. Allo scioglimento del 12. nel 1937 pass\u00f2 al Settimo, venne promosso caporal maggiore e fu congedato nell\u2019agosto successivo. Nel 1939 venne richiamato nel battaglione Pieve di Cadore e partecip\u00f2 alle operazioni belliche sul fronte alpino occidentale nel battaglione Val Piave.Trasferito nel febbraio1941 al Val Tagliamento, venne impegnato sul fronte greco-albanese dove un mese pi\u00f9 tardi riport\u00f2 una grave ferita tanto da essere rimpatriato con la nave-ospedale \u201cGradisca\u201d per essere ricoverato in ospedale fino al luglio successivo quando, guarito, rientr\u00f2 nel deposito magazzino del Pieve di Cadore e quindi inviato in Croazia, 336. Compagnia presidiaria alpina. Comandante di un fortino isolato si distinse a Sinac nel settembre 1942 respingendo dopo quattro giorni di resistenza, un attacco di bande ribelli. Il fatto per il quale \u00e8 stato insignito di medaglia d\u2019oro avvenne dopo la conquista da parte tedesca dell\u2019area balcanica (definitivamente presa nell\u2019aprile 1941) .<br \/>\nAmpezzan, che gi\u00e0 aveva meritato la croce di guerra per operazioni in Balcania nel 1942, ebbe la prestigiosa medaglia con questa motivazione: \u201cGi\u00e0 decorato al valore durante cruento combattimento contro bande di ribelli in ambiente infido trascinava con l\u2019esempio la sua squadra persistendo nella lotta anche dopo essere rimasto gravemente ferito al braccio sinistro. Con esemplare stoicismo riusciva col solo braccio rimasto valido a rimettere dapprima in efficienza e ad azionare una mitragliatrice e poscia a respingere il nemico incalzante, con lanci o di bombe a mano. Colpito a morte da una raffica di mitragliatrice, cadeva da prode rivolgendo al suo capitano queste parole: \u2018Ho fatto il mio dovere fino all\u2019ultimo. Dio perdoni i miei peccati\u2019. Berlog, Croazia, 3-4 aprile 1943\u201d.<\/p>\n<p>NELLE FOTO (commons.wikimedia; wikiwand; riproduzioni da \u201cLe medaglie d\u2019oro bellunesi al valor militare di Emanuele D\u2019Andrea): Alpini ad Adua; Luigi Cadorin; soldati italiani in Albania; Angelo Ampezzan).<\/p>\n<p><a class=\"dt-pswp-item\" href=\"http:\/\/www.radiopiu.net\/wordpress\/wp-content\/uploads\/2019\/05\/60056404_2305806222845285_4986313020402565120_n.jpg\" data-dt-img-description=\"\" data-large_image_width=\"668\" data-large_image_height=\"871\"><img loading=\"lazy\" decoding=\"async\" class=\"alignnone  wp-image-85151\" src=\"http:\/\/www.radiopiu.net\/wordpress\/wp-content\/uploads\/2019\/05\/60056404_2305806222845285_4986313020402565120_n-230x300.jpg\" alt=\"\" width=\"194\" height=\"253\" srcset=\"https:\/\/www.radiopiu.net\/wordpress\/wp-content\/uploads\/2019\/05\/60056404_2305806222845285_4986313020402565120_n-230x300.jpg 230w, https:\/\/www.radiopiu.net\/wordpress\/wp-content\/uploads\/2019\/05\/60056404_2305806222845285_4986313020402565120_n.jpg 668w\" sizes=\"auto, (max-width: 194px) 100vw, 194px\" \/><\/a><a class=\"dt-pswp-item\" href=\"http:\/\/www.radiopiu.net\/wordpress\/wp-content\/uploads\/2019\/05\/59796211_351562512375422_2581510326851731456_n.jpg\" data-dt-img-description=\"\" data-large_image_width=\"2048\" data-large_image_height=\"1536\"><img loading=\"lazy\" decoding=\"async\" class=\"alignnone  wp-image-85152\" src=\"http:\/\/www.radiopiu.net\/wordpress\/wp-content\/uploads\/2019\/05\/59796211_351562512375422_2581510326851731456_n.jpg\" alt=\"\" width=\"289\" height=\"217\" srcset=\"https:\/\/www.radiopiu.net\/wordpress\/wp-content\/uploads\/2019\/05\/59796211_351562512375422_2581510326851731456_n.jpg 2048w, https:\/\/www.radiopiu.net\/wordpress\/wp-content\/uploads\/2019\/05\/59796211_351562512375422_2581510326851731456_n-300x225.jpg 300w, https:\/\/www.radiopiu.net\/wordpress\/wp-content\/uploads\/2019\/05\/59796211_351562512375422_2581510326851731456_n-768x576.jpg 768w, https:\/\/www.radiopiu.net\/wordpress\/wp-content\/uploads\/2019\/05\/59796211_351562512375422_2581510326851731456_n-1024x768.jpg 1024w\" sizes=\"auto, (max-width: 289px) 100vw, 289px\" \/><\/a><a class=\"dt-pswp-item\" href=\"http:\/\/www.radiopiu.net\/wordpress\/wp-content\/uploads\/2019\/05\/54457979_562770910886909_2883641510685835264_n.png\" data-dt-img-description=\"\" data-large_image_width=\"592\" data-large_image_height=\"377\"><img loading=\"lazy\" decoding=\"async\" class=\"alignnone  wp-image-85153\" src=\"http:\/\/www.radiopiu.net\/wordpress\/wp-content\/uploads\/2019\/05\/54457979_562770910886909_2883641510685835264_n.png\" alt=\"\" width=\"273\" height=\"174\" srcset=\"https:\/\/www.radiopiu.net\/wordpress\/wp-content\/uploads\/2019\/05\/54457979_562770910886909_2883641510685835264_n.png 592w, https:\/\/www.radiopiu.net\/wordpress\/wp-content\/uploads\/2019\/05\/54457979_562770910886909_2883641510685835264_n-300x191.png 300w\" sizes=\"auto, (max-width: 273px) 100vw, 273px\" \/><\/a><a class=\"dt-pswp-item\" href=\"http:\/\/www.radiopiu.net\/wordpress\/wp-content\/uploads\/2019\/05\/59836868_1970037819766705_7028631452107407360_n.jpg\" data-dt-img-description=\"\" data-large_image_width=\"2048\" data-large_image_height=\"1536\"><img loading=\"lazy\" decoding=\"async\" class=\"alignnone  wp-image-85154\" src=\"http:\/\/www.radiopiu.net\/wordpress\/wp-content\/uploads\/2019\/05\/59836868_1970037819766705_7028631452107407360_n.jpg\" alt=\"\" width=\"294\" height=\"222\" srcset=\"https:\/\/www.radiopiu.net\/wordpress\/wp-content\/uploads\/2019\/05\/59836868_1970037819766705_7028631452107407360_n.jpg 2048w, https:\/\/www.radiopiu.net\/wordpress\/wp-content\/uploads\/2019\/05\/59836868_1970037819766705_7028631452107407360_n-300x225.jpg 300w, https:\/\/www.radiopiu.net\/wordpress\/wp-content\/uploads\/2019\/05\/59836868_1970037819766705_7028631452107407360_n-768x576.jpg 768w, https:\/\/www.radiopiu.net\/wordpress\/wp-content\/uploads\/2019\/05\/59836868_1970037819766705_7028631452107407360_n-1024x768.jpg 1024w\" sizes=\"auto, (max-width: 294px) 100vw, 294px\" \/><\/a><\/p>\n","protected":false},"excerpt":{"rendered":"<p>Famiglia paterna originaria di Lorenzago di Cadore (la madre, Matilde De Sandre, era di San Vito di Cadore), sempre in provincia di Belluno, LUIGI CADORIN era nato nel 1895 a Vazzola di Treviso ma ugualmente figura tra \u201cLe medaglia d\u2019oro bellunesi al valor militare\u201d che \u00e8 il titolo del quaderno storico numero 5 che Emanuele&hellip;<\/p>\n","protected":false},"author":1,"featured_media":85151,"comment_status":"closed","ping_status":"closed","sticky":false,"template":"","format":"standard","meta":{"_monsterinsights_skip_tracking":false,"_monsterinsights_sitenote_active":false,"_monsterinsights_sitenote_note":"","_monsterinsights_sitenote_category":0,"footnotes":""},"categories":[49],"tags":[],"class_list":["post-85150","post","type-post","status-publish","format-standard","has-post-thumbnail","hentry","category-news-18","category-49","description-off"],"img_url":"https:\/\/www.radiopiu.net\/wordpress\/wp-content\/uploads\/2019\/05\/60056404_2305806222845285_4986313020402565120_n.jpg","_links":{"self":[{"href":"https:\/\/www.radiopiu.net\/wordpress\/wp-json\/wp\/v2\/posts\/85150","targetHints":{"allow":["GET"]}}],"collection":[{"href":"https:\/\/www.radiopiu.net\/wordpress\/wp-json\/wp\/v2\/posts"}],"about":[{"href":"https:\/\/www.radiopiu.net\/wordpress\/wp-json\/wp\/v2\/types\/post"}],"author":[{"embeddable":true,"href":"https:\/\/www.radiopiu.net\/wordpress\/wp-json\/wp\/v2\/users\/1"}],"replies":[{"embeddable":true,"href":"https:\/\/www.radiopiu.net\/wordpress\/wp-json\/wp\/v2\/comments?post=85150"}],"version-history":[{"count":0,"href":"https:\/\/www.radiopiu.net\/wordpress\/wp-json\/wp\/v2\/posts\/85150\/revisions"}],"wp:featuredmedia":[{"embeddable":true,"href":"https:\/\/www.radiopiu.net\/wordpress\/wp-json\/wp\/v2\/media\/85151"}],"wp:attachment":[{"href":"https:\/\/www.radiopiu.net\/wordpress\/wp-json\/wp\/v2\/media?parent=85150"}],"wp:term":[{"taxonomy":"category","embeddable":true,"href":"https:\/\/www.radiopiu.net\/wordpress\/wp-json\/wp\/v2\/categories?post=85150"},{"taxonomy":"post_tag","embeddable":true,"href":"https:\/\/www.radiopiu.net\/wordpress\/wp-json\/wp\/v2\/tags?post=85150"}],"curies":[{"name":"wp","href":"https:\/\/api.w.org\/{rel}","templated":true}]}}