{"id":85213,"date":"2019-05-12T19:37:22","date_gmt":"2019-05-12T17:37:22","guid":{"rendered":"http:\/\/www.radiopiu.net\/wordpress\/?p=85213"},"modified":"2019-05-14T15:34:37","modified_gmt":"2019-05-14T13:34:37","slug":"alpago-chiusa-la-provinciale-ed-evacuato-il-paese","status":"publish","type":"post","link":"https:\/\/www.radiopiu.net\/wordpress\/alpago-chiusa-la-provinciale-ed-evacuato-il-paese\/","title":{"rendered":"ALPAGO: CHIUSA LA PROVINCIALE ED EVACUATO IL PAESE"},"content":{"rendered":"<p>Frana attenzionata in Alpago,\u00a0 a causa di un grosso movimento del versante sovrastante l&#8217;abitato di Schiucaz \u00e8 stata chiusa la strada provinciale e fatto evacuare l&#8217;intero paese. \u00c8 gi\u00e0 stato aperto il COC e sul posto sono gi\u00e0 intervenuti in supporto i tecnici della Provincia come riportato dalla pagina facebook di Massimo Bortoluzzi consigliere provinciale. A breve verr\u00e0 installata una torre faro per monitorare la frana da parte della Protezione Civile.<\/p>\n<p>PIERANTONIO ZANCHETTA DIRIGENTE SERVIZI FORESTALI IN PROVINCIA<\/p>\n<audio class=\"wp-audio-shortcode\" id=\"audio-85213-1\" preload=\"none\" style=\"width: 100%;\" controls=\"controls\"><source type=\"audio\/mpeg\" src=\"http:\/\/www.radiopiu.net\/wordpress\/wp-content\/uploads\/2019\/05\/ZANCHETTA-1.mp3?_=1\" \/><a href=\"http:\/\/www.radiopiu.net\/wordpress\/wp-content\/uploads\/2019\/05\/ZANCHETTA-1.mp3\">http:\/\/www.radiopiu.net\/wordpress\/wp-content\/uploads\/2019\/05\/ZANCHETTA-1.mp3<\/a><\/audio>\n<p>IL CONSIGLIERE PROVINCIALE MASSIMO BORTOLUZZI<\/p>\n<audio class=\"wp-audio-shortcode\" id=\"audio-85213-2\" preload=\"none\" style=\"width: 100%;\" controls=\"controls\"><source type=\"audio\/mpeg\" src=\"http:\/\/www.radiopiu.net\/wordpress\/wp-content\/uploads\/2019\/05\/BORTO.mp3?_=2\" \/><a href=\"http:\/\/www.radiopiu.net\/wordpress\/wp-content\/uploads\/2019\/05\/BORTO.mp3\">http:\/\/www.radiopiu.net\/wordpress\/wp-content\/uploads\/2019\/05\/BORTO.mp3<\/a><\/audio>\n<p><a class=\"dt-pswp-item\" href=\"http:\/\/www.radiopiu.net\/wordpress\/wp-content\/uploads\/2019\/05\/615b0fe4-9e30-431e-9e24-369769fd414a.jpg\" data-dt-img-description=\"\" data-large_image_width=\"1200\" data-large_image_height=\"1600\"><img loading=\"lazy\" decoding=\"async\" class=\"alignnone  wp-image-85287\" src=\"http:\/\/www.radiopiu.net\/wordpress\/wp-content\/uploads\/2019\/05\/615b0fe4-9e30-431e-9e24-369769fd414a-768x1024.jpg\" alt=\"\" width=\"258\" height=\"344\" srcset=\"https:\/\/www.radiopiu.net\/wordpress\/wp-content\/uploads\/2019\/05\/615b0fe4-9e30-431e-9e24-369769fd414a-768x1024.jpg 768w, https:\/\/www.radiopiu.net\/wordpress\/wp-content\/uploads\/2019\/05\/615b0fe4-9e30-431e-9e24-369769fd414a-225x300.jpg 225w, https:\/\/www.radiopiu.net\/wordpress\/wp-content\/uploads\/2019\/05\/615b0fe4-9e30-431e-9e24-369769fd414a.jpg 1200w\" sizes=\"auto, (max-width: 258px) 100vw, 258px\" \/><\/a><a class=\"dt-pswp-item\" href=\"http:\/\/www.radiopiu.net\/wordpress\/wp-content\/uploads\/2019\/05\/e7a00d62-df21-4d0d-92ce-40bb385538f3.jpg\" data-dt-img-description=\"\" data-large_image_width=\"1200\" data-large_image_height=\"1600\"><img loading=\"lazy\" decoding=\"async\" class=\"alignnone  wp-image-85286\" src=\"http:\/\/www.radiopiu.net\/wordpress\/wp-content\/uploads\/2019\/05\/e7a00d62-df21-4d0d-92ce-40bb385538f3-768x1024.jpg\" alt=\"\" width=\"257\" height=\"343\" srcset=\"https:\/\/www.radiopiu.net\/wordpress\/wp-content\/uploads\/2019\/05\/e7a00d62-df21-4d0d-92ce-40bb385538f3-768x1024.jpg 768w, https:\/\/www.radiopiu.net\/wordpress\/wp-content\/uploads\/2019\/05\/e7a00d62-df21-4d0d-92ce-40bb385538f3-225x300.jpg 225w, https:\/\/www.radiopiu.net\/wordpress\/wp-content\/uploads\/2019\/05\/e7a00d62-df21-4d0d-92ce-40bb385538f3.jpg 1200w\" sizes=\"auto, (max-width: 257px) 100vw, 257px\" \/><\/a><a class=\"dt-pswp-item\" href=\"http:\/\/www.radiopiu.net\/wordpress\/wp-content\/uploads\/2019\/05\/86f49331-01de-436d-8b30-7b420db3cb7e.jpg\" data-dt-img-description=\"\" data-large_image_width=\"1200\" data-large_image_height=\"1599\"><img loading=\"lazy\" decoding=\"async\" class=\"alignnone size-medium wp-image-85285\" src=\"http:\/\/www.radiopiu.net\/wordpress\/wp-content\/uploads\/2019\/05\/86f49331-01de-436d-8b30-7b420db3cb7e-225x300.jpg\" alt=\"\" width=\"225\" height=\"300\" srcset=\"https:\/\/www.radiopiu.net\/wordpress\/wp-content\/uploads\/2019\/05\/86f49331-01de-436d-8b30-7b420db3cb7e-225x300.jpg 225w, https:\/\/www.radiopiu.net\/wordpress\/wp-content\/uploads\/2019\/05\/86f49331-01de-436d-8b30-7b420db3cb7e-768x1024.jpg 768w, https:\/\/www.radiopiu.net\/wordpress\/wp-content\/uploads\/2019\/05\/86f49331-01de-436d-8b30-7b420db3cb7e.jpg 1200w\" sizes=\"auto, (max-width: 225px) 100vw, 225px\" \/><\/a><a class=\"dt-pswp-item\" href=\"http:\/\/www.radiopiu.net\/wordpress\/wp-content\/uploads\/2019\/05\/9209a4c2-aad4-4bb2-98da-34378c5ec8dd.jpg\" data-dt-img-description=\"\" data-large_image_width=\"1600\" data-large_image_height=\"1200\"><img loading=\"lazy\" decoding=\"async\" class=\"alignnone wp-image-85222\" src=\"http:\/\/www.radiopiu.net\/wordpress\/wp-content\/uploads\/2019\/05\/9209a4c2-aad4-4bb2-98da-34378c5ec8dd-1024x768.jpg\" alt=\"\" width=\"256\" height=\"192\" srcset=\"https:\/\/www.radiopiu.net\/wordpress\/wp-content\/uploads\/2019\/05\/9209a4c2-aad4-4bb2-98da-34378c5ec8dd-1024x768.jpg 1024w, https:\/\/www.radiopiu.net\/wordpress\/wp-content\/uploads\/2019\/05\/9209a4c2-aad4-4bb2-98da-34378c5ec8dd-300x225.jpg 300w, https:\/\/www.radiopiu.net\/wordpress\/wp-content\/uploads\/2019\/05\/9209a4c2-aad4-4bb2-98da-34378c5ec8dd-768x576.jpg 768w, https:\/\/www.radiopiu.net\/wordpress\/wp-content\/uploads\/2019\/05\/9209a4c2-aad4-4bb2-98da-34378c5ec8dd.jpg 1600w\" sizes=\"auto, (max-width: 256px) 100vw, 256px\" \/><\/a><a class=\"dt-pswp-item\" href=\"http:\/\/www.radiopiu.net\/wordpress\/wp-content\/uploads\/2019\/05\/60171986_327001324642822_1561138857393520640_n.jpg\" data-dt-img-description=\"\" data-large_image_width=\"960\" data-large_image_height=\"720\"><img loading=\"lazy\" decoding=\"async\" class=\"alignnone wp-image-85218\" src=\"http:\/\/www.radiopiu.net\/wordpress\/wp-content\/uploads\/2019\/05\/60171986_327001324642822_1561138857393520640_n.jpg\" alt=\"\" width=\"257\" height=\"193\" srcset=\"https:\/\/www.radiopiu.net\/wordpress\/wp-content\/uploads\/2019\/05\/60171986_327001324642822_1561138857393520640_n.jpg 960w, https:\/\/www.radiopiu.net\/wordpress\/wp-content\/uploads\/2019\/05\/60171986_327001324642822_1561138857393520640_n-300x225.jpg 300w, https:\/\/www.radiopiu.net\/wordpress\/wp-content\/uploads\/2019\/05\/60171986_327001324642822_1561138857393520640_n-768x576.jpg 768w\" sizes=\"auto, (max-width: 257px) 100vw, 257px\" \/><\/a><a class=\"dt-pswp-item\" href=\"http:\/\/www.radiopiu.net\/wordpress\/wp-content\/uploads\/2019\/05\/60338653_327001357976152_4996374470919716864_n.jpg\" data-dt-img-description=\"\" data-large_image_width=\"720\" data-large_image_height=\"960\"><img loading=\"lazy\" decoding=\"async\" class=\"alignnone wp-image-85217\" src=\"http:\/\/www.radiopiu.net\/wordpress\/wp-content\/uploads\/2019\/05\/60338653_327001357976152_4996374470919716864_n-225x300.jpg\" alt=\"\" width=\"146\" height=\"195\" srcset=\"https:\/\/www.radiopiu.net\/wordpress\/wp-content\/uploads\/2019\/05\/60338653_327001357976152_4996374470919716864_n-225x300.jpg 225w, https:\/\/www.radiopiu.net\/wordpress\/wp-content\/uploads\/2019\/05\/60338653_327001357976152_4996374470919716864_n.jpg 720w\" sizes=\"auto, (max-width: 146px) 100vw, 146px\" \/><\/a><\/p>\n<div style=\"width: 640px;\" class=\"wp-video\"><video class=\"wp-video-shortcode\" id=\"video-85213-1\" width=\"640\" height=\"352\" preload=\"metadata\" controls=\"controls\"><source type=\"video\/mp4\" src=\"http:\/\/www.radiopiu.net\/wordpress\/wp-content\/uploads\/2019\/05\/WhatsApp-Video-2019-05-12-at-19.30.06.mp4?_=1\" \/><a href=\"http:\/\/www.radiopiu.net\/wordpress\/wp-content\/uploads\/2019\/05\/WhatsApp-Video-2019-05-12-at-19.30.06.mp4\">http:\/\/www.radiopiu.net\/wordpress\/wp-content\/uploads\/2019\/05\/WhatsApp-Video-2019-05-12-at-19.30.06.mp4<\/a><\/video><\/div>\n<p>&nbsp;<\/p>\n<p>&nbsp;<\/p>\n<p>&nbsp;<\/p>\n<p>&nbsp;<\/p>\n","protected":false},"excerpt":{"rendered":"<p>Frana attenzionata in Alpago,\u00a0 a causa di un grosso movimento del versante sovrastante l&#8217;abitato di Schiucaz \u00e8 stata chiusa la strada provinciale e fatto evacuare l&#8217;intero paese. \u00c8 gi\u00e0 stato aperto il COC e sul posto sono gi\u00e0 intervenuti in supporto i tecnici della Provincia come riportato dalla pagina facebook di Massimo Bortoluzzi consigliere provinciale.&hellip;<\/p>\n","protected":false},"author":1,"featured_media":85218,"comment_status":"closed","ping_status":"closed","sticky":false,"template":"","format":"standard","meta":{"_monsterinsights_skip_tracking":false,"_monsterinsights_sitenote_active":false,"_monsterinsights_sitenote_note":"","_monsterinsights_sitenote_category":0,"footnotes":""},"categories":[103,49],"tags":[],"class_list":["post-85213","post","type-post","status-publish","format-standard","has-post-thumbnail","hentry","category-evidenza_2","category-news-18","category-103","category-49","description-off"],"img_url":"https:\/\/www.radiopiu.net\/wordpress\/wp-content\/uploads\/2019\/05\/60171986_327001324642822_1561138857393520640_n.jpg","_links":{"self":[{"href":"https:\/\/www.radiopiu.net\/wordpress\/wp-json\/wp\/v2\/posts\/85213","targetHints":{"allow":["GET"]}}],"collection":[{"href":"https:\/\/www.radiopiu.net\/wordpress\/wp-json\/wp\/v2\/posts"}],"about":[{"href":"https:\/\/www.radiopiu.net\/wordpress\/wp-json\/wp\/v2\/types\/post"}],"author":[{"embeddable":true,"href":"https:\/\/www.radiopiu.net\/wordpress\/wp-json\/wp\/v2\/users\/1"}],"replies":[{"embeddable":true,"href":"https:\/\/www.radiopiu.net\/wordpress\/wp-json\/wp\/v2\/comments?post=85213"}],"version-history":[{"count":0,"href":"https:\/\/www.radiopiu.net\/wordpress\/wp-json\/wp\/v2\/posts\/85213\/revisions"}],"wp:featuredmedia":[{"embeddable":true,"href":"https:\/\/www.radiopiu.net\/wordpress\/wp-json\/wp\/v2\/media\/85218"}],"wp:attachment":[{"href":"https:\/\/www.radiopiu.net\/wordpress\/wp-json\/wp\/v2\/media?parent=85213"}],"wp:term":[{"taxonomy":"category","embeddable":true,"href":"https:\/\/www.radiopiu.net\/wordpress\/wp-json\/wp\/v2\/categories?post=85213"},{"taxonomy":"post_tag","embeddable":true,"href":"https:\/\/www.radiopiu.net\/wordpress\/wp-json\/wp\/v2\/tags?post=85213"}],"curies":[{"name":"wp","href":"https:\/\/api.w.org\/{rel}","templated":true}]}}