{"id":85330,"date":"2019-05-13T12:05:41","date_gmt":"2019-05-13T10:05:41","guid":{"rendered":"http:\/\/www.radiopiu.net\/wordpress\/?p=85330"},"modified":"2019-05-14T07:52:55","modified_gmt":"2019-05-14T05:52:55","slug":"giornale-radiopiu-14-maggio-2019-direttore-mirko-mezzacasa","status":"publish","type":"post","link":"https:\/\/www.radiopiu.net\/wordpress\/giornale-radiopiu-14-maggio-2019-direttore-mirko-mezzacasa\/","title":{"rendered":"GIORNALE RADIOPIU 14 MAGGIO 2019 DIRETTORE MIRKO MEZZACASA"},"content":{"rendered":"<p><strong>La frana di Schiucaz<\/strong> si \u00e8 mossa di oltre un metro, 6000 metri cubi di materiale minacciano abitazioni e viabilit\u00e0 lungo la provinciale 5 di Lamosano.<strong> Un&#8217;altra vittoria per Leonardo Del Vecchio<\/strong> e la sua Luxottica, con Essilor \u00e8 pace fatta, stretta di mano con Milleri e Vacherot che acquisiranno nuove deleghe, sindacati pronti a chiedere l&#8217;ingresso dei lavoratori\u00a0 nel Cda. <strong>Preoccupazione dopo gli attacchi degli hacker<\/strong> che hanno bloccato l&#8217;attivit\u00e0 gi\u00e0 in due aziende bellunesi e sono solo gli ultimi due episodi, da confindustria la cyber security. <strong>Un Agordino di 27 anni \u00e9 stato truffato<\/strong> da un calabrese V.F. 56 anni, da una siracusana L.D di 33 e da A.V. sardo di Sassari di 39 anni. L&#8217; agordino voleva spendere 4000 euro per un escavatore JBC MOD. 8018 su. ANNUNCI.IT. Dopo aver versato l importo di 1400 euro come caparra al calabrese poi pi\u00fa nessuna notizia. I CARABINIERI di Gosaldo hanno denunciato i tre,\u00a0 conto bancario sotto sequestro e poste pay bloccata.<strong> Dopo l&#8217;uragano Vaia<\/strong> il Radio Club Cime Bianche ha dato il via ad un corso di formazione con Carlo Zampieri. <strong>\u00a0Il giudice per le indagini preliminari<\/strong> ha convalidato\u00a0 l&#8217;arresto di S.D.Z. agli\u00a0 arresti domiciliari con obbligo di firma, dopo la colluttazione nel parco vicino allo stadio del ghiaccio di Tai di Cadore. Il 22enne cadorino deve rispondere di violenza e resistenza a pubblico ufficiale. <strong>Fissata per domani<\/strong> la convalida dell&#8217;arresto del brasiliano, che\u00a0 sabato ha tentato di rapinare due valigie al grande magazzino cinese. Il 46enne brasiliano domiciliato in Cadore, ma senza fissa dimora, deve rispondere anche di lesioni a due dipendenti del negozio. <strong>Dal Corriere delle Alpi<\/strong>: Rapinano un 90enne a Mestre, in due in carcere arrestati la 21 enne Lisa Tamburlin di Quero Vas e il fidanzato nigeriano di 30: su di loro i sospetti di altri episodi simili. <strong>Truffa del postamat decine di bellunesi traditi dalla &#8220;rete&#8221;\u00a0 <\/strong>Nel mirino chi mette in vendita prodotti sul web: contattato da falsi compratori, viene derubato dei soldi contenuti nel bancomat. <strong>\u00a0Danni pesanti alle auto e disagi alla circolazione<\/strong> per un incidente\u00a0 a Cima i Pr\u00e0 a Ponte nelle Alpi, che ha visto una donna finire al pronto soccorso con traumi comunque non gravi,\u00a0 coinvolte una Hyundai guidata da una donna di 59 anni di Ponte nelle Alpi e una Peugeot guidata da un uomo di Longarone di 60 anni. La donna in serata \u00e8 stata giudicata guaribile nel giro di 15 giorni per un trauma cranico.<\/p>\n<p>&nbsp;<\/p>\n<p>&nbsp;<\/p>\n<p>&nbsp;<\/p>\n<h2>IERI ALLA RADIO,\u00a0 LE JOUR\u00a0 DI\u00a0 LEONARDO DEL VECCHIO<\/h2>\n<blockquote class=\"wp-embedded-content\" data-secret=\"JvCm1nXzz9\"><p><a href=\"http:\/\/www.radiopiu.net\/wordpress\/essilor-luxottica-e-accordo\/\">ESSILOR-LUXOTTICA: E&#8217; ACCORDO<\/a><\/p><\/blockquote>\n<p><iframe loading=\"lazy\" class=\"wp-embedded-content\" sandbox=\"allow-scripts\" security=\"restricted\" style=\"position: absolute; clip: rect(1px, 1px, 1px, 1px);\" src=\"http:\/\/www.radiopiu.net\/wordpress\/essilor-luxottica-e-accordo\/embed\/#?secret=JvCm1nXzz9\" data-secret=\"JvCm1nXzz9\" width=\"600\" height=\"338\" title=\"&#8220;ESSILOR-LUXOTTICA: E&#8217; ACCORDO&#8221; &#8212; Radio Pi\u00f9\" frameborder=\"0\" marginwidth=\"0\" marginheight=\"0\" scrolling=\"no\"><\/iframe><\/p>\n<p>&nbsp;<\/p>\n<p>&nbsp;<\/p>\n<blockquote><p>Gestione Servizi Pubblici informa che, per lavori alla rete idrica comunale, <span style=\"color: #ff0000;\">OGGI<\/span>dalle 9 a fine lavori, verr\u00e0 sospesa l\u2019erogazione dell\u2019acqua a SELVA DI CADORE nelle LOC. PESCUL e S.FOSCA.<\/p><\/blockquote>\n<p>&nbsp;<\/p>\n<p>&nbsp;<\/p>\n<h2>FRANA IN ALPAGO, DA IERI IL RECUPERO DEI BENI NELLE ABITAZIONI<\/h2>\n<p style=\"text-align: left;\"><a class=\"dt-pswp-item\" href=\"http:\/\/www.radiopiu.net\/wordpress\/wp-content\/uploads\/2019\/05\/IMG-20190513-WA0035_wm.jpg\" data-dt-img-description=\"\" data-large_image_width=\"1600\" data-large_image_height=\"900\"><img loading=\"lazy\" decoding=\"async\" class=\" wp-image-85379 alignleft\" src=\"http:\/\/www.radiopiu.net\/wordpress\/wp-content\/uploads\/2019\/05\/IMG-20190513-WA0035_wm-300x169.jpg\" alt=\"\" width=\"243\" height=\"137\" srcset=\"https:\/\/www.radiopiu.net\/wordpress\/wp-content\/uploads\/2019\/05\/IMG-20190513-WA0035_wm-300x169.jpg 300w, https:\/\/www.radiopiu.net\/wordpress\/wp-content\/uploads\/2019\/05\/IMG-20190513-WA0035_wm-768x432.jpg 768w, https:\/\/www.radiopiu.net\/wordpress\/wp-content\/uploads\/2019\/05\/IMG-20190513-WA0035_wm-1024x576.jpg 1024w, https:\/\/www.radiopiu.net\/wordpress\/wp-content\/uploads\/2019\/05\/IMG-20190513-WA0035_wm.jpg 1600w\" sizes=\"auto, (max-width: 243px) 100vw, 243px\" \/><\/a>I vigili del fuoco stanno operando da ieri mattina a Schiucaz una frazione del comune dell\u2019Alpago\u00a0 per il recupero di beni dalle abitazioni per una frana\u00a0\u00a0che incombe sulle abitazioni. Diciassette persone sono state fatte evacuare, attivato il COC (centro operativo comunale). Chiusa la strada provinciale sottostante.\u00a0\u00a0I vigili del fuoco con dodici operatori e 4 automezzi hanno iniziato il recupero dei beni dalle abitazioni . Le operazioni che all\u2019inizio venivano effettuate dai pompieri insieme con i proprietari sono state interrotte dopo i segnali di movimento della\u00a0\u00a0frana stimata in circa 5000\/6000 metri cubi. Le operazioni sono poi riprese pi\u00f9 tardi\u00a0\u00a0solo con il personale dei vigili del fuoco cessato l\u2019allarme del movimento. Le operazioni sono tuttora in corso.\u00a0\u00a0Sul posto il personale volontario della protezione civile con l\u2019assessore regionale Bottacin, Veneto Strade, il sindaco e personale della provincia e delle forze dell\u2019ordine.<\/p>\n<p>&nbsp;<\/p>\n<p>&nbsp;<\/p>\n<h3>PROTEZIONE CIVILE. SOPRALLUOGO DELL\u2019ASSESSORE REGIONALE SULLA FRANA DI SCHIUCAZ IN COMUNE DI ALPAGO (BL)<\/h3>\n<p>audio<\/p>\n<audio class=\"wp-audio-shortcode\" id=\"audio-85330-1\" preload=\"none\" style=\"width: 100%;\" controls=\"controls\"><source type=\"audio\/mpeg\" src=\"http:\/\/www.radiopiu.net\/wordpress\/wp-content\/uploads\/2019\/05\/gianpaolo.mp3?_=1\" \/><a href=\"http:\/\/www.radiopiu.net\/wordpress\/wp-content\/uploads\/2019\/05\/gianpaolo.mp3\">http:\/\/www.radiopiu.net\/wordpress\/wp-content\/uploads\/2019\/05\/gianpaolo.mp3<\/a><\/audio>\n<p>&nbsp;<\/p>\n<p><a class=\"dt-pswp-item\" href=\"http:\/\/www.radiopiu.net\/wordpress\/wp-content\/uploads\/2018\/10\/INCENDIO-BOTTACIN.jpg\" data-dt-img-description=\"\" data-large_image_width=\"1336\" data-large_image_height=\"1004\"><img loading=\"lazy\" decoding=\"async\" class=\" wp-image-65187 alignleft\" src=\"http:\/\/www.radiopiu.net\/wordpress\/wp-content\/uploads\/2018\/10\/INCENDIO-BOTTACIN-300x225.jpg\" alt=\"\" width=\"243\" height=\"182\" srcset=\"https:\/\/www.radiopiu.net\/wordpress\/wp-content\/uploads\/2018\/10\/INCENDIO-BOTTACIN-300x225.jpg 300w, https:\/\/www.radiopiu.net\/wordpress\/wp-content\/uploads\/2018\/10\/INCENDIO-BOTTACIN-768x577.jpg 768w, https:\/\/www.radiopiu.net\/wordpress\/wp-content\/uploads\/2018\/10\/INCENDIO-BOTTACIN-1024x770.jpg 1024w, https:\/\/www.radiopiu.net\/wordpress\/wp-content\/uploads\/2018\/10\/INCENDIO-BOTTACIN.jpg 1336w\" sizes=\"auto, (max-width: 243px) 100vw, 243px\" \/><\/a>L\u2019Assessore alla Protezione Civile della Regione del Veneto Gianpaolo Bottacin ha effettuato un sopralluogo presso la frana di Schiucaz, localit\u00e0 in territorio comunale di Alpago (Belluno), dove da domenica incombe un movimento franoso. \u201cIl movimento franoso si sta muovendo con rapidit\u00e0 verso valle \u2013 spiega l\u2019Assessore regionale \u2013 e sta deformando la strada provinciale, da ieri chiusa al traffico, che si trova immediatamente a monte rispetto alla frazione. Il muro di sostegno della strada sta di fatto sostenendo e contrastando il movimento franoso che ci preoccupa non poco, vista la sua rapida progressione\u201d. L&#8217;assessore \u00e8 da ieri in costante contatto con sindaco e amministratori di Alpago oltre che con Veneto Strade, un geologo incaricato e con i Vigili del Fuoco. \u201cProprio i Vigili del Fuoco &#8211; ha aggiunto l&#8217;assessore &#8211; stanno in queste ore accompagnando gli sfollati nel recupero dei loro beni. Il presidio a vista permane sia di giorno che di notte grazie all&#8217;intervento dei volontari di Protezione Civile dell&#8217;associazione Nazionale Alpini e dell&#8217;Associazione Nazionale Carabinieri. \u00c8 stato disposto anche un presidio anti-sciacallaggio da parte delle forze dell&#8217;ordine, in considerazione del fatto che la frazione \u00e8 stata interamente evacuata. La situazione \u00e8 in rapida evoluzione ed eventuali aggiornamenti ci saranno nelle prossime ore&#8221;. tenendo costantemente aggiornato il Presidente della Regione \u2013 conclude l\u2019Assessore &#8211; garantiamo il massimo supporto della Regione affinch\u00e9 la fase emergenziale sia superata nel pi\u00f9 breve tempo possibile.\u201d<\/p>\n<p><a class=\"dt-pswp-item\" href=\"http:\/\/www.radiopiu.net\/wordpress\/wp-content\/uploads\/2019\/05\/751-2019-sopralluogo-schiucaz2.jpg\" data-dt-img-description=\"\" data-large_image_width=\"960\" data-large_image_height=\"720\"><img loading=\"lazy\" decoding=\"async\" class=\"alignnone wp-image-85383\" src=\"http:\/\/www.radiopiu.net\/wordpress\/wp-content\/uploads\/2019\/05\/751-2019-sopralluogo-schiucaz2.jpg\" alt=\"\" width=\"186\" height=\"140\" srcset=\"https:\/\/www.radiopiu.net\/wordpress\/wp-content\/uploads\/2019\/05\/751-2019-sopralluogo-schiucaz2.jpg 960w, https:\/\/www.radiopiu.net\/wordpress\/wp-content\/uploads\/2019\/05\/751-2019-sopralluogo-schiucaz2-300x225.jpg 300w, https:\/\/www.radiopiu.net\/wordpress\/wp-content\/uploads\/2019\/05\/751-2019-sopralluogo-schiucaz2-768x576.jpg 768w\" sizes=\"auto, (max-width: 186px) 100vw, 186px\" \/><\/a><a class=\"dt-pswp-item\" href=\"http:\/\/www.radiopiu.net\/wordpress\/wp-content\/uploads\/2019\/05\/IMG-20190513-WA0037_wm.jpg\" data-dt-img-description=\"\" data-large_image_width=\"1600\" data-large_image_height=\"900\"><img loading=\"lazy\" decoding=\"async\" class=\"alignnone wp-image-85380\" src=\"http:\/\/www.radiopiu.net\/wordpress\/wp-content\/uploads\/2019\/05\/IMG-20190513-WA0037_wm.jpg\" alt=\"\" width=\"254\" height=\"143\" srcset=\"https:\/\/www.radiopiu.net\/wordpress\/wp-content\/uploads\/2019\/05\/IMG-20190513-WA0037_wm.jpg 1600w, https:\/\/www.radiopiu.net\/wordpress\/wp-content\/uploads\/2019\/05\/IMG-20190513-WA0037_wm-300x169.jpg 300w, https:\/\/www.radiopiu.net\/wordpress\/wp-content\/uploads\/2019\/05\/IMG-20190513-WA0037_wm-768x432.jpg 768w, https:\/\/www.radiopiu.net\/wordpress\/wp-content\/uploads\/2019\/05\/IMG-20190513-WA0037_wm-1024x576.jpg 1024w\" sizes=\"auto, (max-width: 254px) 100vw, 254px\" \/><\/a><a class=\"dt-pswp-item\" href=\"http:\/\/www.radiopiu.net\/wordpress\/wp-content\/uploads\/2019\/05\/IMG-20190513-WA0035_wm.jpg\" data-dt-img-description=\"\" data-large_image_width=\"1600\" data-large_image_height=\"900\"><img loading=\"lazy\" decoding=\"async\" class=\"alignnone wp-image-85379\" src=\"http:\/\/www.radiopiu.net\/wordpress\/wp-content\/uploads\/2019\/05\/IMG-20190513-WA0035_wm.jpg\" alt=\"\" width=\"270\" height=\"152\" srcset=\"https:\/\/www.radiopiu.net\/wordpress\/wp-content\/uploads\/2019\/05\/IMG-20190513-WA0035_wm.jpg 1600w, https:\/\/www.radiopiu.net\/wordpress\/wp-content\/uploads\/2019\/05\/IMG-20190513-WA0035_wm-300x169.jpg 300w, https:\/\/www.radiopiu.net\/wordpress\/wp-content\/uploads\/2019\/05\/IMG-20190513-WA0035_wm-768x432.jpg 768w, https:\/\/www.radiopiu.net\/wordpress\/wp-content\/uploads\/2019\/05\/IMG-20190513-WA0035_wm-1024x576.jpg 1024w\" sizes=\"auto, (max-width: 270px) 100vw, 270px\" \/><\/a><a class=\"dt-pswp-item\" href=\"http:\/\/www.radiopiu.net\/wordpress\/wp-content\/uploads\/2019\/05\/IMG-20190513-WA0030_wm.jpg\" data-dt-img-description=\"\" data-large_image_width=\"1600\" data-large_image_height=\"900\"><img loading=\"lazy\" decoding=\"async\" class=\"alignnone wp-image-85378\" src=\"http:\/\/www.radiopiu.net\/wordpress\/wp-content\/uploads\/2019\/05\/IMG-20190513-WA0030_wm.jpg\" alt=\"\" width=\"268\" height=\"151\" srcset=\"https:\/\/www.radiopiu.net\/wordpress\/wp-content\/uploads\/2019\/05\/IMG-20190513-WA0030_wm.jpg 1600w, https:\/\/www.radiopiu.net\/wordpress\/wp-content\/uploads\/2019\/05\/IMG-20190513-WA0030_wm-300x169.jpg 300w, https:\/\/www.radiopiu.net\/wordpress\/wp-content\/uploads\/2019\/05\/IMG-20190513-WA0030_wm-768x432.jpg 768w, https:\/\/www.radiopiu.net\/wordpress\/wp-content\/uploads\/2019\/05\/IMG-20190513-WA0030_wm-1024x576.jpg 1024w\" sizes=\"auto, (max-width: 268px) 100vw, 268px\" \/><\/a><a class=\"dt-pswp-item\" href=\"http:\/\/www.radiopiu.net\/wordpress\/wp-content\/uploads\/2019\/05\/IMG-20190513-WA0029_wm1.jpg\" data-dt-img-description=\"\" data-large_image_width=\"1600\" data-large_image_height=\"580\"><img loading=\"lazy\" decoding=\"async\" class=\"alignnone size-full wp-image-85377\" src=\"http:\/\/www.radiopiu.net\/wordpress\/wp-content\/uploads\/2019\/05\/IMG-20190513-WA0029_wm1.jpg\" alt=\"\" width=\"1600\" height=\"580\" srcset=\"https:\/\/www.radiopiu.net\/wordpress\/wp-content\/uploads\/2019\/05\/IMG-20190513-WA0029_wm1.jpg 1600w, https:\/\/www.radiopiu.net\/wordpress\/wp-content\/uploads\/2019\/05\/IMG-20190513-WA0029_wm1-300x109.jpg 300w, https:\/\/www.radiopiu.net\/wordpress\/wp-content\/uploads\/2019\/05\/IMG-20190513-WA0029_wm1-768x278.jpg 768w, https:\/\/www.radiopiu.net\/wordpress\/wp-content\/uploads\/2019\/05\/IMG-20190513-WA0029_wm1-1024x371.jpg 1024w\" sizes=\"auto, (max-width: 1600px) 100vw, 1600px\" \/><\/a><\/p>\n<p>&nbsp;<\/p>\n<p>&nbsp;<\/p>\n<p>&nbsp;<\/p>\n<h2>VOLONTARI PROTEZIONE CIVILE, UN CORSO BASE CON IL RADIO CLUB &#8220;CB&#8221; CIME BIANCHE\u00f9<\/h2>\n<blockquote><p><strong>l corso\u00a0 coordinato da Carlo Zampieri della Provincia<\/strong><\/p><\/blockquote>\n<p><strong><a class=\"dt-pswp-item\" href=\"http:\/\/www.radiopiu.net\/wordpress\/wp-content\/uploads\/2019\/05\/4e374255-e9df-4b08-9d15-f3acb4a772c0.jpg\" data-dt-img-description=\"\" data-large_image_width=\"1200\" data-large_image_height=\"1599\"><img loading=\"lazy\" decoding=\"async\" class=\" wp-image-85334 alignleft\" src=\"http:\/\/www.radiopiu.net\/wordpress\/wp-content\/uploads\/2019\/05\/4e374255-e9df-4b08-9d15-f3acb4a772c0-150x150.jpg\" alt=\"\" width=\"221\" height=\"221\" \/><\/a>AGORDO E&#8217; in corso nella sala della Biblioteca di via 27 aprile, il corso base per volontari di protezione civile, <\/strong>aperto a tutti i volontari interessati facenti parte di una qualsiasi associazione o gruppo presente nella provincia di Belluno ed \u00e8 stato organizzato dalla Provincia con propri formatori su richiesta\u00a0 del Radio Club agordino. Ventotto ore tra teoria e pratica, in primo piano la gestione delle emergenze e tutta la parte legislativa con una prova pratica nell\u2019ultima giornata, previsto anche un esame di fine corso. Sono presenti i Gruppi Comunali di Colle Santa Lucia, Voltago, Rivamonte, Alleghe, Cinofili Feltrino, Alpini San Tomaso, Giacche Verdi, Associazione Nazionale Carabinieri e Radio Club Cime Bianche che \u00a0ha sede ad Agordo presso il palazzo della Unione Montana e raggruppa 35 operatori e operatrici radio tra i quali la gran parte possiede la Licenza di Radioamatore conseguita previo Esame di Stato, sono presenti anche CB e volontari\/e che non hanno mai operato in radio ma che comunque offrono un supporto indispensabile come nell\u2019emergenza dell\u2019incendio a Taibon Agordino e successivamente ai tristemente noti fatti dell\u2019uragano Vaia. Il\u00a0 Cime Bianche \u00e8 stato impegnato fortemente nella prima fase dell\u2019emergenza garantendo le essenziali comunicazioni radio tra la sede della Unione Montana in Agordo COM e i 16 comuni dell\u2019Agordino e anche il collegamento tra il COM di Agordo e la sala CCS di Belluno grazie alla propria rete radio con i ponti manutentati egregiamente e in piena autonomia elettrica dal momento che tutte le comunicazioni radio e di telefonia cellulare sono mancate dalla serata del 29 ottobre scorso.<\/p>\n<p><a class=\"dt-pswp-item\" href=\"http:\/\/www.radiopiu.net\/wordpress\/wp-content\/uploads\/2019\/05\/4f775484-8346-4d84-92ad-f333790949b5.jpg\" data-dt-img-description=\"\" data-large_image_width=\"1599\" data-large_image_height=\"1200\"><img loading=\"lazy\" decoding=\"async\" class=\"wp-image-85335 alignleft\" src=\"http:\/\/www.radiopiu.net\/wordpress\/wp-content\/uploads\/2019\/05\/4f775484-8346-4d84-92ad-f333790949b5-150x150.jpg\" alt=\"\" width=\"224\" height=\"224\" \/><\/a><a class=\"dt-pswp-item\" href=\"http:\/\/www.radiopiu.net\/wordpress\/wp-content\/uploads\/2019\/05\/79264024-3bd5-4a56-b434-f1eae5053e70.jpg\" data-dt-img-description=\"\" data-large_image_width=\"1599\" data-large_image_height=\"1200\"><img loading=\"lazy\" decoding=\"async\" class=\"size-medium wp-image-85333 alignright\" src=\"http:\/\/www.radiopiu.net\/wordpress\/wp-content\/uploads\/2019\/05\/79264024-3bd5-4a56-b434-f1eae5053e70-300x225.jpg\" alt=\"\" width=\"300\" height=\"225\" srcset=\"https:\/\/www.radiopiu.net\/wordpress\/wp-content\/uploads\/2019\/05\/79264024-3bd5-4a56-b434-f1eae5053e70-300x225.jpg 300w, https:\/\/www.radiopiu.net\/wordpress\/wp-content\/uploads\/2019\/05\/79264024-3bd5-4a56-b434-f1eae5053e70-768x576.jpg 768w, https:\/\/www.radiopiu.net\/wordpress\/wp-content\/uploads\/2019\/05\/79264024-3bd5-4a56-b434-f1eae5053e70-1024x768.jpg 1024w, https:\/\/www.radiopiu.net\/wordpress\/wp-content\/uploads\/2019\/05\/79264024-3bd5-4a56-b434-f1eae5053e70.jpg 1599w\" sizes=\"auto, (max-width: 300px) 100vw, 300px\" \/><\/a><\/p>\n<blockquote><p>&nbsp;<\/p>\n<p>&nbsp;<\/p>\n<p>&nbsp;<\/p>\n<p>&nbsp;<\/p>\n<p>&nbsp;<\/p>\n<p>&nbsp;<\/p>\n<p>&nbsp;<\/p>\n<p>&nbsp;<\/p>\n<p>Nelle scorse settimane \u00e8 stato eletto il nuovo consiglio direttivo in carica per un triennio: Presidente <strong>Francesco Dell\u2019Osbel<\/strong> (installazione e manutenzione ponti radio), Tesoriere<strong> Francesco Santomaso<\/strong>. Vice Presidente <strong>Fabio De Cassan.<\/strong> Consiglieri:\u00a0 <strong>Mirko Della Lucia<\/strong> (attivit\u00e0 di protezione civile e CSV);\u00a0 <strong>GilbertoFossen,<\/strong> <strong>Duilio Da Campo<\/strong> (programmazione e gestione assistenza radio);\u00a0 <strong>Mauro Groppa<\/strong> (gestione web, social network e manutenzione informatica).<em> Il Direttivo sta gi\u00e0 lavorando alla realizzazione di nuovi progetti, assistenze radio importanti, aggiornamenti della rete radio e presenza sul Web e vari social che saranno svelati \/ illustrati nei prossimi giorni.<\/em><\/p><\/blockquote>\n<p>&nbsp;<\/p>\n<p>&nbsp;<\/p>\n<h2>ALESSANDRO LAZZARINI, CANDIDATO A SINDACO, L&#8217;AVVERSARIO E&#8217; IL QUORUM E CHI INVITA AL NON VOTO<\/h2>\n<p><strong><a class=\"dt-pswp-item\" href=\"http:\/\/www.radiopiu.net\/wordpress\/wp-content\/uploads\/2019\/05\/download-9.jpg\" data-dt-img-description=\"\" data-large_image_width=\"300\" data-large_image_height=\"168\"><img loading=\"lazy\" decoding=\"async\" class=\"wp-image-85406 alignleft\" src=\"http:\/\/www.radiopiu.net\/wordpress\/wp-content\/uploads\/2019\/05\/download-9-300x168.jpg\" alt=\"\" width=\"197\" height=\"110\" \/><\/a><\/strong><\/p>\n<p>&nbsp;<\/p>\n<p><strong>VOLTAGO<\/strong><\/p>\n<p><strong>DI GIANNI SANTOMASO<\/strong><\/p>\n<audio class=\"wp-audio-shortcode\" id=\"audio-85330-2\" preload=\"none\" style=\"width: 100%;\" controls=\"controls\"><source type=\"audio\/mpeg\" src=\"http:\/\/www.radiopiu.net\/wordpress\/wp-content\/uploads\/2019\/05\/lazzarini.mp3?_=2\" \/><a href=\"http:\/\/www.radiopiu.net\/wordpress\/wp-content\/uploads\/2019\/05\/lazzarini.mp3\">http:\/\/www.radiopiu.net\/wordpress\/wp-content\/uploads\/2019\/05\/lazzarini.mp3<\/a><\/audio>\n<p>&nbsp;<\/p>\n<p>&nbsp;<\/p>\n<h1>C&#8217;E&#8217; UN FUTURO PER LA SCUOLA DI MONTAGNA?<\/h1>\n<p>Il convegno con l&#8217;ufficio scolastico provinciale, ricetta di proposte innovative e di rilancio.<\/p>\n<p><a class=\"dt-pswp-item\" href=\"http:\/\/www.radiopiu.net\/wordpress\/wp-content\/uploads\/2017\/01\/scuola_media_canale.jpg\" data-dt-img-description=\"OLYMPUS DIGITAL CAMERA\" data-large_image_width=\"300\" data-large_image_height=\"225\"><img loading=\"lazy\" decoding=\"async\" class=\" wp-image-27746\" src=\"http:\/\/www.radiopiu.net\/wordpress\/wp-content\/uploads\/2017\/01\/scuola_media_canale-300x225.jpg\" alt=\"\" width=\"192\" height=\"144\" \/><\/a><\/p>\n<p>&nbsp;<\/p>\n<p>&nbsp;<\/p>\n<p><strong>BELLUNO<\/strong><\/p>\n<p>DI DAMIANO TORMEN<\/p>\n<audio class=\"wp-audio-shortcode\" id=\"audio-85330-3\" preload=\"none\" style=\"width: 100%;\" controls=\"controls\"><source type=\"audio\/mpeg\" src=\"http:\/\/www.radiopiu.net\/wordpress\/wp-content\/uploads\/2019\/05\/damiano-scuola.mp3?_=3\" \/><a href=\"http:\/\/www.radiopiu.net\/wordpress\/wp-content\/uploads\/2019\/05\/damiano-scuola.mp3\">http:\/\/www.radiopiu.net\/wordpress\/wp-content\/uploads\/2019\/05\/damiano-scuola.mp3<\/a><\/audio>\n<h2><\/h2>\n<h2><\/h2>\n<h2><\/h2>\n<h2><\/h2>\n<h2>ATTACCHI HACKER NEL BELLUNESE \u2013 BERTON: \u00abALZARE SOGLIA DI PROTEZIONE DIGITALE<\/h2>\n<p><strong><a class=\"dt-pswp-item\" href=\"http:\/\/www.radiopiu.net\/wordpress\/wp-content\/uploads\/2015\/10\/Confindustria_BL.gif\" data-dt-img-description=\"\" data-large_image_width=\"793\" data-large_image_height=\"211\"><img loading=\"lazy\" decoding=\"async\" class=\"wp-image-12471 alignleft\" src=\"http:\/\/www.radiopiu.net\/wordpress\/wp-content\/uploads\/2015\/10\/Confindustria_BL.gif\" alt=\"\" width=\"238\" height=\"63\" \/><\/a>BELLUNO<\/strong> \u00abDobbiamo alzare la soglia di protezione digitale delle nostre aziende. Nell\u2019epoca di Industria 4.0 la sicurezza informatica \u00e8 uno dei fattori abilitanti, un tema spesso poco considerato fino a quando non si verificano episodi di hackeraggio, anche gravi.\u00a0 La nostra Associazione, tra le prime in Italia, si \u00e8 attrezzata per offrire alle aziende un servizio innovativo di Cyber Security. La prevenzione \u00e8 tutto\u00bb. A ricordarlo, nei giorni in cui la cronaca registra due gravissimi attacchi hacker alle aziende del Bellunese, \u00e8 la presidente di Confindustria Belluno Dolomiti Lorraine Berton. \u00abI crimini digitali minano la competitivit\u00e0 delle nostre aziende: proteggerci \u00e8 un imperativo categorico. Purtroppo la conoscenza dei pericoli della rete non \u00e8 ancora del tutto percepita in quanto ci muoviamo in un mondo \u201cimmateriale\u201d e quindi difficile, talvolta, da comprendere fino in fondo. E\u2019 una questione culturale che come Associazione stiamo affrontando da tempo\u00bb. Il servizio di CyberSecurity \u00e8 stato avviato gi\u00e0 nel 2018.<\/p>\n<p>&nbsp;<\/p>\n<p>&nbsp;<\/p>\n<p>&nbsp;<\/p>\n<p>&nbsp;<\/p>\n<h2>RASSEGNA DI EVENTI LEGATA ALLA FIORITURA DELLA ROSA<\/h2>\n<p><strong><a class=\"dt-pswp-item\" href=\"http:\/\/www.radiopiu.net\/wordpress\/wp-content\/uploads\/2019\/05\/download-10.jpg\" data-dt-img-description=\"\" data-large_image_width=\"266\" data-large_image_height=\"190\"><img loading=\"lazy\" decoding=\"async\" class=\"wp-image-85413 alignleft\" src=\"http:\/\/www.radiopiu.net\/wordpress\/wp-content\/uploads\/2019\/05\/download-10.jpg\" alt=\"\" width=\"162\" height=\"116\" \/><\/a>CESIOMAGGIORE<\/strong><\/p>\n<p><strong>DAMIANO TORMEN\u00a0<\/strong><\/p>\n<audio class=\"wp-audio-shortcode\" id=\"audio-85330-4\" preload=\"none\" style=\"width: 100%;\" controls=\"controls\"><source type=\"audio\/mpeg\" src=\"http:\/\/www.radiopiu.net\/wordpress\/wp-content\/uploads\/2019\/05\/damiano.mp3?_=4\" \/><a href=\"http:\/\/www.radiopiu.net\/wordpress\/wp-content\/uploads\/2019\/05\/damiano.mp3\">http:\/\/www.radiopiu.net\/wordpress\/wp-content\/uploads\/2019\/05\/damiano.mp3<\/a><\/audio>\n<p>&nbsp;<\/p>\n<p>&nbsp;<\/p>\n<p>&nbsp;<\/p>\n<p>&nbsp;<\/p>\n<h2>CIMITERI E SACRARI GERMANICI IN ITALIA<\/h2>\n<blockquote><p><em> Al Centro Culturale \u201cBice Lazzari\u201d di Quero un convegno il 25 maggio 2019 negli 80 anni dall\u2019inaugurazione del Totenburg querese di Col Maor.<\/em><\/p><\/blockquote>\n<p><strong>AUDIO, VOCE CLAUDIA CATTADORI<\/strong><\/p>\n<audio class=\"wp-audio-shortcode\" id=\"audio-85330-5\" preload=\"none\" style=\"width: 100%;\" controls=\"controls\"><source type=\"audio\/mpeg\" src=\"http:\/\/www.radiopiu.net\/wordpress\/wp-content\/uploads\/2019\/05\/cimiteri-claudia.mp3?_=5\" \/><a href=\"http:\/\/www.radiopiu.net\/wordpress\/wp-content\/uploads\/2019\/05\/cimiteri-claudia.mp3\">http:\/\/www.radiopiu.net\/wordpress\/wp-content\/uploads\/2019\/05\/cimiteri-claudia.mp3<\/a><\/audio>\n<p>&nbsp;<\/p>\n<p><strong><a class=\"dt-pswp-item\" href=\"http:\/\/www.radiopiu.net\/wordpress\/wp-content\/uploads\/2019\/05\/Mausoleo-di-Quero-2.jpg\" data-dt-img-description=\"\" data-large_image_width=\"1024\" data-large_image_height=\"768\"><img loading=\"lazy\" decoding=\"async\" class=\" wp-image-85348 alignleft\" src=\"http:\/\/www.radiopiu.net\/wordpress\/wp-content\/uploads\/2019\/05\/Mausoleo-di-Quero-2-300x225.jpg\" alt=\"\" width=\"221\" height=\"166\" srcset=\"https:\/\/www.radiopiu.net\/wordpress\/wp-content\/uploads\/2019\/05\/Mausoleo-di-Quero-2-300x225.jpg 300w, https:\/\/www.radiopiu.net\/wordpress\/wp-content\/uploads\/2019\/05\/Mausoleo-di-Quero-2-768x576.jpg 768w, https:\/\/www.radiopiu.net\/wordpress\/wp-content\/uploads\/2019\/05\/Mausoleo-di-Quero-2.jpg 1024w\" sizes=\"auto, (max-width: 221px) 100vw, 221px\" \/><\/a>QUERO VAS<\/strong>\u00a0Negli 80 anni dall\u2019inaugurazione del Totenburg di Quero (1939-2019), il Centro Culturale Bice Lazzari organizza per il 25 maggio un importante convegno sui cimiteri e sacrari germanici del Vdk-Volksbund Deutsche Kriegsgr\u00e4berf\u00fcrsorge, ovvero l\u2019associazione umanitaria tedesca, fondata il 16 dicembre del 1919, riconosciuta come servizio pubblico e il cui scopo \u00e8 la manutenzione delle tombe delle vittime germaniche di guerra, avente sede a Kassel (Germania).\u00a0 Il 25 maggio del 1939 il VDK e una nutrita delegazione tedesca inaugurava il sacrario germanico a Quero e il cimitero di guerra di Feltre, e nei giorni immediatamente seguenti il sacrario di Tolmino, allora in provincia di Gorizia, ora territorio sloveno, destinati ad ospitare i caduti della Grande Guerra. A ottant\u2019anni esatti di distanza un convegno intende illustrare le realizzazioni del Vdk in Italia e, pi\u00f9 in particolare, narrare la genesi di quello costruito a Quero in una prospettiva di pace e unit\u00e0 europea. La riorganizzazione dei cimiteri di guerra tedeschi nelle zone di combattimento sul fronte italiano durante la Prima Guerra Mondiale, concepita dal VDK, sorge tra il 1930 e il 1940, ha portato alla realizzazione di cinque memoriali, tra i quali quelli di Quero, Feltre e Tolmino, completati e inaugurati nel maggio del 1939. A questi si aggiungono il memoriale di Passo Pordoi (comune di Livinallongo di Col di Lana), quello di Tolmino (Slovenia) e l&#8217;incompiuto memoriale di Pinzano al Tagliamento (UD). A ottant\u2019anni di distanza da quegli eventi, viene organizzata una giornata di studio e di incontro con gli amministratori dei comuni ove <a class=\"dt-pswp-item\" href=\"http:\/\/www.radiopiu.net\/wordpress\/wp-content\/uploads\/2019\/05\/quero-mausoleo.jpg\" data-dt-img-description=\"\" data-large_image_width=\"864\" data-large_image_height=\"1152\"><img loading=\"lazy\" decoding=\"async\" class=\"size-medium wp-image-85350 alignright\" src=\"http:\/\/www.radiopiu.net\/wordpress\/wp-content\/uploads\/2019\/05\/quero-mausoleo-225x300.jpg\" alt=\"\" width=\"225\" height=\"300\" srcset=\"https:\/\/www.radiopiu.net\/wordpress\/wp-content\/uploads\/2019\/05\/quero-mausoleo-225x300.jpg 225w, https:\/\/www.radiopiu.net\/wordpress\/wp-content\/uploads\/2019\/05\/quero-mausoleo-768x1024.jpg 768w, https:\/\/www.radiopiu.net\/wordpress\/wp-content\/uploads\/2019\/05\/quero-mausoleo.jpg 864w\" sizes=\"auto, (max-width: 225px) 100vw, 225px\" \/><\/a>sorgono queste costruzioni, tutt&#8217;ora affidate, con l&#8217;eccezione di Pinzano, alle cure del Volksbund Deutsche Kriegsgr\u00e4berf\u00fcrsorge. Il 25 maggio ai partecipanti verr\u00e0 proposto il seguente programma dei lavori: ore 8.45 registrazione dei presenti, apertura convegno alle ore 9.00 con il saluto delle autorit\u00e0. Alle 9.20 si parler\u00e0 dei cimiteri e sacrari germanici del Vdk in Italia, grazie all\u2019intervento di Marco Mulazzani dell\u2019Universit\u00e0 di Ferrara, mentre alle ore 10 verr\u00e0 proiettato un filmato a cura di Doriano Dalla Piazza dal titolo \u201cAl centro del teatro di guerra\u201d. Al termine del resoconto, Gabriele Toneguzzi, sempre dell\u2019Universit\u00e0 di Ferrara, si concentrer\u00e0 sul Totenburg di Quero. Dopo una breve pausa, alle 11 i lavori proseguiranno con l\u2019intervento di Moreno Baccichet (universit\u00e0 di Udine), che verter\u00e0 sul Totenburg di Pinzano. Alle 11.30 toccher\u00e0 agli ospiti militari e civili prendere la parola per poi procedere, al termine, con il dibattito. Alle 13 i partecipanti potranno ristorarsi grazie al brunch offerto dalla Pro Loco di Quero, mentre nel pomeriggio, alle 14.30, si potranno visitare con gli esperti il Totenburg di Quero e il cimitero militare germanico di Feltre.<\/p>\n<blockquote><p><a class=\"dt-pswp-item\" href=\"http:\/\/www.radiopiu.net\/wordpress\/wp-content\/uploads\/2019\/05\/mausoleo-di-Quero.jpg\" data-dt-img-description=\"\" data-large_image_width=\"1024\" data-large_image_height=\"768\"><img loading=\"lazy\" decoding=\"async\" class=\"size-medium wp-image-85349 alignleft\" src=\"http:\/\/www.radiopiu.net\/wordpress\/wp-content\/uploads\/2019\/05\/mausoleo-di-Quero-300x225.jpg\" alt=\"\" width=\"300\" height=\"225\" srcset=\"https:\/\/www.radiopiu.net\/wordpress\/wp-content\/uploads\/2019\/05\/mausoleo-di-Quero-300x225.jpg 300w, https:\/\/www.radiopiu.net\/wordpress\/wp-content\/uploads\/2019\/05\/mausoleo-di-Quero-768x576.jpg 768w, https:\/\/www.radiopiu.net\/wordpress\/wp-content\/uploads\/2019\/05\/mausoleo-di-Quero.jpg 1024w\" sizes=\"auto, (max-width: 300px) 100vw, 300px\" \/><\/a>L\u2019evento si svolge grazie ad una collaborazione con l&#8217;Universit\u00e0 di Ferrara e, in particolare, con Marco Mulazzani, docente di &#8220;Storia dell&#8217;Architettura&#8221;, che ne cura il coordinamento scientifico. Il Convegno gode del patrocinio dell\u2019Ordine Architetti di Belluno e Fondazione Architettura Belluno Dolomiti, e del sostegno dell\u2019Unione Setteville, Comune di Quero-Vas, Centro Culturale Bice Lazzari e Pro Loco di Quero. Gli architetti, ingegneri, geometri e periti potranno richiedere i crediti formativi (Dpr 193\/2012 e reg. Cnapp).\u00a0 La partecipazione all\u2019evento \u00e8 gratuita, aperta a professionisti (previa iscrizione al sito dell\u2019Ordine degli Architetti di Belluno, al link https:\/\/www.architettibelluno.it\/formazione-continua-permanente\/iscrizione-eventi-formativi), e libera per studenti e cittadinanza fino ad esaurimento posti.<\/p><\/blockquote>\n<p>&nbsp;<\/p>\n<p>&nbsp;<\/p>\n<h2><\/h2>\n<h2>AI MERCOLEDI DELLA SALUTE SI PENSA AL SOLE E ALL&#8217;ATTIVITA&#8217; ALL&#8217;ARIA APERTA.<\/h2>\n<p><strong>FELTRE.<\/strong> Per il ciclo \u201cMercoled\u00ec della salute\u201d, mercoled\u00ec 15 maggio alle 18 nella sala convegni dell\u2019ospedale di Feltre si parler\u00e0 di sole e attivit\u00e0 all\u2019aria aperta con i dermatologi dell\u2019ulss Dolomiti Pieranna Dal Mas e Giuseppe Spaziani. Rischi dell&#8217; attivit\u00e0 all&#8217; aria aperta, in particolare nella bella stagione come entomodermatosi, fitodermatiti. In particolare sar\u00e0 approfondito il tema dell&#8217; esposizione solare, con i rischi e benefici collegati, consigli sulla fotoprotezione in rapporto alle modalit\u00e0 di esposizione e al fototipo. Durante la serata sar\u00e0 possibile iscriversi alla Corrifeltre in programma domenica 19 maggio a Feltre.<\/p>\n<p>&nbsp;<\/p>\n<p>&nbsp;<\/p>\n<p>&nbsp;<\/p>\n<h2>OTTANTENNI DI TUTTA LA VALLATA\u00a0 IN FESTA<\/h2>\n<p><strong>DI GIANNI SANTOMASO<\/strong><\/p>\n<p>Gli ottantenni in festa sabato 25 maggio. I coscritti del 1939 dei sedici comuni dell\u2019Agordino festeggiano i loro ottant\u2019anni con una cerimonia nella chiesa di santa Maria Nascente ad Agordo sabato 25 maggio. La messa sar\u00e0 celebrata dall\u2019arcidiacono monsignor Giorgio Lise e accompagnata dai canti del Coro parrocchiale.<br \/>\nA seguire, i coscritti visiteranno il museo dell\u2019occhiale di Palazzo Crotta-de\u2019Manzoni con successivo pranzo alle 12.30 al ristorante \u00abZum Brillenb\u00e4r\u00bb in localit\u00e0 Valcozzena ad Agordo (con estrazione di premi della lotteria). Ogni coscritto potr\u00e0 farsi accompagnare alla festa da un familiare. Per il pranzo sono opportune le prenotazioni entro il 15 maggio per riservare i posti al ristorante. Per informazioni e iscrizioni rivolgersi a Daniela Bellenzier (320 2795772) e Mario De Val (347 2458923 \u2013 0437 598240).<br \/>\nGli organizzatori sono molto soddisfatti di essere riusciti a organizzare questa festa, anche perch\u00e9 tutti i comuni della vallata saranno rappresentati e questo, per l\u2019Agordino, \u00e8 un bel segno di unione che arriva dai pi\u00f9 anziani, ma che vuole essere un esempio per tutte le generazioni.<\/p>\n<p>&nbsp;<\/p>\n<h2>DOMANI LABORATORIO DI SCRITTURA<\/h2>\n<p><strong>AURONZO<\/strong> Dieci anni insieme riassunte in una serata, domani alle 18 al Caff\u00e8 Venezia di Auronzo. il Laboratorio di Scrittura Cadore, gruppo creato nel 2008 da Antonio Chiades, invita a partecipare al recital \u201c10 ANNI INSIEME\u201d, una selezione di prose e poesie lette dalle autrici, con intermezzi musicali.\u00a0 Parteciperanno all\u2019incontro: Anna Bacolla, Paola Bianchi, Emi Boccato, Attilia Carissimi, Norma Casanova, Roberta Coletti, Antonietta Crepaz, Fides De Rigo Cromaro, Dora Dal Mas, Federica De Lotto, Giovanna Deppi, Lucia Finco, Celsa Giacchetti, Annarita Linoso, Maria Marinello, Anna Maria Marta e Bortola Pordon. L&#8217;ingresso \u00e8 libero, previsti intermezzi musicali<\/p>\n<p>&nbsp;<\/p>\n<p>&nbsp;<\/p>\n<p>&nbsp;<\/p>\n<h2>Scuola \u201cRomolo Dal Mas\u201d di Cavarzano Via alla ricerca dei fondi per la riedificazione<\/h2>\n<p><strong>BELLUNO<\/strong> La Giunta Comunale ha deliberato la presentazione della domanda alla Regione Veneto per accedere al bando per l&#8217;adeguamento sismico degli edifici scolastici: oggetto dell&#8217;intervento sar\u00e0 la scuola \u201cRomolo Dal Mas\u201d di Cavarzano, \u201cle scuole verdi\u201d.<br \/>\nIl progetto, dal valore di circa tre milioni di euro, prevede l&#8217;abbattimento e la riedificazione dell&#8217;edificio con tecnologie e componenti moderni: \u00abLa scuola Dal Mas era nata come container temporaneo, non come struttura definitiva. &#8211; ricorda il Sindaco \u2013 L&#8217;edificio \u00e8 sicuro, ma i costi per adeguarlo alle ultime normative sono addirittura superiori a quelli della costruzione di una nuova scuola\u00bb. Ecco quindi l&#8217;idea di realizzare una nuova struttura: \u00abSar\u00e0 un edificio a elevatissimo risparmio energetico, sostenibile e dai costi di gestione contenuti. Ci saranno migliorie didattiche ed economiche, sia per il Comune che per lo Stato\u00bb, anticipa il Sindaco. Novit\u00e0 anche per gli spazi verdi e per la didattica innovativa: \u00abCi saranno sicuramente grandi aree verdi: &#8211; annuncia il primo cittadino \u2013 l&#8217;idea \u00e8 quella di utilizzare, in \u201ccoabitazione\u201d con la casa di riposo, l&#8217;area antistante Villa Gaggia Lante. In questo modo, ci sar\u00e0 anche un convivere tra bambini e anziani che aumenter\u00e0 il sentimento di condivisione, cittadinanza e solidariet\u00e0 di entrambi i mondi\u00bb.<br \/>\n\u00abSar\u00e0 un intervento importante, nel quartiere pi\u00f9 densamente popolato della citt\u00e0. &#8211; prosegue il Sindaco \u2013 Per questo, vogliamo portare avanti una progettazione partecipata con la cittadinanza, perch\u00e9 deve essere la scuola dei bambini, dei genitori, degli insegnanti, dei residenti e degli ospiti della casa di riposo\u00bb. La decisione dell&#8217;intervento \u00e8 nata a seguiti degli studi sulla vulnerabilit\u00e0 sismica degli edifici scolastici: \u00abPer quattro istituti, siamo assegnatari di un contributo statale di 800mila euro ognuno per la messa a norma sismica; contributo \u2013 sottolinea il Sindaco \u2013 ora congelato a Roma e per il quale attendiamo lo sblocco. Gli istituti sono sicuri, ma la normativa prevede delle scadenza della cosiddetta \u201cvita tecnica\u201d, al termine della quale devono essere fatti interventi di miglioramento sismico. Per la scuola di Cavarzano, come detto, il costo dell&#8217;adeguamento sarebbe di molto superiore a quello della costruzione di un nuovo edificio, e cos\u00ec si \u00e8 scelta questa seconda strada\u00bb.<\/p>\n<p>&nbsp;<\/p>\n<p>&nbsp;<\/p>\n<p>&nbsp;<\/p>\n<p><strong><a class=\"dt-pswp-item\" href=\"http:\/\/www.radiopiu.net\/wordpress\/wp-content\/uploads\/2016\/11\/bandi-e-concorsi.jpg\" data-dt-img-description=\"\" data-large_image_width=\"285\" data-large_image_height=\"270\"><img loading=\"lazy\" decoding=\"async\" class=\"wp-image-25479 alignleft\" src=\"http:\/\/www.radiopiu.net\/wordpress\/wp-content\/uploads\/2016\/11\/bandi-e-concorsi.jpg\" alt=\"\" width=\"81\" height=\"77\" \/><\/a>BELLUNO<\/strong> Nella Gazzetta Ufficiale \u00e8 stato pubblicato il concorso pubblico, per titoli ed esami, per il conferimento di 19 posti di commissario tecnico psicologo. La domanda deve essere trasmessa entro 30 giorni, ulteriori informazioni sul portale: https\/\/:concorsionline.poliziadistato.it<\/p>\n<p>&nbsp;<\/p>\n<p>&nbsp;<\/p>\n<p>&nbsp;<\/p>\n<p>&nbsp;<\/p>\n<h2 class=\"articlePlainTitle\">DOMANI CONSIGLIO COMUNALE<\/h2>\n<div class=\"articlePlainText\"><a class=\"dt-pswp-item\" href=\"http:\/\/www.radiopiu.net\/wordpress\/wp-content\/uploads\/2019\/05\/59934467_2175367602570240_8602346136952373248_o.jpg\" data-dt-img-description=\"\" data-large_image_width=\"1152\" data-large_image_height=\"2048\"><img loading=\"lazy\" decoding=\"async\" class=\"wp-image-84889 alignleft\" src=\"http:\/\/www.radiopiu.net\/wordpress\/wp-content\/uploads\/2019\/05\/59934467_2175367602570240_8602346136952373248_o-576x1024.jpg\" alt=\"\" width=\"84\" height=\"150\" srcset=\"https:\/\/www.radiopiu.net\/wordpress\/wp-content\/uploads\/2019\/05\/59934467_2175367602570240_8602346136952373248_o-576x1024.jpg 576w, https:\/\/www.radiopiu.net\/wordpress\/wp-content\/uploads\/2019\/05\/59934467_2175367602570240_8602346136952373248_o-169x300.jpg 169w, https:\/\/www.radiopiu.net\/wordpress\/wp-content\/uploads\/2019\/05\/59934467_2175367602570240_8602346136952373248_o-768x1365.jpg 768w, https:\/\/www.radiopiu.net\/wordpress\/wp-content\/uploads\/2019\/05\/59934467_2175367602570240_8602346136952373248_o.jpg 1152w\" sizes=\"auto, (max-width: 84px) 100vw, 84px\" \/><\/a><\/div>\n<p><strong>ALLEGHE<\/strong> Ultima seduta della legislatura ad Alleghe, convocata dal sindaco uscente Siro De Biasio che non si ricandida, unico candidato a sindaco Danilo De Toni. Nel consiglio di\u00a0 domani\u00a0 alle 18.30: approvazione seconda variazione al bilancio con caratteristiche di urgenza e improrogabilit\u00e0. (foto Siro De Biasio ritira l&#8217;assegno de l&#8217;Associazione Bellunesi nel Mondo per la ricostruzione post Vaia.<\/p>\n<p>&nbsp;<\/p>\n<p>&nbsp;<\/p>\n<p>&nbsp;<\/p>\n<p>&nbsp;<\/p>\n<h3>\u201cDOWN TOUR D\u2019ITALIA: CONCLUSA LA TRE GIORNI BELLUNESE DEL CAMPER CHE GIRA L\u2019ITALIA PER I 40 ANNI DELL\u2019AIPD.<\/h3>\n<blockquote><p><em>AIPD Belluno ha accolto con una serie di iniziative il camper che gira il paese per distribuire \u201cpillole contro i pregiudizi\u201d.<\/em><\/p><\/blockquote>\n<p><a class=\"dt-pswp-item\" href=\"http:\/\/www.radiopiu.net\/wordpress\/wp-content\/uploads\/2019\/05\/camper-a-Serravella.jpg\" data-dt-img-description=\"\" data-large_image_width=\"888\" data-large_image_height=\"500\"><img loading=\"lazy\" decoding=\"async\" class=\"alignnone size-full wp-image-85360\" src=\"http:\/\/www.radiopiu.net\/wordpress\/wp-content\/uploads\/2019\/05\/camper-a-Serravella.jpg\" alt=\"\" width=\"888\" height=\"500\" srcset=\"https:\/\/www.radiopiu.net\/wordpress\/wp-content\/uploads\/2019\/05\/camper-a-Serravella.jpg 888w, https:\/\/www.radiopiu.net\/wordpress\/wp-content\/uploads\/2019\/05\/camper-a-Serravella-300x169.jpg 300w, https:\/\/www.radiopiu.net\/wordpress\/wp-content\/uploads\/2019\/05\/camper-a-Serravella-768x432.jpg 768w\" sizes=\"auto, (max-width: 888px) 100vw, 888px\" \/><\/a> Si \u00e8 conclusa nel tardo pomeriggio di sabato 11 maggio la tappa bellunese del camper in viaggio per il \u201cDown tour d\u2019Italia\u201d, in occasione dei 40 anni dalla fondazione dell\u2019AIPD( Associazione Italiana Persone Down), viaggio a tappe attraverso la gran parte delle oltre 50 Sezioni dell\u2019Associazione stessa. L\u2019AIPD Belluno ha accolto, gioved\u00ec 9 maggio, il camper guidato dai soci dell\u2019AIPD Trento al museo etnografico di Serravella, visitato con la guida di Valentina De Marchi dell\u2019Associazione \u201cIsoipse\u201d. In serata il camper ha stazionato alla Birreria Pedavena, dove i soci AIPD hanno iniziato a distribuire le pillole ( gustosi confetti al cioccolato), \u201c contro i pregiudizi\u201d, slogan del \u201c Down tour\u201d in gigantografia anche sul camper. Cos\u00ec \u00e8 stato poi venerd\u00ec a Feltre e, successivamente, fino a sabato in Piazza dei Martiri a Belluno. Nelle due citt\u00e0 i il camper \u00e8 stato onorato dalla la visita dei rispettivi Sindaci. L\u2019AIPD Belluno ha organizzato altri due eventi culturali, dopo quello della visita al Museo etnografico: nel primo pomeriggio di sabato, al cinema Italia di Belluno, \u00e8 stato proiettato il film-documentario \u201cUp and Down\u201d del regista Paolo Ruffini, interpretato da attori con sindrome di Down.Infine, alla libreria \u201cTarantola\u201d \u00e8 stato presentato, con la conduzione di Guido Beretta il ricettario \u201cIn cucina con\u2026\u201d; il testo, corredato da un originale servizio fotografico raccoglie una serie di pregiate ricette dei cuochi stellati di \u201cAlto Gusto\u201d, con cui avevano collaborato alcuni giovani dell\u2019AIPD belluno. A conclusione aperitivo letterario offerto dal Ristorante \u201cAl Borgo\u201d per gli stuzzichini , e dalla ditta Moser di Sedico per le bevande, prima di assistere alla partenza del camper da Piazza dei Martiri verso la Marca Trevigiana e l\u2019omonima sezione dell\u2019AIPD.<\/p>\n<p>&nbsp;<\/p>\n<p>&nbsp;<\/p>\n<h2>\u201cMOZART &#8211; Monologo Epistolare di un Amore.\u201d<\/h2>\n<blockquote><p><em>Sala della Biblioteca Civica di Agordo, sabato 18 maggio 2019 ore 20.30.<\/em><\/p><\/blockquote>\n<p><strong><a class=\"dt-pswp-item\" href=\"http:\/\/www.radiopiu.net\/wordpress\/wp-content\/uploads\/2019\/05\/58883109_388209445109642_6408293365447655424_o.jpg\" data-dt-img-description=\"\" data-large_image_width=\"960\" data-large_image_height=\"960\"><img loading=\"lazy\" decoding=\"async\" class=\" wp-image-85394 alignleft\" src=\"http:\/\/www.radiopiu.net\/wordpress\/wp-content\/uploads\/2019\/05\/58883109_388209445109642_6408293365447655424_o-300x300.jpg\" alt=\"\" width=\"219\" height=\"219\" srcset=\"https:\/\/www.radiopiu.net\/wordpress\/wp-content\/uploads\/2019\/05\/58883109_388209445109642_6408293365447655424_o-300x300.jpg 300w, https:\/\/www.radiopiu.net\/wordpress\/wp-content\/uploads\/2019\/05\/58883109_388209445109642_6408293365447655424_o-150x150.jpg 150w, https:\/\/www.radiopiu.net\/wordpress\/wp-content\/uploads\/2019\/05\/58883109_388209445109642_6408293365447655424_o-768x768.jpg 768w, https:\/\/www.radiopiu.net\/wordpress\/wp-content\/uploads\/2019\/05\/58883109_388209445109642_6408293365447655424_o.jpg 960w\" sizes=\"auto, (max-width: 219px) 100vw, 219px\" \/><\/a>AGORDO<\/strong> Il Circolo Culturale Agordino ospita in Biblioteca Civica di Agordo Lara Fiori che con la preziosa collaborazione di Gaetano Zagra sono lieti d\u2019invitarvi ad una conferenza-epistolare-multimediale dal titolo: \u201cMOZART &#8211; Monologo Epistolare di un Amore.\u201d I partecipanti potranno scoprire un Mozart diverso, un \u201cMozart\u201d nella sua quotidianit\u00e0, come uomo, e soprattutto come marito, anima pura e sensibile, sconosciuto ai pi\u00f9.<br \/>\nIl tutto tramite l\u2019ausilio di supporti audio e video, ma il cuore della conferenza sar\u00e0 la lettura di alcune lettere che Mozart inviava alla sua amata Constanze; un monologo, perch\u00e9 a tutt\u2019oggi non esistono copie autografe della moglie.\u00a0 Le letture saranno ovviamente precedute da brevi spiegazioni, tramite le quali faremo un viaggio nella storia e nella vita del pi\u00f9 grande Genio musicale mai esistito, ossia Wolfgang Amadeus Mozart. In questa tappa agordina ci sar\u00e0 anche la straordinaria partecipazione di Brunella Moro, voce di IN VIVO VERSO, programma poetico di RADIO PIU\u2019. BIOGRAFIA Lara Fiori, nata a Cortina d\u2019Ampezzo nel 1968, vive a San Vito di Cadore con qualche trasferta a Venezia. Di professione impiegata, ma da sempre attratta dall\u2019arte in tutte le sue forme, nel 2011 ha l\u2019opportunit\u00e0 di lavorare nello staff dell\u2019evento collaterale \u201cPietas\u201d di Jan Fabre alla 54^ edizione della Biennale d\u2019arte di Venezia. La sua passione mozartiana, nasce nell\u2019adolescenza e si sviluppa nel tempo con varie visite a Salisburgo con il suo Festival e al Mozarteum. Nel 2014 inizia uno studio approfondito che le consentir\u00e0 di dar vita al monologo.<\/p>\n<p>&nbsp;<\/p>\n<p>&nbsp;<\/p>\n<p>&nbsp;<\/p>\n<h3>OLSI E YLBER A BELLUNO CONTRO LO SPRECO ALIMENTARE<\/h3>\n<p><strong><a class=\"dt-pswp-item\" href=\"http:\/\/www.radiopiu.net\/wordpress\/wp-content\/uploads\/2019\/05\/CS-32_2019-Olsi-e-Ylber.jpg\" data-dt-img-description=\"\" data-large_image_width=\"1600\" data-large_image_height=\"1200\"><img loading=\"lazy\" decoding=\"async\" class=\" wp-image-85398 alignleft\" src=\"http:\/\/www.radiopiu.net\/wordpress\/wp-content\/uploads\/2019\/05\/CS-32_2019-Olsi-e-Ylber-300x225.jpg\" alt=\"\" width=\"237\" height=\"178\" srcset=\"https:\/\/www.radiopiu.net\/wordpress\/wp-content\/uploads\/2019\/05\/CS-32_2019-Olsi-e-Ylber-300x225.jpg 300w, https:\/\/www.radiopiu.net\/wordpress\/wp-content\/uploads\/2019\/05\/CS-32_2019-Olsi-e-Ylber-768x576.jpg 768w, https:\/\/www.radiopiu.net\/wordpress\/wp-content\/uploads\/2019\/05\/CS-32_2019-Olsi-e-Ylber-1024x768.jpg 1024w, https:\/\/www.radiopiu.net\/wordpress\/wp-content\/uploads\/2019\/05\/CS-32_2019-Olsi-e-Ylber.jpg 1600w\" sizes=\"auto, (max-width: 237px) 100vw, 237px\" \/><\/a>BELLUNO<\/strong> Giovani al servizio della comunit\u00e0. Sono appena arrivati a Belluno i giovani Olsi e Ylber, provenienti rispettivamente da Albania e Kosovo: 29 anni il primo, 30 il secondo, saranno ospiti per un anno del Comitato d&#8217;Intesa di Belluno. La loro permanenza in provincia \u00e8 possibile grazie al primo progetto finanziato dal nuovo programma \u201cEuropean Solidarity Corps\u201d (Corpo europeo di solidariet\u00e0), decollato lo scorso 15 aprile. Una novit\u00e0 per il Comitato d\u2019Intesa, che ha tuttavia una consolidata esperienza con il programma Erasmus+, seguito dal dal 2014. Il progetto di Olsi e Ylber, in particolare, dal titolo \u201c0 Food Waste Project\u201d si focalizza sul recupero delle eccedenze alimentari a favore di famiglie bisognose. L&#8217;aumento delle disuguaglianze sociali e della povert\u00e0, con il relativo insorgere di nuovi modelli di marginalit\u00e0 sociale e economica, \u00e8 un fenomeno comune anche in provincia di Belluno. \u00abUn\u2019idea innovativa, che unisce solidariet\u00e0, protagonismo giovanile, impegno civile e sostenibilit\u00e0 ambientale \u2013 commenta Stefano Dal Farra, responsabile del progetto &#8211; Gli obiettivi saranno quelli di combattere la povert\u00e0 e lo spreco alimentare, educare i giovani alla non dispersione del cibo e alla sensibilizzazione al diritto naturale al cibo, promuovere tra i giovani i valori della condivisione e della solidariet\u00e0 e sviluppare in loro la conoscenza e la coscienza dei valori della condivisione e della solidariet\u00e0\u00bb. Il loro anno di volontariato si strutturer\u00e0 in una serie di attivit\u00e0 diverse tra cui creare un percorso di sensibilizzazione e di educazione alimentare e civica all&#8217;insegna della lotta allo spreco alimentare, in varie scuole della provincia di Belluno, attivando con le stesse percorsi di alternanza scuola-lavoro; realizzare delle campagne social contro lo spreco alimentare; realizzare un programma radiofonico per diffondere buone pratiche locali e regionali, assieme ad un video finale di resoconto dei risultati; infine, organizzare degli eventi pubblici e delle campagne di crowdfunding a favore della mensa solidale \u201cIl Pane Quotidiano\u201d a Feltre.<\/p>\n<p>&nbsp;<\/p>\n<p>&nbsp;<\/p>\n<h2><a class=\"dt-pswp-item\" href=\"http:\/\/www.radiopiu.net\/wordpress\/wp-content\/uploads\/2018\/09\/appuntamenti.jpeg\" data-dt-img-description=\"\" data-large_image_width=\"800\" data-large_image_height=\"100\"><img loading=\"lazy\" decoding=\"async\" class=\"alignnone wp-image-61958 size-full\" src=\"http:\/\/www.radiopiu.net\/wordpress\/wp-content\/uploads\/2018\/09\/appuntamenti.jpeg\" alt=\"\" width=\"800\" height=\"100\" srcset=\"https:\/\/www.radiopiu.net\/wordpress\/wp-content\/uploads\/2018\/09\/appuntamenti.jpeg 800w, https:\/\/www.radiopiu.net\/wordpress\/wp-content\/uploads\/2018\/09\/appuntamenti-300x38.jpeg 300w, https:\/\/www.radiopiu.net\/wordpress\/wp-content\/uploads\/2018\/09\/appuntamenti-768x96.jpeg 768w\" sizes=\"auto, (max-width: 800px) 100vw, 800px\" \/><\/a><\/h2>\n<p>&nbsp;<\/p>\n<p><strong>COSCRITTI DEL 1955<\/strong> Cena annuale, sabato 25 maggio alle 20 al Ristorante Alla Stanga con musica ed animazione. Iscrizioni al Bar Schenot in localit\u00e0 Pragrande entro il 20 maggio. info 348 85.24.340<\/p>\n<p>&nbsp;<\/p>\n<p><strong>I PRIMI OTTANTA<\/strong> Cena per i coscritti del 1939 dei 16 Comuni dell&#8217;Agordino. I neo ottantenni festeggeranno il 25 maggio con una messa nell&#8217;Arcidiaconale di Agordo, la visita al museo dell&#8217;occhiale di Luxottica, e il pranzo&#8230;. a tutti gli ottantenni tanti auguri!<\/p>\n<p>&nbsp;<\/p>\n<p><strong>TAIBON<\/strong> Sabato 25 maggio alle 20.30 nella sala dell&#8217;ex Municipio di Taibon focus sulla Valle di San Lucano con l&#8217;Associazione Amici dei Minerari &#8220;Il paradiso pu\u00f2 attendere, per la rinascita e per il guinnes world record&#8221;.<\/p>\n<p>&nbsp;<\/p>\n<p>&nbsp;<\/p>\n<p>&nbsp;<\/p>\n<p>&nbsp;<\/p>\n<p>&nbsp;<\/p>\n<p><a class=\"dt-pswp-item\" href=\"http:\/\/www.radiopiu.net\/wordpress\/wp-content\/uploads\/2018\/09\/viabilita.jpeg\" data-dt-img-description=\"\" data-large_image_width=\"800\" data-large_image_height=\"100\"><img loading=\"lazy\" decoding=\"async\" class=\"alignnone size-full wp-image-61954\" src=\"http:\/\/www.radiopiu.net\/wordpress\/wp-content\/uploads\/2018\/09\/viabilita.jpeg\" alt=\"\" width=\"800\" height=\"100\" srcset=\"https:\/\/www.radiopiu.net\/wordpress\/wp-content\/uploads\/2018\/09\/viabilita.jpeg 800w, https:\/\/www.radiopiu.net\/wordpress\/wp-content\/uploads\/2018\/09\/viabilita-300x38.jpeg 300w, https:\/\/www.radiopiu.net\/wordpress\/wp-content\/uploads\/2018\/09\/viabilita-768x96.jpeg 768w\" sizes=\"auto, (max-width: 800px) 100vw, 800px\" \/><\/a><\/p>\n<p><strong>REGIONALE 203 AGORDINA<\/strong> Fino al 28 giugno sabato e domenica escluso, senso unico alternato tra Alleghe e Caprile.<\/p>\n<p><strong>PROVINCIALE 563 DI SALESEI<\/strong> Fino al 28 giugno esclusi giorni festivi e prefestivi senso unico alternato tra Caprile e Saviner<\/p>\n<p><strong>PROVINCIALE 3 VALLE IMPERINA<\/strong> Fino a revoca senso unico a vista\u00a0 in localit\u00e0 Corde Mole per cedimento della careggiata. Dal 13 maggio e\u00a0 fino al 28 giugno tra Rivamonte e Forcella Franche senso unico alternato per la posa di tubazione per conto di Enel.<\/p>\n<p><strong>PROVINCIALE 347 DEL DURAN <\/strong>Fino al 31 maggio in localit\u00e0 Fornesighe senso unico alternato regolato da semaforo o movieri, possibili temporanee interdizioni totali al traffico fino a un masssimo di 20 minuti<\/p>\n<p><strong>REGIONALE 203 AGORDINA<\/strong> Fino al 31 maggio esclusi festivi e prefestivi, senso unico alternato in localit\u00e0 Rucava, possibili brevi interruzioni fino a 15 minuti.<\/p>\n<p><strong>PROVINCIALE 8 DI SAN TOMASO<\/strong> Fino\u00a0 al 28 giugno (esclusi festivi e prefestivi) senso unico alternato tra Pian Molin e Roi<\/p>\n<p><strong>PROVINCIALE 563 DI SALESEI <\/strong>Fino al\u00a014 giugno\u00a0 In localit\u00e0 Sopracordevole in Comune di Rocca Pietore senso unico alternato con semaforo o movieri e divieto di transito ai mezzi con massa superiore a 7,5 tonellate.<\/p>\n<p>&nbsp;<\/p>\n<p>&nbsp;<\/p>\n<p>&nbsp;<\/p>\n<p>&nbsp;<\/p>\n<h2><img loading=\"lazy\" decoding=\"async\" class=\"alignleft wp-image-60761 \" src=\"http:\/\/www.radiopiu.net\/wordpress\/wp-content\/uploads\/2018\/09\/sport.jpg\" alt=\"\" width=\"992\" height=\"124\" srcset=\"https:\/\/www.radiopiu.net\/wordpress\/wp-content\/uploads\/2018\/09\/sport.jpg 800w, https:\/\/www.radiopiu.net\/wordpress\/wp-content\/uploads\/2018\/09\/sport-300x38.jpg 300w, https:\/\/www.radiopiu.net\/wordpress\/wp-content\/uploads\/2018\/09\/sport-768x96.jpg 768w\" sizes=\"auto, (max-width: 992px) 100vw, 992px\" \/><\/h2>\n<p>&nbsp;<\/p>\n<h2><\/h2>\n<p>&nbsp;<\/p>\n<p>&nbsp;<\/p>\n<h2><a class=\"dt-pswp-item\" href=\"http:\/\/www.radiopiu.net\/wordpress\/wp-content\/uploads\/2019\/05\/77d5f071-2532-4cba-be8b-b817dcdca1c2.jpg\" data-dt-img-description=\"\" data-large_image_width=\"768\" data-large_image_height=\"1024\"><img loading=\"lazy\" decoding=\"async\" class=\" wp-image-85343 alignleft\" src=\"http:\/\/www.radiopiu.net\/wordpress\/wp-content\/uploads\/2019\/05\/77d5f071-2532-4cba-be8b-b817dcdca1c2-225x300.jpg\" alt=\"\" width=\"155\" height=\"207\" srcset=\"https:\/\/www.radiopiu.net\/wordpress\/wp-content\/uploads\/2019\/05\/77d5f071-2532-4cba-be8b-b817dcdca1c2-225x300.jpg 225w, https:\/\/www.radiopiu.net\/wordpress\/wp-content\/uploads\/2019\/05\/77d5f071-2532-4cba-be8b-b817dcdca1c2.jpg 768w\" sizes=\"auto, (max-width: 155px) 100vw, 155px\" \/><\/a><\/h2>\n<h2>ALPE DEL NEVEGAL, IL GIORNO DELLA PRESENTAZIONE, DA VENERDI A DOMENICA BELLUNO E LA SUA MONTAGNA CAPITALE DEL MOTOR SPORT ITALIANO CON LA TRE CIME PROMOTOR<\/h2>\n<p>BELLUNO<\/p>\n<p><strong>DI ROBERTO BONA<\/strong><\/p>\n<audio class=\"wp-audio-shortcode\" id=\"audio-85330-6\" preload=\"none\" style=\"width: 100%;\" controls=\"controls\"><source type=\"audio\/mpeg\" src=\"http:\/\/www.radiopiu.net\/wordpress\/wp-content\/uploads\/2019\/05\/ROBERTO.mp3?_=6\" \/><a href=\"http:\/\/www.radiopiu.net\/wordpress\/wp-content\/uploads\/2019\/05\/ROBERTO.mp3\">http:\/\/www.radiopiu.net\/wordpress\/wp-content\/uploads\/2019\/05\/ROBERTO.mp3<\/a><\/audio>\n<p><a class=\"dt-pswp-item\" href=\"http:\/\/www.radiopiu.net\/wordpress\/wp-content\/uploads\/2019\/05\/ef3ea274-e97d-4c51-9c1c-245349f2adb6.jpg\" data-dt-img-description=\"\" data-large_image_width=\"1024\" data-large_image_height=\"768\"><img loading=\"lazy\" decoding=\"async\" class=\"alignnone wp-image-85345\" src=\"http:\/\/www.radiopiu.net\/wordpress\/wp-content\/uploads\/2019\/05\/ef3ea274-e97d-4c51-9c1c-245349f2adb6-300x225.jpg\" alt=\"\" width=\"178\" height=\"133\" srcset=\"https:\/\/www.radiopiu.net\/wordpress\/wp-content\/uploads\/2019\/05\/ef3ea274-e97d-4c51-9c1c-245349f2adb6-300x225.jpg 300w, https:\/\/www.radiopiu.net\/wordpress\/wp-content\/uploads\/2019\/05\/ef3ea274-e97d-4c51-9c1c-245349f2adb6-768x576.jpg 768w, https:\/\/www.radiopiu.net\/wordpress\/wp-content\/uploads\/2019\/05\/ef3ea274-e97d-4c51-9c1c-245349f2adb6.jpg 1024w\" sizes=\"auto, (max-width: 178px) 100vw, 178px\" \/><\/a><a class=\"dt-pswp-item\" href=\"http:\/\/www.radiopiu.net\/wordpress\/wp-content\/uploads\/2019\/05\/7440d66d-4854-4577-a61e-4f38afb33a1e.jpg\" data-dt-img-description=\"\" data-large_image_width=\"1024\" data-large_image_height=\"768\"><img loading=\"lazy\" decoding=\"async\" class=\"alignnone wp-image-85344\" src=\"http:\/\/www.radiopiu.net\/wordpress\/wp-content\/uploads\/2019\/05\/7440d66d-4854-4577-a61e-4f38afb33a1e-300x225.jpg\" alt=\"\" width=\"180\" height=\"135\" srcset=\"https:\/\/www.radiopiu.net\/wordpress\/wp-content\/uploads\/2019\/05\/7440d66d-4854-4577-a61e-4f38afb33a1e-300x225.jpg 300w, https:\/\/www.radiopiu.net\/wordpress\/wp-content\/uploads\/2019\/05\/7440d66d-4854-4577-a61e-4f38afb33a1e-768x576.jpg 768w, https:\/\/www.radiopiu.net\/wordpress\/wp-content\/uploads\/2019\/05\/7440d66d-4854-4577-a61e-4f38afb33a1e.jpg 1024w\" sizes=\"auto, (max-width: 180px) 100vw, 180px\" \/><\/a><a class=\"dt-pswp-item\" href=\"http:\/\/www.radiopiu.net\/wordpress\/wp-content\/uploads\/2019\/05\/bd660542-d4d5-4838-898f-3d6506346d6f.jpg\" data-dt-img-description=\"\" data-large_image_width=\"1024\" data-large_image_height=\"768\"><img loading=\"lazy\" decoding=\"async\" class=\"alignnone wp-image-85342\" src=\"http:\/\/www.radiopiu.net\/wordpress\/wp-content\/uploads\/2019\/05\/bd660542-d4d5-4838-898f-3d6506346d6f-300x225.jpg\" alt=\"\" width=\"178\" height=\"133\" srcset=\"https:\/\/www.radiopiu.net\/wordpress\/wp-content\/uploads\/2019\/05\/bd660542-d4d5-4838-898f-3d6506346d6f-300x225.jpg 300w, https:\/\/www.radiopiu.net\/wordpress\/wp-content\/uploads\/2019\/05\/bd660542-d4d5-4838-898f-3d6506346d6f-768x576.jpg 768w, https:\/\/www.radiopiu.net\/wordpress\/wp-content\/uploads\/2019\/05\/bd660542-d4d5-4838-898f-3d6506346d6f.jpg 1024w\" sizes=\"auto, (max-width: 178px) 100vw, 178px\" \/><\/a><\/p>\n<p>&nbsp;<\/p>\n<p>&nbsp;<\/p>\n<p>&nbsp;<\/p>\n<p><a class=\"dt-pswp-item\" href=\"http:\/\/www.radiopiu.net\/wordpress\/wp-content\/uploads\/2018\/09\/WhatsApp-Image-2018-09-20-at-16.04.06.jpeg\" data-dt-img-description=\"\" data-large_image_width=\"800\" data-large_image_height=\"100\"><img loading=\"lazy\" decoding=\"async\" class=\"alignnone size-full wp-image-61378\" src=\"http:\/\/www.radiopiu.net\/wordpress\/wp-content\/uploads\/2018\/09\/WhatsApp-Image-2018-09-20-at-16.04.06.jpeg\" alt=\"\" width=\"800\" height=\"100\" srcset=\"https:\/\/www.radiopiu.net\/wordpress\/wp-content\/uploads\/2018\/09\/WhatsApp-Image-2018-09-20-at-16.04.06.jpeg 800w, https:\/\/www.radiopiu.net\/wordpress\/wp-content\/uploads\/2018\/09\/WhatsApp-Image-2018-09-20-at-16.04.06-300x38.jpeg 300w, https:\/\/www.radiopiu.net\/wordpress\/wp-content\/uploads\/2018\/09\/WhatsApp-Image-2018-09-20-at-16.04.06-768x96.jpeg 768w\" sizes=\"auto, (max-width: 800px) 100vw, 800px\" \/><\/a><\/p>\n<p>&nbsp;<\/p>\n<p><center><b>Martedi 14<\/b><\/center><b>Tempo atteso: <\/b>Fino al primo pomeriggio tempo ben soleggiato, con tratti soleggiati pi\u00f9 duraturi sulle Dolomiti, mentre i primi cumuli nasceranno sulla fascia prealpina. In seguito tendenza a aumento della nuvolosit\u00e0 da Est, con basso rischio di fenomeni sulle Dolomiti e qualche rovescio sulle Prealpi\/pedemontana. Clima assai fresco per il periodo, anche ventoso.<br \/>\n<b>Precipitazioni: <\/b>Assenti fino al primo pomeriggio (0%), in seguito pressoch\u00e9 assenti sulle Dolomiti (10%), mentre il rischio di rovesci sar\u00e0 maggiore sulle Prealpi e la pedemontana (40\/60%), nevosi oltre i 1500\/1600 m.<br \/>\n<b>Temperature: <\/b>In diminuzione, pi\u00f9 sensibile in quota, ad eccezione di locali aumenti per le massime a fondovalle grazie all&#8217;iniziale soleggiamento. Fino alle di 1000\/1200 m, qualora il Foehn notturno non spirasse, non escluso il rischio di brinate o gelate. Valori termici inferiori alla norma con massimi di 14\/15\u00b0C nei fondovalle e di 10\/12\u00b0C a 1000\/1200 m. Su Prealpi a 1500 m min -1\u00b0C max 2\u00b0C, a 2000 m min -4\u00b0C max -2\u00b0C. Su Dolomiti a 2000 m min -5\u00b0C max -3\u00b0C, a 3000 m min -12\u00b0C max -8\u00b0C.<br \/>\n<b>Venti: <\/b>Nelle valli deboli\/moderati, salvo residui rinforzi di Foehn; in quota al mattino deboli\/moderati da Nord, nel pomeriggio-sera in intensificazione fino a tesi\/forti da Est, 20-40 km\/h a 2000 m, a 25\/60 km\/h a 3000 m.<\/p>\n<hr \/>\n<p><center><b>Mercoledi 15<\/b><\/center><b>Tempo atteso: <\/b>Sole e nubi alte in grado di velare il cielo al mattino, poi addensamenti irregolari, ma con basso rischio di fenomeni. Clima ancora assai fresco per il periodo.<br \/>\n<b>Precipitazioni: <\/b>Generalmente assenti (10%).<br \/>\n<b>Temperature: <\/b>Minime in diminuzione nelle valli e in rialzo in alta quota, massime in ripresa a tutte le quote, ma con valori ancora inferiori alla norma. Su Prealpi a 1500 m min 1\u00b0C max 7\u00b0C, a 2000 m min -1\u00b0C max -4\u00b0C. Su Dolomiti a 2000 m min -2\u00b0C max 3\u00b0C, a 3000 m min -6\u00b0C max -3\u00b0C.<br \/>\n<b>Venti: <\/b>Nelle valli deboli di direzione variabile; in quota al mattino moderati\/tesi da Nord-Est, nel pomeriggio\/sera in attenuazione da Nord, 10-25 km\/h a 2000 m e a 20-35 km\/h a 3000 m.<\/p>\n<hr \/>\n<p><center><b>Giovedi 16<\/b><\/center>Schiarite e nuvolosit\u00e0 irregolare al mattino, frequenti addensamenti con rovesci sparsi al pomeriggio, nevosi oltre i 1800\/2000 m. Temperature minime senza notevoli variazioni e massime in leggera flessione rispetto a mercoled\u00ec. In quota venti deboli da Nord al mattino e da Sud-Ovest al pomeriggio; nelle valli deboli di direzione variabile.<\/p>\n<hr \/>\n<p><center><b>Venerdi 17<\/b><\/center>Nuvolosit\u00e0 in aumento associata a fenomeni sparsi ed intermittenti, anche a carattere di rovescio. Limite neve oltre i 1900\/2000 m. Temperature in generale lieve rialzo, eccetto le massime in alta quota che saranno in leggero calo. Venti deboli\/moderati da Sud-Ovest in quota, in rinforzo a fine giornata, deboli di direzione variabile nelle valli. Previsore: R.L.Th.<\/p>\n","protected":false},"excerpt":{"rendered":"<p>La frana di Schiucaz si \u00e8 mossa di oltre un metro, 6000 metri cubi di materiale minacciano abitazioni e viabilit\u00e0 lungo la provinciale 5 di Lamosano. Un&#8217;altra vittoria per Leonardo Del Vecchio e la sua Luxottica, con Essilor \u00e8 pace fatta, stretta di mano con Milleri e Vacherot che acquisiranno nuove deleghe, sindacati pronti a&hellip;<\/p>\n","protected":false},"author":1,"featured_media":85374,"comment_status":"closed","ping_status":"closed","sticky":false,"template":"","format":"standard","meta":{"_monsterinsights_skip_tracking":false,"_monsterinsights_sitenote_active":false,"_monsterinsights_sitenote_note":"","_monsterinsights_sitenote_category":0,"footnotes":""},"categories":[86],"tags":[],"class_list":["post-85330","post","type-post","status-publish","format-standard","has-post-thumbnail","hentry","category-gr","category-86","description-off"],"img_url":"https:\/\/www.radiopiu.net\/wordpress\/wp-content\/uploads\/2019\/05\/20190513_163908_wm.jpg","_links":{"self":[{"href":"https:\/\/www.radiopiu.net\/wordpress\/wp-json\/wp\/v2\/posts\/85330","targetHints":{"allow":["GET"]}}],"collection":[{"href":"https:\/\/www.radiopiu.net\/wordpress\/wp-json\/wp\/v2\/posts"}],"about":[{"href":"https:\/\/www.radiopiu.net\/wordpress\/wp-json\/wp\/v2\/types\/post"}],"author":[{"embeddable":true,"href":"https:\/\/www.radiopiu.net\/wordpress\/wp-json\/wp\/v2\/users\/1"}],"replies":[{"embeddable":true,"href":"https:\/\/www.radiopiu.net\/wordpress\/wp-json\/wp\/v2\/comments?post=85330"}],"version-history":[{"count":0,"href":"https:\/\/www.radiopiu.net\/wordpress\/wp-json\/wp\/v2\/posts\/85330\/revisions"}],"wp:featuredmedia":[{"embeddable":true,"href":"https:\/\/www.radiopiu.net\/wordpress\/wp-json\/wp\/v2\/media\/85374"}],"wp:attachment":[{"href":"https:\/\/www.radiopiu.net\/wordpress\/wp-json\/wp\/v2\/media?parent=85330"}],"wp:term":[{"taxonomy":"category","embeddable":true,"href":"https:\/\/www.radiopiu.net\/wordpress\/wp-json\/wp\/v2\/categories?post=85330"},{"taxonomy":"post_tag","embeddable":true,"href":"https:\/\/www.radiopiu.net\/wordpress\/wp-json\/wp\/v2\/tags?post=85330"}],"curies":[{"name":"wp","href":"https:\/\/api.w.org\/{rel}","templated":true}]}}