{"id":85352,"date":"2019-05-13T11:50:35","date_gmt":"2019-05-13T09:50:35","guid":{"rendered":"http:\/\/www.radiopiu.net\/wordpress\/?p=85352"},"modified":"2019-05-15T06:21:26","modified_gmt":"2019-05-15T04:21:26","slug":"cimiteri-e-sacrari-germanici-in-italia-80-anni-dopo","status":"publish","type":"post","link":"https:\/\/www.radiopiu.net\/wordpress\/cimiteri-e-sacrari-germanici-in-italia-80-anni-dopo\/","title":{"rendered":"CIMITERI E SACRARI GERMANICI IN ITALIA 80 ANNI DOPO"},"content":{"rendered":"<h2><\/h2>\n<blockquote><p><em> Al Centro Culturale \u201cBice Lazzari\u201d di Quero un convegno il 25 maggio 2019 negli 80 anni dall\u2019inaugurazione del Totenburg querese di Col Maor.<\/em><\/p><\/blockquote>\n<p><strong><a class=\"dt-pswp-item\" href=\"http:\/\/www.radiopiu.net\/wordpress\/wp-content\/uploads\/2019\/05\/Mausoleo-di-Quero-2.jpg\" data-dt-img-description=\"\" data-large_image_width=\"1024\" data-large_image_height=\"768\"><img loading=\"lazy\" decoding=\"async\" class=\" wp-image-85348 alignleft\" src=\"http:\/\/www.radiopiu.net\/wordpress\/wp-content\/uploads\/2019\/05\/Mausoleo-di-Quero-2-300x225.jpg\" alt=\"\" width=\"221\" height=\"166\" srcset=\"https:\/\/www.radiopiu.net\/wordpress\/wp-content\/uploads\/2019\/05\/Mausoleo-di-Quero-2-300x225.jpg 300w, https:\/\/www.radiopiu.net\/wordpress\/wp-content\/uploads\/2019\/05\/Mausoleo-di-Quero-2-768x576.jpg 768w, https:\/\/www.radiopiu.net\/wordpress\/wp-content\/uploads\/2019\/05\/Mausoleo-di-Quero-2.jpg 1024w\" sizes=\"auto, (max-width: 221px) 100vw, 221px\" \/><\/a>QUERO VAS<\/strong> Negli 80 anni dall\u2019inaugurazione del Totenburg di Quero (1939-2019), il Centro Culturale Bice Lazzari organizza per il 25 maggio un importante convegno sui cimiteri e sacrari germanici del Vdk-Volksbund Deutsche Kriegsgr\u00e4berf\u00fcrsorge, ovvero l\u2019associazione umanitaria tedesca, fondata il 16 dicembre del 1919, riconosciuta come servizio pubblico e il cui scopo \u00e8 la manutenzione delle tombe delle vittime germaniche di guerra, avente sede a Kassel (Germania).\u00a0 Il 25 maggio del 1939 il VDK e una nutrita delegazione tedesca inaugurava il sacrario germanico a Quero e il cimitero di guerra di Feltre, e nei giorni immediatamente seguenti il sacrario di Tolmino, allora in provincia di Gorizia, ora territorio sloveno, destinati ad ospitare i caduti della Grande Guerra. A ottant\u2019anni esatti di distanza un convegno intende illustrare le realizzazioni del Vdk in Italia e, pi\u00f9 in particolare, narrare la genesi di quello costruito a Quero in una prospettiva di pace e unit\u00e0 europea. La riorganizzazione dei cimiteri di guerra tedeschi nelle zone di combattimento sul fronte italiano durante la Prima Guerra Mondiale, concepita dal VDK, sorge tra il 1930 e il 1940, ha portato alla realizzazione di cinque memoriali, tra i quali quelli di Quero, Feltre e Tolmino, completati e inaugurati nel maggio del 1939. A questi si aggiungono il memoriale di Passo Pordoi (comune di Livinallongo di Col di Lana), quello di Tolmino (Slovenia) e l&#8217;incompiuto memoriale di Pinzano al Tagliamento (UD). A ottant\u2019anni di distanza da quegli eventi, viene organizzata una giornata di studio e di incontro con gli amministratori dei comuni ove <a class=\"dt-pswp-item\" href=\"http:\/\/www.radiopiu.net\/wordpress\/wp-content\/uploads\/2019\/05\/quero-mausoleo.jpg\" data-dt-img-description=\"\" data-large_image_width=\"864\" data-large_image_height=\"1152\"><img loading=\"lazy\" decoding=\"async\" class=\"size-medium wp-image-85350 alignright\" src=\"http:\/\/www.radiopiu.net\/wordpress\/wp-content\/uploads\/2019\/05\/quero-mausoleo-225x300.jpg\" alt=\"\" width=\"225\" height=\"300\" srcset=\"https:\/\/www.radiopiu.net\/wordpress\/wp-content\/uploads\/2019\/05\/quero-mausoleo-225x300.jpg 225w, https:\/\/www.radiopiu.net\/wordpress\/wp-content\/uploads\/2019\/05\/quero-mausoleo-768x1024.jpg 768w, https:\/\/www.radiopiu.net\/wordpress\/wp-content\/uploads\/2019\/05\/quero-mausoleo.jpg 864w\" sizes=\"auto, (max-width: 225px) 100vw, 225px\" \/><\/a>sorgono queste costruzioni, tutt&#8217;ora affidate, con l&#8217;eccezione di Pinzano, alle cure del Volksbund Deutsche Kriegsgr\u00e4berf\u00fcrsorge. Il 25 maggio ai partecipanti verr\u00e0 proposto il seguente programma dei lavori: ore 8.45 registrazione dei presenti, apertura convegno alle ore 9.00 con il saluto delle autorit\u00e0. Alle 9.20 si parler\u00e0 dei cimiteri e sacrari germanici del Vdk in Italia, grazie all\u2019intervento di Marco Mulazzani dell\u2019Universit\u00e0 di Ferrara, mentre alle ore 10 verr\u00e0 proiettato un filmato a cura di Doriano Dalla Piazza dal titolo \u201cAl centro del teatro di guerra\u201d. Al termine del resoconto, Gabriele Toneguzzi, sempre dell\u2019Universit\u00e0 di Ferrara, si concentrer\u00e0 sul Totenburg di Quero. Dopo una breve pausa, alle 11 i lavori proseguiranno con l\u2019intervento di Moreno Baccichet (universit\u00e0 di Udine), che verter\u00e0 sul Totenburg di Pinzano. Alle 11.30 toccher\u00e0 agli ospiti militari e civili prendere la parola per poi procedere, al termine, con il dibattito. Alle 13 i partecipanti potranno ristorarsi grazie al brunch offerto dalla Pro Loco di Quero, mentre nel pomeriggio, alle 14.30, si potranno visitare con gli esperti il Totenburg di Quero e il cimitero militare germanico di Feltre.<\/p>\n<blockquote><p>\n<a class=\"dt-pswp-item\" href=\"http:\/\/www.radiopiu.net\/wordpress\/wp-content\/uploads\/2019\/05\/mausoleo-di-Quero.jpg\" data-dt-img-description=\"\" data-large_image_width=\"1024\" data-large_image_height=\"768\"><img loading=\"lazy\" decoding=\"async\" class=\"size-medium wp-image-85349 alignleft\" src=\"http:\/\/www.radiopiu.net\/wordpress\/wp-content\/uploads\/2019\/05\/mausoleo-di-Quero-300x225.jpg\" alt=\"\" width=\"300\" height=\"225\" srcset=\"https:\/\/www.radiopiu.net\/wordpress\/wp-content\/uploads\/2019\/05\/mausoleo-di-Quero-300x225.jpg 300w, https:\/\/www.radiopiu.net\/wordpress\/wp-content\/uploads\/2019\/05\/mausoleo-di-Quero-768x576.jpg 768w, https:\/\/www.radiopiu.net\/wordpress\/wp-content\/uploads\/2019\/05\/mausoleo-di-Quero.jpg 1024w\" sizes=\"auto, (max-width: 300px) 100vw, 300px\" \/><\/a>L\u2019evento si svolge grazie ad una collaborazione con l&#8217;Universit\u00e0 di Ferrara e, in particolare, con Marco Mulazzani, docente di &#8220;Storia dell&#8217;Architettura&#8221;, che ne cura il coordinamento scientifico. Il Convegno gode del patrocinio dell\u2019Ordine Architetti di Belluno e Fondazione Architettura Belluno Dolomiti, e del sostegno dell\u2019Unione Setteville, Comune di Quero-Vas, Centro Culturale Bice Lazzari e Pro Loco di Quero. Gli architetti, ingegneri, geometri e periti potranno richiedere i crediti formativi (Dpr 193\/2012 e reg. Cnapp).\u00a0 La partecipazione all\u2019evento \u00e8 gratuita, aperta a professionisti (previa iscrizione al sito dell\u2019Ordine degli Architetti di Belluno, al link https:\/\/www.architettibelluno.it\/formazione-continua-permanente\/iscrizione-eventi-formativi), e libera per studenti e cittadinanza fino ad esaurimento posti.<\/p><\/blockquote>\n<p>&nbsp;<\/p>\n","protected":false},"excerpt":{"rendered":"<p>Al Centro Culturale \u201cBice Lazzari\u201d di Quero un convegno il 25 maggio 2019 negli 80 anni dall\u2019inaugurazione del Totenburg querese di Col Maor. QUERO VAS Negli 80 anni dall\u2019inaugurazione del Totenburg di Quero (1939-2019), il Centro Culturale Bice Lazzari organizza per il 25 maggio un importante convegno sui cimiteri e sacrari germanici del Vdk-Volksbund Deutsche&hellip;<\/p>\n","protected":false},"author":1,"featured_media":85348,"comment_status":"closed","ping_status":"closed","sticky":false,"template":"","format":"standard","meta":{"_monsterinsights_skip_tracking":false,"_monsterinsights_sitenote_active":false,"_monsterinsights_sitenote_note":"","_monsterinsights_sitenote_category":0,"footnotes":""},"categories":[51,49],"tags":[],"class_list":["post-85352","post","type-post","status-publish","format-standard","has-post-thumbnail","hentry","category-evidenza-top","category-news-18","category-51","category-49","description-off"],"img_url":"https:\/\/www.radiopiu.net\/wordpress\/wp-content\/uploads\/2019\/05\/Mausoleo-di-Quero-2.jpg","_links":{"self":[{"href":"https:\/\/www.radiopiu.net\/wordpress\/wp-json\/wp\/v2\/posts\/85352","targetHints":{"allow":["GET"]}}],"collection":[{"href":"https:\/\/www.radiopiu.net\/wordpress\/wp-json\/wp\/v2\/posts"}],"about":[{"href":"https:\/\/www.radiopiu.net\/wordpress\/wp-json\/wp\/v2\/types\/post"}],"author":[{"embeddable":true,"href":"https:\/\/www.radiopiu.net\/wordpress\/wp-json\/wp\/v2\/users\/1"}],"replies":[{"embeddable":true,"href":"https:\/\/www.radiopiu.net\/wordpress\/wp-json\/wp\/v2\/comments?post=85352"}],"version-history":[{"count":0,"href":"https:\/\/www.radiopiu.net\/wordpress\/wp-json\/wp\/v2\/posts\/85352\/revisions"}],"wp:featuredmedia":[{"embeddable":true,"href":"https:\/\/www.radiopiu.net\/wordpress\/wp-json\/wp\/v2\/media\/85348"}],"wp:attachment":[{"href":"https:\/\/www.radiopiu.net\/wordpress\/wp-json\/wp\/v2\/media?parent=85352"}],"wp:term":[{"taxonomy":"category","embeddable":true,"href":"https:\/\/www.radiopiu.net\/wordpress\/wp-json\/wp\/v2\/categories?post=85352"},{"taxonomy":"post_tag","embeddable":true,"href":"https:\/\/www.radiopiu.net\/wordpress\/wp-json\/wp\/v2\/tags?post=85352"}],"curies":[{"name":"wp","href":"https:\/\/api.w.org\/{rel}","templated":true}]}}