{"id":85363,"date":"2019-05-13T12:23:07","date_gmt":"2019-05-13T10:23:07","guid":{"rendered":"http:\/\/www.radiopiu.net\/wordpress\/?p=85363"},"modified":"2019-05-14T17:34:17","modified_gmt":"2019-05-14T15:34:17","slug":"down-tour-ditalia-conclusa-la-tre-giorni-bellunese-del-camper-che-gira-litalia-per-i-40-anni-dellaipd","status":"publish","type":"post","link":"https:\/\/www.radiopiu.net\/wordpress\/down-tour-ditalia-conclusa-la-tre-giorni-bellunese-del-camper-che-gira-litalia-per-i-40-anni-dellaipd\/","title":{"rendered":"\u201cDOWN TOUR D\u2019ITALIA: CONCLUSA LA TRE GIORNI BELLUNESE DEL CAMPER CHE GIRA L\u2019ITALIA PER I 40 ANNI DELL\u2019AIPD."},"content":{"rendered":"<h3><\/h3>\n<blockquote><p><em>AIPD Belluno ha accolto con una serie di iniziative il camper che gira il paese per distribuire \u201cpillole contro i pregiudizi\u201d.<\/em><\/p><\/blockquote>\n<p><a class=\"dt-pswp-item\" href=\"http:\/\/www.radiopiu.net\/wordpress\/wp-content\/uploads\/2019\/05\/camper-a-Serravella.jpg\" data-dt-img-description=\"\" data-large_image_width=\"888\" data-large_image_height=\"500\"><img loading=\"lazy\" decoding=\"async\" class=\"alignnone size-full wp-image-85360\" src=\"http:\/\/www.radiopiu.net\/wordpress\/wp-content\/uploads\/2019\/05\/camper-a-Serravella.jpg\" alt=\"\" width=\"888\" height=\"500\" srcset=\"https:\/\/www.radiopiu.net\/wordpress\/wp-content\/uploads\/2019\/05\/camper-a-Serravella.jpg 888w, https:\/\/www.radiopiu.net\/wordpress\/wp-content\/uploads\/2019\/05\/camper-a-Serravella-300x169.jpg 300w, https:\/\/www.radiopiu.net\/wordpress\/wp-content\/uploads\/2019\/05\/camper-a-Serravella-768x432.jpg 768w\" sizes=\"auto, (max-width: 888px) 100vw, 888px\" \/><\/a> Si \u00e8 conclusa nel tardo pomeriggio di sabato 11 maggio la tappa bellunese del camper in viaggio per il \u201cDown tour d\u2019Italia\u201d, in occasione dei 40 anni dalla fondazione dell\u2019AIPD( Associazione Italiana Persone Down), viaggio a tappe attraverso la gran parte delle oltre 50 Sezioni dell\u2019Associazione stessa. L\u2019AIPD Belluno ha accolto, gioved\u00ec 9 maggio, il camper guidato dai soci dell\u2019AIPD Trento al museo etnografico di Serravella, visitato con la guida di Valentina De Marchi dell\u2019Associazione \u201cIsoipse\u201d. In serata il camper ha stazionato alla Birreria Pedavena, dove i soci AIPD hanno iniziato a distribuire le pillole ( gustosi confetti al cioccolato), \u201c contro i pregiudizi\u201d, slogan del \u201c Down tour\u201d in gigantografia anche sul camper. Cos\u00ec \u00e8 stato poi venerd\u00ec a Feltre e, successivamente, fino a sabato in Piazza dei Martiri a Belluno. Nelle due citt\u00e0 i il camper \u00e8 stato onorato dalla la visita dei rispettivi Sindaci. L\u2019AIPD Belluno ha organizzato altri due eventi culturali, dopo quello della visita al Museo etnografico: nel primo pomeriggio di sabato, al cinema Italia di Belluno, \u00e8 stato proiettato il film-documentario \u201cUp and Down\u201d del regista Paolo Ruffini, interpretato da attori con sindrome di Down.Infine, alla libreria \u201cTarantola\u201d \u00e8 stato presentato, con la conduzione di Guido Beretta il ricettario \u201cIn cucina con\u2026\u201d; il testo, corredato da un originale servizio fotografico raccoglie una serie di pregiate ricette dei cuochi stellati di \u201cAlto Gusto\u201d, con cui avevano collaborato alcuni giovani dell\u2019AIPD belluno. A conclusione aperitivo letterario offerto dal Ristorante \u201cAl Borgo\u201d per gli stuzzichini , e dalla ditta Moser di Sedico per le bevande, prima di assistere alla partenza del camper da Piazza dei Martiri verso la Marca Trevigiana e l\u2019omonima sezione dell\u2019AIPD.<\/p>\n<p>&nbsp;<\/p>\n<p>&nbsp;<\/p>\n","protected":false},"excerpt":{"rendered":"<p>AIPD Belluno ha accolto con una serie di iniziative il camper che gira il paese per distribuire \u201cpillole contro i pregiudizi\u201d. Si \u00e8 conclusa nel tardo pomeriggio di sabato 11 maggio la tappa bellunese del camper in viaggio per il \u201cDown tour d\u2019Italia\u201d, in occasione dei 40 anni dalla fondazione dell\u2019AIPD( Associazione Italiana Persone Down),&hellip;<\/p>\n","protected":false},"author":1,"featured_media":85361,"comment_status":"closed","ping_status":"closed","sticky":false,"template":"","format":"standard","meta":{"_monsterinsights_skip_tracking":false,"_monsterinsights_sitenote_active":false,"_monsterinsights_sitenote_note":"","_monsterinsights_sitenote_category":0,"footnotes":""},"categories":[103,49],"tags":[],"class_list":["post-85363","post","type-post","status-publish","format-standard","has-post-thumbnail","hentry","category-evidenza_2","category-news-18","category-103","category-49","description-off"],"img_url":"https:\/\/www.radiopiu.net\/wordpress\/wp-content\/uploads\/2019\/05\/camper-a-Feltre.jpg","_links":{"self":[{"href":"https:\/\/www.radiopiu.net\/wordpress\/wp-json\/wp\/v2\/posts\/85363","targetHints":{"allow":["GET"]}}],"collection":[{"href":"https:\/\/www.radiopiu.net\/wordpress\/wp-json\/wp\/v2\/posts"}],"about":[{"href":"https:\/\/www.radiopiu.net\/wordpress\/wp-json\/wp\/v2\/types\/post"}],"author":[{"embeddable":true,"href":"https:\/\/www.radiopiu.net\/wordpress\/wp-json\/wp\/v2\/users\/1"}],"replies":[{"embeddable":true,"href":"https:\/\/www.radiopiu.net\/wordpress\/wp-json\/wp\/v2\/comments?post=85363"}],"version-history":[{"count":0,"href":"https:\/\/www.radiopiu.net\/wordpress\/wp-json\/wp\/v2\/posts\/85363\/revisions"}],"wp:featuredmedia":[{"embeddable":true,"href":"https:\/\/www.radiopiu.net\/wordpress\/wp-json\/wp\/v2\/media\/85361"}],"wp:attachment":[{"href":"https:\/\/www.radiopiu.net\/wordpress\/wp-json\/wp\/v2\/media?parent=85363"}],"wp:term":[{"taxonomy":"category","embeddable":true,"href":"https:\/\/www.radiopiu.net\/wordpress\/wp-json\/wp\/v2\/categories?post=85363"},{"taxonomy":"post_tag","embeddable":true,"href":"https:\/\/www.radiopiu.net\/wordpress\/wp-json\/wp\/v2\/tags?post=85363"}],"curies":[{"name":"wp","href":"https:\/\/api.w.org\/{rel}","templated":true}]}}