{"id":85450,"date":"2019-05-15T05:37:46","date_gmt":"2019-05-15T03:37:46","guid":{"rendered":"http:\/\/www.radiopiu.net\/wordpress\/?p=85450"},"modified":"2019-05-15T10:56:45","modified_gmt":"2019-05-15T08:56:45","slug":"giornale-radiopiu-15-maggio-2019-direttore-mirko-mezzacasa","status":"publish","type":"post","link":"https:\/\/www.radiopiu.net\/wordpress\/giornale-radiopiu-15-maggio-2019-direttore-mirko-mezzacasa\/","title":{"rendered":"GIORNALE RADIOPIU 15 MAGGIO 2019 DIRETTORE MIRKO MEZZACASA"},"content":{"rendered":"<p><strong>Nonostante le richieste,<\/strong> le preoccupazioni, le proteste, i dubbi soprattutto della gente di montagna la Regione tira diritto e da il via libera alle schede ospedaliere nel giorno in cui il sindaco di Belluno trascorre una notte alla ricerca di un letto per una paziente obbligata al trattamento sanitario obbligato, per la Ulss1 non \u00e8 successo niente, dal comunicato sembrerebbe tutto normale poich\u00e9 la paziente il letto lo ha trovato, ma alle 4.30 del mattino. Se per la Ulss1 tutto \u00e8 nella norma per amministratori, comitati e medici non \u00e8 proprio cos\u00ec e le proteste non mancano, l&#8217;episodio dell&#8217;altra notte per loro \u00e8 figlio della riduzione di posti letto in alcuni reparti, guarda caso proprio come psichiatria. <strong>Gli ambientalisti<\/strong> denunciano l&#8217;operato del Governo che starebbe per ripristinare gli incentivi che i 5 Stelle avevano abolito, sopratutto il deputato D&#8217;Inc\u00e0 (che non ha inviato alcun comunicato nella giornata di ieri in risposta alle dure prese di posizione di 50 associazioni che tutelano le acque) aveva criticato lo sfruttamento idroelettrico ed a gran voce d&#8217;altronde \u00e8 su questi argomenti che si fa breccia nel cuore dell&#8217;elettore, in bene e in male. <strong>Sono troppi i cervi<\/strong> e i cinghiali in provincia, spesso portano l&#8217;agricoltore ad abbandonare, ora c&#8217;e&#8217; un&#8217;intesa in provincia\u00a0 tra agricoltori e cacciatori per un futuro migliore.<strong> La frana di Schiucaz<\/strong> continua a muoversi, anche ieri mezzo metro verso valle e quindi la strada chiusa e le abitazioni evacuate. Ieri il sopralluogo del geologo Luca Salti. <strong>Il vento, quel vento,<\/strong> continua a soffrire i vigili del fuoco sono usciti 8 volte, un po&#8217; in tutta la parte alta della provincia, l&#8217;intervento piu&#8217; impegnativo a Canale d&#8217;Agordo per un fienile scoperchiato. Oggi le previsioni emesse dal centro di Arabba prevedono una forte instabilit\u00e0 al mattino, con frequenti rovesci e neve sopra i 1000-1200 metri di quota. Nel pomeriggio ci sar\u00e0 una breve tregua. Il vento si far\u00e0 sentire anche oggi.<\/p>\n<p>&nbsp;<\/p>\n<p>&nbsp;<\/p>\n<p>&nbsp;<\/p>\n<h2>FRANA ALPAGO, LE FOTO DI OGGI<\/h2>\n<p><a class=\"dt-pswp-item\" href=\"http:\/\/www.radiopiu.net\/wordpress\/wp-content\/uploads\/2019\/05\/8c4ac4a8-b750-4455-86ff-9e34dfa6d5c9.jpg\" data-dt-img-description=\"\" data-large_image_width=\"1600\" data-large_image_height=\"1200\"><img loading=\"lazy\" decoding=\"async\" class=\"alignnone size-large wp-image-85567\" src=\"http:\/\/www.radiopiu.net\/wordpress\/wp-content\/uploads\/2019\/05\/8c4ac4a8-b750-4455-86ff-9e34dfa6d5c9-1024x768.jpg\" alt=\"\" width=\"1024\" height=\"768\" srcset=\"https:\/\/www.radiopiu.net\/wordpress\/wp-content\/uploads\/2019\/05\/8c4ac4a8-b750-4455-86ff-9e34dfa6d5c9-1024x768.jpg 1024w, https:\/\/www.radiopiu.net\/wordpress\/wp-content\/uploads\/2019\/05\/8c4ac4a8-b750-4455-86ff-9e34dfa6d5c9-300x225.jpg 300w, https:\/\/www.radiopiu.net\/wordpress\/wp-content\/uploads\/2019\/05\/8c4ac4a8-b750-4455-86ff-9e34dfa6d5c9-768x576.jpg 768w, https:\/\/www.radiopiu.net\/wordpress\/wp-content\/uploads\/2019\/05\/8c4ac4a8-b750-4455-86ff-9e34dfa6d5c9.jpg 1600w\" sizes=\"auto, (max-width: 1024px) 100vw, 1024px\" \/><\/a><\/p>\n<p>&nbsp;<\/p>\n<p><span style=\"color: #ff0000;\">il punto con il consigliere provinciale MASSIMO BORTOLUZZI<\/span><\/p>\n<audio class=\"wp-audio-shortcode\" id=\"audio-85450-1\" preload=\"none\" style=\"width: 100%;\" controls=\"controls\"><source type=\"audio\/mpeg\" src=\"http:\/\/www.radiopiu.net\/wordpress\/wp-content\/uploads\/2019\/05\/massimo-bo.mp3?_=1\" \/><a href=\"http:\/\/www.radiopiu.net\/wordpress\/wp-content\/uploads\/2019\/05\/massimo-bo.mp3\">http:\/\/www.radiopiu.net\/wordpress\/wp-content\/uploads\/2019\/05\/massimo-bo.mp3<\/a><\/audio>\n<p><span style=\"color: #ff0000;\">dalla Provincia, PIERANTONIO ZANCHETTA<\/span><\/p>\n<p>&nbsp;<\/p>\n<audio class=\"wp-audio-shortcode\" id=\"audio-85450-2\" preload=\"none\" style=\"width: 100%;\" controls=\"controls\"><source type=\"audio\/mpeg\" src=\"http:\/\/www.radiopiu.net\/wordpress\/wp-content\/uploads\/2019\/05\/zanchetta.mp3?_=2\" \/><a href=\"http:\/\/www.radiopiu.net\/wordpress\/wp-content\/uploads\/2019\/05\/zanchetta.mp3\">http:\/\/www.radiopiu.net\/wordpress\/wp-content\/uploads\/2019\/05\/zanchetta.mp3<\/a><\/audio>\n<p>&nbsp;<\/p>\n<p><a class=\"dt-pswp-item\" href=\"http:\/\/www.radiopiu.net\/wordpress\/wp-content\/uploads\/2019\/05\/50361d2a-91aa-4ff6-ac0c-c98421f02730.jpg\" data-dt-img-description=\"\" data-large_image_width=\"0\" data-large_image_height=\"0\"><img loading=\"lazy\" decoding=\"async\" class=\"alignnone size-thumbnail wp-image-85472\" src=\"http:\/\/www.radiopiu.net\/wordpress\/wp-content\/uploads\/2019\/05\/50361d2a-91aa-4ff6-ac0c-c98421f02730.jpg\" alt=\"\" width=\"1\" height=\"1\" \/><\/a><a class=\"dt-pswp-item\" href=\"http:\/\/www.radiopiu.net\/wordpress\/wp-content\/uploads\/2019\/05\/99cc5290-5c83-41f6-9e04-0f28973a88c3.jpg\" data-dt-img-description=\"\" data-large_image_width=\"0\" data-large_image_height=\"0\"><img loading=\"lazy\" decoding=\"async\" class=\"alignnone size-thumbnail wp-image-85471\" src=\"http:\/\/www.radiopiu.net\/wordpress\/wp-content\/uploads\/2019\/05\/99cc5290-5c83-41f6-9e04-0f28973a88c3.jpg\" alt=\"\" width=\"1\" height=\"1\" \/><\/a><a class=\"dt-pswp-item\" href=\"http:\/\/www.radiopiu.net\/wordpress\/wp-content\/uploads\/2019\/05\/067f8ee1-c0aa-48cf-be27-6572b85c2af2.jpg\" data-dt-img-description=\"\" data-large_image_width=\"1512\" data-large_image_height=\"1512\"><img loading=\"lazy\" decoding=\"async\" class=\"alignnone wp-image-85469\" src=\"http:\/\/www.radiopiu.net\/wordpress\/wp-content\/uploads\/2019\/05\/067f8ee1-c0aa-48cf-be27-6572b85c2af2-300x300.jpg\" alt=\"\" width=\"149\" height=\"149\" srcset=\"https:\/\/www.radiopiu.net\/wordpress\/wp-content\/uploads\/2019\/05\/067f8ee1-c0aa-48cf-be27-6572b85c2af2-300x300.jpg 300w, https:\/\/www.radiopiu.net\/wordpress\/wp-content\/uploads\/2019\/05\/067f8ee1-c0aa-48cf-be27-6572b85c2af2-150x150.jpg 150w, https:\/\/www.radiopiu.net\/wordpress\/wp-content\/uploads\/2019\/05\/067f8ee1-c0aa-48cf-be27-6572b85c2af2-768x768.jpg 768w, https:\/\/www.radiopiu.net\/wordpress\/wp-content\/uploads\/2019\/05\/067f8ee1-c0aa-48cf-be27-6572b85c2af2-1024x1024.jpg 1024w, https:\/\/www.radiopiu.net\/wordpress\/wp-content\/uploads\/2019\/05\/067f8ee1-c0aa-48cf-be27-6572b85c2af2.jpg 1512w\" sizes=\"auto, (max-width: 149px) 100vw, 149px\" \/><\/a><a class=\"dt-pswp-item\" href=\"http:\/\/www.radiopiu.net\/wordpress\/wp-content\/uploads\/2019\/05\/4a0e9990-667c-4fbc-97eb-288cc7d67437.jpg\" data-dt-img-description=\"\" data-large_image_width=\"1024\" data-large_image_height=\"768\"><img loading=\"lazy\" decoding=\"async\" class=\"alignnone wp-image-85468\" src=\"http:\/\/www.radiopiu.net\/wordpress\/wp-content\/uploads\/2019\/05\/4a0e9990-667c-4fbc-97eb-288cc7d67437-300x225.jpg\" alt=\"\" width=\"196\" height=\"147\" srcset=\"https:\/\/www.radiopiu.net\/wordpress\/wp-content\/uploads\/2019\/05\/4a0e9990-667c-4fbc-97eb-288cc7d67437-300x225.jpg 300w, https:\/\/www.radiopiu.net\/wordpress\/wp-content\/uploads\/2019\/05\/4a0e9990-667c-4fbc-97eb-288cc7d67437-768x576.jpg 768w, https:\/\/www.radiopiu.net\/wordpress\/wp-content\/uploads\/2019\/05\/4a0e9990-667c-4fbc-97eb-288cc7d67437.jpg 1024w\" sizes=\"auto, (max-width: 196px) 100vw, 196px\" \/><\/a><a class=\"dt-pswp-item\" href=\"http:\/\/www.radiopiu.net\/wordpress\/wp-content\/uploads\/2019\/05\/017c78f9-5c3f-4540-bd89-7766de8dd467.jpg\" data-dt-img-description=\"\" data-large_image_width=\"1024\" data-large_image_height=\"768\"><img loading=\"lazy\" decoding=\"async\" class=\"alignnone wp-image-85478\" src=\"http:\/\/www.radiopiu.net\/wordpress\/wp-content\/uploads\/2019\/05\/017c78f9-5c3f-4540-bd89-7766de8dd467-150x150.jpg\" alt=\"\" width=\"145\" height=\"145\" \/><\/a><\/p>\n<h3><\/h3>\n<p>&nbsp;<\/p>\n<h2>SCOPERCHIATO UN FIENILE A CANALE D&#8217;AGORDO<\/h2>\n<p><strong>CANALE D&#8217;AGORDO<\/strong> Intervento dei vigili del fuoco nel pomeriggio di ieri per lo scoperchiamento di un fienile poco oltre la piazza centrale. Una folata di vento pi\u00f9 forte e le lamiere si sono staccate una dietro l&#8217;altra. Non ci sono stati feriti.<\/p>\n<p><a class=\"dt-pswp-item\" href=\"http:\/\/www.radiopiu.net\/wordpress\/wp-content\/uploads\/2019\/05\/790629c4-89a0-45dc-aaf5-4f577f95ff04.jpg\" data-dt-img-description=\"\" data-large_image_width=\"1200\" data-large_image_height=\"1600\"><img loading=\"lazy\" decoding=\"async\" class=\"alignnone size-medium wp-image-85529\" src=\"http:\/\/www.radiopiu.net\/wordpress\/wp-content\/uploads\/2019\/05\/790629c4-89a0-45dc-aaf5-4f577f95ff04-225x300.jpg\" alt=\"\" width=\"225\" height=\"300\" srcset=\"https:\/\/www.radiopiu.net\/wordpress\/wp-content\/uploads\/2019\/05\/790629c4-89a0-45dc-aaf5-4f577f95ff04-225x300.jpg 225w, https:\/\/www.radiopiu.net\/wordpress\/wp-content\/uploads\/2019\/05\/790629c4-89a0-45dc-aaf5-4f577f95ff04-768x1024.jpg 768w, https:\/\/www.radiopiu.net\/wordpress\/wp-content\/uploads\/2019\/05\/790629c4-89a0-45dc-aaf5-4f577f95ff04.jpg 1200w\" sizes=\"auto, (max-width: 225px) 100vw, 225px\" \/><\/a><a class=\"dt-pswp-item\" href=\"http:\/\/www.radiopiu.net\/wordpress\/wp-content\/uploads\/2019\/05\/d5548e7c-d837-4fee-a7dc-f282ae3b2b8b.jpg\" data-dt-img-description=\"\" data-large_image_width=\"1200\" data-large_image_height=\"1600\"><img loading=\"lazy\" decoding=\"async\" class=\"alignnone size-medium wp-image-85530\" src=\"http:\/\/www.radiopiu.net\/wordpress\/wp-content\/uploads\/2019\/05\/d5548e7c-d837-4fee-a7dc-f282ae3b2b8b-225x300.jpg\" alt=\"\" width=\"225\" height=\"300\" srcset=\"https:\/\/www.radiopiu.net\/wordpress\/wp-content\/uploads\/2019\/05\/d5548e7c-d837-4fee-a7dc-f282ae3b2b8b-225x300.jpg 225w, https:\/\/www.radiopiu.net\/wordpress\/wp-content\/uploads\/2019\/05\/d5548e7c-d837-4fee-a7dc-f282ae3b2b8b-768x1024.jpg 768w, https:\/\/www.radiopiu.net\/wordpress\/wp-content\/uploads\/2019\/05\/d5548e7c-d837-4fee-a7dc-f282ae3b2b8b.jpg 1200w\" sizes=\"auto, (max-width: 225px) 100vw, 225px\" \/><\/a><\/p>\n<h3><\/h3>\n<p>&nbsp;<\/p>\n<p>&nbsp;<\/p>\n<h3><\/h3>\n<p><a class=\"dt-pswp-item\" href=\"http:\/\/www.radiopiu.net\/wordpress\/wp-content\/uploads\/2019\/05\/daecde1c-4ed8-4b0f-bea2-ff4b2432b368.jpg\" data-dt-img-description=\"\" data-large_image_width=\"903\" data-large_image_height=\"1600\"><img loading=\"lazy\" decoding=\"async\" class=\" wp-image-85553 alignleft\" src=\"http:\/\/www.radiopiu.net\/wordpress\/wp-content\/uploads\/2019\/05\/daecde1c-4ed8-4b0f-bea2-ff4b2432b368-169x300.jpg\" alt=\"\" width=\"99\" height=\"176\" srcset=\"https:\/\/www.radiopiu.net\/wordpress\/wp-content\/uploads\/2019\/05\/daecde1c-4ed8-4b0f-bea2-ff4b2432b368-169x300.jpg 169w, https:\/\/www.radiopiu.net\/wordpress\/wp-content\/uploads\/2019\/05\/daecde1c-4ed8-4b0f-bea2-ff4b2432b368-768x1361.jpg 768w, https:\/\/www.radiopiu.net\/wordpress\/wp-content\/uploads\/2019\/05\/daecde1c-4ed8-4b0f-bea2-ff4b2432b368-578x1024.jpg 578w, https:\/\/www.radiopiu.net\/wordpress\/wp-content\/uploads\/2019\/05\/daecde1c-4ed8-4b0f-bea2-ff4b2432b368.jpg 903w\" sizes=\"auto, (max-width: 99px) 100vw, 99px\" \/><\/a><strong>AGORDO<\/strong><\/p>\n<p>TRAFFICO IN TILT IERI AD AGORDO PER UN INCIDENTE IN LOCALITA&#8217; PRAGRANDE ALLA CURVA DELL&#8217;HOTEL VILLA IMPERINA, LA TANGENZIALE HA EVITATO IL PEGGIO, NON CI SONO STATI FERITI GRAVI. SUL POSTO PRONTO SOCCORSO DI AGORDO, VIGILI DEL FUOCO, CARABINIERI.<\/p>\n<p>&nbsp;<\/p>\n<h3><\/h3>\n<h3><\/h3>\n<p>&nbsp;<\/p>\n<p>&nbsp;<\/p>\n<h3><\/h3>\n<p><strong><a class=\"dt-pswp-item\" href=\"http:\/\/www.radiopiu.net\/wordpress\/wp-content\/uploads\/2019\/05\/photo_2019-05-14_18-43-20-1.jpg\" data-dt-img-description=\"\" data-large_image_width=\"1280\" data-large_image_height=\"960\"><img loading=\"lazy\" decoding=\"async\" class=\" wp-image-85554 alignleft\" src=\"http:\/\/www.radiopiu.net\/wordpress\/wp-content\/uploads\/2019\/05\/photo_2019-05-14_18-43-20-1-300x225.jpg\" alt=\"\" width=\"192\" height=\"144\" srcset=\"https:\/\/www.radiopiu.net\/wordpress\/wp-content\/uploads\/2019\/05\/photo_2019-05-14_18-43-20-1-300x225.jpg 300w, https:\/\/www.radiopiu.net\/wordpress\/wp-content\/uploads\/2019\/05\/photo_2019-05-14_18-43-20-1-768x576.jpg 768w, https:\/\/www.radiopiu.net\/wordpress\/wp-content\/uploads\/2019\/05\/photo_2019-05-14_18-43-20-1-1024x768.jpg 1024w, https:\/\/www.radiopiu.net\/wordpress\/wp-content\/uploads\/2019\/05\/photo_2019-05-14_18-43-20-1.jpg 1280w\" sizes=\"auto, (max-width: 192px) 100vw, 192px\" \/><\/a>FONZASO<\/strong> In tre al pronto soccorso per il\u00a0 violento tamponamento\u00a0 di ieri lungo la regionale 50 a Frassen\u00e8 di Fonzaso. Due lamonesi a bordo di una Peugeot 207 e\u00a0 un uomo di Cittadella\u00a0 a bordo di una Mercedes classe A. Tutti \u00e8 tre anziani. Nessuno \u00e8 in gravi condizioni. B.G., 79 anni, residente a Cittadella \u00e8 stato estratto dai vigili del fuoco dalla monovolume Mercedes. Pi\u00f9 complicato il lavoro per liberare i due anziani di Lamon a bordo della Peugeot. Al volante c&#8217;\u00e8 l&#8217;81 enne V.P. con al fianco una donna<\/p>\n<p>&nbsp;<\/p>\n<p>&nbsp;<\/p>\n<p>&nbsp;<\/p>\n<p>&nbsp;<\/p>\n<p>&nbsp;<\/p>\n<h3>ALCOOL E 100 EURO COSTANO LA DENUNCIA A TRE GIOVANI POCO PIU&#8217; CHE MAGGIORENNI<\/h3>\n<p><a class=\"dt-pswp-item\" href=\"http:\/\/www.radiopiu.net\/wordpress\/wp-content\/uploads\/2019\/05\/91e91341-91d9-4904-8a5b-d6ac3542a9a9.jpg\" data-dt-img-description=\"\" data-large_image_width=\"800\" data-large_image_height=\"714\"><img loading=\"lazy\" decoding=\"async\" class=\" wp-image-85443 alignleft\" src=\"http:\/\/www.radiopiu.net\/wordpress\/wp-content\/uploads\/2019\/05\/91e91341-91d9-4904-8a5b-d6ac3542a9a9-300x268.jpg\" alt=\"\" width=\"240\" height=\"214\" srcset=\"https:\/\/www.radiopiu.net\/wordpress\/wp-content\/uploads\/2019\/05\/91e91341-91d9-4904-8a5b-d6ac3542a9a9-300x268.jpg 300w, https:\/\/www.radiopiu.net\/wordpress\/wp-content\/uploads\/2019\/05\/91e91341-91d9-4904-8a5b-d6ac3542a9a9-768x685.jpg 768w, https:\/\/www.radiopiu.net\/wordpress\/wp-content\/uploads\/2019\/05\/91e91341-91d9-4904-8a5b-d6ac3542a9a9.jpg 800w\" sizes=\"auto, (max-width: 240px) 100vw, 240px\" \/><\/a><strong>CALALZO DI CADORE<\/strong> Tre maggiorenni tutti residente in Cadore sono stati denunciati in stato di libert\u00e0 per furto aggravato. Stanotte verso le 5 \u00a0il proprietario dell&#8217;Hotel Calalzo aveva chiesto l&#8217;intervento dei Carabinieri dopo aver\u00a0 sentito dei rumori\u00a0 provenire dai locali\u00a0 della sua attivit\u00e0 ma anche dopo aver\u00a0 notato alcune persone che si allontanavano di gran lena dopo aver varcato la porta di servizio. La pattuglia di Vigo in servizio in zona, allertata ha dato seguito alla ricerche verso Domegge notando il trio con una bottiglia di liquore in mano.\u00a0 Fermati e identificati sono inoltre stati\u00a0 trovati in possesso di alcuni sacchetti di patatine e\u00a0 circa 100 euro. Nessuno dei tre ragazzi ha saputo spiegare la provenienza della merce, ci ha pensato il proprietario dell&#8217;Hotel Calalzo che\u00a0 avrebbe riconosciuto quanto scomparso dal suo locale\u00a0 denunciando la scomparsa di 100 euro.<\/p>\n<p>&nbsp;<\/p>\n<p>&nbsp;<\/p>\n<p>&nbsp;<\/p>\n<p>&nbsp;<\/p>\n<h2>\u00abRicovero impossibile per un TSO, Effetto del taglio ai posti letto\u00bb<\/h2>\n<blockquote><p><strong>\u00c8 quasi la mezzanotte di luned\u00ec quando il Sindaco di Belluno viene chiamato per effettuare un Trattamento Sanitario Obbligatorio: un&#8217;operazione quasi di routine, che per\u00f2 alle 4 del mattino \u00e8 ancora in corso. <\/strong><\/p><\/blockquote>\n<p>audio, il sindaco di Belluno Jacopo Massaro<\/p>\n<audio class=\"wp-audio-shortcode\" id=\"audio-85450-3\" preload=\"none\" style=\"width: 100%;\" controls=\"controls\"><source type=\"audio\/mpeg\" src=\"http:\/\/www.radiopiu.net\/wordpress\/wp-content\/uploads\/2019\/05\/MASSARO-1.mp3?_=3\" \/><a href=\"http:\/\/www.radiopiu.net\/wordpress\/wp-content\/uploads\/2019\/05\/MASSARO-1.mp3\">http:\/\/www.radiopiu.net\/wordpress\/wp-content\/uploads\/2019\/05\/MASSARO-1.mp3<\/a><\/audio>\n<p><strong><a class=\"dt-pswp-item\" href=\"http:\/\/www.radiopiu.net\/wordpress\/wp-content\/uploads\/2016\/01\/Ospedale_San_Martino_Belluno_2014.jpg\" data-dt-img-description=\"\" data-large_image_width=\"699\" data-large_image_height=\"376\"><img loading=\"lazy\" decoding=\"async\" class=\" wp-image-15416 alignleft\" src=\"http:\/\/www.radiopiu.net\/wordpress\/wp-content\/uploads\/2016\/01\/Ospedale_San_Martino_Belluno_2014-300x161.jpg\" alt=\"\" width=\"205\" height=\"110\" \/><\/a>BELLUNO<\/strong> <em>\u00abNon \u00e8 stato possibile trovare un solo posto nelle psichiatrie degli ospedali di Belluno e Feltre per ricoverare la paziente. &#8211; denuncia il Sindaco \u2013 Si stanno gi\u00e0 verificando i primi problemi legati al taglio dei posti letto voluto dalla Regione, cos\u00ec come avevamo denunciato: con la riduzione della Psichiatria a Pieve di Cadore e il mancato aumento della disponibilit\u00e0 di letti per lo stesso reparto negli altri ospedali, siamo arrivati al tutto esaurito\u00bb. <\/em>Per oltre un&#8217;ora, nel cuore della notte, il primo cittadino, gli operatori sanitari, l&#8217;equipe di Psichiatria e la Polizia di Stato hanno contattato le strutture ospedaliere della regione, da Bassano a Treviso, per individuare una sistemazione in un reparto psichiatrico. Il sindaco \u00e8 stato presente alle operazioni fino alle 4.30 del mattino, quando ancora era in corso la ricerca di un posto in una psichiatria di altro ospedale. In seguito, essendo stati somministrati alla paziente dei farmaci, \u00e8 stato possibile ospitarla temporaneamente in una stanza di emergenza, dove \u00e8 rimasta in attesa dell\u2019uscita dal reparto di un paziente. <em>\u00abNon \u00e8 accettabile che si verifichino situazioni simili. Lo abbiamo gi\u00e0 denunciato come Conferenza dei Sindaci: il taglio dei posti letto negli ospedali bellunesi porta inevitabilmente a disagi e pericoli. Quanto \u00e8 accaduto \u2013 aggiunge il primo cittadino \u2013 \u00e8 la fotografia di quello che sta gi\u00e0 avvenendo per altri reparti che stanno subendo il progressivo smantellamento negli ospedali periferici, con la riduzione dei servizi al territorio e problemi di gestione e \u201csovraffollamento\u201d agli ospedali centrali. Una razionalizzazione pu\u00f2 essere accettabile solo se i posti letto vengono commisurati ai bisogni della popolazione, ma cos\u00ec non \u00e8, e con il taglio previsto si verificheranno molti casi come questo. Si concretizza quello che la Regione ha sempre negato: oggi i cittadini bellunesi sono costretti ad andare fuori dalla propria provincia per ottenere anche cure di routine\u00bb. \u00abAlcuni effetti delle nuove schede ospedaliere, come la mancata attivazione della chirurgia H24 o della radiologia interventistica, li vedremo in situazioni molto pi\u00f9 gravi, ma i problemi si vedono gi\u00e0 ora con casi quasi ordinari. &#8211; conclude il Sindaco &#8211; Non si pu\u00f2 lasciare una paziente che ha evidentemente bisogno di assistenza psichiatrica senza un ricovero: la Regione riveda al pi\u00f9 presto quanto previsto dalle schede ospedaliere, o il fatto di questa notte da eccezione diventer\u00e0 la regola\u00bb.<\/em><\/p>\n<p>&nbsp;<\/p>\n<p>&nbsp;<\/p>\n<p>&nbsp;<\/p>\n<p>&nbsp;<\/p>\n<h2>LA ULSS1 PRECISA E RESPINGE LE CRITICHE<\/h2>\n<p><strong><a class=\"dt-pswp-item\" href=\"http:\/\/www.radiopiu.net\/wordpress\/wp-content\/uploads\/2018\/08\/ULSS1-DOLOMITI.jpeg\" data-dt-img-description=\"\" data-large_image_width=\"1280\" data-large_image_height=\"768\"><img loading=\"lazy\" decoding=\"async\" class=\" wp-image-57211 alignleft\" src=\"http:\/\/www.radiopiu.net\/wordpress\/wp-content\/uploads\/2018\/08\/ULSS1-DOLOMITI-300x180.jpeg\" alt=\"\" width=\"207\" height=\"124\" srcset=\"https:\/\/www.radiopiu.net\/wordpress\/wp-content\/uploads\/2018\/08\/ULSS1-DOLOMITI-300x180.jpeg 300w, https:\/\/www.radiopiu.net\/wordpress\/wp-content\/uploads\/2018\/08\/ULSS1-DOLOMITI-768x461.jpeg 768w, https:\/\/www.radiopiu.net\/wordpress\/wp-content\/uploads\/2018\/08\/ULSS1-DOLOMITI-1024x614.jpeg 1024w, https:\/\/www.radiopiu.net\/wordpress\/wp-content\/uploads\/2018\/08\/ULSS1-DOLOMITI.jpeg 1280w\" sizes=\"auto, (max-width: 207px) 100vw, 207px\" \/><\/a>BELLUNO I<\/strong>l Sindaco di Belluno ha firmato l\u2019 ordinanza per ricovero TSO della paziente alle ore 1,45. La paziente, giunta in Pronto Soccorso a Belluno alle 3,20, \u00e8 stata visitata dal medico di PS alle ore 3,27 ed \u00e8 stata ricoverata presso Psichiatria dell\u2019Ospedale San Martino di Belluno alle ore 4,25. <strong>Pertanto la notizia di un ricovero fuori ULSS \u00e8 destituita di fondamento.<\/strong> Circa la denuncia relativa al numero insufficiente di posti letto in Psichiatria, giova chiarire che la necessit\u00e0 di posti letto, stabilita dal Ministero della Salute per la Tutela della Salute Mentale, \u00e8 di uno ogni 10.000 abitanti, quindi per la provincia di Belluno 20 posti letto. Attualmente presso l\u2019ULSS 1 vi sono 16 posti a Belluno e 13 a Feltre, conseguentemente superiori a quanto previsto dalla normativa. I 6 dell\u2019ospedale di Pieve di Cadore sono stati riassorbiti nei 29 che la provincia di Belluno \u00e8 in grado di offrire ai pazienti psichiatrici in fase acuta, e l\u2019assistenza viene garantita su base territoriale. Quindi nessuna riduzione dell\u2019offerta si \u00e8 verificata nell\u2019ULSS 1 Dolomiti, tanto meno per effetto delle nuove schede ospedaliere ancora in fase di approvazione.<\/p>\n<p>&nbsp;<\/p>\n<p>&nbsp;<\/p>\n<p>&nbsp;<\/p>\n<p>&nbsp;<\/p>\n<p>&nbsp;<\/p>\n<h2>COSTRETTI A RICORRERE AGLI OSPEDALI DELLA PIANURA<\/h2>\n<blockquote><p><strong>Rifiutato il ricovero in psichiatria a un paziente. De Menech: \u00abin Regione fanno di tutto per limitare il diritto alla salute dei bellunesi\u00bb<\/strong><\/p><\/blockquote>\n<p><strong><a class=\"dt-pswp-item\" href=\"http:\/\/www.radiopiu.net\/wordpress\/wp-content\/uploads\/2015\/12\/Immagine_Ospedale_Belluno_CS_2011.jpg\" data-dt-img-description=\"\" data-large_image_width=\"640\" data-large_image_height=\"512\"><img loading=\"lazy\" decoding=\"async\" class=\" wp-image-13966 alignleft\" src=\"http:\/\/www.radiopiu.net\/wordpress\/wp-content\/uploads\/2015\/12\/Immagine_Ospedale_Belluno_CS_2011-300x240.jpg\" alt=\"\" width=\"176\" height=\"141\" \/><\/a>BELLUNO <\/strong>\u00abFra pochi anni saremo costretti ad andare a curarci in pianura. \u00c8 tanto se avremo il pronto soccorso. L\u2019episodio della scorsa notte, con un paziente che non ha trovato posto nei reparti di psichiatria degli ospedali bellunesi, \u00e8 la prova provata che la Regione ha deciso di depotenziare la sanit\u00e0 provinciale a favore di quella della pianura\u00bb. Il deputato bellunese Roger De Menech, stigmatizza il piano socio sanitario regionale e il taglio dei posti letto operato dalla giunta Zaia. \u00abIn Regione c\u2019\u00e8 un piano preciso per smantellare la nostra sanit\u00e0, chiudere reparti, renderla meno attrattiva e ridurla a servizi minimi come, appunto, il pronto soccorso o poco di pi\u00f9. Nella loro testa la salute dei cittadini \u00e8 un costo e stanno facendo di tutto per attuarlo, ano dopo anno. La cosa pi\u00f9 grave \u00e8 l\u2019accettazione di questo piano da parte dei consiglieri della Lega eletti dai bellunesi. Non solo votano a favore dei provvedimenti che riducono il diritto alla salute dei bellunesi, come bravi soldatini, ma li sostengono apertamente. Ricordiamo a costoro che la salute \u00e8 un diritto costituzionale, non una concessione temporanea\u00bb.<\/p>\n<p>&nbsp;<\/p>\n<p>&nbsp;<\/p>\n<p>&nbsp;<\/p>\n<h2>SANITA\u2019. LA GIUNTA VENETA APPROVA IN VIA DEFINITIVA LE NUOVE SCHEDE OSPEDALIERE.<\/h2>\n<p><strong>VENEZIA\u00a0<\/strong> La Giunta regionale del Veneto ha approvato\u00a0 in via definitiva, le nuove schede ospedaliere che, sulla base del Piano Sociosanitario 2019-2013 gi\u00e0 in vigore, ridisegnano la dotazione di posti letto, reparti e primariati nel settore pubblico. Il sistema ospedaliero regionale potr\u00e0 contare su un totale di 17.990 posti letto contro i 17.861 della precedente programmazione (129 in pi\u00f9), dei quali 14.901 per acuti (compresi 398 da utilizzare per pazienti provenienti da fuori Veneto); e 3.089 per la riabilitazione (compresi 274 per pazienti da fuori Veneto). A questi, si aggiungono 2013 posti letto nelle strutture intermedie, pensate per assistere al meglio i pazienti nella fase intermedia tra l\u2019acuzie e il rientro a casa. I Primari, che guideranno altrettanti Reparti, saranno 772. I numeri generali sono in sostanziale aumento sia rispetto alla precedente programmazione del 2013, sia rispetto alla prima proposta inviata dalla Giunta alla Quinta Commissione del Consiglio regionale, valutata dalla Commissione con l\u2019espressione del parere dopo approfondita discussione, e infine ritrasmessa alla Giunta per l\u2019approvazione finale di oggi. Generalizzato \u00e8 anche l\u2019aumento rispetto al tasso reale di occupazione dei letti monitorato costantemente nei 5 anni precedenti.<\/p>\n<blockquote><p><em>\u201cCome abbiamo sempre garantito nonostante i catastrofismi fatti circolare a piene mani \u2013 sottolinea il Presidente della Regione \u2013 \u00e8 stato cercato e trovato il giusto equilibrio tra i vari fattori che determinano le scelte programmatorie in sanit\u00e0: le reali necessit\u00e0 della gente, l\u2019evoluzione delle condizioni di salute generali, lo sviluppo delle tecnologie, le normative nazionali non valicabili, le indicazioni e i suggerimenti arrivati dalla Quinta Commissione e le esigenze e aspirazioni espresse dai territori&#8221;. <\/em><\/p><\/blockquote>\n<p>&nbsp;<\/p>\n<p>&nbsp;<\/p>\n<p>&nbsp;<\/p>\n<p>&nbsp;<\/p>\n<h3>OGGI GLI AGENTI DI POLIZIA PENITENZIARIA MANIFESTANO, CORTEO E SIT IN IN PREFETTURA, ALLE 11. INCONTRO CON IL PREFETTO<\/h3>\n<p><strong><a class=\"dt-pswp-item\" href=\"http:\/\/www.radiopiu.net\/wordpress\/wp-content\/uploads\/2016\/01\/carcere-bl.jpg\" data-dt-img-description=\"\" data-large_image_width=\"1600\" data-large_image_height=\"1067\"><img loading=\"lazy\" decoding=\"async\" class=\" wp-image-15619 alignleft\" src=\"http:\/\/www.radiopiu.net\/wordpress\/wp-content\/uploads\/2016\/01\/carcere-bl-300x200.jpg\" alt=\"\" width=\"201\" height=\"134\" \/><\/a>BELLUNO <\/strong>Manifestagione e orteo degli agenti di polizia penitenziaria del carcere di Belluno per chiedere la chiusura della sezione Articolazione Salute Mentale della casa circondariale di Baldenich. I poliziotti e i rappresentanti sindacali oggi portano in piazza la protesta contro la situazione di degrado e insicurezza in cui versa la sezione del carcere bellunese in cui sono ospitati i detenuti psichiatrici e per denunciare la grave situazione lavorativa che penalizza tutto il personale dell\u2019istituto penitenziario. Mercoled\u00ec scorso due agenti sono stati feriti da un detenuto. Si \u00e8 trattato dell\u2019ennesimo episodio di violenza avvenuto all\u2019interno della struttura. Il corteo partir\u00e0 alle 9 dalla casa circondariale e si concluder\u00e0 con un sit-in nel porticato della Prefettura di Belluno. Richiesto anche un incontro al Prefetto, che ricever\u00e0 i rappresentanti delle organizzazioni sindacali di categoria alle ore 11. Sindacati e i lavoratori chiedono la chiusura della sezione Articolazione Salute Mentale, la revisione e integrazione degli organici del personale del corpo di polizia penitenziaria e di quello amministrativo, la tutela del personale e rivendicano il diritto a lavorare in sicurezza.<\/p>\n<p>&nbsp;<\/p>\n<p>&nbsp;<\/p>\n<p>&nbsp;<\/p>\n<h2>FATECI RESTARE! IL COMITATO DEL COMELICO MANIFESTA A ROMA<\/h2>\n<p><a class=\"dt-pswp-item\" href=\"http:\/\/www.radiopiu.net\/wordpress\/wp-content\/uploads\/2019\/05\/aaa.png\" data-dt-img-description=\"\" data-large_image_width=\"1373\" data-large_image_height=\"456\"><img loading=\"lazy\" decoding=\"async\" class=\"alignnone wp-image-85458\" src=\"http:\/\/www.radiopiu.net\/wordpress\/wp-content\/uploads\/2019\/05\/aaa-300x100.png\" alt=\"\" width=\"489\" height=\"163\" srcset=\"https:\/\/www.radiopiu.net\/wordpress\/wp-content\/uploads\/2019\/05\/aaa-300x100.png 300w, https:\/\/www.radiopiu.net\/wordpress\/wp-content\/uploads\/2019\/05\/aaa-768x255.png 768w, https:\/\/www.radiopiu.net\/wordpress\/wp-content\/uploads\/2019\/05\/aaa-1024x340.png 1024w, https:\/\/www.radiopiu.net\/wordpress\/wp-content\/uploads\/2019\/05\/aaa.png 1373w\" sizes=\"auto, (max-width: 489px) 100vw, 489px\" \/><\/a><\/p>\n<p><strong>COMELICO<\/strong> Domani a Roma dalle\u00a0 10 alle 13 presso la sede del Ministero beni Cultuali ed Ambientali \u00e8 stato convocato il Sindaco di Comelico Superiore, dove saranno trattati gli argomenti del collegamento sciistico e dell\u2019ultimo provvedimento sull\u2019estensione dei vincoli emesso dalla Dottoressa Carpani sovraintendente a Venezia. Il Comitato confida che nell\u2019occasione, il\u00a0 dottor Famiglietti e la dottoressa Carpani possano incontrare una piccola delegazione dei cittadini che scenderanno a Roma in rappresentanza della popolazione del Comelico ed a sostegno del proprio Sindaco. Un\u2019occasione di confrontarsi con chi vive in queste terre e che desidera restarci con le proprie famiglie.<\/p>\n<p>&nbsp;<\/p>\n<p>&nbsp;<\/p>\n<p>&nbsp;<\/p>\n<h2>TORNA IL FAR WEST DELLE CENTRALINE, 80 NUOVI PROGETTI PRONTI A PARTIRE NEL SOLO BELLUNESE.<\/h2>\n<p>Il governo stando alle dichiarazioni del Coordinamento nazionale tutela fiumi decide di ripristinare gli incentivi al mini-idroelettrico mettendo in pericolo gli ultimi torrenti naturali in nome di interessi privati e di una produzione energetica trascurabile.<\/p>\n<blockquote><p><em> \u00a0Apprendiamo dai media nonch\u00e9 dai contatti intercorsi\u00a0 con i\u00a0 competenti uffici ministeriali che i ministri M5Stelle Di Maio e Costa stanno per ripristinare quegli incentivi al mini-idroelettrico che loro stessi avevano abolito. Incentivi che hanno causato, negli ultimi dieci anni, la devastazione di moltissimi corsi d&#8217;acqua naturali e di interi ecosistemi sulle Alpi e sugli Appennini. Si parla, solo nel Bellunese, di circa 80 nuovi progetti per fare energia che di &#8220;verde&#8221; ha ben poco.<\/em><\/p><\/blockquote>\n<p><strong>&#8220;Esultano i produttori, per lo pi\u00f9 societ\u00e0 private a cui vengono dati soldi pubblici, pagati in bolletta dai cittadini. Negli stessi giorni, per\u00f2, le stesse associazioni di produttori chiedono &#8220;lo stato di calamit\u00e0 naturale&#8221; per gli impianti esistenti, in quanto la siccit\u00e0 ha diminuito le produzioni\u00a0 -afferma Assoidroelettrica in una lettera indirizzata ai Ministri Di Maio e Costa &#8211; Sono passati quei tempi in cui idroelettrico era sinonimo di guadagni anche significativi. In pochi anni i numeri in gioco si sono letteralmente stravolti\u00bb.<\/strong><\/p>\n<p>Il Coordinamento Nazionale Tutela Fiumi &#8211; Free Rivers Italia, che riunisce oltre cinquanta tra comitati e associazioni sulle Alpi e gli Appennini, fa notare che il mini-idroelettrico, oltre ad avere un impatto devastante sugli ultimi torrenti ancora liberi, d\u00e0 pure un contributo trascurabile al fabbisogno energetico nazionale.<\/p>\n<p>&nbsp;<\/p>\n<p>&nbsp;<\/p>\n<p>&nbsp;<\/p>\n<h3>UN NUOVO ORGANISMO PROVINCIALE PER UN MIGLIOR RAPPORTO, CACCIATORI E AGRICOLTORI FANNO SQUADRA, LA REGIA AFFIDATA ALLA PROVINCIA<\/h3>\n<p><strong><a class=\"dt-pswp-item\" href=\"http:\/\/www.radiopiu.net\/wordpress\/wp-content\/uploads\/2019\/05\/download-11.jpg\" data-dt-img-description=\"\" data-large_image_width=\"309\" data-large_image_height=\"163\"><img loading=\"lazy\" decoding=\"async\" class=\" wp-image-85533 alignleft\" src=\"http:\/\/www.radiopiu.net\/wordpress\/wp-content\/uploads\/2019\/05\/download-11-300x158.jpg\" alt=\"\" width=\"222\" height=\"117\" srcset=\"https:\/\/www.radiopiu.net\/wordpress\/wp-content\/uploads\/2019\/05\/download-11-300x158.jpg 300w, https:\/\/www.radiopiu.net\/wordpress\/wp-content\/uploads\/2019\/05\/download-11.jpg 309w\" sizes=\"auto, (max-width: 222px) 100vw, 222px\" \/><\/a>BELLUNO<\/strong> Cervi, caprioli e cinghiali, un problema per gli agricoltori ma non \u00e8 una criticit\u00e0 insormontabile pur con 33 mila animali tra prati e rupi. (FOTO ILPOST.IT)<\/p>\n<p><strong>DI DAMIANO TORMEN<\/strong><\/p>\n<audio class=\"wp-audio-shortcode\" id=\"audio-85450-4\" preload=\"none\" style=\"width: 100%;\" controls=\"controls\"><source type=\"audio\/mpeg\" src=\"http:\/\/www.radiopiu.net\/wordpress\/wp-content\/uploads\/2019\/05\/DAMIANO-1.mp3?_=4\" \/><a href=\"http:\/\/www.radiopiu.net\/wordpress\/wp-content\/uploads\/2019\/05\/DAMIANO-1.mp3\">http:\/\/www.radiopiu.net\/wordpress\/wp-content\/uploads\/2019\/05\/DAMIANO-1.mp3<\/a><\/audio>\n<p>&nbsp;<\/p>\n<p>&nbsp;<\/p>\n<p>&nbsp;<\/p>\n<h2>EZIO ZUANEL PER IL SECONDO MANDATO, UNICO NEMICO IL QUORUM<\/h2>\n<p><strong><a class=\"dt-pswp-item\" href=\"http:\/\/www.radiopiu.net\/wordpress\/wp-content\/uploads\/2019\/05\/download-12.jpg\" data-dt-img-description=\"\" data-large_image_width=\"300\" data-large_image_height=\"168\"><img loading=\"lazy\" decoding=\"async\" class=\"wp-image-85537 alignleft\" src=\"http:\/\/www.radiopiu.net\/wordpress\/wp-content\/uploads\/2019\/05\/download-12-300x168.jpg\" alt=\"\" width=\"143\" height=\"80\" \/><\/a><\/strong><\/p>\n<p><strong>LA VALLE<\/strong><\/p>\n<p><strong>DI GIANNI SANTOMASO<\/strong><\/p>\n<audio class=\"wp-audio-shortcode\" id=\"audio-85450-5\" preload=\"none\" style=\"width: 100%;\" controls=\"controls\"><source type=\"audio\/mpeg\" src=\"http:\/\/www.radiopiu.net\/wordpress\/wp-content\/uploads\/2019\/05\/ZUANEL.mp3?_=5\" \/><a href=\"http:\/\/www.radiopiu.net\/wordpress\/wp-content\/uploads\/2019\/05\/ZUANEL.mp3\">http:\/\/www.radiopiu.net\/wordpress\/wp-content\/uploads\/2019\/05\/ZUANEL.mp3<\/a><\/audio>\n<p>&nbsp;<\/p>\n<p>&nbsp;<\/p>\n<p>&nbsp;<\/p>\n<h2>CULTURA, POCHI SOLDI E PICCOLE CITTA&#8217; ESCLUSE<\/h2>\n<blockquote>\n<h4>De Menech chiede di aprire a tutti il bando \u201cCultura futuro urbano\u201d<\/h4>\n<\/blockquote>\n<p><strong>BELLUNO<\/strong> \u00a0<em>\u00abOgni euro speso in cultura \u00e8 speso bene, per questo i 25 milioni destinati dal governo al bando \u201cCultura futuro urbano\u201d sono davvero troppo pochi. E poi non si pu\u00f2 restringere la partecipazione ai soli comuni capoluogo, significa ignorare la peculiarit\u00e0 italiana dei borghi storici e delle piccole citt\u00e0. Nei prossimi giorni presenter\u00f2 un\u2019interrogazione al ministero dei beni culturali per sapere se c\u2019\u00e8 in programma l\u2019estensione a tutti i comuni del bando o se hanno in mente di farne uno diverso aperto a tutti gli enti locali italiani\u00bb. <\/em>Il deputato bellunese Roger De Menech raccoglie l\u2019invito dell\u2019assessore feltrino Alessandro Dal Bianco a intervenire per allargare la platea dei destinatari dei finanziamenti per progetti di riqualificazione di ambienti periferici attraverso progetti di sviluppo culturale o all&#8217;estensione di servizi culturali ed educativi esistenti come scuole e biblioteche. Al momento il bando \u00e8 ristretto ai soli comuni capoluogo di provincia.\u00a0<em>\u00abLe risorse messe a disposizione sono insufficienti\u00bb, afferma De Menech. \u00abCon soli 25 milioni di euro sar\u00e0 impossibile sostenere le necessit\u00e0 di riqualificazione delle citt\u00e0 italiane. Inoltre, esistono in Italia centinaia di citt\u00e0 non capoluogo che hanno bisogno di sostegno nel recupero delle aree urbane e hanno le capacit\u00e0 di sviluppare attivit\u00e0 culturali rilevanti\u00bb, afferma De Menech. <\/em><em>\u00abChieder\u00f2 al ministero di incrementare le risorse disponibili e di allargare il bando almeno ai comuni con servizi culturali di primo livello. Oppure di fare un altro bando aperto a tutti i comuni&#8221;.<\/em><\/p>\n<p>&nbsp;<\/p>\n<p>&nbsp;<\/p>\n<p>&nbsp;<\/p>\n<h2>LA MUSICA PER LA RINASCITA DELLA CAVALLERA. IL GRAZIE DI CANALE D&#8217;AGORDO AL CONSERVATORIO DI PADOVA<\/h2>\n<p><span style=\"color: #ff0000;\">AUDIO DAL GIORNALE RADIO PRINCIPALE CON MARILISA LUCHETTA, ASSESSORE A CANALE D&#8217;AGORDO<\/span><\/p>\n<audio class=\"wp-audio-shortcode\" id=\"audio-85450-6\" preload=\"none\" style=\"width: 100%;\" controls=\"controls\"><source type=\"audio\/mpeg\" src=\"http:\/\/www.radiopiu.net\/wordpress\/wp-content\/uploads\/2019\/05\/MARISLISA.mp3?_=6\" \/><a href=\"http:\/\/www.radiopiu.net\/wordpress\/wp-content\/uploads\/2019\/05\/MARISLISA.mp3\">http:\/\/www.radiopiu.net\/wordpress\/wp-content\/uploads\/2019\/05\/MARISLISA.mp3<\/a><\/audio>\n<p>&nbsp;<\/p>\n<p><a class=\"dt-pswp-item\" href=\"http:\/\/www.radiopiu.net\/wordpress\/wp-content\/uploads\/2019\/05\/conservatorio-Pollini.jpg\" data-dt-img-description=\"\" data-large_image_width=\"4016\" data-large_image_height=\"3008\"><img loading=\"lazy\" decoding=\"async\" class=\"size-medium wp-image-85541 alignleft\" src=\"http:\/\/www.radiopiu.net\/wordpress\/wp-content\/uploads\/2019\/05\/conservatorio-Pollini-300x225.jpg\" alt=\"\" width=\"300\" height=\"225\" srcset=\"https:\/\/www.radiopiu.net\/wordpress\/wp-content\/uploads\/2019\/05\/conservatorio-Pollini-300x225.jpg 300w, https:\/\/www.radiopiu.net\/wordpress\/wp-content\/uploads\/2019\/05\/conservatorio-Pollini-768x575.jpg 768w, https:\/\/www.radiopiu.net\/wordpress\/wp-content\/uploads\/2019\/05\/conservatorio-Pollini-1024x767.jpg 1024w\" sizes=\"auto, (max-width: 300px) 100vw, 300px\" \/><\/a><strong>PADOVA_CANALE D&#8217;AGORDO <\/strong>Grande serata al Conservatorio Pollini di Padova. L\u2019accogliente, luminosa sala era gremita al completo e molta gente affollava l\u2019ingresso nel purtroppo inutile tentativo di entrare.<\/p>\n<p>L\u2019evento era l\u2019annuale Concerto di fine anno accademico della locale orchestra sinfonica, concerto che quest\u2019anno aveva il titolo \u201cSUONI PER LA MONTAGNA\u201d, con lo scopo di raccogliere fondi da destinare interamente al ripristino della Via Cavallera a Canale d\u2019Agordo e della Via Crucis dedicata a Papa Luciani. L\u2019iniziativa \u00e8 nata da un\u2019idea del <a class=\"dt-pswp-item\" href=\"http:\/\/www.radiopiu.net\/wordpress\/wp-content\/uploads\/2019\/05\/gadget-vaia.jpg\" data-dt-img-description=\"\" data-large_image_width=\"3008\" data-large_image_height=\"4016\"><img loading=\"lazy\" decoding=\"async\" class=\" wp-image-85542 alignright\" src=\"http:\/\/www.radiopiu.net\/wordpress\/wp-content\/uploads\/2019\/05\/gadget-vaia-225x300.jpg\" alt=\"\" width=\"115\" height=\"153\" srcset=\"https:\/\/www.radiopiu.net\/wordpress\/wp-content\/uploads\/2019\/05\/gadget-vaia-225x300.jpg 225w, https:\/\/www.radiopiu.net\/wordpress\/wp-content\/uploads\/2019\/05\/gadget-vaia-768x1025.jpg 768w, https:\/\/www.radiopiu.net\/wordpress\/wp-content\/uploads\/2019\/05\/gadget-vaia-767x1024.jpg 767w\" sizes=\"auto, (max-width: 115px) 100vw, 115px\" \/><\/a>Fondo Ambiente Italiano (FAI,) assieme all\u2019Associazione Medici in Strada, che ha coinvolto altre Associazioni ed il Comune di Padova, riuscendo a creare nel territorio patavino un grande movimento di solidariet\u00e0. La delegazione dell\u2019Amministrazione Comunale di Canale \u00e8 stata accolta calorosamente ed il concerto \u00e8 stato un vero successo. Le musiche di Beethoven, Pablo de Sarasate e Gustav Mahler hanno creato un\u2019atmosfera suggestiva, coinvolgente, di forte emozione. In segno di gratitudine, e come simbolo e ricordo dell\u2019evento, ogni spettatore ha ricevuto un ciondolo semplice e profumato ideato e realizzato da volontari di Canale: una rondella ricavata dalla sezione di un ramo di abete legata con un anello di spago ad un cartellino di ringraziamento.Un pezzo di abete travolto dalla tempesta Vaia diventa un messaggio\/simbolo di rinascita.<\/p>\n<p><strong>IL SERVIZIO PRECEDENTE DI PRESENTAZIONE\u00a0<\/strong><\/p>\n<blockquote class=\"wp-embedded-content\" data-secret=\"DB8c4zZs0q\"><p><a href=\"http:\/\/www.radiopiu.net\/wordpress\/solidarieta-musicale-per-canale-dagordo\/\">SOLIDARIETA&#8217; MUSICALE PER CANALE D&#8217;AGORDO<\/a><\/p><\/blockquote>\n<p><iframe loading=\"lazy\" class=\"wp-embedded-content\" sandbox=\"allow-scripts\" security=\"restricted\" style=\"position: absolute; clip: rect(1px, 1px, 1px, 1px);\" src=\"http:\/\/www.radiopiu.net\/wordpress\/solidarieta-musicale-per-canale-dagordo\/embed\/#?secret=DB8c4zZs0q\" data-secret=\"DB8c4zZs0q\" width=\"600\" height=\"338\" title=\"&#8220;SOLIDARIETA&#8217; MUSICALE PER CANALE D&#8217;AGORDO&#8221; &#8212; Radio Pi\u00f9\" frameborder=\"0\" marginwidth=\"0\" marginheight=\"0\" scrolling=\"no\"><\/iframe><\/p>\n<p>&nbsp;<\/p>\n<p>&nbsp;<\/p>\n<p>&nbsp;<\/p>\n<h2>L\u2019ASCOM AL COMUNE DI FELTRE: SI RIPENSINO LE IMPOSTE LOCALI<\/h2>\n<p><strong><a class=\"dt-pswp-item\" href=\"http:\/\/www.radiopiu.net\/wordpress\/wp-content\/uploads\/2019\/02\/feltre.jpeg\" data-dt-img-description=\"\" data-large_image_width=\"1599\" data-large_image_height=\"799\"><img loading=\"lazy\" decoding=\"async\" class=\" wp-image-75514 alignleft\" src=\"http:\/\/www.radiopiu.net\/wordpress\/wp-content\/uploads\/2019\/02\/feltre-300x150.jpeg\" alt=\"\" width=\"228\" height=\"114\" srcset=\"https:\/\/www.radiopiu.net\/wordpress\/wp-content\/uploads\/2019\/02\/feltre-300x150.jpeg 300w, https:\/\/www.radiopiu.net\/wordpress\/wp-content\/uploads\/2019\/02\/feltre-768x384.jpeg 768w, https:\/\/www.radiopiu.net\/wordpress\/wp-content\/uploads\/2019\/02\/feltre-1024x512.jpeg 1024w, https:\/\/www.radiopiu.net\/wordpress\/wp-content\/uploads\/2019\/02\/feltre.jpeg 1599w\" sizes=\"auto, (max-width: 228px) 100vw, 228px\" \/><\/a>FELTRE<\/strong> Data la difficile situazione attuale riguardante le attivit\u00e0 commerciali operanti nel nostro comune, che oltre ad essere un servizio per tutti i cittadini consentono anche di avere una citt\u00e0 viva e un\u2019economia locale attiva, la Consulta Ascom del comune di Feltre ha richiesto un appuntamento con l\u2019Amministrazione comunale per discutere del complessivo oneroso carico tributario di competenza locale (Tari, addizionale Irpef e imposta pubblicitaria) a carico delle attivit\u00e0 commerciali, come gi\u00e0 avvenuto in altri comuni. Come ben noto, la maggioranza delle attivit\u00e0 presenti nel nostro territorio sono microimprese, spesso a conduzione familiare e non rappresentano punti vendita di grandi marchi o catene. Queste rivestono un ruolo fondamentale nel nostro tessuto sociale in quanto contribuiscono a creare nuovi posti di lavoro e consentono di avere una citt\u00e0 viva sia per i cittadini che per i turisti che la frequentano. Riteniamo quindi che vista la situazione di chiara difficolt\u00e0 dovuta a varie motivazioni sia indispensabile agevolare lo svolgimento di queste attivit\u00e0 affinch\u00e9 non si vedano costrette a chiudere evitando cos\u00ec che si venga a creare un danno per l\u2019intero territorio cittadino.<\/p>\n<p>&nbsp;<\/p>\n<p>&nbsp;<\/p>\n<p>&nbsp;<\/p>\n<h2>ULTIMATI I LAVORI AL \u201cRENZO DA CAMPO\u201d DI VOLTAGO<\/h2>\n<p><strong><a class=\"dt-pswp-item\" href=\"http:\/\/www.radiopiu.net\/wordpress\/wp-content\/uploads\/2019\/05\/c2c795ff-55e3-4a89-944d-a071b5bfd0ea.jpg\" data-dt-img-description=\"\" data-large_image_width=\"1200\" data-large_image_height=\"1600\"><img loading=\"lazy\" decoding=\"async\" class=\" wp-image-85463 alignleft\" src=\"http:\/\/www.radiopiu.net\/wordpress\/wp-content\/uploads\/2019\/05\/c2c795ff-55e3-4a89-944d-a071b5bfd0ea-225x300.jpg\" alt=\"\" width=\"166\" height=\"221\" srcset=\"https:\/\/www.radiopiu.net\/wordpress\/wp-content\/uploads\/2019\/05\/c2c795ff-55e3-4a89-944d-a071b5bfd0ea-225x300.jpg 225w, https:\/\/www.radiopiu.net\/wordpress\/wp-content\/uploads\/2019\/05\/c2c795ff-55e3-4a89-944d-a071b5bfd0ea-768x1024.jpg 768w, https:\/\/www.radiopiu.net\/wordpress\/wp-content\/uploads\/2019\/05\/c2c795ff-55e3-4a89-944d-a071b5bfd0ea.jpg 1200w\" sizes=\"auto, (max-width: 166px) 100vw, 166px\" \/><\/a>VOLTAGO<\/strong> Ultimati i lavori al campo sportivo di Voltago \u201cRenzo Da Campo\u201d,\u00a0 erano iniziati il 12 aprile dello scorso anno e sono andati avanti regolarmente. La tempesta Vaia aveva bloccato gli ultimi ritocchi ma sabato prossimo il campo verr\u00e0 inaugurato. E&#8217; stato allargato e dotato di impianto di illuminazione. Sul versante a valle i lavori di un un muro in cemento armato. Ripristinato il manto erboso e posizionate 4 torri faro che possono consentire l&#8217;utilizzo del campo in notturna. Rifatta anche la recinzione del rettangolo di gioco. Infine, per quanto riguarda gli spogliatoi, installati i pannelli solari per il riscaldamento dell&#8217;acqua. Sabato il sindaco Bruno Zanvit avr\u00e0 l&#8217;onore di tagliare il nastro in occasione dell&#8217;inaugurazione ufficiale alle ore 13. Giornata che proseguir\u00e0 con il primo Torneo Del Poi organizzato dall&#8217;AD Voltago dove, oltre alla squadra organizzatrice, si giocheranno il titolo anche Frassen\u00e8 e Gosaldo.<\/p>\n<p><strong>DAL CORRIERE DELLE ALPI DI OGGI, GIANNI SANTOMASO<\/strong><\/p>\n<audio class=\"wp-audio-shortcode\" id=\"audio-85450-7\" preload=\"none\" style=\"width: 100%;\" controls=\"controls\"><source type=\"audio\/mpeg\" src=\"http:\/\/www.radiopiu.net\/wordpress\/wp-content\/uploads\/2019\/05\/RENZO-DA-CAMPO.mp3?_=7\" \/><a href=\"http:\/\/www.radiopiu.net\/wordpress\/wp-content\/uploads\/2019\/05\/RENZO-DA-CAMPO.mp3\">http:\/\/www.radiopiu.net\/wordpress\/wp-content\/uploads\/2019\/05\/RENZO-DA-CAMPO.mp3<\/a><\/audio>\n<p>&nbsp;<\/p>\n<p>&nbsp;<\/p>\n<h2>CARABINIERI IN CLASSE, PROGETTO LEGALITA&#8217;<\/h2>\n<p><a class=\"dt-pswp-item\" href=\"http:\/\/www.radiopiu.net\/wordpress\/wp-content\/uploads\/2019\/05\/722fe6a7-57dd-4f4f-a7bd-e8ccd7df1100.jpg\" data-dt-img-description=\"\" data-large_image_width=\"320\" data-large_image_height=\"240\"><img loading=\"lazy\" decoding=\"async\" class=\" wp-image-85488 alignleft\" src=\"http:\/\/www.radiopiu.net\/wordpress\/wp-content\/uploads\/2019\/05\/722fe6a7-57dd-4f4f-a7bd-e8ccd7df1100-300x225.jpg\" alt=\"\" width=\"179\" height=\"134\" srcset=\"https:\/\/www.radiopiu.net\/wordpress\/wp-content\/uploads\/2019\/05\/722fe6a7-57dd-4f4f-a7bd-e8ccd7df1100-300x225.jpg 300w, https:\/\/www.radiopiu.net\/wordpress\/wp-content\/uploads\/2019\/05\/722fe6a7-57dd-4f4f-a7bd-e8ccd7df1100.jpg 320w\" sizes=\"auto, (max-width: 179px) 100vw, 179px\" \/><\/a><strong>BELLUNO<\/strong> I Carabinieri sono entrati di nuovo in classe dando seguito\u00a0 agli incontri-conferenze nelle scuole bellunesi nell&#8217;ambito del progetto per la legalit\u00e0,\u00a0 indirizzato agli studenti pi\u00f9 giovani.<\/p>\n<p>I militari del Norm di Belluno hanno incontrato gli studenti delle quinte (A e B) della scuola Gabelli. Gli argomenti:\u00a0 bullismo, rispetto dell&#8217; ambiente e delle regole.<\/p>\n<blockquote><p>In classe la proiezione di un filmato sull &#8216;Arma, l&#8217;esposizione di un&#8217;autoradio e una moto\u00a0 BMW in dotazione al reparto. I bambini sono rimasti affascinati dai collegamenti\u00a0 radio &#8220;live&#8221;\u00a0 con la centrale operativa e non sono mancate le domande.<\/p><\/blockquote>\n<p>&nbsp;<\/p>\n<p>&nbsp;<\/p>\n<p>&nbsp;<\/p>\n<h2>DORFMANN NEL BELLUNESE PER LA NUOVA CANDIDATURA<\/h2>\n<p>Il capolista del SVP alle prossime elezioni europee, Herbert Dorfmann, torna nei prossimi giorni nel Bellunese con diversi appuntamenti: domani alle 17.00 sar\u00e0 alla sala polifunzionale del municipio di Cencenighe Agordino per un incontro aperto a tutta la cittadinanza. Pi\u00f9 corposo il programma di marted\u00ec 21, che vedr\u00e0 l&#8217;europarlamentare attraversare il Cadore per arrivare in Comelico: primo appuntamento a Cortina, alla Pasticceria Alver\u00e0, alle 15.00; poi, tappa a Pieve di Cadore, alla Birreria Vecchia, alle 16.30. A seguire, direzione Comelico, con prima fermata al Monaco Sport Hotel di Santo Stefano di Cadore alle 18.00 e poi alla sala polifunzionale di Dosoledo di Comelico Superiore alle 20.30. Tutti gli incontri sono pubblici e consentiranno di conoscere al meglio Dorfmann e il suo programma.\u00a0 Il calendario degli incontri \u00e8 stato curato dal movimento Belluno Autonoma Regione Dolomiti.<\/p>\n<p>&nbsp;<\/p>\n<p>&nbsp;<\/p>\n<p>&nbsp;<\/p>\n<h2>TAIBON PER LA CONTINUITA&#8217;. INCONTRO PUBBLICO<\/h2>\n<p><strong>TAIBON<\/strong> Silvia Tormen ha invitato la popolazione per un incontro pubblico e per presentare i suoi candidati a consigliere comunale. Sabato alle 17.30 in sala San Rocco, ex Municipio. Mercoledi 22 maggio alle 18 nella stessa sede incontro con le associazioni del paese.<\/p>\n<p>&nbsp;<\/p>\n<p>&nbsp;<\/p>\n<p>&nbsp;<\/p>\n<h2>DOMANI AGORDO CAMBIA IN SALA DON TAMIS<\/h2>\n<p><strong>AGORDO<\/strong> Il candidato a sindaco Paolo Selva Moretti domani alle 20.30 in sala Don Tamis presenta la lista, risponder\u00e0 alle domande dei cittadini e dei giornalisti ed ascolter\u00e0 le proposte per il miglioramento del capoluogo di vallata.<\/p>\n<p>&nbsp;<\/p>\n<p>&nbsp;<\/p>\n<h2>ALLA RICERCA DI RISORSE \u00a0PER IL TERZO SETTORE<\/h2>\n<p style=\"text-align: left;\"><a class=\"dt-pswp-item\" href=\"http:\/\/www.radiopiu.net\/wordpress\/wp-content\/uploads\/2019\/05\/Casa-volontariato.jpg\" data-dt-img-description=\"\" data-large_image_width=\"3177\" data-large_image_height=\"2383\"><img loading=\"lazy\" decoding=\"async\" class=\" wp-image-85501 alignleft\" src=\"http:\/\/www.radiopiu.net\/wordpress\/wp-content\/uploads\/2019\/05\/Casa-volontariato-300x225.jpg\" alt=\"\" width=\"211\" height=\"158\" srcset=\"https:\/\/www.radiopiu.net\/wordpress\/wp-content\/uploads\/2019\/05\/Casa-volontariato-300x225.jpg 300w, https:\/\/www.radiopiu.net\/wordpress\/wp-content\/uploads\/2019\/05\/Casa-volontariato-768x576.jpg 768w, https:\/\/www.radiopiu.net\/wordpress\/wp-content\/uploads\/2019\/05\/Casa-volontariato-1024x768.jpg 1024w\" sizes=\"auto, (max-width: 211px) 100vw, 211px\" \/><\/a><strong>BELLUNO<\/strong> Aiutare gli enti del terzo settore a trovare fondi e risorse, come? Verr\u00e0 spiegato in tre incontri, \u201cCome trovare risorse\u201d, proposta dal Csv Belluno; le prime due date in programma sono venerd\u00ec 24 maggio e mercoled\u00ec 5 giugno. La tematica, di grande attualit\u00e0, interessa tutto il mondo del volontariato provinciale e delle imprese sociali, che avranno cos\u00ec la possibilit\u00e0 di fare maggiore chiarezza in un campo in continuo divenire e talvolta sconosciuto, quello della raccolta di fondi. Risorse economiche che certamente agevolerebbero il lavoro di tanti volontari professionisti, ma cui spesso gli enti del terzo settore rinunciano per mancanza di tempo da dedicare alla ricerca, per l&#8217;apparente complessit\u00e0 del meccanismo di raccolta o, pi\u00f9 semplicemente, per carenza di informazioni sulla materia. L&#8217;argomento\u00a0 del primo incontro raccolta fondi e risorse, nel secondo mercati e strumenti. In un terzo momento incontro-laboratorio per lo studio e la realizzazione di un progetto raccolta fondi. Relatore Davide Moro. La partecipazione \u00e8 libera e gratuita per Organizzazioni di volontariato, Associazioni di promozione sociale e Onlus. Info www.csvbelluno.it<\/p>\n<p>&nbsp;<\/p>\n<p>&nbsp;<\/p>\n<p>&nbsp;<\/p>\n<p>&nbsp;<\/p>\n<h2><a class=\"dt-pswp-item\" href=\"http:\/\/www.radiopiu.net\/wordpress\/wp-content\/uploads\/2018\/09\/appuntamenti.jpeg\" data-dt-img-description=\"\" data-large_image_width=\"800\" data-large_image_height=\"100\"><img loading=\"lazy\" decoding=\"async\" class=\"alignnone wp-image-61958 size-full\" src=\"http:\/\/www.radiopiu.net\/wordpress\/wp-content\/uploads\/2018\/09\/appuntamenti.jpeg\" alt=\"\" width=\"800\" height=\"100\" srcset=\"https:\/\/www.radiopiu.net\/wordpress\/wp-content\/uploads\/2018\/09\/appuntamenti.jpeg 800w, https:\/\/www.radiopiu.net\/wordpress\/wp-content\/uploads\/2018\/09\/appuntamenti-300x38.jpeg 300w, https:\/\/www.radiopiu.net\/wordpress\/wp-content\/uploads\/2018\/09\/appuntamenti-768x96.jpeg 768w\" sizes=\"auto, (max-width: 800px) 100vw, 800px\" \/><\/a><\/h2>\n<h2>OGGI AI MERCOLEDI DELLA SALUTE SI PENSA AL SOLE E ALL&#8217;ATTIVITA&#8217; ALL&#8217;ARIA APERTA.<\/h2>\n<p><strong>FELTRE.<\/strong> Per il ciclo \u201cMercoled\u00ec della salute\u201d, oggi alle 18 nella sala convegni dell\u2019ospedale di Feltre si parler\u00e0 di sole e attivit\u00e0 all\u2019aria aperta con i dermatologi dell\u2019ulss Dolomiti Pieranna Dal Mas e Giuseppe Spaziani. Rischi dell&#8217; attivit\u00e0 all&#8217; aria aperta, in particolare nella bella stagione.<\/p>\n<p>&nbsp;<\/p>\n<p>&nbsp;<\/p>\n<h2>OGGI LABORATORIO DI SCRITTURA<\/h2>\n<p><strong>AURONZO<\/strong> Dieci anni insieme riassunte in una serata, alle 18 al Caff\u00e8 Venezia di Auronzo. il Laboratorio di Scrittura Cadore, gruppo creato nel 2008 da Antonio Chiades, invita a partecipare al recital \u201c10 ANNI INSIEME\u201d, una selezione di prose e poesie lette dalle autrici, con intermezzi musicali.<\/p>\n<p>&nbsp;<\/p>\n<p>&nbsp;<\/p>\n<p>&nbsp;<\/p>\n<h2>\u201cMOZART &#8211; Monologo Epistolare di un Amore.\u201d<\/h2>\n<blockquote><p><em>Sala della Biblioteca Civica di Agordo, sabato 18 maggio 2019 ore 20.30.<\/em><\/p><\/blockquote>\n<p>AUDIO DAL NOTIZIARIO PRINCIPALE, VOCE CLAUDIA CATTADORI<\/p>\n<audio class=\"wp-audio-shortcode\" id=\"audio-85450-8\" preload=\"none\" style=\"width: 100%;\" controls=\"controls\"><source type=\"audio\/mpeg\" src=\"http:\/\/www.radiopiu.net\/wordpress\/wp-content\/uploads\/2019\/05\/CLAUDIA-MOZART.mp3?_=8\" \/><a href=\"http:\/\/www.radiopiu.net\/wordpress\/wp-content\/uploads\/2019\/05\/CLAUDIA-MOZART.mp3\">http:\/\/www.radiopiu.net\/wordpress\/wp-content\/uploads\/2019\/05\/CLAUDIA-MOZART.mp3<\/a><\/audio>\n<p>&nbsp;<\/p>\n<p><strong><a class=\"dt-pswp-item\" href=\"http:\/\/www.radiopiu.net\/wordpress\/wp-content\/uploads\/2019\/05\/58883109_388209445109642_6408293365447655424_o.jpg\" data-dt-img-description=\"\" data-large_image_width=\"960\" data-large_image_height=\"960\"><img loading=\"lazy\" decoding=\"async\" class=\" wp-image-85394 alignleft\" src=\"http:\/\/www.radiopiu.net\/wordpress\/wp-content\/uploads\/2019\/05\/58883109_388209445109642_6408293365447655424_o-300x300.jpg\" alt=\"\" width=\"219\" height=\"219\" srcset=\"https:\/\/www.radiopiu.net\/wordpress\/wp-content\/uploads\/2019\/05\/58883109_388209445109642_6408293365447655424_o-300x300.jpg 300w, https:\/\/www.radiopiu.net\/wordpress\/wp-content\/uploads\/2019\/05\/58883109_388209445109642_6408293365447655424_o-150x150.jpg 150w, https:\/\/www.radiopiu.net\/wordpress\/wp-content\/uploads\/2019\/05\/58883109_388209445109642_6408293365447655424_o-768x768.jpg 768w, https:\/\/www.radiopiu.net\/wordpress\/wp-content\/uploads\/2019\/05\/58883109_388209445109642_6408293365447655424_o.jpg 960w\" sizes=\"auto, (max-width: 219px) 100vw, 219px\" \/><\/a>AGORDO<\/strong> Il Circolo Culturale Agordino ospita in Biblioteca Civica di Agordo Lara Fiori che con la preziosa collaborazione di Gaetano Zagra sono lieti d\u2019invitarvi ad una conferenza-epistolare-multimediale dal titolo: \u201cMOZART &#8211; Monologo Epistolare di un Amore.\u201d I partecipanti potranno scoprire un Mozart diverso, un \u201cMozart\u201d nella sua quotidianit\u00e0, come uomo, e soprattutto come marito, anima pura e sensibile, sconosciuto ai pi\u00f9.<br \/>\nIl tutto tramite l\u2019ausilio di supporti audio e video, ma il cuore della conferenza sar\u00e0 la lettura di alcune lettere che Mozart inviava alla sua amata Constanze; un monologo, perch\u00e9 a tutt\u2019oggi non esistono copie autografe della moglie.\u00a0 Le letture saranno ovviamente precedute da brevi spiegazioni, tramite le quali faremo un viaggio nella storia e nella vita del pi\u00f9 grande Genio musicale mai esistito, ossia Wolfgang Amadeus Mozart. In questa tappa agordina ci sar\u00e0 anche la straordinaria partecipazione di Brunella Moro, voce di IN VIVO VERSO, programma poetico di RADIO PIU\u2019. BIOGRAFIA Lara Fiori, nata a Cortina d\u2019Ampezzo nel 1968, vive a San Vito di Cadore con qualche trasferta a Venezia. Di professione impiegata, ma da sempre attratta dall\u2019arte in tutte le sue forme, nel 2011 ha l\u2019opportunit\u00e0 di lavorare nello staff dell\u2019evento collaterale \u201cPietas\u201d di Jan Fabre alla 54^ edizione della Biennale d\u2019arte di Venezia. La sua passione mozartiana, nasce nell\u2019adolescenza e si sviluppa nel tempo con varie visite a Salisburgo con il suo Festival e al Mozarteum. Nel 2014 inizia uno studio approfondito che le consentir\u00e0 di dar vita al monologo.<\/p>\n<blockquote><p><span style=\"color: #ff0000;\">Brunella Moro ha intervistato Lara Fiori, dallo speciale Reporter in onda su RADIOPIU<\/span><\/p><\/blockquote>\n<audio class=\"wp-audio-shortcode\" id=\"audio-85450-9\" preload=\"none\" style=\"width: 100%;\" controls=\"controls\"><source type=\"audio\/mpeg\" src=\"http:\/\/www.radiopiu.net\/wordpress\/wp-content\/uploads\/2019\/05\/LARA-FIORI.mp3?_=9\" \/><a href=\"http:\/\/www.radiopiu.net\/wordpress\/wp-content\/uploads\/2019\/05\/LARA-FIORI.mp3\">http:\/\/www.radiopiu.net\/wordpress\/wp-content\/uploads\/2019\/05\/LARA-FIORI.mp3<\/a><\/audio>\n<p>&nbsp;<\/p>\n<p>&nbsp;<\/p>\n<p>&nbsp;<\/p>\n<p>&nbsp;<\/p>\n<h2><a class=\"dt-pswp-item\" href=\"http:\/\/www.radiopiu.net\/wordpress\/wp-content\/uploads\/2019\/05\/locandina-jpg.jpg\" data-dt-img-description=\"\" data-large_image_width=\"3662\" data-large_image_height=\"8150\"><img loading=\"lazy\" decoding=\"async\" class=\" wp-image-85457 alignleft\" src=\"http:\/\/www.radiopiu.net\/wordpress\/wp-content\/uploads\/2019\/05\/locandina-jpg-135x300.jpg\" alt=\"\" width=\"78\" height=\"173\" srcset=\"https:\/\/www.radiopiu.net\/wordpress\/wp-content\/uploads\/2019\/05\/locandina-jpg-135x300.jpg 135w, https:\/\/www.radiopiu.net\/wordpress\/wp-content\/uploads\/2019\/05\/locandina-jpg-768x1709.jpg 768w, https:\/\/www.radiopiu.net\/wordpress\/wp-content\/uploads\/2019\/05\/locandina-jpg-460x1024.jpg 460w\" sizes=\"auto, (max-width: 78px) 100vw, 78px\" \/><\/a>LA SCHOLA CANTORUM IN DUOMO<\/h2>\n<p><strong>FELTRE<\/strong> Anche quest&#8217;anno la\u00a0 Schola Cantorum di Santa Giustina, con la collaborazione e il patrocinio del Comune di Feltre,\u00a0 organizza il tradizionale concerto in onore dei Santi Vittore e Corona, domenica alle 21 in Duomo. Il programma scelto per l&#8217;occasione \u00e8 uno dei capolavori sacri di Gioachino Rossini: la PETITE MESSE SOLENNELLE per coro, soli (Varduhi Khachatryan, soprano; Claudia De Pian, mezzosoprano; Matteo Mezzaro, tenore; Abramo Rosalen, basso) due pianoforti (Ferdinando Mussutto e Riccardo Massoli) e harmonium (Deniel Perer).<\/p>\n<p>&nbsp;<\/p>\n<p>&nbsp;<\/p>\n<p>&nbsp;<\/p>\n<h2>\u201cUN CAMINO EN EL MAR\u201d: CONCERTO A CAVARZANO<\/h2>\n<p><strong><a class=\"dt-pswp-item\" href=\"http:\/\/www.radiopiu.net\/wordpress\/wp-content\/uploads\/2019\/05\/60146696_610092912835540_3807790680328110080_n.jpg\" data-dt-img-description=\"\" data-large_image_width=\"719\" data-large_image_height=\"720\"><img loading=\"lazy\" decoding=\"async\" class=\" wp-image-85506 alignleft\" src=\"http:\/\/www.radiopiu.net\/wordpress\/wp-content\/uploads\/2019\/05\/60146696_610092912835540_3807790680328110080_n-300x300.jpg\" alt=\"\" width=\"188\" height=\"188\" srcset=\"https:\/\/www.radiopiu.net\/wordpress\/wp-content\/uploads\/2019\/05\/60146696_610092912835540_3807790680328110080_n-300x300.jpg 300w, https:\/\/www.radiopiu.net\/wordpress\/wp-content\/uploads\/2019\/05\/60146696_610092912835540_3807790680328110080_n-150x150.jpg 150w, https:\/\/www.radiopiu.net\/wordpress\/wp-content\/uploads\/2019\/05\/60146696_610092912835540_3807790680328110080_n.jpg 719w\" sizes=\"auto, (max-width: 188px) 100vw, 188px\" \/><\/a>BELLUNO<\/strong> Grande attesa a Belluno per il concerto \u201cUn Camino en el mar\u201d che avr\u00e0 luogo nel salone parrocchiale della via Castellani di Cavarzano sabato 18 maggio con inizio alle 20,30, organizzato da Giuliana Barattin (foto). In proposito la stessa Barattin su Facebook puntualizza: \u201cAngel Galzerano Trio \u00e8 un ensemble formato da musicisti di vari percorsi musicali con la passione comune per la musica delle diverse culture. Il loro nuovo progetto \u201cUn camino en el mar\u201d riunisce in un&#8217;unica melodia suoni dall&#8217;America Latina, dall&#8217;Europa e profumi dall\u2019Oriente, portando il pubblico in un viaggio dalle Ande al Rio de la Plata, e dall&#8217;Irlanda, passando per il Mar Mediterraneo incontra le suggestioni delle sonorit\u00e0 dell&#8217;India\u201d. Nell\u2019annuncio dell\u2019evento un volantino spiega che \u201cLa musica d&#8217;autore latinoamericana delle canzoni del cantautore italo uruguayo Angel Galzerano accompagnato dal polistrumentista Giorgio Guindani e le suggestioni delle Tabla indiane suonate da Maurizio Murdocca rivelano un nuovo territorio musicale dove i suoni dimenticano le frontiere\u201d. E dunque ci sono le premesse per una serata musicale-culturale-sociale di sicura qualit\u00e0. Per altre informazioni sul concerto gli interessati possono telefonare al 328- 0885987.<\/p>\n<p>&nbsp;<\/p>\n<p>&nbsp;<\/p>\n<h2>OTTANTENNI DI TUTTA LA VALLATA\u00a0 IN FESTA<\/h2>\n<p><strong>AGORDINO<\/strong> Gli ottantenni in festa sabato 25 maggio. I coscritti del 1939 dei sedici comuni dell\u2019Agordino festeggiano i loro ottant\u2019anni con una cerimonia nella chiesa di santa Maria Nascente ad Agordo sabato 25 maggio. La messa sar\u00e0 celebrata dall\u2019arcidiacono monsignor Giorgio Lise e accompagnata dai canti del Coro parrocchiale.<br \/>\nA seguire, i coscritti visiteranno il museo dell\u2019occhiale di Palazzo Crotta-de\u2019Manzoni con successivo pranzo alle 12.30 al ristorante \u00abZum Brillenb\u00e4r\u00bb in localit\u00e0 Valcozzena<\/p>\n<p>&nbsp;<\/p>\n<p><b>AGORDINO <\/b>Cena annuale, sabato 25 maggio alle 20 al Ristorante Alla Stanga con musica ed animazione. Iscrizioni al Bar Schenot in localit\u00e0 Pragrande entro il 20 maggio. info 348 85.24.340<\/p>\n<p>&nbsp;<\/p>\n<p><strong>TAIBON<\/strong> Sabato 25 maggio alle 20.30 nella sala dell&#8217;ex Municipio di Taibon focus sulla Valle di San Lucano con l&#8217;Associazione Amici dei Minerari &#8220;Il paradiso pu\u00f2 attendere, per la rinascita e per il guinnes world record&#8221;.<\/p>\n<p>&nbsp;<\/p>\n<p>&nbsp;<\/p>\n<p>&nbsp;<\/p>\n<p>&nbsp;<\/p>\n<h3>CANTANTI, SINDACI, POSTE ITALIANE IN CAMPO PER RIPARTIRE<\/h3>\n<blockquote>\n<h4><em>Al Polisportivo anche Pellizzoli, Rocco Hunt e \u201cLo Stato Sociale\u201d<\/em><\/h4>\n<\/blockquote>\n<p><a class=\"dt-pswp-item\" href=\"http:\/\/www.radiopiu.net\/wordpress\/wp-content\/uploads\/2019\/04\/Nazionale-Italiana-Cantanti.jpeg\" data-dt-img-description=\"\" data-large_image_width=\"1280\" data-large_image_height=\"848\"><img loading=\"lazy\" decoding=\"async\" class=\" wp-image-83875 alignleft\" src=\"http:\/\/www.radiopiu.net\/wordpress\/wp-content\/uploads\/2019\/04\/Nazionale-Italiana-Cantanti-300x199.jpeg\" alt=\"\" width=\"231\" height=\"153\" srcset=\"https:\/\/www.radiopiu.net\/wordpress\/wp-content\/uploads\/2019\/04\/Nazionale-Italiana-Cantanti-300x199.jpeg 300w, https:\/\/www.radiopiu.net\/wordpress\/wp-content\/uploads\/2019\/04\/Nazionale-Italiana-Cantanti-768x509.jpeg 768w, https:\/\/www.radiopiu.net\/wordpress\/wp-content\/uploads\/2019\/04\/Nazionale-Italiana-Cantanti-1024x678.jpeg 1024w, https:\/\/www.radiopiu.net\/wordpress\/wp-content\/uploads\/2019\/04\/Nazionale-Italiana-Cantanti.jpeg 1280w\" sizes=\"auto, (max-width: 231px) 100vw, 231px\" \/><\/a><strong>BELLUNO<\/strong> \u00c8 stato presentato nella Sala del Consiglio di Palazzo Rosso, a Belluno, il torneo triangolare \u201cIn campo per ripartire\u201d che sabato alle 15.30, allo Stadio Polisportivo di Belluno,vedr\u00e0 affrontarsi la Nazionale Italiana Cantanti, i colleghi della Nazionale Sindaci e Nazionale Poste Italiane. L&#8217;intero ricavato dell&#8217;evento, organizzato dal Comitato Gocce di Sole Onlus, sar\u00e0 devoluto a favore del Fondo Welfare e Identit\u00e0 Territoriale costituito dalla Provincia di Belluno che dall&#8217;ottobre scorso sta aiutando le popolazioni colpite dal post Vaia. <strong>Le novit\u00e0 dei cantanti <\/strong>Ufficializzati altri nomi della Nazionale Cantanti, guidata dal Mister Alfredo Tognetti, coadiuvato alla direzione tecnica da Marco Masini Tra di loro, Ivan Pellizzoli (gi\u00e0 portiere di Serie A con le maglie di Atalanta e Roma, e bronzo alle Olimpiadi di Atene 2004 con l&#8217;Under 21 azzurra), Rocco Hunt, Andrea Vigentini, Einar, Albi de Lo Stato Sociale, Alessandro Casillo e Marco Filadelfia. Ospiti dell\u2019evento, anche il rapper romano Blayk, Zic e la giovane artista Alys, che presenteranno i loro nuovi brani Questi i nuovi nomi della canzone italiana vanno ad aggiungersi a quelli gi\u00e0 annunciati qualche giorno fa: gli idoli dei pi\u00f9 giovani Ermal Meta, Mattia Briga, Moreno, Biondo, e figure storiche della Nazionale Cantanti come il capitano Enrico Ruggeri e Paolo Vallesi.<\/p>\n<p>&nbsp;<\/p>\n<p>&nbsp;<\/p>\n<p>&nbsp;<\/p>\n<p>&nbsp;<\/p>\n<h2>9.000 bambini e ragazzi formati dal Dipartimento di Prevenzione<\/h2>\n<p><strong>FELTRE<\/strong> Sono circa 9.000 i bambini e i ragazzi delle scuole di ogni ordine e grado formati dall\u2019Ulss Dolomiti nell\u2019ambito dei progetti di educazione e promozione della salute durante l\u2019anno scolastico 2018-2019. I lavori realizzati saranno esposti domenica 19 maggio mattina al palaghiaccio di Feltre, nell\u2019ambito della Festa della Salute, abbinata alla Corrifeltre. Le attivit\u00e0 nelle scuole sono state coordinate dalla Attivit\u00e0 motoria e promozione della salute del Dipartimento di Prevenzione ma hanno visto la collaborazione di diversi servizi Ulss come il SerT, il servizio dietetica e il consultorio familiare e di enti esterni con i Vigili del Fuoco e la Polizia.<\/p>\n<p>&nbsp;<\/p>\n<p>&nbsp;<\/p>\n<p>&nbsp;<\/p>\n<p>&nbsp;<\/p>\n<blockquote>\n<h3>Per la Notte europea dei Musei conferenza su Margherita Sarfatti di Annamaria Montaldo e Danka Giacon e apertura straordinaria della Galleria d&#8217;arte moderna \u00abCarlo Rizzarda\u00bb con visite guidale alla mostra Artisti nel Ventennio. Il \u201cNovecento\u201d.<\/h3>\n<\/blockquote>\n<p><a class=\"dt-pswp-item\" href=\"http:\/\/www.radiopiu.net\/wordpress\/wp-content\/uploads\/2019\/05\/Sabato-18-maggio1.png\" data-dt-img-description=\"\" data-large_image_width=\"1123\" data-large_image_height=\"1587\"><img loading=\"lazy\" decoding=\"async\" class=\" wp-image-85451 alignleft\" src=\"http:\/\/www.radiopiu.net\/wordpress\/wp-content\/uploads\/2019\/05\/Sabato-18-maggio1-212x300.png\" alt=\"\" width=\"156\" height=\"220\" srcset=\"https:\/\/www.radiopiu.net\/wordpress\/wp-content\/uploads\/2019\/05\/Sabato-18-maggio1-212x300.png 212w, https:\/\/www.radiopiu.net\/wordpress\/wp-content\/uploads\/2019\/05\/Sabato-18-maggio1-768x1085.png 768w, https:\/\/www.radiopiu.net\/wordpress\/wp-content\/uploads\/2019\/05\/Sabato-18-maggio1-725x1024.png 725w, https:\/\/www.radiopiu.net\/wordpress\/wp-content\/uploads\/2019\/05\/Sabato-18-maggio1.png 1123w\" sizes=\"auto, (max-width: 156px) 100vw, 156px\" \/><\/a><strong>FELTRE<\/strong>\u00a0 Sabato 18 maggio 2018 ritorna il consueto appuntamento con La notte europea dei musei, iniziativa promossa dal Consiglio d&#8217;Europa nei 47 paesi aderenti ed accolta dal nostro Ministero dei Beni e delle Attivit\u00e0 Culturali e del Turismo. Numerosi siti museali statali e comunali resteranno dunque aperti dopo cena e proporranno particolari iniziative, offrendo l&#8217;occasione ai cittadini e ai turisti di godere del patrimonio artistico italiano al di fuori dei consueti orari di visita e di scoprirlo in una veste nuova e suggestiva. I Musei cittadini per l&#8217;occasione propongono una conferenza di Anna Maria Montaldo, direttrice dell&#8217;Area Polo Arte Moderna e Contemporanea e presidente dell&#8217;ANMLI (Associazione Nazionale Musei Locali e Istituzionali) e di Danka Giacon, conservatrice del Museo del &#8216;900 di Milano su Margherita Sarfatti. Le due studiose hanno curato l&#8217;apprezzata mostra Margherita Sarfatti. Segni, colori e luci a Milano, proprio nel Museo del &#8216;900, chiusa lo scorso 24 febbraio. Nota ai pi\u00f9 solo come \u00abl&#8217;amante del duce\u00bb la Sarfatti, intellettuale, giornalista, scrittrice e primo critico d&#8217;arte donna in Europa, rivest\u00ec in realt\u00e0 un ruolo di protagonista nella cultura italiana per oltre vent&#8217;anni. A lei \u00e8 dedicata una sezione nella mostra Artisti nel Ventennio. Il \u201cNovecento\u201d e quindi l&#8217;incontro con le due esperte offre l&#8217;opportunit\u00e0 di approfondire a 360 gradi questa interessante figura. Le iniziative per la Notte dei Musei proseguono domenica 19 maggio con un&#8217;apertura straordinaria della Galleria d&#8217;arte moderna \u201cCarlo Rizzarda\u201d dalle 21.00 alle 23.00 e due visite guidate alla mostra Artisti nel Ventennio. Il \u201cNovecento\u201d a cura del presidente dell&#8217;Associazione \u201cFenice arte, cultura e turismo onlus\u201d alle 21.00 e alle 22.00. L&#8217;ingresso prevede il pagamento del solo biglietto d&#8217;ingresso alla Galleria secondo le tariffe vigenti. Per informazioni e prenotazioni: Ufficio Musei (tel. 0439\/885242-234, museo@comune.feltre.bl.it). La conferenza di sabato 18 maggio va prenotata sul link: http:\/\/www.visitfeltre.info\/it\/eventi\/conversazioni-museo-2019.<\/p>\n<p>&nbsp;<\/p>\n<p>&nbsp;<\/p>\n<p>&nbsp;<\/p>\n<p>&nbsp;<\/p>\n<p>&nbsp;<\/p>\n<p><a class=\"dt-pswp-item\" href=\"http:\/\/www.radiopiu.net\/wordpress\/wp-content\/uploads\/2018\/09\/viabilita.jpeg\" data-dt-img-description=\"\" data-large_image_width=\"800\" data-large_image_height=\"100\"><img loading=\"lazy\" decoding=\"async\" class=\"alignnone size-full wp-image-61954\" src=\"http:\/\/www.radiopiu.net\/wordpress\/wp-content\/uploads\/2018\/09\/viabilita.jpeg\" alt=\"\" width=\"800\" height=\"100\" srcset=\"https:\/\/www.radiopiu.net\/wordpress\/wp-content\/uploads\/2018\/09\/viabilita.jpeg 800w, https:\/\/www.radiopiu.net\/wordpress\/wp-content\/uploads\/2018\/09\/viabilita-300x38.jpeg 300w, https:\/\/www.radiopiu.net\/wordpress\/wp-content\/uploads\/2018\/09\/viabilita-768x96.jpeg 768w\" sizes=\"auto, (max-width: 800px) 100vw, 800px\" \/><\/a><\/p>\n<p><strong>PROVINCIALE 251<\/strong> Fino al 17 maggio senso unico in localit\u00e0 Dont.<\/p>\n<p><strong>REGIONALE 203 AGORDINA<\/strong> Fino al 28 giugno sabato e domenica escluso, senso unico alternato tra Alleghe e Caprile.<\/p>\n<p><strong>PROVINCIALE 563 DI SALESEI<\/strong> Fino al 28 giugno esclusi giorni festivi e prefestivi senso unico alternato tra Caprile e Saviner<\/p>\n<p><strong>PROVINCIALE 3 VALLE IMPERINA<\/strong> Fino a revoca senso unico a vista\u00a0 in localit\u00e0 Corde Mole per cedimento della careggiata. Dal 13 maggio e\u00a0 fino al 28 giugno tra Rivamonte e Forcella Franche senso unico alternato per la posa di tubazione per conto di Enel.<\/p>\n<p><strong>PROVINCIALE 347 DEL DURAN <\/strong>Fino al 31 maggio in localit\u00e0 Fornesighe senso unico alternato regolato da semaforo o movieri, possibili temporanee interdizioni totali al traffico fino a un masssimo di 20 minuti<\/p>\n<p><strong>REGIONALE 203 AGORDINA<\/strong> Fino al 31 maggio esclusi festivi e prefestivi, senso unico alternato in localit\u00e0 Rucava, possibili brevi interruzioni fino a 15 minuti.<\/p>\n<p><strong>PROVINCIALE 8 DI SAN TOMASO<\/strong> Fino\u00a0 al 28 giugno (esclusi festivi e prefestivi) senso unico alternato tra Pian Molin e Roi<\/p>\n<p><strong>PROVINCIALE 563 DI SALESEI <\/strong>Fino al\u00a014 giugno\u00a0 In localit\u00e0 Sopracordevole in Comune di Rocca Pietore senso unico alternato con semaforo o movieri e divieto di transito ai mezzi con massa superiore a 7,5 tonellate.<\/p>\n<p>&nbsp;<\/p>\n<p>&nbsp;<\/p>\n<p>&nbsp;<\/p>\n<h2><img loading=\"lazy\" decoding=\"async\" class=\"alignleft wp-image-60761 \" src=\"http:\/\/www.radiopiu.net\/wordpress\/wp-content\/uploads\/2018\/09\/sport.jpg\" alt=\"\" width=\"992\" height=\"124\" srcset=\"https:\/\/www.radiopiu.net\/wordpress\/wp-content\/uploads\/2018\/09\/sport.jpg 800w, https:\/\/www.radiopiu.net\/wordpress\/wp-content\/uploads\/2018\/09\/sport-300x38.jpg 300w, https:\/\/www.radiopiu.net\/wordpress\/wp-content\/uploads\/2018\/09\/sport-768x96.jpg 768w\" sizes=\"auto, (max-width: 992px) 100vw, 992px\" \/><\/h2>\n<h2><\/h2>\n<h2><\/h2>\n<h2><\/h2>\n<h2>ONDABLU A VITTORIO VENETO PER L&#8217;ULTIMA GARA DEL CIRCUITO<\/h2>\n<p><a class=\"dt-pswp-item\" href=\"http:\/\/www.radiopiu.net\/wordpress\/wp-content\/uploads\/2019\/05\/IMG-20190512-WA0006.jpg\" data-dt-img-description=\"\" data-large_image_width=\"1600\" data-large_image_height=\"900\"><img loading=\"lazy\" decoding=\"async\" class=\"alignnone wp-image-85459\" src=\"http:\/\/www.radiopiu.net\/wordpress\/wp-content\/uploads\/2019\/05\/IMG-20190512-WA0006-300x169.jpg\" alt=\"\" width=\"297\" height=\"167\" srcset=\"https:\/\/www.radiopiu.net\/wordpress\/wp-content\/uploads\/2019\/05\/IMG-20190512-WA0006-300x169.jpg 300w, https:\/\/www.radiopiu.net\/wordpress\/wp-content\/uploads\/2019\/05\/IMG-20190512-WA0006-768x432.jpg 768w, https:\/\/www.radiopiu.net\/wordpress\/wp-content\/uploads\/2019\/05\/IMG-20190512-WA0006-1024x576.jpg 1024w, https:\/\/www.radiopiu.net\/wordpress\/wp-content\/uploads\/2019\/05\/IMG-20190512-WA0006.jpg 1600w\" sizes=\"auto, (max-width: 297px) 100vw, 297px\" \/><\/a><a class=\"dt-pswp-item\" href=\"http:\/\/www.radiopiu.net\/wordpress\/wp-content\/uploads\/2019\/05\/IMG-20190512-WA0010.jpg\" data-dt-img-description=\"\" data-large_image_width=\"1600\" data-large_image_height=\"1200\"><img loading=\"lazy\" decoding=\"async\" class=\"alignnone wp-image-85460\" src=\"http:\/\/www.radiopiu.net\/wordpress\/wp-content\/uploads\/2019\/05\/IMG-20190512-WA0010-300x225.jpg\" alt=\"\" width=\"223\" height=\"167\" srcset=\"https:\/\/www.radiopiu.net\/wordpress\/wp-content\/uploads\/2019\/05\/IMG-20190512-WA0010-300x225.jpg 300w, https:\/\/www.radiopiu.net\/wordpress\/wp-content\/uploads\/2019\/05\/IMG-20190512-WA0010-768x576.jpg 768w, https:\/\/www.radiopiu.net\/wordpress\/wp-content\/uploads\/2019\/05\/IMG-20190512-WA0010-1024x768.jpg 1024w, https:\/\/www.radiopiu.net\/wordpress\/wp-content\/uploads\/2019\/05\/IMG-20190512-WA0010.jpg 1600w\" sizes=\"auto, (max-width: 223px) 100vw, 223px\" \/><\/a><\/p>\n<p><strong>BELLUNO<\/strong> Domenica\u00a0 a\u00a0 Vittorio Veneto si \u00e8 conclusa il circuito esordienti con \u00a0un terzo posto nei 100 stile libero di Mathias D&#8217;Inc\u00e0, e appena gi\u00f9 dal podio Giulia Carlin nei 50 delfino. Tutti migliorano le loro gare con la soddisfazione degli allenatori Mara Grelloni, Fiorella Da Canal e Paolo D&#8217;Imperio. Ma ecco il resto dei partecipanti: esordienti B, Agnese Paludetto e Sara Vettorel, Khaled Ali, Davide Boccuzzi, Dawit Castellucci, Pietro Cecchet, Matthias De Boni, Alessio Gaio e Tommaso Serafini. Eserdienti A, Giulia Carrera, Oleksandra Kolodchak, Alexandra Manai, Giullia Stach, Elena Vettorel, Riccardo Biscaro, Manuel Melese, Filippo Monestier e Carlo Spadotto.<\/p>\n<p>&nbsp;<\/p>\n<p>&nbsp;<\/p>\n<p>&nbsp;<\/p>\n<p>&nbsp;<\/p>\n<h2>ESORDIENTI: SETTE PODI A VITTORIO VENETO<\/h2>\n<p><a class=\"dt-pswp-item\" href=\"http:\/\/www.radiopiu.net\/wordpress\/wp-content\/uploads\/2019\/05\/Staffetta_Esordienti_A.jpg\" data-dt-img-description=\"\" data-large_image_width=\"1600\" data-large_image_height=\"900\"><img loading=\"lazy\" decoding=\"async\" class=\" wp-image-85453 alignleft\" src=\"http:\/\/www.radiopiu.net\/wordpress\/wp-content\/uploads\/2019\/05\/Staffetta_Esordienti_A-300x169.jpg\" alt=\"\" width=\"273\" height=\"154\" srcset=\"https:\/\/www.radiopiu.net\/wordpress\/wp-content\/uploads\/2019\/05\/Staffetta_Esordienti_A-300x169.jpg 300w, https:\/\/www.radiopiu.net\/wordpress\/wp-content\/uploads\/2019\/05\/Staffetta_Esordienti_A-768x432.jpg 768w, https:\/\/www.radiopiu.net\/wordpress\/wp-content\/uploads\/2019\/05\/Staffetta_Esordienti_A-1024x576.jpg 1024w, https:\/\/www.radiopiu.net\/wordpress\/wp-content\/uploads\/2019\/05\/Staffetta_Esordienti_A.jpg 1600w\" sizes=\"auto, (max-width: 273px) 100vw, 273px\" \/><\/a><strong>BELLUNO<\/strong> Finale pirotecnico per la Sportivamente Belluno: in occasione dell\u2019ultima tappa del circuito interzona, gli Esordienti conquistano ben 7 medaglie. A Vittorio Veneto, il gruppo era composto da 35 nuotatori, divisi tra fascia A e B. E seguiti dai tecnici Maria Elena Canova ed Enrico Bogo. Fra gli Esordienti A, spicca una tripletta storica nei 50 dorso. Tutti e tre i gradini del podio, infatti, sono conquistati da atleti bellunesi: nello specifico, oro per Davide Zambito (33\u201d1), argento per Tommaso Brida (33\u201d4) e bronzo per Luca Odolo ( 33\u201d6). In campo femminile, sempre nei 50, Elisa Petten\u00f2 (2008) sfiora il podio, mentre Tommaso Brida conferma il periodo di forma con un buon 1\u201918\u201d8 nei 100 rana. E si merita l\u2019argento. Cos\u00ec come d\u2019argento \u00e8 la staffetta 4&#215;100 stile libero con il gi\u00e0 citato Brida, Luca Odolo, Tomaso Miari Fulcis e Davide Zambito (2\u201924\u201d31). Per quanto riguarda la fascia B, nei 100 stile Francesco Milani si piazza sesto e perfeziona il suo personale, al pari di Matteo Longi, Alessandro Nerviani e Davide Nenz. Sempre nei 100 stile, buon quinto posto per Carlotta Brida, che ferma il cronometro a 1\u201924\u201d6, mentre i 200 misti vedono fra i protagonisti Francesco Ceolin (quinto) e ancora Nerviani (terzo posto per anno di nascita). Tra le ragazze, di poco gi\u00f9 dal podio Anna Simon, quarta e artefice di un notevole miglioramento nei 200 misti. Specialit\u00e0 in cui brilla pure Eleonora Bortot (seconda del 2010). La distanza lunga dei 400 stile, invece, viene affrontata da Matteo Longi e Carlotta Brida, rispettivamente sesto e ottava. Ma \u00e8 dai 50 farfalla che arrivano i podi e le soddisfazioni maggiori, visto che Francesco Ceolin vince l\u2019oro (33\u201d2), Francesco Milani \u00e8 quarto (39\u201d6) e Alberto Corr\u00f2 secondo del 2009. Sempre nei 50 farfalla, Anna Simon sale sul terzo gradino del podio con il tempo di 42\u201d6.<\/p>\n<blockquote><p><em>\u00abDa sottolineare il buon lavoro della societ\u00e0 e la crescita complessiva del gruppo &#8211; affermano dalla Sportivamente Belluno -. Ora aspettiamo l\u2019ufficialit\u00e0 delle qualificazioni per i meeting regionali e continuiamo la stagione lavorando per affrontare le gare estive. A tale proposito, nella seconda settimana di giugno, atleti e allenatori saranno impegnati in un campus estivo organizzato dalla societ\u00e0 a Lignano per preparare al meglio le gare in vasca lunga\u00bb.<\/em><\/p><\/blockquote>\n<p>&nbsp;<\/p>\n<p>&nbsp;<\/p>\n<h2>MONDIALI: NON BASTA AGLI AZZURRI UN SUPER BERNARD IN PORTA PER FERMARE LA LETTONIA.<\/h2>\n<p>Non basta un super Andreas Bernard in porta (62 parate) per fermare la Lettonia che s\u2019impone per 3:0 davanti ai 5532 dell\u2019Ondrej Nepala Arena di Bratislava. Dopo un primo tempo senza marcature e con la rete di Diego Kostner (autogoal) annullata per fuori gioco dopo la visione del video-replay, la squadra baltica prende il comando nel periodo centrale con due realizzazioni. Nel terzo tempo la formazione Azzurra non riesce a riaprire la gara e la Lettonia chiude con il goal a porta vuota. Ma subito incombe un altro impegno: OGGI la Nazionale sar\u00e0 contro la stellare Russia che guida a punteggio pieno il Gruppo B con 3 vittorie in 3 incontri<\/p>\n<p>&nbsp;<\/p>\n<p>&nbsp;<\/p>\n<p><a class=\"dt-pswp-item\" href=\"http:\/\/www.radiopiu.net\/wordpress\/wp-content\/uploads\/2018\/09\/WhatsApp-Image-2018-09-20-at-16.04.06.jpeg\" data-dt-img-description=\"\" data-large_image_width=\"800\" data-large_image_height=\"100\"><img loading=\"lazy\" decoding=\"async\" class=\"alignnone size-full wp-image-61378\" src=\"http:\/\/www.radiopiu.net\/wordpress\/wp-content\/uploads\/2018\/09\/WhatsApp-Image-2018-09-20-at-16.04.06.jpeg\" alt=\"\" width=\"800\" height=\"100\" srcset=\"https:\/\/www.radiopiu.net\/wordpress\/wp-content\/uploads\/2018\/09\/WhatsApp-Image-2018-09-20-at-16.04.06.jpeg 800w, https:\/\/www.radiopiu.net\/wordpress\/wp-content\/uploads\/2018\/09\/WhatsApp-Image-2018-09-20-at-16.04.06-300x38.jpeg 300w, https:\/\/www.radiopiu.net\/wordpress\/wp-content\/uploads\/2018\/09\/WhatsApp-Image-2018-09-20-at-16.04.06-768x96.jpeg 768w\" sizes=\"auto, (max-width: 800px) 100vw, 800px\" \/><\/a><\/p>\n<p>&nbsp;<\/p>\n<p><b>Mercoledi 15<\/b> <b>Tempo atteso: <\/b>Durante la notte e buona parte del mattino cielo molto nuvoloso\/coperto, con deboli fenomeni e tracce di neve fino a quote inconsuete per essere a met\u00e0 maggio. Al pomeriggio lieve attenuazione della nuvolosit\u00e0 e minore rischio di fenomeni. Clima fresco ed uggioso nelle valli, freddo e ventoso in quota.<br \/>\n<b>Precipitazioni: <\/b>Tra la notte e il primo mattino deboli precipitazioni intermittenti (60\/80%), con un po&#8217; di neve fino sui 1100\/1300 m. Al pomeriggio minore probabilit\u00e0 di precipitazioni, specie sulle Dolomiti (20\/30%), mentre si verificheranno sporadici piovaschi su alcuni settori prealpini (40\/50%), nevosi oltre i 1900 m.<br \/>\n<b>Temperature: <\/b>Minime in generale diminuzione; massime in rialzo in quota ed in calo nelle valli con punte di 11\/13\u00b0C nei fondovalle prealpini e di 8\/10\u00b0C a 1000\/1200 m. Su Prealpi a 1500 m min -1\u00b0C max 5\u00b0C, a 2000 m min -4\u00b0C max 2\u00b0C. Su Dolomiti a 2000 m min -5\u00b0C max 1\u00b0C, a 3000 m min -12\u00b0C max -5\u00b0C.<br \/>\n<b>Venti: <\/b>Nelle valli deboli di direzione variabile; in quota al mattino moderati\/tesi da Est, nel pomeriggio\/sera in attenuazione da Nord-Est, a 10-25 km\/h a 2000 m e a 20-40 km\/h a 3000 m.<\/p>\n<hr \/>\n<p><b>Giovedi 16<\/b> <b>Tempo atteso: <\/b>Brevi schiarite e molte nubi, inizialmente basse e stratiformi, poi si aggiungeranno addensamenti pomeridiani, associati a rovesci sparsi. Clima sempre assai fresco per il periodo, nonostante l&#8217;avvezione d&#8217;aria pi\u00f9 mite in quota.<br \/>\n<b>Precipitazioni: <\/b>Probabilit\u00e0 pressoch\u00e9 assente al mattino (10%), mentre si verificheranno rovesci sparsi al pomeriggio (60\/70%), specie sulle Dolomiti e le Prealpi bellunesi, probabilit\u00e0 minore altrove. Limite neve sui 2000\/2100 m.<br \/>\n<b>Temperature: <\/b>In generale lieve ripresa, ma con valori ancora inferiori alla norma. Su Prealpi a 1500 m min 2\u00b0C max 8\u00b0C, a 2000 m min 1\u00b0C max 4\u00b0C. Su Dolomiti a 2000 m min 0\u00b0C max 3\u00b0C, a 3000 m min -5\u00b0C max -3\u00b0C.<br \/>\n<b>Venti: <\/b>Nelle valli deboli di direzione variabile; in quota deboli da Nord Nord-Est al primo mattino, poi sempre deboli da Sud Sud-Ovest, a 5-10 km\/h a 2000 m e a 5-15 km\/h a 3000 m.<\/p>\n<hr \/>\n<p><b>Venerdi 17<\/b>Schiarite in un cielo irregolarmente nuvoloso per nubi basse stratiformi al mattino e per addensamenti pomeridiani. In questo contesto, anche se la probabilit\u00e0 sar\u00e0 piuttosto bassa, non si potr\u00e0 escludere qualche breve piovasco, assieme a qualche fiocco di neve oltre i 2000\/2100 m. Temperature senza notevoli variazioni. Venti deboli\/moderati da Sud-Ovest in quota, in rinforzo a fine giornata, deboli di direzione variabile nelle valli.<\/p>\n<hr \/>\n<p><b>Sabato 18<\/b>Tempo perlopi\u00f9 variabile, a tratti instabile al pomeriggio\/sera con schiarite ed annuvolamenti irregolari, pi\u00f9 intensi al pomeriggio, quando il rischio di rovesci aumenter\u00e0 leggermente. Il limite neve sar\u00e0 sui 2000\/2200 m. Temperature senza notevoli variazioni rispetto a Venerd\u00ec. Venti deboli\/moderati da Sud-Ovest in quota. Previsore: R.L.Th.<\/p>\n<p>&nbsp;<\/p>\n","protected":false},"excerpt":{"rendered":"<p>Nonostante le richieste, le preoccupazioni, le proteste, i dubbi soprattutto della gente di montagna la Regione tira diritto e da il via libera alle schede ospedaliere nel giorno in cui il sindaco di Belluno trascorre una notte alla ricerca di un letto per una paziente obbligata al trattamento sanitario obbligato, per la Ulss1 non \u00e8&hellip;<\/p>\n","protected":false},"author":1,"featured_media":85554,"comment_status":"closed","ping_status":"closed","sticky":false,"template":"","format":"standard","meta":{"_monsterinsights_skip_tracking":false,"_monsterinsights_sitenote_active":false,"_monsterinsights_sitenote_note":"","_monsterinsights_sitenote_category":0,"footnotes":""},"categories":[1,86],"tags":[],"class_list":["post-85450","post","type-post","status-publish","format-standard","has-post-thumbnail","hentry","category-senza-categoria","category-gr","category-1","category-86","description-off"],"img_url":"https:\/\/www.radiopiu.net\/wordpress\/wp-content\/uploads\/2019\/05\/photo_2019-05-14_18-43-20-1.jpg","_links":{"self":[{"href":"https:\/\/www.radiopiu.net\/wordpress\/wp-json\/wp\/v2\/posts\/85450","targetHints":{"allow":["GET"]}}],"collection":[{"href":"https:\/\/www.radiopiu.net\/wordpress\/wp-json\/wp\/v2\/posts"}],"about":[{"href":"https:\/\/www.radiopiu.net\/wordpress\/wp-json\/wp\/v2\/types\/post"}],"author":[{"embeddable":true,"href":"https:\/\/www.radiopiu.net\/wordpress\/wp-json\/wp\/v2\/users\/1"}],"replies":[{"embeddable":true,"href":"https:\/\/www.radiopiu.net\/wordpress\/wp-json\/wp\/v2\/comments?post=85450"}],"version-history":[{"count":0,"href":"https:\/\/www.radiopiu.net\/wordpress\/wp-json\/wp\/v2\/posts\/85450\/revisions"}],"wp:featuredmedia":[{"embeddable":true,"href":"https:\/\/www.radiopiu.net\/wordpress\/wp-json\/wp\/v2\/media\/85554"}],"wp:attachment":[{"href":"https:\/\/www.radiopiu.net\/wordpress\/wp-json\/wp\/v2\/media?parent=85450"}],"wp:term":[{"taxonomy":"category","embeddable":true,"href":"https:\/\/www.radiopiu.net\/wordpress\/wp-json\/wp\/v2\/categories?post=85450"},{"taxonomy":"post_tag","embeddable":true,"href":"https:\/\/www.radiopiu.net\/wordpress\/wp-json\/wp\/v2\/tags?post=85450"}],"curies":[{"name":"wp","href":"https:\/\/api.w.org\/{rel}","templated":true}]}}