{"id":85480,"date":"2019-05-14T17:14:24","date_gmt":"2019-05-14T15:14:24","guid":{"rendered":"http:\/\/www.radiopiu.net\/wordpress\/?p=85480"},"modified":"2019-05-15T11:46:12","modified_gmt":"2019-05-15T09:46:12","slug":"sanita-la-giunta-veneta-approva-in-via-definitiva-le-nuove-schede-ospedaliere","status":"publish","type":"post","link":"https:\/\/www.radiopiu.net\/wordpress\/sanita-la-giunta-veneta-approva-in-via-definitiva-le-nuove-schede-ospedaliere\/","title":{"rendered":"SANITA\u2019. LA GIUNTA VENETA APPROVA IN VIA DEFINITIVA LE NUOVE SCHEDE OSPEDALIERE."},"content":{"rendered":"<h2><\/h2>\n<p><strong>VENEZIA\u00a0<\/strong> La Giunta regionale del Veneto ha approvato\u00a0 in via definitiva, le nuove schede ospedaliere che, sulla base del Piano Sociosanitario 2019-2013 gi\u00e0 in vigore, ridisegnano la dotazione di posti letto, reparti e primariati nel settore pubblico. Il sistema ospedaliero regionale potr\u00e0 contare su un totale di 17.990 posti letto contro i 17.861 della precedente programmazione (129 in pi\u00f9), dei quali 14.901 per acuti (compresi 398 da utilizzare per pazienti provenienti da fuori Veneto); e 3.089 per la riabilitazione (compresi 274 per pazienti da fuori Veneto). A questi, si aggiungono 2013 posti letto nelle strutture intermedie, pensate per assistere al meglio i pazienti nella fase intermedia tra l\u2019acuzie e il rientro a casa. I Primari, che guideranno altrettanti Reparti, saranno 772. I numeri generali sono in sostanziale aumento sia rispetto alla precedente programmazione del 2013, sia rispetto alla prima proposta inviata dalla Giunta alla Quinta Commissione del Consiglio regionale, valutata dalla Commissione con l\u2019espressione del parere dopo approfondita discussione, e infine ritrasmessa alla Giunta per l\u2019approvazione finale di oggi. Generalizzato \u00e8 anche l\u2019aumento rispetto al tasso reale di occupazione dei letti monitorato costantemente nei 5 anni precedenti.<\/p>\n<blockquote><p><em>\u201cCome abbiamo sempre garantito nonostante i catastrofismi fatti circolare a piene mani \u2013 sottolinea il Presidente della Regione \u2013 \u00e8 stato cercato e trovato il giusto equilibrio tra i vari fattori che determinano le scelte programmatorie in sanit\u00e0: le reali necessit\u00e0 della gente, l\u2019evoluzione delle condizioni di salute generali, lo sviluppo delle tecnologie, le normative nazionali non valicabili, le indicazioni e i suggerimenti arrivati dalla Quinta Commissione e le esigenze e aspirazioni espresse dai territori&#8221;. <\/em><\/p><\/blockquote>\n<p>&nbsp;<\/p>\n","protected":false},"excerpt":{"rendered":"<p>VENEZIA\u00a0 La Giunta regionale del Veneto ha approvato\u00a0 in via definitiva, le nuove schede ospedaliere che, sulla base del Piano Sociosanitario 2019-2013 gi\u00e0 in vigore, ridisegnano la dotazione di posti letto, reparti e primariati nel settore pubblico. Il sistema ospedaliero regionale potr\u00e0 contare su un totale di 17.990 posti letto contro i 17.861 della precedente&hellip;<\/p>\n","protected":false},"author":1,"featured_media":51292,"comment_status":"closed","ping_status":"closed","sticky":false,"template":"","format":"standard","meta":{"_monsterinsights_skip_tracking":false,"_monsterinsights_sitenote_active":false,"_monsterinsights_sitenote_note":"","_monsterinsights_sitenote_category":0,"footnotes":""},"categories":[103,49],"tags":[],"class_list":["post-85480","post","type-post","status-publish","format-standard","has-post-thumbnail","hentry","category-evidenza_2","category-news-18","category-103","category-49","description-off"],"img_url":"https:\/\/www.radiopiu.net\/wordpress\/wp-content\/uploads\/2018\/06\/sanita.jpg","_links":{"self":[{"href":"https:\/\/www.radiopiu.net\/wordpress\/wp-json\/wp\/v2\/posts\/85480","targetHints":{"allow":["GET"]}}],"collection":[{"href":"https:\/\/www.radiopiu.net\/wordpress\/wp-json\/wp\/v2\/posts"}],"about":[{"href":"https:\/\/www.radiopiu.net\/wordpress\/wp-json\/wp\/v2\/types\/post"}],"author":[{"embeddable":true,"href":"https:\/\/www.radiopiu.net\/wordpress\/wp-json\/wp\/v2\/users\/1"}],"replies":[{"embeddable":true,"href":"https:\/\/www.radiopiu.net\/wordpress\/wp-json\/wp\/v2\/comments?post=85480"}],"version-history":[{"count":0,"href":"https:\/\/www.radiopiu.net\/wordpress\/wp-json\/wp\/v2\/posts\/85480\/revisions"}],"wp:featuredmedia":[{"embeddable":true,"href":"https:\/\/www.radiopiu.net\/wordpress\/wp-json\/wp\/v2\/media\/51292"}],"wp:attachment":[{"href":"https:\/\/www.radiopiu.net\/wordpress\/wp-json\/wp\/v2\/media?parent=85480"}],"wp:term":[{"taxonomy":"category","embeddable":true,"href":"https:\/\/www.radiopiu.net\/wordpress\/wp-json\/wp\/v2\/categories?post=85480"},{"taxonomy":"post_tag","embeddable":true,"href":"https:\/\/www.radiopiu.net\/wordpress\/wp-json\/wp\/v2\/tags?post=85480"}],"curies":[{"name":"wp","href":"https:\/\/api.w.org\/{rel}","templated":true}]}}