{"id":85579,"date":"2019-05-18T05:59:54","date_gmt":"2019-05-18T03:59:54","guid":{"rendered":"http:\/\/www.radiopiu.net\/wordpress\/?p=85579"},"modified":"2019-05-18T06:23:50","modified_gmt":"2019-05-18T04:23:50","slug":"sanita-giunta-veneta-amplia-offerta-per-il-vaccino-contro-lencefalite-da-zecche","status":"publish","type":"post","link":"https:\/\/www.radiopiu.net\/wordpress\/sanita-giunta-veneta-amplia-offerta-per-il-vaccino-contro-lencefalite-da-zecche\/","title":{"rendered":"SANITA\u2019. GIUNTA VENETA AMPLIA OFFERTA PER IL VACCINO CONTRO L\u2019ENCEFALITE DA ZECCHE"},"content":{"rendered":"<p class=\"western\"><strong>VENEZIA\u00a0<\/strong> <span style=\"font-size: medium;\">Con una delibera approvata dalla Giunta regionale, su proposta dell\u2019Assessore alla Sanit\u00e0, \u00e8 stato ampliato e agevolato l\u2019accesso alla vaccinazione contro l\u2019encefalite da zecche (TBE), mediante l\u2019offerta gratuita o a prezzo agevolato del vaccino.<\/span><\/p>\n<ul>\n<li>\n<p align=\"JUSTIFY\"><span style=\"font-family: Calibri, sans-serif;\"><span style=\"font-size: small;\"><span style=\"font-family: Times New Roman, serif;\"><span style=\"font-size: medium;\"><a class=\"dt-pswp-item\" href=\"http:\/\/www.radiopiu.net\/wordpress\/wp-content\/uploads\/2017\/04\/ZECCA-1.jpg\" data-dt-img-description=\"\" data-large_image_width=\"1192\" data-large_image_height=\"797\"><img loading=\"lazy\" decoding=\"async\" class=\"wp-image-31441 alignleft\" src=\"http:\/\/www.radiopiu.net\/wordpress\/wp-content\/uploads\/2017\/04\/ZECCA-1-1024x685.jpg\" alt=\"\" width=\"193\" height=\"129\" \/><\/a>Le novit\u00e0 riguardano l\u2019 offerta gratuita per tutti i residenti nell\u2019Azienda ULSS 1 Dolomiti (Provincia di Belluno), in quanto area ad alta endemia, su richiesta degli interessati; <\/span><\/span> <span style=\"font-family: Times New Roman, serif;\"><span style=\"font-size: medium;\">il mantenimento dell\u2019offerta gratuita ai volontari della Protezione civile e del Soccorso alpino; l\u2019offerta a prezzo agevolato (pari a 25 Euro a dose) ai residenti nelle zone a moderata e bassa endemia delle altre Aziende ULSS del Veneto; l\u2019 offerta a prezzo agevolato (25 Euro a dose) alle persone a rischio occupazionale delle zone a moderata e bassa endemia, con costo a carico del datore di lavoro, come previsto dalla normativa vigente.<\/span><\/span><\/span><\/span><\/p>\n<\/li>\n<\/ul>\n<blockquote><p><strong>NOTIZIARIO DI RADIO PIU&#8217;:\u00a0 L&#8217;ASSESSORE GIANPAOLO BOTTACIN\u00a0<\/strong><\/p><\/blockquote>\n<audio class=\"wp-audio-shortcode\" id=\"audio-85579-1\" preload=\"none\" style=\"width: 100%;\" controls=\"controls\"><source type=\"audio\/mpeg\" src=\"http:\/\/www.radiopiu.net\/wordpress\/wp-content\/uploads\/2019\/05\/BOTTA.mp3?_=1\" \/><a href=\"http:\/\/www.radiopiu.net\/wordpress\/wp-content\/uploads\/2019\/05\/BOTTA.mp3\">http:\/\/www.radiopiu.net\/wordpress\/wp-content\/uploads\/2019\/05\/BOTTA.mp3<\/a><\/audio>\n<blockquote><p>&nbsp;<\/p>\n<p align=\"JUSTIFY\">\n<\/blockquote>\n<p class=\"western\" align=\"JUSTIFY\"><span style=\"font-size: medium;\">L\u2019encefalite da zecche \u00e8 una malattia infettiva causata da un virus trasmesso generalmente attraverso il morso di alcuni tipi di zecche, che vivono nei boschi, nelle radure e nelle zone di transizione tra foresta e prati. Talvolta l\u2019infezione avviene tramite l\u2019ingestione di latte e latticini non pastorizzati. L\u2019infezione si verifica soprattutto nel periodo fra aprile e ottobre, con un picco massimo nei mesi di giugno e luglio, quando sono pi\u00f9 frequenti le attivit\u00e0 all\u2019aperto. <\/span><span style=\"font-size: medium;\">Nei due terzi circa dei casi la malattia decorre in modo asintomatico. Nei rimanenti casi, si hanno sintomi simil-influenzali seguiti, nel 20-30% dei pazienti, da un interessamento dell\u2019encefalo e\/o del midollo spinale (meningite, encefalite, radicolomielite) che pu\u00f2 causare disabilit\u00e0 neurologiche permanenti o addirittura il decesso. Il rischio di morte e di disabilit\u00e0 a lungo termine aumenta con l\u2019et\u00e0 ed \u00e8 particolarmente elevato sopra i 60 anni. <\/span><span style=\"font-size: medium;\">La prevenzione della TBE pu\u00f2 avvalersi, oltre che di accorgimenti comportamentali per evitare di essere morsi dalle zecche, anche di un vaccino ad elevata efficacia e sicurezza. Il ciclo vaccinale \u00e8 costituito da 3 dosi, con successivi richiami ogni 3-5 anni.<\/span><\/p>\n<blockquote>\n<p class=\"western\" align=\"JUSTIFY\"><strong><span style=\"font-size: medium;\">In Veneto, nel periodo 2006-2018 si sono verificati 266 casi di TBE, quasi tutti nelle aree montane o pedemontane della Regione: infatti, la Provincia con il maggior numero di casi segnalati \u00e8 Belluno (153 casi), seguita da Treviso (61 casi) e Vicenza (39 casi). La Provincia di Belluno risulta pertanto un\u2019area ad alta endemia secondo la definizione dell\u2019OMS. <\/span><span style=\"font-size: medium;\">Gi\u00e0 dal 2009 la Regione Veneto offre la vaccinazione anti-TBE gratuitamente ad alcune categorie a rischio, come i volontari del Soccorso alpino e della Protezione civile. Tuttavia, alla luce del quadro epidemiologico presente nella nostra Regione e delle raccomandazioni dell\u2019OMS. Ora la Giunta regionale ha stabilito di ampliarne l\u2019offerta.<\/span><\/strong><\/p>\n<\/blockquote>\n<p align=\"JUSTIFY\">\n<p align=\"JUSTIFY\">\n<h2>Vaccini antizecche gratuito, De Carlo: \u201cRisultato fortemente voluto da Fratelli d\u2019Italia\u201d<\/h2>\n<p>\u201cRingrazio la Regione Veneto che, su sollecitazione di Fratelli d\u2019Italia, finalmente concede il vaccino antizecche gratuito ai bellunesi\u201d: l\u2019onorevole Luca De Carlo plaude alla scelta della Regione, nata nel 2018 da una mozione del consigliere regionale Sergio Berlato. \u201cQuesta \u00e8 una vittoria di tutti i bellunesi\u201d, decreta De Carlo. \u201cAnche quando qualcuno era scettico e titubante, adducendo\u00a0 problemi legislativi o economici, noi di Fratelli d\u2019Italia abbiamo portato\u00a0 avanti la questione con convinzione, continuando a sollecitare Ulss e Regione, portandola anche in Parlamento con una mia interrogazione al Ministro competente\u201d. \u201cNon \u00e8 per\u00f2 il tempo delle polemiche\u201d, conclude De Carlo. \u201cRinnovo quindi il ringraziamento alla Regione per aver dato ai bellunesi questa opportunit\u00e0 fondamentale proprio alla vigilia della stagione pi\u00f9 problematica sotto l\u2019aspetto zecche. \u00c8 il segnale che, quando si ascoltano i territori e si lavora uniti, si possono raggiungere tutti i risultati\u201d.<\/p>\n","protected":false},"excerpt":{"rendered":"<p>VENEZIA\u00a0 Con una delibera approvata dalla Giunta regionale, su proposta dell\u2019Assessore alla Sanit\u00e0, \u00e8 stato ampliato e agevolato l\u2019accesso alla vaccinazione contro l\u2019encefalite da zecche (TBE), mediante l\u2019offerta gratuita o a prezzo agevolato del vaccino. Le novit\u00e0 riguardano l\u2019 offerta gratuita per tutti i residenti nell\u2019Azienda ULSS 1 Dolomiti (Provincia di Belluno), in quanto area&hellip;<\/p>\n","protected":false},"author":1,"featured_media":0,"comment_status":"closed","ping_status":"closed","sticky":false,"template":"","format":"standard","meta":{"_monsterinsights_skip_tracking":false,"_monsterinsights_sitenote_active":false,"_monsterinsights_sitenote_note":"","_monsterinsights_sitenote_category":0,"footnotes":""},"categories":[49],"tags":[],"class_list":["post-85579","post","type-post","status-publish","format-standard","hentry","category-news-18","category-49","description-off"],"img_url":false,"_links":{"self":[{"href":"https:\/\/www.radiopiu.net\/wordpress\/wp-json\/wp\/v2\/posts\/85579","targetHints":{"allow":["GET"]}}],"collection":[{"href":"https:\/\/www.radiopiu.net\/wordpress\/wp-json\/wp\/v2\/posts"}],"about":[{"href":"https:\/\/www.radiopiu.net\/wordpress\/wp-json\/wp\/v2\/types\/post"}],"author":[{"embeddable":true,"href":"https:\/\/www.radiopiu.net\/wordpress\/wp-json\/wp\/v2\/users\/1"}],"replies":[{"embeddable":true,"href":"https:\/\/www.radiopiu.net\/wordpress\/wp-json\/wp\/v2\/comments?post=85579"}],"version-history":[{"count":0,"href":"https:\/\/www.radiopiu.net\/wordpress\/wp-json\/wp\/v2\/posts\/85579\/revisions"}],"wp:attachment":[{"href":"https:\/\/www.radiopiu.net\/wordpress\/wp-json\/wp\/v2\/media?parent=85579"}],"wp:term":[{"taxonomy":"category","embeddable":true,"href":"https:\/\/www.radiopiu.net\/wordpress\/wp-json\/wp\/v2\/categories?post=85579"},{"taxonomy":"post_tag","embeddable":true,"href":"https:\/\/www.radiopiu.net\/wordpress\/wp-json\/wp\/v2\/tags?post=85579"}],"curies":[{"name":"wp","href":"https:\/\/api.w.org\/{rel}","templated":true}]}}