{"id":85581,"date":"2019-05-15T11:22:35","date_gmt":"2019-05-15T09:22:35","guid":{"rendered":"http:\/\/www.radiopiu.net\/wordpress\/?p=85581"},"modified":"2019-05-17T06:34:35","modified_gmt":"2019-05-17T04:34:35","slug":"boschi-bombardati-foto-servizio-di-claudio-pra","status":"publish","type":"post","link":"https:\/\/www.radiopiu.net\/wordpress\/boschi-bombardati-foto-servizio-di-claudio-pra\/","title":{"rendered":"BOSCHI BOMBARDATI foto servizio di CLAUDIO PRA"},"content":{"rendered":"<p>Claudio Pra, conduttore dei programmi &#8220;La montagna nel cuore 360 gradi di passione ad alta quota ha scattato tre fotografie che la dicono lunga su cosa \u00e8 successo ai nostri boschi a fine ottobre. Come dice Dario Costa sulla pagine facebook\u00a0 &#8220;<span dir=\"ltr\"><span class=\"_3l3x\">Tabula rasa, penso che sia il commento pi\u00f9 realistico possibile&#8221;. Alla domanda quali sono i paesi pi\u00f9 vicini risponde Pra &#8221; il pi\u00f9 vicino \u00e8 Bramezza. Poi Caracoi Agoin e Lagussel. In lontananza la zona del Belvedere sopra Caprile e frazioni di Colle&#8221;<\/span><\/span><\/p>\n<p><a class=\"dt-pswp-item\" href=\"http:\/\/www.radiopiu.net\/wordpress\/wp-content\/uploads\/2019\/05\/60319922_2321180721538733_9001164855754883072_n.jpg\" data-dt-img-description=\"\" data-large_image_width=\"960\" data-large_image_height=\"540\"><img loading=\"lazy\" decoding=\"async\" class=\"alignnone size-full wp-image-85582\" src=\"http:\/\/www.radiopiu.net\/wordpress\/wp-content\/uploads\/2019\/05\/60319922_2321180721538733_9001164855754883072_n.jpg\" alt=\"\" width=\"960\" height=\"540\" srcset=\"https:\/\/www.radiopiu.net\/wordpress\/wp-content\/uploads\/2019\/05\/60319922_2321180721538733_9001164855754883072_n.jpg 960w, https:\/\/www.radiopiu.net\/wordpress\/wp-content\/uploads\/2019\/05\/60319922_2321180721538733_9001164855754883072_n-300x169.jpg 300w, https:\/\/www.radiopiu.net\/wordpress\/wp-content\/uploads\/2019\/05\/60319922_2321180721538733_9001164855754883072_n-768x432.jpg 768w\" sizes=\"auto, (max-width: 960px) 100vw, 960px\" \/><\/a><a class=\"dt-pswp-item\" href=\"http:\/\/www.radiopiu.net\/wordpress\/wp-content\/uploads\/2019\/05\/60663304_2321180508205421_2750317393581441024_n.jpg\" data-dt-img-description=\"\" data-large_image_width=\"960\" data-large_image_height=\"539\"><img loading=\"lazy\" decoding=\"async\" class=\"alignnone size-large wp-image-85583\" src=\"http:\/\/www.radiopiu.net\/wordpress\/wp-content\/uploads\/2019\/05\/60663304_2321180508205421_2750317393581441024_n.jpg\" alt=\"\" width=\"960\" height=\"539\" srcset=\"https:\/\/www.radiopiu.net\/wordpress\/wp-content\/uploads\/2019\/05\/60663304_2321180508205421_2750317393581441024_n.jpg 960w, https:\/\/www.radiopiu.net\/wordpress\/wp-content\/uploads\/2019\/05\/60663304_2321180508205421_2750317393581441024_n-300x168.jpg 300w, https:\/\/www.radiopiu.net\/wordpress\/wp-content\/uploads\/2019\/05\/60663304_2321180508205421_2750317393581441024_n-768x431.jpg 768w\" sizes=\"auto, (max-width: 960px) 100vw, 960px\" \/><\/a><a class=\"dt-pswp-item\" href=\"http:\/\/www.radiopiu.net\/wordpress\/wp-content\/uploads\/2019\/05\/60547607_2321180974872041_2197035265514536960_n.jpg\" data-dt-img-description=\"\" data-large_image_width=\"960\" data-large_image_height=\"540\"><img loading=\"lazy\" decoding=\"async\" class=\"alignnone size-large wp-image-85584\" src=\"http:\/\/www.radiopiu.net\/wordpress\/wp-content\/uploads\/2019\/05\/60547607_2321180974872041_2197035265514536960_n.jpg\" alt=\"\" width=\"960\" height=\"540\" srcset=\"https:\/\/www.radiopiu.net\/wordpress\/wp-content\/uploads\/2019\/05\/60547607_2321180974872041_2197035265514536960_n.jpg 960w, https:\/\/www.radiopiu.net\/wordpress\/wp-content\/uploads\/2019\/05\/60547607_2321180974872041_2197035265514536960_n-300x169.jpg 300w, https:\/\/www.radiopiu.net\/wordpress\/wp-content\/uploads\/2019\/05\/60547607_2321180974872041_2197035265514536960_n-768x432.jpg 768w\" sizes=\"auto, (max-width: 960px) 100vw, 960px\" \/><\/a><\/p>\n","protected":false},"excerpt":{"rendered":"<p>Claudio Pra, conduttore dei programmi &#8220;La montagna nel cuore 360 gradi di passione ad alta quota ha scattato tre fotografie che la dicono lunga su cosa \u00e8 successo ai nostri boschi a fine ottobre. Come dice Dario Costa sulla pagine facebook\u00a0 &#8220;Tabula rasa, penso che sia il commento pi\u00f9 realistico possibile&#8221;. Alla domanda quali sono&hellip;<\/p>\n","protected":false},"author":1,"featured_media":85584,"comment_status":"closed","ping_status":"closed","sticky":false,"template":"","format":"standard","meta":{"_monsterinsights_skip_tracking":false,"_monsterinsights_sitenote_active":false,"_monsterinsights_sitenote_note":"","_monsterinsights_sitenote_category":0,"footnotes":""},"categories":[103,49],"tags":[],"class_list":["post-85581","post","type-post","status-publish","format-standard","has-post-thumbnail","hentry","category-evidenza_2","category-news-18","category-103","category-49","description-off"],"img_url":"https:\/\/www.radiopiu.net\/wordpress\/wp-content\/uploads\/2019\/05\/60547607_2321180974872041_2197035265514536960_n.jpg","_links":{"self":[{"href":"https:\/\/www.radiopiu.net\/wordpress\/wp-json\/wp\/v2\/posts\/85581","targetHints":{"allow":["GET"]}}],"collection":[{"href":"https:\/\/www.radiopiu.net\/wordpress\/wp-json\/wp\/v2\/posts"}],"about":[{"href":"https:\/\/www.radiopiu.net\/wordpress\/wp-json\/wp\/v2\/types\/post"}],"author":[{"embeddable":true,"href":"https:\/\/www.radiopiu.net\/wordpress\/wp-json\/wp\/v2\/users\/1"}],"replies":[{"embeddable":true,"href":"https:\/\/www.radiopiu.net\/wordpress\/wp-json\/wp\/v2\/comments?post=85581"}],"version-history":[{"count":0,"href":"https:\/\/www.radiopiu.net\/wordpress\/wp-json\/wp\/v2\/posts\/85581\/revisions"}],"wp:featuredmedia":[{"embeddable":true,"href":"https:\/\/www.radiopiu.net\/wordpress\/wp-json\/wp\/v2\/media\/85584"}],"wp:attachment":[{"href":"https:\/\/www.radiopiu.net\/wordpress\/wp-json\/wp\/v2\/media?parent=85581"}],"wp:term":[{"taxonomy":"category","embeddable":true,"href":"https:\/\/www.radiopiu.net\/wordpress\/wp-json\/wp\/v2\/categories?post=85581"},{"taxonomy":"post_tag","embeddable":true,"href":"https:\/\/www.radiopiu.net\/wordpress\/wp-json\/wp\/v2\/tags?post=85581"}],"curies":[{"name":"wp","href":"https:\/\/api.w.org\/{rel}","templated":true}]}}