{"id":85595,"date":"2019-05-16T05:52:45","date_gmt":"2019-05-16T03:52:45","guid":{"rendered":"http:\/\/www.radiopiu.net\/wordpress\/?p=85595"},"modified":"2019-05-16T09:18:36","modified_gmt":"2019-05-16T07:18:36","slug":"giornale-radiopiu-16-maggio-2019-direttore-mirko-mezzacasa","status":"publish","type":"post","link":"https:\/\/www.radiopiu.net\/wordpress\/giornale-radiopiu-16-maggio-2019-direttore-mirko-mezzacasa\/","title":{"rendered":"GIORNALE RADIOPIU 16 MAGGIO 2019 DIRETTORE MIRKO MEZZACASA"},"content":{"rendered":"<p><strong>Non si ferma la frana di Schiucaz<\/strong>, la giornata di pioggia non ha aiutato e anche ieri la massa da 6000 metri cubi con un fronte di 60 metri di altezza\u00a0 ha avanzato di almeno 12 centimetri a monte, la Provincia stanzia 2 milioni di euro con una variazione al bilancio per lavori di somma urgenza. <strong>Dal Comune <\/strong>il sindaco Soccal annuncia un ruolo \u00abda collettore tra i soggetti coinvolti per arrivare alla soluzione migliore possibile\u00bb.\u00a0 <strong>Il vaccino contro l&#8217;encefalite<\/strong> da zecche (Tbe) sar\u00e0 messo a disposizione della Regione gratuitamente per chi vive in Provincia, su tutto il territorio della Ulss1 Dolomiti<strong>. La statale 52 Carnica<\/strong> sar\u00e0 chiusa fino a sabato mattina per i lavori di costruzione dei paramassi, deviazioni per passo di Sant&#8217;Antonio e 48 delle Dolomiti. <strong>La Provinciale 3 di Valle Imperina<\/strong> in localit\u00e0 Le Feste a Gosaldo rimane chiusa per lavori per tutta la prossima settimana dalle 8 alle 12 e dalle 13.30 alle 18.<strong> Provincia e Veneto Strade<\/strong> sotterrano l&#8217;ascia di guerra, \u00e8 accordo dopo anni di cause legate a convenzioni tra i due enti. <strong>Incidente ai Giaroni<\/strong> (foto copertina), nel primo pomeriggio di ieri ha perso il controllo della Hyundai\u00a0 in localit\u00e0 Giaroni di Fonzaso e ha distrutto la vettura nella carambola contro i due guard rail. L&#8217;uomo, residente a Seren del Grappa \u00e8 uscito illeso.<strong> Il Corriere delle Alpi<\/strong> da oggi una notizia preoccupante, ovvero la mancanza di un gestore per la Cooperativa di Livinallongo, c&#8217;\u00e8 il via libera per la fusione con Alleghe e Rocca Pietore. <strong>Il Radio Club Cime Bianche<\/strong> si \u00e8 fatto promotore di un&#8217;iniziativa importante, portare i segnali radio per le emergenze in Valle di San Lucano, eccellente il lavoro di squadra con Suem, Pronto Soccorso, Comune. <strong>Gli studenti di Cencenighe<\/strong> e dell&#8217;Alto Agordino del progetto extrascolastico Al Formigher hanno dato alle stampe un libro che racconta una favola, lo scopo raccogliere denaro per ripristinare la passerella verso la sorgente solforosa di Saviner, oggi lo racconteranno alla radio alle 15.10 e 21. <strong>Il fine settimana da Alpe del Nevegal<\/strong> \u00e8 sempre pi\u00f9 vicino, Roberto Bona presenta l&#8217;evento nei notiziari e nello speciale in onda alle 10.30 e 19.00. <strong>Gestione Servizi Pubblici<\/strong> informa che a Gosaldo nelle localit\u00e0 Foche, Lambroi, Deneore, Magait, Ren, Selle e Col Tamai l&#8217;acqua erogata dall&#8217;acquedotto <span style=\"color: #ff0000;\">non \u00e8 potabile<\/span> e pu\u00f2 essere usata per scopi alimentari SOLO PREVIA adeguata bollitura.<\/p>\n<p><strong>LE FOTO DI QUESTA NOTTE E QUESTA MATTINA DALL&#8217;ALPAGO<\/strong><\/p>\n<p><a class=\"dt-pswp-item\" href=\"http:\/\/www.radiopiu.net\/wordpress\/wp-content\/uploads\/2019\/05\/e3012a95-cd8c-49aa-bc4c-da6df386b15c.jpg\" data-dt-img-description=\"\" data-large_image_width=\"1600\" data-large_image_height=\"900\"><img loading=\"lazy\" decoding=\"async\" class=\"alignnone size-medium wp-image-85685\" src=\"http:\/\/www.radiopiu.net\/wordpress\/wp-content\/uploads\/2019\/05\/e3012a95-cd8c-49aa-bc4c-da6df386b15c-300x169.jpg\" alt=\"\" width=\"300\" height=\"169\" srcset=\"https:\/\/www.radiopiu.net\/wordpress\/wp-content\/uploads\/2019\/05\/e3012a95-cd8c-49aa-bc4c-da6df386b15c-300x169.jpg 300w, https:\/\/www.radiopiu.net\/wordpress\/wp-content\/uploads\/2019\/05\/e3012a95-cd8c-49aa-bc4c-da6df386b15c-768x432.jpg 768w, https:\/\/www.radiopiu.net\/wordpress\/wp-content\/uploads\/2019\/05\/e3012a95-cd8c-49aa-bc4c-da6df386b15c-1024x576.jpg 1024w, https:\/\/www.radiopiu.net\/wordpress\/wp-content\/uploads\/2019\/05\/e3012a95-cd8c-49aa-bc4c-da6df386b15c.jpg 1600w\" sizes=\"auto, (max-width: 300px) 100vw, 300px\" \/><\/a><a class=\"dt-pswp-item\" href=\"http:\/\/www.radiopiu.net\/wordpress\/wp-content\/uploads\/2019\/05\/ca5fd3a5-12f9-4e20-aed5-c7896f51618c.jpg\" data-dt-img-description=\"\" data-large_image_width=\"1600\" data-large_image_height=\"900\"><img loading=\"lazy\" decoding=\"async\" class=\"alignnone size-medium wp-image-85684\" src=\"http:\/\/www.radiopiu.net\/wordpress\/wp-content\/uploads\/2019\/05\/ca5fd3a5-12f9-4e20-aed5-c7896f51618c-300x169.jpg\" alt=\"\" width=\"300\" height=\"169\" srcset=\"https:\/\/www.radiopiu.net\/wordpress\/wp-content\/uploads\/2019\/05\/ca5fd3a5-12f9-4e20-aed5-c7896f51618c-300x169.jpg 300w, https:\/\/www.radiopiu.net\/wordpress\/wp-content\/uploads\/2019\/05\/ca5fd3a5-12f9-4e20-aed5-c7896f51618c-768x432.jpg 768w, https:\/\/www.radiopiu.net\/wordpress\/wp-content\/uploads\/2019\/05\/ca5fd3a5-12f9-4e20-aed5-c7896f51618c-1024x576.jpg 1024w, https:\/\/www.radiopiu.net\/wordpress\/wp-content\/uploads\/2019\/05\/ca5fd3a5-12f9-4e20-aed5-c7896f51618c.jpg 1600w\" sizes=\"auto, (max-width: 300px) 100vw, 300px\" \/><\/a><a class=\"dt-pswp-item\" href=\"http:\/\/www.radiopiu.net\/wordpress\/wp-content\/uploads\/2019\/05\/28035f7b-cc11-4449-bd48-43994a819ee7.jpg\" data-dt-img-description=\"\" data-large_image_width=\"1600\" data-large_image_height=\"900\"><img loading=\"lazy\" decoding=\"async\" class=\"alignnone wp-image-85681\" src=\"http:\/\/www.radiopiu.net\/wordpress\/wp-content\/uploads\/2019\/05\/28035f7b-cc11-4449-bd48-43994a819ee7-300x169.jpg\" alt=\"\" width=\"405\" height=\"228\" srcset=\"https:\/\/www.radiopiu.net\/wordpress\/wp-content\/uploads\/2019\/05\/28035f7b-cc11-4449-bd48-43994a819ee7-300x169.jpg 300w, https:\/\/www.radiopiu.net\/wordpress\/wp-content\/uploads\/2019\/05\/28035f7b-cc11-4449-bd48-43994a819ee7-768x432.jpg 768w, https:\/\/www.radiopiu.net\/wordpress\/wp-content\/uploads\/2019\/05\/28035f7b-cc11-4449-bd48-43994a819ee7-1024x576.jpg 1024w, https:\/\/www.radiopiu.net\/wordpress\/wp-content\/uploads\/2019\/05\/28035f7b-cc11-4449-bd48-43994a819ee7.jpg 1600w\" sizes=\"auto, (max-width: 405px) 100vw, 405px\" \/><\/a> <a class=\"dt-pswp-item\" href=\"http:\/\/www.radiopiu.net\/wordpress\/wp-content\/uploads\/2019\/05\/00b2fcc6-dbf6-4a7d-93c0-71cb6f9b70ac.jpg\" data-dt-img-description=\"\" data-large_image_width=\"1600\" data-large_image_height=\"1200\"><img loading=\"lazy\" decoding=\"async\" class=\"alignnone size-medium wp-image-85677\" src=\"http:\/\/www.radiopiu.net\/wordpress\/wp-content\/uploads\/2019\/05\/00b2fcc6-dbf6-4a7d-93c0-71cb6f9b70ac-300x225.jpg\" alt=\"\" width=\"300\" height=\"225\" srcset=\"https:\/\/www.radiopiu.net\/wordpress\/wp-content\/uploads\/2019\/05\/00b2fcc6-dbf6-4a7d-93c0-71cb6f9b70ac-300x225.jpg 300w, https:\/\/www.radiopiu.net\/wordpress\/wp-content\/uploads\/2019\/05\/00b2fcc6-dbf6-4a7d-93c0-71cb6f9b70ac-768x576.jpg 768w, https:\/\/www.radiopiu.net\/wordpress\/wp-content\/uploads\/2019\/05\/00b2fcc6-dbf6-4a7d-93c0-71cb6f9b70ac-1024x768.jpg 1024w, https:\/\/www.radiopiu.net\/wordpress\/wp-content\/uploads\/2019\/05\/00b2fcc6-dbf6-4a7d-93c0-71cb6f9b70ac.jpg 1600w\" sizes=\"auto, (max-width: 300px) 100vw, 300px\" \/><\/a><a class=\"dt-pswp-item\" href=\"http:\/\/www.radiopiu.net\/wordpress\/wp-content\/uploads\/2019\/05\/b9d61c5f-9f7a-4a64-bdba-bedb7d245276.jpg\" data-dt-img-description=\"\" data-large_image_width=\"1600\" data-large_image_height=\"1200\"><img loading=\"lazy\" decoding=\"async\" class=\"alignnone size-medium wp-image-85682\" src=\"http:\/\/www.radiopiu.net\/wordpress\/wp-content\/uploads\/2019\/05\/b9d61c5f-9f7a-4a64-bdba-bedb7d245276-300x225.jpg\" alt=\"\" width=\"300\" height=\"225\" srcset=\"https:\/\/www.radiopiu.net\/wordpress\/wp-content\/uploads\/2019\/05\/b9d61c5f-9f7a-4a64-bdba-bedb7d245276-300x225.jpg 300w, https:\/\/www.radiopiu.net\/wordpress\/wp-content\/uploads\/2019\/05\/b9d61c5f-9f7a-4a64-bdba-bedb7d245276-768x576.jpg 768w, https:\/\/www.radiopiu.net\/wordpress\/wp-content\/uploads\/2019\/05\/b9d61c5f-9f7a-4a64-bdba-bedb7d245276-1024x768.jpg 1024w, https:\/\/www.radiopiu.net\/wordpress\/wp-content\/uploads\/2019\/05\/b9d61c5f-9f7a-4a64-bdba-bedb7d245276.jpg 1600w\" sizes=\"auto, (max-width: 300px) 100vw, 300px\" \/><\/a><a class=\"dt-pswp-item\" href=\"http:\/\/www.radiopiu.net\/wordpress\/wp-content\/uploads\/2019\/05\/bfdd5d22-89b0-46ea-9f6a-2ac010bd854c.jpg\" data-dt-img-description=\"\" data-large_image_width=\"1600\" data-large_image_height=\"1200\"><img loading=\"lazy\" decoding=\"async\" class=\"alignnone size-medium wp-image-85683\" src=\"http:\/\/www.radiopiu.net\/wordpress\/wp-content\/uploads\/2019\/05\/bfdd5d22-89b0-46ea-9f6a-2ac010bd854c-300x225.jpg\" alt=\"\" width=\"300\" height=\"225\" srcset=\"https:\/\/www.radiopiu.net\/wordpress\/wp-content\/uploads\/2019\/05\/bfdd5d22-89b0-46ea-9f6a-2ac010bd854c-300x225.jpg 300w, https:\/\/www.radiopiu.net\/wordpress\/wp-content\/uploads\/2019\/05\/bfdd5d22-89b0-46ea-9f6a-2ac010bd854c-768x576.jpg 768w, https:\/\/www.radiopiu.net\/wordpress\/wp-content\/uploads\/2019\/05\/bfdd5d22-89b0-46ea-9f6a-2ac010bd854c-1024x768.jpg 1024w, https:\/\/www.radiopiu.net\/wordpress\/wp-content\/uploads\/2019\/05\/bfdd5d22-89b0-46ea-9f6a-2ac010bd854c.jpg 1600w\" sizes=\"auto, (max-width: 300px) 100vw, 300px\" \/><\/a><\/p>\n<h2><\/h2>\n<h2><\/h2>\n<h2><\/h2>\n<h2>7 ORE INCOLLATI ALLA RADIO,<\/h2>\n<blockquote><p><span style=\"color: #ff0000;\"><span style=\"color: #0000ff;\">LA NOTTE DEI MISTERI ALLA RADIO. LUNEDI, DALLE 21 I MISTERI DI ALLEGHE, DI ROBERTO FAORO&#8230;. TUTTA UNA TIRATA. IL LIBRO DI SERGIO SAVIANE UNA SERA ALLA RADIO. LUNEDI DALLE 20.15 SULLE FREQUENZE FM PER LA PROVINCIA DI BELLUNO, SULLO STREAMING WWW.RADIOPIU.NET IN TUTTO IL MONDO LA NOTTE DEI MISTERI, QUELLI DI ALLEGHE NEL CONTROVERSO LIBRO DI SERGIO SAVIANE..<\/span>.<\/span><\/p><\/blockquote>\n<p>&nbsp;<\/p>\n<p>&nbsp;<\/p>\n<p>&nbsp;<\/p>\n<h3>Il sindaco di Alpago sulla frana di Schiucaz: \u201cFacciamo da collettore tra i soggetti coinvolti per arrivare alla soluzione migliore possibile.\u201d<\/h3>\n<p><em><a class=\"dt-pswp-item\" href=\"http:\/\/www.radiopiu.net\/wordpress\/wp-content\/uploads\/2019\/05\/067f8ee1-c0aa-48cf-be27-6572b85c2af2.jpg\" data-dt-img-description=\"\" data-large_image_width=\"1512\" data-large_image_height=\"1512\"><img loading=\"lazy\" decoding=\"async\" class=\"size-medium wp-image-85469 alignleft\" src=\"http:\/\/www.radiopiu.net\/wordpress\/wp-content\/uploads\/2019\/05\/067f8ee1-c0aa-48cf-be27-6572b85c2af2-300x300.jpg\" alt=\"\" width=\"300\" height=\"300\" srcset=\"https:\/\/www.radiopiu.net\/wordpress\/wp-content\/uploads\/2019\/05\/067f8ee1-c0aa-48cf-be27-6572b85c2af2-300x300.jpg 300w, https:\/\/www.radiopiu.net\/wordpress\/wp-content\/uploads\/2019\/05\/067f8ee1-c0aa-48cf-be27-6572b85c2af2-150x150.jpg 150w, https:\/\/www.radiopiu.net\/wordpress\/wp-content\/uploads\/2019\/05\/067f8ee1-c0aa-48cf-be27-6572b85c2af2-768x768.jpg 768w, https:\/\/www.radiopiu.net\/wordpress\/wp-content\/uploads\/2019\/05\/067f8ee1-c0aa-48cf-be27-6572b85c2af2-1024x1024.jpg 1024w, https:\/\/www.radiopiu.net\/wordpress\/wp-content\/uploads\/2019\/05\/067f8ee1-c0aa-48cf-be27-6572b85c2af2.jpg 1512w\" sizes=\"auto, (max-width: 300px) 100vw, 300px\" \/><\/a><\/em><strong>ALPAGO<\/strong> <em>\u201cNon ci tiriamo certo indietro, anche se le competenze sulla frana e la gestione della viabilit\u00e0 della strada provinciale non sono direttamente in capo al Comune di Alpago. Abbiamo attivato il Centro Operativo Comunale subito dopo la notizia del movimento franoso, e lo terremo aperto quanto meno sino al prossimo fine settimana, e comunque finch\u00e9 non sar\u00e0 chiarito il piano operativo per intervenire sull\u2019area\u201d. <\/em>Il sindaco di Alpago Umberto Soccal tiene a sottolineare l\u2019impegno in prima fila della propria amministrazione e dell\u2019intera macchina comunale dopo l\u2019emergenza scattata domenica pomeriggio a Schiucaz. <em>\u201cNell\u2019incontro pubblico svoltosi ieri sera (marted\u00ec) a Farra, i residenti sfollati della frazione ci hanno dato atto della tempestivit\u00e0 con cui siamo intervenuti per mettere immediatamente in sicurezza le persone, ma questo di certo non ci basta o rassicura. Gli stessi abitanti di Schiucaz hanno anche lamentato la mancata esecuzione degli interventi di messa in sicurezza del versante, mossosi dopo la violentissima ondata di maltempo di fine ottobre, previsti dal piano di Veneto Strade e rimandati per vari motivi. Ora \u00e8 il momento di unire le forze per arrivare ad una soluzione quanto pi\u00f9 tempestiva e tecnicamente positiva possibile\u201d, <\/em>aggiunge il sindaco, che ringrazia il Prefetto di Belluno per l\u2019interessamento manifestato nei confronti della comunit\u00e0 locale, pur in assenza di competenze o poteri specifici. Nei prossimi giorni \u00e8 previsto un tavolo tecnico con tutti gli enti coinvolti; sulla base delle risultanze dei sopralluoghi e dei rilievi condotti in queste ore, sar\u00e0 possibile avere un\u2019idea pi\u00f9 precisa dell\u2019iter da seguire, anche in relazione ai nuovi movimenti franosi e alle precipitazioni attese nella seconda parte della settimana. <em>\u201cSiamo costantemente vicini agli abitanti sfollati di Schiucaz, di cui comprendiamo lo sconforto; la loro incolumit\u00e0 e sicurezza personale erano e rimangono le priorit\u00e0 principali, anche nell\u2019ottica delle scelte future. Tutti ci auguriamo, naturalmente, che l\u2019evoluzione meteorologica dei prossimi giorni non peggiori la situazione in maniera decisiva; da parte nostra non mancher\u00e0 tutta la collaborazione e il supporto necessari per contenere quanto pi\u00f9 possibile le conseguenze dell\u2019emergenza\u201d,<\/em> conclude il sindaco di Alpago.<\/p>\n<p>&nbsp;<\/p>\n<p>&nbsp;<\/p>\n<p>&nbsp;<\/p>\n<p>&nbsp;<\/p>\n<p>&nbsp;<\/p>\n<h3>SANITA\u2019. GIUNTA VENETA AMPLIA OFFERTA PER IL VACCINO CONTRO L\u2019ENCEFALITE DA ZECCHE<\/h3>\n<p class=\"western\"><strong>VENEZIA\u00a0<\/strong> <span style=\"font-size: medium;\">Con una delibera approvata dalla Giunta regionale, su proposta dell\u2019Assessore alla Sanit\u00e0, \u00e8 stato ampliato e agevolato l\u2019accesso alla vaccinazione contro l\u2019encefalite da zecche (TBE), mediante l\u2019offerta gratuita o a prezzo agevolato del vaccino.<\/span><\/p>\n<ul>\n<li>\n<p align=\"JUSTIFY\"><span style=\"font-family: Calibri, sans-serif;\"><span style=\"font-size: small;\"><span style=\"font-family: Times New Roman, serif;\"><span style=\"font-size: medium;\"><a class=\"dt-pswp-item\" href=\"http:\/\/www.radiopiu.net\/wordpress\/wp-content\/uploads\/2017\/04\/ZECCA-1.jpg\" data-dt-img-description=\"\" data-large_image_width=\"1192\" data-large_image_height=\"797\"><img loading=\"lazy\" decoding=\"async\" class=\"wp-image-31441 alignleft\" src=\"http:\/\/www.radiopiu.net\/wordpress\/wp-content\/uploads\/2017\/04\/ZECCA-1-1024x685.jpg\" alt=\"\" width=\"193\" height=\"129\" \/><\/a>Le novit\u00e0 riguardano l\u2019 offerta gratuita per tutti i residenti nell\u2019Azienda ULSS 1 Dolomiti (Provincia di Belluno), in quanto area ad alta endemia, su richiesta degli interessati; <\/span><\/span> <span style=\"font-family: Times New Roman, serif;\"><span style=\"font-size: medium;\">il mantenimento dell\u2019offerta gratuita ai volontari della Protezione civile e del Soccorso alpino; l\u2019offerta a prezzo agevolato (pari a 25 Euro a dose) ai residenti nelle zone a moderata e bassa endemia delle altre Aziende ULSS del Veneto; l\u2019 offerta a prezzo agevolato (25 Euro a dose) alle persone a rischio occupazionale delle zone a moderata e bassa endemia, con costo a carico del datore di lavoro, come previsto dalla normativa vigente.<\/span><\/span><\/span><\/span><\/p>\n<\/li>\n<\/ul>\n<blockquote><p><strong>NOTIZIARIO DI RADIO PIU&#8217;:\u00a0 L&#8217;ASSESSORE GIANPAOLO BOTTACIN\u00a0<\/strong><\/p><\/blockquote>\n<audio class=\"wp-audio-shortcode\" id=\"audio-85595-1\" preload=\"none\" style=\"width: 100%;\" controls=\"controls\"><source type=\"audio\/mpeg\" src=\"http:\/\/www.radiopiu.net\/wordpress\/wp-content\/uploads\/2019\/05\/BOTTA.mp3?_=1\" \/><a href=\"http:\/\/www.radiopiu.net\/wordpress\/wp-content\/uploads\/2019\/05\/BOTTA.mp3\">http:\/\/www.radiopiu.net\/wordpress\/wp-content\/uploads\/2019\/05\/BOTTA.mp3<\/a><\/audio>\n<blockquote>\n<p align=\"JUSTIFY\"><span style=\"font-size: medium;\">L\u2019encefalite da zecche \u00e8 una malattia infettiva causata da un virus trasmesso generalmente attraverso il morso di alcuni tipi di zecche, che vivono nei boschi, nelle radure e nelle zone di transizione tra foresta e prati. Talvolta l\u2019infezione avviene tramite l\u2019ingestione di latte e latticini non pastorizzati. L\u2019infezione si verifica soprattutto nel periodo fra aprile e ottobre, con un picco massimo nei mesi di giugno e luglio, quando sono pi\u00f9 frequenti le attivit\u00e0 all\u2019aperto. <\/span><span style=\"font-size: medium;\">Nei due terzi circa dei casi la malattia decorre in modo asintomatico. Nei rimanenti casi, si hanno sintomi simil-influenzali seguiti, nel 20-30% dei pazienti, da un interessamento dell\u2019encefalo e\/o del midollo spinale (meningite, encefalite, radicolomielite) che pu\u00f2 causare disabilit\u00e0 neurologiche permanenti o addirittura il decesso. Il rischio di morte e di disabilit\u00e0 a lungo termine aumenta con l\u2019et\u00e0 ed \u00e8 particolarmente elevato sopra i 60 anni. <\/span><span style=\"font-size: medium;\">La prevenzione della TBE pu\u00f2 avvalersi, oltre che di accorgimenti comportamentali per evitare di essere morsi dalle zecche, anche di un vaccino ad elevata efficacia e sicurezza. Il ciclo vaccinale \u00e8 costituito da 3 dosi, con successivi richiami ogni 3-5 anni.<\/span><\/p>\n<\/blockquote>\n<p class=\"western\" align=\"JUSTIFY\"><span style=\"font-size: medium;\">In Veneto, nel periodo 2006-2018 si sono verificati 266 casi di TBE, quasi tutti nelle aree montane o pedemontane della Regione: infatti, la Provincia con il maggior numero di casi segnalati \u00e8 Belluno (153 casi), seguita da Treviso (61 casi) e Vicenza (39 casi). La Provincia di Belluno risulta pertanto un\u2019area ad alta endemia secondo la definizione dell\u2019OMS. <\/span><span style=\"font-size: medium;\">Gi\u00e0 dal 2009 la Regione Veneto offre la vaccinazione anti-TBE gratuitamente ad alcune categorie a rischio, come i volontari del Soccorso alpino e della Protezione civile. Tuttavia, alla luce del quadro epidemiologico presente nella nostra Regione e delle raccomandazioni dell\u2019OMS. Ora la Giunta regionale ha stabilito di ampliarne l\u2019offerta.<\/span><\/p>\n<p>&nbsp;<\/p>\n<p>&nbsp;<\/p>\n<p>&nbsp;<\/p>\n<h2>Vaccini antizecche gratuito, De Carlo: \u201cRisultato fortemente voluto da Fratelli d\u2019Italia\u201d<\/h2>\n<p><strong>ROMA<\/strong> \u201cRingrazio la Regione Veneto che, su sollecitazione di Fratelli d\u2019Italia, finalmente concede il vaccino antizecche gratuito ai bellunesi\u201d: l\u2019onorevole Luca De Carlo plaude alla scelta della Regione, nata nel 2018 da una mozione del consigliere regionale Sergio Berlato. \u201cQuesta \u00e8 una vittoria di tutti i bellunesi\u201d, decreta De Carlo. \u201cAnche quando qualcuno era scettico e titubante, adducendo\u00a0 problemi legislativi o economici, noi di Fratelli d\u2019Italia abbiamo portato\u00a0 avanti la questione con convinzione, continuando a sollecitare Ulss e Regione, portandola anche in Parlamento con una mia interrogazione al Ministro competente\u201d. \u201cNon \u00e8 per\u00f2 il tempo delle polemiche\u201d, conclude De Carlo. \u201cRinnovo quindi il ringraziamento alla Regione per aver dato ai bellunesi questa opportunit\u00e0 fondamentale proprio alla vigilia della stagione pi\u00f9 problematica sotto l\u2019aspetto zecche. \u00c8 il segnale che, quando si ascoltano i territori e si lavora uniti, si possono raggiungere tutti i risultati\u201d.<\/p>\n<p>&nbsp;<\/p>\n<p>&nbsp;<\/p>\n<p>&nbsp;<\/p>\n<p>&nbsp;<\/p>\n<h2>UNA VALLE PIU&#8217; SICURA CON LE ONDE RADIO, SUCCESSO DI UN LAVORO DI SQUADRA<\/h2>\n<blockquote><p><strong><a class=\"dt-pswp-item\" href=\"http:\/\/www.radiopiu.net\/wordpress\/wp-content\/uploads\/2019\/05\/f969e9a1-066f-453c-a050-a52db9e78a8e.jpg\" data-dt-img-description=\"\" data-large_image_width=\"1200\" data-large_image_height=\"1599\"><img loading=\"lazy\" decoding=\"async\" class=\"size-medium wp-image-85619 alignleft\" src=\"http:\/\/www.radiopiu.net\/wordpress\/wp-content\/uploads\/2019\/05\/f969e9a1-066f-453c-a050-a52db9e78a8e-225x300.jpg\" alt=\"\" width=\"225\" height=\"300\" srcset=\"https:\/\/www.radiopiu.net\/wordpress\/wp-content\/uploads\/2019\/05\/f969e9a1-066f-453c-a050-a52db9e78a8e-225x300.jpg 225w, https:\/\/www.radiopiu.net\/wordpress\/wp-content\/uploads\/2019\/05\/f969e9a1-066f-453c-a050-a52db9e78a8e-768x1024.jpg 768w, https:\/\/www.radiopiu.net\/wordpress\/wp-content\/uploads\/2019\/05\/f969e9a1-066f-453c-a050-a52db9e78a8e.jpg 1200w\" sizes=\"auto, (max-width: 225px) 100vw, 225px\" \/><\/a>TAIBON <\/strong>La mancata copertura radio in Valle di San Lucano \u00e8 da sempre un problema, solo dopo l&#8217;uragano Vaia con le linee fisse distrutte e la totale assenza di wifi la Tim su pressione dell&#8217;amministrazione comunale ha messo un ponte telefonico che assicura la possibilit\u00e0 ai 20 residenti o turisti di passaggio,\u00a0 di comunicare con i cellulari. Soluzione provvisoria, che se diventasse definitiva non sarebbe male. I problemi maggiori in questi anni sono emersi nei casi di soccorso in emergenza, nessuna frequenza oltrepassa Agner e Pale di San Lucano, n\u00e8 telefonica, n\u00e8 di altro tipo per mettere in comunicazione Suem, Ospedale, Soccorso Alpino, Vigili del fuoco, Carabinieri etc. La conformit\u00e0 della valle non lo permette,\u00a0 la roccia \u00e8 invalicabile per le onde radio. Quindi soluzioni impossibili per evitare operazioni di soccorso al &#8220;buio&#8221;?<\/p>\n<p>Fortunatamente no, perch\u00e9 sul territorio ci sono persone che conoscono i problemi nell&#8217;emergenza e che hanno una grande cultura in fatto di onde radio e apparecchiature, come il presidente del Radio Club Cime Bianche Francesco Dell&#8217;Osbel che con mike (microfono) e baracchino (apparecchio Cb) ha iniziato a &#8220;giocarci&#8221; fin da quando era bambino apprendendo i segreti di una parte dell&#8217;etere. Queste conoscenze maturate nel tempo le ha condivise facendo squadra con il Suem\u00a0 trovando la soluzione ideale con le nuove tecnologie per portare i segnali in valle e la squadra ci \u00e8 riuscita, intervenire dalla valle di Angheraz a Malgonera sar\u00e0 ora pi\u00f9 facile per tutti con maggiori garanzie per turisti e valligiani in escursione o comunque in transito per la valle.<\/p><\/blockquote>\n<p style=\"text-align: center;\"><span style=\"color: #ff0000;\"><strong>COLLABORARE E&#8217; SEMPRE UN SUCCESSO\u00a0<\/strong><\/span><\/p>\n<p><strong><a class=\"dt-pswp-item\" href=\"http:\/\/www.radiopiu.net\/wordpress\/wp-content\/uploads\/2019\/05\/242c934d-e56b-4693-9607-704d7ae84d85.jpg\" data-dt-img-description=\"\" data-large_image_width=\"1200\" data-large_image_height=\"1599\"><img loading=\"lazy\" decoding=\"async\" class=\" wp-image-85620 alignleft\" src=\"http:\/\/www.radiopiu.net\/wordpress\/wp-content\/uploads\/2019\/05\/242c934d-e56b-4693-9607-704d7ae84d85-225x300.jpg\" alt=\"\" width=\"156\" height=\"208\" srcset=\"https:\/\/www.radiopiu.net\/wordpress\/wp-content\/uploads\/2019\/05\/242c934d-e56b-4693-9607-704d7ae84d85-225x300.jpg 225w, https:\/\/www.radiopiu.net\/wordpress\/wp-content\/uploads\/2019\/05\/242c934d-e56b-4693-9607-704d7ae84d85-768x1024.jpg 768w, https:\/\/www.radiopiu.net\/wordpress\/wp-content\/uploads\/2019\/05\/242c934d-e56b-4693-9607-704d7ae84d85.jpg 1200w\" sizes=\"auto, (max-width: 156px) 100vw, 156px\" \/><\/a>AGORDO<\/strong> Nei prossimi giorni diverr\u00e0 operativo il progetto ideato dall associazione Radio Club Cime Bianche di Agordo che dar\u00e0 supporto alla rete radio SUEM 118 per la completa copertura radio della media e alta valle di San Lucano e valle di Angheraz in Comune di Taibon. L&#8217;idea \u00e8 partita un po&#8217; di tempo fa, in quanto la gi\u00e0\u00a0 fragile caratteristica di questi luoghi \u00e8 stata ulteriormente aggravata in seguito al l&#8217;uragano Vaia, con la completa distruzione della linea di telefonia fissa e la precaria situazione delle varie infrastrutture. Si e&#8217; cercato quindi di implementare\u00a0 in maniera puntuale e mirata il servizio di comunicazioni radio sulla rete sanitaria\u00a0 sfruttando la conoscenza del territorio e la gestione delle comunicazioni di protezione civile. Il Radio Club ha eseguito numerose prove, trovando soluzione al problema e donando al SUEM tutta le apparecchiature radio da adibire allo scopo. Il progetto proposto e&#8217; stato in primo luogo illustrato e valutato dal Dott. Giovanni Cipolotti Direttore del SUEM e dal personale del Pronto Soccorso di Agordo, i quali hanno ben condiviso l &#8216;iniziativa.\u00a0 Subito \u00e8 stata data la completa disponibilit\u00e0 da parte dell Amministrazione Comunale di Taibon Agordino, la quale ha messo a disposizione un sito adeguato ed il proprio personale per i lavori logistici utili alla <a class=\"dt-pswp-item\" href=\"http:\/\/www.radiopiu.net\/wordpress\/wp-content\/uploads\/2019\/05\/1bf85529-e1bf-4795-a418-f872e759a4a4.jpg\" data-dt-img-description=\"\" data-large_image_width=\"1200\" data-large_image_height=\"1599\"><img loading=\"lazy\" decoding=\"async\" class=\" wp-image-85622 alignright\" src=\"http:\/\/www.radiopiu.net\/wordpress\/wp-content\/uploads\/2019\/05\/1bf85529-e1bf-4795-a418-f872e759a4a4-225x300.jpg\" alt=\"\" width=\"122\" height=\"163\" srcset=\"https:\/\/www.radiopiu.net\/wordpress\/wp-content\/uploads\/2019\/05\/1bf85529-e1bf-4795-a418-f872e759a4a4-225x300.jpg 225w, https:\/\/www.radiopiu.net\/wordpress\/wp-content\/uploads\/2019\/05\/1bf85529-e1bf-4795-a418-f872e759a4a4-768x1024.jpg 768w, https:\/\/www.radiopiu.net\/wordpress\/wp-content\/uploads\/2019\/05\/1bf85529-e1bf-4795-a418-f872e759a4a4.jpg 1200w\" sizes=\"auto, (max-width: 122px) 100vw, 122px\" \/><\/a>realizzazione dell&#8217;intervento. Si \u00e8 resa poi necessaria la costruzione di una dorsale a banda larga in supporto alle comunicazioni radio, la quale \u00e8 stata realizzata dal provider WIFI4ALL operante da anni in Agordino,\u00a0 che fornisce da tempo diverse connessioni gratuitamente alla Protezione Civile locale, e ha donato tutto il materiale necessario ed il relativo supporto tecnico.<\/p>\n<blockquote><p><em>Il presidente del Radio Club &#8220;Cime Bianche&#8221; Dell&#8217;Osbel Francesco vuole ringraziare in particolar modo il Sindaco di Taibon Agordino Silvia Tormen e il titolare della WIFI4ALL Marco Spiller\u00a0<\/em><\/p><\/blockquote>\n<p>&nbsp;<\/p>\n<p>&nbsp;<\/p>\n<p>&nbsp;<\/p>\n<p>&nbsp;<\/p>\n<h2>900 MILA EURO PER INIZIARE E SI CHIUDE LO SPINOSO PROBLEMA TRA PROVINCIA E VENETO STRADE.<\/h2>\n<p><strong>BELLUNO<\/strong> C&#8217;\u00e8 la convenzione che mette fine ad una vicenda iniziata nove anni fa con le citazioni di Veneto Strade e Provincia. Basta tribunali e contenziosi.<\/p>\n<p><strong>DI DAMIANO TORMEN<\/strong><\/p>\n<audio class=\"wp-audio-shortcode\" id=\"audio-85595-2\" preload=\"none\" style=\"width: 100%;\" controls=\"controls\"><source type=\"audio\/mpeg\" src=\"http:\/\/www.radiopiu.net\/wordpress\/wp-content\/uploads\/2019\/05\/DAMIANO-PROV.mp3?_=2\" \/><a href=\"http:\/\/www.radiopiu.net\/wordpress\/wp-content\/uploads\/2019\/05\/DAMIANO-PROV.mp3\">http:\/\/www.radiopiu.net\/wordpress\/wp-content\/uploads\/2019\/05\/DAMIANO-PROV.mp3<\/a><\/audio>\n<p>&nbsp;<\/p>\n<p>&nbsp;<\/p>\n<p>&nbsp;<\/p>\n<p>&nbsp;<\/p>\n<p>&nbsp;<\/p>\n<h3>RICHIESTE DI DENARO AL TELEFONO AD AGORDO E DINTORNI<\/h3>\n<p><strong><a class=\"dt-pswp-item\" href=\"http:\/\/www.radiopiu.net\/wordpress\/wp-content\/uploads\/2019\/05\/bd4096dc-be00-4834-8fe7-357c609091c4.jpg\" data-dt-img-description=\"\" data-large_image_width=\"898\" data-large_image_height=\"1600\"><img loading=\"lazy\" decoding=\"async\" class=\"size-medium wp-image-85610 alignleft\" src=\"http:\/\/www.radiopiu.net\/wordpress\/wp-content\/uploads\/2019\/05\/bd4096dc-be00-4834-8fe7-357c609091c4-168x300.jpg\" alt=\"\" width=\"168\" height=\"300\" srcset=\"https:\/\/www.radiopiu.net\/wordpress\/wp-content\/uploads\/2019\/05\/bd4096dc-be00-4834-8fe7-357c609091c4-168x300.jpg 168w, https:\/\/www.radiopiu.net\/wordpress\/wp-content\/uploads\/2019\/05\/bd4096dc-be00-4834-8fe7-357c609091c4-768x1368.jpg 768w, https:\/\/www.radiopiu.net\/wordpress\/wp-content\/uploads\/2019\/05\/bd4096dc-be00-4834-8fe7-357c609091c4-575x1024.jpg 575w, https:\/\/www.radiopiu.net\/wordpress\/wp-content\/uploads\/2019\/05\/bd4096dc-be00-4834-8fe7-357c609091c4.jpg 898w\" sizes=\"auto, (max-width: 168px) 100vw, 168px\" \/><\/a>AGORDO<\/strong> <em>&#8220;Mi hanno telefonato a casa, mi chiedono se sono disponibile a fare un&#8217;offerta per un&#8217;associazione che si interessa di tumori&#8221;.\u00a0<\/em><\/p>\n<p>E&#8217; la frase ripetuta ieri pomeriggio al centralino di Radio Pi\u00f9. All&#8217;altro capo telefonico chi da poco aveva ricevuto una telefonata che chiedeva la possibilit\u00e0 di poter accedere alla porta di casa per ritirare l&#8217;offerta, non un numero nascosto o segreto, ma ben visibile e che porta ad un&#8217;associazione nel veneziano. Ricordando le numerose truffe, i tentativi di entrare nelle abitazioni altrui con qualsiasi scusa alcuni cittadini hanno chiesto informazione al 112 e l&#8217;Arma dei Carabinieri ha risposto con puntualit\u00e0, poich\u00e9 informata. Si tratta dunque dell&#8217;associazione Anvolt Insieme a te Onlus delegazione di Mestre che proprio nei giorni scorsi al comandante dei Carabinieri di Agordo luogotenente Antonio D&#8217;Alcamo ha fatto sapere:<\/p>\n<p><em>&#8220;Nei prossimi giorni effettueremo una raccolta fondi a favore dei malati terminali di tumore previo assenso delle attivit\u00e0 e famiglie contattate telefonicamente. L&#8217;associazione \u00e8 costituita dal 1984 con lo scopo di raccogliere denaro a favore della patologie oncologiche per potenziare servizi poi offerti gratuitamente alla collettivit\u00e0\u00a0 senza sostituirsi ai servizi delle istituzioni pubbliche. I collaboratori sono muniti di tessera, documenti di riconoscimento e autorizzazione a riscuotere denaro, viaggiano a bordo di una Panda o una Punto di propriet\u00e0 dell&#8217;associazione con relativo logo&#8221;.<\/em><\/p>\n<p>&nbsp;<\/p>\n<p>&nbsp;<\/p>\n<p>&nbsp;<\/p>\n<p>&nbsp;<\/p>\n<h2>LA PRINCIPESSA DELLA SORGENTE SOLFOROSA NEL BOSCO ORIZZONTALE<\/h2>\n<p><strong>RADIOPIU<\/strong> Oggi alle 15.10 e questa sera alle 21 ai microfoni di Radio Pi\u00f9 i ragazzi dell&#8217;attivit\u00e0 extra scolastica Al Formigher, ragazzi e ragazze da Cencenighe all&#8217;Alto Agordino che hanno inventato una loro favola con i nomi dei paesi agordini. Un libretto che sar\u00e0 messo in vendita e il ricavato servir\u00e0 per la ricostruzione provvisoria della passerella verso la sorgente solforosa, lavori che eseguiranno gli stessi ragazzi nell&#8217;ambito dell&#8217;attivit\u00e0 estiva. Ne abbiamo parlato con loro e con Alfonso Frescura dell&#8217;associazione Al Formigher, questo il video di presentazione dello speciale di oggi dallo Studio2 di Radio Pi\u00f9.<\/p>\n<div id=\"fb-root\"><\/div>\n<p><script async=\"1\" defer=\"1\" crossorigin=\"anonymous\" src=\"https:\/\/connect.facebook.net\/it_IT\/sdk.js#xfbml=1&amp;version=v6.0\"><\/script><\/p>\n<div class=\"fb-video\" data-href=\"https:\/\/www.facebook.com\/mirko.mezzacasa\/videos\/10219711492404660\/\" data-width=\"1200\">\n<blockquote cite=\"https:\/\/www.facebook.com\/mirko.mezzacasa\/videos\/10219711492404660\/\" class=\"fb-xfbml-parse-ignore\"><p><a href=\"https:\/\/www.facebook.com\/mirko.mezzacasa\/videos\/10219711492404660\/\"><\/a><\/p>\n<p>LA PRINCIPESSA DELLA SORGENTE SOLFOROSA&#8230; IL BOSCO ORIZZONTALE&#8230; LA LORO FAVOLA.DOMANI ALLE 15.10 E ALLE 21.00 ALLA RADIO&#8230;. PIU&#039;&#8230;..Al Formigher Alfonso Frescura<\/p>\n<p>Pubblicato da <a href=\"https:\/\/www.facebook.com\/mirko.mezzacasa\">Mirko Mezzacasa<\/a> su Mercoled\u00ec 15 maggio 2019<\/p><\/blockquote>\n<\/div>\n<p>&nbsp;<\/p>\n<p>&nbsp;<\/p>\n<p>&nbsp;<\/p>\n<p>&nbsp;<\/p>\n<h2>33 MILIONI DI EURO AI COMUNI DEL VENETO<\/h2>\n<p><strong>ROMA<\/strong> \u00c8 quanto prevede il decreto del ministero dell\u2019Interno inserito nella legge di Bilancio 2019: ai nastri di partenza i lavori per realizzare investimenti per la messa in sicurezza di scuole, strade ed edifici pubblici \u201cI lavori per la realizzazione di investimenti di messa in sicurezza di scuole, strade, edifici pubblici e del patrimonio comunale sono ai nastri di partenza. \u00c8 quanto prevede il decreto del ministero dell\u2019Interno, inserito nella legge di Bilancio 2019, adottato a gennaio scorso che attribuisce contributi ai comuni con popolazione fino a 20.000 abitanti, per l\u2019anno 2019, per un importo complessivo pari a 394.490.000 euro\u201d. Lo annuncia il deputato del Movimento 5 Stelle Federico D\u2019Inc\u00e0, spiegando che per il Veneto sono stati messi a disposizione oltre 33 milioni di euro. \u201cLa somma destinata ai comuni della nostra regione \u2013 precisa D\u2019Inc\u00e0 \u2013 \u00e8 pari a 33.420.000 euro che sono cos\u00ec suddivisi: 100 mila euro a 97 comuni; 70 mila euro a 143 comuni; 50 mila euro a 187 comuni e 40 mila euro a 109 comuni\u201d. Pi\u00f9 in generale, il provvedimento assegna a tutti i comuni, sia delle regioni a statuto ordinario sia speciale, in misura differenziata sulla base della popolazione, nelle seguenti misure: 100 mila euro per i comuni con popolazione ricompresa tra 10.001 e 20.000 abitanti; 70 mila euro per i comuni con popolazione ricompresa tra 5.001 e 10.000 abitanti; 50 mila euro per i comuni con popolazione ricompresa tra 2.000 e 5.000 abitanti; 40 mila euro per i comuni con popolazione inferiore a 2.000 abitanti. \u201cSi tratta di una misura che avr\u00e0 una ricaduta positiva sul territorio veneto e molto attesa dai nostri comuni \u2013 dichiara D\u2019Inc\u00e0 -. L\u2019unica condizione \u00e8 che gli enti beneficiari inizino l\u2019esecuzione dei lavori entro il 15 maggio 2019, ovvero oggi\u201d. Soddisfazione espressa anche dalla candidata alle europee per il Movimento 5 Stelle Cinzia Dal Zotto: \u201cI nostri territori sono sempre pi\u00f9 alle prese con carenze di risorse e con un aumento delle responsabilit\u00e0 e delle problematiche da risolvere in tempi stretti. Questo provvedimento permette di intervenire con investimenti importanti\u201d.<\/p>\n<p>&nbsp;<\/p>\n<p>&nbsp;<\/p>\n<p>&nbsp;<\/p>\n<h2>AL SENATO DUE DISEGNI DI LEGGE SULLE AGEVOLAZIONI FISCALI ALLE IMPRESE DI MONTAGNA.<\/h2>\n<p><a class=\"dt-pswp-item\" href=\"http:\/\/www.radiopiu.net\/wordpress\/wp-content\/uploads\/2018\/12\/argentera_ferrere-3.jpg\" data-dt-img-description=\"\" data-large_image_width=\"865\" data-large_image_height=\"330\"><img loading=\"lazy\" decoding=\"async\" class=\"alignnone wp-image-71005 size-full\" src=\"http:\/\/www.radiopiu.net\/wordpress\/wp-content\/uploads\/2018\/12\/argentera_ferrere-3.jpg\" alt=\"\" width=\"865\" height=\"330\" srcset=\"https:\/\/www.radiopiu.net\/wordpress\/wp-content\/uploads\/2018\/12\/argentera_ferrere-3.jpg 865w, https:\/\/www.radiopiu.net\/wordpress\/wp-content\/uploads\/2018\/12\/argentera_ferrere-3-300x114.jpg 300w, https:\/\/www.radiopiu.net\/wordpress\/wp-content\/uploads\/2018\/12\/argentera_ferrere-3-768x293.jpg 768w\" sizes=\"auto, (max-width: 865px) 100vw, 865px\" \/><\/a><\/p>\n<p><a class=\"dt-pswp-item\" href=\"http:\/\/www.radiopiu.net\/wordpress\/wp-content\/uploads\/2019\/05\/fiscalita_senato.jpg\" data-dt-img-description=\"\" data-large_image_width=\"878\" data-large_image_height=\"645\"><img loading=\"lazy\" decoding=\"async\" class=\"size-medium wp-image-85639 alignleft\" src=\"http:\/\/www.radiopiu.net\/wordpress\/wp-content\/uploads\/2019\/05\/fiscalita_senato-300x220.jpg\" alt=\"\" width=\"300\" height=\"220\" srcset=\"https:\/\/www.radiopiu.net\/wordpress\/wp-content\/uploads\/2019\/05\/fiscalita_senato-300x220.jpg 300w, https:\/\/www.radiopiu.net\/wordpress\/wp-content\/uploads\/2019\/05\/fiscalita_senato-768x564.jpg 768w, https:\/\/www.radiopiu.net\/wordpress\/wp-content\/uploads\/2019\/05\/fiscalita_senato.jpg 878w\" sizes=\"auto, (max-width: 300px) 100vw, 300px\" \/><\/a>Alberto Mazzoleni e Marco Bussone, Vicepresidente e Presidente Uncem sono intervenuti oggi al Senato alla presentazione di due disegni di legge presentati dal Gruppo di Forza Italia interamente dedicati alla fiscalit\u00e0 per le imprese delle aree montane. Un tema che Uncem sostiene come prioritario e decisivo da almeno dieci anni. Presenti le Senatrici Annamaria Bernini, Alessandra Gallone, Elena Testor e il Senatore Massimo Berutti. &#8220;I due testi raccolgono e rilanciano una serie di buone recenti iniziative legislative particolarmente importanti per i territori &#8211; spiegano Mazzoleni e Bussone &#8211; Pensiamo alla legge 158 sui piccoli Comuni, la 221 sulla green economy, il testo unico forestale. Tutti aspettano ancora i decreti attuativi per queste leggi. Siamo fiduciosi. Il Parlamento deve agire, ma ci crediamo. Abbiamo grande fiducia anche nella Strategia nazionale aree interne che deve proseguire ed essere rafforzata, estesa a tutti i territori italiani montani. I due nuovi disegni di legge vanno nella strada giusta. Vogliamo vengano ridotte disuguaglianza e sperequazioni, vogliamo la politica capisca maggiormente la necessit\u00e0 di coesione tra aree montane e urbane. Dovremo lavorare molto sulla programmazione europea 2021-2027 e la leva fiscale, la differenziazione vanno di pari passo. Ci auguriamo possa esserci un buon impegno di tutto il Senato e della Camera nell&#8217;inserire gi\u00e0 nella legge di bilancio degli strumenti che incentivino residenzialit\u00e0 e presenza delle imprese. Uncem far\u00e0 fino in fondo la sua parte per proteggere aziende, favorire l&#8217;insediamento di nuove imprese ed esercizi commerciali, garantire vivacit\u00e0 economica e benessere dei territori alpini e appenninici&#8221;.<\/p>\n<p>&nbsp;<\/p>\n<p>&nbsp;<\/p>\n<p>&nbsp;<\/p>\n<p>&nbsp;<\/p>\n<h2>BOSCHI BOMBARDATI foto servizio di CLAUDIO PRA<\/h2>\n<p>Claudio Pra, conduttore dei programmi &#8220;La montagna nel cuore 360 gradi di passione ad alta quota ha scattato tre fotografie che la dicono lunga su cosa \u00e8 successo ai nostri boschi a fine ottobre. Come dice Dario Costa sulla pagine facebook\u00a0 &#8220;<span dir=\"ltr\"><span class=\"_3l3x\">Tabula rasa, penso che sia il commento pi\u00f9 realistico possibile&#8221;. Alla domanda quali sono i paesi pi\u00f9 vicini risponde Pra &#8221; il pi\u00f9 vicino \u00e8 Bramezza. Poi Caracoi Agoin e Lagussel. In lontananza la zona del Belvedere sopra Caprile e frazioni di Colle&#8221;<\/span><\/span><\/p>\n<p><a class=\"dt-pswp-item\" href=\"http:\/\/www.radiopiu.net\/wordpress\/wp-content\/uploads\/2019\/05\/60547607_2321180974872041_2197035265514536960_n.jpg\" data-dt-img-description=\"\" data-large_image_width=\"960\" data-large_image_height=\"540\"><img loading=\"lazy\" decoding=\"async\" class=\"alignnone wp-image-85584\" src=\"http:\/\/www.radiopiu.net\/wordpress\/wp-content\/uploads\/2019\/05\/60547607_2321180974872041_2197035265514536960_n.jpg\" alt=\"\" width=\"196\" height=\"110\" srcset=\"https:\/\/www.radiopiu.net\/wordpress\/wp-content\/uploads\/2019\/05\/60547607_2321180974872041_2197035265514536960_n.jpg 960w, https:\/\/www.radiopiu.net\/wordpress\/wp-content\/uploads\/2019\/05\/60547607_2321180974872041_2197035265514536960_n-300x169.jpg 300w, https:\/\/www.radiopiu.net\/wordpress\/wp-content\/uploads\/2019\/05\/60547607_2321180974872041_2197035265514536960_n-768x432.jpg 768w\" sizes=\"auto, (max-width: 196px) 100vw, 196px\" \/><\/a><a class=\"dt-pswp-item\" href=\"http:\/\/www.radiopiu.net\/wordpress\/wp-content\/uploads\/2019\/05\/60663304_2321180508205421_2750317393581441024_n.jpg\" data-dt-img-description=\"\" data-large_image_width=\"960\" data-large_image_height=\"539\"><img loading=\"lazy\" decoding=\"async\" class=\"alignnone wp-image-85583\" src=\"http:\/\/www.radiopiu.net\/wordpress\/wp-content\/uploads\/2019\/05\/60663304_2321180508205421_2750317393581441024_n.jpg\" alt=\"\" width=\"196\" height=\"110\" srcset=\"https:\/\/www.radiopiu.net\/wordpress\/wp-content\/uploads\/2019\/05\/60663304_2321180508205421_2750317393581441024_n.jpg 960w, https:\/\/www.radiopiu.net\/wordpress\/wp-content\/uploads\/2019\/05\/60663304_2321180508205421_2750317393581441024_n-300x168.jpg 300w, https:\/\/www.radiopiu.net\/wordpress\/wp-content\/uploads\/2019\/05\/60663304_2321180508205421_2750317393581441024_n-768x431.jpg 768w\" sizes=\"auto, (max-width: 196px) 100vw, 196px\" \/><\/a><a class=\"dt-pswp-item\" href=\"http:\/\/www.radiopiu.net\/wordpress\/wp-content\/uploads\/2019\/05\/60319922_2321180721538733_9001164855754883072_n.jpg\" data-dt-img-description=\"\" data-large_image_width=\"960\" data-large_image_height=\"540\"><img loading=\"lazy\" decoding=\"async\" class=\"alignnone wp-image-85582\" src=\"http:\/\/www.radiopiu.net\/wordpress\/wp-content\/uploads\/2019\/05\/60319922_2321180721538733_9001164855754883072_n-300x169.jpg\" alt=\"\" width=\"197\" height=\"111\" srcset=\"https:\/\/www.radiopiu.net\/wordpress\/wp-content\/uploads\/2019\/05\/60319922_2321180721538733_9001164855754883072_n-300x169.jpg 300w, https:\/\/www.radiopiu.net\/wordpress\/wp-content\/uploads\/2019\/05\/60319922_2321180721538733_9001164855754883072_n-768x432.jpg 768w, https:\/\/www.radiopiu.net\/wordpress\/wp-content\/uploads\/2019\/05\/60319922_2321180721538733_9001164855754883072_n.jpg 960w\" sizes=\"auto, (max-width: 197px) 100vw, 197px\" \/><\/a><\/p>\n<p>&nbsp;<\/p>\n<p>&nbsp;<\/p>\n<p>&nbsp;<\/p>\n<p>&nbsp;<\/p>\n<h2>LA RIFLESSIONE DI CLAUDIO PRA, CONDUTTORE DELLA TRASMISSIONE &#8220;LA MONTAGNA NEL CUORE, 360 GRADI DI PASSIONE&#8221;.<\/h2>\n<p><a class=\"dt-pswp-item\" href=\"http:\/\/www.radiopiu.net\/wordpress\/wp-content\/uploads\/2019\/05\/6877f37c-03ba-4677-8629-1c19f5dd7d6b.jpg\" data-dt-img-description=\"\" data-large_image_width=\"1296\" data-large_image_height=\"728\"><img loading=\"lazy\" decoding=\"async\" class=\"alignnone wp-image-85634\" src=\"http:\/\/www.radiopiu.net\/wordpress\/wp-content\/uploads\/2019\/05\/6877f37c-03ba-4677-8629-1c19f5dd7d6b-300x169.jpg\" alt=\"\" width=\"203\" height=\"114\" srcset=\"https:\/\/www.radiopiu.net\/wordpress\/wp-content\/uploads\/2019\/05\/6877f37c-03ba-4677-8629-1c19f5dd7d6b-300x169.jpg 300w, https:\/\/www.radiopiu.net\/wordpress\/wp-content\/uploads\/2019\/05\/6877f37c-03ba-4677-8629-1c19f5dd7d6b-768x431.jpg 768w, https:\/\/www.radiopiu.net\/wordpress\/wp-content\/uploads\/2019\/05\/6877f37c-03ba-4677-8629-1c19f5dd7d6b-1024x575.jpg 1024w, https:\/\/www.radiopiu.net\/wordpress\/wp-content\/uploads\/2019\/05\/6877f37c-03ba-4677-8629-1c19f5dd7d6b.jpg 1296w\" sizes=\"auto, (max-width: 203px) 100vw, 203px\" \/><\/a><a class=\"dt-pswp-item\" href=\"http:\/\/www.radiopiu.net\/wordpress\/wp-content\/uploads\/2019\/05\/cc9521d2-08fc-4ec3-b0e6-9e8ddf5518b0.jpg\" data-dt-img-description=\"\" data-large_image_width=\"1599\" data-large_image_height=\"899\"><img loading=\"lazy\" decoding=\"async\" class=\"alignnone wp-image-85635\" src=\"http:\/\/www.radiopiu.net\/wordpress\/wp-content\/uploads\/2019\/05\/cc9521d2-08fc-4ec3-b0e6-9e8ddf5518b0-300x169.jpg\" alt=\"\" width=\"205\" height=\"116\" srcset=\"https:\/\/www.radiopiu.net\/wordpress\/wp-content\/uploads\/2019\/05\/cc9521d2-08fc-4ec3-b0e6-9e8ddf5518b0-300x169.jpg 300w, https:\/\/www.radiopiu.net\/wordpress\/wp-content\/uploads\/2019\/05\/cc9521d2-08fc-4ec3-b0e6-9e8ddf5518b0-768x432.jpg 768w, https:\/\/www.radiopiu.net\/wordpress\/wp-content\/uploads\/2019\/05\/cc9521d2-08fc-4ec3-b0e6-9e8ddf5518b0-1024x576.jpg 1024w, https:\/\/www.radiopiu.net\/wordpress\/wp-content\/uploads\/2019\/05\/cc9521d2-08fc-4ec3-b0e6-9e8ddf5518b0.jpg 1599w\" sizes=\"auto, (max-width: 205px) 100vw, 205px\" \/><\/a><a class=\"dt-pswp-item\" href=\"http:\/\/www.radiopiu.net\/wordpress\/wp-content\/uploads\/2019\/05\/4f9628ee-d14c-4ab8-9f6b-e07fd5078872.jpg\" data-dt-img-description=\"\" data-large_image_width=\"1294\" data-large_image_height=\"728\"><img loading=\"lazy\" decoding=\"async\" class=\"alignnone wp-image-85633\" src=\"http:\/\/www.radiopiu.net\/wordpress\/wp-content\/uploads\/2019\/05\/4f9628ee-d14c-4ab8-9f6b-e07fd5078872-300x169.jpg\" alt=\"\" width=\"208\" height=\"116\" srcset=\"https:\/\/www.radiopiu.net\/wordpress\/wp-content\/uploads\/2019\/05\/4f9628ee-d14c-4ab8-9f6b-e07fd5078872-300x169.jpg 300w, https:\/\/www.radiopiu.net\/wordpress\/wp-content\/uploads\/2019\/05\/4f9628ee-d14c-4ab8-9f6b-e07fd5078872-768x432.jpg 768w, https:\/\/www.radiopiu.net\/wordpress\/wp-content\/uploads\/2019\/05\/4f9628ee-d14c-4ab8-9f6b-e07fd5078872-1024x576.jpg 1024w, https:\/\/www.radiopiu.net\/wordpress\/wp-content\/uploads\/2019\/05\/4f9628ee-d14c-4ab8-9f6b-e07fd5078872.jpg 1294w\" sizes=\"auto, (max-width: 208px) 100vw, 208px\" \/><\/a><\/p>\n<blockquote>\n<h3><em>una riflessione sul senso di andare in montagna, lontano dal turismo di massa che in molti vogliono.<\/em><\/h3>\n<\/blockquote>\n<p><strong>LA MONTAGNA PER TUTTI?<\/strong><\/p>\n<audio class=\"wp-audio-shortcode\" id=\"audio-85595-3\" preload=\"none\" style=\"width: 100%;\" controls=\"controls\"><source type=\"audio\/mpeg\" src=\"http:\/\/www.radiopiu.net\/wordpress\/wp-content\/uploads\/2019\/05\/Montagna-per-tutti.mp3?_=3\" \/><a href=\"http:\/\/www.radiopiu.net\/wordpress\/wp-content\/uploads\/2019\/05\/Montagna-per-tutti.mp3\">http:\/\/www.radiopiu.net\/wordpress\/wp-content\/uploads\/2019\/05\/Montagna-per-tutti.mp3<\/a><\/audio>\n<h2><\/h2>\n<h2><\/h2>\n<p>&nbsp;<\/p>\n<h2><\/h2>\n<h2>COMELICO PUSTERIA, LA PROTESTA A ROMA. D&#8217;INCA&#8217; FIDUCIOSO PER L&#8217;INCONTRO AL MINISTERO<\/h2>\n<p><strong>ROMA<\/strong> \u201cSono fiducioso che l\u2019incontro al ministero dei Beni Culturali tra il direttore generale Gino Famiglietti e il sindaco di Comelico Superiore Marco Polacco Staunovo possa trovare quelle soluzioni per giungere alla realizzazione del collegamento sciistico Comelico- Pusteria\u201d. Lo dichiara Federico D&#8217;Inc\u00e0 (M5S) in occasione dell&#8217;incontro che si terr\u00e0 nella giornata di domani, gioved\u00ec 16 maggio. \u201cCome da accordi con il ministero dei Beni Culturali, l\u2019incontro avr\u00e0 un aspetto totalmente tecnico e, quindi, i parlamentari di tutte le forze politiche e la Regione Veneto non saranno presenti al tavolo di lavoro. Credo che anche questo dimostri come l\u2019approccio alla problematica non sia pi\u00f9 di appartenenza di un singolo ovimento o partito, ma di ogni cittadino del territorio. Nelle settimane successive, sar\u00e0 poi previsto un ulteriore incontro a cui parteciperanno i parlamentari bellunesi, in modo da verificare i risultati raggiunti sotto il profilo tecnico e contribuire al raggiungimento della soluzione\u201d.<\/p>\n<p>&nbsp;<\/p>\n<p>&nbsp;<\/p>\n<p>&nbsp;<\/p>\n<h2>Controlli di Polizia Locale sui veicoli in sosta all\u2019esterno dell\u2019ex Casa di Cura Villabruna-Bellati: via libera alla firma della convenzione con l\u2019ULSS \u201cDolomiti\u201d.<\/h2>\n<p><strong><a class=\"dt-pswp-item\" href=\"http:\/\/www.radiopiu.net\/wordpress\/wp-content\/uploads\/2019\/05\/IMG_20190514_190928.jpg\" data-dt-img-description=\"\" data-large_image_width=\"5312\" data-large_image_height=\"2988\"><img loading=\"lazy\" decoding=\"async\" class=\"wp-image-85575 alignleft\" src=\"http:\/\/www.radiopiu.net\/wordpress\/wp-content\/uploads\/2019\/05\/IMG_20190514_190928-1024x576.jpg\" alt=\"\" width=\"283\" height=\"159\" srcset=\"https:\/\/www.radiopiu.net\/wordpress\/wp-content\/uploads\/2019\/05\/IMG_20190514_190928-1024x576.jpg 1024w, https:\/\/www.radiopiu.net\/wordpress\/wp-content\/uploads\/2019\/05\/IMG_20190514_190928-300x169.jpg 300w, https:\/\/www.radiopiu.net\/wordpress\/wp-content\/uploads\/2019\/05\/IMG_20190514_190928-768x432.jpg 768w\" sizes=\"auto, (max-width: 283px) 100vw, 283px\" \/><\/a>FELTRE\u00a0<\/strong> Gli agenti di Polizia Locale del Comune di Feltre saranno a breve abilitati ai controlli e alle sanzioni sui veicoli in sosta all\u2019esterno dell\u2019ex Casa di Cura Villabruna Bellati. Gli agenti, per la verit\u00e0, erano gi\u00e0 intervenuti qualche settimana fa, dopo la segnalazione di alcune auto posteggiate arbitrariamente negli stalli riservati alle persone con disabilit\u00e0. Nel novembre del 2014 il Comune di Feltre aveva approvato la convenzione con l&#8217;allora ULSS n. 2 di Feltre per l&#8217;uso pubblico e il controllo delle aree esterne allo stabilimento ospedaliero di Feltre. Con delibera di Giunta Comunale dell\u2019aprile 2016 la convenzione in essere \u00e8 stata estesa anche alla nuova viabilit\u00e0 di ingesso all&#8217;Ospedale.\u00a0 Ora la Direzione Generale dell&#8217;ULSS n. 1 \u201cDolomiti\u201d ha richiesto il rinnovo e l\u2019ampliamento della convenzione anche ai posteggi presso la ex Casa di Cura Bellati, in modo da poter estendere l&#8217;attivit\u00e0 di controllo delle aree esterne di propriet\u00e0 dell&#8217;azienda sanitaria da parte del personale del Comando Polizia locale di Feltre. La Giunta del Comune di Feltre, nella sua ultima seduta, ha deciso di accogliere tale richiesta e di dare il via libera alla sottoscrizione della nuova convenzione, sulla base della considerazione che le aree soggette a sorveglianza sono ad uso pubblico; su di esse dunque \u00e8 possibile l&#8217;applicazione delle norme, in particolare del codice della strada, del relativo regolamento e delle sanzioni.<\/p>\n<blockquote><p><em>\u201cL\u2019ampliamento dell\u2019accordo con l\u2019ULSS 1 Dolomiti rappresenta il naturale completamento della convenzione gi\u00e0 in essere\u201d, commenta il sindaco di Feltre, titolare anche della delega relativa Polizia Locale. \u201cAlcuni episodi incresciosi segnalatici nelle scorse settimane, con la sosta di veicoli non autorizzati negli stalli riservati alle persone con disabilit\u00e0, ci hanno consigliato di accelerare per la firma con l\u2019ULSS 1 \u201cDolomiti\u201d sull\u2019ex Casa di Cura. Maleducati ed incivili devono sapere che i nostri agenti, come gi\u00e0 avviene in altre aree di pertinenza delle strutture ospedaliere feltrine, monitoreranno costantemente la situazione dei posteggi in una zona che \u2013 proprio in considerazione dell\u2019utenza particolare che la frequenta -, richiede pi\u00f9 che mai un rispetto attento e rigoroso delle regole\u201d, conclude il sindaco.<\/em><\/p><\/blockquote>\n<p>\u201cPer tutti i cittadini e gli utenti delle strutture ospedaliere che non hanno difficolt\u00e0 di deambulazione, ricordiamo ancora una volta che sono a disposizione presso l\u2019area di Pr\u00e0 del Moro, posta a pochi passi tanto dall\u2019ospedale \u201cS. Maria del Prato\u201d, che dalla ex Casa di Cura \u201cVillabruna-Bellati\u201d, centinaia di parcheggi liberi senza vincolo orario disponibili 24 ore al giorno\u201d, aggiunge l\u2019assessore alla mobilit\u00e0 del Comune di Feltre.<\/p>\n<p>&nbsp;<\/p>\n<p>&nbsp;<\/p>\n<p>&nbsp;<\/p>\n<p>&nbsp;<\/p>\n<h2>LA MIGLIOR PICCOLA IMPRESA DELLA PROVINCIA E&#8217; LA ECS<\/h2>\n<blockquote>\n<h5>Appello alle istituzioni: \u201cNon c\u2019\u00e8 solo l\u2019occhialeria, aiutateci a formare nuovi tecnici\u201d<\/h5>\n<\/blockquote>\n<p><em><a class=\"dt-pswp-item\" href=\"http:\/\/www.radiopiu.net\/wordpress\/wp-content\/uploads\/2019\/05\/Premiazione.jpg\" data-dt-img-description=\"\" data-large_image_width=\"1920\" data-large_image_height=\"1280\"><img loading=\"lazy\" decoding=\"async\" class=\"size-medium wp-image-85599 alignleft\" src=\"http:\/\/www.radiopiu.net\/wordpress\/wp-content\/uploads\/2019\/05\/Premiazione-300x200.jpg\" alt=\"\" width=\"300\" height=\"200\" srcset=\"https:\/\/www.radiopiu.net\/wordpress\/wp-content\/uploads\/2019\/05\/Premiazione-300x200.jpg 300w, https:\/\/www.radiopiu.net\/wordpress\/wp-content\/uploads\/2019\/05\/Premiazione-768x512.jpg 768w, https:\/\/www.radiopiu.net\/wordpress\/wp-content\/uploads\/2019\/05\/Premiazione-1024x683.jpg 1024w, https:\/\/www.radiopiu.net\/wordpress\/wp-content\/uploads\/2019\/05\/Premiazione.jpg 1920w\" sizes=\"auto, (max-width: 300px) 100vw, 300px\" \/><\/a><\/em><strong>BELLUNO<\/strong>ECS srl, azienda bellunese specializzata nella progettazione e fornitura di schede elettroniche personalizzate \u00e8 stata premiata nella serata di marted\u00ec a Venezia come primatista veneta tra le piccole imprese. Il prestigioso riconoscimento, assegnato da Industria Felix e Cerved, \u00e8 stato assegnato a 32 aziende di tutta la regione dopo una maxi inchiesta condotta sui bilanci dell\u2019anno fiscale 2017 su ben 14.276 societ\u00e0 di capitali con sede legale in Veneto e fatturato\/ricavi compresi tra i 2 milioni e i 12,5 miliardi di euro. Nata 24 anni fa dalla scommessa di tre soci bellunesi, Mauro Longi, Andrea Longi e Alessandro Bortot, ECS vanta cos\u00ec oggi uno dei migliori bilanci veneti per qualit\u00e0 gestionale, come certificato da questo importante premio, ed ha visto crescere negli ultimi 3 anni il proprio fatturato del 40%. <em>\u00abMerito dell&#8217;intenso e costante lavoro di ricerca &#8211; spiega l&#8217;amministratore delegato, Mauro Longi &#8211; Per questo mi sento di cogliere l\u2019occasione per lanciare un importante appello alle istituzioni: l\u2019elettronica rappresenta indubbiamente il futuro ed \u00e8 coinvolta nella crescita di tutti i settori manifatturieri. \u00c8 quanto mai fondamentale istituire una valida e qualificata formazione di persone che altrimenti fatichiamo davvero troppo a trovare\u00bb. <\/em>Per assecondare infatti l\u2019importante sviluppo che l\u2019azienda bellunese sta ottenendo negli ultimi anni, sia in termini di personale, raddoppiato negli ultimi 5 anni, che di produzione, ECS si \u00e8 da poco trasferita in una nuova sede in via dell\u2019Artigianato 24.<br \/>\n<em>\u00abCi crediamo e ce la stiamo mettendo davvero tutta &#8211; conclude Longi &#8211; Chiunque stia cercando lavoro in questo settore e abbia una formazione tecnica specialistica passi a trovarci: vi faremo toccare con mano un metodo di lavoro incentrato sul credere nelle idee di ciascuno e realizzarle ambendo sempre alla massima qualit\u00e0 e innovazione possibile\u00bb.<\/em><\/p>\n<p>&nbsp;<\/p>\n<p>&nbsp;<\/p>\n<p>&nbsp;<\/p>\n<h2>SABATO ALLE 15 CERTOTTICA SVELA I SEGRETI DELL\u2019ACEDEMY DEDICATA ALL\u2019OCCHIALE<\/h2>\n<p><strong><a class=\"dt-pswp-item\" href=\"http:\/\/www.radiopiu.net\/wordpress\/wp-content\/uploads\/2019\/05\/ITS-2019-5964-1.jpg\" data-dt-img-description=\"\" data-large_image_width=\"1000\" data-large_image_height=\"1500\"><img loading=\"lazy\" decoding=\"async\" class=\"size-medium wp-image-85598 alignleft\" src=\"http:\/\/www.radiopiu.net\/wordpress\/wp-content\/uploads\/2019\/05\/ITS-2019-5964-1-200x300.jpg\" alt=\"\" width=\"200\" height=\"300\" srcset=\"https:\/\/www.radiopiu.net\/wordpress\/wp-content\/uploads\/2019\/05\/ITS-2019-5964-1-200x300.jpg 200w, https:\/\/www.radiopiu.net\/wordpress\/wp-content\/uploads\/2019\/05\/ITS-2019-5964-1-768x1152.jpg 768w, https:\/\/www.radiopiu.net\/wordpress\/wp-content\/uploads\/2019\/05\/ITS-2019-5964-1-683x1024.jpg 683w, https:\/\/www.radiopiu.net\/wordpress\/wp-content\/uploads\/2019\/05\/ITS-2019-5964-1.jpg 1000w\" sizes=\"auto, (max-width: 200px) 100vw, 200px\" \/><\/a>LONGARONE<\/strong>\u00a0 Partir\u00e0 a ottobre la sesta edizione dell\u2019ITS-Academy in Design e Tecnica dell\u2019Occhiale, biennio di formazione post diploma promosso grazie alla sinergia con la Fondazione COSMO, che ogni anno ribadisce e rafforza il legame sinergico con il Distretto in cui si inserisce: sabato 18 maggio alle 15.00 l\u2019Area Formazione di Certottica aspetta tutti gli interessati all\u2019OPEN DAY che avr\u00e0 luogo nella sede di Longarone (Z.I. Villanova, 7). 1200 le ore di formazione in aula che caratterizzano l\u2019Academy, completate da 800 ore di tirocinio suddivise nei due anni: ad illustrare il percorso saranno i diretti protagonisti, a cominciare dagli stessi allievi ed ex allievi, ma anche i docenti e le aziende dell&#8217;occhialeria, prima fonte alla quale Certottica attinge per un confronto puntuale e per soddisfare le esigenze del mercato. Gli ITS rappresentano -per durata e articolazione- una sorta di \u2018politecnico\u2019 con un\u2019offerta formativa specializzata: questo percorso getta, infatti, solide basi per diventare un Product Manager Junior per il mondo dell\u2019eyewear, figura che pu\u00f2 inserirsi con competenza nelle aree aziendali che si occupano della gestione di un occhiale o di una linea di occhiali, coordinandone tutte le fasi, dalla progettazione alla vendita. Il Product Manager \u00e8 oggi la figura a cui un numero sempre maggiore di aziende manifatturiere si affida per il successo di un prodotto specifico: oltre l\u201980% dei diplomati delle passate edizioni hanno trovato un\u2019occupazione stabile. Chiaramente, l&#8217;Academy non \u00e8 riservata solo ai ragazzi freschi di diploma, ma pu\u00f2 fornire una marcia in pi\u00f9 a chi ha gi\u00e0 conseguito una laurea o a chi opera gi\u00e0 nel settore.<\/p>\n<p>&nbsp;<\/p>\n<p>&nbsp;<\/p>\n<p>&nbsp;<\/p>\n<h3>COMELICO: TRE BANDI POR FESR PER FINANZIARE LE IMPRESE CHE CONTRIBUISCONO ALLO SVILUPPO DELL\u2019OFFERTA TURISTICA DELL\u2019AREA<\/h3>\n<p><strong>VENEZIA\u00a0<\/strong> Dal prossimo 28 maggio e per i successivi tre mesi sar\u00e0 possibile presentare domanda di contributo relativa a tre bandi del POR FESR, approvati dalla Giunta veneta su proposta dell\u2019assessore regionale al turismo, nell\u2019ambito della Strategia d\u2019Area Interna dell\u2019Unione Montana Comelico riassumibile nella definizione \u201cLa Valle dello Star Bene\u201d. <strong>I contributi previsti sono finalizzati: <\/strong>all\u2019attivazione di nuove imprese turistiche e complementari al turismo: 300 mila euro per sostenere iniziative nel campo dell\u2019adventure-sport, slow o leisure bike, escursionismo; allo sviluppo e al consolidamento di reti di imprese e\/o di club di prodotto nel settore turistico: 300 mila euro destinati in particolare a interventi per lo sviluppo del cicloturismo e dell\u2019escursionismo;\u00a0 agli investimenti innovativi nel settore ricettivo turistico: 1 milione di euro per diversificare l\u2019offerta, accrescerne la competitivit\u00e0 e prolungare la stagione turistica. Un budget complessivo di 1,6 milioni di euro di cui potranno beneficiare le piccole e medie imprese ubicate nei Comuni di Comelico Superiore, Danta di Cadore, San Nicol\u00f2 di Comelico, San Pietro di Cadore, Santo Stefano di Cadore.<\/p>\n<p>&nbsp;<\/p>\n<p>&nbsp;<\/p>\n<p>&nbsp;<\/p>\n<h2>GAL ALTO BELLUNESE &#8211; COOPERAZIONE<\/h2>\n<p><strong>PIEVE DI CADORE<\/strong> Era il 2014 quando gli artisti Nicol\u00f2 Degiorgis, Michael Fliri, Mario Tom\u00e8 presero parte al progetto Chiavi di Accesso, sviluppato dal Gal Alto Bellunese. Le opere realizzate allora vengono ora riallestite nelle antiche prigioni del Palazzo sede della Magnifica Comunit\u00e0 di Cadore, a Pieve di Cadore, in due piccoli ambienti posti al pianterreno, recentemente restaurati.\u00a0 Nel caso di Degiorgis e Tom\u00e8, le opere, parzialmente rielaborate, vengono presentate in una variante aggiornata.\u00a0 Venerd\u00ec\u00a0 17 maggio 2019, alle ore 18, in occasione della Settimana della Cultura Cadorina,\u00a0 sar\u00e0 inaugurata l\u2019opera My private Fog di Michael Fliri che, assieme ai lavori degli altri artisti, viene ora data in deposito dal Gal Alto Bellunese alla Magnifica Comunit\u00e0 di Cadore. L\u2019opera rimarr\u00e0 allestita fino a venerd\u00ec 31 maggio. Da marted\u00ec 4 a domenica 16 giugno, sar\u00e0 la volta di Cima di Nicol\u00f2 Degiorgis. La staffetta tra i tre artisti si concluder\u00e0 con la riproposizione de I Bareloi, di Mario Tom\u00e8. L\u2019opera, gi\u00e0 parte della collezione del Museo Etnografico Il Poiat di Zopp\u00e8 di Cadore, rimarr\u00e0 in mostra dal 19 al 30 giugno<\/p>\n<p>&nbsp;<\/p>\n<p>&nbsp;<\/p>\n<p>&nbsp;<\/p>\n<h2>EUREKA EUREKA, DOMANI IL GIORNO DELLE PREMIAZIONI<\/h2>\n<p><strong>BELLUNO<\/strong> Domani alle 9.30 al Teatro Comunale Il Gruppo Giovani imprenditori e la Sezione Industrie Metalmeccaniche di Confindustria Belluno Dolomiti in collaborazione con Bellunorienta propone un incontro su \u201cEUREKA! FUNZIONA!\u201d con le premiazioni della gara di costruzioni tecnologiche per piccoli inventori. Parteciperanno Lorraine Berton \u2013 presidente di Confindustria Belluno Dolomiti,<br \/>\nMarco Limana &#8211; presidente del Gruppo Giovani Imprenditori, Enrico Triches &#8211; vice presidente Sezione Industrie Metalmeccaniche. Il progetto \u201cEureka! Funziona!\u201d, promosso a livello nazionale da Federmeccanica, ha coinvolto 214 alunni provenienti dalle scuole primarie e 78 dalle scuole secondarie della provincia. Il tema di quest\u2019anno \u00e8 stato il \u201cMagnetismo\u201d. Gli alunni partendo da un kit consegnato da Confindustria Belluno Dolomiti hanno progettato e costruito un giocattolo che per muoversi doveva utilizzare magneti, dischetti e pannelli. Durante l\u2019evento il gruppo Teatroeducativo.it intratterr\u00e0 i bambini, seguiranno le premiazioni dei migliori progetti presentati (due per le classi 4^, due per le classi 5^ delle scuole primarie e due per le classi 2^ delle scuole secondarie). I vincitori riceveranno un premio del valore di 500 \u20ac, che la scuola potr\u00e0 utilizzare per un viaggio formativo o per la fornitura di materiale per la didattica, sport o cultura.<\/p>\n<p>&nbsp;<\/p>\n<p>&nbsp;<\/p>\n<p>&nbsp;<\/p>\n<h2>SABATO L&#8217;EVENTO FINALE DI INTRECCI URBANI<\/h2>\n<p><strong>FELTRE<\/strong> Artigianato, senso civico e aggregazione, questi sono i cardini principali su cui si fonda INTRECCI URBANI. Un evento, un concorso, una performance che si terr\u00e0 sabato 18 maggio dalle 10.30 alle 18 in Largo Castaldi, o in caso di maltempo, in Galleria F.lli Angelini. L\u2019evento vuole essere l\u2019atto conclusivo del pi\u00f9 ampio progetto FeltreOfficina e un\u2019occasione di socialit\u00e0 e incontro per la cittadinanza. Inoltre Intrecci Urbani nasce come una volont\u00e0 collettiva volta a valorizzare le tradizioni artistico\/artigianali della sartoria locale. Durante la giornata avr\u00e0 luogo un\u2019esposizione collettiva che raccoglier\u00e0 alcuni manufatti sartoriali in tema \u201cquadrato\u201d realizzati da cittadini\/ scuole\/ associazioni. Saranno selezionati tre quadrati vincitori per ogni categoria, per un totale di 6 vincitori, i quali saranno premiati con cesti alimentari composti da prodotti tipici locali.\u00a0 <em>\u201cIl progetto Intrecci Urbani rappresenta una bella occasione di promozione della creativit\u00e0, che diventi anche momento di aggregazione per l\u2019intera citt\u00e0. L\u2019appuntamento di sabato prossimo, con la performance finale del progetto, porter\u00e0 in centro colori e forme che vogliono rappresentare, alle porte della tanto attesa primavera, una ventata di vitalit\u00e0 e di partecipazione che auspichiamo vedano la compartecipazione di molti nostri concittadini\u201d,<\/em> commenta l\u2019assessore alle politiche sociali e del lavoro del Comune di Feltre.<\/p>\n<p>&nbsp;<\/p>\n<p>&nbsp;<\/p>\n<h2><\/h2>\n<h2>ORTO IN CONDOTTA CON ZAPPA E PALA<\/h2>\n<p><strong><a class=\"dt-pswp-item\" href=\"http:\/\/www.radiopiu.net\/wordpress\/wp-content\/uploads\/2019\/05\/IC-FELTRE-Orto-in-condotta-7.jpg\" data-dt-img-description=\"\" data-large_image_width=\"1336\" data-large_image_height=\"752\"><img loading=\"lazy\" decoding=\"async\" class=\" wp-image-85605 alignleft\" src=\"http:\/\/www.radiopiu.net\/wordpress\/wp-content\/uploads\/2019\/05\/IC-FELTRE-Orto-in-condotta-7-300x169.jpg\" alt=\"\" width=\"220\" height=\"124\" srcset=\"https:\/\/www.radiopiu.net\/wordpress\/wp-content\/uploads\/2019\/05\/IC-FELTRE-Orto-in-condotta-7-300x169.jpg 300w, https:\/\/www.radiopiu.net\/wordpress\/wp-content\/uploads\/2019\/05\/IC-FELTRE-Orto-in-condotta-7-768x432.jpg 768w, https:\/\/www.radiopiu.net\/wordpress\/wp-content\/uploads\/2019\/05\/IC-FELTRE-Orto-in-condotta-7-1024x576.jpg 1024w, https:\/\/www.radiopiu.net\/wordpress\/wp-content\/uploads\/2019\/05\/IC-FELTRE-Orto-in-condotta-7.jpg 1336w\" sizes=\"auto, (max-width: 220px) 100vw, 220px\" \/><\/a>FELTRE<\/strong> Rucola, cipolle, piselli, ma anche fagioli, pomodori, zucchine e tanti fiori e piante aromatiche. Realizzare un orto\/giardino all\u2019interno degli spazi verdi della scuola media Rocca dell\u2019IC di Feltre. E\u2019 la missione del Pon Fondi strutturali europei \u201cOrto in condotta\u201d in corso di realizzazione con le classi prime e seconde. I ragazzi, impegnati come veri orto-floricoltori, hanno realizzato dei cassoni in legno per contenere la terra, una casetta per ospitare i semi per gli uccellini, e una per attirare i cosiddetti insetti utili, come le coccinelle, i bombi e alcune farfalle. Il tutto nell\u2019ambito di un progetto di biodiversit\u00e0 legato all\u2019agricoltura. \u201cI ragazzi imparano come realizzare i manufatti \u2013 spiega la tutor del corso, Sandra Sartorelli \u2013, come organizzare le colture, e a conoscere i ritmi naturali delle diverse piante, oltre che a riconoscere i semi. E\u2019 una attivit\u00e0 che \u00e8 stata particolarmente gradita dai nostri alunni che stanno dimostrando grande impegno e dedizione alla causa\u201d. Esperto della materia \u00e8 Johannes Keintzel, presidente dell\u2019associazione \u201cColtivare Condividendo\u201d, di madrelingua tedesca (il progetto prevede infatti l\u2019acquisizione di alcuni termini legati all\u2019ortofloricoltura in lingua tedesca utilizzati poi per denominare le colture tramite dei cartellini in legno). \u201cUn ringraziamento particolare lo vogliamo fare alla ditta Segheria D\u2019Incau di Salgarda che ci ha fornito il legname \u2013 conclude Sartorelli \u2013 e alla ditta MondoRoverso che ci ha regalato e portato il fertilizzante naturale. Un grazie va anche al nostro personale Ata che ci ha supportato nell\u2019iniziativa\u201d.<\/p>\n<p><a class=\"dt-pswp-item\" href=\"http:\/\/www.radiopiu.net\/wordpress\/wp-content\/uploads\/2019\/05\/IC-FELTRE-Orto-in-condotta-3.jpg\" data-dt-img-description=\"\" data-large_image_width=\"1328\" data-large_image_height=\"996\"><img loading=\"lazy\" decoding=\"async\" class=\"alignnone wp-image-85607\" src=\"http:\/\/www.radiopiu.net\/wordpress\/wp-content\/uploads\/2019\/05\/IC-FELTRE-Orto-in-condotta-3-300x225.jpg\" alt=\"\" width=\"151\" height=\"113\" srcset=\"https:\/\/www.radiopiu.net\/wordpress\/wp-content\/uploads\/2019\/05\/IC-FELTRE-Orto-in-condotta-3-300x225.jpg 300w, https:\/\/www.radiopiu.net\/wordpress\/wp-content\/uploads\/2019\/05\/IC-FELTRE-Orto-in-condotta-3-768x576.jpg 768w, https:\/\/www.radiopiu.net\/wordpress\/wp-content\/uploads\/2019\/05\/IC-FELTRE-Orto-in-condotta-3-1024x768.jpg 1024w, https:\/\/www.radiopiu.net\/wordpress\/wp-content\/uploads\/2019\/05\/IC-FELTRE-Orto-in-condotta-3.jpg 1328w\" sizes=\"auto, (max-width: 151px) 100vw, 151px\" \/><\/a><a class=\"dt-pswp-item\" href=\"http:\/\/www.radiopiu.net\/wordpress\/wp-content\/uploads\/2019\/05\/IC-FELTRE-Orto-in-condotta-1.jpg\" data-dt-img-description=\"\" data-large_image_width=\"1336\" data-large_image_height=\"752\"><img loading=\"lazy\" decoding=\"async\" class=\"alignnone wp-image-85606\" src=\"http:\/\/www.radiopiu.net\/wordpress\/wp-content\/uploads\/2019\/05\/IC-FELTRE-Orto-in-condotta-1-300x169.jpg\" alt=\"\" width=\"210\" height=\"118\" srcset=\"https:\/\/www.radiopiu.net\/wordpress\/wp-content\/uploads\/2019\/05\/IC-FELTRE-Orto-in-condotta-1-300x169.jpg 300w, https:\/\/www.radiopiu.net\/wordpress\/wp-content\/uploads\/2019\/05\/IC-FELTRE-Orto-in-condotta-1-768x432.jpg 768w, https:\/\/www.radiopiu.net\/wordpress\/wp-content\/uploads\/2019\/05\/IC-FELTRE-Orto-in-condotta-1-1024x576.jpg 1024w, https:\/\/www.radiopiu.net\/wordpress\/wp-content\/uploads\/2019\/05\/IC-FELTRE-Orto-in-condotta-1.jpg 1336w\" sizes=\"auto, (max-width: 210px) 100vw, 210px\" \/><\/a><a class=\"dt-pswp-item\" href=\"http:\/\/www.radiopiu.net\/wordpress\/wp-content\/uploads\/2019\/05\/IC-FELTRE-Orto-in-condotta-2.jpg\" data-dt-img-description=\"\" data-large_image_width=\"1336\" data-large_image_height=\"752\"><img loading=\"lazy\" decoding=\"async\" class=\"alignnone wp-image-85604\" src=\"http:\/\/www.radiopiu.net\/wordpress\/wp-content\/uploads\/2019\/05\/IC-FELTRE-Orto-in-condotta-2-300x169.jpg\" alt=\"\" width=\"197\" height=\"111\" srcset=\"https:\/\/www.radiopiu.net\/wordpress\/wp-content\/uploads\/2019\/05\/IC-FELTRE-Orto-in-condotta-2-300x169.jpg 300w, https:\/\/www.radiopiu.net\/wordpress\/wp-content\/uploads\/2019\/05\/IC-FELTRE-Orto-in-condotta-2-768x432.jpg 768w, https:\/\/www.radiopiu.net\/wordpress\/wp-content\/uploads\/2019\/05\/IC-FELTRE-Orto-in-condotta-2-1024x576.jpg 1024w, https:\/\/www.radiopiu.net\/wordpress\/wp-content\/uploads\/2019\/05\/IC-FELTRE-Orto-in-condotta-2.jpg 1336w\" sizes=\"auto, (max-width: 197px) 100vw, 197px\" \/><\/a><\/p>\n<p>&nbsp;<\/p>\n<p>&nbsp;<\/p>\n<h2>DORFMANN NEL BELLUNESE PER LA NUOVA CANDIDATURA<\/h2>\n<p>Il capolista del SVP alle prossime elezioni europee, Herbert Dorfmann,oggi alle 17 sar\u00e0 alla sala polifunzionale del municipio di Cencenighe Agordino per un incontro aperto a tutta la cittadinanza. Pi\u00f9 corposo il programma di marted\u00ec 21, che vedr\u00e0 l&#8217;europarlamentare attraversare il Cadore per arrivare in Comelico. Il calendario degli incontri \u00e8 stato curato dal movimento Belluno Autonoma Regione Dolomiti.<\/p>\n<p>&nbsp;<\/p>\n<p>&nbsp;<\/p>\n<h2>OGGI, AGORDO CAMBIA IN SALA DON TAMIS<\/h2>\n<p><strong>AGORDO<\/strong> Il candidato a sindaco Paolo Selva Moretti alle 20.30 in sala Don Tamis presenta la lista, risponder\u00e0 alle domande dei cittadini e dei giornalisti ed ascolter\u00e0 le proposte per il miglioramento del capoluogo di vallata.<\/p>\n<p>&nbsp;<\/p>\n<p>&nbsp;<\/p>\n<h2>TAIBON PER LA CONTINUITA&#8217;. INCONTRO PUBBLICO<\/h2>\n<p><strong>TAIBON<\/strong> Silvia Tormen ha invitato la popolazione per un incontro pubblico e per presentare i suoi candidati a consigliere comunale. Sabato alle 17.30 in sala San Rocco, ex Municipio. Mercoledi 22 maggio alle 18 nella stessa sede incontro con le associazioni del paese.<\/p>\n<p>&nbsp;<\/p>\n<p>&nbsp;<\/p>\n<p>&nbsp;<\/p>\n<h2><a class=\"dt-pswp-item\" href=\"http:\/\/www.radiopiu.net\/wordpress\/wp-content\/uploads\/2019\/05\/a55a2fbe-ad70-4070-988a-72d9aa79bf59.jpg\" data-dt-img-description=\"\" data-large_image_width=\"899\" data-large_image_height=\"1599\"><img loading=\"lazy\" decoding=\"async\" class=\" wp-image-85644 alignleft\" src=\"http:\/\/www.radiopiu.net\/wordpress\/wp-content\/uploads\/2019\/05\/a55a2fbe-ad70-4070-988a-72d9aa79bf59-169x300.jpg\" alt=\"\" width=\"141\" height=\"250\" srcset=\"https:\/\/www.radiopiu.net\/wordpress\/wp-content\/uploads\/2019\/05\/a55a2fbe-ad70-4070-988a-72d9aa79bf59-169x300.jpg 169w, https:\/\/www.radiopiu.net\/wordpress\/wp-content\/uploads\/2019\/05\/a55a2fbe-ad70-4070-988a-72d9aa79bf59-768x1366.jpg 768w, https:\/\/www.radiopiu.net\/wordpress\/wp-content\/uploads\/2019\/05\/a55a2fbe-ad70-4070-988a-72d9aa79bf59-576x1024.jpg 576w, https:\/\/www.radiopiu.net\/wordpress\/wp-content\/uploads\/2019\/05\/a55a2fbe-ad70-4070-988a-72d9aa79bf59.jpg 899w\" sizes=\"auto, (max-width: 141px) 100vw, 141px\" \/><\/a>CERCASI GESTORE PER L&#8217;AREA DI LAMBROI<\/h2>\n<p><strong>GOSALDO<\/strong> Il Comune ha pubblicato sul proprio sito l&#8217;avviso esplorativo per la ricerca di operatori economici interessati alla concessione dell&#8217;area attrezzata di sosta a Lambroi, scadenza il 21 maggio.<\/p>\n<p>&nbsp;<\/p>\n<h2><\/h2>\n<h2><\/h2>\n<h2><\/h2>\n<h2><\/h2>\n<h2><\/h2>\n<h2><\/h2>\n<h2><\/h2>\n<h2><\/h2>\n<h2>ALLA RICERCA DI RISORSE \u00a0PER IL TERZO SETTORE<\/h2>\n<p style=\"text-align: left;\"><strong>BELLUNO<\/strong> Aiutare gli enti del terzo settore a trovare fondi e risorse, come? Verr\u00e0 spiegato in tre incontri, \u201cCome trovare risorse\u201d, proposta dal Csv Belluno; le prime due date in programma sono venerd\u00ec 24 maggio e mercoled\u00ec 5 giugno. La tematica, di grande attualit\u00e0, interessa tutto il mondo del volontariato provinciale e delle imprese sociali, che avranno cos\u00ec la possibilit\u00e0 di fare maggiore chiarezza in un campo in continuo divenire e talvolta sconosciuto, quello della raccolta di fondi. Relatore Davide Moro. La partecipazione \u00e8 libera e gratuita per Organizzazioni di volontariato, Associazioni di promozione sociale e Onlus. Info www.csvbelluno.it<\/p>\n<p>&nbsp;<\/p>\n<p>&nbsp;<\/p>\n<p>&nbsp;<\/p>\n<h2>L\u2019ABM e il MiM Belluno organizzano un corso base di impagliatura con il \u201ccargheta\u201d Enrico Stalliviere<\/h2>\n<p><a class=\"dt-pswp-item\" href=\"http:\/\/www.radiopiu.net\/wordpress\/wp-content\/uploads\/2019\/05\/LOC_CAREGHETA_2019.jpg\" data-dt-img-description=\"\" data-large_image_width=\"1754\" data-large_image_height=\"2480\"><img loading=\"lazy\" decoding=\"async\" class=\" wp-image-85643 alignleft\" src=\"http:\/\/www.radiopiu.net\/wordpress\/wp-content\/uploads\/2019\/05\/LOC_CAREGHETA_2019-212x300.jpg\" alt=\"\" width=\"107\" height=\"151\" srcset=\"https:\/\/www.radiopiu.net\/wordpress\/wp-content\/uploads\/2019\/05\/LOC_CAREGHETA_2019-212x300.jpg 212w, https:\/\/www.radiopiu.net\/wordpress\/wp-content\/uploads\/2019\/05\/LOC_CAREGHETA_2019-768x1086.jpg 768w, https:\/\/www.radiopiu.net\/wordpress\/wp-content\/uploads\/2019\/05\/LOC_CAREGHETA_2019-724x1024.jpg 724w, https:\/\/www.radiopiu.net\/wordpress\/wp-content\/uploads\/2019\/05\/LOC_CAREGHETA_2019.jpg 1754w\" sizes=\"auto, (max-width: 107px) 100vw, 107px\" \/><\/a><strong>BELLUNO<\/strong> L\u2019Associazione Bellunesi nel Mondo e il MiM Belluno &#8211; Museo interattivo delle Migrazioni &#8211; organizzano un corso base di impagliatura a cura di Enrico Stalliviere. Il corso, della durata di quattro lezioni (due ore cadauna) avr\u00e0 inizio mercoled\u00ec 29 maggio, alle ore 20.00, presso la sede del MiM Belluno in via Cavour, 3 a Belluno (100 m dal piazzale della stazione del treno). Il corso prevede una lezione teorica in cui verr\u00e0 illustrata la storia dei seggiolai (caregheta) e il ruolo che hanno avuto nel fenomeno migratorio della provincia di Belluno. Seguiranno tre lezioni pratiche in cui ogni partecipante avr\u00e0 a disposizione uno sgabello, gli strumenti e la paglia per l\u2019impagliatura. Al termine del corso lo sgabello impagliato rimarr\u00e0 al corsista. Posti limitati. Per informazioni e iscrizioni: Associazione Bellunesi nel Mondo, tel. 0437 941160 &#8211; info@bellunesinelmondo.it<\/p>\n<p>&nbsp;<\/p>\n<p>&nbsp;<\/p>\n<p>&nbsp;<\/p>\n<h2><a class=\"dt-pswp-item\" href=\"http:\/\/www.radiopiu.net\/wordpress\/wp-content\/uploads\/2018\/09\/appuntamenti.jpeg\" data-dt-img-description=\"\" data-large_image_width=\"800\" data-large_image_height=\"100\"><img loading=\"lazy\" decoding=\"async\" class=\"alignnone wp-image-61958 size-full\" src=\"http:\/\/www.radiopiu.net\/wordpress\/wp-content\/uploads\/2018\/09\/appuntamenti.jpeg\" alt=\"\" width=\"800\" height=\"100\" srcset=\"https:\/\/www.radiopiu.net\/wordpress\/wp-content\/uploads\/2018\/09\/appuntamenti.jpeg 800w, https:\/\/www.radiopiu.net\/wordpress\/wp-content\/uploads\/2018\/09\/appuntamenti-300x38.jpeg 300w, https:\/\/www.radiopiu.net\/wordpress\/wp-content\/uploads\/2018\/09\/appuntamenti-768x96.jpeg 768w\" sizes=\"auto, (max-width: 800px) 100vw, 800px\" \/><\/a><\/h2>\n<h2>\u201cMOZART &#8211; Monologo Epistolare di un Amore.\u201d<\/h2>\n<blockquote><p><em>Sala della Biblioteca Civica di Agordo, sabato 18 maggio 2019 ore 20.30.<\/em><\/p><\/blockquote>\n<p>AUDIO DAL NOTIZIARIO PRINCIPALE, VOCE CLAUDIA CATTADORI<\/p>\n<audio class=\"wp-audio-shortcode\" id=\"audio-85595-4\" preload=\"none\" style=\"width: 100%;\" controls=\"controls\"><source type=\"audio\/mpeg\" src=\"http:\/\/www.radiopiu.net\/wordpress\/wp-content\/uploads\/2019\/05\/CLAUDIA-MOZART.mp3?_=4\" \/><a href=\"http:\/\/www.radiopiu.net\/wordpress\/wp-content\/uploads\/2019\/05\/CLAUDIA-MOZART.mp3\">http:\/\/www.radiopiu.net\/wordpress\/wp-content\/uploads\/2019\/05\/CLAUDIA-MOZART.mp3<\/a><\/audio>\n<p>&nbsp;<\/p>\n<p><strong><a class=\"dt-pswp-item\" href=\"http:\/\/www.radiopiu.net\/wordpress\/wp-content\/uploads\/2019\/05\/58883109_388209445109642_6408293365447655424_o.jpg\" data-dt-img-description=\"\" data-large_image_width=\"960\" data-large_image_height=\"960\"><img loading=\"lazy\" decoding=\"async\" class=\" wp-image-85394 alignleft\" src=\"http:\/\/www.radiopiu.net\/wordpress\/wp-content\/uploads\/2019\/05\/58883109_388209445109642_6408293365447655424_o-300x300.jpg\" alt=\"\" width=\"219\" height=\"219\" srcset=\"https:\/\/www.radiopiu.net\/wordpress\/wp-content\/uploads\/2019\/05\/58883109_388209445109642_6408293365447655424_o-300x300.jpg 300w, https:\/\/www.radiopiu.net\/wordpress\/wp-content\/uploads\/2019\/05\/58883109_388209445109642_6408293365447655424_o-150x150.jpg 150w, https:\/\/www.radiopiu.net\/wordpress\/wp-content\/uploads\/2019\/05\/58883109_388209445109642_6408293365447655424_o-768x768.jpg 768w, https:\/\/www.radiopiu.net\/wordpress\/wp-content\/uploads\/2019\/05\/58883109_388209445109642_6408293365447655424_o.jpg 960w\" sizes=\"auto, (max-width: 219px) 100vw, 219px\" \/><\/a>AGORDO<\/strong> Il Circolo Culturale Agordino ospita in Biblioteca Civica di Agordo Lara Fiori che con la preziosa collaborazione di Gaetano Zagra sono lieti d\u2019invitarvi ad una conferenza-epistolare-multimediale dal titolo: \u201cMOZART &#8211; Monologo Epistolare di un Amore.\u201d I partecipanti potranno scoprire un Mozart diverso, un \u201cMozart\u201d nella sua quotidianit\u00e0, come uomo, e soprattutto come marito, anima pura e sensibile, sconosciuto ai pi\u00f9.<br \/>\nIl tutto tramite l\u2019ausilio di supporti audio e video, ma il cuore della conferenza sar\u00e0 la lettura di alcune lettere che Mozart inviava alla sua amata Constanze; un monologo, perch\u00e9 a tutt\u2019oggi non esistono copie autografe della moglie.\u00a0 Le letture saranno ovviamente precedute da brevi spiegazioni, tramite le quali faremo un viaggio nella storia e nella vita del pi\u00f9 grande Genio musicale mai esistito, ossia Wolfgang Amadeus Mozart. In questa tappa agordina ci sar\u00e0 anche la straordinaria partecipazione di Brunella Moro, voce di IN VIVO VERSO, programma poetico di RADIO PIU\u2019. BIOGRAFIA Lara Fiori, nata a Cortina d\u2019Ampezzo nel 1968, vive a San Vito di Cadore con qualche trasferta a Venezia. Di professione impiegata, ma da sempre attratta dall\u2019arte in tutte le sue forme, nel 2011 ha l\u2019opportunit\u00e0 di lavorare nello staff dell\u2019evento collaterale \u201cPietas\u201d di Jan Fabre alla 54^ edizione della Biennale d\u2019arte di Venezia. La sua passione mozartiana, nasce nell\u2019adolescenza e si sviluppa nel tempo con varie visite a Salisburgo con il suo Festival e al Mozarteum. Nel 2014 inizia uno studio approfondito che le consentir\u00e0 di dar vita al monologo.<\/p>\n<blockquote><p><span style=\"color: #ff0000;\">Brunella Moro ha intervistato Lara Fiori, dallo speciale Reporter in onda su RADIOPIU<\/span><\/p><\/blockquote>\n<audio class=\"wp-audio-shortcode\" id=\"audio-85595-5\" preload=\"none\" style=\"width: 100%;\" controls=\"controls\"><source type=\"audio\/mpeg\" src=\"http:\/\/www.radiopiu.net\/wordpress\/wp-content\/uploads\/2019\/05\/LARA-FIORI.mp3?_=5\" \/><a href=\"http:\/\/www.radiopiu.net\/wordpress\/wp-content\/uploads\/2019\/05\/LARA-FIORI.mp3\">http:\/\/www.radiopiu.net\/wordpress\/wp-content\/uploads\/2019\/05\/LARA-FIORI.mp3<\/a><\/audio>\n<p>&nbsp;<\/p>\n<p>&nbsp;<\/p>\n<p>&nbsp;<\/p>\n<p>&nbsp;<\/p>\n<h2><a class=\"dt-pswp-item\" href=\"http:\/\/www.radiopiu.net\/wordpress\/wp-content\/uploads\/2019\/05\/locandina-jpg.jpg\" data-dt-img-description=\"\" data-large_image_width=\"3662\" data-large_image_height=\"8150\"><img loading=\"lazy\" decoding=\"async\" class=\" wp-image-85457 alignleft\" src=\"http:\/\/www.radiopiu.net\/wordpress\/wp-content\/uploads\/2019\/05\/locandina-jpg-135x300.jpg\" alt=\"\" width=\"78\" height=\"173\" srcset=\"https:\/\/www.radiopiu.net\/wordpress\/wp-content\/uploads\/2019\/05\/locandina-jpg-135x300.jpg 135w, https:\/\/www.radiopiu.net\/wordpress\/wp-content\/uploads\/2019\/05\/locandina-jpg-768x1709.jpg 768w, https:\/\/www.radiopiu.net\/wordpress\/wp-content\/uploads\/2019\/05\/locandina-jpg-460x1024.jpg 460w\" sizes=\"auto, (max-width: 78px) 100vw, 78px\" \/><\/a>LA SCHOLA CANTORUM IN DUOMO<\/h2>\n<p><strong>FELTRE<\/strong> Anche quest&#8217;anno la\u00a0 Schola Cantorum di Santa Giustina, con la collaborazione e il patrocinio del Comune di Feltre,\u00a0 organizza il tradizionale concerto in onore dei Santi Vittore e Corona, domenica alle 21 in Duomo. Il programma scelto per l&#8217;occasione \u00e8 uno dei capolavori sacri di Gioachino Rossini: la PETITE MESSE SOLENNELLE per coro, soli (Varduhi Khachatryan, soprano; Claudia De Pian, mezzosoprano; Matteo Mezzaro, tenore; Abramo Rosalen, basso) due pianoforti (Ferdinando Mussutto e Riccardo Massoli) e harmonium (Deniel Perer).<\/p>\n<p>&nbsp;<\/p>\n<p>&nbsp;<\/p>\n<p>&nbsp;<\/p>\n<h2>\u201cUN CAMINO EN EL MAR\u201d: CONCERTO A CAVARZANO<\/h2>\n<p><strong><a class=\"dt-pswp-item\" href=\"http:\/\/www.radiopiu.net\/wordpress\/wp-content\/uploads\/2019\/05\/60146696_610092912835540_3807790680328110080_n.jpg\" data-dt-img-description=\"\" data-large_image_width=\"719\" data-large_image_height=\"720\"><img loading=\"lazy\" decoding=\"async\" class=\" wp-image-85506 alignleft\" src=\"http:\/\/www.radiopiu.net\/wordpress\/wp-content\/uploads\/2019\/05\/60146696_610092912835540_3807790680328110080_n-300x300.jpg\" alt=\"\" width=\"188\" height=\"188\" srcset=\"https:\/\/www.radiopiu.net\/wordpress\/wp-content\/uploads\/2019\/05\/60146696_610092912835540_3807790680328110080_n-300x300.jpg 300w, https:\/\/www.radiopiu.net\/wordpress\/wp-content\/uploads\/2019\/05\/60146696_610092912835540_3807790680328110080_n-150x150.jpg 150w, https:\/\/www.radiopiu.net\/wordpress\/wp-content\/uploads\/2019\/05\/60146696_610092912835540_3807790680328110080_n.jpg 719w\" sizes=\"auto, (max-width: 188px) 100vw, 188px\" \/><\/a>BELLUNO<\/strong> Grande attesa a Belluno per il concerto \u201cUn Camino en el mar\u201d che avr\u00e0 luogo nel salone parrocchiale della via Castellani di Cavarzano sabato 18 maggio con inizio alle 20,30, organizzato da Giuliana Barattin (foto). In proposito la stessa Barattin su Facebook puntualizza: \u201cAngel Galzerano Trio \u00e8 un ensemble formato da musicisti di vari percorsi musicali con la passione comune per la musica delle diverse culture. Il loro nuovo progetto \u201cUn camino en el mar\u201d riunisce in un&#8217;unica melodia suoni dall&#8217;America Latina, dall&#8217;Europa e profumi dall\u2019Oriente, portando il pubblico in un viaggio dalle Ande al Rio de la Plata, e dall&#8217;Irlanda, passando per il Mar Mediterraneo incontra le suggestioni delle sonorit\u00e0 dell&#8217;India\u201d. Nell\u2019annuncio dell\u2019evento un volantino spiega che \u201cLa musica d&#8217;autore latinoamericana delle canzoni del cantautore italo uruguayo Angel Galzerano accompagnato dal polistrumentista Giorgio Guindani e le suggestioni delle Tabla indiane suonate da Maurizio Murdocca rivelano un nuovo territorio musicale dove i suoni dimenticano le frontiere\u201d. E dunque ci sono le premesse per una serata musicale-culturale-sociale di sicura qualit\u00e0. Per altre informazioni sul concerto gli interessati possono telefonare al 328- 0885987.<\/p>\n<p>&nbsp;<\/p>\n<p>&nbsp;<\/p>\n<p>&nbsp;<\/p>\n<h2>OTTANTENNI DI TUTTA LA VALLATA\u00a0 IN FESTA<\/h2>\n<p><strong>AGORDINO<\/strong> Gli ottantenni in festa sabato 25 maggio. I coscritti del 1939 dei sedici comuni dell\u2019Agordino festeggiano i loro ottant\u2019anni con una cerimonia nella chiesa di santa Maria Nascente ad Agordo sabato 25 maggio. La messa sar\u00e0 celebrata dall\u2019arcidiacono monsignor Giorgio Lise e accompagnata dai canti del Coro parrocchiale. A seguire, i coscritti visiteranno il museo dell\u2019occhiale di Palazzo Crotta-de\u2019Manzoni con successivo pranzo alle 12.30 al ristorante \u00abZum Brillenb\u00e4r\u00bb in localit\u00e0 Valcozzena<\/p>\n<p>&nbsp;<\/p>\n<p><b>AGORDINO <\/b>Cena annuale, sabato 25 maggio alle 20 al Ristorante Alla Stanga con musica ed animazione. Iscrizioni al Bar Schenot in localit\u00e0 Pragrande entro il 20 maggio. info 348 85.24.340<\/p>\n<p>&nbsp;<\/p>\n<p><strong>TAIBON<\/strong> Sabato 25 maggio alle 20.30 nella sala dell&#8217;ex Municipio di Taibon focus sulla Valle di San Lucano con l&#8217;Associazione Amici dei Minerari &#8220;Il paradiso pu\u00f2 attendere, per la rinascita e per il guinnes world record&#8221;.<\/p>\n<p>&nbsp;<\/p>\n<p>&nbsp;<\/p>\n<p>&nbsp;<\/p>\n<blockquote class=\"wp-embedded-content\" data-secret=\"5SeGdJ9qS2\"><p><a href=\"http:\/\/www.radiopiu.net\/wordpress\/con-piu-iva-avremo-anche-piu-nero\/\">CON PIU\u2019 IVA AVREMO ANCHE PIU\u2019 \u201cNERO\u201d<\/a><\/p><\/blockquote>\n<p><iframe loading=\"lazy\" class=\"wp-embedded-content\" sandbox=\"allow-scripts\" security=\"restricted\" style=\"position: absolute; clip: rect(1px, 1px, 1px, 1px);\" src=\"http:\/\/www.radiopiu.net\/wordpress\/con-piu-iva-avremo-anche-piu-nero\/embed\/#?secret=5SeGdJ9qS2\" data-secret=\"5SeGdJ9qS2\" width=\"600\" height=\"338\" title=\"&#8220;CON PIU\u2019 IVA AVREMO ANCHE PIU\u2019 \u201cNERO\u201d&#8221; &#8212; Radio Pi\u00f9\" frameborder=\"0\" marginwidth=\"0\" marginheight=\"0\" scrolling=\"no\"><\/iframe><\/p>\n<p>&nbsp;<\/p>\n<p>&nbsp;<\/p>\n<p>&nbsp;<\/p>\n<p><a class=\"dt-pswp-item\" href=\"http:\/\/www.radiopiu.net\/wordpress\/wp-content\/uploads\/2018\/09\/viabilita.jpeg\" data-dt-img-description=\"\" data-large_image_width=\"800\" data-large_image_height=\"100\"><img loading=\"lazy\" decoding=\"async\" class=\"alignnone size-full wp-image-61954\" src=\"http:\/\/www.radiopiu.net\/wordpress\/wp-content\/uploads\/2018\/09\/viabilita.jpeg\" alt=\"\" width=\"800\" height=\"100\" srcset=\"https:\/\/www.radiopiu.net\/wordpress\/wp-content\/uploads\/2018\/09\/viabilita.jpeg 800w, https:\/\/www.radiopiu.net\/wordpress\/wp-content\/uploads\/2018\/09\/viabilita-300x38.jpeg 300w, https:\/\/www.radiopiu.net\/wordpress\/wp-content\/uploads\/2018\/09\/viabilita-768x96.jpeg 768w\" sizes=\"auto, (max-width: 800px) 100vw, 800px\" \/><\/a><\/p>\n<blockquote><p>&nbsp;<\/p>\n<p><strong>GOSALDO: DA LUNEDI 20 A SABATO 25 MAGGIO DALLE 8 ALLE 12 E DALLE 13.30 ALLE 18 STRADA PROVINCIALE 3 CHIUSA!\u00a0 LOCALITA&#8217; LE FESTE<\/strong><\/p>\n<p>&nbsp;<\/p><\/blockquote>\n<p><strong>PROVINCIALE 251<\/strong> Fino al 17 maggio senso unico in localit\u00e0 Dont.<\/p>\n<p><strong>REGIONALE 203 AGORDINA<\/strong> Fino al 28 giugno sabato e domenica escluso, senso unico alternato tra Alleghe e Caprile.<\/p>\n<p><strong>PROVINCIALE 563 DI SALESEI<\/strong> Fino al 28 giugno esclusi giorni festivi e prefestivi senso unico alternato tra Caprile e Saviner<\/p>\n<p><strong>PROVINCIALE 3 VALLE IMPERINA<\/strong> Fino a revoca senso unico a vista\u00a0 in localit\u00e0 Corde Mole per cedimento della careggiata. Dal 13 maggio e\u00a0 fino al 28 giugno tra Rivamonte e Forcella Franche senso unico alternato per la posa di tubazione per conto di Enel.<\/p>\n<p><strong>PROVINCIALE 347 DEL DURAN <\/strong>Fino al 31 maggio in localit\u00e0 Fornesighe senso unico alternato regolato da semaforo o movieri, possibili temporanee interdizioni totali al traffico fino a un masssimo di 20 minuti<\/p>\n<p><strong>REGIONALE 203 AGORDINA<\/strong> Fino al 31 maggio esclusi festivi e prefestivi, senso unico alternato in localit\u00e0 Rucava, possibili brevi interruzioni fino a 15 minuti.<\/p>\n<p><strong>PROVINCIALE 8 DI SAN TOMASO<\/strong> Fino\u00a0 al 28 giugno (esclusi festivi e prefestivi) senso unico alternato tra Pian Molin e Roi<\/p>\n<p><strong>PROVINCIALE 563 DI SALESEI <\/strong>Fino al\u00a014 giugno\u00a0 In localit\u00e0 Sopracordevole in Comune di Rocca Pietore senso unico alternato con semaforo o movieri e divieto di transito ai mezzi con massa superiore a 7,5 tonellate.<\/p>\n<p>&nbsp;<\/p>\n<p>&nbsp;<\/p>\n<h2><img loading=\"lazy\" decoding=\"async\" class=\"alignleft wp-image-60761 \" src=\"http:\/\/www.radiopiu.net\/wordpress\/wp-content\/uploads\/2018\/09\/sport.jpg\" alt=\"\" width=\"992\" height=\"124\" srcset=\"https:\/\/www.radiopiu.net\/wordpress\/wp-content\/uploads\/2018\/09\/sport.jpg 800w, https:\/\/www.radiopiu.net\/wordpress\/wp-content\/uploads\/2018\/09\/sport-300x38.jpg 300w, https:\/\/www.radiopiu.net\/wordpress\/wp-content\/uploads\/2018\/09\/sport-768x96.jpg 768w\" sizes=\"auto, (max-width: 992px) 100vw, 992px\" \/><\/h2>\n<h2><\/h2>\n<p>&nbsp;<\/p>\n<p>&nbsp;<\/p>\n<p>&nbsp;<\/p>\n<h3>CORRI QUANTINSIEME QUARTA EDIZIONE<\/h3>\n<p><strong>PONTE NELLE ALPI<\/strong> Sabato 24 maggio Insieme si Pu\u00f2, associazione Assi e Gs Quantin organizzano la Corri Quantinsieme, quarta edizione. Pedonata 2-4-8 chilometri aperta a tutti, percorso di 2 chilometri anche per mezzi con le ruote. Partenza alle 19.\u00a0 INFO ISCRIZIONI Mery 349 2730303,\u00a0 Daniela 347 3563988<\/p>\n<p>&nbsp;<\/p>\n<p>&nbsp;<\/p>\n<p>&nbsp;<\/p>\n<blockquote>\n<h2><a class=\"dt-pswp-item\" href=\"http:\/\/www.radiopiu.net\/wordpress\/wp-content\/uploads\/2019\/05\/2_fattorini.jpg\" data-dt-img-description=\"\" data-large_image_width=\"2000\" data-large_image_height=\"1335\"><img loading=\"lazy\" decoding=\"async\" class=\" wp-image-85641 alignleft\" src=\"http:\/\/www.radiopiu.net\/wordpress\/wp-content\/uploads\/2019\/05\/2_fattorini-300x200.jpg\" alt=\"\" width=\"185\" height=\"123\" srcset=\"https:\/\/www.radiopiu.net\/wordpress\/wp-content\/uploads\/2019\/05\/2_fattorini-300x200.jpg 300w, https:\/\/www.radiopiu.net\/wordpress\/wp-content\/uploads\/2019\/05\/2_fattorini-768x513.jpg 768w, https:\/\/www.radiopiu.net\/wordpress\/wp-content\/uploads\/2019\/05\/2_fattorini-1024x684.jpg 1024w, https:\/\/www.radiopiu.net\/wordpress\/wp-content\/uploads\/2019\/05\/2_fattorini.jpg 2000w\" sizes=\"auto, (max-width: 185px) 100vw, 185px\" \/><\/a><\/h2>\n<h2><\/h2>\n<h2>220 ALL&#8217; ALPE DEL NEVEGAL<\/h2>\n<h3>DI ROBERTO BONA<\/h3>\n<\/blockquote>\n<audio class=\"wp-audio-shortcode\" id=\"audio-85595-6\" preload=\"none\" style=\"width: 100%;\" controls=\"controls\"><source type=\"audio\/mpeg\" src=\"http:\/\/www.radiopiu.net\/wordpress\/wp-content\/uploads\/2019\/05\/BONA.mp3?_=6\" \/><a href=\"http:\/\/www.radiopiu.net\/wordpress\/wp-content\/uploads\/2019\/05\/BONA.mp3\">http:\/\/www.radiopiu.net\/wordpress\/wp-content\/uploads\/2019\/05\/BONA.mp3<\/a><\/audio>\n<p>&nbsp;<\/p>\n<p>&nbsp;<\/p>\n<p>&nbsp;<\/p>\n<p>&nbsp;<\/p>\n<h2>SABATO A VOLTAGO INAUGURAZIONE DEL CAMPO E PRIMO TORNEO DEL POI<\/h2>\n<p>dal giornale radio: SIMONE MERLIN PRESIDENTE ASS.DIL.VOLTAGO<\/p>\n<audio class=\"wp-audio-shortcode\" id=\"audio-85595-7\" preload=\"none\" style=\"width: 100%;\" controls=\"controls\"><source type=\"audio\/mpeg\" src=\"http:\/\/www.radiopiu.net\/wordpress\/wp-content\/uploads\/2019\/05\/TORNEO-DEL-POI-SIMONE-MERLIN.mp3?_=7\" \/><a href=\"http:\/\/www.radiopiu.net\/wordpress\/wp-content\/uploads\/2019\/05\/TORNEO-DEL-POI-SIMONE-MERLIN.mp3\">http:\/\/www.radiopiu.net\/wordpress\/wp-content\/uploads\/2019\/05\/TORNEO-DEL-POI-SIMONE-MERLIN.mp3<\/a><\/audio>\n<p><b><\/b>Verr\u00e0 inaugurato sabato pomerigg io il campo sportivo di Voltago \u201cRenzo Da Campo\u201d. Dopo i lavori durati pi\u00f9 di un anno, il green di Voltago pu\u00f2 essere di nuovo usato per allenamenti e partite. Campo che \u00e8 stato allargato, illuminato e dotato di nuove recinzioni. Novit\u00e0 anche per quanto riguarda gli spogliatoi con l&#8217;istallazione di pannelli solari per scaldare l&#8217;acqua delle docce. In programma anche la prima edizione del Torneo del Poi in un triangolare tra Voltago, Frassen\u00e8 e Gosaldo, un assaggio in vista del Campionato Agordino di calcio che inizier\u00e0 domenica 26 maggio.<\/p>\n<p>&nbsp;<\/p>\n<p>&nbsp;<\/p>\n<p>&nbsp;<\/p>\n<h2><span style=\"color: #ff0000;\"><a class=\"dt-pswp-item\" href=\"http:\/\/www.radiopiu.net\/wordpress\/wp-content\/uploads\/2018\/09\/download-11.jpg\" data-dt-img-description=\"\" data-large_image_width=\"278\" data-large_image_height=\"181\"><img loading=\"lazy\" decoding=\"async\" class=\" wp-image-61629 alignleft\" src=\"http:\/\/www.radiopiu.net\/wordpress\/wp-content\/uploads\/2018\/09\/download-11.jpg\" alt=\"\" width=\"167\" height=\"109\" \/><\/a>LO SPECIALE\u00a0<\/span><\/h2>\n<h2>QUATTORDICI ARTISTI IN NEVEGAL PER RIANIMARE I TRONCHI DI \u201cVAIA\u201d di Renato Bona<\/h2>\n<p>Il 25 e 26 maggio nel Parco Pineta con \u201cLo Scalpello magico\u201d\u00a0 A seguito degli schianti del &#8220;Vaia&#8221; del 29 ottobre 2018, quattordici artisti del Bellunese, del Trentino e del Padovano faranno rivivere altrettanti tronchi di alberi caduti. L\u2019iniziativa di Gino Luigi Lo Bartolo di \u201cLo Scalpello magico\u201d \u00e8 in programma al Parco Pineta del Col Nevegal &#8211; pure devastato dall\u2019evento calamitoso &#8211; sabato 25 maggio a partire dalle 8 e domenica 26 maggio fino alle 18 (sar\u00e0 garantito il servizio di ristoro, meglio se telefonando al 338-2101646). Ecco chi sono i quattordici protagonisti del nuovo gesto di solidariet\u00e0: Walter De Biasio \u201cEl Zoldo\u201d di Canale d\u2019Agordo, Jury De Col \u201cCiar\u00e8t\u201d di Alpago, Italo De Gol di Santa Giustina, David Fent di Cesiomaggiore, Cesare Ghedina \u201cCrepo\u201d di Belluno,Eros Lena \u201cEl Fritool\u2019s\u2019\u201d di Canale d\u2019Agordo, Luigi Lo Bartolo\u201cGigiloba\u201d di Belluno-Nevegal, Gino Lunz \u201cJek\u201ddi Maso Lunzi Pergine di Valsugana, Ivan Rosso di Canale d\u2019Agordo, Enver Rovere di Levico Terme, Paolo Schenal di Pedavena, Matteo Schiavo di Abano Terme, Andrea Dietre di Tortegno,Ugo Della Giacoma \u201cHughs\u201d di Canale d\u2019Agordo. Enzo Mazzocco sul sito \u201camicidelnevegal\u201d scrive a proposito di questa manifestazione: \u201cApprendiamo con piacere che un gruppo di artisti interprovinciale dar\u00e0 vita al disastrato Parco Pineta in Nevegal. La furia della tempesta Vaia, non ha risparmiato che pochi dei meravigliosi alberi che facevano da cornice al Parco Pineta sul Colle; ma ora lo &#8220;Scalpello Magico&#8221; si metter\u00e0 all&#8217;opera per far rivivere con creativit\u00e0 e sapienza tutta una serie di sculture da ammirare prossimamente al Parco Pineta. Quattordici artisti per quattordici statue che abbelliranno con le loro forme \u2018viventi\u2019 quel che purtroppo la natura ha duramente colpito. Queste opere vivranno a dispetto delle avversit\u00e0 e costituiranno qualcosa che varr\u00e0 la pena (quando pronte ) di ammirare per apprezzare la creativit\u00e0 dei singoli artisti\u201d. E conclude: \u201cUna notizia positiva che ogni tanto non guasta fra tante che ultimamente ci danno di che pensare\u2026\u201d. Il ciclone Vaia &#8211; come si pu\u00f2 leggere nel sito notizieinunclick &#8211; ha avuto in alcune parti delle nostre montagne, Bellunese e Altopiano di Asiago in primis, un impatto simile a quello di un terremoto, come sottolineato da Angelo Borrelli, Capo dipartimento nazionale della Protezione civile, presente alla cerimonia di Belluno per dimostrare, ancora una volta, come l\u2019evento di fine ottobre 2018 sia stato un momento eccezionale anche per l\u2019intera rete nazionale di volontari della Protezione civile. Erano stati oltre mille i partecipanti alla Spes Arena di Lambioi all\u2019incontro regionale del volontariato di Protezione civile voluto dalla Regione Veneto per esprimere profonda gratitudine per i quattromila volontari che si sono prodigati in occasione dell\u2019eccezionale ondata di maltempi \u201ce si sono messi a disposizione per aiutare comunit\u00e0 e territori cos\u00ec duramente colpiti dalla furia del tempo, che si sono spesi senza sosta, dando un contributo fondamentale alla ripresa, soprattutto nei primi giorni di emergenza\u201d.<\/p>\n<p><strong>NELLE FOTO<\/strong> (Gino Luigi Lo Bartolo; Marco Bona): Il Parco Pineta dove 14 artisti \u201crianimeranno\u201d i tronchi caduti in occasione del disastro Vaia; i danni provocati nella zona di Caprile-Selva di Cadore.<\/p>\n<p><a class=\"dt-pswp-item\" href=\"http:\/\/www.radiopiu.net\/wordpress\/wp-content\/uploads\/2019\/05\/60357295_442153403261849_6664846248962424832_n.jpg\" data-dt-img-description=\"\" data-large_image_width=\"2048\" data-large_image_height=\"1365\"><img loading=\"lazy\" decoding=\"async\" class=\"alignnone size-medium wp-image-85654\" src=\"http:\/\/www.radiopiu.net\/wordpress\/wp-content\/uploads\/2019\/05\/60357295_442153403261849_6664846248962424832_n-300x200.jpg\" alt=\"\" width=\"300\" height=\"200\" srcset=\"https:\/\/www.radiopiu.net\/wordpress\/wp-content\/uploads\/2019\/05\/60357295_442153403261849_6664846248962424832_n-300x200.jpg 300w, https:\/\/www.radiopiu.net\/wordpress\/wp-content\/uploads\/2019\/05\/60357295_442153403261849_6664846248962424832_n-768x512.jpg 768w, https:\/\/www.radiopiu.net\/wordpress\/wp-content\/uploads\/2019\/05\/60357295_442153403261849_6664846248962424832_n-1024x683.jpg 1024w, https:\/\/www.radiopiu.net\/wordpress\/wp-content\/uploads\/2019\/05\/60357295_442153403261849_6664846248962424832_n.jpg 2048w\" sizes=\"auto, (max-width: 300px) 100vw, 300px\" \/><\/a><a class=\"dt-pswp-item\" href=\"http:\/\/www.radiopiu.net\/wordpress\/wp-content\/uploads\/2019\/05\/60363702_444635749629619_4282185855579193344_n.jpg\" data-dt-img-description=\"\" data-large_image_width=\"323\" data-large_image_height=\"239\"><img loading=\"lazy\" decoding=\"async\" class=\"alignnone wp-image-85653\" src=\"http:\/\/www.radiopiu.net\/wordpress\/wp-content\/uploads\/2019\/05\/60363702_444635749629619_4282185855579193344_n-300x222.jpg\" alt=\"\" width=\"266\" height=\"197\" srcset=\"https:\/\/www.radiopiu.net\/wordpress\/wp-content\/uploads\/2019\/05\/60363702_444635749629619_4282185855579193344_n-300x222.jpg 300w, https:\/\/www.radiopiu.net\/wordpress\/wp-content\/uploads\/2019\/05\/60363702_444635749629619_4282185855579193344_n.jpg 323w\" sizes=\"auto, (max-width: 266px) 100vw, 266px\" \/><\/a><a class=\"dt-pswp-item\" href=\"http:\/\/www.radiopiu.net\/wordpress\/wp-content\/uploads\/2019\/05\/60443729_353981468586460_7229959006180081664_n.png\" data-dt-img-description=\"\" data-large_image_width=\"2048\" data-large_image_height=\"1536\"><img loading=\"lazy\" decoding=\"async\" class=\"alignnone wp-image-85652\" src=\"http:\/\/www.radiopiu.net\/wordpress\/wp-content\/uploads\/2019\/05\/60443729_353981468586460_7229959006180081664_n-300x225.png\" alt=\"\" width=\"275\" height=\"206\" srcset=\"https:\/\/www.radiopiu.net\/wordpress\/wp-content\/uploads\/2019\/05\/60443729_353981468586460_7229959006180081664_n-300x225.png 300w, https:\/\/www.radiopiu.net\/wordpress\/wp-content\/uploads\/2019\/05\/60443729_353981468586460_7229959006180081664_n-768x576.png 768w, https:\/\/www.radiopiu.net\/wordpress\/wp-content\/uploads\/2019\/05\/60443729_353981468586460_7229959006180081664_n-1024x768.png 1024w, https:\/\/www.radiopiu.net\/wordpress\/wp-content\/uploads\/2019\/05\/60443729_353981468586460_7229959006180081664_n.png 2048w\" sizes=\"auto, (max-width: 275px) 100vw, 275px\" \/><\/a><a class=\"dt-pswp-item\" href=\"http:\/\/www.radiopiu.net\/wordpress\/wp-content\/uploads\/2019\/05\/60303919_1108971229287314_3866161656702697472_n.png\" data-dt-img-description=\"\" data-large_image_width=\"2048\" data-large_image_height=\"1199\"><img loading=\"lazy\" decoding=\"async\" class=\"alignnone wp-image-85650\" src=\"http:\/\/www.radiopiu.net\/wordpress\/wp-content\/uploads\/2019\/05\/60303919_1108971229287314_3866161656702697472_n-300x176.png\" alt=\"\" width=\"357\" height=\"210\" srcset=\"https:\/\/www.radiopiu.net\/wordpress\/wp-content\/uploads\/2019\/05\/60303919_1108971229287314_3866161656702697472_n-300x176.png 300w, https:\/\/www.radiopiu.net\/wordpress\/wp-content\/uploads\/2019\/05\/60303919_1108971229287314_3866161656702697472_n-768x450.png 768w, https:\/\/www.radiopiu.net\/wordpress\/wp-content\/uploads\/2019\/05\/60303919_1108971229287314_3866161656702697472_n-1024x600.png 1024w, https:\/\/www.radiopiu.net\/wordpress\/wp-content\/uploads\/2019\/05\/60303919_1108971229287314_3866161656702697472_n.png 2048w\" sizes=\"auto, (max-width: 357px) 100vw, 357px\" \/><\/a><\/p>\n<p>&nbsp;<\/p>\n<p>&nbsp;<\/p>\n<p>&nbsp;<\/p>\n<p><a class=\"dt-pswp-item\" href=\"http:\/\/www.radiopiu.net\/wordpress\/wp-content\/uploads\/2018\/09\/WhatsApp-Image-2018-09-20-at-16.04.06.jpeg\" data-dt-img-description=\"\" data-large_image_width=\"800\" data-large_image_height=\"100\"><img loading=\"lazy\" decoding=\"async\" class=\"alignnone size-full wp-image-61378\" src=\"http:\/\/www.radiopiu.net\/wordpress\/wp-content\/uploads\/2018\/09\/WhatsApp-Image-2018-09-20-at-16.04.06.jpeg\" alt=\"\" width=\"800\" height=\"100\" srcset=\"https:\/\/www.radiopiu.net\/wordpress\/wp-content\/uploads\/2018\/09\/WhatsApp-Image-2018-09-20-at-16.04.06.jpeg 800w, https:\/\/www.radiopiu.net\/wordpress\/wp-content\/uploads\/2018\/09\/WhatsApp-Image-2018-09-20-at-16.04.06-300x38.jpeg 300w, https:\/\/www.radiopiu.net\/wordpress\/wp-content\/uploads\/2018\/09\/WhatsApp-Image-2018-09-20-at-16.04.06-768x96.jpeg 768w\" sizes=\"auto, (max-width: 800px) 100vw, 800px\" \/><\/a><\/p>\n<p>&nbsp;<\/p>\n<p><b>Giovedi 16<\/b> <b>Tempo atteso: <\/b>Al mattino sole con cielo sereno o poco nuvoloso per primi annuvolamenti cumuliformi. Al pomeriggio netta riduzione del soleggiamento e maggiore nuvolosit\u00e0 per addensamenti, associati a rovesci. Clima pi\u00f9 fresco di notte nelle valli, ma anche pi\u00f9 mite di giorno a tutte le quote grazie al sole del mattino.<br \/>\n<b>Precipitazioni: <\/b>Probabilit\u00e0 assente al mattino (0%), mentre si verificheranno rovesci sparsi al pomeriggio, specie sulle Dolomiti (60\/70%), il rischio sar\u00e0 minore altrove (40\/50%). Limite neve sui 2000\/2100 m.<br \/>\n<b>Temperature: <\/b>Minime in aumento in quota e in calo nelle valli, massime in generale ripresa. Sono previste punte di 18\/19\u00b0C nei fondovalle prealpini e di 14\/16\u00b0C a 1000\/1200 m. Su Prealpi a 1500 m min 2\u00b0C max 8\u00b0C, a 2000 m min 0\u00b0C max 4\u00b0C. Su Dolomiti a 2000 m min -1\u00b0C max 3\u00b0C, a 3000 m min -5\u00b0C max -3\u00b0C.<br \/>\n<b>Venti: <\/b>Nelle valli deboli di direzione variabile; in quota molto deboli da Nord Nord-Est al mattino, poi sempre deboli da Sud Sud-Ovest, a 2-5 km\/h a 2000 m e a 5-10 km\/h a 3000 m.<\/p>\n<hr \/>\n<p><b>Venerdi 17<\/b> <b>Tempo atteso: <\/b>Ampi tratti soleggiati e primi annuvolamenti al mattino, poi riduzione del soleggiamento e annuvolamenti cumuliformi irregolari, localmente associati a qualche piovasco (30\/40%). Clima ancora un po&#8217; fresco, specie in alta quota.<br \/>\n<b>Precipitazioni: <\/b>Probabilit\u00e0 pressoch\u00e9 assente al mattino (10%), mentre si verificheranno rovesci sparsi al pomeriggio (50\/60%), specie sulle Dolomiti e le Prealpi bellunesi, probabilit\u00e0 minore altrove. Limite neve sui 2000\/2100 m.<br \/>\n<b>Temperature: <\/b>In generale ulteriore lieve aumento. I valori saranno comunque ancora inferiori alla media del periodo. Su Prealpi a 1500 m min 3\u00b0C max 9\u00b0C, a 2000 m min 1\u00b0C max 5\u00b0C. Su Dolomiti a 2000 m min 1\u00b0C max 4\u00b0C, a 3000 m min -4\u00b0C max -3\u00b0C.<br \/>\n<b>Venti: <\/b>Nelle valli deboli di direzione variabile; in quota deboli\/moderati da Sud Sud-Est, a 5-10 km\/h a 2000 m e a 5-15 km\/h a 3000 m.<\/p>\n<hr \/>\n<p><b>Sabato 18<\/b>Tempo variabile con residue schiarite e cielo molto nuvoloso al primo mattino, poi rapido peggioramento fino a risultare perturbato nel pomeriggio\/sera, con estesa nuvolosit\u00e0 e piogge via via pi\u00f9 diffuse di debole intensit\u00e0 sui settori settentrionali, moderata tra Prealpi e Dolomiti meridionali. Il limite neve sar\u00e0 sui 1700\/1900 m. Temperature minime in rialzo e massime in calo. Venti moderati\/tesi da Sud-Est in quota, deboli di direzione variabile nelle valli.<\/p>\n<hr \/>\n<p><b>Domenica 19<\/b>Maltempo, almeno fino al primo pomeriggio, con cielo molto nuvoloso\/coperto e precipitazioni continue e diffuse, anche a carattere di rovescio. Limite neve oltre i 1900\/2000 m. Temperature minime in leggero calo in quota e stazionarie nelle valli, massime in rialzo, con clima uggioso e fresco; debole escursione termica. Venti deboli, a tratti moderati, dai quadranti meridionali in quota, deboli di direzione variabile nelle valli. Previsore: R.L.Th.<\/p>\n<p>&nbsp;<\/p>\n","protected":false},"excerpt":{"rendered":"<p>Non si ferma la frana di Schiucaz, la giornata di pioggia non ha aiutato e anche ieri la massa da 6000 metri cubi con un fronte di 60 metri di altezza\u00a0 ha avanzato di almeno 12 centimetri a monte, la Provincia stanzia 2 milioni di euro con una variazione al bilancio per lavori di somma&hellip;<\/p>\n","protected":false},"author":1,"featured_media":85592,"comment_status":"closed","ping_status":"closed","sticky":false,"template":"","format":"standard","meta":{"_monsterinsights_skip_tracking":false,"_monsterinsights_sitenote_active":false,"_monsterinsights_sitenote_note":"","_monsterinsights_sitenote_category":0,"footnotes":""},"categories":[86],"tags":[],"class_list":["post-85595","post","type-post","status-publish","format-standard","has-post-thumbnail","hentry","category-gr","category-86","description-off"],"img_url":"https:\/\/www.radiopiu.net\/wordpress\/wp-content\/uploads\/2019\/05\/404a5fd9-de98-4ff6-9383-52997130f8bc.jpg","_links":{"self":[{"href":"https:\/\/www.radiopiu.net\/wordpress\/wp-json\/wp\/v2\/posts\/85595","targetHints":{"allow":["GET"]}}],"collection":[{"href":"https:\/\/www.radiopiu.net\/wordpress\/wp-json\/wp\/v2\/posts"}],"about":[{"href":"https:\/\/www.radiopiu.net\/wordpress\/wp-json\/wp\/v2\/types\/post"}],"author":[{"embeddable":true,"href":"https:\/\/www.radiopiu.net\/wordpress\/wp-json\/wp\/v2\/users\/1"}],"replies":[{"embeddable":true,"href":"https:\/\/www.radiopiu.net\/wordpress\/wp-json\/wp\/v2\/comments?post=85595"}],"version-history":[{"count":0,"href":"https:\/\/www.radiopiu.net\/wordpress\/wp-json\/wp\/v2\/posts\/85595\/revisions"}],"wp:featuredmedia":[{"embeddable":true,"href":"https:\/\/www.radiopiu.net\/wordpress\/wp-json\/wp\/v2\/media\/85592"}],"wp:attachment":[{"href":"https:\/\/www.radiopiu.net\/wordpress\/wp-json\/wp\/v2\/media?parent=85595"}],"wp:term":[{"taxonomy":"category","embeddable":true,"href":"https:\/\/www.radiopiu.net\/wordpress\/wp-json\/wp\/v2\/categories?post=85595"},{"taxonomy":"post_tag","embeddable":true,"href":"https:\/\/www.radiopiu.net\/wordpress\/wp-json\/wp\/v2\/tags?post=85595"}],"curies":[{"name":"wp","href":"https:\/\/api.w.org\/{rel}","templated":true}]}}