{"id":85636,"date":"2019-05-16T05:52:01","date_gmt":"2019-05-16T03:52:01","guid":{"rendered":"http:\/\/www.radiopiu.net\/wordpress\/?p=85636"},"modified":"2019-05-17T06:15:51","modified_gmt":"2019-05-17T04:15:51","slug":"la-riflessione-dolomitica-la-montagna-per-tutti","status":"publish","type":"post","link":"https:\/\/www.radiopiu.net\/wordpress\/la-riflessione-dolomitica-la-montagna-per-tutti\/","title":{"rendered":"LA RIFLESSIONE DOLOMITICA, LA MONTAGNA PER TUTTI? di Claudio Pra"},"content":{"rendered":"<p>&nbsp;<\/p>\n<h2>LA RIFLESSIONE DI CLAUDIO PRA, CONDUTTORE DELLA TRASMISSIONE &#8220;LA MONTAGNA NEL CUORE, 360 GRADI DI PASSIONE&#8221;.<\/h2>\n<p><a class=\"dt-pswp-item\" href=\"http:\/\/www.radiopiu.net\/wordpress\/wp-content\/uploads\/2019\/05\/6877f37c-03ba-4677-8629-1c19f5dd7d6b.jpg\" data-dt-img-description=\"\" data-large_image_width=\"1296\" data-large_image_height=\"728\"><img loading=\"lazy\" decoding=\"async\" class=\"alignnone  wp-image-85634\" src=\"http:\/\/www.radiopiu.net\/wordpress\/wp-content\/uploads\/2019\/05\/6877f37c-03ba-4677-8629-1c19f5dd7d6b-300x169.jpg\" alt=\"\" width=\"203\" height=\"114\" srcset=\"https:\/\/www.radiopiu.net\/wordpress\/wp-content\/uploads\/2019\/05\/6877f37c-03ba-4677-8629-1c19f5dd7d6b-300x169.jpg 300w, https:\/\/www.radiopiu.net\/wordpress\/wp-content\/uploads\/2019\/05\/6877f37c-03ba-4677-8629-1c19f5dd7d6b-768x431.jpg 768w, https:\/\/www.radiopiu.net\/wordpress\/wp-content\/uploads\/2019\/05\/6877f37c-03ba-4677-8629-1c19f5dd7d6b-1024x575.jpg 1024w, https:\/\/www.radiopiu.net\/wordpress\/wp-content\/uploads\/2019\/05\/6877f37c-03ba-4677-8629-1c19f5dd7d6b.jpg 1296w\" sizes=\"auto, (max-width: 203px) 100vw, 203px\" \/><\/a><a class=\"dt-pswp-item\" href=\"http:\/\/www.radiopiu.net\/wordpress\/wp-content\/uploads\/2019\/05\/cc9521d2-08fc-4ec3-b0e6-9e8ddf5518b0.jpg\" data-dt-img-description=\"\" data-large_image_width=\"1599\" data-large_image_height=\"899\"><img loading=\"lazy\" decoding=\"async\" class=\"alignnone  wp-image-85635\" src=\"http:\/\/www.radiopiu.net\/wordpress\/wp-content\/uploads\/2019\/05\/cc9521d2-08fc-4ec3-b0e6-9e8ddf5518b0-300x169.jpg\" alt=\"\" width=\"205\" height=\"116\" srcset=\"https:\/\/www.radiopiu.net\/wordpress\/wp-content\/uploads\/2019\/05\/cc9521d2-08fc-4ec3-b0e6-9e8ddf5518b0-300x169.jpg 300w, https:\/\/www.radiopiu.net\/wordpress\/wp-content\/uploads\/2019\/05\/cc9521d2-08fc-4ec3-b0e6-9e8ddf5518b0-768x432.jpg 768w, https:\/\/www.radiopiu.net\/wordpress\/wp-content\/uploads\/2019\/05\/cc9521d2-08fc-4ec3-b0e6-9e8ddf5518b0-1024x576.jpg 1024w, https:\/\/www.radiopiu.net\/wordpress\/wp-content\/uploads\/2019\/05\/cc9521d2-08fc-4ec3-b0e6-9e8ddf5518b0.jpg 1599w\" sizes=\"auto, (max-width: 205px) 100vw, 205px\" \/><\/a><a class=\"dt-pswp-item\" href=\"http:\/\/www.radiopiu.net\/wordpress\/wp-content\/uploads\/2019\/05\/4f9628ee-d14c-4ab8-9f6b-e07fd5078872.jpg\" data-dt-img-description=\"\" data-large_image_width=\"1294\" data-large_image_height=\"728\"><img loading=\"lazy\" decoding=\"async\" class=\"alignnone  wp-image-85633\" src=\"http:\/\/www.radiopiu.net\/wordpress\/wp-content\/uploads\/2019\/05\/4f9628ee-d14c-4ab8-9f6b-e07fd5078872-300x169.jpg\" alt=\"\" width=\"208\" height=\"116\" srcset=\"https:\/\/www.radiopiu.net\/wordpress\/wp-content\/uploads\/2019\/05\/4f9628ee-d14c-4ab8-9f6b-e07fd5078872-300x169.jpg 300w, https:\/\/www.radiopiu.net\/wordpress\/wp-content\/uploads\/2019\/05\/4f9628ee-d14c-4ab8-9f6b-e07fd5078872-768x432.jpg 768w, https:\/\/www.radiopiu.net\/wordpress\/wp-content\/uploads\/2019\/05\/4f9628ee-d14c-4ab8-9f6b-e07fd5078872-1024x576.jpg 1024w, https:\/\/www.radiopiu.net\/wordpress\/wp-content\/uploads\/2019\/05\/4f9628ee-d14c-4ab8-9f6b-e07fd5078872.jpg 1294w\" sizes=\"auto, (max-width: 208px) 100vw, 208px\" \/><\/a><\/p>\n<blockquote>\n<h3><em>una riflessione sul senso di andare in montagna, lontano dal turismo di massa che in molti vogliono.<\/em><\/h3>\n<\/blockquote>\n<audio class=\"wp-audio-shortcode\" id=\"audio-85636-1\" preload=\"none\" style=\"width: 100%;\" controls=\"controls\"><source type=\"audio\/mpeg\" src=\"http:\/\/www.radiopiu.net\/wordpress\/wp-content\/uploads\/2019\/05\/Montagna-per-tutti.mp3?_=1\" \/><a href=\"http:\/\/www.radiopiu.net\/wordpress\/wp-content\/uploads\/2019\/05\/Montagna-per-tutti.mp3\">http:\/\/www.radiopiu.net\/wordpress\/wp-content\/uploads\/2019\/05\/Montagna-per-tutti.mp3<\/a><\/audio>\n<h2><\/h2>\n<p>&nbsp;<\/p>\n<p><strong>di Claudio Pra<\/strong><\/p>\n<p>Mi rendo conto che l\u2019argomento \u00e8 spinoso e il titolo provocatorio, ma spero di spiegarmi bene. Qualche settimana fa ho assistito a Sospirolo ad una bella serata dedicata all\u2019alpinista quasi novantenne Adriana Valdo e al suo legame con i Monti del Sole. Verso la fine dell\u2019incontro \u00e8 salito sul palco il Presidente del CAI di Feltre, che ha raccontato di aver incontrato tempo prima due olandesi diretti proprio sui Monti del Sole. Incuriosito ha chiesto loro come avessero saputo dell\u2019esistenza di quel luogo sperduto e per niente famoso. La risposta \u00e8 stata : -abbiamo digitato sul motore di ricerca MONTAGNE SELVAGGE\u201d. Quindi i due erano alla ricerca di un luogo considerato raro, che hanno trovato proprio qui da noi. Un tesoro da preservare, ha concluso il Presidente, anche se la morfologia lo difende comunque bene. Da non addomesticare con cordini o altro, per non ritrovarselo invaso, un luogo che l\u2019alpinista medio deve conquistarsi, dove vivr\u00e0 sensazioni ormai quasi dimenticate. Il convinto applauso in sala ha testimoniato che eravamo tutti d\u2019accordo. Dopo la serata ho discusso dell\u2019argomento con un amico arrampicatore che a sua volta mi ha raccontato di aver incontrato tra le nostre montagne meno famose escursionisti provenienti da Merano, che erano alla ricerca di luoghi poco affollati ed ancora incontaminati che di l\u00e0, nelle famose e invidiate regioni autonome, non si trovano quasi pi\u00f9. L\u00ec \u00e8 ormai quasi tutto segnalato, tutto alla portata, tutto reso facile a tutti. Tanta gente, tanto chiasso, rifugi ovunque e l\u2019andare in montagna che perde il suo vero significato, che invece qui da noi ancora resiste. Ovviamente in montagna ci deve essere spazio per tutti, ed i luoghi adatti ad un escursionismo semplice, aiutando anche le persone a raggiungerli, ci sono. Ma a mio avviso l\u2019accesso a posti particolari e non adatti alla massa devono essere frequentati da chi \u00e8 capace di farlo. Non \u00e8 vero che la montagna in generale \u00e8 per tutti. Per me (ma per chi non lo \u00e8) sarebbe un sogno salire lungo la parete nord-ovest della Civetta, ma non ne sono capace e mi devo accontentare di ambienti pi\u00f9 modesti, arrampicando su gradi bassi. Ma gi\u00e0 accedere a questi ambienti \u00e8 stata un\u2019 esperienza incredibile, che mi \u00e8 costata anni di frequentazione e fatica, con l\u2019esperienza che \u00e8 aumentata man mano fino a portarmi ad un livello che mi permette di andarci. Ed \u00e8 fantastico conquistarti nel tempo con le tue forze e senza aiuti cime o posti particolarissimi, banali per gli arrampicatori pi\u00f9 bravi ma che per te da sogni si trasformano in realt\u00e0. Respirarne l\u2019aria, assaporarne il silenzio, viverli come un esperienza che ti lascia dentro qualcosa. Continuo a pensare che questo sar\u00e0 il futuro, andare alla ricerca del passato e delle sensazioni che si vivevano prima del turismo di massa. Se sapremo proteggere la nostra montagna sar\u00e0 possibile farlo e risulter\u00e0 un fattore vincente. Ma siamo tutti d\u2019accordo?<\/p>\n","protected":false},"excerpt":{"rendered":"<p>&nbsp; LA RIFLESSIONE DI CLAUDIO PRA, CONDUTTORE DELLA TRASMISSIONE &#8220;LA MONTAGNA NEL CUORE, 360 GRADI DI PASSIONE&#8221;. una riflessione sul senso di andare in montagna, lontano dal turismo di massa che in molti vogliono. &nbsp; di Claudio Pra Mi rendo conto che l\u2019argomento \u00e8 spinoso e il titolo provocatorio, ma spero di spiegarmi bene. Qualche&hellip;<\/p>\n","protected":false},"author":1,"featured_media":85633,"comment_status":"closed","ping_status":"closed","sticky":false,"template":"","format":"standard","meta":{"_monsterinsights_skip_tracking":false,"_monsterinsights_sitenote_active":false,"_monsterinsights_sitenote_note":"","_monsterinsights_sitenote_category":0,"footnotes":""},"categories":[51,49],"tags":[],"class_list":["post-85636","post","type-post","status-publish","format-standard","has-post-thumbnail","hentry","category-evidenza-top","category-news-18","category-51","category-49","description-off"],"img_url":"https:\/\/www.radiopiu.net\/wordpress\/wp-content\/uploads\/2019\/05\/4f9628ee-d14c-4ab8-9f6b-e07fd5078872.jpg","_links":{"self":[{"href":"https:\/\/www.radiopiu.net\/wordpress\/wp-json\/wp\/v2\/posts\/85636","targetHints":{"allow":["GET"]}}],"collection":[{"href":"https:\/\/www.radiopiu.net\/wordpress\/wp-json\/wp\/v2\/posts"}],"about":[{"href":"https:\/\/www.radiopiu.net\/wordpress\/wp-json\/wp\/v2\/types\/post"}],"author":[{"embeddable":true,"href":"https:\/\/www.radiopiu.net\/wordpress\/wp-json\/wp\/v2\/users\/1"}],"replies":[{"embeddable":true,"href":"https:\/\/www.radiopiu.net\/wordpress\/wp-json\/wp\/v2\/comments?post=85636"}],"version-history":[{"count":0,"href":"https:\/\/www.radiopiu.net\/wordpress\/wp-json\/wp\/v2\/posts\/85636\/revisions"}],"wp:featuredmedia":[{"embeddable":true,"href":"https:\/\/www.radiopiu.net\/wordpress\/wp-json\/wp\/v2\/media\/85633"}],"wp:attachment":[{"href":"https:\/\/www.radiopiu.net\/wordpress\/wp-json\/wp\/v2\/media?parent=85636"}],"wp:term":[{"taxonomy":"category","embeddable":true,"href":"https:\/\/www.radiopiu.net\/wordpress\/wp-json\/wp\/v2\/categories?post=85636"},{"taxonomy":"post_tag","embeddable":true,"href":"https:\/\/www.radiopiu.net\/wordpress\/wp-json\/wp\/v2\/tags?post=85636"}],"curies":[{"name":"wp","href":"https:\/\/api.w.org\/{rel}","templated":true}]}}