{"id":85699,"date":"2019-05-16T15:17:04","date_gmt":"2019-05-16T13:17:04","guid":{"rendered":"http:\/\/www.radiopiu.net\/wordpress\/?p=85699"},"modified":"2019-05-18T06:24:49","modified_gmt":"2019-05-18T04:24:49","slug":"per-felix-pramaor-e-la-migliore-medio-impresa-della-provincia","status":"publish","type":"post","link":"https:\/\/www.radiopiu.net\/wordpress\/per-felix-pramaor-e-la-migliore-medio-impresa-della-provincia\/","title":{"rendered":"PER FELIX PRAMAOR E&#8217; LA MIGLIORE MEDIO IMPRESA DELLA PROVINCIA"},"content":{"rendered":"<p><strong><a class=\"dt-pswp-item\" href=\"http:\/\/www.radiopiu.net\/wordpress\/wp-content\/uploads\/2019\/05\/Le-migliori-Piccole-e-Medie-imprese.jpg\" data-dt-img-description=\"\" data-large_image_width=\"1920\" data-large_image_height=\"1280\"><img loading=\"lazy\" decoding=\"async\" class=\"size-medium wp-image-85700 alignleft\" src=\"http:\/\/www.radiopiu.net\/wordpress\/wp-content\/uploads\/2019\/05\/Le-migliori-Piccole-e-Medie-imprese-300x200.jpg\" alt=\"\" width=\"300\" height=\"200\" srcset=\"https:\/\/www.radiopiu.net\/wordpress\/wp-content\/uploads\/2019\/05\/Le-migliori-Piccole-e-Medie-imprese-300x200.jpg 300w, https:\/\/www.radiopiu.net\/wordpress\/wp-content\/uploads\/2019\/05\/Le-migliori-Piccole-e-Medie-imprese-768x512.jpg 768w, https:\/\/www.radiopiu.net\/wordpress\/wp-content\/uploads\/2019\/05\/Le-migliori-Piccole-e-Medie-imprese-1024x683.jpg 1024w, https:\/\/www.radiopiu.net\/wordpress\/wp-content\/uploads\/2019\/05\/Le-migliori-Piccole-e-Medie-imprese.jpg 1920w\" sizes=\"auto, (max-width: 300px) 100vw, 300px\" \/><\/a>TAIBON<\/strong> Un crescendo di successi per la Pramor specializzata nella produzione di occhiali al titanio, l&#8217;ultimo ma solo in ordine di tempo \u00e8 il premio ricevuto alla terza edizione di Industria Felix, il Veneto che compete. La Pramaor ha messo in fila 32 aziende del Veneto primatiste di bilancio e pi\u00f9 performanti a livello gestionale a cui sono state assegnate Menzioni e Alte Onorificenze. La consegna dell\u2019attestato al Cipriani di Venezia nell&#8217;ambito del convegno organizzato dal nuovo periodico nazionale diretto da Michele Montemurro.<\/p>\n<blockquote><p><em>\u201cSiamo davvero entusiasti di questo straordinario risultato\u201d \u2013 commenta Nicola Del Din, Amministratore <\/em><em>Delegato di Pramaor \u2013 \u201cAnni di duro lavoro, impegno, entusiasmo e visione hanno reso possibile questo <\/em><em>percorso che in pochi anni ci ha visti evolvere da terzista in estrema difficolt\u00e0 a dinamico brand di design. Un <\/em><em>imponente salto culturale che dimostra come, anche in settori apparentemente maturi e presidiati, sognare <\/em><em>ad occhi aperti possa portare lontano. In un certo senso accogliamo questo premio come un riconoscimento <\/em><em>di questo entusiasmante percorso aziendale ed umano, con la consapevolezza che abbiamo ancora molto da <\/em><em>apprendere e da fare\u201d.<\/em><\/p><\/blockquote>\n<p>Le aziende premiate,\u00a0 26 per la migliore gestione caratteristica e 6 per primati di bilancio, sono state selezionate sulla base di una accurata ricerca condotta sui bilanci dell\u2019anno fiscale 2017 di 14.276 societ\u00e0 di capitali con sede legale in Veneto e fatturato\/ricavi compresi tra i 2 milioni e i 12,5 miliardi di euro.\u00a0 Pramaor \u00e8 stata premiata con l\u2019Alta Onorificenza in quanto Migliore Media impresa della provincia di Belluno. Per arrivare alla selezione finale sono stati analizzati gli indici patrimoniali e di bilancio e sono state valutate le aziende pi\u00f9 performanti nel fatturato, nelle percentuali di incidenza dei rapporti nonch\u00e9 quelle con la migliore crescita di margini di reddittivit\u00e0.<\/p>\n<blockquote><p><em>\u201cSiamo particolarmente felici di aver ricevuto questo riconoscimento a dimostrazione della bont\u00e0 del nostro lavoro\u201d \u2013 dichiara Giancarlo Recchia, Chief Financial Officer di Pramaor \u2013 \u201cSolitamente si tende a parlare di <\/em><em>eccellenza di prodotto; nel caso nostro l\u2019eccellenza \u00e8 nella gestione aziendale a 360\u00b0, sia per gli equilibri dei <\/em><em>rapporti di bilancio, sia nei confronti delle persone con cui lavoriamo, del territorio dove ci troviamo e che <\/em><em>rappresentiamo sia, indubbiamente, per il prodotto. Il premio \u00e8 dunque la conseguenza di questa nostra <\/em><em>gestione\u201d. <\/em><\/p><\/blockquote>\n<p>Nella foto, Nicola Del Din, AD di Pramaor con gli altri premiati delle \u201cPiccole e Medie Imprese\u201d.<\/p>\n<p>&nbsp;<\/p>\n","protected":false},"excerpt":{"rendered":"<p>TAIBON Un crescendo di successi per la Pramor specializzata nella produzione di occhiali al titanio, l&#8217;ultimo ma solo in ordine di tempo \u00e8 il premio ricevuto alla terza edizione di Industria Felix, il Veneto che compete. La Pramaor ha messo in fila 32 aziende del Veneto primatiste di bilancio e pi\u00f9 performanti a livello gestionale&hellip;<\/p>\n","protected":false},"author":1,"featured_media":85700,"comment_status":"closed","ping_status":"closed","sticky":false,"template":"","format":"standard","meta":{"_monsterinsights_skip_tracking":false,"_monsterinsights_sitenote_active":false,"_monsterinsights_sitenote_note":"","_monsterinsights_sitenote_category":0,"footnotes":""},"categories":[51,49],"tags":[],"class_list":["post-85699","post","type-post","status-publish","format-standard","has-post-thumbnail","hentry","category-evidenza-top","category-news-18","category-51","category-49","description-off"],"img_url":"https:\/\/www.radiopiu.net\/wordpress\/wp-content\/uploads\/2019\/05\/Le-migliori-Piccole-e-Medie-imprese.jpg","_links":{"self":[{"href":"https:\/\/www.radiopiu.net\/wordpress\/wp-json\/wp\/v2\/posts\/85699","targetHints":{"allow":["GET"]}}],"collection":[{"href":"https:\/\/www.radiopiu.net\/wordpress\/wp-json\/wp\/v2\/posts"}],"about":[{"href":"https:\/\/www.radiopiu.net\/wordpress\/wp-json\/wp\/v2\/types\/post"}],"author":[{"embeddable":true,"href":"https:\/\/www.radiopiu.net\/wordpress\/wp-json\/wp\/v2\/users\/1"}],"replies":[{"embeddable":true,"href":"https:\/\/www.radiopiu.net\/wordpress\/wp-json\/wp\/v2\/comments?post=85699"}],"version-history":[{"count":0,"href":"https:\/\/www.radiopiu.net\/wordpress\/wp-json\/wp\/v2\/posts\/85699\/revisions"}],"wp:featuredmedia":[{"embeddable":true,"href":"https:\/\/www.radiopiu.net\/wordpress\/wp-json\/wp\/v2\/media\/85700"}],"wp:attachment":[{"href":"https:\/\/www.radiopiu.net\/wordpress\/wp-json\/wp\/v2\/media?parent=85699"}],"wp:term":[{"taxonomy":"category","embeddable":true,"href":"https:\/\/www.radiopiu.net\/wordpress\/wp-json\/wp\/v2\/categories?post=85699"},{"taxonomy":"post_tag","embeddable":true,"href":"https:\/\/www.radiopiu.net\/wordpress\/wp-json\/wp\/v2\/tags?post=85699"}],"curies":[{"name":"wp","href":"https:\/\/api.w.org\/{rel}","templated":true}]}}