{"id":85712,"date":"2019-05-18T06:00:05","date_gmt":"2019-05-18T04:00:05","guid":{"rendered":"http:\/\/www.radiopiu.net\/wordpress\/?p=85712"},"modified":"2019-05-20T05:55:22","modified_gmt":"2019-05-20T03:55:22","slug":"per-la-via-crucis-anche-la-proloco-di-meolo","status":"publish","type":"post","link":"https:\/\/www.radiopiu.net\/wordpress\/per-la-via-crucis-anche-la-proloco-di-meolo\/","title":{"rendered":"PER LA VIA CRUCIS\u00a0 ANCHE LA PROLOCO DI MEOLO"},"content":{"rendered":"<h2><\/h2>\n<p><a class=\"dt-pswp-item\" href=\"http:\/\/www.radiopiu.net\/wordpress\/wp-content\/uploads\/2019\/05\/downaload.jpg\" data-dt-img-description=\"\" data-large_image_width=\"259\" data-large_image_height=\"194\"><img loading=\"lazy\" decoding=\"async\" class=\"wp-image-85711 alignleft\" src=\"http:\/\/www.radiopiu.net\/wordpress\/wp-content\/uploads\/2019\/05\/downaload.jpg\" alt=\"\" width=\"230\" height=\"172\" \/><\/a><strong>CANALE D&#8217;AGORDO<\/strong> Sabato sera a Padova i musicisti del Conservatorio Pollini hanno suonato per Canale d&#8217;Agordo, per raccogliere del denaro per\u00a0 la ricostruzione della via Crucis nell&#8217;oasi Papa Luciani lungo la Cavallera devastata da Vaia. In settimana un secondo prezioso contributo di 9000 euro \u00e8 stato invece consegnato al presidente della Proloco,\u00a0 Vigilio Costa e saranno destinati sempre per ricostruire quella incantevole pista ciclabile e pedonale che porta verso la via Crucis firmata da Franco Murer. <em>&#8220;Ci \u00e8 stato consegnato &#8211; dice Vigilio Costa &#8211; il ricavato di una lotteria benefica e agli amici di Meolo non posso che dire un corale grazie a nome di tutto il paese non solo della Proloco&#8221;.\u00a0<\/em>Se qualche euro in pi\u00f9 \u00e8 arrivato a Canale d&#8217;Agordo il merito \u00e8 del presidente che dopo i giorni dell&#8217;uragano ha inviato a tutte le Proloco una lettera chiara mettendo in evidenza che i problemi ci sono stati anche nel paese di Papa Luciani. A Vigilio va riconosciuto un altro merito, o meglio gli sar\u00e0 riconosciuto dal direttivo dell&#8217;Unpli di Belluno che lo premier\u00e0 a Castelfranco Veneto per l&#8217;opera svolta in seno all&#8217;associazione di Canale d&#8217;Agordo.<\/p>\n","protected":false},"excerpt":{"rendered":"<p>CANALE D&#8217;AGORDO Sabato sera a Padova i musicisti del Conservatorio Pollini hanno suonato per Canale d&#8217;Agordo, per raccogliere del denaro per\u00a0 la ricostruzione della via Crucis nell&#8217;oasi Papa Luciani lungo la Cavallera devastata da Vaia. In settimana un secondo prezioso contributo di 9000 euro \u00e8 stato invece consegnato al presidente della Proloco,\u00a0 Vigilio Costa e&hellip;<\/p>\n","protected":false},"author":1,"featured_media":85710,"comment_status":"closed","ping_status":"closed","sticky":false,"template":"","format":"standard","meta":{"_monsterinsights_skip_tracking":false,"_monsterinsights_sitenote_active":false,"_monsterinsights_sitenote_note":"","_monsterinsights_sitenote_category":0,"footnotes":""},"categories":[51,49],"tags":[],"class_list":["post-85712","post","type-post","status-publish","format-standard","has-post-thumbnail","hentry","category-evidenza-top","category-news-18","category-51","category-49","description-off"],"img_url":"https:\/\/www.radiopiu.net\/wordpress\/wp-content\/uploads\/2019\/05\/download-14.jpg","_links":{"self":[{"href":"https:\/\/www.radiopiu.net\/wordpress\/wp-json\/wp\/v2\/posts\/85712","targetHints":{"allow":["GET"]}}],"collection":[{"href":"https:\/\/www.radiopiu.net\/wordpress\/wp-json\/wp\/v2\/posts"}],"about":[{"href":"https:\/\/www.radiopiu.net\/wordpress\/wp-json\/wp\/v2\/types\/post"}],"author":[{"embeddable":true,"href":"https:\/\/www.radiopiu.net\/wordpress\/wp-json\/wp\/v2\/users\/1"}],"replies":[{"embeddable":true,"href":"https:\/\/www.radiopiu.net\/wordpress\/wp-json\/wp\/v2\/comments?post=85712"}],"version-history":[{"count":0,"href":"https:\/\/www.radiopiu.net\/wordpress\/wp-json\/wp\/v2\/posts\/85712\/revisions"}],"wp:featuredmedia":[{"embeddable":true,"href":"https:\/\/www.radiopiu.net\/wordpress\/wp-json\/wp\/v2\/media\/85710"}],"wp:attachment":[{"href":"https:\/\/www.radiopiu.net\/wordpress\/wp-json\/wp\/v2\/media?parent=85712"}],"wp:term":[{"taxonomy":"category","embeddable":true,"href":"https:\/\/www.radiopiu.net\/wordpress\/wp-json\/wp\/v2\/categories?post=85712"},{"taxonomy":"post_tag","embeddable":true,"href":"https:\/\/www.radiopiu.net\/wordpress\/wp-json\/wp\/v2\/tags?post=85712"}],"curies":[{"name":"wp","href":"https:\/\/api.w.org\/{rel}","templated":true}]}}