{"id":85741,"date":"2019-05-18T06:04:13","date_gmt":"2019-05-18T04:04:13","guid":{"rendered":"http:\/\/www.radiopiu.net\/wordpress\/?p=85741"},"modified":"2019-05-18T09:17:18","modified_gmt":"2019-05-18T07:17:18","slug":"giornale-radiopiu-18-maggio-2019-direttore-mirko-mezzacasa","status":"publish","type":"post","link":"https:\/\/www.radiopiu.net\/wordpress\/giornale-radiopiu-18-maggio-2019-direttore-mirko-mezzacasa\/","title":{"rendered":"GIORNALE RADIOPIU 18 MAGGIO 2019 DIRETTORE MIRKO MEZZACASA"},"content":{"rendered":"<p><strong>La pulizia dei boschi<\/strong> in 29 cantieri, una partita da 93 milioni di euro per la costruzione di paravalanghe ed entro tre mesi dovrebbero iniziare i lavori ovunque, lo ha detto Luca Zaia ieri a Villa Patt di Sedico. <strong>A Schiucaz alla Provincia<\/strong> che nell&#8217;emergenza ha svolto un lavoro intenso e preciso subentra Veneto Strade mentre la Regione promette che ricostruir\u00e0 le case eventualmente distrutte, ieri un altro cedimento. <strong>A Ponte nelle Alpi<\/strong> ieri si \u00e8 aperta una voragine sulla strada statale, dalle 13 alle 19 senso unico alternato, Anas ha tappato un buco d un metro di diametro probabilmente conseguenza di alcuni lavori recenti per la posa di condotte idriche.\u00a0 <strong>Il Comune di Feltre<\/strong> per i danni causati dall&#8217;uragano Vaia prevede interventi a Cart, Pren Vignui e dal portafogli usciranno 220 mila euro (protezione civile). <strong>Gsp al lavoro\u00a0 sul acquedotto<\/strong> di Faverga, per tre giorni problemi con l&#8217;acqua per 1000 utenti del Castionese e Levego, intervento che comporter\u00e0 interruzioni del servizio, il consiglio ai cittadini: fare scorta d&#8217;acqua per le necessit\u00e0 quotidiane. I<strong>l Suem \u00e8 intervenuto ieri a Spert<\/strong> in Alpago per soccorrere F.C. 75 anni incorso in un incidente boschivo, l&#8217;uomo era solo ed \u00e8 stato visto sofferente da altri operai impegnati in un cantiere in prossimit\u00e0 del cimitero, l&#8217;uomo \u00e8 ricoverato in rianimazione e non \u00e8 in pericolo di vita.<\/p>\n<p><span style=\"color: #ff0000;\"><strong><a class=\"dt-pswp-item\" href=\"http:\/\/www.radiopiu.net\/wordpress\/wp-content\/uploads\/2019\/05\/094be369-6fe6-4234-8e1e-c32395fba650.jpg\" data-dt-img-description=\"\" data-large_image_width=\"980\" data-large_image_height=\"1440\"><img loading=\"lazy\" decoding=\"async\" class=\" wp-image-85811 alignleft\" src=\"http:\/\/www.radiopiu.net\/wordpress\/wp-content\/uploads\/2019\/05\/094be369-6fe6-4234-8e1e-c32395fba650-204x300.jpg\" alt=\"\" width=\"150\" height=\"221\" srcset=\"https:\/\/www.radiopiu.net\/wordpress\/wp-content\/uploads\/2019\/05\/094be369-6fe6-4234-8e1e-c32395fba650-204x300.jpg 204w, https:\/\/www.radiopiu.net\/wordpress\/wp-content\/uploads\/2019\/05\/094be369-6fe6-4234-8e1e-c32395fba650-768x1128.jpg 768w, https:\/\/www.radiopiu.net\/wordpress\/wp-content\/uploads\/2019\/05\/094be369-6fe6-4234-8e1e-c32395fba650-697x1024.jpg 697w, https:\/\/www.radiopiu.net\/wordpress\/wp-content\/uploads\/2019\/05\/094be369-6fe6-4234-8e1e-c32395fba650.jpg 980w\" sizes=\"auto, (max-width: 150px) 100vw, 150px\" \/><\/a><\/strong><\/span><\/p>\n<p><span style=\"color: #ff0000;\"><strong>LA SMENTITA DEI SINDACATI SULLE IMPRECISE NOTIZIE DI CORRIDOIO E DA SOCIAL<\/strong><\/span><\/p>\n<p><strong>Luxottica,\u00a0 I sindacati<\/strong> con Nicola Brancher, Denise Casanova e Rosario Martines ieri hanno smentito con tanti manifesti affissi in tutte le bacheche dei reparti le voci incontrollate che preannunciavano il cambio di orario (6&#215;6), quindi non ci sar\u00e0 nessuna giornata di sabato lavorativo che non sia straordinario o straordinario incentivato e i nuovi orari (che saranno presentati nelle assemblee di giugno) saranno solo su base volontaria.<\/p>\n<p>&nbsp;<\/p>\n<p>&nbsp;<\/p>\n<p>&nbsp;<\/p>\n<p>&nbsp;<\/p>\n<p>&nbsp;<\/p>\n<p>&nbsp;<\/p>\n<p>&nbsp;<\/p>\n<p><strong>SEGNALAZIONE METEO<\/strong>: Sabato 18 e domenica 19 precipitazioni a tratti diffuse, anche a carattere di rovescio e temporale, con quantitativi anche consistenti, solo localmente abbondanti, su Prealpi e pianura centro-settentrionale. La Regione ha dichiarato lo stato di criticit\u00e0 geologica e attenzione, <span style=\"font-size: medium;\">fase operativa riferita alla zona dell\u2019Alpago, area gi\u00e0 interessata da recenti dissesti. Il possibile verificarsi di rovesci o temporali con quantitativi localmente abbondanti, infatti, potrebbe essere causa di innesco di fenomeni franosi sui versanti e di colate rapide. <\/span><span style=\"font-size: medium;\">La fase operativa \u00e8 valida fino alle 14 di luned\u00ec.<\/span><\/p>\n<p>&nbsp;<\/p>\n<p>&nbsp;<\/p>\n<p><strong>La statale 52 Carnica<\/strong> sar\u00e0 chiusa fino a sabato mattina per i lavori di costruzione dei paramassi, deviazioni per passo di Sant&#8217;Antonio e 48 delle Dolomiti. <strong>La Provinciale 3 di Valle Imperina<\/strong> in localit\u00e0 Le Feste a Gosaldo rimane chiusa per lavori per tutta la prossima settimana dalle 8 alle 12 e dalle 13.30 alle 18.<\/p>\n<p><strong>Gestione Servizi Pubblici<\/strong> informa che a Gosaldo nelle localit\u00e0 Foche, Lambroi, Deneore, Magait, Ren, Selle e Col Tamai l&#8217;acqua erogata dall&#8217;acquedotto <span style=\"color: #ff0000;\">non \u00e8 potabile<\/span> e pu\u00f2 essere usata per scopi alimentari SOLO PREVIA adeguata bollitura.<\/p>\n<p><strong>Gestione Servizi Pubblici<\/strong> informa che, per lavori alla rete idrica comunale, martedi dalle 9 a fine lavori verr\u00e0 sospesa l\u2019erogazione dell\u2019acqua a Vallada nella frazioni Andrich e Piaz.<\/p>\n<p>&nbsp;<\/p>\n<p>&nbsp;<\/p>\n<p>&nbsp;<\/p>\n<h2>7 ORE INCOLLATI ALLA RADIO,<\/h2>\n<blockquote><p><span style=\"color: #ff0000;\"><span style=\"color: #0000ff;\">LA NOTTE DEI MISTERI ALLA RADIO. LUNEDI, DALLE 21 I MISTERI DI ALLEGHE, DI ROBERTO FAORO&#8230;. TUTTA UNA TIRATA. IL LIBRO DI SERGIO SAVIANE UNA SERA ALLA RADIO. LUNEDI DALLE 20.15 SULLE FREQUENZE FM PER LA PROVINCIA DI BELLUNO, SULLO STREAMING WWW.RADIOPIU.NET IN TUTTO IL MONDO LA NOTTE DEI MISTERI, QUELLI DI ALLEGHE NEL CONTROVERSO LIBRO DI SERGIO SAVIANE..<\/span>.<\/span><\/p><\/blockquote>\n<p>&nbsp;<\/p>\n<p>&nbsp;<\/p>\n<h2 style=\"text-align: center;\"><strong>AGGIORNAMENTO DA SCHIUCAZ, ALPAGO.\u00a0<\/strong><\/h2>\n<p><a class=\"dt-pswp-item\" href=\"http:\/\/www.radiopiu.net\/wordpress\/wp-content\/uploads\/2019\/05\/60449418_329290401080581_3025187565289340928_n.jpg\" data-dt-img-description=\"\" data-large_image_width=\"960\" data-large_image_height=\"540\"><img loading=\"lazy\" decoding=\"async\" class=\"wp-image-85803 aligncenter\" src=\"http:\/\/www.radiopiu.net\/wordpress\/wp-content\/uploads\/2019\/05\/60449418_329290401080581_3025187565289340928_n-300x169.jpg\" alt=\"\" width=\"456\" height=\"257\" srcset=\"https:\/\/www.radiopiu.net\/wordpress\/wp-content\/uploads\/2019\/05\/60449418_329290401080581_3025187565289340928_n-300x169.jpg 300w, https:\/\/www.radiopiu.net\/wordpress\/wp-content\/uploads\/2019\/05\/60449418_329290401080581_3025187565289340928_n-768x432.jpg 768w, https:\/\/www.radiopiu.net\/wordpress\/wp-content\/uploads\/2019\/05\/60449418_329290401080581_3025187565289340928_n.jpg 960w\" sizes=\"auto, (max-width: 456px) 100vw, 456px\" \/><\/a><br \/>\n<a class=\"profileLink\" href=\"https:\/\/www.facebook.com\/massimo.bortoluzzi?__tn__=K-R&amp;eid=ARDZxxX77CXwMbenKxyeynjU3bKSL0RhtN0W0fMiFpbrT34ohYItt2GJu90vcleUP02aZtyidxXKx1HX&amp;fref=mentions&amp;__xts__%5B0%5D=68.ARDPAHDQCV00PHye4gT8Mi9skcVDX6uDGz4kh35mWU08DhF5aylBmsMej5kh3-OVQ9i9aWUSmc8-o43o00dSrOQ37VDj_DjHsLteAmM-pC7Z-J7yLaFdLaFGymejW834SnXIeFnXz6yYqPd_uFE5CGLfTCOrCj8QmPTeu6-TL5efi1KYu5xKrcPZyA9zbyMSAZmqdraiyaDizdMsaw\" data-hovercard=\"\/ajax\/hovercard\/user.php?id=1607306047&amp;extragetparams=%7B%22__tn__%22%3A%22%2CdK-R-R%22%2C%22eid%22%3A%22ARDZxxX77CXwMbenKxyeynjU3bKSL0RhtN0W0fMiFpbrT34ohYItt2GJu90vcleUP02aZtyidxXKx1HX%22%2C%22fref%22%3A%22mentions%22%7D\" data-hovercard-prefer-more-content-show=\"1\">Massimo Bortoluzzi<\/a>\u00a0<a class=\"profileLink\" href=\"https:\/\/www.facebook.com\/Massimo-Bortoluzzi-Consigliere-provinciale-205045886838367\/?__tn__=K-R&amp;eid=ARBnJ3UGZcfIdYv_jCkoD3haI0LOC9ZlnTyNBO42zWLABGwPvIIpIUoFlUxBX8eDsAyh95hAinh8rP1u&amp;fref=mentions&amp;__xts__%5B0%5D=68.ARDPAHDQCV00PHye4gT8Mi9skcVDX6uDGz4kh35mWU08DhF5aylBmsMej5kh3-OVQ9i9aWUSmc8-o43o00dSrOQ37VDj_DjHsLteAmM-pC7Z-J7yLaFdLaFGymejW834SnXIeFnXz6yYqPd_uFE5CGLfTCOrCj8QmPTeu6-TL5efi1KYu5xKrcPZyA9zbyMSAZmqdraiyaDizdMsaw\" data-hovercard=\"\/ajax\/hovercard\/page.php?id=205045886838367&amp;extragetparams=%7B%22__tn__%22%3A%22%2CdK-R-R%22%2C%22eid%22%3A%22ARBnJ3UGZcfIdYv_jCkoD3haI0LOC9ZlnTyNBO42zWLABGwPvIIpIUoFlUxBX8eDsAyh95hAinh8rP1u%22%2C%22fref%22%3A%22mentions%22%7D\" data-hovercard-prefer-more-content-show=\"1\">Massimo Bortoluzzi Consigliere provinciale<\/a><br \/>\nIl versante continua il suo movimento l movimento franoso sar\u00e0 gestito da Veneto Strade quale soggetto attuatore Ho incontrato alcune persone sfollate e gli ho confermato che la prossima settimana con il Consigliere Provinciale nonch\u00e9 psicologa Francesca De Biasi andremo a incontrarli per sentire le proprie necessit\u00e0 e cercare di far superare nel migliore dei modi questo traumati<span class=\"text_exposed_show\">co momento Ringrazio tutte le forze che finora hanno operato sul campo<br \/>\n<strong>A PONTE NELLE ALPI<\/strong><br \/>\nVoragine lungo la Statale 50 (Anas), i tecnici hanno assicurato che il cedimento sar\u00e0 sistemato entro questa sera. si viaggia a senso unico alternato<\/span><\/p>\n<h3>LA VORAGINE DI IERI SULLA STRADA TRA PONTE NELLE ALPI E L&#8217;AEROPORTO DI BELLUNO<\/h3>\n<p><a class=\"dt-pswp-item\" href=\"http:\/\/www.radiopiu.net\/wordpress\/wp-content\/uploads\/2019\/05\/8a20043c-cdaa-4e39-9ebf-72de0826dc56.jpg\" data-dt-img-description=\"\" data-large_image_width=\"467\" data-large_image_height=\"960\"><img loading=\"lazy\" decoding=\"async\" class=\"alignnone size-medium wp-image-85785\" src=\"http:\/\/www.radiopiu.net\/wordpress\/wp-content\/uploads\/2019\/05\/8a20043c-cdaa-4e39-9ebf-72de0826dc56-146x300.jpg\" alt=\"\" width=\"146\" height=\"300\" srcset=\"https:\/\/www.radiopiu.net\/wordpress\/wp-content\/uploads\/2019\/05\/8a20043c-cdaa-4e39-9ebf-72de0826dc56-146x300.jpg 146w, https:\/\/www.radiopiu.net\/wordpress\/wp-content\/uploads\/2019\/05\/8a20043c-cdaa-4e39-9ebf-72de0826dc56.jpg 467w\" sizes=\"auto, (max-width: 146px) 100vw, 146px\" \/><\/a><a class=\"dt-pswp-item\" href=\"http:\/\/www.radiopiu.net\/wordpress\/wp-content\/uploads\/2019\/05\/3ff696ff-ac18-4e04-bfde-81d5c9eee874.jpg\" data-dt-img-description=\"\" data-large_image_width=\"1077\" data-large_image_height=\"1382\"><img loading=\"lazy\" decoding=\"async\" class=\"alignnone size-medium wp-image-85786\" src=\"http:\/\/www.radiopiu.net\/wordpress\/wp-content\/uploads\/2019\/05\/3ff696ff-ac18-4e04-bfde-81d5c9eee874-234x300.jpg\" alt=\"\" width=\"234\" height=\"300\" srcset=\"https:\/\/www.radiopiu.net\/wordpress\/wp-content\/uploads\/2019\/05\/3ff696ff-ac18-4e04-bfde-81d5c9eee874-234x300.jpg 234w, https:\/\/www.radiopiu.net\/wordpress\/wp-content\/uploads\/2019\/05\/3ff696ff-ac18-4e04-bfde-81d5c9eee874-768x985.jpg 768w, https:\/\/www.radiopiu.net\/wordpress\/wp-content\/uploads\/2019\/05\/3ff696ff-ac18-4e04-bfde-81d5c9eee874-798x1024.jpg 798w, https:\/\/www.radiopiu.net\/wordpress\/wp-content\/uploads\/2019\/05\/3ff696ff-ac18-4e04-bfde-81d5c9eee874.jpg 1077w\" sizes=\"auto, (max-width: 234px) 100vw, 234px\" \/><\/a><\/p>\n<p>&nbsp;<\/p>\n<p>&nbsp;<\/p>\n<p>&nbsp;<\/p>\n<p>&nbsp;<\/p>\n<h3>IL COMMISSARIO FA IL PUNTO SUL PIANO POST-VAIA: 420 CANTIERI, 196 GIA\u2019 IN OPERA, PER 235 MILIONI DI EURO, 700mila METRI CUBI DI BOSCHI RIPULITI AD ASIAGO, 1.400.000 METRI CUBI DI LEGNAME VENDUTO TRA AGORDINO E CADORE<\/h3>\n<p><strong>VENEZIA<\/strong>\u00a0<em> \u201cAbbiamo trovato una soluzione per tutti, ora dobbiamo darci tutti una mano\u201d.<\/em> Lo ha affermato\u00a0 il Presidente della Regione Veneto che nella sua veste di Commissario delegato per i primi interventi legati al maltempo dell\u2019autunno scorso, ha fatto il punto sull\u2019attuazione del Piano del Commissario. <em>\u201cAbbiamo in cassa 943.824.000 euro dei quali 4.256.000 euro dal conto corrente attivato dalla Regione dopo la tempesta Vaia, e quindi frutto di donazione di migliaia di cittadini \u2013 spiega il Commissario \u2013 con questo stiamo facendo grandi cose. A partire dalla pulizia dei boschi: 700mila metri cubi ripuliti ad Asiago, 600mila metri cubi di legname venduto del Cadore e 800mila dell\u2019Agordino. Abbiamo previsto che ci siano 80mila camion per trasportare tutto il legname\u201d. <\/em><strong>Ad Alleghe<\/strong> lavori previsti per 8 milioni di euro ma anche 8 milioni di metri cubi di detriti da portare via.<em> &#8220;Non riusciremo a fare tutto in una stagione, ma stiamo studiando delle soluzioni anche innovative\u201d. <\/em>E\u2019 stato previsto, infatti, di utilizzare i detriti che saranno recuperati per realizzare un terrapieno ed una pista ciclopedonale intorno al torrente Cordevole. <em>\u201cIn questo modo l\u2019arginatura permetter\u00e0 anche un utilizzo del materiale e saranno evitati trasporti inutili su un territorio gi\u00e0 messo a dura prova\u201d precisa il presidente&#8221;.<\/em><\/p>\n<p>&nbsp;<\/p>\n<p>&nbsp;<\/p>\n<p>&nbsp;<\/p>\n<p>&nbsp;<\/p>\n<h3>STRADE SILVO PASTORALI E ARGINATURE IN ZONA INDUSTRIALE PER AGORDO OLTRE UN MILIONE DI EURO<\/h3>\n<p><strong><a class=\"dt-pswp-item\" href=\"http:\/\/www.radiopiu.net\/wordpress\/wp-content\/uploads\/2019\/05\/download-15.jpg\" data-dt-img-description=\"\" data-large_image_width=\"299\" data-large_image_height=\"168\"><img loading=\"lazy\" decoding=\"async\" class=\" wp-image-85776 alignleft\" src=\"http:\/\/www.radiopiu.net\/wordpress\/wp-content\/uploads\/2019\/05\/download-15.jpg\" alt=\"\" width=\"224\" height=\"126\" \/><\/a>AGORDO<\/strong> Il restylng post Vaia per le strade silvo pastorali Rif-Don-Malga Framont-Nagol-Dugon-Bojem \u00e8 assicurato. Il Comune di Agordo a lavori iniziati incasser\u00e0 800.000 euro per il ripristino e il riadattamento\u00a0 della viabilit\u00e0. Uffici gi\u00e0 al lavoro per dare gli incarichi entro fine maggio. Le due azioni finanziate rientrano nella programmazione presentata dall\u2019amministrazione comunale per l\u2019anno 2019 che includeva, inoltre, i lavori per le strade Col de Foia \u2013 Repetitore, Campon &#8211; Coilonch e Piasent \u2013 Derz. Sar\u00e0\u00a0 il nuovo sindaco a godere del bonifico dalla Regione una volta sottoscritto il contratto dell\u2019affidamento dei lavori entro e non oltre il 30 settembre.\u00a0 A breve inizieranno i lavori anche in localit\u00e0 Valcozzena e Brugnach, infatti all&#8217;Unit\u00e0 Operativa Forestale della Regione Veneto sono stati assegnati 500 mila euro con intervento previsto anche sulla Campregana. L&#8217;auspicio del sindaco Sisto Da Roit <em>&#8220;Che via sia la concreta possibilit\u00e0, ora in fase di studio da parte di Veneto Agricoltura, di poter completare i lavori di arginatura in Via Teto Piciol&#8221;. Per\u00a0 le opere sui rii di Brugnach, il risultato \u00e8 stato possibile raggiungerlo grazie alla collaborazione offerta dalla multinazionale Luxottica presentando, al Comune di Agordo, uno studio sullo situazione idrogeologica dell\u2019area.\u00a0<\/em>Con il mezzo milione d&#8217;euro \u00e8 prevista una progettazione coordinata per l\u2019intera area\u00a0 in Val di Frela con beneficio, sull\u2019efficienza e sull\u2019efficacia degli interventi sia sul ponte che quelli riguardanti l\u2019alveo. Con i fondi del demanio idrico, relativi all\u2019annualit\u00e0 2018, invece verr\u00e0 sistemata la strada Rif Piasent. I costi preventivati per la manutenzione straordinaria sono pari a \u20ac. 80.000.<\/p>\n<blockquote><p><em>&#8220;Nell\u2019ambito dell\u2019esercitazione di Protezione Civile organizzata dalla Regione Veneto, prevista per quest\u2019estate &#8211; conclude il sindaco Sisto Da Roit &#8211;\u00a0 sono state indicate altre sette strade silvo pastorali come possibili oggetto di intervento, ora al vaglio delle strutture competenti&#8221;.<\/em><\/p><\/blockquote>\n<p>&nbsp;<\/p>\n<p>&nbsp;<\/p>\n<p>&nbsp;<\/p>\n<p>&nbsp;<\/p>\n<h3>PRESENTAZIONE DA PARTE DEL GOVERNATORE DELL\u2019INIZIATIVA DI SICUREZZA NEI CANTIERI E DEI NUOVI INTERVENTI PARAVALANGHIVI IERI\u00a0 A SEDICO<a class=\"dt-pswp-item\" href=\"http:\/\/www.radiopiu.net\/wordpress\/wp-content\/uploads\/2019\/05\/DSC01871.jpg\" data-dt-img-description=\"\" data-large_image_width=\"4912\" data-large_image_height=\"3264\"><img loading=\"lazy\" decoding=\"async\" class=\"wp-image-85793 aligncenter\" src=\"http:\/\/www.radiopiu.net\/wordpress\/wp-content\/uploads\/2019\/05\/DSC01871-300x199.jpg\" alt=\"\" width=\"380\" height=\"252\" srcset=\"https:\/\/www.radiopiu.net\/wordpress\/wp-content\/uploads\/2019\/05\/DSC01871-300x199.jpg 300w, https:\/\/www.radiopiu.net\/wordpress\/wp-content\/uploads\/2019\/05\/DSC01871-768x510.jpg 768w, https:\/\/www.radiopiu.net\/wordpress\/wp-content\/uploads\/2019\/05\/DSC01871-1024x680.jpg 1024w\" sizes=\"auto, (max-width: 380px) 100vw, 380px\" \/><\/a><\/h3>\n<p><strong>AUDIO, LUCA ZAIA<\/strong><\/p>\n<audio class=\"wp-audio-shortcode\" id=\"audio-85741-1\" preload=\"none\" style=\"width: 100%;\" controls=\"controls\"><source type=\"audio\/mpeg\" src=\"http:\/\/www.radiopiu.net\/wordpress\/wp-content\/uploads\/2019\/05\/ZAIA.mp3?_=1\" \/><a href=\"http:\/\/www.radiopiu.net\/wordpress\/wp-content\/uploads\/2019\/05\/ZAIA.mp3\">http:\/\/www.radiopiu.net\/wordpress\/wp-content\/uploads\/2019\/05\/ZAIA.mp3<\/a><\/audio>\n<p>&nbsp;<\/p>\n<p><strong><a class=\"dt-pswp-item\" href=\"http:\/\/www.radiopiu.net\/wordpress\/wp-content\/uploads\/2019\/05\/paravalanghe-2.png\" data-dt-img-description=\"\" data-large_image_width=\"515\" data-large_image_height=\"395\"><img loading=\"lazy\" decoding=\"async\" class=\" wp-image-85780 alignleft\" src=\"http:\/\/www.radiopiu.net\/wordpress\/wp-content\/uploads\/2019\/05\/paravalanghe-2-300x230.png\" alt=\"\" width=\"196\" height=\"151\" srcset=\"https:\/\/www.radiopiu.net\/wordpress\/wp-content\/uploads\/2019\/05\/paravalanghe-2-300x230.png 300w, https:\/\/www.radiopiu.net\/wordpress\/wp-content\/uploads\/2019\/05\/paravalanghe-2.png 515w\" sizes=\"auto, (max-width: 196px) 100vw, 196px\" \/><\/a>SEDICO <\/strong>Presentato ieri a Sedico, dal Commissario delegato per i primi interventi legati al maltempo dell\u2019autunno scorso, il piano anti-valanghivo 2019 che prevede l\u2019apertura di 29 cantieri nei prossimi tre mesi per circa 93 milioni di euro per il recupero e la messa in sicurezza dei nuovi siti valanghivi. La tempesta Vaia ha provocato la creazione di 145 nuovi siti valanghivi sulle montagne venete, bellunesi in particolare, 86 dei quali a ridosso di abitazioni e\/o strade comunali e altri 59 su strade provinciali o regionali. Stiamo parlando di una superficie complessiva di 1.230 ettari. Il Soggetto Attuatore delegato dal Commissario all\u2019attuazione degli interventi settore ripristino viabilit\u00e0 e attivit\u00e0 valanghe \u00e8 Veneto Strade spa che si sta occupando dell\u2019attivazione dei relativi cantieri. A maggio sono stati pubblicati (o in corso di pubblicazione) bandi relativamente a 10 siti per 35 milioni di euro. Per giugno\/luglio \u00e8 prevista l\u2019assegnazione dei lavori di altri 19 cantieri per complessivi 58 milioni di euro. Gli interventi previsti sono relativi ad aree boscate, sulle quali si \u00e8 abbattuto il ciclone Vaia e, quindi, attualmente completamente schiantate. <a class=\"dt-pswp-item\" href=\"http:\/\/www.radiopiu.net\/wordpress\/wp-content\/uploads\/2019\/05\/paravalanghe-1.png\" data-dt-img-description=\"\" data-large_image_width=\"607\" data-large_image_height=\"404\"><img loading=\"lazy\" decoding=\"async\" class=\" wp-image-85781 alignright\" src=\"http:\/\/www.radiopiu.net\/wordpress\/wp-content\/uploads\/2019\/05\/paravalanghe-1-300x200.png\" alt=\"\" width=\"254\" height=\"169\" srcset=\"https:\/\/www.radiopiu.net\/wordpress\/wp-content\/uploads\/2019\/05\/paravalanghe-1-300x200.png 300w, https:\/\/www.radiopiu.net\/wordpress\/wp-content\/uploads\/2019\/05\/paravalanghe-1.png 607w\" sizes=\"auto, (max-width: 254px) 100vw, 254px\" \/><\/a>Come detto, si tratta di aree a ridosso di centri abitati o di strade, caratterizzate da terreni in versante con pendenze spesso elevate e\/o con salti di roccia e pareti verticali. Il loro accesso \u00e8 reso quanto mai difficoltoso dalla presenza delle piante schiantate al suolo, oltre che dalla effettiva morfologia del terreno, in alcuni casi \u00e8 richiesto il guado di torrenti o l\u2019attraversamento di valli strette. Gli interventi previsti, particolarmente complessi e pericolosi, prevedono l\u2019analisi della massa legnosa, lo sgombero e la successiva messa in sicurezza dalla caduta massi per i lavoratori e per le abitazioni poste a valle del sito valanghivo, mediante la posa di barriere paramassi e reti per il consolidamento delle pareti rocciose presenti nelle aree di intervento. Sono, infine, previste opere di ritenuta della neve per limitare il potenziale distacco delle valanghe.<\/p>\n<p>&nbsp;<\/p>\n<p>&nbsp;<\/p>\n<p>&nbsp;<\/p>\n<h2>ELEZIONI COMUNALI<\/h2>\n<p><a class=\"dt-pswp-item\" href=\"http:\/\/www.radiopiu.net\/wordpress\/wp-content\/uploads\/2019\/05\/vallada-agordina.jpg\" data-dt-img-description=\"\" data-large_image_width=\"850\" data-large_image_height=\"567\"><img loading=\"lazy\" decoding=\"async\" class=\"alignnone size-medium wp-image-85787\" src=\"http:\/\/www.radiopiu.net\/wordpress\/wp-content\/uploads\/2019\/05\/vallada-agordina-300x200.jpg\" alt=\"\" width=\"300\" height=\"200\" srcset=\"https:\/\/www.radiopiu.net\/wordpress\/wp-content\/uploads\/2019\/05\/vallada-agordina-300x200.jpg 300w, https:\/\/www.radiopiu.net\/wordpress\/wp-content\/uploads\/2019\/05\/vallada-agordina-768x512.jpg 768w, https:\/\/www.radiopiu.net\/wordpress\/wp-content\/uploads\/2019\/05\/vallada-agordina.jpg 850w\" sizes=\"auto, (max-width: 300px) 100vw, 300px\" \/><\/a><\/p>\n<h2>VALLADA: TOMASELLI v\/s LUCHETTA<\/h2>\n<p><strong>di Gianni Santomaso<\/strong><\/p>\n<p><span style=\"color: #0000ff;\">GIOVANNI TOMASELLI<\/span><\/p>\n<audio class=\"wp-audio-shortcode\" id=\"audio-85741-2\" preload=\"none\" style=\"width: 100%;\" controls=\"controls\"><source type=\"audio\/mpeg\" src=\"http:\/\/www.radiopiu.net\/wordpress\/wp-content\/uploads\/2019\/05\/GIOVANNI-TOMASELLI.mp3?_=2\" \/><a href=\"http:\/\/www.radiopiu.net\/wordpress\/wp-content\/uploads\/2019\/05\/GIOVANNI-TOMASELLI.mp3\">http:\/\/www.radiopiu.net\/wordpress\/wp-content\/uploads\/2019\/05\/GIOVANNI-TOMASELLI.mp3<\/a><\/audio>\n<p><span style=\"color: #0000ff;\">FABIO LUCHETTA<\/span><\/p>\n<audio class=\"wp-audio-shortcode\" id=\"audio-85741-3\" preload=\"none\" style=\"width: 100%;\" controls=\"controls\"><source type=\"audio\/mpeg\" src=\"http:\/\/www.radiopiu.net\/wordpress\/wp-content\/uploads\/2019\/05\/FABIO-LUCHETTA.mp3?_=3\" \/><a href=\"http:\/\/www.radiopiu.net\/wordpress\/wp-content\/uploads\/2019\/05\/FABIO-LUCHETTA.mp3\">http:\/\/www.radiopiu.net\/wordpress\/wp-content\/uploads\/2019\/05\/FABIO-LUCHETTA.mp3<\/a><\/audio>\n<p>&nbsp;<\/p>\n<p>&nbsp;<\/p>\n<p>&nbsp;<\/p>\n<p>&nbsp;<\/p>\n<h2>CONSIGLIERE DI PARITA&#8217;, DALLA PROVINCIA VIA ALLE CANDIDATURE<\/h2>\n<p><strong>audio, dalla provincia il consigliere Francesca De Biasio\u00a0<\/strong><\/p>\n<audio class=\"wp-audio-shortcode\" id=\"audio-85741-4\" preload=\"none\" style=\"width: 100%;\" controls=\"controls\"><source type=\"audio\/mpeg\" src=\"http:\/\/www.radiopiu.net\/wordpress\/wp-content\/uploads\/2019\/05\/FRANCESCA.mp3?_=4\" \/><a href=\"http:\/\/www.radiopiu.net\/wordpress\/wp-content\/uploads\/2019\/05\/FRANCESCA.mp3\">http:\/\/www.radiopiu.net\/wordpress\/wp-content\/uploads\/2019\/05\/FRANCESCA.mp3<\/a><\/audio>\n<p><strong>BELLUNO\u00a0 <\/strong>\u00a0E&#8217;\u00a0 possibile presentare la domanda di candidatura per la carica di consigliera di Parit\u00e0 provinciale, effettiva e supplente. Dal 2005 \u00e8 disposto che a livello nazionale, regionale e provinciale siano nominati un consigliere\/a di parit\u00e0 e un loro supplente con l\u2019incarico di effettuare funzioni di promozione e controllo dell\u2019attuazione dei principi di uguaglianza, di opportunit\u00e0 e di non discriminazione tra donne e uomini nel lavoro. I candidati dovranno possedere requisiti di specifica competenza ed esperienza pluriennale in materia di lavoro femminile di normative sulla parit\u00e0 e pari opportunit\u00e0 nonch\u00e9 di mercato del lavoro, comprovati da idonea documentazione. Il ruolo della Consigliera di Parit\u00e0 non \u00e8 un puro adempimento normativo, ma uno strumento indispensabile e necessario per la nostra provincia, che &#8211; alla pari di altre nel Veneto e in Italia &#8211; vede ancora le donne come pi\u00f9 disoccupate, meno pagate a parit\u00e0 di mansioni e non sempre difese nei loro diritti alla maternit\u00e0. Una ricerca della CGIL evidenzia, infatti, che \u2013 in provincia di Belluno nel 2018 &#8211; a fronte un rapporto di 1 uomo ogni 2,5 donne impiegate in professioni intellettuali, nei ruoli dirigenziali il rapporto s\u2019inverte. Sul fronte della retribuzione i compensi medi delle donne venete sono arrivate a pesare il 35% in meno di quelle degli uomini. Questi sono solo due aspetti che segnalano la crescente penalizzazione delle donne la cui occupazione rischia di diventare sempre pi\u00f9 marginale.<\/p>\n<blockquote><p><em>L\u2019avviso e la modulistica per la candidatura sono pubblicati e scaricabili dal sito della Provincia www.provincia.belluno.it\u00a0\u00a0<\/em><\/p><\/blockquote>\n<p>&nbsp;<\/p>\n<p>&nbsp;<\/p>\n<p>&nbsp;<\/p>\n<p>&nbsp;<\/p>\n<p>&nbsp;<\/p>\n<p>&nbsp;<\/p>\n<h2>DONAZIONE DI UN&#8217;ISOLA NEONATALE PER LA PEDIATRIA<\/h2>\n<p><strong><a class=\"dt-pswp-item\" href=\"http:\/\/www.radiopiu.net\/wordpress\/wp-content\/uploads\/2019\/05\/IMG-20190517-WA0002.jpg\" data-dt-img-description=\"\" data-large_image_width=\"1600\" data-large_image_height=\"1200\"><img loading=\"lazy\" decoding=\"async\" class=\" wp-image-85782 alignleft\" src=\"http:\/\/www.radiopiu.net\/wordpress\/wp-content\/uploads\/2019\/05\/IMG-20190517-WA0002-300x225.jpg\" alt=\"\" width=\"205\" height=\"154\" srcset=\"https:\/\/www.radiopiu.net\/wordpress\/wp-content\/uploads\/2019\/05\/IMG-20190517-WA0002-300x225.jpg 300w, https:\/\/www.radiopiu.net\/wordpress\/wp-content\/uploads\/2019\/05\/IMG-20190517-WA0002-768x576.jpg 768w, https:\/\/www.radiopiu.net\/wordpress\/wp-content\/uploads\/2019\/05\/IMG-20190517-WA0002-1024x768.jpg 1024w, https:\/\/www.radiopiu.net\/wordpress\/wp-content\/uploads\/2019\/05\/IMG-20190517-WA0002.jpg 1600w\" sizes=\"auto, (max-width: 205px) 100vw, 205px\" \/><\/a>BELLUNO\u00a0<\/strong> Si tratta di uno strumento che negli anni ha subito una costante modificazione, diventando un presidio medico sempre pi\u00f9 complesso e tecnologico e multifunzione che consta di un ripiano su cui viene posizionato il neonato, per essere valutato e assistito adeguatamente. La donazione, del valore di oltre 10.000 euro, \u00e8 pertanto particolarmente utile per i neonati che nascono presso l&#8217;ospedale di Belluno. L\u2019azienda ULSS 1 Dolomiti desidera ringraziare la Renato Sampieri Foundation che, in memoria del loro caro, si \u00e8 prefissa di aiutare il prossimo attraverso raccolte fondi ed eventi benefici e che ha voluto manifestare concretamente l&#8217;apprezzamento per l&#8217;opera del dr. Luigi Memo, oggi presente, da quest\u2019anno in quiescenza dopo aver diretto la Pediatria di Belluno per 11 anni.<\/p>\n<p>&nbsp;<\/p>\n<p>&nbsp;<\/p>\n<p>&nbsp;<\/p>\n<p>&nbsp;<\/p>\n<p>&nbsp;<\/p>\n<h2>POZZA\u00a0 E DOGLIONI A CONFRONTO<\/h2>\n<p style=\"text-align: left;\"><strong>BELLUNO<a class=\"dt-pswp-item\" href=\"http:\/\/www.radiopiu.net\/wordpress\/wp-content\/uploads\/2019\/05\/190517-Pozza-e-Doglioni.jpg\" data-dt-img-description=\"\" data-large_image_width=\"1636\" data-large_image_height=\"2824\"><img loading=\"lazy\" decoding=\"async\" class=\"size-medium wp-image-85779 alignleft\" src=\"http:\/\/www.radiopiu.net\/wordpress\/wp-content\/uploads\/2019\/05\/190517-Pozza-e-Doglioni-174x300.jpg\" alt=\"\" width=\"174\" height=\"300\" srcset=\"https:\/\/www.radiopiu.net\/wordpress\/wp-content\/uploads\/2019\/05\/190517-Pozza-e-Doglioni-174x300.jpg 174w, https:\/\/www.radiopiu.net\/wordpress\/wp-content\/uploads\/2019\/05\/190517-Pozza-e-Doglioni-768x1326.jpg 768w, https:\/\/www.radiopiu.net\/wordpress\/wp-content\/uploads\/2019\/05\/190517-Pozza-e-Doglioni-593x1024.jpg 593w, https:\/\/www.radiopiu.net\/wordpress\/wp-content\/uploads\/2019\/05\/190517-Pozza-e-Doglioni.jpg 1636w\" sizes=\"auto, (max-width: 174px) 100vw, 174px\" \/><\/a>\u00a0 <\/strong>Un confronto istituzionale improntato alla definizione di progettualit\u00e0 comuni e condivise tra il presidente della Camera di Commercio Mario Pozza e il presidente di Confcommercio Paolo Doglioni: \u00abAll\u2019inizio del nuovo mandato\u00bb esordisce il presidente dell\u2019Associazione \u00abho ritenuto importante definire con la Camera di Commercio la strategia di una governance territoriale condivisa. Si tratta di concentrare gli sforzi per evitare la dispersione di risorse economiche e programmatorie utili al nostro territorio per definire da s\u00e9 stesso il proprio cammino di sviluppo\u00bb. Il presidente della Camera di Commercio, dal canto suo, ha formulato a Doglioni gli auspici di un lavoro proficuo per il nuovo quinquennio, garantendo la disponibilit\u00e0 ad un\u2019interlocuzione non meramente formale ma attenta a raccogliere istanze, progetti e aspirazioni del sistema imprenditoriale bellunese.<\/p>\n<p>&nbsp;<\/p>\n<p>&nbsp;<\/p>\n<p>&nbsp;<\/p>\n<p>&nbsp;<\/p>\n<p>&nbsp;<\/p>\n<p>&nbsp;<\/p>\n<p>&nbsp;<\/p>\n<p>&nbsp;<\/p>\n<p>&nbsp;<\/p>\n<h2>PER L&#8217;AREA BARDIN UN NUOVO BANDO E DA FINE MESE SCOMPARIRANNO LE GRU<\/h2>\n<p><strong>BELLUNO<\/strong>\u00a0 Nuovo avviso di vendita per l&#8217;area \u201cex Bardin\u201d a Belluno: l&#8217;ultimo tentativo, infatti, \u00e8 andato deserto, e in questi giorni il curatore fallimentare ha annunciato il nuovo esperimento d&#8217;asta; le buste contenenti le offerte saranno aperte il 2 luglio. Intanto, arriva anche una buona notizia: le gru, che da anni occupano l&#8217;area, saranno infatti rimosse entro fine mese. \u00abLa curatela ci informa che quelle apparecchiature sono state rivendicate e che quindi in una ventina di giorni dovrebbero essere rimosse. &#8211; annuncia l&#8217;Assessore alle manutenzioni \u2013 Nei prossimi giorni, prenderemo contatti con la ditta che si occuper\u00e0 del ritiro per accordarci sulle modalit\u00e0\u00bb. L&#8217;Assessore si dichiara soddisfatto per questo risultato: \u00abIl pressing fatto nell&#8217;ultimo anno sta portando i suoi frutti.- sottolinea \u2013 La rimozione della gru \u00e8 un obbiettivo che perseguivo da tempo e che porter\u00e0 maggior decoro, togliendo anche quel senso di instabilit\u00e0 e precariet\u00e0 che colpiva automobilisti e residenti\u00bb. Nel frattempo, si stanno programmando gli interventi di pulizia dell&#8217;area: \u00abQuesto \u00e8 un aspetto sempre molto delicato. &#8211; sottolinea l&#8217;Assessore \u2013 Interveniamo su un&#8217;area privata, soggetta a fallimento, per cui dobbiamo richiedere diverse autorizzazioni per l&#8217;accesso e per i lavori. Nelle prossime settimane, con i volontari del progetto &#8220;Servizio Civile Anziani&#8221; e gli operai comunali effettueremo le operazioni che ci consentiranno, oltre che di avere ordine e decoro in quello spazio, anche di limitare il diffondersi di animali e insetti\u00bb.<\/p>\n<h3><\/h3>\n<p>&nbsp;<\/p>\n<p>&nbsp;<\/p>\n<p>&nbsp;<\/p>\n<h2>CONFCOMMERCIO REPLICA A DANIELA PERCO<\/h2>\n<blockquote>\n<h4>\u00abAffermazioni inesatte e ingiuste\u00bb<\/h4>\n<\/blockquote>\n<p>\u00abLa situazione relativa al commercio oggi non \u00e8 sicuramente facile da affrontare e richiede pertanto impegno e fatiche costanti nel tempo e ci rincresce molto constatare che lei non riconosca gli sforzi fatti sia dalla nostra associazione ma soprattutto dai singoli che da sempre si impegnano basandosi unicamente sulle proprie forze per riuscire a rimanere in un mercato che evolve in tempi rapidissimi.\u00bb Cos\u00ec Guido Pante, presidente della Consulta Confcommercio di Feltre ha risposto a Daniela Perco, relativamente all\u2019intervento in Consiglio Comunale in cui la consigliera ha affermato essere sua impressione che \u00able associazioni di categoria non siano particolarmente presenti sul territorio e che non ci sia una grande capacit\u00e0 di innovazione da parte di molti commercianti\u00bb. \u00abLa consulta Ascom ritiene che l\u2019affermazione della consigliera Perco, oltre che profondamente sbagliata, risulti persino offensiva nei confronti di quanti ogni giorno conducono una vera e propria lotta per riuscire ad offrire un buon servizio. Non possiamo dimenticare che ogni singolo commerciante si mette in gioco giorno per giorno, senza paracadute e rischiando in proprio, mentre Ascom, nel corso degli anni, ha sviluppato progetti, reperito risorse, intrapreso percorsi di formazione e innovazione spesso senza trovare adeguato sostegno dalle istituzioni locali feltrine\u00bb. \u00abPurtroppo siamo stati poco ascoltati e qualsiasi nostra proposta \u00e8 sempre stata rigettata. Vogliamo ricordare inoltre come negli ultimi 25 anni i commercianti abbiano sempre organizzato manifestazioni ed eventi che hanno animato la nostra citt\u00e0 rendendola viva e accogliente. Riteniamo quindi irrispettose e fuori luogo le parole della consigliera Perco in quanto prive di fondamento e poco riconoscenti nei confronti del lavoro e degli sforzi fatti dai commercianti e dall\u2019Associazione che da sempre li rappresenta\u00bb.<\/p>\n<p>&nbsp;<\/p>\n<p>&nbsp;<\/p>\n<p>&nbsp;<\/p>\n<h2><em>Caro Oscar De Bona e Abm&#8230;<\/em><\/h2>\n<blockquote><p><strong>FELTRE<\/strong> Informati dello svolgimento per oggi\u00a0 della 54.ma Assemblea Generale dell&#8217;associazione bellunesi nel mondo, sulla scia del recente evento (presentazione del libro di Gianni Favarato: &#8220;Addio Italia&#8221;) promosso da &#8220;Auser Feltre &amp; Associazione Bellunesi nel Mondo&#8221;, svoltosi il 17 aprile 2019 presso l&#8217;Istituto Dal Piaz di Feltre, vi auguriamo una proficua riunione, affinch\u00e9 i vostri obiettivi internazionali e i vostri valori di amicizia e solidariet\u00e0, oltre ad essere doverosamente apprezzati, trovino attenzione e sostegno anche istituzionale, per il bene delle miglia di Bellunesi (e Veneti) nel mondo e per i sostegno degli abitanti delle Terre Alte Dolomitiche. Nel rivolgere un caloroso saluto a tutti\/e i\/le partecipanti a questa importante Assemblea, con amicizia, vi auguriamo buon lavoro. <strong>Saluti cordiali dal Circolo Auser &#8220;al Castello&#8221;. Liliana Tomaselli, Franco Picentini<\/strong><\/p><\/blockquote>\n<p>&nbsp;<\/p>\n<p>&nbsp;<\/p>\n<p>&nbsp;<\/p>\n<p>&nbsp;<\/p>\n<p>&nbsp;<\/p>\n<p>&nbsp;<\/p>\n<h2>DOMANI LA FESTA DELLA SALUTE IN ROSA<\/h2>\n<p><strong>FELTRE <\/strong>Torna domani la manifestazione abbinata per il 7 anno alla Corrifeltre e promossa dall\u2019Ulss 1 Dolomiti, al fine di stimolare la cittadinanza a prendersi cura in modo attivo ad informato della propria salute, di incentivare la pratica dell\u2019attivit\u00e0 fisica, di consolidare il rapporto con le associazioni di volontariato e di aumentare la consapevolezza dell\u2019importanza di uno stile di vita salutare ed etico. A meno di allerte meteo, la corsa\/passeggiata \u00e8 confermata. Si valuter\u00e0 la mattina stessa un eventuale cambio di percorso per la sicurezza. Confermata la presenza delle Associazioni al Palaghiaccio dalle 9 di mattina e le premiazioni dei progetti di educazione alla salute delle scuole alle 11 sempre al pala ghiaccio. Tempo permettendo, in Pra del Moro ci sar\u00e0 un\u2019esercitazione del Soccorso Alpino Dolomiti Bellunesi Stazione di Feltre. In onore del passaggio del Giro d\u2019Italia, gli ospiti del Centro Diurno \u201cLe Casette\u201d del Distretto di Feltre hanno realizzato delle sagome di bambini con delle maglie rosa dove hanno dipinto a mano i loghi delle pi\u00f9 importanti manifestazioni sportive del Feltrino e, sul retro, la data dell\u2019evento. Il colorato girotondo, che parte con una bicicletta, \u00e8 stato esposto in questi giorni in ospedale, oggi e domani \u00e8 nel Treno della Salute a Belluno e sar\u00e0 visibile domenica al Palaghiaccio.<\/p>\n<p>&nbsp;<\/p>\n<p>&nbsp;<\/p>\n<p>&nbsp;<\/p>\n<p>&nbsp;<\/p>\n<p>&nbsp;<\/p>\n<h3 class=\"entry-title\">FESTA DI MARIA AUSILIATRICE CON I SALESIANI A BELLUNO DI RENATO BONA<\/h3>\n<blockquote class=\"wp-embedded-content\" data-secret=\"9emxLm5pOB\"><p><a href=\"https:\/\/www.radiopiu.net\/wordpress\/festa-di-maria-ausiliatrice-con-i-salesiani-a-belluno-di-renato-bona\/\">FESTA DI MARIA AUSILIATRICE CON I SALESIANI A BELLUNO  di RENATO BONA<\/a><\/p><\/blockquote>\n<p><iframe loading=\"lazy\" class=\"wp-embedded-content\" sandbox=\"allow-scripts\" security=\"restricted\" style=\"position: absolute; clip: rect(1px, 1px, 1px, 1px);\" src=\"https:\/\/www.radiopiu.net\/wordpress\/festa-di-maria-ausiliatrice-con-i-salesiani-a-belluno-di-renato-bona\/embed\/#?secret=9emxLm5pOB\" data-secret=\"9emxLm5pOB\" width=\"600\" height=\"338\" title=\"&#8220;FESTA DI MARIA AUSILIATRICE CON I SALESIANI A BELLUNO  di RENATO BONA&#8221; &#8212; Radio Pi\u00f9\" frameborder=\"0\" marginwidth=\"0\" marginheight=\"0\" scrolling=\"no\"><\/iframe><\/p>\n<p>&nbsp;<\/p>\n<p>&nbsp;<\/p>\n<p>&nbsp;<\/p>\n<p>&nbsp;<\/p>\n<p>&nbsp;<\/p>\n<h2>CERCASI GESTORE PER L&#8217;AREA DI LAMBROI<\/h2>\n<p><strong>GOSALDO<\/strong> Il Comune ha pubblicato sul proprio sito l&#8217;avviso esplorativo per la ricerca di operatori economici interessati alla concessione dell&#8217;area attrezzata di sosta a Lambroi, scadenza il 21 maggio.<\/p>\n<p>&nbsp;<\/p>\n<p>&nbsp;<\/p>\n<h2>DOLOMITI SENZA CONFINI<\/h2>\n<p><strong>COMELICO<\/strong> Domenica 2 giugno seconda edizione della Dolomiti senza confini al Passo Monte Croce Comelico. Testimonial della giornata: l\u2019alpinista Christoph Hainz guida alpina,\u00a0 Paolo Bellodis, guida alpina e fotografo Valentino (Tino) Pais Tarsilia e Italo Zandonella Callegher alpinista, accademico e socio onorario CAI, Comelico. La Dolomiti senza confini sar\u00e0 un appuntamento annuale nella prima domenica di giugno.<\/p>\n<p>&nbsp;<\/p>\n<p>&nbsp;<\/p>\n<h2><a class=\"dt-pswp-item\" href=\"http:\/\/www.radiopiu.net\/wordpress\/wp-content\/uploads\/2018\/09\/appuntamenti.jpeg\" data-dt-img-description=\"\" data-large_image_width=\"800\" data-large_image_height=\"100\"><img loading=\"lazy\" decoding=\"async\" class=\"alignnone wp-image-61958 size-full\" src=\"http:\/\/www.radiopiu.net\/wordpress\/wp-content\/uploads\/2018\/09\/appuntamenti.jpeg\" alt=\"\" width=\"800\" height=\"100\" srcset=\"https:\/\/www.radiopiu.net\/wordpress\/wp-content\/uploads\/2018\/09\/appuntamenti.jpeg 800w, https:\/\/www.radiopiu.net\/wordpress\/wp-content\/uploads\/2018\/09\/appuntamenti-300x38.jpeg 300w, https:\/\/www.radiopiu.net\/wordpress\/wp-content\/uploads\/2018\/09\/appuntamenti-768x96.jpeg 768w\" sizes=\"auto, (max-width: 800px) 100vw, 800px\" \/><\/a><\/h2>\n<p>&nbsp;<\/p>\n<h2>\u201cMOZART &#8211; Monologo Epistolare di un Amore.\u201d<\/h2>\n<blockquote><p><span style=\"color: #ff0000;\"><strong><em>Sala della Biblioteca Civica di Agordo, OGGI\u00a0 alle 20.30.<\/em><\/strong><\/span><\/p><\/blockquote>\n<p>AUDIO DAL NOTIZIARIO PRINCIPALE, VOCE CLAUDIA CATTADORI<\/p>\n<audio class=\"wp-audio-shortcode\" id=\"audio-85741-5\" preload=\"none\" style=\"width: 100%;\" controls=\"controls\"><source type=\"audio\/mpeg\" src=\"http:\/\/www.radiopiu.net\/wordpress\/wp-content\/uploads\/2019\/05\/CLAUDIA-MOZART.mp3?_=5\" \/><a href=\"http:\/\/www.radiopiu.net\/wordpress\/wp-content\/uploads\/2019\/05\/CLAUDIA-MOZART.mp3\">http:\/\/www.radiopiu.net\/wordpress\/wp-content\/uploads\/2019\/05\/CLAUDIA-MOZART.mp3<\/a><\/audio>\n<blockquote><p><span style=\"color: #ff0000;\">Brunella Moro ha intervistato Lara Fiori, dallo speciale Reporter in onda su RADIOPIU<\/span><\/p><\/blockquote>\n<audio class=\"wp-audio-shortcode\" id=\"audio-85741-6\" preload=\"none\" style=\"width: 100%;\" controls=\"controls\"><source type=\"audio\/mpeg\" src=\"http:\/\/www.radiopiu.net\/wordpress\/wp-content\/uploads\/2019\/05\/LARA-FIORI.mp3?_=6\" \/><a href=\"http:\/\/www.radiopiu.net\/wordpress\/wp-content\/uploads\/2019\/05\/LARA-FIORI.mp3\">http:\/\/www.radiopiu.net\/wordpress\/wp-content\/uploads\/2019\/05\/LARA-FIORI.mp3<\/a><\/audio>\n<p>&nbsp;<\/p>\n<h2><\/h2>\n<h2><\/h2>\n<h2>OGGI\u00a0 ALLE 15 CERTOTTICA SVELA I SEGRETI DELL\u2019ACADEMY DEDICATA ALL\u2019OCCHIALE<\/h2>\n<p><strong>LONGARONE<\/strong> Partir\u00e0 a ottobre la sesta edizione dell\u2019ITS-Academy in Design e Tecnica dell\u2019Occhiale, biennio di formazione post diploma promosso grazie alla sinergia con la Fondazione COSMO, che ogni anno ribadisce e rafforza il legame sinergico con il Distretto in cui si inserisce: oggi\u00a0 \u00a0alle 15 \u2019Area Formazione di Certottica aspetta tutti gli interessati all\u2019OPEN DAY che avr\u00e0 luogo nella sede di Longarone<\/p>\n<p>&nbsp;<\/p>\n<p>&nbsp;<\/p>\n<h2>OGGI\u00a0 L&#8217;EVENTO FINALE DI INTRECCI URBANI<\/h2>\n<p><strong>FELTRE<\/strong> Artigianato, senso civico e aggregazione, questi sono i cardini principali su cui si fonda INTRECCI URBANI. Un evento, un concorso, una performance che si terr\u00e0 oggi dalle 10.30 alle 18 in Largo Castaldi, o in caso di maltempo, in Galleria F.lli Angelini. L\u2019evento vuole essere l\u2019atto conclusivo del pi\u00f9 ampio progetto FeltreOfficina e un\u2019occasione di socialit\u00e0 e incontro per la cittadinanza<\/p>\n<p>&nbsp;<\/p>\n<p>&nbsp;<\/p>\n<h2>\u201cUN CAMINO EN EL MAR\u201d: CONCERTO A CAVARZANO<\/h2>\n<p><strong>BELLUNO<\/strong> Grande attesa a Belluno per il concerto \u201cUn Camino en el mar\u201d che avr\u00e0 luogo nel salone parrocchiale della via Castellani di Cavarzano oggi alle 20,30, organizzato da Giuliana Barattin (foto). In proposito la stessa Barattin su Facebook puntualizza: \u201cAngel Galzerano Trio \u00e8 un ensemble formato da musicisti di vari percorsi musicali con la passione comune per la musica delle diverse culture.<\/p>\n<p>&nbsp;<\/p>\n<p>&nbsp;<\/p>\n<p>&nbsp;<\/p>\n<h2><a class=\"dt-pswp-item\" href=\"http:\/\/www.radiopiu.net\/wordpress\/wp-content\/uploads\/2019\/05\/locandina-jpg.jpg\" data-dt-img-description=\"\" data-large_image_width=\"3662\" data-large_image_height=\"8150\"><img loading=\"lazy\" decoding=\"async\" class=\" wp-image-85457 alignleft\" src=\"http:\/\/www.radiopiu.net\/wordpress\/wp-content\/uploads\/2019\/05\/locandina-jpg-135x300.jpg\" alt=\"\" width=\"78\" height=\"173\" srcset=\"https:\/\/www.radiopiu.net\/wordpress\/wp-content\/uploads\/2019\/05\/locandina-jpg-135x300.jpg 135w, https:\/\/www.radiopiu.net\/wordpress\/wp-content\/uploads\/2019\/05\/locandina-jpg-768x1709.jpg 768w, https:\/\/www.radiopiu.net\/wordpress\/wp-content\/uploads\/2019\/05\/locandina-jpg-460x1024.jpg 460w\" sizes=\"auto, (max-width: 78px) 100vw, 78px\" \/><\/a>DOMANI\u00a0 LA SCHOLA CANTORUM IN DUOMO<\/h2>\n<p><strong>FELTRE<\/strong> Anche quest&#8217;anno la\u00a0 Schola Cantorum di Santa Giustina, con la collaborazione e il patrocinio del Comune di Feltre,\u00a0 organizza il tradizionale concerto in onore dei Santi Vittore e Corona, domenica alle 21 in Duomo. Il programma scelto per l&#8217;occasione \u00e8 uno dei capolavori sacri di Gioachino Rossini<\/p>\n<p>&nbsp;<\/p>\n<p>&nbsp;<\/p>\n<h2><\/h2>\n<h2><\/h2>\n<h2><\/h2>\n<h2>L&#8217;ARTE DEL PROFESSOR ARDILLO IN MOSTRA A SCOPO BENEFICO<\/h2>\n<p><strong>BELLUNO<\/strong> Il Rotary Club ha organizzato l&#8217;incontro<span style=\"font-family: Source Sans Pro Light, serif;\"><b>\u00a0\u201cL\u2019arte del <\/b><\/span><span style=\"color: #222222;\"><span style=\"font-family: Arial, serif;\"><b>professor Luigi Ardillo<\/b><\/span><\/span><span style=\"color: #222222;\"><span style=\"font-family: Arial, serif;\"><b>\u00a0<\/b><\/span><\/span><span style=\"color: #222222;\"><span style=\"font-family: Arial, serif;\"><b>a favore dei minori della<\/b> <strong>comunit\u00e0<\/strong><\/span><\/span><strong><span style=\"font-family: Source Sans Pro Light, serif;\">\u201d <\/span><\/strong><span style=\"font-family: Source Sans Pro Light, serif;\">occasione per l&#8217;inaugurazione della mostra\u00a0 <\/span><span style=\"font-family: Source Sans Pro Light, serif;\"><b>\u201c27 anni di pittura, 63 anni di mestier.<\/b> Giovedi 23 maggio alle 18 al Giovanni 23esimo di Piazza Piloni. la mostra <\/span><span style=\"font-family: Times New Roman, serif;\"><span style=\"color: #222222;\"><span style=\"font-family: Arial, serif;\">nella Galleria San Rocco rimarr\u00e0 aperta fino <\/span><\/span><span style=\"color: #222222;\"><span style=\"font-family: Arial, serif;\">\u00a0al 5 giugno, tutti i giorni dalle 10 alle 12 e dalle 17 alle 19. Il ricavato delle offerte per le opere d&#8217;arte, donate al Rotary e concesse al miglior offerente, sar\u00e0 utilizzato per proseguire il progetto Programmi di Interventi Per la Prevenzione dell&#8217;Istituzionalizzazione &#8211; a favore dei minori e delle famiglie in difficolt\u00e0.<\/span><\/span><\/span><\/p>\n<p>&nbsp;<\/p>\n<p>&nbsp;<\/p>\n<p><strong>AGORDINO<\/strong> Gli ottantenni in festa sabato 25 maggio. I coscritti del 1939 dei sedici comuni dell\u2019Agordino festeggiano i loro ottant\u2019anni con una cerimonia nella chiesa di santa Maria Nascente ad Agordo sabato 25 maggio. La messa sar\u00e0 celebrata dall\u2019arcidiacono monsignor Giorgio Lise e accompagnata dai canti del Coro parrocchiale. A seguire, i coscritti visiteranno il museo dell\u2019occhiale di Palazzo Crotta-de\u2019Manzoni con successivo pranzo alle 12.30 al ristorante \u00abZum Brillenb\u00e4r\u00bb in localit\u00e0 Valcozzena<\/p>\n<p>&nbsp;<\/p>\n<p>&nbsp;<\/p>\n<p><b>AGORDINO <\/b>Cena annuale, sabato 25 maggio alle 20 al Ristorante Alla Stanga con musica ed animazione. Iscrizioni al Bar Schenot in localit\u00e0 Pragrande entro il 20 maggio. info 348 85.24.340<\/p>\n<p>&nbsp;<\/p>\n<p><strong>TAIBON<\/strong> Sabato 25 maggio alle 20.30 nella sala dell&#8217;ex Municipio di Taibon focus sulla Valle di San Lucano con l&#8217;Associazione Amici dei Minerari &#8220;Il paradiso pu\u00f2 attendere, per la rinascita e per il guinnes world record&#8221;.<\/p>\n<p>&nbsp;<\/p>\n<p>&nbsp;<\/p>\n<p>&nbsp;<\/p>\n<p>&nbsp;<\/p>\n<p>&nbsp;<\/p>\n<p><a class=\"dt-pswp-item\" href=\"http:\/\/www.radiopiu.net\/wordpress\/wp-content\/uploads\/2018\/09\/viabilita.jpeg\" data-dt-img-description=\"\" data-large_image_width=\"800\" data-large_image_height=\"100\"><img loading=\"lazy\" decoding=\"async\" class=\"alignnone size-full wp-image-61954\" src=\"http:\/\/www.radiopiu.net\/wordpress\/wp-content\/uploads\/2018\/09\/viabilita.jpeg\" alt=\"\" width=\"800\" height=\"100\" srcset=\"https:\/\/www.radiopiu.net\/wordpress\/wp-content\/uploads\/2018\/09\/viabilita.jpeg 800w, https:\/\/www.radiopiu.net\/wordpress\/wp-content\/uploads\/2018\/09\/viabilita-300x38.jpeg 300w, https:\/\/www.radiopiu.net\/wordpress\/wp-content\/uploads\/2018\/09\/viabilita-768x96.jpeg 768w\" sizes=\"auto, (max-width: 800px) 100vw, 800px\" \/><\/a><\/p>\n<blockquote><p>&nbsp;<\/p>\n<p><strong>GOSALDO: DA LUNEDI 20 A SABATO 25 MAGGIO DALLE 8 ALLE 12 E DALLE 13.30 ALLE 18 STRADA PROVINCIALE 3 CHIUSA!\u00a0 LOCALITA&#8217; LE FESTE <\/strong><\/p>\n<p><strong>REGIONALE 48 DOLOMITI LUNEDI\u00a0 dalle 8 alle 16\u00a0 senso unico alternato in localit\u00e0 Rudavoi per prove carico ponte.<\/strong><\/p><\/blockquote>\n<p><strong>REGIONALE 203 AGORDINA<\/strong> Fino al 28 giugno sabato e domenica escluso, senso unico alternato tra Alleghe e Caprile.<\/p>\n<p><strong>PROVINCIALE 563 DI SALESEI<\/strong> Fino al 28 giugno esclusi giorni festivi e prefestivi senso unico alternato tra Caprile e Saviner<\/p>\n<p><strong>PROVINCIALE 3 VALLE IMPERINA<\/strong> Fino a revoca senso unico a vista\u00a0 in localit\u00e0 Corde Mole per cedimento della careggiata. Dal 13 maggio e\u00a0 fino al 28 giugno tra Rivamonte e Forcella Franche senso unico alternato per la posa di tubazione per conto di Enel.<\/p>\n<p><strong>PROVINCIALE 347 DEL DURAN <\/strong>Fino al 31 maggio in localit\u00e0 Fornesighe senso unico alternato regolato da semaforo o movieri, possibili temporanee interdizioni totali al traffico fino a un masssimo di 20 minuti<\/p>\n<p><strong>REGIONALE 203 AGORDINA<\/strong> Fino al 31 maggio esclusi festivi e prefestivi, senso unico alternato in localit\u00e0 Rucava, possibili brevi interruzioni fino a 15 minuti.<\/p>\n<p><strong>PROVINCIALE 8 DI SAN TOMASO<\/strong> Fino\u00a0 al 28 giugno (esclusi festivi e prefestivi) senso unico alternato tra Pian Molin e Roi<\/p>\n<p><strong>PROVINCIALE 563 DI SALESEI <\/strong>Fino al\u00a014 giugno\u00a0 In localit\u00e0 Sopracordevole in Comune di Rocca Pietore senso unico alternato con semaforo o movieri e divieto di transito ai mezzi con massa superiore a 7,5 tonellate.<\/p>\n<p>&nbsp;<\/p>\n<p>&nbsp;<\/p>\n<h2><img loading=\"lazy\" decoding=\"async\" class=\"alignleft wp-image-60761 \" src=\"http:\/\/www.radiopiu.net\/wordpress\/wp-content\/uploads\/2018\/09\/sport.jpg\" alt=\"\" width=\"992\" height=\"124\" srcset=\"https:\/\/www.radiopiu.net\/wordpress\/wp-content\/uploads\/2018\/09\/sport.jpg 800w, https:\/\/www.radiopiu.net\/wordpress\/wp-content\/uploads\/2018\/09\/sport-300x38.jpg 300w, https:\/\/www.radiopiu.net\/wordpress\/wp-content\/uploads\/2018\/09\/sport-768x96.jpg 768w\" sizes=\"auto, (max-width: 992px) 100vw, 992px\" \/><\/h2>\n<p>&nbsp;<\/p>\n<p>&nbsp;<\/p>\n<p>&nbsp;<\/p>\n<h2><\/h2>\n<h2>ALPE DEL NEVEGAL, ALLE 9.30 IL PRIMO TURNO DI PROVE UFFICIALE.<\/h2>\n<p><strong>BELLUNO<\/strong><\/p>\n<p><strong>DI ROBERTO BONA<\/strong><\/p>\n<audio class=\"wp-audio-shortcode\" id=\"audio-85741-7\" preload=\"none\" style=\"width: 100%;\" controls=\"controls\"><source type=\"audio\/mpeg\" src=\"http:\/\/www.radiopiu.net\/wordpress\/wp-content\/uploads\/2019\/05\/ROBERTO-ALPE.mp3?_=7\" \/><a href=\"http:\/\/www.radiopiu.net\/wordpress\/wp-content\/uploads\/2019\/05\/ROBERTO-ALPE.mp3\">http:\/\/www.radiopiu.net\/wordpress\/wp-content\/uploads\/2019\/05\/ROBERTO-ALPE.mp3<\/a><\/audio>\n<h2><\/h2>\n<h2><\/h2>\n<h2>IN CAMPO PER RIPARTIRE.<\/h2>\n<p><strong>BELLUNO<\/strong><\/p>\n<p><strong>DI DAMIANO TORMEN<\/strong><\/p>\n<audio class=\"wp-audio-shortcode\" id=\"audio-85741-8\" preload=\"none\" style=\"width: 100%;\" controls=\"controls\"><source type=\"audio\/mpeg\" src=\"http:\/\/www.radiopiu.net\/wordpress\/wp-content\/uploads\/2019\/05\/DAMIANO-BELLUNO.mp3?_=8\" \/><a href=\"http:\/\/www.radiopiu.net\/wordpress\/wp-content\/uploads\/2019\/05\/DAMIANO-BELLUNO.mp3\">http:\/\/www.radiopiu.net\/wordpress\/wp-content\/uploads\/2019\/05\/DAMIANO-BELLUNO.mp3<\/a><\/audio>\n<h2><\/h2>\n<p>&nbsp;<\/p>\n<h2>OGGI\u00a0 \u00a0A VOLTAGO INAUGURAZIONE DEL CAMPO E PRIMO TORNEO DEL POI<\/h2>\n<p>dal giornale radio: SIMONE MERLIN PRESIDENTE ASS.DIL.VOLTAGO<\/p>\n<audio class=\"wp-audio-shortcode\" id=\"audio-85741-9\" preload=\"none\" style=\"width: 100%;\" controls=\"controls\"><source type=\"audio\/mpeg\" src=\"http:\/\/www.radiopiu.net\/wordpress\/wp-content\/uploads\/2019\/05\/TORNEO-DEL-POI-SIMONE-MERLIN.mp3?_=9\" \/><a href=\"http:\/\/www.radiopiu.net\/wordpress\/wp-content\/uploads\/2019\/05\/TORNEO-DEL-POI-SIMONE-MERLIN.mp3\">http:\/\/www.radiopiu.net\/wordpress\/wp-content\/uploads\/2019\/05\/TORNEO-DEL-POI-SIMONE-MERLIN.mp3<\/a><\/audio>\n<p><b><\/b><strong>VOLTAGO<\/strong> Verr\u00e0 inaugurato oggi\u00a0 \u00a0il nuovo campo sportivo di Voltago \u201cRenzo Da Campo\u201d.\u00a0 In programma anche la prima edizione del Torneo del Poi in un triangolare tra Voltago, Frassen\u00e8 e Gosaldo, un assaggio in vista del Campionato Agordino di calcio che inizier\u00e0 domenica 26 maggio. Inaugurazione alle 13.30 e il torneo a seguire.<\/p>\n<audio class=\"wp-audio-shortcode\" id=\"audio-85741-10\" preload=\"none\" style=\"width: 100%;\" controls=\"controls\"><source type=\"audio\/mpeg\" src=\"http:\/\/www.radiopiu.net\/wordpress\/wp-content\/uploads\/2019\/05\/FRANZONI.mp3?_=10\" \/><a href=\"http:\/\/www.radiopiu.net\/wordpress\/wp-content\/uploads\/2019\/05\/FRANZONI.mp3\">http:\/\/www.radiopiu.net\/wordpress\/wp-content\/uploads\/2019\/05\/FRANZONI.mp3<\/a><\/audio>\n<p>&nbsp;<\/p>\n<p>&nbsp;<\/p>\n<h1>TRIANGOLARE DI CALCIO A LA VALLE<\/h1>\n<p><strong>LA VALLE<\/strong> L&#8217;U.S.D. La Valle organizza per oggi il 10\u00b0 Memorial Sergio Dall&#8217;Acqua e Gino De Zaiacomo. Triangolare di calcio ad 11 al campo sportivo di La Valle Agordina. Alleghe, La Valle e Fodom le squadre partecipanti al torneo. Alle 15:30 La Valle \u2013 Alleghe, 16:30 Fodom \u2013 perdente prima partita, 17:30 Fodom \u2013 vincente prima partita. In palio anche il 5\u00b0 Memorial Sergio De Col al miglior giocatore.<\/p>\n<p>&nbsp;<\/p>\n<p>&nbsp;<\/p>\n<h2>IL CALCIO DEL FINE SETTIMANA<\/h2>\n<p><strong>di Marco Gaz<\/strong><\/p>\n<p>Giovanili dell&#8217;Agordina in campo questo fine settimana. La Juniores di De Bastiani giocher\u00e0 oggi pomeriggio all&#8217;Ivano Dorigo di Agordo, alle 15, contro il Comelico. Sempre oggi, ma alle 15:30, in campo anche i Giovanissimi allenati da De Lazzer che saranno in trasferta contro la ZTLL. Domani mattina alle 10 saranno impegnati anche gli Allievi di mister Orzetti che giocheranno in trasferta contro il Ponte Nelle Alpi.<br \/>\nUltima partita della stagione per l&#8217;Agordina di Seconda Categoria che domani alle 16:30 si giocheranno il tutto per tutto nel ritorno dei playout contro la Fulgor Farra. La squadra di Lorenzi scender\u00e0 in terra alpagotta per cercare l&#8217;impresa. Dopo il 2 a 1 dell&#8217;andata in favore della Fulgor, gli agordini sono costretti a vincere con almeno 2 gol di scarto per evitare la retrocessione. Partita che Radio Pi\u00f9 seguir\u00e0 in diretta.<br \/>\nA Voltago e La Valle sono in programma oggi due assaggi del Campionato Agordino di calcio. Al \u201cRenzo Da Campo\u201d di Voltago l&#8217;inaugurazione del campo alle 13 e a segure la prima edizione del Torneo del Poi coFrassen\u00e8, Gosaldo e Voltago in campo. Al \u201cConaggia\u201d di La Valle andr\u00e0 in scena il 10\u00b0 Memorial Sergio Dall&#8217;Acqua e Gino De Zaiacomo, triangolare di calcio a 11 tra Fodom, Alleghe e La Valle. In palio anche il 5\u00b0 Memorial Sergio De Col al miglior giocatore in campo.<\/p>\n<p>&nbsp;<\/p>\n<p>&nbsp;<\/p>\n<p><span style=\"color: #ff0000;\">DALLA PAGINA FACEBOOK, FOLLADOR DE ROSSI<\/span><\/p>\n<h2>GIOVANNI FRANZONI, ECCELLENZA SPORTIVA AL FOLLADOR-DE ROSSI<\/h2>\n<p><strong>dal notiziario principale, voce CLAUDIA CATTADORI<\/strong><\/p>\n<audio class=\"wp-audio-shortcode\" id=\"audio-85741-11\" preload=\"none\" style=\"width: 100%;\" controls=\"controls\"><source type=\"audio\/mpeg\" src=\"http:\/\/www.radiopiu.net\/wordpress\/wp-content\/uploads\/2019\/05\/FRANZONI.mp3?_=11\" \/><a href=\"http:\/\/www.radiopiu.net\/wordpress\/wp-content\/uploads\/2019\/05\/FRANZONI.mp3\">http:\/\/www.radiopiu.net\/wordpress\/wp-content\/uploads\/2019\/05\/FRANZONI.mp3<\/a><\/audio>\n<p>&nbsp;<\/p>\n<p>&nbsp;<\/p>\n<blockquote><p><a class=\"dt-pswp-item\" href=\"http:\/\/www.radiopiu.net\/wordpress\/wp-content\/uploads\/2019\/05\/60653188_1294432330719504_108202784670613504_n.jpg\" data-dt-img-description=\"\" data-large_image_width=\"960\" data-large_image_height=\"638\"><img loading=\"lazy\" decoding=\"async\" class=\" wp-image-85717 alignleft\" src=\"http:\/\/www.radiopiu.net\/wordpress\/wp-content\/uploads\/2019\/05\/60653188_1294432330719504_108202784670613504_n-300x199.jpg\" alt=\"\" width=\"191\" height=\"127\" srcset=\"https:\/\/www.radiopiu.net\/wordpress\/wp-content\/uploads\/2019\/05\/60653188_1294432330719504_108202784670613504_n-300x199.jpg 300w, https:\/\/www.radiopiu.net\/wordpress\/wp-content\/uploads\/2019\/05\/60653188_1294432330719504_108202784670613504_n-768x510.jpg 768w, https:\/\/www.radiopiu.net\/wordpress\/wp-content\/uploads\/2019\/05\/60653188_1294432330719504_108202784670613504_n.jpg 960w\" sizes=\"auto, (max-width: 191px) 100vw, 191px\" \/><\/a>Giovanni Franzoni, giovane studente &#8211; atleta frequentante la 4^ liceo scientifico tradizionale del nostro istituto e tesserato con lo Ski College Veneto &#8211; Falcade, quest&#8217;anno ha raggiunto eccellenti risultati nello sci alpino. Vincitore del Gran Prix Italia, giovani e aspiranti, Campione Italiano di Discesa Libera per la categoria Aspiranti, vincitore della classifica finale per la disciplina SG del GPI, con conseguente ingresso di diritto in squadra nazionale. Questi sono solo in parte i frutti del duro lavoro di Giovanni, che ora &#8211; terminata la stagione &#8211; si \u00e8 concentrato sui libri, sebbene non li abbia trascurati nemmeno durante l&#8217;intenso e impegnativo inverno. Gli abbiamo fatto qualche domanda, per capire come sia riuscito a raggiungere gli obiettivi prefissati e come abbia conciliato efficacemente scuola e sport nel suo percorso, fino ad oggi.<\/p><\/blockquote>\n<p><strong>COM&#8217;E&#8217; ANDATA LA STAGIONE SPORTIVA?<\/strong><br \/>\nLa stagione \u00e8 andata bene, con qualche alto e basso, ma ho cercato di tenere botta fino alla fine. Sono riuscito a vincere il GPI Italia di gigante (che mi ha consentito di entrare in nazionale) e vincere quello generale aspiranti e giovani, con un terzo posto nel senior; ai Campionati Italiani aspiranti primo in DH, secondo in gigante e terzo in SG; terzo in combinata e parallelo, ottavo in gigante agli italiano assoluti.<br \/>\n<strong><a class=\"dt-pswp-item\" href=\"http:\/\/www.radiopiu.net\/wordpress\/wp-content\/uploads\/2019\/05\/60135126_1294432350719502_8473823338018373632_n.jpg\" data-dt-img-description=\"\" data-large_image_width=\"960\" data-large_image_height=\"639\"><img loading=\"lazy\" decoding=\"async\" class=\"size-medium wp-image-85716 alignright\" src=\"http:\/\/www.radiopiu.net\/wordpress\/wp-content\/uploads\/2019\/05\/60135126_1294432350719502_8473823338018373632_n-300x200.jpg\" alt=\"\" width=\"300\" height=\"200\" srcset=\"https:\/\/www.radiopiu.net\/wordpress\/wp-content\/uploads\/2019\/05\/60135126_1294432350719502_8473823338018373632_n-300x200.jpg 300w, https:\/\/www.radiopiu.net\/wordpress\/wp-content\/uploads\/2019\/05\/60135126_1294432350719502_8473823338018373632_n-768x511.jpg 768w, https:\/\/www.radiopiu.net\/wordpress\/wp-content\/uploads\/2019\/05\/60135126_1294432350719502_8473823338018373632_n.jpg 960w\" sizes=\"auto, (max-width: 300px) 100vw, 300px\" \/><\/a>UNA SERIE DI RISULTATI IMPORTANTI&#8230; E&#8217; STATA DURA?<\/strong><br \/>\nE&#8217; stata dura, sia dal punto di vista fisico, sia dal punto di vista emotivo. Fisicamente perch\u00e9 la stagione \u00e8 stata lunga, facendo tutte le discipline dello sci alpino. Sono stati molti gli impegni e di conseguenza anche gli spostamenti&#8230; il mio fisico a volte ne ha risentito!<br \/>\nEmotivamente, ho sempre cercato di essere al TOP, ma \u00e8 naturale avere qualche calo di prestazione durante l&#8217;anno; ho sempre cercato di rimanere lucido e andare al massimo, ma non \u00e8 cos\u00ec semplice!<br \/>\n<strong>E CON IL LICEO?<\/strong><br \/>\nAmmetto di aver fatto un po&#8217; di fatica a rimanere in pari con i programmi, avendo fatto davvero molti giorni di assenza. Alcuni insegnanti mi hanno aiutato a recuperare le lezioni perse quando possibile, mentre altre materie le ho studiate da solo, tenendomi sempre al passo con la lettura del registro elettronico. Per le verifiche e le interrogazioni ho avuto la fortuna di poterle programmare, anche grazie al PFP da studente-atleta di alto livello concesso dal MIUR e dal Consiglio di Classe. Ammetto che \u00e8 stata dura comunque studiare durante le trasferte&#8230;<br \/>\nIl problema \u00e8 a fine stagione, quando la stanchezza si fa sentire, c&#8217;\u00e8 molto da recuperare e magari bisogna dedicarsi anche alla preparazione a secco! Si cerca sempre di mettere gli impegni scolastici volta per volta senza troppi accumuli, cos\u00ec da riuscire a organizzare al meglio lo studio e quindi l&#8217;allenamento.<br \/>\n<strong><a class=\"dt-pswp-item\" href=\"http:\/\/www.radiopiu.net\/wordpress\/wp-content\/uploads\/2019\/05\/60051019_1294432264052844_3034429029240274944_n.jpg\" data-dt-img-description=\"\" data-large_image_width=\"930\" data-large_image_height=\"960\"><img loading=\"lazy\" decoding=\"async\" class=\"size-medium wp-image-85714 alignleft\" src=\"http:\/\/www.radiopiu.net\/wordpress\/wp-content\/uploads\/2019\/05\/60051019_1294432264052844_3034429029240274944_n-291x300.jpg\" alt=\"\" width=\"291\" height=\"300\" srcset=\"https:\/\/www.radiopiu.net\/wordpress\/wp-content\/uploads\/2019\/05\/60051019_1294432264052844_3034429029240274944_n-291x300.jpg 291w, https:\/\/www.radiopiu.net\/wordpress\/wp-content\/uploads\/2019\/05\/60051019_1294432264052844_3034429029240274944_n-768x793.jpg 768w, https:\/\/www.radiopiu.net\/wordpress\/wp-content\/uploads\/2019\/05\/60051019_1294432264052844_3034429029240274944_n.jpg 930w\" sizes=\"auto, (max-width: 291px) 100vw, 291px\" \/><\/a>COME MAI HAI SCELTO IL LICEO SCIENTIFICO TRADIZIONALE? SEI SODDISFATTO DELLA TUA SCELTA?<\/strong><br \/>\nSpesso, durante l&#8217;anno, mi chiedo i motivi della mia scelta, perch\u00e9 non nascondo sia un indirizzo impegnativo. Ogni volta che mi pongo questa domanda mi convinco di aver fatto un&#8217;ottima scelta per la mia istruzione. Anche perch\u00e9 cos\u00ec potr\u00f2 sempre avere una seconda opportunit\u00e0 nel caso non mi andasse tutto bene in questo sport!<br \/>\n<strong>A CHI VANNO I TUOI PIU&#8217; SENTITI RINGRAZIAMENTI?<\/strong><br \/>\nCertamente alla mia famiglia, per avermi sostenuto anche economicamente; gli amici che ho sempre avuto vicini e il mio allenatore Moritz Micheluzzi per aver fatto questo splendido viaggio con me&#8230;sperando che sia solo l&#8217;inizio! Non ci resta che augurare il meglio a Giovanni per il suo futuro, sia scolastico, sia sportivo. E, come lui stesso ha detto:&#8230;CHE SIA SOLO L&#8217;INIZIO!<\/p>\n<p>&nbsp;<\/p>\n<p>&nbsp;<\/p>\n<p>&nbsp;<\/p>\n<h2>ONDABLU, NUOTO PROPAGANDA A TREVISO<\/h2>\n<p><a class=\"dt-pswp-item\" href=\"http:\/\/www.radiopiu.net\/wordpress\/wp-content\/uploads\/2019\/05\/alcuni-piccoli-del-propagandaOndablu.jpg\" data-dt-img-description=\"\" data-large_image_width=\"1600\" data-large_image_height=\"1200\"><img loading=\"lazy\" decoding=\"async\" class=\" wp-image-85799 alignleft\" src=\"http:\/\/www.radiopiu.net\/wordpress\/wp-content\/uploads\/2019\/05\/alcuni-piccoli-del-propagandaOndablu-300x225.jpg\" alt=\"\" width=\"171\" height=\"128\" srcset=\"https:\/\/www.radiopiu.net\/wordpress\/wp-content\/uploads\/2019\/05\/alcuni-piccoli-del-propagandaOndablu-300x225.jpg 300w, https:\/\/www.radiopiu.net\/wordpress\/wp-content\/uploads\/2019\/05\/alcuni-piccoli-del-propagandaOndablu-768x576.jpg 768w, https:\/\/www.radiopiu.net\/wordpress\/wp-content\/uploads\/2019\/05\/alcuni-piccoli-del-propagandaOndablu-1024x768.jpg 1024w, https:\/\/www.radiopiu.net\/wordpress\/wp-content\/uploads\/2019\/05\/alcuni-piccoli-del-propagandaOndablu.jpg 1600w\" sizes=\"auto, (max-width: 171px) 100vw, 171px\" \/><\/a>Si \u00e8 svolta domenica 12 maggio nella piscina di Treviso la 5\u00b0 giornata del circuito di nuoto propaganda province di Belluno e Treviso destra Piave. Si sono confrontati i giovani atleti suddivisi nelle categorie esordienti (nati tra il 2012 ed il 2013), giovanissimi (2010 e 2011) e allievi (2008 e 2009) in rappresentanza delle societ\u00e0 Natatorium Treviso, Piave Nuoto, Stile Libero di Preganziol, Acquafit 2.0 di Casale sul Sile, Viribus Unitis di Pieve di Soligo, Antares Nuoto di Castelfranco Veneto, Piscina di Quinto, Dolomiti Nuoto di Pelos di Cadore e Ondablu di Agordo, Pedavena e Santa Giustina.\u00a0 Soddisfatti tutti i tecnici delle squadre bellunesi coinvolte: Federica Gallarotti e Vania Agnoli per la Dolomiti Nuoto; Myrene Funke, Giorgio De Nardin e Laura Pria per l\u2019Ondablu. Ecco i bellunesi arrivati fra i primi tre per ogni gara della categoria giovanissimi. Per la categoria esordienti non \u00e8 prevista la registrazione dei <a class=\"dt-pswp-item\" href=\"http:\/\/www.radiopiu.net\/wordpress\/wp-content\/uploads\/2019\/05\/sfilata-sq.-ondablu-1.jpg\" data-dt-img-description=\"\" data-large_image_width=\"1200\" data-large_image_height=\"1600\"><img loading=\"lazy\" decoding=\"async\" class=\" wp-image-85798 alignright\" src=\"http:\/\/www.radiopiu.net\/wordpress\/wp-content\/uploads\/2019\/05\/sfilata-sq.-ondablu-1-225x300.jpg\" alt=\"\" width=\"185\" height=\"247\" srcset=\"https:\/\/www.radiopiu.net\/wordpress\/wp-content\/uploads\/2019\/05\/sfilata-sq.-ondablu-1-225x300.jpg 225w, https:\/\/www.radiopiu.net\/wordpress\/wp-content\/uploads\/2019\/05\/sfilata-sq.-ondablu-1-768x1024.jpg 768w, https:\/\/www.radiopiu.net\/wordpress\/wp-content\/uploads\/2019\/05\/sfilata-sq.-ondablu-1.jpg 1200w\" sizes=\"auto, (max-width: 185px) 100vw, 185px\" \/><\/a>tempi. Giovanissimi: 50 stile libero F: 2\u00b0 Ilaria Collet (Ondablu) 25 stile libero M: 2\u00b0 Gabriele (Ondablu) 100 misti F: 3\u00b0 Ilaria Collet (Ondablu) 100 misti M: 2\u00b0 Gabriele Agosti (Ondablu) Staffetta 4&#215;25 stile libero mista F e M giovanissimi e allievi: 1\u00b0 Dolomiti Nuoto (Ilaria Dalla Libera, Samantha Paganello, Matteo Corte Manon, Gabriele Pilotto) Staffetta 4&#215;25 stile libero M giovanissimi e allievi: 2\u00b0 Ondablu (Gabriele Agosti, Matteo De Paoli, Samuel De Marco, Devis Murer) Staffetta 4&#215;25 stile libero F e M esordienti: 2\u00b0 Ondablu (Elena De Bortoli, Warren Buffa, Simone Curtolo, Mykola Romaniv) Staffetta 4&#215;25 stile libero F: 1\u00b0 Dolomiti Nuoto (Eva Bertagnin, Tessa Masiol, Viviana Doriguzzi Bozzo, Alice Valmassoi), 2\u00b0 Ondablu (Mayra Brancaleone, Ilaria Collet, Sofia Dal Piva, Laila Tranquillini).<\/p>\n<p>&nbsp;<\/p>\n<p>&nbsp;<\/p>\n<p>&nbsp;<\/p>\n<h2>LA NAZIONALE SCONFITTA DALLA REPUBBLICA CECA<\/h2>\n<p>Marco De Filippo in porta contro la Repubblica Ceca\u00a0 Quinta sconfitta sul ghiaccio di Bratislava per l\u2019Italia che cede alla distanza contro la Repubblica Ceca per 8:0. Ora arrivano le due partite decisive. Oggi alle 16:15 ci sar\u00e0 la Norvegia che ha conquistato i primi punti del Girone contro l\u2019Austria (5:3). Quest\u2019ultima formazione sar\u00e0 l\u2019ultima sfida per gli Azzurri luned\u00ec sera ed in questo momento il team d\u2019oltre Brennero, al pari della nostra Nazionale, \u00e8 fermo a zero punti. Proprio da questi ultimi due match si decider\u00e0 la permanenza dell\u2019Italia nella Top Division.<\/p>\n<p>&nbsp;<\/p>\n<p>&nbsp;<\/p>\n<h1 style=\"text-align: center;\"><span style=\"color: #0000ff;\">GLI SPECIALI ALLA &#8230;. RADIO PIU<\/span><\/h1>\n<p>&nbsp;<\/p>\n<h2>RIFLESSIONE DOLOMITICA DI CLAUDIO PRA<\/h2>\n<blockquote class=\"wp-embedded-content\" data-secret=\"Nr17U0TIPj\"><p><a href=\"http:\/\/www.radiopiu.net\/wordpress\/la-riflessione-dolomitica-la-montagna-per-tutti\/\">LA RIFLESSIONE DOLOMITICA, LA MONTAGNA PER TUTTI? di Claudio Pra<\/a><\/p><\/blockquote>\n<p><iframe loading=\"lazy\" class=\"wp-embedded-content\" sandbox=\"allow-scripts\" security=\"restricted\" style=\"position: absolute; clip: rect(1px, 1px, 1px, 1px);\" src=\"http:\/\/www.radiopiu.net\/wordpress\/la-riflessione-dolomitica-la-montagna-per-tutti\/embed\/#?secret=Nr17U0TIPj\" data-secret=\"Nr17U0TIPj\" width=\"600\" height=\"338\" title=\"&#8220;LA RIFLESSIONE DOLOMITICA, LA MONTAGNA PER TUTTI? di Claudio Pra&#8221; &#8212; Radio Pi\u00f9\" frameborder=\"0\" marginwidth=\"0\" marginheight=\"0\" scrolling=\"no\"><\/iframe><\/p>\n<p>&nbsp;<\/p>\n<h2>QUATTORDICI ARTISTI IN NEVEGAL DI RENATO BONA<\/h2>\n<blockquote class=\"wp-embedded-content\" data-secret=\"OsdlTrCbbd\"><p><a href=\"http:\/\/www.radiopiu.net\/wordpress\/quattordici-artisti-in-nevegal-per-rianimare-i-tronchi-di-vaia-di-renato-bona\/\">QUATTORDICI ARTISTI IN NEVEGAL PER RIANIMARE I TRONCHI DI \u201cVAIA\u201d di Renato Bona<\/a><\/p><\/blockquote>\n<p><iframe loading=\"lazy\" class=\"wp-embedded-content\" sandbox=\"allow-scripts\" security=\"restricted\" style=\"position: absolute; clip: rect(1px, 1px, 1px, 1px);\" src=\"http:\/\/www.radiopiu.net\/wordpress\/quattordici-artisti-in-nevegal-per-rianimare-i-tronchi-di-vaia-di-renato-bona\/embed\/#?secret=OsdlTrCbbd\" data-secret=\"OsdlTrCbbd\" width=\"600\" height=\"338\" title=\"&#8220;QUATTORDICI ARTISTI IN NEVEGAL PER RIANIMARE I TRONCHI DI \u201cVAIA\u201d di Renato Bona&#8221; &#8212; Radio Pi\u00f9\" frameborder=\"0\" marginwidth=\"0\" marginheight=\"0\" scrolling=\"no\"><\/iframe><\/p>\n<p>&nbsp;<\/p>\n<h2>SPECIALE ALPE DEL NEVEGAL DI ROBERTO BONA<\/h2>\n<blockquote class=\"wp-embedded-content\" data-secret=\"nCNaiCkahu\"><p><a href=\"http:\/\/www.radiopiu.net\/wordpress\/45-alpe-del-nevegal-lo-speciale-alla-radio-intervista-di-roberto-bona\/\">45 ALPE DEL NEVEGAL, LO SPECIALE ALLA RADIO. INTERVISTA DI ROBERTO BONA<\/a><\/p><\/blockquote>\n<p><iframe loading=\"lazy\" class=\"wp-embedded-content\" sandbox=\"allow-scripts\" security=\"restricted\" style=\"position: absolute; clip: rect(1px, 1px, 1px, 1px);\" src=\"http:\/\/www.radiopiu.net\/wordpress\/45-alpe-del-nevegal-lo-speciale-alla-radio-intervista-di-roberto-bona\/embed\/#?secret=nCNaiCkahu\" data-secret=\"nCNaiCkahu\" width=\"600\" height=\"338\" title=\"&#8220;45 ALPE DEL NEVEGAL, LO SPECIALE ALLA RADIO. INTERVISTA DI ROBERTO BONA&#8221; &#8212; Radio Pi\u00f9\" frameborder=\"0\" marginwidth=\"0\" marginheight=\"0\" scrolling=\"no\"><\/iframe><\/p>\n<p>&nbsp;<\/p>\n<h2>FRANCO FURGLER 3000 PASSI DI CLAUDIO FONTANIVE<\/h2>\n<blockquote class=\"wp-embedded-content\" data-secret=\"ZCcL4E5ZTQ\"><p><a href=\"http:\/\/www.radiopiu.net\/wordpress\/33000-passi-in-trentanni-le-pedalate-di-franco\/\">3000 PASSI IN TRENT&#8217;ANNI, LE PEDALATE DI FRANCO FURGLER<\/a><\/p><\/blockquote>\n<p><iframe loading=\"lazy\" class=\"wp-embedded-content\" sandbox=\"allow-scripts\" security=\"restricted\" style=\"position: absolute; clip: rect(1px, 1px, 1px, 1px);\" src=\"http:\/\/www.radiopiu.net\/wordpress\/33000-passi-in-trentanni-le-pedalate-di-franco\/embed\/#?secret=ZCcL4E5ZTQ\" data-secret=\"ZCcL4E5ZTQ\" width=\"600\" height=\"338\" title=\"&#8220;3000 PASSI IN TRENT&#8217;ANNI, LE PEDALATE DI FRANCO FURGLER&#8221; &#8212; Radio Pi\u00f9\" frameborder=\"0\" marginwidth=\"0\" marginheight=\"0\" scrolling=\"no\"><\/iframe><\/p>\n<p><strong>L&#8217;INTERVISTA<\/strong><\/p>\n<audio class=\"wp-audio-shortcode\" id=\"audio-85741-12\" preload=\"none\" style=\"width: 100%;\" controls=\"controls\"><source type=\"audio\/mpeg\" src=\"http:\/\/www.radiopiu.net\/wordpress\/wp-content\/uploads\/2019\/05\/franco-furgler-3000-passi-collegamento-da-bardonecchia-1.mp3?_=12\" \/><a href=\"http:\/\/www.radiopiu.net\/wordpress\/wp-content\/uploads\/2019\/05\/franco-furgler-3000-passi-collegamento-da-bardonecchia-1.mp3\">http:\/\/www.radiopiu.net\/wordpress\/wp-content\/uploads\/2019\/05\/franco-furgler-3000-passi-collegamento-da-bardonecchia-1.mp3<\/a><\/audio>\n<p>&nbsp;<\/p>\n<p>&nbsp;<\/p>\n<p>&nbsp;<\/p>\n<p>&nbsp;<\/p>\n<p>&nbsp;<\/p>\n<p><a class=\"dt-pswp-item\" href=\"http:\/\/www.radiopiu.net\/wordpress\/wp-content\/uploads\/2018\/09\/WhatsApp-Image-2018-09-20-at-16.04.06.jpeg\" data-dt-img-description=\"\" data-large_image_width=\"800\" data-large_image_height=\"100\"><img loading=\"lazy\" decoding=\"async\" class=\"alignnone size-full wp-image-61378\" src=\"http:\/\/www.radiopiu.net\/wordpress\/wp-content\/uploads\/2018\/09\/WhatsApp-Image-2018-09-20-at-16.04.06.jpeg\" alt=\"\" width=\"800\" height=\"100\" srcset=\"https:\/\/www.radiopiu.net\/wordpress\/wp-content\/uploads\/2018\/09\/WhatsApp-Image-2018-09-20-at-16.04.06.jpeg 800w, https:\/\/www.radiopiu.net\/wordpress\/wp-content\/uploads\/2018\/09\/WhatsApp-Image-2018-09-20-at-16.04.06-300x38.jpeg 300w, https:\/\/www.radiopiu.net\/wordpress\/wp-content\/uploads\/2018\/09\/WhatsApp-Image-2018-09-20-at-16.04.06-768x96.jpeg 768w\" sizes=\"auto, (max-width: 800px) 100vw, 800px\" \/><\/a><\/p>\n<p>&nbsp;<\/p>\n<p>&nbsp;<\/p>\n<p>&nbsp;<\/p>\n<p><b>Sabato 18<\/b> <b>Tempo atteso: <\/b>Tempo in peggioramento fino a divenire perturbato entro la mattina, con cielo da molto nuvoloso a coperto e fenomeni via via pi\u00f9 diffusi, pi\u00f9 insistenti sulle Prealpi. Clima fresco e uggioso con ridotta escursione termica giornaliera.<br \/>\n<b>Precipitazioni: <\/b>Probabilit\u00e0 alta al mattino (60\/80%) per precipitazioni sparse ed intermittenti, molto alta al pomeriggio e in serata (90\/100%) per fenomeni diffusi, a tratti di moderata intensit\u00e0, specie sulle Prealpi, dove potrebbero risultare anche temporaleschi. Quota neve inizialmente a 1700\/1800 m, localmente anche 1500\/1600 m in caso di precipitazioni gi\u00e0 presenti al primo mattino, in rialzo in giornata fino sui 1900\/2100 m. Sono attesi mediamente 10\/30 mm\/24h, localmente fino a 40\/60 mm sulle Prealpi.<br \/>\n<b>Temperature: <\/b>Minime stazionarie; massime in lieve calo nelle valli, in lieve aumento in quota. Sono previste punte di 12\/13\u00b0C nei fondovalle prealpini e di 8\/9\u00b0C a 1000\/1200 m. Su Prealpi a 1500 m min 3\u00b0C max 6\u00b0C, a 2000 m min 0\u00b0C max 3\u00b0C. Su Dolomiti a 2000 m min -1\u00b0C max 2\u00b0C, a 3000 m min -5\u00b0C max -3\u00b0C.<br \/>\n<b>Venti: <\/b>Nelle valli deboli di direzione variabile; in quota deboli\/moderati da Sud Sud-Est, a tratti tesi sulle dorsali prealpine, a 10-25 km\/h a 2000 m, 25-40 km\/h a 3000 m.<\/p>\n<hr \/>\n<p><b>Domenica 19<\/b> <b>Tempo atteso: <\/b>Tempo instabile\/perturbato almeno fino al primo pomeriggio, con cielo molto nuvoloso\/coperto e fenomeni ancora diffusi; al pomeriggio\/sera attenuazione della nuvolosit\u00e0 ed esaurimento dei fenomeni sulle Dolomiti, mentre fenomeni di instabilit\u00e0 saranno ancora probabili sulle Prealpi, dove il cielo si manterr\u00e0 perlopi\u00f9 molto nuvoloso. Clima sempre fresco e uggioso, ma con lieve rialzo termico.<br \/>\n<b>Precipitazioni: <\/b>Nella notte a al mattino diffuse (80\/90%), anche a carattere di rovescio, pi\u00f9 significative sulle Prealpi; al pomeriggio\/sera rovesci residui e discontinui sulle Dolomiti (40\/60%), ancora piuttosto diffusi, anche se in attenuazione, sulle Prealpi (60\/80%). Limite della neve a 2000\/2200 m, a quote leggermente inferiori solo in caso di persistenza dei rovesci.<br \/>\n<b>Temperature: <\/b>In aumento, pi\u00f9 apprezzabile in quota e nelle valli dolomitiche. Su Prealpi a 1500 m min 4\u00b0C max 7\u00b0C, a 2000 m min 2\u00b0C max 4\u00b0C. Su Dolomiti a 2000 m min 1\u00b0C max 4\u00b0C, a 3000 m min -4\u00b0C max -2\u00b0C.<br \/>\n<b>Venti: <\/b>Nelle valli deboli di direzione variabile; in quota deboli\/moderati da Sud Sud-Est, a 10-15 km\/h a 2000 m, 15-30 km\/h a 3000 m.<\/p>\n<hr \/>\n<p><b>Lunedi 20<\/b>Tempo variabile\/instabile, con schiarite locali, pi\u00f9 probabili al mattino, e annuvolamenti irregolari anche intensi associati a rovesci sparsi, pi\u00f9 probabili tra ore centrali e pomeriggio, in ogni caso non esclusi anche in mattinata; limite delle eventuali nevicate a 2100\/2300 m, solo temporaneamente pi\u00f9 basso. Temperature minime in leggero calo e massime in lieve ripresa. Venti deboli, da Sud-Ovest al mattino, da Nord-Ovest al pomeriggio.<\/p>\n<hr \/>\n<p><b>Martedi 21<\/b>Tempo variabile, a tratti ancora debolmente instabile, con nuvolosit\u00e0 meno presente e schiarite pi\u00f9 ampie, anche se con possibili nubi basse mattutine, specie su Prealpi; in giornata formazione di cumuli anche a moderato sviluppo con possibili rovesci sparsi e isolati temporali. Clima diurno pi\u00f9 mite. Venti deboli. Previsore: G.M.<\/p>\n","protected":false},"excerpt":{"rendered":"<p>La pulizia dei boschi in 29 cantieri, una partita da 93 milioni di euro per la costruzione di paravalanghe ed entro tre mesi dovrebbero iniziare i lavori ovunque, lo ha detto Luca Zaia ieri a Villa Patt di Sedico. A Schiucaz alla Provincia che nell&#8217;emergenza ha svolto un lavoro intenso e preciso subentra Veneto Strade&hellip;<\/p>\n","protected":false},"author":1,"featured_media":85811,"comment_status":"closed","ping_status":"closed","sticky":false,"template":"","format":"standard","meta":{"_monsterinsights_skip_tracking":false,"_monsterinsights_sitenote_active":false,"_monsterinsights_sitenote_note":"","_monsterinsights_sitenote_category":0,"footnotes":""},"categories":[1,86],"tags":[],"class_list":["post-85741","post","type-post","status-publish","format-standard","has-post-thumbnail","hentry","category-senza-categoria","category-gr","category-1","category-86","description-off"],"img_url":"https:\/\/www.radiopiu.net\/wordpress\/wp-content\/uploads\/2019\/05\/094be369-6fe6-4234-8e1e-c32395fba650.jpg","_links":{"self":[{"href":"https:\/\/www.radiopiu.net\/wordpress\/wp-json\/wp\/v2\/posts\/85741","targetHints":{"allow":["GET"]}}],"collection":[{"href":"https:\/\/www.radiopiu.net\/wordpress\/wp-json\/wp\/v2\/posts"}],"about":[{"href":"https:\/\/www.radiopiu.net\/wordpress\/wp-json\/wp\/v2\/types\/post"}],"author":[{"embeddable":true,"href":"https:\/\/www.radiopiu.net\/wordpress\/wp-json\/wp\/v2\/users\/1"}],"replies":[{"embeddable":true,"href":"https:\/\/www.radiopiu.net\/wordpress\/wp-json\/wp\/v2\/comments?post=85741"}],"version-history":[{"count":0,"href":"https:\/\/www.radiopiu.net\/wordpress\/wp-json\/wp\/v2\/posts\/85741\/revisions"}],"wp:featuredmedia":[{"embeddable":true,"href":"https:\/\/www.radiopiu.net\/wordpress\/wp-json\/wp\/v2\/media\/85811"}],"wp:attachment":[{"href":"https:\/\/www.radiopiu.net\/wordpress\/wp-json\/wp\/v2\/media?parent=85741"}],"wp:term":[{"taxonomy":"category","embeddable":true,"href":"https:\/\/www.radiopiu.net\/wordpress\/wp-json\/wp\/v2\/categories?post=85741"},{"taxonomy":"post_tag","embeddable":true,"href":"https:\/\/www.radiopiu.net\/wordpress\/wp-json\/wp\/v2\/tags?post=85741"}],"curies":[{"name":"wp","href":"https:\/\/api.w.org\/{rel}","templated":true}]}}