{"id":85806,"date":"2019-05-18T06:17:28","date_gmt":"2019-05-18T04:17:28","guid":{"rendered":"http:\/\/www.radiopiu.net\/wordpress\/?p=85806"},"modified":"2019-05-20T05:55:14","modified_gmt":"2019-05-20T03:55:14","slug":"festa-di-maria-ausiliatrice-con-i-salesiani-a-belluno-di-renato-bona","status":"publish","type":"post","link":"https:\/\/www.radiopiu.net\/wordpress\/festa-di-maria-ausiliatrice-con-i-salesiani-a-belluno-di-renato-bona\/","title":{"rendered":"FESTA DI MARIA AUSILIATRICE CON I SALESIANI A BELLUNO  di RENATO BONA"},"content":{"rendered":"<p>Il parroco di San Giovanni Bosco di Belluno, don Guido Novella, ha varato il programma dell\u2019edizione 2019 della tradizionale Festa di Maria Ausiliatrice (la statua lignea proveniente da Ortisei, che c\u2019\u00e8 nella chiesa, era stata donata nel 1965, assieme a quella di San Giovanni Bosco, \u201cda un\u2019umile parrocchiana: l\u2019indimenticabile Angela Da Riz, volata in cielo il 28 settembre 1964 senza poter godere del giorno della benedizione della chiesa da lei tanto desiderata. E\u2019 il ricordo edificante, concreto che ha voluto lasciare alla Parrocchia. Lunghi anni di piccoli risparmi messi da parte per formare la somma sufficiente per l\u2019acquisto delle due statue\u201d). Il via venerd\u00ec 24 alle 20,30 con la processione che muover\u00e0 dalla chiesa di Nogar\u00e8, nella piazza Lollino, per Nogar\u00e8, via Calbo, via Della Lucia, via Ceccati, via Alpago Novello e piazza San Giovanni Bosco ed ingresso nella parrocchiale. Sabato 25: dalle 15,30 alle 17,30 intrattenimento musicale con \u201cIdea due\u201d di Francesco Nogar\u00e8 e Franco Comin. Alle 18 la solenne eucaristia con celebrazione della cresima, presieduta dal vescovo di Belluno-Feltre monsignor Renato Marangoni; alle 20,45 teatro con entrata libera per assistere a \u201cNe ho piena la canonica\u201d proposto dalla compagnia teatrale \u201cStrakaganase\u201d di Pieve d\u2019Alpago. Domenica 26 : alle 11 solenne celebrazione eucaristica per la ricorrenza di Maria Ausiliatrice: dalle 12,30 nel vicino istituto \u201cAgosti\u201d pranzo comunitario (15 euro gli adulti, 10 euro i bambini: \u00e8 necessaria la prenotazione entro gioved\u00ec 23 in canonica); dalle 14,30 alle 16,30 intrattenimento e musica da parte del \u201cDuo Deno\u201d, animazione e spettacolo per bambini. Alle 16,30 l\u2019estrazione dei numeri vincenti della ricca lotteria che ha quale primo premio una lavasciuga Candy 8 chili.<\/p>\n<p>NELLE FOTO (Renato Bona e sito della Parrocchia): la chiesa bellunese di Don Bosco; immagine di Maria Ausiliatrice; il parroco don Guido Novella.<\/p>\n<p><a class=\"dt-pswp-item\" href=\"http:\/\/www.radiopiu.net\/wordpress\/wp-content\/uploads\/2019\/05\/60329933_440175826550113_3300282389556625408_n.jpg\" data-dt-img-description=\"\" data-large_image_width=\"2048\" data-large_image_height=\"1536\"><img loading=\"lazy\" decoding=\"async\" class=\"alignnone  wp-image-85808\" src=\"http:\/\/www.radiopiu.net\/wordpress\/wp-content\/uploads\/2019\/05\/60329933_440175826550113_3300282389556625408_n-300x225.jpg\" alt=\"\" width=\"395\" height=\"296\" srcset=\"https:\/\/www.radiopiu.net\/wordpress\/wp-content\/uploads\/2019\/05\/60329933_440175826550113_3300282389556625408_n-300x225.jpg 300w, https:\/\/www.radiopiu.net\/wordpress\/wp-content\/uploads\/2019\/05\/60329933_440175826550113_3300282389556625408_n-768x576.jpg 768w, https:\/\/www.radiopiu.net\/wordpress\/wp-content\/uploads\/2019\/05\/60329933_440175826550113_3300282389556625408_n-1024x768.jpg 1024w, https:\/\/www.radiopiu.net\/wordpress\/wp-content\/uploads\/2019\/05\/60329933_440175826550113_3300282389556625408_n.jpg 2048w\" sizes=\"auto, (max-width: 395px) 100vw, 395px\" \/><\/a><a class=\"dt-pswp-item\" href=\"http:\/\/www.radiopiu.net\/wordpress\/wp-content\/uploads\/2019\/05\/60720980_1267531820071638_2560130349019430912_n.jpg\" data-dt-img-description=\"\" data-large_image_width=\"1200\" data-large_image_height=\"528\"><img loading=\"lazy\" decoding=\"async\" class=\"alignnone  wp-image-85807\" src=\"http:\/\/www.radiopiu.net\/wordpress\/wp-content\/uploads\/2019\/05\/60720980_1267531820071638_2560130349019430912_n-300x132.jpg\" alt=\"\" width=\"245\" height=\"108\" srcset=\"https:\/\/www.radiopiu.net\/wordpress\/wp-content\/uploads\/2019\/05\/60720980_1267531820071638_2560130349019430912_n-300x132.jpg 300w, https:\/\/www.radiopiu.net\/wordpress\/wp-content\/uploads\/2019\/05\/60720980_1267531820071638_2560130349019430912_n-768x338.jpg 768w, https:\/\/www.radiopiu.net\/wordpress\/wp-content\/uploads\/2019\/05\/60720980_1267531820071638_2560130349019430912_n-1024x451.jpg 1024w, https:\/\/www.radiopiu.net\/wordpress\/wp-content\/uploads\/2019\/05\/60720980_1267531820071638_2560130349019430912_n.jpg 1200w\" sizes=\"auto, (max-width: 245px) 100vw, 245px\" \/><\/a><a class=\"dt-pswp-item\" href=\"http:\/\/www.radiopiu.net\/wordpress\/wp-content\/uploads\/2019\/05\/60728497_412013072956557_6216086243147513856_n.jpg\" data-dt-img-description=\"\" data-large_image_width=\"535\" data-large_image_height=\"720\"><img loading=\"lazy\" decoding=\"async\" class=\"alignnone  wp-image-85809\" src=\"http:\/\/www.radiopiu.net\/wordpress\/wp-content\/uploads\/2019\/05\/60728497_412013072956557_6216086243147513856_n-223x300.jpg\" alt=\"\" width=\"153\" height=\"206\" srcset=\"https:\/\/www.radiopiu.net\/wordpress\/wp-content\/uploads\/2019\/05\/60728497_412013072956557_6216086243147513856_n-223x300.jpg 223w, https:\/\/www.radiopiu.net\/wordpress\/wp-content\/uploads\/2019\/05\/60728497_412013072956557_6216086243147513856_n.jpg 535w\" sizes=\"auto, (max-width: 153px) 100vw, 153px\" \/><\/a><\/p>\n","protected":false},"excerpt":{"rendered":"<p>Il parroco di San Giovanni Bosco di Belluno, don Guido Novella, ha varato il programma dell\u2019edizione 2019 della tradizionale Festa di Maria Ausiliatrice (la statua lignea proveniente da Ortisei, che c\u2019\u00e8 nella chiesa, era stata donata nel 1965, assieme a quella di San Giovanni Bosco, \u201cda un\u2019umile parrocchiana: l\u2019indimenticabile Angela Da Riz, volata in cielo&hellip;<\/p>\n","protected":false},"author":1,"featured_media":85808,"comment_status":"closed","ping_status":"closed","sticky":false,"template":"","format":"standard","meta":{"_monsterinsights_skip_tracking":false,"_monsterinsights_sitenote_active":false,"_monsterinsights_sitenote_note":"","_monsterinsights_sitenote_category":0,"footnotes":""},"categories":[51,49,84],"tags":[],"class_list":["post-85806","post","type-post","status-publish","format-standard","has-post-thumbnail","hentry","category-evidenza-top","category-news-18","category-speciali","category-51","category-49","category-84","description-off"],"img_url":"https:\/\/www.radiopiu.net\/wordpress\/wp-content\/uploads\/2019\/05\/60329933_440175826550113_3300282389556625408_n.jpg","_links":{"self":[{"href":"https:\/\/www.radiopiu.net\/wordpress\/wp-json\/wp\/v2\/posts\/85806","targetHints":{"allow":["GET"]}}],"collection":[{"href":"https:\/\/www.radiopiu.net\/wordpress\/wp-json\/wp\/v2\/posts"}],"about":[{"href":"https:\/\/www.radiopiu.net\/wordpress\/wp-json\/wp\/v2\/types\/post"}],"author":[{"embeddable":true,"href":"https:\/\/www.radiopiu.net\/wordpress\/wp-json\/wp\/v2\/users\/1"}],"replies":[{"embeddable":true,"href":"https:\/\/www.radiopiu.net\/wordpress\/wp-json\/wp\/v2\/comments?post=85806"}],"version-history":[{"count":0,"href":"https:\/\/www.radiopiu.net\/wordpress\/wp-json\/wp\/v2\/posts\/85806\/revisions"}],"wp:featuredmedia":[{"embeddable":true,"href":"https:\/\/www.radiopiu.net\/wordpress\/wp-json\/wp\/v2\/media\/85808"}],"wp:attachment":[{"href":"https:\/\/www.radiopiu.net\/wordpress\/wp-json\/wp\/v2\/media?parent=85806"}],"wp:term":[{"taxonomy":"category","embeddable":true,"href":"https:\/\/www.radiopiu.net\/wordpress\/wp-json\/wp\/v2\/categories?post=85806"},{"taxonomy":"post_tag","embeddable":true,"href":"https:\/\/www.radiopiu.net\/wordpress\/wp-json\/wp\/v2\/tags?post=85806"}],"curies":[{"name":"wp","href":"https:\/\/api.w.org\/{rel}","templated":true}]}}