{"id":86033,"date":"2019-05-20T17:37:12","date_gmt":"2019-05-20T15:37:12","guid":{"rendered":"http:\/\/www.radiopiu.net\/wordpress\/?p=86033"},"modified":"2019-05-21T05:14:47","modified_gmt":"2019-05-21T03:14:47","slug":"fondo-comuni-confinanti-approvati-i-progetti-2019","status":"publish","type":"post","link":"https:\/\/www.radiopiu.net\/wordpress\/fondo-comuni-confinanti-approvati-i-progetti-2019\/","title":{"rendered":"FONDO COMUNI CONFINANTI: APPROVATI I PROGETTI\u00a0 2019"},"content":{"rendered":"<h3>audio dalla rassegna stampa locale<\/h3>\n<audio class=\"wp-audio-shortcode\" id=\"audio-86033-1\" preload=\"none\" style=\"width: 100%;\" controls=\"controls\"><source type=\"audio\/mpeg\" src=\"http:\/\/www.radiopiu.net\/wordpress\/wp-content\/uploads\/2019\/05\/paolo-saviane.mp3?_=1\" \/><a href=\"http:\/\/www.radiopiu.net\/wordpress\/wp-content\/uploads\/2019\/05\/paolo-saviane.mp3\">http:\/\/www.radiopiu.net\/wordpress\/wp-content\/uploads\/2019\/05\/paolo-saviane.mp3<\/a><\/audio>\n<p><a class=\"dt-pswp-item\" href=\"http:\/\/www.radiopiu.net\/wordpress\/wp-content\/uploads\/2018\/06\/00032712.jpg\" data-dt-img-description=\"\" data-large_image_width=\"180\" data-large_image_height=\"240\"><img loading=\"lazy\" decoding=\"async\" class=\"wp-image-50936 alignleft\" src=\"http:\/\/www.radiopiu.net\/wordpress\/wp-content\/uploads\/2018\/06\/00032712.jpg\" alt=\"\" width=\"128\" height=\"171\" \/><\/a>Nella seduta del Comitato paritetico del Fondo Comuni Confinanti presieduto dal presidente Sen. Paolo Saviane,\u00a0 \u00e8 stata approvata la graduatoria dei progetti presentati per l\u2019annualit\u00e0 2019 per un totale di 24 milioni di euro. Si tratta delle progettualit\u00e0 presentate dai 48 comuni confinanti per un importo di 500.000 euro cadauno. Tutte le richieste dei comuni sono state accolte con la seguente ripartizione: Provincia di Brescia\u00a0 7 milioni,\u00a0Provincia di Sondrio 1 milione,\u00a0 Provincia di Belluno E. 7.5 milioni,\u00a0 Provincia di Vicenza 6 milioni. Provincia di Verona\u00a0 . 4 milioni. \u00c8 stata accolta la richiesta dei Sindaci di poter unire nella progettualit\u00e0 2019 anche precedenti annualit\u00e0 non ancora utilizzate. A questi importi si sommeranno i progetti ad area vasta che vedranno coinvolti anche i comuni contigui di seconda fascia. Per questi investimenti che ammontano a 56 milioni annui ci sar\u00e0 una programmazione triennale oppure di 5 anni che vedr\u00e0 partire la concertazione nei prossimi mesi. Va ribadita l\u2019importanza di questi fondi per il nostro territorio in una visione di programmazione che deve essere concordata per uno sviluppo omogeneo dei comuni coinvolti.<\/p>\n<p>&nbsp;<\/p>\n<p>&nbsp;<\/p>\n","protected":false},"excerpt":{"rendered":"<p>audio dalla rassegna stampa locale Nella seduta del Comitato paritetico del Fondo Comuni Confinanti presieduto dal presidente Sen. Paolo Saviane,\u00a0 \u00e8 stata approvata la graduatoria dei progetti presentati per l\u2019annualit\u00e0 2019 per un totale di 24 milioni di euro. Si tratta delle progettualit\u00e0 presentate dai 48 comuni confinanti per un importo di 500.000 euro cadauno.&hellip;<\/p>\n","protected":false},"author":1,"featured_media":50936,"comment_status":"closed","ping_status":"closed","sticky":false,"template":"","format":"standard","meta":{"_monsterinsights_skip_tracking":false,"_monsterinsights_sitenote_active":false,"_monsterinsights_sitenote_note":"","_monsterinsights_sitenote_category":0,"footnotes":""},"categories":[49],"tags":[],"class_list":["post-86033","post","type-post","status-publish","format-standard","has-post-thumbnail","hentry","category-news-18","category-49","description-off"],"img_url":"https:\/\/www.radiopiu.net\/wordpress\/wp-content\/uploads\/2018\/06\/00032712.jpg","_links":{"self":[{"href":"https:\/\/www.radiopiu.net\/wordpress\/wp-json\/wp\/v2\/posts\/86033","targetHints":{"allow":["GET"]}}],"collection":[{"href":"https:\/\/www.radiopiu.net\/wordpress\/wp-json\/wp\/v2\/posts"}],"about":[{"href":"https:\/\/www.radiopiu.net\/wordpress\/wp-json\/wp\/v2\/types\/post"}],"author":[{"embeddable":true,"href":"https:\/\/www.radiopiu.net\/wordpress\/wp-json\/wp\/v2\/users\/1"}],"replies":[{"embeddable":true,"href":"https:\/\/www.radiopiu.net\/wordpress\/wp-json\/wp\/v2\/comments?post=86033"}],"version-history":[{"count":0,"href":"https:\/\/www.radiopiu.net\/wordpress\/wp-json\/wp\/v2\/posts\/86033\/revisions"}],"wp:featuredmedia":[{"embeddable":true,"href":"https:\/\/www.radiopiu.net\/wordpress\/wp-json\/wp\/v2\/media\/50936"}],"wp:attachment":[{"href":"https:\/\/www.radiopiu.net\/wordpress\/wp-json\/wp\/v2\/media?parent=86033"}],"wp:term":[{"taxonomy":"category","embeddable":true,"href":"https:\/\/www.radiopiu.net\/wordpress\/wp-json\/wp\/v2\/categories?post=86033"},{"taxonomy":"post_tag","embeddable":true,"href":"https:\/\/www.radiopiu.net\/wordpress\/wp-json\/wp\/v2\/tags?post=86033"}],"curies":[{"name":"wp","href":"https:\/\/api.w.org\/{rel}","templated":true}]}}