{"id":86122,"date":"2019-05-22T05:59:57","date_gmt":"2019-05-22T03:59:57","guid":{"rendered":"http:\/\/www.radiopiu.net\/wordpress\/?p=86122"},"modified":"2019-05-22T17:16:13","modified_gmt":"2019-05-22T15:16:13","slug":"medio-alto-agordino-alla-riscossa","status":"publish","type":"post","link":"https:\/\/www.radiopiu.net\/wordpress\/medio-alto-agordino-alla-riscossa\/","title":{"rendered":"MEDIO ALTO AGORDINO ALLA RISCOSSA"},"content":{"rendered":"<h2><\/h2>\n<blockquote>\n<h4><em>Prima candelina per un territorio che cresce Tempo di bilanci a Rocca Pietore, epicentro della Tempesta Vaia e oggi trampolino di sviluppo turistico <a class=\"dt-pswp-item\" href=\"http:\/\/www.radiopiu.net\/wordpress\/wp-content\/uploads\/2019\/05\/41347753_865828967140241_8863466146955788288_n.jpg\" data-dt-img-description=\"\" data-large_image_width=\"960\" data-large_image_height=\"960\"><img loading=\"lazy\" decoding=\"async\" class=\" wp-image-86106 alignleft\" src=\"http:\/\/www.radiopiu.net\/wordpress\/wp-content\/uploads\/2019\/05\/41347753_865828967140241_8863466146955788288_n-300x300.jpg\" alt=\"\" width=\"165\" height=\"165\" srcset=\"https:\/\/www.radiopiu.net\/wordpress\/wp-content\/uploads\/2019\/05\/41347753_865828967140241_8863466146955788288_n-300x300.jpg 300w, https:\/\/www.radiopiu.net\/wordpress\/wp-content\/uploads\/2019\/05\/41347753_865828967140241_8863466146955788288_n-150x150.jpg 150w, https:\/\/www.radiopiu.net\/wordpress\/wp-content\/uploads\/2019\/05\/41347753_865828967140241_8863466146955788288_n-768x768.jpg 768w, https:\/\/www.radiopiu.net\/wordpress\/wp-content\/uploads\/2019\/05\/41347753_865828967140241_8863466146955788288_n.jpg 960w\" sizes=\"auto, (max-width: 165px) 100vw, 165px\" \/><\/a>con Dolomites Maadness<\/em><\/h4>\n<\/blockquote>\n<p><strong>ROCCA PIETORE<\/strong> Dolomites Maadness elenca quanto conquistato nel primo anno di attivit\u00e0:\u00a0 unit\u00e0 del territorio del Medio e Alto Agordino;\u00a0 scambio e collaborazione tra i diversi attori, offrendo una nuova identit\u00e0 grafica;\u00a0 l&#8217;emergere di giovani, e soprattutto delle loro competenze fresche e appassionate in materia di sviluppo territoriale, grazie anche a una formazione e un sostegno professionale; impegno per fare dell&#8217;area polo di attrazione\u00a0 per\u00a0 attivare un turismo nuovo e prezioso; infine contributo nel fare crescere altri posti di lavoro nel settore dell\u2019impresa turistica.\u00a0 Il progetto, finanziato dal Fondo dei Comuni Confinanti, spegne dunque la prima candelina. E non si pu\u00f2 negare che, in questi 12 mesi, sono stati molti i fatti che rischiavano<br \/>\ndi mandare tutto all\u2019aria, a cominciare dalla furia degli elementi naturali, dall\u2019incendio del 24<br \/>\ne 25 ottobre alla tempesta Vaia a cavallo di ottobre e novembre, e tutto ci\u00f2 che ne \u00e8 seguito.<br \/>\n<em>\u201cEppure siamo qui a festeggiare risultati davvero inaspettati&#8221;<\/em>, dice la grintosa<br \/>\ncoordinatrice del progetto di marketing, Emma Taveri, pronta per coordinare uno dei prossimi grandi appuntamenti dell\u2019estate: la prima edizione di Adventure Outdoor Fest in Veneto dal 25 al 28 luglio, un successo di pubblico delle precedenti 6 edizioni svolte in Alto Adige.<br \/>\n<em>\u201cUn\u2019occasione per la quale ci stiamo preparando con orgoglio e molto impegno&#8221;<\/em> conferma<br \/>\nLucia Farenzena, neo eletta Presidente del Consorzio Marmolada-Rocca Pietore<\/p>\n<p>&nbsp;<\/p>\n<p>&nbsp;<\/p>\n<h2><a class=\"dt-pswp-item\" href=\"http:\/\/www.radiopiu.net\/wordpress\/wp-content\/uploads\/2019\/05\/60611208_1047847278938408_1785616706098429952_n.jpg\" data-dt-img-description=\"\" data-large_image_width=\"795\" data-large_image_height=\"960\"><img loading=\"lazy\" decoding=\"async\" class=\"wp-image-86107 alignleft\" src=\"http:\/\/www.radiopiu.net\/wordpress\/wp-content\/uploads\/2019\/05\/60611208_1047847278938408_1785616706098429952_n-248x300.jpg\" alt=\"\" width=\"144\" height=\"173\" srcset=\"https:\/\/www.radiopiu.net\/wordpress\/wp-content\/uploads\/2019\/05\/60611208_1047847278938408_1785616706098429952_n-248x300.jpg 248w, https:\/\/www.radiopiu.net\/wordpress\/wp-content\/uploads\/2019\/05\/60611208_1047847278938408_1785616706098429952_n-768x927.jpg 768w, https:\/\/www.radiopiu.net\/wordpress\/wp-content\/uploads\/2019\/05\/60611208_1047847278938408_1785616706098429952_n.jpg 795w\" sizes=\"auto, (max-width: 144px) 100vw, 144px\" \/><\/a>AMINA, GIOVANE TESTIMONIAL PER AIRBNB<\/h2>\n<p><strong>ROCCA PIETORE<\/strong>\u00a0 Amina De Biasio, 26 anni, da quasi 2 anni in forza allo staff del Consorzio turistico Marmolada-Rocca Pietore-Dolomiti, \u00e8 stata selezionata dall\u2019Accademia di Airbnb\u00a0 per un prezioso stage, organizzato dal 30 maggio al 2 giugno a Matera, citt\u00e0 europea della Cultura 2019. Per il suo progetto di turismo, che punta a valorizzare insieme ambiente e societ\u00e0. Amina \u00e8 stata scelta insieme ad altri 24 giovani, tra circa 200 candidati. Amina confida di riportare sul\u00a0 territorio, la grinta, le idee e le competenze giuste.<\/p>\n<p>&nbsp;<\/p>\n<p>&nbsp;<\/p>\n","protected":false},"excerpt":{"rendered":"<p>Prima candelina per un territorio che cresce Tempo di bilanci a Rocca Pietore, epicentro della Tempesta Vaia e oggi trampolino di sviluppo turistico con Dolomites Maadness ROCCA PIETORE Dolomites Maadness elenca quanto conquistato nel primo anno di attivit\u00e0:\u00a0 unit\u00e0 del territorio del Medio e Alto Agordino;\u00a0 scambio e collaborazione tra i diversi attori, offrendo una&hellip;<\/p>\n","protected":false},"author":1,"featured_media":86106,"comment_status":"closed","ping_status":"closed","sticky":false,"template":"","format":"standard","meta":{"_monsterinsights_skip_tracking":false,"_monsterinsights_sitenote_active":false,"_monsterinsights_sitenote_note":"","_monsterinsights_sitenote_category":0,"footnotes":""},"categories":[103,49],"tags":[],"class_list":["post-86122","post","type-post","status-publish","format-standard","has-post-thumbnail","hentry","category-evidenza_2","category-news-18","category-103","category-49","description-off"],"img_url":"https:\/\/www.radiopiu.net\/wordpress\/wp-content\/uploads\/2019\/05\/41347753_865828967140241_8863466146955788288_n.jpg","_links":{"self":[{"href":"https:\/\/www.radiopiu.net\/wordpress\/wp-json\/wp\/v2\/posts\/86122","targetHints":{"allow":["GET"]}}],"collection":[{"href":"https:\/\/www.radiopiu.net\/wordpress\/wp-json\/wp\/v2\/posts"}],"about":[{"href":"https:\/\/www.radiopiu.net\/wordpress\/wp-json\/wp\/v2\/types\/post"}],"author":[{"embeddable":true,"href":"https:\/\/www.radiopiu.net\/wordpress\/wp-json\/wp\/v2\/users\/1"}],"replies":[{"embeddable":true,"href":"https:\/\/www.radiopiu.net\/wordpress\/wp-json\/wp\/v2\/comments?post=86122"}],"version-history":[{"count":0,"href":"https:\/\/www.radiopiu.net\/wordpress\/wp-json\/wp\/v2\/posts\/86122\/revisions"}],"wp:featuredmedia":[{"embeddable":true,"href":"https:\/\/www.radiopiu.net\/wordpress\/wp-json\/wp\/v2\/media\/86106"}],"wp:attachment":[{"href":"https:\/\/www.radiopiu.net\/wordpress\/wp-json\/wp\/v2\/media?parent=86122"}],"wp:term":[{"taxonomy":"category","embeddable":true,"href":"https:\/\/www.radiopiu.net\/wordpress\/wp-json\/wp\/v2\/categories?post=86122"},{"taxonomy":"post_tag","embeddable":true,"href":"https:\/\/www.radiopiu.net\/wordpress\/wp-json\/wp\/v2\/tags?post=86122"}],"curies":[{"name":"wp","href":"https:\/\/api.w.org\/{rel}","templated":true}]}}