{"id":86172,"date":"2019-05-22T14:39:26","date_gmt":"2019-05-22T12:39:26","guid":{"rendered":"http:\/\/www.radiopiu.net\/wordpress\/?p=86172"},"modified":"2019-05-23T06:11:50","modified_gmt":"2019-05-23T04:11:50","slug":"belluno-ricorda-san-joata-il-patrono-da-riscoprire-di-renato-bona","status":"publish","type":"post","link":"https:\/\/www.radiopiu.net\/wordpress\/belluno-ricorda-san-joata-il-patrono-da-riscoprire-di-renato-bona\/","title":{"rendered":"BELLUNO RICORDA SAN JOATA\u2019 IL \u201cPATRONO DA RISCOPRIRE\u201d di RENATO BONA"},"content":{"rendered":"<p><a class=\"dt-pswp-item\" href=\"http:\/\/www.radiopiu.net\/wordpress\/wp-content\/uploads\/2019\/05\/60853693_429512084507507_5493103806822481920_n.png\" data-dt-img-description=\"\" data-large_image_width=\"960\" data-large_image_height=\"841\"><img loading=\"lazy\" decoding=\"async\" class=\" wp-image-86174 alignleft\" src=\"http:\/\/www.radiopiu.net\/wordpress\/wp-content\/uploads\/2019\/05\/60853693_429512084507507_5493103806822481920_n-300x263.png\" alt=\"\" width=\"208\" height=\"182\" srcset=\"https:\/\/www.radiopiu.net\/wordpress\/wp-content\/uploads\/2019\/05\/60853693_429512084507507_5493103806822481920_n-300x263.png 300w, https:\/\/www.radiopiu.net\/wordpress\/wp-content\/uploads\/2019\/05\/60853693_429512084507507_5493103806822481920_n-768x673.png 768w, https:\/\/www.radiopiu.net\/wordpress\/wp-content\/uploads\/2019\/05\/60853693_429512084507507_5493103806822481920_n.png 960w\" sizes=\"auto, (max-width: 208px) 100vw, 208px\" \/><\/a>Nel pomeriggio conferenza di Perale, Vespri, inno e la messa Con il patrocinio del Comune di Belluno, la parrocchia del Duomo-Loreto guidata dall\u2019arciprete monsignor Attilio Zanderigo Jona (decano del Capitolo della Cattedrale e direttore della Scuola di formazione teologica) in collaborazione con l\u2019associazione Campedel animatori culturali Belluno presieduta da Marta Azzalini, celebra oggi la ricorrenza di \u201cSan Joat\u00e0 il patrono <a class=\"dt-pswp-item\" href=\"http:\/\/www.radiopiu.net\/wordpress\/wp-content\/uploads\/2019\/05\/61174451_2009523485820524_559313018064732160_n.jpg\" data-dt-img-description=\"\" data-large_image_width=\"229\" data-large_image_height=\"400\"><img loading=\"lazy\" decoding=\"async\" class=\"size-medium wp-image-86173 alignright\" src=\"http:\/\/www.radiopiu.net\/wordpress\/wp-content\/uploads\/2019\/05\/61174451_2009523485820524_559313018064732160_n-172x300.jpg\" alt=\"\" width=\"172\" height=\"300\" srcset=\"https:\/\/www.radiopiu.net\/wordpress\/wp-content\/uploads\/2019\/05\/61174451_2009523485820524_559313018064732160_n-172x300.jpg 172w, https:\/\/www.radiopiu.net\/wordpress\/wp-content\/uploads\/2019\/05\/61174451_2009523485820524_559313018064732160_n.jpg 229w\" sizes=\"auto, (max-width: 172px) 100vw, 172px\" \/><\/a>da riscoprire\u201d. Alle 17 a Palazzo Bembo l\u2019assessore comunale Marco Perale tiene una conferenza sul tema: \u201cSan Joat\u00e0 e il suo culto a Belluno\u201d. Alle 18,15, nella cattedrale-basilica Vespri e canto dell\u2019inno dedicato al Santo quindi messa in onore di San Joat\u00e0 ed esposizione della reliquia. Per l\u2019occasione, la fontana \u00e8 stata ingentilita con alcuni vasi di fiori rossi; un vero peccato, in ogni caso, che risulti danneggiata per la eliminazione di una pietra della vasca, per la scarsa manutenzione oltre che per la ridotta erogazione di acqua che sgorga, non abbondante come un tempo, da due sole \u201cbocche\u201d La Fontana, che \u00e8 dedicata all\u2019antico patrono della citt\u00e0 con San Martino, San Joat\u00e0, appunto, \u00e8 stata realizzata nel 1411. La statua del Santo \u00e8 una copia dato che l\u2019originale, per evitare possibili danneggiamenti, \u00e8 visibile nel Museo civico. NELLE FOTO (Marco Bona e Archivio centro civilt\u00e0 dell\u2019acqua): la Fontana di Piazza Duomo di Belluno e San Joat\u00e0 cui \u00e8 dedicata<\/p>\n","protected":false},"excerpt":{"rendered":"<p>Nel pomeriggio conferenza di Perale, Vespri, inno e la messa Con il patrocinio del Comune di Belluno, la parrocchia del Duomo-Loreto guidata dall\u2019arciprete monsignor Attilio Zanderigo Jona (decano del Capitolo della Cattedrale e direttore della Scuola di formazione teologica) in collaborazione con l\u2019associazione Campedel animatori culturali Belluno presieduta da Marta Azzalini, celebra oggi la ricorrenza&hellip;<\/p>\n","protected":false},"author":1,"featured_media":86174,"comment_status":"closed","ping_status":"closed","sticky":false,"template":"","format":"standard","meta":{"_monsterinsights_skip_tracking":false,"_monsterinsights_sitenote_active":false,"_monsterinsights_sitenote_note":"","_monsterinsights_sitenote_category":0,"footnotes":""},"categories":[51,49],"tags":[],"class_list":["post-86172","post","type-post","status-publish","format-standard","has-post-thumbnail","hentry","category-evidenza-top","category-news-18","category-51","category-49","description-off"],"img_url":"https:\/\/www.radiopiu.net\/wordpress\/wp-content\/uploads\/2019\/05\/60853693_429512084507507_5493103806822481920_n.png","_links":{"self":[{"href":"https:\/\/www.radiopiu.net\/wordpress\/wp-json\/wp\/v2\/posts\/86172","targetHints":{"allow":["GET"]}}],"collection":[{"href":"https:\/\/www.radiopiu.net\/wordpress\/wp-json\/wp\/v2\/posts"}],"about":[{"href":"https:\/\/www.radiopiu.net\/wordpress\/wp-json\/wp\/v2\/types\/post"}],"author":[{"embeddable":true,"href":"https:\/\/www.radiopiu.net\/wordpress\/wp-json\/wp\/v2\/users\/1"}],"replies":[{"embeddable":true,"href":"https:\/\/www.radiopiu.net\/wordpress\/wp-json\/wp\/v2\/comments?post=86172"}],"version-history":[{"count":0,"href":"https:\/\/www.radiopiu.net\/wordpress\/wp-json\/wp\/v2\/posts\/86172\/revisions"}],"wp:featuredmedia":[{"embeddable":true,"href":"https:\/\/www.radiopiu.net\/wordpress\/wp-json\/wp\/v2\/media\/86174"}],"wp:attachment":[{"href":"https:\/\/www.radiopiu.net\/wordpress\/wp-json\/wp\/v2\/media?parent=86172"}],"wp:term":[{"taxonomy":"category","embeddable":true,"href":"https:\/\/www.radiopiu.net\/wordpress\/wp-json\/wp\/v2\/categories?post=86172"},{"taxonomy":"post_tag","embeddable":true,"href":"https:\/\/www.radiopiu.net\/wordpress\/wp-json\/wp\/v2\/tags?post=86172"}],"curies":[{"name":"wp","href":"https:\/\/api.w.org\/{rel}","templated":true}]}}