{"id":86223,"date":"2019-05-22T17:14:20","date_gmt":"2019-05-22T15:14:20","guid":{"rendered":"http:\/\/www.radiopiu.net\/wordpress\/?p=86223"},"modified":"2019-05-24T06:06:17","modified_gmt":"2019-05-24T04:06:17","slug":"piu-chiarezza-nei-cartelli-stradali-per-evitare-disagi","status":"publish","type":"post","link":"https:\/\/www.radiopiu.net\/wordpress\/piu-chiarezza-nei-cartelli-stradali-per-evitare-disagi\/","title":{"rendered":"PIU&#8217; CHIAREZZA NEI CARTELLI STRADALI PER EVITARE DISAGI"},"content":{"rendered":"<p><strong>La Provinciale 3 di Valle Imperina<\/strong> in localit\u00e0 Le Feste a Gosaldo rimane chiusa per lavori per tutta la settimana dalle 8 alle 12 e dalle 13.30 alle 18.<\/p>\n<p><a class=\"dt-pswp-item\" href=\"http:\/\/www.radiopiu.net\/wordpress\/wp-content\/uploads\/2019\/05\/7f06082b-d882-4cdc-845f-f6ba1dfcbd01.jpg\" data-dt-img-description=\"\" data-large_image_width=\"1600\" data-large_image_height=\"898\"><img loading=\"lazy\" decoding=\"async\" class=\"size-medium wp-image-86224 alignleft\" src=\"http:\/\/www.radiopiu.net\/wordpress\/wp-content\/uploads\/2019\/05\/7f06082b-d882-4cdc-845f-f6ba1dfcbd01-300x168.jpg\" alt=\"\" width=\"300\" height=\"168\" srcset=\"https:\/\/www.radiopiu.net\/wordpress\/wp-content\/uploads\/2019\/05\/7f06082b-d882-4cdc-845f-f6ba1dfcbd01-300x168.jpg 300w, https:\/\/www.radiopiu.net\/wordpress\/wp-content\/uploads\/2019\/05\/7f06082b-d882-4cdc-845f-f6ba1dfcbd01-768x431.jpg 768w, https:\/\/www.radiopiu.net\/wordpress\/wp-content\/uploads\/2019\/05\/7f06082b-d882-4cdc-845f-f6ba1dfcbd01-1024x575.jpg 1024w, https:\/\/www.radiopiu.net\/wordpress\/wp-content\/uploads\/2019\/05\/7f06082b-d882-4cdc-845f-f6ba1dfcbd01.jpg 1600w\" sizes=\"auto, (max-width: 300px) 100vw, 300px\" \/><\/a><\/p>\n<p>Questo cartello indica chiaramente senza ombra di dubbio che la strada \u00e8 chiusa 24 ore giorno dal 20 al 25 maggio,<strong>\u00a0 non \u00e8 cos\u00ec<\/strong> c&#8217;\u00e8 gente che non passa pur potendo passare dalle 12 alle 13,30 e dalle 18 alle 8 del mattino successivo.<\/p>\n<p>&nbsp;<\/p>\n","protected":false},"excerpt":{"rendered":"<p>La Provinciale 3 di Valle Imperina in localit\u00e0 Le Feste a Gosaldo rimane chiusa per lavori per tutta la settimana dalle 8 alle 12 e dalle 13.30 alle 18. Questo cartello indica chiaramente senza ombra di dubbio che la strada \u00e8 chiusa 24 ore giorno dal 20 al 25 maggio,\u00a0 non \u00e8 cos\u00ec c&#8217;\u00e8 gente&hellip;<\/p>\n","protected":false},"author":1,"featured_media":86224,"comment_status":"closed","ping_status":"closed","sticky":false,"template":"","format":"standard","meta":{"_monsterinsights_skip_tracking":false,"_monsterinsights_sitenote_active":false,"_monsterinsights_sitenote_note":"","_monsterinsights_sitenote_category":0,"footnotes":""},"categories":[103,49],"tags":[],"class_list":["post-86223","post","type-post","status-publish","format-standard","has-post-thumbnail","hentry","category-evidenza_2","category-news-18","category-103","category-49","description-off"],"img_url":"https:\/\/www.radiopiu.net\/wordpress\/wp-content\/uploads\/2019\/05\/7f06082b-d882-4cdc-845f-f6ba1dfcbd01.jpg","_links":{"self":[{"href":"https:\/\/www.radiopiu.net\/wordpress\/wp-json\/wp\/v2\/posts\/86223","targetHints":{"allow":["GET"]}}],"collection":[{"href":"https:\/\/www.radiopiu.net\/wordpress\/wp-json\/wp\/v2\/posts"}],"about":[{"href":"https:\/\/www.radiopiu.net\/wordpress\/wp-json\/wp\/v2\/types\/post"}],"author":[{"embeddable":true,"href":"https:\/\/www.radiopiu.net\/wordpress\/wp-json\/wp\/v2\/users\/1"}],"replies":[{"embeddable":true,"href":"https:\/\/www.radiopiu.net\/wordpress\/wp-json\/wp\/v2\/comments?post=86223"}],"version-history":[{"count":0,"href":"https:\/\/www.radiopiu.net\/wordpress\/wp-json\/wp\/v2\/posts\/86223\/revisions"}],"wp:featuredmedia":[{"embeddable":true,"href":"https:\/\/www.radiopiu.net\/wordpress\/wp-json\/wp\/v2\/media\/86224"}],"wp:attachment":[{"href":"https:\/\/www.radiopiu.net\/wordpress\/wp-json\/wp\/v2\/media?parent=86223"}],"wp:term":[{"taxonomy":"category","embeddable":true,"href":"https:\/\/www.radiopiu.net\/wordpress\/wp-json\/wp\/v2\/categories?post=86223"},{"taxonomy":"post_tag","embeddable":true,"href":"https:\/\/www.radiopiu.net\/wordpress\/wp-json\/wp\/v2\/tags?post=86223"}],"curies":[{"name":"wp","href":"https:\/\/api.w.org\/{rel}","templated":true}]}}