{"id":86248,"date":"2019-05-22T18:10:52","date_gmt":"2019-05-22T16:10:52","guid":{"rendered":"http:\/\/www.radiopiu.net\/wordpress\/?p=86248"},"modified":"2019-05-22T18:10:52","modified_gmt":"2019-05-22T16:10:52","slug":"mostra-nel-chiostro-del-lollino-su-figura-ed-opera-di-mons-slongo-di-renato-bona","status":"publish","type":"post","link":"https:\/\/www.radiopiu.net\/wordpress\/mostra-nel-chiostro-del-lollino-su-figura-ed-opera-di-mons-slongo-di-renato-bona\/","title":{"rendered":"MOSTRA NEL CHIOSTRO DEL \u201cLOLLINO\u201d SU FIGURA ED OPERA DI MONS. SLONGO di RENATO BONA"},"content":{"rendered":"<blockquote><p><em><span style=\"font-family: Times New Roman, serif;\"><span style=\"font-size: x-large;\">Voluta dal vescovo di Belluno-Feltre, Renato Marangoni.\u00a0<\/span><\/span><span style=\"font-family: Times New Roman, serif;\"><span style=\"font-size: x-large;\">Ne illustra l\u2019impegno pastorale, civile e morale &#8211; Un Comitato per la sua canonizzazione<\/span><\/span><\/em><\/p><\/blockquote>\n<p><strong>BELLUNO<\/strong> Mostra fotografica \u2013 voluta dal vescovo di Belluno-Feltre monsignor Renato Marangoni e patrocinata dai Comuni di Lamon, Sovramonte, Fonzaso e Feltre e dall\u2019Associazione Bellunesi nel mondo &#8211; \u201cPer il 60. anniversario di mons. Antonio Slongo 1958-2018. La sua vita a Faller e a Lamon il suo impegno pastorale, civile e morale in particolare nella 1. e 2. Guerra mondiale\u201d. E\u2019 allestita fino a sabato 25 maggio nella sede del Liceo Lollino scuola paritaria nella piazzetta Santa Maria dei Battuti di Belluno, ed \u00e8 visitabile, liberamente, tutti i giorni dalle 8 alle 19.<\/p>\n<p>Una serie di pannelli esposti nel chiostro del \u201cLollino\u201d illustra con testi ed immagini le tappe significative della vita e dell\u2019opera di questo splendido pastore d\u2019anime per la cui canonizzazione si \u00e8 costituito con atto notarile il 2 febbraio del 2016 un apposito comitato che, guidato dal nipote del monsignore, Tarcisio Slongo, si prefigge di raccogliere documenti e testimonianze per collaborare con la chiesa locale al fine di istruire l\u2019iter necessario all\u2019avvio del processo, e di promuovere iniziative che consentano di divulgare la conoscenza della vita e della spiritualit\u00e0 di mons. Antonio Slongo. La presentazione della mostra &#8211; intervallata dalla lettura di brani del diario di Slongo, oltre che da testimonianze di emigranti, soldati, vescovi e gente di varia estrazione sociale &#8211; \u00e8 stata fatta dal preside del liceo Lollino, don Elio Larese, canonico della Cattedrale di Belluno, e da don Giacomo Mazzorana, anch\u2019egli canonico della cattedrale nonch\u00e9 direttore dell\u2019Ufficio Beni culturali e arte sacra e del Museo diocesano di arte sacra.<\/p>\n<p>La mostra &#8211; \u00e8 stato detto &#8211; \u201cmette in primo piano un racconto che spazia dall\u2019impegno quotidiano di monsignor Slongo per sostenere i pi\u00f9 poveri, agli episodi in cui, pur in pericolo di morte, difese la vita di un intero paese dall\u2019incendio e la popolazione di Lamon dalle rappresaglie tedesche nel corso della seconda guerra mondiale. E ancor prima, nel novembre 1917, da chierico, il suo intervento decisivo per portare in salvo la terza Compagnia del Btg. Tagliamento sfuggita alla cattura tedesca dopo la disfatta di Caporetto: da Faller al Monte Grappa la notte prima che il Feltrino fosse invaso dalle truppe austroungariche\u201d.<\/p>\n<p>Il settimanale diocesano \u201cL\u2019Amico del Popolo\u201d nella cronaca della cerimonia inaugurale, ha evidenziato che \u201cMonsignor Antonio Slongo, un\u2019instancabile e coraggiosa figura sempre pronta a lavorare per la sua comunit\u00e0. ha lasciato un\u2019impronta non indifferente in quanti lo hanno conosciuto\u201d . Il nipote Tarcisio ha affermato che \u201cFu un sacerdote dalle virt\u00f9 eroiche che non dimentic\u00f2 mai di sostenere i pi\u00f9 poveri e gli indifesi\u201d. Don Larese dal canto suo &#8211; sempre da \u201cL\u2019Amico del Popolo\u201d &#8211; ha sostenuto che \u201cIl vescovo ha desiderato che questa mostra, dopo essere stata portata in diverse localit\u00e0 della provincia, trovasse collocazione negli spazi della scuola\u201d, mentre don Mazzorana ha illustrato agli studenti i contenuti dell\u2019esposizione ricordando fra l\u2019altro che monsignor Slongo \u201csi form\u00f2 proprio qui al Lollino (una sua foto nel chiostro rinascimentale della scuola). Dopo Caporetto, si trasfer\u00ec a Padova, dove si laure\u00f2 con lode. La sua passione per la cultura emerse in tantissime occasioni: basti pensare che dedic\u00f2 uno studio al calice del Diacono Orso, conservato al Museo diocesano di arte sacra di Feltre. Il pi\u00f9 antico calice eucaristico dell\u2019Occidente\u201d. Il relatore non ha trascurato di citare \u201cil coraggio dimostrato da monsignor Slongo durante la guerra e la sua personalit\u00e0, mai chiusa in se stessa e sempre pronta ad aprirsi agli altri, soprattutto ai pi\u00f9 poveri\u2026 Slongo fu una persona appassionata della pace\u2026 Dal 14 ottobre al 17 novembre del 1940 fu incarcerato a Baldenich, soltanto perch\u00e9, durante una predica del 6 ottobre di quell\u2019anno, aveva pregato la Madonna invocando e difendendo la pace. Il suo discorso fu ascoltato dai fascisti, che lo accusarono di andare contro il regime e di essere un disfattista\u201d. Infine ha ricordato che \u201cMedaglia d\u2019argento al valor militare, monsignor Slongo fa emergere nel suo diario una personalit\u00e0 biblica. Trovava forza proprio nella Bibbia, soprattutto in San Paolo\u201d.<\/p>\n<p>Concludiamo questa rivisitazione della figura di Slongo, uno dei sacerdoti tra i pi\u00f9 eminenti della provincia nella prima met\u00e0 del \u2018900, ricordando che era nato a Faller di Sovramonte in provincia di Belluno il 19 ottobre 1897; fu ordinato sacerdote nel 1920; l\u2019anno successivo si laure\u00f2 in teologia all\u2019Universit\u00e0 di Padova; \u00e8 stato curato a Foen e insegnante in Seminario; prest\u00f2 il suo servizio a Lamon per 35 anni, dal 1923 al 1958 fino alla morte, il 19 settembre 1958 quando era canonico onorario della cattedrale di Feltre e assistente al soglio pontificio.<\/p>\n<p><strong>NELLE FOTO<\/strong> (Renato Bona): riproduzioni dai pannelli della Mostra, con monsignor Antonio Slongo, e tappe significative della sua intensa vita di pastore d\u2019anime; l\u2019immagine del grande gruppo che compare nella locandina con l\u2019annuncio della rassegna; i relatori don Mazzorana e don Larese ed il nipote del monsignore, che presiede il comitato per la canonizzazione.<\/p>\n<p><a class=\"dt-pswp-item\" href=\"http:\/\/www.radiopiu.net\/wordpress\/wp-content\/uploads\/2019\/05\/018.jpg\" data-dt-img-description=\"\" data-large_image_width=\"3704\" data-large_image_height=\"3149\"><img loading=\"lazy\" decoding=\"async\" class=\"alignnone  wp-image-86250\" src=\"http:\/\/www.radiopiu.net\/wordpress\/wp-content\/uploads\/2019\/05\/018-300x255.jpg\" alt=\"\" width=\"252\" height=\"214\" srcset=\"https:\/\/www.radiopiu.net\/wordpress\/wp-content\/uploads\/2019\/05\/018-300x255.jpg 300w, https:\/\/www.radiopiu.net\/wordpress\/wp-content\/uploads\/2019\/05\/018-768x653.jpg 768w, https:\/\/www.radiopiu.net\/wordpress\/wp-content\/uploads\/2019\/05\/018-1024x871.jpg 1024w\" sizes=\"auto, (max-width: 252px) 100vw, 252px\" \/><\/a><img loading=\"lazy\" decoding=\"async\" class=\"alignnone  wp-image-86259\" src=\"http:\/\/www.radiopiu.net\/wordpress\/wp-content\/uploads\/2019\/05\/027-300x225.jpg\" alt=\"\" width=\"287\" height=\"215\" srcset=\"https:\/\/www.radiopiu.net\/wordpress\/wp-content\/uploads\/2019\/05\/027-300x225.jpg 300w, https:\/\/www.radiopiu.net\/wordpress\/wp-content\/uploads\/2019\/05\/027-768x576.jpg 768w, https:\/\/www.radiopiu.net\/wordpress\/wp-content\/uploads\/2019\/05\/027-1024x768.jpg 1024w\" sizes=\"auto, (max-width: 287px) 100vw, 287px\" \/><a class=\"dt-pswp-item\" href=\"http:\/\/www.radiopiu.net\/wordpress\/wp-content\/uploads\/2019\/05\/020-2.jpg\" data-dt-img-description=\"\" data-large_image_width=\"3018\" data-large_image_height=\"2262\"><img loading=\"lazy\" decoding=\"async\" class=\"alignnone  wp-image-86260\" src=\"http:\/\/www.radiopiu.net\/wordpress\/wp-content\/uploads\/2019\/05\/020-2-300x225.jpg\" alt=\"\" width=\"273\" height=\"205\" srcset=\"https:\/\/www.radiopiu.net\/wordpress\/wp-content\/uploads\/2019\/05\/020-2-300x225.jpg 300w, https:\/\/www.radiopiu.net\/wordpress\/wp-content\/uploads\/2019\/05\/020-2-768x576.jpg 768w, https:\/\/www.radiopiu.net\/wordpress\/wp-content\/uploads\/2019\/05\/020-2-1024x767.jpg 1024w\" sizes=\"auto, (max-width: 273px) 100vw, 273px\" \/><\/a><img loading=\"lazy\" decoding=\"async\" class=\"alignnone  wp-image-86251\" src=\"http:\/\/www.radiopiu.net\/wordpress\/wp-content\/uploads\/2019\/05\/022-300x225.jpg\" alt=\"\" width=\"275\" height=\"206\" srcset=\"https:\/\/www.radiopiu.net\/wordpress\/wp-content\/uploads\/2019\/05\/022-300x225.jpg 300w, https:\/\/www.radiopiu.net\/wordpress\/wp-content\/uploads\/2019\/05\/022-768x576.jpg 768w, https:\/\/www.radiopiu.net\/wordpress\/wp-content\/uploads\/2019\/05\/022-1024x768.jpg 1024w\" sizes=\"auto, (max-width: 275px) 100vw, 275px\" \/><a class=\"dt-pswp-item\" href=\"http:\/\/www.radiopiu.net\/wordpress\/wp-content\/uploads\/2019\/05\/026-2.jpg\" data-dt-img-description=\"\" data-large_image_width=\"5152\" data-large_image_height=\"3864\"><img loading=\"lazy\" decoding=\"async\" class=\"alignnone  wp-image-86258\" src=\"http:\/\/www.radiopiu.net\/wordpress\/wp-content\/uploads\/2019\/05\/026-2-300x225.jpg\" alt=\"\" width=\"273\" height=\"205\" srcset=\"https:\/\/www.radiopiu.net\/wordpress\/wp-content\/uploads\/2019\/05\/026-2-300x225.jpg 300w, https:\/\/www.radiopiu.net\/wordpress\/wp-content\/uploads\/2019\/05\/026-2-768x576.jpg 768w, https:\/\/www.radiopiu.net\/wordpress\/wp-content\/uploads\/2019\/05\/026-2-1024x768.jpg 1024w\" sizes=\"auto, (max-width: 273px) 100vw, 273px\" \/><\/a><a class=\"dt-pswp-item\" href=\"http:\/\/www.radiopiu.net\/wordpress\/wp-content\/uploads\/2019\/05\/030-1.jpg\" data-dt-img-description=\"\" data-large_image_width=\"5152\" data-large_image_height=\"3864\"><img loading=\"lazy\" decoding=\"async\" class=\"alignnone  wp-image-86256\" src=\"http:\/\/www.radiopiu.net\/wordpress\/wp-content\/uploads\/2019\/05\/030-1-300x225.jpg\" alt=\"\" width=\"272\" height=\"204\" srcset=\"https:\/\/www.radiopiu.net\/wordpress\/wp-content\/uploads\/2019\/05\/030-1-300x225.jpg 300w, https:\/\/www.radiopiu.net\/wordpress\/wp-content\/uploads\/2019\/05\/030-1-768x576.jpg 768w, https:\/\/www.radiopiu.net\/wordpress\/wp-content\/uploads\/2019\/05\/030-1-1024x768.jpg 1024w\" sizes=\"auto, (max-width: 272px) 100vw, 272px\" \/><\/a><a class=\"dt-pswp-item\" href=\"http:\/\/www.radiopiu.net\/wordpress\/wp-content\/uploads\/2019\/05\/036-1.jpg\" data-dt-img-description=\"\" data-large_image_width=\"4219\" data-large_image_height=\"1905\"><img loading=\"lazy\" decoding=\"async\" class=\"alignnone  wp-image-86257\" src=\"http:\/\/www.radiopiu.net\/wordpress\/wp-content\/uploads\/2019\/05\/036-1-300x135.jpg\" alt=\"\" width=\"547\" height=\"247\" srcset=\"https:\/\/www.radiopiu.net\/wordpress\/wp-content\/uploads\/2019\/05\/036-1-300x135.jpg 300w, https:\/\/www.radiopiu.net\/wordpress\/wp-content\/uploads\/2019\/05\/036-1-768x347.jpg 768w, https:\/\/www.radiopiu.net\/wordpress\/wp-content\/uploads\/2019\/05\/036-1-1024x462.jpg 1024w\" sizes=\"auto, (max-width: 547px) 100vw, 547px\" \/><\/a><\/p>\n<p><a class=\"dt-pswp-item\" href=\"http:\/\/www.radiopiu.net\/wordpress\/wp-content\/uploads\/2019\/05\/Mazzorana-Larese-il-nipote-1.png\" data-dt-img-description=\"\" data-large_image_width=\"286\" data-large_image_height=\"273\"><img loading=\"lazy\" decoding=\"async\" class=\"alignnone size-full wp-image-86253\" src=\"http:\/\/www.radiopiu.net\/wordpress\/wp-content\/uploads\/2019\/05\/Mazzorana-Larese-il-nipote-1.png\" alt=\"\" width=\"286\" height=\"273\" \/><\/a><a class=\"dt-pswp-item\" href=\"http:\/\/www.radiopiu.net\/wordpress\/wp-content\/uploads\/2019\/05\/a-monsignor-antonio-s-longo-1.png\" data-dt-img-description=\"\" data-large_image_width=\"133\" data-large_image_height=\"199\"><img loading=\"lazy\" decoding=\"async\" class=\"alignnone  wp-image-86249\" src=\"http:\/\/www.radiopiu.net\/wordpress\/wp-content\/uploads\/2019\/05\/a-monsignor-antonio-s-longo-1.png\" alt=\"\" width=\"183\" height=\"274\" \/><\/a><\/p>\n<p><a class=\"dt-pswp-item\" href=\"http:\/\/www.radiopiu.net\/wordpress\/wp-content\/uploads\/2019\/05\/010-1.jpg\" data-dt-img-description=\"\" data-large_image_width=\"1878\" data-large_image_height=\"1312\"><img loading=\"lazy\" decoding=\"async\" class=\"alignnone wp-image-86254 size-large\" src=\"http:\/\/www.radiopiu.net\/wordpress\/wp-content\/uploads\/2019\/05\/010-1-1024x715.jpg\" alt=\"\" width=\"1024\" height=\"715\" srcset=\"https:\/\/www.radiopiu.net\/wordpress\/wp-content\/uploads\/2019\/05\/010-1-1024x715.jpg 1024w, https:\/\/www.radiopiu.net\/wordpress\/wp-content\/uploads\/2019\/05\/010-1-300x210.jpg 300w, https:\/\/www.radiopiu.net\/wordpress\/wp-content\/uploads\/2019\/05\/010-1-768x537.jpg 768w, https:\/\/www.radiopiu.net\/wordpress\/wp-content\/uploads\/2019\/05\/010-1.jpg 1878w\" sizes=\"auto, (max-width: 1024px) 100vw, 1024px\" \/><\/a><\/p>\n","protected":false},"excerpt":{"rendered":"<p>Voluta dal vescovo di Belluno-Feltre, Renato Marangoni.\u00a0Ne illustra l\u2019impegno pastorale, civile e morale &#8211; Un Comitato per la sua canonizzazione BELLUNO Mostra fotografica \u2013 voluta dal vescovo di Belluno-Feltre monsignor Renato Marangoni e patrocinata dai Comuni di Lamon, Sovramonte, Fonzaso e Feltre e dall\u2019Associazione Bellunesi nel mondo &#8211; \u201cPer il 60. anniversario di mons. Antonio&hellip;<\/p>\n","protected":false},"author":1,"featured_media":86253,"comment_status":"closed","ping_status":"closed","sticky":false,"template":"","format":"standard","meta":{"_monsterinsights_skip_tracking":false,"_monsterinsights_sitenote_active":false,"_monsterinsights_sitenote_note":"","_monsterinsights_sitenote_category":0,"footnotes":""},"categories":[49],"tags":[],"class_list":["post-86248","post","type-post","status-publish","format-standard","has-post-thumbnail","hentry","category-news-18","category-49","description-off"],"img_url":"https:\/\/www.radiopiu.net\/wordpress\/wp-content\/uploads\/2019\/05\/Mazzorana-Larese-il-nipote-1.png","_links":{"self":[{"href":"https:\/\/www.radiopiu.net\/wordpress\/wp-json\/wp\/v2\/posts\/86248","targetHints":{"allow":["GET"]}}],"collection":[{"href":"https:\/\/www.radiopiu.net\/wordpress\/wp-json\/wp\/v2\/posts"}],"about":[{"href":"https:\/\/www.radiopiu.net\/wordpress\/wp-json\/wp\/v2\/types\/post"}],"author":[{"embeddable":true,"href":"https:\/\/www.radiopiu.net\/wordpress\/wp-json\/wp\/v2\/users\/1"}],"replies":[{"embeddable":true,"href":"https:\/\/www.radiopiu.net\/wordpress\/wp-json\/wp\/v2\/comments?post=86248"}],"version-history":[{"count":0,"href":"https:\/\/www.radiopiu.net\/wordpress\/wp-json\/wp\/v2\/posts\/86248\/revisions"}],"wp:featuredmedia":[{"embeddable":true,"href":"https:\/\/www.radiopiu.net\/wordpress\/wp-json\/wp\/v2\/media\/86253"}],"wp:attachment":[{"href":"https:\/\/www.radiopiu.net\/wordpress\/wp-json\/wp\/v2\/media?parent=86248"}],"wp:term":[{"taxonomy":"category","embeddable":true,"href":"https:\/\/www.radiopiu.net\/wordpress\/wp-json\/wp\/v2\/categories?post=86248"},{"taxonomy":"post_tag","embeddable":true,"href":"https:\/\/www.radiopiu.net\/wordpress\/wp-json\/wp\/v2\/tags?post=86248"}],"curies":[{"name":"wp","href":"https:\/\/api.w.org\/{rel}","templated":true}]}}