{"id":86310,"date":"2019-05-24T16:29:32","date_gmt":"2019-05-24T14:29:32","guid":{"rendered":"http:\/\/www.radiopiu.net\/wordpress\/?p=86310"},"modified":"2019-05-24T16:29:51","modified_gmt":"2019-05-24T14:29:51","slug":"servizio-navetta-luxottica-le-novita","status":"publish","type":"post","link":"https:\/\/www.radiopiu.net\/wordpress\/servizio-navetta-luxottica-le-novita\/","title":{"rendered":"SERVIZIO NAVETTA LUXOTTICA&#8230;LE NOVITA&#8217;"},"content":{"rendered":"<p>Sar\u00e0 implementato a partire da luned\u00ec 27 maggio il servizio navetta gratuito per i dipendenti Luxottica di Agordo. Oltre ad una nuova fascia oraria ci sar\u00e0 anche una nuova fermata. Il servizio, attivo ormai da alcuni mesi, serve a migliorare la mobilit\u00e0 casa-lavoro delle maestranze che possono parcheggiare il veicolo al parcheggio di Polane, in piazza o a Tamonich e raggiungere lo stabilimento di Valcozzena in modo gratuito. Da luned\u00ec prossimo, oltre alle solite fermate (Pr\u00e0 Grande, Polane, distributore Agip e piazza) si potr\u00e0 usufruire del servizio anche dalla stazione delle corriere. Altra novit\u00e0 l&#8217;incremento di orario, infatti il trasporto sar\u00e0 attivo anche dalle 16:30 alle 18:30 per consentire anche a coloro che fanno giornata di usufruire a pieno del bus navetta.<\/p>\n<p><a class=\"dt-pswp-item\" href=\"http:\/\/www.radiopiu.net\/wordpress\/wp-content\/uploads\/2019\/05\/ORARI-NAVETTA-LUX-27-MAGGIO.jpg\" data-dt-img-description=\"\" data-large_image_width=\"608\" data-large_image_height=\"661\"><img loading=\"lazy\" decoding=\"async\" class=\"aligncenter wp-image-86311 size-full\" src=\"http:\/\/www.radiopiu.net\/wordpress\/wp-content\/uploads\/2019\/05\/ORARI-NAVETTA-LUX-27-MAGGIO.jpg\" alt=\"\" width=\"608\" height=\"661\" srcset=\"https:\/\/www.radiopiu.net\/wordpress\/wp-content\/uploads\/2019\/05\/ORARI-NAVETTA-LUX-27-MAGGIO.jpg 608w, https:\/\/www.radiopiu.net\/wordpress\/wp-content\/uploads\/2019\/05\/ORARI-NAVETTA-LUX-27-MAGGIO-276x300.jpg 276w\" sizes=\"auto, (max-width: 608px) 100vw, 608px\" \/><\/a><\/p>\n","protected":false},"excerpt":{"rendered":"<p>Sar\u00e0 implementato a partire da luned\u00ec 27 maggio il servizio navetta gratuito per i dipendenti Luxottica di Agordo. Oltre ad una nuova fascia oraria ci sar\u00e0 anche una nuova fermata. Il servizio, attivo ormai da alcuni mesi, serve a migliorare la mobilit\u00e0 casa-lavoro delle maestranze che possono parcheggiare il veicolo al parcheggio di Polane, in&hellip;<\/p>\n","protected":false},"author":4,"featured_media":0,"comment_status":"closed","ping_status":"closed","sticky":false,"template":"","format":"standard","meta":{"_monsterinsights_skip_tracking":false,"_monsterinsights_sitenote_active":false,"_monsterinsights_sitenote_note":"","_monsterinsights_sitenote_category":0,"footnotes":""},"categories":[49],"tags":[],"class_list":["post-86310","post","type-post","status-publish","format-standard","hentry","category-news-18","category-49","description-off"],"img_url":false,"_links":{"self":[{"href":"https:\/\/www.radiopiu.net\/wordpress\/wp-json\/wp\/v2\/posts\/86310","targetHints":{"allow":["GET"]}}],"collection":[{"href":"https:\/\/www.radiopiu.net\/wordpress\/wp-json\/wp\/v2\/posts"}],"about":[{"href":"https:\/\/www.radiopiu.net\/wordpress\/wp-json\/wp\/v2\/types\/post"}],"author":[{"embeddable":true,"href":"https:\/\/www.radiopiu.net\/wordpress\/wp-json\/wp\/v2\/users\/4"}],"replies":[{"embeddable":true,"href":"https:\/\/www.radiopiu.net\/wordpress\/wp-json\/wp\/v2\/comments?post=86310"}],"version-history":[{"count":0,"href":"https:\/\/www.radiopiu.net\/wordpress\/wp-json\/wp\/v2\/posts\/86310\/revisions"}],"wp:attachment":[{"href":"https:\/\/www.radiopiu.net\/wordpress\/wp-json\/wp\/v2\/media?parent=86310"}],"wp:term":[{"taxonomy":"category","embeddable":true,"href":"https:\/\/www.radiopiu.net\/wordpress\/wp-json\/wp\/v2\/categories?post=86310"},{"taxonomy":"post_tag","embeddable":true,"href":"https:\/\/www.radiopiu.net\/wordpress\/wp-json\/wp\/v2\/tags?post=86310"}],"curies":[{"name":"wp","href":"https:\/\/api.w.org\/{rel}","templated":true}]}}