{"id":86325,"date":"2019-05-24T06:01:49","date_gmt":"2019-05-24T04:01:49","guid":{"rendered":"http:\/\/www.radiopiu.net\/wordpress\/?p=86325"},"modified":"2019-05-27T09:44:31","modified_gmt":"2019-05-27T07:44:31","slug":"il-consiglio-comunale-di-belluno-perde-i-pezzi","status":"publish","type":"post","link":"https:\/\/www.radiopiu.net\/wordpress\/il-consiglio-comunale-di-belluno-perde-i-pezzi\/","title":{"rendered":"IL CONSIGLIO COMUNALE DI BELLUNO PERDE I PEZZI"},"content":{"rendered":"<div><\/div>\n<h2><\/h2>\n<div><strong><a class=\"dt-pswp-item\" href=\"http:\/\/www.radiopiu.net\/wordpress\/wp-content\/uploads\/2018\/08\/FABIO-RUFUS.jpg\" data-dt-img-description=\"\" data-large_image_width=\"928\" data-large_image_height=\"928\"><img loading=\"lazy\" decoding=\"async\" class=\"wp-image-58379 alignleft\" src=\"http:\/\/www.radiopiu.net\/wordpress\/wp-content\/uploads\/2018\/08\/FABIO-RUFUS-300x300.jpg\" alt=\"\" width=\"159\" height=\"159\" srcset=\"https:\/\/www.radiopiu.net\/wordpress\/wp-content\/uploads\/2018\/08\/FABIO-RUFUS-300x300.jpg 300w, https:\/\/www.radiopiu.net\/wordpress\/wp-content\/uploads\/2018\/08\/FABIO-RUFUS-150x150.jpg 150w, https:\/\/www.radiopiu.net\/wordpress\/wp-content\/uploads\/2018\/08\/FABIO-RUFUS-768x768.jpg 768w, https:\/\/www.radiopiu.net\/wordpress\/wp-content\/uploads\/2018\/08\/FABIO-RUFUS.jpg 928w\" sizes=\"auto, (max-width: 159px) 100vw, 159px\" \/><\/a>BELLUNO<\/strong> Dopo le dimissione di due assessori (Tomasi-Busatta) che dovranno essere surrogati, il sindaco Massaro deve fare i conti anche con la fuga dalla maggioranza del capogruppo Fabio Rufus Bristot che si toglie i sassi dalle scarpe con una lunga lettera dove espone le sue ragioni. Soprattuto si toglie dalla maggioranza e accede al gruppo misto. Bristot\u00a0 fa autocritica ma non mancano le accuse a quanto non \u00e8 stato fatto dall&#8217;amministrazione Massaro. &#8220;Alcuni temi non sono stati neppure affrontati, come quello delle opere pubbliche strategiche&#8221;. Bristot ricorda di non aver\u00a0chiesto alcun posto in giunta.<\/div>\n<div>LA LETTERA DI BRISTOT, <span style=\"color: #0000ff;\"><a style=\"color: #0000ff;\" href=\"https:\/\/www.facebook.com\/fabio.bristotrufus.9\/posts\/10217346647091224\">CLICCA QUI<\/a><\/span><\/div>\n<div><\/div>\n<div><strong>IL SINDACO JACOPO MASSARO<\/strong><\/div>\n<div>\n<blockquote><p><em><a class=\"dt-pswp-item\" href=\"http:\/\/www.radiopiu.net\/wordpress\/wp-content\/uploads\/2017\/12\/Premiazione-concorso-stazione-Massaro.jpg\" data-dt-img-description=\"\" data-large_image_width=\"5184\" data-large_image_height=\"3456\"><img loading=\"lazy\" decoding=\"async\" class=\"wp-image-39967 alignleft\" src=\"http:\/\/www.radiopiu.net\/wordpress\/wp-content\/uploads\/2017\/12\/Premiazione-concorso-stazione-Massaro-300x200.jpg\" alt=\"\" width=\"197\" height=\"131\" \/><\/a>\u00abSapevamo da mesi di questa sua sofferenza e di qualche difficolt\u00e0 all&#8217;interno del gruppo consiliare, e per questo eravamo consapevoli che questa uscita fosse imminente. Non siamo abituati a respingere pregiudizialmente le critiche che ci vengono mosse perch\u00e9 siamo consci che si pu\u00f2 sempre fare meglio e quindi, anche in questa occasione, non mancheremo di fare autocritica. Siamo per\u00f2 anche certi che in questa legislatura porteremo a compimento il nostro programma; non possiamo non ricordare come, anche nella scorsa legislatura, centrammo gli obiettivi nonostante i timori di alcuni. Rivendichiamo invece la silenziosa rivoluzione della citt\u00e0 di Belluno iniziata sette anni fa, una citt\u00e0 oggi pi\u00f9 pervasa dal senso di comunit\u00e0 e pi\u00f9 orientata ad una visione sociale e di equit\u00e0: un processo impegnativo, che come tutti i grandi cambiamenti prevede approcci diversi per essere affrontato e, quindi, pu\u00f2 capitare che nel percorso si perda qualche compagno di squadra, senza che per questo venga meno l&#8217;amicizia nei confronti di chi ci lascia, come infatti avviene in questa occasione\u00bb.<\/em><\/p><\/blockquote>\n<\/div>\n<p>&nbsp;<\/p>\n<p>&nbsp;<\/p>\n","protected":false},"excerpt":{"rendered":"<p>BELLUNO Dopo le dimissione di due assessori (Tomasi-Busatta) che dovranno essere surrogati, il sindaco Massaro deve fare i conti anche con la fuga dalla maggioranza del capogruppo Fabio Rufus Bristot che si toglie i sassi dalle scarpe con una lunga lettera dove espone le sue ragioni. Soprattuto si toglie dalla maggioranza e accede al gruppo&hellip;<\/p>\n","protected":false},"author":1,"featured_media":58379,"comment_status":"closed","ping_status":"closed","sticky":false,"template":"","format":"standard","meta":{"_monsterinsights_skip_tracking":false,"_monsterinsights_sitenote_active":false,"_monsterinsights_sitenote_note":"","_monsterinsights_sitenote_category":0,"footnotes":""},"categories":[51,49],"tags":[],"class_list":["post-86325","post","type-post","status-publish","format-standard","has-post-thumbnail","hentry","category-evidenza-top","category-news-18","category-51","category-49","description-off"],"img_url":"https:\/\/www.radiopiu.net\/wordpress\/wp-content\/uploads\/2018\/08\/FABIO-RUFUS.jpg","_links":{"self":[{"href":"https:\/\/www.radiopiu.net\/wordpress\/wp-json\/wp\/v2\/posts\/86325","targetHints":{"allow":["GET"]}}],"collection":[{"href":"https:\/\/www.radiopiu.net\/wordpress\/wp-json\/wp\/v2\/posts"}],"about":[{"href":"https:\/\/www.radiopiu.net\/wordpress\/wp-json\/wp\/v2\/types\/post"}],"author":[{"embeddable":true,"href":"https:\/\/www.radiopiu.net\/wordpress\/wp-json\/wp\/v2\/users\/1"}],"replies":[{"embeddable":true,"href":"https:\/\/www.radiopiu.net\/wordpress\/wp-json\/wp\/v2\/comments?post=86325"}],"version-history":[{"count":0,"href":"https:\/\/www.radiopiu.net\/wordpress\/wp-json\/wp\/v2\/posts\/86325\/revisions"}],"wp:featuredmedia":[{"embeddable":true,"href":"https:\/\/www.radiopiu.net\/wordpress\/wp-json\/wp\/v2\/media\/58379"}],"wp:attachment":[{"href":"https:\/\/www.radiopiu.net\/wordpress\/wp-json\/wp\/v2\/media?parent=86325"}],"wp:term":[{"taxonomy":"category","embeddable":true,"href":"https:\/\/www.radiopiu.net\/wordpress\/wp-json\/wp\/v2\/categories?post=86325"},{"taxonomy":"post_tag","embeddable":true,"href":"https:\/\/www.radiopiu.net\/wordpress\/wp-json\/wp\/v2\/tags?post=86325"}],"curies":[{"name":"wp","href":"https:\/\/api.w.org\/{rel}","templated":true}]}}