{"id":86346,"date":"2019-05-24T07:00:32","date_gmt":"2019-05-24T05:00:32","guid":{"rendered":"http:\/\/www.radiopiu.net\/wordpress\/?p=86346"},"modified":"2019-05-24T09:52:29","modified_gmt":"2019-05-24T07:52:29","slug":"mini-idroelettrico-incontro-a-bruxelles","status":"publish","type":"post","link":"https:\/\/www.radiopiu.net\/wordpress\/mini-idroelettrico-incontro-a-bruxelles\/","title":{"rendered":"MINI IDROELETTRICO INCONTRO A BRUXELLES"},"content":{"rendered":"<h2><\/h2>\n<p><strong><a class=\"dt-pswp-item\" href=\"http:\/\/www.radiopiu.net\/wordpress\/wp-content\/uploads\/2019\/05\/foto-Bruxelles-Commissione.jpg\" data-dt-img-description=\"\" data-large_image_width=\"794\" data-large_image_height=\"1280\"><img loading=\"lazy\" decoding=\"async\" class=\"wp-image-86306 alignright\" src=\"http:\/\/www.radiopiu.net\/wordpress\/wp-content\/uploads\/2019\/05\/foto-Bruxelles-Commissione-186x300.jpg\" alt=\"\" width=\"185\" height=\"298\" srcset=\"https:\/\/www.radiopiu.net\/wordpress\/wp-content\/uploads\/2019\/05\/foto-Bruxelles-Commissione-186x300.jpg 186w, https:\/\/www.radiopiu.net\/wordpress\/wp-content\/uploads\/2019\/05\/foto-Bruxelles-Commissione-768x1238.jpg 768w, https:\/\/www.radiopiu.net\/wordpress\/wp-content\/uploads\/2019\/05\/foto-Bruxelles-Commissione-635x1024.jpg 635w, https:\/\/www.radiopiu.net\/wordpress\/wp-content\/uploads\/2019\/05\/foto-Bruxelles-Commissione.jpg 794w\" sizes=\"auto, (max-width: 185px) 100vw, 185px\" \/><\/a>ROMA <\/strong>In questi giorni, a Bruxelles si \u00e8 tenuto un incontro\u00a0 sul tema dell\u2019incentivazione agli impianti per il mini idroelettrico sui corsi d\u2019acqua naturali, tra i funzionari della Commissione Ambiente, Federico D\u2019Inc\u00e0, deputato del M5S, Lucia Ruffato di Free Rivers Italia e Vanda Bonardo responsabile Alpi di Legambiente.<em> &#8220;All\u2019interno del decreto incentivi &#8211; dice D&#8217;Inc\u00e0 &#8211;\u00a0 cosi come previsto dal M5S, viene finalmente fermata la speculazione sui piccoli torrenti di montagna, grazie a un taglio dell\u2019incentivo per tutta una serie di casistiche che pregiudicano il valore ambientale. L\u2019incontro \u00e8 stato molto positivo: i tecnici della Commissione ambiente erano a conoscenza della problematica, cos\u00ec come \u00e8 stato fatto presente negli ultimi anni da parte dei comitati nati ovunque in Italia per proteggere i nostri corsi d\u2019acqua. Sono state comprese tutte le istanze e per questo possiamo esprimere soddisfazione\u201d.\u00a0<\/em>Dell&#8217;incontro a Bruxelles si dichiara soddisfatta anche Lucia Ruffato. <em>&#8221; Il confronto diretto avuto con i funzionari &#8211; ha detto &#8211; ha consentito di definire la problematica del \u2018mini idro\u2019 e di spiegare come tutti i comitati e le associazioni ambientaliste appoggino la versione originale del decreto incentivi che aiuter\u00e0 il nostro territorio a salvare i nostri fiumi \u201d.<\/em><\/p>\n<p>LUCIA RUFFATO DALLA RASSEGNA STAMPA LOCALE<\/p>\n<audio class=\"wp-audio-shortcode\" id=\"audio-86346-1\" preload=\"none\" style=\"width: 100%;\" controls=\"controls\"><source type=\"audio\/mpeg\" src=\"http:\/\/www.radiopiu.net\/wordpress\/wp-content\/uploads\/2019\/05\/lucia-ruffato.mp3?_=1\" \/><a href=\"http:\/\/www.radiopiu.net\/wordpress\/wp-content\/uploads\/2019\/05\/lucia-ruffato.mp3\">http:\/\/www.radiopiu.net\/wordpress\/wp-content\/uploads\/2019\/05\/lucia-ruffato.mp3<\/a><\/audio>\n<p>&nbsp;<\/p>\n<blockquote><p><span style=\"color: #0000ff;\">ANCHE SE A DISTANZA DI QUALCHE GIORNO UNA RISPOSTA AGLI INTERROGATIVI LASCIATI APERTI NEL NOTIZIARIO DEL 15 MAGGIO 2019 CHE RIPROPONIAMO:<\/span><\/p>\n<p>&nbsp;<\/p><\/blockquote>\n<h2>TORNA IL FAR WEST DELLE CENTRALINE, 80 NUOVI PROGETTI PRONTI A PARTIRE NEL SOLO BELLUNESE.<\/h2>\n<p>Il governo stando alle dichiarazioni del Coordinamento nazionale tutela fiumi decide di ripristinare gli incentivi al mini-idroelettrico mettendo in pericolo gli ultimi torrenti naturali in nome di interessi privati e di una produzione energetica trascurabile.<\/p>\n<blockquote><p><em> \u00a0Apprendiamo dai media nonch\u00e9 dai contatti intercorsi\u00a0 con i\u00a0 competenti uffici ministeriali che i ministri M5Stelle Di Maio e Costa stanno per ripristinare quegli incentivi al mini-idroelettrico che loro stessi avevano abolito. Incentivi che hanno causato, negli ultimi dieci anni, la devastazione di moltissimi corsi d&#8217;acqua naturali e di interi ecosistemi sulle Alpi e sugli Appennini. Si parla, solo nel Bellunese, di circa 80 nuovi progetti per fare energia che di &#8220;verde&#8221; ha ben poco.<\/em><\/p><\/blockquote>\n<p><strong>&#8220;Esultano i produttori, per lo pi\u00f9 societ\u00e0 private a cui vengono dati soldi pubblici, pagati in bolletta dai cittadini. Negli stessi giorni, per\u00f2, le stesse associazioni di produttori chiedono &#8220;lo stato di calamit\u00e0 naturale&#8221; per gli impianti esistenti, in quanto la siccit\u00e0 ha diminuito le produzioni\u00a0 -afferma Assoidroelettrica in una lettera indirizzata ai Ministri Di Maio e Costa &#8211; Sono passati quei tempi in cui idroelettrico era sinonimo di guadagni anche significativi. In pochi anni i numeri in gioco si sono letteralmente stravolti\u00bb.<\/strong><\/p>\n<p>Il Coordinamento Nazionale Tutela Fiumi &#8211; Free Rivers Italia, che riunisce oltre cinquanta tra comitati e associazioni sulle Alpi e gli Appennini, fa notare che il mini-idroelettrico, oltre ad avere un impatto devastante sugli ultimi torrenti ancora liberi, d\u00e0 pure un contributo trascurabile al fabbisogno energetico nazionale.<\/p>\n<p>&nbsp;<\/p>\n","protected":false},"excerpt":{"rendered":"<p>ROMA In questi giorni, a Bruxelles si \u00e8 tenuto un incontro\u00a0 sul tema dell\u2019incentivazione agli impianti per il mini idroelettrico sui corsi d\u2019acqua naturali, tra i funzionari della Commissione Ambiente, Federico D\u2019Inc\u00e0, deputato del M5S, Lucia Ruffato di Free Rivers Italia e Vanda Bonardo responsabile Alpi di Legambiente. &#8220;All\u2019interno del decreto incentivi &#8211; dice D&#8217;Inc\u00e0&hellip;<\/p>\n","protected":false},"author":1,"featured_media":86306,"comment_status":"closed","ping_status":"closed","sticky":false,"template":"","format":"standard","meta":{"_monsterinsights_skip_tracking":false,"_monsterinsights_sitenote_active":false,"_monsterinsights_sitenote_note":"","_monsterinsights_sitenote_category":0,"footnotes":""},"categories":[49],"tags":[],"class_list":["post-86346","post","type-post","status-publish","format-standard","has-post-thumbnail","hentry","category-news-18","category-49","description-off"],"img_url":"https:\/\/www.radiopiu.net\/wordpress\/wp-content\/uploads\/2019\/05\/foto-Bruxelles-Commissione.jpg","_links":{"self":[{"href":"https:\/\/www.radiopiu.net\/wordpress\/wp-json\/wp\/v2\/posts\/86346","targetHints":{"allow":["GET"]}}],"collection":[{"href":"https:\/\/www.radiopiu.net\/wordpress\/wp-json\/wp\/v2\/posts"}],"about":[{"href":"https:\/\/www.radiopiu.net\/wordpress\/wp-json\/wp\/v2\/types\/post"}],"author":[{"embeddable":true,"href":"https:\/\/www.radiopiu.net\/wordpress\/wp-json\/wp\/v2\/users\/1"}],"replies":[{"embeddable":true,"href":"https:\/\/www.radiopiu.net\/wordpress\/wp-json\/wp\/v2\/comments?post=86346"}],"version-history":[{"count":0,"href":"https:\/\/www.radiopiu.net\/wordpress\/wp-json\/wp\/v2\/posts\/86346\/revisions"}],"wp:featuredmedia":[{"embeddable":true,"href":"https:\/\/www.radiopiu.net\/wordpress\/wp-json\/wp\/v2\/media\/86306"}],"wp:attachment":[{"href":"https:\/\/www.radiopiu.net\/wordpress\/wp-json\/wp\/v2\/media?parent=86346"}],"wp:term":[{"taxonomy":"category","embeddable":true,"href":"https:\/\/www.radiopiu.net\/wordpress\/wp-json\/wp\/v2\/categories?post=86346"},{"taxonomy":"post_tag","embeddable":true,"href":"https:\/\/www.radiopiu.net\/wordpress\/wp-json\/wp\/v2\/tags?post=86346"}],"curies":[{"name":"wp","href":"https:\/\/api.w.org\/{rel}","templated":true}]}}