{"id":86442,"date":"2019-05-25T06:50:49","date_gmt":"2019-05-25T04:50:49","guid":{"rendered":"http:\/\/www.radiopiu.net\/wordpress\/?p=86442"},"modified":"2019-05-25T06:50:49","modified_gmt":"2019-05-25T04:50:49","slug":"di-renato-bona-lanniversario-della-dedicazione-delle-chiese-di-visome-e-di-cibiana","status":"publish","type":"post","link":"https:\/\/www.radiopiu.net\/wordpress\/di-renato-bona-lanniversario-della-dedicazione-delle-chiese-di-visome-e-di-cibiana\/","title":{"rendered":"di Renato Bona L\u2019ANNIVERSARIO DELLA DEDICAZIONE DELLE CHIESE DI VISOME E DI CIBIANA"},"content":{"rendered":"<p style=\"text-align: left;\"><a class=\"dt-pswp-item\" href=\"http:\/\/www.radiopiu.net\/wordpress\/wp-content\/uploads\/2019\/05\/61035835_528848347647061_7305093385939845120_n.jpg\" data-dt-img-description=\"\" data-large_image_width=\"340\" data-large_image_height=\"340\"><img loading=\"lazy\" decoding=\"async\" class=\"size-medium wp-image-86444 alignleft\" src=\"http:\/\/www.radiopiu.net\/wordpress\/wp-content\/uploads\/2019\/05\/61035835_528848347647061_7305093385939845120_n-300x300.jpg\" alt=\"\" width=\"300\" height=\"300\" srcset=\"https:\/\/www.radiopiu.net\/wordpress\/wp-content\/uploads\/2019\/05\/61035835_528848347647061_7305093385939845120_n-300x300.jpg 300w, https:\/\/www.radiopiu.net\/wordpress\/wp-content\/uploads\/2019\/05\/61035835_528848347647061_7305093385939845120_n-150x150.jpg 150w, https:\/\/www.radiopiu.net\/wordpress\/wp-content\/uploads\/2019\/05\/61035835_528848347647061_7305093385939845120_n.jpg 340w\" sizes=\"auto, (max-width: 300px) 100vw, 300px\" \/><\/a>Puntualmente, il settimanale \u201cDomenica\u201d edito dalla Diocesi di Belluno-Feltre e diretto dal vescovo emerito monsignor Giuseppe Andrich, ricorda nell\u2019ultimo numero che domenica 26 maggio ricorre l\u2019anniversario della dedicazione &#8211; trasferita in entrambi i casi a luned\u00ec &#8211; di due chiese: quella di Visome (parroco don Giuseppe Bortolas) di Belluno, del 1830, e quella di Cibiana di Cadore (parroco don Vito De Vido), che risale al 1858. Il sito viaggispirituali.it precisato che \u201cIl Santuario Beata Vergine di Caravaggio in Visome ha funzione anche di chiesa parrocchiale, si trova sulla piazzetta ai piedi dell\u2019altopiano Castionese nel paese di Visome\u201d ricorda che: \u201cTeresa Tison che si recava ogni anno in pellegrinaggio al santuario di Pin\u00e8 port\u00f2 con s\u00e9 a Visome un quadro con l\u2019immagine della Madonna e lo fece appendere a una parete della chiesa di Sant\u2019Andrea. Il culto di questa Vergine fu ben accolto dai fedeli ma nel 1852 il quadretto and\u00f2 disperso e venne nei primi del \u2018900 sostituito da un gruppo scultoreo ligneo dipinto opera di Angelo Majer. Nel 1958 l\u2019opera venne sistemata in una cappella apposita sul lato destro della navata. All\u2019interno, l\u2019edificio si presenta a pianta rettangolare con la facciata chiusa sui lati dalle due torri cilindriche. In una torre vi \u00e8 la cella campanaria con copertura a cuspide conica e una che termina a punta\u201d. Il sito della Provincia di Belluno, premesso che la parrocchia di Visome fu fondata nel 1950 ed \u00e8 intestata alla Madonna di Caravaggio, a sua volta scrive: \u201c \u2026 L\u2019attuale chiesa parrocchiale fu costruita nel 1828\u201d ed aggiunge che nel territorio parrocchiale vi sono le chiesette, di interesse religioso ed artistico, di san Benedetto a Cor, san Carlo a Rivamaor, san Martino a Castoi, san Giuseppe a Piai e quella molto suggestiva e nota di San Pellegrino, presso villa Buzzatti, quindi: santa Lucia a Cet, san Gottardo e san Michele, di santa Libera e di san Giuseppe lavoratore a Tassei, infine quella dell\u2019Immacolata concezione alle Ronce. Della chiesa di San Lorenzo a Cibiana di Cadore si occupa il sito Infodolomiti dove si pu\u00f2 leggere che \u201cAd arricchire il gi\u00e0 prestigioso patrimonio artistico e architettonico di Cibiana di Cadore, conosciuta anche come \u2018paese dei Murale\u2019 per gli innumerevoli affreschi che ricoprono pareti e facciate delle case dell\u2019abitato, c\u2019\u00e8 anche la Chiesa dedicata a San Lorenzo che sorge <a class=\"dt-pswp-item\" href=\"http:\/\/www.radiopiu.net\/wordpress\/wp-content\/uploads\/2019\/05\/60794479_1165775893581975_7258869917108142080_n.jpg\" data-dt-img-description=\"\" data-large_image_width=\"698\" data-large_image_height=\"960\"><img loading=\"lazy\" decoding=\"async\" class=\"size-medium wp-image-86443 alignright\" src=\"http:\/\/www.radiopiu.net\/wordpress\/wp-content\/uploads\/2019\/05\/60794479_1165775893581975_7258869917108142080_n-218x300.jpg\" alt=\"\" width=\"218\" height=\"300\" srcset=\"https:\/\/www.radiopiu.net\/wordpress\/wp-content\/uploads\/2019\/05\/60794479_1165775893581975_7258869917108142080_n-218x300.jpg 218w, https:\/\/www.radiopiu.net\/wordpress\/wp-content\/uploads\/2019\/05\/60794479_1165775893581975_7258869917108142080_n.jpg 698w\" sizes=\"auto, (max-width: 218px) 100vw, 218px\" \/><\/a>sull\u2019omonimo colle da cui prese il nome. Si tratta di una struttura dalle origini antiche, infatti alcune testimonianze ne attestano l\u2019esistenza gi\u00e0 a partire dal XIV secolo, e nel corso dei secoli sub\u00ec ricostruzioni e rifacimenti. A partire dalla ricostruzione del 1500, seguita dal rifacimento del coro nel 1700 e nel 1800 e infine alla sua completa ricostruzione per opera dell\u2019architetto Segusini nel 1850. La struttura \u00e8 stata consacrata nel 1853 da Mons. Giovanni Renier vescovo di Belluno. La chiesa di Cibiana \u00e8 caratterizzata da uno stile neoclassico, come altre strutture sacre progettate dall\u2019architetto feltrino Giuseppe Segusini. La struttura presenta una pianta quadrata e una cupola centrale sorretta da colonne staccate; la costruzione del campanile risulta invece pi\u00f9 recente rispetto all\u2019intero complesso, infatti la sua commissione risale al 1927 quando venne progettato dall\u2019ingegner bellunese Adriano Barcelloni. Ospita l\u2019altar maggiore e due altari minori collocati all\u2019interno delle cappellette laterali; l\u2019altar maggiore \u00e8 realizzato in marmo e custodisce, laddove un tempo era collocata la pala, un quadro raffigurante la Madonna affiancato dall\u2019illustrazione di San Lorenzo e di San Tiziano. Gli altari minori laterali, invece, sono stati realizzati in legno\u201d. Di interesse anche la chiesetta di San Nicol\u00f2 a Cibiana di Sotto ricostruita il secolo scorso, la Chiesa di Sant\u2019Osvaldo a Pianezze e quella di Santa Maria del Carmine risalente agli inizi del &#8216;700 e collocata a Masari\u00e8\u201d.<\/p>\n<p>NELLE FOTO (Google): le chiese di Visome a Belluno e di Cibiana di Cadore.<\/p>\n","protected":false},"excerpt":{"rendered":"<p>Puntualmente, il settimanale \u201cDomenica\u201d edito dalla Diocesi di Belluno-Feltre e diretto dal vescovo emerito monsignor Giuseppe Andrich, ricorda nell\u2019ultimo numero che domenica 26 maggio ricorre l\u2019anniversario della dedicazione &#8211; trasferita in entrambi i casi a luned\u00ec &#8211; di due chiese: quella di Visome (parroco don Giuseppe Bortolas) di Belluno, del 1830, e quella di Cibiana&hellip;<\/p>\n","protected":false},"author":1,"featured_media":86444,"comment_status":"closed","ping_status":"closed","sticky":false,"template":"","format":"standard","meta":{"_monsterinsights_skip_tracking":false,"_monsterinsights_sitenote_active":false,"_monsterinsights_sitenote_note":"","_monsterinsights_sitenote_category":0,"footnotes":""},"categories":[49],"tags":[],"class_list":["post-86442","post","type-post","status-publish","format-standard","has-post-thumbnail","hentry","category-news-18","category-49","description-off"],"img_url":"https:\/\/www.radiopiu.net\/wordpress\/wp-content\/uploads\/2019\/05\/61035835_528848347647061_7305093385939845120_n.jpg","_links":{"self":[{"href":"https:\/\/www.radiopiu.net\/wordpress\/wp-json\/wp\/v2\/posts\/86442","targetHints":{"allow":["GET"]}}],"collection":[{"href":"https:\/\/www.radiopiu.net\/wordpress\/wp-json\/wp\/v2\/posts"}],"about":[{"href":"https:\/\/www.radiopiu.net\/wordpress\/wp-json\/wp\/v2\/types\/post"}],"author":[{"embeddable":true,"href":"https:\/\/www.radiopiu.net\/wordpress\/wp-json\/wp\/v2\/users\/1"}],"replies":[{"embeddable":true,"href":"https:\/\/www.radiopiu.net\/wordpress\/wp-json\/wp\/v2\/comments?post=86442"}],"version-history":[{"count":0,"href":"https:\/\/www.radiopiu.net\/wordpress\/wp-json\/wp\/v2\/posts\/86442\/revisions"}],"wp:featuredmedia":[{"embeddable":true,"href":"https:\/\/www.radiopiu.net\/wordpress\/wp-json\/wp\/v2\/media\/86444"}],"wp:attachment":[{"href":"https:\/\/www.radiopiu.net\/wordpress\/wp-json\/wp\/v2\/media?parent=86442"}],"wp:term":[{"taxonomy":"category","embeddable":true,"href":"https:\/\/www.radiopiu.net\/wordpress\/wp-json\/wp\/v2\/categories?post=86442"},{"taxonomy":"post_tag","embeddable":true,"href":"https:\/\/www.radiopiu.net\/wordpress\/wp-json\/wp\/v2\/tags?post=86442"}],"curies":[{"name":"wp","href":"https:\/\/api.w.org\/{rel}","templated":true}]}}