{"id":86514,"date":"2019-05-27T05:17:12","date_gmt":"2019-05-27T03:17:12","guid":{"rendered":"http:\/\/www.radiopiu.net\/wordpress\/?p=86514"},"modified":"2019-05-27T11:47:08","modified_gmt":"2019-05-27T09:47:08","slug":"86514-2","status":"publish","type":"post","link":"https:\/\/www.radiopiu.net\/wordpress\/86514-2\/","title":{"rendered":"GIORNALE RADIOPIU 27 MAGGIO 2019 DIRETTORE MIRKO MEZZACASA"},"content":{"rendered":"<h2><\/h2>\n<p><strong>ELEZIONI EUROPEE<\/strong><\/p>\n<p>La Lega avanza a Nord Est sempre pi\u00f9 roccaforte di un partito che potrebbe portare a Strasburgo 6 Parlamentari (su 14), il successo del movimento di Salvini va dal Veneto all&#8217;Emilia e fino al Trentino mentre cadono i 5 Stelle e risale il PD.<\/p>\n<p><strong>ELEZIONI COMUNALI<\/strong><\/p>\n<p>Ancora prima dell&#8217;apertura delle urne, prevista per le 14 con l&#8217;inizio degli scrutini per le comunali, gi\u00e0 si conoscono i nomi dei primi 8 sindaci (su 32): Alleghe: Danilo De Toni,\u00a0 Comelico Superiore: Marco Staunovo Polacco,\u00a0 Danta: Ivano Mattea, Domegge di Cadore: Achille Barnab\u00f2,\u00a0 La Valle Agordina: Ezio Zuanel, Pedavena: Nicola Castellaz, Perarolo: Pier Luigi Svaluto Ferro, San Nicol\u00f2 Comelico: Giancarlo Ianese. A Voltago arriver\u00e0 il commissario poich\u00e9 non \u00e8 stato raggiunto il quorum, Alessandro Lazzarini ci ha provato ma il paese ha preferito un commissario della Prefettura ad un sindaco di paese. Anche Gianni Martagon a Lozzo di Cadore \u00e8 stato bocciato dal paese e anche in questo Municipio si aprono le porte per un commissario nominato dal Prefetto. Alta percentuale di votanti oltre il 74 per cento a Livinallongo del Col di Lana. A Vallada ha votato poco pi\u00f9 del 43 per cento.<\/p>\n<p>&nbsp;<\/p>\n<p>ELEZIONI EUROPEE, REPUBBLICA.IT <span style=\"color: #0000ff;\"><strong><a style=\"color: #0000ff;\" href=\"https:\/\/elezioni.repubblica.it\/2019\/europee\/italia\/italia-nord-orientale\/?fbclid=IwAR1RFo_3POr_Efxxvtl9pAq4XCR_sxLzcIthWD2ueK7Yo-jC20w46l8rrjM\">CLICCAQUI<\/a><\/strong><\/span><\/p>\n<p>&nbsp;<\/p>\n<p>&nbsp;<\/p>\n<h2>EZIO ZUANEL SINDACO DI LA VALLE<\/h2>\n<audio class=\"wp-audio-shortcode\" id=\"audio-86514-1\" preload=\"none\" style=\"width: 100%;\" controls=\"controls\"><source type=\"audio\/mpeg\" src=\"http:\/\/www.radiopiu.net\/wordpress\/wp-content\/uploads\/2019\/05\/ezio-zuanel-sindaco-intervita-lunedi-mattina.mp3?_=1\" \/><a href=\"http:\/\/www.radiopiu.net\/wordpress\/wp-content\/uploads\/2019\/05\/ezio-zuanel-sindaco-intervita-lunedi-mattina.mp3\">http:\/\/www.radiopiu.net\/wordpress\/wp-content\/uploads\/2019\/05\/ezio-zuanel-sindaco-intervita-lunedi-mattina.mp3<\/a><\/audio>\n<h2>DANILO DE TONI SINDACO DI ALLEGHE<\/h2>\n<audio class=\"wp-audio-shortcode\" id=\"audio-86514-2\" preload=\"none\" style=\"width: 100%;\" controls=\"controls\"><source type=\"audio\/mpeg\" src=\"http:\/\/www.radiopiu.net\/wordpress\/wp-content\/uploads\/2019\/05\/danilo-de-toni-sindaco-alleghe-lunedi-mattina.mp3?_=2\" \/><a href=\"http:\/\/www.radiopiu.net\/wordpress\/wp-content\/uploads\/2019\/05\/danilo-de-toni-sindaco-alleghe-lunedi-mattina.mp3\">http:\/\/www.radiopiu.net\/wordpress\/wp-content\/uploads\/2019\/05\/danilo-de-toni-sindaco-alleghe-lunedi-mattina.mp3<\/a><\/audio>\n<blockquote class=\"wp-embedded-content\" data-secret=\"vRJgDz2F5Z\"><p><a href=\"http:\/\/www.radiopiu.net\/wordpress\/elezioni-comunali-2019-laffluenza-alle-23\/\">ELEZIONI COMUNALI 2019: L&#8217;AFFLUENZA ALLE 23<\/a><\/p><\/blockquote>\n<p><iframe loading=\"lazy\" class=\"wp-embedded-content\" sandbox=\"allow-scripts\" security=\"restricted\" style=\"position: absolute; clip: rect(1px, 1px, 1px, 1px);\" src=\"http:\/\/www.radiopiu.net\/wordpress\/elezioni-comunali-2019-laffluenza-alle-23\/embed\/#?secret=vRJgDz2F5Z\" data-secret=\"vRJgDz2F5Z\" width=\"600\" height=\"338\" title=\"&#8220;ELEZIONI COMUNALI 2019: L&#8217;AFFLUENZA ALLE 23&#8221; &#8212; Radio Pi\u00f9\" frameborder=\"0\" marginwidth=\"0\" marginheight=\"0\" scrolling=\"no\"><\/iframe><\/p>\n<p>&nbsp;<\/p>\n<p>&nbsp;<\/p>\n<blockquote><p><strong><span style=\"color: #ff0000;\">\u00a0Proroga ordinanza strada Provinciale 3 Valle Imperina:<\/span> LE FESTE-GOSALDO. DA OGGI AL 01 GIUGNO CHIUSA DALLE 8 ALLE 12 E DALLE 13.30 ALLE 18<\/strong><\/p><\/blockquote>\n<p><strong><span style=\"color: #ff0000;\">DOMANI dalle 13 alle 18, potrebbe mancare l&#8217;acqua<\/span> ad AGORDO, nelle VIE DOZZA, CAMPO DEI FIORI, 5 MAGGIO, FONTANA, CALZON.<\/strong><\/p>\n<p>&nbsp;<\/p>\n<p>&nbsp;<\/p>\n<p>&nbsp;<\/p>\n<h3>ANZIANI DENUNCIATI, L&#8217;UNO PER OMISSIONE DI SOCCORSO L&#8217;ALTRO POICHE&#8217; ALLA GUIDA UBRIACO<\/h3>\n<p><strong>BORGO VALBELLUNA<\/strong> I Carabinieri di Mel hanno denunciato in stato di libert\u00e0 G.S.\u00a0 60enne di Borgo Valbelluna per omissione di soccorso. G.D. 70 anni della stessa localit\u00e0 \u00e8 stato denunciato per\u00a0 guida in stato di ebrezza. I due sono rimasti coinvolti in un incidente, il primo a bordo di una Jeep si \u00e8 allontanato senza curarsi del settantenne rimasto a bordo della sua Suzuki in seguito ad alcune ferite, di qui il ricovero all&#8217;ospedale dove sottosposto a test alcolimetrico \u00e8 risultato positivo: 2, 80 grammi litro\u00a0 di alcool.<\/p>\n<p>&nbsp;<\/p>\n<p>&nbsp;<\/p>\n<p>&nbsp;<\/p>\n<h3>TRUFFATO, LA YAMAHA NON E&#8217; STATA CONSEGNATA<\/h3>\n<p><strong>ALPAGO<\/strong>\u00a0 Un&#8217;altra truffa via internet, i Carabinieri dell&#8217;Alpago hanno denunciato un 52enne vicentino (G.B. le iniziali) e un 33enne del Bangladesh (M.M.) residente nel veronese. I due compagni di truffa sono riusciti a farsi accreditare la somma di 2700 euro su una post pay quale anticipo per la vendita di una moto\u00a0 Yamaha. Il cinquantanne dell&#8217;Alpago non avendo visto arrivare la merce n\u00e8 avendo avuto pi\u00f9 notizia dei due si \u00e8 rivolto ai Carabinieri, di qui la denuncia dei truffatori<\/p>\n<p>&nbsp;<\/p>\n<p>&nbsp;<\/p>\n<p>&nbsp;<\/p>\n<h2>CADE DALLA SCALA, RICOVERAVO IN RIANIMAZIONE<\/h2>\n<p><strong>COMELICO SUPERIORE<\/strong> Un 62enne L.Z.B. residente in Comelico ieri mattina \u00e8 stato trasportato con l&#8217;elicottero a Belluno\u00a0 e ricoverato in rianimazione dopo una caduta (probabilmente dovuta a un malore). Una vicina ha allerto il 118 dopo che l&#8217;uomo in qualche modo \u00e8 riuscito ad aprire la porta e chiedere aiuto.<\/p>\n<p>&nbsp;<\/p>\n<p>&nbsp;<\/p>\n<p>&nbsp;<\/p>\n<h3>VALLE DI SAN LUCANO PUNTA AL GUINESS DEI RECORD, IN TANTI A TAIBON ALLA PRESENTAZIONE DEL PROGETTO<\/h3>\n<p><strong><a class=\"dt-pswp-item\" href=\"http:\/\/www.radiopiu.net\/wordpress\/wp-content\/uploads\/2019\/05\/60726660_1049540855435717_1964469624024072192_n.jpg\" data-dt-img-description=\"\" data-large_image_width=\"960\" data-large_image_height=\"720\"><img loading=\"lazy\" decoding=\"async\" class=\" wp-image-86364 alignleft\" src=\"http:\/\/www.radiopiu.net\/wordpress\/wp-content\/uploads\/2019\/05\/60726660_1049540855435717_1964469624024072192_n-300x225.jpg\" alt=\"\" width=\"185\" height=\"139\" srcset=\"https:\/\/www.radiopiu.net\/wordpress\/wp-content\/uploads\/2019\/05\/60726660_1049540855435717_1964469624024072192_n-300x225.jpg 300w, https:\/\/www.radiopiu.net\/wordpress\/wp-content\/uploads\/2019\/05\/60726660_1049540855435717_1964469624024072192_n-768x576.jpg 768w, https:\/\/www.radiopiu.net\/wordpress\/wp-content\/uploads\/2019\/05\/60726660_1049540855435717_1964469624024072192_n.jpg 960w\" sizes=\"auto, (max-width: 185px) 100vw, 185px\" \/><\/a>TAIBON<\/strong> Una folla sabato sera <span class=\"text_exposed_show\">\u00a0nella sala Municipio di Taibon Agordino\u00a0 per la presentazione\u00a0 del progetto di rinascita\u00a0 della Valle di San Lucano a partire dalla Via Dolomia, un doppio percorso con cartellonistica e materiali informativi che, da Taibon paese, risale la Valle di San Lucano alla scoperta delle sue particolarit\u00e0 geologiche da una parte e la cosiddetta laguna di Pelsa e il suo scrigno di fossili che potrebbe aggiudicare alla valle il prestigioso riconoscimento del Guiness dei primati. <span style=\"color: #ff0000;\">MERCOLEDI DALLE 20.10 RADIO PIU&#8217; TRASMETTE LA REGISTRAZIONE DELLA SERATA DOCUMENTATA CON LE FOTOGRAFIE DI GIORGIO DI EGIDIO.<\/span><\/span><\/p>\n<p><a class=\"dt-pswp-item\" href=\"http:\/\/www.radiopiu.net\/wordpress\/wp-content\/uploads\/2019\/05\/IMG-20190526-WA0020.jpg\" data-dt-img-description=\"\" data-large_image_width=\"1599\" data-large_image_height=\"1200\"><img loading=\"lazy\" decoding=\"async\" class=\"alignnone wp-image-86500\" src=\"http:\/\/www.radiopiu.net\/wordpress\/wp-content\/uploads\/2019\/05\/IMG-20190526-WA0020-300x225.jpg\" alt=\"\" width=\"252\" height=\"189\" srcset=\"https:\/\/www.radiopiu.net\/wordpress\/wp-content\/uploads\/2019\/05\/IMG-20190526-WA0020-300x225.jpg 300w, https:\/\/www.radiopiu.net\/wordpress\/wp-content\/uploads\/2019\/05\/IMG-20190526-WA0020-768x576.jpg 768w, https:\/\/www.radiopiu.net\/wordpress\/wp-content\/uploads\/2019\/05\/IMG-20190526-WA0020-1024x768.jpg 1024w, https:\/\/www.radiopiu.net\/wordpress\/wp-content\/uploads\/2019\/05\/IMG-20190526-WA0020.jpg 1599w\" sizes=\"auto, (max-width: 252px) 100vw, 252px\" \/><\/a><a class=\"dt-pswp-item\" href=\"http:\/\/www.radiopiu.net\/wordpress\/wp-content\/uploads\/2019\/05\/IMG-20190526-WA0002.jpg\" data-dt-img-description=\"\" data-large_image_width=\"1599\" data-large_image_height=\"1200\"><img loading=\"lazy\" decoding=\"async\" class=\"alignnone wp-image-86496\" src=\"http:\/\/www.radiopiu.net\/wordpress\/wp-content\/uploads\/2019\/05\/IMG-20190526-WA0002-300x225.jpg\" alt=\"\" width=\"255\" height=\"192\" srcset=\"https:\/\/www.radiopiu.net\/wordpress\/wp-content\/uploads\/2019\/05\/IMG-20190526-WA0002-300x225.jpg 300w, https:\/\/www.radiopiu.net\/wordpress\/wp-content\/uploads\/2019\/05\/IMG-20190526-WA0002-768x576.jpg 768w, https:\/\/www.radiopiu.net\/wordpress\/wp-content\/uploads\/2019\/05\/IMG-20190526-WA0002-1024x768.jpg 1024w, https:\/\/www.radiopiu.net\/wordpress\/wp-content\/uploads\/2019\/05\/IMG-20190526-WA0002.jpg 1599w\" sizes=\"auto, (max-width: 255px) 100vw, 255px\" \/><\/a><a class=\"dt-pswp-item\" href=\"http:\/\/www.radiopiu.net\/wordpress\/wp-content\/uploads\/2019\/05\/IMG-20190526-WA0022.jpg\" data-dt-img-description=\"\" data-large_image_width=\"1200\" data-large_image_height=\"1599\"><img loading=\"lazy\" decoding=\"async\" class=\"alignnone wp-image-86493\" src=\"http:\/\/www.radiopiu.net\/wordpress\/wp-content\/uploads\/2019\/05\/IMG-20190526-WA0022-225x300.jpg\" alt=\"\" width=\"143\" height=\"191\" srcset=\"https:\/\/www.radiopiu.net\/wordpress\/wp-content\/uploads\/2019\/05\/IMG-20190526-WA0022-225x300.jpg 225w, https:\/\/www.radiopiu.net\/wordpress\/wp-content\/uploads\/2019\/05\/IMG-20190526-WA0022-768x1024.jpg 768w, https:\/\/www.radiopiu.net\/wordpress\/wp-content\/uploads\/2019\/05\/IMG-20190526-WA0022.jpg 1200w\" sizes=\"auto, (max-width: 143px) 100vw, 143px\" \/><\/a><\/p>\n<p><strong>DINO PRELORAN, DANILO GIORDANO OSPITI A RADIOPIU, di Claudio Fontanive<\/strong><\/p>\n<audio class=\"wp-audio-shortcode\" id=\"audio-86514-3\" preload=\"none\" style=\"width: 100%;\" controls=\"controls\"><source type=\"audio\/mpeg\" src=\"http:\/\/www.radiopiu.net\/wordpress\/wp-content\/uploads\/2019\/05\/danilo-giordano-dino-preloran-1.mp3?_=3\" \/><a href=\"http:\/\/www.radiopiu.net\/wordpress\/wp-content\/uploads\/2019\/05\/danilo-giordano-dino-preloran-1.mp3\">http:\/\/www.radiopiu.net\/wordpress\/wp-content\/uploads\/2019\/05\/danilo-giordano-dino-preloran-1.mp3<\/a><\/audio>\n<p>VIDEO GIORGIO DI EGIDIO FACEBOOK <a href=\"https:\/\/www.facebook.com\/GiDiO\/videos\/10219664381783918\/\">CLICCA QUI<\/a><\/p>\n<p>&nbsp;<\/p>\n<p>&nbsp;<\/p>\n<p>&nbsp;<\/p>\n<h2>FINE SETTIMANA IN PARROCCHIA TRA COSCRITTI E TERZA FESTA DEL VOLONTARIATO<\/h2>\n<p><strong>AGORDO<\/strong> Tanti i partecipanti alla festa del volontariato e della solidariet\u00e0, una trentina le associazioni presenti. Nella sua omelia l\u2019arcidiacono mons. Giorgio Lise ha sottolineato \u00abNon ho mai visto \u2013 ha detto \u2013 una persona tornare triste da un\u2019esperienza di volontariato\u00bb. E poi: \u00abLo ha mostrato chiaramente anche il giovane Marco Imperatore, ieri nell\u2019incontro al Centro parrocchiale, parlandoci delle sue esperienze in Camerun e al carcere di Belluno. E credo che ciascuno di voi, impegnato in questo servizio come una autentica \u201cmissione\u201d, lo possa confermare: davvero, dopo un\u2019attivit\u00e0 di volontariato, si torna a casa sempre \u201ccon gli occhi stanchi ma nel cuore il sereno\u201d, come diceva una canzone di tanti anni fa. E, questo, nonostante le difficolt\u00e0 sempre pi\u00f9 pesanti che una legislazione, pur voluta \u2013 credo \u2013 con un fine positivo, sta ponendo alle varie Associazioni che operano nel volontariato e che si vedono spesso impossibilitate a dare tutto quello che vorrebbero e che sarebbe necessario\u00bb.<\/p>\n<p>Sabato mattina festa dei coscritti dell&#8217;Agordino, oltre un centinaio i ragazzi e le ragazze del 1939 e i coscritti di oggi. Questo una passaggio dell&#8217;omelia di Monsignor Giorgio Lise <em>&#8220;Resta sempre vero che gli anni passano in fretta; e per\u00f2 il dono della vita, nonostante la fatica e il dolore che la segnano, \u00e8 troppo bello e prezioso perch\u00e9 ce ne possiamo stancare&#8230;. Per questo vi auguro che la \u201crobustezza\u201d (il salmista dice proprio cos\u00ec: gli anni sono 80 per i pi\u00f9 robusti) dei vostri 80 anni vi faccia vivere sempre nella serenit\u00e0 e nella speranza; e sia di sprone a tanti giovani che oggi, purtroppo \u2013 complice anche una societ\u00e0 che non li aiuta a crescere con vigore e ottimismo \u2013 sentono di invecchiare precocemente. Il vostro esempio dica loro che si pu\u00f2 essere davvero sempre giovani&#8221;.<\/em><\/p>\n<p><strong>TERZA FESTA DEL VOLONTARIATO, FOTO FEDERICO COSTA<\/strong><\/p>\n<p><a class=\"dt-pswp-item\" href=\"http:\/\/www.radiopiu.net\/wordpress\/wp-content\/uploads\/2019\/05\/IMG_1103_1.jpg\" data-dt-img-description=\"\" data-large_image_width=\"1772\" data-large_image_height=\"1181\"><img loading=\"lazy\" decoding=\"async\" class=\"alignnone wp-image-86515 \" src=\"http:\/\/www.radiopiu.net\/wordpress\/wp-content\/uploads\/2019\/05\/IMG_1103_1-1024x682.jpg\" alt=\"\" width=\"1024\" height=\"682\" srcset=\"https:\/\/www.radiopiu.net\/wordpress\/wp-content\/uploads\/2019\/05\/IMG_1103_1-1024x682.jpg 1024w, https:\/\/www.radiopiu.net\/wordpress\/wp-content\/uploads\/2019\/05\/IMG_1103_1-300x200.jpg 300w, https:\/\/www.radiopiu.net\/wordpress\/wp-content\/uploads\/2019\/05\/IMG_1103_1-768x512.jpg 768w, https:\/\/www.radiopiu.net\/wordpress\/wp-content\/uploads\/2019\/05\/IMG_1103_1.jpg 1772w\" sizes=\"auto, (max-width: 1024px) 100vw, 1024px\" \/><\/a><\/p>\n<p>&nbsp;<\/p>\n<p>&nbsp;<\/p>\n<p>&nbsp;<\/p>\n<p>&nbsp;<\/p>\n<h2>L&#8217;INTERESSE PER I RETTILI E&#8217; SEMPRE ALTO, MOSTRA DI SUCCESSO A LONGARONE<\/h2>\n<p><strong><a class=\"dt-pswp-item\" href=\"http:\/\/www.radiopiu.net\/wordpress\/wp-content\/uploads\/2019\/05\/Scheletro-pitone-reale.jpg\" data-dt-img-description=\"\" data-large_image_width=\"2000\" data-large_image_height=\"1134\"><img loading=\"lazy\" decoding=\"async\" class=\"alignnone wp-image-86521\" src=\"http:\/\/www.radiopiu.net\/wordpress\/wp-content\/uploads\/2019\/05\/Scheletro-pitone-reale-300x170.jpg\" alt=\"\" width=\"227\" height=\"128\" srcset=\"https:\/\/www.radiopiu.net\/wordpress\/wp-content\/uploads\/2019\/05\/Scheletro-pitone-reale-300x170.jpg 300w, https:\/\/www.radiopiu.net\/wordpress\/wp-content\/uploads\/2019\/05\/Scheletro-pitone-reale-768x435.jpg 768w, https:\/\/www.radiopiu.net\/wordpress\/wp-content\/uploads\/2019\/05\/Scheletro-pitone-reale-1024x581.jpg 1024w, https:\/\/www.radiopiu.net\/wordpress\/wp-content\/uploads\/2019\/05\/Scheletro-pitone-reale.jpg 2000w\" sizes=\"auto, (max-width: 227px) 100vw, 227px\" \/><\/a><a class=\"dt-pswp-item\" href=\"http:\/\/www.radiopiu.net\/wordpress\/wp-content\/uploads\/2019\/05\/Camaleonte-a-Reptiles-Day-2019.jpg\" data-dt-img-description=\"\" data-large_image_width=\"2000\" data-large_image_height=\"1338\"><img loading=\"lazy\" decoding=\"async\" class=\"alignnone wp-image-86522\" src=\"http:\/\/www.radiopiu.net\/wordpress\/wp-content\/uploads\/2019\/05\/Camaleonte-a-Reptiles-Day-2019-300x201.jpg\" alt=\"\" width=\"192\" height=\"129\" srcset=\"https:\/\/www.radiopiu.net\/wordpress\/wp-content\/uploads\/2019\/05\/Camaleonte-a-Reptiles-Day-2019-300x201.jpg 300w, https:\/\/www.radiopiu.net\/wordpress\/wp-content\/uploads\/2019\/05\/Camaleonte-a-Reptiles-Day-2019-768x514.jpg 768w, https:\/\/www.radiopiu.net\/wordpress\/wp-content\/uploads\/2019\/05\/Camaleonte-a-Reptiles-Day-2019-1024x685.jpg 1024w, https:\/\/www.radiopiu.net\/wordpress\/wp-content\/uploads\/2019\/05\/Camaleonte-a-Reptiles-Day-2019.jpg 2000w\" sizes=\"auto, (max-width: 192px) 100vw, 192px\" \/><\/a><a class=\"dt-pswp-item\" href=\"http:\/\/www.radiopiu.net\/wordpress\/wp-content\/uploads\/2019\/05\/Taglio-del-nastro-23-Reptiles-Day-Longarone.jpg\" data-dt-img-description=\"\" data-large_image_width=\"2000\" data-large_image_height=\"1081\"><img loading=\"lazy\" decoding=\"async\" class=\"alignnone wp-image-86520\" src=\"http:\/\/www.radiopiu.net\/wordpress\/wp-content\/uploads\/2019\/05\/Taglio-del-nastro-23-Reptiles-Day-Longarone-300x162.jpg\" alt=\"\" width=\"246\" height=\"133\" srcset=\"https:\/\/www.radiopiu.net\/wordpress\/wp-content\/uploads\/2019\/05\/Taglio-del-nastro-23-Reptiles-Day-Longarone-300x162.jpg 300w, https:\/\/www.radiopiu.net\/wordpress\/wp-content\/uploads\/2019\/05\/Taglio-del-nastro-23-Reptiles-Day-Longarone-768x415.jpg 768w, https:\/\/www.radiopiu.net\/wordpress\/wp-content\/uploads\/2019\/05\/Taglio-del-nastro-23-Reptiles-Day-Longarone-1024x553.jpg 1024w, https:\/\/www.radiopiu.net\/wordpress\/wp-content\/uploads\/2019\/05\/Taglio-del-nastro-23-Reptiles-Day-Longarone.jpg 2000w\" sizes=\"auto, (max-width: 246px) 100vw, 246px\" \/><\/a>LONGARONE<\/strong> La 23. edizione di Reptiles Day, la mostra scambio di rettili, anfibi, insetti e piante tropicali che dal 2001 si tiene a Longarone Fiere Dolomiti ha avuto il successo di sempre. A tagliare il nastro l&#8217;Assessore al Territorio, Cultura, Sicurezza e Sport della Regione del Veneto, Cristiano Corazzari, affiancato dal Vicepresidente della Fiera, Giorgio Bosa e dal Presidente della Provincia di Belluno e Sindaco di Longarone, Roberto Padrin. Per Corazzari un evento importante e molto attrattivo, e &#8220;anche un momento di promozione forte del territorio attorno a un tema come quello degli animali e dell&#8217;ambiente che sicuramente va a riscoprire sensibilit\u00e0 nelle persone collegate appunto ad una sostenibilit\u00e0 ambientale e anche al rapporto che possiamo avere con la natura&#8221;.<\/p>\n<p><strong>&#8211; Video Cristiano Corazzari, Assessore Territorio Cultura Sicurezza Sport Regione del Veneto<\/strong><\/p>\n<div style=\"width: 1200px;\" class=\"wp-video\"><video class=\"wp-video-shortcode\" id=\"video-86514-1\" width=\"1200\" height=\"675\" preload=\"metadata\" controls=\"controls\"><source type=\"video\/mp4\" src=\"http:\/\/www.radiopiu.net\/wordpress\/wp-content\/uploads\/2019\/05\/Cristiano-Corazzari-TV.mp4?_=1\" \/><a href=\"http:\/\/www.radiopiu.net\/wordpress\/wp-content\/uploads\/2019\/05\/Cristiano-Corazzari-TV.mp4\">http:\/\/www.radiopiu.net\/wordpress\/wp-content\/uploads\/2019\/05\/Cristiano-Corazzari-TV.mp4<\/a><\/video><\/div>\n<p><strong>&#8211; Video intervento Giorgio Bosa, Vicepresidente Longarone Fiere Dolomiti<\/strong><\/p>\n<div style=\"width: 1200px;\" class=\"wp-video\"><video class=\"wp-video-shortcode\" id=\"video-86514-2\" width=\"1200\" height=\"675\" preload=\"metadata\" controls=\"controls\"><source type=\"video\/mp4\" src=\"http:\/\/www.radiopiu.net\/wordpress\/wp-content\/uploads\/2019\/05\/Giorgio-Bosa-TV.mp4?_=2\" \/><a href=\"http:\/\/www.radiopiu.net\/wordpress\/wp-content\/uploads\/2019\/05\/Giorgio-Bosa-TV.mp4\">http:\/\/www.radiopiu.net\/wordpress\/wp-content\/uploads\/2019\/05\/Giorgio-Bosa-TV.mp4<\/a><\/video><\/div>\n<p><strong>&#8211; Video intervento Roberto Padrin, Presidente Provincia Belluno e Sindaco Longarone<\/strong><\/p>\n<div style=\"width: 1200px;\" class=\"wp-video\"><video class=\"wp-video-shortcode\" id=\"video-86514-3\" width=\"1200\" height=\"675\" preload=\"metadata\" controls=\"controls\"><source type=\"video\/mp4\" src=\"http:\/\/www.radiopiu.net\/wordpress\/wp-content\/uploads\/2019\/05\/Roberto-Padrin-TV.mp4?_=3\" \/><a href=\"http:\/\/www.radiopiu.net\/wordpress\/wp-content\/uploads\/2019\/05\/Roberto-Padrin-TV.mp4\">http:\/\/www.radiopiu.net\/wordpress\/wp-content\/uploads\/2019\/05\/Roberto-Padrin-TV.mp4<\/a><\/video><\/div>\n<h2><\/h2>\n<p>&nbsp;<\/p>\n<p>&nbsp;<\/p>\n<h2>IL CONCERTO DEL CORO AGORDO PER TERRY E NILLO A VOLTAGO, LE FOTO DELL&#8217;EVENTO.<\/h2>\n<p><a class=\"dt-pswp-item\" href=\"http:\/\/www.radiopiu.net\/wordpress\/wp-content\/uploads\/2019\/05\/WhatsApp-Image-2019-05-25-at-21.22.13-1.jpeg\" data-dt-img-description=\"\" data-large_image_width=\"1600\" data-large_image_height=\"1200\"><img loading=\"lazy\" decoding=\"async\" class=\"alignnone wp-image-86529\" src=\"http:\/\/www.radiopiu.net\/wordpress\/wp-content\/uploads\/2019\/05\/WhatsApp-Image-2019-05-25-at-21.22.13-1-300x225.jpeg\" alt=\"\" width=\"614\" height=\"460\" srcset=\"https:\/\/www.radiopiu.net\/wordpress\/wp-content\/uploads\/2019\/05\/WhatsApp-Image-2019-05-25-at-21.22.13-1-300x225.jpeg 300w, https:\/\/www.radiopiu.net\/wordpress\/wp-content\/uploads\/2019\/05\/WhatsApp-Image-2019-05-25-at-21.22.13-1-768x576.jpeg 768w, https:\/\/www.radiopiu.net\/wordpress\/wp-content\/uploads\/2019\/05\/WhatsApp-Image-2019-05-25-at-21.22.13-1-1024x768.jpeg 1024w, https:\/\/www.radiopiu.net\/wordpress\/wp-content\/uploads\/2019\/05\/WhatsApp-Image-2019-05-25-at-21.22.13-1.jpeg 1600w\" sizes=\"auto, (max-width: 614px) 100vw, 614px\" \/><\/a><a class=\"dt-pswp-item\" href=\"http:\/\/www.radiopiu.net\/wordpress\/wp-content\/uploads\/2019\/05\/WhatsApp-Image-2019-05-25-at-21.05.23.jpeg\" data-dt-img-description=\"\" data-large_image_width=\"1600\" data-large_image_height=\"1200\"><img loading=\"lazy\" decoding=\"async\" class=\"alignnone wp-image-86527\" src=\"http:\/\/www.radiopiu.net\/wordpress\/wp-content\/uploads\/2019\/05\/WhatsApp-Image-2019-05-25-at-21.05.23-300x225.jpeg\" alt=\"\" width=\"397\" height=\"298\" srcset=\"https:\/\/www.radiopiu.net\/wordpress\/wp-content\/uploads\/2019\/05\/WhatsApp-Image-2019-05-25-at-21.05.23-300x225.jpeg 300w, https:\/\/www.radiopiu.net\/wordpress\/wp-content\/uploads\/2019\/05\/WhatsApp-Image-2019-05-25-at-21.05.23-768x576.jpeg 768w, https:\/\/www.radiopiu.net\/wordpress\/wp-content\/uploads\/2019\/05\/WhatsApp-Image-2019-05-25-at-21.05.23-1024x768.jpeg 1024w, https:\/\/www.radiopiu.net\/wordpress\/wp-content\/uploads\/2019\/05\/WhatsApp-Image-2019-05-25-at-21.05.23.jpeg 1600w\" sizes=\"auto, (max-width: 397px) 100vw, 397px\" \/><\/a><a class=\"dt-pswp-item\" href=\"http:\/\/www.radiopiu.net\/wordpress\/wp-content\/uploads\/2019\/05\/WhatsApp-Image-2019-05-25-at-21.00.37.jpeg\" data-dt-img-description=\"\" data-large_image_width=\"1200\" data-large_image_height=\"1600\"><img loading=\"lazy\" decoding=\"async\" class=\"alignnone size-medium wp-image-86526\" src=\"http:\/\/www.radiopiu.net\/wordpress\/wp-content\/uploads\/2019\/05\/WhatsApp-Image-2019-05-25-at-21.00.37-225x300.jpeg\" alt=\"\" width=\"225\" height=\"300\" srcset=\"https:\/\/www.radiopiu.net\/wordpress\/wp-content\/uploads\/2019\/05\/WhatsApp-Image-2019-05-25-at-21.00.37-225x300.jpeg 225w, https:\/\/www.radiopiu.net\/wordpress\/wp-content\/uploads\/2019\/05\/WhatsApp-Image-2019-05-25-at-21.00.37-768x1024.jpeg 768w, https:\/\/www.radiopiu.net\/wordpress\/wp-content\/uploads\/2019\/05\/WhatsApp-Image-2019-05-25-at-21.00.37.jpeg 1200w\" sizes=\"auto, (max-width: 225px) 100vw, 225px\" \/><\/a><a class=\"dt-pswp-item\" href=\"http:\/\/www.radiopiu.net\/wordpress\/wp-content\/uploads\/2019\/05\/WhatsApp-Image-2019-05-25-at-21.00.15.jpeg\" data-dt-img-description=\"\" data-large_image_width=\"1600\" data-large_image_height=\"1200\"><img loading=\"lazy\" decoding=\"async\" class=\"alignnone wp-image-86525\" src=\"http:\/\/www.radiopiu.net\/wordpress\/wp-content\/uploads\/2019\/05\/WhatsApp-Image-2019-05-25-at-21.00.15-300x225.jpeg\" alt=\"\" width=\"396\" height=\"297\" srcset=\"https:\/\/www.radiopiu.net\/wordpress\/wp-content\/uploads\/2019\/05\/WhatsApp-Image-2019-05-25-at-21.00.15-300x225.jpeg 300w, https:\/\/www.radiopiu.net\/wordpress\/wp-content\/uploads\/2019\/05\/WhatsApp-Image-2019-05-25-at-21.00.15-768x576.jpeg 768w, https:\/\/www.radiopiu.net\/wordpress\/wp-content\/uploads\/2019\/05\/WhatsApp-Image-2019-05-25-at-21.00.15-1024x768.jpeg 1024w, https:\/\/www.radiopiu.net\/wordpress\/wp-content\/uploads\/2019\/05\/WhatsApp-Image-2019-05-25-at-21.00.15.jpeg 1600w\" sizes=\"auto, (max-width: 396px) 100vw, 396px\" \/><\/a><a class=\"dt-pswp-item\" href=\"http:\/\/www.radiopiu.net\/wordpress\/wp-content\/uploads\/2019\/05\/WhatsApp-Image-2019-05-25-at-21.22.13.jpeg\" data-dt-img-description=\"\" data-large_image_width=\"1200\" data-large_image_height=\"1600\"><img loading=\"lazy\" decoding=\"async\" class=\"alignnone size-medium wp-image-86530\" src=\"http:\/\/www.radiopiu.net\/wordpress\/wp-content\/uploads\/2019\/05\/WhatsApp-Image-2019-05-25-at-21.22.13-225x300.jpeg\" alt=\"\" width=\"225\" height=\"300\" srcset=\"https:\/\/www.radiopiu.net\/wordpress\/wp-content\/uploads\/2019\/05\/WhatsApp-Image-2019-05-25-at-21.22.13-225x300.jpeg 225w, https:\/\/www.radiopiu.net\/wordpress\/wp-content\/uploads\/2019\/05\/WhatsApp-Image-2019-05-25-at-21.22.13-768x1024.jpeg 768w, https:\/\/www.radiopiu.net\/wordpress\/wp-content\/uploads\/2019\/05\/WhatsApp-Image-2019-05-25-at-21.22.13.jpeg 1200w\" sizes=\"auto, (max-width: 225px) 100vw, 225px\" \/><\/a><\/p>\n<h3><\/h3>\n<h3><\/h3>\n<h3><\/h3>\n<h3>A COLLE SANTA LUCIA LA MOSTRA FOTOGRAFICA SULL&#8217;EMIGRAZIONE<\/h3>\n<blockquote><p><em><strong>La mostra sar\u00e0 allestita all&#8217;Istitut Cultural Ladin Cesa de Jan dal 1 giugno al 15 settembre, visitabile dalle 16 alle 19 dal giovedi al sabato, ad agosto tutti i giorni.<\/strong><\/em><\/p><\/blockquote>\n<p><strong><a class=\"dt-pswp-item\" href=\"http:\/\/www.radiopiu.net\/wordpress\/wp-content\/uploads\/2019\/05\/cartolina_mostra-1_page-0001.jpg\" data-dt-img-description=\"\" data-large_image_width=\"898\" data-large_image_height=\"603\"><img loading=\"lazy\" decoding=\"async\" class=\"size-medium wp-image-86369 alignleft\" src=\"http:\/\/www.radiopiu.net\/wordpress\/wp-content\/uploads\/2019\/05\/cartolina_mostra-1_page-0001-300x201.jpg\" alt=\"\" width=\"300\" height=\"201\" srcset=\"https:\/\/www.radiopiu.net\/wordpress\/wp-content\/uploads\/2019\/05\/cartolina_mostra-1_page-0001-300x201.jpg 300w, https:\/\/www.radiopiu.net\/wordpress\/wp-content\/uploads\/2019\/05\/cartolina_mostra-1_page-0001-768x516.jpg 768w, https:\/\/www.radiopiu.net\/wordpress\/wp-content\/uploads\/2019\/05\/cartolina_mostra-1_page-0001.jpg 898w\" sizes=\"auto, (max-width: 300px) 100vw, 300px\" \/><\/a>BELLUNO<\/strong> Oggi alle 11.30 nella sala riunioni dell&#8217;Associazione Bellunesi nel Mondo presentazione della mostra fotografica <em>&#8220;Emigrazione dalla montagna dolomitica nel corso del Novecento&#8221;,<\/em> a cura di Luciana Palla, promossa dall\u2019Istituto Culturale Ladino \u201cCesa de Jan\u201d\u00a0 e che vede il patrocinio dell&#8217;Associazione Bellunesi nel Mondo e della Fondazione Dolomiti Unesco.<\/p>\n<p>Alla conferenza di presentazione parteciperanno: Denni Dorigo, direttore dell&#8217;Istituto Ladino &#8220;Cesa de Jan&#8221;; Luciana Palla, curatrice della mostra; Oscar De Bona, presidente dell&#8217;Associazione Bellunesi nel Mondo. La mostra illustra alcuni aspetti dell&#8217;emigrazione da Colle Santa\u00a0 Lucia, Livinallongo, Rocca Pietore nel corso del Novecento. Esodo permanente verso le Americhe e l&#8217;Australia, stagionale verso l&#8217;Europa. Con fotografie e documenti ricordiamo una storia fatta in gran parte di duro lavoro, sofferenze, sacrifici, nella speranza di costruirsi un futuro migliore.<\/p>\n<p>&nbsp;<\/p>\n<p>&nbsp;<\/p>\n<p>&nbsp;<\/p>\n<p>&nbsp;<\/p>\n<p>&nbsp;<\/p>\n<h2>TAVOLA ROTONDA: #ETUCHESPETTI?<\/h2>\n<blockquote><p><em>15 anni del Corso Serale Forcellini di Feltre<\/em><\/p><\/blockquote>\n<p><strong>FELTRE<\/strong> Un importante appuntamento per l\u2019Istituto Superiore di Feltre \u00e8 in programma\u00a0 per le 20,30 presso la sede dell\u2019Istituto \u201cNegrelli-Forcellini\u201d in via Colombo 11 a Feltre; si tratta di una tavola rotonda dal trema #etucheaspetti? , ove di parler\u00e0 di istruzione per gli adulti; la ricorrenza che si vuole festeggiare \u00e8 una tappa importante del Corso Serale Forcellini, che dopo essere nato nel 2004 si \u00e8 sempre pi\u00f9 sviluppato in questi anni e col 2019 compie 15 anni. Accanto allo storico Corso per tecnico in Costruzioni, Ambiente e Territorio, dal 2018 si \u00e8 affiancato quello di Meccanica e Meccatronica, per un totale di oltre 50 iscritti nell\u2019ultimo anno scolastico, con et\u00e0 variabile dai 18 ai 60 anni. Dopo l\u2019introduzione del Dirigente Scolastico Alessandro Bee, e i saluti delle autorit\u00e0 invitate, la parola passer\u00e0 prima ai proff. Michele Da Rold e Fabio Marchetti del CPIA di Belluno, per poi sentire tre testimonianze di allievi che hanno fatto o stanno facendo il Corso Serale (Anna Milani, Valentino Chiomento e il geom. Luciano Tonni), per concludersi poi con il prof. Fabio Sommacal che spiegher\u00e0 come il corso serale feltrino in questi anni si sia evoluto, con importanti iniziative per andare incontro ai propri allievi e per adeguarsi alla vigente normativa scolastica, come ad esempio la FAD (fruizione a distanza), l\u2019impostazione modulare della didattica e la certificazione del percorso che porta al diploma. L\u2019incontro \u00e8 aperto a tutti e si concluder\u00e0 con un rinfresco. Eventuali informazioni per iscriversi al corso \u00e8 possibile trovarle sul sito www.geometrifeltre.it o chiamando il 380.2556373.<\/p>\n<p><a class=\"dt-pswp-item\" href=\"http:\/\/www.radiopiu.net\/wordpress\/wp-content\/uploads\/2019\/05\/IMG_4086.jpg\" data-dt-img-description=\"\" data-large_image_width=\"4032\" data-large_image_height=\"3024\"><img loading=\"lazy\" decoding=\"async\" class=\"alignnone wp-image-86554\" src=\"http:\/\/www.radiopiu.net\/wordpress\/wp-content\/uploads\/2019\/05\/IMG_4086-300x225.jpg\" alt=\"\" width=\"131\" height=\"98\" srcset=\"https:\/\/www.radiopiu.net\/wordpress\/wp-content\/uploads\/2019\/05\/IMG_4086-300x225.jpg 300w, https:\/\/www.radiopiu.net\/wordpress\/wp-content\/uploads\/2019\/05\/IMG_4086-768x576.jpg 768w, https:\/\/www.radiopiu.net\/wordpress\/wp-content\/uploads\/2019\/05\/IMG_4086-1024x768.jpg 1024w\" sizes=\"auto, (max-width: 131px) 100vw, 131px\" \/> <\/a><a class=\"dt-pswp-item\" href=\"http:\/\/www.radiopiu.net\/wordpress\/wp-content\/uploads\/2019\/05\/IMG_20190508_200247.jpg\" data-dt-img-description=\"\" data-large_image_width=\"2560\" data-large_image_height=\"1920\"><img loading=\"lazy\" decoding=\"async\" class=\"alignnone wp-image-86555\" src=\"http:\/\/www.radiopiu.net\/wordpress\/wp-content\/uploads\/2019\/05\/IMG_20190508_200247-300x225.jpg\" alt=\"\" width=\"127\" height=\"95\" srcset=\"https:\/\/www.radiopiu.net\/wordpress\/wp-content\/uploads\/2019\/05\/IMG_20190508_200247-300x225.jpg 300w, https:\/\/www.radiopiu.net\/wordpress\/wp-content\/uploads\/2019\/05\/IMG_20190508_200247-768x576.jpg 768w, https:\/\/www.radiopiu.net\/wordpress\/wp-content\/uploads\/2019\/05\/IMG_20190508_200247-1024x768.jpg 1024w\" sizes=\"auto, (max-width: 127px) 100vw, 127px\" \/><\/a><a class=\"dt-pswp-item\" href=\"http:\/\/www.radiopiu.net\/wordpress\/wp-content\/uploads\/2019\/05\/IMG_20190507_162246.jpg\" data-dt-img-description=\"\" data-large_image_width=\"2560\" data-large_image_height=\"1920\"><img loading=\"lazy\" decoding=\"async\" class=\"alignnone wp-image-86556\" src=\"http:\/\/www.radiopiu.net\/wordpress\/wp-content\/uploads\/2019\/05\/IMG_20190507_162246-300x225.jpg\" alt=\"\" width=\"125\" height=\"94\" srcset=\"https:\/\/www.radiopiu.net\/wordpress\/wp-content\/uploads\/2019\/05\/IMG_20190507_162246-300x225.jpg 300w, https:\/\/www.radiopiu.net\/wordpress\/wp-content\/uploads\/2019\/05\/IMG_20190507_162246-768x576.jpg 768w, https:\/\/www.radiopiu.net\/wordpress\/wp-content\/uploads\/2019\/05\/IMG_20190507_162246-1024x768.jpg 1024w\" sizes=\"auto, (max-width: 125px) 100vw, 125px\" \/><\/a><a class=\"dt-pswp-item\" href=\"http:\/\/www.radiopiu.net\/wordpress\/wp-content\/uploads\/2019\/05\/Serale-001.jpg\" data-dt-img-description=\"\" data-large_image_width=\"1084\" data-large_image_height=\"608\"><img loading=\"lazy\" decoding=\"async\" class=\"alignnone wp-image-86557\" src=\"http:\/\/www.radiopiu.net\/wordpress\/wp-content\/uploads\/2019\/05\/Serale-001-300x168.jpg\" alt=\"\" width=\"211\" height=\"118\" srcset=\"https:\/\/www.radiopiu.net\/wordpress\/wp-content\/uploads\/2019\/05\/Serale-001-300x168.jpg 300w, https:\/\/www.radiopiu.net\/wordpress\/wp-content\/uploads\/2019\/05\/Serale-001-768x431.jpg 768w, https:\/\/www.radiopiu.net\/wordpress\/wp-content\/uploads\/2019\/05\/Serale-001-1024x574.jpg 1024w, https:\/\/www.radiopiu.net\/wordpress\/wp-content\/uploads\/2019\/05\/Serale-001.jpg 1084w\" sizes=\"auto, (max-width: 211px) 100vw, 211px\" \/><\/a><a class=\"dt-pswp-item\" href=\"http:\/\/www.radiopiu.net\/wordpress\/wp-content\/uploads\/2019\/05\/Serale-002.jpg\" data-dt-img-description=\"\" data-large_image_width=\"924\" data-large_image_height=\"662\"><img loading=\"lazy\" decoding=\"async\" class=\"alignnone wp-image-86558\" src=\"http:\/\/www.radiopiu.net\/wordpress\/wp-content\/uploads\/2019\/05\/Serale-002-300x215.jpg\" alt=\"\" width=\"163\" height=\"117\" srcset=\"https:\/\/www.radiopiu.net\/wordpress\/wp-content\/uploads\/2019\/05\/Serale-002-300x215.jpg 300w, https:\/\/www.radiopiu.net\/wordpress\/wp-content\/uploads\/2019\/05\/Serale-002-768x550.jpg 768w, https:\/\/www.radiopiu.net\/wordpress\/wp-content\/uploads\/2019\/05\/Serale-002.jpg 924w\" sizes=\"auto, (max-width: 163px) 100vw, 163px\" \/><\/a><a class=\"dt-pswp-item\" href=\"http:\/\/www.radiopiu.net\/wordpress\/wp-content\/uploads\/2019\/05\/Serale-003.jpg\" data-dt-img-description=\"\" data-large_image_width=\"1497\" data-large_image_height=\"602\"><img loading=\"lazy\" decoding=\"async\" class=\"alignnone wp-image-86559\" src=\"http:\/\/www.radiopiu.net\/wordpress\/wp-content\/uploads\/2019\/05\/Serale-003-300x121.jpg\" alt=\"\" width=\"268\" height=\"108\" srcset=\"https:\/\/www.radiopiu.net\/wordpress\/wp-content\/uploads\/2019\/05\/Serale-003-300x121.jpg 300w, https:\/\/www.radiopiu.net\/wordpress\/wp-content\/uploads\/2019\/05\/Serale-003-768x309.jpg 768w, https:\/\/www.radiopiu.net\/wordpress\/wp-content\/uploads\/2019\/05\/Serale-003-1024x412.jpg 1024w, https:\/\/www.radiopiu.net\/wordpress\/wp-content\/uploads\/2019\/05\/Serale-003.jpg 1497w\" sizes=\"auto, (max-width: 268px) 100vw, 268px\" \/><\/a><\/p>\n<p>&nbsp;<\/p>\n<p>&nbsp;<\/p>\n<p>&nbsp;<\/p>\n<p>&nbsp;<\/p>\n<h2>UN CONCERTO A DIECI ANNI DALLA CHIUSURA DELLA GABELLI<\/h2>\n<p><strong><a class=\"dt-pswp-item\" href=\"http:\/\/www.radiopiu.net\/wordpress\/wp-content\/uploads\/2019\/05\/33328_scuola-elementare-aristide-gabelli.jpg\" data-dt-img-description=\"\" data-large_image_width=\"978\" data-large_image_height=\"800\"><img loading=\"lazy\" decoding=\"async\" class=\" wp-image-86415 alignleft\" src=\"http:\/\/www.radiopiu.net\/wordpress\/wp-content\/uploads\/2019\/05\/33328_scuola-elementare-aristide-gabelli-300x245.jpg\" alt=\"\" width=\"187\" height=\"153\" srcset=\"https:\/\/www.radiopiu.net\/wordpress\/wp-content\/uploads\/2019\/05\/33328_scuola-elementare-aristide-gabelli-300x245.jpg 300w, https:\/\/www.radiopiu.net\/wordpress\/wp-content\/uploads\/2019\/05\/33328_scuola-elementare-aristide-gabelli-768x628.jpg 768w, https:\/\/www.radiopiu.net\/wordpress\/wp-content\/uploads\/2019\/05\/33328_scuola-elementare-aristide-gabelli.jpg 978w\" sizes=\"auto, (max-width: 187px) 100vw, 187px\" \/><\/a>BELLUNO<\/strong>\u00a0 Mercoled\u00ec 29 maggio 2019 ricorre il decennale dell\u2019Ordinanza sindacale con cui fu chiusa la scuola cittadina di Belluno\u00a0 intitolata al bellunese Aristide Gabelli che fu tanto desiderata, con determinazione perseguita e con passione costruita da Pierina Boranga assieme agli ingegneri Guglielmo e Agostino Zadra. Oggi la scuola \u00e8 ancora chiusa nell\u2019attesa che si avviino e si compiano i lavori di recupero gi\u00e0 progettati. L&#8217;Associazione per il recupero della Gabelli vuole ricordare questa ricorrenza, con il patrocinio dell\u2019Amministrazione comunale, dell\u2019Istituto Comprensivo Belluno 3 con un concerto pubblico gratuito che si svolger\u00e0 mercoledi nel giardino della sede storica della scuola con inizio alle 17:30.<br \/>\nInterverranno \u00a0il coro Musica 2020 della Scuola Gabelli, Direttore M. Anna Reolon, l\u2019 Ensemble di clarinetti della Scuola di Musica Antonio Miari e del Liceo musicale Giustina Renier, Direttore M. Alessandro Muscatello, \u00a0la Prima Banda della Filarmonica di Belluno 1867, Direttore M. Sandro De Marchi In casi maltempo il concerto si sposter\u00e0 presso l\u2019attuale sede della Scuola Gabelli.<\/p>\n<blockquote><p><em>Il legame con la Gabelli, se \u00e8 evidente per il coro Musica 2020, esiste anche con le altre due antiche istituzioni musicali cittadine e va ricordato che passa attraverso figure come quella del Maestro Nino Prosdocimi, attivo sia nella Filarmonica che nella Scuola comunale di Musica, che fu anche uno dei valenti artisti bellunesi cui Pierina Boranga affid\u00f2 l\u2019insegnamento delle arti musicali e figurative ai piccoli alunni della Gabelli.<\/em><\/p><\/blockquote>\n<p>&nbsp;<\/p>\n<h2><\/h2>\n<p>&nbsp;<\/p>\n<p>&nbsp;<\/p>\n<h2>I BIMBI DELLE PRIMARIE PROTAGONISTI DEL CONSIGLIO COMUNALE UNICEF<\/h2>\n<p>&nbsp;<\/p>\n<p align=\"JUSTIFY\"><span style=\"font-size: large;\"><a class=\"dt-pswp-item\" href=\"http:\/\/www.radiopiu.net\/wordpress\/wp-content\/uploads\/2019\/05\/IMG_20190516_114728-1.jpg\" data-dt-img-description=\"\" data-large_image_width=\"5312\" data-large_image_height=\"2988\"><img loading=\"lazy\" decoding=\"async\" class=\" wp-image-86101 alignleft\" src=\"http:\/\/www.radiopiu.net\/wordpress\/wp-content\/uploads\/2019\/05\/IMG_20190516_114728-1-300x169.jpg\" alt=\"\" width=\"266\" height=\"150\" srcset=\"https:\/\/www.radiopiu.net\/wordpress\/wp-content\/uploads\/2019\/05\/IMG_20190516_114728-1-300x169.jpg 300w, https:\/\/www.radiopiu.net\/wordpress\/wp-content\/uploads\/2019\/05\/IMG_20190516_114728-1-768x432.jpg 768w, https:\/\/www.radiopiu.net\/wordpress\/wp-content\/uploads\/2019\/05\/IMG_20190516_114728-1-1024x576.jpg 1024w\" sizes=\"auto, (max-width: 266px) 100vw, 266px\" \/><\/a>E\u2019 stato dedicato al tema dell\u2019emigrazione il consiglio comunale Unicef che nei giorni scorsi ha visto protagonisti i bambini delle classi quinte dei tre plessi scolastici del Comune di Alpago. La seduta, vivace e assai partecipata, si \u00e8 svolta nella sala \u201cPlacido Fabris\u201d di Pieve davanti al sindaco, alla giunta e ai consiglieri dello stesso Comune di Alpago, interessati e ammirati di quanto proposto dai loro giovanissimi concittadini.<\/span><\/p>\n<p align=\"JUSTIFY\"><strong>IL VICESINDACO VANESSA DE FRANCESCH<\/strong><\/p>\n<audio class=\"wp-audio-shortcode\" id=\"audio-86514-4\" preload=\"none\" style=\"width: 100%;\" controls=\"controls\"><source type=\"audio\/mpeg\" src=\"http:\/\/www.radiopiu.net\/wordpress\/wp-content\/uploads\/2019\/05\/ALPAGO.mp3?_=4\" \/><a href=\"http:\/\/www.radiopiu.net\/wordpress\/wp-content\/uploads\/2019\/05\/ALPAGO.mp3\">http:\/\/www.radiopiu.net\/wordpress\/wp-content\/uploads\/2019\/05\/ALPAGO.mp3<\/a><\/audio>\n<p>&nbsp;<\/p>\n<p>&nbsp;<\/p>\n<h2><\/h2>\n<h2><a class=\"dt-pswp-item\" href=\"http:\/\/www.radiopiu.net\/wordpress\/wp-content\/uploads\/2019\/03\/logo-usarci.png\" data-dt-img-description=\"\" data-large_image_width=\"633\" data-large_image_height=\"286\"><img loading=\"lazy\" decoding=\"async\" class=\" wp-image-78505 alignleft\" src=\"http:\/\/www.radiopiu.net\/wordpress\/wp-content\/uploads\/2019\/03\/logo-usarci-300x136.png\" alt=\"\" width=\"179\" height=\"81\" srcset=\"https:\/\/www.radiopiu.net\/wordpress\/wp-content\/uploads\/2019\/03\/logo-usarci-300x136.png 300w, https:\/\/www.radiopiu.net\/wordpress\/wp-content\/uploads\/2019\/03\/logo-usarci.png 633w\" sizes=\"auto, (max-width: 179px) 100vw, 179px\" \/><\/a>CONGRESSO USARCI, PREMIATO IL VENETO CON 4 DELEGATI TRA CUI IL BELLUNESE FRANCO ROCCON<\/h2>\n<p>Franco Roccon riconfermato ai vertici dell&#8217;Usarci &#8220;Vigileremo su Enasarco&#8221;, la prima dichiarazione di Roccon:<\/p>\n<audio class=\"wp-audio-shortcode\" id=\"audio-86514-5\" preload=\"none\" style=\"width: 100%;\" controls=\"controls\"><source type=\"audio\/mpeg\" src=\"http:\/\/www.radiopiu.net\/wordpress\/wp-content\/uploads\/2019\/05\/ROCCON.mp3?_=5\" \/><a href=\"http:\/\/www.radiopiu.net\/wordpress\/wp-content\/uploads\/2019\/05\/ROCCON.mp3\">http:\/\/www.radiopiu.net\/wordpress\/wp-content\/uploads\/2019\/05\/ROCCON.mp3<\/a><\/audio>\n<p>&nbsp;<\/p>\n<p>&nbsp;<\/p>\n<p>&nbsp;<\/p>\n<p>&nbsp;<\/p>\n<h2>SMART WORKING MOVING LAB<\/h2>\n<p><strong><a class=\"dt-pswp-item\" href=\"http:\/\/www.radiopiu.net\/wordpress\/wp-content\/uploads\/2015\/09\/confindustria-500.jpg\" data-dt-img-description=\"\" data-large_image_width=\"500\" data-large_image_height=\"360\"><img loading=\"lazy\" decoding=\"async\" class=\"wp-image-10966 alignleft\" src=\"http:\/\/www.radiopiu.net\/wordpress\/wp-content\/uploads\/2015\/09\/confindustria-500-300x216.jpg\" alt=\"\" width=\"119\" height=\"86\" \/><\/a>BELLUNO <\/strong>Reviviscar, la societ\u00e0 di servizi di Confindustria Belluno Dolomiti, organizza un evento gratuito per approfondire il tema del lavoro agile, nell\u2019ambito del progetto \u201cCo-working, Smart Working &amp; Laboratorio Urbano\u201c. L\u2019incontro si svolger\u00e0 domani alle 15 al centro congressi di\u00a0 Longarone Fiere. Interverranno: il presidente di Confindustria Belluno\u00a0 Lorraine Berton, il presidente GAL 1 Alto Bellunese, Flaminio Da Deppo e la ricercatrice Antonella Mauro che illustrer\u00e0 gli aspetti principali del Lavoro agile.<\/p>\n<p>&nbsp;<\/p>\n<p>&nbsp;<\/p>\n<p>&nbsp;<\/p>\n<h2><a class=\"dt-pswp-item\" href=\"http:\/\/www.radiopiu.net\/wordpress\/wp-content\/uploads\/2018\/09\/appuntamenti.jpeg\" data-dt-img-description=\"\" data-large_image_width=\"800\" data-large_image_height=\"100\"><img loading=\"lazy\" decoding=\"async\" class=\"alignnone wp-image-61958 size-full\" src=\"http:\/\/www.radiopiu.net\/wordpress\/wp-content\/uploads\/2018\/09\/appuntamenti.jpeg\" alt=\"\" width=\"800\" height=\"100\" srcset=\"https:\/\/www.radiopiu.net\/wordpress\/wp-content\/uploads\/2018\/09\/appuntamenti.jpeg 800w, https:\/\/www.radiopiu.net\/wordpress\/wp-content\/uploads\/2018\/09\/appuntamenti-300x38.jpeg 300w, https:\/\/www.radiopiu.net\/wordpress\/wp-content\/uploads\/2018\/09\/appuntamenti-768x96.jpeg 768w\" sizes=\"auto, (max-width: 800px) 100vw, 800px\" \/><\/a><\/h2>\n<h2><\/h2>\n<p>&nbsp;<\/p>\n<h3>GENITORI E FIGLI: TRA FRAGILITA&#8217; E FORZA<\/h3>\n<blockquote><p><em>Come la relazione con i figli \u00e8 influenzata dalle generazioni precedenti?\u00a0<\/em><\/p><\/blockquote>\n<p><strong>BELLUNO <\/strong> L&#8217;evento si inserisce nel Progetto Family del Comune di Feltre ed \u00e8 organizzato dal CpF, Centro di consulenza e terapia per la famiglia di Feltre, in collaborazione con la Provincia Di Belluno. L\u2019incontro si svolger\u00e0 a\u00a0 Belluno mercoledi 29 maggio in Provincia. \u00c8 rivolto a genitori, operatori, insegnanti, educatori e professionisti che a vario titolo si occupano di famiglia per approfondire le tematiche legate alle dinamiche genitori-figli che attraversano la vita di ogni persona.<\/p>\n<p>&nbsp;<\/p>\n<p>&nbsp;<\/p>\n<p>&nbsp;<\/p>\n<h2>ASSEMBLEA DEI GEMELLI<\/h2>\n<p><strong>AGORDO<\/strong> Martedi 4 giugno alle 20.30 in sala della biblioteca assemblea ordinaria dei soci e simpatizzanti del comitato di gemellaggio di Agordo. Ordine del giorno: relazione dopo la visita dei francesi di inizio maggio, presentazione del libro Il filo della seta 30 anni di gemellaggio con Zugliano, rinnovo consiglio direttivo.<\/p>\n<p>&nbsp;<\/p>\n<p>&nbsp;<\/p>\n<p>&nbsp;<\/p>\n<h3>LA TESI DI LAUREA DI ELISA DALLE SASSE<\/h3>\n<p><strong>BELLUNO<\/strong> Martedi 28 maggio a Villa Doglioni Dal Mas sede di Confindustria Dolomiti presentazione della tesi di laurea di Elisa Dalle Sasse. \u201cLE PARTNERSHIP INTERNAZIONALI PER LA PROMOZIONE DELLA CULTURA ITALIANA: il caso dell\u2019Istituto Italiano di Cultura di Parigi\u201d. La conferenza sar\u00e0 preceduta dall&#8217;intervento di Patrizia Burigo, vice presidente Associazione Bellunesi nel Mondo.<\/p>\n<p>&nbsp;<\/p>\n<p>&nbsp;<\/p>\n<p>&nbsp;<\/p>\n<p>&nbsp;<\/p>\n<p><a class=\"dt-pswp-item\" href=\"http:\/\/www.radiopiu.net\/wordpress\/wp-content\/uploads\/2018\/09\/viabilita.jpeg\" data-dt-img-description=\"\" data-large_image_width=\"800\" data-large_image_height=\"100\"><img loading=\"lazy\" decoding=\"async\" class=\"alignnone size-full wp-image-61954\" src=\"http:\/\/www.radiopiu.net\/wordpress\/wp-content\/uploads\/2018\/09\/viabilita.jpeg\" alt=\"\" width=\"800\" height=\"100\" srcset=\"https:\/\/www.radiopiu.net\/wordpress\/wp-content\/uploads\/2018\/09\/viabilita.jpeg 800w, https:\/\/www.radiopiu.net\/wordpress\/wp-content\/uploads\/2018\/09\/viabilita-300x38.jpeg 300w, https:\/\/www.radiopiu.net\/wordpress\/wp-content\/uploads\/2018\/09\/viabilita-768x96.jpeg 768w\" sizes=\"auto, (max-width: 800px) 100vw, 800px\" \/><\/a><\/p>\n<blockquote><p>&nbsp;<\/p>\n<p><strong>GOSALDO: DA OGGI E PER TUTTA LA SETTIMANA\u00a0 DALLE 8 ALLE 12 E DALLE 13.30 ALLE 18 STRADA PROVINCIALE 3 CHIUSA!\u00a0 LOCALITA&#8217; LE FESTE <\/strong><\/p>\n<p>&nbsp;<\/p><\/blockquote>\n<p><strong>REGIONALE 203 AGORDINA<\/strong> Fino al 28 giugno sabato e domenica escluso, senso unico alternato tra Alleghe e Caprile.<\/p>\n<p><strong>PROVINCIALE 563 DI SALESEI<\/strong> Fino al 28 giugno esclusi giorni festivi e prefestivi senso unico alternato tra Caprile e Saviner<\/p>\n<p><strong>PROVINCIALE 3 VALLE IMPERINA<\/strong> Fino a revoca senso unico a vista\u00a0 in localit\u00e0 Corde Mole per cedimento della careggiata. Dal 13 maggio e\u00a0 fino al 28 giugno tra Rivamonte e Forcella Franche senso unico alternato per la posa di tubazione per conto di Enel.<\/p>\n<p><strong>PROVINCIALE 347 DEL DURAN <\/strong>Fino al 31 maggio in localit\u00e0 Fornesighe senso unico alternato regolato da semaforo o movieri, possibili temporanee interdizioni totali al traffico fino a un masssimo di 20 minuti<\/p>\n<p><strong>REGIONALE 203 AGORDINA<\/strong> Fino al 31 maggio esclusi festivi e prefestivi, senso unico alternato in localit\u00e0 Rucava, possibili brevi interruzioni fino a 15 minuti.<\/p>\n<p><strong>PROVINCIALE 8 DI SAN TOMASO<\/strong> Fino\u00a0 al 28 giugno (esclusi festivi e prefestivi) senso unico alternato tra Pian Molin e Roi<\/p>\n<p><strong>PROVINCIALE 563 DI SALESEI <\/strong>Fino al\u00a014 giugno\u00a0 In localit\u00e0 Sopracordevole in Comune di Rocca Pietore senso unico alternato con semaforo o movieri e divieto di transito ai mezzi con massa superiore a 7,5 tonellate.<\/p>\n<p>&nbsp;<\/p>\n<p>&nbsp;<\/p>\n<p>&nbsp;<\/p>\n<h2><img loading=\"lazy\" decoding=\"async\" class=\"alignleft wp-image-60761 \" src=\"http:\/\/www.radiopiu.net\/wordpress\/wp-content\/uploads\/2018\/09\/sport.jpg\" alt=\"\" width=\"992\" height=\"124\" srcset=\"https:\/\/www.radiopiu.net\/wordpress\/wp-content\/uploads\/2018\/09\/sport.jpg 800w, https:\/\/www.radiopiu.net\/wordpress\/wp-content\/uploads\/2018\/09\/sport-300x38.jpg 300w, https:\/\/www.radiopiu.net\/wordpress\/wp-content\/uploads\/2018\/09\/sport-768x96.jpg 768w\" sizes=\"auto, (max-width: 992px) 100vw, 992px\" \/><\/h2>\n<p>&nbsp;<\/p>\n<h2><\/h2>\n<h2><\/h2>\n<h2><\/h2>\n<p>&nbsp;<\/p>\n<h2>CALCIO, CAMPIONATO AGORDINO E GIOVANILI AGORDINA<\/h2>\n<blockquote>\n<h3 class=\"p1\"><span class=\"s1\"><b>CAMPIONATO AGORDINO DI CALCIO\u00a0 <\/b><\/span><b style=\"font-size: 14px;\">1\u00b0 GIORNATA\u00a0 <\/b><b style=\"font-size: 14px;\">IL PUNTO<\/b><\/h3>\n<\/blockquote>\n<p class=\"p1\"><span class=\"s1\">I campioni in carica del Voltago iniziano la stagione con il botto rifilando 9 gol all\u2019Alleghe. Il Caprile incamera 3 punti a Cencenighe mentre a Vallada il Rivamonte non va oltre il pareggio. A Gosaldo l\u2019arbitro si presenta con 45\u2019 di ritardo e il Le Ville incamera 3 punti contro i pluriscudettati. <\/span><span class=\"s1\">Nel girone B il La Valle vince dopo una bella partita contro l\u2019Agordo 2009. Il Taibon pareggia con il Frassen\u00e8 e il Fodom rifila 6 gol al Canale nella giornata in cui l\u2019Atletico Caviola riposava. <\/span><span class=\"s1\"><b>I RISULTATI <\/b><\/span><span class=\"s1\">GIRONE A <\/span>Gosaldo &#8211; Le Ville 2-3 <span class=\"s1\">Voltago &#8211; Alleghe 9-1 <\/span><span class=\"s1\">Vallada &#8211; Rivamonte 1-1 <\/span><span class=\"s1\">Cencenighe &#8211; Caprile 0-1 <\/span><span class=\"s1\"><strong>GIRONE B<\/strong> <\/span><span class=\"s1\">Fodom &#8211; Canale 6-0 <\/span><span class=\"s1\">La Valle &#8211; Agordo 2009 3-2 <\/span><span class=\"s1\">Taibon &#8211; Frassen\u00e8 1-1 <\/span><span class=\"s1\">Riposa: Atletico Caviola\u00a0 <\/span><span class=\"s1\"><b>LA CLASSIFICA <\/b><\/span><span class=\"s1\">GIRONE A <\/span><span class=\"s1\">Voltago, Caprile e Le Ville 3, Vallada e Rivamonte 1, Gosaldo, Alleghe e Cencenighe 0 <\/span><strong><span class=\"s1\">GIRONE B <\/span><\/strong><span class=\"s1\">La Valle e Fodom 3, Taibon e Frassen\u00e8 1, Canale, Agordo 2009 e Atletico Caviola 0 <\/span><span class=\"s1\"><b>PROSSIMO TURNO <\/b><\/span>GIRONE A: sabato alle 20:30 Cencenighe &#8211; Gosaldo, domenica alle 16 Vallada &#8211; Le Ville, Voltago &#8211; Caprile e Alleghe &#8211; Rivamonte. <span class=\"s1\"><strong>GIRONE B:<\/strong> venerd\u00ec alle 20:30 Frassen\u00e8 &#8211; Agordo 2009, Domenica alle 16 Fodom &#8211; Taibon, La Valle &#8211; Atletico Caviola e Canale &#8211; Frassen\u00e8 (anticipo della 5\u00b0giornata) <\/span><\/p>\n<h3 class=\"p1\"><b>GIOVANILI AGORDINA <\/b><span class=\"s1\"><b>JUNIORES<\/b><\/span><\/h3>\n<p class=\"p1\"><b> <\/b><span class=\"s1\">PIAVE &#8211; AGORDINA 2-5 <\/span><span class=\"s1\">Bella vittoria per la squadra di De Bastiani che chiude il campionato incamerando 3 punti ma non riuscendo a raggiungere i playoff. Agordini che rifilano una manita al Piave dopo una partita giocata bene. Tripletta per Matthias Crepaz e gol di Soppelsa e D\u2019Isep. Si chiude la stagione della juniores con un ottimo quinto posto in classifica. <\/span><b>GIOVANISSIMI <\/b><span class=\"s1\">AGORDINA &#8211; LENTIAI 5-0 <\/span><span class=\"s1\">L\u2019Agordina di De Lazzer affonda il Lentiai all\u2019Ivano Dorigo di Agordo. 5 i gol messi a segno dagli agordini dopo una partita a senso unico gestita bene dall\u2019inizio alla fine. Cadorin sigla la doppietta personale. A concludere la vittoria ci pensano Carlin, Molin Pradel e Marcon. Termina il campionato anche per i giovanissimi concludendo la stagione al sesto posto in classifica.<\/span><\/p>\n<p>&nbsp;<\/p>\n<p>&nbsp;<\/p>\n<p>&nbsp;<\/p>\n<p>&nbsp;<\/p>\n<h2>EMANUELA BITTANTE E GIULIA ABATANGELO DOPPIAMENTE ORO<\/h2>\n<p><strong>BELLUNO<\/strong> Ondablu protagonista anche al 29\u00a0 Master \u201cTerme di Giunone\u201d a Soave (Verona). Emanuela Bittante nei 100 rana nella categoria master 55, e\u00a0 nei 200 stile conquista l&#8217;oro. Nella gara dei 100 rana ci sono anche Lara D&#8217;alberto e Michele Tonin che migliorano il personale, e Fabio Zuglian, che non questa gara termina il fatidico iron-master (tutte le 18 gare in programma nell&#8217;arco della stagione agonistica). Nei 100 stile oro anche per Giuglia Abatangelo nella cat. m. 70, oro anche nei 50 stile.<\/p>\n<p><a class=\"dt-pswp-item\" href=\"http:\/\/www.radiopiu.net\/wordpress\/wp-content\/uploads\/2019\/05\/federico-zampiero-e-federico-longo-2-1.jpg\" data-dt-img-description=\"\" data-large_image_width=\"2592\" data-large_image_height=\"1944\"><img loading=\"lazy\" decoding=\"async\" class=\"alignnone wp-image-86516\" src=\"http:\/\/www.radiopiu.net\/wordpress\/wp-content\/uploads\/2019\/05\/federico-zampiero-e-federico-longo-2-1-300x225.jpg\" alt=\"\" width=\"192\" height=\"144\" srcset=\"https:\/\/www.radiopiu.net\/wordpress\/wp-content\/uploads\/2019\/05\/federico-zampiero-e-federico-longo-2-1-300x225.jpg 300w, https:\/\/www.radiopiu.net\/wordpress\/wp-content\/uploads\/2019\/05\/federico-zampiero-e-federico-longo-2-1-768x576.jpg 768w, https:\/\/www.radiopiu.net\/wordpress\/wp-content\/uploads\/2019\/05\/federico-zampiero-e-federico-longo-2-1-1024x768.jpg 1024w\" sizes=\"auto, (max-width: 192px) 100vw, 192px\" \/><\/a><a class=\"dt-pswp-item\" href=\"http:\/\/www.radiopiu.net\/wordpress\/wp-content\/uploads\/2019\/05\/federico-zampiero-e-federico-longo-1-1.jpg\" data-dt-img-description=\"\" data-large_image_width=\"2592\" data-large_image_height=\"1944\"><img loading=\"lazy\" decoding=\"async\" class=\"alignnone wp-image-86517\" src=\"http:\/\/www.radiopiu.net\/wordpress\/wp-content\/uploads\/2019\/05\/federico-zampiero-e-federico-longo-1-1-300x225.jpg\" alt=\"\" width=\"191\" height=\"143\" srcset=\"https:\/\/www.radiopiu.net\/wordpress\/wp-content\/uploads\/2019\/05\/federico-zampiero-e-federico-longo-1-1-300x225.jpg 300w, https:\/\/www.radiopiu.net\/wordpress\/wp-content\/uploads\/2019\/05\/federico-zampiero-e-federico-longo-1-1-768x576.jpg 768w, https:\/\/www.radiopiu.net\/wordpress\/wp-content\/uploads\/2019\/05\/federico-zampiero-e-federico-longo-1-1-1024x768.jpg 1024w\" sizes=\"auto, (max-width: 191px) 100vw, 191px\" \/><\/a><a class=\"dt-pswp-item\" href=\"http:\/\/www.radiopiu.net\/wordpress\/wp-content\/uploads\/2019\/05\/giuglia-abatangelo-e-lara-dalberto-1.jpg\" data-dt-img-description=\"\" data-large_image_width=\"2592\" data-large_image_height=\"1944\"><img loading=\"lazy\" decoding=\"async\" class=\"alignnone wp-image-86518\" src=\"http:\/\/www.radiopiu.net\/wordpress\/wp-content\/uploads\/2019\/05\/giuglia-abatangelo-e-lara-dalberto-1-300x225.jpg\" alt=\"\" width=\"194\" height=\"145\" srcset=\"https:\/\/www.radiopiu.net\/wordpress\/wp-content\/uploads\/2019\/05\/giuglia-abatangelo-e-lara-dalberto-1-300x225.jpg 300w, https:\/\/www.radiopiu.net\/wordpress\/wp-content\/uploads\/2019\/05\/giuglia-abatangelo-e-lara-dalberto-1-768x576.jpg 768w, https:\/\/www.radiopiu.net\/wordpress\/wp-content\/uploads\/2019\/05\/giuglia-abatangelo-e-lara-dalberto-1-1024x768.jpg 1024w\" sizes=\"auto, (max-width: 194px) 100vw, 194px\" \/><\/a><\/p>\n<p>&nbsp;<\/p>\n<p>&nbsp;<\/p>\n<p>&nbsp;<\/p>\n<h2>MANCA POCO AL 4\u00b0 DOLOMITI RALLY &#8211; DI ROBERTO BONA<\/h2>\n<p><strong>AGORDO<\/strong><\/p>\n<audio class=\"wp-audio-shortcode\" id=\"audio-86514-6\" preload=\"none\" style=\"width: 100%;\" controls=\"controls\"><source type=\"audio\/mpeg\" src=\"http:\/\/www.radiopiu.net\/wordpress\/wp-content\/uploads\/2019\/05\/RALLY-DOLOMITI-ROBERTO-BONA.mp3?_=6\" \/><a href=\"http:\/\/www.radiopiu.net\/wordpress\/wp-content\/uploads\/2019\/05\/RALLY-DOLOMITI-ROBERTO-BONA.mp3\">http:\/\/www.radiopiu.net\/wordpress\/wp-content\/uploads\/2019\/05\/RALLY-DOLOMITI-ROBERTO-BONA.mp3<\/a><\/audio>\n<p><a class=\"dt-pswp-item\" href=\"http:\/\/www.radiopiu.net\/wordpress\/wp-content\/uploads\/2019\/05\/Podio2018.jpg\" data-dt-img-description=\"\" data-large_image_width=\"960\" data-large_image_height=\"540\"><img loading=\"lazy\" decoding=\"async\" class=\"alignnone wp-image-86505\" src=\"http:\/\/www.radiopiu.net\/wordpress\/wp-content\/uploads\/2019\/05\/Podio2018-300x169.jpg\" alt=\"\" width=\"211\" height=\"120\" srcset=\"https:\/\/www.radiopiu.net\/wordpress\/wp-content\/uploads\/2019\/05\/Podio2018-300x169.jpg 300w, https:\/\/www.radiopiu.net\/wordpress\/wp-content\/uploads\/2019\/05\/Podio2018-768x432.jpg 768w, https:\/\/www.radiopiu.net\/wordpress\/wp-content\/uploads\/2019\/05\/Podio2018.jpg 960w\" sizes=\"auto, (max-width: 211px) 100vw, 211px\" \/><\/a><a class=\"dt-pswp-item\" href=\"http:\/\/www.radiopiu.net\/wordpress\/wp-content\/uploads\/2019\/05\/DolomitiRally1.jpg\" data-dt-img-description=\"\" data-large_image_width=\"780\" data-large_image_height=\"387\"><img loading=\"lazy\" decoding=\"async\" class=\"alignnone wp-image-86504\" src=\"http:\/\/www.radiopiu.net\/wordpress\/wp-content\/uploads\/2019\/05\/DolomitiRally1-300x149.jpg\" alt=\"\" width=\"256\" height=\"127\" srcset=\"https:\/\/www.radiopiu.net\/wordpress\/wp-content\/uploads\/2019\/05\/DolomitiRally1-300x149.jpg 300w, https:\/\/www.radiopiu.net\/wordpress\/wp-content\/uploads\/2019\/05\/DolomitiRally1-768x381.jpg 768w, https:\/\/www.radiopiu.net\/wordpress\/wp-content\/uploads\/2019\/05\/DolomitiRally1.jpg 780w\" sizes=\"auto, (max-width: 256px) 100vw, 256px\" \/><\/a><a class=\"dt-pswp-item\" href=\"http:\/\/www.radiopiu.net\/wordpress\/wp-content\/uploads\/2019\/05\/Panorama.jpg\" data-dt-img-description=\"\" data-large_image_width=\"1024\" data-large_image_height=\"657\"><img loading=\"lazy\" decoding=\"async\" class=\"alignnone wp-image-86503\" src=\"http:\/\/www.radiopiu.net\/wordpress\/wp-content\/uploads\/2019\/05\/Panorama-300x192.jpg\" alt=\"\" width=\"214\" height=\"137\" srcset=\"https:\/\/www.radiopiu.net\/wordpress\/wp-content\/uploads\/2019\/05\/Panorama-300x192.jpg 300w, https:\/\/www.radiopiu.net\/wordpress\/wp-content\/uploads\/2019\/05\/Panorama-768x493.jpg 768w, https:\/\/www.radiopiu.net\/wordpress\/wp-content\/uploads\/2019\/05\/Panorama.jpg 1024w\" sizes=\"auto, (max-width: 214px) 100vw, 214px\" \/><\/a><\/p>\n<p>&nbsp;<\/p>\n<p>&nbsp;<\/p>\n<p>&nbsp;<\/p>\n<h2>LUCA CAGNATI VINCE LA SESTA EDIZIONE DE LA VELENOSA<\/h2>\n<p><a class=\"dt-pswp-item\" href=\"http:\/\/www.radiopiu.net\/wordpress\/wp-content\/uploads\/2019\/05\/Credit.MartinaValmassoi.-_DSC3140LaVelenosa.jpg\" data-dt-img-description=\"\" data-large_image_width=\"1600\" data-large_image_height=\"1067\"><img loading=\"lazy\" decoding=\"async\" class=\" wp-image-86511 alignleft\" src=\"http:\/\/www.radiopiu.net\/wordpress\/wp-content\/uploads\/2019\/05\/Credit.MartinaValmassoi.-_DSC3140LaVelenosa-300x200.jpg\" alt=\"\" width=\"263\" height=\"175\" srcset=\"https:\/\/www.radiopiu.net\/wordpress\/wp-content\/uploads\/2019\/05\/Credit.MartinaValmassoi.-_DSC3140LaVelenosa-300x200.jpg 300w, https:\/\/www.radiopiu.net\/wordpress\/wp-content\/uploads\/2019\/05\/Credit.MartinaValmassoi.-_DSC3140LaVelenosa-768x512.jpg 768w, https:\/\/www.radiopiu.net\/wordpress\/wp-content\/uploads\/2019\/05\/Credit.MartinaValmassoi.-_DSC3140LaVelenosa-1024x683.jpg 1024w, https:\/\/www.radiopiu.net\/wordpress\/wp-content\/uploads\/2019\/05\/Credit.MartinaValmassoi.-_DSC3140LaVelenosa.jpg 1600w\" sizes=\"auto, (max-width: 263px) 100vw, 263px\" \/><\/a>Luca Cagnati con il tempo di 1h05\u201926\u2019\u2019 mette il sigillo sulla sesta\u00a0\u00a0edizione de \u201cLa Velenosa\u201d, la bella kermesse veneta che si \u00e8 corsa alle pendici del Monte Terne, sotto la Schiara. In campo femminile \u00e8 Patrizia Zanette a scrivere il proprio nome nell\u2019albo d\u2019oro con il tempo di 1h29\u201956\u2019\u2019. Luca Cagnati ha preso il comando della gara sin dai primi metri, alle sue spalle Henri Aymonod, Luca Del Pero e Gianpietro Barattin. Sul GPM, proprio sotto il Monte Terne, dove i concorrenti \u00a0sono transitati in mezzo a due ali di folla, Luca Cagnati transita con un buon margine di vantaggio, nella lunga discesa che porta all\u2019inbocco dello spettacolare Bus del Buson il battistrada guadagna secondi preziosi sugli inseguitori. Il falcadino sale gli ultimi gradini che portano all\u2019arrivo nel sagrato della chiesa a mani alzate e ferma il cronometro in 1h05\u201926\u2019, alle sue spalle, il giovane Aymonod conferma la seconda posizione con il tempo di 1h09\u2019:04\u2019\u2019. Sul terzo gradino del podio sale Luca Del Pero con 1h10\u201911\u2019, Gianpietro Barattin e Filippo Bianchi si classificano rispettivamente al quarto e quinto posto. In campo femminile, Patrizia Zanette, correndo per tutta la durata della gara in prima posizione, taglia il traguardo de \u201cLa Velenosa\u201d con il tempo di 1h29\u201956\u2019\u2019. Barbara Giacomuzzi conquista la seconda piazza con il tempo di 1h33\u201921\u2019\u2019. Beverley Whitfield completa il podio in 1h28\u201958\u2019\u2019, mentre Monica Casagrande e Alice Peruz sono quarta e quinta.<\/p>\n<p>&nbsp;<\/p>\n<p>&nbsp;<\/p>\n<p><a class=\"dt-pswp-item\" href=\"http:\/\/www.radiopiu.net\/wordpress\/wp-content\/uploads\/2018\/09\/WhatsApp-Image-2018-09-20-at-16.04.06.jpeg\" data-dt-img-description=\"\" data-large_image_width=\"800\" data-large_image_height=\"100\"><img loading=\"lazy\" decoding=\"async\" class=\"alignnone size-full wp-image-61378\" src=\"http:\/\/www.radiopiu.net\/wordpress\/wp-content\/uploads\/2018\/09\/WhatsApp-Image-2018-09-20-at-16.04.06.jpeg\" alt=\"\" width=\"800\" height=\"100\" srcset=\"https:\/\/www.radiopiu.net\/wordpress\/wp-content\/uploads\/2018\/09\/WhatsApp-Image-2018-09-20-at-16.04.06.jpeg 800w, https:\/\/www.radiopiu.net\/wordpress\/wp-content\/uploads\/2018\/09\/WhatsApp-Image-2018-09-20-at-16.04.06-300x38.jpeg 300w, https:\/\/www.radiopiu.net\/wordpress\/wp-content\/uploads\/2018\/09\/WhatsApp-Image-2018-09-20-at-16.04.06-768x96.jpeg 768w\" sizes=\"auto, (max-width: 800px) 100vw, 800px\" \/><\/a><\/p>\n<p><center><b>Lunedi 27<\/b><\/center><b>Tempo atteso: <\/b>Cielo in prevalenza coperto per nubi medie stratiformi, sempre pi\u00f9 intense con il passare delle ore. Il tempo peggiorer\u00e0, gi\u00e0 al primo mattino sulle Prealpi e rapidamente anche sulle Dolomiti, con precipitazioni in estensione da Sud-Est verso Nord-Est. Al pomeriggio\/sera continua perturbabilit\u00e0. Debole escursione termica diurna e clima assai umido.<br \/>\n<b>Precipitazioni: <\/b>Al primo mattino deboli precipitazioni sulla fascia prealpina (70-80%), in graduale estensione alle Dolomiti entro met\u00e0 mattinata. Dalle ore centrali in poi precipitazioni diffuse e spesso persistenti, in intensificazione tra il tardo pomeriggio\/sera (90\/100%), nevose oltre i 2600\/2700 m.<br \/>\n<b>Temperature: <\/b>Minime in lieve aumento, massime in leggera diminuzione con punte di 17\/18\u00b0C nei fondovalle prealpini e di 13\/14\u00b0C a 1000\/1200 m. Su Prealpi a 1500 m min 8\u00b0C max 10\u00b0C, a 2000 m min 5\u00b0C max 7\u00b0C. Su Dolomiti a 2000 m min 5\u00b0C max 7\u00b0C, a 3000 m min -1\u00b0C max 0\u00b0C.<br \/>\n<b>Venti: <\/b>Nelle valli generalmente deboli; in quota deboli o moderati da i quadranti orientali, a 5-15 km\/h a 2000 m, 10-20 km\/h a 3000 m.<\/p>\n<hr \/>\n<p><center><b>Martedi 28<\/b><\/center><b>Tempo atteso: <\/b>Cielo molto nuvoloso o coperto per tutta la giornata con pausa della perturbabilit\u00e0 tra parte della notte e al primo mattino. Poi il maltempo riprender\u00e0 entro la tarda mattinata, intensificandosi nel pomeriggio\/sera. Il clima sar\u00e0 pi\u00f9 fresco e particolarmente uggioso con debole escursione termica diurna.<br \/>\n<b>Precipitazioni: <\/b>Durante la notte e al prima mattino probabile intervallo senza fenomeni. Dalla tarda mattinata in poi ripresa delle precipitazioni, che risulteranno diffuse e continue al pomeriggio ed alla sera (90\/100%), a tratti di moderata intensit\u00e0, anche temporalesche verso sera. Limite neve sui 2300\/2500 m, anche a quote pi\u00f9 basse in tarda serata. Attesi mediamente 25-35 mm\/48 ore, localmente fino a 35-45 mm sulle Dolomiti e 50\/70 mm sulle Prealpi, con altrettanti cm di neve sopra i 2600\/2700 m.<br \/>\n<b>Temperature: <\/b>In generale lieve diminuzione con minime osservate alla sera. Su Prealpi a 1500 m min 6\u00b0C max 9\u00b0C, a 2000 m min 3\u00b0C max 6\u00b0C. Su Dolomiti a 2000 m min 2\u00b0C max 5\u00b0C, a 3000 m min -3\u00b0C max -1\u00b0C.<br \/>\n<b>Venti: <\/b>Nelle valli generalmente deboli; in quota deboli o moderati da Sud-Est al mattino, poi da Nord al pomeriggio, a 5-15 km\/h a 2000 m, 10-25 km\/h a 3000 m.<\/p>\n<hr \/>\n<p><center><b>Mercoledi 29<\/b><\/center>Maltempo fino al primo pomeriggio, con neve oltre i 1600\/1800 m. In seguito le precipitazioni si attenueranno e tenderanno a cessare entro met\u00e0 pomeriggio. Alla sera diradamento della nuvolosit\u00e0 e prime schiarite. Temperature in generale diminuzione. Venti in quota moderati\/tesi da Nord-Est, a tratti forti; perlopi\u00f9 deboli nelle valli, salvo locali raffiche da Nord-Est nella seconda parte del giorno.<\/p>\n<hr \/>\n<p><center><b>Giovedi 30<\/b><\/center>Netto miglioramento del tempo con sole e cielo sereno al mattino, sereno o poco nuvoloso per qualche modesto cumulo al pomeriggio. Temperature in generale aumento, eccetto calo delle minime nelle valli. I valori massimi risulteranno in sensibile ripresa nelle valli. Venti deboli da Nord-Ovest in quota e deboli\/moderati a regime di brezza nelle valli. Previsore: R.L.Th.<\/p>\n","protected":false},"excerpt":{"rendered":"<p>ELEZIONI EUROPEE La Lega avanza a Nord Est sempre pi\u00f9 roccaforte di un partito che potrebbe portare a Strasburgo 6 Parlamentari (su 14), il successo del movimento di Salvini va dal Veneto all&#8217;Emilia e fino al Trentino mentre cadono i 5 Stelle e risale il PD. ELEZIONI COMUNALI Ancora prima dell&#8217;apertura delle urne, prevista per&hellip;<\/p>\n","protected":false},"author":1,"featured_media":86543,"comment_status":"closed","ping_status":"closed","sticky":false,"template":"","format":"standard","meta":{"_monsterinsights_skip_tracking":false,"_monsterinsights_sitenote_active":false,"_monsterinsights_sitenote_note":"","_monsterinsights_sitenote_category":0,"footnotes":""},"categories":[86],"tags":[],"class_list":["post-86514","post","type-post","status-publish","format-standard","has-post-thumbnail","hentry","category-gr","category-86","description-off"],"img_url":"https:\/\/www.radiopiu.net\/wordpress\/wp-content\/uploads\/2019\/05\/WhatsApp-Image-2019-05-26-at-21.46.17.jpeg","_links":{"self":[{"href":"https:\/\/www.radiopiu.net\/wordpress\/wp-json\/wp\/v2\/posts\/86514","targetHints":{"allow":["GET"]}}],"collection":[{"href":"https:\/\/www.radiopiu.net\/wordpress\/wp-json\/wp\/v2\/posts"}],"about":[{"href":"https:\/\/www.radiopiu.net\/wordpress\/wp-json\/wp\/v2\/types\/post"}],"author":[{"embeddable":true,"href":"https:\/\/www.radiopiu.net\/wordpress\/wp-json\/wp\/v2\/users\/1"}],"replies":[{"embeddable":true,"href":"https:\/\/www.radiopiu.net\/wordpress\/wp-json\/wp\/v2\/comments?post=86514"}],"version-history":[{"count":0,"href":"https:\/\/www.radiopiu.net\/wordpress\/wp-json\/wp\/v2\/posts\/86514\/revisions"}],"wp:featuredmedia":[{"embeddable":true,"href":"https:\/\/www.radiopiu.net\/wordpress\/wp-json\/wp\/v2\/media\/86543"}],"wp:attachment":[{"href":"https:\/\/www.radiopiu.net\/wordpress\/wp-json\/wp\/v2\/media?parent=86514"}],"wp:term":[{"taxonomy":"category","embeddable":true,"href":"https:\/\/www.radiopiu.net\/wordpress\/wp-json\/wp\/v2\/categories?post=86514"},{"taxonomy":"post_tag","embeddable":true,"href":"https:\/\/www.radiopiu.net\/wordpress\/wp-json\/wp\/v2\/tags?post=86514"}],"curies":[{"name":"wp","href":"https:\/\/api.w.org\/{rel}","templated":true}]}}