{"id":86542,"date":"2019-05-27T23:57:10","date_gmt":"2019-05-27T21:57:10","guid":{"rendered":"http:\/\/www.radiopiu.net\/wordpress\/?p=86542"},"modified":"2019-05-29T06:49:13","modified_gmt":"2019-05-29T04:49:13","slug":"elezioni-comunali-2019-laffluenza-alle-23","status":"publish","type":"post","link":"https:\/\/www.radiopiu.net\/wordpress\/elezioni-comunali-2019-laffluenza-alle-23\/","title":{"rendered":"ELEZIONI COMUNALI 2019: L&#8217;AFFLUENZA ALLE 23"},"content":{"rendered":"<p>Di seguito i dati definitivi dell&#8217;affluenza in Agordino riguardo la tornata elettorale per le elezioni comunali nei 9 comuni in cui si doveva votare per scegliere il sindaco<\/p>\n<blockquote>\n<h3>AGORDO 64,32%<\/h3>\n<\/blockquote>\n<p>2468 cittadini aventi diritto sono andati a votare per eleggere il nuovo sindaco. La sfida tra Paolo Selva Moretti e Roberto Chissal\u00e8.<\/p>\n<p><a class=\"dt-pswp-item\" href=\"http:\/\/www.radiopiu.net\/wordpress\/wp-content\/uploads\/2019\/05\/AGORDO-PAOLO-SELVA-MORETTI.jpeg\" data-dt-img-description=\"\" data-large_image_width=\"1024\" data-large_image_height=\"951\"><img loading=\"lazy\" decoding=\"async\" class=\"size-medium wp-image-86459 alignleft\" src=\"http:\/\/www.radiopiu.net\/wordpress\/wp-content\/uploads\/2019\/05\/AGORDO-PAOLO-SELVA-MORETTI-300x279.jpeg\" alt=\"\" width=\"300\" height=\"279\" srcset=\"https:\/\/www.radiopiu.net\/wordpress\/wp-content\/uploads\/2019\/05\/AGORDO-PAOLO-SELVA-MORETTI-300x279.jpeg 300w, https:\/\/www.radiopiu.net\/wordpress\/wp-content\/uploads\/2019\/05\/AGORDO-PAOLO-SELVA-MORETTI-768x713.jpeg 768w, https:\/\/www.radiopiu.net\/wordpress\/wp-content\/uploads\/2019\/05\/AGORDO-PAOLO-SELVA-MORETTI.jpeg 1024w\" sizes=\"auto, (max-width: 300px) 100vw, 300px\" \/><\/a><a class=\"dt-pswp-item\" href=\"http:\/\/www.radiopiu.net\/wordpress\/wp-content\/uploads\/2019\/05\/AGORDO-ROBERTO-CHISSALE.jpeg\" data-dt-img-description=\"\" data-large_image_width=\"1600\" data-large_image_height=\"1600\"><img loading=\"lazy\" decoding=\"async\" class=\"size-medium wp-image-86460 alignnone\" src=\"http:\/\/www.radiopiu.net\/wordpress\/wp-content\/uploads\/2019\/05\/AGORDO-ROBERTO-CHISSALE-300x300.jpeg\" alt=\"\" width=\"300\" height=\"300\" srcset=\"https:\/\/www.radiopiu.net\/wordpress\/wp-content\/uploads\/2019\/05\/AGORDO-ROBERTO-CHISSALE-300x300.jpeg 300w, https:\/\/www.radiopiu.net\/wordpress\/wp-content\/uploads\/2019\/05\/AGORDO-ROBERTO-CHISSALE-150x150.jpeg 150w, https:\/\/www.radiopiu.net\/wordpress\/wp-content\/uploads\/2019\/05\/AGORDO-ROBERTO-CHISSALE-768x768.jpeg 768w, https:\/\/www.radiopiu.net\/wordpress\/wp-content\/uploads\/2019\/05\/AGORDO-ROBERTO-CHISSALE-1024x1024.jpeg 1024w, https:\/\/www.radiopiu.net\/wordpress\/wp-content\/uploads\/2019\/05\/AGORDO-ROBERTO-CHISSALE.jpeg 1600w\" sizes=\"auto, (max-width: 300px) 100vw, 300px\" \/><\/a><\/p>\n<p>&nbsp;<\/p>\n<blockquote>\n<h3>ALLEGHE 59,86%<\/h3>\n<\/blockquote>\n<p>Gi\u00e0 alle ore 19 il comune di Alleghe aveva raggiunto il quorum per eleggere il sindaco. Ad amministrare il pese sar\u00e0 Danilo De Toni della lista &#8220;Alleghe Domani&#8221;<\/p>\n<p><a class=\"dt-pswp-item\" href=\"http:\/\/www.radiopiu.net\/wordpress\/wp-content\/uploads\/2019\/05\/ALLEGHE-DANILO-DE-TONI.jpeg\" data-dt-img-description=\"\" data-large_image_width=\"1373\" data-large_image_height=\"1600\"><img loading=\"lazy\" decoding=\"async\" class=\"alignnone size-medium wp-image-86463\" src=\"http:\/\/www.radiopiu.net\/wordpress\/wp-content\/uploads\/2019\/05\/ALLEGHE-DANILO-DE-TONI-257x300.jpeg\" alt=\"\" width=\"257\" height=\"300\" srcset=\"https:\/\/www.radiopiu.net\/wordpress\/wp-content\/uploads\/2019\/05\/ALLEGHE-DANILO-DE-TONI-257x300.jpeg 257w, https:\/\/www.radiopiu.net\/wordpress\/wp-content\/uploads\/2019\/05\/ALLEGHE-DANILO-DE-TONI-768x895.jpeg 768w, https:\/\/www.radiopiu.net\/wordpress\/wp-content\/uploads\/2019\/05\/ALLEGHE-DANILO-DE-TONI-879x1024.jpeg 879w, https:\/\/www.radiopiu.net\/wordpress\/wp-content\/uploads\/2019\/05\/ALLEGHE-DANILO-DE-TONI.jpeg 1373w\" sizes=\"auto, (max-width: 257px) 100vw, 257px\" \/><\/a><\/p>\n<p>&nbsp;<\/p>\n<blockquote>\n<h3>LA VALLE AGORDINA 58,99%<\/h3>\n<\/blockquote>\n<p>Mancavano una manciata di voti alle 19 ma Ezio Zuanel \u00e8 riuscito a superare il quorum. Con la lista &#8220;Insieme Per La Valle&#8221; Zuanel si riconferma primo cittadino dei lavallesi<\/p>\n<p><a class=\"dt-pswp-item\" href=\"http:\/\/www.radiopiu.net\/wordpress\/wp-content\/uploads\/2019\/05\/LA-VALLE-EZIO-ZUANEL.jpeg\" data-dt-img-description=\"\" data-large_image_width=\"1600\" data-large_image_height=\"901\"><img loading=\"lazy\" decoding=\"async\" class=\"alignnone size-medium wp-image-86466\" src=\"http:\/\/www.radiopiu.net\/wordpress\/wp-content\/uploads\/2019\/05\/LA-VALLE-EZIO-ZUANEL-300x169.jpeg\" alt=\"\" width=\"300\" height=\"169\" srcset=\"https:\/\/www.radiopiu.net\/wordpress\/wp-content\/uploads\/2019\/05\/LA-VALLE-EZIO-ZUANEL-300x169.jpeg 300w, https:\/\/www.radiopiu.net\/wordpress\/wp-content\/uploads\/2019\/05\/LA-VALLE-EZIO-ZUANEL-768x432.jpeg 768w, https:\/\/www.radiopiu.net\/wordpress\/wp-content\/uploads\/2019\/05\/LA-VALLE-EZIO-ZUANEL-1024x577.jpeg 1024w, https:\/\/www.radiopiu.net\/wordpress\/wp-content\/uploads\/2019\/05\/LA-VALLE-EZIO-ZUANEL.jpeg 1600w\" sizes=\"auto, (max-width: 300px) 100vw, 300px\" \/><\/a><\/p>\n<p>&nbsp;<\/p>\n<blockquote>\n<h3>LIVINALLONGO DEL COL DI LANA 74,15%<\/h3>\n<\/blockquote>\n<p>Il comune Agordino con la pi\u00f9 alta affluenza al voto \u00e8 il comune di Livinnalongo. Lo spoglio decreter\u00e0 chi amministrer\u00e0 il comune per i prossimi 5 anni. Sfida tra il sindaco uscente Lenadro Grones con la lista &#8220;Auna Per Fodom&#8221; e Daniela Templari della lista &#8220;Fodom Nosta Tiera&#8230;Nosta Vita&#8221;<\/p>\n<p><a class=\"dt-pswp-item\" href=\"http:\/\/www.radiopiu.net\/wordpress\/wp-content\/uploads\/2019\/05\/LIVINALLONGO-LEANDRO-GRONES.jpg\" data-dt-img-description=\"\" data-large_image_width=\"548\" data-large_image_height=\"768\"><img loading=\"lazy\" decoding=\"async\" class=\"alignnone size-medium wp-image-86470\" src=\"http:\/\/www.radiopiu.net\/wordpress\/wp-content\/uploads\/2019\/05\/LIVINALLONGO-LEANDRO-GRONES-214x300.jpg\" alt=\"\" width=\"214\" height=\"300\" srcset=\"https:\/\/www.radiopiu.net\/wordpress\/wp-content\/uploads\/2019\/05\/LIVINALLONGO-LEANDRO-GRONES-214x300.jpg 214w, https:\/\/www.radiopiu.net\/wordpress\/wp-content\/uploads\/2019\/05\/LIVINALLONGO-LEANDRO-GRONES.jpg 548w\" sizes=\"auto, (max-width: 214px) 100vw, 214px\" \/><\/a><a class=\"dt-pswp-item\" href=\"http:\/\/www.radiopiu.net\/wordpress\/wp-content\/uploads\/2019\/05\/LIVINALLONGO-DANIELA-TEMPLARI.jpg\" data-dt-img-description=\"\" data-large_image_width=\"632\" data-large_image_height=\"766\"><img loading=\"lazy\" decoding=\"async\" class=\"alignnone size-medium wp-image-86469\" src=\"http:\/\/www.radiopiu.net\/wordpress\/wp-content\/uploads\/2019\/05\/LIVINALLONGO-DANIELA-TEMPLARI-248x300.jpg\" alt=\"\" width=\"248\" height=\"300\" srcset=\"https:\/\/www.radiopiu.net\/wordpress\/wp-content\/uploads\/2019\/05\/LIVINALLONGO-DANIELA-TEMPLARI-248x300.jpg 248w, https:\/\/www.radiopiu.net\/wordpress\/wp-content\/uploads\/2019\/05\/LIVINALLONGO-DANIELA-TEMPLARI.jpg 632w\" sizes=\"auto, (max-width: 248px) 100vw, 248px\" \/><\/a><\/p>\n<p>&nbsp;<\/p>\n<blockquote>\n<h3>ROCCA PIETORE 61,56%<\/h3>\n<\/blockquote>\n<p>Il sindaco uscente Andrea De Bernardin scoprir\u00e0 solo dopo gli spogli se continuer\u00e0 ad amministrare il comune di Rocca Pietore. A sfidarlo Maurizio De Cassan<\/p>\n<p><a class=\"dt-pswp-item\" href=\"http:\/\/www.radiopiu.net\/wordpress\/wp-content\/uploads\/2019\/05\/ROCCA-ANDREA-DE-BERNARDIN.jpeg\" data-dt-img-description=\"\" data-large_image_width=\"757\" data-large_image_height=\"1600\"><img loading=\"lazy\" decoding=\"async\" class=\"alignnone size-medium wp-image-86473\" src=\"http:\/\/www.radiopiu.net\/wordpress\/wp-content\/uploads\/2019\/05\/ROCCA-ANDREA-DE-BERNARDIN-142x300.jpeg\" alt=\"\" width=\"142\" height=\"300\" srcset=\"https:\/\/www.radiopiu.net\/wordpress\/wp-content\/uploads\/2019\/05\/ROCCA-ANDREA-DE-BERNARDIN-142x300.jpeg 142w, https:\/\/www.radiopiu.net\/wordpress\/wp-content\/uploads\/2019\/05\/ROCCA-ANDREA-DE-BERNARDIN-484x1024.jpeg 484w, https:\/\/www.radiopiu.net\/wordpress\/wp-content\/uploads\/2019\/05\/ROCCA-ANDREA-DE-BERNARDIN.jpeg 757w\" sizes=\"auto, (max-width: 142px) 100vw, 142px\" \/><\/a><a class=\"dt-pswp-item\" href=\"http:\/\/www.radiopiu.net\/wordpress\/wp-content\/uploads\/2019\/05\/ROCCA-MAURIZIO-DE-CASSAN.jpeg\" data-dt-img-description=\"\" data-large_image_width=\"768\" data-large_image_height=\"1024\"><img loading=\"lazy\" decoding=\"async\" class=\"alignnone size-medium wp-image-86474\" src=\"http:\/\/www.radiopiu.net\/wordpress\/wp-content\/uploads\/2019\/05\/ROCCA-MAURIZIO-DE-CASSAN-225x300.jpeg\" alt=\"\" width=\"225\" height=\"300\" srcset=\"https:\/\/www.radiopiu.net\/wordpress\/wp-content\/uploads\/2019\/05\/ROCCA-MAURIZIO-DE-CASSAN-225x300.jpeg 225w, https:\/\/www.radiopiu.net\/wordpress\/wp-content\/uploads\/2019\/05\/ROCCA-MAURIZIO-DE-CASSAN.jpeg 768w\" sizes=\"auto, (max-width: 225px) 100vw, 225px\" \/><\/a><\/p>\n<p>&nbsp;<\/p>\n<blockquote>\n<h3>SAN TOMASO AGORDINO 52,6%<\/h3>\n<\/blockquote>\n<p>Due le liste nel comune di San Tomaso. Il sindaco uscente Moreno De Val se la vede con Katia Veneri<\/p>\n<p><a class=\"dt-pswp-item\" href=\"http:\/\/www.radiopiu.net\/wordpress\/wp-content\/uploads\/2019\/05\/SAN-TOMASO-MORENO-DE-VAL.jpeg\" data-dt-img-description=\"\" data-large_image_width=\"320\" data-large_image_height=\"320\"><img loading=\"lazy\" decoding=\"async\" class=\"alignnone size-medium wp-image-86478\" src=\"http:\/\/www.radiopiu.net\/wordpress\/wp-content\/uploads\/2019\/05\/SAN-TOMASO-MORENO-DE-VAL-300x300.jpeg\" alt=\"\" width=\"300\" height=\"300\" srcset=\"https:\/\/www.radiopiu.net\/wordpress\/wp-content\/uploads\/2019\/05\/SAN-TOMASO-MORENO-DE-VAL-300x300.jpeg 300w, https:\/\/www.radiopiu.net\/wordpress\/wp-content\/uploads\/2019\/05\/SAN-TOMASO-MORENO-DE-VAL-150x150.jpeg 150w, https:\/\/www.radiopiu.net\/wordpress\/wp-content\/uploads\/2019\/05\/SAN-TOMASO-MORENO-DE-VAL.jpeg 320w\" sizes=\"auto, (max-width: 300px) 100vw, 300px\" \/><\/a><a class=\"dt-pswp-item\" href=\"http:\/\/www.radiopiu.net\/wordpress\/wp-content\/uploads\/2019\/05\/SAN-TOMASO-KATIA-VENERI.jpeg\" data-dt-img-description=\"\" data-large_image_width=\"1064\" data-large_image_height=\"1600\"><img loading=\"lazy\" decoding=\"async\" class=\"alignnone size-medium wp-image-86477\" src=\"http:\/\/www.radiopiu.net\/wordpress\/wp-content\/uploads\/2019\/05\/SAN-TOMASO-KATIA-VENERI-200x300.jpeg\" alt=\"\" width=\"200\" height=\"300\" srcset=\"https:\/\/www.radiopiu.net\/wordpress\/wp-content\/uploads\/2019\/05\/SAN-TOMASO-KATIA-VENERI-200x300.jpeg 200w, https:\/\/www.radiopiu.net\/wordpress\/wp-content\/uploads\/2019\/05\/SAN-TOMASO-KATIA-VENERI-768x1155.jpeg 768w, https:\/\/www.radiopiu.net\/wordpress\/wp-content\/uploads\/2019\/05\/SAN-TOMASO-KATIA-VENERI-681x1024.jpeg 681w, https:\/\/www.radiopiu.net\/wordpress\/wp-content\/uploads\/2019\/05\/SAN-TOMASO-KATIA-VENERI.jpeg 1064w\" sizes=\"auto, (max-width: 200px) 100vw, 200px\" \/><\/a><\/p>\n<p>&nbsp;<\/p>\n<blockquote>\n<h3>TAIBON AGORDINO 55,93%<\/h3>\n<\/blockquote>\n<p>A Taibon due liste per la poltrona da sindaco. Silvia Tormen, a distanza di 5 anni, si vede di fronte ancora una volta Bruno Bulf.<\/p>\n<p><a class=\"dt-pswp-item\" href=\"http:\/\/www.radiopiu.net\/wordpress\/wp-content\/uploads\/2019\/05\/TAIBON-SILVIA-TORMEN.jpeg\" data-dt-img-description=\"\" data-large_image_width=\"1062\" data-large_image_height=\"1600\"><img loading=\"lazy\" decoding=\"async\" class=\"alignnone size-medium wp-image-86482\" src=\"http:\/\/www.radiopiu.net\/wordpress\/wp-content\/uploads\/2019\/05\/TAIBON-SILVIA-TORMEN-199x300.jpeg\" alt=\"\" width=\"199\" height=\"300\" srcset=\"https:\/\/www.radiopiu.net\/wordpress\/wp-content\/uploads\/2019\/05\/TAIBON-SILVIA-TORMEN-199x300.jpeg 199w, https:\/\/www.radiopiu.net\/wordpress\/wp-content\/uploads\/2019\/05\/TAIBON-SILVIA-TORMEN-768x1157.jpeg 768w, https:\/\/www.radiopiu.net\/wordpress\/wp-content\/uploads\/2019\/05\/TAIBON-SILVIA-TORMEN-680x1024.jpeg 680w, https:\/\/www.radiopiu.net\/wordpress\/wp-content\/uploads\/2019\/05\/TAIBON-SILVIA-TORMEN.jpeg 1062w\" sizes=\"auto, (max-width: 199px) 100vw, 199px\" \/><\/a><a class=\"dt-pswp-item\" href=\"http:\/\/www.radiopiu.net\/wordpress\/wp-content\/uploads\/2019\/05\/TAIBON-BRUNO-BULF.jpg\" data-dt-img-description=\"\" data-large_image_width=\"236\" data-large_image_height=\"300\"><img loading=\"lazy\" decoding=\"async\" class=\"alignnone size-medium wp-image-86481\" src=\"http:\/\/www.radiopiu.net\/wordpress\/wp-content\/uploads\/2019\/05\/TAIBON-BRUNO-BULF-236x300.jpg\" alt=\"\" width=\"236\" height=\"300\" \/><\/a><\/p>\n<p>&nbsp;<\/p>\n<blockquote>\n<h3>VALLADA AGORDINA 43,74%<\/h3>\n<\/blockquote>\n<p>Fabio Lucchetta si ricandida e si trova di fronte Giovanni Tomaselli.<\/p>\n<p><a class=\"dt-pswp-item\" href=\"http:\/\/www.radiopiu.net\/wordpress\/wp-content\/uploads\/2019\/05\/VALLADA-FABIO-LUCCHETTA.jpeg\" data-dt-img-description=\"\" data-large_image_width=\"1396\" data-large_image_height=\"1600\"><img loading=\"lazy\" decoding=\"async\" class=\"alignnone size-medium wp-image-86485\" src=\"http:\/\/www.radiopiu.net\/wordpress\/wp-content\/uploads\/2019\/05\/VALLADA-FABIO-LUCCHETTA-262x300.jpeg\" alt=\"\" width=\"262\" height=\"300\" srcset=\"https:\/\/www.radiopiu.net\/wordpress\/wp-content\/uploads\/2019\/05\/VALLADA-FABIO-LUCCHETTA-262x300.jpeg 262w, https:\/\/www.radiopiu.net\/wordpress\/wp-content\/uploads\/2019\/05\/VALLADA-FABIO-LUCCHETTA-768x880.jpeg 768w, https:\/\/www.radiopiu.net\/wordpress\/wp-content\/uploads\/2019\/05\/VALLADA-FABIO-LUCCHETTA-893x1024.jpeg 893w, https:\/\/www.radiopiu.net\/wordpress\/wp-content\/uploads\/2019\/05\/VALLADA-FABIO-LUCCHETTA.jpeg 1396w\" sizes=\"auto, (max-width: 262px) 100vw, 262px\" \/><\/a><a class=\"dt-pswp-item\" href=\"http:\/\/www.radiopiu.net\/wordpress\/wp-content\/uploads\/2019\/05\/VALLADA-GIOVANNI-TOMASELLI.jpeg\" data-dt-img-description=\"\" data-large_image_width=\"1200\" data-large_image_height=\"1600\"><img loading=\"lazy\" decoding=\"async\" class=\"alignnone size-medium wp-image-86486\" src=\"http:\/\/www.radiopiu.net\/wordpress\/wp-content\/uploads\/2019\/05\/VALLADA-GIOVANNI-TOMASELLI-225x300.jpeg\" alt=\"\" width=\"225\" height=\"300\" srcset=\"https:\/\/www.radiopiu.net\/wordpress\/wp-content\/uploads\/2019\/05\/VALLADA-GIOVANNI-TOMASELLI-225x300.jpeg 225w, https:\/\/www.radiopiu.net\/wordpress\/wp-content\/uploads\/2019\/05\/VALLADA-GIOVANNI-TOMASELLI-768x1024.jpeg 768w, https:\/\/www.radiopiu.net\/wordpress\/wp-content\/uploads\/2019\/05\/VALLADA-GIOVANNI-TOMASELLI.jpeg 1200w\" sizes=\"auto, (max-width: 225px) 100vw, 225px\" \/><\/a><\/p>\n<p>&nbsp;<\/p>\n<blockquote>\n<h3>VOLTAGO AGORDINO 44,51%<\/h3>\n<\/blockquote>\n<p>L&#8217;unico comune dell&#8217;Agordino che rimane senza sindaco e quindi verr\u00e0 commissariato. Alessandro Lazzarini non \u00e8 riuscito a superare il quorum con la sua lista &#8220;Si Cambia&#8221;<\/p>\n<p><a class=\"dt-pswp-item\" href=\"http:\/\/www.radiopiu.net\/wordpress\/wp-content\/uploads\/2019\/05\/VOLTAGO-ALESSANDRO-LAZZARINI.jpeg\" data-dt-img-description=\"\" data-large_image_width=\"691\" data-large_image_height=\"842\"><img loading=\"lazy\" decoding=\"async\" class=\"alignnone size-medium wp-image-86489\" src=\"http:\/\/www.radiopiu.net\/wordpress\/wp-content\/uploads\/2019\/05\/VOLTAGO-ALESSANDRO-LAZZARINI-246x300.jpeg\" alt=\"\" width=\"246\" height=\"300\" srcset=\"https:\/\/www.radiopiu.net\/wordpress\/wp-content\/uploads\/2019\/05\/VOLTAGO-ALESSANDRO-LAZZARINI-246x300.jpeg 246w, https:\/\/www.radiopiu.net\/wordpress\/wp-content\/uploads\/2019\/05\/VOLTAGO-ALESSANDRO-LAZZARINI.jpeg 691w\" sizes=\"auto, (max-width: 246px) 100vw, 246px\" \/><\/a><\/p>\n","protected":false},"excerpt":{"rendered":"<p>Di seguito i dati definitivi dell&#8217;affluenza in Agordino riguardo la tornata elettorale per le elezioni comunali nei 9 comuni in cui si doveva votare per scegliere il sindaco AGORDO 64,32% 2468 cittadini aventi diritto sono andati a votare per eleggere il nuovo sindaco. La sfida tra Paolo Selva Moretti e Roberto Chissal\u00e8. &nbsp; ALLEGHE 59,86%&hellip;<\/p>\n","protected":false},"author":4,"featured_media":86550,"comment_status":"closed","ping_status":"closed","sticky":false,"template":"","format":"standard","meta":{"_monsterinsights_skip_tracking":false,"_monsterinsights_sitenote_active":false,"_monsterinsights_sitenote_note":"","_monsterinsights_sitenote_category":0,"footnotes":""},"categories":[51,49],"tags":[],"class_list":["post-86542","post","type-post","status-publish","format-standard","has-post-thumbnail","hentry","category-evidenza-top","category-news-18","category-51","category-49","description-off"],"img_url":"https:\/\/www.radiopiu.net\/wordpress\/wp-content\/uploads\/2019\/05\/ELEZIONI-COMUNALI.jpg","_links":{"self":[{"href":"https:\/\/www.radiopiu.net\/wordpress\/wp-json\/wp\/v2\/posts\/86542","targetHints":{"allow":["GET"]}}],"collection":[{"href":"https:\/\/www.radiopiu.net\/wordpress\/wp-json\/wp\/v2\/posts"}],"about":[{"href":"https:\/\/www.radiopiu.net\/wordpress\/wp-json\/wp\/v2\/types\/post"}],"author":[{"embeddable":true,"href":"https:\/\/www.radiopiu.net\/wordpress\/wp-json\/wp\/v2\/users\/4"}],"replies":[{"embeddable":true,"href":"https:\/\/www.radiopiu.net\/wordpress\/wp-json\/wp\/v2\/comments?post=86542"}],"version-history":[{"count":0,"href":"https:\/\/www.radiopiu.net\/wordpress\/wp-json\/wp\/v2\/posts\/86542\/revisions"}],"wp:featuredmedia":[{"embeddable":true,"href":"https:\/\/www.radiopiu.net\/wordpress\/wp-json\/wp\/v2\/media\/86550"}],"wp:attachment":[{"href":"https:\/\/www.radiopiu.net\/wordpress\/wp-json\/wp\/v2\/media?parent=86542"}],"wp:term":[{"taxonomy":"category","embeddable":true,"href":"https:\/\/www.radiopiu.net\/wordpress\/wp-json\/wp\/v2\/categories?post=86542"},{"taxonomy":"post_tag","embeddable":true,"href":"https:\/\/www.radiopiu.net\/wordpress\/wp-json\/wp\/v2\/tags?post=86542"}],"curies":[{"name":"wp","href":"https:\/\/api.w.org\/{rel}","templated":true}]}}