{"id":86560,"date":"2019-05-27T05:29:47","date_gmt":"2019-05-27T03:29:47","guid":{"rendered":"http:\/\/www.radiopiu.net\/wordpress\/?p=86560"},"modified":"2019-05-27T05:29:47","modified_gmt":"2019-05-27T03:29:47","slug":"tavola-rotonda-etuchespetti","status":"publish","type":"post","link":"https:\/\/www.radiopiu.net\/wordpress\/tavola-rotonda-etuchespetti\/","title":{"rendered":"TAVOLA ROTONDA: #ETUCHESPETTI?"},"content":{"rendered":"<h2><\/h2>\n<blockquote><p><em>15 anni del Corso Serale Forcellini di Feltre<\/em><\/p><\/blockquote>\n<p><strong>FELTRE<\/strong> Un importante appuntamento per l\u2019Istituto Superiore di Feltre \u00e8 in programma\u00a0 per le 20,30 presso la sede dell\u2019Istituto \u201cNegrelli-Forcellini\u201d in via Colombo 11 a Feltre; si tratta di una tavola rotonda dal trema #etucheaspetti? , ove di parler\u00e0 di istruzione per gli adulti; la ricorrenza che si vuole festeggiare \u00e8 una tappa importante del Corso Serale Forcellini, che dopo essere nato nel 2004 si \u00e8 sempre pi\u00f9 sviluppato in questi anni e col 2019 compie 15 anni. Accanto allo storico Corso per tecnico in Costruzioni, Ambiente e Territorio, dal 2018 si \u00e8 affiancato quello di Meccanica e Meccatronica, per un totale di oltre 50 iscritti nell\u2019ultimo anno scolastico, con et\u00e0 variabile dai 18 ai 60 anni. Dopo l\u2019introduzione del Dirigente Scolastico Alessandro Bee, e i saluti delle autorit\u00e0 invitate, la parola passer\u00e0 prima ai proff. Michele Da Rold e Fabio Marchetti del CPIA di Belluno, per poi sentire tre testimonianze di allievi che hanno fatto o stanno facendo il Corso Serale (Anna Milani, Valentino Chiomento e il geom. Luciano Tonni), per concludersi poi con il prof. Fabio Sommacal che spiegher\u00e0 come il corso serale feltrino in questi anni si sia evoluto, con importanti iniziative per andare incontro ai propri allievi e per adeguarsi alla vigente normativa scolastica, come ad esempio la FAD (fruizione a distanza), l\u2019impostazione modulare della didattica e la certificazione del percorso che porta al diploma. L\u2019incontro \u00e8 aperto a tutti e si concluder\u00e0 con un rinfresco. Eventuali informazioni per iscriversi al corso \u00e8 possibile trovarle sul sito www.geometrifeltre.it o chiamando il 380.2556373.<\/p>\n<p><a class=\"dt-pswp-item\" href=\"http:\/\/www.radiopiu.net\/wordpress\/wp-content\/uploads\/2019\/05\/IMG_4086.jpg\" data-dt-img-description=\"\" data-large_image_width=\"4032\" data-large_image_height=\"3024\"><img loading=\"lazy\" decoding=\"async\" class=\"alignnone  wp-image-86554\" src=\"http:\/\/www.radiopiu.net\/wordpress\/wp-content\/uploads\/2019\/05\/IMG_4086-300x225.jpg\" alt=\"\" width=\"131\" height=\"98\" srcset=\"https:\/\/www.radiopiu.net\/wordpress\/wp-content\/uploads\/2019\/05\/IMG_4086-300x225.jpg 300w, https:\/\/www.radiopiu.net\/wordpress\/wp-content\/uploads\/2019\/05\/IMG_4086-768x576.jpg 768w, https:\/\/www.radiopiu.net\/wordpress\/wp-content\/uploads\/2019\/05\/IMG_4086-1024x768.jpg 1024w\" sizes=\"auto, (max-width: 131px) 100vw, 131px\" \/> <\/a><a class=\"dt-pswp-item\" href=\"http:\/\/www.radiopiu.net\/wordpress\/wp-content\/uploads\/2019\/05\/IMG_20190508_200247.jpg\" data-dt-img-description=\"\" data-large_image_width=\"2560\" data-large_image_height=\"1920\"><img loading=\"lazy\" decoding=\"async\" class=\"alignnone  wp-image-86555\" src=\"http:\/\/www.radiopiu.net\/wordpress\/wp-content\/uploads\/2019\/05\/IMG_20190508_200247-300x225.jpg\" alt=\"\" width=\"127\" height=\"95\" srcset=\"https:\/\/www.radiopiu.net\/wordpress\/wp-content\/uploads\/2019\/05\/IMG_20190508_200247-300x225.jpg 300w, https:\/\/www.radiopiu.net\/wordpress\/wp-content\/uploads\/2019\/05\/IMG_20190508_200247-768x576.jpg 768w, https:\/\/www.radiopiu.net\/wordpress\/wp-content\/uploads\/2019\/05\/IMG_20190508_200247-1024x768.jpg 1024w\" sizes=\"auto, (max-width: 127px) 100vw, 127px\" \/><\/a><a class=\"dt-pswp-item\" href=\"http:\/\/www.radiopiu.net\/wordpress\/wp-content\/uploads\/2019\/05\/IMG_20190507_162246.jpg\" data-dt-img-description=\"\" data-large_image_width=\"2560\" data-large_image_height=\"1920\"><img loading=\"lazy\" decoding=\"async\" class=\"alignnone  wp-image-86556\" src=\"http:\/\/www.radiopiu.net\/wordpress\/wp-content\/uploads\/2019\/05\/IMG_20190507_162246-300x225.jpg\" alt=\"\" width=\"125\" height=\"94\" srcset=\"https:\/\/www.radiopiu.net\/wordpress\/wp-content\/uploads\/2019\/05\/IMG_20190507_162246-300x225.jpg 300w, https:\/\/www.radiopiu.net\/wordpress\/wp-content\/uploads\/2019\/05\/IMG_20190507_162246-768x576.jpg 768w, https:\/\/www.radiopiu.net\/wordpress\/wp-content\/uploads\/2019\/05\/IMG_20190507_162246-1024x768.jpg 1024w\" sizes=\"auto, (max-width: 125px) 100vw, 125px\" \/><\/a><a class=\"dt-pswp-item\" href=\"http:\/\/www.radiopiu.net\/wordpress\/wp-content\/uploads\/2019\/05\/Serale-001.jpg\" data-dt-img-description=\"\" data-large_image_width=\"1084\" data-large_image_height=\"608\"><img loading=\"lazy\" decoding=\"async\" class=\"alignnone  wp-image-86557\" src=\"http:\/\/www.radiopiu.net\/wordpress\/wp-content\/uploads\/2019\/05\/Serale-001-300x168.jpg\" alt=\"\" width=\"211\" height=\"118\" srcset=\"https:\/\/www.radiopiu.net\/wordpress\/wp-content\/uploads\/2019\/05\/Serale-001-300x168.jpg 300w, https:\/\/www.radiopiu.net\/wordpress\/wp-content\/uploads\/2019\/05\/Serale-001-768x431.jpg 768w, https:\/\/www.radiopiu.net\/wordpress\/wp-content\/uploads\/2019\/05\/Serale-001-1024x574.jpg 1024w, https:\/\/www.radiopiu.net\/wordpress\/wp-content\/uploads\/2019\/05\/Serale-001.jpg 1084w\" sizes=\"auto, (max-width: 211px) 100vw, 211px\" \/><\/a><a class=\"dt-pswp-item\" href=\"http:\/\/www.radiopiu.net\/wordpress\/wp-content\/uploads\/2019\/05\/Serale-002.jpg\" data-dt-img-description=\"\" data-large_image_width=\"924\" data-large_image_height=\"662\"><img loading=\"lazy\" decoding=\"async\" class=\"alignnone  wp-image-86558\" src=\"http:\/\/www.radiopiu.net\/wordpress\/wp-content\/uploads\/2019\/05\/Serale-002-300x215.jpg\" alt=\"\" width=\"163\" height=\"117\" srcset=\"https:\/\/www.radiopiu.net\/wordpress\/wp-content\/uploads\/2019\/05\/Serale-002-300x215.jpg 300w, https:\/\/www.radiopiu.net\/wordpress\/wp-content\/uploads\/2019\/05\/Serale-002-768x550.jpg 768w, https:\/\/www.radiopiu.net\/wordpress\/wp-content\/uploads\/2019\/05\/Serale-002.jpg 924w\" sizes=\"auto, (max-width: 163px) 100vw, 163px\" \/><\/a><a class=\"dt-pswp-item\" href=\"http:\/\/www.radiopiu.net\/wordpress\/wp-content\/uploads\/2019\/05\/Serale-003.jpg\" data-dt-img-description=\"\" data-large_image_width=\"1497\" data-large_image_height=\"602\"><img loading=\"lazy\" decoding=\"async\" class=\"alignnone  wp-image-86559\" src=\"http:\/\/www.radiopiu.net\/wordpress\/wp-content\/uploads\/2019\/05\/Serale-003-300x121.jpg\" alt=\"\" width=\"268\" height=\"108\" srcset=\"https:\/\/www.radiopiu.net\/wordpress\/wp-content\/uploads\/2019\/05\/Serale-003-300x121.jpg 300w, https:\/\/www.radiopiu.net\/wordpress\/wp-content\/uploads\/2019\/05\/Serale-003-768x309.jpg 768w, https:\/\/www.radiopiu.net\/wordpress\/wp-content\/uploads\/2019\/05\/Serale-003-1024x412.jpg 1024w, https:\/\/www.radiopiu.net\/wordpress\/wp-content\/uploads\/2019\/05\/Serale-003.jpg 1497w\" sizes=\"auto, (max-width: 268px) 100vw, 268px\" \/><\/a><\/p>\n","protected":false},"excerpt":{"rendered":"<p>15 anni del Corso Serale Forcellini di Feltre FELTRE Un importante appuntamento per l\u2019Istituto Superiore di Feltre \u00e8 in programma\u00a0 per le 20,30 presso la sede dell\u2019Istituto \u201cNegrelli-Forcellini\u201d in via Colombo 11 a Feltre; si tratta di una tavola rotonda dal trema #etucheaspetti? , ove di parler\u00e0 di istruzione per gli adulti; la ricorrenza che&hellip;<\/p>\n","protected":false},"author":1,"featured_media":86556,"comment_status":"closed","ping_status":"closed","sticky":false,"template":"","format":"standard","meta":{"_monsterinsights_skip_tracking":false,"_monsterinsights_sitenote_active":false,"_monsterinsights_sitenote_note":"","_monsterinsights_sitenote_category":0,"footnotes":""},"categories":[49],"tags":[],"class_list":["post-86560","post","type-post","status-publish","format-standard","has-post-thumbnail","hentry","category-news-18","category-49","description-off"],"img_url":"https:\/\/www.radiopiu.net\/wordpress\/wp-content\/uploads\/2019\/05\/IMG_20190507_162246.jpg","_links":{"self":[{"href":"https:\/\/www.radiopiu.net\/wordpress\/wp-json\/wp\/v2\/posts\/86560","targetHints":{"allow":["GET"]}}],"collection":[{"href":"https:\/\/www.radiopiu.net\/wordpress\/wp-json\/wp\/v2\/posts"}],"about":[{"href":"https:\/\/www.radiopiu.net\/wordpress\/wp-json\/wp\/v2\/types\/post"}],"author":[{"embeddable":true,"href":"https:\/\/www.radiopiu.net\/wordpress\/wp-json\/wp\/v2\/users\/1"}],"replies":[{"embeddable":true,"href":"https:\/\/www.radiopiu.net\/wordpress\/wp-json\/wp\/v2\/comments?post=86560"}],"version-history":[{"count":0,"href":"https:\/\/www.radiopiu.net\/wordpress\/wp-json\/wp\/v2\/posts\/86560\/revisions"}],"wp:featuredmedia":[{"embeddable":true,"href":"https:\/\/www.radiopiu.net\/wordpress\/wp-json\/wp\/v2\/media\/86556"}],"wp:attachment":[{"href":"https:\/\/www.radiopiu.net\/wordpress\/wp-json\/wp\/v2\/media?parent=86560"}],"wp:term":[{"taxonomy":"category","embeddable":true,"href":"https:\/\/www.radiopiu.net\/wordpress\/wp-json\/wp\/v2\/categories?post=86560"},{"taxonomy":"post_tag","embeddable":true,"href":"https:\/\/www.radiopiu.net\/wordpress\/wp-json\/wp\/v2\/tags?post=86560"}],"curies":[{"name":"wp","href":"https:\/\/api.w.org\/{rel}","templated":true}]}}