{"id":86607,"date":"2019-05-27T15:32:18","date_gmt":"2019-05-27T13:32:18","guid":{"rendered":"http:\/\/www.radiopiu.net\/wordpress\/?p=86607"},"modified":"2019-05-27T15:32:18","modified_gmt":"2019-05-27T13:32:18","slug":"cai-21-23-giugno-trasferta-in-croazia-nel-parco-nazionale-del-velebit-settentrionale-aperte-le-iscrizioni","status":"publish","type":"post","link":"https:\/\/www.radiopiu.net\/wordpress\/cai-21-23-giugno-trasferta-in-croazia-nel-parco-nazionale-del-velebit-settentrionale-aperte-le-iscrizioni\/","title":{"rendered":"CAI  &#8211; 21-23 giugno trasferta in Croazia nel Parco Nazionale del Velebit settentrionale &#8211; aperte le iscrizioni"},"content":{"rendered":"<p>La Commissione Escursionismo della Sezione CAI di Belluno organizza per i giorni 21-23 giugno (con partenza venerd\u00ec pomeriggio) una trasferta in Croazia nel Parco Nazionale del Velebit settentrionale. L&#8217;uscita, svolta in collaborazione con la Societ\u00e0 Alpina di Abbazia, preveder\u00e0 una traversata lungo la catena costiera croata (Velebit) lungo un percorso altamente panoramico in una zona dichiarata area protetta nazionale nel 1999 per la sua ricchezza ambientale, sia animale che vegetale, e le particolarit\u00e0 del paesaggio in generale e carsico in particolare. La mattina di domenica, prima del rientro in Italia, E&#8217; prevista un&#8217;altra breve escursione in Slovenia.<\/p>\n<p>Punto d&#8217;appoggio sar\u00e0 il Rifugio Planinarski Dom Poklon in localit\u00e0 Poklon in Istria.<\/p>\n<p>Il programma dettagliato \u00e8 pubblicato nel Gruppo Pubblico Facebook del CAI Belluno (il sito ufficiale della Sezione \u00e8 in manutenzione) o pu\u00f2 essere richiesto scrivendo a escursionismo@caibelluno.it<\/p>\n<p>Le iscrizioni si ricevono secondo le modalit\u00e0 specificate nel programma fino al raggiungimento del numero massimo di posti e comunque non oltre l&#8217;8 giugno.<\/p>\n","protected":false},"excerpt":{"rendered":"<p>La Commissione Escursionismo della Sezione CAI di Belluno organizza per i giorni 21-23 giugno (con partenza venerd\u00ec pomeriggio) una trasferta in Croazia nel Parco Nazionale del Velebit settentrionale. L&#8217;uscita, svolta in collaborazione con la Societ\u00e0 Alpina di Abbazia, preveder\u00e0 una traversata lungo la catena costiera croata (Velebit) lungo un percorso altamente panoramico in una zona&hellip;<\/p>\n","protected":false},"author":1,"featured_media":86611,"comment_status":"closed","ping_status":"closed","sticky":false,"template":"","format":"standard","meta":{"_monsterinsights_skip_tracking":false,"_monsterinsights_sitenote_active":false,"_monsterinsights_sitenote_note":"","_monsterinsights_sitenote_category":0,"footnotes":""},"categories":[49],"tags":[],"class_list":["post-86607","post","type-post","status-publish","format-standard","has-post-thumbnail","hentry","category-news-18","category-49","description-off"],"img_url":"https:\/\/www.radiopiu.net\/wordpress\/wp-content\/uploads\/2019\/05\/logo_cai.png","_links":{"self":[{"href":"https:\/\/www.radiopiu.net\/wordpress\/wp-json\/wp\/v2\/posts\/86607","targetHints":{"allow":["GET"]}}],"collection":[{"href":"https:\/\/www.radiopiu.net\/wordpress\/wp-json\/wp\/v2\/posts"}],"about":[{"href":"https:\/\/www.radiopiu.net\/wordpress\/wp-json\/wp\/v2\/types\/post"}],"author":[{"embeddable":true,"href":"https:\/\/www.radiopiu.net\/wordpress\/wp-json\/wp\/v2\/users\/1"}],"replies":[{"embeddable":true,"href":"https:\/\/www.radiopiu.net\/wordpress\/wp-json\/wp\/v2\/comments?post=86607"}],"version-history":[{"count":0,"href":"https:\/\/www.radiopiu.net\/wordpress\/wp-json\/wp\/v2\/posts\/86607\/revisions"}],"wp:featuredmedia":[{"embeddable":true,"href":"https:\/\/www.radiopiu.net\/wordpress\/wp-json\/wp\/v2\/media\/86611"}],"wp:attachment":[{"href":"https:\/\/www.radiopiu.net\/wordpress\/wp-json\/wp\/v2\/media?parent=86607"}],"wp:term":[{"taxonomy":"category","embeddable":true,"href":"https:\/\/www.radiopiu.net\/wordpress\/wp-json\/wp\/v2\/categories?post=86607"},{"taxonomy":"post_tag","embeddable":true,"href":"https:\/\/www.radiopiu.net\/wordpress\/wp-json\/wp\/v2\/tags?post=86607"}],"curies":[{"name":"wp","href":"https:\/\/api.w.org\/{rel}","templated":true}]}}