{"id":86675,"date":"2019-05-29T06:08:13","date_gmt":"2019-05-29T04:08:13","guid":{"rendered":"http:\/\/www.radiopiu.net\/wordpress\/?p=86675"},"modified":"2019-05-29T11:19:33","modified_gmt":"2019-05-29T09:19:33","slug":"giornale-radiopiu-29-maggio-2019-direttore-mirko-mezzacasa","status":"publish","type":"post","link":"https:\/\/www.radiopiu.net\/wordpress\/giornale-radiopiu-29-maggio-2019-direttore-mirko-mezzacasa\/","title":{"rendered":"GIORNALE RADIOPIU 29 MAGGIO 2019 DIRETTORE MIRKO MEZZACASA"},"content":{"rendered":"<p>&nbsp;<\/p>\n<p><span style=\"color: #0000ff;\"><strong>QUESTA SERA ALLE 20.10 SPECIALE VALLE DI SAN LUCANO, IL CONVEGNO DI SABATO A TAIBON. UNA VALLE DA GUINNES DEI PRIMATI<\/strong><\/span><\/p>\n<p>&nbsp;<\/p>\n<h2>L&#8217;INCIDENTE DI IERI AD ANZU&#8217; PEDAVENESE GRAVE<\/h2>\n<p><strong><a class=\"dt-pswp-item\" href=\"http:\/\/www.radiopiu.net\/wordpress\/wp-content\/uploads\/2019\/05\/efb95a16-a3cb-4bfc-b34c-ce6b301ff0b5.jpg\" data-dt-img-description=\"\" data-large_image_width=\"320\" data-large_image_height=\"240\"><img loading=\"lazy\" decoding=\"async\" class=\"size-medium wp-image-86760 alignleft\" src=\"http:\/\/www.radiopiu.net\/wordpress\/wp-content\/uploads\/2019\/05\/efb95a16-a3cb-4bfc-b34c-ce6b301ff0b5-300x225.jpg\" alt=\"\" width=\"300\" height=\"225\" srcset=\"https:\/\/www.radiopiu.net\/wordpress\/wp-content\/uploads\/2019\/05\/efb95a16-a3cb-4bfc-b34c-ce6b301ff0b5-300x225.jpg 300w, https:\/\/www.radiopiu.net\/wordpress\/wp-content\/uploads\/2019\/05\/efb95a16-a3cb-4bfc-b34c-ce6b301ff0b5.jpg 320w\" sizes=\"auto, (max-width: 300px) 100vw, 300px\" \/><\/a>FELTRE\u00a0<\/strong> \u00c8 ricoverato in prognosi riservata al Santa Maria del Prato il pedavenese che guidava la Panda travolta\u00a0 dal semirimorchio di un bilico, sbandato mentre si immetteva nella rotatoria di Anz\u00f9.Il drammatico incidente \u00e8 avvenuto nel pomeriggio, attorno alle 14,30, mentre sulla zona si stava abbattendo un forte rovescio di pioggia. Alla guida del mezzo pesante, semivuoto, c&#8217;era un camionista di nazionalit\u00e0 polacca, R.C., nato nel 1962.Dalla direzione opposta, in uscita dalla rotatoria e diretta verso il sottopassaggio, procedeva negli stessi istanti una Fiat Panda 4&#215;4 guidata da D.B., 44 anni, residente a Facen di Pedavena.Secondo la prima ricostruzione fatta dai carabinieri della compagnia di Feltre, intervenuti assieme ai vigili del fuoco e ai sanitari del Santa Maria del Prato.I carabinieri hanno messo sotto sequestro entrambi i mezzi, mentre i vigili del fuoco &#8211; dopo i primi minuti con la circolazione sulla Feltrina completamente bloccata &#8211; sono riusciti a contenere i disagi al traffico deviando auto e mezzi pesanti.<\/p>\n<p>&nbsp;<\/p>\n<p>&nbsp;<\/p>\n<p>&nbsp;<\/p>\n<p>&nbsp;<\/p>\n<p>&nbsp;<\/p>\n<p><strong><span style=\"color: #ff0000;\">\u00a0Proroga ordinanza strada Provinciale 3 Valle Imperina:<\/span> LE FESTE-GOSALDO. FINO AL 01 GIUGNO CHIUSA DALLE 8 ALLE 12 E DALLE 13.30 ALLE 18<\/strong><\/p>\n<p>&nbsp;<\/p>\n<h2>LE FOTO DEL GIORNO<\/h2>\n<p><strong>TAIBON<\/strong> Che generazione fortunata&#8230; il meglio dell&#8217;hockey nazionale, le pi\u00f9 grandi sfide con le squadre &#8220;metropolitane&#8221; e di vallata, i pi\u00f9 grandi nomi dell&#8217;hockey&#8230;. Oggi guardiamo in televisione BRUCE CASSIDY in finale Nhl con i suoi Boston Bruins in vantaggio sui St. Louis nella serie al meglio delle sette partite (gara 1, 42). E poi&#8230; Jukka Jalonen coach campione del mondo con la Finlandia Due fenomeni con un trascorso ad AllegheHockey<\/p>\n<p><a class=\"dt-pswp-item\" href=\"http:\/\/www.radiopiu.net\/wordpress\/wp-content\/uploads\/2019\/05\/IMG-20190521-WA0000.jpg\" data-dt-img-description=\"\" data-large_image_width=\"903\" data-large_image_height=\"555\"><img loading=\"lazy\" decoding=\"async\" class=\"alignnone wp-image-86677\" src=\"http:\/\/www.radiopiu.net\/wordpress\/wp-content\/uploads\/2019\/05\/IMG-20190521-WA0000.jpg\" alt=\"\" width=\"340\" height=\"209\" srcset=\"https:\/\/www.radiopiu.net\/wordpress\/wp-content\/uploads\/2019\/05\/IMG-20190521-WA0000.jpg 903w, https:\/\/www.radiopiu.net\/wordpress\/wp-content\/uploads\/2019\/05\/IMG-20190521-WA0000-300x184.jpg 300w, https:\/\/www.radiopiu.net\/wordpress\/wp-content\/uploads\/2019\/05\/IMG-20190521-WA0000-768x472.jpg 768w\" sizes=\"auto, (max-width: 340px) 100vw, 340px\" \/><\/a><a class=\"dt-pswp-item\" href=\"http:\/\/www.radiopiu.net\/wordpress\/wp-content\/uploads\/2019\/05\/IMG-20190528-WA0002.jpg\" data-dt-img-description=\"\" data-large_image_width=\"688\" data-large_image_height=\"782\"><img loading=\"lazy\" decoding=\"async\" class=\"alignnone wp-image-86676\" src=\"http:\/\/www.radiopiu.net\/wordpress\/wp-content\/uploads\/2019\/05\/IMG-20190528-WA0002-264x300.jpg\" alt=\"\" width=\"189\" height=\"215\" srcset=\"https:\/\/www.radiopiu.net\/wordpress\/wp-content\/uploads\/2019\/05\/IMG-20190528-WA0002-264x300.jpg 264w, https:\/\/www.radiopiu.net\/wordpress\/wp-content\/uploads\/2019\/05\/IMG-20190528-WA0002.jpg 688w\" sizes=\"auto, (max-width: 189px) 100vw, 189px\" \/><\/a><\/p>\n<p>&nbsp;<\/p>\n<p>&nbsp;<\/p>\n<h2><a class=\"dt-pswp-item\" href=\"http:\/\/www.radiopiu.net\/wordpress\/wp-content\/uploads\/2018\/05\/STADIO-AGORDO-TONI-GUADAGNINI.jpg\" data-dt-img-description=\"\" data-large_image_width=\"250\" data-large_image_height=\"160\"><img loading=\"lazy\" decoding=\"async\" class=\"size-full wp-image-48501 alignleft\" src=\"http:\/\/www.radiopiu.net\/wordpress\/wp-content\/uploads\/2018\/05\/STADIO-AGORDO-TONI-GUADAGNINI.jpg\" alt=\"\" width=\"250\" height=\"160\" \/><\/a><\/h2>\n<h2><\/h2>\n<h2>LA PRIORITA&#8217; DI CHISSALE&#8217;: LO STADIO DEL GHIACCIO E IL CAMPO DI CALCIO<\/h2>\n<p>di GIANNI SANTOMASO<\/p>\n<p>AGORDO<\/p>\n<audio class=\"wp-audio-shortcode\" id=\"audio-86675-1\" preload=\"none\" style=\"width: 100%;\" controls=\"controls\"><source type=\"audio\/mpeg\" src=\"http:\/\/www.radiopiu.net\/wordpress\/wp-content\/uploads\/2019\/05\/GIANNI-STADIO.mp3?_=1\" \/><a href=\"http:\/\/www.radiopiu.net\/wordpress\/wp-content\/uploads\/2019\/05\/GIANNI-STADIO.mp3\">http:\/\/www.radiopiu.net\/wordpress\/wp-content\/uploads\/2019\/05\/GIANNI-STADIO.mp3<\/a><\/audio>\n<p>&nbsp;<\/p>\n<p>&nbsp;<\/p>\n<p>&nbsp;<\/p>\n<p>&nbsp;<\/p>\n<h3>LE ULTIME DALLA FRANA CHE HA COSTRETTO ALL&#8217;EVACUAZIONE UN INTERO BORGO<\/h3>\n<p><strong><a class=\"dt-pswp-item\" href=\"http:\/\/www.radiopiu.net\/wordpress\/wp-content\/uploads\/2019\/05\/751-2019-sopralluogo-schiucaz2.jpg\" data-dt-img-description=\"\" data-large_image_width=\"960\" data-large_image_height=\"720\"><img loading=\"lazy\" decoding=\"async\" class=\"alignnone size-full wp-image-85383\" src=\"http:\/\/www.radiopiu.net\/wordpress\/wp-content\/uploads\/2019\/05\/751-2019-sopralluogo-schiucaz2.jpg\" alt=\"\" width=\"960\" height=\"720\" srcset=\"https:\/\/www.radiopiu.net\/wordpress\/wp-content\/uploads\/2019\/05\/751-2019-sopralluogo-schiucaz2.jpg 960w, https:\/\/www.radiopiu.net\/wordpress\/wp-content\/uploads\/2019\/05\/751-2019-sopralluogo-schiucaz2-300x225.jpg 300w, https:\/\/www.radiopiu.net\/wordpress\/wp-content\/uploads\/2019\/05\/751-2019-sopralluogo-schiucaz2-768x576.jpg 768w\" sizes=\"auto, (max-width: 960px) 100vw, 960px\" \/><\/a>SCHIUCAZ<\/strong> Di ieri l&#8217;ultimo aggiornamento facebook dell&#8217;assessore Gianpaolo Bottacin dall&#8217;Alpago.<em> &#8220;E&#8217; pronto il piano Veneto Strade per demolire la frana, prevede l&#8217;utilizzo di espolsivo per allegerire la parte sommitale della frana. I tecnici di Veneto Strade stanno lavorando per realizzare un accesso in alto in modo da posizionare un sistema di allarme automatico e realizzare piccole perforazioni per posizionare cariche. Contemporaneamente verranno posizionati alcuni container zavorrati a formare una barriera lungo la strada a protezione delle abitazioni. &#8220;L&#8217;obiettivo\u00a0 &#8211; dice l&#8217;assessore &#8211; demolire con l&#8217;esposivo la sola parte in alto della frana. Stiamo parlando di 2500 metri dubi di materiale argilloso, molto addensato. Subito dopo si proceder\u00e0 ad eliminare la parte incombente del piede di frana con mezzi meccanici&#8221;.<\/em> Un lavoro che dovrebbe iniziare e concludersi in due settimane se non si saranno distacchi autonomi dalla parete.<\/p>\n<p>&nbsp;<\/p>\n<p>&nbsp;<\/p>\n<p>&nbsp;<\/p>\n<h3>DIFESA DEL SUOLO. AL VIA DUE NUOVI CANTIERI AD AGORDO E ROCCA PIETORE.<\/h3>\n<p><a class=\"dt-pswp-item\" href=\"http:\/\/www.radiopiu.net\/wordpress\/wp-content\/uploads\/2019\/05\/841-2019-area-interventi-Alleghe-Zunaia-1.jpg\" data-dt-img-description=\"\" data-large_image_width=\"1600\" data-large_image_height=\"1200\"><img loading=\"lazy\" decoding=\"async\" class=\" wp-image-86683 alignleft\" src=\"http:\/\/www.radiopiu.net\/wordpress\/wp-content\/uploads\/2019\/05\/841-2019-area-interventi-Alleghe-Zunaia-1-300x225.jpg\" alt=\"\" width=\"192\" height=\"144\" srcset=\"https:\/\/www.radiopiu.net\/wordpress\/wp-content\/uploads\/2019\/05\/841-2019-area-interventi-Alleghe-Zunaia-1-300x225.jpg 300w, https:\/\/www.radiopiu.net\/wordpress\/wp-content\/uploads\/2019\/05\/841-2019-area-interventi-Alleghe-Zunaia-1-768x576.jpg 768w, https:\/\/www.radiopiu.net\/wordpress\/wp-content\/uploads\/2019\/05\/841-2019-area-interventi-Alleghe-Zunaia-1-1024x768.jpg 1024w, https:\/\/www.radiopiu.net\/wordpress\/wp-content\/uploads\/2019\/05\/841-2019-area-interventi-Alleghe-Zunaia-1.jpg 1600w\" sizes=\"auto, (max-width: 192px) 100vw, 192px\" \/><\/a><strong>VENEZIA<\/strong> Le strutture regionali dell&#8217;Unit\u00e0 Organizzativa Forestale Est di Belluno hanno avviato due nuovi cantieri di sistemazione idraulico forestale nei territori comunali di Alleghe e Rocca Pietore.<\/p>\n<blockquote><p><em>\u201cNel caso di Alleghe si tratta di lavori urgenti di consolidamento degli argini in destra orografica del torrente Zunaia, in prossimit\u00e0 dello stadio del ghiaccio &#8211; spiega l\u2019assessore regionale alla Difesa del Suolo Gianpaolo Bottacin \u2013 l\u2019obiettivo \u00e8 il ripristino di diversi danni causati dalla tempesta dello scorso autunno\u201d. \u201cIn questo momento sono in corso i rilievi delle opere danneggiate \u2013 prosegue l\u2019assessore \u2013 si proceder\u00e0, quindi, al consolidamento delle fondazioni e al rivestimento in pietrame con adeguati getti di calcestruzzo armato per la messa in sicurezza della zona urbanizzata\u201d.<\/em><\/p><\/blockquote>\n<p>Per l\u2019intervento, la cui durata \u00e8 stimata in due mesi, sono stati investiti 300.000 euro. Il <a class=\"dt-pswp-item\" href=\"http:\/\/www.radiopiu.net\/wordpress\/wp-content\/uploads\/2019\/05\/841-2019-area-interventi-Rocca-Rio-Molin-2.jpg\" data-dt-img-description=\"\" data-large_image_width=\"1600\" data-large_image_height=\"1200\"><img loading=\"lazy\" decoding=\"async\" class=\" wp-image-86684 alignright\" src=\"http:\/\/www.radiopiu.net\/wordpress\/wp-content\/uploads\/2019\/05\/841-2019-area-interventi-Rocca-Rio-Molin-2-300x225.jpg\" alt=\"\" width=\"204\" height=\"153\" srcset=\"https:\/\/www.radiopiu.net\/wordpress\/wp-content\/uploads\/2019\/05\/841-2019-area-interventi-Rocca-Rio-Molin-2-300x225.jpg 300w, https:\/\/www.radiopiu.net\/wordpress\/wp-content\/uploads\/2019\/05\/841-2019-area-interventi-Rocca-Rio-Molin-2-768x576.jpg 768w, https:\/\/www.radiopiu.net\/wordpress\/wp-content\/uploads\/2019\/05\/841-2019-area-interventi-Rocca-Rio-Molin-2-1024x768.jpg 1024w, https:\/\/www.radiopiu.net\/wordpress\/wp-content\/uploads\/2019\/05\/841-2019-area-interventi-Rocca-Rio-Molin-2.jpg 1600w\" sizes=\"auto, (max-width: 204px) 100vw, 204px\" \/><\/a>secondo cantiere, per il quale sono stati stanziati 190.000 euro, riguarda invece il Ru da Molin a Santa Maria delle Grazie in Comune di Rocca Pietore.<\/p>\n<blockquote><p><em>\u201cIn questo caso si sta procedendo alla rimozione dei numerosi alberi d\u2019alto fusto schiantati dalla tempesta \u2013 dettaglia Bottacin &#8211; e ancora presenti nell\u2019alveo del torrente, soprattutto nella parte alta del suo corso\u201d. <\/em><em>All\u2019operazione di pulizia dell\u2019alveo che sar\u00e0 realizzata in circa quarantacinque giorni di lavoro, far\u00e0 quindi seguito un successivo intervento strutturale, attualmente in corso di progettazione, che prevede lavori di ricomposizione dell\u2019alveo del torrente e la costruzione di una briglia di trattenuta dei materiali trasportati dalle acque da monte, mettendo cos\u00ec in sicurezza il centro abitato.<\/em><em>\u201cContinua incessante il nostro lavoro certosino per il ripristino post Vaia \u2013 conclude l\u2019assessore Bottacin &#8211; con moltissimi cantieri, dei quali monitoriamo giorno per giorno l\u2019attivit\u00e0\u201d.<\/em><\/p><\/blockquote>\n<p>&nbsp;<\/p>\n<p>&nbsp;<\/p>\n<p>&nbsp;<\/p>\n<p><strong> QUORUM DEI VOTANTI A LOZZO DI CADORE E VOLTAGO AGORDINO: IL PREFETTO NOMINA I COMMISSARI PREFETTIZI<\/strong><\/p>\n<p><a class=\"dt-pswp-item\" href=\"http:\/\/www.radiopiu.net\/wordpress\/wp-content\/uploads\/2019\/02\/prefettura.jpeg\" data-dt-img-description=\"\" data-large_image_width=\"1599\" data-large_image_height=\"799\"><img loading=\"lazy\" decoding=\"async\" class=\"size-medium wp-image-75516 alignleft\" src=\"http:\/\/www.radiopiu.net\/wordpress\/wp-content\/uploads\/2019\/02\/prefettura-300x150.jpeg\" alt=\"\" width=\"300\" height=\"150\" srcset=\"https:\/\/www.radiopiu.net\/wordpress\/wp-content\/uploads\/2019\/02\/prefettura-300x150.jpeg 300w, https:\/\/www.radiopiu.net\/wordpress\/wp-content\/uploads\/2019\/02\/prefettura-768x384.jpeg 768w, https:\/\/www.radiopiu.net\/wordpress\/wp-content\/uploads\/2019\/02\/prefettura-1024x512.jpeg 1024w, https:\/\/www.radiopiu.net\/wordpress\/wp-content\/uploads\/2019\/02\/prefettura.jpeg 1599w\" sizes=\"auto, (max-width: 300px) 100vw, 300px\" \/><\/a>Il Prefetto di Belluno, Francesco Esposito, ha nominato\u00a0 con proprio decreto, i commissari prefettizi per la provvisoria gestione dei Comuni di Lozzo di Cadore e Voltago Agordino. La nomina si \u00e8 resa necessaria a seguito dell\u2019annullamento delle elezioni, dovuto al mancato raggiungimento del quorum di votanti richiesto dalla legge nel caso in cui, per l\u2019elezione del Sindaco, sia presentata una sola lista, come avvenuto a Lozzo, Voltago e in altri otto Comuni della Provincia. I Commissari Prefettizi, che gestiranno i Comuni fino alle elezioni amministrative in programma nel 2020, sono il dr. Antonio Russo, Viceprefetto, per Voltago Agordino ed il dr. Andrea Celsi, Viceprefetto Aggiunto, per Lozzo di Cadore. Agli stessi sono stati conferiti i poteri del Sindaco, della Giunta e del Consiglio Comunale. Antonio Russo ricopre in Prefettura il ruolo di dirigente dell\u2019Area II \u2013 Raccordo con gli Enti Locali; Consultazioni Elettorali mentre Andrea Celsi \u00e8 il Capo di Gabinetto del Prefetto.<\/p>\n<p>&nbsp;<\/p>\n<p>&nbsp;<\/p>\n<h3>ALL&#8217;OMBRA DELLA &#8220;CIANA&#8221; LE LACRIME EMOTIVE DI ROBERTO. L&#8217;ABBRACCIO DI UN PADRE PER IL FIGLIO CHE PASSA DI GRADO<\/h3>\n<p><strong>AGORDO<\/strong> Roberto Chissal\u00e8 \u00e8 il nuovo sindaco di Agordo, Gianni Santomaso ci racconta lo stappo del prosecco e l&#8217;abbraccio con pap\u00e0 Giovanni. Premiato l&#8217;impegno per la comunit\u00e0, impegno anche da quella sede dell&#8217;Unione Sportiva Le Ville.<\/p>\n<p><strong>DI GIANNI SANTOMASO<\/strong><\/p>\n<audio class=\"wp-audio-shortcode\" id=\"audio-86675-2\" preload=\"none\" style=\"width: 100%;\" controls=\"controls\"><source type=\"audio\/mpeg\" src=\"http:\/\/www.radiopiu.net\/wordpress\/wp-content\/uploads\/2019\/05\/ROBERTO-1.mp3?_=2\" \/><a href=\"http:\/\/www.radiopiu.net\/wordpress\/wp-content\/uploads\/2019\/05\/ROBERTO-1.mp3\">http:\/\/www.radiopiu.net\/wordpress\/wp-content\/uploads\/2019\/05\/ROBERTO-1.mp3<\/a><\/audio>\n<p>&nbsp;<\/p>\n<p><a class=\"dt-pswp-item\" href=\"http:\/\/www.radiopiu.net\/wordpress\/wp-content\/uploads\/2019\/05\/80c1e4c5-8f6f-48fa-a3bc-139e9946b39e.jpg\" data-dt-img-description=\"\" data-large_image_width=\"1600\" data-large_image_height=\"901\"><img loading=\"lazy\" decoding=\"async\" class=\"alignnone size-large wp-image-86709\" src=\"http:\/\/www.radiopiu.net\/wordpress\/wp-content\/uploads\/2019\/05\/80c1e4c5-8f6f-48fa-a3bc-139e9946b39e-1024x577.jpg\" alt=\"\" width=\"1024\" height=\"577\" srcset=\"https:\/\/www.radiopiu.net\/wordpress\/wp-content\/uploads\/2019\/05\/80c1e4c5-8f6f-48fa-a3bc-139e9946b39e-1024x577.jpg 1024w, https:\/\/www.radiopiu.net\/wordpress\/wp-content\/uploads\/2019\/05\/80c1e4c5-8f6f-48fa-a3bc-139e9946b39e-300x169.jpg 300w, https:\/\/www.radiopiu.net\/wordpress\/wp-content\/uploads\/2019\/05\/80c1e4c5-8f6f-48fa-a3bc-139e9946b39e-768x432.jpg 768w, https:\/\/www.radiopiu.net\/wordpress\/wp-content\/uploads\/2019\/05\/80c1e4c5-8f6f-48fa-a3bc-139e9946b39e.jpg 1600w\" sizes=\"auto, (max-width: 1024px) 100vw, 1024px\" \/><\/a><\/p>\n<p>&nbsp;<\/p>\n<p>&nbsp;<\/p>\n<p>&nbsp;<\/p>\n<h2><a class=\"dt-pswp-item\" href=\"http:\/\/www.radiopiu.net\/wordpress\/wp-content\/uploads\/2019\/05\/download-23.jpg\" data-dt-img-description=\"\" data-large_image_width=\"312\" data-large_image_height=\"161\"><img loading=\"lazy\" decoding=\"async\" class=\"size-medium wp-image-86742 alignleft\" src=\"http:\/\/www.radiopiu.net\/wordpress\/wp-content\/uploads\/2019\/05\/download-23-300x155.jpg\" alt=\"\" width=\"300\" height=\"155\" srcset=\"https:\/\/www.radiopiu.net\/wordpress\/wp-content\/uploads\/2019\/05\/download-23-300x155.jpg 300w, https:\/\/www.radiopiu.net\/wordpress\/wp-content\/uploads\/2019\/05\/download-23.jpg 312w\" sizes=\"auto, (max-width: 300px) 100vw, 300px\" \/><\/a><\/h2>\n<h2><\/h2>\n<h2>33 MILIONI DI EURO, IL BILANCIO DELLA PROVINCIA<\/h2>\n<p>BELLUNO<\/p>\n<p><strong>DI DAMIANO TORMEN<\/strong><\/p>\n<p>&nbsp;<\/p>\n<audio class=\"wp-audio-shortcode\" id=\"audio-86675-3\" preload=\"none\" style=\"width: 100%;\" controls=\"controls\"><source type=\"audio\/mpeg\" src=\"http:\/\/www.radiopiu.net\/wordpress\/wp-content\/uploads\/2019\/05\/DAMIANO-3.mp3?_=3\" \/><a href=\"http:\/\/www.radiopiu.net\/wordpress\/wp-content\/uploads\/2019\/05\/DAMIANO-3.mp3\">http:\/\/www.radiopiu.net\/wordpress\/wp-content\/uploads\/2019\/05\/DAMIANO-3.mp3<\/a><\/audio>\n<p>IL PRESIDENTE DELLA PROVINCIA, ROBERTO PADRIN<\/p>\n<audio class=\"wp-audio-shortcode\" id=\"audio-86675-4\" preload=\"none\" style=\"width: 100%;\" controls=\"controls\"><source type=\"audio\/mpeg\" src=\"http:\/\/www.radiopiu.net\/wordpress\/wp-content\/uploads\/2019\/05\/PADRIN.mp3?_=4\" \/><a href=\"http:\/\/www.radiopiu.net\/wordpress\/wp-content\/uploads\/2019\/05\/PADRIN.mp3\">http:\/\/www.radiopiu.net\/wordpress\/wp-content\/uploads\/2019\/05\/PADRIN.mp3<\/a><\/audio>\n<p>&nbsp;<\/p>\n<p>&nbsp;<\/p>\n<p>&nbsp;<\/p>\n<h2>IDEAL STANDARD, LE RASSICURAZIONI DELL&#8217;AZIENDA A D&#8217;INCA&#8217;<\/h2>\n<p><strong><a class=\"dt-pswp-item\" href=\"http:\/\/www.radiopiu.net\/wordpress\/wp-content\/uploads\/2018\/01\/IdealStandard_print.gif\" data-dt-img-description=\"\" data-large_image_width=\"198\" data-large_image_height=\"150\"><img loading=\"lazy\" decoding=\"async\" class=\"size-full wp-image-42229 alignleft\" src=\"http:\/\/www.radiopiu.net\/wordpress\/wp-content\/uploads\/2018\/01\/IdealStandard_print.gif\" alt=\"\" width=\"198\" height=\"150\" \/><\/a>TRICHIANA <\/strong>Nel pomeriggio di ieri,\u00a0 il deputato bellunese Federico D\u2019Inc\u00e0 ha partecipato all\u2019incontro sulla vicenda Ideal Standard, che si \u00e8 tenuto al Mise tra i sindacati e la rappresentanza aziendale. Il deputato del M5S si esprime sulla questione del personale.<\/p>\n<audio class=\"wp-audio-shortcode\" id=\"audio-86675-5\" preload=\"none\" style=\"width: 100%;\" controls=\"controls\"><source type=\"audio\/mpeg\" src=\"http:\/\/www.radiopiu.net\/wordpress\/wp-content\/uploads\/2019\/05\/FEDERICO.mp3?_=5\" \/><a href=\"http:\/\/www.radiopiu.net\/wordpress\/wp-content\/uploads\/2019\/05\/FEDERICO.mp3\">http:\/\/www.radiopiu.net\/wordpress\/wp-content\/uploads\/2019\/05\/FEDERICO.mp3<\/a><\/audio>\n<p>&nbsp;<\/p>\n<p>&nbsp;<\/p>\n<p>&nbsp;<\/p>\n<p>&nbsp;<\/p>\n<h2>IDEAL STANDARD. INCONTRO PROFICUO A ROMA, CONFERMATA STRATEGICIT\u00c0 DELLO STABILIMENTO<\/h2>\n<p><strong>VENEZIA<\/strong>\u00a0 La Regione del Veneto, rappresentata dall\u2019unit\u00e0 di crisi, ha partecipato oggi al tavolo di monitoraggio su Ideal Standard convocato dal Ministero per lo Sviluppo Economico. L\u2019incontro, a un anno dalla stipula dell\u2019accordo finalizzato al rafforzamento dello stabilimento dell\u2019ex Ceramica Dolomite di Trichiana (Bl), che conta attualmente 600 lavoratori, era finalizzato a fare il punto sull\u2019applicazione del piano con i vertici del Gruppo. \u201cUn proficuo tavolo di aggiornamento, che ci fa guardare avanti con rinnovata fiducia\u201d. Cos\u00ec l\u2019assessore al lavoro della Regione del Veneto, Elena Donazzan, ha sintetizzato l\u2019esito dell\u2019incontro odierno. Dopo chiusura lo scorso anno dello stabilimento Ideal Standard di Roccasecca, in provincia di Frosinone, l\u2019azienda ha confermato oggi l\u2019importanza strategica di quella che \u00e8 rimasta la sua unica sede italiana e la volont\u00e0 di perseguire l\u2019obiettivo di consolidare e aumentare la propria presenza nel mercato, puntando in particolare sulla realizzazione e vendita di nuovi prodotti di design a Trichiana. Lo stabilimento bellunese possiede le competenze tecniche per realizzare le nuove produzioni al top di gamma e pi\u00f9 innovative del Gruppo, garantendo la sostenibilit\u00e0 economico finanziaria dello stesso sito produttivo, per il quale l\u2019azienda ha annunciato di prevedere nuovi investimenti. Un nuovo tavolo di aggiornamento \u00e8 previsto in ambito ministeriale entro il prossimo mese di agosto: \u201cLa Regione \u2013 conclude l\u2019assessore Donazzan \u2013 continuer\u00e0 a garantire la propria partecipazione e l\u2019attivit\u00e0 di raccordo tra Ministero e parti sociali interessate\u201d.<\/p>\n<p>&nbsp;<\/p>\n<p>&nbsp;<\/p>\n<p>&nbsp;<\/p>\n<p>&nbsp;<\/p>\n<p>&nbsp;<\/p>\n<p>&nbsp;<\/p>\n<h2><a class=\"dt-pswp-item\" href=\"http:\/\/www.radiopiu.net\/wordpress\/wp-content\/uploads\/2018\/05\/SELVA-DI-CADORE.jpg\" data-dt-img-description=\"\" data-large_image_width=\"354\" data-large_image_height=\"142\"><img loading=\"lazy\" decoding=\"async\" class=\"size-medium wp-image-47474 alignleft\" src=\"http:\/\/www.radiopiu.net\/wordpress\/wp-content\/uploads\/2018\/05\/SELVA-DI-CADORE-300x120.jpg\" alt=\"\" width=\"300\" height=\"120\" srcset=\"https:\/\/www.radiopiu.net\/wordpress\/wp-content\/uploads\/2018\/05\/SELVA-DI-CADORE-300x120.jpg 300w, https:\/\/www.radiopiu.net\/wordpress\/wp-content\/uploads\/2018\/05\/SELVA-DI-CADORE.jpg 354w\" sizes=\"auto, (max-width: 300px) 100vw, 300px\" \/><\/a>ANCORA UNA VITTIMA DELLA BUROCRAZIA: Il 10 PER CENTO DELLE AZIONI DELLA VAL FIORENTINA IN VENDITA.<\/h2>\n<p><strong>SELVA DI CADORE<\/strong> Il Comune vende il pacchetto azionario della Val Fiorentina. E&#8217; il terzo tentativo, per la necessit\u00e0 di rendere pi\u00f9 snella la societ\u00e0, oltre i vincoli burocratici a cui \u00e8 costretta l&#8217;amministrazione comunale<\/p>\n<p>DALLA RASSEGNA STAMPA, IL SINDACO SILVIA CESTARO<\/p>\n<audio class=\"wp-audio-shortcode\" id=\"audio-86675-6\" preload=\"none\" style=\"width: 100%;\" controls=\"controls\"><source type=\"audio\/mpeg\" src=\"http:\/\/www.radiopiu.net\/wordpress\/wp-content\/uploads\/2019\/05\/SELVA-DI-CADORE-SILVIA.mp3?_=6\" \/><a href=\"http:\/\/www.radiopiu.net\/wordpress\/wp-content\/uploads\/2019\/05\/SELVA-DI-CADORE-SILVIA.mp3\">http:\/\/www.radiopiu.net\/wordpress\/wp-content\/uploads\/2019\/05\/SELVA-DI-CADORE-SILVIA.mp3<\/a><\/audio>\n<p>&nbsp;<\/p>\n<p>&nbsp;<\/p>\n<p>&nbsp;<\/p>\n<p>&nbsp;<\/p>\n<p>&nbsp;<\/p>\n<h2>AGORDINO DOVE RINASCONO LE DOLOMITI SI INTERESSA ANCHE DEL RAPPORTO UOMO-CANE. CONVEGNO IN SALA DON TAMIS<\/h2>\n<p><strong><a class=\"dt-pswp-item\" href=\"http:\/\/www.radiopiu.net\/wordpress\/wp-content\/uploads\/2019\/05\/incontro-8-6-kaos-render-1.jpg\" data-dt-img-description=\"\" data-large_image_width=\"2953\" data-large_image_height=\"4134\"><img loading=\"lazy\" decoding=\"async\" class=\"size-medium wp-image-86751 alignleft\" src=\"http:\/\/www.radiopiu.net\/wordpress\/wp-content\/uploads\/2019\/05\/incontro-8-6-kaos-render-1-214x300.jpg\" alt=\"\" width=\"214\" height=\"300\" srcset=\"https:\/\/www.radiopiu.net\/wordpress\/wp-content\/uploads\/2019\/05\/incontro-8-6-kaos-render-1-214x300.jpg 214w, https:\/\/www.radiopiu.net\/wordpress\/wp-content\/uploads\/2019\/05\/incontro-8-6-kaos-render-1-768x1075.jpg 768w, https:\/\/www.radiopiu.net\/wordpress\/wp-content\/uploads\/2019\/05\/incontro-8-6-kaos-render-1-731x1024.jpg 731w\" sizes=\"auto, (max-width: 214px) 100vw, 214px\" \/><\/a>AGORDO<\/strong> L\u2019associazione Agordino dove rinascono le Dolomiti organizza per il pomeriggio di sabato 8 giugno in sala Don Tamis alle 16 un incontro con la popolazione per parlare di cani. L\u2019idea \u00e8 maturata a seguito all\u2019uccisone in un parcheggio di un supermercato ad Agordo del cane Kaos. Questo evento traumatico per tutta la popolazione, porta a farsi e fare delle domande, su tutto ci\u00f2 che concerne il rapporto uomo &#8211; animale e le responsabilit\u00e0 che derivano dalla scelta, la detenzione, la custodia e l\u2019educazione dei cani. Si parla spesso di cani pericolosi quando c\u2019\u00e8 un fatto colposo o doloso ma mai di come questi animali diventino pericolosi, perch\u00e9 e quali sono le misure per rieducarli. Per rispondere a queste domande sono stati invitati i relatori Avv. Alessandra Marchi delegata Leidaa (Lega Italiana Difesa Animali e Ambiente) persona con approfondite conoscenze in materia di tutela animale e con grande esperienza professionale, Dott.ssa Silvia Marangoni Medico veterinario comportamentalista che opera in pi\u00f9 ambiti dell\u2019educazione cinofila e della riabilitazione, Rudy Buosi istruttore cinofilo con grandissima esperienza nel recupero di cani problematici, Cristiano Fant presidente di Siamo tutti animali Belluno e guardia zoofila conoscitore esperto delle problematiche del territorio in merito alle situazioni di maltrattamento e situazioni critiche in provincia. Saranno invitati a partecipare i sindaci dei comuni, per parlare dello strumento importantissimo delle ordinanze nell\u2019ambito della tutela umana e animale sui territori comunali, strumento che sar\u00e0 illustrato nel dettaglio dai relatori presenti. L\u2019incontro sar\u00e0 ripreso in video per essere poi messo a disposizione on line per chi ne volesse consultare i lavori. Sono state invitate le forze dell\u2019ordine. L\u2019ingresso \u00e8 libero.<\/p>\n<p>&nbsp;<\/p>\n<p>&nbsp;<\/p>\n<p>&nbsp;<\/p>\n<p>&nbsp;<\/p>\n<h3>CRISI AZIENDALI: NEL 2018 MENO IMPRESE E MENO LAVORATORI COINVOLTI<\/h3>\n<p><strong><a class=\"dt-pswp-item\" href=\"http:\/\/www.radiopiu.net\/wordpress\/wp-content\/uploads\/2016\/06\/lavoro-fabbrica.jpg\" data-dt-img-description=\"\" data-large_image_width=\"990\" data-large_image_height=\"660\"><img loading=\"lazy\" decoding=\"async\" class=\" wp-image-20298 alignleft\" src=\"http:\/\/www.radiopiu.net\/wordpress\/wp-content\/uploads\/2016\/06\/lavoro-fabbrica-300x200.jpg\" alt=\"\" width=\"222\" height=\"148\" \/><\/a>VENEZIA <\/strong>Nel 2018 le aziende coinvolte in Veneto da una procedura di crisi sono state 188, 39 in meno rispetto all\u2019anno precedente, per un totale di poco meno di 9 mila lavoratori potenzialmente coinvolti. \u00c8 quanto emerge dai dati del report sulle crisi aziendali a cura dell\u2019Osservatorio sul mercato del lavoro di Veneto Lavoro, che confermano una tendenza in atto da alcuni anni. Dopo i picchi registrati tra il 2013 e il 2014, le nuove aperture di crisi hanno toccato nell\u2019ultimo anno il valore minimo storico a quota 230 comunicazioni di avvio (-14%).\u00a0 Nel 2018 le procedure di licenziamento collettivo siglate sono state 202 per un totale di 7.417 lavoratori coinvolti. Complessivamente il numero totale dei licenziamenti di rapporti di lavoro a tempo indeterminato (comprensivo quindi dei licenziamenti economici individuali e di quelli per motivi disciplinari) \u00e8 diminuito di circa 3 mila unit\u00e0 rispetto al 2017: 32.800 a fronte dei 35.500 dell\u2019anno precedente. Il calo \u00e8 determinato in maggior parte da quelli economici e collettivi, mentre i licenziamenti per motivi disciplinari sono lievemente aumentati. Nel 2018, nel Bellunese si sono registrati complessivamente 1.385 licenziamenti di rapporti di lavoro a tempo indeterminato (250 dei quali a seguito di procedure di licenziamento collettivo). Sul fronte degli ammortizzatori sociali, i dati Inps segnalano un deciso calo delle ore autorizzate di Cassa integrazione, che ammontano complessivamente a 18,5 milioni (-59%) e del lieve aumento della Cassa integrazione ordinaria (+15%).<\/p>\n<p>&nbsp;<\/p>\n<p>&nbsp;<\/p>\n<h3>SOSPIROLO TRA LEGGENDE E MISTERI<\/h3>\n<p><strong>coll. Federico Brancaleone.<\/strong><\/p>\n<p><strong><a class=\"dt-pswp-item\" href=\"http:\/\/www.radiopiu.net\/wordpress\/wp-content\/uploads\/2019\/05\/vincitori-2018.jpg\" data-dt-img-description=\"\" data-large_image_width=\"2048\" data-large_image_height=\"1361\"><img loading=\"lazy\" decoding=\"async\" class=\" wp-image-86680 alignleft\" src=\"http:\/\/www.radiopiu.net\/wordpress\/wp-content\/uploads\/2019\/05\/vincitori-2018-300x199.jpg\" alt=\"\" width=\"244\" height=\"162\" srcset=\"https:\/\/www.radiopiu.net\/wordpress\/wp-content\/uploads\/2019\/05\/vincitori-2018-300x199.jpg 300w, https:\/\/www.radiopiu.net\/wordpress\/wp-content\/uploads\/2019\/05\/vincitori-2018-768x510.jpg 768w, https:\/\/www.radiopiu.net\/wordpress\/wp-content\/uploads\/2019\/05\/vincitori-2018-1024x681.jpg 1024w, https:\/\/www.radiopiu.net\/wordpress\/wp-content\/uploads\/2019\/05\/vincitori-2018.jpg 2048w\" sizes=\"auto, (max-width: 244px) 100vw, 244px\" \/><\/a>SOSPIROLO<\/strong> Festeggia la decima edizione il concorso letterario \u201cSospirolo tra leggende e misteri\u201d promosso da Pro Loco \u201cMonti del Sole\u201d e Comune di Sospirolo, e abbinato a \u201cVeneto, spettacoli di Mistero 2019\u201d di Unpli e Regione Veneto. Una data importante quella dei dieci anni, festeggiata con la presentazione ufficiale del concorso, venerd\u00ec scorso al centro civico, con una serata specifica sul tema di quest\u2019anno: il gioco; ospiti Giovanni Larese, co-autore con Luigina Tavi di una pubblicazione sul tema, l&#8217;associazione Antenna Anziani, il Comitato per Pullir coi giochi di un tempo.\u00a0 Gli organizzatori: \u00abDiceva Umberto Eco che il gioco \u00e8 uno dei cinque bisogni fondamentali dell&#8217;uomo assieme al cibo, al riposo, all&#8217;affetto, e al chiedersi il perch\u00e9 delle cose. Per questo abbiamo voluto dedicare il concorso al gioco, alla trama di esperienze, ricordi e storie che si nascondono nelle sue manifestazioni e nei suoi valori sociali e umani, al colorato mondo dei giocattoli e ai giocatori che siamo tutti noi; si pu\u00f2 attingere ai ricordi di famiglia e di paese, alle leggende e tradizioni, al patrimonio culturale per comporre un&#8217;opera <a class=\"dt-pswp-item\" href=\"http:\/\/www.radiopiu.net\/wordpress\/wp-content\/uploads\/2019\/05\/immagine-del-concorso-2019.jpg\" data-dt-img-description=\"\" data-large_image_width=\"2480\" data-large_image_height=\"2518\"><img loading=\"lazy\" decoding=\"async\" class=\" wp-image-86679 alignright\" src=\"http:\/\/www.radiopiu.net\/wordpress\/wp-content\/uploads\/2019\/05\/immagine-del-concorso-2019-295x300.jpg\" alt=\"\" width=\"196\" height=\"199\" srcset=\"https:\/\/www.radiopiu.net\/wordpress\/wp-content\/uploads\/2019\/05\/immagine-del-concorso-2019-295x300.jpg 295w, https:\/\/www.radiopiu.net\/wordpress\/wp-content\/uploads\/2019\/05\/immagine-del-concorso-2019-768x780.jpg 768w, https:\/\/www.radiopiu.net\/wordpress\/wp-content\/uploads\/2019\/05\/immagine-del-concorso-2019-1009x1024.jpg 1009w\" sizes=\"auto, (max-width: 196px) 100vw, 196px\" \/><\/a>originale\u00bb. C\u2019\u00e8 anche una sezione in pi\u00f9 quest\u2019anno dedicata ai giovanissimi e una traccia-suggerimento apposita per i bambini. Oggetto del concorso sono racconti brevi inediti incentrati sul tema del gioco nella pluralit\u00e0 delle sue manifestazioni. Il concorso si rivolge ai nati e\/o residenti nel Triveneto e la partecipazione \u00e8 gratuita. Sono previste 3 sezioni: A- Bambini (da 6 a 12 anni); B- Giovani (da 13 a 18 anni); C- Adulti (oltre i 18 anni), aperte a singoli o gruppi. Ogni concorrente, singolo o gruppo, pu\u00f2 partecipare con un solo racconto inedito in lingua italiana, completo di titolo, della lunghezza massima di 8000 battute, spazi inclusi. Sono in palio 200 euro per la sezione A, 300 a testa per le sezioni B e C pi\u00f9 altri premi. La scadenza per l\u2019invio \u00e8 il 30 settembre. Per info 338 4677367 (dopo le 18), concorsisospirolo@gmail.com. L\u2019intero regolamento \u00e8 visibile nel sito www.sospirolo.net e su Facebook (Pro Loco \u201cMonti del Sole\u201d). Il concorso vede il patrocinio di Provincia di Belluno, Unione Montana Val Belluna, Latteria sociale di Camolino, associazione Il Veses.<\/p>\n<h3><\/h3>\n<p>&nbsp;<\/p>\n<p>&nbsp;<\/p>\n<p>&nbsp;<\/p>\n<h3>GIOVANI FELTRINI IMPEGNATI NEL VOLONTARIATO ATTIVO<\/h3>\n<blockquote><p><em>Lavoreranno per combattere sprechi di cibo ed esclusione sociale<\/em><\/p><\/blockquote>\n<p><strong><a class=\"dt-pswp-item\" href=\"http:\/\/www.radiopiu.net\/wordpress\/wp-content\/uploads\/2019\/05\/Uno-dei-momenti-con-i-ragazzi.jpg\" data-dt-img-description=\"\" data-large_image_width=\"1600\" data-large_image_height=\"1200\"><img loading=\"lazy\" decoding=\"async\" class=\" wp-image-86681 alignleft\" src=\"http:\/\/www.radiopiu.net\/wordpress\/wp-content\/uploads\/2019\/05\/Uno-dei-momenti-con-i-ragazzi-300x225.jpg\" alt=\"\" width=\"212\" height=\"159\" srcset=\"https:\/\/www.radiopiu.net\/wordpress\/wp-content\/uploads\/2019\/05\/Uno-dei-momenti-con-i-ragazzi-300x225.jpg 300w, https:\/\/www.radiopiu.net\/wordpress\/wp-content\/uploads\/2019\/05\/Uno-dei-momenti-con-i-ragazzi-768x576.jpg 768w, https:\/\/www.radiopiu.net\/wordpress\/wp-content\/uploads\/2019\/05\/Uno-dei-momenti-con-i-ragazzi-1024x768.jpg 1024w, https:\/\/www.radiopiu.net\/wordpress\/wp-content\/uploads\/2019\/05\/Uno-dei-momenti-con-i-ragazzi.jpg 1600w\" sizes=\"auto, (max-width: 212px) 100vw, 212px\" \/><\/a>FELTRE <\/strong>Lotta agli sprechi alimentari e contrasto all&#8217;esclusione sociale. Sono i temi centrali del nuovo progetto di solidariet\u00e0 \u201cCommunity Change Makers\u201d, decollato a maggio, che coinvolger\u00e0 per un anno intero alcuni giovani volontari del Feltrino. Il progetto, promosso dal Comitato d\u2019Intesa e Csv Belluno in partenariato con l\u2019associazione \u201cNoi con Voi\u201d di Feltre e con il \u201cGruppo Giovani\u201d di Farra di Feltre, \u00e8 finanziato dall&#8217;Agenzia Nazionale per i Giovani nell\u2019ambito del nuovo programma europeo \u201cCorpo Europeo di Solidariet\u00e0\u201d. Protagonisti saranno volontari under 30, tutti residenti nel feltrino, che hanno accettato la sfida lanciata dal Comitato d\u2019Intesa: un progetto di volontariato attivo che li vedr\u00e0 coinvolti in numerose azioni solidali. Tra queste l\u2019ideazione di campagne di raccolta cibo da destinare alle famiglie bisognose del territorio, la sperimentazione di un orto biologico, l\u2019ideazione di un convegno specifico di promozione delle nuova legge contro lo spreco alimentare (Legge 166\/16), nonch\u00e9 l\u2019organizzazione di pranzi di raccolta fondi aperti alla cittadinanza, fondi che saranno donati alla mensa solidale \u201cIl Pane Quotidiano\u201d di Feltre, attualmente gestita dai volontari dell\u2019associazione \u201cNoi con Voi\u201d. Nel corso dei dodici mesi progettuali, i giovani volontari saranno coordinati da Laura De Riz e Stefano Dal Farra, referenti dell\u2019Area Europa del Comitato d\u2019Intesa\/CSV Belluno.<\/p>\n<blockquote><p><em>\u00abL\u2019obiettivo primario di questo nuovo progetto \u00e8 quello di motivare i giovani ad un impegno volontario, stimolando in loro il protagonismo, l&#8217;attivismo civico e lo spirito di solidariet\u00e0 a sostegno delle fasce pi\u00f9 emarginate della popolazione\u00bb, spiega Laura De Riz. \u00abVi sar\u00e0 inoltre il supporto operativo di Ylber e Olsi, giovani volontari provenienti da Kosovo e Albania, attualmente ospiti del Comitato d\u2019Intesa nell\u2019ambito del progetto di volontariato \u201c0 Food Waste Project\u201d, anch\u2019esso finanziato da Agenzia Nazionale per i Giovani nell\u2019ambito del nuovo programma europeo \u201cCorpo europeo di solidariet\u00e0\u201d\u00bb.<\/em><\/p><\/blockquote>\n<p>&nbsp;<\/p>\n<p>&nbsp;<\/p>\n<h3>LUNEDI LA GIORNATA MONDIALE DELLA BICICLETTA, STUDIO E CONFRONTO<\/h3>\n<blockquote><p><em>Per motivi organizzativi, \u00e8 gradita l&#8217;adesione a questo indirizzo: b.gallon@comune.feltre.bl.it entro oggi<\/em><\/p><\/blockquote>\n<p><strong>FELTRE\u00a0<\/strong> Non solo agonismo e visibilit\u00e0. Il Giro d\u2019Italia porta a Feltre anche l\u2019occasione per un momento di studio e di confronto molto importante sul futuro della ciclabilit\u00e0 nel nostro territorio. &#8220;Mobilit\u00e0 sostenibile: le piste ciclabili come infrastrutture per muovere le persone e l&#8217;economia&#8221; \u00e8 il titolo dell\u2019evento che si terr\u00e0 luned\u00ec 3 giugno dalle ore 15.00 alle ore 18.30 nell\u2019 Aula Magna del Campus \u201cTina Merlin\u201d, in via Borgo Ruga, 40 a Feltre. L\u2019appuntamento, non a caso, coincide con la prima Giornata Mondiale della Bicicletta, approvata, in una risoluzione dell\u2019aprile 2018, come giornata ufficiale delle Nazioni Unite per la consapevolezza dei benefici sociali derivanti dall&#8217;uso della bicicletta come mezzo di trasporto e per il tempo libero. L&#8217;iniziativa \u00e8 rivolta ad amministratori pubblici, tecnici e progettisti (\u00e8 previsto riconoscimento di tre crediti formativi professionali) ed aperta anche ad associazioni, comitati e cittadini interessati ai temi della ciclabilit\u00e0 urbana e del cicloturismo. In Italia nei prossimi anni dovranno essere realizzati almeno 15.000 km di nuove infrastrutture ciclabili se vorremo stare al passo con i Paesi pi\u00f9 avanzati. Ma cosa si intende esattamente per infrastrutture ciclabili? In che modo le realizzeremo? Saranno pianificate, progettate, promosse e gestite in modo adeguato, tenendo conto della normativa, dei materiali, dei rapporti con il territorio, della fruizione, delle potenzialit\u00e0 turistiche? E, infine, chi e come si occuper\u00e0 della loro manutenzione e gestione nel tempo? Questi sono alcuni dei temi di cui si dibatter\u00e0 durante l\u2019incontro al quale prenderanno parte, in qualit\u00e0 di relatori, Sergio Deromedis, ingegnere, attualmente Direttore dell\u2019Ufficio Infrastrutture Ciclopedonali della Provincia Autonoma di Trento e Ivan Moroder direttore dell\u2019Ufficio Mobilit\u00e0 del Comune di Bolzano.<br \/>\nCoordiner\u00e0 i lavori l\u2019Assessore alla mobilit\u00e0 e all\u2019ambiente del Comune di Feltre, che cos\u00ec commenta: \u201cPrendiamo spunto dalla tappa del Giro d\u2019Italia e dalla Giornata mondiale della bicicletta per ampliare lo spettro della riflessione sul tema della ciclabilit\u00e0 nei suoi potenziali benefici ambientali, turistici, sulla salute e qualit\u00e0 della vita nei nostri territori; lo facciamo a partire dai contributi di due dei massimi esperti di settore. L&#8217;incontro con i tecnici, le associazioni e i cittadini sensibili alla questione di una mobilit\u00e0 sostenibile sar\u00e0 utile anche per presentare il &#8220;Manuale delle piste ciclabili e della ciclabilit\u00e0&#8221; di Sergio Deromedis, Edicicloeditore 2019, testo ricco di spunti di riflessione e di proposte concrete di intervento.&#8221;<\/p>\n<p>&nbsp;<\/p>\n<p>&nbsp;<\/p>\n<h3>CORSI DI FORMAZIONE SUL CAMPO CON LA ULSS1 DOLOMITI<\/h3>\n<p><strong>BELLUNO<\/strong> Prende inizio il 31 maggio, il corso di formazione sul campo di 60 ore \u201cIl case management e la Dimissione protetta della donna fragile: esperienze tra Ospedale e Territorio nella Ulss 1 Dolomiti, Distretti di Belluno e Feltre, e proposte di nuovi percorsi\u201d Il corso \u00e8 organizzato dalla Centrale Operativa del Distretto di Belluno, ed \u00e8 nato in rispetto delle funzioni proprie della COT di mappatura e coordinamento dei vari servizi della rete assistenziale, di raccolta di un bisogno socio-sanitario, manifestato soprattutto dalle UUOO di Ginecologia\/Ostetricia di Belluno e Feltre, al fine di garantire la dimissione protetta di casi complessi di fragilit\u00e0 al femminile, in particolare per le donne vittime di violenza, mamme colpite da aborto\/lutto perinatale.Il corso vedr\u00e0 la partecipazione, in qualit\u00e0 di relatrici, di alcune delle professioniste aziendali referenti del percorso rosa.<\/p>\n<p>&nbsp;<\/p>\n<p>&nbsp;<\/p>\n<h2>QUESTA SERA IL TUMORE AL COLON AI MERCOLEDI DELLA SALUTE<\/h2>\n<p><strong>FELTRE <\/strong>Tumore al colon: \u00e8 possibile sconfiggerlo? Appuntamento al mercoled\u00ec della salute questa sera\u00a0 alle 18.00 in sala convegni nell\u2019ambito dei Mercoled\u00ec della salute con il dott. Michele De Boni, coordinatore del dipartimento di chirurgia oncologica gastroenterologia e il dott. Davide Pastorelli, direttore della Oncologia di Feltre. Questo Mercoled\u00ec della salute \u00e8 la versione a misura di cittadino dell\u2019ultimo aggiornamento scientifico avvenuto durante il convegno dei venerd\u00ec in tema di tumore del colon.<\/p>\n<blockquote><p><em>Tra il 2013 e il 2018, alla Chirurgia di Feltre sono stati operati 360 tumori del colon-retto, di cui il 77% in laparoscopia. I soli tumori del retto, pi\u00f9 difficili da trattare, sono stati 61. Di questi, l\u201985% \u00e8 stato eseguito in laparoscopia. La degenza media \u00e8 stata di 13,7 giorni con nessun caso di mortalit\u00e0 intraospedaliera o di re \u2013 ricovero entro 30 giorni, in linea con i migliori dati a livello nazionale.<\/em><\/p><\/blockquote>\n<p>&nbsp;<\/p>\n<p>&nbsp;<\/p>\n<p>&nbsp;<\/p>\n<h4>Emigrazione<\/h4>\n<h2>dalla montagna Dolomitica nel corso del Novecento<\/h2>\n<p><strong>Una mostra fotografica che riscoprire il flusso migratorio dell\u2019area Ladina<\/strong><\/p>\n<p><strong><a class=\"dt-pswp-item\" href=\"http:\/\/www.radiopiu.net\/wordpress\/wp-content\/uploads\/2019\/05\/da_sinistra_denni-dorigo_luciana-palla_oscar-de-bona.jpg\" data-dt-img-description=\"\" data-large_image_width=\"1599\" data-large_image_height=\"899\"><img loading=\"lazy\" decoding=\"async\" class=\"alignnone size-large wp-image-86698\" src=\"http:\/\/www.radiopiu.net\/wordpress\/wp-content\/uploads\/2019\/05\/da_sinistra_denni-dorigo_luciana-palla_oscar-de-bona-1024x576.jpg\" alt=\"\" width=\"1024\" height=\"576\" srcset=\"https:\/\/www.radiopiu.net\/wordpress\/wp-content\/uploads\/2019\/05\/da_sinistra_denni-dorigo_luciana-palla_oscar-de-bona-1024x576.jpg 1024w, https:\/\/www.radiopiu.net\/wordpress\/wp-content\/uploads\/2019\/05\/da_sinistra_denni-dorigo_luciana-palla_oscar-de-bona-300x169.jpg 300w, https:\/\/www.radiopiu.net\/wordpress\/wp-content\/uploads\/2019\/05\/da_sinistra_denni-dorigo_luciana-palla_oscar-de-bona-768x432.jpg 768w, https:\/\/www.radiopiu.net\/wordpress\/wp-content\/uploads\/2019\/05\/da_sinistra_denni-dorigo_luciana-palla_oscar-de-bona.jpg 1599w\" sizes=\"auto, (max-width: 1024px) 100vw, 1024px\" \/><\/a>BELLUNO<\/strong> L\u2019Istituto Culturale Ladino \u201cCesa de Jan\u201d offre l\u2019opportunit\u00e0 di visitare la mostra Emigrazione dalla montagna Dolomitica nel corso del Novecento a cura di Luciana Palla. Il fenomeno dell\u2019emigrazione ha colpito l\u2019Italia e il nostro territorio bellunese in quanto i nostri connazionali e conterranei si trasferivano, permanentemente o stagionalmente, in altri Paesi o in altre citt\u00e0 italiane per dare una svolta alla propria vita. Un fenomeno che dopo un arresto, ora torna a ripetersi. La ricerca di Luciana Palla si focalizza sulla migrazione nel corso del Novecento nei comuni di Colle S. Lucia, Livinallongo e Rocca Pietore. Come ha affermato lei stessa, il suo studio \u00e8 il risultato di due anni di ricerca, di cui il primo passato nei libri della Biblioteca delle migrazioni Dino Buzzati (sede ABM) per studiare da zero un fenomeno a lei abbastanza sconosciuto. Ma le sue analisi non si fermano allo studio distaccato del fenomeno. Sa che il fattore umano \u00e8 importante e, perci\u00f2, decide di andare lei stessa alla ricerca di testimonianze dirette parlando con gli stessi abitanti dei comuni sopra citati dalle quali traspare un\u2019umanit\u00e0 complessa, ma utile al suo lavoro con lettere, foto e storie diverse fra di loro. \u00abOgni comune aveva le sue caratteristiche, che hanno influenzato le modalit\u00e0 e i mestieri dell\u2019emigrazione, ma le mete erano sicuramente l\u2019Argentina, l\u2019Australia, la Svizzera e il Sudtirolo &#8211; evidenzia la Palla &#8211; Da Livinallongo, ad esempio, le partenze gi\u00e0 iniziano a fine Ottocento diventando una tradizione tramandata da padre a figlio\u00bb. Livinallongo e Colle S. Lucia, per il fatto di essere stati comuni austriaci fino alla Prima Guerra Mondiale, rappresentano una situazione economica e politica diversa che, di conseguenza, influenza gli spostamenti in modo differente. Tra le varie peculiarit\u00e0, si sottolinea l\u2019emigrazione minorile in Sudtirolo tedesco e ladino, oppure coloro che partivano gi\u00e0 con un mestiere imparato e con i propri attrezzi (es. falegnami). \u00abImportante &#8211; continua la Palla &#8211; \u00e8 ricordare il ruolo delle donne: mogli e figlie, ma anche ragazze che partono da sole sia in America che in Europa e lavoravano nelle foreste, nelle miniere, nelle campagne, nelle fabbriche tessili o come balie e domestiche\u00bb. Un altro aspetto che Luciana Palla sottolinea e che ancora oggi esiste, \u00e8 lo spopolamento, fenomeno che inizia gi\u00e0 nel 1945. Per quanto riguarda l\u2019immigrazione, Luciana Palla ha voluto indagare per vedere quanto il nostro turismo e le nostre montagne riescano ad attrarre persone e non solo a lasciarle andare. \u00abTra chi ce l\u2019ha fatta, c\u2019\u00e8 purtroppo chi ha fallito e di cui purtroppo si sono perse le tracce, &#8211; puntualizza la Palla &#8211; ma \u00e8 anche questo un aspetto che ho cercato di studiare, nonostante le fonti scarseggino\u00bb. \u00abUno studio di grande interesse al quale abbiamo dato subito la nostra collaborazione, oltre che il patrocinio &#8211; l\u2019intervento del presidente Abm Oscar De Bona &#8211; anche perch\u00e9 si conosce poco dell\u2019emigrazione dell\u2019alto bellunese\u00bb. \u00abUn progetto voluto e sostenuto dall\u2019Istituto Ladino \u201cCesa de Jan &#8211; conclude il direttore Denni Dorigo &#8211; anche perch\u00e9 il fenomeno migratorio \u00e8 di estrema attualit\u00e0, ma per comprenderlo dobbiamo conoscere il nostro passato\u00bb. La mostra sar\u00e0 inaugurata il primo giugno alle 17.00 e rimarr\u00e0 aperta per i mesi di giugno, luglio, e met\u00e0 settembre (gioved\u00ec, venerd\u00ec e sabato dalle 15 alle 19) e agosto (tutti i giorni, sempre dalle 15 alle 19). Un percorso interessante fatto di fotografie, documenti e filmati che esplorano alcuni aspetti del nostro territorio a volte poco conosciuti. Uno spunto di riflessione in una ricerca che, come affermato dalla stessa Luciana, \u00e8 e sar\u00e0 sempre in continuo movimento.<\/p>\n<p>&nbsp;<\/p>\n<p>&nbsp;<\/p>\n<h3>IL VOTO DI DOMENICA VISTO DAI NOSTRI ASCOLTATORI-LETTORI.<\/h3>\n<p><strong>Franco Piacentini, iscritto Spi Cgil<\/strong><\/p>\n<blockquote><p><strong>FELTRE<\/strong> Siamo alle solite ! Anche questa volta chi ha preso pi\u00f9 voti si esalta a tal punto da considerarsi un politico miracolato, al quale il Padreterno gli ha affidato lo scettro dei miracoli, da utilizzare per risolvere i problemi del popolo. Pia illusione ! Anche dopo questo voto europeo, povero di contenuti e idealmente sterile, almeno qui in Italia, le sofferenze umane resteranno drammaticamente al loro posto. Anzi, dopo il fallimento del Mercatone Uno, la disoccupazione aumenter\u00e0. Mediamente le retribuzioni e le pensioni manterranno un potere d&#8217;acquisto alla soglia della povert\u00e0. Le pesanti compartecipazioni per curarsi e per l&#8217;assistenza, non saranno ridotte. Purtroppo, l&#8217;elenco delle criticit\u00e0 \u00e8 molto pi\u00f9 lungo di quanto sopra evidenziato. Inoltre, il miracolato vincitore dovrebbe almeno dire qualche preoccupante parola su quel circa 40% di persone (in particolare giovani) che hanno disertato le urne. Comunque, dopo che gli invitati alla festa elettorale se n\u00e9 saranno andati, la &#8220;stanza del potere&#8221; va sistemata, rendendola maggiormente accessibile ai riformisti. L&#8217;Italia, dopo il voto europeo, ha un estremo bisogno di grandi riforme: dalle politiche attive del lavoro al federalismo solidale; dalla salvaguardia idrogeologica del territorio alla tutela ambientale; dall&#8217;aumento della qualit\u00e0 dei servizi sociosanitari alla maggiore attenzione ai disabili e ai non autosufficienti; dagli urgenti interventi concertati tra le parti sulla previdenza alla definizione dei livelli essenziali per garantire le prestazioni sociali; ecc. Sar\u00e0 bene, dopo l&#8217;ubriacatura dei dati elettorali, che i politici facciano prevalere, sui loro interessi, il pi\u00f9 delle volte di immagine personale, il buon senso e la capacit\u00e0 di governare con seriet\u00e0 e con totale rispetto della Carta Costituzionale.<\/p><\/blockquote>\n<p>&nbsp;<\/p>\n<h3>ESCURSIONI NEL PARCO<\/h3>\n<p><strong>FELTRE<\/strong> A giugno prosegue il programma di escursioni guidate e attivit\u00e0 ludico didattiche organizzato e finanziato dal Parco Nazionale Dolomiti Bellunesi. Il calendario di Al Parco con mamma e pap\u00e0 propone 15 appuntamenti.\u00a0 Tra questi quello del 23 giugno in Val Canzoi, che rientra nell\u2019iniziativa nazionale Natura senza barriere (organizzata da Federtrek per promuovere l\u2019accessibilit\u00e0 delle aree protette), e le escursioni del 30 giugno, che fanno parte degli eventi organizzati dal Parco per celebrare il decimo anniversario dell\u2019inserimento delle Dolomiti nel Patrimonio dell\u2019Umanit\u00e0 UNESCO. La partecipazione a tutte le attivit\u00e0 \u00e8 gratuita. Le escursioni e i laboratori sono curati dalla cooperativa Mazarol; per prenotazioni e informazioni: 329.0040808 oppure guide.pndb@gmail.com<\/p>\n<p>&nbsp;<\/p>\n<p>&nbsp;<\/p>\n<h2>SBANDIERATORI FELTRINI, SEMPRE UN SUCCESSO<\/h2>\n<p><strong><a class=\"dt-pswp-item\" href=\"http:\/\/www.radiopiu.net\/wordpress\/wp-content\/uploads\/2019\/05\/WhatsApp-Image-2019-05-26-at-15.08.38.jpeg\" data-dt-img-description=\"\" data-large_image_width=\"1200\" data-large_image_height=\"1600\"><img loading=\"lazy\" decoding=\"async\" class=\"wp-image-86701 alignleft\" src=\"http:\/\/www.radiopiu.net\/wordpress\/wp-content\/uploads\/2019\/05\/WhatsApp-Image-2019-05-26-at-15.08.38-768x1024.jpeg\" alt=\"\" width=\"238\" height=\"317\" srcset=\"https:\/\/www.radiopiu.net\/wordpress\/wp-content\/uploads\/2019\/05\/WhatsApp-Image-2019-05-26-at-15.08.38-768x1024.jpeg 768w, https:\/\/www.radiopiu.net\/wordpress\/wp-content\/uploads\/2019\/05\/WhatsApp-Image-2019-05-26-at-15.08.38-225x300.jpeg 225w, https:\/\/www.radiopiu.net\/wordpress\/wp-content\/uploads\/2019\/05\/WhatsApp-Image-2019-05-26-at-15.08.38.jpeg 1200w\" sizes=\"auto, (max-width: 238px) 100vw, 238px\" \/><\/a>FELTRE<\/strong> Grande successo per i giovani alfieri del Gruppo Sbandieratori Citt\u00e0 di Feltre ai XXV Campionati Veneti Sbandieratori, svoltisi sabato 25 maggio a Solesino, in provincia di Padova. I feltrini Elias Borgatti e Giorgia Scandale, entrambi quindicenni, si sono infatti classificati al terzo posto con l&#8217;esercizio di coppia, dietro a consolidate scuole dell&#8217;arte della bandiera, come quelle di Megliadino San Vitale e di Santa Margherita d&#8217;Adige. Questo risultato rappresenta il primo podio in una gara federale per le giovani leve del Gruppo Sbandieratori Citt\u00e0 di Feltre, il cui settore giovanile \u00e8 stato avviato nel 2015 e sta iniziando a dare i propri frutti, sia in termini di numero degli aderenti sia con i risultati agonistici, come appunto in questo caso. Grande soddisfazione \u00e8 stata espressa dal presidente del sodalizio feltrino, Romano Cecchin, in carica da pochi mesi: &#8220;Il risultato conseguito a Solesino \u00e8 di assoluto rilievo per il Gruppo e giunge a coronamento del tanto lavoro svolto dagli istruttori dei ragazzi, Luca Zanella e Alessia Cassol, cos\u00ec come dei tanti che, in passato come adesso, hanno contribuito al buon andamento del settore giovanile. Il consolidamento di quest&#8217;ultimo, cos\u00ec come la continuativa attivit\u00e0 con le scuole che stiamo portando avanti, era una delle priorit\u00e0 del Consiglio Direttivo appena rinnovato e devo dire che i risultati iniziano a darci ragione&#8221;<\/p>\n<p>&nbsp;<\/p>\n<p>&nbsp;<\/p>\n<blockquote class=\"wp-embedded-content\" data-secret=\"MFrpo3hc4D\"><p><a href=\"http:\/\/www.radiopiu.net\/wordpress\/chiesa-di-san-donato-di-lamon-la-dedicazione-93-anni-or-sono\/\">CHIESA DI SAN DONATO DI LAMON: LA DEDICAZIONE 93 ANNI OR SONO<\/a><\/p><\/blockquote>\n<p><iframe loading=\"lazy\" class=\"wp-embedded-content\" sandbox=\"allow-scripts\" security=\"restricted\" style=\"position: absolute; clip: rect(1px, 1px, 1px, 1px);\" src=\"http:\/\/www.radiopiu.net\/wordpress\/chiesa-di-san-donato-di-lamon-la-dedicazione-93-anni-or-sono\/embed\/#?secret=MFrpo3hc4D\" data-secret=\"MFrpo3hc4D\" width=\"600\" height=\"338\" title=\"&#8220;CHIESA DI SAN DONATO DI LAMON: LA DEDICAZIONE 93 ANNI OR SONO&#8221; &#8212; Radio Pi\u00f9\" frameborder=\"0\" marginwidth=\"0\" marginheight=\"0\" scrolling=\"no\"><\/iframe><\/p>\n<p>&nbsp;<\/p>\n<p>&nbsp;<\/p>\n<p>&nbsp;<\/p>\n<h2><span style=\"color: #ff0000;\">QUESTA SERA ALLE 20.10 ALLA RADIO<\/span><\/h2>\n<h3>VALLE DI SAN LUCANO PUNTA AL GUINESS DEI RECORD, IN TANTI A TAIBON ALLA PRESENTAZIONE DEL PROGETTO<\/h3>\n<p><strong><a class=\"dt-pswp-item\" href=\"http:\/\/www.radiopiu.net\/wordpress\/wp-content\/uploads\/2019\/05\/60726660_1049540855435717_1964469624024072192_n.jpg\" data-dt-img-description=\"\" data-large_image_width=\"960\" data-large_image_height=\"720\"><img loading=\"lazy\" decoding=\"async\" class=\" wp-image-86364 alignleft\" src=\"http:\/\/www.radiopiu.net\/wordpress\/wp-content\/uploads\/2019\/05\/60726660_1049540855435717_1964469624024072192_n-300x225.jpg\" alt=\"\" width=\"185\" height=\"139\" srcset=\"https:\/\/www.radiopiu.net\/wordpress\/wp-content\/uploads\/2019\/05\/60726660_1049540855435717_1964469624024072192_n-300x225.jpg 300w, https:\/\/www.radiopiu.net\/wordpress\/wp-content\/uploads\/2019\/05\/60726660_1049540855435717_1964469624024072192_n-768x576.jpg 768w, https:\/\/www.radiopiu.net\/wordpress\/wp-content\/uploads\/2019\/05\/60726660_1049540855435717_1964469624024072192_n.jpg 960w\" sizes=\"auto, (max-width: 185px) 100vw, 185px\" \/><\/a>TAIBON<\/strong> Una folla sabato sera <span class=\"text_exposed_show\">\u00a0nella sala Municipio di Taibon Agordino\u00a0 per la presentazione\u00a0 del progetto di rinascita\u00a0 della Valle di San Lucano a partire dalla Via Dolomia, un doppio percorso con cartellonistica e materiali informativi che, da Taibon paese, risale la Valle di San Lucano alla scoperta delle sue particolarit\u00e0 geologiche da una parte e la cosiddetta laguna di Pelsa e il suo scrigno di fossili che potrebbe aggiudicare alla valle il prestigioso riconoscimento del Guiness dei primati.\u00a0 <span style=\"color: #ff0000;\">QUESTA SERA DALLE 20.10 RADIO PIU&#8217; TRASMETTE LA REGISTRAZIONE DELLA SERATA<\/span><\/span><\/p>\n<p>&nbsp;<\/p>\n<p>&nbsp;<\/p>\n<p>&nbsp;<\/p>\n<h2><a class=\"dt-pswp-item\" href=\"http:\/\/www.radiopiu.net\/wordpress\/wp-content\/uploads\/2018\/09\/appuntamenti.jpeg\" data-dt-img-description=\"\" data-large_image_width=\"800\" data-large_image_height=\"100\"><img loading=\"lazy\" decoding=\"async\" class=\"alignnone wp-image-61958 size-full\" src=\"http:\/\/www.radiopiu.net\/wordpress\/wp-content\/uploads\/2018\/09\/appuntamenti.jpeg\" alt=\"\" width=\"800\" height=\"100\" srcset=\"https:\/\/www.radiopiu.net\/wordpress\/wp-content\/uploads\/2018\/09\/appuntamenti.jpeg 800w, https:\/\/www.radiopiu.net\/wordpress\/wp-content\/uploads\/2018\/09\/appuntamenti-300x38.jpeg 300w, https:\/\/www.radiopiu.net\/wordpress\/wp-content\/uploads\/2018\/09\/appuntamenti-768x96.jpeg 768w\" sizes=\"auto, (max-width: 800px) 100vw, 800px\" \/><\/a><\/h2>\n<h3><\/h3>\n<p>&nbsp;<\/p>\n<h2>UN CONCERTO A DIECI ANNI DALLA CHIUSURA DELLA GABELLI<\/h2>\n<p><strong><a class=\"dt-pswp-item\" href=\"http:\/\/www.radiopiu.net\/wordpress\/wp-content\/uploads\/2019\/05\/33328_scuola-elementare-aristide-gabelli.jpg\" data-dt-img-description=\"\" data-large_image_width=\"978\" data-large_image_height=\"800\"><img loading=\"lazy\" decoding=\"async\" class=\" wp-image-86415 alignleft\" src=\"http:\/\/www.radiopiu.net\/wordpress\/wp-content\/uploads\/2019\/05\/33328_scuola-elementare-aristide-gabelli-300x245.jpg\" alt=\"\" width=\"187\" height=\"153\" srcset=\"https:\/\/www.radiopiu.net\/wordpress\/wp-content\/uploads\/2019\/05\/33328_scuola-elementare-aristide-gabelli-300x245.jpg 300w, https:\/\/www.radiopiu.net\/wordpress\/wp-content\/uploads\/2019\/05\/33328_scuola-elementare-aristide-gabelli-768x628.jpg 768w, https:\/\/www.radiopiu.net\/wordpress\/wp-content\/uploads\/2019\/05\/33328_scuola-elementare-aristide-gabelli.jpg 978w\" sizes=\"auto, (max-width: 187px) 100vw, 187px\" \/><\/a>BELLUNO<\/strong> Oggi\u00a0 ricorre il decennale dell\u2019Ordinanza sindacale con cui fu chiusa la scuola cittadina di Belluno\u00a0 intitolata al bellunese Aristide Gabelli che fu tanto desiderata, con determinazione perseguita e con passione costruita da Pierina Boranga assieme agli ingegneri Guglielmo e Agostino Zadra. Oggi la scuola \u00e8 ancora chiusa nell\u2019attesa che si avviino e si compiano i lavori di recupero gi\u00e0 progettati. L&#8217;Associazione per il recupero della Gabelli vuole ricordare questa ricorrenza, con il patrocinio dell\u2019Amministrazione comunale, dell\u2019Istituto Comprensivo Belluno 3 con un concerto pubblico gratuito che si svolger\u00e0 mercoledi nel giardino della sede storica della scuola con inizio alle 17:30.<br \/>\nInterverranno \u00a0il coro Musica 2020 della Scuola Gabelli, Direttore M. Anna Reolon, l\u2019 Ensemble di clarinetti della Scuola di Musica Antonio Miari e del Liceo musicale Giustina Renier, Direttore M. Alessandro Muscatello, \u00a0la Prima Banda della Filarmonica di Belluno 1867, Direttore M. Sandro De Marchi In casi maltempo il concerto si sposter\u00e0 presso l\u2019attuale sede della Scuola Gabelli.<\/p>\n<blockquote><p><em>Il legame con la Gabelli, se \u00e8 evidente per il coro Musica 2020, esiste anche con le altre due antiche istituzioni musicali cittadine e va ricordato che passa attraverso figure come quella del Maestro Nino Prosdocimi, attivo sia nella Filarmonica che nella Scuola comunale di Musica, che fu anche uno dei valenti artisti bellunesi cui Pierina Boranga affid\u00f2 l\u2019insegnamento delle arti musicali e figurative ai piccoli alunni della Gabelli.<\/em><\/p><\/blockquote>\n<p>&nbsp;<\/p>\n<p>&nbsp;<\/p>\n<h3>GENITORI E FIGLI: TRA FRAGILITA&#8217; E FORZA<\/h3>\n<blockquote><p><em>Come la relazione con i figli \u00e8 influenzata dalle generazioni precedenti?\u00a0<\/em><\/p><\/blockquote>\n<p><strong>BELLUNO <\/strong> L&#8217;evento si inserisce nel Progetto Family del Comune di Feltre ed \u00e8 organizzato dal CpF, Centro di consulenza e terapia per la famiglia di Feltre, in collaborazione con la Provincia Di Belluno. L\u2019incontro si svolger\u00e0 a\u00a0 Belluno oggi in Provincia. \u00c8 rivolto a genitori, operatori, insegnanti, educatori e professionisti che a vario titolo si occupano di famiglia per approfondire le tematiche legate alle dinamiche genitori-figli che attraversano la vita di ogni persona.<\/p>\n<p>&nbsp;<\/p>\n<h3>TRE CORI PER IL CONCERTO DI PRIMAVERA<\/h3>\n<p><strong>TRICHIANA<\/strong> Sabato alle 20.30 a Trichiana sala San Felice, concerto di primavera con il Coro Polifonico di Trichiana diretto dal maestro Stefano Bittante. Partecipano oltre al coro di casa:\u00a0 Mara e Stefano, duo flauto chitarra e la loro musica argentina;\u00a0 Coro giovanile SingOverSound di Vittorio Veneto, direttore M\u00b0 Giorgio Susana. Presenta la serata Dino Bridda. Ingresso libero.<\/p>\n<p>&nbsp;<\/p>\n<h2>ASSEMBLEA DEI GEMELLI<\/h2>\n<p><strong>AGORDO<\/strong> Martedi 4 giugno alle 20.30 in sala della biblioteca assemblea ordinaria dei soci e simpatizzanti del comitato di gemellaggio di Agordo. Ordine del giorno: relazione dopo la visita dei francesi di inizio maggio, presentazione del libro Il filo della seta 30 anni di gemellaggio con Zugliano, rinnovo consiglio direttivo.<\/p>\n<p>&nbsp;<\/p>\n<p>&nbsp;<\/p>\n<h2>CON IL CAI DI BELLUNO IN CROAZIA<\/h2>\n<p>&nbsp;<\/p>\n<p><strong>BELLUNO <\/strong><em>La Commissione Escursionismo della Sezione CAI di Belluno organizza per i giorni 21-23 giugno (con partenza venerd\u00ec pomeriggio) una trasferta in Croazia nel Parco Nazionale del Velebit settentrionale. L&#8217;uscita, svolta in collaborazione con la Societ\u00e0 Alpina di Abbazia, preveder\u00e0 una traversata lungo la catena costiera croata (Velebit) lungo un percorso altamente panoramico in una zona dichiarata area protetta nazionale nel 1999 per la sua ricchezza ambientale, sia animale che vegetale, e le particolarit\u00e0 del paesaggio in generale e carsico in particolare. La mattina di domenica, prima del rientro in Italia, E&#8217; prevista un&#8217;altra breve escursione in Slovenia. <\/em><em>Il programma dettagliato \u00e8 pubblicato nel Gruppo Pubblico Facebook del CAI Belluno (il sito ufficiale della Sezione \u00e8 in manutenzione) o pu\u00f2 essere richiesto scrivendo a <a href=\"mailto:escursionismo@caibelluno.it\">escursionismo@caibelluno.it<\/a><\/em><\/p>\n<p>&nbsp;<\/p>\n<p>&nbsp;<\/p>\n<p><a class=\"dt-pswp-item\" href=\"http:\/\/www.radiopiu.net\/wordpress\/wp-content\/uploads\/2018\/09\/viabilita.jpeg\" data-dt-img-description=\"\" data-large_image_width=\"800\" data-large_image_height=\"100\"><img loading=\"lazy\" decoding=\"async\" class=\"alignnone size-full wp-image-61954\" src=\"http:\/\/www.radiopiu.net\/wordpress\/wp-content\/uploads\/2018\/09\/viabilita.jpeg\" alt=\"\" width=\"800\" height=\"100\" srcset=\"https:\/\/www.radiopiu.net\/wordpress\/wp-content\/uploads\/2018\/09\/viabilita.jpeg 800w, https:\/\/www.radiopiu.net\/wordpress\/wp-content\/uploads\/2018\/09\/viabilita-300x38.jpeg 300w, https:\/\/www.radiopiu.net\/wordpress\/wp-content\/uploads\/2018\/09\/viabilita-768x96.jpeg 768w\" sizes=\"auto, (max-width: 800px) 100vw, 800px\" \/><\/a><\/p>\n<blockquote><p>&nbsp;<\/p>\n<p><strong>GOSALDO: DALLE 8 ALLE 12 E DALLE 13.30 ALLE 18 STRADA PROVINCIALE 3 CHIUSA!\u00a0 LOCALITA&#8217; LE FESTE<\/strong><\/p><\/blockquote>\n<p><strong>PROVINCIALE 3 VALLE IMPERINA<\/strong> DA OGGI AL 28 GIUGNO IN LOCALITA&#8217; LE FESTE SENSO UNICO ALTERNATO PER COSTRUZIONE AREA ADIBITA A PARCHEGGIO<\/p>\n<p><strong>REGIONALE 203 AGORDINA<\/strong> Fino al 28 giugno sabato e domenica escluso, senso unico alternato tra Alleghe e Caprile.<\/p>\n<p><strong>PROVINCIALE 563 DI SALESEI<\/strong> Fino al 28 giugno esclusi giorni festivi e prefestivi senso unico alternato tra Caprile e Saviner<\/p>\n<p><strong>PROVINCIALE 3 VALLE IMPERINA<\/strong> Fino a revoca senso unico a vista\u00a0 in localit\u00e0 Corde Mole per cedimento della careggiata. Dal 13 maggio e\u00a0 fino al 28 giugno tra Rivamonte e Forcella Franche senso unico alternato per la posa di tubazione per conto di Enel.<\/p>\n<p><strong>PROVINCIALE 347 DEL DURAN <\/strong>Fino al 31 maggio in localit\u00e0 Fornesighe senso unico alternato regolato da semaforo o movieri, possibili temporanee interdizioni totali al traffico fino a un masssimo di 20 minuti<\/p>\n<p><strong>REGIONALE 203 AGORDINA<\/strong> Fino al 31 maggio esclusi festivi e prefestivi, senso unico alternato in localit\u00e0 Rucava, possibili brevi interruzioni fino a 15 minuti.<\/p>\n<p><strong>PROVINCIALE 8 DI SAN TOMASO<\/strong> Fino\u00a0 al 28 giugno (esclusi festivi e prefestivi) senso unico alternato tra Pian Molin e Roi<\/p>\n<p><strong>PROVINCIALE 563 DI SALESEI <\/strong>Fino al\u00a014 giugno\u00a0 In localit\u00e0 Sopracordevole in Comune di Rocca Pietore senso unico alternato con semaforo o movieri e divieto di transito ai mezzi con massa superiore a 7,5 tonellate.<\/p>\n<p>&nbsp;<\/p>\n<p>&nbsp;<\/p>\n<p>&nbsp;<\/p>\n<h2><img loading=\"lazy\" decoding=\"async\" class=\"alignleft wp-image-60761 \" src=\"http:\/\/www.radiopiu.net\/wordpress\/wp-content\/uploads\/2018\/09\/sport.jpg\" alt=\"\" width=\"992\" height=\"124\" srcset=\"https:\/\/www.radiopiu.net\/wordpress\/wp-content\/uploads\/2018\/09\/sport.jpg 800w, https:\/\/www.radiopiu.net\/wordpress\/wp-content\/uploads\/2018\/09\/sport-300x38.jpg 300w, https:\/\/www.radiopiu.net\/wordpress\/wp-content\/uploads\/2018\/09\/sport-768x96.jpg 768w\" sizes=\"auto, (max-width: 992px) 100vw, 992px\" \/><\/h2>\n<p>&nbsp;<\/p>\n<p>&nbsp;<\/p>\n<p>&nbsp;<\/p>\n<p>&nbsp;<\/p>\n<p>&nbsp;<\/p>\n<h2>LA PRIORITA&#8217; DI CHISSALE&#8217;: LO STADIO DEL GHIACCIO E IL CAMPO DI CALCIO<\/h2>\n<blockquote class=\"wp-embedded-content\" data-secret=\"bG8ruEbTcQ\"><p><a href=\"http:\/\/www.radiopiu.net\/wordpress\/sabato-scorso-il-triangolare-tra-codivigo-agordina-amatrice\/\">SABATO SCORSO IL TRIANGOLARE TRA CODIVIGO \u2013 AGORDINA \u2013 AMATRICE<\/a><\/p><\/blockquote>\n<p><iframe loading=\"lazy\" class=\"wp-embedded-content\" sandbox=\"allow-scripts\" security=\"restricted\" style=\"position: absolute; clip: rect(1px, 1px, 1px, 1px);\" src=\"http:\/\/www.radiopiu.net\/wordpress\/sabato-scorso-il-triangolare-tra-codivigo-agordina-amatrice\/embed\/#?secret=bG8ruEbTcQ\" data-secret=\"bG8ruEbTcQ\" width=\"600\" height=\"338\" title=\"&#8220;SABATO SCORSO IL TRIANGOLARE TRA CODIVIGO \u2013 AGORDINA \u2013 AMATRICE&#8221; &#8212; Radio Pi\u00f9\" frameborder=\"0\" marginwidth=\"0\" marginheight=\"0\" scrolling=\"no\"><\/iframe><\/p>\n<p>&nbsp;<\/p>\n<p>&nbsp;<\/p>\n<p>&nbsp;<\/p>\n<p><a class=\"dt-pswp-item\" href=\"http:\/\/www.radiopiu.net\/wordpress\/wp-content\/uploads\/2018\/09\/WhatsApp-Image-2018-09-20-at-16.04.06.jpeg\" data-dt-img-description=\"\" data-large_image_width=\"800\" data-large_image_height=\"100\"><img loading=\"lazy\" decoding=\"async\" class=\"alignnone size-full wp-image-61378\" src=\"http:\/\/www.radiopiu.net\/wordpress\/wp-content\/uploads\/2018\/09\/WhatsApp-Image-2018-09-20-at-16.04.06.jpeg\" alt=\"\" width=\"800\" height=\"100\" srcset=\"https:\/\/www.radiopiu.net\/wordpress\/wp-content\/uploads\/2018\/09\/WhatsApp-Image-2018-09-20-at-16.04.06.jpeg 800w, https:\/\/www.radiopiu.net\/wordpress\/wp-content\/uploads\/2018\/09\/WhatsApp-Image-2018-09-20-at-16.04.06-300x38.jpeg 300w, https:\/\/www.radiopiu.net\/wordpress\/wp-content\/uploads\/2018\/09\/WhatsApp-Image-2018-09-20-at-16.04.06-768x96.jpeg 768w\" sizes=\"auto, (max-width: 800px) 100vw, 800px\" \/><\/a><\/p>\n<p><center><b>Mercoledi 29<\/b><\/center><b>Tempo atteso: <\/b>Maltempo fino al primo pomeriggio, poi graduale esaurimento dei fenomeni ed attenuazione della nuvolosit\u00e0 con prime schiarite nel tardo pomeriggio\/sera. Clima assai pi\u00f9 fresco a tutte le quote, addirittura freddo e ventoso in alta montagna.<br \/>\n<b>Precipitazioni: <\/b>Durante la notte ed al mattino probabilit\u00e0 molto alta (90\/100%) di precipitazioni diffuse e spesso moderate. Dalle ore centrali del giorno graduale esaurimento dei fenomeni. Il limite neve scender\u00e0 fino sui 1800\/1900 m nella notte, localmente a quote pi\u00f9 basse in alcune valli chiuse delle Dolomiti al primo mattino, prima di risalire fino sui 2000\/2100 m. Complessivamente (tra marted\u00ec e mercoled\u00ec), sono previsti cumuli medi di 20\/30 mm, localmente fino a 35\/50 mm sulle Dolomiti meridionali e massimi di 60\/80 mm sulle Prealpi vicentine e l&#8217;Alpago, con altrettanti cm di neve sopra i 2600\/2800 m.<br \/>\n<b>Temperature: <\/b>In ulteriore generale calo, con punte di 12\/13\u00b0C nei fondovalle prealpini e di 7\/9\u00b0C a 1000\/1200 m. Su Prealpi a 1500 m min 3\u00b0C max 6\u00b0C, a 2000 m min 1\u00b0C max 3\u00b0C. Su Dolomiti a 2000 m min 0\u00b0C max 2\u00b0C, a 3000 m min -6\u00b0C max -4\u00b0C.<br \/>\n<b>Venti: <\/b>Nelle valli generalmente deboli, salvo rinforzi da Nord-Est al pomeriggio\/sera; in quota moderati\/tesi da Nord Nord-Est, a tratti forti sulle vette pi\u00f9 alte, a 10-35 km\/h a 2000 m, 35-60 km\/h a 3000 m.<\/p>\n<hr \/>\n<p><center><b>Giovedi 30<\/b><\/center><b>Tempo atteso: <\/b>Netto miglioramento del tempo con sole e cielo sereno al mattino, sereno o poco nuvoloso per qualche modesto cumulo al pomeriggio. La cumulificazione sar\u00e0 maggiore sulle Prealpi e la pedemontana, dove potranno verificarsi sporadici piovaschi\/rovesci pomeridiani. Clima diurno decisamente pi\u00f9 mite grazie al buon soleggiamento del mattino.<br \/>\n<b>Precipitazioni: <\/b>Assenti (0%), eccetto qualche sporadico rovescio pomeridiano sulle Prealpi (30\/50%).<br \/>\n<b>Temperature: <\/b>In generale ripresa, eccetto calo delle minime nelle valli interessate da ampie schiarite notturne. In giornata il soleggiamento riporter\u00e0 i massimi sui 21\/22\u00b0C nei fondovalle prealpini e sui 18\/19\u00b0C a 1000\/1200 m. Su Prealpi a 1500 m min 5\u00b0C max 12\u00b0C, a 2000 m min 2\u00b0C max 6\u00b0C. Su Dolomiti a 2000 m min 1\u00b0C max 6\u00b0C, a 3000 m min -4\u00b0C max -2\u00b0C.<br \/>\n<b>Venti: <\/b>Nelle valli generalmente deboli, a tratti moderati, a regime di brezza; in quota moderati\/tesi da Nord nella notte, poi in attenuazione fino a deboli\/moderati da Nord Nord-Ovest al pomeriggio, a 5-20 km\/h a 2000 m, 20-35 km\/h a 3000 m.<\/p>\n<hr \/>\n<p><center><b>Venerdi 31<\/b><\/center>Tempo ben soleggiato con cielo sereno al mattino, sereno o poco nuvoloso per qualche modesto cumulo pomeridiano. Temperature in generale aumento, i massimi saranno quasi in linea con i valori stagionali nelle valli (23\/24\u00b0C nei fondovalle prealpini, circa 10\u00b0C in pi\u00f9 rispetto a massimi previsti per mercoled\u00ec). Venti moderati da Nord-Ovest in quota, a tratti tesi sulle cime Dolomitiche alla sera; deboli\/moderati a regime di brezza nelle valli.<\/p>\n<hr \/>\n<p><center><b>Sabato 1<\/b><\/center>Tempo ben soleggiato con cielo sereno, eccetto modestissimi cumuli pomeridiani. Temperature in ulteriore aumento con valori massimi pressoch\u00e9 nella media del periodo. Venti deboli da Nord Nord-Est in quota e deboli\/moderati a regime di brezza nelle valli. Previsore: R.L.Th.<\/p>\n","protected":false},"excerpt":{"rendered":"<p>&nbsp; QUESTA SERA ALLE 20.10 SPECIALE VALLE DI SAN LUCANO, IL CONVEGNO DI SABATO A TAIBON. UNA VALLE DA GUINNES DEI PRIMATI &nbsp; L&#8217;INCIDENTE DI IERI AD ANZU&#8217; PEDAVENESE GRAVE FELTRE\u00a0 \u00c8 ricoverato in prognosi riservata al Santa Maria del Prato il pedavenese che guidava la Panda travolta\u00a0 dal semirimorchio di un bilico, sbandato mentre&hellip;<\/p>\n","protected":false},"author":1,"featured_media":86684,"comment_status":"closed","ping_status":"closed","sticky":false,"template":"","format":"standard","meta":{"_monsterinsights_skip_tracking":false,"_monsterinsights_sitenote_active":false,"_monsterinsights_sitenote_note":"","_monsterinsights_sitenote_category":0,"footnotes":""},"categories":[1,86],"tags":[],"class_list":["post-86675","post","type-post","status-publish","format-standard","has-post-thumbnail","hentry","category-senza-categoria","category-gr","category-1","category-86","description-off"],"img_url":"https:\/\/www.radiopiu.net\/wordpress\/wp-content\/uploads\/2019\/05\/841-2019-area-interventi-Rocca-Rio-Molin-2.jpg","_links":{"self":[{"href":"https:\/\/www.radiopiu.net\/wordpress\/wp-json\/wp\/v2\/posts\/86675","targetHints":{"allow":["GET"]}}],"collection":[{"href":"https:\/\/www.radiopiu.net\/wordpress\/wp-json\/wp\/v2\/posts"}],"about":[{"href":"https:\/\/www.radiopiu.net\/wordpress\/wp-json\/wp\/v2\/types\/post"}],"author":[{"embeddable":true,"href":"https:\/\/www.radiopiu.net\/wordpress\/wp-json\/wp\/v2\/users\/1"}],"replies":[{"embeddable":true,"href":"https:\/\/www.radiopiu.net\/wordpress\/wp-json\/wp\/v2\/comments?post=86675"}],"version-history":[{"count":0,"href":"https:\/\/www.radiopiu.net\/wordpress\/wp-json\/wp\/v2\/posts\/86675\/revisions"}],"wp:featuredmedia":[{"embeddable":true,"href":"https:\/\/www.radiopiu.net\/wordpress\/wp-json\/wp\/v2\/media\/86684"}],"wp:attachment":[{"href":"https:\/\/www.radiopiu.net\/wordpress\/wp-json\/wp\/v2\/media?parent=86675"}],"wp:term":[{"taxonomy":"category","embeddable":true,"href":"https:\/\/www.radiopiu.net\/wordpress\/wp-json\/wp\/v2\/categories?post=86675"},{"taxonomy":"post_tag","embeddable":true,"href":"https:\/\/www.radiopiu.net\/wordpress\/wp-json\/wp\/v2\/tags?post=86675"}],"curies":[{"name":"wp","href":"https:\/\/api.w.org\/{rel}","templated":true}]}}