{"id":86798,"date":"2019-05-29T15:30:52","date_gmt":"2019-05-29T13:30:52","guid":{"rendered":"http:\/\/www.radiopiu.net\/wordpress\/?p=86798"},"modified":"2019-05-31T06:13:21","modified_gmt":"2019-05-31T04:13:21","slug":"fine-mandato-per-il-cda-dello-ski-college-veneto-tre-anni-di-crescita-e-successi","status":"publish","type":"post","link":"https:\/\/www.radiopiu.net\/wordpress\/fine-mandato-per-il-cda-dello-ski-college-veneto-tre-anni-di-crescita-e-successi\/","title":{"rendered":"FINE MANDATO PER IL CDA DELLO SKI COLLEGE VENETO, TRE ANNI DI CRESCITA E SUCCESSI"},"content":{"rendered":"<p><strong><a class=\"dt-pswp-item\" href=\"http:\/\/www.radiopiu.net\/wordpress\/wp-content\/uploads\/2019\/05\/da-sx-soccol-canzio-gilli-petri.png\" data-dt-img-description=\"\" data-large_image_width=\"373\" data-large_image_height=\"309\"><img loading=\"lazy\" decoding=\"async\" class=\"size-medium wp-image-86802 alignleft\" src=\"http:\/\/www.radiopiu.net\/wordpress\/wp-content\/uploads\/2019\/05\/da-sx-soccol-canzio-gilli-petri-300x249.png\" alt=\"\" width=\"300\" height=\"249\" srcset=\"https:\/\/www.radiopiu.net\/wordpress\/wp-content\/uploads\/2019\/05\/da-sx-soccol-canzio-gilli-petri-300x249.png 300w, https:\/\/www.radiopiu.net\/wordpress\/wp-content\/uploads\/2019\/05\/da-sx-soccol-canzio-gilli-petri.png 373w\" sizes=\"auto, (max-width: 300px) 100vw, 300px\" \/><\/a>FALCADE<\/strong> \u00c8 in scadenza il mandato triennale (2017-2019) del Consiglio di amministrazione dello Ski College Veneto di Falcade, la struttura dedicata agli sciatori atleti che ospita ragazzi italiani ma anche stranieri. Le votazioni per il rinnovo del Cda si svolgeranno sabato 8 giugno. Si conclude un mandato particolarmente importante per la struttura bellunese che, nell&#8217;ultimo periodo, si \u00e8 trasformata ed \u00e8 cresciuta in maniera notevole. Fondamentale, in questo processo di crescita, sono state la visione antropocentrica degli\u00a0 atleti-studenti, l&#8217;applicazione di un processo manageriale rigido e la valorizzazione e implementazione degli asset intangibili (capitale umano, strutturale e relazionale).\u00a0 Le molteplici attivit\u00e0 possono essere riassunte in tre ambiti principali:\u00a0riorganizzazione tecnica\u00a0(sci alpino, snowboard e sci di fondo);\u00a0sinergia con la scuola\u00a0(Istituto Follador \u2013 De Rossi);\u00a0sinergia con le istituzioni (Fisi Veneto e amministrazioni locali). A conclusione del mandato, non si ricandideranno quattro persone che in questi anni tanto hanno dato allo Ski College. Si tratta di\u00a0Roberto Canzio,\u00a0Giuseppe Gilli,\u00a0Ivan Petri\u00a0e\u00a0Denis Soccol.\u00a0<em>\u00ab\u00c8 stata un&#8217;esperienza coinvolgente ed arricchente\u00bb dicono i quattro consiglieri.\u00a0\u00abOltre ai risultati sportivi, decisamente importanti,\u00a0che attraverso la statistica sanciscono il valore assoluto della struttura a livello nazionale e ne fanno di gran lunga la migliore del Veneto negli ultimi tre anni, la maggiore soddisfazione di questo Cda\u00a0 \u00e8 stata vedere tutti i ragazzi iscritti allo Ski College crescere a livello umano con valori quali educazione , lealt\u00e0 , passione , disciplina , etica, integrit\u00e0 ed autostima , ovvero la formazione a 360\u00b0 della persona attraverso lo sport e le regole. Siamo sicuri che questo patrimonio sar\u00e0 valorizzato ulteriormente dal nuovo Cda, al quale auguriamo i migliori successi a livello sportivo e anche umano\u00bb.<\/em><\/p>\n<p><strong>I RISULTATI AGONISTICI<\/strong><\/p>\n<p><strong>\u00a0Anno 2017 e 2018<\/strong> :\u00a0 7. e 6. posto nella graduatoria di merito delle societ\u00e0 Italiane (i primi 4 sono sempre i corpi militari) &#8211;\u00a0\u00a0\u00a0\u00a0\u00a0\u00a0\u00a0\u00a0\u00a0\u00a02 medaglie ai giochi olimpici giovanili a Lillehammer 2016 \u00a0 Miglior Ski College Italiano (per 2 anni) \u00a0 \u00a0 19 medaglie ai campionati italiani di categoria (ragazzi, allievi, aspiranti) con 8 titoli italiani.\u00a0 \u00a016 qualificazioni a gare internazionali (Longines, Topolino, Pinocchio, 5 nazioni);\u00a0 \u00a0 5 atleti\u00a0 nelle squadre nazionali e 4 atleti nei corpi militari Numerosissimi atleti nelle squadre regionali di riferimento \u00a0Vittorie nelle gare Fis Njr \u00a0 3 \u201ccoppe veneto\u201d\u00a0 assolute e coppe Veneto di categoria \u00a0 \u00a0 \u00a0Numerosi ex atleti\u00a0 diplomati\u00a0 Maestri di sci (sci alpino\/fondo e snowboard)<\/p>\n<p>&nbsp;<\/p>\n<p>&nbsp;<\/p>\n<p>A<\/p>\n","protected":false},"excerpt":{"rendered":"<p>FALCADE \u00c8 in scadenza il mandato triennale (2017-2019) del Consiglio di amministrazione dello Ski College Veneto di Falcade, la struttura dedicata agli sciatori atleti che ospita ragazzi italiani ma anche stranieri. Le votazioni per il rinnovo del Cda si svolgeranno sabato 8 giugno. Si conclude un mandato particolarmente importante per la struttura bellunese che, nell&#8217;ultimo&hellip;<\/p>\n","protected":false},"author":1,"featured_media":86803,"comment_status":"closed","ping_status":"closed","sticky":false,"template":"","format":"standard","meta":{"_monsterinsights_skip_tracking":false,"_monsterinsights_sitenote_active":false,"_monsterinsights_sitenote_note":"","_monsterinsights_sitenote_category":0,"footnotes":""},"categories":[51,49],"tags":[],"class_list":["post-86798","post","type-post","status-publish","format-standard","has-post-thumbnail","hentry","category-evidenza-top","category-news-18","category-51","category-49","description-off"],"img_url":"https:\/\/www.radiopiu.net\/wordpress\/wp-content\/uploads\/2019\/05\/ski-college-veneto-falcade-presentazione-21.10.2018.jpg","_links":{"self":[{"href":"https:\/\/www.radiopiu.net\/wordpress\/wp-json\/wp\/v2\/posts\/86798","targetHints":{"allow":["GET"]}}],"collection":[{"href":"https:\/\/www.radiopiu.net\/wordpress\/wp-json\/wp\/v2\/posts"}],"about":[{"href":"https:\/\/www.radiopiu.net\/wordpress\/wp-json\/wp\/v2\/types\/post"}],"author":[{"embeddable":true,"href":"https:\/\/www.radiopiu.net\/wordpress\/wp-json\/wp\/v2\/users\/1"}],"replies":[{"embeddable":true,"href":"https:\/\/www.radiopiu.net\/wordpress\/wp-json\/wp\/v2\/comments?post=86798"}],"version-history":[{"count":0,"href":"https:\/\/www.radiopiu.net\/wordpress\/wp-json\/wp\/v2\/posts\/86798\/revisions"}],"wp:featuredmedia":[{"embeddable":true,"href":"https:\/\/www.radiopiu.net\/wordpress\/wp-json\/wp\/v2\/media\/86803"}],"wp:attachment":[{"href":"https:\/\/www.radiopiu.net\/wordpress\/wp-json\/wp\/v2\/media?parent=86798"}],"wp:term":[{"taxonomy":"category","embeddable":true,"href":"https:\/\/www.radiopiu.net\/wordpress\/wp-json\/wp\/v2\/categories?post=86798"},{"taxonomy":"post_tag","embeddable":true,"href":"https:\/\/www.radiopiu.net\/wordpress\/wp-json\/wp\/v2\/tags?post=86798"}],"curies":[{"name":"wp","href":"https:\/\/api.w.org\/{rel}","templated":true}]}}