{"id":86870,"date":"2019-05-31T06:07:06","date_gmt":"2019-05-31T04:07:06","guid":{"rendered":"http:\/\/www.radiopiu.net\/wordpress\/?p=86870"},"modified":"2019-05-31T09:41:05","modified_gmt":"2019-05-31T07:41:05","slug":"giornale-radiopiu-31-maggio-2019-direttore-mirko-mezzacasa","status":"publish","type":"post","link":"https:\/\/www.radiopiu.net\/wordpress\/giornale-radiopiu-31-maggio-2019-direttore-mirko-mezzacasa\/","title":{"rendered":"GIORNALE RADIOPIU 31 MAGGIO 2019 DIRETTORE MIRKO MEZZACASA"},"content":{"rendered":"<blockquote><p><em>Viva gli alpini, ma non \u00e8 l&#8217;adunata, viva gli alpini perch\u00e9 da domani daranno il via all&#8217;operazione rinascita con campi da lavoro nell&#8217;alto Agordino, tanti volontari saranno impegnati nei boschi per il ripristino. Previste cinque postazioni tra Caprile, Feltrino e Comelico.<\/em><\/p><\/blockquote>\n<p>&nbsp;<\/p>\n<p>&nbsp;<\/p>\n<p><strong>FELTRE<\/strong> Domani\u00a0il <strong><span style=\"color: #ff0000;\">punto prelievi di Lamon<\/span><\/strong> rimane chiuso per il passaggio del Giro D\u2019Italia. Le attivit\u00e0 riprenderanno come di consueto luned\u00ec 3 giugno.<\/p>\n<p><strong><span style=\"color: #ff0000;\">\u00a0Proroga ordinanza strada Provinciale 3 Valle Imperina:<\/span> LE FESTE-GOSALDO. FINO AL 01 GIUGNO CHIUSA DALLE 8 ALLE 12 E DALLE 13.30 ALLE 18<\/strong><\/p>\n<p>&nbsp;<\/p>\n<p>&nbsp;<\/p>\n<h2>\u00a0 \u00a0 \u00a0 \u00a0 \u00a0 \u00a0 LA FOTO DEL GIORNO<\/h2>\n<p><strong>di Primo De Zordi<\/strong><\/p>\n<p><strong>\u00a0 \u00a0 \u00a0 \u00a0 \u00a0 \u00a0 \u00a0 \u00a0 \u00a0 \u00a0 \u00a0 \u00a0 \u00a0Auser Feltre al Giro d&#8217;Italia<\/strong><\/p>\n<p><a class=\"dt-pswp-item\" href=\"http:\/\/www.radiopiu.net\/wordpress\/wp-content\/uploads\/2019\/05\/Feltre-30.05.2019.jpg\" data-dt-img-description=\"\" data-large_image_width=\"1600\" data-large_image_height=\"1200\"><img loading=\"lazy\" decoding=\"async\" class=\"alignnone wp-image-86885\" src=\"http:\/\/www.radiopiu.net\/wordpress\/wp-content\/uploads\/2019\/05\/Feltre-30.05.2019-300x225.jpg\" alt=\"\" width=\"405\" height=\"304\" srcset=\"https:\/\/www.radiopiu.net\/wordpress\/wp-content\/uploads\/2019\/05\/Feltre-30.05.2019-300x225.jpg 300w, https:\/\/www.radiopiu.net\/wordpress\/wp-content\/uploads\/2019\/05\/Feltre-30.05.2019-768x576.jpg 768w, https:\/\/www.radiopiu.net\/wordpress\/wp-content\/uploads\/2019\/05\/Feltre-30.05.2019-1024x768.jpg 1024w, https:\/\/www.radiopiu.net\/wordpress\/wp-content\/uploads\/2019\/05\/Feltre-30.05.2019.jpg 1600w\" sizes=\"auto, (max-width: 405px) 100vw, 405px\" \/><\/a><\/p>\n<p>&nbsp;<\/p>\n<p>&nbsp;<\/p>\n<h3>IL MISTERO DEL GIORNO<\/h3>\n<p>Ieri controllo della velocit\u00e0 lungo la regionale 203 agordina in Comune di Agordo (Bries e Pragrande) alla presenza dei vigili urbani. Poi se ne sono andati lasciando lo strumento nell&#8217;apposito contenitore. Gli automobilisti lo hanno segnalato e non solo sui social chiedendo come mai c&#8217;era l&#8217;apparecchio fotografico ma non il vigile come previsto dalla normativa. Abbiamo chiesto chiarimenti al sindaco di Agordo Roberto Chissal\u00e8.<\/p>\n<p>ROBERTO CHISSALE&#8217;<\/p>\n<audio class=\"wp-audio-shortcode\" id=\"audio-86870-1\" preload=\"none\" style=\"width: 100%;\" controls=\"controls\"><source type=\"audio\/mpeg\" src=\"http:\/\/www.radiopiu.net\/wordpress\/wp-content\/uploads\/2019\/05\/CHISSA.mp3?_=1\" \/><a href=\"http:\/\/www.radiopiu.net\/wordpress\/wp-content\/uploads\/2019\/05\/CHISSA.mp3\">http:\/\/www.radiopiu.net\/wordpress\/wp-content\/uploads\/2019\/05\/CHISSA.mp3<\/a><\/audio>\n<p>&nbsp;<\/p>\n<h3>LA RIFLESSIONE DEL GIORNO&#8230;<\/h3>\n<p><strong>DI RODOLFO PELLEGRINON\u00a0 *FALCADE<\/strong><\/p>\n<p>Curiosit\u00e0 nei risultati elettorali per le elezioni europee a Falcade. Dicono che \u00e8 stato forse individuato l\u2019unico elettore che ha votato per il PARTITO COMUNISTA. Davanti a casa sua hanno scoperto una FALCE e un MARTELLO ( segnali inconfondibili). Lo vedono spesso girare per il paese con una smagliante CAMICIA ROSSA ( altro segnale inconfondibile). Si dice che recentemente si sia recato in ferie a SAN PIETROBURGO ( EX Leningrado). Al suo rientro ad un suo amico avrebbe\u00a0 regalato una bella MATRIOSKA. Si attendono ulteriori sviluppi.<\/p>\n<p>&nbsp;<\/p>\n<h3>LA RICERCA DEL GIORNO<\/h3>\n<p>Federico D&#8217;Inc\u00e0, anchegli bastonato alle recenti elezioni \u00e8 alla ricerca dell&#8217;unico elettore del Movimento 5 Stelle di Colle Santa Lucia, sempre ammesso voglia farsi conoscere ed uscire allo scoperto ma poi perch\u00e8 dovrebbe? Il voto da che mondo \u00e8 mondo \u00e8 segreto alla faccia dei desideri da ricerca del deputato che non ha mancato di sbandierare l&#8217;unico voto ottenuto a Colle Santa Lucia, nemmeno fosse un merito&#8230;piuttosto che da stendere un velo pietoso visti i precedenti dei pentastellati in vallata.<\/p>\n<p>FEDERICO D&#8217;INCA&#8217;<\/p>\n<audio class=\"wp-audio-shortcode\" id=\"audio-86870-2\" preload=\"none\" style=\"width: 100%;\" controls=\"controls\"><source type=\"audio\/mpeg\" src=\"http:\/\/www.radiopiu.net\/wordpress\/wp-content\/uploads\/2019\/05\/inca-1.mp3?_=2\" \/><a href=\"http:\/\/www.radiopiu.net\/wordpress\/wp-content\/uploads\/2019\/05\/inca-1.mp3\">http:\/\/www.radiopiu.net\/wordpress\/wp-content\/uploads\/2019\/05\/inca-1.mp3<\/a><\/audio>\n<p>&nbsp;<\/p>\n<h3>LO SFOGO DEL GIORNO<\/h3>\n<p><em>DA SELVA DI CADORE PER LA CHIUSURA DELLA STRADA DELLA VAL FIORENTINA<\/em><\/p>\n<p><strong>SELVA DI CADORE<\/strong> Neanche una parola sulla strada della Val Fiorentina? Perch\u00e9 non si mettono nei panni di chi la fa tutti i giorni. Fino a inizio settimana nessun lavoro \u00e8 iniziato. Il sindaco Silvia Cestaro ad aprile, a\u00a0 RADIOPIU aveva annunciato che sarebbero iniziati i lavori. Tra un po&#8217; sono trascorsi 2 mesi. Chi siamo noi? Sar\u00e0 un problema di soldi? Avevano scritto di migliaia di euro stanziati.<\/p>\n<p><strong>L&#8217;IMMEDIATA RISPOSTA DEL SINDACO SILVIA CESTARO<\/strong><\/p>\n<blockquote><p>Siamo alle solite con la Sp20. Si tira in ballo sempre me quando i problemi dei lavori di esbosco che non prosegue riguardano Colle. Il 27 si \u00e8 concluso l&#8217;appalto per i paramassi\/paravalanghe come era stato detto e magari chiedete conferma a Veneto strade i lavori iniziano comunque anche con gli alberi ancora da togliere. Gli altri lavori (allargamento, frana e gallerie) saranno fatti a settembre come gi\u00e0 detto. Mi sono interessata a pi\u00f9 riprese del problema della rimozione del legname di Colle tuttavia credo che sia dovere dei padroni di casa (regola e comune di Colle) dare spiegazioni sui ritardi e non sento certo di dovermi giustificare in alcun modo. Come comune di Selva in accordo con Veneto strade il nostro compito \u00e8 quello di mettere in sicurezza, allargare la strada e illuminare le gallerie. Questo \u00e8 gi\u00e0 in fase avanzata di appalto\/progettazione e di questo posso essere pienamente soddisfatta dal punto di vista amministrativo dato che una volta per tutte la sp.20 sar\u00e0 completata definitivamente. Il compito di ripulire dagli alberi non \u00e8 n\u00e8 mio n\u00e8 di Veneto strade.<\/p><\/blockquote>\n<p>&nbsp;<\/p>\n<p>&nbsp;<\/p>\n<h2>PROMESSE MANTENUTE, VIA AI LAVORI ANCHE A LA MORA<\/h2>\n<blockquote>\n<h4><em>Provincia al lavoro come gi\u00e0 accaduto a Bries di Agordo dove in due mesi \u00e8 stato risolto un problema di non poco conto con la costruzione di un muraglione di 120 metri per 6 di altezza che in tempi brevi dopo la caduta del masso ha messo in sicurezza abitazioni e viabilita\u2019. Anche in questa occasione grande impegno dell\u2019accoppiata Massimo Bortoluzzi (consigliere provinciale) e Pierantonio Zanchetta che con Carlo Zampieri segue le problematiche del territorio, ambiente e protezione civile. Del problema per primo si \u00e8 interessato il sindaco di Canale d\u2019Agordo Flavio Colcergnan che da subito ha preso accordi con gli uffici della Provincia.<\/em><\/h4>\n<\/blockquote>\n<p><strong> <a class=\"dt-pswp-item\" href=\"http:\/\/www.radiopiu.net\/wordpress\/wp-content\/uploads\/2019\/05\/La-Mora_CANALE-20190410-WA0001-1.jpeg\" data-dt-img-description=\"\" data-large_image_width=\"1600\" data-large_image_height=\"1200\"><img loading=\"lazy\" decoding=\"async\" class=\"size-medium wp-image-86944 alignleft\" src=\"http:\/\/www.radiopiu.net\/wordpress\/wp-content\/uploads\/2019\/05\/La-Mora_CANALE-20190410-WA0001-1-300x225.jpeg\" alt=\"\" width=\"300\" height=\"225\" srcset=\"https:\/\/www.radiopiu.net\/wordpress\/wp-content\/uploads\/2019\/05\/La-Mora_CANALE-20190410-WA0001-1-300x225.jpeg 300w, https:\/\/www.radiopiu.net\/wordpress\/wp-content\/uploads\/2019\/05\/La-Mora_CANALE-20190410-WA0001-1-768x576.jpeg 768w, https:\/\/www.radiopiu.net\/wordpress\/wp-content\/uploads\/2019\/05\/La-Mora_CANALE-20190410-WA0001-1-1024x768.jpeg 1024w, https:\/\/www.radiopiu.net\/wordpress\/wp-content\/uploads\/2019\/05\/La-Mora_CANALE-20190410-WA0001-1.jpeg 1600w\" sizes=\"auto, (max-width: 300px) 100vw, 300px\" \/><\/a>CANALE D\u2019AGORDO<\/strong> In occasione delle intense precipitazioni dei giorni 6-7 aprile scorso, in localit\u00e0 La Mora di Canale d\u2019Agordo, un masso, di volume pari a circa 3 metri cubi, si \u00e8 staccato dall\u2019anfiteatro roccioso, denominato \u201cBusa dei Zinghen\u201d, in sinistra orografica del torrente Biois, a monte della Strada Provinciale 346, danneggiando vistosamente la parte sommitale di un muro di controripa ubicato a ridosso del versante e di fianco ad un fabbricato di uso civico, attraversando il piazzale di pertinenza adibito a parcheggio e la carreggiata della SP, colpendo e danneggiando ancora il guard rail e arrestandosi sulla scarpata immediatamente a ridosso del sedime stradale. Le difficolt\u00e0 imposte dalle condizioni atmosferiche non hanno consentito di valutare in modo esaustivo l\u2019evento di crollo avvenuto il 8 aprile 2019, constatandone la natura indipendente da altri potenziali pericoli. Si \u00e8 constatata per\u00f2 una fisiologica evoluzione della parete rocciosa che produce isolate masse potenzialmente instabili. Urgente ed inderogabile un intervento per la messa in sicurezza delle abitazioni in localit\u00e0 La Mora. Considerata la pericolosit\u00e0 del dissesto, che non permette di eseguire interventi puntuali di consolidamento, per il rischio di distacchi non controllabili, stiamo procedendo con la realizzazione di due tratti di barriere paramassi ad elevato assorbimento di energia per una lunghezza complessiva di 130 m circa, posizionate sul versante a debita distanza dagli elementi vulnerabili, in funzione della deformazione attesa in caso di urto. Il dimensionamento delle opere \u00e8 stato definito con uno studio geomeccanico in grado di stabilire le energie e le altezze di rimbalzo dei massi con simulazioni di crolli. Tale soluzione garantir\u00e0 efficacia e sicurezza d\u2019intervento.<\/p>\n<p><a class=\"dt-pswp-item\" href=\"http:\/\/www.radiopiu.net\/wordpress\/wp-content\/uploads\/2019\/05\/La-Mora_CANALE-20190410-WA0003-1.jpeg\" data-dt-img-description=\"\" data-large_image_width=\"1200\" data-large_image_height=\"1600\"><img loading=\"lazy\" decoding=\"async\" class=\"alignnone size-medium wp-image-86933\" src=\"http:\/\/www.radiopiu.net\/wordpress\/wp-content\/uploads\/2019\/05\/La-Mora_CANALE-20190410-WA0003-1-225x300.jpeg\" alt=\"\" width=\"225\" height=\"300\" srcset=\"https:\/\/www.radiopiu.net\/wordpress\/wp-content\/uploads\/2019\/05\/La-Mora_CANALE-20190410-WA0003-1-225x300.jpeg 225w, https:\/\/www.radiopiu.net\/wordpress\/wp-content\/uploads\/2019\/05\/La-Mora_CANALE-20190410-WA0003-1-768x1024.jpeg 768w, https:\/\/www.radiopiu.net\/wordpress\/wp-content\/uploads\/2019\/05\/La-Mora_CANALE-20190410-WA0003-1.jpeg 1200w\" sizes=\"auto, (max-width: 225px) 100vw, 225px\" \/><\/a><a class=\"dt-pswp-item\" href=\"http:\/\/www.radiopiu.net\/wordpress\/wp-content\/uploads\/2019\/05\/La-Mora_CANALE-20190410-WA0007.jpeg\" data-dt-img-description=\"\" data-large_image_width=\"1200\" data-large_image_height=\"1600\"><img loading=\"lazy\" decoding=\"async\" class=\"alignnone size-medium wp-image-86931\" src=\"http:\/\/www.radiopiu.net\/wordpress\/wp-content\/uploads\/2019\/05\/La-Mora_CANALE-20190410-WA0007-225x300.jpeg\" alt=\"\" width=\"225\" height=\"300\" srcset=\"https:\/\/www.radiopiu.net\/wordpress\/wp-content\/uploads\/2019\/05\/La-Mora_CANALE-20190410-WA0007-225x300.jpeg 225w, https:\/\/www.radiopiu.net\/wordpress\/wp-content\/uploads\/2019\/05\/La-Mora_CANALE-20190410-WA0007-768x1024.jpeg 768w, https:\/\/www.radiopiu.net\/wordpress\/wp-content\/uploads\/2019\/05\/La-Mora_CANALE-20190410-WA0007.jpeg 1200w\" sizes=\"auto, (max-width: 225px) 100vw, 225px\" \/><\/a><a class=\"dt-pswp-item\" href=\"http:\/\/www.radiopiu.net\/wordpress\/wp-content\/uploads\/2019\/05\/La-Mora_CANALE-20190410-WA0003.jpeg\" data-dt-img-description=\"\" data-large_image_width=\"1200\" data-large_image_height=\"1600\"><img loading=\"lazy\" decoding=\"async\" class=\"alignnone size-medium wp-image-86930\" src=\"http:\/\/www.radiopiu.net\/wordpress\/wp-content\/uploads\/2019\/05\/La-Mora_CANALE-20190410-WA0003-225x300.jpeg\" alt=\"\" width=\"225\" height=\"300\" srcset=\"https:\/\/www.radiopiu.net\/wordpress\/wp-content\/uploads\/2019\/05\/La-Mora_CANALE-20190410-WA0003-225x300.jpeg 225w, https:\/\/www.radiopiu.net\/wordpress\/wp-content\/uploads\/2019\/05\/La-Mora_CANALE-20190410-WA0003-768x1024.jpeg 768w, https:\/\/www.radiopiu.net\/wordpress\/wp-content\/uploads\/2019\/05\/La-Mora_CANALE-20190410-WA0003.jpeg 1200w\" sizes=\"auto, (max-width: 225px) 100vw, 225px\" \/><\/a><\/p>\n<p><strong>AI MICROFONI DI RADIO PIU&#8217; DALLA PROVINCIA PIERANTONIO ZANCHETTA<\/strong><\/p>\n<audio class=\"wp-audio-shortcode\" id=\"audio-86870-3\" preload=\"none\" style=\"width: 100%;\" controls=\"controls\"><source type=\"audio\/mpeg\" src=\"http:\/\/www.radiopiu.net\/wordpress\/wp-content\/uploads\/2019\/05\/ZANCHETTA-2.mp3?_=3\" \/><a href=\"http:\/\/www.radiopiu.net\/wordpress\/wp-content\/uploads\/2019\/05\/ZANCHETTA-2.mp3\">http:\/\/www.radiopiu.net\/wordpress\/wp-content\/uploads\/2019\/05\/ZANCHETTA-2.mp3<\/a><\/audio>\n<p>&nbsp;<\/p>\n<p>&nbsp;<\/p>\n<p>&nbsp;<\/p>\n<h2>FRANA COLOMP A SAN MARTINO<\/h2>\n<p><em>L&#8217;impegno della Provincia, ne parliamo con il consigliere provinciale Massimo Bortoluzzi.<\/em><\/p>\n<p><strong><a class=\"dt-pswp-item\" href=\"http:\/\/www.radiopiu.net\/wordpress\/wp-content\/uploads\/2019\/05\/WhatsApp-Image-2019-05-30-at-17.07.23.jpeg\" data-dt-img-description=\"\" data-large_image_width=\"1600\" data-large_image_height=\"1200\"><img loading=\"lazy\" decoding=\"async\" class=\"wp-image-86940 alignleft\" src=\"http:\/\/www.radiopiu.net\/wordpress\/wp-content\/uploads\/2019\/05\/WhatsApp-Image-2019-05-30-at-17.07.23-1024x768.jpeg\" alt=\"\" width=\"225\" height=\"169\" srcset=\"https:\/\/www.radiopiu.net\/wordpress\/wp-content\/uploads\/2019\/05\/WhatsApp-Image-2019-05-30-at-17.07.23-1024x768.jpeg 1024w, https:\/\/www.radiopiu.net\/wordpress\/wp-content\/uploads\/2019\/05\/WhatsApp-Image-2019-05-30-at-17.07.23-300x225.jpeg 300w, https:\/\/www.radiopiu.net\/wordpress\/wp-content\/uploads\/2019\/05\/WhatsApp-Image-2019-05-30-at-17.07.23-768x576.jpeg 768w, https:\/\/www.radiopiu.net\/wordpress\/wp-content\/uploads\/2019\/05\/WhatsApp-Image-2019-05-30-at-17.07.23.jpeg 1600w\" sizes=\"auto, (max-width: 225px) 100vw, 225px\" \/><\/a>CHIES ALPAGO<\/strong> Iniziano gli interventi di consolidamento del dissesto franoso che ha coinvolto un tratto di versante attraversato da via Colomp, strada comunale che collega le frazioni di San Martino e Funes nel comune di Chies d\u2019Alpago. La frana si \u00e8 attivata a seguito di precipitazioni intense che hanno caratterizzato la tempesta Vaia alla fine di ottobre dello scorso anno. Il nuovo peggioramento meteo di inizio aprile ha riattivato il movimento che \u00e8 progredito velocemente fino ad imporre la chiusura della strada. Il movimento franoso si \u00e8 manifestato attraverso una iniziale fessurazione del terreno ed alcuni arricciamenti, progredendo velocemente verso un parziale collasso del materiale movimentato. La nicchia superiore si \u00e8 posizionata presso il cambio di pendenza, che raccorda il versante con la sommit\u00e0 della dorsale, dove sono presenti alcune abitazioni. La nicchia di distacco al coronamento sommitale \u00e8 lunga una quindicina di metri, con un andamento \u201carcuato\u201d; la reale consistenza del movimento franoso si nota con chiarezza a livello della sede stradale, completamente dissestata. L\u2019intervento di consolidamento in fase di realizzazione consiste nella realizzazione con tecniche di edilizia specializzata di un muro di controripa della lunghezza di 26.00 m in corrispondenza della sede stradale e di un cordolo in c.a. in corrispondenza del ciglio di valle della sede stradale con uno sviluppo di 22.00 m sul quale sar\u00e0 montata la barriera stradale. Inoltre sar\u00e0 messo in opera un sistema di drenaggio del versante in trincea. Ultimati i lavori di messa in sicurezza sar\u00e0 ripristinata la sede stradale con tutte le opere accessorie (barriere stradali, sottofondo, manto bituminoso dello spessore di 10 cm ed il ripristino del versante a monte).<\/p>\n<p><a class=\"dt-pswp-item\" href=\"http:\/\/www.radiopiu.net\/wordpress\/wp-content\/uploads\/2019\/05\/WhatsApp-Image-2019-05-30-at-17.07.23-2.jpeg\" data-dt-img-description=\"\" data-large_image_width=\"1600\" data-large_image_height=\"1200\"><img loading=\"lazy\" decoding=\"async\" class=\"alignnone wp-image-86939\" src=\"http:\/\/www.radiopiu.net\/wordpress\/wp-content\/uploads\/2019\/05\/WhatsApp-Image-2019-05-30-at-17.07.23-2-1024x768.jpeg\" alt=\"\" width=\"203\" height=\"153\" srcset=\"https:\/\/www.radiopiu.net\/wordpress\/wp-content\/uploads\/2019\/05\/WhatsApp-Image-2019-05-30-at-17.07.23-2-1024x768.jpeg 1024w, https:\/\/www.radiopiu.net\/wordpress\/wp-content\/uploads\/2019\/05\/WhatsApp-Image-2019-05-30-at-17.07.23-2-300x225.jpeg 300w, https:\/\/www.radiopiu.net\/wordpress\/wp-content\/uploads\/2019\/05\/WhatsApp-Image-2019-05-30-at-17.07.23-2-768x576.jpeg 768w, https:\/\/www.radiopiu.net\/wordpress\/wp-content\/uploads\/2019\/05\/WhatsApp-Image-2019-05-30-at-17.07.23-2.jpeg 1600w\" sizes=\"auto, (max-width: 203px) 100vw, 203px\" \/><\/a><a class=\"dt-pswp-item\" href=\"http:\/\/www.radiopiu.net\/wordpress\/wp-content\/uploads\/2019\/05\/WhatsApp-Image-2019-05-30-at-17.07.23-1.jpeg\" data-dt-img-description=\"\" data-large_image_width=\"1600\" data-large_image_height=\"1200\"><img loading=\"lazy\" decoding=\"async\" class=\"alignnone wp-image-86938\" src=\"http:\/\/www.radiopiu.net\/wordpress\/wp-content\/uploads\/2019\/05\/WhatsApp-Image-2019-05-30-at-17.07.23-1-1024x768.jpeg\" alt=\"\" width=\"206\" height=\"155\" srcset=\"https:\/\/www.radiopiu.net\/wordpress\/wp-content\/uploads\/2019\/05\/WhatsApp-Image-2019-05-30-at-17.07.23-1-1024x768.jpeg 1024w, https:\/\/www.radiopiu.net\/wordpress\/wp-content\/uploads\/2019\/05\/WhatsApp-Image-2019-05-30-at-17.07.23-1-300x225.jpeg 300w, https:\/\/www.radiopiu.net\/wordpress\/wp-content\/uploads\/2019\/05\/WhatsApp-Image-2019-05-30-at-17.07.23-1-768x576.jpeg 768w, https:\/\/www.radiopiu.net\/wordpress\/wp-content\/uploads\/2019\/05\/WhatsApp-Image-2019-05-30-at-17.07.23-1.jpeg 1600w\" sizes=\"auto, (max-width: 206px) 100vw, 206px\" \/><\/a><a class=\"dt-pswp-item\" href=\"http:\/\/www.radiopiu.net\/wordpress\/wp-content\/uploads\/2019\/05\/WhatsApp-Image-2019-05-30-at-17.48.04.jpeg\" data-dt-img-description=\"\" data-large_image_width=\"1600\" data-large_image_height=\"900\"><img loading=\"lazy\" decoding=\"async\" class=\"alignnone wp-image-86937\" src=\"http:\/\/www.radiopiu.net\/wordpress\/wp-content\/uploads\/2019\/05\/WhatsApp-Image-2019-05-30-at-17.48.04-300x169.jpeg\" alt=\"\" width=\"270\" height=\"152\" srcset=\"https:\/\/www.radiopiu.net\/wordpress\/wp-content\/uploads\/2019\/05\/WhatsApp-Image-2019-05-30-at-17.48.04-300x169.jpeg 300w, https:\/\/www.radiopiu.net\/wordpress\/wp-content\/uploads\/2019\/05\/WhatsApp-Image-2019-05-30-at-17.48.04-768x432.jpeg 768w, https:\/\/www.radiopiu.net\/wordpress\/wp-content\/uploads\/2019\/05\/WhatsApp-Image-2019-05-30-at-17.48.04-1024x576.jpeg 1024w, https:\/\/www.radiopiu.net\/wordpress\/wp-content\/uploads\/2019\/05\/WhatsApp-Image-2019-05-30-at-17.48.04.jpeg 1600w\" sizes=\"auto, (max-width: 270px) 100vw, 270px\" \/><\/a><\/p>\n<div style=\"width: 640px;\" class=\"wp-video\"><video class=\"wp-video-shortcode\" id=\"video-86870-1\" width=\"640\" height=\"352\" preload=\"metadata\" controls=\"controls\"><source type=\"video\/mp4\" src=\"http:\/\/www.radiopiu.net\/wordpress\/wp-content\/uploads\/2019\/05\/WhatsApp-Video-2019-05-30-at-17.48.04.mp4?_=1\" \/><a href=\"http:\/\/www.radiopiu.net\/wordpress\/wp-content\/uploads\/2019\/05\/WhatsApp-Video-2019-05-30-at-17.48.04.mp4\">http:\/\/www.radiopiu.net\/wordpress\/wp-content\/uploads\/2019\/05\/WhatsApp-Video-2019-05-30-at-17.48.04.mp4<\/a><\/video><\/div>\n<p>&nbsp;<\/p>\n<p>&nbsp;<\/p>\n<p>&nbsp;<\/p>\n<p>&nbsp;<\/p>\n<h3>REGISTRATORI DI CASSA CONNESSI A INTERNET: UNCEM CHIEDE PROROGA A MEF E MISE PER I COMUNI MONTANI.<\/h3>\n<p><a class=\"dt-pswp-item\" href=\"http:\/\/www.radiopiu.net\/wordpress\/wp-content\/uploads\/2018\/12\/argentera_ferrere-3.jpg\" data-dt-img-description=\"\" data-large_image_width=\"865\" data-large_image_height=\"330\"><img loading=\"lazy\" decoding=\"async\" class=\"alignnone size-full wp-image-71005\" src=\"http:\/\/www.radiopiu.net\/wordpress\/wp-content\/uploads\/2018\/12\/argentera_ferrere-3.jpg\" alt=\"\" width=\"865\" height=\"330\" srcset=\"https:\/\/www.radiopiu.net\/wordpress\/wp-content\/uploads\/2018\/12\/argentera_ferrere-3.jpg 865w, https:\/\/www.radiopiu.net\/wordpress\/wp-content\/uploads\/2018\/12\/argentera_ferrere-3-300x114.jpg 300w, https:\/\/www.radiopiu.net\/wordpress\/wp-content\/uploads\/2018\/12\/argentera_ferrere-3-768x293.jpg 768w\" sizes=\"auto, (max-width: 865px) 100vw, 865px\" \/><\/a><\/p>\n<p>Dal primo luglio 2019 gli esercenti medio-grandi, con volumi superiori ai 400mila euro, dovranno emettere scontrini digitali e mandarli direttamente all&#8217;Agenzia delle entrate a fine giornata. Dal primo gennaio 2020 l&#8217;obbligo scatter\u00e0 anche per tutti gli altri, compresi i piccoli. Uncem \u00e8 preoccupata per questo passaggio e ha gi\u00e0 chiesto a Mise e Mef di individuare subito un rinvio per i Comuni montani italiani dove il divario digitale \u00e8 forte: manca connettivit\u00e0 e fino all&#8217;attivazione della banda ultralarga gli esercenti obbligati alla nuova modalit\u00e0 giornaliera di invio dei dati, subiranno sicuramente gli effetti del divario digitale. Internet va a singhiozzo in troppe aree del Paese\u00a0&#8211; Uncem e Lebambiente lo hanno ribadito anche ieri a Roma presentando il dossier sui piccoli Comuni &#8211; e Uncem sta lavorando &#8211; come dimostra l&#8217;accordo di due settimane fa con la societ\u00e0 Eolo &#8211; per agevolare e accelerare l&#8217;arrivo della banda ultralarga per la quale il Paese sta spendendo 3 miliardi e mezzo di euro.<\/p>\n<blockquote><p><em>Affinch\u00e9 la norma diventi operativa mancano per\u00f2 alcuni decreti attuativi. In quello pubblicato il 16 maggio si specifica che\u00a0l&#8217;obbligo non scatta, in questa prima fase, per le cessioni di tabacchi, giornali, prodotti agricoli e quelle effettuate su mezzi di trasporto in viaggi internazionali. Uno, molto importante preoccupa particolarmente Uncem. Deve infatti individuare le aree in cui la connessione a internet non \u00e8 abbastanza efficiente. In questi territori i commercianti saranno esentati dalla nuova normativa. Poprio per questo decreto mancante, Uncem ha chiesto chiarimenti al Mef con una lettera inviata oggi al Ministro Tria. La proroga per i Comuni che si trovano in un grave divario digitale \u00e8 urgente e necessaria.<\/em><\/p><\/blockquote>\n<p>&nbsp;<\/p>\n<p>&nbsp;<\/p>\n<p>&nbsp;<\/p>\n<p>&nbsp;<\/p>\n<h2>VIVAIO DOLOMITI CRITICA A PROPONE ALL&#8217;AMMINISTRAZIONE DI ASSUMERSI LE RESPONSABILITA&#8217; E CHIUDERE IL COLLE<\/h2>\n<blockquote><p><em>La montagna \u00e8 di chi la abita, di chi la vive e di chi vi opera. <\/em><\/p><\/blockquote>\n<p style=\"text-align: left;\"><strong><a class=\"dt-pswp-item\" href=\"http:\/\/www.radiopiu.net\/wordpress\/wp-content\/uploads\/2018\/04\/vivaio-dolomiti.jpg\" data-dt-img-description=\"\" data-large_image_width=\"180\" data-large_image_height=\"142\"><img loading=\"lazy\" decoding=\"async\" class=\"size-full wp-image-47082 alignleft\" src=\"http:\/\/www.radiopiu.net\/wordpress\/wp-content\/uploads\/2018\/04\/vivaio-dolomiti.jpg\" alt=\"\" width=\"180\" height=\"142\" \/><\/a>BELLUNO<\/strong> L&#8217;associazione Vivaio Dolomiti ha partecipato con propri iscritti residenti in Nevegal alla conferenza proposta da Alpe e Comune.\u00a0 <em>&#8220;La fotocopia di tutte quelle fatte gli anni precedenti. Invocare la politica quando la politica \u00e8 seduta al tavolo ha pure un risvolto tragicomico&#8221;.<\/em> E&#8217; la prima conclusione a cui giunge Vivaio Dolomiti, ironicamente vista la mancanza di idee e progetti invita a risparmiare soldi per investirli in cimiteri alla condizione che venga almeno mandato un parroco per l&#8217;estrema unzione.<em> &#8220;L&#8217;amministrazione &#8211; continua Vivaio Dolomiti &#8211;\u00a0 propone un cartello di benvenuto e l&#8217;asfaltatura del parcheggio dietro il piazzale. Visto e considerato che dal Nevegal scende 1 milione di euro ogni anno fa ridere la proposta d&#8217;investimento&#8221;<\/em>. Vivaio Dolomiti pare invece di non gradire l&#8217;associazione \u00a0Belluno Alpina affermando di non conoscere gli appartenenti se non per nome un paio di persone. <em>&#8220;Che fino ad oggi &#8211; dicono gli attivisti di Vivaio Dolomiti &#8211; hanno ripreso idee altrui modificandole in modo da renderle impraticabili&#8221;.\u00a0<\/em>Tra le proposte contenute nella nota di Vivaio l&#8217;invisto ad ascoltare gli operatori\u00a0 che il Nevegal lo vivono e di lavorano, oppure amara conclusione l&#8217;altro invito: dichiarare, assumendosi le responsabilit\u00e0,\u00a0 che il Nevegal va chiuso senza prolungare un&#8217;agonia priva di progetti.<\/p>\n<h2>GLI OPERATORI ECONOMICI DEL NEVEGAL<\/h2>\n<p>Da mesi chiediamo un incontro con il sindaco per confrontarci e proporre le nostre soluzioni per il Nevegal. Ci ritroviamo che viene fatta una conferenza stampa fra l\u2019Alpe e l\u2019amministrazione senza nemmeno coinvolgerci. Troviamo singolare che quando dobbiamo versare la nostra quota di partecipazione per la gestione degli impianti o fare da sponda per reperire risorse (vedi Regione Veneto) veniamo sempre sollecitati, salvo poi dimenticarsi di noi, che siamo la spina dorsale del Nevegal, quando bisogna progettare o discutere il futuro del Colle.Ricordiamo che il Nevegal senza le attivit\u00e0 economiche non pu\u00f2 esistere. Quindi riteniamo il nostro ruolo fondamentale e imprescindibile su ogni discorso che riguarda il Colle. Visto che ci\u00f2 non avviene da anni, ci siamo costituiti in un comitato spontaneo degli operatori economici che raggruppano tutte le attivit\u00e0 del Nevegal. Tenteremo con tutte le nostre forze di trovare tutte le strategie possibili affinch\u00e8 questo prezioso e soprattutto nostro territorio, possa continuare a rimanere vivo dando lavoro, sia agli operatori economici che con i propri collaboratori superano le 150 persone, sia a tutti coloro che ne sono innamorati usufruitori quali associazioni sportive della Val Belluna, e dell\u2019intera Regione Veneto.,<\/p>\n<p>&nbsp;<\/p>\n<p>&nbsp;<\/p>\n<p>&nbsp;<\/p>\n<p>&nbsp;<\/p>\n<h2>IL LAGO DI SANTA CROCE SI RIFA&#8217; IL LOOK<\/h2>\n<blockquote><p><em>L\u2019intervento sul lago di Santa Croce, che segue a poche settimane di distanza quello relativo al posizionamento delle nuove boe di segnalazione del bacino di pescaggio per i Canadair, prevede l\u2019impiego di risorse per complessivi 180 mila euro, tutti derivanti da fondi propri del Comune di Alpago.<\/em><\/p><\/blockquote>\n<p><strong><a class=\"dt-pswp-item\" href=\"http:\/\/www.radiopiu.net\/wordpress\/wp-content\/uploads\/2019\/05\/IMG-20190530-WA0011.jpg\" data-dt-img-description=\"\" data-large_image_width=\"1599\" data-large_image_height=\"1200\"><img loading=\"lazy\" decoding=\"async\" class=\"size-medium wp-image-86894 alignleft\" src=\"http:\/\/www.radiopiu.net\/wordpress\/wp-content\/uploads\/2019\/05\/IMG-20190530-WA0011-300x225.jpg\" alt=\"\" width=\"300\" height=\"225\" srcset=\"https:\/\/www.radiopiu.net\/wordpress\/wp-content\/uploads\/2019\/05\/IMG-20190530-WA0011-300x225.jpg 300w, https:\/\/www.radiopiu.net\/wordpress\/wp-content\/uploads\/2019\/05\/IMG-20190530-WA0011-768x576.jpg 768w, https:\/\/www.radiopiu.net\/wordpress\/wp-content\/uploads\/2019\/05\/IMG-20190530-WA0011-1024x768.jpg 1024w, https:\/\/www.radiopiu.net\/wordpress\/wp-content\/uploads\/2019\/05\/IMG-20190530-WA0011.jpg 1599w\" sizes=\"auto, (max-width: 300px) 100vw, 300px\" \/><\/a>ALPAGO Le squadra di operai sono in azione i<\/strong> lavori riguarderanno la realizzazione di una terza spiaggia in erba; dopo l\u2018asportazione del materiale ghiaioso e il collocamento della base in terriccio, saranno messi a dimora i rotoli di manto erboso: l\u2019area sar\u00e0 dunque immediatamente fruibile. L\u2019intervento sul lago di Santa Croce ricomprende, poi, il rifacimento dei marciapiedi esistenti e la costruzione di un nuovo camminamento, perpendicolare al bacino lacustre; il nuovo manufatto sar\u00e0 dotato anche di illuminazione serale e costituir\u00e0 cos\u00ec una sorta di nuova passeggiata dalle atmosfere senza dubbio suggestive. I lavori prevedono inoltre la sostituzione dei cestini per i rifiuti con il posizionamento di nuovi contenitori anche per la raccolta differenziata, in linea con lo \u201cspirito green\u201d che ispira tutte le scelte dell\u2019amministrazione del Comune di Alpago. Saranno infine installate anche delle nuove cabine spogliatoio, nella zona dei servizi, per consentire ai turisti e agli sportivi di potersi cambiare pi\u00f9 agevolmente dopo l\u2019uscita dall\u2019acqua o per prendere il sole. <em>\u201cIl lago di Santa Croce rappresenta da tempo una delle punte di diamante della nostra offerta, commenta l\u2019assessore al turismo del Comune di Alpago; con il favore del tempo e superati anche gli ultimi ostacoli burocratici, siamo riusciti in questi giorni a far partire il lotto di lavori che render\u00e0 le spiagge di Farra ancora pi\u00f9 attrattive e accoglienti. Se non vi saranno imprevisti particolari, contiamo di portare a termine l\u2019intervento entro il mese di giugno e dunque pronti per il clou della stagione\u201d, conclude l\u2019assessore. <\/em>L\u2019intervento sul lago di Santa Croce, che segue a poche settimane di distanza quello relativo al posizionamento delle nuove boe di segnalazione del bacino di pescaggio per i Canadair, prevede l\u2019impiego di risorse per complessivi 180 mila euro, tutti derivanti da fondi propri del Comune di Alpago.<\/p>\n<p>&nbsp;<\/p>\n<p>&nbsp;<\/p>\n<p>&nbsp;<\/p>\n<p>&nbsp;<\/p>\n<h2>IL PRIMO PREMIO AI BAMBINI DI TAIBON<\/h2>\n<blockquote>\n<p align=\"JUSTIFY\"><span style=\"font-family: Calibri, serif;\"><span style=\"font-size: large;\"><b>INCENDIO DELLE PALE DI SAN LUCANO E TEMPESTA VAIA VISTE DAI BAMBINI DI TAIBON AGORDINO. IERI\u00a0 HANNO VINTO IL PRIMO PREMIO DEL CONCORSO ARPAV \u201cQUALe idEA!\u201d SULL\u2019EDUCAZIONE AMBIENTALE<\/b><\/span><\/span><\/p>\n<\/blockquote>\n<p align=\"JUSTIFY\"><strong><a class=\"dt-pswp-item\" href=\"http:\/\/www.radiopiu.net\/wordpress\/wp-content\/uploads\/2019\/05\/61478083_330014014359761_3488934649030246400_n.jpg\" data-dt-img-description=\"\" data-large_image_width=\"960\" data-large_image_height=\"720\"><img loading=\"lazy\" decoding=\"async\" class=\"wp-image-86928 alignleft\" src=\"http:\/\/www.radiopiu.net\/wordpress\/wp-content\/uploads\/2019\/05\/61478083_330014014359761_3488934649030246400_n.jpg\" alt=\"\" width=\"224\" height=\"168\" srcset=\"https:\/\/www.radiopiu.net\/wordpress\/wp-content\/uploads\/2019\/05\/61478083_330014014359761_3488934649030246400_n.jpg 960w, https:\/\/www.radiopiu.net\/wordpress\/wp-content\/uploads\/2019\/05\/61478083_330014014359761_3488934649030246400_n-300x225.jpg 300w, https:\/\/www.radiopiu.net\/wordpress\/wp-content\/uploads\/2019\/05\/61478083_330014014359761_3488934649030246400_n-768x576.jpg 768w\" sizes=\"auto, (max-width: 224px) 100vw, 224px\" \/><\/a>PADOVA I bambini della scuola per l&#8217;infanzia di Taibon hanno vinto il primo premio e alla scuola Fioravante Costa\u00a0 sono stati assegnati\u00a0 1000 euro da utilizzare per un laboratorio di educazione ambientale in un\u2019area naturale. I bambini della Fioravante hanno partecipato con il video \u201cAcqua amica mia\u201d con cui hanno raccontato come hanno superato la paura dell\u2019incendio delle Pale di San Lucano che si scaten\u00f2 in ottobre proprio vicino alla loro scuola e che secondo loro \u00e8 stato causato da un draghetto maldestro e qualche giorno dopo l\u2019incubo della tempesta Vaia. Due momenti difficili e paurosi alla loro et\u00e0 che hanno saputo affrontare anche grazie alle bravissime maestre. <\/strong>Un\u2019invasione pacifica di bambini da tutto il Veneto oggi all\u2019auditorium dell\u2019Itis Marconi di Padova. Sono le scuole premiate al concorso di educazione ambientale QUALe idEA! promosso\u00a0da Arpav, ufficio scolastico del Veneto e gruppo di Coordinamento Salute in tutte le politiche della Regione. I bambini delle scuole dell\u2019infanzia e primarie hanno presentato i lavori svolti durante l\u2019anno scolastico sul tema \u201cAmbiente, la mia casa\u201d. Numerose le idee per un ambiente migliore: video, libri, diari, disegni, plastici. L\u2019iniziativa ha coinvolto 3250 bambini e oggi sono state premiate le idee che pi\u00f9 si avvicinano al tema. I premi in palio sono contributi economici, per un importo complessivo di 5000 euro, da utilizzare per laboratori ambientali nei parchi, aree naturali, fattorie didattiche e musei del Veneto.<\/p>\n<p><iframe loading=\"lazy\" title=\"Premiazione Scuola di Taibon Agordino (BL)\" width=\"1200\" height=\"900\" src=\"https:\/\/www.youtube.com\/embed\/FnOLBnq3jPY?feature=oembed\" frameborder=\"0\" allow=\"accelerometer; autoplay; clipboard-write; encrypted-media; gyroscope; picture-in-picture\" allowfullscreen><\/iframe><\/p>\n<blockquote><p><strong>Altra scuola premiata della provincia di Belluno: Menzione speciale \u201cParchi del Veneto\u201d nella categoria scuola primaria alla scuola Rino Sorio di Mussoi.\u00a0<\/strong><\/p><\/blockquote>\n<p><a class=\"dt-pswp-item\" href=\"http:\/\/www.radiopiu.net\/wordpress\/wp-content\/uploads\/2019\/05\/dc41c817-4f1a-4a4e-9a4c-636912f76792.jpg\" data-dt-img-description=\"\" data-large_image_width=\"1600\" data-large_image_height=\"1200\"><img loading=\"lazy\" decoding=\"async\" class=\"alignnone wp-image-86922\" src=\"http:\/\/www.radiopiu.net\/wordpress\/wp-content\/uploads\/2019\/05\/dc41c817-4f1a-4a4e-9a4c-636912f76792-1024x768.jpg\" alt=\"\" width=\"210\" height=\"158\" srcset=\"https:\/\/www.radiopiu.net\/wordpress\/wp-content\/uploads\/2019\/05\/dc41c817-4f1a-4a4e-9a4c-636912f76792-1024x768.jpg 1024w, https:\/\/www.radiopiu.net\/wordpress\/wp-content\/uploads\/2019\/05\/dc41c817-4f1a-4a4e-9a4c-636912f76792-300x225.jpg 300w, https:\/\/www.radiopiu.net\/wordpress\/wp-content\/uploads\/2019\/05\/dc41c817-4f1a-4a4e-9a4c-636912f76792-768x576.jpg 768w, https:\/\/www.radiopiu.net\/wordpress\/wp-content\/uploads\/2019\/05\/dc41c817-4f1a-4a4e-9a4c-636912f76792.jpg 1600w\" sizes=\"auto, (max-width: 210px) 100vw, 210px\" \/><\/a><a class=\"dt-pswp-item\" href=\"http:\/\/www.radiopiu.net\/wordpress\/wp-content\/uploads\/2019\/05\/0487b4ab-ad74-4626-9a67-a4a563985a26.jpg\" data-dt-img-description=\"\" data-large_image_width=\"1600\" data-large_image_height=\"1200\"><img loading=\"lazy\" decoding=\"async\" class=\"alignnone wp-image-86921\" src=\"http:\/\/www.radiopiu.net\/wordpress\/wp-content\/uploads\/2019\/05\/0487b4ab-ad74-4626-9a67-a4a563985a26-1024x768.jpg\" alt=\"\" width=\"207\" height=\"155\" srcset=\"https:\/\/www.radiopiu.net\/wordpress\/wp-content\/uploads\/2019\/05\/0487b4ab-ad74-4626-9a67-a4a563985a26-1024x768.jpg 1024w, https:\/\/www.radiopiu.net\/wordpress\/wp-content\/uploads\/2019\/05\/0487b4ab-ad74-4626-9a67-a4a563985a26-300x225.jpg 300w, https:\/\/www.radiopiu.net\/wordpress\/wp-content\/uploads\/2019\/05\/0487b4ab-ad74-4626-9a67-a4a563985a26-768x576.jpg 768w, https:\/\/www.radiopiu.net\/wordpress\/wp-content\/uploads\/2019\/05\/0487b4ab-ad74-4626-9a67-a4a563985a26.jpg 1600w\" sizes=\"auto, (max-width: 207px) 100vw, 207px\" \/><\/a><a class=\"dt-pswp-item\" href=\"http:\/\/www.radiopiu.net\/wordpress\/wp-content\/uploads\/2019\/05\/f018d2e7-f662-4cff-b675-e665ea5ed475.jpg\" data-dt-img-description=\"\" data-large_image_width=\"1600\" data-large_image_height=\"1200\"><img loading=\"lazy\" decoding=\"async\" class=\"alignnone wp-image-86924\" src=\"http:\/\/www.radiopiu.net\/wordpress\/wp-content\/uploads\/2019\/05\/f018d2e7-f662-4cff-b675-e665ea5ed475-1024x768.jpg\" alt=\"\" width=\"204\" height=\"153\" srcset=\"https:\/\/www.radiopiu.net\/wordpress\/wp-content\/uploads\/2019\/05\/f018d2e7-f662-4cff-b675-e665ea5ed475-1024x768.jpg 1024w, https:\/\/www.radiopiu.net\/wordpress\/wp-content\/uploads\/2019\/05\/f018d2e7-f662-4cff-b675-e665ea5ed475-300x225.jpg 300w, https:\/\/www.radiopiu.net\/wordpress\/wp-content\/uploads\/2019\/05\/f018d2e7-f662-4cff-b675-e665ea5ed475-768x576.jpg 768w, https:\/\/www.radiopiu.net\/wordpress\/wp-content\/uploads\/2019\/05\/f018d2e7-f662-4cff-b675-e665ea5ed475.jpg 1600w\" sizes=\"auto, (max-width: 204px) 100vw, 204px\" \/><\/a><\/p>\n<p><strong>con la collaborazione della maestra Leila Zas Friz.<\/strong><\/p>\n<p><a class=\"dt-pswp-item\" href=\"http:\/\/www.radiopiu.net\/wordpress\/wp-content\/uploads\/2019\/05\/7ac28a9d-1c90-4d28-af35-d1c087e22723-e1559272688749.jpg\" data-dt-img-description=\"\" data-large_image_width=\"1600\" data-large_image_height=\"1200\"><img loading=\"lazy\" decoding=\"async\" class=\"wp-image-86925 alignleft\" src=\"http:\/\/www.radiopiu.net\/wordpress\/wp-content\/uploads\/2019\/05\/7ac28a9d-1c90-4d28-af35-d1c087e22723-e1559272688749-1024x768.jpg\" alt=\"\" width=\"191\" height=\"143\" srcset=\"https:\/\/www.radiopiu.net\/wordpress\/wp-content\/uploads\/2019\/05\/7ac28a9d-1c90-4d28-af35-d1c087e22723-e1559272688749-1024x768.jpg 1024w, https:\/\/www.radiopiu.net\/wordpress\/wp-content\/uploads\/2019\/05\/7ac28a9d-1c90-4d28-af35-d1c087e22723-e1559272688749-300x225.jpg 300w, https:\/\/www.radiopiu.net\/wordpress\/wp-content\/uploads\/2019\/05\/7ac28a9d-1c90-4d28-af35-d1c087e22723-e1559272688749-768x576.jpg 768w, https:\/\/www.radiopiu.net\/wordpress\/wp-content\/uploads\/2019\/05\/7ac28a9d-1c90-4d28-af35-d1c087e22723-e1559272688749.jpg 1600w\" sizes=\"auto, (max-width: 191px) 100vw, 191px\" \/><\/a>I bambini dell&#8217;ultimo anno della Scuola dell&#8217; infanzia &#8220;Fioravante Costa&#8221; di Taibon Agordino hanno ritirato il premio a Padova\u00a0 accompagnati dalle insegnanti Paola Rudatis, Margherita Dai Pr\u00e0, Chiara Caldart e da alcuni genitori.\u00a0 Hanno partecipato al Concorso &#8220;Quale idea&#8221; producendo un corposo, quanto sentito e particolareggiato Libro sull&#8217;uso responsabile del prezioso bene acqua. \u00a0Il lavoro \u00e8 stato svolto principalmente dal gruppo coccinelle.Partendo dalle esperienze emerse sul territorio: incendio,\u00a0 alluvione. I bambini hanno svolto un percorso a tutto tondo mettendo al centro del lavoro l&#8217;acqua come bene di tutti.. Come necessaria alla vita in tutte le sue forme. Come arte con le fontane del Comune, Indispensabile e amica. contro il fuoco e nemica quando troppa con l&#8217;alluvione ma anche come gioco con le bolle di sapone. Il tutto documentati graficamente e con DVD.<\/p>\n<p>&nbsp;<\/p>\n<p>&nbsp;<\/p>\n<p>&nbsp;<\/p>\n<h3>UN&#8217; INVASIONE DI CICALE MAI VISTA, LA PROPOSTA DEL GALILEI<\/h3>\n<p><strong>DA BELLUNO<\/strong><\/p>\n<p><strong>DAMIANO TORMEN<\/strong><\/p>\n<audio class=\"wp-audio-shortcode\" id=\"audio-86870-4\" preload=\"none\" style=\"width: 100%;\" controls=\"controls\"><source type=\"audio\/mpeg\" src=\"http:\/\/www.radiopiu.net\/wordpress\/wp-content\/uploads\/2019\/05\/DAMIANO-CICALE.mp3?_=4\" \/><a href=\"http:\/\/www.radiopiu.net\/wordpress\/wp-content\/uploads\/2019\/05\/DAMIANO-CICALE.mp3\">http:\/\/www.radiopiu.net\/wordpress\/wp-content\/uploads\/2019\/05\/DAMIANO-CICALE.mp3<\/a><\/audio>\n<p>&nbsp;<\/p>\n<p>&nbsp;<\/p>\n<p>&nbsp;<\/p>\n<p>&nbsp;<\/p>\n<h3><strong>Ripristino Corpo Forestale dello Stato, De Carlo (FdI): \u201cMeglio tardi che mai Il Ministro passi dalle parole ai fatti! \u00a0Confidiamo nel buon senso e auspichiamo l\u2019approvazione delle nostre proposte di legge\u201d<\/strong><\/h3>\n<audio class=\"wp-audio-shortcode\" id=\"audio-86870-5\" preload=\"none\" style=\"width: 100%;\" controls=\"controls\"><source type=\"audio\/mpeg\" src=\"http:\/\/www.radiopiu.net\/wordpress\/wp-content\/uploads\/2019\/05\/de-carlo.mp3?_=5\" \/><a href=\"http:\/\/www.radiopiu.net\/wordpress\/wp-content\/uploads\/2019\/05\/de-carlo.mp3\">http:\/\/www.radiopiu.net\/wordpress\/wp-content\/uploads\/2019\/05\/de-carlo.mp3<\/a><\/audio>\n<p>&nbsp;<\/p>\n<p><a class=\"dt-pswp-item\" href=\"http:\/\/www.radiopiu.net\/wordpress\/wp-content\/uploads\/2018\/03\/DE-CARLO-e1550809667344.jpg\" data-dt-img-description=\"\" data-large_image_width=\"203\" data-large_image_height=\"248\"><img loading=\"lazy\" decoding=\"async\" class=\" wp-image-44920 alignleft\" src=\"http:\/\/www.radiopiu.net\/wordpress\/wp-content\/uploads\/2018\/03\/DE-CARLO-e1550809667344.jpg\" alt=\"\" width=\"131\" height=\"160\" \/><\/a>\u00a0\u201cMeglio tardi che mai Il Ministro passi dalle parole ai fatti! Ora auspichiamo che il Governo velocizzi l\u2019iter e approvi le nostre proposte di legge. Risale al febbraio scorso la presentazione della mia proposta di legge per il ripristino e ricomposizione delle funzioni del Corpo Forestale dello Stato. Una volta analizzati i danni economici, sociali, occupazionali e ambientali che la riforma Madia ha provocato in seguito alla sua attuazione in essere dal 1 gennaio 2017, ho presentato una proposta di legge al fine di restituire al Corpo Forestale dello Stato le sue funzioni, i mezzi, insieme alla ricostruzione delle carriere e dei profili professionali di tutto il personale ad oggi decentrato in altri corpi. \u00a0 Ora il Ministro dell\u2019Ambiente Sergio C<strong>osta, afferma che<\/strong> chiudere il\u00a0<a href=\"https:\/\/www.today.it\/cronaca\/forestale-addio-carabinieri.html\">Corpo Forestale dello Stato<\/a>\u00a0\u00e8 stata un&#8217;idea assolutamente scellerata del Parlamento dell&#8217;epoca e il cui assorbimento nell&#8217;Arma lascia un vuoto dal punto di vista della gestione e tutela della biodiversit\u00e0 per cui \u00e8 necessario reintegrare il sistema assumendo almeno 1500 unit\u00e0 specializzate. Questo mi fa ben sperare che sia possibile aprire un dialogo con il Governo al fine di restituire alla Nazione un Corpo di polizia di tutela ambientale in grado non solo di intervenire ma soprattutto di prevenire\u201d. \u00a0Cos\u00ec ha terminato l\u2019Onorevole Luca De Carlo di Fratelli d\u2019Italia alla luce delle dichiarazioni rilasciate dal Ministro dell\u2019Ambiente ed ex Generale del Corpo Forestale dello Stato, in occasione dell\u2019audizione in commissione Ecomafie.<\/p>\n<p>&nbsp;<\/p>\n<p>&nbsp;<\/p>\n<p>&nbsp;<\/p>\n<p>&nbsp;<\/p>\n<p>&nbsp;<\/p>\n<h3>COS&#8217;E&#8217; LA LOBBIA? RITORNA LA FESTA PAESANA<\/h3>\n<p><strong>DA BELLUNO<\/strong><\/p>\n<p><strong>DAMIANO TORMEN<\/strong><\/p>\n<audio class=\"wp-audio-shortcode\" id=\"audio-86870-6\" preload=\"none\" style=\"width: 100%;\" controls=\"controls\"><source type=\"audio\/mpeg\" src=\"http:\/\/www.radiopiu.net\/wordpress\/wp-content\/uploads\/2019\/05\/DAMIANO-FAVERGA.mp3?_=6\" \/><a href=\"http:\/\/www.radiopiu.net\/wordpress\/wp-content\/uploads\/2019\/05\/DAMIANO-FAVERGA.mp3\">http:\/\/www.radiopiu.net\/wordpress\/wp-content\/uploads\/2019\/05\/DAMIANO-FAVERGA.mp3<\/a><\/audio>\n<p>&nbsp;<\/p>\n<p>&nbsp;<\/p>\n<p>&nbsp;<\/p>\n<p>&nbsp;<\/p>\n<h2>ITALIA NOSTRA PREMIA I RAGAZZI DELLA &#8220;ROCCA&#8221;<\/h2>\n<p><strong>FELTRE<\/strong> Una falciatrice del primo dopoguerra, un trattore Porsche del \u201933, e un tagliafoglie di inizio secolo per sminuzzare l\u2019alimento dei giovani bachi da seta. Sono i soggetti fotografat i dai ragazzi della seconda A della scuola media \u201cRocca\u201d dell\u2019IC di Feltre. Premiati ieri (29 maggio \u201919) al concorso fotografico di Italia Nostra sul tema \u201cVi faccio conoscere un museo del territorio bellunese\u201d. Quello scelto dagli alunni del comprensivo feltrino \u00e8 stato il \u201cMuseo agricolo Aziendale Zugni Tauro De Mezzan\u201d di Grum a Villabruna. Galleria allestita in un edificio rurale, con spazi espositivi di materiali provenienti dall\u2019azienda agricola della famiglia nobile feltrina, con raccolti attrezzi e oggetti che testimoniano uno spaccato dell\u2019economia locale dal 1700 al 1960. Duecento euro il premio assegnato ai ragazzi della \u201cRocca\u201d (classificatisi al secondo posto dietro all\u2019IC di Forno di Zoldo), a Belluno, al Palazzo Fulcis, dalla giuria presieduta dalla presidente della sezione bellunese di Italia Nostra, Giovanna Ceiner, con la motivazione: \u201cLe belle foto degli strumenti di lavoro ormai quasi dimenticati e i relativi commenti valorizzano un piccolo museo agricolo della campagna feltrina che ha suscitato emozioni e curiosit\u00e0 per il mondo contadino in cui anche i giovani nativi digitali riconoscono le proprie radici e forse anche il proprio futuro\u201d. Ad accompagnare gli allievi a ritirare il premio, il vicepreside vicario, Paolo Perco. Coordinatori del progetto i docenti Vania Lirussi e Giovanni Vanz. \u201cSono state premiate le foto, ma anche la locandina che riassumeva ci\u00f2 che di pi\u00f9 hanno colpito gli alunni \u2013 spiegano Vanz e Lirussi \u2013 Un viaggio nel passato, fatto di mestieri dimenticati, a testimoniare uno spaccato di vita economica del nostro territorio. E\u2019 la seconda volta che Italia Nostra ci premia (l\u2019anno scorso con la terza A, sul tema: \u201cLa meraviglia dei torrenti bellunesi\u201d), per un progetto che ha per noi un valore didattico ma anche di sensibilizzazione alla protezione del nostro territorio, e che i ragazzi hanno accolto con entusiasmo\u201d.<\/p>\n<p><a class=\"dt-pswp-item\" href=\"http:\/\/www.radiopiu.net\/wordpress\/wp-content\/uploads\/2019\/05\/IC-FELTRE-Italia-Nostra-4-1.jpg\" data-dt-img-description=\"\" data-large_image_width=\"3648\" data-large_image_height=\"2736\"><img loading=\"lazy\" decoding=\"async\" class=\"alignnone wp-image-86887\" src=\"http:\/\/www.radiopiu.net\/wordpress\/wp-content\/uploads\/2019\/05\/IC-FELTRE-Italia-Nostra-4-1-300x225.jpg\" alt=\"\" width=\"183\" height=\"137\" srcset=\"https:\/\/www.radiopiu.net\/wordpress\/wp-content\/uploads\/2019\/05\/IC-FELTRE-Italia-Nostra-4-1-300x225.jpg 300w, https:\/\/www.radiopiu.net\/wordpress\/wp-content\/uploads\/2019\/05\/IC-FELTRE-Italia-Nostra-4-1-768x576.jpg 768w, https:\/\/www.radiopiu.net\/wordpress\/wp-content\/uploads\/2019\/05\/IC-FELTRE-Italia-Nostra-4-1-1024x768.jpg 1024w\" sizes=\"auto, (max-width: 183px) 100vw, 183px\" \/><\/a><a class=\"dt-pswp-item\" href=\"http:\/\/www.radiopiu.net\/wordpress\/wp-content\/uploads\/2019\/05\/IC-FELTRE-Premiati-Italia-Nostra-1.jpg\" data-dt-img-description=\"\" data-large_image_width=\"1600\" data-large_image_height=\"736\"><img loading=\"lazy\" decoding=\"async\" class=\"alignnone size-medium wp-image-86888\" src=\"http:\/\/www.radiopiu.net\/wordpress\/wp-content\/uploads\/2019\/05\/IC-FELTRE-Premiati-Italia-Nostra-1-300x138.jpg\" alt=\"\" width=\"300\" height=\"138\" srcset=\"https:\/\/www.radiopiu.net\/wordpress\/wp-content\/uploads\/2019\/05\/IC-FELTRE-Premiati-Italia-Nostra-1-300x138.jpg 300w, https:\/\/www.radiopiu.net\/wordpress\/wp-content\/uploads\/2019\/05\/IC-FELTRE-Premiati-Italia-Nostra-1-768x353.jpg 768w, https:\/\/www.radiopiu.net\/wordpress\/wp-content\/uploads\/2019\/05\/IC-FELTRE-Premiati-Italia-Nostra-1-1024x471.jpg 1024w, https:\/\/www.radiopiu.net\/wordpress\/wp-content\/uploads\/2019\/05\/IC-FELTRE-Premiati-Italia-Nostra-1.jpg 1600w\" sizes=\"auto, (max-width: 300px) 100vw, 300px\" \/><\/a><a class=\"dt-pswp-item\" href=\"http:\/\/www.radiopiu.net\/wordpress\/wp-content\/uploads\/2019\/05\/IC-FELTRE-Italia-Nostra-5-1.jpg\" data-dt-img-description=\"\" data-large_image_width=\"3648\" data-large_image_height=\"2736\"><img loading=\"lazy\" decoding=\"async\" class=\"alignnone size-medium wp-image-86889\" src=\"http:\/\/www.radiopiu.net\/wordpress\/wp-content\/uploads\/2019\/05\/IC-FELTRE-Italia-Nostra-5-1-300x225.jpg\" alt=\"\" width=\"300\" height=\"225\" srcset=\"https:\/\/www.radiopiu.net\/wordpress\/wp-content\/uploads\/2019\/05\/IC-FELTRE-Italia-Nostra-5-1-300x225.jpg 300w, https:\/\/www.radiopiu.net\/wordpress\/wp-content\/uploads\/2019\/05\/IC-FELTRE-Italia-Nostra-5-1-768x576.jpg 768w, https:\/\/www.radiopiu.net\/wordpress\/wp-content\/uploads\/2019\/05\/IC-FELTRE-Italia-Nostra-5-1-1024x768.jpg 1024w\" sizes=\"auto, (max-width: 300px) 100vw, 300px\" \/><\/a><a class=\"dt-pswp-item\" href=\"http:\/\/www.radiopiu.net\/wordpress\/wp-content\/uploads\/2019\/05\/IC-Feltre-Italia-Nostra-Belluno-Premiati.jpg\" data-dt-img-description=\"\" data-large_image_width=\"3264\" data-large_image_height=\"2448\"><img loading=\"lazy\" decoding=\"async\" class=\"alignnone size-medium wp-image-86890\" src=\"http:\/\/www.radiopiu.net\/wordpress\/wp-content\/uploads\/2019\/05\/IC-Feltre-Italia-Nostra-Belluno-Premiati-300x225.jpg\" alt=\"\" width=\"300\" height=\"225\" srcset=\"https:\/\/www.radiopiu.net\/wordpress\/wp-content\/uploads\/2019\/05\/IC-Feltre-Italia-Nostra-Belluno-Premiati-300x225.jpg 300w, https:\/\/www.radiopiu.net\/wordpress\/wp-content\/uploads\/2019\/05\/IC-Feltre-Italia-Nostra-Belluno-Premiati-768x576.jpg 768w, https:\/\/www.radiopiu.net\/wordpress\/wp-content\/uploads\/2019\/05\/IC-Feltre-Italia-Nostra-Belluno-Premiati-1024x768.jpg 1024w\" sizes=\"auto, (max-width: 300px) 100vw, 300px\" \/><\/a><\/p>\n<p>&nbsp;<\/p>\n<p>&nbsp;<\/p>\n<p>&nbsp;<\/p>\n<p>&nbsp;<\/p>\n<p class=\"western\"><b>SANITA\u2019.\u00a0 OGGI GIORNATA MONDIALE SENZA FUMO. ALLE 10.30 IN CONSIGLIO REGIONALE CIAMBETTI E LANZARIN PREMIANO CLASSI VENETE VINCITRICI DI CONCORSO EUROPEO \u201cSMOKE FREE CLASS COMPETITION\u201d<\/b><\/p>\n<p class=\"western\"><strong>VENEZIA\u00a0<\/strong> Saranno il Presidente del Consiglio regionale Roberto Ciambetti e l\u2019Assessore regionale alla Sanit\u00e0 Manuela Lanzarin a premiare le classi venete vincitrici del concorso \u201cSmoke Free Class Competition\u201d, un progetto europeo di promozione di uno stile di vita libero dal fumo in ambito scolastico. La premiazione si terr\u00e0\u00a0 alle 10.30 presso la sede del Consiglio regionale a Palazzo Ferro Fini a Venezia, in occasione della Giornata Mondiale Senza Fumo 2019. Al concorso hanno partecipato 25 scuole di primo e secondo grado di tutta la regione per un totale di 105 classi, con 2.143 studenti coinvolti.<\/p>\n<p>&nbsp;<\/p>\n<p>&nbsp;<\/p>\n<p>&nbsp;<\/p>\n<h3>AVANZO DI 33 MILIONI DI EURO PER LA PROVINCIA DI BELLUNO. BOTTACIN, \u201cPROVA EVIDENTE CHE LEGGE REGIONALE SU AUTONOMIA AMMINISTRATIVA \u00c8 AMPLIAMENTE APPLICATA\u201d<\/h3>\n<p><strong>VENEZIA\u00a0<\/strong> <em>\u201cDall\u2019approvazione del bilancio della Provincia di Belluno, aldil\u00e0 delle chiacchiere strumentali dei soliti noti, uno dei dati che emerge con assoluta chiarezza \u00e8 l\u2019ampia applicazione della Legge Regionale 25\/2014 sull&#8217;autonomia amministrativa\u201d.<\/em> Cos\u00ec Gianpaolo Bottacin, Assessore regionale con delega alla Specificit\u00e0 di Belluno, commenta l\u2019approvazione del bilancio dell\u2019ente provinciale bellunese dal quale emerge un avanzo di 33 milioni di euro. <em>\u201cTanti soldi che, per stessa dichiarazione dei vertici provinciali, saranno utilizzati per finanziare importanti interventi sul territorio \u2013 sottolinea l\u2019assessore &#8211; se tutto ci\u00f2 \u00e8 possibile lo si deve al fatto che, da tempo, la Regione ha avviato l\u2019autonomia garantendo ampie risorse all\u2019ente provincia, anche se quest\u2019ultima negli anni scorsi ne aveva dirottato parte per coprire i buchi causati dai gravi tagli statali. Sono, infatti, i trasferimenti di risorse regionali, che sono state triplicate, ma anche di personale ad aver permesso alla Provincia un\u2019ampia azione amministrativa. Basti pensare che tutto ci\u00f2 che viene ricavato dallo sfruttamento delle acque bellunesi rimane nelle casse della Provincia e non pi\u00f9 della Regione. Stiamo parlando perci\u00f2 di un vero esempio di autonomia applicata\u201d.<\/em><\/p>\n<p>&nbsp;<\/p>\n<p>&nbsp;<\/p>\n<p>&nbsp;<\/p>\n<h2>BOOM DI DOMANDE AI BANDI PROMOSSI DAL GAL PREALPI DOLOMITI<\/h2>\n<p><strong> <a class=\"dt-pswp-item\" href=\"http:\/\/www.radiopiu.net\/wordpress\/wp-content\/uploads\/2019\/05\/IMG_20190207_150800-1.jpg\" data-dt-img-description=\"\" data-large_image_width=\"5312\" data-large_image_height=\"2988\"><img loading=\"lazy\" decoding=\"async\" class=\" wp-image-86785 alignleft\" src=\"http:\/\/www.radiopiu.net\/wordpress\/wp-content\/uploads\/2019\/05\/IMG_20190207_150800-1-300x169.jpg\" alt=\"\" width=\"224\" height=\"126\" srcset=\"https:\/\/www.radiopiu.net\/wordpress\/wp-content\/uploads\/2019\/05\/IMG_20190207_150800-1-300x169.jpg 300w, https:\/\/www.radiopiu.net\/wordpress\/wp-content\/uploads\/2019\/05\/IMG_20190207_150800-1-768x432.jpg 768w, https:\/\/www.radiopiu.net\/wordpress\/wp-content\/uploads\/2019\/05\/IMG_20190207_150800-1-1024x576.jpg 1024w\" sizes=\"auto, (max-width: 224px) 100vw, 224px\" \/><\/a>SEDICO<\/strong> Successo oltre ogni aspettativa per i due bandi promossi dal GAL Prealpi e Dolomiti nei mesi scorsi e rivolti, nel primo caso, ad imprese agricole che intendono ampliare e diversificare la propria attivit\u00e0 e, nel secondo, alle micro e piccole imprese non agricole che vogliono cimentarsi nella creazione e nello sviluppo di attivit\u00e0 nelle aree rurali rivolte, principalmente, alla dimensione dell\u2019accoglienza turistica. Nei giorni scorsi sono scaduti i termini per la presentazione delle domande: ebbene, sono oltre 70 quelle pervenute negli uffici dell\u2019ente e ritenute ammissibili, per un controvalore complessivo di investimenti progettati di quasi 7 milioni e contributi richiesti per quasi 3 milioni e mezzo di euro.<\/p>\n<p>AI MICROFONI DI RADIO PIU\u00a0 il direttore del GAL Matteo Aguanno.<\/p>\n<audio class=\"wp-audio-shortcode\" id=\"audio-86870-7\" preload=\"none\" style=\"width: 100%;\" controls=\"controls\"><source type=\"audio\/mpeg\" src=\"http:\/\/www.radiopiu.net\/wordpress\/wp-content\/uploads\/2019\/05\/AGUANNO.mp3?_=7\" \/><a href=\"http:\/\/www.radiopiu.net\/wordpress\/wp-content\/uploads\/2019\/05\/AGUANNO.mp3\">http:\/\/www.radiopiu.net\/wordpress\/wp-content\/uploads\/2019\/05\/AGUANNO.mp3<\/a><\/audio>\n<p>&nbsp;<\/p>\n<p>&nbsp;<\/p>\n<p>&nbsp;<\/p>\n<p>&nbsp;<\/p>\n<div class=\"page-title-head hgroup\">\n<h3 class=\"entry-title\">BELLUNESI NEL MONDO IN LUTTO PER LA SCOMPARSA DI ELISA DALLA CORTE<\/h3>\n<\/div>\n<div class=\"page-title-breadcrumbs\">\n<blockquote><p><em>L\u2019Associazione Bellunesi nel Mondo \u00e8 vicina al suo presidente onorario Vincenzo Barcelloni Corte Questa mattina \u00e8 mancata sua moglie Elisa Dalla Corte<\/em><\/p><\/blockquote>\n<p lang=\"it-IT\" align=\"JUSTIFY\"><span style=\"color: #000000;\"><span style=\"font-family: Helvetica, sans-serif;\"><span style=\"font-size: medium;\"><span style=\"font-size: small;\"><strong><a class=\"dt-pswp-item\" href=\"http:\/\/www.radiopiu.net\/wordpress\/wp-content\/uploads\/2019\/05\/elisa_dalla_corte.jpg\" data-dt-img-description=\"\" data-large_image_width=\"277\" data-large_image_height=\"343\"><img loading=\"lazy\" decoding=\"async\" class=\" wp-image-86867 alignleft\" src=\"http:\/\/www.radiopiu.net\/wordpress\/wp-content\/uploads\/2019\/05\/elisa_dalla_corte-242x300.jpg\" alt=\"\" width=\"193\" height=\"239\" srcset=\"https:\/\/www.radiopiu.net\/wordpress\/wp-content\/uploads\/2019\/05\/elisa_dalla_corte-242x300.jpg 242w, https:\/\/www.radiopiu.net\/wordpress\/wp-content\/uploads\/2019\/05\/elisa_dalla_corte.jpg 277w\" sizes=\"auto, (max-width: 193px) 100vw, 193px\" \/><\/a>BELLUNO<\/strong><em>\u00abCon l\u2019avanzare degli anni mi sono sentito come un grande albero in una foresta di abeti: sempre pi\u00f9 solo vedendo via via cadere attorno a me, ad uno ad uno, tanti alberi amici di una vita. Ora \u00e8 caduta la pianta, che per tanti anni mi \u00e8 stata vicina e mi ha aiutato a vincere i venti e le tempeste pi\u00f9 difficili. Lo schianto \u00e8 terribile, ma mi sorregge la gioia per l\u2019amore e per il sorriso donato e ricevuto\u00bb.<\/em> Sono le parole di Vincenzo Barcelloni Corte, presidente onorario dell\u2019Associazione Bellunesi nel Mondo. Questa mattina, dopo breve malattia, \u00e8 venuta a mancare sua moglie Elisa Dalla Corte. Aveva 84 anni. <\/span><\/span><\/span><\/span><span style=\"color: #000000;\"><span style=\"font-family: Helvetica, sans-serif;\"><span style=\"font-size: small;\">Una notizia che rattrista l\u2019Abm. L\u2019associazione da lui fondata nel 1966 e che ha guidato per quindici anni. \u00abIl Direttivo, tutte le Famiglie dell\u2019estero, d\u2019Italia ed Ex emigranti, il personale e tutti il collaboratori sono vicini a Vincenzo e alla sua famiglia in questo momento di dolore\u00bb, le parole del Presidente Abm Oscar De Bona, che vuole sottolineare come <em>\u00abElisa fosse una donna dalle grandi virt\u00f9, vicina al suo Vincenzo e al mondo del volontariato. Una vera signora, che con eleganza e discrezione ha condiviso la passione e l\u2019amore di suo marito verso l\u2019Associazione Bellunesi nel Mondo\u00bb<\/em>. E proprio assieme a Vincenzo partecip\u00f2 al 50.mo dell\u2019Abm. <\/span><\/span><\/span><span style=\"color: #000000;\"><span style=\"font-family: Helvetica, sans-serif;\"><span style=\"font-size: small;\">Parole di commiato stanno arrivando da tutto il mondo e il gonfalone della Casa madre non mancher\u00e0, come segno di vicinanza al suo presidente onorario, in occasione dei funerali che saranno celebrati nella giornata di sabato 1 giugno, alle ore 15.30, nel Duomo di Belluno.<\/span><\/span><\/span><\/p>\n<\/div>\n<blockquote>\n<p lang=\"it-IT\" align=\"JUSTIFY\">\n<\/blockquote>\n<h2 lang=\"it-IT\" align=\"JUSTIFY\">IL RICORDO DEL SINDACO ZORTEA<\/h2>\n<p><strong>FELTRE\u00a0<\/strong> La Direzione Generale dell\u2019Ulss Dolomiti ricorda, con stima, il sindaco di Canal san Bovo, Luigi Zortea, a 10 anni dalla tragica scomparsa in mare a bordo di un aereo di ritorno da una missione umanitaria in Brasile. Assessore alla sanit\u00e0 al comprensorio di Primiero, sindaco di Canal San Bovo per tre legislature, a lui si devono l\u2019idea e l\u2019impegno che hanno portato alla convezione tra la Regione del Veneto e la Provincia Autonoma di Trento per l\u2019assistenza sanitaria ai residenti della Valle del Primiero e del Vanoi all\u2019ospedale di Feltre che si \u00e8 poi consolidata nel corso degli anni fino al riconoscimento del riferimento extraregionale per il nosocomio Feltrino con posti letto dedicati aggiuntivi per il Primiero. A Zortea, inoltre, \u00e8 stato dedicato , nel 2014, l\u2019ampliamento dell\u2019Hospice \u201cLe vette\u201d realizzato con il contributo della Comunit\u00e0 di Primiero.<\/p>\n<p>&nbsp;<\/p>\n<p>&nbsp;<\/p>\n<p>&nbsp;<\/p>\n<h2>DOMANI\u00a0 A BELLUNO L&#8217;INIZIATIVA PER PRESENTARE IL MEETING PER L&#8217;AMICIZIA TRA I POPOLI 2019<\/h2>\n<p><strong><a class=\"dt-pswp-item\" href=\"http:\/\/www.radiopiu.net\/wordpress\/wp-content\/uploads\/2019\/05\/MEET_THE_MEETING-bottiglia-fondo.jpg\" data-dt-img-description=\"\" data-large_image_width=\"269\" data-large_image_height=\"700\"><img loading=\"lazy\" decoding=\"async\" class=\" wp-image-86886 alignleft\" src=\"http:\/\/www.radiopiu.net\/wordpress\/wp-content\/uploads\/2019\/05\/MEET_THE_MEETING-bottiglia-fondo-115x300.jpg\" alt=\"\" width=\"56\" height=\"146\" srcset=\"https:\/\/www.radiopiu.net\/wordpress\/wp-content\/uploads\/2019\/05\/MEET_THE_MEETING-bottiglia-fondo-115x300.jpg 115w, https:\/\/www.radiopiu.net\/wordpress\/wp-content\/uploads\/2019\/05\/MEET_THE_MEETING-bottiglia-fondo.jpg 269w\" sizes=\"auto, (max-width: 56px) 100vw, 56px\" \/><\/a>BELLUNO<\/strong> Domani anche Belluno ospiter\u00e0 \u201cMeet the Meeting\u201d, un evento per presentare, far conoscere e sostenere il Meeting per l\u2019amicizia fra i popoli che da quarant\u2019anni rappresenta un&#8217;opportunit\u00e0 di dialogo e di incontro tra persone e popoli, e che quest\u2019anno si terr\u00e0 da domenica 18 a sabato 24 agosto nella Fiera di Rimini, con il titolo \u201cNacque il tuo nome da ci\u00f2 che fissavi\u201d. L&#8217;appuntamento bellunese \u00e8 fissato dalle 10 alle 18 in Piazza dei martiri, in corrispondenza della chiesetta di San Rocco: qui sar\u00e0 allestito un gazebo per raccogliere fondi a sostegno del Meeting, presentare l\u2019evento e invitare tutti alla prossima edizione.\u00a0Il Meeting per l\u2019amicizia fra i popoli nasce nel 1980 da un gruppo di amici di Rimini, che condividevano l\u2019esperienza cristiana. La manifestazione conta in media 800 mila presenze agli eventi, ed \u00e8 realizzata\u00a0 da oltre tremila volontari,\u00a0 testimonianza impressionante di creativit\u00e0 e gratuit\u00e0.<\/p>\n<p>&nbsp;<\/p>\n<p>&nbsp;<\/p>\n<p>&nbsp;<\/p>\n<p>&nbsp;<\/p>\n<h2 lang=\"it-IT\" align=\"JUSTIFY\">UN FIORE ROSSO LA 13^\u00a0 PEDONATA DELL&#8217;ADOS CORTINA<\/h2>\n<blockquote>\n<p lang=\"it-IT\" align=\"JUSTIFY\">Non ci sar\u00e0 nessun palloncino rosa le organizzatrici hanno deciso di non acquistare n\u00e9 i palloncini n\u00e9 il gas l&#8217;elio per farli andare verso il cielo&#8221;. <em>Decisione sofferta ma facile da prendere considerate lo stato del nostro povero Ambiente&#8221;.<\/em><\/p>\n<p lang=\"it-IT\" style=\"text-align: left;\" align=\"JUSTIFY\"><a class=\"dt-pswp-item\" href=\"http:\/\/www.radiopiu.net\/wordpress\/wp-content\/uploads\/2019\/05\/2019-LOCANDINA.jpg\" data-dt-img-description=\"\" data-large_image_width=\"3945\" data-large_image_height=\"8197\"><img loading=\"lazy\" decoding=\"async\" class=\" wp-image-86873 alignleft\" src=\"http:\/\/www.radiopiu.net\/wordpress\/wp-content\/uploads\/2019\/05\/2019-LOCANDINA-144x300.jpg\" alt=\"\" width=\"127\" height=\"265\" srcset=\"https:\/\/www.radiopiu.net\/wordpress\/wp-content\/uploads\/2019\/05\/2019-LOCANDINA-144x300.jpg 144w, https:\/\/www.radiopiu.net\/wordpress\/wp-content\/uploads\/2019\/05\/2019-LOCANDINA-768x1596.jpg 768w, https:\/\/www.radiopiu.net\/wordpress\/wp-content\/uploads\/2019\/05\/2019-LOCANDINA-493x1024.jpg 493w\" sizes=\"auto, (max-width: 127px) 100vw, 127px\" \/><\/a><\/p>\n<\/blockquote>\n<p lang=\"it-IT\" align=\"JUSTIFY\"><strong>PIEVE DI CADORE<\/strong> Domenica\u00a0 pedonata non competitiva &#8220;Un Fiore Rosso&#8221; in piazza Tiziano a Pieve di Cadore, partenza delle donne alle \u00a010, comunque molto colorata anche senza i palloncini poich\u00e9 le magliette che indosseranno saranno di un bel color corallo, disponibili anche nel luogo della partenza. Anche questa 13\u00b0 edizione della pedonata Un Fiore Rosso \u00e8 dedicata alla salute delle donne ed in particolare alla prevenzione del cancro al seno. Organizzazione dell&#8217;ADOS Cortina Cadore Comelico <a class=\"dt-pswp-item\" href=\"http:\/\/www.radiopiu.net\/wordpress\/wp-content\/uploads\/2019\/05\/20170602-3.jpg\" data-dt-img-description=\"\" data-large_image_width=\"2048\" data-large_image_height=\"1365\"><img loading=\"lazy\" decoding=\"async\" class=\"size-medium wp-image-86871 alignright\" src=\"http:\/\/www.radiopiu.net\/wordpress\/wp-content\/uploads\/2019\/05\/20170602-3-300x200.jpg\" alt=\"\" width=\"300\" height=\"200\" srcset=\"https:\/\/www.radiopiu.net\/wordpress\/wp-content\/uploads\/2019\/05\/20170602-3-300x200.jpg 300w, https:\/\/www.radiopiu.net\/wordpress\/wp-content\/uploads\/2019\/05\/20170602-3-768x512.jpg 768w, https:\/\/www.radiopiu.net\/wordpress\/wp-content\/uploads\/2019\/05\/20170602-3-1024x683.jpg 1024w, https:\/\/www.radiopiu.net\/wordpress\/wp-content\/uploads\/2019\/05\/20170602-3.jpg 2048w\" sizes=\"auto, (max-width: 300px) 100vw, 300px\" \/><\/a>che da tanti anni\u00a0 agisce in favore delle donne anche per merito del ricavato di questa importante manifestazione. <em>&#8220;Merito della buona volont\u00e0 di tante persone che hanno capito l&#8217;importanza dello stare bene insieme&#8221;<\/em> dice la Presidente di ADOS Benvenuta Celotta.\u00a0 Le penne nere capitanate dal Capo gruppo Stefano Del Favero offriranno una buona pastasciutta. Il grazie alle Donne Operate al Seno Cortina Cadore Comelico le cui volontarie si impegnano fortemente per il raggiungimento degli scopi statutari&#8230;.cos\u00ec tutto \u00e8 facile e divertente.<\/p>\n<blockquote>\n<p lang=\"it-IT\" align=\"JUSTIFY\">\n<\/blockquote>\n<h1><\/h1>\n<h1><\/h1>\n<blockquote>\n<h1><\/h1>\n<\/blockquote>\n<h1>EL BON DE L&#8217;ANSUDA, FESTA DI PRIMAVERA<\/h1>\n<p><strong><a class=\"dt-pswp-item\" href=\"http:\/\/www.radiopiu.net\/wordpress\/wp-content\/uploads\/2019\/05\/locandina-el-bon-de-lansuda-2019.jpg\" data-dt-img-description=\"\" data-large_image_width=\"1754\" data-large_image_height=\"2480\"><img loading=\"lazy\" decoding=\"async\" class=\" wp-image-86949 alignleft\" src=\"http:\/\/www.radiopiu.net\/wordpress\/wp-content\/uploads\/2019\/05\/locandina-el-bon-de-lansuda-2019-212x300.jpg\" alt=\"\" width=\"223\" height=\"316\" srcset=\"https:\/\/www.radiopiu.net\/wordpress\/wp-content\/uploads\/2019\/05\/locandina-el-bon-de-lansuda-2019-212x300.jpg 212w, https:\/\/www.radiopiu.net\/wordpress\/wp-content\/uploads\/2019\/05\/locandina-el-bon-de-lansuda-2019-768x1086.jpg 768w, https:\/\/www.radiopiu.net\/wordpress\/wp-content\/uploads\/2019\/05\/locandina-el-bon-de-lansuda-2019-724x1024.jpg 724w, https:\/\/www.radiopiu.net\/wordpress\/wp-content\/uploads\/2019\/05\/locandina-el-bon-de-lansuda-2019.jpg 1754w\" sizes=\"auto, (max-width: 223px) 100vw, 223px\" \/><\/a>FALCADE<\/strong> L\u2019ansuda, nell\u2019antica lingua ladina, \u00e8 la primavera e proprio alla stagione del risveglio \u00e8 dedicata la festa El bon de l\u2019ansuda &#8211; festa di primavera che si svolger\u00e0 a Falcade in provincia di Belluno, tra le Dolomiti patrimonio dell\u2019umanit\u00e0, l\u20191 e 2 giugno 2019. Per gli abitanti delle Dolomiti la primavera ha sempre avuto un significato speciale, dopo i lunghi mesi segnati dalla neve il disgelo sanciva il momento del ritorno all\u2019aria aperta e al lavoro a contatto con la terra. Anche le erbe spontanee, di cui sono ricchi i prati, erano un elemento fondamentale nella cucina alpina e proprio alle piante dei prati e ai fiori \u00e8 dedicato questo weekend di festa in cui le erbe saranno protagoniste nella cucina dei ristoranti, nelle passeggiate didattiche e nei laboratori di cosmesi naturale e di cucina. Saranno due giorni di festa per grandi e per bambini in cui riscoprire il contatto con la natura, con lo stare all\u2019aria aperta, rivivendo i piccoli gesti della tradizione dolomitica. L\u2019iniziativa \u00e8 nata dell\u2019associazione albergatori, ristoratori e rifugi della Valle del Biois e ha trovato da subito un grande appoggio nei commercianti e nella scuola sci. Sabato 1 e domenica 2 giugno i ristoranti di Falcade proporranno dei men\u00f9 a base di erbe spontanee, si pu\u00f2 trovare la lista dei locali aderenti ed i men\u00f9 proposti sulla pagina facebook El bon de l\u2019ansuda. Sulla Piana, il grande spazio verde al centro del paese, ci sar\u00e0 il mercatino di soli prodotti bellunesi, saranno presenti aziende del territorio provinciale che proporranno prodotti agricoli e artigianali.\u00a0Per vivere appieno il contatto con la natura durante i due giorni di festa si potr\u00e0 provare l\u2019esperienza di una passeggiata a cavallo circondati dalle bellissime cime dolomitiche o avventurarsi in mountain bike o e-bike tra boschi e sentieri accompagnati dalle guide di Dolomiti sport republik. La Valle del Biois offre tanto non solo per le bellezze naturali ma anche per l\u2019importante bagaglio culturale e per i personaggi a cui ha dato i natali. In questo weekend non si possono perdere le viste al museo di Papa Albino Luciani a Canale d\u2019Agordo, paese natale dell\u2019amato Papa del sorriso e al Museo Murer a Falcade che raccoglie le sculture, i dipinti e le opere del grande artista internazionale Augusto Murer oltre alle opere del degno figlio d\u2019arte Franco Murer. Il filo conduttore della festa \u00e8 la riscoperta delle erbe spontanee e proprio a loro \u00e8 dedicata la passeggiata didattica per saperle riconoscere ed utilizzare guidati da Ester Andrich, esperta forestale che da anni si occupa dell\u2019utilizzo delle piante negli usi domestici. Saranno due gli appuntamenti in questo weekend: sabato 1 giugno alle 14.30 e domenica 2 giugno alle 9.00 con prenotazioni presso la Proloco di Caviola al 0437 599062. Con le erbe spontanee Ester Andrich insegner\u00e0 anche a preparare unguenti, oleoliti e creme 100% naturali in un laboratorio presso l\u2019Hotel Stella Alpina di Falcade sabato 1 giugno alle 10.30. Sempre utilizzando le piante dei prati gli chef Sebastiano Saviane del ristorante La Nicchia di Belluno e Ivan Serafini dello Sport Hotel Cristal di Falcade insegneranno a creare piatti ricchi di gusto. Il laboratorio sar\u00e0 domenica 2 giugno alle ore 11.00 presso lo Sport Hotel Cristal di Falcade. Mentre i grandi parteciperanno ai laboratori con le erbe spontanee i pi\u00f9 piccoli potranno divertirsi negli incontri di lettura animata e di creativit\u00e0 manuale negli stessi orari e luoghi dei laboratori di cosmesi e di cucina. Dopo i terribili danni causati dalla tempesta Vaia alla fine dello scorso ottobre grande attenzione \u00e8 posta ai boschi e alla loro cura, sabato 1 giugno alle ore 9.00 Silvano Savio, ispettore della forestale in pensione, ci guider\u00e0 in una passeggiata in cui parler\u00e0 delle caratteristiche dei boschi dolomitici e nel pomeriggio, alle 16.30, illustrer\u00e0, con una dimostrazione pratica, il taglio di un albero con successiva squadratura a mano di una trave, tecnica utilizzata fino agli anni \u201960 per ricavare legno da costruzione. Il sabato sera della festa offre un aperitivo speciale in un location unica, dalle 18.00 in un antico fienile del centro storico di Falcade ci sar\u00e0 la degustazione N\u2019ombra a l\u2019ombr\u00eca dei tabi\u00e0 a cura del bar El Festil che proporr\u00e0 assaggi di vini della cantina feltrina Pian delle Vette, casa vincola che ha ricevuto numerosi premi soprattutto per l\u2019ottimo Pinot nero. Ad accompagnare i calici di vino ci saranno dei cicchetti preparati dalla macelleria Sperandio con delle tartare insaporite da erbe spontanee e dei crostini con ricotta locale. Per chiudere la serata in bellezza alle 21.00, nella sala consiliare del municipio di Falcade, Lucia Merlo presenter\u00e0 la sua guida che raccoglie venti itinerari lungo i sentieri dei pastori e dei soldati nella Valle di San Pellegrino. L\u2019appuntamento \u00e8 in collaborazione con la Scuola sci Equipe. Domenica 2 giugno sar\u00e0 sempre all\u2019insegna del contatto con le Dolomiti e questa volta con i suoi aspetti geologici che le hanno valso l\u2019attribuzione di bene patrimonio dell\u2019umanit\u00e0. Alle 14.30 ci sar\u00e0 la passeggiata lungo il sentiero geologico di Falcade, itinerario unico tra le Dolomiti per le sue caratteristiche geologiche, accompagnati da due guide d\u2019eccezione: il geologo Vittorio Fenti, massimo esperto delle rocce delle Dolomiti e Mauro Valt, tecnico del centro meteorologico, esperto di neve e ghiacciai. Concluder\u00e0 il weekend l\u2019appuntamento con le api, bene preziosissimo a cui si deve prestare grande attenzione. Alle 15.30 presso il ristorante l\u2019Aivaz, sulla Piana di Falcade, Apidolomiti, la cooperativa degli apicoltori bellunesi, dar\u00e0 dimostrazione delle tecniche di apicoltura e illustrer\u00e0 l\u2019importanza di questi insetti per l\u2019ecosistema. Il miele bellunese \u00e8 uno dei pochi in Italia ad avere il riconoscimento DOP e ad avere cos\u00ec tante variet\u00e0 certificate. Tutte le attivit\u00e0 sono ad ingresso gratuito, si richiede un contributo di 10 \u20ac solamente per i laboratori di cosmesi naturale, cucina con le erbe e per la passeggiata didattica. Per la degustazione N\u2019ombra a l\u2019ombria dei tabi\u00e0 \u00e8 richiesto un contributo di 15 \u20ac. Le informazioni e le prenotazioni dei laboratori sono disponibili presso la Proloco di Caviola al numero 0437 599062 o proloco.caviola@libero.it. Tutte le informazioni sono presenti anche sulla pagina facebook El bon de l\u2018ansuda.<\/p>\n<p>&nbsp;<\/p>\n<blockquote><p>&nbsp;<\/p><\/blockquote>\n<h3 lang=\"it-IT\" align=\"JUSTIFY\"><\/h3>\n<h3 lang=\"it-IT\" align=\"JUSTIFY\"><\/h3>\n<blockquote><p>&nbsp;<\/p>\n<h3 lang=\"it-IT\" align=\"JUSTIFY\">INCONTRO SUL RAPPORTO UOMO-CANE &#8211; AGORDO 8 GIUGNO &#8211; INTERVISTA A CRISTIANO FANT &#8211; Ass. Siamo tutti animali Belluno<\/h3>\n<\/blockquote>\n<p><strong><a class=\"dt-pswp-item\" href=\"http:\/\/www.radiopiu.net\/wordpress\/wp-content\/uploads\/2019\/05\/fant-ok.jpg\" data-dt-img-description=\"\" data-large_image_width=\"1370\" data-large_image_height=\"844\"><img loading=\"lazy\" decoding=\"async\" class=\" wp-image-86910 alignleft\" src=\"http:\/\/www.radiopiu.net\/wordpress\/wp-content\/uploads\/2019\/05\/fant-ok-300x185.jpg\" alt=\"\" width=\"235\" height=\"145\" srcset=\"https:\/\/www.radiopiu.net\/wordpress\/wp-content\/uploads\/2019\/05\/fant-ok-300x185.jpg 300w, https:\/\/www.radiopiu.net\/wordpress\/wp-content\/uploads\/2019\/05\/fant-ok-768x473.jpg 768w, https:\/\/www.radiopiu.net\/wordpress\/wp-content\/uploads\/2019\/05\/fant-ok-1024x631.jpg 1024w, https:\/\/www.radiopiu.net\/wordpress\/wp-content\/uploads\/2019\/05\/fant-ok.jpg 1370w\" sizes=\"auto, (max-width: 235px) 100vw, 235px\" \/><\/a>AGORDO <\/strong>E\u2019 fissato per il pomeriggio dell\u20198 giugno alle 16 in sala Don Tamis l\u2019appuntamento con Agordino dove rinascono le Dolomiti che propone un incontro rivolto alla popolazione tutta, sul rapporto uomo cane e sulle sue problematiche. Dopo il caso del cane Kaos ucciso in un parcheggio ad Agordo si sta sviluppando un po\u2019 una psicosi da pittbull, paura che deve essere fugata dalle parole degli esperti che spieghino quali sono i fattori che portano all\u2019aggressivit\u00e0 dei cani e che diano delle indicazioni su cosa fare con cane \u00e8 aggressivo, come rieducarlo e farsi aiutare. Agordino dove rinascono le Dolomiti si \u00e8 voluta occupare di questa vicenda perch\u00e9 l\u2019associazione \u00e8 nata per promuovere il territorio agordino, e questo vuol dire anche creare conoscenza e coscienza sul rapporto tra l&#8217;uomo e gli animali perch\u00e8 condividono la vita e il l\u2019ambiente urbano.<br \/>\nIn audio: Cristiano Fant:<\/p>\n<audio class=\"wp-audio-shortcode\" id=\"audio-86870-8\" preload=\"none\" style=\"width: 100%;\" controls=\"controls\"><source type=\"audio\/mpeg\" src=\"http:\/\/www.radiopiu.net\/wordpress\/wp-content\/uploads\/2019\/05\/audio-fant.mp3?_=8\" \/><a href=\"http:\/\/www.radiopiu.net\/wordpress\/wp-content\/uploads\/2019\/05\/audio-fant.mp3\">http:\/\/www.radiopiu.net\/wordpress\/wp-content\/uploads\/2019\/05\/audio-fant.mp3<\/a><\/audio>\n<p>&nbsp;<\/p>\n<p>&nbsp;<\/p>\n<p>&nbsp;<\/p>\n<p>&nbsp;<\/p>\n<h2>FESTIVAL DELLO SVILUPPO SOSTENIBILE<\/h2>\n<p><strong><a class=\"dt-pswp-item\" href=\"http:\/\/www.radiopiu.net\/wordpress\/wp-content\/uploads\/2018\/12\/ddolomiti.jpg\" data-dt-img-description=\"\" data-large_image_width=\"600\" data-large_image_height=\"600\"><img loading=\"lazy\" decoding=\"async\" class=\" wp-image-69474 alignleft\" src=\"http:\/\/www.radiopiu.net\/wordpress\/wp-content\/uploads\/2018\/12\/ddolomiti-300x300.jpg\" alt=\"\" width=\"159\" height=\"159\" srcset=\"https:\/\/www.radiopiu.net\/wordpress\/wp-content\/uploads\/2018\/12\/ddolomiti-300x300.jpg 300w, https:\/\/www.radiopiu.net\/wordpress\/wp-content\/uploads\/2018\/12\/ddolomiti-150x150.jpg 150w, https:\/\/www.radiopiu.net\/wordpress\/wp-content\/uploads\/2018\/12\/ddolomiti.jpg 600w\" sizes=\"auto, (max-width: 159px) 100vw, 159px\" \/><\/a>BELLUNO<\/strong> Si svolger\u00e0 martedi 4 giugno alle 18:30 nella Sala Bianchi del Centro Giovanni XXIII a Belluno il workshop dal titolo \u201cI Custodi del Territorio: green economy e agricoltura di montagna sulle Dolomiti bellunesi\u201d, organizzato dal progetto \u201cDDolomiti-Custodi del Territorio\u201d nell\u2019ambito del \u201cFestival dello sviluppo sostenibile\u201d giunto alla terza edizione che si sviluppa con una serie di eventi in tutta Italia dal 21 maggio al 6 giugno e che rappresenta il contributo del nostro Paese alla \u201cSettimana europea dello sviluppo sostenibile\u201d.\u00a0 La serata avr\u00e0 una durata di circa 1 ora e 30, scandita anche da brevi spezzoni di documentario sulla cultura agricola della\u00a0 Provincia e da interventi di carattere scientifico riguardo l\u2019importanza dell\u2019agricoltura di montagna per le comunit\u00e0 Dolomitiche, per culminare alle ore 20 con una mini-degustazione con i prodotti delle 23 aziende agricole protagoniste. Sar\u00e0 presentata \u00a0\u201cLa Bottega dei Custodi del Territorio: la prima guida d\u2019eccellenza degli agricoltori Dolomitici\u201d. Per info www.ddolomiti.eu, pagina facebook : ddolomiti-custodi del territorio oppure 3519344810 (Paola)<\/p>\n<p>&nbsp;<\/p>\n<p>&nbsp;<\/p>\n<p>&nbsp;<\/p>\n<h3 lang=\"it-IT\" align=\"JUSTIFY\">AI MAESTRI LAMBERTO ED EDOARDO LA SERATA ALL&#8217;INSEGNA DELLA MEMORIA E RICORDO<\/h3>\n<p><strong>BELLUNO\u00a0<\/strong> Un evento ricordo di due protagonisti del mondo corale bellunese dei decenni scorsi, si terr\u00e0 domenica\u00a0 alle 20.45, al Teatro Comunale di Belluno per l\u2019organizzazione del Coro Minimo Bellunese presieduto da Giorgio Dal Farra. L\u2019occasione \u00e8 data da due ricorrenze: quest\u2019anno, infatti, cade il 25\u00b0 anniversario della scomparsa di Lamberto Pietrop\u00f2li e il 20\u00b0 di quella di Edoardo G\u00e0zzera. Il primo fu il fondatore ed il primo maestro dello stesso coro organizzatore, mentre il secondo ne raccolse il testimone e diresse il complesso canoro cittadino per oltre 30 anni. Alla manifestazione hanno aderito, e saranno presenti con i canti del loro repertorio, altre tre cori della provincia di Belluno che mantennero sempre costanti rapporti di collaborazione con Pietrop\u00f2li, adottandone spesso le sapienti armonizzazioni, e poterono usufruire dei consigli di G\u00e0zzera nel segno di altrettanto spirito collaborativo: il Coro Minimo Bellunese,\u00a0 diretto da Gianluca Nicolai,\u00a0 il Coro Sanvito di S. Vito di Cadore, diretto da Klaus Cordella; il Coro Peralba di Campolongo di Cadore, diretto da Andrea Musio; il Coro Agordo, diretto da Roberta Conedera. Nel corso del concerto &#8211; ad ingresso libero &#8211; saranno illustrate alcune note biografiche di Pietrop\u00f2li e G\u00e0zzera con l\u2019ausilio di materiale visivo e per la conduzione di Dino Bridda. Per l\u2019occasione la Radio ABM trasmetter\u00e0 l\u2019evento in diretta radio mondiale.<\/p>\n<p>&nbsp;<\/p>\n<p>&nbsp;<\/p>\n<p>&nbsp;<\/p>\n<h3>FELTRE START LAB Aperto il concorso di idee<\/h3>\n<p><strong><a class=\"dt-pswp-item\" href=\"http:\/\/www.radiopiu.net\/wordpress\/wp-content\/uploads\/2019\/05\/61314474_10158560398525550_4973936762901495808_n.jpg\" data-dt-img-description=\"\" data-large_image_width=\"960\" data-large_image_height=\"720\"><img loading=\"lazy\" decoding=\"async\" class=\" wp-image-86898 alignleft\" src=\"http:\/\/www.radiopiu.net\/wordpress\/wp-content\/uploads\/2019\/05\/61314474_10158560398525550_4973936762901495808_n-300x225.jpg\" alt=\"\" width=\"237\" height=\"178\" srcset=\"https:\/\/www.radiopiu.net\/wordpress\/wp-content\/uploads\/2019\/05\/61314474_10158560398525550_4973936762901495808_n-300x225.jpg 300w, https:\/\/www.radiopiu.net\/wordpress\/wp-content\/uploads\/2019\/05\/61314474_10158560398525550_4973936762901495808_n-768x576.jpg 768w, https:\/\/www.radiopiu.net\/wordpress\/wp-content\/uploads\/2019\/05\/61314474_10158560398525550_4973936762901495808_n.jpg 960w\" sizes=\"auto, (max-width: 237px) 100vw, 237px\" \/><\/a>FELTRE<\/strong> Ventunmila euro e tre percorsi di accompagnamento. Sono questi i premi in palio nel concorso di idee Feltre Start Lab per far nascere nuove imprese sul territorio cittadino. Con Feltre start lab il Comune di Feltre, con il sostegno di Cariverona e il supporto tecnico di Impact Hub Trentino, intende promuovere l\u2019imprenditorialit\u00e0, facendo emergere idee d\u2019impresa da parte dei giovani del territorio. Il programma di accompagnamento imprenditoriale vede gi\u00e0 impegnati 30 ragazzi in un laboratorio di impresa &#8211; che unisce momenti formativi e testimonianze di imprenditori &#8211; e lancia ora anche un concorso di idee. Il contest \u00e8 dedicato a chi ha un&#8217;idea o un progetto imprenditoriale interessante da sviluppare e andr\u00e0 a premiare le 3 migliori proposte. I vincitori potranno usufruire di una dotazione economica del valore di 7.000 euro in beni e servizi per sostenere i costi d\u2019avviamento, e di un percorso di accompagnamento per implementare e sviluppare l&#8217;idea d\u2019impresa. Possono partecipare singoli e gruppi residenti e\/o domiciliati nel territorio di competenza del Comune di Feltre. Saranno ammessi anche soggetti non residenti nel territorio del Comune di Feltre purch\u00e9 l\u2019idea\/impresa venga realizzata nel medesimo territorio che dovranno descrivere l\u2019idea imprenditoriale entro il 30 giugno 2019.<\/p>\n<p>&nbsp;<\/p>\n<p>&nbsp;<\/p>\n<p>&nbsp;<\/p>\n<h3>SON TORNA&#8217; DALL&#8217;ALDILA&#8217;, DOMANI SI REPLICA<\/h3>\n<p><strong><a class=\"dt-pswp-item\" href=\"http:\/\/www.radiopiu.net\/wordpress\/wp-content\/uploads\/2019\/05\/Manifesto-Son-torn\u00e0-dallaldil\u00e0.jpg\" data-dt-img-description=\"\" data-large_image_width=\"1600\" data-large_image_height=\"899\"><img loading=\"lazy\" decoding=\"async\" class=\" wp-image-86899 alignleft\" src=\"http:\/\/www.radiopiu.net\/wordpress\/wp-content\/uploads\/2019\/05\/Manifesto-Son-torn\u00e0-dallaldil\u00e0-300x169.jpg\" alt=\"\" width=\"240\" height=\"135\" srcset=\"https:\/\/www.radiopiu.net\/wordpress\/wp-content\/uploads\/2019\/05\/Manifesto-Son-torn\u00e0-dallaldil\u00e0-300x169.jpg 300w, https:\/\/www.radiopiu.net\/wordpress\/wp-content\/uploads\/2019\/05\/Manifesto-Son-torn\u00e0-dallaldil\u00e0-768x432.jpg 768w, https:\/\/www.radiopiu.net\/wordpress\/wp-content\/uploads\/2019\/05\/Manifesto-Son-torn\u00e0-dallaldil\u00e0-1024x575.jpg 1024w, https:\/\/www.radiopiu.net\/wordpress\/wp-content\/uploads\/2019\/05\/Manifesto-Son-torn\u00e0-dallaldil\u00e0.jpg 1600w\" sizes=\"auto, (max-width: 240px) 100vw, 240px\" \/><\/a>BELLUNO<\/strong> Si terr\u00e0 domani alle 20.30 al Teatro Comunale di Belluno la replica dello spettacolo \u201cSon torn\u00e0 dall&#8217;aldil\u00e0\u201d, che lo scorso 11 maggio ha visto registrare il tutto esaurito. L&#8217;evento, organizzato dalla Compagnia del Sorriso di Salce, permetter\u00e0 di raccogliere fondi da destinare ai Comuni di Belluno e di Rocca Pietore, gravemente colpiti dalla tempesta Vaia di fine ottobre. Alla \u201cprima\u201d dello spettacolo, tratta dall\u2019opera originale di Antonella Zucchini \u201cMissione dal Paradiso\u201d e liberamente riarrangiata e riprodotta in dialetto bellunese, in poche ore erano stati venduti tutti i biglietti: questa sar\u00e0 quindi l&#8217;occasione, per chi non ha potuto essere presente all&#8217;evento di met\u00e0 maggio, per assistere all&#8217;opera e per fare del bene. I biglietti potranno essere acquistati in prevendita nei locali autorizzati o direttamente in teatro la sera di sabato, fino ad esaurimento posti<\/p>\n<p>&nbsp;<\/p>\n<p>&nbsp;<\/p>\n<p>&nbsp;<\/p>\n<h3>TRADIZIONE A JORE<\/h3>\n<p><strong>FALCADE<\/strong> Domenica 2 giugno festa all&#8217;eremo di Jore con la\u00a0 parrocchia di Caviola e il gruppo Crodaioli dell&#8217;Auta. Programma ritrovo a Sappade, 10.15 processione per Jore, 11.15 messa nella chiesa di Jore, 12 pranzo con i Crodaioli dell&#8217;Auta. A Jore si accede da Tegosa (Rifugio Cayada) in 50 minuti o da Comean di Canale d&#8217;Agordo in 45 minuti.<\/p>\n<p>&nbsp;<\/p>\n<p>&nbsp;<\/p>\n<h3>CORSI DI FORMAZIONE SUL CAMPO CON LA ULSS1 DOLOMITI<\/h3>\n<p><strong>BELLUNO<\/strong> Prende inizio domani, il corso di formazione sul campo di 60 ore \u201cIl case management e la Dimissione protetta della donna fragile: esperienze tra Ospedale e Territorio nella Ulss 1 Dolomiti, Distretti di Belluno e Feltre, e proposte di nuovi percorsi\u201d. Il corso vedr\u00e0 la partecipazione, in qualit\u00e0 di relatrici, di alcune delle professioniste aziendali referenti del percorso rosa.<\/p>\n<p>&nbsp;<\/p>\n<p>&nbsp;<\/p>\n<h3>SCADONO I TERMINI PER L&#8217;ISCRIZIONI AL CONCORSO FOTOGRAFICO<\/h3>\n<p>Il 3 giugno scade il termine per l&#8217;iscrizione al concorso fotografico &#8220;la primavera sull&#8217;altopiano lamonese&#8221;. Regolamento visionabile sull&#8217; home page del sito www.prolocolamon.it<\/p>\n<p>&nbsp;<\/p>\n<p>&nbsp;<\/p>\n<p>L&#8217;ASSOCIAZiONE CULTURALE CENTRO UPM DI BELLUNO ORGANIZZA, DOMANI\u00a0 ALLE 15, &#8220;UNA SEMINA NELL&#8217;ORTO PER LA CITTA&#8217;\u00a0 IN VIA TROIS A BELLUNO, NELL&#8217;AMBITO DEL PROGETTO PLURIENNALE, DI CONSAPEVOLEZZA DELLA FILIERA DALLA SEMINA ALLA TAVOLA, UN BOSCO PER LA CITT\u00e0. SONO INVITATI A PARTECIPARE TUTTI I BAMBINI E RAGAZZI DELLA CITT\u00e0. PRENOTAZIONI ENTRO DOMANI\u00a0 ALLE 12. TEL. 3515468735 &#8211; BELLUNO1@CENTROUPM. IT, FB:CENTRO UPM DI BELLUNO<\/p>\n<p>&nbsp;<\/p>\n<p>&nbsp;<\/p>\n<h1>GLI SPECIALI DI RADIO PIU<\/h1>\n<p>A FALCADE (72) E SOVERZENE 155): \u201cCOMPLEANNI\u201d PER LE DUE CHIESE<\/p>\n<blockquote class=\"wp-embedded-content\" data-secret=\"NTO637IPm1\"><p><a href=\"https:\/\/www.radiopiu.net\/wordpress\/a-falcade-72-e-soverzene-155-compleanni-per-le-due-chiese\/\">A FALCADE (72) E SOVERZENE 155): \u201cCOMPLEANNI\u201d PER LE DUE CHIESE<\/a><\/p><\/blockquote>\n<p><iframe loading=\"lazy\" class=\"wp-embedded-content\" sandbox=\"allow-scripts\" security=\"restricted\" style=\"position: absolute; clip: rect(1px, 1px, 1px, 1px);\" src=\"https:\/\/www.radiopiu.net\/wordpress\/a-falcade-72-e-soverzene-155-compleanni-per-le-due-chiese\/embed\/#?secret=NTO637IPm1\" data-secret=\"NTO637IPm1\" width=\"600\" height=\"338\" title=\"&#8220;A FALCADE (72) E SOVERZENE 155): \u201cCOMPLEANNI\u201d PER LE DUE CHIESE&#8221; &#8212; Radio Pi\u00f9\" frameborder=\"0\" marginwidth=\"0\" marginheight=\"0\" scrolling=\"no\"><\/iframe><\/p>\n<p>&nbsp;<\/p>\n<h2><a class=\"dt-pswp-item\" href=\"http:\/\/www.radiopiu.net\/wordpress\/wp-content\/uploads\/2018\/09\/appuntamenti.jpeg\" data-dt-img-description=\"\" data-large_image_width=\"800\" data-large_image_height=\"100\"><img loading=\"lazy\" decoding=\"async\" class=\"alignnone wp-image-61958 size-full\" src=\"http:\/\/www.radiopiu.net\/wordpress\/wp-content\/uploads\/2018\/09\/appuntamenti.jpeg\" alt=\"\" width=\"800\" height=\"100\" srcset=\"https:\/\/www.radiopiu.net\/wordpress\/wp-content\/uploads\/2018\/09\/appuntamenti.jpeg 800w, https:\/\/www.radiopiu.net\/wordpress\/wp-content\/uploads\/2018\/09\/appuntamenti-300x38.jpeg 300w, https:\/\/www.radiopiu.net\/wordpress\/wp-content\/uploads\/2018\/09\/appuntamenti-768x96.jpeg 768w\" sizes=\"auto, (max-width: 800px) 100vw, 800px\" \/><\/a><\/h2>\n<h3><\/h3>\n<blockquote><p><strong>MAGGIO AGORDINO CON L&#8217;APIM, ASSOCIAZIONE PERITI MINERARI DI AGORDO. ULTIMO APPUNTAMENTO QUESTA SERA\u00a0 ALLE 20.30 IN SALA DON TAMIS CON INGRESSO LIBERO: DANILO COPPE, &#8220;L&#8217;USO DEGLI ESPLOSIVI NEL CIVILE&#8221;.<\/strong><\/p><\/blockquote>\n<p>&nbsp;<\/p>\n<p>&nbsp;<\/p>\n<p>&nbsp;<\/p>\n<h3>TRE CORI PER IL CONCERTO DI PRIMAVERA<\/h3>\n<p><strong>TRICHIANA<\/strong> Domani alle 20.30 a Trichiana sala San Felice, concerto di primavera con il Coro Polifonico di Trichiana diretto dal maestro Stefano Bittante. Partecipano oltre al coro di casa:\u00a0 Mara e Stefano, duo flauto chitarra e la loro musica argentina;\u00a0 Coro giovanile SingOverSound di Vittorio Veneto, direttore M\u00b0 Giorgio Susana. Presenta la serata Dino Bridda. Ingresso libero.<\/p>\n<p>&nbsp;<\/p>\n<p>&nbsp;<\/p>\n<p>&nbsp;<\/p>\n<h2>ASSEMBLEA DEI GEMELLI<\/h2>\n<p><strong>AGORDO<\/strong> Martedi 4 giugno alle 20.30 in sala della biblioteca assemblea ordinaria dei soci e simpatizzanti del comitato di gemellaggio di Agordo. Ordine del giorno: relazione dopo la visita dei francesi di inizio maggio, presentazione del libro Il filo della seta 30 anni di gemellaggio con Zugliano, rinnovo consiglio direttivo.<\/p>\n<p>&nbsp;<\/p>\n<p>&nbsp;<\/p>\n<p>&nbsp;<\/p>\n<p>&nbsp;<\/p>\n<p><a class=\"dt-pswp-item\" href=\"http:\/\/www.radiopiu.net\/wordpress\/wp-content\/uploads\/2018\/09\/viabilita.jpeg\" data-dt-img-description=\"\" data-large_image_width=\"800\" data-large_image_height=\"100\"><img loading=\"lazy\" decoding=\"async\" class=\"alignnone size-full wp-image-61954\" src=\"http:\/\/www.radiopiu.net\/wordpress\/wp-content\/uploads\/2018\/09\/viabilita.jpeg\" alt=\"\" width=\"800\" height=\"100\" srcset=\"https:\/\/www.radiopiu.net\/wordpress\/wp-content\/uploads\/2018\/09\/viabilita.jpeg 800w, https:\/\/www.radiopiu.net\/wordpress\/wp-content\/uploads\/2018\/09\/viabilita-300x38.jpeg 300w, https:\/\/www.radiopiu.net\/wordpress\/wp-content\/uploads\/2018\/09\/viabilita-768x96.jpeg 768w\" sizes=\"auto, (max-width: 800px) 100vw, 800px\" \/><\/a><\/p>\n<blockquote><p>&nbsp;<\/p>\n<p><strong>GOSALDO: DALLE 8 ALLE 12 E DALLE 13.30 ALLE 18 STRADA PROVINCIALE 3 CHIUSA!\u00a0 LOCALITA&#8217; LE FESTE<\/strong><\/p><\/blockquote>\n<p><strong>PROVINCIALE 3 VALLE IMPERINA<\/strong> DA OGGI AL 28 GIUGNO IN LOCALITA&#8217; LE FESTE SENSO UNICO ALTERNATO PER COSTRUZIONE AREA ADIBITA A PARCHEGGIO<\/p>\n<p><strong>REGIONALE 203 AGORDINA<\/strong> Fino al 28 giugno sabato e domenica escluso, senso unico alternato tra Alleghe e Caprile.<\/p>\n<p><strong>PROVINCIALE 563 DI SALESEI<\/strong> Fino al 28 giugno esclusi giorni festivi e prefestivi senso unico alternato tra Caprile e Saviner<\/p>\n<p><strong>PROVINCIALE 3 VALLE IMPERINA<\/strong> Fino a revoca senso unico a vista\u00a0 in localit\u00e0 Corde Mole per cedimento della careggiata. Dal 13 maggio e\u00a0 fino al 28 giugno tra Rivamonte e Forcella Franche senso unico alternato per la posa di tubazione per conto di Enel.<\/p>\n<p><strong>PROVINCIALE 347 DEL DURAN <\/strong>Fino al 31 maggio in localit\u00e0 Fornesighe senso unico alternato regolato da semaforo o movieri, possibili temporanee interdizioni totali al traffico fino a un masssimo di 20 minuti<\/p>\n<p><strong>REGIONALE 203 AGORDINA<\/strong> Fino al 31 maggio esclusi festivi e prefestivi, senso unico alternato in localit\u00e0 Rucava, possibili brevi interruzioni fino a 15 minuti.<\/p>\n<p><strong>PROVINCIALE 8 DI SAN TOMASO<\/strong> Fino\u00a0 al 28 giugno (esclusi festivi e prefestivi) senso unico alternato tra Pian Molin e Roi<\/p>\n<p><strong>PROVINCIALE 563 DI SALESEI <\/strong>Fino al\u00a014 giugno\u00a0 In localit\u00e0 Sopracordevole in Comune di Rocca Pietore senso unico alternato con semaforo o movieri e divieto di transito ai mezzi con massa superiore a 7,5 tonellate.<\/p>\n<p>&nbsp;<\/p>\n<p>&nbsp;<\/p>\n<p>&nbsp;<\/p>\n<p>&nbsp;<\/p>\n<h2><img loading=\"lazy\" decoding=\"async\" class=\"alignleft wp-image-60761 \" src=\"http:\/\/www.radiopiu.net\/wordpress\/wp-content\/uploads\/2018\/09\/sport.jpg\" alt=\"\" width=\"992\" height=\"124\" srcset=\"https:\/\/www.radiopiu.net\/wordpress\/wp-content\/uploads\/2018\/09\/sport.jpg 800w, https:\/\/www.radiopiu.net\/wordpress\/wp-content\/uploads\/2018\/09\/sport-300x38.jpg 300w, https:\/\/www.radiopiu.net\/wordpress\/wp-content\/uploads\/2018\/09\/sport-768x96.jpg 768w\" sizes=\"auto, (max-width: 992px) 100vw, 992px\" \/><\/h2>\n<p>&nbsp;<\/p>\n<p>&nbsp;<\/p>\n<p>&nbsp;<\/p>\n<p>&nbsp;<\/p>\n<h2>Le promesse italiane della corsa in montagna si sfidano a Limana: domenica 2 giugno il Tricolore Allievi e Cadetti e il Trofeo delle Regioni<\/h2>\n<p style=\"text-align: center;\"><strong><span style=\"color: #ff0000;\">OGGI ALLE 15.10 E 21.00 LO SPECIALE ALLA RADIO SU WWW.RADIOPIU.NET<\/span><\/strong><\/p>\n<p><a class=\"dt-pswp-item\" href=\"http:\/\/www.radiopiu.net\/wordpress\/wp-content\/uploads\/2019\/05\/presentazione-triocolori-2019-elio-dal-magro.jpg\" data-dt-img-description=\"\" data-large_image_width=\"1900\" data-large_image_height=\"1267\"><img loading=\"lazy\" decoding=\"async\" class=\" wp-image-86897 alignleft\" src=\"http:\/\/www.radiopiu.net\/wordpress\/wp-content\/uploads\/2019\/05\/presentazione-triocolori-2019-elio-dal-magro-300x200.jpg\" alt=\"\" width=\"266\" height=\"177\" srcset=\"https:\/\/www.radiopiu.net\/wordpress\/wp-content\/uploads\/2019\/05\/presentazione-triocolori-2019-elio-dal-magro-300x200.jpg 300w, https:\/\/www.radiopiu.net\/wordpress\/wp-content\/uploads\/2019\/05\/presentazione-triocolori-2019-elio-dal-magro-768x512.jpg 768w, https:\/\/www.radiopiu.net\/wordpress\/wp-content\/uploads\/2019\/05\/presentazione-triocolori-2019-elio-dal-magro-1024x683.jpg 1024w, https:\/\/www.radiopiu.net\/wordpress\/wp-content\/uploads\/2019\/05\/presentazione-triocolori-2019-elio-dal-magro.jpg 1900w\" sizes=\"auto, (max-width: 266px) 100vw, 266px\" \/><\/a>Tutto pronto a Limana per i Campionati italiani Fidal di corsa in montagna per le categorie Cadetti e Allievi che si svolgeranno, unitamente al Trofeo delle Regioni per le stesse categorie, domenica 2 giugno nella localit\u00e0 di Valpiana (nei pressi di Valmorel, luogo caro allo scrittore Dino Buzzati che qui ambient\u00f2 il racconto \u201cI miracoli di Val Morel\u201d) e che vedranno confrontarsi quattrocento ragazze e ragazzi. La manifestazione \u00e8 proposta da Bellunoatletica, societ\u00e0 che da un quarto di secolo ha fatto dell&#8217;attivit\u00e0 giovanile, nelle sue diverse declinazioni, una bandiera.\u00a0 <em>\u00abProporre qui i Campionati italiani \u00e8 per noi una grande emozione\u00bb ha affermato Elio Dal Magro, coordinatore dell\u2019organizzazione. \u00abStiamo lavorando da mesi a un evento vedr\u00e0 al via quattrocento ragazzi e ragazze, atleti che rappresentano il futuro della corsa in montagna italiana e, pi\u00f9 in generale, del movimento dell&#8217;atletica italiana. Al via ci saranno anche squadre che arrivano da Puglia e Sardegna, oltre che da tutto l&#8217;arco alpino.\u00a0 Sar\u00e0 un evento importante non solo dal punto di vista sportivo ma anche da quello promozionale per il territorio di Limana e per la provincia di Belluno tutta\u00bb. \u00abCi tengo poi a sottolineare\u00bb ha detto ancora Dal Magro \u00abche questi campionato italiani li dedicheremo a Maurizio Da Rold, atleta di livello nazionale nel mezzofondo che \u00e8 stato il primo presidente di Bellunoatletica e che, purtroppo, ci ha lasciato dieci anni fa. Un grazie, inoltre, alle tante realt\u00e0 che ci supportano e ai tanti volontari che in questi ultimi giorni ci hanno aiutato ad allestire i tracciati, messi a dura prova dalle continue piogge di maggio\u00bb.\u00a0<\/em>Sabato alle 9 passeggiata ludico motoria con i tre azzurri della corsa Gabriele De Nard, Luca Cagnati e Ilaria Dal Magro. Alle 18.30 cerimonia di apertura con gli sbandieratori di Feltre. Domenica dalle 9 le gare. Per tutti i dettagli sui Campionati italiani: www.atleticadolomiti.com<\/p>\n<p>&nbsp;<\/p>\n<p>&nbsp;<\/p>\n<p>&nbsp;<\/p>\n<h2>DOLOMITI RALLY, ECCO LE PRIME ISCRIZIONI PER IL COLLAUDATO PERCORSO<\/h2>\n<p><a class=\"dt-pswp-item\" href=\"http:\/\/www.radiopiu.net\/wordpress\/wp-content\/uploads\/2019\/05\/065-.jpg\" data-dt-img-description=\"\" data-large_image_width=\"1200\" data-large_image_height=\"800\"><img loading=\"lazy\" decoding=\"async\" class=\"alignnone wp-image-86808\" src=\"http:\/\/www.radiopiu.net\/wordpress\/wp-content\/uploads\/2019\/05\/065--300x200.jpg\" alt=\"\" width=\"195\" height=\"130\" srcset=\"https:\/\/www.radiopiu.net\/wordpress\/wp-content\/uploads\/2019\/05\/065--300x200.jpg 300w, https:\/\/www.radiopiu.net\/wordpress\/wp-content\/uploads\/2019\/05\/065--768x512.jpg 768w, https:\/\/www.radiopiu.net\/wordpress\/wp-content\/uploads\/2019\/05\/065--1024x683.jpg 1024w, https:\/\/www.radiopiu.net\/wordpress\/wp-content\/uploads\/2019\/05\/065-.jpg 1200w\" sizes=\"auto, (max-width: 195px) 100vw, 195px\" \/><\/a><a class=\"dt-pswp-item\" href=\"http:\/\/www.radiopiu.net\/wordpress\/wp-content\/uploads\/2019\/05\/136-.jpg\" data-dt-img-description=\"\" data-large_image_width=\"1200\" data-large_image_height=\"800\"><img loading=\"lazy\" decoding=\"async\" class=\"alignnone wp-image-86809\" src=\"http:\/\/www.radiopiu.net\/wordpress\/wp-content\/uploads\/2019\/05\/136--300x200.jpg\" alt=\"\" width=\"197\" height=\"131\" srcset=\"https:\/\/www.radiopiu.net\/wordpress\/wp-content\/uploads\/2019\/05\/136--300x200.jpg 300w, https:\/\/www.radiopiu.net\/wordpress\/wp-content\/uploads\/2019\/05\/136--768x512.jpg 768w, https:\/\/www.radiopiu.net\/wordpress\/wp-content\/uploads\/2019\/05\/136--1024x683.jpg 1024w, https:\/\/www.radiopiu.net\/wordpress\/wp-content\/uploads\/2019\/05\/136-.jpg 1200w\" sizes=\"auto, (max-width: 197px) 100vw, 197px\" \/><\/a><a class=\"dt-pswp-item\" href=\"http:\/\/www.radiopiu.net\/wordpress\/wp-content\/uploads\/2019\/05\/DSC_0329.jpg\" data-dt-img-description=\"\" data-large_image_width=\"2616\" data-large_image_height=\"1750\"><img loading=\"lazy\" decoding=\"async\" class=\"alignnone wp-image-86810\" src=\"http:\/\/www.radiopiu.net\/wordpress\/wp-content\/uploads\/2019\/05\/DSC_0329-300x201.jpg\" alt=\"\" width=\"197\" height=\"132\" srcset=\"https:\/\/www.radiopiu.net\/wordpress\/wp-content\/uploads\/2019\/05\/DSC_0329-300x201.jpg 300w, https:\/\/www.radiopiu.net\/wordpress\/wp-content\/uploads\/2019\/05\/DSC_0329-768x514.jpg 768w, https:\/\/www.radiopiu.net\/wordpress\/wp-content\/uploads\/2019\/05\/DSC_0329-1024x685.jpg 1024w\" sizes=\"auto, (max-width: 197px) 100vw, 197px\" \/><\/a><\/p>\n<p><strong>AGORDO<\/strong><\/p>\n<p><strong>di ROBERTO BONA<\/strong><\/p>\n<audio class=\"wp-audio-shortcode\" id=\"audio-86870-9\" preload=\"none\" style=\"width: 100%;\" controls=\"controls\"><source type=\"audio\/mpeg\" src=\"http:\/\/www.radiopiu.net\/wordpress\/wp-content\/uploads\/2019\/05\/ROBERTO-BONA-2.mp3?_=9\" \/><a href=\"http:\/\/www.radiopiu.net\/wordpress\/wp-content\/uploads\/2019\/05\/ROBERTO-BONA-2.mp3\">http:\/\/www.radiopiu.net\/wordpress\/wp-content\/uploads\/2019\/05\/ROBERTO-BONA-2.mp3<\/a><\/audio>\n<p>&nbsp;<\/p>\n<p>&nbsp;<\/p>\n<p>&nbsp;<\/p>\n<p><a class=\"dt-pswp-item\" href=\"http:\/\/www.radiopiu.net\/wordpress\/wp-content\/uploads\/2018\/09\/WhatsApp-Image-2018-09-20-at-16.04.06.jpeg\" data-dt-img-description=\"\" data-large_image_width=\"800\" data-large_image_height=\"100\"><img loading=\"lazy\" decoding=\"async\" class=\"alignnone size-full wp-image-61378\" src=\"http:\/\/www.radiopiu.net\/wordpress\/wp-content\/uploads\/2018\/09\/WhatsApp-Image-2018-09-20-at-16.04.06.jpeg\" alt=\"\" width=\"800\" height=\"100\" srcset=\"https:\/\/www.radiopiu.net\/wordpress\/wp-content\/uploads\/2018\/09\/WhatsApp-Image-2018-09-20-at-16.04.06.jpeg 800w, https:\/\/www.radiopiu.net\/wordpress\/wp-content\/uploads\/2018\/09\/WhatsApp-Image-2018-09-20-at-16.04.06-300x38.jpeg 300w, https:\/\/www.radiopiu.net\/wordpress\/wp-content\/uploads\/2018\/09\/WhatsApp-Image-2018-09-20-at-16.04.06-768x96.jpeg 768w\" sizes=\"auto, (max-width: 800px) 100vw, 800px\" \/><\/a><\/p>\n<p><center><\/center><center><b>V<\/b><b>enerdi 31<\/b><\/center><b>Tempo atteso: <\/b>Tempo ben soleggiato con cielo sereno al mattino, sereno o poco nuvoloso per qualche modesto cumulo pomeridiano e temporanee velature. Clima diurno decisamente pi\u00f9 mite rispetto ai giorni precedenti con massimi quasi in linea con i valori stagionali.<br \/>\n<b>Precipitazioni: <\/b>Assenti sulle Dolomiti (0%), mentre non si potr\u00e0 escludere qualche locale piovasco sulla fascia prealpina (10\/20%).<br \/>\n<b>Temperature: <\/b>In generale ripresa, eccetto ulteriore lieve calo delle minime nelle valli per irraggiamento notturno. In giornata il soleggiamento far\u00e0 salire i massimi sui 23\/24\u00b0C nei fondovalle prealpini e sui 20\/21\u00b0C a 1000\/1200 m. Su Prealpi a 1500 m min 6\u00b0C max 13\u00b0C, a 2000 m min 3\u00b0C max 9\u00b0C. Su Dolomiti a 2000 m min 2\u00b0C max 10\u00b0C, a 3000 m min -2\u00b0C max 1\u00b0C.<br \/>\n<b>Venti: <\/b>Nelle valli generalmente deboli\/moderati a regime di brezza; in quota deboli\/moderati da Nord Nord-Est, a tratti tesi sulle vette pi\u00f9 alte, a 5-10 km\/h a 2000 m, 20-35 km\/h a 3000 m.<\/p>\n<hr \/>\n<p><center><b>Sabato 1<\/b><\/center><b>Tempo atteso: <\/b>Tempo ben soleggiato con cielo sereno al mattino. In seguito modesti cumuli pomeridiani sulle Dolomiti, mentre la cumulificazione sar\u00e0 maggiore sulle Prealpi, dove non si potr\u00e0 escludere qualche occasionale breve temporale. Clima diurno pi\u00f9 caldo con valori termici in linea con le medie del periodo nelle valli.<br \/>\n<b>Precipitazioni: <\/b>Assenti sulle Dolomiti (0%), mentre potranno verificarsi occasionali e locali rovesci o temporali tra fascia prealpina e pedemontana (30\/40%) al pomeriggio.<br \/>\n<b>Temperature: <\/b>In generale ripresa. In giornata il soleggiamento riporter\u00e0 i massimi su valori consoni al periodo con 24\/26\u00b0C nei fondovalle prealpini e sui 21\/23\u00b0C a 1000\/1200 m. Su Prealpi a 1500 m min 9\u00b0C max 17\u00b0C, a 2000 m min 7\u00b0C max 13\u00b0C. Su Dolomiti a 2000 m min 6\u00b0C max 14\u00b0C, a 3000 m min 1\u00b0C max 5\u00b0C.<br \/>\n<b>Venti: <\/b>Nelle valli generalmente deboli\/moderati a regime di brezza; in quota deboli\/moderati da Nord-Est, a 5-10 km\/h a 2000 m, 15-25 km\/h a 3000 m.<\/p>\n<hr \/>\n<p><center><b>Domenica 2<\/b><\/center>Tempo ben soleggiato con cielo sereno al mattino, modesta\/moderata cumulificazione al pomeriggio con leggera insidia convettiva e non si potr\u00e0 escludere del tutto qualche singolo e breve rovescio\/temporale, specie sui confini occidentali con il Trentino. Temperature in ulteriore aumento con valori massimi pressoch\u00e9 estivi nei fondovalle. Venti deboli\/moderati da Nord in quota e deboli\/moderati a regime di brezza nelle valli.<\/p>\n<hr \/>\n<p><center><b>Lunedi 3<\/b><\/center>Tempo ben soleggiato con cielo sereno al mattino, poi lieve riduzione del soleggiamento per modesti o localmente moderati cumuli pomeridiani, l&#8217;insidia per qualche fenomeno convettivo sembra pressoch\u00e9 assente. Temperature in ulteriore aumento con valori massimi quasi estivi nei fondovalle. Venti deboli\/moderati da Nord in quota e deboli\/moderati a regime di brezza nelle valli. Previsore: R.L.Th.<\/p>\n","protected":false},"excerpt":{"rendered":"<p>Viva gli alpini, ma non \u00e8 l&#8217;adunata, viva gli alpini perch\u00e9 da domani daranno il via all&#8217;operazione rinascita con campi da lavoro nell&#8217;alto Agordino, tanti volontari saranno impegnati nei boschi per il ripristino. Previste cinque postazioni tra Caprile, Feltrino e Comelico. &nbsp; &nbsp; FELTRE Domani\u00a0il punto prelievi di Lamon rimane chiuso per il passaggio del&hellip;<\/p>\n","protected":false},"author":1,"featured_media":86940,"comment_status":"closed","ping_status":"closed","sticky":false,"template":"","format":"standard","meta":{"_monsterinsights_skip_tracking":false,"_monsterinsights_sitenote_active":false,"_monsterinsights_sitenote_note":"","_monsterinsights_sitenote_category":0,"footnotes":""},"categories":[86],"tags":[],"class_list":["post-86870","post","type-post","status-publish","format-standard","has-post-thumbnail","hentry","category-gr","category-86","description-off"],"img_url":"https:\/\/www.radiopiu.net\/wordpress\/wp-content\/uploads\/2019\/05\/WhatsApp-Image-2019-05-30-at-17.07.23.jpeg","_links":{"self":[{"href":"https:\/\/www.radiopiu.net\/wordpress\/wp-json\/wp\/v2\/posts\/86870","targetHints":{"allow":["GET"]}}],"collection":[{"href":"https:\/\/www.radiopiu.net\/wordpress\/wp-json\/wp\/v2\/posts"}],"about":[{"href":"https:\/\/www.radiopiu.net\/wordpress\/wp-json\/wp\/v2\/types\/post"}],"author":[{"embeddable":true,"href":"https:\/\/www.radiopiu.net\/wordpress\/wp-json\/wp\/v2\/users\/1"}],"replies":[{"embeddable":true,"href":"https:\/\/www.radiopiu.net\/wordpress\/wp-json\/wp\/v2\/comments?post=86870"}],"version-history":[{"count":0,"href":"https:\/\/www.radiopiu.net\/wordpress\/wp-json\/wp\/v2\/posts\/86870\/revisions"}],"wp:featuredmedia":[{"embeddable":true,"href":"https:\/\/www.radiopiu.net\/wordpress\/wp-json\/wp\/v2\/media\/86940"}],"wp:attachment":[{"href":"https:\/\/www.radiopiu.net\/wordpress\/wp-json\/wp\/v2\/media?parent=86870"}],"wp:term":[{"taxonomy":"category","embeddable":true,"href":"https:\/\/www.radiopiu.net\/wordpress\/wp-json\/wp\/v2\/categories?post=86870"},{"taxonomy":"post_tag","embeddable":true,"href":"https:\/\/www.radiopiu.net\/wordpress\/wp-json\/wp\/v2\/tags?post=86870"}],"curies":[{"name":"wp","href":"https:\/\/api.w.org\/{rel}","templated":true}]}}