{"id":87001,"date":"2019-05-31T10:46:49","date_gmt":"2019-05-31T08:46:49","guid":{"rendered":"http:\/\/www.radiopiu.net\/wordpress\/?p=87001"},"modified":"2019-06-01T06:14:06","modified_gmt":"2019-06-01T04:14:06","slug":"4-pas-in-doi-e-bocoi-di-claudio-fontanive","status":"publish","type":"post","link":"https:\/\/www.radiopiu.net\/wordpress\/4-pas-in-doi-e-bocoi-di-claudio-fontanive\/","title":{"rendered":"4 PAS IN DOI &#8230;E BOCOI  di Claudio Fontanive"},"content":{"rendered":"<blockquote>\n<div><strong>L&#8217;intervista alla radio, di Claudio Fontanive <\/strong><\/div>\n<\/blockquote>\n<div class=\"_4l8p _5dw9 _5dwa _4-u3\">\n<div class=\"_3s3-\">\n<audio class=\"wp-audio-shortcode\" id=\"audio-87001-1\" preload=\"none\" style=\"width: 100%;\" controls=\"controls\"><source type=\"audio\/mpeg\" src=\"http:\/\/www.radiopiu.net\/wordpress\/wp-content\/uploads\/2019\/05\/4-pass-in-doi.mp3?_=1\" \/><a href=\"http:\/\/www.radiopiu.net\/wordpress\/wp-content\/uploads\/2019\/05\/4-pass-in-doi.mp3\">http:\/\/www.radiopiu.net\/wordpress\/wp-content\/uploads\/2019\/05\/4-pass-in-doi.mp3<\/a><\/audio>\n<\/div>\n<\/div>\n<div class=\"_62hs _4-u3\">\n<div class=\"_63es\">\n<div class=\"_63eu _63ev\">\n<blockquote>\n<div class=\"_63ew\" data-testid=\"event-permalink-details\">Una corsa in montagna pazzesca, dove il sudore si mescola con la passione per il nostro territorio. Ecco cos&#8217;\u00e8 la 4 PAS IN DOI: un percorso storico di trail running, composto da 15 km e d+900 m, pieni di fatica mista a soddisfazione. Il tutto circondato della cornice mozzafiato delle dolomiti agordine.\u00a0 Quest&#8217;anno abbiamo accontentato davvero tutti! Oltre alla gara competitiva e non competitiva di 15 km e 6 km, la novit\u00e0 di quest&#8217;anno \u00e8 la pedonata 4 PAS IN DOI BOCOI (6km) che dar\u00e0 la possibilit\u00e0 ad adulti e piccini di trascorrere una piacevole domenica enogastronomica proprio sul percorso della gara. Dopo il successo dello scorso anno, riproponiamo anche per il 2019 l&#8217;abbinata tra 4 pas in Doi e Transcivetta Karpos ovvero una classifica combinata che terr\u00e0 conto della somma dei tempi. In palio ci sar\u00e0 il Trofeo ADMO.<\/div>\n<\/blockquote>\n<\/div>\n<\/div>\n<\/div>\n","protected":false},"excerpt":{"rendered":"<p>L&#8217;intervista alla radio, di Claudio Fontanive Una corsa in montagna pazzesca, dove il sudore si mescola con la passione per il nostro territorio. Ecco cos&#8217;\u00e8 la 4 PAS IN DOI: un percorso storico di trail running, composto da 15 km e d+900 m, pieni di fatica mista a soddisfazione. Il tutto circondato della cornice mozzafiato&hellip;<\/p>\n","protected":false},"author":1,"featured_media":87002,"comment_status":"closed","ping_status":"closed","sticky":false,"template":"","format":"standard","meta":{"_monsterinsights_skip_tracking":false,"_monsterinsights_sitenote_active":false,"_monsterinsights_sitenote_note":"","_monsterinsights_sitenote_category":0,"footnotes":""},"categories":[49],"tags":[],"class_list":["post-87001","post","type-post","status-publish","format-standard","has-post-thumbnail","hentry","category-news-18","category-49","description-off"],"img_url":"https:\/\/www.radiopiu.net\/wordpress\/wp-content\/uploads\/2019\/05\/60339159_829697000750481_4587978662241894400_n.jpg","_links":{"self":[{"href":"https:\/\/www.radiopiu.net\/wordpress\/wp-json\/wp\/v2\/posts\/87001","targetHints":{"allow":["GET"]}}],"collection":[{"href":"https:\/\/www.radiopiu.net\/wordpress\/wp-json\/wp\/v2\/posts"}],"about":[{"href":"https:\/\/www.radiopiu.net\/wordpress\/wp-json\/wp\/v2\/types\/post"}],"author":[{"embeddable":true,"href":"https:\/\/www.radiopiu.net\/wordpress\/wp-json\/wp\/v2\/users\/1"}],"replies":[{"embeddable":true,"href":"https:\/\/www.radiopiu.net\/wordpress\/wp-json\/wp\/v2\/comments?post=87001"}],"version-history":[{"count":0,"href":"https:\/\/www.radiopiu.net\/wordpress\/wp-json\/wp\/v2\/posts\/87001\/revisions"}],"wp:featuredmedia":[{"embeddable":true,"href":"https:\/\/www.radiopiu.net\/wordpress\/wp-json\/wp\/v2\/media\/87002"}],"wp:attachment":[{"href":"https:\/\/www.radiopiu.net\/wordpress\/wp-json\/wp\/v2\/media?parent=87001"}],"wp:term":[{"taxonomy":"category","embeddable":true,"href":"https:\/\/www.radiopiu.net\/wordpress\/wp-json\/wp\/v2\/categories?post=87001"},{"taxonomy":"post_tag","embeddable":true,"href":"https:\/\/www.radiopiu.net\/wordpress\/wp-json\/wp\/v2\/tags?post=87001"}],"curies":[{"name":"wp","href":"https:\/\/api.w.org\/{rel}","templated":true}]}}