{"id":87024,"date":"2019-06-01T05:58:31","date_gmt":"2019-06-01T03:58:31","guid":{"rendered":"http:\/\/www.radiopiu.net\/wordpress\/?p=87024"},"modified":"2019-06-01T09:30:45","modified_gmt":"2019-06-01T07:30:45","slug":"giornale-radiopiu-01-giugno-2019-direttore-mirko-mezzacasa","status":"publish","type":"post","link":"https:\/\/www.radiopiu.net\/wordpress\/giornale-radiopiu-01-giugno-2019-direttore-mirko-mezzacasa\/","title":{"rendered":"GIORNALE RADIOPIU 01 GIUGNO 2019 DIRETTORE MIRKO MEZZACASA"},"content":{"rendered":"<p><strong>Perquisizioni in carcere a Baldenich<\/strong> e dai muri ecco i telefoni cellulari: 13 tutti sequestrati. L&#8217;indagine ha avuto inizio per un sms inviato a Natale ad un numero sbagliato, la denuncia ai Carabinieri ha portato alle perquisizioni in carcere per ordine della Procura. <strong>Antonio Susin di Fonzaso<\/strong> \u00e8 ricoverato in gravi condizioni all&#8217;ospedale di Feltre, l&#8217;anziano si \u00e8 infortunato cadendo dal tetto della casera che stava ristrutturando. <strong>A Canale d&#8217;Agordo<\/strong> come ricordato ieri sono iniziati i lavori per la messa in sicurezza degli abitati sopratutto e della strada provinciale 346 in prossimit\u00e0 di Caviola.<strong>In Alpago<\/strong> sono stati posizionati i container tra la frana di Schiucaz e le abitazioni minacciate.\u00a0 <strong>Sono 25 gli agenti<\/strong> in arrivo in Questura e in Commissariato a Cortina ma nessun rinforzo \u00e8 previsto per la Polstrada,\u00a0 Sap e Siulp (sindacati della polizia) si fanno sentire con comunicati stampa precisi e preoccupanti. <strong>Oggi sar\u00e0 spettacolo<\/strong> di folla al Monte Avena per l&#8217;arrivo del Giro d&#8217;Italia per la tappa Feltre-Croce D&#8217;Aune anche ieri molta gente in strada sul San Boldo, Feltre, ma anche nei passaggi in Valbelluna, oggi partenza alle 11.05. <strong>Alemagna in tilt<\/strong> ieri mattina per la caduta in strada in un motociclista che si stava recando al lavoro.<strong> I vice sindaci<\/strong> di Agordo e Alleghe sono stati resi noti dai sindaci, saranno Giulio Favretti ad Agordo e Gianpaolo De Bernardin ad Alleghe.<\/p>\n<p>&nbsp;<\/p>\n<p>&nbsp;<\/p>\n<p><strong>LA FOTO DEL GIORNO VISTA\u00a0 SU FACEBOOK<\/strong><\/p>\n<p>la foto DI MARIA LEA ZAFFARONI<\/p>\n<p>I CICLISTI AL SAN BOLDO, COSE MAI VISTE, TIFO DA STADIO, SPETTACOLO ROSA.<\/p>\n<p><a class=\"dt-pswp-item\" href=\"http:\/\/www.radiopiu.net\/wordpress\/wp-content\/uploads\/2019\/06\/61867113_2222918567744856_5189081703506771968_n.jpg\" data-dt-img-description=\"\" data-large_image_width=\"960\" data-large_image_height=\"640\"><img loading=\"lazy\" decoding=\"async\" class=\"alignnone size-full wp-image-87100\" src=\"http:\/\/www.radiopiu.net\/wordpress\/wp-content\/uploads\/2019\/06\/61867113_2222918567744856_5189081703506771968_n.jpg\" alt=\"\" width=\"960\" height=\"640\" srcset=\"https:\/\/www.radiopiu.net\/wordpress\/wp-content\/uploads\/2019\/06\/61867113_2222918567744856_5189081703506771968_n.jpg 960w, https:\/\/www.radiopiu.net\/wordpress\/wp-content\/uploads\/2019\/06\/61867113_2222918567744856_5189081703506771968_n-300x200.jpg 300w, https:\/\/www.radiopiu.net\/wordpress\/wp-content\/uploads\/2019\/06\/61867113_2222918567744856_5189081703506771968_n-768x512.jpg 768w\" sizes=\"auto, (max-width: 960px) 100vw, 960px\" \/><\/a><\/p>\n<h3><\/h3>\n<h3><\/h3>\n<h3><\/h3>\n<h3><\/h3>\n<h3>LA TESTIMONIANZA<\/h3>\n<p><strong><a class=\"dt-pswp-item\" href=\"http:\/\/www.radiopiu.net\/wordpress\/wp-content\/uploads\/2015\/10\/Entrata-Agordo-300x225.jpg\" data-dt-img-description=\"\" data-large_image_width=\"300\" data-large_image_height=\"225\"><img loading=\"lazy\" decoding=\"async\" class=\"wp-image-11952 alignleft\" src=\"http:\/\/www.radiopiu.net\/wordpress\/wp-content\/uploads\/2015\/10\/Entrata-Agordo-300x225-300x225.jpg\" alt=\"\" width=\"115\" height=\"86\" \/><\/a>AGORDO<\/strong> Ho avuto recentemente una breve esperienza ospedaliera ad Agordo, reparto di Chirurgia. Per questo desidero esprimere viva gratitudine per l&#8217;eccellente servizio, per la professionalit\u00e0 dell&#8217;equipe medica, in particolare il primario dottor Roberto Bertone, ma anche per l&#8217;amorevole cura del personale infermieristico che mi ha reso conforto e fiducia nella pronta guarigione. Questo prezioso nucleo sanitario deve VIVERE perch\u00e9 \u00e8 garanzia nei confronti delle nostre genti, disperse su un territorio difficile<\/p>\n<p><strong>LETTERA FIRMATA RIVAMONTE.<\/strong><\/p>\n<p>&nbsp;<\/p>\n<p>&nbsp;<\/p>\n<p>&nbsp;<\/p>\n<p><strong>Acqua non potabile in tre localit\u00e0 di Rocca Pietore nelle localit\u00e0 Masar\u00e8, Badiot e Le Pale l&#8217;acqua erogata dall&#8217;acquedotto non \u00e8 potabile e pu\u00f2 essere usata per scopi alimentari solo previa bollitura.\u00a0<\/strong><\/p>\n<p>&nbsp;<\/p>\n<p><strong>FELTRE<\/strong> oggi\u00a0 il <strong><span style=\"color: #ff0000;\">punto prelievi di Lamon<\/span><\/strong> rimane chiuso per il passaggio del Giro D\u2019Italia. Le attivit\u00e0 riprenderanno come di consueto luned\u00ec 3 giugno.<\/p>\n<p>&nbsp;<\/p>\n<h2>MOTOCICLISTA CADE SULL&#8217;ASFALTO<\/h2>\n<p><strong><a class=\"dt-pswp-item\" href=\"http:\/\/www.radiopiu.net\/wordpress\/wp-content\/uploads\/2019\/05\/f1687d43-a8e9-4a70-9d65-756d8664d655.jpg\" data-dt-img-description=\"\" data-large_image_width=\"718\" data-large_image_height=\"793\"><img loading=\"lazy\" decoding=\"async\" class=\" wp-image-87006 alignleft\" src=\"http:\/\/www.radiopiu.net\/wordpress\/wp-content\/uploads\/2019\/05\/f1687d43-a8e9-4a70-9d65-756d8664d655-272x300.jpg\" alt=\"\" width=\"167\" height=\"184\" srcset=\"https:\/\/www.radiopiu.net\/wordpress\/wp-content\/uploads\/2019\/05\/f1687d43-a8e9-4a70-9d65-756d8664d655-272x300.jpg 272w, https:\/\/www.radiopiu.net\/wordpress\/wp-content\/uploads\/2019\/05\/f1687d43-a8e9-4a70-9d65-756d8664d655.jpg 718w\" sizes=\"auto, (max-width: 167px) 100vw, 167px\" \/><\/a>PONTE NELLE ALPI<\/strong> Un motociclista di 36 anni\u00a0 ha perso il controllo della sua Ducati di grossa cilindrata strusciando sull&#8217;asfalto per decine di metri, stamane alle 6 in localit\u00e0 Pian di Vedoia. D.J. (le iniziali) era diretto verso la zona industriale di Longarone. Dopo aver perso il controllo della moto l&#8217;uomo ha impattato sull&#8217;asfalto procurandosi gravi lesioni alle gambe, prognosi di guarigione superiore ai 40 giorni. I pezzi di moto rimasti sull&#8217;asfalto hanno danneggiato lievemente altri veicoli in transito. Sul posto per le indagini i Carabinieri della Sezione Radiomobile di Belluno<\/p>\n<p>&nbsp;<\/p>\n<p>&nbsp;<\/p>\n<p>&nbsp;<\/p>\n<p>&nbsp;<\/p>\n<h2>SCOPERTO IL CENTRO TELEFONICO &#8220;PIRATA&#8221; NEL CARCERE DI BALDENICH<\/h2>\n<p><strong><a class=\"dt-pswp-item\" href=\"http:\/\/www.radiopiu.net\/wordpress\/wp-content\/uploads\/2016\/03\/carcere.jpg\" data-dt-img-description=\"\" data-large_image_width=\"1600\" data-large_image_height=\"1067\"><img loading=\"lazy\" decoding=\"async\" class=\" wp-image-17529 alignleft\" src=\"http:\/\/www.radiopiu.net\/wordpress\/wp-content\/uploads\/2016\/03\/carcere-300x200.jpg\" alt=\"\" width=\"212\" height=\"141\" \/><\/a>BELLUNO<\/strong> Alcuni detenuti del carcere di Belluno si sono resi meno pesante la pena cercando un contatto con il mondo esterno attraverso il telefono cellulare, ovvero contravvenendo a qualsiasi legge e logica carceraria. Tredici ne sono stati sequestrati di telefoni all&#8217;interno della casa circondariale ma il tragicomico \u00e8 il racconto delle indagini iniziate in seguito ad un sms inviato da Baldenich ma finito nel telefono sbagliato, ovvero di un bellunese che dopo aver letto<em><strong> &#8220;Non vedo l&#8217;ora di uscire da questo maledetto carcere per poterti abbracciare e augurarti di persona un felice 2019&#8221;<\/strong> <\/em>si \u00e8 recato dai Carabinieri del nucleo investigativo di Belluno. Gli uomini dell&#8217;Arma hanno presto chiuso il cerchio, la sim del messaggio galeotto era intestata ad una donna parente di un detenuto del carcere di Belluno.<\/p>\n<p>Il dottor Marco Faion, pubblico ministero titolare dell&#8217;indagine con la collaborazione dei Carabinieri ma anche delle forze di polizia del carcere, ha ordinato una perquisizione delle celle che ha dato esito negativo. La tecnologia ha per\u00f2 dimostrato il contrario, un notevole traffico telefonico in diversi momenti della giornata anche con i detenuti nelle loro celle. Con precise triangolazioni tecniche sono stati incrociati i numeri chiamati, le relazioni tra parenti e reclusi, gli spostamenti di cella, fino ad individuare tre celle dove erano occultati i telefoni cellulari. Dopo aver rimosso anche delle piastrelle sono stati ritrovati 8 cellulari, 5 mini cellulari di 6 centimetri e 5 schede sim. La perquisizione ha permesso inoltre il sequestro di 10 grammi di hashish in 10 dosi che ha portato alla denuncia in stato di liber\u00e0 di un trentenne (S.D.H.) del Salvador.<\/p>\n<blockquote><p>I Carabinieri hanno inoltre ricostruito un probabile sistema che ha permesso l&#8217;introduzione di apparecchiature elettroniche in carcere: durante gli orari di visita i parenti approfittando di controlli meno rigidi nei confronti dei minori hanno probabilmente nascosto il materiale nei loro abiti.\u00a0 I telefoni cellulari sono stati ritrovati in un vano del muro rivestito di mattonelle, il collegamento telefonico assicurato dai mini cellulari via bluetooth\u00a0 facilmente occultabili nella cella, uno di questi era nascosto nella saponetta.<\/p><\/blockquote>\n<p>&nbsp;<\/p>\n<p>&nbsp;<\/p>\n<p>&nbsp;<\/p>\n<h3><a class=\"dt-pswp-item\" href=\"http:\/\/www.radiopiu.net\/wordpress\/wp-content\/uploads\/2019\/01\/image-2.jpg\" data-dt-img-description=\"\" data-large_image_width=\"558\" data-large_image_height=\"291\"><img loading=\"lazy\" decoding=\"async\" class=\"wp-image-71622 alignleft\" src=\"http:\/\/www.radiopiu.net\/wordpress\/wp-content\/uploads\/2019\/01\/image-2-300x156.jpg\" alt=\"\" width=\"171\" height=\"89\" srcset=\"https:\/\/www.radiopiu.net\/wordpress\/wp-content\/uploads\/2019\/01\/image-2-300x156.jpg 300w, https:\/\/www.radiopiu.net\/wordpress\/wp-content\/uploads\/2019\/01\/image-2.jpg 558w\" sizes=\"auto, (max-width: 171px) 100vw, 171px\" \/><\/a>DE BERNARDIN AD ALLEGHE, FAVRETTI AD AGORDO I NUOVI VICE SINDACO DEGLI ALTRETTANTO NUOVI DE TONI E CHISSALE&#8217;<\/h3>\n<p><strong>DI GIANNI SANTOMASO<\/strong><\/p>\n<audio class=\"wp-audio-shortcode\" id=\"audio-87024-1\" preload=\"none\" style=\"width: 100%;\" controls=\"controls\"><source type=\"audio\/mpeg\" src=\"http:\/\/www.radiopiu.net\/wordpress\/wp-content\/uploads\/2019\/05\/VICE-SINDACI.mp3?_=1\" \/><a href=\"http:\/\/www.radiopiu.net\/wordpress\/wp-content\/uploads\/2019\/05\/VICE-SINDACI.mp3\">http:\/\/www.radiopiu.net\/wordpress\/wp-content\/uploads\/2019\/05\/VICE-SINDACI.mp3<\/a><\/audio>\n<p>LA COMUNICAZIONE DEL SINDACO ROBERTO CHISSALE&#8217; ALLA RADIO<\/p>\n<audio class=\"wp-audio-shortcode\" id=\"audio-87024-2\" preload=\"none\" style=\"width: 100%;\" controls=\"controls\"><source type=\"audio\/mpeg\" src=\"http:\/\/www.radiopiu.net\/wordpress\/wp-content\/uploads\/2019\/05\/CHISSALE.mp3?_=2\" \/><a href=\"http:\/\/www.radiopiu.net\/wordpress\/wp-content\/uploads\/2019\/05\/CHISSALE.mp3\">http:\/\/www.radiopiu.net\/wordpress\/wp-content\/uploads\/2019\/05\/CHISSALE.mp3<\/a><\/audio>\n<p>&nbsp;<\/p>\n<p>&nbsp;<\/p>\n<p>&nbsp;<\/p>\n<p>&nbsp;<\/p>\n<p>&nbsp;<\/p>\n<h2><\/h2>\n<h3>POLIZIA: RESO NOTO IL PIANO RINFORZI PER BELLUNO Sap: \u201cBene per Questura e Commissariato, Male per la Stradale\u201d<\/h3>\n<p><strong><a class=\"dt-pswp-item\" href=\"http:\/\/www.radiopiu.net\/wordpress\/wp-content\/uploads\/2019\/05\/POLIZIAI.jpg\" data-dt-img-description=\"\" data-large_image_width=\"200\" data-large_image_height=\"200\"><img loading=\"lazy\" decoding=\"async\" class=\" wp-image-85743 alignleft\" src=\"http:\/\/www.radiopiu.net\/wordpress\/wp-content\/uploads\/2019\/05\/POLIZIAI.jpg\" alt=\"\" width=\"178\" height=\"178\" srcset=\"https:\/\/www.radiopiu.net\/wordpress\/wp-content\/uploads\/2019\/05\/POLIZIAI.jpg 200w, https:\/\/www.radiopiu.net\/wordpress\/wp-content\/uploads\/2019\/05\/POLIZIAI-150x150.jpg 150w\" sizes=\"auto, (max-width: 178px) 100vw, 178px\" \/><\/a>BELLUNO<\/strong><\/p>\n<p>25 nuovi poliziotti tra Questura e Commissariato di Cortina. A dare l\u2019annuncio \u00e8 il Sap (Sindacato Autonomo di Polizia). Arriveranno in tre scaglioni: 2 nel prossimo mese di luglio, 5 a dicembre e 18 ad aprile 2020. 8 di questi saranno giovani agenti di prima nomina. Non possiamo che essere soddisfatti &#8211; si legge nella nota diffusa dalla Segreteria Provinciale del Sap bellunese &#8211; che afferma: \u201cSiamo finalmente &#8211; e di fatto &#8211; riusciti a far comprendere ai vertici ministeriali che anche a Belluno era necessaria un\u2019inversione di tendenza, se si vuole davvero garantire sicurezza ai cittadini. Belluno \u00e8 si pur sempre un\u2019isola felice rispetto ad altre realt\u00e0, ma \u00e8 innegabile che ci\u00f2 che \u00e8 oggi non \u00e8 pi\u00f9 da tempo ci\u00f2 che era ieri\u201d. Con questi nuovi arrivi &#8211; prosegue il Sap &#8211; si potr\u00e0 iniziare piano piano a colmare il deficit di organico frutto delle scellerate politiche del passato, fatte di tagli lineari e blocco del turnover che hanno letteralmente debilitato l\u2019apparato della sicurezza. Un blocco che ha portato l\u2019organico della Questura da 153 unit\u00e0 nel 2010 alle 139 di oggi. Con questi nuovi arrivi &#8211; continua il Sap &#8211; si potr\u00e0 riprendere un minimale controllo del territorio a Cortina, oggi praticamente assente. Basti pensare che nel 2018, su 1460 servizi di Volante previsti (ovvero 4 al giorno e cio\u00e8 1 per turno) ne sono stati effettuati 317. Da gennaio 2019 ad oggi su 604 ne sono stati effettuati 116. L\u2019organico del Commissariato dalle 32 unit\u00e0 del 2010 \u00e8 passato alle 27 attuali. Con questo potenziamento il deficit di organico oggi pari a 49 unit\u00e0 tra Questura e Commissariato scender\u00e0 quindi a 24, ma il vero dato uscir\u00e0 dopo la proiezione dei pensionamenti, oggi non noti, che interesseranno il 2020. Nel ribadire la nostra odierna soddisfazione &#8211; conclude il Sap bellunese &#8211; auspichiamo che l\u2019attuale Esecutivo continui ad investire in sicurezza, con ulteriori piani di assunzioni che consentano di giungere a breve medio termine ai limiti minimi fissati dal Dipartimento ad ottobre scorso alla presenza del Sottosegretario all\u2019Interno On. Nicola Molteni, ovvero 168 unit\u00e0 di organico per la Questura e 47 unit\u00e0 per il Commissariato di Cortina. Alla soddisfazione per l\u2019incremento di organico di Questura e Commissariato, si contrappone la delusione e l\u2019amarezza per l\u2019ennesimo nulla di fatto per la Polizia Stradale. Ancora una volta nessun rinforzo per la Polstrada, \u00e8 vergognoso! &#8211; dichiara senza mezzi termini il Sap (Sindacato Autonomo di Polizia). Nel piano di distribuzione dei potenziamenti di personale delle Specialit\u00e0, previsti per i prossimi mesi di luglio e dicembre 2019 e aprile 2020, reso noto dal Ministero nella giornata di ieri (30.05), Belluno non compare &#8211; fa sapere il Sap &#8211; che prosegue snocciolando una serie di dati. Nell\u2019ultimo anno gli uffici ministeriali hanno disposto sette piani di potenziamenti per complessive 369 unit\u00e0. Ma di queste nemmeno una destinata alla Polstrada di Belluno. Niente ad aprile, ottobre e dicembre 2018, niente a febbraio 2019 ed ora niente nemmeno a luglio e dicembre e tantomeno ad aprile 2020. Chiss\u00e0 con quale criterio &#8211; si interroga il sindacato, che continua. Da giugno 2010 ad oggi la Polizia Stradale bellunese (Sezione di Belluno e Distaccamenti di Feltre e Valle di Cadore) ha perso 16 unit\u00e0, ovvero quasi il 25% della forza: 10 unit\u00e0 in meno a Belluno, 5 a Feltre, 1 a Valle di Cadore. Con l\u2019attuale organico la Polstrada di Belluno, nell\u2019ordinario, riesce a garantire il servizio su due turni anzich\u00e9 su cinque. L\u2019et\u00e0 media dei pattuglianti \u00e8 sempre pi\u00f9 elevata: 50 anni a Belluno, 51 a Feltre e 46 a Valle di Cadore. Con questi numeri non si riesce pi\u00f9 a garantire una continua presenza sul territorio e non di rado capita che per la concomitante assenza della Polizia Locale e della Polizia Stradale, a rilevare un sinistro stradale sia l\u2019unica Volante presente su strada; sempre pi\u00f9 unica se consideriamo anche recenti ed imprevedibili defezioni del Radiomobile dei Carabinieri. Per poter continuare a garantire un doveroso e necessario servizio alla collettivit\u00e0 &#8211; afferma il Sap bellunese &#8211; servono rinforzi quanto prima. Auspichiamo pertanto &#8211; dichiara il sindacato &#8211; possa essere rivisto il piano dei potenziamenti ora previsto. Tramite la Segreteria Nazionale chiederemo nuovamente al Dipartimento di voler destinare nell\u2019immediato qualche unit\u00e0 anche alla Sezione di Belluno, rammentando ancora una volta che per il bellunese l\u2019ultimo trasferimento ordinario in entrata per il ruolo agenti\/assistenti \u00e8 datato aprile 2012, un agente a Valle di Cadore. L\u2019attenzione per la Polizia Stradale di questa provincia &#8211; conclude il Sap &#8211; non pu\u00f2 continuare ad essere nulla. E per una sorta di confronto, la Segreteria Provinciale del Sap di Belluno rende noti i potenziamenti disposti da aprile 2018 ad aprile 2020 per le altre realt\u00e0 di Polizia Stradale. Ben 84 le province interessate alle quali sono state assegnate complessivamente 369 unit\u00e0. Ecco il dettaglio: 1 unit\u00e0 ad Ancona, Catanzaro, Chieti, Como, Catania, Cosenza, Enna, Grosseto, Oristano, Padova, Perugia, Pordenone, Ravenna, Reggio Calabria, Reggio Emilia, Rimini, Terni e Vicenza; 2 unit\u00e0 ad Avellino, Biella, Cremona, Livorno, Lucca, Nuoro, Pesaro, Pistoia, Potenza, Sassari, Savona, Teramo, Trento, Verbania e Vercelli; 3 unit\u00e0 ad Aosta, L\u2019Aquila, Bolzano, Cuneo, Cosenza, Frosinone, Crotone, Imperia, Latina, Massa Carrara, Novara, Parma, Sondrio, Siracusa, Varese e Vibo Valentia; 4 unit\u00e0 ad Arezzo, Brescia, Cagliari, Caserta, Monza, Milano, Mantova e Palermo; 5 unit\u00e0 ad Alessandria, Foggia, Trapani, Venezia e Verona; 6 unit\u00e0 a Bergamo, Messina, Pisa, Trento e Treviso; 7 unit\u00e0 a La Spezia, Rovigo e Salerno; 8 unit\u00e0 a Bari, Modena, Taranto e Udine; 10 unit\u00e0 a Forl\u00ec; 11 unit\u00e0 a Lodi, Pescara e Torino; 12 unit\u00e0 a Genova; 13 unit\u00e0 a Firenze e Napoli; 15 unit\u00e0 a Bologna e Fermo; 22 unit\u00e0 a Roma.<\/p>\n<p>&nbsp;<\/p>\n<p>&nbsp;<\/p>\n<p>&nbsp;<\/p>\n<h2>PER IL SIULP RISULTATI SIGNIFICATIVI<\/h2>\n<p><strong><a class=\"dt-pswp-item\" href=\"http:\/\/www.radiopiu.net\/wordpress\/wp-content\/uploads\/2018\/10\/Volante-Questura.jpg\" data-dt-img-description=\"\" data-large_image_width=\"768\" data-large_image_height=\"510\"><img loading=\"lazy\" decoding=\"async\" class=\" wp-image-63842 alignleft\" src=\"http:\/\/www.radiopiu.net\/wordpress\/wp-content\/uploads\/2018\/10\/Volante-Questura-300x199.jpg\" alt=\"\" width=\"219\" height=\"145\" \/><\/a>BELLUNO<\/strong> Il Siulp Belluno sul fronte del ripianamento delle carenze degli organici degli uffci della polizia di stato della provincia comincia ad ottenere dei significativi risultati.\u00a0 Nel piano dei potenziamenti previsti per il biennio 2019\/2020, a consuntivo, la Questura di Belluno (comprensiva del commissariato di cortina d\u2019ampezzo) sara\u2019 destinataria di ben 25 unita\u2019. &#8220;Un risultato\u00a0 -dice il Siulp &#8211; sicuramente importante che permetter\u00e0\u2019 di conservare quei parametri minimi vitali per un comparto che garantisce l\u2019ordine e la sicurezza ai cittadini. L\u2019esito conseguito non era ne\u2019 scontato ne\u2019 facile\u2026per questo il Siulp, consapevole del grado di sofferenza e dei limiti ormai raggiunti dei nostri presidi, ha condotta una campagna di sensibilizzazione, seria, coerente, responsabile durata anni. L\u2019aver coinvolto in un continuo processo di sensibilizzazione le istituzioni locali (prefetto, questore), i referenti politici, gli amministratori (giunta regionale veneto e sindaci) ed aver riscontrato in tutti questi nostri referenti un convinto interesse e condivisione di intenti, ci ha condotti a questa positiva risposta da parte del ministero e del dipartimento della p.s&#8221;.<\/p>\n<blockquote><p><em>Oggi\u00a0 &#8211; dice il segreterio generale provinciale Siulp belluno Albino Rossa &#8211;\u00a0 rivolgiamo un sentito ringraziamento a tutte le figure che hanno sostenuto le nostre rivendicazioni ricordando, prima di tutto a noi stessi, che siamo soltanto all\u2019inizio di percorso per un pieno conseguimento degli obiettivi che ci siamo prefissi. dobbiamo, infatti, sostenere l\u2019ulteriore pieno recupero delle risorse umane per il completo ripianamento degli organici sia della questura e del commissariato di cortina, ma anche delle specialita\u2019 della polizia di stato, polizia stradale per prima che purtroppo, e ancora una volta, sono rimaste a margine del piano. rimane ancora e drammaticamente insoluta la questione infrastrutturale\u2026.ma anche su quel fronte continueremo nel nostro incessante impegno. il messaggio odierno, quindi, e\u2019 sicuramente positivo, basti pensare che questure di citta\u2019 metropolitane come milano e napoli saranno destinatarie rispettivamente di 90 e 100 uomini, a fronte di popolazione e indice di criminalita\u2019 di ben altro rilievo rispetto a belluno. la notizia appena condivisa, dunque, ci rida\u2019 slancio per affrontare i prossimi importanti appuntamenti in agenda. <\/em><em>un impegno che, oltre alla categoria, viene profuso anche per il territorio e per i cittadini bellunesi che devono poter sempre contare su un sistema di sicurezza adeguato e presente&#8221;.<\/em><\/p><\/blockquote>\n<p>&nbsp;<\/p>\n<p>&nbsp;<\/p>\n<p>&nbsp;<\/p>\n<h2>INIZIATI I LAVORI A PROTEZIONE DELL&#8217;ABITATO E DELLA VIABILITA&#8217; IN LOCALITA&#8217; LA MORA<\/h2>\n<p><strong>CANALE D&#8217;AGORDO<\/strong><\/p>\n<p>Come gi\u00e0 ampiamente anticipato ieri (vedi servizio successivo) sono iniziati a Canale d&#8217;Agordo i lavori a cura della Provincia per mettere in sicurezza l&#8217;abitato dove di recente \u00e8 caduto un grosso masso arrecando anche danni al muro di sostegno. Di seguito video (Pierantonio Zanchetta_Provincia) e foto<\/p>\n<p><strong>VIDEO 1<\/strong><\/p>\n<div style=\"width: 640px;\" class=\"wp-video\"><video class=\"wp-video-shortcode\" id=\"video-87024-1\" width=\"640\" height=\"352\" preload=\"metadata\" controls=\"controls\"><source type=\"video\/mp4\" src=\"http:\/\/www.radiopiu.net\/wordpress\/wp-content\/uploads\/2019\/06\/WhatsApp-Video-2019-05-31-at-18.07.10-1.mp4?_=1\" \/><a href=\"http:\/\/www.radiopiu.net\/wordpress\/wp-content\/uploads\/2019\/06\/WhatsApp-Video-2019-05-31-at-18.07.10-1.mp4\">http:\/\/www.radiopiu.net\/wordpress\/wp-content\/uploads\/2019\/06\/WhatsApp-Video-2019-05-31-at-18.07.10-1.mp4<\/a><\/video><\/div>\n<div style=\"width: 640px;\" class=\"wp-video\"><video class=\"wp-video-shortcode\" id=\"video-87024-2\" width=\"640\" height=\"352\" preload=\"metadata\" controls=\"controls\"><source type=\"video\/mp4\" src=\"http:\/\/www.radiopiu.net\/wordpress\/wp-content\/uploads\/2019\/06\/WhatsApp-Video-2019-05-31-at-18.07.11.mp4?_=2\" \/><a href=\"http:\/\/www.radiopiu.net\/wordpress\/wp-content\/uploads\/2019\/06\/WhatsApp-Video-2019-05-31-at-18.07.11.mp4\">http:\/\/www.radiopiu.net\/wordpress\/wp-content\/uploads\/2019\/06\/WhatsApp-Video-2019-05-31-at-18.07.11.mp4<\/a><\/video><\/div>\n\n\t\t\t<style type='text\/css'>\n\t\t\t\t#gallery-1 {\n\t\t\t\t\tmargin: auto;\n\t\t\t\t}\n\t\t\t\t#gallery-1 .gallery-item {\n\t\t\t\t\tfloat: left;\n\t\t\t\t\tmargin-top: 10px;\n\t\t\t\t\ttext-align: center;\n\t\t\t\t\twidth: 33%;\n\t\t\t\t}\n\t\t\t\t#gallery-1 img {\n\t\t\t\t\tborder: 2px solid #cfcfcf;\n\t\t\t\t}\n\t\t\t\t#gallery-1 .gallery-caption {\n\t\t\t\t\tmargin-left: 0;\n\t\t\t\t}\n\t\t\t\t\/* see gallery_shortcode() in wp-includes\/media.php *\/\n\t\t\t<\/style>\n\t\t<div id='gallery-1' class='dt-gallery-container gallery galleryid-87024 gallery-columns-3 gallery-size-thumbnail'><dl class='gallery-item'>\n\t\t\t\t<dt class='gallery-icon portrait'>\n\t\t\t\t\t<a class=\"rollover\" href='https:\/\/www.radiopiu.net\/wordpress\/giornale-radiopiu-01-giugno-2019-direttore-mirko-mezzacasa\/whatsapp-image-2019-05-31-at-18-07-05-1\/'><img loading=\"lazy\" decoding=\"async\" width=\"150\" height=\"150\" src=\"https:\/\/www.radiopiu.net\/wordpress\/wp-content\/uploads\/2019\/06\/WhatsApp-Image-2019-05-31-at-18.07.05-1-150x150.jpeg\" class=\"attachment-thumbnail size-thumbnail\" alt=\"\" \/><\/a>\n\t\t\t\t<\/dt><\/dl><dl class='gallery-item'>\n\t\t\t\t<dt class='gallery-icon landscape'>\n\t\t\t\t\t<a class=\"rollover\" href='https:\/\/www.radiopiu.net\/wordpress\/giornale-radiopiu-01-giugno-2019-direttore-mirko-mezzacasa\/whatsapp-image-2019-05-31-at-18-07-08-1\/'><img loading=\"lazy\" decoding=\"async\" width=\"150\" height=\"150\" src=\"https:\/\/www.radiopiu.net\/wordpress\/wp-content\/uploads\/2019\/06\/WhatsApp-Image-2019-05-31-at-18.07.08-1-150x150.jpeg\" class=\"attachment-thumbnail size-thumbnail\" alt=\"\" \/><\/a>\n\t\t\t\t<\/dt><\/dl><dl class='gallery-item'>\n\t\t\t\t<dt class='gallery-icon landscape'>\n\t\t\t\t\t<a class=\"rollover\" href='https:\/\/www.radiopiu.net\/wordpress\/giornale-radiopiu-01-giugno-2019-direttore-mirko-mezzacasa\/whatsapp-image-2019-05-31-at-18-07-08-2\/'><img loading=\"lazy\" decoding=\"async\" width=\"150\" height=\"150\" src=\"https:\/\/www.radiopiu.net\/wordpress\/wp-content\/uploads\/2019\/06\/WhatsApp-Image-2019-05-31-at-18.07.08-2-150x150.jpeg\" class=\"attachment-thumbnail size-thumbnail\" alt=\"\" \/><\/a>\n\t\t\t\t<\/dt><\/dl><br style=\"clear: both\" \/><dl class='gallery-item'>\n\t\t\t\t<dt class='gallery-icon landscape'>\n\t\t\t\t\t<a class=\"rollover\" href='https:\/\/www.radiopiu.net\/wordpress\/giornale-radiopiu-01-giugno-2019-direttore-mirko-mezzacasa\/whatsapp-image-2019-05-31-at-18-07-08\/'><img loading=\"lazy\" decoding=\"async\" width=\"150\" height=\"150\" src=\"https:\/\/www.radiopiu.net\/wordpress\/wp-content\/uploads\/2019\/06\/WhatsApp-Image-2019-05-31-at-18.07.08-150x150.jpeg\" class=\"attachment-thumbnail size-thumbnail\" alt=\"\" \/><\/a>\n\t\t\t\t<\/dt><\/dl><dl class='gallery-item'>\n\t\t\t\t<dt class='gallery-icon landscape'>\n\t\t\t\t\t<a class=\"rollover\" href='https:\/\/www.radiopiu.net\/wordpress\/giornale-radiopiu-01-giugno-2019-direttore-mirko-mezzacasa\/whatsapp-image-2019-05-31-at-18-07-09-2\/'><img loading=\"lazy\" decoding=\"async\" width=\"150\" height=\"150\" src=\"https:\/\/www.radiopiu.net\/wordpress\/wp-content\/uploads\/2019\/06\/WhatsApp-Image-2019-05-31-at-18.07.09-2-150x150.jpeg\" class=\"attachment-thumbnail size-thumbnail\" alt=\"\" \/><\/a>\n\t\t\t\t<\/dt><\/dl><dl class='gallery-item'>\n\t\t\t\t<dt class='gallery-icon landscape'>\n\t\t\t\t\t<a class=\"rollover\" href='https:\/\/www.radiopiu.net\/wordpress\/giornale-radiopiu-01-giugno-2019-direttore-mirko-mezzacasa\/whatsapp-image-2019-05-31-at-18-07-10-1\/'><img loading=\"lazy\" decoding=\"async\" width=\"150\" height=\"150\" src=\"https:\/\/www.radiopiu.net\/wordpress\/wp-content\/uploads\/2019\/06\/WhatsApp-Image-2019-05-31-at-18.07.10-1-150x150.jpeg\" class=\"attachment-thumbnail size-thumbnail\" alt=\"\" \/><\/a>\n\t\t\t\t<\/dt><\/dl><br style=\"clear: both\" \/><dl class='gallery-item'>\n\t\t\t\t<dt class='gallery-icon landscape'>\n\t\t\t\t\t<a class=\"rollover\" href='https:\/\/www.radiopiu.net\/wordpress\/giornale-radiopiu-01-giugno-2019-direttore-mirko-mezzacasa\/whatsapp-image-2019-05-31-at-18-07-09\/'><img loading=\"lazy\" decoding=\"async\" width=\"150\" height=\"150\" src=\"https:\/\/www.radiopiu.net\/wordpress\/wp-content\/uploads\/2019\/06\/WhatsApp-Image-2019-05-31-at-18.07.09-150x150.jpeg\" class=\"attachment-thumbnail size-thumbnail\" alt=\"\" \/><\/a>\n\t\t\t\t<\/dt><\/dl><dl class='gallery-item'>\n\t\t\t\t<dt class='gallery-icon landscape'>\n\t\t\t\t\t<a class=\"rollover\" href='https:\/\/www.radiopiu.net\/wordpress\/giornale-radiopiu-01-giugno-2019-direttore-mirko-mezzacasa\/whatsapp-image-2019-05-31-at-18-07-05\/'><img loading=\"lazy\" decoding=\"async\" width=\"150\" height=\"150\" src=\"https:\/\/www.radiopiu.net\/wordpress\/wp-content\/uploads\/2019\/06\/WhatsApp-Image-2019-05-31-at-18.07.05-150x150.jpeg\" class=\"attachment-thumbnail size-thumbnail\" alt=\"\" \/><\/a>\n\t\t\t\t<\/dt><\/dl><dl class='gallery-item'>\n\t\t\t\t<dt class='gallery-icon landscape'>\n\t\t\t\t\t<a class=\"rollover\" href='https:\/\/www.radiopiu.net\/wordpress\/giornale-radiopiu-01-giugno-2019-direttore-mirko-mezzacasa\/whatsapp-image-2019-05-31-at-18-07-09-1\/'><img loading=\"lazy\" decoding=\"async\" width=\"150\" height=\"150\" src=\"https:\/\/www.radiopiu.net\/wordpress\/wp-content\/uploads\/2019\/06\/WhatsApp-Image-2019-05-31-at-18.07.09-1-150x150.jpeg\" class=\"attachment-thumbnail size-thumbnail\" alt=\"\" \/><\/a>\n\t\t\t\t<\/dt><\/dl><br style=\"clear: both\" \/><dl class='gallery-item'>\n\t\t\t\t<dt class='gallery-icon landscape'>\n\t\t\t\t\t<a class=\"rollover\" href='https:\/\/www.radiopiu.net\/wordpress\/giornale-radiopiu-01-giugno-2019-direttore-mirko-mezzacasa\/whatsapp-image-2019-05-31-at-18-07-10-2\/'><img loading=\"lazy\" decoding=\"async\" width=\"150\" height=\"150\" src=\"https:\/\/www.radiopiu.net\/wordpress\/wp-content\/uploads\/2019\/06\/WhatsApp-Image-2019-05-31-at-18.07.10-2-150x150.jpeg\" class=\"attachment-thumbnail size-thumbnail\" alt=\"\" \/><\/a>\n\t\t\t\t<\/dt><\/dl><dl class='gallery-item'>\n\t\t\t\t<dt class='gallery-icon landscape'>\n\t\t\t\t\t<a class=\"rollover\" href='https:\/\/www.radiopiu.net\/wordpress\/giornale-radiopiu-01-giugno-2019-direttore-mirko-mezzacasa\/whatsapp-image-2019-05-31-at-18-07-10\/'><img loading=\"lazy\" decoding=\"async\" width=\"150\" height=\"150\" src=\"https:\/\/www.radiopiu.net\/wordpress\/wp-content\/uploads\/2019\/06\/WhatsApp-Image-2019-05-31-at-18.07.10-150x150.jpeg\" class=\"attachment-thumbnail size-thumbnail\" alt=\"\" \/><\/a>\n\t\t\t\t<\/dt><\/dl><dl class='gallery-item'>\n\t\t\t\t<dt class='gallery-icon landscape'>\n\t\t\t\t\t<a class=\"rollover\" href='https:\/\/www.radiopiu.net\/wordpress\/giornale-radiopiu-01-giugno-2019-direttore-mirko-mezzacasa\/whatsapp-image-2019-05-31-at-18-07-05-2\/'><img loading=\"lazy\" decoding=\"async\" width=\"150\" height=\"150\" src=\"https:\/\/www.radiopiu.net\/wordpress\/wp-content\/uploads\/2019\/06\/WhatsApp-Image-2019-05-31-at-18.07.05-2-150x150.jpeg\" class=\"attachment-thumbnail size-thumbnail\" alt=\"\" \/><\/a>\n\t\t\t\t<\/dt><\/dl><br style=\"clear: both\" \/><dl class='gallery-item'>\n\t\t\t\t<dt class='gallery-icon landscape'>\n\t\t\t\t\t<a class=\"rollover\" href='https:\/\/www.radiopiu.net\/wordpress\/giornale-radiopiu-01-giugno-2019-direttore-mirko-mezzacasa\/whatsapp-image-2019-05-31-at-18-07-06-1\/'><img loading=\"lazy\" decoding=\"async\" width=\"150\" height=\"150\" src=\"https:\/\/www.radiopiu.net\/wordpress\/wp-content\/uploads\/2019\/06\/WhatsApp-Image-2019-05-31-at-18.07.06-1-150x150.jpeg\" class=\"attachment-thumbnail size-thumbnail\" alt=\"\" \/><\/a>\n\t\t\t\t<\/dt><\/dl><dl class='gallery-item'>\n\t\t\t\t<dt class='gallery-icon landscape'>\n\t\t\t\t\t<a class=\"rollover\" href='https:\/\/www.radiopiu.net\/wordpress\/giornale-radiopiu-01-giugno-2019-direttore-mirko-mezzacasa\/whatsapp-image-2019-05-31-at-18-07-06\/'><img loading=\"lazy\" decoding=\"async\" width=\"150\" height=\"150\" src=\"https:\/\/www.radiopiu.net\/wordpress\/wp-content\/uploads\/2019\/06\/WhatsApp-Image-2019-05-31-at-18.07.06-150x150.jpeg\" class=\"attachment-thumbnail size-thumbnail\" alt=\"\" \/><\/a>\n\t\t\t\t<\/dt><\/dl><dl class='gallery-item'>\n\t\t\t\t<dt class='gallery-icon landscape'>\n\t\t\t\t\t<a class=\"rollover\" href='https:\/\/www.radiopiu.net\/wordpress\/giornale-radiopiu-01-giugno-2019-direttore-mirko-mezzacasa\/whatsapp-image-2019-05-31-at-18-07-07-1\/'><img loading=\"lazy\" decoding=\"async\" width=\"150\" height=\"150\" src=\"https:\/\/www.radiopiu.net\/wordpress\/wp-content\/uploads\/2019\/06\/WhatsApp-Image-2019-05-31-at-18.07.07-1-150x150.jpeg\" class=\"attachment-thumbnail size-thumbnail\" alt=\"\" \/><\/a>\n\t\t\t\t<\/dt><\/dl><br style=\"clear: both\" \/>\n\t\t\t<\/div>\n\n<h2>DAL NOTIZIARIO DI IERI<\/h2>\n<blockquote class=\"wp-embedded-content\" data-secret=\"nWe2bCDB1V\"><p><a href=\"http:\/\/www.radiopiu.net\/wordpress\/promesse-mantenute-via-ai-lavori-anche-a-la-mora\/\">PROMESSE MANTENUTE, VIA AI LAVORI ANCHE A LA MORA<\/a><\/p><\/blockquote>\n<p><iframe loading=\"lazy\" class=\"wp-embedded-content\" sandbox=\"allow-scripts\" security=\"restricted\" style=\"position: absolute; clip: rect(1px, 1px, 1px, 1px);\" src=\"http:\/\/www.radiopiu.net\/wordpress\/promesse-mantenute-via-ai-lavori-anche-a-la-mora\/embed\/#?secret=nWe2bCDB1V\" data-secret=\"nWe2bCDB1V\" width=\"600\" height=\"338\" title=\"&#8220;PROMESSE MANTENUTE, VIA AI LAVORI ANCHE A LA MORA&#8221; &#8212; Radio Pi\u00f9\" frameborder=\"0\" marginwidth=\"0\" marginheight=\"0\" scrolling=\"no\"><\/iframe><\/p>\n<p>&nbsp;<\/p>\n<p>&nbsp;<\/p>\n<p>&nbsp;<\/p>\n<h1>SCHIUCAZ ALPAGO, VENETO STRADE AL LAVORO<\/h1>\n<p><a class=\"dt-pswp-item\" href=\"http:\/\/www.radiopiu.net\/wordpress\/wp-content\/uploads\/2019\/06\/61556105_2271922056209875_6619841507165732864_n.jpg\" data-dt-img-description=\"\" data-large_image_width=\"720\" data-large_image_height=\"960\"><img loading=\"lazy\" decoding=\"async\" class=\"alignnone size-medium wp-image-87096\" src=\"http:\/\/www.radiopiu.net\/wordpress\/wp-content\/uploads\/2019\/06\/61556105_2271922056209875_6619841507165732864_n-225x300.jpg\" alt=\"\" width=\"225\" height=\"300\" srcset=\"https:\/\/www.radiopiu.net\/wordpress\/wp-content\/uploads\/2019\/06\/61556105_2271922056209875_6619841507165732864_n-225x300.jpg 225w, https:\/\/www.radiopiu.net\/wordpress\/wp-content\/uploads\/2019\/06\/61556105_2271922056209875_6619841507165732864_n.jpg 720w\" sizes=\"auto, (max-width: 225px) 100vw, 225px\" \/><\/a><a class=\"dt-pswp-item\" href=\"http:\/\/www.radiopiu.net\/wordpress\/wp-content\/uploads\/2019\/06\/61466767_2271921886209892_6498622046715510784_n.jpg\" data-dt-img-description=\"\" data-large_image_width=\"720\" data-large_image_height=\"960\"><img loading=\"lazy\" decoding=\"async\" class=\"alignnone size-medium wp-image-87097\" src=\"http:\/\/www.radiopiu.net\/wordpress\/wp-content\/uploads\/2019\/06\/61466767_2271921886209892_6498622046715510784_n-225x300.jpg\" alt=\"\" width=\"225\" height=\"300\" srcset=\"https:\/\/www.radiopiu.net\/wordpress\/wp-content\/uploads\/2019\/06\/61466767_2271921886209892_6498622046715510784_n-225x300.jpg 225w, https:\/\/www.radiopiu.net\/wordpress\/wp-content\/uploads\/2019\/06\/61466767_2271921886209892_6498622046715510784_n.jpg 720w\" sizes=\"auto, (max-width: 225px) 100vw, 225px\" \/><\/a><a class=\"dt-pswp-item\" href=\"http:\/\/www.radiopiu.net\/wordpress\/wp-content\/uploads\/2019\/06\/61566536_2271921829543231_6003907879403257856_n.jpg\" data-dt-img-description=\"\" data-large_image_width=\"720\" data-large_image_height=\"960\"><img loading=\"lazy\" decoding=\"async\" class=\"alignnone size-medium wp-image-87098\" src=\"http:\/\/www.radiopiu.net\/wordpress\/wp-content\/uploads\/2019\/06\/61566536_2271921829543231_6003907879403257856_n-225x300.jpg\" alt=\"\" width=\"225\" height=\"300\" srcset=\"https:\/\/www.radiopiu.net\/wordpress\/wp-content\/uploads\/2019\/06\/61566536_2271921829543231_6003907879403257856_n-225x300.jpg 225w, https:\/\/www.radiopiu.net\/wordpress\/wp-content\/uploads\/2019\/06\/61566536_2271921829543231_6003907879403257856_n.jpg 720w\" sizes=\"auto, (max-width: 225px) 100vw, 225px\" \/><\/a><\/p>\n<p>&nbsp;<\/p>\n<p>&nbsp;<\/p>\n<p>&nbsp;<\/p>\n<p>&nbsp;<\/p>\n<p>&nbsp;<\/p>\n<h3><span style=\"color: #339966;\">GIRO NEL BELLUNESE ALLA VIGILIA DEL TAPPONE FELTRINO CREMONESE<\/span>: \u00abRISPOSTA STRAORDINARIA DEGLI <span style=\"color: #ff0000;\">OPERATORI E DELL\u2019INTERA COMUNIT\u00c0<\/span><\/h3>\n<p><strong>BELLUNO<\/strong> \u00abLa risposta degli operatori \u00e8 straordinaria, cos\u00ec come quella delle amministrazioni e dei cittadini. Sar\u00e0 una tappa memorabile che consacrer\u00e0 Feltre e la nostra montagna terra di pedali\u00bb. Cos\u00ec Alessio Cremonese, vicepresidente di Confindustria Belluno Dolomiti con delega ai grandi eventi, commenta l\u2019arrivo del Giro d\u2019Italia nel Bellunese. Dopo la Valdaora-Santa Maria di Sala che nella giornata di ieri ha attraversato Ampezzo, Valle del Boite, Pieve di Cadore, Longarone, Alpago, Fadalto e l\u2019odierna Treviso-San Martino di Castrozza che interesser\u00e0 Basso Feltrino e Feltrino occidentale, per domani i riflettori del grande sport nazionale saranno puntati sul tappone dolomitico Feltre-Monte Avena-Croce d\u2019Aune con i celeberrimi Manghen e Rolle. \u00abIl clima \u00e8 entusiasmante e la macchina organizzata \u00e8 in pieno movimento\u00bb, commenta Cremonese, che ricorda come il Giro non sia solo un fatto sportivo, ma anche economico: \u00abPensiamo solo alla visibilit\u00e0 che avr\u00e0 Cima Campo o lo stesso Monte Avena, reduce dai Mondiali di Parapendio. Sono previste migliaia di presenze da ogni angolo d\u2019Italia e non solo. Con il bel tempo e i nostri paesi tirati a lucido offriremo la migliore cartolina possibile\u00bb. \u00abLa strada dei grandi eventi e della collaborazione con Istituzioni, sponsor, grandi Testate (come Rcs per il Giro) si sta dimostrando quella giusta: dobbiamo continuare a percorrerla e pensare al nostro futuro in grande perch\u00e9 non abbiamo niente da invidiare a nessuno, anzi\u00bb, rimarca Cremonese. \u00abUn ringraziamento come Confindustria va in particolare a tutti gli operatori economici che stanno collaborando a vario titolo alla riuscita di questi tre giorni di grande ciclismo. Abbiamo saputo fare rete con le Amministrazioni pubbliche, il volontariato, le forze dell\u2019ordine, la cittadinanza. Questo Giro ci consente di far vedere le nostre montagne al meglio dopo la devastazione di Vaia. Avanti cos\u00ec\u00bb.<\/p>\n<p>&nbsp;<\/p>\n<p>&nbsp;<\/p>\n<p>&nbsp;<\/p>\n<h2>DOMANI, DOMENICA DA LATTERIE APERTE IN VAL BELLUNA<\/h2>\n<p><strong>BELLUNO<\/strong><\/p>\n<p><strong>DAMIANO TORMEN<\/strong><\/p>\n<audio class=\"wp-audio-shortcode\" id=\"audio-87024-3\" preload=\"none\" style=\"width: 100%;\" controls=\"controls\"><source type=\"audio\/mpeg\" src=\"http:\/\/www.radiopiu.net\/wordpress\/wp-content\/uploads\/2019\/05\/DAMIANO-LATTERIA.mp3?_=3\" \/><a href=\"http:\/\/www.radiopiu.net\/wordpress\/wp-content\/uploads\/2019\/05\/DAMIANO-LATTERIA.mp3\">http:\/\/www.radiopiu.net\/wordpress\/wp-content\/uploads\/2019\/05\/DAMIANO-LATTERIA.mp3<\/a><\/audio>\n<p>&nbsp;<\/p>\n<h3><\/h3>\n<p>&nbsp;<\/p>\n<p>&nbsp;<\/p>\n<p>&nbsp;<\/p>\n<h3>Parco Nazionale delle Dolomiti Bellunesi. De Carlo: \u201cBasta con questo stallo dannoso, Problema di nomi? FdI propone Sabrina Graziani\u201d<\/h3>\n<p>audio dalla rassegna stampa delle 8.05<\/p>\n<audio class=\"wp-audio-shortcode\" id=\"audio-87024-4\" preload=\"none\" style=\"width: 100%;\" controls=\"controls\"><source type=\"audio\/mpeg\" src=\"http:\/\/www.radiopiu.net\/wordpress\/wp-content\/uploads\/2019\/06\/de-carlo.mp3?_=4\" \/><a href=\"http:\/\/www.radiopiu.net\/wordpress\/wp-content\/uploads\/2019\/06\/de-carlo.mp3\">http:\/\/www.radiopiu.net\/wordpress\/wp-content\/uploads\/2019\/06\/de-carlo.mp3<\/a><\/audio>\n<p>&nbsp;<\/p>\n<p><strong><a class=\"dt-pswp-item\" href=\"http:\/\/www.radiopiu.net\/wordpress\/wp-content\/uploads\/2019\/05\/image-1.jpg\" data-dt-img-description=\"\" data-large_image_width=\"960\" data-large_image_height=\"540\"><img loading=\"lazy\" decoding=\"async\" class=\" wp-image-87041 alignleft\" src=\"http:\/\/www.radiopiu.net\/wordpress\/wp-content\/uploads\/2019\/05\/image-1-300x169.jpg\" alt=\"\" width=\"199\" height=\"112\" srcset=\"https:\/\/www.radiopiu.net\/wordpress\/wp-content\/uploads\/2019\/05\/image-1-300x169.jpg 300w, https:\/\/www.radiopiu.net\/wordpress\/wp-content\/uploads\/2019\/05\/image-1-768x432.jpg 768w, https:\/\/www.radiopiu.net\/wordpress\/wp-content\/uploads\/2019\/05\/image-1.jpg 960w\" sizes=\"auto, (max-width: 199px) 100vw, 199px\" \/><\/a>ROMA<\/strong> Sui 24 parchi nazionali esistenti in Italia, dieci sono senza presidente e due sono commissariati; tra quelli in attesa da anni della nomina di un presidente c&#8217;\u00e8 anche il Parco Nazionale delle Dolomiti Bellunesi. Di fronte a questa preoccupante situazione, l&#8217;onorevole Luca De Carlo di Fratelli d&#8217;Italia ha interrogato il Ministro dell&#8217;Ambiente, Sergio Costa: \u201cNon capiamo il motivo di questo ritardo: non lo capivamo prima, quando Regione e Governo avevano due colori diversi, lo capiamo ancor meno adesso che dovrebbero essere in piena sintonia\u201d. Per De Carlo, lo stallo \u00e8 legato ai nomi messi sul tavolo nei mesi scorsi, e cos\u00ec rilancia: \u201cCome Fratelli d&#8217;Italia, gi\u00e0 da tempo ci eravamo detti disponibili a proporre un nome che potesse sbloccare la situazione. <em><strong>Per noi, il nome giusto \u00e8 quello di Sabrina Graziani (FOTO): dalla sua, ha l&#8217;esperienza da amministratrice, come sindaco di Soverzene, e la vicinanza al mondo ambientale, essendo un&#8217;imprenditrice agricola, titolare di un agriturismo e di un allevamento biologico.<\/strong><\/em> Questo per noi \u00e8 l&#8217;identikit perfetto del Presidente del Parco, un connubio tra esperienza amministrativa, agricoltura e turismo; una nomina cos\u00ec delicata non pu\u00f2 essere il frutto di qualche giochetto della politica che alla fine tira sempre fuori i nomi dei soliti noti\u201d. \u201cIl ministro Costa ha raccolto il nostro appello sul ripristino del Corpo Forestale dello Stato, ora ascolti anche questa richiesta\u201d, conclude De Carlo. \u201cQuesto stallo \u00e8 molto dannoso per un&#8217;area, come quella bellunese, dove la cura dell&#8217;ambiente \u00e8 fondamentale per la difesa del territorio e per lo sviluppo economico e sociale\u201d.<\/p>\n<p>&nbsp;<\/p>\n<p>&nbsp;<\/p>\n<p>&nbsp;<\/p>\n<h2>\u201cDateci retta\u201d: pensionati Cisl Fnp in piazza a Roma<\/h2>\n<p><strong>ROMA<\/strong> Pensionati bellunesi della Cisl Fnp Belluno Treviso pronti per la manifestazione promossa da Spi Cgil, Fnp Cisl e Uilp Uil nazionali in piazza San Giovanni a Roma. \u201cDateci retta\u201d \u00e8 lo slogan scelto dai Sindacati dei Pensionati per chiedere al governo maggiore impegno sui temi che riguardano gli anziani: sanit\u00e0, non autosufficienza, fiscalit\u00e0, previdenza. La manifestazione rappresenta il traguardo finale di un percorso di mobilitazione iniziato lo scorso 9 maggio attraverso le tre grandi assemblee unitarie di Padova, Roma e Napoli. <em>\u201cSu temi di grande rilevanza per la vita delle persone anziane e delle loro famiglie, come fiscalit\u00e0 e sanit\u00e0 &#8211; spiega Rino Dal Ben, segretario generale della Cisl Fnp Belluno Treviso -, il governo ha scelto di non dare ascolto alle nostre richieste: per questo si \u00e8 resa necessaria una grande mobilitazione che ha l\u2019obiettivo di impedire che si continui con politiche sbagliate che danneggiano la condizione di vita gi\u00e0 difficile dei pensionati\u201d.<\/em><\/p>\n<p>&nbsp;<\/p>\n<p>&nbsp;<\/p>\n<p>&nbsp;<\/p>\n<h2>BOITO CONFERMATO ALLA GUIDA DI CERTOTTICA<\/h2>\n<p><a class=\"dt-pswp-item\" href=\"http:\/\/www.radiopiu.net\/wordpress\/wp-content\/uploads\/2019\/05\/Un-momento-dellAssemblea2.jpg\" data-dt-img-description=\"\" data-large_image_width=\"1280\" data-large_image_height=\"960\"><img loading=\"lazy\" decoding=\"async\" class=\"size-medium wp-image-87016 alignleft\" src=\"http:\/\/www.radiopiu.net\/wordpress\/wp-content\/uploads\/2019\/05\/Un-momento-dellAssemblea2-300x225.jpg\" alt=\"\" width=\"300\" height=\"225\" srcset=\"https:\/\/www.radiopiu.net\/wordpress\/wp-content\/uploads\/2019\/05\/Un-momento-dellAssemblea2-300x225.jpg 300w, https:\/\/www.radiopiu.net\/wordpress\/wp-content\/uploads\/2019\/05\/Un-momento-dellAssemblea2-768x576.jpg 768w, https:\/\/www.radiopiu.net\/wordpress\/wp-content\/uploads\/2019\/05\/Un-momento-dellAssemblea2-1024x768.jpg 1024w, https:\/\/www.radiopiu.net\/wordpress\/wp-content\/uploads\/2019\/05\/Un-momento-dellAssemblea2.jpg 1280w\" sizes=\"auto, (max-width: 300px) 100vw, 300px\" \/><\/a><strong>LONGARONE<\/strong> Certottica ancora da record come da bilancio 2018 appena approvato: ricavi complessivi oltre i 3 milioni di euro, in aumento dell\u201911% rispetto all\u2019anno precedente, con un trend in crescita anche nel primo trimestre 2019. Tra i punti di forza, l\u2019Area Certificazione che ha visto importanti new entry nel portafoglio clienti e l\u2019Area Formazione, che ha ampliato i propri servizi, gettando le basi per il politecnico dell\u2019occhiale che prender\u00e0 corpo nel futuro prossimo. Successi risultati che hanno contribuito alla conferma di\u00a0 Luigino Boito alla presidenza di Certottica. Vertici invariati\u00a0 con i due Vice Presidenti Giannino Lorenzon\u00a0 e Gianni Vetrini di Barberini. Gli altri membri, nominati all\u2019unanimit\u00e0 su segnalazion di Callisto Fedon: Gianni Vetrini di Barberini, Nicola Del Din di Pramaor, Cirillo Marcolin, Vice Presidente di Confindustria Moda, Michele Aracri di De Rigo Vision e Cristiano Milone di Mirage, realt\u00e0 del Distretto di Varese. Riconfermato Tiziano De Toffol in rappresentanza di FRAV e altre Associazioni di categoria. Per la Provincia di Belluno e gli altri enti pubblici locali i consiglieri sono Marco Staunovo Polacco, Sindaco di Comelico Superiore e Luca Businaro, Presidente di Federvarie. La rappresentanza degli Enti Camerali \u00e8 affidata a Giannino Lorenzon e Fabrizio Brogi di Nau, mentre per Confindustria Belluno Dolomiti e Unindustria TV \u00e8 stato riconfermato Renato Sopracolle.<\/p>\n<blockquote><p><em>La controllata Dolomiticert, che si occupa di certificazione dei Dispositivi di Protezione Individuale da capo a piedi, escluso l\u2019occhio, della quale Boito \u00e8 Amministratore unico, ha chiuso il 2018 con ricavi pari a 1.170.000 euro, in crescita del 17% rispetto al 2017.<\/em><\/p><\/blockquote>\n<p>&nbsp;<\/p>\n<p>&nbsp;<\/p>\n<h3>UNA NUOVA TUTELA PER LE DONNE VITTIME DI VIOLENZA: DEFINITA UNA PROCEDURA OPERATIVA PER LA LORO PRIMA ACCOGLIENZA.<\/h3>\n<p><strong>BELLUNO<\/strong> Marted\u00ec alle 12, sar\u00e0 presentato in Prefettura una protocollo d\u2019intervento, definito d\u2019intesa con la Provincia di Belluno, la ULSS n. 1 Dolomiti, la Federalberghi di Belluno ed il Comitato d\u2019Intesa, per garantire la prima accoglienza di donne vittime di violenza che debbano allontanarsi dalla propria abitazione. L\u2019iniziativa rientra tra quelle previste nel protocollo d\u2019intesa per la costituzione di una task \u2013 force istituzionale per la promozione di strategie condivise finalizzate alla prevenzione ed al contrasto della violenza contro le persone in condizioni di vulnerabilit\u00e0. Tra le finalit\u00e0 del protocollo c\u2019\u00e8 infatti quella di attivare interventi di accoglienza, protezione, solidariet\u00e0, sostegno e soccorso alle donne e\/o minori vittime di maltrattamenti fisici e psicologici.<\/p>\n<p>&nbsp;<\/p>\n<p>&nbsp;<\/p>\n<h2>DALLA BANCA IL DEFIBRILLATORE SALVAVITA di GIANNI SANTOMASO<\/h2>\n<div class=\"articlePlainTitle\"><strong>FALCADE\u00a0<\/strong> La banca non solo dispensatrice di servizi e denaro, ma anche presidio salvavita. \u00c8 stato infatti installato all&#8217;esterno della filiale di Falcade della Cassa Rurale Dolomiti di Fassa, Primiero e Belluno, in Via Roma 5, un defibrillatore automatico per la collettivit\u00e0.<\/div>\n<div><strong>audio dal notiziario principale di RADIO PIU<\/strong><\/div>\n<div>\n<audio class=\"wp-audio-shortcode\" id=\"audio-87024-5\" preload=\"none\" style=\"width: 100%;\" controls=\"controls\"><source type=\"audio\/mpeg\" src=\"http:\/\/www.radiopiu.net\/wordpress\/wp-content\/uploads\/2019\/05\/GIANNI.mp3?_=5\" \/><a href=\"http:\/\/www.radiopiu.net\/wordpress\/wp-content\/uploads\/2019\/05\/GIANNI.mp3\">http:\/\/www.radiopiu.net\/wordpress\/wp-content\/uploads\/2019\/05\/GIANNI.mp3<\/a><\/audio>\n<p><a class=\"dt-pswp-item\" href=\"http:\/\/www.radiopiu.net\/wordpress\/wp-content\/uploads\/2019\/05\/WhatsApp-Image-2019-05-31-at-08.15.36.jpeg\" data-dt-img-description=\"\" data-large_image_width=\"1600\" data-large_image_height=\"1200\"><img loading=\"lazy\" decoding=\"async\" class=\"alignnone wp-image-86987\" src=\"http:\/\/www.radiopiu.net\/wordpress\/wp-content\/uploads\/2019\/05\/WhatsApp-Image-2019-05-31-at-08.15.36-300x225.jpeg\" alt=\"\" width=\"271\" height=\"203\" srcset=\"https:\/\/www.radiopiu.net\/wordpress\/wp-content\/uploads\/2019\/05\/WhatsApp-Image-2019-05-31-at-08.15.36-300x225.jpeg 300w, https:\/\/www.radiopiu.net\/wordpress\/wp-content\/uploads\/2019\/05\/WhatsApp-Image-2019-05-31-at-08.15.36-768x576.jpeg 768w, https:\/\/www.radiopiu.net\/wordpress\/wp-content\/uploads\/2019\/05\/WhatsApp-Image-2019-05-31-at-08.15.36-1024x768.jpeg 1024w, https:\/\/www.radiopiu.net\/wordpress\/wp-content\/uploads\/2019\/05\/WhatsApp-Image-2019-05-31-at-08.15.36.jpeg 1600w\" sizes=\"auto, (max-width: 271px) 100vw, 271px\" \/><\/a><a class=\"dt-pswp-item\" href=\"http:\/\/www.radiopiu.net\/wordpress\/wp-content\/uploads\/2019\/05\/WhatsApp-Image-2019-05-31-at-08.15.34-1.jpeg\" data-dt-img-description=\"\" data-large_image_width=\"1600\" data-large_image_height=\"1200\"><img loading=\"lazy\" decoding=\"async\" class=\"alignnone wp-image-86984\" src=\"http:\/\/www.radiopiu.net\/wordpress\/wp-content\/uploads\/2019\/05\/WhatsApp-Image-2019-05-31-at-08.15.34-1-300x225.jpeg\" alt=\"\" width=\"254\" height=\"191\" srcset=\"https:\/\/www.radiopiu.net\/wordpress\/wp-content\/uploads\/2019\/05\/WhatsApp-Image-2019-05-31-at-08.15.34-1-300x225.jpeg 300w, https:\/\/www.radiopiu.net\/wordpress\/wp-content\/uploads\/2019\/05\/WhatsApp-Image-2019-05-31-at-08.15.34-1-768x576.jpeg 768w, https:\/\/www.radiopiu.net\/wordpress\/wp-content\/uploads\/2019\/05\/WhatsApp-Image-2019-05-31-at-08.15.34-1-1024x768.jpeg 1024w, https:\/\/www.radiopiu.net\/wordpress\/wp-content\/uploads\/2019\/05\/WhatsApp-Image-2019-05-31-at-08.15.34-1.jpeg 1600w\" sizes=\"auto, (max-width: 254px) 100vw, 254px\" \/><\/a><\/p>\n<\/div>\n<p>&nbsp;<\/p>\n<p>&nbsp;<\/p>\n<h3>GLI STERN SULL\u2019 \u201cATTEGGIAMENTO AL RISPETTO DELL\u2019ESSERE UMANO\u201d<\/h3>\n<p>DI RENATO BONA<\/p>\n<p><strong><a class=\"dt-pswp-item\" href=\"http:\/\/www.radiopiu.net\/wordpress\/wp-content\/uploads\/2019\/05\/61461396_1054231448116428_7462199694739898368_n.jpg\" data-dt-img-description=\"\" data-large_image_width=\"320\" data-large_image_height=\"431\"><img loading=\"lazy\" decoding=\"async\" class=\"size-medium wp-image-87031 alignleft\" src=\"http:\/\/www.radiopiu.net\/wordpress\/wp-content\/uploads\/2019\/05\/61461396_1054231448116428_7462199694739898368_n-223x300.jpg\" alt=\"\" width=\"223\" height=\"300\" srcset=\"https:\/\/www.radiopiu.net\/wordpress\/wp-content\/uploads\/2019\/05\/61461396_1054231448116428_7462199694739898368_n-223x300.jpg 223w, https:\/\/www.radiopiu.net\/wordpress\/wp-content\/uploads\/2019\/05\/61461396_1054231448116428_7462199694739898368_n.jpg 320w\" sizes=\"auto, (max-width: 223px) 100vw, 223px\" \/><\/a>CORTINA<\/strong> \u201cL\u2019atteggiamento al rispetto dell\u2019essere umano\u201d \u00e8 il tema di un incontro promosso dal Centro Montessori Cortina &#8211; patrocinato dai Comuni di Belluno e Cortina, dall\u2019associazione Montessori di Brescia, da Onsieme per il Closlieu, Institut Arfno Stern e dal Credito cooperativo e Cassa rurale artigiana cortinesi &#8211; per\u00a0 oggi dalle 16 alle 19 nella Spes Arena di Lambioi a Belluno dove Arno ed Andr\u00e9 Stern, padre e figlio, terranno una conferenza formativa aperta a tutti (prenotazione obbligatoria su eventibrite.it, il costo \u00e8 fissato in 25 euro). Il \u201cMontessori Cortina\u201d \u00e8 attivo da quattro lustri a Zuel di Sotto ed offre: un Nido Montessori (1-3), una Casa dei Bambini (3-6) <a class=\"dt-pswp-item\" href=\"http:\/\/www.radiopiu.net\/wordpress\/wp-content\/uploads\/2019\/05\/61517860_430282681127460_5200348536595546112_n.jpg\" data-dt-img-description=\"\" data-large_image_width=\"661\" data-large_image_height=\"773\"><img loading=\"lazy\" decoding=\"async\" class=\" wp-image-87032 alignright\" src=\"http:\/\/www.radiopiu.net\/wordpress\/wp-content\/uploads\/2019\/05\/61517860_430282681127460_5200348536595546112_n-257x300.jpg\" alt=\"\" width=\"181\" height=\"211\" srcset=\"https:\/\/www.radiopiu.net\/wordpress\/wp-content\/uploads\/2019\/05\/61517860_430282681127460_5200348536595546112_n-257x300.jpg 257w, https:\/\/www.radiopiu.net\/wordpress\/wp-content\/uploads\/2019\/05\/61517860_430282681127460_5200348536595546112_n.jpg 661w\" sizes=\"auto, (max-width: 181px) 100vw, 181px\" \/><\/a>ed una Primaria Montessori (6-10). Il Centro coordina e offre aggiornamenti e opportunit\u00e0 di crescita su tematiche di interesse relative al mondo della scuola, dell\u2019educazione e della crescita dei minori. Arno Stern (95 anni, pedagogista e ricercatore il cui lavoro \u201csi basa sull\u2019assoluto rispetto delle disposizioni spontanee dell\u2019essere umano\u201d ha fondato l\u2019Arno Stern Institute ed un campo di ricerca scientifica chiamato Semiologia dell\u2019espressione. Suo figlio Andr\u00e8 \u00e8 liutaio, compositore, giornalista e autore di diversi best sellers; collabora con il neurobiologo tedesco dott. Gerard Huther ed \u00e8 direttore dell\u2019iniziativa \u201cUomini di domani\u201d oltre che ceo dell\u2019Arno Stern Institute. NELLE FOTO: Arno e Andr\u00e8 Stern e\u00a0 il logo.<\/p>\n<p>&nbsp;<\/p>\n<p>&nbsp;<\/p>\n<p>&nbsp;<\/p>\n<h2>LE ORIGINI DI SANTA GIUSTINA Raccontate nell\u2019opera di Dino Dal Pan<\/h2>\n<p style=\"text-align: left;\"><strong>SOSPIROLO<\/strong> \u00c8 uscito \u201cDal 1775 alle origini\u201d, il quinto volume di \u201cSanta Giustina, un Paese la sua Sto<a class=\"dt-pswp-item\" href=\"http:\/\/www.radiopiu.net\/wordpress\/wp-content\/uploads\/2019\/05\/Dino-Dal-Pan-2.jpg\" data-dt-img-description=\"\" data-large_image_width=\"1645\" data-large_image_height=\"1080\"><img loading=\"lazy\" decoding=\"async\" class=\"size-medium wp-image-87036 alignleft\" src=\"http:\/\/www.radiopiu.net\/wordpress\/wp-content\/uploads\/2019\/05\/Dino-Dal-Pan-2-300x197.jpg\" alt=\"\" width=\"300\" height=\"197\" srcset=\"https:\/\/www.radiopiu.net\/wordpress\/wp-content\/uploads\/2019\/05\/Dino-Dal-Pan-2-300x197.jpg 300w, https:\/\/www.radiopiu.net\/wordpress\/wp-content\/uploads\/2019\/05\/Dino-Dal-Pan-2-768x504.jpg 768w, https:\/\/www.radiopiu.net\/wordpress\/wp-content\/uploads\/2019\/05\/Dino-Dal-Pan-2-1024x672.jpg 1024w, https:\/\/www.radiopiu.net\/wordpress\/wp-content\/uploads\/2019\/05\/Dino-Dal-Pan-2.jpg 1645w\" sizes=\"auto, (max-width: 300px) 100vw, 300px\" \/><\/a>ria\u201d, opera omnia a cura di Dino Dal Pan. Il libro, pubblicato dall\u2019associazione culturale Veses, \u00e8 da poco stato presentato nella sala parrocchiale del capoluogo, a Meano e Cergnai. Il nuovo scritto \u00e8 stato da subito apprezzato; infatti era atteso, soprattutto dal territorio, perch\u00e9 questo quinto volume rappresenta il completamento di una ricerca sulla storia di Santa Giustina curata ed effettuata negli ultimi vent\u2019anni da Dal Pan negli archivi di Feltre, Belluno, Venezia e ovviamente Santa Giustina. Il libro \u00e8 in vendita nelle edicole di Santa Giustina al prezzo di 20 euro o contattando direttamente l\u2019associazione Veses al numero verde 800 038499.<\/p>\n<p>&nbsp;<\/p>\n<p>&nbsp;<\/p>\n<p>&nbsp;<\/p>\n<p>&nbsp;<\/p>\n<h2>SABATO POMERIGGIO CON IL GRUPPO ARCHEOLOGICO AGORDINO<\/h2>\n<p><strong><a class=\"dt-pswp-item\" href=\"http:\/\/www.radiopiu.net\/wordpress\/wp-content\/uploads\/2019\/06\/foto-n18.jpg\" data-dt-img-description=\"\" data-large_image_width=\"362\" data-large_image_height=\"243\"><img loading=\"lazy\" decoding=\"async\" class=\" wp-image-87078 alignleft\" src=\"http:\/\/www.radiopiu.net\/wordpress\/wp-content\/uploads\/2019\/06\/foto-n18-300x201.jpg\" alt=\"\" width=\"273\" height=\"183\" srcset=\"https:\/\/www.radiopiu.net\/wordpress\/wp-content\/uploads\/2019\/06\/foto-n18-300x201.jpg 300w, https:\/\/www.radiopiu.net\/wordpress\/wp-content\/uploads\/2019\/06\/foto-n18.jpg 362w\" sizes=\"auto, (max-width: 273px) 100vw, 273px\" \/><\/a>AGORDO<\/strong> Sabato 8 giugno alle 17.30 in sala Papa Luciani (presso la Chiesa Parrocchiale) il Gruppo Archeologico Agordino organizza una conferenza con Massimo Vidale, Docente di Near Eastern Archaeology, Universit\u00e0 di Padova. Tratter\u00e0 il tema: &#8220;Nuove scoperte archeologiche dell&#8217;et\u00e0 del Bronzo nell&#8217;Iran sud-orientale&#8221;<\/p>\n<div>\n<div><em>L&#8217;Iran Sud-Orientale, il Baluchistan (tra Iran e Pakistan) e l&#8217;Afghanistan sono alcune delle regioni dove sono nate le prime grandi civilt\u00e0 urbane dell&#8217;antica et\u00e0 del Bronzo (circa 3100-1800 a.C.).<\/em> <em>Sono regioni in gran parte inesplorate, ricchissime di testimonianze archeologiche, a volte di veri e propri tesori, che tuttavia, a causa della povert\u00e0 e delle continue guerre che vi si combattono, sono in<\/em> <em>corso di distruzione per via di innumerevoli scavi clandestini. Le civilt\u00e0 &#8220;classiche&#8221; del Vicino Oriente antico, infatti, solo soltanto una parte di un sistema mondiale molto pi\u00f9 vasto. <\/em><em>La presentazione parler\u00e0 della scoperta dell&#8217;antica civilt\u00e0 di Marhashi (presso Jiroft, Kerman, Iran) attraverso alcuni dei manufatti pi\u00f9 significativi recentemente scoperti.<\/em><\/div>\n<\/div>\n<p>&nbsp;<\/p>\n<p>&nbsp;<\/p>\n<p>&nbsp;<\/p>\n<h2><a class=\"dt-pswp-item\" href=\"http:\/\/www.radiopiu.net\/wordpress\/wp-content\/uploads\/2019\/05\/60926837_2342304215832052_6347375293077913600_n.jpg\" data-dt-img-description=\"\" data-large_image_width=\"960\" data-large_image_height=\"960\"><img loading=\"lazy\" decoding=\"async\" class=\"wp-image-86996 alignleft\" src=\"http:\/\/www.radiopiu.net\/wordpress\/wp-content\/uploads\/2019\/05\/60926837_2342304215832052_6347375293077913600_n-300x300.jpg\" alt=\"\" width=\"156\" height=\"156\" srcset=\"https:\/\/www.radiopiu.net\/wordpress\/wp-content\/uploads\/2019\/05\/60926837_2342304215832052_6347375293077913600_n-300x300.jpg 300w, https:\/\/www.radiopiu.net\/wordpress\/wp-content\/uploads\/2019\/05\/60926837_2342304215832052_6347375293077913600_n-150x150.jpg 150w, https:\/\/www.radiopiu.net\/wordpress\/wp-content\/uploads\/2019\/05\/60926837_2342304215832052_6347375293077913600_n-768x768.jpg 768w, https:\/\/www.radiopiu.net\/wordpress\/wp-content\/uploads\/2019\/05\/60926837_2342304215832052_6347375293077913600_n.jpg 960w\" sizes=\"auto, (max-width: 156px) 100vw, 156px\" \/><\/a><\/h2>\n<h2><\/h2>\n<h2>&#8220;BEL TEMPO SI SPERA&#8221; IL SINGOLO DELL&#8217;ALLEGHESE FEDERICO<\/h2>\n<h2>di Mirko Mezzacasa<\/h2>\n<p>L&#8217;INTERVISTA ALLA RADIO DI Mirko Mezzacasa<\/p>\n<audio class=\"wp-audio-shortcode\" id=\"audio-87024-6\" preload=\"none\" style=\"width: 100%;\" controls=\"controls\"><source type=\"audio\/mpeg\" src=\"http:\/\/www.radiopiu.net\/wordpress\/wp-content\/uploads\/2019\/05\/FEDERICO-BASSOT.mp3?_=6\" \/><a href=\"http:\/\/www.radiopiu.net\/wordpress\/wp-content\/uploads\/2019\/05\/FEDERICO-BASSOT.mp3\">http:\/\/www.radiopiu.net\/wordpress\/wp-content\/uploads\/2019\/05\/FEDERICO-BASSOT.mp3<\/a><\/audio>\n<p>&nbsp;<\/p>\n<p><iframe loading=\"lazy\" title=\"Federico Bassot - Bel tempo si spera\" width=\"1200\" height=\"675\" src=\"https:\/\/www.youtube.com\/embed\/GyT7-jPtspg?feature=oembed\" frameborder=\"0\" allow=\"accelerometer; autoplay; encrypted-media; gyroscope; picture-in-picture\" allowfullscreen><\/iframe><\/p>\n<p>&nbsp;<\/p>\n<p>&nbsp;<\/p>\n<p>&nbsp;<\/p>\n<p>&nbsp;<\/p>\n<h2><a class=\"dt-pswp-item\" href=\"http:\/\/www.radiopiu.net\/wordpress\/wp-content\/uploads\/2019\/05\/locandina-el-bon-de-lansuda-2019.jpg\" data-dt-img-description=\"\" data-large_image_width=\"1754\" data-large_image_height=\"2480\"><img loading=\"lazy\" decoding=\"async\" class=\"wp-image-86949 alignleft\" src=\"http:\/\/www.radiopiu.net\/wordpress\/wp-content\/uploads\/2019\/05\/locandina-el-bon-de-lansuda-2019-212x300.jpg\" alt=\"\" width=\"157\" height=\"222\" srcset=\"https:\/\/www.radiopiu.net\/wordpress\/wp-content\/uploads\/2019\/05\/locandina-el-bon-de-lansuda-2019-212x300.jpg 212w, https:\/\/www.radiopiu.net\/wordpress\/wp-content\/uploads\/2019\/05\/locandina-el-bon-de-lansuda-2019-768x1086.jpg 768w, https:\/\/www.radiopiu.net\/wordpress\/wp-content\/uploads\/2019\/05\/locandina-el-bon-de-lansuda-2019-724x1024.jpg 724w, https:\/\/www.radiopiu.net\/wordpress\/wp-content\/uploads\/2019\/05\/locandina-el-bon-de-lansuda-2019.jpg 1754w\" sizes=\"auto, (max-width: 157px) 100vw, 157px\" \/><\/a>El bon de l&#8217;ansuda &#8211; Festa di primavera L&#8217;intervista alla radio<\/h2>\n<h2>di Claudio Fontanive<\/h2>\n<blockquote><p><em>Ansuda in ladino \u00e8 la primavera.E&#8217; la festa delle erbe spontanee, dello stare all&#8217;aria aperta e della riscoperta dei piccoli gesti della tradizione dolomitica. Weekend per grandi e piccoli, per toccare con mano e con il palato le ricchezze della natura<\/em><\/p><\/blockquote>\n<p><strong>L&#8217;INTERVISTA ALLA RADIO, di Claudio Fontanive<\/strong><\/p>\n<p>con Antonella Schena, Silvano Savio e Gabriella De Dea all&#8217;insegna delle erbe, della geologia, della natura e delle tradizioni.<\/p>\n<audio class=\"wp-audio-shortcode\" id=\"audio-87024-7\" preload=\"none\" style=\"width: 100%;\" controls=\"controls\"><source type=\"audio\/mpeg\" src=\"http:\/\/www.radiopiu.net\/wordpress\/wp-content\/uploads\/2019\/05\/el-bonde-l-ansuda.mp3?_=7\" \/><a href=\"http:\/\/www.radiopiu.net\/wordpress\/wp-content\/uploads\/2019\/05\/el-bonde-l-ansuda.mp3\">http:\/\/www.radiopiu.net\/wordpress\/wp-content\/uploads\/2019\/05\/el-bonde-l-ansuda.mp3<\/a><\/audio>\n<p>,<\/p>\n<p>&nbsp;<\/p>\n<p>&nbsp;<\/p>\n<p>&nbsp;<\/p>\n<h2><a class=\"dt-pswp-item\" href=\"http:\/\/www.radiopiu.net\/wordpress\/wp-content\/uploads\/2019\/05\/WhatsApp-Image-2019-05-30-at-07.04.57.jpeg\" data-dt-img-description=\"\" data-large_image_width=\"1599\" data-large_image_height=\"799\"><img loading=\"lazy\" decoding=\"async\" class=\" wp-image-86999 alignleft\" src=\"http:\/\/www.radiopiu.net\/wordpress\/wp-content\/uploads\/2019\/05\/WhatsApp-Image-2019-05-30-at-07.04.57-300x150.jpeg\" alt=\"\" width=\"222\" height=\"111\" srcset=\"https:\/\/www.radiopiu.net\/wordpress\/wp-content\/uploads\/2019\/05\/WhatsApp-Image-2019-05-30-at-07.04.57-300x150.jpeg 300w, https:\/\/www.radiopiu.net\/wordpress\/wp-content\/uploads\/2019\/05\/WhatsApp-Image-2019-05-30-at-07.04.57-768x384.jpeg 768w, https:\/\/www.radiopiu.net\/wordpress\/wp-content\/uploads\/2019\/05\/WhatsApp-Image-2019-05-30-at-07.04.57-1024x512.jpeg 1024w, https:\/\/www.radiopiu.net\/wordpress\/wp-content\/uploads\/2019\/05\/WhatsApp-Image-2019-05-30-at-07.04.57.jpeg 1599w\" sizes=\"auto, (max-width: 222px) 100vw, 222px\" \/><\/a>IL CONSIGLIO COMUNALE DEI RAGAZZI DI TAIBON A RADIO PIU<\/h2>\n<h2>di Mirko Mezzacasa<\/h2>\n<p>DALLO STUDIO 2 L&#8217;INTERVISTA AI RAGAZZI DELLA PRIMARIA (CONSIGLIO COMUNALE DEI RAGAZZI) CHE HANNO STUDIATO, RIVISTO E SINTETIZZATO IL PIANO DI PROTEZIONE CIVILE<\/p>\n<p>AUDIO<\/p>\n<audio class=\"wp-audio-shortcode\" id=\"audio-87024-8\" preload=\"none\" style=\"width: 100%;\" controls=\"controls\"><source type=\"audio\/mpeg\" src=\"http:\/\/www.radiopiu.net\/wordpress\/wp-content\/uploads\/2019\/05\/consiglio-comuanle-ragazzi-taibon.mp3?_=8\" \/><a href=\"http:\/\/www.radiopiu.net\/wordpress\/wp-content\/uploads\/2019\/05\/consiglio-comuanle-ragazzi-taibon.mp3\">http:\/\/www.radiopiu.net\/wordpress\/wp-content\/uploads\/2019\/05\/consiglio-comuanle-ragazzi-taibon.mp3<\/a><\/audio>\n<p>&nbsp;<\/p>\n<p>&nbsp;<\/p>\n<p>&nbsp;<\/p>\n<p>&nbsp;<\/p>\n<h2><a class=\"dt-pswp-item\" href=\"http:\/\/www.radiopiu.net\/wordpress\/wp-content\/uploads\/2018\/09\/appuntamenti.jpeg\" data-dt-img-description=\"\" data-large_image_width=\"800\" data-large_image_height=\"100\"><img loading=\"lazy\" decoding=\"async\" class=\"alignnone wp-image-61958 size-full\" src=\"http:\/\/www.radiopiu.net\/wordpress\/wp-content\/uploads\/2018\/09\/appuntamenti.jpeg\" alt=\"\" width=\"800\" height=\"100\" srcset=\"https:\/\/www.radiopiu.net\/wordpress\/wp-content\/uploads\/2018\/09\/appuntamenti.jpeg 800w, https:\/\/www.radiopiu.net\/wordpress\/wp-content\/uploads\/2018\/09\/appuntamenti-300x38.jpeg 300w, https:\/\/www.radiopiu.net\/wordpress\/wp-content\/uploads\/2018\/09\/appuntamenti-768x96.jpeg 768w\" sizes=\"auto, (max-width: 800px) 100vw, 800px\" \/><\/a><\/h2>\n<p>&nbsp;<\/p>\n<h3>TRADIZIONE A JORE<\/h3>\n<p><strong>FALCADE<\/strong> Domani festa all&#8217;eremo di Jore con la\u00a0 parrocchia di Caviola e il gruppo Crodaioli dell&#8217;Auta. Programma ritrovo a Sappade, 10.15 processione per Jore, 11.15 messa nella chiesa di Jore, 12 pranzo con i Crodaioli dell&#8217;Auta. A Jore si accede da Tegosa (Rifugio Cayada) in 50 minuti o da Comean di Canale d&#8217;Agordo in 45 minuti.<\/p>\n<p>&nbsp;<\/p>\n<p>&nbsp;<\/p>\n<h3>SON TORNA&#8217; DALL&#8217;ALDILA&#8217;, OGGI SI REPLICA<\/h3>\n<p><strong><a class=\"dt-pswp-item\" href=\"http:\/\/www.radiopiu.net\/wordpress\/wp-content\/uploads\/2019\/05\/Manifesto-Son-torn\u00e0-dallaldil\u00e0.jpg\" data-dt-img-description=\"\" data-large_image_width=\"1600\" data-large_image_height=\"899\"><img loading=\"lazy\" decoding=\"async\" class=\" wp-image-86899 alignleft\" src=\"http:\/\/www.radiopiu.net\/wordpress\/wp-content\/uploads\/2019\/05\/Manifesto-Son-torn\u00e0-dallaldil\u00e0-300x169.jpg\" alt=\"\" width=\"240\" height=\"135\" srcset=\"https:\/\/www.radiopiu.net\/wordpress\/wp-content\/uploads\/2019\/05\/Manifesto-Son-torn\u00e0-dallaldil\u00e0-300x169.jpg 300w, https:\/\/www.radiopiu.net\/wordpress\/wp-content\/uploads\/2019\/05\/Manifesto-Son-torn\u00e0-dallaldil\u00e0-768x432.jpg 768w, https:\/\/www.radiopiu.net\/wordpress\/wp-content\/uploads\/2019\/05\/Manifesto-Son-torn\u00e0-dallaldil\u00e0-1024x575.jpg 1024w, https:\/\/www.radiopiu.net\/wordpress\/wp-content\/uploads\/2019\/05\/Manifesto-Son-torn\u00e0-dallaldil\u00e0.jpg 1600w\" sizes=\"auto, (max-width: 240px) 100vw, 240px\" \/><\/a>BELLUNO<\/strong> Si terr\u00e0 oggi alle 20.30 al Teatro Comunale di Belluno la replica dello spettacolo \u201cSon torn\u00e0 dall&#8217;aldil\u00e0\u201d, che lo scorso 11 maggio ha visto registrare il tutto esaurito. L&#8217;evento, organizzato dalla Compagnia del Sorriso di Salce, permetter\u00e0 di raccogliere fondi da destinare ai Comuni di Belluno e di Rocca Pietore, gravemente colpiti dalla tempesta Vaia di fine ottobre. Alla \u201cprima\u201d dello spettacolo, tratta dall\u2019opera originale di Antonella Zucchini \u201cMissione dal Paradiso\u201d e liberamente riarrangiata e riprodotta in dialetto bellunese, in poche ore erano stati venduti tutti i biglietti: questa sar\u00e0 quindi l&#8217;occasione, per chi non ha potuto essere presente all&#8217;evento di met\u00e0 maggio, per assistere all&#8217;opera e per fare del bene. I biglietti potranno essere acquistati in prevendita nei locali autorizzati o direttamente in teatro la sera di sabato, fino ad esaurimento posti<\/p>\n<p>&nbsp;<\/p>\n<p>&nbsp;<\/p>\n<p>&nbsp;<\/p>\n<p>&nbsp;<\/p>\n<h3>TRE CORI PER IL CONCERTO DI PRIMAVERA<\/h3>\n<p><strong>TRICHIANA<\/strong> Oggi alle 20.30 a Trichiana sala San Felice, concerto di primavera con il Coro Polifonico di Trichiana diretto dal maestro Stefano Bittante. Partecipano oltre al coro di casa:\u00a0 Mara e Stefano, duo flauto chitarra e la loro musica argentina;\u00a0 Coro giovanile SingOverSound di Vittorio Veneto, direttore M\u00b0 Giorgio Susana. Presenta la serata Dino Bridda. Ingresso libero.<\/p>\n<p>&nbsp;<\/p>\n<p>&nbsp;<\/p>\n<p>&nbsp;<\/p>\n<h2 lang=\"it-IT\" align=\"JUSTIFY\">UN FIORE ROSSO LA 13^\u00a0 PEDONATA DELL&#8217;ADOS CORTINA<\/h2>\n<blockquote>\n<p lang=\"it-IT\" align=\"JUSTIFY\">Non ci sar\u00e0 nessun palloncino rosa le organizzatrici hanno deciso di non acquistare n\u00e9 i palloncini n\u00e9 il gas l&#8217;elio per farli andare verso il cielo&#8221;. <em>Decisione sofferta ma facile da prendere considerate lo stato del nostro povero Ambiente&#8221;.<\/em><\/p>\n<p lang=\"it-IT\" style=\"text-align: left;\" align=\"JUSTIFY\"><a class=\"dt-pswp-item\" href=\"http:\/\/www.radiopiu.net\/wordpress\/wp-content\/uploads\/2019\/05\/2019-LOCANDINA.jpg\" data-dt-img-description=\"\" data-large_image_width=\"3945\" data-large_image_height=\"8197\"><img loading=\"lazy\" decoding=\"async\" class=\" wp-image-86873 alignleft\" src=\"http:\/\/www.radiopiu.net\/wordpress\/wp-content\/uploads\/2019\/05\/2019-LOCANDINA-144x300.jpg\" alt=\"\" width=\"127\" height=\"265\" srcset=\"https:\/\/www.radiopiu.net\/wordpress\/wp-content\/uploads\/2019\/05\/2019-LOCANDINA-144x300.jpg 144w, https:\/\/www.radiopiu.net\/wordpress\/wp-content\/uploads\/2019\/05\/2019-LOCANDINA-768x1596.jpg 768w, https:\/\/www.radiopiu.net\/wordpress\/wp-content\/uploads\/2019\/05\/2019-LOCANDINA-493x1024.jpg 493w\" sizes=\"auto, (max-width: 127px) 100vw, 127px\" \/><\/a><\/p>\n<\/blockquote>\n<p lang=\"it-IT\" align=\"JUSTIFY\"><strong>PIEVE DI CADORE<\/strong> Domani\u00a0 pedonata non competitiva &#8220;Un Fiore Rosso&#8221; in piazza Tiziano a Pieve di Cadore, partenza delle donne alle \u00a010, comunque molto colorata anche senza i palloncini poich\u00e9 le magliette che indosseranno saranno di un bel color corallo, disponibili anche nel luogo della partenza. Anche questa 13\u00b0 edizione della pedonata Un Fiore Rosso \u00e8 dedicata alla salute delle donne ed in particolare alla prevenzione del cancro al seno. Organizzazione dell&#8217;ADOS Cortina Cadore Comelico <a class=\"dt-pswp-item\" href=\"http:\/\/www.radiopiu.net\/wordpress\/wp-content\/uploads\/2019\/05\/20170602-3.jpg\" data-dt-img-description=\"\" data-large_image_width=\"2048\" data-large_image_height=\"1365\"><img loading=\"lazy\" decoding=\"async\" class=\"size-medium wp-image-86871 alignright\" src=\"http:\/\/www.radiopiu.net\/wordpress\/wp-content\/uploads\/2019\/05\/20170602-3-300x200.jpg\" alt=\"\" width=\"300\" height=\"200\" srcset=\"https:\/\/www.radiopiu.net\/wordpress\/wp-content\/uploads\/2019\/05\/20170602-3-300x200.jpg 300w, https:\/\/www.radiopiu.net\/wordpress\/wp-content\/uploads\/2019\/05\/20170602-3-768x512.jpg 768w, https:\/\/www.radiopiu.net\/wordpress\/wp-content\/uploads\/2019\/05\/20170602-3-1024x683.jpg 1024w, https:\/\/www.radiopiu.net\/wordpress\/wp-content\/uploads\/2019\/05\/20170602-3.jpg 2048w\" sizes=\"auto, (max-width: 300px) 100vw, 300px\" \/><\/a>che da tanti anni\u00a0 agisce in favore delle donne anche per merito del ricavato di questa importante manifestazione. <em>&#8220;Merito della buona volont\u00e0 di tante persone che hanno capito l&#8217;importanza dello stare bene insieme&#8221;<\/em> dice la Presidente di ADOS Benvenuta Celotta.\u00a0 Le penne nere capitanate dal Capo gruppo Stefano Del Favero offriranno una buona pastasciutta. Il grazie alle Donne Operate al Seno Cortina Cadore Comelico le cui volontarie si impegnano fortemente per il raggiungimento degli scopi statutari&#8230;.cos\u00ec tutto \u00e8 facile e divertente.<\/p>\n<blockquote>\n<p lang=\"it-IT\" align=\"JUSTIFY\">\n<\/blockquote>\n<h3 lang=\"it-IT\" align=\"JUSTIFY\"><\/h3>\n<blockquote>\n<h3 lang=\"it-IT\" align=\"JUSTIFY\"><\/h3>\n<\/blockquote>\n<h3 lang=\"it-IT\" align=\"JUSTIFY\">AI MAESTRI LAMBERTO ED EDOARDO LA SERATA ALL&#8217;INSEGNA DELLA MEMORIA E RICORDO<\/h3>\n<p><strong>BELLUNO\u00a0<\/strong> Un evento ricordo di due protagonisti del mondo corale bellunese dei decenni scorsi, si terr\u00e0 domani alle 20.45, al Teatro Comunale di Belluno per l\u2019organizzazione del Coro Minimo Bellunese presieduto da Giorgio Dal Farra. L\u2019occasione \u00e8 data da due ricorrenze: quest\u2019anno, infatti, cade il 25\u00b0 anniversario della scomparsa di Lamberto Pietrop\u00f2li e il 20\u00b0 di quella di Edoardo G\u00e0zzera. Il primo fu il fondatore ed il primo maestro dello stesso coro organizzatore, mentre il secondo ne raccolse il testimone e diresse il complesso canoro cittadino per oltre 30 anni. Alla manifestazione hanno aderito, e saranno presenti con i canti del loro repertorio, altre tre cori della provincia di Belluno che mantennero sempre costanti rapporti di collaborazione con Pietrop\u00f2li, adottandone spesso le sapienti armonizzazioni, e poterono usufruire dei consigli di G\u00e0zzera nel segno di altrettanto spirito collaborativo: il Coro Minimo Bellunese,\u00a0 diretto da Gianluca Nicolai,\u00a0 il Coro Sanvito di S. Vito di Cadore, diretto da Klaus Cordella; il Coro Peralba di Campolongo di Cadore, diretto da Andrea Musio; il Coro Agordo, diretto da Roberta Conedera. Nel corso del concerto &#8211; ad ingresso libero &#8211; saranno illustrate alcune note biografiche di Pietrop\u00f2li e G\u00e0zzera con l\u2019ausilio di materiale visivo e per la conduzione di Dino Bridda. Per l\u2019occasione la Radio ABM trasmetter\u00e0 l\u2019evento in diretta radio mondiale.<\/p>\n<p>&nbsp;<\/p>\n<p>&nbsp;<\/p>\n<p>&nbsp;<\/p>\n<h2>ASSEMBLEA DEI GEMELLI<\/h2>\n<p><strong>AGORDO<\/strong> Martedi 4 giugno alle 20.30 in sala della biblioteca assemblea ordinaria dei soci e simpatizzanti del comitato di gemellaggio di Agordo. Ordine del giorno: relazione dopo la visita dei francesi di inizio maggio, presentazione del libro Il filo della seta 30 anni di gemellaggio con Zugliano, rinnovo consiglio direttivo.<\/p>\n<p>&nbsp;<\/p>\n<p>&nbsp;<\/p>\n<p>&nbsp;<\/p>\n<p>&nbsp;<\/p>\n<p><a class=\"dt-pswp-item\" href=\"http:\/\/www.radiopiu.net\/wordpress\/wp-content\/uploads\/2018\/09\/viabilita.jpeg\" data-dt-img-description=\"\" data-large_image_width=\"800\" data-large_image_height=\"100\"><img loading=\"lazy\" decoding=\"async\" class=\"alignnone size-full wp-image-61954\" src=\"http:\/\/www.radiopiu.net\/wordpress\/wp-content\/uploads\/2018\/09\/viabilita.jpeg\" alt=\"\" width=\"800\" height=\"100\" srcset=\"https:\/\/www.radiopiu.net\/wordpress\/wp-content\/uploads\/2018\/09\/viabilita.jpeg 800w, https:\/\/www.radiopiu.net\/wordpress\/wp-content\/uploads\/2018\/09\/viabilita-300x38.jpeg 300w, https:\/\/www.radiopiu.net\/wordpress\/wp-content\/uploads\/2018\/09\/viabilita-768x96.jpeg 768w\" sizes=\"auto, (max-width: 800px) 100vw, 800px\" \/><\/a><\/p>\n<blockquote><p>&nbsp;<\/p>\n<p><strong>PROVINCIALE 3 VALLE IMPERINA<\/strong> fino al\u00a0 28 GIUGNO IN LOCALITA&#8217; LE FESTE SENSO UNICO ALTERNATO PER COSTRUZIONE AREA ADIBITA A PARCHEGGIO<\/p><\/blockquote>\n<p><strong>REGIONALE 203 AGORDINA<\/strong> Fino al 28 giugno sabato e domenica escluso, senso unico alternato tra Alleghe e Caprile.<\/p>\n<p><strong>PROVINCIALE 563 DI SALESEI<\/strong> Fino al 28 giugno esclusi giorni festivi e prefestivi senso unico alternato tra Caprile e Saviner<\/p>\n<p><strong>PROVINCIALE 3 VALLE IMPERINA<\/strong> Fino a revoca senso unico a vista\u00a0 in localit\u00e0 Corde Mole per cedimento della careggiata. Dal 13 maggio e\u00a0 fino al 28 giugno tra Rivamonte e Forcella Franche senso unico alternato per la posa di tubazione per conto di Enel.<\/p>\n<p><strong>PROVINCIALE 8 DI SAN TOMASO<\/strong> Fino\u00a0 al 28 giugno (esclusi festivi e prefestivi) senso unico alternato tra Pian Molin e Roi<\/p>\n<p><strong>PROVINCIALE 563 DI SALESEI <\/strong>Fino al\u00a014 giugno\u00a0 In localit\u00e0 Sopracordevole in Comune di Rocca Pietore senso unico alternato con semaforo o movieri e divieto di transito ai mezzi con massa superiore a 7,5 tonellate.<\/p>\n<p>&nbsp;<\/p>\n<p>&nbsp;<\/p>\n<p>&nbsp;<\/p>\n<h2><img loading=\"lazy\" decoding=\"async\" class=\"alignleft wp-image-60761 \" src=\"http:\/\/www.radiopiu.net\/wordpress\/wp-content\/uploads\/2018\/09\/sport.jpg\" alt=\"\" width=\"992\" height=\"124\" srcset=\"https:\/\/www.radiopiu.net\/wordpress\/wp-content\/uploads\/2018\/09\/sport.jpg 800w, https:\/\/www.radiopiu.net\/wordpress\/wp-content\/uploads\/2018\/09\/sport-300x38.jpg 300w, https:\/\/www.radiopiu.net\/wordpress\/wp-content\/uploads\/2018\/09\/sport-768x96.jpg 768w\" sizes=\"auto, (max-width: 992px) 100vw, 992px\" \/><\/h2>\n<p>&nbsp;<\/p>\n<h2><\/h2>\n<h2><\/h2>\n<h2>CALCIO<\/h2>\n<p><strong>pagina facebook AGORDINA CALCIO<\/strong><\/p>\n<p>Pi\u00f9 che un triangolare di calcio \u00e8 stato un turbinio di emozioni. L&#8217;invito che l&#8217;Agordina ha ricevuto dal Codevigo calcio \u00e8 stata una sorpresa e un onore. Da alcuni anni la societ\u00e0 padovana si era organizzata per aiutare e sostenere l&#8217;US Amatrice, che anche quest&#8217;anno ha partecipato all&#8217;evento, ma questa volta per aiutare la Agordina e Agordino, colpite dell&#8217;alluvione Vaia.L&#8217;evento sportivo ha fatto solo da contorno alle emozioni, alle voci e alle immagini che hanno ripercorso gli eventi calamitosi che pur in modo diverso hanno colpito la zona di Amatrice e l&#8217;Agordino.<br \/>\nUn grazie speciale all&#8217;US Codevigo calcio, per la sensibilit\u00e0 dimostrata insieme a una eccellente capacit\u00e0 organizzativa. Con l&#8217;augurio che questo primo incontro possa rappresentare l&#8217;inizio di una proficua amicizia<\/p>\n<p><a class=\"dt-pswp-item\" href=\"http:\/\/www.radiopiu.net\/wordpress\/wp-content\/uploads\/2019\/06\/61885451_2312530855473866_597420282902216704_n.jpg\" data-dt-img-description=\"\" data-large_image_width=\"866\" data-large_image_height=\"960\"><img loading=\"lazy\" decoding=\"async\" class=\"alignnone wp-image-87090\" src=\"http:\/\/www.radiopiu.net\/wordpress\/wp-content\/uploads\/2019\/06\/61885451_2312530855473866_597420282902216704_n-271x300.jpg\" alt=\"\" width=\"109\" height=\"121\" srcset=\"https:\/\/www.radiopiu.net\/wordpress\/wp-content\/uploads\/2019\/06\/61885451_2312530855473866_597420282902216704_n-271x300.jpg 271w, https:\/\/www.radiopiu.net\/wordpress\/wp-content\/uploads\/2019\/06\/61885451_2312530855473866_597420282902216704_n-768x851.jpg 768w, https:\/\/www.radiopiu.net\/wordpress\/wp-content\/uploads\/2019\/06\/61885451_2312530855473866_597420282902216704_n.jpg 866w\" sizes=\"auto, (max-width: 109px) 100vw, 109px\" \/><\/a><a class=\"dt-pswp-item\" href=\"http:\/\/www.radiopiu.net\/wordpress\/wp-content\/uploads\/2019\/06\/61732418_2312531052140513_3741770865415553024_n.jpg\" data-dt-img-description=\"\" data-large_image_width=\"604\" data-large_image_height=\"618\"><img loading=\"lazy\" decoding=\"async\" class=\"alignnone size-medium wp-image-87091\" src=\"http:\/\/www.radiopiu.net\/wordpress\/wp-content\/uploads\/2019\/06\/61732418_2312531052140513_3741770865415553024_n-293x300.jpg\" alt=\"\" width=\"293\" height=\"300\" srcset=\"https:\/\/www.radiopiu.net\/wordpress\/wp-content\/uploads\/2019\/06\/61732418_2312531052140513_3741770865415553024_n-293x300.jpg 293w, https:\/\/www.radiopiu.net\/wordpress\/wp-content\/uploads\/2019\/06\/61732418_2312531052140513_3741770865415553024_n.jpg 604w\" sizes=\"auto, (max-width: 293px) 100vw, 293px\" \/><\/a><a class=\"dt-pswp-item\" href=\"http:\/\/www.radiopiu.net\/wordpress\/wp-content\/uploads\/2019\/06\/61372765_2312530945473857_1013764113244880896_n.jpg\" data-dt-img-description=\"\" data-large_image_width=\"960\" data-large_image_height=\"445\"><img loading=\"lazy\" decoding=\"async\" class=\"alignnone wp-image-87092\" src=\"http:\/\/www.radiopiu.net\/wordpress\/wp-content\/uploads\/2019\/06\/61372765_2312530945473857_1013764113244880896_n-300x139.jpg\" alt=\"\" width=\"335\" height=\"155\" srcset=\"https:\/\/www.radiopiu.net\/wordpress\/wp-content\/uploads\/2019\/06\/61372765_2312530945473857_1013764113244880896_n-300x139.jpg 300w, https:\/\/www.radiopiu.net\/wordpress\/wp-content\/uploads\/2019\/06\/61372765_2312530945473857_1013764113244880896_n-768x356.jpg 768w, https:\/\/www.radiopiu.net\/wordpress\/wp-content\/uploads\/2019\/06\/61372765_2312530945473857_1013764113244880896_n.jpg 960w\" sizes=\"auto, (max-width: 335px) 100vw, 335px\" \/><\/a><\/p>\n<p>COSMO FORCELLA IL PRESIDENTE<\/p>\n<audio class=\"wp-audio-shortcode\" id=\"audio-87024-9\" preload=\"none\" style=\"width: 100%;\" controls=\"controls\"><source type=\"audio\/mpeg\" src=\"http:\/\/www.radiopiu.net\/wordpress\/wp-content\/uploads\/2019\/05\/COSMO-TRIANGOLARE-CODIVIGO.mp3?_=9\" \/><a href=\"http:\/\/www.radiopiu.net\/wordpress\/wp-content\/uploads\/2019\/05\/COSMO-TRIANGOLARE-CODIVIGO.mp3\">http:\/\/www.radiopiu.net\/wordpress\/wp-content\/uploads\/2019\/05\/COSMO-TRIANGOLARE-CODIVIGO.mp3<\/a><\/audio>\n<p>&nbsp;<\/p>\n<p>&nbsp;<\/p>\n<h2>LA SECONDA GIORNATA DEL CAMPIONATO AGORDINO<\/h2>\n<p>Marco Gaz<\/p>\n<p><span style=\"font-family: Times New Roman, serif;\">Continua la 46\u00b0 edizione del Campionato Agordino di calcio, Memorial Denis Tonin. Dopo la prima giornata Voltago, Caprile e Le Ville sono in testa al girone A, mentre nel girone B La Valle e Fodom sono le squadre a pieni punti. <\/span><\/p>\n<blockquote>\n<h3><span style=\"font-family: Times New Roman, serif;\">GIRONE A<\/span><\/h3>\n<\/blockquote>\n<p><span style=\"font-family: Times New Roman, serif;\">Ad inaugurare la seconda giornata del girone A ci pensano Cencenighe e Gosaldo che stasera alle 20:30 si scontreranno alla \u201cBombonera\u201d. Entrambe hanno perso nella prima giornata e la sfida si preannuncia interessante. Domani gli altri 3 match. A Vallada arriva il Le Ville che nella prima uscita \u00e8 riuscito a vincere grazie ad una tripletta di Chierchia. I valladini escono da un pareggio ma sulla carta la squadra di Agordo sembra favorita. La sfida pi\u00f9 interessante della giornata si gioca a Voltago dove i padroni di casa ospitano il Caprile. Primo vero impegno per i campioni in carica e da questa partita si capir\u00e0 di che pasta sono fatti. A Bosco Verde l&#8217;Alleghe si scontrer\u00e0 con il Rivamonte. <\/span><\/p>\n<blockquote>\n<h3><span style=\"font-family: Times New Roman, serif;\">GIRONE B<\/span><\/h3>\n<\/blockquote>\n<p><span style=\"font-family: Times New Roman, serif;\">Ieri sera l&#8217;antipasto di giornata si \u00e8 giocato in notturna sul campo di Voltago dove il Frassen\u00e8 ha strappato 3 punti contro l&#8217;Agordo 2009. Tra le partte di domani spicca l&#8217;interessante sfida tra Fodom e Taibon sul sintetico di Cernadoi. Gli orsetti hanno asfaltato il Canale all&#8217;esordio mentre il Taibon, bisognoso di punti, aveva pareggiato con il Frassen\u00e8. Al \u201cConaggia\u201d di La Valle, dopo aver riposato alla prima giornata, arriva l&#8217;Atletico Caviola. Per i lavallesi un&#8217;incognita visto che si trovano di fronte un avversario ancora sconosciuto. Per finire a Canale D&#8217;Agordo si gioca l&#8217;anticipo della quinta giornata dove i padroni di casa dovranno vedersela con il Frassen\u00e8.<\/span><\/p>\n<blockquote>\n<h3><span style=\"font-family: Times New Roman, serif;\">LE PARTITE DI QUESTO FINE SETTIMANA<\/span><\/h3>\n<\/blockquote>\n<p><span style=\"color: #000000;\"><span style=\"font-family: Times New Roman, serif;\"><span style=\"font-size: medium;\">GIRONE A: sabato alle 20:30 Cencenighe &#8211; Gosaldo, domenica alle 16 Vallada &#8211; Le Ville, Voltago &#8211; Caprile e Alleghe &#8211; Rivamonte.<\/span><\/span><\/span><\/p>\n<p><span style=\"color: #000000;\"><span style=\"font-family: Times New Roman, serif;\"><span style=\"font-size: medium;\">GIRONE B: Frassen\u00e8 &#8211; Agordo 2009 (gicata ieri sera) 2-1, Domenica alle 16 Fodom &#8211; Taibon, La Valle &#8211; Atletico Caviola e Canale &#8211; Frassen\u00e8 (anticipo della 5\u00b0giornata)<\/span><\/span><\/span><\/p>\n<blockquote>\n<h3><span style=\"color: #000000;\"><span style=\"font-family: Times New Roman, serif;\"><span style=\"font-size: medium;\">LA CLASSIFICA AGGIORNATA<\/span><\/span><\/span><\/h3>\n<\/blockquote>\n<p><span style=\"color: #000000;\"><span style=\"font-family: Times New Roman, serif;\"><span style=\"font-size: medium;\">GIRONE A<\/span><\/span><\/span><\/p>\n<p><span style=\"color: #000000;\"><span style=\"font-family: Times New Roman, serif;\"><span style=\"font-size: medium;\">Voltago, Caprile e Le Ville 3 <\/span><\/span><\/span><\/p>\n<p><span style=\"color: #000000;\"><span style=\"font-family: Times New Roman, serif;\"><span style=\"font-size: medium;\">Vallada e Rivamonte 1<\/span><\/span><\/span><\/p>\n<p><span style=\"color: #000000;\"><span style=\"font-family: Times New Roman, serif;\"><span style=\"font-size: medium;\">Gosaldo, Alleghe e Cencenighe 0<\/span><\/span><\/span><\/p>\n<p><span style=\"color: #000000;\"><span style=\"font-family: Times New Roman, serif;\"><span style=\"font-size: medium;\">GIRONE B<\/span><\/span><\/span><\/p>\n<p><span style=\"color: #000000;\"><span style=\"font-family: Times New Roman, serif;\"><span style=\"font-size: medium;\">Frassen\u00e8* 4<\/span><\/span><\/span><\/p>\n<p><span style=\"color: #000000;\"><span style=\"font-family: Times New Roman, serif;\"><span style=\"font-size: medium;\">La Valle e Fodom 3<\/span><\/span><\/span><\/p>\n<p><span style=\"color: #000000;\"><span style=\"font-family: Times New Roman, serif;\"><span style=\"font-size: medium;\">Taibon 1<\/span><\/span><\/span><\/p>\n<p><span style=\"color: #000000;\"><span style=\"font-family: Times New Roman, serif;\"><span style=\"font-size: medium;\">Canale, Agordo 2009* e Atletico Caviola 0<\/span><\/span><\/span><\/p>\n<p><span style=\"color: #000000;\"><span style=\"font-family: Times New Roman, serif;\"><span style=\"font-size: medium;\">(* una partita in pi\u00f9)<\/span><\/span><\/span><\/p>\n<blockquote><p><span style=\"color: #000000;\"><span style=\"font-family: Times New Roman, serif;\"><span style=\"font-size: medium;\">DOMANI POMERIGGIO SU RADIO PIU&#8217; LE DIRETTE DALLE ORE 16, ALLE 20:15 LA SINTESI DELLE PARTITE. LUNEDI&#8217; SERA, ALLE 20:30, IL PRIMO APPUNTAMENTO STAGIONALE CON \u201cCAMPIONATO AGORDINO SHOW\u201d<\/span><\/span><\/span><\/p><\/blockquote>\n<p>&nbsp;<\/p>\n<p>&nbsp;<\/p>\n<p>&nbsp;<\/p>\n<p>&nbsp;<\/p>\n<h2>4 PAS IN DOI IN COMBINATA CON LA TRANS CIVETTA<\/h2>\n<p><strong><a class=\"dt-pswp-item\" href=\"http:\/\/www.radiopiu.net\/wordpress\/wp-content\/uploads\/2019\/05\/4-pas-agordo-2019.jpg\" data-dt-img-description=\"\" data-large_image_width=\"1772\" data-large_image_height=\"1181\"><img loading=\"lazy\" decoding=\"async\" class=\" wp-image-87021 alignleft\" src=\"http:\/\/www.radiopiu.net\/wordpress\/wp-content\/uploads\/2019\/05\/4-pas-agordo-2019-300x200.jpg\" alt=\"\" width=\"185\" height=\"123\" srcset=\"https:\/\/www.radiopiu.net\/wordpress\/wp-content\/uploads\/2019\/05\/4-pas-agordo-2019-300x200.jpg 300w, https:\/\/www.radiopiu.net\/wordpress\/wp-content\/uploads\/2019\/05\/4-pas-agordo-2019-768x512.jpg 768w, https:\/\/www.radiopiu.net\/wordpress\/wp-content\/uploads\/2019\/05\/4-pas-agordo-2019-1024x682.jpg 1024w, https:\/\/www.radiopiu.net\/wordpress\/wp-content\/uploads\/2019\/05\/4-pas-agordo-2019.jpg 1772w\" sizes=\"auto, (max-width: 185px) 100vw, 185px\" \/><\/a>AGORDO<\/strong> \u00a0Tutto pronto ad Agordo per la terza edizione della \u201c4 pas in doi\u201d, gara di corsa in montagna proposta da \u201cAd Agordo Pro Loco\u201d. L\u2019evento si svolger\u00e0 domani e proporr\u00e0 tante manifestazioni in una: la gara agonistica di 15 chilometri e 850 metri di dislivello positivo, la non competitiva sullo stesso percorso e la non competitiva sulla distanza di 6 chilometri e 300 metri di dislivello positivo. Per entrambi i tracciati partenza e arrivo sono fissati sul \u201cBroi\u201d, la suggestiva piazza centrale di Agordo.\u00a0 Sui sentieri che si sviluppano ai piedi di Framont e Moiazza gli organizzatori della \u201c4 Pas in doi\u201d, supportati da numerosi volontari, hanno lavorato incessantemente nei mesi scorsi per sistemare quei tratti parzialmente rovinati (piccoli smottamenti e cadute di alberi) a seguito degli straordinari eventi calamitosi (tempesta &#8220;Vaia&#8221;) che hanno colpito il territorio dolomitico lo scorso autunno. Da segnalare che la manifestazione sar\u00e0 valida per la combinata con un&#8217;altra gara a coppie del territorio agordino, la Transcivetta Karpos del 21 luglio prossimo, Il programma di domenica prevede anche una bella opportunit\u00e0 per i gourmet: Ad Agordo Pro Loco propone infatti la \u201c4 Pas in doi bocoi\u201d, passeggiata enogastronomica a tappe sul tracciato di 6 chilometri con degustazione di prodotti tipici locali.<\/p>\n<blockquote><p><em>Il via alla 15 km \u00e8 previsto per le 10, quello della 6 alle 10.10, quello della 4 Pas in doi bocoi alle 10.20. Le premiazioni, sul Broi, alle 14.\u00a0 Le iscrizioni saranno possibili, oltre che nella giornata di sabato all&#8217;ufficio turistico (dalle 9 alle 12 e dalle 15 alle 19), anche domenica mattina prima della partenza, dalle 7 alle 9.\u00a0 Per approfondimenti sulla \u201c4 Pas in doi\u201d si possono consultare il sito\u00a0www.4pasindoi.it\u00a0<\/em><\/p><\/blockquote>\n<p>&nbsp;<\/p>\n<p>&nbsp;<\/p>\n<p>&nbsp;<\/p>\n<p>&nbsp;<\/p>\n<p><a class=\"dt-pswp-item\" href=\"http:\/\/www.radiopiu.net\/wordpress\/wp-content\/uploads\/2018\/09\/WhatsApp-Image-2018-09-20-at-16.04.06.jpeg\" data-dt-img-description=\"\" data-large_image_width=\"800\" data-large_image_height=\"100\"><img loading=\"lazy\" decoding=\"async\" class=\"alignnone size-full wp-image-61378\" src=\"http:\/\/www.radiopiu.net\/wordpress\/wp-content\/uploads\/2018\/09\/WhatsApp-Image-2018-09-20-at-16.04.06.jpeg\" alt=\"\" width=\"800\" height=\"100\" srcset=\"https:\/\/www.radiopiu.net\/wordpress\/wp-content\/uploads\/2018\/09\/WhatsApp-Image-2018-09-20-at-16.04.06.jpeg 800w, https:\/\/www.radiopiu.net\/wordpress\/wp-content\/uploads\/2018\/09\/WhatsApp-Image-2018-09-20-at-16.04.06-300x38.jpeg 300w, https:\/\/www.radiopiu.net\/wordpress\/wp-content\/uploads\/2018\/09\/WhatsApp-Image-2018-09-20-at-16.04.06-768x96.jpeg 768w\" sizes=\"auto, (max-width: 800px) 100vw, 800px\" \/><\/a><\/p>\n<p>&nbsp;<\/p>\n<p><center><b>Sabato 1<\/b><\/center><b>Tempo atteso: <\/b>Tempo al mattino ben soleggiato con cielo sereno o poco nuvoloso, a parte locali formazioni di temporanee nubi basse in qualche valle prealpina nelle ore pi\u00f9 fredde. Durante le ore centrali, formazione di modesti cumuli pomeridiani specie sulle zone prealpine dove la probabilit\u00e0 di qualche occasionale breve temporale continuer\u00e0 a rimanere bassa. Clima diurno leggermente pi\u00f9 caldo di venerd\u00ec con valori termici in linea con le medie del periodo.<br \/>\n<b>Precipitazioni: <\/b>Assenti sulle Dolomiti (0%) e al mattino sulle Prealpi, nel pomeriggio bassa probabilit\u00e0 (5-25%) di qualche isolato rovescio o temporale tra la fascia prealpina e quella pedemontana.<br \/>\n<b>Temperature: <\/b>Ancora in aumento con significativa escursione termica giornaliera. In giornata il soleggiamento riporter\u00e0 i massimi su valori prossimi a 24\/26\u00b0C nei fondovalle prealpini e sui 21\/24\u00b0C a 1000\/1200 m. Su Prealpi a 1500 m min 6\u00b0C max 16\u00b0C, a 2000 m min 3\u00b0C max 13\u00b0C. Su Dolomiti a 2000 m min 3\u00b0C max 14\u00b0C, a 3000 m min -3\u00b0C max 3\u00b0C.<br \/>\n<b>Venti: <\/b>Nelle valli generalmente deboli\/moderati a regime di brezza; in quota deboli\/moderati da nord nord-est, a 15-20 km\/h a 2000 m, 25-35 km\/h a 3000 m.<\/p>\n<hr \/>\n<p><center><b>Domenica 2<\/b><\/center><b>Tempo atteso: <\/b>Tempo ben soleggiato al mattino con cielo sereno o poco nuvoloso; al pomeriggio modesta\/moderata attivit\u00e0 cumuliforme associata a qualche possibile breve rovescio\/temporale.<br \/>\n<b>Precipitazioni: <\/b>Al mattino assenti, contenuto aumento della probabilit\u00e0 fino a bassa sulle Dolomiti (5-25%), medio-bassa sulle Prealpi (25-50%) di isolati rovesci o temporali.<br \/>\n<b>Temperature: <\/b>Temperature minime in ulteriore lieve\/contenuto aumento, massime senza notevolo variazioni su vaori attorno alle medie stagionali. Su Prealpi a 1500 m min 8\u00b0C max 16\u00b0C, a 2000 m min 5\u00b0C max 13\u00b0C. Su Dolomiti a 2000 m min 6\u00b0C max 14\u00b0C, a 3000 m min 2\u00b0C max 4\u00b0C<br \/>\n<b>Venti: <\/b>Venti nelle valli a regime di brezza, in quota deboli\/moderati da nord nord-est, 5-10 km\/h a 2000 m, 15-25 km\/h a 3000 m.<\/p>\n<hr \/>\n<p><center><b>Lunedi 3<\/b><\/center>Tempo ancora soleggiato al mattino, nel pomeriggio attenuazione del soleggiamento per attivit\u00e0 cumuliforme pomeridiana con qualche rovescio o temporale specie sulle zone prealpine orientali, un po&#8217; pi\u00f9 probabili rispetto a domenica. Temperature senza notevoli variazioni con moderata escursione termica giornaliere. Venti deboli\/moderati da nord in quota e deboli\/moderati, a regime di brezza nelle valli.<\/p>\n<hr \/>\n<p><center><b>Martedi 4<\/b><\/center>Cielo irregolarmente nuvoloso con probabili rovesci o temporali sparsi, specie dalle ore centrali. Temperature minime senza notevoli variazioni, massime in lieve\/contenuta diminuzione, con modesta escursione termica giornaliera. Previsore: M.Padoan Aggiornamento Bollettino Dolomiti Neve e Valanghe: 29\/05\/2019<\/p>\n","protected":false},"excerpt":{"rendered":"<p>Perquisizioni in carcere a Baldenich e dai muri ecco i telefoni cellulari: 13 tutti sequestrati. L&#8217;indagine ha avuto inizio per un sms inviato a Natale ad un numero sbagliato, la denuncia ai Carabinieri ha portato alle perquisizioni in carcere per ordine della Procura. Antonio Susin di Fonzaso \u00e8 ricoverato in gravi condizioni all&#8217;ospedale di Feltre,&hellip;<\/p>\n","protected":false},"author":1,"featured_media":87063,"comment_status":"closed","ping_status":"closed","sticky":false,"template":"","format":"standard","meta":{"_monsterinsights_skip_tracking":false,"_monsterinsights_sitenote_active":false,"_monsterinsights_sitenote_note":"","_monsterinsights_sitenote_category":0,"footnotes":""},"categories":[86],"tags":[],"class_list":["post-87024","post","type-post","status-publish","format-standard","has-post-thumbnail","hentry","category-gr","category-86","description-off"],"img_url":"https:\/\/www.radiopiu.net\/wordpress\/wp-content\/uploads\/2019\/06\/WhatsApp-Image-2019-05-31-at-18.07.10.jpeg","_links":{"self":[{"href":"https:\/\/www.radiopiu.net\/wordpress\/wp-json\/wp\/v2\/posts\/87024","targetHints":{"allow":["GET"]}}],"collection":[{"href":"https:\/\/www.radiopiu.net\/wordpress\/wp-json\/wp\/v2\/posts"}],"about":[{"href":"https:\/\/www.radiopiu.net\/wordpress\/wp-json\/wp\/v2\/types\/post"}],"author":[{"embeddable":true,"href":"https:\/\/www.radiopiu.net\/wordpress\/wp-json\/wp\/v2\/users\/1"}],"replies":[{"embeddable":true,"href":"https:\/\/www.radiopiu.net\/wordpress\/wp-json\/wp\/v2\/comments?post=87024"}],"version-history":[{"count":0,"href":"https:\/\/www.radiopiu.net\/wordpress\/wp-json\/wp\/v2\/posts\/87024\/revisions"}],"wp:featuredmedia":[{"embeddable":true,"href":"https:\/\/www.radiopiu.net\/wordpress\/wp-json\/wp\/v2\/media\/87063"}],"wp:attachment":[{"href":"https:\/\/www.radiopiu.net\/wordpress\/wp-json\/wp\/v2\/media?parent=87024"}],"wp:term":[{"taxonomy":"category","embeddable":true,"href":"https:\/\/www.radiopiu.net\/wordpress\/wp-json\/wp\/v2\/categories?post=87024"},{"taxonomy":"post_tag","embeddable":true,"href":"https:\/\/www.radiopiu.net\/wordpress\/wp-json\/wp\/v2\/tags?post=87024"}],"curies":[{"name":"wp","href":"https:\/\/api.w.org\/{rel}","templated":true}]}}