{"id":87125,"date":"2019-06-01T19:30:16","date_gmt":"2019-06-01T17:30:16","guid":{"rendered":"http:\/\/www.radiopiu.net\/wordpress\/?p=87125"},"modified":"2019-06-03T05:59:48","modified_gmt":"2019-06-03T03:59:48","slug":"ciclista-bloccato-dalle-piante-abbattute","status":"publish","type":"post","link":"https:\/\/www.radiopiu.net\/wordpress\/ciclista-bloccato-dalle-piante-abbattute\/","title":{"rendered":"CICLISTA BLOCCATO DALLE PIANTE ABBATTUTE"},"content":{"rendered":"<p>&nbsp;<\/p>\n<p><strong><a class=\"dt-pswp-item\" href=\"http:\/\/www.radiopiu.net\/wordpress\/wp-content\/uploads\/2019\/05\/ELI-SUEM-SOCC-5-1.jpg\" data-dt-img-description=\"\" data-large_image_width=\"1600\" data-large_image_height=\"900\"><img loading=\"lazy\" decoding=\"async\" class=\"size-medium wp-image-86196 alignleft\" src=\"http:\/\/www.radiopiu.net\/wordpress\/wp-content\/uploads\/2019\/05\/ELI-SUEM-SOCC-5-1-300x169.jpg\" alt=\"\" width=\"300\" height=\"169\" srcset=\"https:\/\/www.radiopiu.net\/wordpress\/wp-content\/uploads\/2019\/05\/ELI-SUEM-SOCC-5-1-300x169.jpg 300w, https:\/\/www.radiopiu.net\/wordpress\/wp-content\/uploads\/2019\/05\/ELI-SUEM-SOCC-5-1-768x432.jpg 768w, https:\/\/www.radiopiu.net\/wordpress\/wp-content\/uploads\/2019\/05\/ELI-SUEM-SOCC-5-1-1024x576.jpg 1024w, https:\/\/www.radiopiu.net\/wordpress\/wp-content\/uploads\/2019\/05\/ELI-SUEM-SOCC-5-1.jpg 1600w\" sizes=\"auto, (max-width: 300px) 100vw, 300px\" \/><\/a>SANTO STEFANO DI CADORE<\/strong>\u00a0 Verso le 15.30 il 118 ha allertato il Soccorso alpino della Val Comelico per un ciclista impossibilitato a muoversi per gli schianti dovuti a Vaia in Val Visdende. L&#8217;uomo, un bolognese di 43 anni, era partito con la propria mountain bike elettrica per il Giro delle Malghe, ma arrivato all&#8217;altezza di Malga Chiastelin non era pi\u00f9 riuscito a proseguire per le piante cadute nella strada, n\u00e9 a tornare indietro a causa di crampi alle gambe. In contatto telefonico con i soccorritori, al ciclista \u00e8 stato chiesto di raggiungere la vicina Malga de le Drotele, localit\u00e0 pi\u00f9 facilmente avvicinabile, quindi una squadra ha percorso in jeep la strada fino a Pra del Belf, per poi risalire a piedi 400 metri lungo il sentiero compromesso dall&#8217;alluvione. Una volta dall&#8217;uomo, i cinque soccorritori lo hanno aiutato a tornare alla strada e a trasportare la bici. Il ciclista \u00e8 poi rientrato autonomamente.<\/p>\n","protected":false},"excerpt":{"rendered":"<p>&nbsp; SANTO STEFANO DI CADORE\u00a0 Verso le 15.30 il 118 ha allertato il Soccorso alpino della Val Comelico per un ciclista impossibilitato a muoversi per gli schianti dovuti a Vaia in Val Visdende. L&#8217;uomo, un bolognese di 43 anni, era partito con la propria mountain bike elettrica per il Giro delle Malghe, ma arrivato all&#8217;altezza&hellip;<\/p>\n","protected":false},"author":1,"featured_media":0,"comment_status":"closed","ping_status":"closed","sticky":false,"template":"","format":"standard","meta":{"_monsterinsights_skip_tracking":false,"_monsterinsights_sitenote_active":false,"_monsterinsights_sitenote_note":"","_monsterinsights_sitenote_category":0,"footnotes":""},"categories":[51,49],"tags":[],"class_list":["post-87125","post","type-post","status-publish","format-standard","hentry","category-evidenza-top","category-news-18","category-51","category-49","description-off"],"img_url":false,"_links":{"self":[{"href":"https:\/\/www.radiopiu.net\/wordpress\/wp-json\/wp\/v2\/posts\/87125","targetHints":{"allow":["GET"]}}],"collection":[{"href":"https:\/\/www.radiopiu.net\/wordpress\/wp-json\/wp\/v2\/posts"}],"about":[{"href":"https:\/\/www.radiopiu.net\/wordpress\/wp-json\/wp\/v2\/types\/post"}],"author":[{"embeddable":true,"href":"https:\/\/www.radiopiu.net\/wordpress\/wp-json\/wp\/v2\/users\/1"}],"replies":[{"embeddable":true,"href":"https:\/\/www.radiopiu.net\/wordpress\/wp-json\/wp\/v2\/comments?post=87125"}],"version-history":[{"count":0,"href":"https:\/\/www.radiopiu.net\/wordpress\/wp-json\/wp\/v2\/posts\/87125\/revisions"}],"wp:attachment":[{"href":"https:\/\/www.radiopiu.net\/wordpress\/wp-json\/wp\/v2\/media?parent=87125"}],"wp:term":[{"taxonomy":"category","embeddable":true,"href":"https:\/\/www.radiopiu.net\/wordpress\/wp-json\/wp\/v2\/categories?post=87125"},{"taxonomy":"post_tag","embeddable":true,"href":"https:\/\/www.radiopiu.net\/wordpress\/wp-json\/wp\/v2\/tags?post=87125"}],"curies":[{"name":"wp","href":"https:\/\/api.w.org\/{rel}","templated":true}]}}