{"id":87138,"date":"2019-06-03T05:55:01","date_gmt":"2019-06-03T03:55:01","guid":{"rendered":"http:\/\/www.radiopiu.net\/wordpress\/?p=87138"},"modified":"2019-06-04T06:02:07","modified_gmt":"2019-06-04T04:02:07","slug":"4-pas-in-doi-2019","status":"publish","type":"post","link":"https:\/\/www.radiopiu.net\/wordpress\/4-pas-in-doi-2019\/","title":{"rendered":"ERIS COSTA E LORENZO CAGNATI FIRMANO LA TERZA EDIZIONE DELLA 4 PAS IN DOI"},"content":{"rendered":"<p><a class=\"dt-pswp-item\" href=\"http:\/\/www.radiopiu.net\/wordpress\/wp-content\/uploads\/2019\/06\/4-pas-partenza.jpeg\" data-dt-img-description=\"\" data-large_image_width=\"1334\" data-large_image_height=\"750\"><img loading=\"lazy\" decoding=\"async\" class=\"wp-image-87139 alignleft\" src=\"http:\/\/www.radiopiu.net\/wordpress\/wp-content\/uploads\/2019\/06\/4-pas-partenza-1024x576.jpeg\" alt=\"\" width=\"272\" height=\"153\" srcset=\"https:\/\/www.radiopiu.net\/wordpress\/wp-content\/uploads\/2019\/06\/4-pas-partenza-1024x576.jpeg 1024w, https:\/\/www.radiopiu.net\/wordpress\/wp-content\/uploads\/2019\/06\/4-pas-partenza-300x169.jpeg 300w, https:\/\/www.radiopiu.net\/wordpress\/wp-content\/uploads\/2019\/06\/4-pas-partenza-768x432.jpeg 768w, https:\/\/www.radiopiu.net\/wordpress\/wp-content\/uploads\/2019\/06\/4-pas-partenza.jpeg 1334w\" sizes=\"auto, (max-width: 272px) 100vw, 272px\" \/><\/a><\/p>\n<p>Sono Lorenzo Cagnati ed Eris Costa i vincitori dell&#8217;edizione 2019 della 4 Pas In Doi, la gara di corsa in montagna organizzata da AD Agordo Pro Loco che far\u00e0 da combinata con la TransCivetta.<\/p>\n<p><a class=\"dt-pswp-item\" href=\"http:\/\/www.radiopiu.net\/wordpress\/wp-content\/uploads\/2019\/06\/4-pas-arrivo-maschile.jpeg\" data-dt-img-description=\"\" data-large_image_width=\"1334\" data-large_image_height=\"750\"><img loading=\"lazy\" decoding=\"async\" class=\"wp-image-87140 alignleft\" src=\"http:\/\/www.radiopiu.net\/wordpress\/wp-content\/uploads\/2019\/06\/4-pas-arrivo-maschile-1024x576.jpeg\" alt=\"\" width=\"274\" height=\"154\" srcset=\"https:\/\/www.radiopiu.net\/wordpress\/wp-content\/uploads\/2019\/06\/4-pas-arrivo-maschile-1024x576.jpeg 1024w, https:\/\/www.radiopiu.net\/wordpress\/wp-content\/uploads\/2019\/06\/4-pas-arrivo-maschile-300x169.jpeg 300w, https:\/\/www.radiopiu.net\/wordpress\/wp-content\/uploads\/2019\/06\/4-pas-arrivo-maschile-768x432.jpeg 768w, https:\/\/www.radiopiu.net\/wordpress\/wp-content\/uploads\/2019\/06\/4-pas-arrivo-maschile.jpeg 1334w\" sizes=\"auto, (max-width: 274px) 100vw, 274px\" \/><\/a><\/p>\n<p>I due atleti agordini hanno concluso in testa la prova sui 15 km e 850 m di dislivello che parte dal Broi di Agordo, che sale fino alla frazione di Rif per poi arrivare in Binatega e scendere fino al centro di Agordo per l&#8217;arrivo.<\/p>\n<p><a class=\"dt-pswp-item\" href=\"http:\/\/www.radiopiu.net\/wordpress\/wp-content\/uploads\/2019\/06\/4-pas-arrivo-mista.jpeg\" data-dt-img-description=\"\" data-large_image_width=\"1334\" data-large_image_height=\"750\"><img loading=\"lazy\" decoding=\"async\" class=\"wp-image-87141 alignleft\" src=\"http:\/\/www.radiopiu.net\/wordpress\/wp-content\/uploads\/2019\/06\/4-pas-arrivo-mista-1024x576.jpeg\" alt=\"\" width=\"340\" height=\"192\" srcset=\"https:\/\/www.radiopiu.net\/wordpress\/wp-content\/uploads\/2019\/06\/4-pas-arrivo-mista-1024x576.jpeg 1024w, https:\/\/www.radiopiu.net\/wordpress\/wp-content\/uploads\/2019\/06\/4-pas-arrivo-mista-300x169.jpeg 300w, https:\/\/www.radiopiu.net\/wordpress\/wp-content\/uploads\/2019\/06\/4-pas-arrivo-mista-768x432.jpeg 768w, https:\/\/www.radiopiu.net\/wordpress\/wp-content\/uploads\/2019\/06\/4-pas-arrivo-mista.jpeg 1334w\" sizes=\"auto, (max-width: 340px) 100vw, 340px\" \/><\/a>In campo femminile vincono Erica Turi e Martina De Silvestro mentre nelle coppie miste Manuel Bulf e Ivano Marcon l&#8217;hanno spuntata su tutti.<\/p>\n<blockquote>\n<h3><\/h3>\n<h3><\/h3>\n<h3><\/h3>\n<\/blockquote>\n<h3><\/h3>\n<p><span style=\"font-family: verdana, sans-serif;\"> <a class=\"dt-pswp-item\" href=\"http:\/\/www.radiopiu.net\/wordpress\/wp-content\/uploads\/2019\/06\/2.06.201-partenza.jpg\" data-dt-img-description=\"\" data-large_image_width=\"1500\" data-large_image_height=\"1000\"><img loading=\"lazy\" decoding=\"async\" class=\"alignnone size-medium wp-image-87186\" src=\"http:\/\/www.radiopiu.net\/wordpress\/wp-content\/uploads\/2019\/06\/2.06.201-partenza-300x200.jpg\" alt=\"\" width=\"300\" height=\"200\" srcset=\"https:\/\/www.radiopiu.net\/wordpress\/wp-content\/uploads\/2019\/06\/2.06.201-partenza-300x200.jpg 300w, https:\/\/www.radiopiu.net\/wordpress\/wp-content\/uploads\/2019\/06\/2.06.201-partenza-768x512.jpg 768w, https:\/\/www.radiopiu.net\/wordpress\/wp-content\/uploads\/2019\/06\/2.06.201-partenza-1024x683.jpg 1024w, https:\/\/www.radiopiu.net\/wordpress\/wp-content\/uploads\/2019\/06\/2.06.201-partenza.jpg 1500w\" sizes=\"auto, (max-width: 300px) 100vw, 300px\" \/><\/a><a class=\"dt-pswp-item\" href=\"http:\/\/www.radiopiu.net\/wordpress\/wp-content\/uploads\/2019\/06\/2.06.2019-i-vincitori-lorenzo-cagnati-ed-eris-costa.jpg\" data-dt-img-description=\"\" data-large_image_width=\"1500\" data-large_image_height=\"1000\"><img loading=\"lazy\" decoding=\"async\" class=\"alignnone size-medium wp-image-87185\" src=\"http:\/\/www.radiopiu.net\/wordpress\/wp-content\/uploads\/2019\/06\/2.06.2019-i-vincitori-lorenzo-cagnati-ed-eris-costa-300x200.jpg\" alt=\"\" width=\"300\" height=\"200\" srcset=\"https:\/\/www.radiopiu.net\/wordpress\/wp-content\/uploads\/2019\/06\/2.06.2019-i-vincitori-lorenzo-cagnati-ed-eris-costa-300x200.jpg 300w, https:\/\/www.radiopiu.net\/wordpress\/wp-content\/uploads\/2019\/06\/2.06.2019-i-vincitori-lorenzo-cagnati-ed-eris-costa-768x512.jpg 768w, https:\/\/www.radiopiu.net\/wordpress\/wp-content\/uploads\/2019\/06\/2.06.2019-i-vincitori-lorenzo-cagnati-ed-eris-costa-1024x683.jpg 1024w, https:\/\/www.radiopiu.net\/wordpress\/wp-content\/uploads\/2019\/06\/2.06.2019-i-vincitori-lorenzo-cagnati-ed-eris-costa.jpg 1500w\" sizes=\"auto, (max-width: 300px) 100vw, 300px\" \/><\/a><a class=\"dt-pswp-item\" href=\"http:\/\/www.radiopiu.net\/wordpress\/wp-content\/uploads\/2019\/06\/2.06.2019-4-pas-in-doi-bocoi.jpg\" data-dt-img-description=\"\" data-large_image_width=\"667\" data-large_image_height=\"1000\"><img loading=\"lazy\" decoding=\"async\" class=\"alignnone size-medium wp-image-87184\" src=\"http:\/\/www.radiopiu.net\/wordpress\/wp-content\/uploads\/2019\/06\/2.06.2019-4-pas-in-doi-bocoi-200x300.jpg\" alt=\"\" width=\"200\" height=\"300\" srcset=\"https:\/\/www.radiopiu.net\/wordpress\/wp-content\/uploads\/2019\/06\/2.06.2019-4-pas-in-doi-bocoi-200x300.jpg 200w, https:\/\/www.radiopiu.net\/wordpress\/wp-content\/uploads\/2019\/06\/2.06.2019-4-pas-in-doi-bocoi.jpg 667w\" sizes=\"auto, (max-width: 200px) 100vw, 200px\" \/><\/a><a class=\"dt-pswp-item\" href=\"http:\/\/www.radiopiu.net\/wordpress\/wp-content\/uploads\/2019\/06\/02.06.2019-4pas.jpg\" data-dt-img-description=\"\" data-large_image_width=\"1500\" data-large_image_height=\"1000\"><img loading=\"lazy\" decoding=\"async\" class=\"alignnone size-medium wp-image-87183\" src=\"http:\/\/www.radiopiu.net\/wordpress\/wp-content\/uploads\/2019\/06\/02.06.2019-4pas-300x200.jpg\" alt=\"\" width=\"300\" height=\"200\" srcset=\"https:\/\/www.radiopiu.net\/wordpress\/wp-content\/uploads\/2019\/06\/02.06.2019-4pas-300x200.jpg 300w, https:\/\/www.radiopiu.net\/wordpress\/wp-content\/uploads\/2019\/06\/02.06.2019-4pas-768x512.jpg 768w, https:\/\/www.radiopiu.net\/wordpress\/wp-content\/uploads\/2019\/06\/02.06.2019-4pas-1024x683.jpg 1024w, https:\/\/www.radiopiu.net\/wordpress\/wp-content\/uploads\/2019\/06\/02.06.2019-4pas.jpg 1500w\" sizes=\"auto, (max-width: 300px) 100vw, 300px\" \/><\/a><\/span><\/p>\n<p><b>Oltre 700 concorrenti per la manifestazione agordina. Spazio anche ai pi\u00f9 piccoli e ai gourmet con la 4 pas in doi bocoi<\/b><\/p>\n<p><b>Agordo (Belluno), 2 giugno 2019 &#8211; Lorenzo Cagnati ed Eris Costa firmano la terza edizione della \u201c4 pas in doi\u201d<\/b>, gara di corsa in montagna proposta domenica 2 giugno ad <b>Agordo (Dolomiti Bellunesi)<\/b> da \u201cAd Agordo Pro Loco\u201d. 15 chilometri di sviluppo e 850 metri di dislivello positivo per la gara pi\u00f9 prestigiosa della manifestazione agordina che ha richiamato 131 coppie. Partenza e arrivo fissati sul \u201cBroi\u201d, la suggestiva piazza centrale di Agordo, a fare da cornice le spettacolari vette del Framont, della Moiazza, del San Sebastiano e dell\u2019Agner. Pronti via e subito l&#8217;agordino di Canale e lo zoldano di &#8230; Costa, prendono in mano le redini della prova, con il pi\u00f9 esperto Costa a fare il passo. Allo scollinamento in zona Binatega, i due hanno un vantaggio che si aggira sui 4&#8242;. La possibilit\u00e0 di ritoccare il record c&#8217;\u00e8 tutta ma la discesa crea qualche problema alla coppia di testa che decide cos\u00ec di procedere in sicurezza, senza forzare eccessivamente, anche perch\u00e9 il margine di vantaggio \u00e8 di assoluta tranquillit\u00e0. Sul traguardo, Costa e Cagnati fanno fermare le lancette del cronometro sul tempo di 1h17&#8217;16&#8221;. Bisogna attendere 3&#8217;18&#8243;5 prima dell&#8217;arrivo della seconda squadra, quella composta da Filippo Beccari e Simone Manfroi. A completare il podio, staccati di 3&#8217;33&#8221;, Elia Costa e Luca Mosena.<\/p>\n<div><span style=\"font-family: verdana, sans-serif;\"><br \/>\nTra le coppie femminili, successo per le &#8220;Dragon alated girls&#8221; <b>Erica Turi e Martina De Silvestro<\/b> (1h33&#8217;59&#8221; il riscontro cronometrico). Secondo e terzo posto rispettivamente per due formazioni del team friulano Aldo Moro Paluzza: Paola Romanin &#8211; Anna Finizio (staccate di 2&#8217;17&#8243;3) e Desy Salvadego &#8211; Alice Cescutti (a 9&#8217;07&#8243;1). <\/span><\/div>\n<div><span style=\"font-family: verdana, sans-serif;\"><span style=\"font-family: verdana, sans-serif;\"><br \/>\nTra le coppie miste, vittoria dei &#8220;padroni di casa&#8221;, gli agordini <b>Manuela Bulf e Ivano Marcon<\/b>, primi sul traguardo del Broi in 1h31&#8217;24&#8221;. Sul podio anche Gianpietro Barattin e Angela De Poi (a 4&#8217;30&#8243;6) e Alice Peruz e Pietro Bertolani (a 7&#8217;25&#8243;3).<\/span><\/span>La 4 pas in doi proponeva anche una prova sui <b>6 chilometri <\/b>che ha visto il successo di Bettina Bortoli e Martina Olivier, Martino Busin e Francesco Luciani, Nikolas Bettini e Alyssa Friz.\u00a0Complessivamente, i podisti che si sono confrontati nell&#8217;edizione 2019 della 4 pas in doi sono stati 552.<\/p>\n<p>Per approfondimenti sulla \u201c4 Pas in doi\u201d: <a href=\"http:\/\/www.4pasindoi.it\">www.4pasindoi.it<\/a><\/p>\n<\/div>\n<div><\/div>\n<p>DIRETTA FACEBOOK <span style=\"color: #000080;\"><a style=\"color: #000080;\" href=\"https:\/\/www.facebook.com\/mirko.mezzacasa\/videos\/10219864965241385\/\">CLICCA QUI\u00a0<\/a><\/span><\/p>\n<p>DIRETTA DOI BOCOI DA RIF <span style=\"color: #000080;\"><a style=\"color: #000080;\" href=\"https:\/\/www.facebook.com\/mirko.mezzacasa\/videos\/10219866538760722\/\">CLICCA QUI<\/a><\/span><\/p>\n<p>&nbsp;<\/p>\n<blockquote>\n<h3>LE INTERVISTE<\/h3>\n<\/blockquote>\n<p>L&#8217;ARRIVO DELLA 15 KM MASCHILE<\/p>\n<audio class=\"wp-audio-shortcode\" id=\"audio-87138-1\" preload=\"none\" style=\"width: 100%;\" controls=\"controls\"><source type=\"audio\/mpeg\" src=\"http:\/\/www.radiopiu.net\/wordpress\/wp-content\/uploads\/2019\/06\/4-PAS-ARRIVO-PRIMI.mp3?_=1\" \/><a href=\"http:\/\/www.radiopiu.net\/wordpress\/wp-content\/uploads\/2019\/06\/4-PAS-ARRIVO-PRIMI.mp3\">http:\/\/www.radiopiu.net\/wordpress\/wp-content\/uploads\/2019\/06\/4-PAS-ARRIVO-PRIMI.mp3<\/a><\/audio>\n<p>IVANO MARCON ALL&#8217;ARRIVO<\/p>\n<audio class=\"wp-audio-shortcode\" id=\"audio-87138-2\" preload=\"none\" style=\"width: 100%;\" controls=\"controls\"><source type=\"audio\/mpeg\" src=\"http:\/\/www.radiopiu.net\/wordpress\/wp-content\/uploads\/2019\/06\/4-PAS-MARCON.mp3?_=2\" \/><a href=\"http:\/\/www.radiopiu.net\/wordpress\/wp-content\/uploads\/2019\/06\/4-PAS-MARCON.mp3\">http:\/\/www.radiopiu.net\/wordpress\/wp-content\/uploads\/2019\/06\/4-PAS-MARCON.mp3<\/a><\/audio>\n<p>GLI ALPINI, SEMPRE PRESENTI CON IL PASTAPARTY<\/p>\n<audio class=\"wp-audio-shortcode\" id=\"audio-87138-3\" preload=\"none\" style=\"width: 100%;\" controls=\"controls\"><source type=\"audio\/mpeg\" src=\"http:\/\/www.radiopiu.net\/wordpress\/wp-content\/uploads\/2019\/06\/4-PAS-ALPINI.mp3?_=3\" \/><a href=\"http:\/\/www.radiopiu.net\/wordpress\/wp-content\/uploads\/2019\/06\/4-PAS-ALPINI.mp3\">http:\/\/www.radiopiu.net\/wordpress\/wp-content\/uploads\/2019\/06\/4-PAS-ALPINI.mp3<\/a><\/audio>\n<p>ENRICO FARENZENA DI AD AGORDO PRO LOCO<\/p>\n<audio class=\"wp-audio-shortcode\" id=\"audio-87138-4\" preload=\"none\" style=\"width: 100%;\" controls=\"controls\"><source type=\"audio\/mpeg\" src=\"http:\/\/www.radiopiu.net\/wordpress\/wp-content\/uploads\/2019\/06\/4-PAS-ENRICO.mp3?_=4\" \/><a href=\"http:\/\/www.radiopiu.net\/wordpress\/wp-content\/uploads\/2019\/06\/4-PAS-ENRICO.mp3\">http:\/\/www.radiopiu.net\/wordpress\/wp-content\/uploads\/2019\/06\/4-PAS-ENRICO.mp3<\/a><\/audio>\n<p>&nbsp;<\/p>\n","protected":false},"excerpt":{"rendered":"<p>Sono Lorenzo Cagnati ed Eris Costa i vincitori dell&#8217;edizione 2019 della 4 Pas In Doi, la gara di corsa in montagna organizzata da AD Agordo Pro Loco che far\u00e0 da combinata con la TransCivetta. I due atleti agordini hanno concluso in testa la prova sui 15 km e 850 m di dislivello che parte dal&hellip;<\/p>\n","protected":false},"author":4,"featured_media":87139,"comment_status":"closed","ping_status":"closed","sticky":false,"template":"","format":"standard","meta":{"_monsterinsights_skip_tracking":false,"_monsterinsights_sitenote_active":false,"_monsterinsights_sitenote_note":"","_monsterinsights_sitenote_category":0,"footnotes":""},"categories":[49,72],"tags":[],"class_list":["post-87138","post","type-post","status-publish","format-standard","has-post-thumbnail","hentry","category-news-18","category-sport","category-49","category-72","description-off"],"img_url":"https:\/\/www.radiopiu.net\/wordpress\/wp-content\/uploads\/2019\/06\/4-pas-partenza.jpeg","_links":{"self":[{"href":"https:\/\/www.radiopiu.net\/wordpress\/wp-json\/wp\/v2\/posts\/87138","targetHints":{"allow":["GET"]}}],"collection":[{"href":"https:\/\/www.radiopiu.net\/wordpress\/wp-json\/wp\/v2\/posts"}],"about":[{"href":"https:\/\/www.radiopiu.net\/wordpress\/wp-json\/wp\/v2\/types\/post"}],"author":[{"embeddable":true,"href":"https:\/\/www.radiopiu.net\/wordpress\/wp-json\/wp\/v2\/users\/4"}],"replies":[{"embeddable":true,"href":"https:\/\/www.radiopiu.net\/wordpress\/wp-json\/wp\/v2\/comments?post=87138"}],"version-history":[{"count":0,"href":"https:\/\/www.radiopiu.net\/wordpress\/wp-json\/wp\/v2\/posts\/87138\/revisions"}],"wp:featuredmedia":[{"embeddable":true,"href":"https:\/\/www.radiopiu.net\/wordpress\/wp-json\/wp\/v2\/media\/87139"}],"wp:attachment":[{"href":"https:\/\/www.radiopiu.net\/wordpress\/wp-json\/wp\/v2\/media?parent=87138"}],"wp:term":[{"taxonomy":"category","embeddable":true,"href":"https:\/\/www.radiopiu.net\/wordpress\/wp-json\/wp\/v2\/categories?post=87138"},{"taxonomy":"post_tag","embeddable":true,"href":"https:\/\/www.radiopiu.net\/wordpress\/wp-json\/wp\/v2\/tags?post=87138"}],"curies":[{"name":"wp","href":"https:\/\/api.w.org\/{rel}","templated":true}]}}