{"id":87170,"date":"2019-06-02T19:04:09","date_gmt":"2019-06-02T17:04:09","guid":{"rendered":"http:\/\/www.radiopiu.net\/wordpress\/?p=87170"},"modified":"2019-06-03T11:15:59","modified_gmt":"2019-06-03T09:15:59","slug":"87170-2","status":"publish","type":"post","link":"https:\/\/www.radiopiu.net\/wordpress\/87170-2\/","title":{"rendered":"GIORNALE RADIOPIU 03 GIUGNO 2019 DIRETTORE MIRKO MEZZACASA"},"content":{"rendered":"<p align=\"JUSTIFY\"><span style=\"font-family: Calibri, sans-serif;\"><span style=\"font-size: medium;\">Si \u00e8 verificato in data odierna un guasto generalizzato, a livello provinciale, alle linee telefoniche e di trasmissione dati fornite dal gestore Fastweb, assegnatario a seguito di gara nazionale CONSIP. <\/span><\/span><span style=\"font-size: medium; font-family: Calibri, sans-serif;\">Ci\u00f2 pu\u00f2 comportare disfunzioni nell\u2019accesso all\u2019anagrafe sanitaria regionale per le attivit\u00e0 degli sportelli amministrativi distrettuali e sub distrettuali aziendali (esempio: scelta e revoca dei Medici di Assistenza Primaria e dei Pediatri di Libera Scelta, esenzioni ecc. ). <\/span><span style=\"font-family: Calibri, sans-serif;\"><span style=\"font-size: medium;\">Analoghe difficolt\u00e0 si possono verificare presso la sede ospedaliera di Auronzo e parzialmente presso quella di Cortina, in particolare nelle attivit\u00e0 collegate all\u2019 accettazione amministrativa presso il Pronto Soccorso, il Laboratorio Analisi, e le operazioni della Cassa ospedaliera. <\/span><\/span><b style=\"font-size: medium; font-family: Calibri, sans-serif;\">Sono comunque attivi e garantiti tutti i numeri dell\u2019emergenza sanitaria. <\/b><span style=\"font-family: Calibri, sans-serif;\"><span style=\"font-size: medium;\">L\u2019ULSS 1 si sta adoperando nel sollecitare la tempestiva soluzione del problema da parte di Fastweb che si confida possa trovare rimedio gi\u00e0 nel corso delle prossime ore. <\/span><\/span><span style=\"font-size: medium; font-family: Calibri, sans-serif;\">L\u2019Azienda si scusa per gli eventuali disagi all\u2019utenza, che comunque dipendono dalla responsabilit\u00e0 del fornitore.<\/span><\/p>\n<p>&nbsp;<\/p>\n<p><strong>Due gravi incidente stradali nel fine settimana<\/strong>, in entrambi coinvolti due motociclisti. A Passo Giau perde le vita un veneziano dopo aver perso il controllo del mezzo, terribile lo schianto contro il guard rail e il successivo volo nel torrente Codalunga dove dopo lunghe operazioni di ricerche il veneziano di Dolo \u00e8 stato trovato privo di vita. Un bolognese \u00e8 invece uscito di strada verso Cortina, lotta contro la morte al C\u00e0 Foncello di Treviso. <strong>Dopo la corsa rosa i campioni tornano a Belluno.<\/strong> questa sera la Cycling star criterium, esibizione tra le piazze cittadine con i professionisti e le vecchie glorie.<strong>Messner spezza una lancia per il collegamento del Comelico<\/strong> &#8220;per non farlo morire&#8221;, agli ambientalisti dice di stare zitti &#8220;Non vi hanno eletto quindi non potete decidere&#8221;. Nella manifestazioni del fine settimana le prese di posizione di De Carlo, Bond e De Menech.<strong>Paura a Venezia<\/strong>, una gigantesca nave di 275 metri inarrestabile mentre attraccava alla Giudecca, strage sfiorata e video che hanno fatto il giro del mondo. La nave si \u00e8 schiantata come da video) contro la riva di San Basilio sopra un battello fluviale, fuggi fuggi delle persone che stavano passeggiando.<\/p>\n<blockquote class=\"wp-embedded-content\" data-secret=\"k0dz53LZUo\"><p><a href=\"http:\/\/www.radiopiu.net\/wordpress\/lincidente-a-venezia-video-grande-nave-vs-battello\/\">L&#8217;incidente a Venezia &#8211; VIDEO &#8211; grande Nave vs Battello<\/a><\/p><\/blockquote>\n<p><iframe loading=\"lazy\" class=\"wp-embedded-content\" sandbox=\"allow-scripts\" security=\"restricted\" style=\"position: absolute; clip: rect(1px, 1px, 1px, 1px);\" src=\"http:\/\/www.radiopiu.net\/wordpress\/lincidente-a-venezia-video-grande-nave-vs-battello\/embed\/#?secret=k0dz53LZUo\" data-secret=\"k0dz53LZUo\" width=\"600\" height=\"338\" title=\"&#8220;L&#8217;incidente a Venezia &#8211; VIDEO &#8211; grande Nave vs Battello&#8221; &#8212; Radio Pi\u00f9\" frameborder=\"0\" marginwidth=\"0\" marginheight=\"0\" scrolling=\"no\"><\/iframe><\/p>\n<p>&nbsp;<\/p>\n<p>&nbsp;<\/p>\n<p>&nbsp;<\/p>\n<p>Gestione Servizi Pubblici informa che a Lamon in localit\u00e0 Oltra e a Rocca Pietore nelle localit\u00e0 Masar\u00e8, Badiot e Le Pale l&#8217;acqua erogata dall&#8217;acquedotto non \u00e8 potabile e pu\u00f2 essere usata per scopi alimentari solo previa bollitura.<\/p>\n<p>&nbsp;<\/p>\n<p>&nbsp;<\/p>\n<p>&nbsp;<\/p>\n<h2>PRIMAVERA A PASSO GARDENA<\/h2>\n<h2>IERI<\/h2>\n<p><a class=\"dt-pswp-item\" href=\"http:\/\/www.radiopiu.net\/wordpress\/wp-content\/uploads\/2019\/06\/WhatsApp-Image-2019-06-02-at-17.27.49.jpeg\" data-dt-img-description=\"\" data-large_image_width=\"1200\" data-large_image_height=\"1600\"><img loading=\"lazy\" decoding=\"async\" class=\"alignnone wp-image-87175\" src=\"http:\/\/www.radiopiu.net\/wordpress\/wp-content\/uploads\/2019\/06\/WhatsApp-Image-2019-06-02-at-17.27.49-225x300.jpeg\" alt=\"\" width=\"315\" height=\"420\" srcset=\"https:\/\/www.radiopiu.net\/wordpress\/wp-content\/uploads\/2019\/06\/WhatsApp-Image-2019-06-02-at-17.27.49-225x300.jpeg 225w, https:\/\/www.radiopiu.net\/wordpress\/wp-content\/uploads\/2019\/06\/WhatsApp-Image-2019-06-02-at-17.27.49-768x1024.jpeg 768w, https:\/\/www.radiopiu.net\/wordpress\/wp-content\/uploads\/2019\/06\/WhatsApp-Image-2019-06-02-at-17.27.49.jpeg 1200w\" sizes=\"auto, (max-width: 315px) 100vw, 315px\" \/><\/a><\/p>\n<p>&nbsp;<\/p>\n<p>&nbsp;<\/p>\n<p>&nbsp;<\/p>\n<h2>LA RICORRENZA, I 30 ANNI DELLE CODOLE, GLI AUGURI ALLA FAMIGLIA TIBOLLA<\/h2>\n<p><strong>CANALE D&#8217;AGORDO<\/strong><\/p>\n<p><strong>LA POESIA DI JOHN FRANCIS DELLA PIETRA<\/strong><\/p>\n<p>&nbsp;<\/p>\n<audio class=\"wp-audio-shortcode\" id=\"audio-87170-1\" preload=\"none\" style=\"width: 100%;\" controls=\"controls\"><source type=\"audio\/mpeg\" src=\"http:\/\/www.radiopiu.net\/wordpress\/wp-content\/uploads\/2019\/06\/JOHN.mp3?_=1\" \/><a href=\"http:\/\/www.radiopiu.net\/wordpress\/wp-content\/uploads\/2019\/06\/JOHN.mp3\">http:\/\/www.radiopiu.net\/wordpress\/wp-content\/uploads\/2019\/06\/JOHN.mp3<\/a><\/audio>\n<p><a class=\"dt-pswp-item\" href=\"http:\/\/www.radiopiu.net\/wordpress\/wp-content\/uploads\/2019\/06\/WhatsApp-Image-2019-06-02-at-17.56.34.jpeg\" data-dt-img-description=\"\" data-large_image_width=\"1200\" data-large_image_height=\"1599\"><img loading=\"lazy\" decoding=\"async\" class=\"alignnone wp-image-87196\" src=\"http:\/\/www.radiopiu.net\/wordpress\/wp-content\/uploads\/2019\/06\/WhatsApp-Image-2019-06-02-at-17.56.34-225x300.jpeg\" alt=\"\" width=\"170\" height=\"227\" srcset=\"https:\/\/www.radiopiu.net\/wordpress\/wp-content\/uploads\/2019\/06\/WhatsApp-Image-2019-06-02-at-17.56.34-225x300.jpeg 225w, https:\/\/www.radiopiu.net\/wordpress\/wp-content\/uploads\/2019\/06\/WhatsApp-Image-2019-06-02-at-17.56.34-768x1024.jpeg 768w, https:\/\/www.radiopiu.net\/wordpress\/wp-content\/uploads\/2019\/06\/WhatsApp-Image-2019-06-02-at-17.56.34.jpeg 1200w\" sizes=\"auto, (max-width: 170px) 100vw, 170px\" \/><\/a> <a class=\"dt-pswp-item\" href=\"http:\/\/www.radiopiu.net\/wordpress\/wp-content\/uploads\/2019\/06\/WhatsApp-Image-2019-06-02-at-17.46.20.jpeg\" data-dt-img-description=\"\" data-large_image_width=\"1600\" data-large_image_height=\"1200\"><img loading=\"lazy\" decoding=\"async\" class=\"alignnone size-medium wp-image-87198\" src=\"http:\/\/www.radiopiu.net\/wordpress\/wp-content\/uploads\/2019\/06\/WhatsApp-Image-2019-06-02-at-17.46.20-300x225.jpeg\" alt=\"\" width=\"300\" height=\"225\" srcset=\"https:\/\/www.radiopiu.net\/wordpress\/wp-content\/uploads\/2019\/06\/WhatsApp-Image-2019-06-02-at-17.46.20-300x225.jpeg 300w, https:\/\/www.radiopiu.net\/wordpress\/wp-content\/uploads\/2019\/06\/WhatsApp-Image-2019-06-02-at-17.46.20-768x576.jpeg 768w, https:\/\/www.radiopiu.net\/wordpress\/wp-content\/uploads\/2019\/06\/WhatsApp-Image-2019-06-02-at-17.46.20-1024x768.jpeg 1024w, https:\/\/www.radiopiu.net\/wordpress\/wp-content\/uploads\/2019\/06\/WhatsApp-Image-2019-06-02-at-17.46.20.jpeg 1600w\" sizes=\"auto, (max-width: 300px) 100vw, 300px\" \/><\/a><\/p>\n<h2><\/h2>\n<p>&nbsp;<\/p>\n<p>&nbsp;<\/p>\n<p>&nbsp;<\/p>\n<p>&nbsp;<\/p>\n<h2><a class=\"dt-pswp-item\" href=\"http:\/\/www.radiopiu.net\/wordpress\/wp-content\/uploads\/2019\/06\/IMG-20190602-WA0013.jpg\" data-dt-img-description=\"\" data-large_image_width=\"1200\" data-large_image_height=\"1600\"><img loading=\"lazy\" decoding=\"async\" class=\" wp-image-87203 alignleft\" src=\"http:\/\/www.radiopiu.net\/wordpress\/wp-content\/uploads\/2019\/06\/IMG-20190602-WA0013-225x300.jpg\" alt=\"\" width=\"178\" height=\"237\" srcset=\"https:\/\/www.radiopiu.net\/wordpress\/wp-content\/uploads\/2019\/06\/IMG-20190602-WA0013-225x300.jpg 225w, https:\/\/www.radiopiu.net\/wordpress\/wp-content\/uploads\/2019\/06\/IMG-20190602-WA0013-768x1024.jpg 768w, https:\/\/www.radiopiu.net\/wordpress\/wp-content\/uploads\/2019\/06\/IMG-20190602-WA0013.jpg 1200w\" sizes=\"auto, (max-width: 178px) 100vw, 178px\" \/><\/a>VENEZIANO MUORE A PASSO GIAU SBALZATO DALLA MOTO<\/h2>\n<p><img loading=\"lazy\" decoding=\"async\" class=\"spotlight\" src=\"https:\/\/scontent.fmxp3-1.fna.fbcdn.net\/v\/t1.0-9\/21077590_748261738694214_8460922699930336227_n.jpg?_nc_cat=102&amp;_nc_ht=scontent.fmxp3-1.fna&amp;oh=6c74aed211ff041728410f06121cbfba&amp;oe=5D52C50D\" alt=\"L'immagine pu\u00f2 contenere: 1 persona, con sorriso, motocicletta e spazio all'aperto\" width=\"359\" height=\"201\" aria-busy=\"false\" \/><\/p>\n<p><strong>COLLE SANTA LUCIA<\/strong> Esce di strada con la sua moto mentre scende da Passo Giau\u00a0 al chilometro 15, 400. Un volo\u00a0 mortale tra alberi e ripidi pendii. Scendendo con un gruppo di amici da Passo Giau verso Selva di Cadore, un biker ha perso il controllo della moto ed \u00e8 finito contro il guardrail. Nell&#8217;urto, la motocicletta \u00e8 rimasta sulla carreggiata, mentre l&#8217;uomo, Daniele Pandrin, residente a Pianiga (Ve), \u00e8 stato sbalzato al di l\u00e0, finendo nella ripida scarpata. Alle 16.45 circa un automobilista che aveva assistito all&#8217;incidente ha dato l&#8217;allarme al 118, che ha inviato l&#8217;elicottero del Suem di Pieve di Cadore, allertando il Soccorso alpino della Val Fiorentina e di Cortina. Sbarcato con un verricello poco sotto la strada, il tecnico di elisoccorso ha iniziato a scendere e a cercare l&#8217;uomo, aiutato subito da un soccorritore e dal personale di un&#8221;ambulanza sopraggiunta e poi dagli altri soccorritori aggiuntisi assieme al Soccorso alpino della Guardia di finanza di Cortina e ai Vigili del fuoco. Purtroppo dopo una lunga perlustrazione \u00e8 stato rinvenuto il corpo senza vita del motocliclista, ruzzolato per un centinaio di metri e finito in una pozza d&#8217;acqua formata da una cascata del torrente Codalonga, 100 metri pi\u00f9 sotto. Una volta constato il decesso da parte del medico dell&#8217;eliambulanza, la salma \u00e8 stata ricomposta, imbarellata e trasportata a spalla dai soccorritori fino alla strada per essere affidata al carro funebre. Sul luogo dell&#8217;incidente stavano anche arrivando i tecnici forristi del Soccorso alpino e speleologico Veneto.<\/p>\n<div style=\"width: 640px;\" class=\"wp-video\"><video class=\"wp-video-shortcode\" id=\"video-87170-1\" width=\"640\" height=\"368\" preload=\"metadata\" controls=\"controls\"><source type=\"video\/mp4\" src=\"http:\/\/www.radiopiu.net\/wordpress\/wp-content\/uploads\/2019\/05\/video-1559497203.mp4?_=1\" \/><a href=\"http:\/\/www.radiopiu.net\/wordpress\/wp-content\/uploads\/2019\/05\/video-1559497203.mp4\">http:\/\/www.radiopiu.net\/wordpress\/wp-content\/uploads\/2019\/05\/video-1559497203.mp4<\/a><\/video><\/div>\n<p>&nbsp;<\/p>\n<p>&nbsp;<\/p>\n<p>&nbsp;<\/p>\n<h2><strong>LOTTA PER LA VITA UN BOLOGNESE FINITO FUORI STRADA CON LA SUA MOTO<\/strong><\/h2>\n<p><strong>CORTINA D&#8217;AMPEZZO<\/strong> Grave incidente lungo la 48 delle Dolomiti in localit\u00e0 Pocol, Probabilmente per una malore il bolognese A.R. di 59 anni\u00a0 ha perso il controllo della Bmw 1200 cadendo rovinosamente sull&#8217;asfalto. L&#8217;uomo \u00e8 stato elitrasportato dal Suem al C\u00e0 Foncello di Treviso, ieri\u00a0 sera la sue condizioni erano molto gravi.\u00a0 Rilievi dei Carabinieri di San Vito.<\/p>\n<p>&nbsp;<\/p>\n<p>&nbsp;<\/p>\n<h3>SBALZATO DALLA MOTO LUNGO LA PROVINCIALE 1, CONSEGUENZE GRAVI<\/h3>\n<p><strong>TRICHIANA<\/strong> Un motociclista di 35 anni B.C. di Trichiana\u00a0 \u00e8 rimasto ferito ieri, a causa di un incidente. La moto si \u00e8 scontrata con un&#8217;auto mentre percorreva la sp 1 e nell&#8217;urto il centauro \u00e8 stato sbalzato dalla moto. Le sue condizioni sono apparse subito serie. Trasportato in ambulanza all&#8217;ospedale di Belluno, il motociclista presenta un politrauma importante e si trova in rianimazione in prognosi riservata.<\/p>\n<p>&nbsp;<\/p>\n<p>&nbsp;<\/p>\n<h2>IMPEGNATIVO INTERVENTO L&#8217;ALTRA NOTTE, FINO ALLE 8 DEL MATTINO<\/h2>\n<p><strong><a class=\"dt-pswp-item\" href=\"http:\/\/www.radiopiu.net\/wordpress\/wp-content\/uploads\/2019\/06\/IMG-20190602-WA0001.jpg\" data-dt-img-description=\"\" data-large_image_width=\"1600\" data-large_image_height=\"1200\"><img loading=\"lazy\" decoding=\"async\" class=\"wp-image-87166 alignleft\" src=\"http:\/\/www.radiopiu.net\/wordpress\/wp-content\/uploads\/2019\/06\/IMG-20190602-WA0001-300x225.jpg\" alt=\"\" width=\"255\" height=\"192\" srcset=\"https:\/\/www.radiopiu.net\/wordpress\/wp-content\/uploads\/2019\/06\/IMG-20190602-WA0001-300x225.jpg 300w, https:\/\/www.radiopiu.net\/wordpress\/wp-content\/uploads\/2019\/06\/IMG-20190602-WA0001-768x576.jpg 768w, https:\/\/www.radiopiu.net\/wordpress\/wp-content\/uploads\/2019\/06\/IMG-20190602-WA0001-1024x768.jpg 1024w, https:\/\/www.radiopiu.net\/wordpress\/wp-content\/uploads\/2019\/06\/IMG-20190602-WA0001.jpg 1600w\" sizes=\"auto, (max-width: 255px) 100vw, 255px\" \/><\/a>AURONZO\u00a0<\/strong> Il Soccorso alpino di Auronzo e di San Vito di Cadore sono stati impegnati sabato notte nell&#8217;intervento di ricerca e recupero di un escursionista inglese di 24 anni. Qualche minuto prima delle 21, ieri sera le squadre sono stati attivate dal 118 in seguito alla chiamata della proprietaria di un albergo, contattata dal ragazzo che era stato suo ospite la notte precedente e che in quel momento si trovava in difficolt\u00e0 sulla Cengia del Doge, impossibilitato a proseguire o a tornare indietro. Quando i soccorritori hanno provato a richiamare il giovane per cercare di geolocalizzarlo o avere maggiori dettagli sul luogo, il cellulare si era per\u00f2 spento. Fortunatamente l&#8217;escursionista aveva descritto alla perfezione all&#8217;albergatrice l&#8217;itinerario che avrebbe intrapreso. Arrivato da Sagron del Mis a Borca di Cadore, il giovane era salito al Rifugio San Marco, <a class=\"dt-pswp-item\" href=\"http:\/\/www.radiopiu.net\/wordpress\/wp-content\/uploads\/2019\/06\/IMG-20190602-WA0003.jpg\" data-dt-img-description=\"\" data-large_image_width=\"1200\" data-large_image_height=\"1600\"><img loading=\"lazy\" decoding=\"async\" class=\"size-medium wp-image-87168 alignright\" src=\"http:\/\/www.radiopiu.net\/wordpress\/wp-content\/uploads\/2019\/06\/IMG-20190602-WA0003-225x300.jpg\" alt=\"\" width=\"225\" height=\"300\" srcset=\"https:\/\/www.radiopiu.net\/wordpress\/wp-content\/uploads\/2019\/06\/IMG-20190602-WA0003-225x300.jpg 225w, https:\/\/www.radiopiu.net\/wordpress\/wp-content\/uploads\/2019\/06\/IMG-20190602-WA0003-768x1024.jpg 768w, https:\/\/www.radiopiu.net\/wordpress\/wp-content\/uploads\/2019\/06\/IMG-20190602-WA0003.jpg 1200w\" sizes=\"auto, (max-width: 225px) 100vw, 225px\" \/><\/a>chiuso in questi giorni, dove erano presenti tuttavia i gestori che lo avevano visto passare alle 16 circa. Arrivato a Forcella Grande, la sua intenzione era quella di passare sulla cengia che attraversa il Corno del Doge e dirigersi al Bivacco Voltolina per dormire. Una squadra \u00e8 quindi partita a piedi da Auronzo e una con gli sci d&#8217;alpinismo da San Vito di Cadore &#8211; 10 tecnici in totale &#8211; per ritrovarsi all&#8217;altezza della cengia attorno alle 23. I soccorritori hanno quindi trovato sui cumuli di neve le impronte degli scarponi del ragazzo e si sono divisi nel tentativo di individuarlo, finch\u00e9 in tre lo hanno rintracciato e raggiunto a circa 2100 metri di quota, dopo aver superato alcuni tratti pi\u00f9 esposti con corde fisse. Il giovane, non attrezzato alpinisticamente e senza luce, dopo aver sbagliato l&#8217;ingresso della cengia aveva proseguito tra mughi e ghiaioni, costretto per\u00f2 a bloccarsi per il rischio di procedere con neve e strapiombi sotto di s\u00e9. Stava bene, pur stanco e infreddolito. Dato che le condizioni per rientrare sarebbero state oggettivamente pericolose, \u00e8 stato deciso di attendere le prime luci. Cos\u00ec tutte le squadre si sono fermate nei vari punti in cui si trovavano. Appena ha fatto giorno, alle 6 il Pelikan di Bressanone ha provveduto a recuperare il ragazzo e i tre soccorritori rimasti con lui, imbarcandoli con il verricello per poi trasportarli a Palus San Marco. Il resto delle squadre \u00e8 rientrato a piedi. L&#8217;intervento si \u00e8 concluso alle 8 di ieri mattina .<\/p>\n<blockquote><p><strong>Poich\u00e9 in quota la neve \u00e8 ancora abbondante e le condizioni invernali, invitiamo alla prudenza, a dotarsi in ogni caso dell&#8217;opportuna attrezzatura, di ramponi e piccozze, e a muoversi in determinati ambienti se adeguatamente preparati.<\/strong><\/p><\/blockquote>\n<p>&nbsp;<\/p>\n<h2><\/h2>\n<p>&nbsp;<\/p>\n<h2>SI ROVESCIA COL TRATTORE<\/h2>\n<p><strong><a class=\"dt-pswp-item\" href=\"http:\/\/www.radiopiu.net\/wordpress\/wp-content\/uploads\/2015\/05\/1207856-soccorso_alpino.jpg\" data-dt-img-description=\"\" data-large_image_width=\"680\" data-large_image_height=\"380\"><img loading=\"lazy\" decoding=\"async\" class=\" wp-image-5043 alignleft\" src=\"http:\/\/www.radiopiu.net\/wordpress\/wp-content\/uploads\/2015\/05\/1207856-soccorso_alpino-300x168.jpg\" alt=\"\" width=\"195\" height=\"109\" \/><\/a>SAN VITO DI CADORE<\/strong> Attorno alle 11\u00a0 di ieri mattina la Centrale del 118 ha allertato il Soccorso alpino di San Vito di Cadore per un incidente col trattore in localit\u00e0 Zoppa, non distante dal cimitero. Mentre stava risalendo una stradina con trattore e rimorchio, forse per un guasto, il mezzo ha iniziato a indietreggiare fino a rovesciarsi e l&#8217;uomo alla guida, un quarantanovenne di San Vito di Cadore (BL), \u00e8 stato sbalzato a terra riportando un possibile trauma al costato e al bacino. Sul posto &#8211; era presente anche la moglie &#8211; \u00e8 arrivata una squadra di soccorritori che ha stabilizzato l&#8217;infortunato, lo ha caricato in barella e trasportato a spalla per un centinaio di metri nel punto del prato dove \u00e8 potuta avvicinarsi l&#8217;ambulanza della Croce bianca, partita poi in direzione dell&#8217;ospedale di Belluno.<\/p>\n<p>&nbsp;<\/p>\n<p>&nbsp;<\/p>\n<p>&nbsp;<\/p>\n<h2>CICLISTA BLOCCATO DALLE PIANTE ABBATTUTE<\/h2>\n<p><strong><a class=\"dt-pswp-item\" href=\"http:\/\/www.radiopiu.net\/wordpress\/wp-content\/uploads\/2019\/05\/ELI-SUEM-SOCC-5-1.jpg\" data-dt-img-description=\"\" data-large_image_width=\"1600\" data-large_image_height=\"900\"><img loading=\"lazy\" decoding=\"async\" class=\"size-medium wp-image-86196 alignleft\" src=\"http:\/\/www.radiopiu.net\/wordpress\/wp-content\/uploads\/2019\/05\/ELI-SUEM-SOCC-5-1-300x169.jpg\" alt=\"\" width=\"300\" height=\"169\" srcset=\"https:\/\/www.radiopiu.net\/wordpress\/wp-content\/uploads\/2019\/05\/ELI-SUEM-SOCC-5-1-300x169.jpg 300w, https:\/\/www.radiopiu.net\/wordpress\/wp-content\/uploads\/2019\/05\/ELI-SUEM-SOCC-5-1-768x432.jpg 768w, https:\/\/www.radiopiu.net\/wordpress\/wp-content\/uploads\/2019\/05\/ELI-SUEM-SOCC-5-1-1024x576.jpg 1024w, https:\/\/www.radiopiu.net\/wordpress\/wp-content\/uploads\/2019\/05\/ELI-SUEM-SOCC-5-1.jpg 1600w\" sizes=\"auto, (max-width: 300px) 100vw, 300px\" \/><\/a>SANTO STEFANO DI CADORE<\/strong> Verso le 15.30\u00a0 di sabato il 118 ha allertato il Soccorso alpino della Val Comelico per un ciclista impossibilitato a muoversi per gli schianti dovuti a Vaia in Val Visdende. L&#8217;uomo, un bolognese di 43 anni, era partito con la propria mountain bike elettrica per il Giro delle Malghe, ma arrivato all&#8217;altezza di Malga Chiastelin non era pi\u00f9 riuscito a proseguire per le piante cadute nella strada, n\u00e9 a tornare indietro a causa di crampi alle gambe. In contatto telefonico con i soccorritori, al ciclista \u00e8 stato chiesto di raggiungere la vicina Malga de le Drotele, localit\u00e0 pi\u00f9 facilmente avvicinabile, quindi una squadra ha percorso in jeep la strada fino a Pra del Belf, per poi risalire a piedi 400 metri lungo il sentiero compromesso dall&#8217;alluvione. Una volta dall&#8217;uomo, i cinque soccorritori lo hanno aiutato a tornare alla strada e a trasportare la bici. Il ciclista \u00e8 poi rientrato autonomamente.<\/p>\n<p>&nbsp;<\/p>\n<p>&nbsp;<\/p>\n<p>&nbsp;<\/p>\n<p>&nbsp;<\/p>\n<h2>NELL&#8217;AGORDINO AVANZA LA LEGA E DE BERNARDIN FA LA VOCE GROSSA<\/h2>\n<p><strong><a class=\"dt-pswp-item\" href=\"http:\/\/www.radiopiu.net\/wordpress\/wp-content\/uploads\/2019\/05\/ROCCA-ANDREA-DE-BERNARDIN.jpeg\" data-dt-img-description=\"\" data-large_image_width=\"757\" data-large_image_height=\"1600\"><img loading=\"lazy\" decoding=\"async\" class=\" wp-image-86473 alignleft\" src=\"http:\/\/www.radiopiu.net\/wordpress\/wp-content\/uploads\/2019\/05\/ROCCA-ANDREA-DE-BERNARDIN-142x300.jpeg\" alt=\"\" width=\"109\" height=\"230\" srcset=\"https:\/\/www.radiopiu.net\/wordpress\/wp-content\/uploads\/2019\/05\/ROCCA-ANDREA-DE-BERNARDIN-142x300.jpeg 142w, https:\/\/www.radiopiu.net\/wordpress\/wp-content\/uploads\/2019\/05\/ROCCA-ANDREA-DE-BERNARDIN-484x1024.jpeg 484w, https:\/\/www.radiopiu.net\/wordpress\/wp-content\/uploads\/2019\/05\/ROCCA-ANDREA-DE-BERNARDIN.jpeg 757w\" sizes=\"auto, (max-width: 109px) 100vw, 109px\" \/><\/a>ROCCA PIETORE <\/strong>\u00a0Per Andrea De Bernardin ecco i giorni della voce grossa, il sindaco leghista sull&#8217;onda del successo verde in vallata avanza pretese al tavolo dell&#8217;Unione.<\/p>\n<p>di GIANNI SANTOMASO<\/p>\n<audio class=\"wp-audio-shortcode\" id=\"audio-87170-2\" preload=\"none\" style=\"width: 100%;\" controls=\"controls\"><source type=\"audio\/mpeg\" src=\"http:\/\/www.radiopiu.net\/wordpress\/wp-content\/uploads\/2019\/06\/GIANNI.mp3?_=2\" \/><a href=\"http:\/\/www.radiopiu.net\/wordpress\/wp-content\/uploads\/2019\/06\/GIANNI.mp3\">http:\/\/www.radiopiu.net\/wordpress\/wp-content\/uploads\/2019\/06\/GIANNI.mp3<\/a><\/audio>\n<p>AUDIO, INTERVENTO DEL SINDACO ANDREA DE BERNARDIN<\/p>\n<audio class=\"wp-audio-shortcode\" id=\"audio-87170-3\" preload=\"none\" style=\"width: 100%;\" controls=\"controls\"><source type=\"audio\/mpeg\" src=\"http:\/\/www.radiopiu.net\/wordpress\/wp-content\/uploads\/2019\/06\/ANDREA.mp3?_=3\" \/><a href=\"http:\/\/www.radiopiu.net\/wordpress\/wp-content\/uploads\/2019\/06\/ANDREA.mp3\">http:\/\/www.radiopiu.net\/wordpress\/wp-content\/uploads\/2019\/06\/ANDREA.mp3<\/a><\/audio>\n<p>&nbsp;<\/p>\n<p>&nbsp;<\/p>\n<p>&nbsp;<\/p>\n<p>&nbsp;<\/p>\n<h2>Collegamento Comelico-Pusteria. De Carlo: \u201cPartiamo da questa piazza per avere il s\u00ec di Roma e Venezia. \u00c8\u00a0 una battaglia senza colori politici\u201d<\/h2>\n<p><strong>COMELICO<\/strong> \u201cQua noi ci siamo nati, vogliamo continuare a vivere qua, e da qua nessuno ci caccer\u00e0\u201d: cos\u00ec l&#8217;onorevole Luca De Carlo, fascia tricolore da primo cittadino di Calalzo di Cadore al collo, ha concluso il suo intervento durante la manifestazione in Comelico a sostegno del collegamento con la Pusteria.<br \/>\n\u201c\u00c8 da quando \u00e8 iniziata questa battaglia che ribadisco che non mi interessa di che colore \u00e8 il gatto, basta che prenda i topi: visto che qualcuno non lo ha capito, lo spiego pi\u00f9 semplicemente. Questa \u00e8 una causa senza colori politici: dobbiamo lottare tutti insieme per arrivare al risultato\u201d, ha affermato De Carlo.<br \/>\n\u201cVenditti cantava \u201cLa piazza, amore, dimmelo tu cos&#8217;\u00e8\u201d: pensava a noi, perch\u00e8 questa \u00e8 la piazza che vogliamo! Oggi \u00e8 importante essere tutti qua, indipendentemente dal coloro politico. Da qui partiamo per Roma e per Venezia per portare le istanze di questo territorio\u201d, ha concluso tra gli applausi De Carlo.<\/p>\n<h3>IL VIDEO INTERVENTO DI LUCA DE CARLO<\/h3>\n<div style=\"width: 640px;\" class=\"wp-video\"><video class=\"wp-video-shortcode\" id=\"video-87170-2\" width=\"640\" height=\"352\" preload=\"metadata\" controls=\"controls\"><source type=\"video\/mp4\" src=\"http:\/\/www.radiopiu.net\/wordpress\/wp-content\/uploads\/2019\/06\/WhatsApp-Video-2019-06-01-at-17.44.44.mp4?_=2\" \/><a href=\"http:\/\/www.radiopiu.net\/wordpress\/wp-content\/uploads\/2019\/06\/WhatsApp-Video-2019-06-01-at-17.44.44.mp4\">http:\/\/www.radiopiu.net\/wordpress\/wp-content\/uploads\/2019\/06\/WhatsApp-Video-2019-06-01-at-17.44.44.mp4<\/a><\/video><\/div>\n<h3>IL VIDEO INTERVENTO DI DARIO BOND<\/h3>\n<div style=\"width: 640px;\" class=\"wp-video\"><video class=\"wp-video-shortcode\" id=\"video-87170-3\" width=\"640\" height=\"352\" preload=\"metadata\" controls=\"controls\"><source type=\"video\/mp4\" src=\"http:\/\/www.radiopiu.net\/wordpress\/wp-content\/uploads\/2019\/06\/WhatsApp-Video-2019-06-02-at-17.14.41.mp4?_=3\" \/><a href=\"http:\/\/www.radiopiu.net\/wordpress\/wp-content\/uploads\/2019\/06\/WhatsApp-Video-2019-06-02-at-17.14.41.mp4\">http:\/\/www.radiopiu.net\/wordpress\/wp-content\/uploads\/2019\/06\/WhatsApp-Video-2019-06-02-at-17.14.41.mp4<\/a><\/video><\/div>\n<h2><\/h2>\n<p>&nbsp;<\/p>\n<h2><\/h2>\n<h2>COMELICO, LO SPOPOLAMENTO SI FERMA CON IL LAVORO<\/h2>\n<p>audio ROGER DE MENECH<\/p>\n<audio class=\"wp-audio-shortcode\" id=\"audio-87170-4\" preload=\"none\" style=\"width: 100%;\" controls=\"controls\"><source type=\"audio\/mpeg\" src=\"http:\/\/www.radiopiu.net\/wordpress\/wp-content\/uploads\/2019\/06\/roger.mp3?_=4\" \/><a href=\"http:\/\/www.radiopiu.net\/wordpress\/wp-content\/uploads\/2019\/06\/roger.mp3\">http:\/\/www.radiopiu.net\/wordpress\/wp-content\/uploads\/2019\/06\/roger.mp3<\/a><\/audio>\n<p>&nbsp;<\/p>\n<p><strong>BELLUNO<\/strong><em>\u00a0 \u00abLo spopolamento e il declino della montagna si fermano con il lavoro. Il lavoro si crea valorizzando le risorse che abbiamo a disposizione e generando ricchezza\u00bb. Il deputato bellunese Roger De Menech, interviene a favore della marcia di protesta organizzata dai cittadini di Comelico Superiore per i vincoli imposti dalla Soprintendenza di Venezia. \u00abAffermiamo il nostro diritto a vivere e a produrre benessere in una terra bellissima, unica al mondo, ma altrettanto difficile dove purtroppo gli ostacoli amministrativi e normativi si sommano a quelli climatici, ambientali e orografici, ai collegamenti inesistenti e a servizi inconsistenti\u00bb,<\/em> dice De Menech. <em>\u00abDobbiamo affermare la nostra dignit\u00e0. Non vogliamo vivacchiare di assistenzialismo, ma rimboccarci le maniche e offrire il nostro contributo concreto alla societ\u00e0, come abbiamo sempre fatto\u00bb. Negli ultimi anni ci sono state iniziative importanti per lo sviluppo del sistema turistico e ricettivo del Comelico. Sono infatti state trovare le le risorse per collegare il comprensorio turistico con la Val Pusteria.<\/em><\/p>\n<blockquote><p>L\u2019importo complessivo di \u20ac 38.571.428,57 \u00e8 stato cos\u00ec finanziato: &#8211; \u20ac 10.000.000,00 dal fondo ex Odi &#8211; Avviso anno 2012; &#8211; \u20ac 16.000.000,00, dal Fondo Comuni confinanti di cui \u20ac 15.000.000 con fondi relativi ai progetti strategici di area vasta e \u20ac1.000.000 riferito all\u2019avviso relativamente al Comune di Comelico Superiore; &#8211; \u20ac 1.000.000,00, quali risorse proprie del soggetto proponente (Comune di Comelico Superiore). I progetti sono stati finanziati dal Comitato il 25 luglio 2016 &#8211; come parte del primo stralcio.<\/p><\/blockquote>\n<p><em>\u00abFermare questo progetto per assurdi vincoli calati dall\u2019alto\u00bb, conclude De Menech, \u00absignifica negare a questa comunit\u00e0 il diritto a una vita dignitosa, metterne a repentaglio la sopravvivenza e rassegnarsi definitivamente a un futuro di migrazione\u00bb.<\/em><\/p>\n<p>&nbsp;<\/p>\n<p>&nbsp;<\/p>\n<p>&nbsp;<\/p>\n<p>&nbsp;<\/p>\n<h2>DATECI RETTA, SPI CGIL A ROMA<\/h2>\n<p>in tanti sabato a Roma, piazza San Giovanni piena e colorata. Manifestazione unitaria Spi CGIL, Fnp CISL, Uilp Uil. <em>&#8220;Una forza, che si contrappone a tagli ai servizi e ai tagli alle pensioni che nessun governate pu\u00f2 ignorare &#8211; DICE LA SEGRETARIA GENERALE SPI CGIL BELLUNO MARIA RITA GENTILIN &#8211; . Le richieste di rafforzare le risorse sulla non autosufficienza, di promulgare la legge, di aumentare il numero delle quote santarie le cosidette impegnative, sono oggi di impellente attuazione, pensando alla situazione degli anziani con pensioni basse, famiglie in difficolta, aumento dell&#8217;et\u00e0. Quando in una famiglia un familiare viene colpito da non a. Inizia un impoverimento generale oltre all&#8217;aumento del lavoro di cura. Lavoro che deve essere riconosciuto come<\/em> lavoro<em>. A che i lvelli essenziali di assistenza socio sanitari devono essere definiti per garantire cure e assistenza uguali a tutti.<\/em> Per tutto questo da Belluno oltre 50 i pensionati agguerriti giunti a Roma quelli in pullman oltre ad altri arrivati in treno. Presenti sul Palco Ivan Pedretti Spi Nazionale e i segretari di Fnp e uilp. Con i manifestanti anche Luca Zingaretti<\/p>\n<p>&nbsp;<\/p>\n<p>&nbsp;<\/p>\n<p>&nbsp;<\/p>\n<h2>AGGIUDICATI I LAVORI DI RISTRUTTURAZIONE DELLA PATOLOGIA NEONATALE, LAVORI PER 400 MILA EURO<\/h2>\n<p><strong>FELTRE<\/strong> \u00a0Sono stati aggiudicati i lavori di ristrutturazione e di adeguamento normativo della patologia neonatale dell\u2019ospedale di Feltre. A vincere l\u2019affidamento \u00e8 la ditta Termoidraulica Sbrissa di Treviso. I lavori, necessari per adeguare le parti strutturali e impiantistiche alle nuove norme sulla sicurezza, ammontano a 407 mila euro. Hanno presentato una offerta economica 15 ditte. Tra queste, in base ai criteri stabiliti, \u00e8 stata scelta la Termoidraulica Sbrissa di Treviso. I lavori inizieranno non appena terminati i tempi tecnici per l\u2019assegnazione dei lavori. L\u2019adeguamento prevede la messa a norma principalmente della parte impiantistica del corpo di collegamento dove si trova, appunto, la patologia neonatale.<\/p>\n<p>&nbsp;<\/p>\n<p>&nbsp;<\/p>\n<p>&nbsp;<\/p>\n<h2>PER L&#8217;ASSOCIAZIONE ABEO 2440 EURO DALL&#8217;ASSOCIAZIONE &#8220;LE VILLE&#8221;, 2100 AL SOCCORSO ALPINO<\/h2>\n<p><strong>AGORDO<\/strong> L\u2019USD Le Ville nella serata di venerd\u00ec 31 Maggio ha concluso le manifestazioni legate alla Sagra di San Vincenzo 2019 all\u2019insegna della solidariet\u00e0 con la consegna del ricavato della vendita de \u2018la siega\u2019, riproduzione in miniatura di un attrezzo tradizionale realizzato artigianalmente da volontari in ricordo di Mario \u201cCepo\u201d Conedera. Una cerimonia semplice, ma particolarmente sentita e carica di emozioni che si \u00e8 svolta nella sede sociale nella piazzetta di Prompicai in cui il presidente Andrea Rumor ha consegnato la somma di 2.440\u20ac (comprensiva anche del ricavato del mercatino del giocattolo usato) all\u2019 associazione ABEO -Associazione Bambino Emopatico Oncologico- di Verona e 2.100\u20ac al Soccorso Alpino di Agordo. Nei giorni scorsi si \u00e8 svolta anche la consegna del primo premio della Lotteria di San Vincenzo 2019 al fortunato vincitore della FIAT PANDA<\/p>\n<p><a class=\"dt-pswp-item\" href=\"http:\/\/www.radiopiu.net\/wordpress\/wp-content\/uploads\/2019\/06\/DSCN9148-e1559410442517.jpg\" data-dt-img-description=\"\" data-large_image_width=\"2592\" data-large_image_height=\"4608\"><img loading=\"lazy\" decoding=\"async\" class=\"alignnone wp-image-87133 size-large\" src=\"http:\/\/www.radiopiu.net\/wordpress\/wp-content\/uploads\/2019\/06\/DSCN9148-e1559410442517-576x1024.jpg\" alt=\"\" width=\"576\" height=\"1024\" srcset=\"https:\/\/www.radiopiu.net\/wordpress\/wp-content\/uploads\/2019\/06\/DSCN9148-e1559410442517-576x1024.jpg 576w, https:\/\/www.radiopiu.net\/wordpress\/wp-content\/uploads\/2019\/06\/DSCN9148-e1559410442517-169x300.jpg 169w, https:\/\/www.radiopiu.net\/wordpress\/wp-content\/uploads\/2019\/06\/DSCN9148-e1559410442517-768x1365.jpg 768w\" sizes=\"auto, (max-width: 576px) 100vw, 576px\" \/><\/a><\/p>\n<p>&nbsp;<\/p>\n<p>&nbsp;<\/p>\n<p>&nbsp;<\/p>\n<p>&nbsp;<\/p>\n<p>&nbsp;<\/p>\n<p>&nbsp;<\/p>\n<h2>BICISCUOLA PER I BIMBI IN ROSA<\/h2>\n<blockquote>\n<h2><em>Premiati gli alunni della primaria di Farra-Boscariz nella tappa di ieri, penultima del Giro d&#8217;Italia.<\/em><\/h2>\n<p><a class=\"dt-pswp-item\" href=\"http:\/\/www.radiopiu.net\/wordpress\/wp-content\/uploads\/2019\/06\/IC-FELTRE-Bambini-in-maglia-rosa.jpg\" data-dt-img-description=\"\" data-large_image_width=\"1423\" data-large_image_height=\"1077\"><img loading=\"lazy\" decoding=\"async\" class=\"alignnone wp-image-87160 size-large\" src=\"http:\/\/www.radiopiu.net\/wordpress\/wp-content\/uploads\/2019\/06\/IC-FELTRE-Bambini-in-maglia-rosa-1024x775.jpg\" alt=\"\" width=\"1024\" height=\"775\" srcset=\"https:\/\/www.radiopiu.net\/wordpress\/wp-content\/uploads\/2019\/06\/IC-FELTRE-Bambini-in-maglia-rosa-1024x775.jpg 1024w, https:\/\/www.radiopiu.net\/wordpress\/wp-content\/uploads\/2019\/06\/IC-FELTRE-Bambini-in-maglia-rosa-300x227.jpg 300w, https:\/\/www.radiopiu.net\/wordpress\/wp-content\/uploads\/2019\/06\/IC-FELTRE-Bambini-in-maglia-rosa-768x581.jpg 768w, https:\/\/www.radiopiu.net\/wordpress\/wp-content\/uploads\/2019\/06\/IC-FELTRE-Bambini-in-maglia-rosa.jpg 1423w\" sizes=\"auto, (max-width: 1024px) 100vw, 1024px\" \/><\/a><\/p>\n<p>&nbsp;<\/p><\/blockquote>\n<p><strong>FELTRE<\/strong> Una maglia rosa per il Comprensivo di Feltre. E&#8217; quella che hanno vinto i bambini di terza elementare della Primaria di Farra-Boscariz in apertura della penultima tappa del Giro d&#8217;Italia, ieri (sabato 1 giugno 2019), in partenza da Feltre. Gli allievi sono stati premiati nell&#8217;ambito del progetto Biciscuola, legato alla corsa rosa. Sul palco, accolti dal vicequestore della Polizia di Stato, Antonio Capodicasa, e dalla campionessa di ciclismo under 23 Sofia Bertizzolo, sono saliti gli alunni di terza A e B che hanno realizzato due cartelloni con a tema la bicicletta e la citt\u00e0: la citt\u00e0 ideale, Feltre, piena di piste ciclabili e di sapori tipici locali. Ai ragazzi sono stati regalati cappellini rosa, bandane, portachiavi, e l&#8217;immancabile maglia rosa, simbolo del Giro d&#8217;Italia. Dopo la premiazione visita del villaggio e \u201clezione\u201d in pullman, quello azzurro della Polizia di Stato, sui doveri e i diritti del ciclista, a partire dal corretto uso del casco. \u201cL&#8217;uso della bicicletta consapevole \u2013 ha spiegato il vicequestore Capodicasa \u2013 \u00e8 un messaggio importantissimo da spiegare ai bambini. Perch\u00e9 la strada riserva tanti e tanti rischi e con iniziative come questa cerchiamo di salvaguardare la vita dei bambini. Siamo convinti che la formazione cambi i comportamenti, ecco perch\u00e9 da diciotto anni abbiamo sposato questo progetto e lo portiamo in tutta Italia assieme al Giro\u201d. Duemila classi, quelle coinvolte, oltre 50mila bambini. \u201cPer noi \u00e8 stata una magnifica esperienza \u2013 spiegano le maestre Tiziana Coppi e Lorella Gesiot \u2013 Una iniziativa molto sentita dai nostri ragazzi, in un territorio, come il nostro, molto legato alla bicicletta. Iniziativa di festa ma anche didattica, con la Polizia locale che nelle scorse settimane \u00e8 venuta nelle nostre classi a scuola a spiegare il codice della strada e i giusti comportamenti, sia degli automobilisti, ma anche dei ciclisti e dei pedoni\u201d.<\/p>\n<p>&nbsp;<\/p>\n<p>&nbsp;<\/p>\n<p>&nbsp;<\/p>\n<p>&nbsp;<\/p>\n<h3>PROROGATO AL 30 GIUGNO IL CONCORSO FOTOGRAFICO LEGATO AL GIRO DEL LAGO DI SANTA CROCE 2019<\/h3>\n<p><strong>ALPAGO <\/strong>\u00a0La primavera finora non \u00e8 stata amica (quanta pioggia!) n\u00e9 degli amanti delle due ruote n\u00e9 di quelli della fotografia, per questo la decisione di prorogare il concorso fotografico fino a FINE GIUGNO. Sperando che finalmente arrivi tanto sole! Ancora un mese quindi per raccontare, attraverso le immagini, il legame tra lo sport e la solidariet\u00e0, valori profondi che si ritrovano da ben 24 anni nel Giro del Lago di Santa Croce. Questo l&#8217;obiettivo del concorso fotografico proposto in vista dell&#8217;edizione 2019 del Giro, evento dedicato ai ciclisti e ai podisti che si svolger\u00e0 domenica 8 agosto e che \u00e8 proposto dal Comitato Alpago 2 ruote &amp; solidariet\u00e0. Per approfondimenti <b><strong><u><a href=\"https:\/\/2ruotealpago.us13.list-manage.com\/track\/click?u=2a3bf6ce1ace7048ddcdc196c&amp;id=189e722946&amp;e=65058cc564\" data-saferedirecturl=\"https:\/\/www.google.com\/url?q=http:\/\/www.2ruotealpago.it\/&amp;source=gmail&amp;ust=1549795205105000&amp;usg=AFQjCNGFCYQ2dub_lYLfAjZgK81U16GEOQ\">\u00a0WWW.2RUOTEALPAGO.IT<\/a><\/u> \u00a0 \u00a0 \u00a0OPPURE <a href=\"https:\/\/2ruotealpago.us13.list-manage.com\/track\/click?u=2a3bf6ce1ace7048ddcdc196c&amp;id=7ee02ccb35&amp;e=65058cc564\" data-saferedirecturl=\"https:\/\/www.google.com\/url?q=http:\/\/WWW.FACEBOOK.COM\/GIRODELLAGODISANTACROCE&amp;source=gmail&amp;ust=1549795205105000&amp;usg=AFQjCNH6YA8KcWEbUqzA5lePcQ8Moa2xsg\">WWW.FACEBOOK.COM\\GIRODELLAGODISANTACROCE<\/a><\/strong><\/b><\/p>\n<p>&nbsp;<\/p>\n<p>&nbsp;<\/p>\n<p>&nbsp;<\/p>\n<h1><\/h1>\n<h1>SPECIALI RADIO PIU<\/h1>\n<blockquote class=\"wp-embedded-content\" data-secret=\"2NJk9Sf2Hd\"><p><a href=\"http:\/\/www.radiopiu.net\/wordpress\/i-debiti-della-pa-sono-scesi-a-53-miliardi-ma-in-europa-siamo-i-peggiori\/\">I DEBITI DELLA PA SONO SCESI A 53 MILIARDI. MA IN EUROPA SIAMO I PEGGIORI<\/a><\/p><\/blockquote>\n<p><iframe loading=\"lazy\" class=\"wp-embedded-content\" sandbox=\"allow-scripts\" security=\"restricted\" style=\"position: absolute; clip: rect(1px, 1px, 1px, 1px);\" src=\"http:\/\/www.radiopiu.net\/wordpress\/i-debiti-della-pa-sono-scesi-a-53-miliardi-ma-in-europa-siamo-i-peggiori\/embed\/#?secret=2NJk9Sf2Hd\" data-secret=\"2NJk9Sf2Hd\" width=\"600\" height=\"338\" title=\"&#8220;I DEBITI DELLA PA SONO SCESI A 53 MILIARDI. MA IN EUROPA SIAMO I PEGGIORI&#8221; &#8212; Radio Pi\u00f9\" frameborder=\"0\" marginwidth=\"0\" marginheight=\"0\" scrolling=\"no\"><\/iframe><\/p>\n<h3><\/h3>\n<p>&nbsp;<\/p>\n<p>&nbsp;<\/p>\n<h2><a class=\"dt-pswp-item\" href=\"http:\/\/www.radiopiu.net\/wordpress\/wp-content\/uploads\/2018\/09\/appuntamenti.jpeg\" data-dt-img-description=\"\" data-large_image_width=\"800\" data-large_image_height=\"100\"><img loading=\"lazy\" decoding=\"async\" class=\"alignnone wp-image-61958 size-full\" src=\"http:\/\/www.radiopiu.net\/wordpress\/wp-content\/uploads\/2018\/09\/appuntamenti.jpeg\" alt=\"\" width=\"800\" height=\"100\" srcset=\"https:\/\/www.radiopiu.net\/wordpress\/wp-content\/uploads\/2018\/09\/appuntamenti.jpeg 800w, https:\/\/www.radiopiu.net\/wordpress\/wp-content\/uploads\/2018\/09\/appuntamenti-300x38.jpeg 300w, https:\/\/www.radiopiu.net\/wordpress\/wp-content\/uploads\/2018\/09\/appuntamenti-768x96.jpeg 768w\" sizes=\"auto, (max-width: 800px) 100vw, 800px\" \/><\/a><\/h2>\n<p>&nbsp;<\/p>\n<p>&nbsp;<\/p>\n<h2>ASSEMBLEA DEI GEMELLI<\/h2>\n<p><strong>AGORDO<\/strong> Domani alle 20.30 in sala della biblioteca assemblea ordinaria dei soci e simpatizzanti del comitato di gemellaggio di Agordo. Ordine del giorno: relazione dopo la visita dei francesi di inizio maggio, presentazione del libro Il filo della seta 30 anni di gemellaggio con Zugliano, rinnovo consiglio direttivo.<\/p>\n<p>&nbsp;<\/p>\n<p>&nbsp;<\/p>\n<h3>L\u2019AFRICA TRA PASSATO, PRESENTE, FUTURO E NEL CONTESTO INTERNAZIONALE<\/h3>\n<p><strong>PONTE NELLE ALPI <\/strong>Mercoled\u00ec 5 giugno 2019 ore 18,30; presso la sala Savio di Ponte nelle Alpi (a fianco della chiesa di Cadola) RELATORI: Ruggero Crovato, geopolitico, docente di relazioni internazionali John Baptist Onama, ugandese, docente di Europrogettazione presso la facolt\u00e0 di Scienze Politiche dell\u2019Universit\u00e0 di Padova<\/p>\n<p>&nbsp;<\/p>\n<p>&nbsp;<\/p>\n<h3>SABATO POMERIGGIO CON IL GRUPPO ARCHEOLOGICO AGORDINO<\/h3>\n<p><strong>AGORDO<\/strong> Sabato 8 giugno alle 17.30 in sala Papa Luciani (presso la Chiesa Parrocchiale) il Gruppo Archeologico Agordino organizza una conferenza con Massimo Vidale, Docente di Near Eastern Archaeology, Universit\u00e0 di Padova. Tratter\u00e0 il tema: &#8220;Nuove scoperte archeologiche dell&#8217;et\u00e0 del Bronzo nell&#8217;Iran sud-orientale&#8221; <em>L&#8217;Iran Sud-Orientale, il Baluchistan (tra Iran e Pakistan) e l&#8217;Afghanistan sono alcune delle regioni dove sono nate le prime grandi civilt\u00e0 urbane dell&#8217;antica et\u00e0 del Bronzo (circa 3100-1800 a.C.).<\/em> <em>Sono regioni in gran parte inesplorate, ricchissime di testimonianze archeologiche, a volte di veri e propri tesori, che tuttavia, a causa della povert\u00e0 e delle continue guerre che vi si combattono, sono in<\/em> <em>corso di distruzione per via di innumerevoli scavi clandestini. Le civilt\u00e0 &#8220;classiche&#8221; del Vicino Oriente antico, infatti, solo soltanto una parte di un sistema mondiale molto pi\u00f9 vasto. <\/em><em>La presentazione parler\u00e0 della scoperta dell&#8217;antica civilt\u00e0 di Marhashi (presso Jiroft, Kerman, Iran) attraverso alcuni dei manufatti pi\u00f9 significativi recentemente scoperti.<\/em><\/p>\n<p>&nbsp;<\/p>\n<p>&nbsp;<\/p>\n<p>&nbsp;<\/p>\n<p><a class=\"dt-pswp-item\" href=\"http:\/\/www.radiopiu.net\/wordpress\/wp-content\/uploads\/2018\/09\/viabilita.jpeg\" data-dt-img-description=\"\" data-large_image_width=\"800\" data-large_image_height=\"100\"><img loading=\"lazy\" decoding=\"async\" class=\"alignnone size-full wp-image-61954\" src=\"http:\/\/www.radiopiu.net\/wordpress\/wp-content\/uploads\/2018\/09\/viabilita.jpeg\" alt=\"\" width=\"800\" height=\"100\" srcset=\"https:\/\/www.radiopiu.net\/wordpress\/wp-content\/uploads\/2018\/09\/viabilita.jpeg 800w, https:\/\/www.radiopiu.net\/wordpress\/wp-content\/uploads\/2018\/09\/viabilita-300x38.jpeg 300w, https:\/\/www.radiopiu.net\/wordpress\/wp-content\/uploads\/2018\/09\/viabilita-768x96.jpeg 768w\" sizes=\"auto, (max-width: 800px) 100vw, 800px\" \/><\/a><\/p>\n<blockquote><p>&nbsp;<\/p>\n<p><strong>PROVINCIALE 3 VALLE IMPERINA<\/strong> fino al\u00a0 28 GIUGNO IN LOCALITA&#8217; LE FESTE SENSO UNICO ALTERNATO PER COSTRUZIONE AREA ADIBITA A PARCHEGGIO<\/p><\/blockquote>\n<p><strong>REGIONALE 203 AGORDINA<\/strong> Fino al 28 giugno sabato e domenica escluso, senso unico alternato tra Alleghe e Caprile.<\/p>\n<p><strong>PROVINCIALE 563 DI SALESEI<\/strong> Fino al 28 giugno esclusi giorni festivi e prefestivi senso unico alternato tra Caprile e Saviner<\/p>\n<p><strong>PROVINCIALE 3 VALLE IMPERINA<\/strong> Fino a revoca senso unico a vista\u00a0 in localit\u00e0 Corde Mole per cedimento della careggiata. Dal 13 maggio e\u00a0 fino al 28 giugno tra Rivamonte e Forcella Franche senso unico alternato per la posa di tubazione per conto di Enel.<\/p>\n<p><strong>PROVINCIALE 8 DI SAN TOMASO<\/strong> Fino\u00a0 al 28 giugno (esclusi festivi e prefestivi) senso unico alternato tra Pian Molin e Roi<\/p>\n<p><strong>PROVINCIALE 563 DI SALESEI <\/strong>Fino al\u00a014 giugno\u00a0 In localit\u00e0 Sopracordevole in Comune di Rocca Pietore senso unico alternato con semaforo o movieri e divieto di transito ai mezzi con massa superiore a 7,5 tonellate.<\/p>\n<p>&nbsp;<\/p>\n<p>&nbsp;<\/p>\n<p>&nbsp;<\/p>\n<p>&nbsp;<\/p>\n<h2><img loading=\"lazy\" decoding=\"async\" class=\"alignleft wp-image-60761 \" src=\"http:\/\/www.radiopiu.net\/wordpress\/wp-content\/uploads\/2018\/09\/sport.jpg\" alt=\"\" width=\"992\" height=\"124\" srcset=\"https:\/\/www.radiopiu.net\/wordpress\/wp-content\/uploads\/2018\/09\/sport.jpg 800w, https:\/\/www.radiopiu.net\/wordpress\/wp-content\/uploads\/2018\/09\/sport-300x38.jpg 300w, https:\/\/www.radiopiu.net\/wordpress\/wp-content\/uploads\/2018\/09\/sport-768x96.jpg 768w\" sizes=\"auto, (max-width: 992px) 100vw, 992px\" \/><\/h2>\n<p>&nbsp;<\/p>\n<h2><\/h2>\n<h2><\/h2>\n<h2>CAMPIONATO AGORDINO DI CALCIO 2019 &#8211; 2\u00b0 GIORNATA<\/h2>\n<h4 class=\"p1\" style=\"text-align: center;\"><span class=\"s1\">FRASSENE&#8217;\u00a0 VINCE 2 PARTITE IN 3 GIORNI<\/span><\/h4>\n<h3 class=\"p1\"><span class=\"s1\"><b><a class=\"dt-pswp-item\" href=\"http:\/\/www.radiopiu.net\/wordpress\/wp-content\/uploads\/2019\/06\/FRASSENE.jpeg\" data-dt-img-description=\"\" data-large_image_width=\"1600\" data-large_image_height=\"1200\"><img loading=\"lazy\" decoding=\"async\" class=\"aligncenter wp-image-87208 size-large\" src=\"http:\/\/www.radiopiu.net\/wordpress\/wp-content\/uploads\/2019\/06\/FRASSENE-1024x768.jpeg\" alt=\"\" width=\"1024\" height=\"768\" srcset=\"https:\/\/www.radiopiu.net\/wordpress\/wp-content\/uploads\/2019\/06\/FRASSENE-1024x768.jpeg 1024w, https:\/\/www.radiopiu.net\/wordpress\/wp-content\/uploads\/2019\/06\/FRASSENE-300x225.jpeg 300w, https:\/\/www.radiopiu.net\/wordpress\/wp-content\/uploads\/2019\/06\/FRASSENE-768x576.jpeg 768w, https:\/\/www.radiopiu.net\/wordpress\/wp-content\/uploads\/2019\/06\/FRASSENE.jpeg 1600w\" sizes=\"auto, (max-width: 1024px) 100vw, 1024px\" \/><\/a><\/b><\/span><\/h3>\n<blockquote>\n<h3 class=\"p1\"><span class=\"s1\"><b>IL PUNTO<\/b><\/span><\/h3>\n<\/blockquote>\n<p class=\"p1\"><span class=\"s1\">I campioni in carica del Voltago comandano la classifica del girone A in solitaria. La squadra di De Zaiacomo vince il big match contro il Caprile e si conferma squadra da battere. Colpaccio del Vallada che tra le mura amiche \u00e8 riuscito a vincere contro il Le Ville. Il Gosaldo conquista i primi 3 punti contro il Cencenghe mentre il Rivamonte stravince con l\u2019Alleghe piazzandosi al secondo posto in classifica. <\/span><span class=\"s1\">Nel girone B il Frassen\u00e8 alza la voce e nel giro di 3 giorni mette a segno 6 punti con Agordo2009 e Canale. Punteggio pieno per La Valle e Fodom che vincono rispettivamente con Atletico Caviola e Taibon.<\/span><\/p>\n<p class=\"p1\"><span class=\"s1\"><b>I RISULTATI <\/b><\/span>GIRONE A <span class=\"s1\">Cencenighe &#8211; Gosaldo 1-5 <\/span><span class=\"s1\">Voltago &#8211; Caprile 1-0 <\/span><span class=\"s1\">Vallada &#8211; Le Ville 2-0 <\/span><span class=\"s1\">Alleghe &#8211; Rivamonte 3-6 <\/span><span class=\"s1\">GIRONE B <\/span><span class=\"s1\">Frassen\u00e8 &#8211; Agordo 2009 2-1 <\/span><span class=\"s1\">Fodom &#8211; Taibon 1-0 <\/span><span class=\"s1\">La Valle &#8211; Atletico Caviola 5-3 <\/span><span class=\"s1\">Canale- Frassen\u00e8 0-3 (anticipo 5\u00b0 giornata) <\/span><b>\u00a0LA CLASSIFICA <\/b><span class=\"s1\">GIRONE A <\/span><span class=\"s1\">Voltago 6 <\/span><span class=\"s1\">Vallada e Rivamonte 4 <\/span><span class=\"s1\">Caprile, Gosaldo e Le Ville 3 <\/span><span class=\"s1\">Alleghe e Cencenighe 0 <\/span><span class=\"s1\">GIRONE B <\/span><span class=\"s1\">Frassen\u00e8 7* <\/span><span class=\"s1\">La Valle e Fodom 6 <\/span><span class=\"s1\">Taibon 1 <\/span><span class=\"s1\">Canale*, Agordo 2009 e Atletico Caviola 0<\/span>partita in pi\u00f9<\/p>\n<blockquote>\n<h3 class=\"p1\"><span class=\"s1\"><b>PROSSIMO TURNO GIRONE A<\/b><\/span>: venerd\u00ec alle 20 Voltago &#8211; Le Ville, sabato alle 17:30 Vallada &#8211; Gosaldo, alle 20:30 Alleghe &#8211; Caprile, domenica alle 16 Cencenighe &#8211; Rivamonte GIRONE B: domenica alle 14:30 Agordo 2009 &#8211; Atletico Caviola, alle 16 Taibon &#8211; Canale, alle 17 La Valle &#8211; Fodom. Riposa il Frassen\u00e8<\/h3>\n<\/blockquote>\n<h2><\/h2>\n<p>&nbsp;<\/p>\n<p>&nbsp;<\/p>\n<p>&nbsp;<\/p>\n<h1>ERIS COSTA E LORENZO CAGNATI FIRMANO LA TERZA EDIZIONE DELLA 4 PAS IN DOI<\/h1>\n<p><span style=\"font-family: verdana, sans-serif;\"> <a class=\"dt-pswp-item\" href=\"http:\/\/www.radiopiu.net\/wordpress\/wp-content\/uploads\/2019\/06\/2.06.201-partenza.jpg\" data-dt-img-description=\"\" data-large_image_width=\"1500\" data-large_image_height=\"1000\"><img loading=\"lazy\" decoding=\"async\" class=\"alignnone size-medium wp-image-87186\" src=\"http:\/\/www.radiopiu.net\/wordpress\/wp-content\/uploads\/2019\/06\/2.06.201-partenza-300x200.jpg\" alt=\"\" width=\"300\" height=\"200\" srcset=\"https:\/\/www.radiopiu.net\/wordpress\/wp-content\/uploads\/2019\/06\/2.06.201-partenza-300x200.jpg 300w, https:\/\/www.radiopiu.net\/wordpress\/wp-content\/uploads\/2019\/06\/2.06.201-partenza-768x512.jpg 768w, https:\/\/www.radiopiu.net\/wordpress\/wp-content\/uploads\/2019\/06\/2.06.201-partenza-1024x683.jpg 1024w, https:\/\/www.radiopiu.net\/wordpress\/wp-content\/uploads\/2019\/06\/2.06.201-partenza.jpg 1500w\" sizes=\"auto, (max-width: 300px) 100vw, 300px\" \/><\/a><a class=\"dt-pswp-item\" href=\"http:\/\/www.radiopiu.net\/wordpress\/wp-content\/uploads\/2019\/06\/2.06.2019-i-vincitori-lorenzo-cagnati-ed-eris-costa.jpg\" data-dt-img-description=\"\" data-large_image_width=\"1500\" data-large_image_height=\"1000\"><img loading=\"lazy\" decoding=\"async\" class=\"alignnone size-medium wp-image-87185\" src=\"http:\/\/www.radiopiu.net\/wordpress\/wp-content\/uploads\/2019\/06\/2.06.2019-i-vincitori-lorenzo-cagnati-ed-eris-costa-300x200.jpg\" alt=\"\" width=\"300\" height=\"200\" srcset=\"https:\/\/www.radiopiu.net\/wordpress\/wp-content\/uploads\/2019\/06\/2.06.2019-i-vincitori-lorenzo-cagnati-ed-eris-costa-300x200.jpg 300w, https:\/\/www.radiopiu.net\/wordpress\/wp-content\/uploads\/2019\/06\/2.06.2019-i-vincitori-lorenzo-cagnati-ed-eris-costa-768x512.jpg 768w, https:\/\/www.radiopiu.net\/wordpress\/wp-content\/uploads\/2019\/06\/2.06.2019-i-vincitori-lorenzo-cagnati-ed-eris-costa-1024x683.jpg 1024w, https:\/\/www.radiopiu.net\/wordpress\/wp-content\/uploads\/2019\/06\/2.06.2019-i-vincitori-lorenzo-cagnati-ed-eris-costa.jpg 1500w\" sizes=\"auto, (max-width: 300px) 100vw, 300px\" \/><\/a><a class=\"dt-pswp-item\" href=\"http:\/\/www.radiopiu.net\/wordpress\/wp-content\/uploads\/2019\/06\/2.06.2019-4-pas-in-doi-bocoi.jpg\" data-dt-img-description=\"\" data-large_image_width=\"667\" data-large_image_height=\"1000\"><img loading=\"lazy\" decoding=\"async\" class=\"alignnone size-medium wp-image-87184\" src=\"http:\/\/www.radiopiu.net\/wordpress\/wp-content\/uploads\/2019\/06\/2.06.2019-4-pas-in-doi-bocoi-200x300.jpg\" alt=\"\" width=\"200\" height=\"300\" srcset=\"https:\/\/www.radiopiu.net\/wordpress\/wp-content\/uploads\/2019\/06\/2.06.2019-4-pas-in-doi-bocoi-200x300.jpg 200w, https:\/\/www.radiopiu.net\/wordpress\/wp-content\/uploads\/2019\/06\/2.06.2019-4-pas-in-doi-bocoi.jpg 667w\" sizes=\"auto, (max-width: 200px) 100vw, 200px\" \/><\/a><a class=\"dt-pswp-item\" href=\"http:\/\/www.radiopiu.net\/wordpress\/wp-content\/uploads\/2019\/06\/02.06.2019-4pas.jpg\" data-dt-img-description=\"\" data-large_image_width=\"1500\" data-large_image_height=\"1000\"><img loading=\"lazy\" decoding=\"async\" class=\"alignnone size-medium wp-image-87183\" src=\"http:\/\/www.radiopiu.net\/wordpress\/wp-content\/uploads\/2019\/06\/02.06.2019-4pas-300x200.jpg\" alt=\"\" width=\"300\" height=\"200\" srcset=\"https:\/\/www.radiopiu.net\/wordpress\/wp-content\/uploads\/2019\/06\/02.06.2019-4pas-300x200.jpg 300w, https:\/\/www.radiopiu.net\/wordpress\/wp-content\/uploads\/2019\/06\/02.06.2019-4pas-768x512.jpg 768w, https:\/\/www.radiopiu.net\/wordpress\/wp-content\/uploads\/2019\/06\/02.06.2019-4pas-1024x683.jpg 1024w, https:\/\/www.radiopiu.net\/wordpress\/wp-content\/uploads\/2019\/06\/02.06.2019-4pas.jpg 1500w\" sizes=\"auto, (max-width: 300px) 100vw, 300px\" \/><\/a><\/span><\/p>\n<p><b>Oltre 700 concorrenti per la manifestazione agordina. Spazio anche ai pi\u00f9 piccoli e ai gourmet con la 4 pas in doi bocoi<\/b><\/p>\n<p><b>Agordo (Belluno), 2 giugno 2019 &#8211; Lorenzo Cagnati ed Eris Costa firmano la terza edizione della \u201c4 pas in doi\u201d<\/b>, gara di corsa in montagna proposta domenica 2 giugno ad <b>Agordo (Dolomiti Bellunesi)<\/b> da \u201cAd Agordo Pro Loco\u201d. 15 chilometri di sviluppo e 850 metri di dislivello positivo per la gara pi\u00f9 prestigiosa della manifestazione agordina che ha richiamato 131 coppie. Partenza e arrivo fissati sul \u201cBroi\u201d, la suggestiva piazza centrale di Agordo, a fare da cornice le spettacolari vette del Framont, della Moiazza, del San Sebastiano e dell\u2019Agner. Pronti via e subito l&#8217;agordino di Canale e lo zoldano di &#8230; Costa, prendono in mano le redini della prova, con il pi\u00f9 esperto Costa a fare il passo. Allo scollinamento in zona Binatega, i due hanno un vantaggio che si aggira sui 4&#8242;. La possibilit\u00e0 di ritoccare il record c&#8217;\u00e8 tutta ma la discesa crea qualche problema alla coppia di testa che decide cos\u00ec di procedere in sicurezza, senza forzare eccessivamente, anche perch\u00e9 il margine di vantaggio \u00e8 di assoluta tranquillit\u00e0. Sul traguardo, Costa e Cagnati fanno fermare le lancette del cronometro sul tempo di 1h17&#8217;16&#8221;. Bisogna attendere 3&#8217;18&#8243;5 prima dell&#8217;arrivo della seconda squadra, quella composta da Filippo Beccari e Simone Manfroi. A completare il podio, staccati di 3&#8217;33&#8221;, Elia Costa e Luca Mosena.<\/p>\n<div><span style=\"font-family: verdana, sans-serif;\"><br \/>\nTra le coppie femminili, successo per le &#8220;Dragon alated girls&#8221; <b>Erica Turi e Martina De Silvestro<\/b> (1h33&#8217;59&#8221; il riscontro cronometrico). Secondo e terzo posto rispettivamente per due formazioni del team friulano Aldo Moro Paluzza: Paola Romanin &#8211; Anna Finizio (staccate di 2&#8217;17&#8243;3) e Desy Salvadego &#8211; Alice Cescutti (a 9&#8217;07&#8243;1). <\/span><\/div>\n<div><span style=\"font-family: verdana, sans-serif;\"><br \/>\nTra le coppie miste, vittoria dei &#8220;padroni di casa&#8221;, gli agordini <b>Manuela Bulf e Ivano Marcon<\/b>, primi sul traguardo del Broi in 1h31&#8217;24&#8221;. Sul podio anche Gianpietro Barattin e Angela De Poi (a 4&#8217;30&#8243;6) e Alice Peruz e Pietro Bertolani (a 7&#8217;25&#8243;3).<\/span>La 4 pas in doi proponeva anche una prova sui <b>6 chilometri <\/b>che ha visto il successo di Bettina Bortoli e Martina Olivier, Martino Busin e Francesco Luciani, Nikolas Bettini e Alyssa Friz.\u00a0Complessivamente, i podisti che si sono confrontati nell&#8217;edizione 2019 della 4 pas in doi sono stati 552.Per approfondimenti sulla \u201c4 Pas in doi\u201d: <a href=\"http:\/\/www.4pasindoi.it\">www.4pasindoi.it<\/a><\/div>\n<div><\/div>\n<p>DIRETTA FACEBOOK <span style=\"color: #000080;\"><a style=\"color: #000080;\" href=\"https:\/\/www.facebook.com\/mirko.mezzacasa\/videos\/10219864965241385\/\">CLICCA QUI\u00a0<\/a><\/span><\/p>\n<p>DIRETTA DOI BOCOI DA RIF <span style=\"color: #000080;\"><a style=\"color: #000080;\" href=\"https:\/\/www.facebook.com\/mirko.mezzacasa\/videos\/10219866538760722\/\">CLICCA QUI<\/a><\/span><\/p>\n<blockquote>\n<h3>LE INTERVISTE<\/h3>\n<\/blockquote>\n<p>L&#8217;ARRIVO DELLA 15 KM MASCHILE<\/p>\n<audio class=\"wp-audio-shortcode\" id=\"audio-87170-5\" preload=\"none\" style=\"width: 100%;\" controls=\"controls\"><source type=\"audio\/mpeg\" src=\"http:\/\/www.radiopiu.net\/wordpress\/wp-content\/uploads\/2019\/06\/4-PAS-ARRIVO-PRIMI.mp3?_=5\" \/><a href=\"http:\/\/www.radiopiu.net\/wordpress\/wp-content\/uploads\/2019\/06\/4-PAS-ARRIVO-PRIMI.mp3\">http:\/\/www.radiopiu.net\/wordpress\/wp-content\/uploads\/2019\/06\/4-PAS-ARRIVO-PRIMI.mp3<\/a><\/audio>\n<p>IVANO MARCON ALL&#8217;ARRIVO<\/p>\n<audio class=\"wp-audio-shortcode\" id=\"audio-87170-6\" preload=\"none\" style=\"width: 100%;\" controls=\"controls\"><source type=\"audio\/mpeg\" src=\"http:\/\/www.radiopiu.net\/wordpress\/wp-content\/uploads\/2019\/06\/4-PAS-MARCON.mp3?_=6\" \/><a href=\"http:\/\/www.radiopiu.net\/wordpress\/wp-content\/uploads\/2019\/06\/4-PAS-MARCON.mp3\">http:\/\/www.radiopiu.net\/wordpress\/wp-content\/uploads\/2019\/06\/4-PAS-MARCON.mp3<\/a><\/audio>\n<p>GLI ALPINI, SEMPRE PRESENTI CON IL PASTAPARTY<\/p>\n<audio class=\"wp-audio-shortcode\" id=\"audio-87170-7\" preload=\"none\" style=\"width: 100%;\" controls=\"controls\"><source type=\"audio\/mpeg\" src=\"http:\/\/www.radiopiu.net\/wordpress\/wp-content\/uploads\/2019\/06\/4-PAS-ALPINI.mp3?_=7\" \/><a href=\"http:\/\/www.radiopiu.net\/wordpress\/wp-content\/uploads\/2019\/06\/4-PAS-ALPINI.mp3\">http:\/\/www.radiopiu.net\/wordpress\/wp-content\/uploads\/2019\/06\/4-PAS-ALPINI.mp3<\/a><\/audio>\n<p>ENRICO FARENZENA DI AD AGORDO PRO LOCO<\/p>\n<audio class=\"wp-audio-shortcode\" id=\"audio-87170-8\" preload=\"none\" style=\"width: 100%;\" controls=\"controls\"><source type=\"audio\/mpeg\" src=\"http:\/\/www.radiopiu.net\/wordpress\/wp-content\/uploads\/2019\/06\/4-PAS-ENRICO.mp3?_=8\" \/><a href=\"http:\/\/www.radiopiu.net\/wordpress\/wp-content\/uploads\/2019\/06\/4-PAS-ENRICO.mp3\">http:\/\/www.radiopiu.net\/wordpress\/wp-content\/uploads\/2019\/06\/4-PAS-ENRICO.mp3<\/a><\/audio>\n<p>&nbsp;<\/p>\n<p>&nbsp;<\/p>\n<h2>TRENTINO PROTAGONISTA AI TRICOLORI DI CORSA IN MONTAGNA<\/h2>\n<p><strong>LIMANA <\/strong>Una splendida giornata di sole, dopo settimane di pioggia, e l&#8217;incanto del paesaggio di <strong>Valpiana<\/strong>, localit\u00e0 di Limana (Belluno) cara allo scrittore Dino Buzzati che qui ha ambientato alcuni dei racconti pi\u00f9 celebri, hanno fatto da cornice domenica 2 giugno ai Campionati italiani Fidal di corsa in montagna per le categorie Cadetti e Allievi.\u00a0 <strong>Giornata trionfale per il\u00a0Trentino<\/strong>, che si \u00e8 aggiudicato tre titoli individuali su quattro. A cucirci lo scudetto tricolore 2019 sul petto sono stati Massimiliano Berti (Valchiese) e Luna Giovanetti (Atletica Valle di Cembra) tra gli Allievi e Francesco Ropelato (Us Quercia Trentingrana) nella categoria Cadetti. Il quarto titolo individuale, quello delle Cadette, \u00e8 finito in <strong>Veneto<\/strong>, grazie alla veneziana del Lido Beatrice Casagrande (Due Torri Sporting Noale), alla prima esperienza nella corsa in montagna. Il Veneto, dopo undici anni anni, \u00e8 tornato sul gradino pi\u00f9 alto del podio nel campionato italiano Cadetti per regioni. Ai padroni di casa anche la classifica femminile, mentre a livello maschile ha festeggiato il Trentino. Podistica Valle Varaita e Sportclub Merano si sono aggiudicate il titolo italiano di societ\u00e0 rispettivamente tra gli Allievi e le Allieve. Bellunoatletica M.G.B., societ\u00e0 organizzatrice della rassegna, e Sportclub Merano si sono invece imposti rispettivamente tra i Cadetti e le Cadette.\u00a0 La manifestazione assegnava anche i <strong>titoli regionali<\/strong> per le categorie Ragazzi, Cadetti e Allievi. I titoli sono andati a\u00a0Rachele Peloso (Atletica Marostica Vimar) e\u00a0\u00a0Lorenzo De Fanti (Gs Quantin Alpenplus) nelle categorie Ragazzi, Beatrice Casagrande (Due Torri Sporting Noale) e\u00a0Samuel Mazzucco (Bellunoatletica Mgb) tra i Cadetti, Lucia De Lorenzo Tobolo (Atletica Comelico) e Patrick Da Rold (Atletica Dolomiti) tra gli<\/p>\n<blockquote><p>\u00abAbbiamo avuto 400 concorrenti al via tra le gare di campionato italiano e quelle delle categorie Ragazzi ed Esordienti. Un&#8217;ottima partecipazione per un evento al quale lavoriamo dallo scorso anno e per il quale le piogge continue delle settimane scorse ci hanno messo a dura prova\u00bb commenta <strong>Elio Dal Magro<\/strong>, presidente di Bellunoatletica Mgb e coordinatore della manifestazione.\u00a0\u00abSi \u00e8 trattato di un bel lavoro di squadra che abbiamo portato avanti insieme a tante realt\u00e0 locali e a tanti volontari. Il modo migliore per onorare <strong>la memoria di Maurizio Da Rold<\/strong>, atleta di spessore nazionale nel mezzofondo e primo presidente di Bellunoatletica, che ci ha lasciato, troppo presto, dieci anni fa. Come Veneto e come Bellunoatletica siamo felicissimi anche per il risultato tecnico: i nostri ragazzi sono stati davvero bravi\u00bb.<\/p><\/blockquote>\n<p><strong><a class=\"dt-pswp-item\" href=\"http:\/\/www.radiopiu.net\/wordpress\/wp-content\/uploads\/2019\/06\/massimiliano-berti-tricolore-allievi.jpg\" data-dt-img-description=\"\" data-large_image_width=\"1900\" data-large_image_height=\"1267\"><img loading=\"lazy\" decoding=\"async\" class=\"alignnone wp-image-87154\" src=\"http:\/\/www.radiopiu.net\/wordpress\/wp-content\/uploads\/2019\/06\/massimiliano-berti-tricolore-allievi-300x200.jpg\" alt=\"\" width=\"277\" height=\"185\" srcset=\"https:\/\/www.radiopiu.net\/wordpress\/wp-content\/uploads\/2019\/06\/massimiliano-berti-tricolore-allievi-300x200.jpg 300w, https:\/\/www.radiopiu.net\/wordpress\/wp-content\/uploads\/2019\/06\/massimiliano-berti-tricolore-allievi-768x512.jpg 768w, https:\/\/www.radiopiu.net\/wordpress\/wp-content\/uploads\/2019\/06\/massimiliano-berti-tricolore-allievi-1024x683.jpg 1024w, https:\/\/www.radiopiu.net\/wordpress\/wp-content\/uploads\/2019\/06\/massimiliano-berti-tricolore-allievi.jpg 1900w\" sizes=\"auto, (max-width: 277px) 100vw, 277px\" \/><\/a><a class=\"dt-pswp-item\" href=\"http:\/\/www.radiopiu.net\/wordpress\/wp-content\/uploads\/2019\/06\/i-campioni-italiani.jpg\" data-dt-img-description=\"\" data-large_image_width=\"1900\" data-large_image_height=\"1267\"><img loading=\"lazy\" decoding=\"async\" class=\"alignnone wp-image-87155\" src=\"http:\/\/www.radiopiu.net\/wordpress\/wp-content\/uploads\/2019\/06\/i-campioni-italiani-300x200.jpg\" alt=\"\" width=\"282\" height=\"187\" srcset=\"https:\/\/www.radiopiu.net\/wordpress\/wp-content\/uploads\/2019\/06\/i-campioni-italiani-300x200.jpg 300w, https:\/\/www.radiopiu.net\/wordpress\/wp-content\/uploads\/2019\/06\/i-campioni-italiani-768x512.jpg 768w, https:\/\/www.radiopiu.net\/wordpress\/wp-content\/uploads\/2019\/06\/i-campioni-italiani-1024x683.jpg 1024w, https:\/\/www.radiopiu.net\/wordpress\/wp-content\/uploads\/2019\/06\/i-campioni-italiani.jpg 1900w\" sizes=\"auto, (max-width: 282px) 100vw, 282px\" \/><\/a><a class=\"dt-pswp-item\" href=\"http:\/\/www.radiopiu.net\/wordpress\/wp-content\/uploads\/2019\/06\/beatrice-casagrande-tricolore-cadette.jpg\" data-dt-img-description=\"\" data-large_image_width=\"1900\" data-large_image_height=\"1267\"><img loading=\"lazy\" decoding=\"async\" class=\"alignnone wp-image-87156\" src=\"http:\/\/www.radiopiu.net\/wordpress\/wp-content\/uploads\/2019\/06\/beatrice-casagrande-tricolore-cadette-300x200.jpg\" alt=\"\" width=\"284\" height=\"189\" srcset=\"https:\/\/www.radiopiu.net\/wordpress\/wp-content\/uploads\/2019\/06\/beatrice-casagrande-tricolore-cadette-300x200.jpg 300w, https:\/\/www.radiopiu.net\/wordpress\/wp-content\/uploads\/2019\/06\/beatrice-casagrande-tricolore-cadette-768x512.jpg 768w, https:\/\/www.radiopiu.net\/wordpress\/wp-content\/uploads\/2019\/06\/beatrice-casagrande-tricolore-cadette-1024x683.jpg 1024w, https:\/\/www.radiopiu.net\/wordpress\/wp-content\/uploads\/2019\/06\/beatrice-casagrande-tricolore-cadette.jpg 1900w\" sizes=\"auto, (max-width: 284px) 100vw, 284px\" \/><\/a><a class=\"dt-pswp-item\" href=\"http:\/\/www.radiopiu.net\/wordpress\/wp-content\/uploads\/2019\/06\/la-gara-allieve.jpg\" data-dt-img-description=\"\" data-large_image_width=\"1900\" data-large_image_height=\"1267\"><img loading=\"lazy\" decoding=\"async\" class=\"wp-image-87157 alignnone\" src=\"http:\/\/www.radiopiu.net\/wordpress\/wp-content\/uploads\/2019\/06\/la-gara-allieve-300x200.jpg\" alt=\"\" width=\"287\" height=\"191\" srcset=\"https:\/\/www.radiopiu.net\/wordpress\/wp-content\/uploads\/2019\/06\/la-gara-allieve-300x200.jpg 300w, https:\/\/www.radiopiu.net\/wordpress\/wp-content\/uploads\/2019\/06\/la-gara-allieve-768x512.jpg 768w, https:\/\/www.radiopiu.net\/wordpress\/wp-content\/uploads\/2019\/06\/la-gara-allieve-1024x683.jpg 1024w, https:\/\/www.radiopiu.net\/wordpress\/wp-content\/uploads\/2019\/06\/la-gara-allieve.jpg 1900w\" sizes=\"auto, (max-width: 287px) 100vw, 287px\" \/><\/a>LE <\/strong><\/p>\n<p><strong>CLASSIFICHE MASCHILI<\/strong><\/p>\n<p><strong>Allievi<\/strong> (4870 metri &#8211; 238 metri di dislivello):\u00a01. Massimiliano Berti (Valchiese) 18\u201959\u201d, 2. Matteo Bardea (Lanzada) 19\u201921\u201d, 3. Mattia Zen (Cus Insubria) 19\u201925\u201d.\u00a0Societ\u00e0:\u00a01. Asd Podistica Valle Varaita 158, 2. Pol. Albosaggia 146, 3. Atletica Gi\u00f2 22 Rivera 142.<\/p>\n<p><strong>Cadetti<\/strong> (3240 metri &#8211; 152 metri di dislivello):\u00a01. Francesco Ropelato (Us Quercia Trentingrana) 12\u201921\u201d, 2. Samuel Mazzucco (Bellunoatletica Mgb) 13\u201903\u201d, 3. Davide Ghio (Rigaudo I Love Sport) 13\u201909\u201d.\u00a0Societ\u00e0:\u00a01. Bellunoatletica Mgb. 166, 2. Atletica Valle di Cembra 122, 3. Pont-Saint-Martin 112.\u00a0Campionato italiano per regioni: 1.\u00a0 Trentino 12, 2. Veneto 12, 3. Piemonte 12.<\/p>\n<p><strong>Ragazzi<\/strong> (1290 metri &#8211; 44 metri di dislivello):\u00a01. Lorenzo De Fanti (Gs Quantin Alpenplus) 4\u201952\u201d\u00a0(campione regionale), 2. Michele Moleri (Us Rogno) 5\u201901\u201d, 3. Francesco Ghio (Podistica Valle Varaita) 5\u201905\u201d.\u00a0\u00a0Esordienti (600 metri):\u00a01. Hubert Pomoni (Premana) 2\u201948\u201d, 2. Francesco Gianola (Premana) 2\u201950\u201d, 3. Tommaso Gerardini (Gs Quantin Alpenplus) 2\u201953\u201d.<\/p>\n<p><strong>LE CLASSIFICHE FEMMINILI<\/strong><\/p>\n<p><strong>Allieve<\/strong> (3240 metri &#8211; 152 metri di dislivello):\u00a01. Luna Giovanetti (Atletica Valle di Cembra) 14\u201903\u201d, 2. Katja Pattis (Suedtirol Team Club) 14\u201913\u201d, 3. Axelle Vicari (Sant\u2019Orso Aosta) 14\u201919\u201d.\u00a0Societ\u00e0:\u00a01. Sportclub Merano 100, 2. Atletica Valle Brembana 76, 3. Valchiese 72.<\/p>\n<p><strong>Cadette<\/strong> (2380 metri &#8211; 88 metri di dislivello):\u00a01. Beatrice Casagrande (Due Torri Sporting Noale) 10\u201927\u201d, 2. Anna Hofer (Sportclub Merano) 10\u201937\u201d, 3. Emily Vucemillo (Sportclub Merano) 10\u201945\u201d.\u00a0Societ\u00e0:\u00a01. Sportclub Merano 171, 2. Atletica Valle di Cembra 104, 3. Atletica Valle Brembana 92.\u00a0Campionato italiano per regioni: 1. Veneto 9, 2. Alto Adige 10, 3. Piemonte 11.\u00a0\u00a0Campionato italiano per regioni (combinata): 1. Veneto 21, 2. Piemonte 23, 3. Trentino 35, 4. Lombardia 66, 5. Alto Adige 98. 6. Toscana 99, 7. Valle d\u2019Aosta 161, 8. Puglia 183.<\/p>\n<p><strong>Ragazze<\/strong> (1290 metri &#8211; 44 metri di dislivello):\u00a01.\u00a0 Rachele Peloso (Atl. Marostica Vimar) 5\u201937\u201d\u00a0(campionessa regionale), 2. Aurora Combi (C.S. Cortenova) 5\u201942\u201d, 3. Noemi Gini (G.P. Valchiavenna) 5\u201943\u201d.\u00a0Esordienti (600 metri):1. Denise Mascheri (C.S. Cortenova) 2\u201957\u201d, 2. Alice De Pasqual (Gs Quantin Alpenplus) 3\u201910\u201d, 3. Veronica Viel (Gs Quantin Alpenplus) 3\u201912\u201d.<\/p>\n<p>Qui <strong>il dettaglio delle classifiche<\/strong>:\u00a0<a href=\"https:\/\/www.tds-live.com\/ns\/index.jsp?pageType=1&amp;id=10974\">https:\/\/www.tds-live.com\/ns\/index.jsp?pageType=1&amp;id=10974<\/a><\/p>\n<p>&nbsp;<\/p>\n<p>&nbsp;<\/p>\n<p>&nbsp;<\/p>\n<p>&nbsp;<\/p>\n<p>&nbsp;<\/p>\n<p><a class=\"dt-pswp-item\" href=\"http:\/\/www.radiopiu.net\/wordpress\/wp-content\/uploads\/2018\/09\/WhatsApp-Image-2018-09-20-at-16.04.06.jpeg\" data-dt-img-description=\"\" data-large_image_width=\"800\" data-large_image_height=\"100\"><img loading=\"lazy\" decoding=\"async\" class=\"alignnone size-full wp-image-61378\" src=\"http:\/\/www.radiopiu.net\/wordpress\/wp-content\/uploads\/2018\/09\/WhatsApp-Image-2018-09-20-at-16.04.06.jpeg\" alt=\"\" width=\"800\" height=\"100\" srcset=\"https:\/\/www.radiopiu.net\/wordpress\/wp-content\/uploads\/2018\/09\/WhatsApp-Image-2018-09-20-at-16.04.06.jpeg 800w, https:\/\/www.radiopiu.net\/wordpress\/wp-content\/uploads\/2018\/09\/WhatsApp-Image-2018-09-20-at-16.04.06-300x38.jpeg 300w, https:\/\/www.radiopiu.net\/wordpress\/wp-content\/uploads\/2018\/09\/WhatsApp-Image-2018-09-20-at-16.04.06-768x96.jpeg 768w\" sizes=\"auto, (max-width: 800px) 100vw, 800px\" \/><\/a><\/p>\n<p>&nbsp;<\/p>\n<p><strong>luned\u00ec 3<\/strong>. Tempo ancora soleggiato al mattino, salvo temporanee locali foschie e qualche nube basse in alcune valli prealpine. Nel pomeriggio attenuazione del soleggiamento per attivit\u00e0<br \/>\ncumuliforme pomeridiana che potr\u00e0 determinare qualche rovescio o temporale, specie sulle zone prealpine. Rasserenamenti alla sera. Precipitazioni. Al mattino assenti; dalle ore centrali della giornata, aumento della probabilit\u00e0 fino a bassa sulle Dolomiti settentrionali (5-25%), a medio-bassa sulle altre zone(25-50%) di brevi rovesci o temporali che saranno, tuttavia, circoscritti. Temperature. Temperature senza notevoli variazioni o in ulteriore lieve aumento, con un&#8217;importante escursione termica giornaliera. Su Prealpi a 1500 m min 11\u00b0C max 17\u00b0C, a 2000 m min 8\u00b0C max 15\u00b0C. Su Dolomiti a 2000 m min 8\u00b0C max 16\u00b0C, a 3000 m min 1\u00b0C max 6\u00b0C. Venti. Venti a regime di brezza nelle valli; deboli\/moderati ancora dai quadranti settentrionali in quota, a 5-10 km\/h a 2000 m, a 15-20 km\/h a 3000 m.<br \/>\n<strong>marted\u00ec 4.<\/strong> Al mattino tempo parzialmente soleggiato con cielo irregolarmente nuvoloso, specie dalla tarda mattinata, e probabili rovesci o temporali sparsi dalle ore centrali. Schiarite alla sera. Precipitazioni. Dalla tarda mattinata aumento della probabilit\u00e0 di precipitazioni a carattere di rovescio o temporale da locali a sparsi fino a medio-bassa (25-50%). Temperature. Temperature minime senza notevoli variazioni, salvo locali aumenti, lieve o contenuta diminuzione delle massime specie nelle valli. Clima diurno un po&#8217; pi\u00f9 fresco, con una modesta<br \/>\nriduzione dell&#8217;escursione termica giornaliera. Su Prealpi a 1500 m min 11\u00b0C max 17\u00b0C, a 2000 m min 8\u00b0C max 15\u00b0C. Su Dolomiti a 2000 m min 8\u00b0C max 15\u00b0C, a 3000 m min 1\u00b0C max 6\u00b0C.<br \/>\nVenti. Venti nelle valli a regime di brezza, deboli in prevalenza dai quadranti occidentali in quota, a 5-15 km\/h a 2000 m e a 3000 m.<br \/>\n<strong>mercoled\u00ec 5.<\/strong> Tempo simile a quello di marted\u00ec, con tempo instabile e cielo irregolarmente nuvoloso specie dalla tarda mattinata, con probabili rovesci o temporali da locali a sparsi<br \/>\ndalle ore centrali. Temperature senza notevoli variazioni. <strong>gioved\u00ec 6.<\/strong> Ancora una giornata dal tempo instabile, con nuvolosit\u00e0 irregolare alternata a qualche schiarita. Nel corso della giornata possibili temporali e rovesci da locali a sparsi con schiarite in serata. Temperature senza notevoli variazioni, salvo risultare localmente in aumento le minime sulle Dolomiti.<br \/>\nPrevisore: M.Padoan<\/p>\n","protected":false},"excerpt":{"rendered":"<p>Si \u00e8 verificato in data odierna un guasto generalizzato, a livello provinciale, alle linee telefoniche e di trasmissione dati fornite dal gestore Fastweb, assegnatario a seguito di gara nazionale CONSIP. Ci\u00f2 pu\u00f2 comportare disfunzioni nell\u2019accesso all\u2019anagrafe sanitaria regionale per le attivit\u00e0 degli sportelli amministrativi distrettuali e sub distrettuali aziendali (esempio: scelta e revoca dei Medici&hellip;<\/p>\n","protected":false},"author":1,"featured_media":87186,"comment_status":"closed","ping_status":"closed","sticky":false,"template":"","format":"standard","meta":{"_monsterinsights_skip_tracking":false,"_monsterinsights_sitenote_active":false,"_monsterinsights_sitenote_note":"","_monsterinsights_sitenote_category":0,"footnotes":""},"categories":[86],"tags":[],"class_list":["post-87170","post","type-post","status-publish","format-standard","has-post-thumbnail","hentry","category-gr","category-86","description-off"],"img_url":"https:\/\/www.radiopiu.net\/wordpress\/wp-content\/uploads\/2019\/06\/2.06.201-partenza.jpg","_links":{"self":[{"href":"https:\/\/www.radiopiu.net\/wordpress\/wp-json\/wp\/v2\/posts\/87170","targetHints":{"allow":["GET"]}}],"collection":[{"href":"https:\/\/www.radiopiu.net\/wordpress\/wp-json\/wp\/v2\/posts"}],"about":[{"href":"https:\/\/www.radiopiu.net\/wordpress\/wp-json\/wp\/v2\/types\/post"}],"author":[{"embeddable":true,"href":"https:\/\/www.radiopiu.net\/wordpress\/wp-json\/wp\/v2\/users\/1"}],"replies":[{"embeddable":true,"href":"https:\/\/www.radiopiu.net\/wordpress\/wp-json\/wp\/v2\/comments?post=87170"}],"version-history":[{"count":0,"href":"https:\/\/www.radiopiu.net\/wordpress\/wp-json\/wp\/v2\/posts\/87170\/revisions"}],"wp:featuredmedia":[{"embeddable":true,"href":"https:\/\/www.radiopiu.net\/wordpress\/wp-json\/wp\/v2\/media\/87186"}],"wp:attachment":[{"href":"https:\/\/www.radiopiu.net\/wordpress\/wp-json\/wp\/v2\/media?parent=87170"}],"wp:term":[{"taxonomy":"category","embeddable":true,"href":"https:\/\/www.radiopiu.net\/wordpress\/wp-json\/wp\/v2\/categories?post=87170"},{"taxonomy":"post_tag","embeddable":true,"href":"https:\/\/www.radiopiu.net\/wordpress\/wp-json\/wp\/v2\/tags?post=87170"}],"curies":[{"name":"wp","href":"https:\/\/api.w.org\/{rel}","templated":true}]}}