{"id":87248,"date":"2019-06-04T06:00:54","date_gmt":"2019-06-04T04:00:54","guid":{"rendered":"http:\/\/www.radiopiu.net\/wordpress\/?p=87248"},"modified":"2019-06-04T06:03:18","modified_gmt":"2019-06-04T04:03:18","slug":"la-solidarieta-piu-bella-parte-dai-bambini","status":"publish","type":"post","link":"https:\/\/www.radiopiu.net\/wordpress\/la-solidarieta-piu-bella-parte-dai-bambini\/","title":{"rendered":"LA SOLIDARIETA PIU BELLA PARTE DAI BAMBINI"},"content":{"rendered":"<p><strong>CONEGLIANO\u00a0<\/strong> La tempesta Vaia \u00e8 passata lasciando il territorio bellunese devastato, ma ha permesso anche di ricevere il sostegno di tante realt\u00e0 vicine alla popolazione e alle Dolomiti. Ed \u00e8 stato per dare il proprio contributo alla ripresa che i bambini della scuola primaria P. Maset di Scomigo, assieme alle loro maestre e ai genitori, hanno ideato l\u2019iniziativa \u2018Cine\u2026Maset\u2019, un ciclo di tre film proiettati a scuola con la finalit\u00e0 benefica di aiutare le popolazioni bellunesi colpite dall\u2019alluvione dello scorso ottobre. Quando \u00e8 stato il momento di scegliere a chi donare il frutto del loro piccolo, grande impegno hanno pensato al Soccorso Alpino della Val Pettorina di Rocca Pietore (BL), uno dei comuni maggiormente colpiti dalla tempesta.\u00a0 Recentemente i soccorritori sono stati ospitati a scuola dagli alunni,<strong>\u00a0<\/strong>che hanno consegnato un salvadanaio simbolico \u2013 creato dalle abili mani dell\u2019Associazione Piccoli Ceramisti di Scomigo &#8211; con il ricavato raccolto durante le proiezioni. I volontari hanno ricambiato il dono raccontando quale \u00e8 l\u2019attivit\u00e0 del Soccorso alpino, i comportamenti da tenere durante le escursioni, come muoversi in sicurezza, per far conoscere meglio la montagna e come va vissuta. Hanno poi fatto provare ai bimbi le attrezzature di soccorso e hanno soprattutto mostrato l\u2019unit\u00e0 cinofila in azione<strong>. <\/strong>In occasione di questo incontro l&#8217;Assessore Floriano Zambon, in rappresentanza del Comune di Conegliano, ha riconosciuto la solidariet\u00e0<strong>\u00a0<\/strong>di bambini, genitori e insegnanti, e ringraziato i volontari del Soccorso alpino per il grande servizio che donano alla comunit\u00e0. Con il grazie alla scuola per la generosa iniziativa, sperando di poter mantenere vivo lo scambio di esperienze con i bambini, alla base della cultura della montagna.<\/p>\n<p><a class=\"dt-pswp-item\" href=\"http:\/\/www.radiopiu.net\/wordpress\/wp-content\/uploads\/2019\/06\/Soccorso-alpino2x_censored_resized_1.jpg\" data-dt-img-description=\"\" data-large_image_width=\"1003\" data-large_image_height=\"900\"><img loading=\"lazy\" decoding=\"async\" class=\"alignnone size-medium wp-image-87249\" src=\"http:\/\/www.radiopiu.net\/wordpress\/wp-content\/uploads\/2019\/06\/Soccorso-alpino2x_censored_resized_1-300x269.jpg\" alt=\"\" width=\"300\" height=\"269\" srcset=\"https:\/\/www.radiopiu.net\/wordpress\/wp-content\/uploads\/2019\/06\/Soccorso-alpino2x_censored_resized_1-300x269.jpg 300w, https:\/\/www.radiopiu.net\/wordpress\/wp-content\/uploads\/2019\/06\/Soccorso-alpino2x_censored_resized_1-768x689.jpg 768w, https:\/\/www.radiopiu.net\/wordpress\/wp-content\/uploads\/2019\/06\/Soccorso-alpino2x_censored_resized_1.jpg 1003w\" sizes=\"auto, (max-width: 300px) 100vw, 300px\" \/><\/a><a class=\"dt-pswp-item\" href=\"http:\/\/www.radiopiu.net\/wordpress\/wp-content\/uploads\/2019\/06\/2019-06-03-13.28.56_resized.jpg\" data-dt-img-description=\"\" data-large_image_width=\"1056\" data-large_image_height=\"732\"><img loading=\"lazy\" decoding=\"async\" class=\"alignnone size-medium wp-image-87250\" src=\"http:\/\/www.radiopiu.net\/wordpress\/wp-content\/uploads\/2019\/06\/2019-06-03-13.28.56_resized-300x208.jpg\" alt=\"\" width=\"300\" height=\"208\" srcset=\"https:\/\/www.radiopiu.net\/wordpress\/wp-content\/uploads\/2019\/06\/2019-06-03-13.28.56_resized-300x208.jpg 300w, https:\/\/www.radiopiu.net\/wordpress\/wp-content\/uploads\/2019\/06\/2019-06-03-13.28.56_resized-768x532.jpg 768w, https:\/\/www.radiopiu.net\/wordpress\/wp-content\/uploads\/2019\/06\/2019-06-03-13.28.56_resized-1024x710.jpg 1024w, https:\/\/www.radiopiu.net\/wordpress\/wp-content\/uploads\/2019\/06\/2019-06-03-13.28.56_resized.jpg 1056w\" sizes=\"auto, (max-width: 300px) 100vw, 300px\" \/><\/a><a class=\"dt-pswp-item\" href=\"http:\/\/www.radiopiu.net\/wordpress\/wp-content\/uploads\/2019\/06\/2019-06-03-13.29.43_resized.jpg\" data-dt-img-description=\"\" data-large_image_width=\"731\" data-large_image_height=\"549\"><img loading=\"lazy\" decoding=\"async\" class=\"alignnone size-medium wp-image-87251\" src=\"http:\/\/www.radiopiu.net\/wordpress\/wp-content\/uploads\/2019\/06\/2019-06-03-13.29.43_resized-300x225.jpg\" alt=\"\" width=\"300\" height=\"225\" srcset=\"https:\/\/www.radiopiu.net\/wordpress\/wp-content\/uploads\/2019\/06\/2019-06-03-13.29.43_resized-300x225.jpg 300w, https:\/\/www.radiopiu.net\/wordpress\/wp-content\/uploads\/2019\/06\/2019-06-03-13.29.43_resized.jpg 731w\" sizes=\"auto, (max-width: 300px) 100vw, 300px\" \/><\/a><a class=\"dt-pswp-item\" href=\"http:\/\/www.radiopiu.net\/wordpress\/wp-content\/uploads\/2019\/06\/DSC_4394x_censored_resized_1.jpg\" data-dt-img-description=\"\" data-large_image_width=\"1232\" data-large_image_height=\"1536\"><img loading=\"lazy\" decoding=\"async\" class=\"alignnone size-medium wp-image-87252\" src=\"http:\/\/www.radiopiu.net\/wordpress\/wp-content\/uploads\/2019\/06\/DSC_4394x_censored_resized_1-241x300.jpg\" alt=\"\" width=\"241\" height=\"300\" srcset=\"https:\/\/www.radiopiu.net\/wordpress\/wp-content\/uploads\/2019\/06\/DSC_4394x_censored_resized_1-241x300.jpg 241w, https:\/\/www.radiopiu.net\/wordpress\/wp-content\/uploads\/2019\/06\/DSC_4394x_censored_resized_1-768x958.jpg 768w, https:\/\/www.radiopiu.net\/wordpress\/wp-content\/uploads\/2019\/06\/DSC_4394x_censored_resized_1-821x1024.jpg 821w, https:\/\/www.radiopiu.net\/wordpress\/wp-content\/uploads\/2019\/06\/DSC_4394x_censored_resized_1.jpg 1232w\" sizes=\"auto, (max-width: 241px) 100vw, 241px\" \/><\/a><\/p>\n","protected":false},"excerpt":{"rendered":"<p>CONEGLIANO\u00a0 La tempesta Vaia \u00e8 passata lasciando il territorio bellunese devastato, ma ha permesso anche di ricevere il sostegno di tante realt\u00e0 vicine alla popolazione e alle Dolomiti. Ed \u00e8 stato per dare il proprio contributo alla ripresa che i bambini della scuola primaria P. Maset di Scomigo, assieme alle loro maestre e ai genitori,&hellip;<\/p>\n","protected":false},"author":1,"featured_media":87250,"comment_status":"closed","ping_status":"closed","sticky":false,"template":"","format":"standard","meta":{"_monsterinsights_skip_tracking":false,"_monsterinsights_sitenote_active":false,"_monsterinsights_sitenote_note":"","_monsterinsights_sitenote_category":0,"footnotes":""},"categories":[103,49],"tags":[],"class_list":["post-87248","post","type-post","status-publish","format-standard","has-post-thumbnail","hentry","category-evidenza_2","category-news-18","category-103","category-49","description-off"],"img_url":"https:\/\/www.radiopiu.net\/wordpress\/wp-content\/uploads\/2019\/06\/2019-06-03-13.28.56_resized.jpg","_links":{"self":[{"href":"https:\/\/www.radiopiu.net\/wordpress\/wp-json\/wp\/v2\/posts\/87248","targetHints":{"allow":["GET"]}}],"collection":[{"href":"https:\/\/www.radiopiu.net\/wordpress\/wp-json\/wp\/v2\/posts"}],"about":[{"href":"https:\/\/www.radiopiu.net\/wordpress\/wp-json\/wp\/v2\/types\/post"}],"author":[{"embeddable":true,"href":"https:\/\/www.radiopiu.net\/wordpress\/wp-json\/wp\/v2\/users\/1"}],"replies":[{"embeddable":true,"href":"https:\/\/www.radiopiu.net\/wordpress\/wp-json\/wp\/v2\/comments?post=87248"}],"version-history":[{"count":0,"href":"https:\/\/www.radiopiu.net\/wordpress\/wp-json\/wp\/v2\/posts\/87248\/revisions"}],"wp:featuredmedia":[{"embeddable":true,"href":"https:\/\/www.radiopiu.net\/wordpress\/wp-json\/wp\/v2\/media\/87250"}],"wp:attachment":[{"href":"https:\/\/www.radiopiu.net\/wordpress\/wp-json\/wp\/v2\/media?parent=87248"}],"wp:term":[{"taxonomy":"category","embeddable":true,"href":"https:\/\/www.radiopiu.net\/wordpress\/wp-json\/wp\/v2\/categories?post=87248"},{"taxonomy":"post_tag","embeddable":true,"href":"https:\/\/www.radiopiu.net\/wordpress\/wp-json\/wp\/v2\/tags?post=87248"}],"curies":[{"name":"wp","href":"https:\/\/api.w.org\/{rel}","templated":true}]}}