{"id":87297,"date":"2019-06-03T16:43:31","date_gmt":"2019-06-03T14:43:31","guid":{"rendered":"http:\/\/www.radiopiu.net\/wordpress\/?p=87297"},"modified":"2019-06-05T06:12:47","modified_gmt":"2019-06-05T04:12:47","slug":"sfidano-la-frana-risponderanno-ai-carabinieri-da-veneto-strade","status":"publish","type":"post","link":"https:\/\/www.radiopiu.net\/wordpress\/sfidano-la-frana-risponderanno-ai-carabinieri-da-veneto-strade\/","title":{"rendered":"SFIDANO LA FRANA, RISPONDERANNO AI CARABINIERI. DA VENETO STRADE."},"content":{"rendered":"<p><strong>ALPAGO<\/strong> La pagina facebook di Veneto Strade pubblica le foto dei &#8220;furbi&#8221;&#8230; si fa per dire, che hanno trascorso la domenica a valicare una frana pericolosa e\u00a0 instabile. Sono stati fotografati e le foto rese pubbliche con il rispetto della privacy, le foto non modificate sono gi\u00e0 nelle mani dei Carabinieri.<br \/>\nIL MESSAGGIO DI VENETO STRADE<\/p>\n<p>&nbsp;<\/p>\n<p><strong>FRANA DI SCHIUCAZZ<\/strong><br \/>\nQuesti che pubblichiamo sono alcuni fotogrammi di un filmato dove tre ragazzi, pensando di fare una bravata poco intelligente, hanno fatto domenica una \u201cgita\u201d ai piedi della frana, a fianco delle case disabitate, in un\u2019area completamente vietata per ovvi motivi. Una bravata (la vogliamo definire cos\u00ec) che poteva rischiare di diventare una tragedia. Ovviamente il fatto \u00e8 stato denunciato ai carabinieri ma vogliamo ricordare che in queste ore, in quelle zone, si sta lavorando per far s\u00ec che la frana venga rimossa. E\u2019 assolutamente vietato transitare, avvicinarsi!! Ogni infrazione sar\u00e0 regolarmente denunciata alle autorit\u00e0 competenti. Tra l\u2019altro \u00e8 una dimostrazione di poco rispetto per chi, con sofferenza, ha dovuto abbandonare la propria casa. Queste persone meritano rispetto! (Veneto Strade)<\/p>\n<p><a class=\"dt-pswp-item\" href=\"http:\/\/www.radiopiu.net\/wordpress\/wp-content\/uploads\/2019\/06\/61767887_2277408028994611_4049185327175172096_n.jpg\" data-dt-img-description=\"\" data-large_image_width=\"444\" data-large_image_height=\"960\"><img loading=\"lazy\" decoding=\"async\" class=\"alignnone size-medium wp-image-87299\" src=\"http:\/\/www.radiopiu.net\/wordpress\/wp-content\/uploads\/2019\/06\/61767887_2277408028994611_4049185327175172096_n-139x300.jpg\" alt=\"\" width=\"139\" height=\"300\" srcset=\"https:\/\/www.radiopiu.net\/wordpress\/wp-content\/uploads\/2019\/06\/61767887_2277408028994611_4049185327175172096_n-139x300.jpg 139w, https:\/\/www.radiopiu.net\/wordpress\/wp-content\/uploads\/2019\/06\/61767887_2277408028994611_4049185327175172096_n.jpg 444w\" sizes=\"auto, (max-width: 139px) 100vw, 139px\" \/><\/a><a class=\"dt-pswp-item\" href=\"http:\/\/www.radiopiu.net\/wordpress\/wp-content\/uploads\/2019\/06\/61920459_2277408042327943_4907332669227925504_n.jpg\" data-dt-img-description=\"\" data-large_image_width=\"444\" data-large_image_height=\"960\"><img loading=\"lazy\" decoding=\"async\" class=\"alignnone size-medium wp-image-87300\" src=\"http:\/\/www.radiopiu.net\/wordpress\/wp-content\/uploads\/2019\/06\/61920459_2277408042327943_4907332669227925504_n-139x300.jpg\" alt=\"\" width=\"139\" height=\"300\" srcset=\"https:\/\/www.radiopiu.net\/wordpress\/wp-content\/uploads\/2019\/06\/61920459_2277408042327943_4907332669227925504_n-139x300.jpg 139w, https:\/\/www.radiopiu.net\/wordpress\/wp-content\/uploads\/2019\/06\/61920459_2277408042327943_4907332669227925504_n.jpg 444w\" sizes=\"auto, (max-width: 139px) 100vw, 139px\" \/><\/a><a class=\"dt-pswp-item\" href=\"http:\/\/www.radiopiu.net\/wordpress\/wp-content\/uploads\/2019\/06\/61666027_2277408115661269_2940185747275120640_n.jpg\" data-dt-img-description=\"\" data-large_image_width=\"960\" data-large_image_height=\"894\"><img loading=\"lazy\" decoding=\"async\" class=\"alignnone size-medium wp-image-87301\" src=\"http:\/\/www.radiopiu.net\/wordpress\/wp-content\/uploads\/2019\/06\/61666027_2277408115661269_2940185747275120640_n-300x279.jpg\" alt=\"\" width=\"300\" height=\"279\" srcset=\"https:\/\/www.radiopiu.net\/wordpress\/wp-content\/uploads\/2019\/06\/61666027_2277408115661269_2940185747275120640_n-300x279.jpg 300w, https:\/\/www.radiopiu.net\/wordpress\/wp-content\/uploads\/2019\/06\/61666027_2277408115661269_2940185747275120640_n-768x715.jpg 768w, https:\/\/www.radiopiu.net\/wordpress\/wp-content\/uploads\/2019\/06\/61666027_2277408115661269_2940185747275120640_n.jpg 960w\" sizes=\"auto, (max-width: 300px) 100vw, 300px\" \/><\/a><\/p>\n","protected":false},"excerpt":{"rendered":"<p>ALPAGO La pagina facebook di Veneto Strade pubblica le foto dei &#8220;furbi&#8221;&#8230; si fa per dire, che hanno trascorso la domenica a valicare una frana pericolosa e\u00a0 instabile. Sono stati fotografati e le foto rese pubbliche con il rispetto della privacy, le foto non modificate sono gi\u00e0 nelle mani dei Carabinieri. IL MESSAGGIO DI VENETO&hellip;<\/p>\n","protected":false},"author":1,"featured_media":87301,"comment_status":"closed","ping_status":"closed","sticky":false,"template":"","format":"standard","meta":{"_monsterinsights_skip_tracking":false,"_monsterinsights_sitenote_active":false,"_monsterinsights_sitenote_note":"","_monsterinsights_sitenote_category":0,"footnotes":""},"categories":[1,51,49],"tags":[],"class_list":["post-87297","post","type-post","status-publish","format-standard","has-post-thumbnail","hentry","category-senza-categoria","category-evidenza-top","category-news-18","category-1","category-51","category-49","description-off"],"img_url":"https:\/\/www.radiopiu.net\/wordpress\/wp-content\/uploads\/2019\/06\/61666027_2277408115661269_2940185747275120640_n.jpg","_links":{"self":[{"href":"https:\/\/www.radiopiu.net\/wordpress\/wp-json\/wp\/v2\/posts\/87297","targetHints":{"allow":["GET"]}}],"collection":[{"href":"https:\/\/www.radiopiu.net\/wordpress\/wp-json\/wp\/v2\/posts"}],"about":[{"href":"https:\/\/www.radiopiu.net\/wordpress\/wp-json\/wp\/v2\/types\/post"}],"author":[{"embeddable":true,"href":"https:\/\/www.radiopiu.net\/wordpress\/wp-json\/wp\/v2\/users\/1"}],"replies":[{"embeddable":true,"href":"https:\/\/www.radiopiu.net\/wordpress\/wp-json\/wp\/v2\/comments?post=87297"}],"version-history":[{"count":0,"href":"https:\/\/www.radiopiu.net\/wordpress\/wp-json\/wp\/v2\/posts\/87297\/revisions"}],"wp:featuredmedia":[{"embeddable":true,"href":"https:\/\/www.radiopiu.net\/wordpress\/wp-json\/wp\/v2\/media\/87301"}],"wp:attachment":[{"href":"https:\/\/www.radiopiu.net\/wordpress\/wp-json\/wp\/v2\/media?parent=87297"}],"wp:term":[{"taxonomy":"category","embeddable":true,"href":"https:\/\/www.radiopiu.net\/wordpress\/wp-json\/wp\/v2\/categories?post=87297"},{"taxonomy":"post_tag","embeddable":true,"href":"https:\/\/www.radiopiu.net\/wordpress\/wp-json\/wp\/v2\/tags?post=87297"}],"curies":[{"name":"wp","href":"https:\/\/api.w.org\/{rel}","templated":true}]}}