{"id":87336,"date":"2019-06-05T06:01:51","date_gmt":"2019-06-05T04:01:51","guid":{"rendered":"http:\/\/www.radiopiu.net\/wordpress\/?p=87336"},"modified":"2019-06-05T08:43:53","modified_gmt":"2019-06-05T06:43:53","slug":"87336-2","status":"publish","type":"post","link":"https:\/\/www.radiopiu.net\/wordpress\/87336-2\/","title":{"rendered":"GIORNALE RADIOPIU 05 GIUGNO 2019 DIRETTORE MIRKO MEZZACASA"},"content":{"rendered":"<p><strong>Sap di Fonzaso sotto sequestro \u00e8 la notizia di prima pagina del CorrieredelleAlpi. <\/strong>\u00a0I Carabinieri di Milano contestano 700 tonellate di rifiuti conferiti in maniera illecita in discarica, la maxi operazione \u00e8 partita da Milano dopo i roghi del 2018. <strong>Gli alberghi del bellunese<\/strong> (19) ospiteranno le vittime di violenza, garantiranno la prima accoglienza, il nuovo protocollo coinvolge Prefettura, forze dell&#8217;ordine, Ulss, Provincia, Comitato d&#8217;Intesa. <strong>Il ghiacciaio della Marmolada sparir\u00e0 in 30 anni,<\/strong> lo ha detto il meteorologo Luca Mercalli a Longarone, approfondimento sul CorrieredelleAlpi di oggi.<strong> L&#8217;autoveox di Limana<\/strong> entrer\u00e0 in funzione entro la met\u00e0 di giugno il sindaco Milena Zanet come tutti gli altri primi cittadini d&#8217;italia afferma: <em>&#8220;obiettivo del Comune prevenire gli incidenti non fare cassa&#8221;.<\/em> sar\u00e0 anche la verit\u00e0 ma quel palo \u00e8 ormai soprannominato la cassetta delle elemosine dell&#8217;amministrazione comunale come quello di Candaten a Sedico, Morbiach a Cencengihe, Caprile o i 3 di Agordo.<strong> Irma Visalli<\/strong> ritorna, \u00e8 il nuovo assessore a Feltre e prende il posto della dimissionaria Anna Rossi,\u00a0 la Visalli auspica <em>&#8220;Dovro&#8217; conquistare la fiducia dei cittadini&#8221;.\u00a0<\/em> <strong>Oggi a Feltre<\/strong> il convegno sulle zecche nell&#8217;ambito dei mercoledi della salute, quest&#8217;anno il vaccino \u00e8 gratuito. <strong>Ancora interrogazion<\/strong>i e petizioni a Falcade, al centro dell&#8217;attenzione Somor, le risposte del sindaco Michele Costa nei notiziari di RADIO PIU. A San Tomaso i<strong>l sindaco Moreno De Val<\/strong> ha scelto la data del consiglio e gli assessori Colloi e Gaiardo.<\/p>\n<p>FOTO COPERTINA, DI BARBARA BENVEGNU&#8217; 5 giugno 2019 Valle di San Lucano<\/p>\n<p>&nbsp;<\/p>\n<p>&nbsp;<\/p>\n<p><strong>ROCCA PIETORE<\/strong> nelle localit\u00e0 Masar\u00e8, Badiot e Le Pale l&#8217;acqua erogata dall&#8217;acquedotto non \u00e8 potabile e pu\u00f2 essere usata per scopi alimentari solo previa bollitura.<\/p>\n<p><strong>SAN TOMASO<\/strong> In frazione La Costa di San Tomaso acqua non potabile, la prossima settimana \u00e8 previsto il prelievo di controllo.<\/p>\n<p>&nbsp;<\/p>\n<p>&nbsp;<\/p>\n<p><strong>PROVINCIALE 347<\/strong>, Veneto Strade da il via ai lavori, o almeno anticipa che in localit\u00e0 Sant&#8217;Andrea oggi dalle 7 alle 18 sono previsti i sondaggi geognostici e il traffico verr\u00e0 regolato a senso unico alternato.<\/p>\n<blockquote><p><a class=\"dt-pswp-item\" href=\"http:\/\/www.radiopiu.net\/wordpress\/wp-content\/uploads\/2019\/06\/download-2.jpg\" data-dt-img-description=\"\" data-large_image_width=\"259\" data-large_image_height=\"194\"><img loading=\"lazy\" decoding=\"async\" class=\" wp-image-87364 alignleft\" src=\"http:\/\/www.radiopiu.net\/wordpress\/wp-content\/uploads\/2019\/06\/download-2.jpg\" alt=\"\" width=\"184\" height=\"138\" \/><\/a><strong>GOSALDO<\/strong> Proprio ieri si parlava con il sindaco Giocondo Dalle feste della necessit\u00e0 di un intervento a Sant&#8217;Andrea di Gosaldo dove la strada che sale a Forcella Aurine sta franando a valle, tra l&#8217;altro vi transitano quotidianamente i pullman della Dolomitibus e Trentino Trasporti diretti in Luxottica. Il problema della voragine \u00e8 evidente, il sindaco lo ha chiaramente segnalato a pi\u00f9 riprese alle autorit\u00e0 competenti, Veneto Strade in primis anche perch\u00e9 il 22 giugno lungo quella strada dovrebbero passare i ciclisti del giro d&#8217;Italia under 23 che interesser\u00e0 Agordo e l&#8217;Alto Agordino, salvo problemi degli ultimi giorni legati al maltempo, agli alberi in equilibrio instabile, ai sassi in bilico,\u00a0 perch\u00e9 siamo ogni giorno a rischio e i sassi caduti ieri lungo la 203 a La Muda sono solo l&#8217;ultimo esempio anche se sono stati spostati in fretta.<\/p><\/blockquote>\n<p>&nbsp;<\/p>\n<p>&nbsp;<\/p>\n<h3>METEO: STATO DI ATTENZIONE\u00a0 PER POSSIBILIT\u00c0 DI ROVESCI E FORTI TEMPORALI<\/h3>\n<p><strong>VENEZIA<\/strong> Nell\u2019area dolomitica sono previsti probabili rovesci e temporali, in particolare nelle ore centrali della giornata. Il Centro funzionale decentrato della Protezione civile del Veneto ha dichiarato lo \u2018stato di attenzione\u2019 per il Bellunese e il bacino dell\u2019Alto Piave, per i possibili effetti idrogeologici dei temporali attesi. In particolare, il possibile verificarsi di rovesci o temporali, localmente anche intensi, potrebbe creare disagi al sistema fognario e lungo la rete idrografica minore. Si segnala, inoltre, la possibilit\u00e0 d&#8217;innesco di fenomeni franosi superficiali sui versanti e la possibilit\u00e0 di innesco di colate rapide specie nella zona di allertamento dell\u2019Alto Piave. L\u2019avviso del Centro funzionale resta valido sino alle ore 8 di domani.<\/p>\n<p>&nbsp;<\/p>\n<p>&nbsp;<\/p>\n<h2>LA FOTO DEL GIORNO<\/h2>\n<p><strong>SEDICO<\/strong> Ieri al confine tra Sedico e La Valle Agordina (La Muda). Un altro sasso cade in strada in un punto noto per precedenti cadute con notevoli danni ai mezzi in transito. Segnalazione Alberto Fontanive in transito sulle regionale 20 agordina.<\/p>\n<p><a class=\"dt-pswp-item\" href=\"http:\/\/www.radiopiu.net\/wordpress\/wp-content\/uploads\/2019\/06\/89cdb979-d7ba-4e53-879b-08fe52c0d24d.jpg\" data-dt-img-description=\"\" data-large_image_width=\"1600\" data-large_image_height=\"1200\"><img loading=\"lazy\" decoding=\"async\" class=\"alignnone wp-image-87344\" src=\"http:\/\/www.radiopiu.net\/wordpress\/wp-content\/uploads\/2019\/06\/89cdb979-d7ba-4e53-879b-08fe52c0d24d-300x225.jpg\" alt=\"\" width=\"309\" height=\"232\" srcset=\"https:\/\/www.radiopiu.net\/wordpress\/wp-content\/uploads\/2019\/06\/89cdb979-d7ba-4e53-879b-08fe52c0d24d-300x225.jpg 300w, https:\/\/www.radiopiu.net\/wordpress\/wp-content\/uploads\/2019\/06\/89cdb979-d7ba-4e53-879b-08fe52c0d24d-768x576.jpg 768w, https:\/\/www.radiopiu.net\/wordpress\/wp-content\/uploads\/2019\/06\/89cdb979-d7ba-4e53-879b-08fe52c0d24d-1024x768.jpg 1024w, https:\/\/www.radiopiu.net\/wordpress\/wp-content\/uploads\/2019\/06\/89cdb979-d7ba-4e53-879b-08fe52c0d24d.jpg 1600w\" sizes=\"auto, (max-width: 309px) 100vw, 309px\" \/><\/a><\/p>\n<p>&nbsp;<\/p>\n<p>&nbsp;<\/p>\n<p>&nbsp;<\/p>\n<p>&nbsp;<\/p>\n<h3><a class=\"dt-pswp-item\" href=\"http:\/\/www.radiopiu.net\/wordpress\/wp-content\/uploads\/2019\/06\/661dafa2-e2d7-4a6f-935d-d0aa5a9537a8.jpg\" data-dt-img-description=\"\" data-large_image_width=\"1600\" data-large_image_height=\"736\"><img loading=\"lazy\" decoding=\"async\" class=\" wp-image-87390 alignleft\" src=\"http:\/\/www.radiopiu.net\/wordpress\/wp-content\/uploads\/2019\/06\/661dafa2-e2d7-4a6f-935d-d0aa5a9537a8-300x138.jpg\" alt=\"\" width=\"257\" height=\"119\" srcset=\"https:\/\/www.radiopiu.net\/wordpress\/wp-content\/uploads\/2019\/06\/661dafa2-e2d7-4a6f-935d-d0aa5a9537a8-300x138.jpg 300w, https:\/\/www.radiopiu.net\/wordpress\/wp-content\/uploads\/2019\/06\/661dafa2-e2d7-4a6f-935d-d0aa5a9537a8-768x353.jpg 768w, https:\/\/www.radiopiu.net\/wordpress\/wp-content\/uploads\/2019\/06\/661dafa2-e2d7-4a6f-935d-d0aa5a9537a8-1024x471.jpg 1024w, https:\/\/www.radiopiu.net\/wordpress\/wp-content\/uploads\/2019\/06\/661dafa2-e2d7-4a6f-935d-d0aa5a9537a8.jpg 1600w\" sizes=\"auto, (max-width: 257px) 100vw, 257px\" \/><\/a><\/h3>\n<h3>L&#8217;INTERROGAZIONE DA SOMOR\u00a0 E LE RISPOSTE DEL SINDACO MICHELE COSTA A PROBLEMI DATATI E COMPLESSI<\/h3>\n<p><strong>DI GIANNI SANTOMASO<\/strong><\/p>\n<audio class=\"wp-audio-shortcode\" id=\"audio-87336-1\" preload=\"none\" style=\"width: 100%;\" controls=\"controls\"><source type=\"audio\/mpeg\" src=\"http:\/\/www.radiopiu.net\/wordpress\/wp-content\/uploads\/2019\/06\/GIANNI-SOMOR.mp3?_=1\" \/><a href=\"http:\/\/www.radiopiu.net\/wordpress\/wp-content\/uploads\/2019\/06\/GIANNI-SOMOR.mp3\">http:\/\/www.radiopiu.net\/wordpress\/wp-content\/uploads\/2019\/06\/GIANNI-SOMOR.mp3<\/a><\/audio>\n<p>&nbsp;<\/p>\n<p>&nbsp;<\/p>\n<p>&nbsp;<\/p>\n<p>&nbsp;<\/p>\n<blockquote>\n<h3><a class=\"dt-pswp-item\" href=\"http:\/\/www.radiopiu.net\/wordpress\/wp-content\/uploads\/2019\/06\/0fe5d419-0665-4924-a003-eb36b38fe342.jpg\" data-dt-img-description=\"\" data-large_image_width=\"900\" data-large_image_height=\"1600\"><img loading=\"lazy\" decoding=\"async\" class=\"wp-image-87308 alignleft\" src=\"http:\/\/www.radiopiu.net\/wordpress\/wp-content\/uploads\/2019\/06\/0fe5d419-0665-4924-a003-eb36b38fe342-169x300.jpg\" alt=\"\" width=\"95\" height=\"169\" srcset=\"https:\/\/www.radiopiu.net\/wordpress\/wp-content\/uploads\/2019\/06\/0fe5d419-0665-4924-a003-eb36b38fe342-169x300.jpg 169w, https:\/\/www.radiopiu.net\/wordpress\/wp-content\/uploads\/2019\/06\/0fe5d419-0665-4924-a003-eb36b38fe342-768x1365.jpg 768w, https:\/\/www.radiopiu.net\/wordpress\/wp-content\/uploads\/2019\/06\/0fe5d419-0665-4924-a003-eb36b38fe342-576x1024.jpg 576w, https:\/\/www.radiopiu.net\/wordpress\/wp-content\/uploads\/2019\/06\/0fe5d419-0665-4924-a003-eb36b38fe342.jpg 900w\" sizes=\"auto, (max-width: 95px) 100vw, 95px\" \/><\/a><\/h3>\n<h3><\/h3>\n<h3>QUEL PALO A LIMANA LUNGO LA PROVNCIALE DELLA SINISTRA PIAVE, &#8220;IL FOTOGRAFO DEL COMUNE&#8221; ANCHE DETTO &#8220;CASSETTA DELLE ELEMOSINE PER IL MUNICIPIO&#8221;.<\/h3>\n<\/blockquote>\n<p><strong>DI DAMIANO TORMEN<\/strong><\/p>\n<audio class=\"wp-audio-shortcode\" id=\"audio-87336-2\" preload=\"none\" style=\"width: 100%;\" controls=\"controls\"><source type=\"audio\/mpeg\" src=\"http:\/\/www.radiopiu.net\/wordpress\/wp-content\/uploads\/2019\/06\/DAMIANO-VELOZ.mp3?_=2\" \/><a href=\"http:\/\/www.radiopiu.net\/wordpress\/wp-content\/uploads\/2019\/06\/DAMIANO-VELOZ.mp3\">http:\/\/www.radiopiu.net\/wordpress\/wp-content\/uploads\/2019\/06\/DAMIANO-VELOZ.mp3<\/a><\/audio>\n<p>&nbsp;<\/p>\n<p>&nbsp;<\/p>\n<p>&nbsp;<\/p>\n<p>&nbsp;<\/p>\n<h2><a class=\"dt-pswp-item\" href=\"http:\/\/www.radiopiu.net\/wordpress\/wp-content\/uploads\/2015\/10\/300px-San_Tomaso_Ag.jpg\" data-dt-img-description=\"\" data-large_image_width=\"300\" data-large_image_height=\"225\"><img loading=\"lazy\" decoding=\"async\" class=\"wp-image-11619 alignleft\" src=\"http:\/\/www.radiopiu.net\/wordpress\/wp-content\/uploads\/2015\/10\/300px-San_Tomaso_Ag-300x225.jpg\" alt=\"\" width=\"145\" height=\"109\" \/><\/a>ANCHE MORENO DE VAL SCEGLIE GLI ASSESSORI, MERCOLEDI 12 ALLE 20 IL GIURAMENTO DEL SINDACO<\/h2>\n<p><strong>SAN TOMASO<\/strong><\/p>\n<p><strong>DI GIANNI SANTOMASO<\/strong><\/p>\n<audio class=\"wp-audio-shortcode\" id=\"audio-87336-3\" preload=\"none\" style=\"width: 100%;\" controls=\"controls\"><source type=\"audio\/mpeg\" src=\"http:\/\/www.radiopiu.net\/wordpress\/wp-content\/uploads\/2019\/06\/GIANNI-SANTO.mp3?_=3\" \/><a href=\"http:\/\/www.radiopiu.net\/wordpress\/wp-content\/uploads\/2019\/06\/GIANNI-SANTO.mp3\">http:\/\/www.radiopiu.net\/wordpress\/wp-content\/uploads\/2019\/06\/GIANNI-SANTO.mp3<\/a><\/audio>\n<p>&nbsp;<\/p>\n<p>&nbsp;<\/p>\n<p>&nbsp;<\/p>\n<h3><a class=\"dt-pswp-item\" href=\"http:\/\/www.radiopiu.net\/wordpress\/wp-content\/uploads\/2016\/01\/violenza-anziana-300x225.jpg\" data-dt-img-description=\"\" data-large_image_width=\"300\" data-large_image_height=\"225\"><img loading=\"lazy\" decoding=\"async\" class=\"wp-image-15315 alignleft\" src=\"http:\/\/www.radiopiu.net\/wordpress\/wp-content\/uploads\/2016\/01\/violenza-anziana-300x225-300x225.jpg\" alt=\"\" width=\"202\" height=\"152\" \/><\/a><\/h3>\n<h3>UNA STANZA IN ALBERGO PER SFUGGIRE ALLE BOTTE. IL NUOVO SISTEMA DI PRIMA ACCOGLIENZA PER LE DONNE VITTIME DI VIOLENZA<\/h3>\n<p>&nbsp;<\/p>\n<p>&nbsp;<\/p>\n<p>&nbsp;<\/p>\n<p><strong>DI DAMIANO TORMEN\u00a0<\/strong><\/p>\n<audio class=\"wp-audio-shortcode\" id=\"audio-87336-4\" preload=\"none\" style=\"width: 100%;\" controls=\"controls\"><source type=\"audio\/mpeg\" src=\"http:\/\/www.radiopiu.net\/wordpress\/wp-content\/uploads\/2019\/06\/DAMIANO-DONNA.mp3?_=4\" \/><a href=\"http:\/\/www.radiopiu.net\/wordpress\/wp-content\/uploads\/2019\/06\/DAMIANO-DONNA.mp3\">http:\/\/www.radiopiu.net\/wordpress\/wp-content\/uploads\/2019\/06\/DAMIANO-DONNA.mp3<\/a><\/audio>\n<p><strong>AUDIO DALLA RASSEGNA STAMPA, CONSIGLIERE PROVINCIALE FRANCESCA DE BIASI<\/strong><\/p>\n<audio class=\"wp-audio-shortcode\" id=\"audio-87336-5\" preload=\"none\" style=\"width: 100%;\" controls=\"controls\"><source type=\"audio\/mpeg\" src=\"http:\/\/www.radiopiu.net\/wordpress\/wp-content\/uploads\/2019\/06\/francesca.mp3?_=5\" \/><a href=\"http:\/\/www.radiopiu.net\/wordpress\/wp-content\/uploads\/2019\/06\/francesca.mp3\">http:\/\/www.radiopiu.net\/wordpress\/wp-content\/uploads\/2019\/06\/francesca.mp3<\/a><\/audio>\n<p>&nbsp;<\/p>\n<p><strong>BELLUNO<\/strong> <em>\u201cLa violenza di genere colpisce nella maggioranza dei casi le donne, spesso si sviluppa in ambienti domestici e non viene denunciata per paura o sottovalutazione<strong> &#8211; <\/strong><\/em><strong>ha sottolineato il Prefetto Francesco Esposito<\/strong> \u2013 <em>Con questo progetto lanciamo anche un forte appello alle donne che subiscono violenza affinch\u00e9\u00a0 denuncino, senza timori, questi reati. A loro diciamo: le istituzioni ci sono e sono tutte schierate sin dal primo momento per non lasciarle sole e garantire l\u2019assistenza nel momento del bisogno, quando devono trovare la forza di ribellarsi e rivolgersi alle Forze dell\u2019Ordine.\u201d <\/em><\/p>\n<p><em>\u00a0\u201cLa Provincia dal gennaio 2018 si \u00e8 data una delega al welfare territoriale volendo in questo modo interessarsi non solo al territorio, dal punto di vista della mobilit\u00e0, della difesa del suolo, degli aspetti idrogeologici, ma anche alle persone che lo abitano. \u2013 <\/em>ha dichiarato<strong> la consigliera provinciale Francesca De Biasi<\/strong><em> &#8211; Siano esse famiglie, imprenditori, lavoratori, volontari, la Provincia, con la sua funzione di raccordo, ha il compito di cercare risposte coordinate a problemi complessi e la violenza di genere \u00e8 uno di questi,\u00a0 perch\u00e9 colpisce e coinvolge\u00a0 non sono solo le donne e le loro famiglie, ma tutto il tessuto sociale, economico, culturale e istituzionale del territorio. La presenza in provincia di un tavolo per il welfare territoriale, unico per il suo genere, ha permesso l&#8217;attivazione di risorse presenti, ma latenti. Lo spirito di tutti questi interventi \u00e8 promuovere una comunit\u00e0 che si prenda &#8220;cura&#8221; attraverso la stessa comunit\u00e0 delle parti pi\u00f9 fragili della nostra popolazione.\u201d <\/em><\/p>\n<p>&nbsp;<\/p>\n<p>&nbsp;<\/p>\n<h3>ANCHE GLI SCOUT I NELL&#8217;AGORDINO PER IL POST VAIA<\/h3>\n<p><strong><a class=\"dt-pswp-item\" href=\"http:\/\/www.radiopiu.net\/wordpress\/wp-content\/uploads\/2019\/06\/download.jpg\" data-dt-img-description=\"\" data-large_image_width=\"275\" data-large_image_height=\"183\"><img loading=\"lazy\" decoding=\"async\" class=\" wp-image-87358 alignleft\" src=\"http:\/\/www.radiopiu.net\/wordpress\/wp-content\/uploads\/2019\/06\/download.jpg\" alt=\"\" width=\"214\" height=\"142\" \/><\/a>AGORDO<\/strong> L&#8217;Agesci della Provincia con il responsabile Mario De Menech e la collaborazione di Angela Capellin e con\u00a0 i\u00a0 dirigenti Regionali ha lavorato negli ultimi mesi per organizzare delle attivit\u00e0 estive di servizio per ragazzi e ragazze dai 16 ai 21 anni, un progetto dal titolo &#8220;Sentieri per Domani&#8221;. Scopo dell&#8217;iniziativa dare ai ragazzi l&#8217;occasione di rendersi utili con dei lavori di pulizia ambientale nelle zone colpite dalla tempesta Vaia, con il supporto del CAI regionale e dell&#8217;Unione Montana Agordina. Le iscrizioni si sono chiuse pochi giorni con le adesioni di 650 persone, ragazzi e adulti accompagnatori (capi scout), che per cinque settimane si daranno il turno per piccoli interventi di sistemazione dei sentieri e pulizia nella provincia di Belluno e nelle zone dell&#8217;altopiano di Asiago.<\/p>\n<p>&nbsp;<\/p>\n<p>&nbsp;<\/p>\n<p>&nbsp;<\/p>\n<p><strong>IL RITORNO DI IRMA VISALLI\u00a0 NUOVO ASSESSORE ALLA PIANIFICAZIONE DEL TERRITORIO, E&#8217; LA SCELTA DI PERENZIN.<\/strong><\/p>\n<p>Conclusione del mandato\u00a0 per Anna Maria Rossi che, dopo le elezioni del maggio 2017, aveva dato una disponibilit\u00e0 \u201ca tempo<\/p>\n<p><a class=\"dt-pswp-item\" href=\"http:\/\/www.radiopiu.net\/wordpress\/wp-content\/uploads\/2019\/06\/Insediamento-Visalli.jpg\" data-dt-img-description=\"\" data-large_image_width=\"1024\" data-large_image_height=\"576\"><img loading=\"lazy\" decoding=\"async\" class=\" wp-image-87368 alignleft\" src=\"http:\/\/www.radiopiu.net\/wordpress\/wp-content\/uploads\/2019\/06\/Insediamento-Visalli-300x169.jpg\" alt=\"\" width=\"241\" height=\"136\" srcset=\"https:\/\/www.radiopiu.net\/wordpress\/wp-content\/uploads\/2019\/06\/Insediamento-Visalli-300x169.jpg 300w, https:\/\/www.radiopiu.net\/wordpress\/wp-content\/uploads\/2019\/06\/Insediamento-Visalli-768x432.jpg 768w, https:\/\/www.radiopiu.net\/wordpress\/wp-content\/uploads\/2019\/06\/Insediamento-Visalli.jpg 1024w\" sizes=\"auto, (max-width: 241px) 100vw, 241px\" \/><\/a>\u201c<em>Irma Visalli \u00e8 la persona giusta, la scelta migliore che potessimo fare, sia in termini di competenza professionale che di passione civica, per affrontare la seconda parte di questo mandato sui temi delicati della programmazione territoriale e dell\u2019urbanistica\u201d. <\/em>Con queste parole il sindaco di Feltre ha annunciato l\u2019ingresso nella giunta del Comune di Feltre di Irma Visalli. Visalli, architetto, esperta in urbanistica e governance del paesaggio, ricopre vari incarichi professionali e accademici in ambito paesaggistico; vanta inoltre un\u2019esperienza nella gestione della cosa pubblica che l\u2019ha portata \u2013 tra l\u2019altro \u2013, come assessore della giunta provinciale Reolon, alla stesura del P.C.T.P. e alla formulazione della candidatura delle Dolomiti a Patrimonio Unesco.<\/p>\n<p><strong>IL SINDACO PAOLO PERENZIN<\/strong><\/p>\n<audio class=\"wp-audio-shortcode\" id=\"audio-87336-6\" preload=\"none\" style=\"width: 100%;\" controls=\"controls\"><source type=\"audio\/mpeg\" src=\"http:\/\/www.radiopiu.net\/wordpress\/wp-content\/uploads\/2019\/06\/PERENZIN-FELTRE.mp3?_=6\" \/><a href=\"http:\/\/www.radiopiu.net\/wordpress\/wp-content\/uploads\/2019\/06\/PERENZIN-FELTRE.mp3\">http:\/\/www.radiopiu.net\/wordpress\/wp-content\/uploads\/2019\/06\/PERENZIN-FELTRE.mp3<\/a><\/audio>\n<p><strong>ANNA MARIA ROSSI<\/strong><\/p>\n<audio class=\"wp-audio-shortcode\" id=\"audio-87336-7\" preload=\"none\" style=\"width: 100%;\" controls=\"controls\"><source type=\"audio\/mpeg\" src=\"http:\/\/www.radiopiu.net\/wordpress\/wp-content\/uploads\/2019\/06\/ROSSI-FELTRE.mp3?_=7\" \/><a href=\"http:\/\/www.radiopiu.net\/wordpress\/wp-content\/uploads\/2019\/06\/ROSSI-FELTRE.mp3\">http:\/\/www.radiopiu.net\/wordpress\/wp-content\/uploads\/2019\/06\/ROSSI-FELTRE.mp3<\/a><\/audio>\n<p><strong>IRMA VISALLI<\/strong><\/p>\n<audio class=\"wp-audio-shortcode\" id=\"audio-87336-8\" preload=\"none\" style=\"width: 100%;\" controls=\"controls\"><source type=\"audio\/mpeg\" src=\"http:\/\/www.radiopiu.net\/wordpress\/wp-content\/uploads\/2019\/06\/VISALLI.mp3?_=8\" \/><a href=\"http:\/\/www.radiopiu.net\/wordpress\/wp-content\/uploads\/2019\/06\/VISALLI.mp3\">http:\/\/www.radiopiu.net\/wordpress\/wp-content\/uploads\/2019\/06\/VISALLI.mp3<\/a><\/audio>\n<p>&nbsp;<\/p>\n<p>&nbsp;<\/p>\n<h2 class=\"articlePlainTitle\">IL NUOVO GESTORE DEL PARCO GIOCHI DI CAVIOLA<\/h2>\n<div class=\"articlePlainText\"><strong>FALCADE<\/strong> \u00c8 stata assegnata all&#8217;asta la gestione del parco giochi di Caviola con l&#8217;annesso bar.\u00a0 Alla gara pubblica ha partecipato un solo imprenditore interessato, Mattia De Nardin, che si \u00e8 aggiudicato la gestione con un canone annuo di 2.500 euro. Il canone sar\u00e0 ridotto durante il periodo dei lavori di sistemazione che il Comune intende portare avanti.<\/div>\n<p>&nbsp;<\/p>\n<p>&nbsp;<\/p>\n<h2>INTERFERENZE 1: CLIMA, ALLEVAMENTI INTENSIVI, SALUTE.<\/h2>\n<blockquote><p><em>Domani, al Centro Giovanni XXIII (BL) lo Spi Cgil di Belluno organizza un primo incontro sul tema del Climate Change<\/em><\/p><\/blockquote>\n<p><strong>BELLUNO<\/strong> \u201cClima, allevamenti intensivi, salute\u201d: \u00e8 il titolo dell\u2019iniziativa voluta e organizzata dallo Spi Cgil del Veneto su un tema di grande attualit\u00e0 come quello del cambiamento climatico, o climate change. Si tratta proprio di un ciclo di conferenze che prender\u00e0 l\u2019avvio domani\u00a0 alle 16.30 nella sala Muccin del centro Giovanni XXIII a Belluno (piazza Piloni).<em> \u201cSentiamo fortemente la nostra responsabilit\u00e0 nei confronti dell\u2019ambiente in cui viviamo e l\u2019impronta che quotidianamente lasciamo con i nostri usuali gesti \u2013 ha sottolineato Maria Rita Gentilin, segretaria generale dello Spi Cgil di Belluno \u2013 tutti, nessuno escluso, dobbiamo essere uniti nel rispetto del clima, dell\u2019aria, dell\u2019acqua del sole. Tutto ci\u00f2 che ci circonda rappresenta una risorsa vitale per la nostra sopravvivenza e il nostro benessere. Ne va del nostro futuro, di quello dei nostri figli e dei nostri nipoti\u201d<\/em>.\u00a0 Domani interventi di alcuni medici ed esperti in materia:\u00a0 Marcello Malacarne, medico dell\u2019area veterinaria del dipartimento prevenzione Ulss 1 Dolomiti, Giorgio Mondin, tecnico di prevenzione Ulss 1 Dolomiti, Guido Mattera, presidente di Federconsumatori Belluno. L\u2019incontro sar\u00e0 coordinato dalla segretaria generale dello Spi Cgi di Belluno Maria Rita Gentilin e sar\u00e0 concluso da Renato Bressan della segreteria dello Spi Cgil del Veneto. Gli incontri sono liberi e aperti alla cittadinanza. I prossimi incontri si terranno a settembre.<\/p>\n<p>&nbsp;<\/p>\n<p>&nbsp;<\/p>\n<h2>Razze canine pericolose o mal gestione umana? &#8211; Video presentazione della Dott.ssa Marangoni &#8211; Agordo 8 giugno sala Don Tamis<\/h2>\n<p><strong>AGORDO<\/strong> Si terr\u00e0 sabato 8 giugno in sala Don Tamis ad Agordo alle 16 l\u2019incontro \u201cMettiamo ordine per Kaos\u201d in memoria del cane ucciso ad Agordo ad Aprile. L\u2019incontro aperto alla popolazione \u00e8 stato organizzato da Agordino dove rinascono le Dolomiti e Siamo tutti animali Belluno, strutturato per dare delle risposte e fare chiarezza sul tema dei cani \u201cpericolosi\u201d sulla scelta, educazione e gestione degli animali che convivono con noi e di cui dobbiamo occuparci e resposabilizzarci.<br \/>\nSi parler\u00e0 anche dello strumento delle ordinanze che possono emettere i sindaci che a tal proposito sono stati invitati all\u2019incontro. I relatori sono l\u2019Avvocato Alessandra Marchi esperta in tutela legale nell\u2019ambito degli animali da affezione che ci parler\u00e0 di: <em>\u201cEsame della normativa finalizzata alla corretta convivenza tra uomo e animali.\u201d<\/em>, Rudy Buosi istruttore riabilitatore ENPA Treviso che ci illustrer\u00e0 dei casi di &#8220;<em>cani morsicatori e loro recupero&#8221;<\/em>, Cristiano Fant ci parler\u00e0 di: <em>\u201cCani e normative. Competenze dei sindaci e della polizia giudiziaria\u201d<\/em> la Dottoressa Silvia Marangoni veterinario comportamentalista che far\u00e0 un intervento dal titolo: <em>\u201cRazze canine pericolose o mal gestione umana? Leggende metropolitane ed evidenze scientifiche a confronto\u201d.<\/em><br \/>\n<strong>Nel video la Dottoressa Marangoni<\/strong><\/p>\n<div style=\"width: 848px;\" class=\"wp-video\"><video class=\"wp-video-shortcode\" id=\"video-87336-1\" width=\"848\" height=\"480\" preload=\"metadata\" controls=\"controls\"><source type=\"video\/mp4\" src=\"http:\/\/www.radiopiu.net\/wordpress\/wp-content\/uploads\/2019\/06\/VID-20190601-WA0022.mp4?_=1\" \/><a href=\"http:\/\/www.radiopiu.net\/wordpress\/wp-content\/uploads\/2019\/06\/VID-20190601-WA0022.mp4\">http:\/\/www.radiopiu.net\/wordpress\/wp-content\/uploads\/2019\/06\/VID-20190601-WA0022.mp4<\/a><\/video><\/div>\n<p>&nbsp;<\/p>\n<p>&nbsp;<\/p>\n<p>&nbsp;<\/p>\n<p>&nbsp;<\/p>\n<h2>VENERDI QUARTA EDIZIONE DE \u201cLA LUNGA NOTTE DELLE CHIESE\u201d<\/h2>\n<p><strong><a class=\"dt-pswp-item\" href=\"http:\/\/www.radiopiu.net\/wordpress\/wp-content\/uploads\/2019\/06\/0890-2019-Assessore-regionale-alla-cultura-e-a-dx-Stefano-Casagrande-1-1.jpg\" data-dt-img-description=\"\" data-large_image_width=\"1760\" data-large_image_height=\"1372\"><img loading=\"lazy\" decoding=\"async\" class=\" wp-image-87347 alignleft\" src=\"http:\/\/www.radiopiu.net\/wordpress\/wp-content\/uploads\/2019\/06\/0890-2019-Assessore-regionale-alla-cultura-e-a-dx-Stefano-Casagrande-1-1-300x234.jpg\" alt=\"\" width=\"232\" height=\"181\" srcset=\"https:\/\/www.radiopiu.net\/wordpress\/wp-content\/uploads\/2019\/06\/0890-2019-Assessore-regionale-alla-cultura-e-a-dx-Stefano-Casagrande-1-1-300x234.jpg 300w, https:\/\/www.radiopiu.net\/wordpress\/wp-content\/uploads\/2019\/06\/0890-2019-Assessore-regionale-alla-cultura-e-a-dx-Stefano-Casagrande-1-1-768x599.jpg 768w, https:\/\/www.radiopiu.net\/wordpress\/wp-content\/uploads\/2019\/06\/0890-2019-Assessore-regionale-alla-cultura-e-a-dx-Stefano-Casagrande-1-1-1024x798.jpg 1024w, https:\/\/www.radiopiu.net\/wordpress\/wp-content\/uploads\/2019\/06\/0890-2019-Assessore-regionale-alla-cultura-e-a-dx-Stefano-Casagrande-1-1.jpg 1760w\" sizes=\"auto, (max-width: 232px) 100vw, 232px\" \/><\/a>VENEZIA\u00a0<\/strong>Si terr\u00e0 venerd\u00ec, la quarta edizione de \u201cLa Lunga Notte delle Chiese\u201d, una \u2018notte bianca\u2019 che si svolge all\u2019interno dei luoghi di culto e che tra riflessione e spiritualit\u00e0 propone momenti di cultura, arte, musica e teatro. L\u2019iniziativa\u00a0 avr\u00e0 per la prima volta un tema ufficiale: la luce.<\/p>\n<blockquote><p><em>\u201c\u00c8 un\u2019indicazione che offriamo per arricchire il progetto di nuove proposte \u2013 ha spiegato l&#8217;organizzatore Stefano\u00a0 Casagrande \u2013, su un aspetto che potr\u00e0 essere sviluppato nelle sue molteplici sfumature e declinazioni: luce come speranza e presenza di Dio, ma anche luce nell\u2019architettura dei luoghi di culto e non ultimo un progetto di cooperazione con l\u2019Africa, che prevede la raccolta di fondi per portare pannelli fotovoltaici in uno o pi\u00f9 luoghi di culto privi di luce. Lasciamo ampia libert\u00e0 interpretativa e autonomia nell\u2019ideazione degli eventi. La speranza \u00e8 quella di rendere questo evento ancora pi\u00f9 significativo e profondo\u201d.<\/em><\/p><\/blockquote>\n<p>Nata nel 2016 nella Diocesi di Belluno-Feltre per volont\u00e0 dell\u2019associazione di promozione sociale \u201cBellunoLaNotte\u201d, su ispirazione dell\u2019omonimo format austriaco \u201cLange Nacht der Kirchen\u201d, l\u2019iniziativa ha registrato una costante crescita di partecipazione e all\u2019edizione di quest\u2019anno hanno aderito oltre 80 diocesi italiane, a cui si aggiungono parrocchie di Brasile, Argentina e Romania. Pi\u00f9 di 150 tra cattedrali, chiese piccole e grandi, cappelle, santuari, monasteri, musei diocesani, apriranno le proprie porte a tante proposte diverse. (foto l&#8217;assessore alla cultura della Regione Veneto, Stefano Casagrande). L\u2019ingresso \u00e8 gratuito. Maggiori informazioni sono disponibili nella pagina Facebook ufficiale \u201cLunga Notte delle Chiese\u201d e nel sito internet, costantemente aggiornato con i programmi che si terranno nei diversi luoghi di culto www.lunganottedellechiese.com.<\/p>\n<p>&nbsp;<\/p>\n<p>&nbsp;<\/p>\n<p>&nbsp;<\/p>\n<p>&nbsp;<\/p>\n<h2>FESTIVAL NAZIONALE DELLO SVILUPPO SOSTENIBILE<\/h2>\n<blockquote><p><em>Domani l&#8217;evento conclusivo<\/em><\/p><\/blockquote>\n<p><strong>BELLUNO<\/strong>\u00a0 Si terr\u00e0\u00a0 domani\u00a0 alle 17.30, in Sala Bianchi, l&#8217;evento di chiusura dell&#8217;edizione 2019 del \u201cFestival nazionale dello sviluppo sostenibile\u201d promosso dal 21 maggio al 6 giugno da ASVIS (Alleanza Italiana per lo Sviluppo Sostenibile), che riunisce oltre 200 tra istituzioni e reti della societ\u00e0 civile.<br \/>\nIl Comune di Belluno, con l&#8217;Universit\u00e0 di Padova \u2013 Dipartimento TESAF, il Comune di San Vito di Cadore, la Provincia di Belluno, Fondazione Angelini e Dolomiti Contemporanee, ha organizzato il \u201c1\u00b0 Forum di cultura dei cambiamenti climatici\u201d. Un esperto di clima, un architetto, un filosofo e un economista illustreranno da diverse prospettive gli effetti dei cambiamenti climatici sull&#8217;uomo e sulle sue attivit\u00e0. Interverranno Francesco Rech, di ARPAV; Simone Sfriso, dell Studio TAM associati; Telmo Pievani, dell&#8217;Universit\u00e0 degli Studi di Padova; Enrica De Cian e Marinella Davide, dell&#8217;Universit\u00e0 Ca\u2019 Foscari di Venezia. L&#8217;evento \u00e8 patrocinato dal Comune ed \u00e8 a ingresso libero. L&#8217;indomani, venerd\u00ec 7 giugno alle 21.00 al Teatro Comunale di Belluno sar\u00e0 Roberto Mercadini con lo spettacolo \u201cNoi siamo il suolo, noi siamo la terra\u201d, un monologo per riflettere sul legame strettissimo fra ecologia ed economia e l&#8217; interazione fra ecosistemi apparentemente lontani, ad aprire il programma \u201cDintorni del Festival\u201d, con eventi sul territorio nazionale dal 7 al 13 giugno. Lo spettacolo \u00e8 presentato dal GIT di Belluno di Banca Etica in collaborazione con il Comune di Belluno e Amici delle Scuole in rete.<\/p>\n<p>&nbsp;<\/p>\n<p>&nbsp;<\/p>\n<p>&nbsp;<\/p>\n<p>&nbsp;<\/p>\n<h2>ESTATE AL SOLE AI GIOVEDI DELLA SALUTE LE ISTRUZIONI PER L&#8217;USO<\/h2>\n<p><strong>BELLUNO\u00a0<\/strong>E\u2019 finalmente scoppiato il caldo e con la stagione estiva aumenta il tempo che si trascorre all&#8217; aria aperta e di conseguenza l&#8217; esposizione ai raggi solari. E&#8217; per\u00f2 necessario raggiungere un equilibrio tra gli effetti benefici e i danni prodotti dall\u2019 esposizione solare. La condizione di esposizione ideale non \u00e8 l&#8217;assenza, ma una dose adeguata che varia in rapporto alla et\u00e0 all&#8217; ambiente, alle caratteristiche della pelle. Domani alle\u00a0 18, nella sala riunioni del San Martino, il Gioved\u00ec della Salute \u00e8 dedicato al tema: \u201cEstate al sole: istruzioni per l\u2019uso\u201d. La dott.ssa Pieranna Dal Mas, Responsabile della Dermatologia Ospedale di Belluno tratter\u00e0 l\u2019argomento e in particolare le misure di protezione dal sole da rispettare in rapporto a fototipo e ambiente.<\/p>\n<p>&nbsp;<\/p>\n<p>&nbsp;<\/p>\n<p>&nbsp;<\/p>\n<p>&nbsp;<\/p>\n<h3>INAUGURATA LA MOSTRA &#8220;EMIGRAZIONE DALLA MONTANA DOLOMITICA NEL CORSO DEL NOVECENTO&#8221;<\/h3>\n<p><strong><a class=\"dt-pswp-item\" href=\"http:\/\/www.radiopiu.net\/wordpress\/wp-content\/uploads\/2019\/06\/1-IMGP1835-2.jpg\" data-dt-img-description=\"\" data-large_image_width=\"1400\" data-large_image_height=\"944\"><img loading=\"lazy\" decoding=\"async\" class=\" wp-image-87339 alignleft\" src=\"http:\/\/www.radiopiu.net\/wordpress\/wp-content\/uploads\/2019\/06\/1-IMGP1835-2-300x202.jpg\" alt=\"\" width=\"279\" height=\"188\" srcset=\"https:\/\/www.radiopiu.net\/wordpress\/wp-content\/uploads\/2019\/06\/1-IMGP1835-2-300x202.jpg 300w, https:\/\/www.radiopiu.net\/wordpress\/wp-content\/uploads\/2019\/06\/1-IMGP1835-2-768x518.jpg 768w, https:\/\/www.radiopiu.net\/wordpress\/wp-content\/uploads\/2019\/06\/1-IMGP1835-2-1024x690.jpg 1024w, https:\/\/www.radiopiu.net\/wordpress\/wp-content\/uploads\/2019\/06\/1-IMGP1835-2.jpg 1400w\" sizes=\"auto, (max-width: 279px) 100vw, 279px\" \/><\/a>COLLE SANTA LUCIA<\/strong> \u00e8 stata inaugurata a Colle Santa Lucia la mostra \u201cEmigrazione dalla montagna dolomitica nel corso del novecento\u201d, progetto finanziato e organizzato dall\u2019Istituto Culturale Ladini di Colle S. Lucia, con il patrocinio e la collaborazione dell\u2019Associazione Bellunesi nel Mondo, che ha sostenuto con entusiasmo l&#8217;iniziativa: sono rappresentate con fotografie d&#8217;epoca, documenti e lettere, le storie di vita di persone emigrate prima verso l&#8217;Australia, l&#8217;Argentina, le \u201cAmeriche&#8221;, e in seguito verso i paesi europei (Francia, Svizzera e Germania erano gli Stati di destinazione scelti da questi paesi soprattutto nel secondo dopoguerra fino agli anni 70 del novecento). La mostra \u00e8 aperta fino al 15 settembre con i seguenti orari: giugno, luglio e settembre &#8211; gioved\u00ec, venerd\u00ec e sabato dalle ore 16.00 alle 19:00; agosto &#8211; tutti i giorni dalle 16.00 alle 19.00. Per informazioni o prenotazioni di gruppi anche al di fuori di quest&#8217;orario, si prega di contattare l&#8217;Istituto Culturale Ladino \u201cCesa de Jan\u201d a Colle S. Lucia: 0437\/720609; info@istitutoladino.org &#8211; www.istitutoladino.org<\/p>\n<p>&nbsp;<\/p>\n<p>&nbsp;<\/p>\n<h2 class=\"comunicato:-titolo-western\" align=\"LEFT\">CONCOMMERCIO BELLUNO E L&#8217;INNOVAZIONE DIGITALE, CICLO DI INCONTRI SU WEB, SOCIAL, E-COMMERCE<\/h2>\n<p class=\"comunicato:-testo-western\"><span style=\"color: #000000;\"><strong>BELLUNO<\/strong> Confcommercio Belluno sar\u00e0 protagonista nelle prossime settimane di un ciclo di incontri in tutta la provincia dedicati al tema dell&#8217;innovazione digitale e delle opportunit\u00e0 che essa offre alle imprese del commercio, del turismo e dei servizi che desiderano affrontare le sfide della trasformazione. <\/span><span style=\"color: #000000;\">Gli incontri\u00a0 potrebbero interessare negozianti, pubblici esercizi, albergatori ed avranno un approccio pratico con l&#8217;obiettivo di indicare le soluzioni da adottare sin da subito per intraprendere un percorso consapevole di digitalizzazione della propria attivit\u00e0\u00bb. <\/span><b style=\"color: #000000;\">I quattro incontri si terranno alle 2030, a\u00a0 Belluno luned\u00ec 10 giugno, Feltre mercoled\u00ec 12 e ad Agordo in Biblioteca alle 15 mercoled\u00ec 19 giugno.<\/b><\/p>\n<p>&nbsp;<\/p>\n<p>&nbsp;<\/p>\n<h2><a class=\"dt-pswp-item\" href=\"http:\/\/www.radiopiu.net\/wordpress\/wp-content\/uploads\/2019\/06\/Casa-del-Volontariato-CSV-2017-1.jpg\" data-dt-img-description=\"\" data-large_image_width=\"4608\" data-large_image_height=\"2592\"><img loading=\"lazy\" decoding=\"async\" class=\" wp-image-87361 alignleft\" src=\"http:\/\/www.radiopiu.net\/wordpress\/wp-content\/uploads\/2019\/06\/Casa-del-Volontariato-CSV-2017-1-300x169.jpg\" alt=\"\" width=\"226\" height=\"128\" srcset=\"https:\/\/www.radiopiu.net\/wordpress\/wp-content\/uploads\/2019\/06\/Casa-del-Volontariato-CSV-2017-1-300x169.jpg 300w, https:\/\/www.radiopiu.net\/wordpress\/wp-content\/uploads\/2019\/06\/Casa-del-Volontariato-CSV-2017-1-768x432.jpg 768w, https:\/\/www.radiopiu.net\/wordpress\/wp-content\/uploads\/2019\/06\/Casa-del-Volontariato-CSV-2017-1-1024x576.jpg 1024w\" sizes=\"auto, (max-width: 226px) 100vw, 226px\" \/><\/a>AL VIA LA CAMPAGNA PROMOZIONALE CSV BELLUNO<\/h2>\n<p><strong>BELLUNO\u00a0<\/strong> \u00a0Csv Belluno, attraverso il suo Laboratorio Inquadrati, sta preparando una campagna di promozione avente come obiettivi la promozione del Centro di servizio e la valorizzazione del volontariato bellunese.\u00a0\u00a0Saranno realizzati 8 locandine\/cartoline (una per territorio, ognuna caratterizzata da uno slogan personale ispirato alla realt\u00e0 locale), una campagna promozionale (durata 10 minuti circa) e uno spot (durata 60 secondi circa). La scadenza per l&#8217;invio delle candidature \u00e8 fissata per il 21 giugno. I responsabili del Laboratorio Inquadrati si riserveranno di selezionare le associazioni, tra i candidati, a loro insindacabile giudizio ai fini della realizzazione della campagna. L&#8217;intero regolamento \u00e8 visibile sul sito www.csvbelluno.it.<\/p>\n<p>&nbsp;<\/p>\n<p>&nbsp;<\/p>\n<p>&nbsp;<\/p>\n<h2><a class=\"dt-pswp-item\" href=\"http:\/\/www.radiopiu.net\/wordpress\/wp-content\/uploads\/2018\/07\/Progetto-teatro-carcere-Belluno-Rebibbia-associazione-Jabar-1.jpg\" data-dt-img-description=\"\" data-large_image_width=\"1000\" data-large_image_height=\"750\"><img loading=\"lazy\" decoding=\"async\" class=\" wp-image-54204 alignleft\" src=\"http:\/\/www.radiopiu.net\/wordpress\/wp-content\/uploads\/2018\/07\/Progetto-teatro-carcere-Belluno-Rebibbia-associazione-Jabar-1-300x225.jpg\" alt=\"\" width=\"227\" height=\"171\" srcset=\"https:\/\/www.radiopiu.net\/wordpress\/wp-content\/uploads\/2018\/07\/Progetto-teatro-carcere-Belluno-Rebibbia-associazione-Jabar-1-300x225.jpg 300w, https:\/\/www.radiopiu.net\/wordpress\/wp-content\/uploads\/2018\/07\/Progetto-teatro-carcere-Belluno-Rebibbia-associazione-Jabar-1-768x576.jpg 768w, https:\/\/www.radiopiu.net\/wordpress\/wp-content\/uploads\/2018\/07\/Progetto-teatro-carcere-Belluno-Rebibbia-associazione-Jabar-1.jpg 1000w\" sizes=\"auto, (max-width: 227px) 100vw, 227px\" \/><\/a>PRANZO CON JABAR E RACCOLTA LIBRI PER I RECLUSI<\/h2>\n<p><strong>BELLUNO<\/strong> Domenica 9 giugno alle 12.30 la Casa dei Beni Comuni (via Tiziano Vecellio 82\/i a Belluno)\u00a0 pranzo sociale dell\u2019associazione Jabar, nell\u2019ambito dei festeggiamenti per i 5 anni dell\u2019associazione. L\u2019iniziativa \u201cGaleotto fu il pranzo\u201d segner\u00e0 un momento di confronto a tavola sui temi del carcere, di cui l\u2019associazione si occupa dal 2014 con attivit\u00e0 dentro e fuori l\u2019istituto penitenziario di Belluno. Tra un piatto e l\u2019altro amici e volontari dell\u2019associazione si alterneranno in riflessioni, letture, condivisioni di esperienze, anche condotte all\u2019interno del carcere di Baldenich. Con l\u2019occasione, l\u2019associazione raccoglier\u00e0 libri in buono stato (anche in lingua francese, inglese o portoghese) da donare alle persone detenute a Belluno.<\/p>\n<p>&nbsp;<\/p>\n<p>&nbsp;<\/p>\n<p>&nbsp;<\/p>\n<p>&nbsp;<\/p>\n<p>&nbsp;<\/p>\n<h2><a class=\"dt-pswp-item\" href=\"http:\/\/www.radiopiu.net\/wordpress\/wp-content\/uploads\/2018\/09\/appuntamenti.jpeg\" data-dt-img-description=\"\" data-large_image_width=\"800\" data-large_image_height=\"100\"><img loading=\"lazy\" decoding=\"async\" class=\"alignnone wp-image-61958 size-full\" src=\"http:\/\/www.radiopiu.net\/wordpress\/wp-content\/uploads\/2018\/09\/appuntamenti.jpeg\" alt=\"\" width=\"800\" height=\"100\" srcset=\"https:\/\/www.radiopiu.net\/wordpress\/wp-content\/uploads\/2018\/09\/appuntamenti.jpeg 800w, https:\/\/www.radiopiu.net\/wordpress\/wp-content\/uploads\/2018\/09\/appuntamenti-300x38.jpeg 300w, https:\/\/www.radiopiu.net\/wordpress\/wp-content\/uploads\/2018\/09\/appuntamenti-768x96.jpeg 768w\" sizes=\"auto, (max-width: 800px) 100vw, 800px\" \/><\/a><\/h2>\n<h2>OGGI\u00a0 AI MERCOLEDI DELLE SALUTE LE ZECCHE<\/h2>\n<p align=\"CENTER\"><span style=\"font-family: Tahoma, sans-serif;\"><span style=\"font-size: large;\">Zecche: conoscerle prima dell\u2019estate<\/span><\/span><\/p>\n<p align=\"CENTER\"><span style=\"font-family: Tahoma, sans-serif;\"><span style=\"font-size: large;\">Appuntamento al Mercoled\u00ec della salute all\u2019ospedale di Feltre <\/span><\/span><\/p>\n<p align=\"CENTER\"><span style=\"font-family: Tahoma, sans-serif;\"><span style=\"font-size: large;\">alle 18.00<\/span><\/span><\/p>\n<p><span style=\"font-family: Tahoma, sans-serif;\"><span style=\"font-size: small;\"><strong>FELTRE.<\/strong> Per il ciclo \u201cMercoled\u00ec della salute\u201d,\u00a0 <\/span><\/span><span style=\"font-family: Tahoma, sans-serif;\"><span style=\"font-size: small;\"><b>alle 18.00<\/b><\/span><\/span><span style=\"font-family: Tahoma, sans-serif;\"><span style=\"font-size: small;\"> nella sala convegni dell\u2019ospedale di Feltre, si parler\u00e0 di <\/span><\/span><span style=\"font-family: Tahoma, sans-serif;\"><span style=\"font-size: small;\"><b>zecche<\/b><\/span><\/span><span style=\"font-family: Tahoma, sans-serif;\"><span style=\"font-size: small;\">, delle malattie da loro trasmesse e dei metodi di prevenzione tra cui la vaccinazione, ora gratuita per i residenti in Ulss Dolomiti. Ne parleranno Ermenegildo Francavilla. Direttore della UOC Malattie Infettive e il Antonio Lalli medico del Servizio Igiene e Sanit\u00e0 Pubblica del Dipartimento di Prevenzione.<\/span><\/span><\/p>\n<p>&nbsp;<\/p>\n<p>&nbsp;<\/p>\n<h2>DOMANI PANEBIANCO CON IL &#8220;LIBRO PERSONE E MONDI&#8221;<\/h2>\n<p><strong>BELLUNO<\/strong>\u00a0 Confindustria Belluno Dolomiti propone nell\u2019ambito della rassegna \u201cIncontri con l\u2019autore\u201d un pomeriggio con Angelo Panebianco, politologo di fama internazionale ed editorialista del Corriere della Sera: domani\u00a0 alle\u00a0 18 al\u00a0 Centro per la Storia e la Cultura di Impresa -Via Mezzaterra 78 a Belluno. Panebianco autore del volumte Nel suo denso e originale volume, \u201cPersone e mondi\u201d\u00a0 che spiega il rapporto che c\u2019\u00e8 fra persone e mondi dialogher\u00e0 con l\u2019autore Filiberto Zovico \u2013 Fondatore di Italy Post.<\/p>\n<p>&nbsp;<\/p>\n<p>&nbsp;<\/p>\n<h3>L\u2019AFRICA TRA PASSATO, PRESENTE, FUTURO E NEL CONTESTO INTERNAZIONALE<\/h3>\n<p><strong>PONTE NELLE ALPI\u00a0 <\/strong>Oggi alle \u00a018,30; presso la sala Savio di Ponte nelle Alpi (a fianco della chiesa di Cadola) RELATORI: Ruggero Crovato, geopolitico, docente di relazioni internazionali John Baptist Onama, ugandese, docente di Europrogettazione presso la facolt\u00e0 di Scienze Politiche dell\u2019Universit\u00e0 di Padova<\/p>\n<p>&nbsp;<\/p>\n<p>&nbsp;<\/p>\n<h3>SABATO POMERIGGIO CON IL GRUPPO ARCHEOLOGICO AGORDINO<\/h3>\n<p><strong>AGORDO<\/strong> Sabato 8 giugno alle 17.30 in sala Papa Luciani (presso la Chiesa Parrocchiale) il Gruppo Archeologico Agordino organizza una conferenza con Massimo Vidale, Docente di Near Eastern Archaeology, Universit\u00e0 di Padova. Tratter\u00e0 il tema: &#8220;Nuove scoperte archeologiche dell&#8217;et\u00e0 del Bronzo nell&#8217;Iran sud-orientale&#8221; <em>L&#8217;Iran Sud-Orientale, il Baluchistan (tra Iran e Pakistan) e l&#8217;Afghanistan sono alcune delle regioni dove sono nate le prime grandi civilt\u00e0 urbane dell&#8217;antica et\u00e0 del Bronzo (circa 3100-1800 a.C.).<\/em> <em>Sono regioni in gran parte inesplorate, ricchissime di testimonianze archeologiche, a volte di veri e propri tesori, che tuttavia, a causa della povert\u00e0 e delle continue guerre che vi si combattono, sono in<\/em> <em>corso di distruzione per via di innumerevoli scavi clandestini. Le civilt\u00e0 &#8220;classiche&#8221; del Vicino Oriente antico, infatti, solo soltanto una parte di un sistema mondiale molto pi\u00f9 vasto. <\/em><em>La presentazione parler\u00e0 della scoperta dell&#8217;antica civilt\u00e0 di Marhashi (presso Jiroft, Kerman, Iran) attraverso alcuni dei manufatti pi\u00f9 significativi recentemente scoperti.<\/em><\/p>\n<p>&nbsp;<\/p>\n<p>&nbsp;<\/p>\n<blockquote class=\"wp-embedded-content\" data-secret=\"EqwqqCEQv1\"><p><a href=\"http:\/\/www.radiopiu.net\/wordpress\/oltre-cinquecento-anni-della-chiesa-zoldana-di-san-floriano-a-pieve-di-renato-bona\/\">OLTRE CINQUECENTO ANNI DELLA CHIESA ZOLDANA DI SAN FLORIANO A PIEVE di RENATO BONA<\/a><\/p><\/blockquote>\n<p><iframe loading=\"lazy\" class=\"wp-embedded-content\" sandbox=\"allow-scripts\" security=\"restricted\" style=\"position: absolute; clip: rect(1px, 1px, 1px, 1px);\" src=\"http:\/\/www.radiopiu.net\/wordpress\/oltre-cinquecento-anni-della-chiesa-zoldana-di-san-floriano-a-pieve-di-renato-bona\/embed\/#?secret=EqwqqCEQv1\" data-secret=\"EqwqqCEQv1\" width=\"600\" height=\"338\" title=\"&#8220;OLTRE CINQUECENTO ANNI DELLA CHIESA ZOLDANA DI SAN FLORIANO A PIEVE di RENATO BONA&#8221; &#8212; Radio Pi\u00f9\" frameborder=\"0\" marginwidth=\"0\" marginheight=\"0\" scrolling=\"no\"><\/iframe><\/p>\n<p>&nbsp;<\/p>\n<p>&nbsp;<\/p>\n<p><a class=\"dt-pswp-item\" href=\"http:\/\/www.radiopiu.net\/wordpress\/wp-content\/uploads\/2018\/09\/viabilita.jpeg\" data-dt-img-description=\"\" data-large_image_width=\"800\" data-large_image_height=\"100\"><img loading=\"lazy\" decoding=\"async\" class=\"alignnone size-full wp-image-61954\" src=\"http:\/\/www.radiopiu.net\/wordpress\/wp-content\/uploads\/2018\/09\/viabilita.jpeg\" alt=\"\" width=\"800\" height=\"100\" srcset=\"https:\/\/www.radiopiu.net\/wordpress\/wp-content\/uploads\/2018\/09\/viabilita.jpeg 800w, https:\/\/www.radiopiu.net\/wordpress\/wp-content\/uploads\/2018\/09\/viabilita-300x38.jpeg 300w, https:\/\/www.radiopiu.net\/wordpress\/wp-content\/uploads\/2018\/09\/viabilita-768x96.jpeg 768w\" sizes=\"auto, (max-width: 800px) 100vw, 800px\" \/><\/a><\/p>\n<p>&nbsp;<\/p>\n<blockquote><p><strong>Fino al 7 giugno lungo la provinciale 251 Val di Zoldo e Cellina, senso unico alternato per lavori di ripristino della funzionalit\u00e0 delle opere fermaneve, in localit\u00e0 Galleria La Mole.<\/strong><\/p>\n<p><strong>PROVINCIALE 3 VALLE IMPERINA<\/strong> fino al\u00a0 28 GIUGNO IN LOCALITA&#8217; LE FESTE SENSO UNICO ALTERNATO PER COSTRUZIONE AREA ADIBITA A PARCHEGGIO<\/p><\/blockquote>\n<p><strong>REGIONALE 203 AGORDINA<\/strong> Fino al 28 giugno sabato e domenica escluso, senso unico alternato tra Alleghe e Caprile.<\/p>\n<p><strong>PROVINCIALE 563 DI SALESEI<\/strong> Fino al 28 giugno esclusi giorni festivi e prefestivi senso unico alternato tra Caprile e Saviner<\/p>\n<p><strong>PROVINCIALE 3 VALLE IMPERINA<\/strong> Fino a revoca senso unico a vista\u00a0 in localit\u00e0 Corde Mole per cedimento della careggiata. Dal 13 maggio e\u00a0 fino al 28 giugno tra Rivamonte e Forcella Franche senso unico alternato per la posa di tubazione per conto di Enel.<\/p>\n<p><strong>PROVINCIALE 8 DI SAN TOMASO<\/strong> Fino\u00a0 al 28 giugno (esclusi festivi e prefestivi) senso unico alternato tra Pian Molin e Roi<\/p>\n<p><strong>PROVINCIALE 563 DI SALESEI <\/strong>Fino al\u00a014 giugno\u00a0 In localit\u00e0 Sopracordevole in Comune di Rocca Pietore senso unico alternato con semaforo o movieri e divieto di transito ai mezzi con massa superiore a 7,5 tonellate.<\/p>\n<p>&nbsp;<\/p>\n<p>&nbsp;<\/p>\n<p>&nbsp;<\/p>\n<p>&nbsp;<\/p>\n<h2><img loading=\"lazy\" decoding=\"async\" class=\"wp-image-60761 aligncenter\" src=\"http:\/\/www.radiopiu.net\/wordpress\/wp-content\/uploads\/2018\/09\/sport.jpg\" alt=\"\" width=\"992\" height=\"124\" srcset=\"https:\/\/www.radiopiu.net\/wordpress\/wp-content\/uploads\/2018\/09\/sport.jpg 800w, https:\/\/www.radiopiu.net\/wordpress\/wp-content\/uploads\/2018\/09\/sport-300x38.jpg 300w, https:\/\/www.radiopiu.net\/wordpress\/wp-content\/uploads\/2018\/09\/sport-768x96.jpg 768w\" sizes=\"auto, (max-width: 992px) 100vw, 992px\" \/><\/h2>\n<p>&nbsp;<\/p>\n<h4>RALLY DELLE DOLOMITI AUTO E NOMI AL VIA NEL FINE SETTIMANA MOTORISTICO DELL&#8217;AGORDINO, TANTE SFIDE NELLA SFIDA. PER IL DOLOMITI RACING LA SODDISFAZIONE SONO I GIA&#8217; 82 ISCRITTI. PROMOZIONE DA RALLY NAZIONALE A COMPETIZIONE CON VALIDITA&#8217; CONFERMA LA CORSA DI AGORDO COME TRA LE PIU&#8217; RICCHE DI FASCINO E CONTENUTI TECNICI NEI RALLY ITALIANI.<\/h4>\n<p><strong>di ROBERTO BONA<\/strong><\/p>\n<audio class=\"wp-audio-shortcode\" id=\"audio-87336-9\" preload=\"none\" style=\"width: 100%;\" controls=\"controls\"><source type=\"audio\/mpeg\" src=\"http:\/\/www.radiopiu.net\/wordpress\/wp-content\/uploads\/2019\/06\/roberto-bona.mp3?_=9\" \/><a href=\"http:\/\/www.radiopiu.net\/wordpress\/wp-content\/uploads\/2019\/06\/roberto-bona.mp3\">http:\/\/www.radiopiu.net\/wordpress\/wp-content\/uploads\/2019\/06\/roberto-bona.mp3<\/a><\/audio>\n<p><a class=\"dt-pswp-item\" href=\"http:\/\/www.radiopiu.net\/wordpress\/wp-content\/uploads\/2019\/06\/210-.jpg\" data-dt-img-description=\"\" data-large_image_width=\"1200\" data-large_image_height=\"800\"><img loading=\"lazy\" decoding=\"async\" class=\"alignnone wp-image-87356\" src=\"http:\/\/www.radiopiu.net\/wordpress\/wp-content\/uploads\/2019\/06\/210--300x200.jpg\" alt=\"\" width=\"284\" height=\"189\" srcset=\"https:\/\/www.radiopiu.net\/wordpress\/wp-content\/uploads\/2019\/06\/210--300x200.jpg 300w, https:\/\/www.radiopiu.net\/wordpress\/wp-content\/uploads\/2019\/06\/210--768x512.jpg 768w, https:\/\/www.radiopiu.net\/wordpress\/wp-content\/uploads\/2019\/06\/210--1024x683.jpg 1024w, https:\/\/www.radiopiu.net\/wordpress\/wp-content\/uploads\/2019\/06\/210-.jpg 1200w\" sizes=\"auto, (max-width: 284px) 100vw, 284px\" \/><\/a><a class=\"dt-pswp-item\" href=\"http:\/\/www.radiopiu.net\/wordpress\/wp-content\/uploads\/2019\/06\/Panorama.jpg\" data-dt-img-description=\"\" data-large_image_width=\"1020\" data-large_image_height=\"652\"><img loading=\"lazy\" decoding=\"async\" class=\"alignnone size-medium wp-image-87355\" src=\"http:\/\/www.radiopiu.net\/wordpress\/wp-content\/uploads\/2019\/06\/Panorama-300x192.jpg\" alt=\"\" width=\"300\" height=\"192\" srcset=\"https:\/\/www.radiopiu.net\/wordpress\/wp-content\/uploads\/2019\/06\/Panorama-300x192.jpg 300w, https:\/\/www.radiopiu.net\/wordpress\/wp-content\/uploads\/2019\/06\/Panorama-768x491.jpg 768w, https:\/\/www.radiopiu.net\/wordpress\/wp-content\/uploads\/2019\/06\/Panorama.jpg 1020w\" sizes=\"auto, (max-width: 300px) 100vw, 300px\" \/><\/a><a class=\"dt-pswp-item\" href=\"http:\/\/www.radiopiu.net\/wordpress\/wp-content\/uploads\/2019\/06\/132-.jpg\" data-dt-img-description=\"\" data-large_image_width=\"1200\" data-large_image_height=\"800\"><img loading=\"lazy\" decoding=\"async\" class=\"alignnone size-medium wp-image-87354\" src=\"http:\/\/www.radiopiu.net\/wordpress\/wp-content\/uploads\/2019\/06\/132--300x200.jpg\" alt=\"\" width=\"300\" height=\"200\" srcset=\"https:\/\/www.radiopiu.net\/wordpress\/wp-content\/uploads\/2019\/06\/132--300x200.jpg 300w, https:\/\/www.radiopiu.net\/wordpress\/wp-content\/uploads\/2019\/06\/132--768x512.jpg 768w, https:\/\/www.radiopiu.net\/wordpress\/wp-content\/uploads\/2019\/06\/132--1024x683.jpg 1024w, https:\/\/www.radiopiu.net\/wordpress\/wp-content\/uploads\/2019\/06\/132-.jpg 1200w\" sizes=\"auto, (max-width: 300px) 100vw, 300px\" \/><\/a><a class=\"dt-pswp-item\" href=\"http:\/\/www.radiopiu.net\/wordpress\/wp-content\/uploads\/2019\/06\/ValadaJump.jpg\" data-dt-img-description=\"\" data-large_image_width=\"1012\" data-large_image_height=\"636\"><img loading=\"lazy\" decoding=\"async\" class=\"alignnone wp-image-87353\" src=\"http:\/\/www.radiopiu.net\/wordpress\/wp-content\/uploads\/2019\/06\/ValadaJump-300x189.jpg\" alt=\"\" width=\"319\" height=\"201\" srcset=\"https:\/\/www.radiopiu.net\/wordpress\/wp-content\/uploads\/2019\/06\/ValadaJump-300x189.jpg 300w, https:\/\/www.radiopiu.net\/wordpress\/wp-content\/uploads\/2019\/06\/ValadaJump-768x483.jpg 768w, https:\/\/www.radiopiu.net\/wordpress\/wp-content\/uploads\/2019\/06\/ValadaJump.jpg 1012w\" sizes=\"auto, (max-width: 319px) 100vw, 319px\" \/><\/a><\/p>\n<p>&nbsp;<\/p>\n<p>&nbsp;<\/p>\n<h1>4 DOLOMITI RALLY 8-9 GIUGNO, SPECIALE VIABILITA&#8217;<\/h1>\n<p><strong>AGORDO<\/strong> Fine settimana motoristico con il quarto rally Dolomiti, sono interessate alcune strade della Conca Agordina, San Tomaso e Valle del Biois<\/p>\n<blockquote><p><strong><span style=\"color: #0000ff;\"><em>La Piazza di Agordo, via 27 aprile, Corso Alpini sar\u00e0 chiusa al traffico domenica dalle 6.30 alle 22 con doppio senso di marcia in Viale Sommariva e Corso Patrioti, assicurati i passaggi pedonali.<\/em><\/span><\/strong><\/p><\/blockquote>\n<h3>CHIUSURE IN ENTRAMBI I SENSI DI MARCIA<\/h3>\n<p><span style=\"color: #ff0000;\"><a class=\"dt-pswp-item\" href=\"http:\/\/www.radiopiu.net\/wordpress\/wp-content\/uploads\/2019\/05\/136-.jpg\" data-dt-img-description=\"\" data-large_image_width=\"1200\" data-large_image_height=\"800\"><img loading=\"lazy\" decoding=\"async\" class=\" wp-image-86809 alignleft\" src=\"http:\/\/www.radiopiu.net\/wordpress\/wp-content\/uploads\/2019\/05\/136--300x200.jpg\" alt=\"\" width=\"176\" height=\"117\" srcset=\"https:\/\/www.radiopiu.net\/wordpress\/wp-content\/uploads\/2019\/05\/136--300x200.jpg 300w, https:\/\/www.radiopiu.net\/wordpress\/wp-content\/uploads\/2019\/05\/136--768x512.jpg 768w, https:\/\/www.radiopiu.net\/wordpress\/wp-content\/uploads\/2019\/05\/136--1024x683.jpg 1024w, https:\/\/www.radiopiu.net\/wordpress\/wp-content\/uploads\/2019\/05\/136-.jpg 1200w\" sizes=\"auto, (max-width: 176px) 100vw, 176px\" \/><\/a>SABATO 8 GIUGNO Shakedown dalle 14 alle 19<\/span>: provinciale 26:\u00a0 DIGOMAN-VOLTAGO DALLA SALA POLIFUNZIONALE AL BIVIO LE MIOTTE.<\/p>\n<p><span style=\"color: #ff0000;\">DOMENICA 9 GIUGNO Prova Speciale OLTACH\u00a0 dalle 7.45 alle 17.45<\/span> provinciale 26 da Digoman a Voltago, strada provinciale 347 Duran Cereda dal Muncipio di Voltago alla rotonda di Brugnach<\/p>\n<p><span style=\"color: #ff0000;\">DOMENICA 9 GIUGNO Prova Speciale SAN TOMAS dalle 8.15 alle 18.20<\/span> provinciale 8 dal bivio di Cencenighe (346 San Pellegrino) alla localit\u00e0 Vare dopo il ponte di Avoscan<\/p>\n<p><span style=\"color: #ff0000;\">DOMENICA 9 GIUGNO Prova Speciale VALADA dalle 8.45 alle 18.50<\/span> la provinciale 15 bivio strada regionale 346\u00a0 a Celat e quindi per le frazioni Forcella Lagazzon, Fregona, Feder, Tegosa.<\/p>\n<blockquote><p><em>Fra un passaggio e l&#8217;altro il direttore di gara provveder\u00e0 se ci saranno le condizioni di sicurezza all&#8217;apertura delle strade.<\/em><\/p><\/blockquote>\n<p>&nbsp;<\/p>\n<p>&nbsp;<\/p>\n<blockquote><p>&nbsp;<\/p><\/blockquote>\n<h1><a class=\"dt-pswp-item\" href=\"http:\/\/www.radiopiu.net\/wordpress\/wp-content\/uploads\/2019\/01\/CALCIO-GOL.jpg\" data-dt-img-description=\"\" data-large_image_width=\"800\" data-large_image_height=\"400\"><img loading=\"lazy\" decoding=\"async\" class=\" wp-image-73083 alignleft\" src=\"http:\/\/www.radiopiu.net\/wordpress\/wp-content\/uploads\/2019\/01\/CALCIO-GOL-300x150.jpg\" alt=\"\" width=\"198\" height=\"99\" srcset=\"https:\/\/www.radiopiu.net\/wordpress\/wp-content\/uploads\/2019\/01\/CALCIO-GOL-300x150.jpg 300w, https:\/\/www.radiopiu.net\/wordpress\/wp-content\/uploads\/2019\/01\/CALCIO-GOL-768x384.jpg 768w, https:\/\/www.radiopiu.net\/wordpress\/wp-content\/uploads\/2019\/01\/CALCIO-GOL.jpg 800w\" sizes=\"auto, (max-width: 198px) 100vw, 198px\" \/><\/a>CALCIO CAMPIONATO AGORDINO DI CALCIO FEMMINILE<\/h1>\n<p>Le donne iniziano a giocare, ed \u00e8 la quinta edizione per 5 squadra al via. Ecco il programma e il format fino alle finali di Taibon del 31 luglio.<\/p>\n<p><strong>DI VANESSA BASSOT<\/strong><\/p>\n<audio class=\"wp-audio-shortcode\" id=\"audio-87336-10\" preload=\"none\" style=\"width: 100%;\" controls=\"controls\"><source type=\"audio\/mpeg\" src=\"http:\/\/www.radiopiu.net\/wordpress\/wp-content\/uploads\/2019\/06\/gr-05-sport-campionato-agordino-femminile.mp3?_=10\" \/><a href=\"http:\/\/www.radiopiu.net\/wordpress\/wp-content\/uploads\/2019\/06\/gr-05-sport-campionato-agordino-femminile.mp3\">http:\/\/www.radiopiu.net\/wordpress\/wp-content\/uploads\/2019\/06\/gr-05-sport-campionato-agordino-femminile.mp3<\/a><\/audio>\n<p>&nbsp;<\/p>\n<p>&nbsp;<\/p>\n<p>&nbsp;<\/p>\n<p>&nbsp;<\/p>\n<p>&nbsp;<\/p>\n<p><a class=\"dt-pswp-item\" href=\"http:\/\/www.radiopiu.net\/wordpress\/wp-content\/uploads\/2018\/09\/WhatsApp-Image-2018-09-20-at-16.04.06.jpeg\" data-dt-img-description=\"\" data-large_image_width=\"800\" data-large_image_height=\"100\"><img loading=\"lazy\" decoding=\"async\" class=\"size-full wp-image-61378 aligncenter\" src=\"http:\/\/www.radiopiu.net\/wordpress\/wp-content\/uploads\/2018\/09\/WhatsApp-Image-2018-09-20-at-16.04.06.jpeg\" alt=\"\" width=\"800\" height=\"100\" srcset=\"https:\/\/www.radiopiu.net\/wordpress\/wp-content\/uploads\/2018\/09\/WhatsApp-Image-2018-09-20-at-16.04.06.jpeg 800w, https:\/\/www.radiopiu.net\/wordpress\/wp-content\/uploads\/2018\/09\/WhatsApp-Image-2018-09-20-at-16.04.06-300x38.jpeg 300w, https:\/\/www.radiopiu.net\/wordpress\/wp-content\/uploads\/2018\/09\/WhatsApp-Image-2018-09-20-at-16.04.06-768x96.jpeg 768w\" sizes=\"auto, (max-width: 800px) 100vw, 800px\" \/><\/a><\/p>\n<p><center><\/center><center><b>Mercoledi 5<\/b><\/center><b>Tempo atteso: <\/b>Condizioni meteo abbastanza simili a marted\u00ec con mattinata ben soleggiata e cumulificazione pomeridiana irregolare, localmente associata a fenomeni convettivi. Clima pressoch\u00e9 estivo nelle valli e mite in quota.<br \/>\n<b>Precipitazioni: <\/b>Al mattino assenti (0%); al pomeriggio ed in parte anche alla sera maggiore probabilit\u00e0 di precipitazioni a carattere di rovescio o temporale rispetto a marted\u00ec (50\/70%).<br \/>\n<b>Temperature: <\/b>Minime in leggero aumento e massime in leggero calo in funzione del maggiore rischio di fenomeni convettivi. Su Prealpi a 1500 m min 11\u00b0C max 16\u00b0C, a 2000 m min 8\u00b0C max 12\u00b0C. Su Dolomiti a 2000 m min 7\u00b0C max 14\u00b0C, a 3000 m min 3\u00b0C max 5\u00b0C.<br \/>\n<b>Venti: <\/b>Nelle valli da deboli a localmente moderati a regime di brezza; in quota da deboli a moderati da Sud-Ovest, a 5-20 km\/h a 2000 m, 10-35 km\/h a 3000 m.<\/p>\n<hr \/>\n<p><center><b>Giovedi 6<\/b><\/center><b>Tempo atteso: <\/b>Tempo ancora piuttosto soleggiato al mattino, con consueta comparsa di cumuli tra le ore centrali e il pomeriggio\/sera, che potranno portare fenomeni convettivi. Aumenter\u00e0 il rischio di banchi di nubi basse nelle ore pi\u00f9 fredde su alcuni settori, specie prealpini, eventualmente in sollevamento contribuendo alla formazione di nubi cumuliformi con il soleggiamento diurno. Clima sempre di stampo pressoch\u00e9 estivo.<br \/>\n<b>Precipitazioni: <\/b>Al mattino assenti (0%); tra le ore centrali e il pomeriggio possibili rovesci sparsi e qualche temporale (50\/60%), localmente fino in serata.<br \/>\n<b>Temperature: <\/b>Senza notevoli variazioni nelle valli, in lieve calo in quota. Su Prealpi a 1500 m min 9\u00b0C max 14\u00b0C, a 2000 m min 6\u00b0C max 10\u00b0C. Su Dolomiti a 2000 m min 5\u00b0C max 11\u00b0C, a 3000 m min 1\u00b0C max 3\u00b0C.<br \/>\n<b>Venti: <\/b>Nelle valli da deboli a localmente moderati a regime di brezza; in quota moderati da Sud-Ovest, anche tesi in alta quota, a 10-30 km\/h a 2000 m, 25-45 km\/h a 3000 m.<\/p>\n<hr \/>\n<p><center><b>Venerdi 7<\/b><\/center>Tempo di nuovo pi\u00f9 soleggiato e clima di stampo estivo. La cumulificazione diurna sar\u00e0 perlopi\u00f9 modesta e solo in singoli casi potr\u00e0 essere moderata con limitato rischio di fenomeni convettivi (i forti venti da Sud in quota non saranno propizi allo sviluppo eccessivo degli addensamenti). Probabile lieve aumento delle temperature con clima prettamente estivo. Venti tesi\/forti da Sud-Ovest in quota, deboli\/moderati a regime di brezza nelle valli.<\/p>\n<hr \/>\n<p><center><b>Sabato 8<\/b><\/center>Giornata simile a venerd\u00ec, con cielo sereno o poco nuvoloso per modesti cumuli diurni e con rischio contenuto di qualche isolato e breve rovescio o temporale di calore. Clima sempre caldo di stampo prettamente estivo. Venti sud-occidentali in quota in attenuazione, brezze nelle valli. Previsore: G.M.<\/p>\n","protected":false},"excerpt":{"rendered":"<p>Sap di Fonzaso sotto sequestro \u00e8 la notizia di prima pagina del CorrieredelleAlpi. \u00a0I Carabinieri di Milano contestano 700 tonellate di rifiuti conferiti in maniera illecita in discarica, la maxi operazione \u00e8 partita da Milano dopo i roghi del 2018. Gli alberghi del bellunese (19) ospiteranno le vittime di violenza, garantiranno la prima accoglienza, il&hellip;<\/p>\n","protected":false},"author":1,"featured_media":87416,"comment_status":"closed","ping_status":"closed","sticky":false,"template":"","format":"standard","meta":{"_monsterinsights_skip_tracking":false,"_monsterinsights_sitenote_active":false,"_monsterinsights_sitenote_note":"","_monsterinsights_sitenote_category":0,"footnotes":""},"categories":[86],"tags":[],"class_list":["post-87336","post","type-post","status-publish","format-standard","has-post-thumbnail","hentry","category-gr","category-86","description-off"],"img_url":"https:\/\/www.radiopiu.net\/wordpress\/wp-content\/uploads\/2019\/06\/592b3eac-c36e-4964-8408-a4a7811e08b3.jpg","_links":{"self":[{"href":"https:\/\/www.radiopiu.net\/wordpress\/wp-json\/wp\/v2\/posts\/87336","targetHints":{"allow":["GET"]}}],"collection":[{"href":"https:\/\/www.radiopiu.net\/wordpress\/wp-json\/wp\/v2\/posts"}],"about":[{"href":"https:\/\/www.radiopiu.net\/wordpress\/wp-json\/wp\/v2\/types\/post"}],"author":[{"embeddable":true,"href":"https:\/\/www.radiopiu.net\/wordpress\/wp-json\/wp\/v2\/users\/1"}],"replies":[{"embeddable":true,"href":"https:\/\/www.radiopiu.net\/wordpress\/wp-json\/wp\/v2\/comments?post=87336"}],"version-history":[{"count":0,"href":"https:\/\/www.radiopiu.net\/wordpress\/wp-json\/wp\/v2\/posts\/87336\/revisions"}],"wp:featuredmedia":[{"embeddable":true,"href":"https:\/\/www.radiopiu.net\/wordpress\/wp-json\/wp\/v2\/media\/87416"}],"wp:attachment":[{"href":"https:\/\/www.radiopiu.net\/wordpress\/wp-json\/wp\/v2\/media?parent=87336"}],"wp:term":[{"taxonomy":"category","embeddable":true,"href":"https:\/\/www.radiopiu.net\/wordpress\/wp-json\/wp\/v2\/categories?post=87336"},{"taxonomy":"post_tag","embeddable":true,"href":"https:\/\/www.radiopiu.net\/wordpress\/wp-json\/wp\/v2\/tags?post=87336"}],"curies":[{"name":"wp","href":"https:\/\/api.w.org\/{rel}","templated":true}]}}