{"id":87410,"date":"2019-06-05T05:32:40","date_gmt":"2019-06-05T03:32:40","guid":{"rendered":"http:\/\/www.radiopiu.net\/wordpress\/?p=87410"},"modified":"2019-06-06T06:10:31","modified_gmt":"2019-06-06T04:10:31","slug":"provinciale-347-a-pezzi-e-il-22-passa-il-giro-ditalia-under-23","status":"publish","type":"post","link":"https:\/\/www.radiopiu.net\/wordpress\/provinciale-347-a-pezzi-e-il-22-passa-il-giro-ditalia-under-23\/","title":{"rendered":"PROVINCIALE 347 A PEZZI E IL 22 PASSA IL GIRO D&#8217;ITALIA UNDER 23"},"content":{"rendered":"<p><strong>PROVINCIALE 347<\/strong>, Veneto Strade da il via ai lavori, o almeno anticipa che in localit\u00e0 Sant&#8217;Andrea oggi dalle 7 alle 18 sono previsti i sondaggi geognostici e il traffico verr\u00e0 regolato a senso unico alternato.<\/p>\n<blockquote><p><a class=\"dt-pswp-item\" href=\"http:\/\/www.radiopiu.net\/wordpress\/wp-content\/uploads\/2019\/06\/download-2.jpg\" data-dt-img-description=\"\" data-large_image_width=\"259\" data-large_image_height=\"194\"><img loading=\"lazy\" decoding=\"async\" class=\" wp-image-87364 alignleft\" src=\"http:\/\/www.radiopiu.net\/wordpress\/wp-content\/uploads\/2019\/06\/download-2.jpg\" alt=\"\" width=\"184\" height=\"138\" \/><\/a><strong>GOSALDO<\/strong> Proprio ieri si parlava con il sindaco Giocondo Dalle feste della necessit\u00e0 di un intervento a Sant&#8217;Andrea di Gosaldo dove la strada che sale a Forcella Aurine sta franando a valle, tra l&#8217;altro vi transitano quotidianamente i pullman della Dolomitibus e Trentino Trasporti diretti in Luxottica. Il problema della voragine \u00e8 evidente, il sindaco lo ha chiaramente segnalato a pi\u00f9 riprese alle autorit\u00e0 competenti, Veneto Strade in primis anche perch\u00e9 il 22 giugno lungo quella strada dovrebbero passare i ciclisti del giro d&#8217;Italia under 23 che interesser\u00e0 Agordo e l&#8217;Alto Agordino, salvo problemi degli ultimi giorni legati al maltempo, agli alberi in equilibrio instabile, ai sassi in bilico,\u00a0 perch\u00e9 siamo ogni giorno a rischio e i sassi caduti ieri lungo la 203 a La Muda sono solo l&#8217;ultimo esempio anche se sono stati spostati in fretta.<\/p><\/blockquote>\n","protected":false},"excerpt":{"rendered":"<p>PROVINCIALE 347, Veneto Strade da il via ai lavori, o almeno anticipa che in localit\u00e0 Sant&#8217;Andrea oggi dalle 7 alle 18 sono previsti i sondaggi geognostici e il traffico verr\u00e0 regolato a senso unico alternato. GOSALDO Proprio ieri si parlava con il sindaco Giocondo Dalle feste della necessit\u00e0 di un intervento a Sant&#8217;Andrea di Gosaldo&hellip;<\/p>\n","protected":false},"author":1,"featured_media":87364,"comment_status":"closed","ping_status":"closed","sticky":false,"template":"","format":"standard","meta":{"_monsterinsights_skip_tracking":false,"_monsterinsights_sitenote_active":false,"_monsterinsights_sitenote_note":"","_monsterinsights_sitenote_category":0,"footnotes":""},"categories":[103,49],"tags":[],"class_list":["post-87410","post","type-post","status-publish","format-standard","has-post-thumbnail","hentry","category-evidenza_2","category-news-18","category-103","category-49","description-off"],"img_url":"https:\/\/www.radiopiu.net\/wordpress\/wp-content\/uploads\/2019\/06\/download-2.jpg","_links":{"self":[{"href":"https:\/\/www.radiopiu.net\/wordpress\/wp-json\/wp\/v2\/posts\/87410","targetHints":{"allow":["GET"]}}],"collection":[{"href":"https:\/\/www.radiopiu.net\/wordpress\/wp-json\/wp\/v2\/posts"}],"about":[{"href":"https:\/\/www.radiopiu.net\/wordpress\/wp-json\/wp\/v2\/types\/post"}],"author":[{"embeddable":true,"href":"https:\/\/www.radiopiu.net\/wordpress\/wp-json\/wp\/v2\/users\/1"}],"replies":[{"embeddable":true,"href":"https:\/\/www.radiopiu.net\/wordpress\/wp-json\/wp\/v2\/comments?post=87410"}],"version-history":[{"count":0,"href":"https:\/\/www.radiopiu.net\/wordpress\/wp-json\/wp\/v2\/posts\/87410\/revisions"}],"wp:featuredmedia":[{"embeddable":true,"href":"https:\/\/www.radiopiu.net\/wordpress\/wp-json\/wp\/v2\/media\/87364"}],"wp:attachment":[{"href":"https:\/\/www.radiopiu.net\/wordpress\/wp-json\/wp\/v2\/media?parent=87410"}],"wp:term":[{"taxonomy":"category","embeddable":true,"href":"https:\/\/www.radiopiu.net\/wordpress\/wp-json\/wp\/v2\/categories?post=87410"},{"taxonomy":"post_tag","embeddable":true,"href":"https:\/\/www.radiopiu.net\/wordpress\/wp-json\/wp\/v2\/tags?post=87410"}],"curies":[{"name":"wp","href":"https:\/\/api.w.org\/{rel}","templated":true}]}}