{"id":87414,"date":"2019-06-05T06:00:20","date_gmt":"2019-06-05T04:00:20","guid":{"rendered":"http:\/\/www.radiopiu.net\/wordpress\/?p=87414"},"modified":"2019-06-07T06:10:28","modified_gmt":"2019-06-07T04:10:28","slug":"donne-vittime-di-violenza-attivo-il-sistema-di-prima-accoglienza-alloggiativa-in-emergenza","status":"publish","type":"post","link":"https:\/\/www.radiopiu.net\/wordpress\/donne-vittime-di-violenza-attivo-il-sistema-di-prima-accoglienza-alloggiativa-in-emergenza\/","title":{"rendered":"\u201cDONNE VITTIME DI VIOLENZA: ATTIVO IL SISTEMA DI PRIMA ACCOGLIENZA ALLOGGIATIVA IN EMERGENZA\u201d"},"content":{"rendered":"<p>&nbsp;<\/p>\n<p>&nbsp;<\/p>\n<h3><a class=\"dt-pswp-item\" href=\"http:\/\/www.radiopiu.net\/wordpress\/wp-content\/uploads\/2016\/01\/violenza-anziana-300x225.jpg\" data-dt-img-description=\"\" data-large_image_width=\"300\" data-large_image_height=\"225\"><img loading=\"lazy\" decoding=\"async\" class=\"wp-image-15315 alignleft\" src=\"http:\/\/www.radiopiu.net\/wordpress\/wp-content\/uploads\/2016\/01\/violenza-anziana-300x225-300x225.jpg\" alt=\"\" width=\"202\" height=\"152\" \/><\/a><\/h3>\n<h3>UNA STANZA IN ALBERGO PER SFUGGIRE ALLE BOTTE. IL NUOVO SISTEMA DI PRIMA ACCOGLIENZA PER LE DONNE VITTIME DI VIOLENZA<\/h3>\n<p>&nbsp;<\/p>\n<p>&nbsp;<\/p>\n<p>&nbsp;<\/p>\n<p><strong>DI DAMIANO TORMEN<\/strong><\/p>\n<audio class=\"wp-audio-shortcode\" id=\"audio-87414-1\" preload=\"none\" style=\"width: 100%;\" controls=\"controls\"><source type=\"audio\/mpeg\" src=\"http:\/\/www.radiopiu.net\/wordpress\/wp-content\/uploads\/2019\/06\/DAMIANO-DONNA.mp3?_=1\" \/><a href=\"http:\/\/www.radiopiu.net\/wordpress\/wp-content\/uploads\/2019\/06\/DAMIANO-DONNA.mp3\">http:\/\/www.radiopiu.net\/wordpress\/wp-content\/uploads\/2019\/06\/DAMIANO-DONNA.mp3<\/a><\/audio>\n<p><strong>AUDIO DALLA RASSEGNA STAMPA, CONSIGLIERE PROVINCIALE FRANCESCA DE BIASI<\/strong><\/p>\n<audio class=\"wp-audio-shortcode\" id=\"audio-87414-2\" preload=\"none\" style=\"width: 100%;\" controls=\"controls\"><source type=\"audio\/mpeg\" src=\"http:\/\/www.radiopiu.net\/wordpress\/wp-content\/uploads\/2019\/06\/francesca.mp3?_=2\" \/><a href=\"http:\/\/www.radiopiu.net\/wordpress\/wp-content\/uploads\/2019\/06\/francesca.mp3\">http:\/\/www.radiopiu.net\/wordpress\/wp-content\/uploads\/2019\/06\/francesca.mp3<\/a><\/audio>\n<p>&nbsp;<\/p>\n<p>&nbsp;<\/p>\n<p>&nbsp;<\/p>\n<p><strong>BELLUNO<\/strong> <em>\u201cLa violenza di genere colpisce nella maggioranza dei casi le donne, spesso si sviluppa in ambienti domestici e non viene denunciata per paura o sottovalutazione<strong> &#8211; <\/strong><\/em><strong>ha sottolineato il Prefetto Francesco Esposito<\/strong> \u2013 <em>Con questo progetto lanciamo anche un forte appello alle donne che subiscono violenza affinch\u00e9\u00a0 denuncino, senza timori, questi reati. A loro diciamo: le istituzioni ci sono e sono tutte schierate sin dal primo momento per non lasciarle sole e garantire l\u2019assistenza nel momento del bisogno, quando devono trovare la forza di ribellarsi e rivolgersi alle Forze dell\u2019Ordine.\u201d <\/em><\/p>\n<p><em>\u00a0\u201cLa Provincia dal gennaio 2018 si \u00e8 data una delega al welfare territoriale volendo in questo modo interessarsi non solo al territorio, dal punto di vista della mobilit\u00e0, della difesa del suolo, degli aspetti idrogeologici, ma anche alle persone che lo abitano. \u2013 <\/em>ha dichiarato<strong> la consigliera provinciale Francesca De Biasi<\/strong><em> &#8211; Siano esse famiglie, imprenditori, lavoratori, volontari, la Provincia, con la sua funzione di raccordo, ha il compito di cercare risposte coordinate a problemi complessi e la violenza di genere \u00e8 uno di questi,\u00a0 perch\u00e9 colpisce e coinvolge\u00a0 non sono solo le donne e le loro famiglie, ma tutto il tessuto sociale, economico, culturale e istituzionale del territorio. La presenza in provincia di un tavolo per il welfare territoriale, unico per il suo genere, ha permesso l&#8217;attivazione di risorse presenti, ma latenti. Lo spirito di tutti questi interventi \u00e8 promuovere una comunit\u00e0 che si prenda &#8220;cura&#8221; attraverso la stessa comunit\u00e0 delle parti pi\u00f9 fragili della nostra popolazione.\u201d <\/em><\/p>\n<p>&nbsp;<\/p>\n<p>&nbsp;<\/p>\n","protected":false},"excerpt":{"rendered":"<p>&nbsp; &nbsp; UNA STANZA IN ALBERGO PER SFUGGIRE ALLE BOTTE. IL NUOVO SISTEMA DI PRIMA ACCOGLIENZA PER LE DONNE VITTIME DI VIOLENZA &nbsp; &nbsp; &nbsp; DI DAMIANO TORMEN AUDIO DALLA RASSEGNA STAMPA, CONSIGLIERE PROVINCIALE FRANCESCA DE BIASI &nbsp; &nbsp; &nbsp; BELLUNO \u201cLa violenza di genere colpisce nella maggioranza dei casi le donne, spesso si sviluppa&hellip;<\/p>\n","protected":false},"author":1,"featured_media":0,"comment_status":"closed","ping_status":"closed","sticky":false,"template":"","format":"standard","meta":{"_monsterinsights_skip_tracking":false,"_monsterinsights_sitenote_active":false,"_monsterinsights_sitenote_note":"","_monsterinsights_sitenote_category":0,"footnotes":""},"categories":[104,49],"tags":[],"class_list":["post-87414","post","type-post","status-publish","format-standard","hentry","category-evidenza_3","category-news-18","category-104","category-49","description-off"],"img_url":false,"_links":{"self":[{"href":"https:\/\/www.radiopiu.net\/wordpress\/wp-json\/wp\/v2\/posts\/87414","targetHints":{"allow":["GET"]}}],"collection":[{"href":"https:\/\/www.radiopiu.net\/wordpress\/wp-json\/wp\/v2\/posts"}],"about":[{"href":"https:\/\/www.radiopiu.net\/wordpress\/wp-json\/wp\/v2\/types\/post"}],"author":[{"embeddable":true,"href":"https:\/\/www.radiopiu.net\/wordpress\/wp-json\/wp\/v2\/users\/1"}],"replies":[{"embeddable":true,"href":"https:\/\/www.radiopiu.net\/wordpress\/wp-json\/wp\/v2\/comments?post=87414"}],"version-history":[{"count":0,"href":"https:\/\/www.radiopiu.net\/wordpress\/wp-json\/wp\/v2\/posts\/87414\/revisions"}],"wp:attachment":[{"href":"https:\/\/www.radiopiu.net\/wordpress\/wp-json\/wp\/v2\/media?parent=87414"}],"wp:term":[{"taxonomy":"category","embeddable":true,"href":"https:\/\/www.radiopiu.net\/wordpress\/wp-json\/wp\/v2\/categories?post=87414"},{"taxonomy":"post_tag","embeddable":true,"href":"https:\/\/www.radiopiu.net\/wordpress\/wp-json\/wp\/v2\/tags?post=87414"}],"curies":[{"name":"wp","href":"https:\/\/api.w.org\/{rel}","templated":true}]}}